{"id":23682,"date":"2019-05-08T10:44:06","date_gmt":"2019-05-08T13:44:06","guid":{"rendered":"https:\/\/www.suno.com.br\/noticias\/?p=23682"},"modified":"2019-05-08T10:45:23","modified_gmt":"2019-05-08T13:45:23","slug":"inflacao-igpdi-alta-abril","status":"publish","type":"post","link":"https:\/\/www.suno.com.br\/noticias\/inflacao-igpdi-alta-abril\/","title":{"rendered":"Infla\u00e7\u00e3o medida pelo IGP-DI cai de 1,07 para 0,9% durante abril"},"content":{"rendered":"<p>O \u00cdndice Geral de Pre\u00e7os-Disponibilidade Interna (IGP-DI) registrou uma infla\u00e7\u00e3o de 0,9% durante o m\u00eas de abril. No entanto, a taxa foi menor que a de mar\u00e7o, onde havia obtido uma alta de 1,07%, segundo a Funda\u00e7\u00e3o Get\u00falio Vargas (FGV).<\/p>\t<div class=\"wrapper-featured-image\">\n\t\t<figure class=\"spotlightImg\">\n\n\t\t\t<picture>\n\t\t\t\t<source media=\"(max-width: 768px)\" srcset=\"https:\/\/files.sunoresearch.com.br\/n\/uploads\/2019\/05\/8ef4409f-igp-di-400x200.webp\">\n\t\t\t\t<img loading=\"lazy\" decoding=\"async\" class=\"newsContent__article__imgCapa lazyloadDisabled newsContent__article__imgCapa--noCaption\" src=\"https:\/\/files.sunoresearch.com.br\/n\/uploads\/2019\/05\/8ef4409f-igp-di-jpg.webp\" width=\"800\" height=\"450\" alt=\"Infla\u00e7\u00e3o medida pelo IGP-DI cai de 1,07 para 0,9% durante abril\" fetchpriority=high \/>\n\t\t\t<\/picture>\n\n\t\t\t<figcaption class=\"wp-caption-text wp-caption-text--hide\">Com alta nos pre\u00e7os das commodities, corretoras e casas de an\u00e1lises veem IPCA ainda maior - Foto: Pixabay<\/figcaption>\n\t\t<\/figure>\n\t<\/div>\n\n\n<p>De acordo com a FGV, o <strong>IGP-DI<\/strong> j\u00e1 acumula uma alta de 3,33% neste ano e 8,25% em 12 meses.<\/p>\n\t<p>\n\t\t<a href=\"https:\/\/lp.suno.com.br\/asset\/fundos\/suno-fiagro-snag11\/\" target=\"_blank\" data-element=\"shortcode-suno-banner\" title=\"Banner SUNO, clique e saiba mais\">\n\t\t\t<picture>\n\t\t\t\t<source media=\"(max-width: 500px)\" srcset=\"https:\/\/files.sunoresearch.com.br\/n\/uploads\/2024\/03\/400x300-Mobile-Artigos-1_SNAG.png\">\n\t\t\t\t<img class=\"newsContent__article__imgCapa newsContent__article__imgCapa--banner\"\n\t\t\t\t\tsrc=\"https:\/\/files.sunoresearch.com.br\/n\/uploads\/2024\/03\/1420x240-Banner-Artigos-1-_-Banner-Materias-1_SNAG.png\"\n\t\t\t\t\tdata-promo-id=\"364416\"\t\t\t\t\t\t\t\t\t\twidth='1420' height='240'\t\t\t\t\talt=\"https:\/\/files.sunoresearch.com.br\/n\/uploads\/2024\/03\/1420x240-Banner-Artigos-1-_-Banner-Materias-1_SNAG.png\"\n\t\t\t\t>\n\t\t\t<\/picture>\n\t\t<\/a>\n\t<\/p>\n\n\n<p>A redu\u00e7\u00e3o do crescimento foi influenciada pelos pre\u00e7os de atacado e varejo. A <strong>infla\u00e7\u00e3o<\/strong> do <strong>\u00cdndice de Pre\u00e7os ao Produtos Amplo<\/strong>, que mede o mercado, registrou queda, saindo dos 1,35% para 1,09% de alta em abril.<\/p>\n<p>J\u00e1 o \u00cdndice de pre\u00e7os ao Consumidor, que mede o <strong>varejo<\/strong>, caiu de 0,65% para 0,63% de alta no per\u00edodo.<\/p>\n<p>Em contrapartida, o \u00cdndice Nacional de Custo da Constru\u00e7\u00e3o passou de 0,31% para 0,38% durante o m\u00eas de abril.<\/p>\n<p>Al\u00e9m disso, ainda dentro do IGP-DI, os pre\u00e7os dos produtos agropecu\u00e1rios no atacado medidos pelo IPA Agr\u00edcola ca\u00edram 0,41% em abril, ap\u00f3s uma alta de 3,02% em mar\u00e7o.<\/p>\n<p>Enquanto isso, os produtos industriais, avaliados pelo IPA Industrial, cresceram de 1,6% em abril, ante alta de 0,8% durante o m\u00eas de mar\u00e7o.<\/p>\n<p>Dentro do \u00cdndice de Pre\u00e7os por <strong>Atacado<\/strong> segundo Est\u00e1gios de Processamento (IPA-EP), que analisa os pre\u00e7os no decorrer da cadeia produtiva, os valores de bens finais reduziram sua eleva\u00e7\u00e3o em abril com 1,21% de alta, ante 1,70% de aumento adquirido em mar\u00e7o.<\/p>\n<p>Os pre\u00e7os dos bens intermedi\u00e1rios cresceram 0,89% durante o \u00faltimo m\u00eas, ap\u00f3s alta de 0,68% em mar\u00e7o. Assim como as mat\u00e9rias-primas brutas que cresceram 1,19%, ap\u00f3s alta de 1,75% em mar\u00e7o.<\/p>\n<p><a href=\"https:\/\/www.suno.com.br\/noticias\/indice-confianca-do-empresarios\/\">Saiba mais:\u00a0\u00cdndice de confian\u00e7a de empres\u00e1rios cai em mar\u00e7o, diz CNI<\/a><\/p>\n<h2>\u00a0O que \u00e9 o IGP-DI?<\/h2>\n<p>O IGP-DI \u00e9 calculado mensalmente pela <strong>Funda\u00e7\u00e3o Get\u00falio Vargas (FGV)<\/strong>. Foi criado em 1944 e tem por objetivo medir o comportamento de pre\u00e7os em geral da economia brasileira.<\/p>\n<p>No entanto, ele \u00e9 uma m\u00e9dia ponderada dos seguintes \u00edndices:<\/p>\n<ul>\n<li><strong>\u00cdndice de Pre\u00e7os no Atacado (IPA)<\/strong><\/li>\n<li><strong>\u00cdndice de Pre\u00e7os ao Consumidor (IPC)<\/strong><\/li>\n<li><strong>\u00cdndice Nacional da Constru\u00e7\u00e3o Civil (INCC)<\/strong><\/li>\n<li><strong>Disponibilidade Interna (DI)<\/strong><\/li>\n<li><strong>\u00cdndice Geral de Pre\u00e7os-10 (IGP-10)<\/strong><\/li>\n<\/ul>\n<p>O <strong>IGP-DI<\/strong> foi calculado com a base de pre\u00e7os coletados entre 1\u00ba e 30 de abril.<\/p>\n","protected":false},"excerpt":{"rendered":"<p>O \u00cdndice Geral de Pre\u00e7os-Disponibilidade Interna (IGP-DI) registrou uma infla\u00e7\u00e3o de 0,9% durante o m\u00eas de abril. No entanto, a taxa foi menor que a de mar\u00e7o, onde havia obtido uma alta de 1,07%, segundo a Funda\u00e7\u00e3o Get\u00falio Vargas (FGV). Com alta nos pre\u00e7os das commodities, corretoras e casas de an\u00e1lises veem IPCA ainda maior [&hellip;]<\/p>\n","protected":false},"author":11,"featured_media":23684,"comment_status":"closed","ping_status":"closed","sticky":false,"template":"","format":"standard","meta":[],"categories":[62],"tags":[1384],"suno_strategy":[],"class_list":["post-23682","post","type-post","status-publish","format-standard","has-post-thumbnail","hentry","category-economia","tag-igp-di"],"yoast_head":"<!-- This site is optimized with the Yoast SEO plugin v24.4 - https:\/\/yoast.com\/wordpress\/plugins\/seo\/ -->\n<title>Infla\u00e7\u00e3o medida pelo IGP-DI cai de 1,07 para 0,9% durante abril<\/title>\n<meta name=\"description\" content=\"O \u00cdndice Geral de Pre\u00e7os (IGP-DI) \u00e9 uma m\u00e9dia ponderada de diversos \u00edndices, como: IPA, IPC, INCC, DI e IGP-10. Clique para saber mais.\" \/>\n<meta name=\"robots\" content=\"index, follow, max-snippet:-1, max-image-preview:large, max-video-preview:-1\" \/>\n<link rel=\"canonical\" href=\"https:\/\/www.suno.com.br\/noticias\/inflacao-igpdi-alta-abril\/\" \/>\n<meta property=\"og:locale\" content=\"pt_BR\" \/>\n<meta property=\"og:type\" content=\"article\" \/>\n<meta property=\"og:title\" content=\"Infla\u00e7\u00e3o medida pelo IGP-DI cai de 1,07 para 0,9% durante abril\" \/>\n<meta property=\"og:description\" content=\"O \u00cdndice Geral de Pre\u00e7os (IGP-DI) \u00e9 uma m\u00e9dia ponderada de diversos \u00edndices, como: IPA, IPC, INCC, DI e IGP-10. Clique para saber mais.\" \/>\n<meta property=\"og:url\" content=\"https:\/\/www.suno.com.br\/noticias\/inflacao-igpdi-alta-abril\/\" \/>\n<meta property=\"og:site_name\" content=\"Suno Not\u00edcias\" \/>\n<meta property=\"article:publisher\" content=\"https:\/\/facebook.com\/sunoresearch\" \/>\n<meta property=\"og:image\" content=\"https:\/\/files.sunoresearch.com.br\/n\/uploads\/2019\/05\/8ef4409f-igp-di.jpg\" \/>\n\t<meta property=\"og:image:width\" content=\"754\" \/>\n\t<meta property=\"og:image:height\" content=\"502\" \/>\n\t<meta property=\"og:image:type\" content=\"image\/jpeg\" \/>\n<meta name=\"author\" content=\"Renan Bandeira\" \/>\n<meta name=\"twitter:card\" content=\"summary_large_image\" \/>\n<meta name=\"twitter:creator\" content=\"@sunoresearch\" \/>\n<meta name=\"twitter:site\" content=\"@sunoresearch\" \/>\n<meta name=\"twitter:label1\" content=\"Escrito por\" \/>\n\t<meta name=\"twitter:data1\" content=\"Renan Bandeira\" \/>\n\t<meta name=\"twitter:label2\" content=\"Est. tempo de leitura\" \/>\n\t<meta name=\"twitter:data2\" content=\"2 minutos\" \/>\n<script type=\"application\/ld+json\" class=\"yoast-schema-graph\">{\"@context\":\"https:\/\/schema.org\",\"@graph\":[{\"@type\":\"NewsArticle\",\"@id\":\"https:\/\/www.suno.com.br\/noticias\/inflacao-igpdi-alta-abril\/#article\",\"isPartOf\":{\"@id\":\"https:\/\/www.suno.com.br\/noticias\/inflacao-igpdi-alta-abril\/\"},\"author\":{\"name\":\"Renan Bandeira\",\"@id\":\"https:\/\/www.suno.com.br\/noticias\/#\/schema\/person\/fc144a1c6108bd1dcd43784e88a3c138\"},\"headline\":\"Infla\u00e7\u00e3o medida pelo IGP-DI cai de 1,07 para 0,9% durante abril\",\"datePublished\":\"2019-05-08T13:44:06+00:00\",\"dateModified\":\"2019-05-08T13:45:23+00:00\",\"mainEntityOfPage\":{\"@id\":\"https:\/\/www.suno.com.br\/noticias\/inflacao-igpdi-alta-abril\/\"},\"wordCount\":390,\"publisher\":{\"@id\":\"https:\/\/www.suno.com.br\/noticias\/#organization\"},\"image\":{\"@id\":\"https:\/\/www.suno.com.br\/noticias\/inflacao-igpdi-alta-abril\/#primaryimage\"},\"thumbnailUrl\":\"https:\/\/files.sunoresearch.com.br\/n\/uploads\/2019\/05\/8ef4409f-igp-di-jpg.webp\",\"keywords\":[\"IGP-DI\"],\"articleSection\":[\"Economia\"],\"inLanguage\":\"pt-BR\"},{\"@type\":\"WebPage\",\"@id\":\"https:\/\/www.suno.com.br\/noticias\/inflacao-igpdi-alta-abril\/\",\"url\":\"https:\/\/www.suno.com.br\/noticias\/inflacao-igpdi-alta-abril\/\",\"name\":\"Infla\u00e7\u00e3o medida pelo IGP-DI cai de 1,07 para 0,9% durante abril\",\"isPartOf\":{\"@id\":\"https:\/\/www.suno.com.br\/noticias\/#website\"},\"primaryImageOfPage\":{\"@id\":\"https:\/\/www.suno.com.br\/noticias\/inflacao-igpdi-alta-abril\/#primaryimage\"},\"image\":{\"@id\":\"https:\/\/www.suno.com.br\/noticias\/inflacao-igpdi-alta-abril\/#primaryimage\"},\"thumbnailUrl\":\"https:\/\/files.sunoresearch.com.br\/n\/uploads\/2019\/05\/8ef4409f-igp-di-jpg.webp\",\"datePublished\":\"2019-05-08T13:44:06+00:00\",\"dateModified\":\"2019-05-08T13:45:23+00:00\",\"description\":\"O \u00cdndice Geral de Pre\u00e7os (IGP-DI) \u00e9 uma m\u00e9dia ponderada de diversos \u00edndices, como: IPA, IPC, INCC, DI e IGP-10. Clique para saber mais.\",\"breadcrumb\":{\"@id\":\"https:\/\/www.suno.com.br\/noticias\/inflacao-igpdi-alta-abril\/#breadcrumb\"},\"inLanguage\":\"pt-BR\",\"potentialAction\":[{\"@type\":\"ReadAction\",\"target\":[\"https:\/\/www.suno.com.br\/noticias\/inflacao-igpdi-alta-abril\/\"]}]},{\"@type\":\"ImageObject\",\"inLanguage\":\"pt-BR\",\"@id\":\"https:\/\/www.suno.com.br\/noticias\/inflacao-igpdi-alta-abril\/#primaryimage\",\"url\":\"https:\/\/files.sunoresearch.com.br\/n\/uploads\/2019\/05\/8ef4409f-igp-di-jpg.webp\",\"contentUrl\":\"https:\/\/files.sunoresearch.com.br\/n\/uploads\/2019\/05\/8ef4409f-igp-di-jpg.webp\",\"width\":754,\"height\":502,\"caption\":\"Com alta nos pre\u00e7os das commodities, corretoras e casas de an\u00e1lises veem IPCA ainda maior - Foto: Pixabay\"},{\"@type\":\"BreadcrumbList\",\"@id\":\"https:\/\/www.suno.com.br\/noticias\/inflacao-igpdi-alta-abril\/#breadcrumb\",\"itemListElement\":[{\"@type\":\"ListItem\",\"position\":1,\"name\":\"Not\u00edcias\",\"item\":\"https:\/\/www.suno.com.br\/noticias\/\"},{\"@type\":\"ListItem\",\"position\":2,\"name\":\"Economia\",\"item\":\"https:\/\/www.suno.com.br\/noticias\/economia\/\"},{\"@type\":\"ListItem\",\"position\":3,\"name\":\"Infla\u00e7\u00e3o medida pelo IGP-DI cai de 1,07 para 0,9% durante abril\"}]},{\"@type\":\"WebSite\",\"@id\":\"https:\/\/www.suno.com.br\/noticias\/#website\",\"url\":\"https:\/\/www.suno.com.br\/noticias\/\",\"name\":\"Suno Not\u00edcias\",\"description\":\"Seu portal de informa\u00e7\u00e3o sobre o mundo dos investimentos\",\"publisher\":{\"@id\":\"https:\/\/www.suno.com.br\/noticias\/#organization\"},\"potentialAction\":[{\"@type\":\"SearchAction\",\"target\":{\"@type\":\"EntryPoint\",\"urlTemplate\":\"https:\/\/www.suno.com.br\/noticias\/?s={search_term_string}\"},\"query-input\":{\"@type\":\"PropertyValueSpecification\",\"valueRequired\":true,\"valueName\":\"search_term_string\"}}],\"inLanguage\":\"pt-BR\"},{\"@type\":\"Organization\",\"@id\":\"https:\/\/www.suno.com.br\/noticias\/#organization\",\"name\":\"Suno Not\u00edcias\",\"url\":\"https:\/\/www.suno.com.br\/noticias\/\",\"logo\":{\"@type\":\"ImageObject\",\"inLanguage\":\"pt-BR\",\"@id\":\"https:\/\/www.suno.com.br\/noticias\/#\/schema\/logo\/image\/\",\"url\":\"https:\/\/files.sunoresearch.com.br\/n\/uploads\/2021\/09\/suno-logo.png\",\"contentUrl\":\"https:\/\/files.sunoresearch.com.br\/n\/uploads\/2021\/09\/suno-logo.png\",\"width\":180,\"height\":180,\"caption\":\"Suno Not\u00edcias\"},\"image\":{\"@id\":\"https:\/\/www.suno.com.br\/noticias\/#\/schema\/logo\/image\/\"},\"sameAs\":[\"https:\/\/facebook.com\/sunoresearch\",\"https:\/\/x.com\/sunoresearch\",\"https:\/\/www.instagram.com\/suno\",\"https:\/\/www.linkedin.com\/company\/suno-research\/\",\"https:\/\/www.youtube.com\/c\/sunoresearch\"]},{\"@type\":\"Person\",\"@id\":\"https:\/\/www.suno.com.br\/noticias\/#\/schema\/person\/fc144a1c6108bd1dcd43784e88a3c138\",\"name\":\"Renan Bandeira\",\"image\":{\"@type\":\"ImageObject\",\"inLanguage\":\"pt-BR\",\"@id\":\"https:\/\/www.suno.com.br\/noticias\/#\/schema\/person\/image\/\",\"url\":\"https:\/\/secure.gravatar.com\/avatar\/68359cdb608f14f11bbefcb78f3fc747?s=96&r=g\",\"contentUrl\":\"https:\/\/secure.gravatar.com\/avatar\/68359cdb608f14f11bbefcb78f3fc747?s=96&r=g\",\"caption\":\"Renan Bandeira\"},\"description\":\"Renan Bandeira escreve sobre pol\u00edtica e economia para o portal da Suno Research. Antes da Suno, trabalhou em uma rede de televis\u00e3o, onde fazia reportagens sobre os mesmos temas. Estuda na Universidade Metodista de S\u00e3o Paulo.\",\"url\":\"https:\/\/www.suno.com.br\/noticias\/author\/renan-bandeira\/\"}]}<\/script>\n<!-- \/ Yoast SEO plugin. -->","yoast_head_json":{"title":"Infla\u00e7\u00e3o medida pelo IGP-DI cai de 1,07 para 0,9% durante abril","description":"O \u00cdndice Geral de Pre\u00e7os (IGP-DI) \u00e9 uma m\u00e9dia ponderada de diversos \u00edndices, como: IPA, IPC, INCC, DI e IGP-10. Clique para saber mais.","robots":{"index":"index","follow":"follow","max-snippet":"max-snippet:-1","max-image-preview":"max-image-preview:large","max-video-preview":"max-video-preview:-1"},"canonical":"https:\/\/www.suno.com.br\/noticias\/inflacao-igpdi-alta-abril\/","og_locale":"pt_BR","og_type":"article","og_title":"Infla\u00e7\u00e3o medida pelo IGP-DI cai de 1,07 para 0,9% durante abril","og_description":"O \u00cdndice Geral de Pre\u00e7os (IGP-DI) \u00e9 uma m\u00e9dia ponderada de diversos \u00edndices, como: IPA, IPC, INCC, DI e IGP-10. Clique para saber mais.","og_url":"https:\/\/www.suno.com.br\/noticias\/inflacao-igpdi-alta-abril\/","og_site_name":"Suno Not\u00edcias","article_publisher":"https:\/\/facebook.com\/sunoresearch","og_image":[{"width":754,"height":502,"url":"https:\/\/files.sunoresearch.com.br\/n\/uploads\/2019\/05\/8ef4409f-igp-di.jpg","type":"image\/jpeg"}],"author":"Renan Bandeira","twitter_card":"summary_large_image","twitter_creator":"@sunoresearch","twitter_site":"@sunoresearch","twitter_misc":{"Escrito por":"Renan Bandeira","Est. tempo de leitura":"2 minutos"},"schema":{"@context":"https:\/\/schema.org","@graph":[{"@type":"NewsArticle","@id":"https:\/\/www.suno.com.br\/noticias\/inflacao-igpdi-alta-abril\/#article","isPartOf":{"@id":"https:\/\/www.suno.com.br\/noticias\/inflacao-igpdi-alta-abril\/"},"author":{"name":"Renan Bandeira","@id":"https:\/\/www.suno.com.br\/noticias\/#\/schema\/person\/fc144a1c6108bd1dcd43784e88a3c138"},"headline":"Infla\u00e7\u00e3o medida pelo IGP-DI cai de 1,07 para 0,9% durante abril","datePublished":"2019-05-08T13:44:06+00:00","dateModified":"2019-05-08T13:45:23+00:00","mainEntityOfPage":{"@id":"https:\/\/www.suno.com.br\/noticias\/inflacao-igpdi-alta-abril\/"},"wordCount":390,"publisher":{"@id":"https:\/\/www.suno.com.br\/noticias\/#organization"},"image":{"@id":"https:\/\/www.suno.com.br\/noticias\/inflacao-igpdi-alta-abril\/#primaryimage"},"thumbnailUrl":"https:\/\/files.sunoresearch.com.br\/n\/uploads\/2019\/05\/8ef4409f-igp-di-jpg.webp","keywords":["IGP-DI"],"articleSection":["Economia"],"inLanguage":"pt-BR"},{"@type":"WebPage","@id":"https:\/\/www.suno.com.br\/noticias\/inflacao-igpdi-alta-abril\/","url":"https:\/\/www.suno.com.br\/noticias\/inflacao-igpdi-alta-abril\/","name":"Infla\u00e7\u00e3o medida pelo IGP-DI cai de 1,07 para 0,9% durante abril","isPartOf":{"@id":"https:\/\/www.suno.com.br\/noticias\/#website"},"primaryImageOfPage":{"@id":"https:\/\/www.suno.com.br\/noticias\/inflacao-igpdi-alta-abril\/#primaryimage"},"image":{"@id":"https:\/\/www.suno.com.br\/noticias\/inflacao-igpdi-alta-abril\/#primaryimage"},"thumbnailUrl":"https:\/\/files.sunoresearch.com.br\/n\/uploads\/2019\/05\/8ef4409f-igp-di-jpg.webp","datePublished":"2019-05-08T13:44:06+00:00","dateModified":"2019-05-08T13:45:23+00:00","description":"O \u00cdndice Geral de Pre\u00e7os (IGP-DI) \u00e9 uma m\u00e9dia ponderada de diversos \u00edndices, como: IPA, IPC, INCC, DI e IGP-10. Clique para saber mais.","breadcrumb":{"@id":"https:\/\/www.suno.com.br\/noticias\/inflacao-igpdi-alta-abril\/#breadcrumb"},"inLanguage":"pt-BR","potentialAction":[{"@type":"ReadAction","target":["https:\/\/www.suno.com.br\/noticias\/inflacao-igpdi-alta-abril\/"]}]},{"@type":"ImageObject","inLanguage":"pt-BR","@id":"https:\/\/www.suno.com.br\/noticias\/inflacao-igpdi-alta-abril\/#primaryimage","url":"https:\/\/files.sunoresearch.com.br\/n\/uploads\/2019\/05\/8ef4409f-igp-di-jpg.webp","contentUrl":"https:\/\/files.sunoresearch.com.br\/n\/uploads\/2019\/05\/8ef4409f-igp-di-jpg.webp","width":754,"height":502,"caption":"Com alta nos pre\u00e7os das commodities, corretoras e casas de an\u00e1lises veem IPCA ainda maior - Foto: Pixabay"},{"@type":"BreadcrumbList","@id":"https:\/\/www.suno.com.br\/noticias\/inflacao-igpdi-alta-abril\/#breadcrumb","itemListElement":[{"@type":"ListItem","position":1,"name":"Not\u00edcias","item":"https:\/\/www.suno.com.br\/noticias\/"},{"@type":"ListItem","position":2,"name":"Economia","item":"https:\/\/www.suno.com.br\/noticias\/economia\/"},{"@type":"ListItem","position":3,"name":"Infla\u00e7\u00e3o medida pelo IGP-DI cai de 1,07 para 0,9% durante abril"}]},{"@type":"WebSite","@id":"https:\/\/www.suno.com.br\/noticias\/#website","url":"https:\/\/www.suno.com.br\/noticias\/","name":"Suno Not\u00edcias","description":"Seu portal de informa\u00e7\u00e3o sobre o mundo dos investimentos","publisher":{"@id":"https:\/\/www.suno.com.br\/noticias\/#organization"},"potentialAction":[{"@type":"SearchAction","target":{"@type":"EntryPoint","urlTemplate":"https:\/\/www.suno.com.br\/noticias\/?s={search_term_string}"},"query-input":{"@type":"PropertyValueSpecification","valueRequired":true,"valueName":"search_term_string"}}],"inLanguage":"pt-BR"},{"@type":"Organization","@id":"https:\/\/www.suno.com.br\/noticias\/#organization","name":"Suno Not\u00edcias","url":"https:\/\/www.suno.com.br\/noticias\/","logo":{"@type":"ImageObject","inLanguage":"pt-BR","@id":"https:\/\/www.suno.com.br\/noticias\/#\/schema\/logo\/image\/","url":"https:\/\/files.sunoresearch.com.br\/n\/uploads\/2021\/09\/suno-logo.png","contentUrl":"https:\/\/files.sunoresearch.com.br\/n\/uploads\/2021\/09\/suno-logo.png","width":180,"height":180,"caption":"Suno Not\u00edcias"},"image":{"@id":"https:\/\/www.suno.com.br\/noticias\/#\/schema\/logo\/image\/"},"sameAs":["https:\/\/facebook.com\/sunoresearch","https:\/\/x.com\/sunoresearch","https:\/\/www.instagram.com\/suno","https:\/\/www.linkedin.com\/company\/suno-research\/","https:\/\/www.youtube.com\/c\/sunoresearch"]},{"@type":"Person","@id":"https:\/\/www.suno.com.br\/noticias\/#\/schema\/person\/fc144a1c6108bd1dcd43784e88a3c138","name":"Renan Bandeira","image":{"@type":"ImageObject","inLanguage":"pt-BR","@id":"https:\/\/www.suno.com.br\/noticias\/#\/schema\/person\/image\/","url":"https:\/\/secure.gravatar.com\/avatar\/68359cdb608f14f11bbefcb78f3fc747?s=96&r=g","contentUrl":"https:\/\/secure.gravatar.com\/avatar\/68359cdb608f14f11bbefcb78f3fc747?s=96&r=g","caption":"Renan Bandeira"},"description":"Renan Bandeira escreve sobre pol\u00edtica e economia para o portal da Suno Research. Antes da Suno, trabalhou em uma rede de televis\u00e3o, onde fazia reportagens sobre os mesmos temas. Estuda na Universidade Metodista de S\u00e3o Paulo.","url":"https:\/\/www.suno.com.br\/noticias\/author\/renan-bandeira\/"}]}},"default_loop_html":"<div class=\"cardsPage__listCard__boxs\"><div class=\"cardsPage__listCard__boxs__img\"><a href=\"https:\/\/www.suno.com.br\/noticias\/inflacao-igpdi-alta-abril\/\"><img class=\"mask\" src=\"https:\/\/www.suno.com.br\/noticias\/wp-content\/themes\/suno\/resources\/images\/spotlight\/spotlight1img\/bg-mask.png\" alt=\"Image Mask\"\/><img src=\"https:\/\/files.sunoresearch.com.br\/n\/uploads\/2019\/05\/8ef4409f-igp-di-400x200.webp\" alt=\"Infla\u00e7\u00e3o medida pelo IGP-DI cai de 1,07 para 0,9% durante abril\"\/><\/a><span class=\"spotlightCategory\"><a href=\"https:\/\/www.suno.com.br\/noticias\/economia\/\">Economia<\/a><\/span><\/div><div class=\"cardsPage__listCard__boxs__content\"><a href=\"https:\/\/www.suno.com.br\/noticias\/inflacao-igpdi-alta-abril\/\"><h2 class=\"content__title\">Infla\u00e7\u00e3o medida pelo IGP-DI cai de 1,07 para 0,9% durante abril<\/h2><\/a><div class=\"newsContent__article__meta\"><div class=\"newsContent__article__meta__authorBox\"><a href=\"https:\/\/www.suno.com.br\/noticias\/author\/renan-bandeira\/\" class=\"authorBox__avatar noMobi\"><img src=\"https:\/\/secure.gravatar.com\/avatar\/68359cdb608f14f11bbefcb78f3fc747?s=96&#038;r=g\" alt=\"Renan Bandeira\"><\/a><div class=\"authorBox__name\"><span>por\n\t\t\t<a href=\"https:\/\/www.suno.com.br\/noticias\/author\/renan-bandeira\/\"><span itemprop=\"author\">Renan Bandeira<\/span><\/a><\/span><time datetime=\"2019-05-08T10:44:06-03:00\" itemprop=\"datePublished\">08\/05\/2019 10:44<\/time><\/div><\/div><\/div><\/div><\/div>","single_layout":"posts","amp_enabled":true,"_links":{"self":[{"href":"https:\/\/www.suno.com.br\/noticias\/wp-json\/wp\/v2\/posts\/23682"}],"collection":[{"href":"https:\/\/www.suno.com.br\/noticias\/wp-json\/wp\/v2\/posts"}],"about":[{"href":"https:\/\/www.suno.com.br\/noticias\/wp-json\/wp\/v2\/types\/post"}],"author":[{"embeddable":true,"href":"https:\/\/www.suno.com.br\/noticias\/wp-json\/wp\/v2\/users\/11"}],"replies":[{"embeddable":true,"href":"https:\/\/www.suno.com.br\/noticias\/wp-json\/wp\/v2\/comments?post=23682"}],"version-history":[{"count":0,"href":"https:\/\/www.suno.com.br\/noticias\/wp-json\/wp\/v2\/posts\/23682\/revisions"}],"wp:featuredmedia":[{"embeddable":true,"href":"https:\/\/www.suno.com.br\/noticias\/wp-json\/wp\/v2\/media\/23684"}],"wp:attachment":[{"href":"https:\/\/www.suno.com.br\/noticias\/wp-json\/wp\/v2\/media?parent=23682"}],"wp:term":[{"taxonomy":"category","embeddable":true,"href":"https:\/\/www.suno.com.br\/noticias\/wp-json\/wp\/v2\/categories?post=23682"},{"taxonomy":"post_tag","embeddable":true,"href":"https:\/\/www.suno.com.br\/noticias\/wp-json\/wp\/v2\/tags?post=23682"},{"taxonomy":"suno_strategy","embeddable":true,"href":"https:\/\/www.suno.com.br\/noticias\/wp-json\/wp\/v2\/suno_strategy?post=23682"}],"curies":[{"name":"wp","href":"https:\/\/api.w.org\/{rel}","templated":true}]}}