{"id":23671,"date":"2019-05-08T10:04:57","date_gmt":"2019-05-08T13:04:57","guid":{"rendered":"https:\/\/www.suno.com.br\/noticias\/?p=23671"},"modified":"2019-05-08T10:12:52","modified_gmt":"2019-05-08T13:12:52","slug":"militares-perdem-verba-crise-olavistas","status":"publish","type":"post","link":"https:\/\/www.suno.com.br\/noticias\/militares-perdem-verba-crise-olavistas\/","title":{"rendered":"Militares: For\u00e7as Armadas perdem 44% de verba em meio \u00e0 crise com &#8220;olavistas&#8221;"},"content":{"rendered":"<p>O governo informou \u00e0s <strong>For\u00e7as Armadas<\/strong> que far\u00e1 um corte de 44% na verba destinada \u00e0 <strong>Defesa.<\/strong> O <strong>contingenciamento<\/strong> previsto era de 21%, por\u00e9m o percentual foi aumentado e chega agora a R$ 5,8 bilh\u00f5es. Sendo assim, o corte nos recursos aos militares s\u00f3 \u00e9 menor do que o feito na <strong>Educa\u00e7\u00e3o.<\/strong> Este chega a R$ 7,33 bilh\u00f5es.<\/p>\t<div class=\"wrapper-featured-image\">\n\t\t<figure class=\"spotlightImg\">\n\n\t\t\t<picture>\n\t\t\t\t<source media=\"(max-width: 768px)\" srcset=\"https:\/\/files.sunoresearch.com.br\/n\/uploads\/2019\/03\/ca94ed17-militares-400x200.webp\">\n\t\t\t\t<img loading=\"lazy\" decoding=\"async\" class=\"newsContent__article__imgCapa lazyloadDisabled newsContent__article__imgCapa--noCaption\" src=\"https:\/\/files.sunoresearch.com.br\/n\/uploads\/2019\/03\/ca94ed17-militares-800x450.webp\" width=\"800\" height=\"450\" alt=\"Militares: For\u00e7as Armadas perdem 44% de verba em meio \u00e0 crise com &#8220;olavistas&#8221;\" fetchpriority=high \/>\n\t\t\t<\/picture>\n\n\t\t\t<figcaption class=\"wp-caption-text wp-caption-text--hide\">Defesa entregou a Guedes proposta de reforma da Previd\u00eancia. (divulga\u00e7\u00e3o)<\/figcaption>\n\t\t<\/figure>\n\t<\/div>\n\n\n<p>O an\u00fancio do <strong>governo<\/strong> veio em um momento de conflito entre os <strong>militares<\/strong> e os chamados <strong>&#8220;olavistas&#8221;.<\/strong> Assim sendo, estes \u00faltimos representam apoiadores do fil\u00f3sofo <strong>Olavo de Carvalho.<\/strong> Os integrantes da Defesa ficaram sabendo do corte na verba durante almo\u00e7o com o presidente na ter\u00e7a-feira (7). Dessa forma, foram informados os comandantes do <strong>Ex\u00e9rcito,<\/strong> da <strong>Aeron\u00e1utica<\/strong> e da <strong>Marinha.<\/strong><\/p>\n<p><a href=\"https:\/\/www.suno.com.br\/noticias\/bolsonaro-decreto-de-armas-facilita-porte-para-politicos-e-caminhoneiros\/\">Saiba Mais: Bolsonaro: decreto de armas facilita porte para pol\u00edticos e caminhoneiros<\/a><\/p>\n<p>Entretanto, apesar do an\u00fancio do <strong>corte de verba,<\/strong> a promessa feita aos militares \u00e9 de que o contingenciamento pode ser revisto. Contudo, isso s\u00f3 ocorrer\u00e1 no cen\u00e1rio de uma melhora da <strong>recupera\u00e7\u00e3o econ\u00f4mica<\/strong> do Pa\u00eds. Com isso, o objetivo seria cancelar o corte para n\u00e3o afetar os projetos em andamento.<\/p>\n\t<p>\n\t\t<a href=\"https:\/\/lp.suno.com.br\/minicurso-investindo-fiis\/\" target=\"_blank\" data-element=\"shortcode-suno-banner\" title=\"Banner SUNO, clique e saiba mais\">\n\t\t\t<picture>\n\t\t\t\t<source media=\"(max-width: 500px)\" srcset=\"https:\/\/files.sunoresearch.com.br\/n\/uploads\/2023\/03\/400x300-Minicurso-FIIS.png\">\n\t\t\t\t<img class=\"newsContent__article__imgCapa newsContent__article__imgCapa--banner\"\n\t\t\t\t\tsrc=\"https:\/\/files.sunoresearch.com.br\/n\/uploads\/2023\/03\/1420x240-Minicurso-FIIS.png\"\n\t\t\t\t\tdata-promo-id=\"383125\"\t\t\t\t\t\t\t\t\t\twidth='1420' height='240'\t\t\t\t\talt=\"https:\/\/files.sunoresearch.com.br\/n\/uploads\/2023\/03\/1420x240-Minicurso-FIIS.png\"\n\t\t\t\t>\n\t\t\t<\/picture>\n\t\t<\/a>\n\t<\/p>\n\n\n<p>Essa informa\u00e7\u00e3o foi confirmada tamb\u00e9m pelo porta-voz do governo, Ot\u00e1vio Rego Barros em pronunciamento.\u00a0\u201cCom a aprova\u00e7\u00e3o da nova <strong>Previd\u00eancia<\/strong> e outras a\u00e7\u00f5es estruturantes, o governo entende que pode reacomodar esse or\u00e7amento, n\u00e3o s\u00f3 no <strong>Minist\u00e9rio da Defesa,<\/strong> mas em todos os outros envolvidos que foram contingenciados\u201d, disse.<\/p>\n<h2>Militares X &#8220;olavistas&#8221;<\/h2>\n<p>Os <strong>militares<\/strong> ouviram os apelos do presidente <strong>Jair Bolsonaro<\/strong> para uma tr\u00e9gua com as intrigas com <strong>Olavo de Carvalho<\/strong> e seus seguidores. O fil\u00f3sofo tem feito muitas cr\u00edticas e integrantes do governo. Dessa forma, j\u00e1 foram alvo de Olavo de Carvalho nomes como:<\/p>\n<p><a href=\"https:\/\/www.suno.com.br\/noticias\/bolsonaro-assina-decreto-que-altera-regras-de-uso-de-armas-e-municoes\/\">Saiba Mais: Bolsonaro assina decreto que altera regras de uso de armas e muni\u00e7\u00f5es<\/a><\/p>\n<ul>\n<li>vice-presidente, Hamilton Mour\u00e3o;<\/li>\n<li>ministro da secretaria de governo, Carlos Alberto dos Santos Cruz.<\/li>\n<\/ul>\n<p>Em contrapartida, o ataque dos <strong>militares<\/strong>\u00a0veio pelo general <strong>Eduardo Villas B\u00f4as.<\/strong>\u00a0O ex-comandante do Ex\u00e9rcito afirmou que Olavo de Carvalho &#8220;presta um desservi\u00e7o ao Pa\u00eds&#8221;. Logo em seguida, o fil\u00f3sofo respondeu ao ataque nas redes sociais. Contudo, a pedido de <strong>Bolsonaro,<\/strong> n\u00e3o houve uma tr\u00e9plica dos militares.<\/p>\n","protected":false},"excerpt":{"rendered":"<p>O governo informou \u00e0s For\u00e7as Armadas que far\u00e1 um corte de 44% na verba destinada \u00e0 Defesa. O contingenciamento previsto era de 21%, por\u00e9m o percentual foi aumentado e chega agora a R$ 5,8 bilh\u00f5es. Sendo assim, o corte nos recursos aos militares s\u00f3 \u00e9 menor do que o feito na Educa\u00e7\u00e3o. Este chega a [&hellip;]<\/p>\n","protected":false},"author":16,"featured_media":17902,"comment_status":"closed","ping_status":"closed","sticky":false,"template":"","format":"standard","meta":[],"categories":[61],"tags":[1154,1128],"suno_strategy":[],"class_list":["post-23671","post","type-post","status-publish","format-standard","has-post-thumbnail","hentry","category-politica","tag-forcas-armadas","tag-orcamento-publico"],"yoast_head":"<!-- This site is optimized with the Yoast SEO plugin v24.4 - https:\/\/yoast.com\/wordpress\/plugins\/seo\/ -->\n<title>Militares: For\u00e7as Armadas perdem 44% de verba ap\u00f3s crise com olavistas<\/title>\n<meta name=\"description\" content=\"O corte nos recursos das For\u00e7as Armadas pode chegar a R$ 5,8 bilh\u00f5es; Bolsonaro pediu uma tr\u00e9gua entre militares e olavistas. Entenda.\" \/>\n<meta name=\"robots\" content=\"index, follow, max-snippet:-1, max-image-preview:large, max-video-preview:-1\" \/>\n<link rel=\"canonical\" href=\"https:\/\/www.suno.com.br\/noticias\/militares-perdem-verba-crise-olavistas\/\" \/>\n<meta property=\"og:locale\" content=\"pt_BR\" \/>\n<meta property=\"og:type\" content=\"article\" \/>\n<meta property=\"og:title\" content=\"Militares: For\u00e7as Armadas perdem 44% de verba ap\u00f3s crise com olavistas\" \/>\n<meta property=\"og:description\" content=\"O corte nos recursos das For\u00e7as Armadas pode chegar a R$ 5,8 bilh\u00f5es; Bolsonaro pediu uma tr\u00e9gua entre militares e olavistas. Entenda.\" \/>\n<meta property=\"og:url\" content=\"https:\/\/www.suno.com.br\/noticias\/militares-perdem-verba-crise-olavistas\/\" \/>\n<meta property=\"og:site_name\" content=\"Suno Not\u00edcias\" \/>\n<meta property=\"article:publisher\" content=\"https:\/\/facebook.com\/sunoresearch\" \/>\n<meta property=\"og:image\" content=\"https:\/\/files.sunoresearch.com.br\/n\/uploads\/2019\/03\/ca94ed17-militares-1024x605.jpg\" \/>\n\t<meta property=\"og:image:width\" content=\"1024\" \/>\n\t<meta property=\"og:image:height\" content=\"605\" \/>\n\t<meta property=\"og:image:type\" content=\"image\/jpeg\" \/>\n<meta name=\"author\" content=\"Beatriz Oliveira\" \/>\n<meta name=\"twitter:card\" content=\"summary_large_image\" \/>\n<meta name=\"twitter:creator\" content=\"@sunoresearch\" \/>\n<meta name=\"twitter:site\" content=\"@sunoresearch\" \/>\n<meta name=\"twitter:label1\" content=\"Escrito por\" \/>\n\t<meta name=\"twitter:data1\" content=\"Beatriz Oliveira\" \/>\n\t<meta name=\"twitter:label2\" content=\"Est. tempo de leitura\" \/>\n\t<meta name=\"twitter:data2\" content=\"2 minutos\" \/>\n<script type=\"application\/ld+json\" class=\"yoast-schema-graph\">{\"@context\":\"https:\/\/schema.org\",\"@graph\":[{\"@type\":\"NewsArticle\",\"@id\":\"https:\/\/www.suno.com.br\/noticias\/militares-perdem-verba-crise-olavistas\/#article\",\"isPartOf\":{\"@id\":\"https:\/\/www.suno.com.br\/noticias\/militares-perdem-verba-crise-olavistas\/\"},\"author\":{\"name\":\"Beatriz Oliveira\",\"@id\":\"https:\/\/www.suno.com.br\/noticias\/#\/schema\/person\/e67f665add014bf99f644028de070cc3\"},\"headline\":\"Militares: For\u00e7as Armadas perdem 44% de verba em meio \u00e0 crise com &#8220;olavistas&#8221;\",\"datePublished\":\"2019-05-08T13:04:57+00:00\",\"dateModified\":\"2019-05-08T13:12:52+00:00\",\"mainEntityOfPage\":{\"@id\":\"https:\/\/www.suno.com.br\/noticias\/militares-perdem-verba-crise-olavistas\/\"},\"wordCount\":394,\"publisher\":{\"@id\":\"https:\/\/www.suno.com.br\/noticias\/#organization\"},\"image\":{\"@id\":\"https:\/\/www.suno.com.br\/noticias\/militares-perdem-verba-crise-olavistas\/#primaryimage\"},\"thumbnailUrl\":\"https:\/\/files.sunoresearch.com.br\/n\/uploads\/2019\/03\/ca94ed17-militares-scaled.webp\",\"keywords\":[\"For\u00e7as Armadas\",\"Or\u00e7amento P\u00fablico\"],\"articleSection\":[\"Pol\u00edtica\"],\"inLanguage\":\"pt-BR\"},{\"@type\":\"WebPage\",\"@id\":\"https:\/\/www.suno.com.br\/noticias\/militares-perdem-verba-crise-olavistas\/\",\"url\":\"https:\/\/www.suno.com.br\/noticias\/militares-perdem-verba-crise-olavistas\/\",\"name\":\"Militares: For\u00e7as Armadas perdem 44% de verba ap\u00f3s crise com olavistas\",\"isPartOf\":{\"@id\":\"https:\/\/www.suno.com.br\/noticias\/#website\"},\"primaryImageOfPage\":{\"@id\":\"https:\/\/www.suno.com.br\/noticias\/militares-perdem-verba-crise-olavistas\/#primaryimage\"},\"image\":{\"@id\":\"https:\/\/www.suno.com.br\/noticias\/militares-perdem-verba-crise-olavistas\/#primaryimage\"},\"thumbnailUrl\":\"https:\/\/files.sunoresearch.com.br\/n\/uploads\/2019\/03\/ca94ed17-militares-scaled.webp\",\"datePublished\":\"2019-05-08T13:04:57+00:00\",\"dateModified\":\"2019-05-08T13:12:52+00:00\",\"description\":\"O corte nos recursos das For\u00e7as Armadas pode chegar a R$ 5,8 bilh\u00f5es; Bolsonaro pediu uma tr\u00e9gua entre militares e olavistas. Entenda.\",\"breadcrumb\":{\"@id\":\"https:\/\/www.suno.com.br\/noticias\/militares-perdem-verba-crise-olavistas\/#breadcrumb\"},\"inLanguage\":\"pt-BR\",\"potentialAction\":[{\"@type\":\"ReadAction\",\"target\":[\"https:\/\/www.suno.com.br\/noticias\/militares-perdem-verba-crise-olavistas\/\"]}]},{\"@type\":\"ImageObject\",\"inLanguage\":\"pt-BR\",\"@id\":\"https:\/\/www.suno.com.br\/noticias\/militares-perdem-verba-crise-olavistas\/#primaryimage\",\"url\":\"https:\/\/files.sunoresearch.com.br\/n\/uploads\/2019\/03\/ca94ed17-militares-scaled.webp\",\"contentUrl\":\"https:\/\/files.sunoresearch.com.br\/n\/uploads\/2019\/03\/ca94ed17-militares-scaled.webp\",\"width\":2560,\"height\":1513,\"caption\":\"Defesa entregou a Guedes proposta de reforma da Previd\u00eancia. (divulga\u00e7\u00e3o)\"},{\"@type\":\"BreadcrumbList\",\"@id\":\"https:\/\/www.suno.com.br\/noticias\/militares-perdem-verba-crise-olavistas\/#breadcrumb\",\"itemListElement\":[{\"@type\":\"ListItem\",\"position\":1,\"name\":\"Not\u00edcias\",\"item\":\"https:\/\/www.suno.com.br\/noticias\/\"},{\"@type\":\"ListItem\",\"position\":2,\"name\":\"Pol\u00edtica\",\"item\":\"https:\/\/www.suno.com.br\/noticias\/politica\/\"},{\"@type\":\"ListItem\",\"position\":3,\"name\":\"Militares: For\u00e7as Armadas perdem 44% de verba em meio \u00e0 crise com &#8220;olavistas&#8221;\"}]},{\"@type\":\"WebSite\",\"@id\":\"https:\/\/www.suno.com.br\/noticias\/#website\",\"url\":\"https:\/\/www.suno.com.br\/noticias\/\",\"name\":\"Suno Not\u00edcias\",\"description\":\"Seu portal de informa\u00e7\u00e3o sobre o mundo dos investimentos\",\"publisher\":{\"@id\":\"https:\/\/www.suno.com.br\/noticias\/#organization\"},\"potentialAction\":[{\"@type\":\"SearchAction\",\"target\":{\"@type\":\"EntryPoint\",\"urlTemplate\":\"https:\/\/www.suno.com.br\/noticias\/?s={search_term_string}\"},\"query-input\":{\"@type\":\"PropertyValueSpecification\",\"valueRequired\":true,\"valueName\":\"search_term_string\"}}],\"inLanguage\":\"pt-BR\"},{\"@type\":\"Organization\",\"@id\":\"https:\/\/www.suno.com.br\/noticias\/#organization\",\"name\":\"Suno Not\u00edcias\",\"url\":\"https:\/\/www.suno.com.br\/noticias\/\",\"logo\":{\"@type\":\"ImageObject\",\"inLanguage\":\"pt-BR\",\"@id\":\"https:\/\/www.suno.com.br\/noticias\/#\/schema\/logo\/image\/\",\"url\":\"https:\/\/files.sunoresearch.com.br\/n\/uploads\/2021\/09\/suno-logo.png\",\"contentUrl\":\"https:\/\/files.sunoresearch.com.br\/n\/uploads\/2021\/09\/suno-logo.png\",\"width\":180,\"height\":180,\"caption\":\"Suno Not\u00edcias\"},\"image\":{\"@id\":\"https:\/\/www.suno.com.br\/noticias\/#\/schema\/logo\/image\/\"},\"sameAs\":[\"https:\/\/facebook.com\/sunoresearch\",\"https:\/\/x.com\/sunoresearch\",\"https:\/\/www.instagram.com\/suno\",\"https:\/\/www.linkedin.com\/company\/suno-research\/\",\"https:\/\/www.youtube.com\/c\/sunoresearch\"]},{\"@type\":\"Person\",\"@id\":\"https:\/\/www.suno.com.br\/noticias\/#\/schema\/person\/e67f665add014bf99f644028de070cc3\",\"name\":\"Beatriz Oliveira\",\"image\":{\"@type\":\"ImageObject\",\"inLanguage\":\"pt-BR\",\"@id\":\"https:\/\/www.suno.com.br\/noticias\/#\/schema\/person\/image\/\",\"url\":\"https:\/\/secure.gravatar.com\/avatar\/c9aa6a0aaecc598d257d5d5bd349157d?s=96&r=g\",\"contentUrl\":\"https:\/\/secure.gravatar.com\/avatar\/c9aa6a0aaecc598d257d5d5bd349157d?s=96&r=g\",\"caption\":\"Beatriz Oliveira\"},\"description\":\"Formada em Jornalismo pela Faculdade Paulus de Tecnologia e Comunica\u00e7\u00e3o, Beatriz Oliveira escreve para o portal de not\u00edcias Suno Research. Antes, passou pelas reda\u00e7\u00f5es da Revista EXAME e da Rede Bandeirantes.\",\"url\":\"https:\/\/www.suno.com.br\/noticias\/author\/beatriz\/\"}]}<\/script>\n<!-- \/ Yoast SEO plugin. -->","yoast_head_json":{"title":"Militares: For\u00e7as Armadas perdem 44% de verba ap\u00f3s crise com olavistas","description":"O corte nos recursos das For\u00e7as Armadas pode chegar a R$ 5,8 bilh\u00f5es; Bolsonaro pediu uma tr\u00e9gua entre militares e olavistas. Entenda.","robots":{"index":"index","follow":"follow","max-snippet":"max-snippet:-1","max-image-preview":"max-image-preview:large","max-video-preview":"max-video-preview:-1"},"canonical":"https:\/\/www.suno.com.br\/noticias\/militares-perdem-verba-crise-olavistas\/","og_locale":"pt_BR","og_type":"article","og_title":"Militares: For\u00e7as Armadas perdem 44% de verba ap\u00f3s crise com olavistas","og_description":"O corte nos recursos das For\u00e7as Armadas pode chegar a R$ 5,8 bilh\u00f5es; Bolsonaro pediu uma tr\u00e9gua entre militares e olavistas. Entenda.","og_url":"https:\/\/www.suno.com.br\/noticias\/militares-perdem-verba-crise-olavistas\/","og_site_name":"Suno Not\u00edcias","article_publisher":"https:\/\/facebook.com\/sunoresearch","og_image":[{"width":1024,"height":605,"url":"https:\/\/files.sunoresearch.com.br\/n\/uploads\/2019\/03\/ca94ed17-militares-1024x605.jpg","type":"image\/jpeg"}],"author":"Beatriz Oliveira","twitter_card":"summary_large_image","twitter_creator":"@sunoresearch","twitter_site":"@sunoresearch","twitter_misc":{"Escrito por":"Beatriz Oliveira","Est. tempo de leitura":"2 minutos"},"schema":{"@context":"https:\/\/schema.org","@graph":[{"@type":"NewsArticle","@id":"https:\/\/www.suno.com.br\/noticias\/militares-perdem-verba-crise-olavistas\/#article","isPartOf":{"@id":"https:\/\/www.suno.com.br\/noticias\/militares-perdem-verba-crise-olavistas\/"},"author":{"name":"Beatriz Oliveira","@id":"https:\/\/www.suno.com.br\/noticias\/#\/schema\/person\/e67f665add014bf99f644028de070cc3"},"headline":"Militares: For\u00e7as Armadas perdem 44% de verba em meio \u00e0 crise com &#8220;olavistas&#8221;","datePublished":"2019-05-08T13:04:57+00:00","dateModified":"2019-05-08T13:12:52+00:00","mainEntityOfPage":{"@id":"https:\/\/www.suno.com.br\/noticias\/militares-perdem-verba-crise-olavistas\/"},"wordCount":394,"publisher":{"@id":"https:\/\/www.suno.com.br\/noticias\/#organization"},"image":{"@id":"https:\/\/www.suno.com.br\/noticias\/militares-perdem-verba-crise-olavistas\/#primaryimage"},"thumbnailUrl":"https:\/\/files.sunoresearch.com.br\/n\/uploads\/2019\/03\/ca94ed17-militares-scaled.webp","keywords":["For\u00e7as Armadas","Or\u00e7amento P\u00fablico"],"articleSection":["Pol\u00edtica"],"inLanguage":"pt-BR"},{"@type":"WebPage","@id":"https:\/\/www.suno.com.br\/noticias\/militares-perdem-verba-crise-olavistas\/","url":"https:\/\/www.suno.com.br\/noticias\/militares-perdem-verba-crise-olavistas\/","name":"Militares: For\u00e7as Armadas perdem 44% de verba ap\u00f3s crise com olavistas","isPartOf":{"@id":"https:\/\/www.suno.com.br\/noticias\/#website"},"primaryImageOfPage":{"@id":"https:\/\/www.suno.com.br\/noticias\/militares-perdem-verba-crise-olavistas\/#primaryimage"},"image":{"@id":"https:\/\/www.suno.com.br\/noticias\/militares-perdem-verba-crise-olavistas\/#primaryimage"},"thumbnailUrl":"https:\/\/files.sunoresearch.com.br\/n\/uploads\/2019\/03\/ca94ed17-militares-scaled.webp","datePublished":"2019-05-08T13:04:57+00:00","dateModified":"2019-05-08T13:12:52+00:00","description":"O corte nos recursos das For\u00e7as Armadas pode chegar a R$ 5,8 bilh\u00f5es; Bolsonaro pediu uma tr\u00e9gua entre militares e olavistas. Entenda.","breadcrumb":{"@id":"https:\/\/www.suno.com.br\/noticias\/militares-perdem-verba-crise-olavistas\/#breadcrumb"},"inLanguage":"pt-BR","potentialAction":[{"@type":"ReadAction","target":["https:\/\/www.suno.com.br\/noticias\/militares-perdem-verba-crise-olavistas\/"]}]},{"@type":"ImageObject","inLanguage":"pt-BR","@id":"https:\/\/www.suno.com.br\/noticias\/militares-perdem-verba-crise-olavistas\/#primaryimage","url":"https:\/\/files.sunoresearch.com.br\/n\/uploads\/2019\/03\/ca94ed17-militares-scaled.webp","contentUrl":"https:\/\/files.sunoresearch.com.br\/n\/uploads\/2019\/03\/ca94ed17-militares-scaled.webp","width":2560,"height":1513,"caption":"Defesa entregou a Guedes proposta de reforma da Previd\u00eancia. (divulga\u00e7\u00e3o)"},{"@type":"BreadcrumbList","@id":"https:\/\/www.suno.com.br\/noticias\/militares-perdem-verba-crise-olavistas\/#breadcrumb","itemListElement":[{"@type":"ListItem","position":1,"name":"Not\u00edcias","item":"https:\/\/www.suno.com.br\/noticias\/"},{"@type":"ListItem","position":2,"name":"Pol\u00edtica","item":"https:\/\/www.suno.com.br\/noticias\/politica\/"},{"@type":"ListItem","position":3,"name":"Militares: For\u00e7as Armadas perdem 44% de verba em meio \u00e0 crise com &#8220;olavistas&#8221;"}]},{"@type":"WebSite","@id":"https:\/\/www.suno.com.br\/noticias\/#website","url":"https:\/\/www.suno.com.br\/noticias\/","name":"Suno Not\u00edcias","description":"Seu portal de informa\u00e7\u00e3o sobre o mundo dos investimentos","publisher":{"@id":"https:\/\/www.suno.com.br\/noticias\/#organization"},"potentialAction":[{"@type":"SearchAction","target":{"@type":"EntryPoint","urlTemplate":"https:\/\/www.suno.com.br\/noticias\/?s={search_term_string}"},"query-input":{"@type":"PropertyValueSpecification","valueRequired":true,"valueName":"search_term_string"}}],"inLanguage":"pt-BR"},{"@type":"Organization","@id":"https:\/\/www.suno.com.br\/noticias\/#organization","name":"Suno Not\u00edcias","url":"https:\/\/www.suno.com.br\/noticias\/","logo":{"@type":"ImageObject","inLanguage":"pt-BR","@id":"https:\/\/www.suno.com.br\/noticias\/#\/schema\/logo\/image\/","url":"https:\/\/files.sunoresearch.com.br\/n\/uploads\/2021\/09\/suno-logo.png","contentUrl":"https:\/\/files.sunoresearch.com.br\/n\/uploads\/2021\/09\/suno-logo.png","width":180,"height":180,"caption":"Suno Not\u00edcias"},"image":{"@id":"https:\/\/www.suno.com.br\/noticias\/#\/schema\/logo\/image\/"},"sameAs":["https:\/\/facebook.com\/sunoresearch","https:\/\/x.com\/sunoresearch","https:\/\/www.instagram.com\/suno","https:\/\/www.linkedin.com\/company\/suno-research\/","https:\/\/www.youtube.com\/c\/sunoresearch"]},{"@type":"Person","@id":"https:\/\/www.suno.com.br\/noticias\/#\/schema\/person\/e67f665add014bf99f644028de070cc3","name":"Beatriz Oliveira","image":{"@type":"ImageObject","inLanguage":"pt-BR","@id":"https:\/\/www.suno.com.br\/noticias\/#\/schema\/person\/image\/","url":"https:\/\/secure.gravatar.com\/avatar\/c9aa6a0aaecc598d257d5d5bd349157d?s=96&r=g","contentUrl":"https:\/\/secure.gravatar.com\/avatar\/c9aa6a0aaecc598d257d5d5bd349157d?s=96&r=g","caption":"Beatriz Oliveira"},"description":"Formada em Jornalismo pela Faculdade Paulus de Tecnologia e Comunica\u00e7\u00e3o, Beatriz Oliveira escreve para o portal de not\u00edcias Suno Research. Antes, passou pelas reda\u00e7\u00f5es da Revista EXAME e da Rede Bandeirantes.","url":"https:\/\/www.suno.com.br\/noticias\/author\/beatriz\/"}]}},"default_loop_html":"<div class=\"cardsPage__listCard__boxs\"><div class=\"cardsPage__listCard__boxs__img\"><a href=\"https:\/\/www.suno.com.br\/noticias\/militares-perdem-verba-crise-olavistas\/\"><img class=\"mask\" src=\"https:\/\/www.suno.com.br\/noticias\/wp-content\/themes\/suno\/resources\/images\/spotlight\/spotlight1img\/bg-mask.png\" alt=\"Image Mask\"\/><img src=\"https:\/\/files.sunoresearch.com.br\/n\/uploads\/2019\/03\/ca94ed17-militares-400x200.webp\" alt=\"Militares: For\u00e7as Armadas perdem 44% de verba em meio \u00e0 crise com &#8220;olavistas&#8221;\"\/><\/a><span class=\"spotlightCategory\"><a href=\"https:\/\/www.suno.com.br\/noticias\/politica\/\">Pol\u00edtica<\/a><\/span><\/div><div class=\"cardsPage__listCard__boxs__content\"><a href=\"https:\/\/www.suno.com.br\/noticias\/militares-perdem-verba-crise-olavistas\/\"><h2 class=\"content__title\">Militares: For\u00e7as Armadas perdem 44% de verba em meio \u00e0 crise com &#8220;olavistas&#8221;<\/h2><\/a><div class=\"newsContent__article__meta\"><div class=\"newsContent__article__meta__authorBox\"><a href=\"https:\/\/www.suno.com.br\/noticias\/author\/beatriz\/\" class=\"authorBox__avatar noMobi\"><img src=\"https:\/\/secure.gravatar.com\/avatar\/c9aa6a0aaecc598d257d5d5bd349157d?s=96&#038;r=g\" alt=\"Beatriz Oliveira\"><\/a><div class=\"authorBox__name\"><span>por\n\t\t\t<a href=\"https:\/\/www.suno.com.br\/noticias\/author\/beatriz\/\"><span itemprop=\"author\">Beatriz Oliveira<\/span><\/a><\/span><time datetime=\"2019-05-08T10:04:57-03:00\" itemprop=\"datePublished\">08\/05\/2019 10:04<\/time><\/div><\/div><\/div><\/div><\/div>","single_layout":"posts","amp_enabled":true,"_links":{"self":[{"href":"https:\/\/www.suno.com.br\/noticias\/wp-json\/wp\/v2\/posts\/23671"}],"collection":[{"href":"https:\/\/www.suno.com.br\/noticias\/wp-json\/wp\/v2\/posts"}],"about":[{"href":"https:\/\/www.suno.com.br\/noticias\/wp-json\/wp\/v2\/types\/post"}],"author":[{"embeddable":true,"href":"https:\/\/www.suno.com.br\/noticias\/wp-json\/wp\/v2\/users\/16"}],"replies":[{"embeddable":true,"href":"https:\/\/www.suno.com.br\/noticias\/wp-json\/wp\/v2\/comments?post=23671"}],"version-history":[{"count":0,"href":"https:\/\/www.suno.com.br\/noticias\/wp-json\/wp\/v2\/posts\/23671\/revisions"}],"wp:featuredmedia":[{"embeddable":true,"href":"https:\/\/www.suno.com.br\/noticias\/wp-json\/wp\/v2\/media\/17902"}],"wp:attachment":[{"href":"https:\/\/www.suno.com.br\/noticias\/wp-json\/wp\/v2\/media?parent=23671"}],"wp:term":[{"taxonomy":"category","embeddable":true,"href":"https:\/\/www.suno.com.br\/noticias\/wp-json\/wp\/v2\/categories?post=23671"},{"taxonomy":"post_tag","embeddable":true,"href":"https:\/\/www.suno.com.br\/noticias\/wp-json\/wp\/v2\/tags?post=23671"},{"taxonomy":"suno_strategy","embeddable":true,"href":"https:\/\/www.suno.com.br\/noticias\/wp-json\/wp\/v2\/suno_strategy?post=23671"}],"curies":[{"name":"wp","href":"https:\/\/api.w.org\/{rel}","templated":true}]}}