{"id":236670,"date":"2022-03-02T16:04:43","date_gmt":"2022-03-02T19:04:43","guid":{"rendered":"https:\/\/www.suno.com.br\/noticias\/?p=236670"},"modified":"2022-03-02T16:04:43","modified_gmt":"2022-03-02T19:04:43","slug":"onu-condena-invasao-ucrania-russia","status":"publish","type":"post","link":"https:\/\/www.suno.com.br\/noticias\/onu-condena-invasao-ucrania-russia\/","title":{"rendered":"ONU aprova resolu\u00e7\u00e3o que condena invas\u00e3o da Ucr\u00e2nia pela R\u00fassia"},"content":{"rendered":"<p>A Organiza\u00e7\u00e3o das Na\u00e7\u00f5es Unidas (<strong>ONU<\/strong>) aprovou em Assembleia Geral nesta quarta-feira (2) uma resolu\u00e7\u00e3o que condena o ataque russo \u00e0 Ucr\u00e2nia, com 141 pa\u00edses votando a favor, ante 35 absten\u00e7\u00f5es e 5 votos contr\u00e1rios.<\/p>\t<div class=\"wrapper-featured-image\">\n\t\t<figure class=\"spotlightImg\">\n\n\t\t\t<picture>\n\t\t\t\t<source media=\"(max-width: 768px)\" srcset=\"https:\/\/files.sunoresearch.com.br\/n\/uploads\/2022\/03\/OnuSofiaPiassi-400x200.jpg\">\n\t\t\t\t<img loading=\"lazy\" decoding=\"async\" class=\"newsContent__article__imgCapa lazyloadDisabled \" src=\"https:\/\/files.sunoresearch.com.br\/n\/uploads\/2022\/03\/OnuSofiaPiassi-800x450.jpg\" width=\"800\" height=\"450\" alt=\"ONU aprova resolu\u00e7\u00e3o que condena invas\u00e3o da Ucr\u00e2nia pela R\u00fassia\" fetchpriority=high \/>\n\t\t\t<\/picture>\n\n\t\t\t<figcaption class=\"wp-caption-text wp-caption-text--show\">ONU condena ataque russo \u00e0 Ucr\u00e2nia. <\/figcaption>\n\t\t<\/figure>\n\t<\/div>\n\n\n\t<p>\n\t\t<a href=\"https:\/\/lp.suno.com.br\/planilha-controle-gastos\/\" target=\"_blank\" data-element=\"shortcode-suno-banner\" title=\"Banner SUNO, clique e saiba mais\">\n\t\t\t<picture>\n\t\t\t\t<source media=\"(max-width: 500px)\" srcset=\"https:\/\/files.sunoresearch.com.br\/n\/uploads\/2023\/03\/400x300-Planilha-controle-de-gastos.png\">\n\t\t\t\t<img class=\"newsContent__article__imgCapa newsContent__article__imgCapa--banner\"\n\t\t\t\t\tsrc=\"https:\/\/files.sunoresearch.com.br\/n\/uploads\/2023\/03\/1420x240-Planilha-controle-de-gastos.png\"\n\t\t\t\t\tdata-promo-id=\"101751\"\t\t\t\t\t\t\t\t\t\twidth='1420' height='240'\t\t\t\t\talt=\"https:\/\/files.sunoresearch.com.br\/n\/uploads\/2023\/03\/1420x240-Planilha-controle-de-gastos.png\"\n\t\t\t\t>\n\t\t\t<\/picture>\n\t\t<\/a>\n\t<\/p>\n\n\n<p>A resolu\u00e7\u00e3o, que n\u00e3o tem poder legal, pede que a <strong>R\u00fassia<\/strong> retire suas tropas. Apesar de n\u00e3o ser uma medida de car\u00e1ter impositivo, a decis\u00e3o tem um poder pol\u00edtico muito grande e evidencia o isolamento russo. O <strong>Brasil votou a favor<\/strong>. A <a href=\"https:\/\/www.suno.com.br\/noticias\/china-nao-adota-sancoes-russia\/\">China<\/a> se absteve.<img decoding=\"async\" src=\"https:\/\/agenciabrasil.ebc.com.br\/ebc.png?id=1445819&amp;o=node\" \/><img decoding=\"async\" src=\"https:\/\/agenciabrasil.ebc.com.br\/ebc.gif?id=1445819&amp;o=node\" \/><\/p>\n<p>Ant\u00f4nio Guterres, secret\u00e1rio-geral da ONU, disse, pouco ap\u00f3s a aprova\u00e7\u00e3o, que a decis\u00e3o repete uma verdade central, a de &#8220;que o mundo quer o fim do sofrimento na <strong>Ucr\u00e2nia<\/strong>&#8220;. Guterres falou, ainda, sobre como os pa\u00edses t\u00eam se unido para colaborar com a Ucr\u00e2nia.<\/p>\n\t<p>\n\t\t<a href=\"https:\/\/lp.suno.com.br\/planilha-da-vida-financeira\/\" target=\"_blank\" data-element=\"shortcode-suno-banner\" title=\"Banner SUNO, clique e saiba mais\">\n\t\t\t<picture>\n\t\t\t\t<source media=\"(max-width: 500px)\" srcset=\"https:\/\/files.sunoresearch.com.br\/n\/uploads\/2023\/04\/400x300-Planilha-vida-financeira-true.png\">\n\t\t\t\t<img class=\"newsContent__article__imgCapa newsContent__article__imgCapa--banner\"\n\t\t\t\t\tsrc=\"https:\/\/files.sunoresearch.com.br\/n\/uploads\/2023\/04\/1420x240-Planilha-vida-financeira-true.png\"\n\t\t\t\t\tdata-promo-id=\"106682\"\t\t\t\t\t\t\t\t\t\twidth='1420' height='240'\t\t\t\t\talt=\"https:\/\/files.sunoresearch.com.br\/n\/uploads\/2023\/04\/1420x240-Planilha-vida-financeira-true.png\"\n\t\t\t\t>\n\t\t\t<\/picture>\n\t\t<\/a>\n\t<\/p>\n\n\n<p>Valentin Rybakov, embaixador de Belarus na ONU, disse que a distribui\u00e7\u00e3o descontrolada de armas j\u00e1 levou ao aumento da viol\u00eancia e de roubos na Ucr\u00e2nia. Ele, que \u00e9 aliado do presidente russo <strong>Vladimir Putin<\/strong>, afirmou que pessoas inocentes est\u00e3o sendo mortas no pa\u00eds. &#8220;Por que voc\u00eas est\u00e3o silenciosos a esse respeito?&#8221;, questionou Rybakov, defendendo que os ucranianos est\u00e3o matando civis estrangeiros.<\/p>\n<p>Rybakov pediu, ainda, que a Ucr\u00e2nia abra um corredor humanit\u00e1rio para que pessoas possam sair do pa\u00eds pela fronteira com Belarus. Segundo ele, a fronteira belorussa est\u00e1 aberta. Ele disse, tamb\u00e9m, que lamenta as mortes e que s\u00f3 as negocia\u00e7\u00f5es podem resolver o conflito.<\/p>\n\t<p>\n\t\t<a href=\"https:\/\/lp.suno.com.br\/ebook-como-analisar-uma-acao\/\" target=\"_blank\" data-element=\"shortcode-suno-banner\" title=\"Banner SUNO, clique e saiba mais\">\n\t\t\t<picture>\n\t\t\t\t<source media=\"(max-width: 500px)\" srcset=\"https:\/\/files.sunoresearch.com.br\/n\/uploads\/2023\/03\/Ebook-Acoes-Mobile-1.jpg\">\n\t\t\t\t<img class=\"newsContent__article__imgCapa newsContent__article__imgCapa--banner\"\n\t\t\t\t\tsrc=\"https:\/\/files.sunoresearch.com.br\/n\/uploads\/2023\/03\/Ebook-Acoes-Desktop-1.jpg\"\n\t\t\t\t\tdata-promo-id=\"171998\"\t\t\t\t\t\t\t\t\t\twidth='1420' height='286'\t\t\t\t\talt=\"https:\/\/files.sunoresearch.com.br\/n\/uploads\/2023\/03\/Ebook-Acoes-Desktop-1.jpg\"\n\t\t\t\t>\n\t\t\t<\/picture>\n\t\t<\/a>\n\t<\/p>\n\n\n<h2>Embaixadores da ONU criticam bombardeio russo<\/h2>\n<p>A embaixadora dos Estados Unidos na ONU, Linda Thomas-Greenfied, afirmou que a guerra foi decis\u00e3o de um \u00fanico homem, Putin. E disse que a R\u00fassia est\u00e1 atacando civis e que, enquanto o Conselho de Seguran\u00e7a discutia a paz [na semana passada], Putin come\u00e7ava a guerra. &#8220;A R\u00fassia bombardeou orfanatos, hospitais, jardins de inf\u00e2ncia, espalhou fome&#8221;. Linda agradeceu aos pa\u00edses que est\u00e3o recebendo <strong>refugiados da Ucr\u00e2nia.<\/strong><\/p>\n\t<p>\n\t\t<a href=\"https:\/\/lp.suno.com.br\/planilha-de-controle-de-investimentos\/\" target=\"_blank\" data-element=\"shortcode-suno-banner\" title=\"Banner SUNO, clique e saiba mais\">\n\t\t\t<picture>\n\t\t\t\t<source media=\"(max-width: 500px)\" srcset=\"https:\/\/files.sunoresearch.com.br\/n\/uploads\/2023\/03\/400x300-Controle-de-Investimentos.png\">\n\t\t\t\t<img class=\"newsContent__article__imgCapa newsContent__article__imgCapa--banner\"\n\t\t\t\t\tsrc=\"https:\/\/files.sunoresearch.com.br\/n\/uploads\/2023\/03\/1420x240-Controle-de-Investimentos.png\"\n\t\t\t\t\tdata-promo-id=\"75934\"\t\t\t\t\t\t\t\t\t\twidth='1420' height='240'\t\t\t\t\talt=\"https:\/\/files.sunoresearch.com.br\/n\/uploads\/2023\/03\/1420x240-Controle-de-Investimentos.png\"\n\t\t\t\t>\n\t\t\t<\/picture>\n\t\t<\/a>\n\t<\/p>\n\n\n<p>O embaixador da Ucr\u00e2nia na ONU, Sergei Kislitsia, afirmou que o povo ucraniano &#8220;luta enquanto \u00e9 bombardeado&#8221;. Ele agradeceu a uni\u00e3o e o apoio aos refugiados ucranianos e disse que as tropas russas est\u00e3o cometendo crimes contra a humanidade, &#8220;crimes t\u00e3o b\u00e1rbaros que \u00e9 dif\u00edcil compreender. Ucranianos est\u00e3o sendo mortos por m\u00edsseis e outros tipos de armas. N\u00f3s n\u00e3o provocamos essa escalada de tens\u00e3o. Crimes internacionais continuam sendo cometidos na Ucr\u00e2nia. Isso \u00e9 um erro. A maldade nunca vai parar, vai avan\u00e7ar e avan\u00e7ar. Precisamos evitar que os russos v\u00e3o adiante&#8221;.<\/p>\n\t<div data-element=\"shortcode-read-more\" class=\"knowMore\">\n\t\t\t\t<span class=\"knowMore__title\">Veja tamb\u00e9m<\/span>\n\t\t\t\t<a class=\"knowMore__link\" href=\"https:\/\/www.suno.com.br\/noticias\/bolsonaro-guerra-ucrania-brasil-sera-neutro-nao-ha-massacre-na-ucrania\/\">\n\t\t\tBolsonaro sobre guerra na Ucr\u00e2nia: Brasil ser\u00e1 neutro e n\u00e3o h\u00e1 massacre\t\t<\/a>\n\t<\/div>\n\n\n<p>Os pa\u00edses que votaram contra a resolu\u00e7\u00e3o da <strong>ONU<\/strong> foram a R\u00fassia, Bielorr\u00fassia, S\u00edria, Coreia do Norte e Eritreia.<\/p>\n<h2>Quase 6 mil russos morreram desde o in\u00edcio do conflito na Ucr\u00e2nia, diz presidente<\/h2>\n<p>O presidente da Ucr\u00e2nia, <strong>Volodymyr Zelensky<\/strong>, afirmou hoje (2), em um v\u00eddeo divulgado em seu canal do Telegram, que o mundo est\u00e1 se fechando para a R\u00fassia. &#8220;O mundo moderno vai se fechar para eles. Bens russos est\u00e3o deixando as prateleiras das lojas ao redor do mundo. Bancos russos est\u00e3o se desconectando do sistema global. Cidad\u00e3os russos est\u00e3o perdendo suas poupan\u00e7as, perdendo perspectivas. M\u00e3es russas est\u00e3o perdendo seus filhos em um pa\u00eds estrangeiro. Pense nesse n\u00famero: quase 6 mil russos morreram. Isso sem contar as perdas da noite passada. Isso para que?&#8221;, questionou o mandat\u00e1rio.<\/p>\n<p>Zelensky disse ainda que os russos querem apagar a hist\u00f3ria do pa\u00eds. &#8220;Eles n\u00e3o sabem nada sobre nossa capital, sobre nossa hist\u00f3ria. Mas todos eles t\u00eam ordens para apagar nosso pa\u00eds, apagar todos n\u00f3s. No primeiro dia da guerra, Uman foi brutalmente bombardeada, onde dezenas de milhares de judeus vem todos os anos para rezar. Depois, Babyn Yar, onde dezenas de milhares de judeus foram executados. Me dirijo a todos os judeus do mundo: voc\u00eas n\u00e3o v\u00eam o que est\u00e1 acontecendo? \u00c9 por isso que \u00e9 t\u00e3o importante que milh\u00f5es de judeus ao redor do mundo n\u00e3o fiquem em sil\u00eancio agora. O nazismo nasce do sil\u00eancio. Ent\u00e3o gritem sobre o assassinato de cidad\u00e3os. Gritem sobre o assassinato de ucranianos&#8221;, disse.<\/p>\n<p>O presidente ucraniano disse ainda que os russos seguem bombardeando as cidades do pa\u00eds, atingindo civis, popula\u00e7\u00e3o que \u00e9 pac\u00edfica. E disse que a Ucr\u00e2nia conseguiu reunir um apoio internacional em um novo n\u00edvel, ressaltou o apoio da Organiza\u00e7\u00e3o do Tratado do Atl\u00e2ntico Norte (Otan) e de milhares de europeus.<\/p>\n<p>O prefeito de Kiev, Vitali Klitschko, afirmou que o alvo dos russos \u00e9 a <strong>capital da Ucr\u00e2nia<\/strong>. &#8220;Vemos quantas for\u00e7as russas v\u00e3o de Belarus, do norte e do leste, muitos quil\u00f4metros de tanques se movendo para a capital da Ucr\u00e2nia. Neste momento estamos preparados para defender a nossa cidade&#8221;.<\/p>\n<p><em>(Com informa\u00e7\u00f5es da Ag\u00eancia Brasil)<\/em><\/p>\n\t<p>\n\t\t<a href=\"\" target=\"_blank\" data-element=\"shortcode-suno-banner\" title=\"Banner SUNO, clique e saiba mais\">\n\t\t\t<picture>\n\t\t\t\t<source media=\"(max-width: 500px)\" srcset=\"\">\n\t\t\t\t<img class=\"newsContent__article__imgCapa newsContent__article__imgCapa--banner\"\n\t\t\t\t\tsrc=\"\"\n\t\t\t\t\tdata-promo-id=\"184190\"\t\t\t\t\t\t\t\t\t\t\t\t\t\t\talt=\"\"\n\t\t\t\t>\n\t\t\t<\/picture>\n\t\t<\/a>\n\t<\/p>\n\n\n","protected":false},"excerpt":{"rendered":"<p>A Organiza\u00e7\u00e3o das Na\u00e7\u00f5es Unidas (ONU) aprovou em Assembleia Geral nesta quarta-feira (2) uma resolu\u00e7\u00e3o que condena o ataque russo \u00e0 Ucr\u00e2nia, com 141 pa\u00edses votando a favor, ante 35 absten\u00e7\u00f5es e 5 votos contr\u00e1rios. ONU condena ataque russo \u00e0 Ucr\u00e2nia. A resolu\u00e7\u00e3o, que n\u00e3o tem poder legal, pede que a R\u00fassia retire suas tropas. [&hellip;]<\/p>\n","protected":false},"author":118,"featured_media":236713,"comment_status":"closed","ping_status":"closed","sticky":false,"template":"","format":"standard","meta":[],"categories":[64],"tags":[873,866],"suno_strategy":[],"class_list":["post-236670","post","type-post","status-publish","format-standard","has-post-thumbnail","hentry","category-negocios","tag-onu","tag-russia"],"yoast_head":"<!-- This site is optimized with the Yoast SEO plugin v24.4 - https:\/\/yoast.com\/wordpress\/plugins\/seo\/ -->\n<title>ONU aprova resolu\u00e7\u00e3o que condena invas\u00e3o da Ucr\u00e2nia pela R\u00fassia<\/title>\n<meta name=\"description\" content=\"A Organiza\u00e7\u00e3o das Na\u00e7\u00f5es Unidas (ONU) aprovou em Assembleia Geral nesta quarta-feira (2) uma resolu\u00e7\u00e3o que condena o ataque russo \u00e0 Ucr\u00e2nia.\" \/>\n<meta name=\"robots\" content=\"index, follow, max-snippet:-1, max-image-preview:large, max-video-preview:-1\" \/>\n<link rel=\"canonical\" href=\"https:\/\/www.suno.com.br\/noticias\/onu-condena-invasao-ucrania-russia\/\" \/>\n<meta property=\"og:locale\" content=\"pt_BR\" \/>\n<meta property=\"og:type\" content=\"article\" \/>\n<meta property=\"og:title\" content=\"ONU aprova resolu\u00e7\u00e3o que condena invas\u00e3o da Ucr\u00e2nia pela R\u00fassia\" \/>\n<meta property=\"og:description\" content=\"A Organiza\u00e7\u00e3o das Na\u00e7\u00f5es Unidas (ONU) aprovou em Assembleia Geral nesta quarta-feira (2) uma resolu\u00e7\u00e3o que condena o ataque russo \u00e0 Ucr\u00e2nia.\" \/>\n<meta property=\"og:url\" content=\"https:\/\/www.suno.com.br\/noticias\/onu-condena-invasao-ucrania-russia\/\" \/>\n<meta property=\"og:site_name\" content=\"Suno Not\u00edcias\" \/>\n<meta property=\"article:publisher\" content=\"https:\/\/facebook.com\/sunoresearch\" \/>\n<meta property=\"og:image\" content=\"https:\/\/files.sunoresearch.com.br\/n\/uploads\/2022\/03\/OnuSofiaPiassi.jpg\" \/>\n\t<meta property=\"og:image:width\" content=\"1600\" \/>\n\t<meta property=\"og:image:height\" content=\"1200\" \/>\n\t<meta property=\"og:image:type\" content=\"image\/jpeg\" \/>\n<meta name=\"author\" content=\"Bruno Galv\u00e3o\" \/>\n<meta name=\"twitter:card\" content=\"summary_large_image\" \/>\n<meta name=\"twitter:creator\" content=\"@sunoresearch\" \/>\n<meta name=\"twitter:site\" content=\"@sunoresearch\" \/>\n<meta name=\"twitter:label1\" content=\"Escrito por\" \/>\n\t<meta name=\"twitter:data1\" content=\"Bruno Galv\u00e3o\" \/>\n\t<meta name=\"twitter:label2\" content=\"Est. tempo de leitura\" \/>\n\t<meta name=\"twitter:data2\" content=\"4 minutos\" \/>\n<script type=\"application\/ld+json\" class=\"yoast-schema-graph\">{\"@context\":\"https:\/\/schema.org\",\"@graph\":[{\"@type\":\"NewsArticle\",\"@id\":\"https:\/\/www.suno.com.br\/noticias\/onu-condena-invasao-ucrania-russia\/#article\",\"isPartOf\":{\"@id\":\"https:\/\/www.suno.com.br\/noticias\/onu-condena-invasao-ucrania-russia\/\"},\"author\":{\"name\":\"Bruno Galv\u00e3o\",\"@id\":\"https:\/\/www.suno.com.br\/noticias\/#\/schema\/person\/06f0d962a6b1c54852e4860f16935600\"},\"headline\":\"ONU aprova resolu\u00e7\u00e3o que condena invas\u00e3o da Ucr\u00e2nia pela R\u00fassia\",\"datePublished\":\"2022-03-02T19:04:43+00:00\",\"mainEntityOfPage\":{\"@id\":\"https:\/\/www.suno.com.br\/noticias\/onu-condena-invasao-ucrania-russia\/\"},\"wordCount\":875,\"publisher\":{\"@id\":\"https:\/\/www.suno.com.br\/noticias\/#organization\"},\"image\":{\"@id\":\"https:\/\/www.suno.com.br\/noticias\/onu-condena-invasao-ucrania-russia\/#primaryimage\"},\"thumbnailUrl\":\"https:\/\/files.sunoresearch.com.br\/n\/uploads\/2022\/03\/OnuSofiaPiassi.jpg\",\"keywords\":[\"ONU\",\"R\u00fassia\"],\"articleSection\":[\"Neg\u00f3cios\"],\"inLanguage\":\"pt-BR\"},{\"@type\":\"WebPage\",\"@id\":\"https:\/\/www.suno.com.br\/noticias\/onu-condena-invasao-ucrania-russia\/\",\"url\":\"https:\/\/www.suno.com.br\/noticias\/onu-condena-invasao-ucrania-russia\/\",\"name\":\"ONU aprova resolu\u00e7\u00e3o que condena invas\u00e3o da Ucr\u00e2nia pela R\u00fassia\",\"isPartOf\":{\"@id\":\"https:\/\/www.suno.com.br\/noticias\/#website\"},\"primaryImageOfPage\":{\"@id\":\"https:\/\/www.suno.com.br\/noticias\/onu-condena-invasao-ucrania-russia\/#primaryimage\"},\"image\":{\"@id\":\"https:\/\/www.suno.com.br\/noticias\/onu-condena-invasao-ucrania-russia\/#primaryimage\"},\"thumbnailUrl\":\"https:\/\/files.sunoresearch.com.br\/n\/uploads\/2022\/03\/OnuSofiaPiassi.jpg\",\"datePublished\":\"2022-03-02T19:04:43+00:00\",\"description\":\"A Organiza\u00e7\u00e3o das Na\u00e7\u00f5es Unidas (ONU) aprovou em Assembleia Geral nesta quarta-feira (2) uma resolu\u00e7\u00e3o que condena o ataque russo \u00e0 Ucr\u00e2nia.\",\"breadcrumb\":{\"@id\":\"https:\/\/www.suno.com.br\/noticias\/onu-condena-invasao-ucrania-russia\/#breadcrumb\"},\"inLanguage\":\"pt-BR\",\"potentialAction\":[{\"@type\":\"ReadAction\",\"target\":[\"https:\/\/www.suno.com.br\/noticias\/onu-condena-invasao-ucrania-russia\/\"]}]},{\"@type\":\"ImageObject\",\"inLanguage\":\"pt-BR\",\"@id\":\"https:\/\/www.suno.com.br\/noticias\/onu-condena-invasao-ucrania-russia\/#primaryimage\",\"url\":\"https:\/\/files.sunoresearch.com.br\/n\/uploads\/2022\/03\/OnuSofiaPiassi.jpg\",\"contentUrl\":\"https:\/\/files.sunoresearch.com.br\/n\/uploads\/2022\/03\/OnuSofiaPiassi.jpg\",\"width\":1600,\"height\":1200,\"caption\":\"ONU condena ataque russo \u00e0 Ucr\u00e2nia.\"},{\"@type\":\"BreadcrumbList\",\"@id\":\"https:\/\/www.suno.com.br\/noticias\/onu-condena-invasao-ucrania-russia\/#breadcrumb\",\"itemListElement\":[{\"@type\":\"ListItem\",\"position\":1,\"name\":\"Not\u00edcias\",\"item\":\"https:\/\/www.suno.com.br\/noticias\/\"},{\"@type\":\"ListItem\",\"position\":2,\"name\":\"Neg\u00f3cios\",\"item\":\"https:\/\/www.suno.com.br\/noticias\/negocios\/\"},{\"@type\":\"ListItem\",\"position\":3,\"name\":\"ONU aprova resolu\u00e7\u00e3o que condena invas\u00e3o da Ucr\u00e2nia pela R\u00fassia\"}]},{\"@type\":\"WebSite\",\"@id\":\"https:\/\/www.suno.com.br\/noticias\/#website\",\"url\":\"https:\/\/www.suno.com.br\/noticias\/\",\"name\":\"Suno Not\u00edcias\",\"description\":\"Seu portal de informa\u00e7\u00e3o sobre o mundo dos investimentos\",\"publisher\":{\"@id\":\"https:\/\/www.suno.com.br\/noticias\/#organization\"},\"potentialAction\":[{\"@type\":\"SearchAction\",\"target\":{\"@type\":\"EntryPoint\",\"urlTemplate\":\"https:\/\/www.suno.com.br\/noticias\/?s={search_term_string}\"},\"query-input\":{\"@type\":\"PropertyValueSpecification\",\"valueRequired\":true,\"valueName\":\"search_term_string\"}}],\"inLanguage\":\"pt-BR\"},{\"@type\":\"Organization\",\"@id\":\"https:\/\/www.suno.com.br\/noticias\/#organization\",\"name\":\"Suno Not\u00edcias\",\"url\":\"https:\/\/www.suno.com.br\/noticias\/\",\"logo\":{\"@type\":\"ImageObject\",\"inLanguage\":\"pt-BR\",\"@id\":\"https:\/\/www.suno.com.br\/noticias\/#\/schema\/logo\/image\/\",\"url\":\"https:\/\/files.sunoresearch.com.br\/n\/uploads\/2021\/09\/suno-logo.png\",\"contentUrl\":\"https:\/\/files.sunoresearch.com.br\/n\/uploads\/2021\/09\/suno-logo.png\",\"width\":180,\"height\":180,\"caption\":\"Suno Not\u00edcias\"},\"image\":{\"@id\":\"https:\/\/www.suno.com.br\/noticias\/#\/schema\/logo\/image\/\"},\"sameAs\":[\"https:\/\/facebook.com\/sunoresearch\",\"https:\/\/x.com\/sunoresearch\",\"https:\/\/www.instagram.com\/suno\",\"https:\/\/www.linkedin.com\/company\/suno-research\/\",\"https:\/\/www.youtube.com\/c\/sunoresearch\"]},{\"@type\":\"Person\",\"@id\":\"https:\/\/www.suno.com.br\/noticias\/#\/schema\/person\/06f0d962a6b1c54852e4860f16935600\",\"name\":\"Bruno Galv\u00e3o\",\"image\":{\"@type\":\"ImageObject\",\"inLanguage\":\"pt-BR\",\"@id\":\"https:\/\/www.suno.com.br\/noticias\/#\/schema\/person\/image\/\",\"url\":\"https:\/\/secure.gravatar.com\/avatar\/53598df0b41c00f12f287a912d0e918e?s=96&r=g\",\"contentUrl\":\"https:\/\/secure.gravatar.com\/avatar\/53598df0b41c00f12f287a912d0e918e?s=96&r=g\",\"caption\":\"Bruno Galv\u00e3o\"},\"description\":\"Escreve para o portal Suno Not\u00edcias. \u00c9 estudante de Jornalismo pela Faculdade C\u00e1sper L\u00edbero e Letras pela USP. Entusiasta de tecnologia e intelig\u00eancia artificial.\",\"url\":\"https:\/\/www.suno.com.br\/noticias\/author\/bruno-garcia\/\"}]}<\/script>\n<!-- \/ Yoast SEO plugin. -->","yoast_head_json":{"title":"ONU aprova resolu\u00e7\u00e3o que condena invas\u00e3o da Ucr\u00e2nia pela R\u00fassia","description":"A Organiza\u00e7\u00e3o das Na\u00e7\u00f5es Unidas (ONU) aprovou em Assembleia Geral nesta quarta-feira (2) uma resolu\u00e7\u00e3o que condena o ataque russo \u00e0 Ucr\u00e2nia.","robots":{"index":"index","follow":"follow","max-snippet":"max-snippet:-1","max-image-preview":"max-image-preview:large","max-video-preview":"max-video-preview:-1"},"canonical":"https:\/\/www.suno.com.br\/noticias\/onu-condena-invasao-ucrania-russia\/","og_locale":"pt_BR","og_type":"article","og_title":"ONU aprova resolu\u00e7\u00e3o que condena invas\u00e3o da Ucr\u00e2nia pela R\u00fassia","og_description":"A Organiza\u00e7\u00e3o das Na\u00e7\u00f5es Unidas (ONU) aprovou em Assembleia Geral nesta quarta-feira (2) uma resolu\u00e7\u00e3o que condena o ataque russo \u00e0 Ucr\u00e2nia.","og_url":"https:\/\/www.suno.com.br\/noticias\/onu-condena-invasao-ucrania-russia\/","og_site_name":"Suno Not\u00edcias","article_publisher":"https:\/\/facebook.com\/sunoresearch","og_image":[{"width":1600,"height":1200,"url":"https:\/\/files.sunoresearch.com.br\/n\/uploads\/2022\/03\/OnuSofiaPiassi.jpg","type":"image\/jpeg"}],"author":"Bruno Galv\u00e3o","twitter_card":"summary_large_image","twitter_creator":"@sunoresearch","twitter_site":"@sunoresearch","twitter_misc":{"Escrito por":"Bruno Galv\u00e3o","Est. tempo de leitura":"4 minutos"},"schema":{"@context":"https:\/\/schema.org","@graph":[{"@type":"NewsArticle","@id":"https:\/\/www.suno.com.br\/noticias\/onu-condena-invasao-ucrania-russia\/#article","isPartOf":{"@id":"https:\/\/www.suno.com.br\/noticias\/onu-condena-invasao-ucrania-russia\/"},"author":{"name":"Bruno Galv\u00e3o","@id":"https:\/\/www.suno.com.br\/noticias\/#\/schema\/person\/06f0d962a6b1c54852e4860f16935600"},"headline":"ONU aprova resolu\u00e7\u00e3o que condena invas\u00e3o da Ucr\u00e2nia pela R\u00fassia","datePublished":"2022-03-02T19:04:43+00:00","mainEntityOfPage":{"@id":"https:\/\/www.suno.com.br\/noticias\/onu-condena-invasao-ucrania-russia\/"},"wordCount":875,"publisher":{"@id":"https:\/\/www.suno.com.br\/noticias\/#organization"},"image":{"@id":"https:\/\/www.suno.com.br\/noticias\/onu-condena-invasao-ucrania-russia\/#primaryimage"},"thumbnailUrl":"https:\/\/files.sunoresearch.com.br\/n\/uploads\/2022\/03\/OnuSofiaPiassi.jpg","keywords":["ONU","R\u00fassia"],"articleSection":["Neg\u00f3cios"],"inLanguage":"pt-BR"},{"@type":"WebPage","@id":"https:\/\/www.suno.com.br\/noticias\/onu-condena-invasao-ucrania-russia\/","url":"https:\/\/www.suno.com.br\/noticias\/onu-condena-invasao-ucrania-russia\/","name":"ONU aprova resolu\u00e7\u00e3o que condena invas\u00e3o da Ucr\u00e2nia pela R\u00fassia","isPartOf":{"@id":"https:\/\/www.suno.com.br\/noticias\/#website"},"primaryImageOfPage":{"@id":"https:\/\/www.suno.com.br\/noticias\/onu-condena-invasao-ucrania-russia\/#primaryimage"},"image":{"@id":"https:\/\/www.suno.com.br\/noticias\/onu-condena-invasao-ucrania-russia\/#primaryimage"},"thumbnailUrl":"https:\/\/files.sunoresearch.com.br\/n\/uploads\/2022\/03\/OnuSofiaPiassi.jpg","datePublished":"2022-03-02T19:04:43+00:00","description":"A Organiza\u00e7\u00e3o das Na\u00e7\u00f5es Unidas (ONU) aprovou em Assembleia Geral nesta quarta-feira (2) uma resolu\u00e7\u00e3o que condena o ataque russo \u00e0 Ucr\u00e2nia.","breadcrumb":{"@id":"https:\/\/www.suno.com.br\/noticias\/onu-condena-invasao-ucrania-russia\/#breadcrumb"},"inLanguage":"pt-BR","potentialAction":[{"@type":"ReadAction","target":["https:\/\/www.suno.com.br\/noticias\/onu-condena-invasao-ucrania-russia\/"]}]},{"@type":"ImageObject","inLanguage":"pt-BR","@id":"https:\/\/www.suno.com.br\/noticias\/onu-condena-invasao-ucrania-russia\/#primaryimage","url":"https:\/\/files.sunoresearch.com.br\/n\/uploads\/2022\/03\/OnuSofiaPiassi.jpg","contentUrl":"https:\/\/files.sunoresearch.com.br\/n\/uploads\/2022\/03\/OnuSofiaPiassi.jpg","width":1600,"height":1200,"caption":"ONU condena ataque russo \u00e0 Ucr\u00e2nia."},{"@type":"BreadcrumbList","@id":"https:\/\/www.suno.com.br\/noticias\/onu-condena-invasao-ucrania-russia\/#breadcrumb","itemListElement":[{"@type":"ListItem","position":1,"name":"Not\u00edcias","item":"https:\/\/www.suno.com.br\/noticias\/"},{"@type":"ListItem","position":2,"name":"Neg\u00f3cios","item":"https:\/\/www.suno.com.br\/noticias\/negocios\/"},{"@type":"ListItem","position":3,"name":"ONU aprova resolu\u00e7\u00e3o que condena invas\u00e3o da Ucr\u00e2nia pela R\u00fassia"}]},{"@type":"WebSite","@id":"https:\/\/www.suno.com.br\/noticias\/#website","url":"https:\/\/www.suno.com.br\/noticias\/","name":"Suno Not\u00edcias","description":"Seu portal de informa\u00e7\u00e3o sobre o mundo dos investimentos","publisher":{"@id":"https:\/\/www.suno.com.br\/noticias\/#organization"},"potentialAction":[{"@type":"SearchAction","target":{"@type":"EntryPoint","urlTemplate":"https:\/\/www.suno.com.br\/noticias\/?s={search_term_string}"},"query-input":{"@type":"PropertyValueSpecification","valueRequired":true,"valueName":"search_term_string"}}],"inLanguage":"pt-BR"},{"@type":"Organization","@id":"https:\/\/www.suno.com.br\/noticias\/#organization","name":"Suno Not\u00edcias","url":"https:\/\/www.suno.com.br\/noticias\/","logo":{"@type":"ImageObject","inLanguage":"pt-BR","@id":"https:\/\/www.suno.com.br\/noticias\/#\/schema\/logo\/image\/","url":"https:\/\/files.sunoresearch.com.br\/n\/uploads\/2021\/09\/suno-logo.png","contentUrl":"https:\/\/files.sunoresearch.com.br\/n\/uploads\/2021\/09\/suno-logo.png","width":180,"height":180,"caption":"Suno Not\u00edcias"},"image":{"@id":"https:\/\/www.suno.com.br\/noticias\/#\/schema\/logo\/image\/"},"sameAs":["https:\/\/facebook.com\/sunoresearch","https:\/\/x.com\/sunoresearch","https:\/\/www.instagram.com\/suno","https:\/\/www.linkedin.com\/company\/suno-research\/","https:\/\/www.youtube.com\/c\/sunoresearch"]},{"@type":"Person","@id":"https:\/\/www.suno.com.br\/noticias\/#\/schema\/person\/06f0d962a6b1c54852e4860f16935600","name":"Bruno Galv\u00e3o","image":{"@type":"ImageObject","inLanguage":"pt-BR","@id":"https:\/\/www.suno.com.br\/noticias\/#\/schema\/person\/image\/","url":"https:\/\/secure.gravatar.com\/avatar\/53598df0b41c00f12f287a912d0e918e?s=96&r=g","contentUrl":"https:\/\/secure.gravatar.com\/avatar\/53598df0b41c00f12f287a912d0e918e?s=96&r=g","caption":"Bruno Galv\u00e3o"},"description":"Escreve para o portal Suno Not\u00edcias. \u00c9 estudante de Jornalismo pela Faculdade C\u00e1sper L\u00edbero e Letras pela USP. Entusiasta de tecnologia e intelig\u00eancia artificial.","url":"https:\/\/www.suno.com.br\/noticias\/author\/bruno-garcia\/"}]}},"default_loop_html":"<div class=\"cardsPage__listCard__boxs\"><div class=\"cardsPage__listCard__boxs__img\"><a href=\"https:\/\/www.suno.com.br\/noticias\/onu-condena-invasao-ucrania-russia\/\"><img class=\"mask\" src=\"https:\/\/www.suno.com.br\/noticias\/wp-content\/themes\/suno\/resources\/images\/spotlight\/spotlight1img\/bg-mask.png\" alt=\"Image Mask\"\/><img src=\"https:\/\/files.sunoresearch.com.br\/n\/uploads\/2022\/03\/OnuSofiaPiassi-400x200.jpg\" alt=\"ONU aprova resolu\u00e7\u00e3o que condena invas\u00e3o da Ucr\u00e2nia pela R\u00fassia\"\/><\/a><span class=\"spotlightCategory\"><a href=\"https:\/\/www.suno.com.br\/noticias\/negocios\/\">Neg\u00f3cios<\/a><\/span><\/div><div class=\"cardsPage__listCard__boxs__content\"><a href=\"https:\/\/www.suno.com.br\/noticias\/onu-condena-invasao-ucrania-russia\/\"><h2 class=\"content__title\">ONU aprova resolu\u00e7\u00e3o que condena invas\u00e3o da Ucr\u00e2nia pela R\u00fassia<\/h2><\/a><div class=\"newsContent__article__meta\"><div class=\"newsContent__article__meta__authorBox\"><a href=\"https:\/\/www.suno.com.br\/noticias\/author\/bruno-garcia\/\" class=\"authorBox__avatar noMobi\"><img src=\"https:\/\/secure.gravatar.com\/avatar\/53598df0b41c00f12f287a912d0e918e?s=96&#038;r=g\" alt=\"Bruno Galv\u00e3o\"><\/a><div class=\"authorBox__name\"><span>por\n\t\t\t<a href=\"https:\/\/www.suno.com.br\/noticias\/author\/bruno-garcia\/\"><span itemprop=\"author\">Bruno Galv\u00e3o<\/span><\/a><\/span><time datetime=\"2022-03-02T16:04:43-03:00\" itemprop=\"datePublished\">02\/03\/2022 16:04<\/time><\/div><\/div><\/div><\/div><\/div>","single_layout":"posts","amp_enabled":true,"_links":{"self":[{"href":"https:\/\/www.suno.com.br\/noticias\/wp-json\/wp\/v2\/posts\/236670"}],"collection":[{"href":"https:\/\/www.suno.com.br\/noticias\/wp-json\/wp\/v2\/posts"}],"about":[{"href":"https:\/\/www.suno.com.br\/noticias\/wp-json\/wp\/v2\/types\/post"}],"author":[{"embeddable":true,"href":"https:\/\/www.suno.com.br\/noticias\/wp-json\/wp\/v2\/users\/118"}],"replies":[{"embeddable":true,"href":"https:\/\/www.suno.com.br\/noticias\/wp-json\/wp\/v2\/comments?post=236670"}],"version-history":[{"count":3,"href":"https:\/\/www.suno.com.br\/noticias\/wp-json\/wp\/v2\/posts\/236670\/revisions"}],"predecessor-version":[{"id":236736,"href":"https:\/\/www.suno.com.br\/noticias\/wp-json\/wp\/v2\/posts\/236670\/revisions\/236736"}],"wp:featuredmedia":[{"embeddable":true,"href":"https:\/\/www.suno.com.br\/noticias\/wp-json\/wp\/v2\/media\/236713"}],"wp:attachment":[{"href":"https:\/\/www.suno.com.br\/noticias\/wp-json\/wp\/v2\/media?parent=236670"}],"wp:term":[{"taxonomy":"category","embeddable":true,"href":"https:\/\/www.suno.com.br\/noticias\/wp-json\/wp\/v2\/categories?post=236670"},{"taxonomy":"post_tag","embeddable":true,"href":"https:\/\/www.suno.com.br\/noticias\/wp-json\/wp\/v2\/tags?post=236670"},{"taxonomy":"suno_strategy","embeddable":true,"href":"https:\/\/www.suno.com.br\/noticias\/wp-json\/wp\/v2\/suno_strategy?post=236670"}],"curies":[{"name":"wp","href":"https:\/\/api.w.org\/{rel}","templated":true}]}}