{"id":23662,"date":"2019-05-08T09:07:31","date_gmt":"2019-05-08T12:07:31","guid":{"rendered":"https:\/\/www.suno.com.br\/noticias\/?p=23662"},"modified":"2019-05-08T09:08:13","modified_gmt":"2019-05-08T12:08:13","slug":"bolsonaro-decreto-de-armas-facilita-porte-para-politicos-e-caminhoneiros","status":"publish","type":"post","link":"https:\/\/www.suno.com.br\/noticias\/bolsonaro-decreto-de-armas-facilita-porte-para-politicos-e-caminhoneiros\/","title":{"rendered":"Bolsonaro: decreto de armas facilita porte para pol\u00edticos e caminhoneiros"},"content":{"rendered":"<p>O decreto sobre armas assinado por Jair Bolsonaro na ter\u00e7a-feira (7) estende o porte para pelo menos 20 categorias. Sendo assim, profissionais como <strong>pol\u00edticos, caminhoneiros<\/strong> e <strong>advogados<\/strong> n\u00e3o precisar\u00e3o comprovar &#8220;efetiva necessidade&#8221; para solicitar o <strong>porte de arma.<\/strong><\/p>\t<div class=\"wrapper-featured-image\">\n\t\t<figure class=\"spotlightImg\">\n\n\t\t\t<picture>\n\t\t\t\t<source media=\"(max-width: 768px)\" srcset=\"https:\/\/files.sunoresearch.com.br\/n\/uploads\/2019\/05\/074cf443-bolsonaro-400x200.webp\">\n\t\t\t\t<img loading=\"lazy\" decoding=\"async\" class=\"newsContent__article__imgCapa lazyloadDisabled newsContent__article__imgCapa--noCaption\" src=\"https:\/\/files.sunoresearch.com.br\/n\/uploads\/2019\/05\/074cf443-bolsonaro-800x450.webp\" width=\"800\" height=\"450\" alt=\"Bolsonaro: decreto de armas facilita porte para pol\u00edticos e caminhoneiros\" fetchpriority=high \/>\n\t\t\t<\/picture>\n\n\t\t\t<figcaption class=\"wp-caption-text wp-caption-text--hide\">correios<\/figcaption>\n\t\t<\/figure>\n\t<\/div>\n\n\n<p>Confira algumas dessas categorias que ter\u00e3o mais facilidade com o decreto de <strong>Bolsonaro:<\/strong><\/p>\n\t<p>\n\t\t<a href=\"https:\/\/lp.statusinvest.com.br\/ao\/assessoria-status-invest\/\" target=\"_blank\" data-element=\"shortcode-suno-banner\" title=\"Banner SUNO, clique e saiba mais\">\n\t\t\t<picture>\n\t\t\t\t<source media=\"(max-width: 500px)\" srcset=\"https:\/\/files.sunoresearch.com.br\/n\/uploads\/2024\/03\/400x300-Mobile-1.png\">\n\t\t\t\t<img class=\"newsContent__article__imgCapa newsContent__article__imgCapa--banner\"\n\t\t\t\t\tsrc=\"https:\/\/files.sunoresearch.com.br\/n\/uploads\/2024\/03\/1420-x-240-Desktop.png\"\n\t\t\t\t\tdata-promo-id=\"537299\"\t\t\t\t\t\t\t\t\t\twidth='1420' height='250'\t\t\t\t\talt=\"https:\/\/files.sunoresearch.com.br\/n\/uploads\/2024\/03\/1420-x-240-Desktop.png\"\n\t\t\t\t>\n\t\t\t<\/picture>\n\t\t<\/a>\n\t<\/p>\n\n\n<ul>\n<li>pol\u00edticos eleitos;<\/li>\n<li>caminhoneiros;<\/li>\n<li>advogados;<\/li>\n<li>profissionais de imprensa que atuam em coberturas policiais;<\/li>\n<li>agentes de tr\u00e2nsito.<\/li>\n<\/ul>\n<p>A solicita\u00e7\u00e3o para o porte de <strong>armas<\/strong> \u00e9 feita \u00e0 <strong>Pol\u00edcia Federal<\/strong> e precisava, at\u00e9 ent\u00e3o, de uma s\u00e9rie de requisitos como:<\/p>\n<ul>\n<li>comprova\u00e7\u00e3o de aptid\u00e3o t\u00e9cnica;<\/li>\n<li>capacidade psicol\u00f3gica;<\/li>\n<li>aus\u00eancia de antecedentes criminai;<\/li>\n<li>comprova\u00e7\u00e3o de necessidade.<\/li>\n<\/ul>\n<p>Dessa forma, a necessidade deveria ser comprovada por exerc\u00edcio de atividade profissional de risco ou que representem amea\u00e7a \u00e0 integridade f\u00edsica. Entretanto, a partir de agora esta solicita\u00e7\u00e3o ser\u00e1 mais f\u00e1cil e n\u00e3o ter\u00e1 mais tantas exig\u00eancias.<\/p>\n<p><a href=\"https:\/\/www.suno.com.br\/noticias\/bolsonaro-assina-decreto-que-altera-regras-de-uso-de-armas-e-municoes\/\">Saiba Mais: Bolsonaro assina decreto que altera regras de uso de armas e muni\u00e7\u00f5es<\/a><\/p>\n<h2>Decreto de armas, promessa de Bolsonaro<\/h2>\n<p>O decretos de armas assinado por Bolsonaro era uma promessa de campanha do presidente. De acordo com\u00a0<strong>Bolsonaro<\/strong>, a medida trar\u00e1 maior prote\u00e7\u00e3o individual.<\/p>\n<p>&#8220;O nosso decreto n\u00e3o \u00e9 um projeto de <strong>seguran\u00e7a p\u00fablica<\/strong>. \u00c9, no nosso entendimento, algo mais importante. \u00c9 um <strong>direito individual<\/strong> daquele que, porventura, queira ter uma <strong>arma de fogo<\/strong>, buscar a posse, que seja direito dele, respeitando alguns requisitos&#8221;, declarou.<\/p>\n<p><a href=\"https:\/\/www.suno.com.br\/noticias\/bolsonaro-liberar-compra-municao-a-vontade\/\">Saiba mais:\u00a0Bolsonaro vai assinar decreto que quebra monop\u00f3lio da Taurus<\/a><\/p>\n<p>Dessa forma, as principais medidas do decreto s\u00e3o:<\/p>\n<ul>\n<li>Quebra do <strong>monop\u00f3lio<\/strong> de importa\u00e7\u00e3o de armas no Brasil;<\/li>\n<li>Autoriza\u00e7\u00e3o para colecionadores, atiradores desportivos e ca\u00e7adores (CASs) de se locomoverem entre a sua residencia e o local de tiros com a arma carregada;<\/li>\n<li>Libera\u00e7\u00e3o para o <strong>propriet\u00e1rio rural<\/strong> com posse de <strong>arma de fogo<\/strong> usar arma em todo o per\u00edmetro da sua propriedade;<\/li>\n<li>Pra\u00e7as das For\u00e7as Armadas com mais de dez anos ter\u00e3o direito ao porte de arma;<\/li>\n<li>O total de compras de cartuchos passar\u00e1 de 50 para at\u00e9 mil cartuchos por ano;<\/li>\n<\/ul>\n<p>&#8220;N\u00f3s fomos ao limite da lei. N\u00e3o inventamos nada nem passamos por cima da lei. O que a lei abriu oportunidade para n\u00f3s, n\u00f3s fomos l\u00e1 no limite, l\u00e1 nos &#8216;finalmente&#8217;. Apesar de eu falar agora que n\u00e3o \u00e9 pol\u00edtica de seguran\u00e7a p\u00fablica, sempre disse que a <strong>seguran\u00e7a p\u00fablica<\/strong> come\u00e7a dentro de casa&#8221;, afirmou.<\/p>\n","protected":false},"excerpt":{"rendered":"<p>O decreto sobre armas assinado por Jair Bolsonaro na ter\u00e7a-feira (7) estende o porte para pelo menos 20 categorias. Sendo assim, profissionais como pol\u00edticos, caminhoneiros e advogados n\u00e3o precisar\u00e3o comprovar &#8220;efetiva necessidade&#8221; para solicitar o porte de arma. correios Confira algumas dessas categorias que ter\u00e3o mais facilidade com o decreto de Bolsonaro: pol\u00edticos eleitos; caminhoneiros; [&hellip;]<\/p>\n","protected":false},"author":16,"featured_media":23663,"comment_status":"closed","ping_status":"closed","sticky":false,"template":"","format":"standard","meta":[],"categories":[61],"tags":[981,719],"suno_strategy":[],"class_list":["post-23662","post","type-post","status-publish","format-standard","has-post-thumbnail","hentry","category-politica","tag-armas","tag-jair-bolsonaro"],"yoast_head":"<!-- This site is optimized with the Yoast SEO plugin v24.4 - https:\/\/yoast.com\/wordpress\/plugins\/seo\/ -->\n<title>Bolsonaro: Decreto de armas estende porte para pol\u00edticos e caminhoneiros<\/title>\n<meta name=\"description\" content=\"Decreto que muda a regulamenta\u00e7\u00e3o para o porte de armas foi assinado pelo presidente Jair Bolsonaro na ter\u00e7a. Clique e saiba o que muda.\" \/>\n<meta name=\"robots\" content=\"index, follow, max-snippet:-1, max-image-preview:large, max-video-preview:-1\" \/>\n<link rel=\"canonical\" href=\"https:\/\/www.suno.com.br\/noticias\/bolsonaro-decreto-de-armas-facilita-porte-para-politicos-e-caminhoneiros\/\" \/>\n<meta property=\"og:locale\" content=\"pt_BR\" \/>\n<meta property=\"og:type\" content=\"article\" \/>\n<meta property=\"og:title\" content=\"Bolsonaro: Decreto de armas estende porte para pol\u00edticos e caminhoneiros\" \/>\n<meta property=\"og:description\" content=\"Decreto que muda a regulamenta\u00e7\u00e3o para o porte de armas foi assinado pelo presidente Jair Bolsonaro na ter\u00e7a. Clique e saiba o que muda.\" \/>\n<meta property=\"og:url\" content=\"https:\/\/www.suno.com.br\/noticias\/bolsonaro-decreto-de-armas-facilita-porte-para-politicos-e-caminhoneiros\/\" \/>\n<meta property=\"og:site_name\" content=\"Suno Not\u00edcias\" \/>\n<meta property=\"article:publisher\" content=\"https:\/\/facebook.com\/sunoresearch\" \/>\n<meta property=\"og:image\" content=\"https:\/\/files.sunoresearch.com.br\/n\/uploads\/2019\/05\/074cf443-bolsonaro.jpg\" \/>\n\t<meta property=\"og:image:width\" content=\"1024\" \/>\n\t<meta property=\"og:image:height\" content=\"683\" \/>\n\t<meta property=\"og:image:type\" content=\"image\/jpeg\" \/>\n<meta name=\"author\" content=\"Beatriz Oliveira\" \/>\n<meta name=\"twitter:card\" content=\"summary_large_image\" \/>\n<meta name=\"twitter:creator\" content=\"@sunoresearch\" \/>\n<meta name=\"twitter:site\" content=\"@sunoresearch\" \/>\n<meta name=\"twitter:label1\" content=\"Escrito por\" \/>\n\t<meta name=\"twitter:data1\" content=\"Beatriz Oliveira\" \/>\n\t<meta name=\"twitter:label2\" content=\"Est. tempo de leitura\" \/>\n\t<meta name=\"twitter:data2\" content=\"2 minutos\" \/>\n<script type=\"application\/ld+json\" class=\"yoast-schema-graph\">{\"@context\":\"https:\/\/schema.org\",\"@graph\":[{\"@type\":\"NewsArticle\",\"@id\":\"https:\/\/www.suno.com.br\/noticias\/bolsonaro-decreto-de-armas-facilita-porte-para-politicos-e-caminhoneiros\/#article\",\"isPartOf\":{\"@id\":\"https:\/\/www.suno.com.br\/noticias\/bolsonaro-decreto-de-armas-facilita-porte-para-politicos-e-caminhoneiros\/\"},\"author\":{\"name\":\"Beatriz Oliveira\",\"@id\":\"https:\/\/www.suno.com.br\/noticias\/#\/schema\/person\/e67f665add014bf99f644028de070cc3\"},\"headline\":\"Bolsonaro: decreto de armas facilita porte para pol\u00edticos e caminhoneiros\",\"datePublished\":\"2019-05-08T12:07:31+00:00\",\"dateModified\":\"2019-05-08T12:08:13+00:00\",\"mainEntityOfPage\":{\"@id\":\"https:\/\/www.suno.com.br\/noticias\/bolsonaro-decreto-de-armas-facilita-porte-para-politicos-e-caminhoneiros\/\"},\"wordCount\":435,\"publisher\":{\"@id\":\"https:\/\/www.suno.com.br\/noticias\/#organization\"},\"image\":{\"@id\":\"https:\/\/www.suno.com.br\/noticias\/bolsonaro-decreto-de-armas-facilita-porte-para-politicos-e-caminhoneiros\/#primaryimage\"},\"thumbnailUrl\":\"https:\/\/files.sunoresearch.com.br\/n\/uploads\/2019\/05\/074cf443-bolsonaro-jpg.webp\",\"keywords\":[\"Armas\",\"Jair Bolsonaro\"],\"articleSection\":[\"Pol\u00edtica\"],\"inLanguage\":\"pt-BR\"},{\"@type\":\"WebPage\",\"@id\":\"https:\/\/www.suno.com.br\/noticias\/bolsonaro-decreto-de-armas-facilita-porte-para-politicos-e-caminhoneiros\/\",\"url\":\"https:\/\/www.suno.com.br\/noticias\/bolsonaro-decreto-de-armas-facilita-porte-para-politicos-e-caminhoneiros\/\",\"name\":\"Bolsonaro: Decreto de armas estende porte para pol\u00edticos e caminhoneiros\",\"isPartOf\":{\"@id\":\"https:\/\/www.suno.com.br\/noticias\/#website\"},\"primaryImageOfPage\":{\"@id\":\"https:\/\/www.suno.com.br\/noticias\/bolsonaro-decreto-de-armas-facilita-porte-para-politicos-e-caminhoneiros\/#primaryimage\"},\"image\":{\"@id\":\"https:\/\/www.suno.com.br\/noticias\/bolsonaro-decreto-de-armas-facilita-porte-para-politicos-e-caminhoneiros\/#primaryimage\"},\"thumbnailUrl\":\"https:\/\/files.sunoresearch.com.br\/n\/uploads\/2019\/05\/074cf443-bolsonaro-jpg.webp\",\"datePublished\":\"2019-05-08T12:07:31+00:00\",\"dateModified\":\"2019-05-08T12:08:13+00:00\",\"description\":\"Decreto que muda a regulamenta\u00e7\u00e3o para o porte de armas foi assinado pelo presidente Jair Bolsonaro na ter\u00e7a. Clique e saiba o que muda.\",\"breadcrumb\":{\"@id\":\"https:\/\/www.suno.com.br\/noticias\/bolsonaro-decreto-de-armas-facilita-porte-para-politicos-e-caminhoneiros\/#breadcrumb\"},\"inLanguage\":\"pt-BR\",\"potentialAction\":[{\"@type\":\"ReadAction\",\"target\":[\"https:\/\/www.suno.com.br\/noticias\/bolsonaro-decreto-de-armas-facilita-porte-para-politicos-e-caminhoneiros\/\"]}]},{\"@type\":\"ImageObject\",\"inLanguage\":\"pt-BR\",\"@id\":\"https:\/\/www.suno.com.br\/noticias\/bolsonaro-decreto-de-armas-facilita-porte-para-politicos-e-caminhoneiros\/#primaryimage\",\"url\":\"https:\/\/files.sunoresearch.com.br\/n\/uploads\/2019\/05\/074cf443-bolsonaro-jpg.webp\",\"contentUrl\":\"https:\/\/files.sunoresearch.com.br\/n\/uploads\/2019\/05\/074cf443-bolsonaro-jpg.webp\",\"width\":1024,\"height\":683,\"caption\":\"correios\"},{\"@type\":\"BreadcrumbList\",\"@id\":\"https:\/\/www.suno.com.br\/noticias\/bolsonaro-decreto-de-armas-facilita-porte-para-politicos-e-caminhoneiros\/#breadcrumb\",\"itemListElement\":[{\"@type\":\"ListItem\",\"position\":1,\"name\":\"Not\u00edcias\",\"item\":\"https:\/\/www.suno.com.br\/noticias\/\"},{\"@type\":\"ListItem\",\"position\":2,\"name\":\"Pol\u00edtica\",\"item\":\"https:\/\/www.suno.com.br\/noticias\/politica\/\"},{\"@type\":\"ListItem\",\"position\":3,\"name\":\"Bolsonaro: decreto de armas facilita porte para pol\u00edticos e caminhoneiros\"}]},{\"@type\":\"WebSite\",\"@id\":\"https:\/\/www.suno.com.br\/noticias\/#website\",\"url\":\"https:\/\/www.suno.com.br\/noticias\/\",\"name\":\"Suno Not\u00edcias\",\"description\":\"Seu portal de informa\u00e7\u00e3o sobre o mundo dos investimentos\",\"publisher\":{\"@id\":\"https:\/\/www.suno.com.br\/noticias\/#organization\"},\"potentialAction\":[{\"@type\":\"SearchAction\",\"target\":{\"@type\":\"EntryPoint\",\"urlTemplate\":\"https:\/\/www.suno.com.br\/noticias\/?s={search_term_string}\"},\"query-input\":{\"@type\":\"PropertyValueSpecification\",\"valueRequired\":true,\"valueName\":\"search_term_string\"}}],\"inLanguage\":\"pt-BR\"},{\"@type\":\"Organization\",\"@id\":\"https:\/\/www.suno.com.br\/noticias\/#organization\",\"name\":\"Suno Not\u00edcias\",\"url\":\"https:\/\/www.suno.com.br\/noticias\/\",\"logo\":{\"@type\":\"ImageObject\",\"inLanguage\":\"pt-BR\",\"@id\":\"https:\/\/www.suno.com.br\/noticias\/#\/schema\/logo\/image\/\",\"url\":\"https:\/\/files.sunoresearch.com.br\/n\/uploads\/2021\/09\/suno-logo.png\",\"contentUrl\":\"https:\/\/files.sunoresearch.com.br\/n\/uploads\/2021\/09\/suno-logo.png\",\"width\":180,\"height\":180,\"caption\":\"Suno Not\u00edcias\"},\"image\":{\"@id\":\"https:\/\/www.suno.com.br\/noticias\/#\/schema\/logo\/image\/\"},\"sameAs\":[\"https:\/\/facebook.com\/sunoresearch\",\"https:\/\/x.com\/sunoresearch\",\"https:\/\/www.instagram.com\/suno\",\"https:\/\/www.linkedin.com\/company\/suno-research\/\",\"https:\/\/www.youtube.com\/c\/sunoresearch\"]},{\"@type\":\"Person\",\"@id\":\"https:\/\/www.suno.com.br\/noticias\/#\/schema\/person\/e67f665add014bf99f644028de070cc3\",\"name\":\"Beatriz Oliveira\",\"image\":{\"@type\":\"ImageObject\",\"inLanguage\":\"pt-BR\",\"@id\":\"https:\/\/www.suno.com.br\/noticias\/#\/schema\/person\/image\/\",\"url\":\"https:\/\/secure.gravatar.com\/avatar\/c9aa6a0aaecc598d257d5d5bd349157d?s=96&r=g\",\"contentUrl\":\"https:\/\/secure.gravatar.com\/avatar\/c9aa6a0aaecc598d257d5d5bd349157d?s=96&r=g\",\"caption\":\"Beatriz Oliveira\"},\"description\":\"Formada em Jornalismo pela Faculdade Paulus de Tecnologia e Comunica\u00e7\u00e3o, Beatriz Oliveira escreve para o portal de not\u00edcias Suno Research. Antes, passou pelas reda\u00e7\u00f5es da Revista EXAME e da Rede Bandeirantes.\",\"url\":\"https:\/\/www.suno.com.br\/noticias\/author\/beatriz\/\"}]}<\/script>\n<!-- \/ Yoast SEO plugin. -->","yoast_head_json":{"title":"Bolsonaro: Decreto de armas estende porte para pol\u00edticos e caminhoneiros","description":"Decreto que muda a regulamenta\u00e7\u00e3o para o porte de armas foi assinado pelo presidente Jair Bolsonaro na ter\u00e7a. Clique e saiba o que muda.","robots":{"index":"index","follow":"follow","max-snippet":"max-snippet:-1","max-image-preview":"max-image-preview:large","max-video-preview":"max-video-preview:-1"},"canonical":"https:\/\/www.suno.com.br\/noticias\/bolsonaro-decreto-de-armas-facilita-porte-para-politicos-e-caminhoneiros\/","og_locale":"pt_BR","og_type":"article","og_title":"Bolsonaro: Decreto de armas estende porte para pol\u00edticos e caminhoneiros","og_description":"Decreto que muda a regulamenta\u00e7\u00e3o para o porte de armas foi assinado pelo presidente Jair Bolsonaro na ter\u00e7a. Clique e saiba o que muda.","og_url":"https:\/\/www.suno.com.br\/noticias\/bolsonaro-decreto-de-armas-facilita-porte-para-politicos-e-caminhoneiros\/","og_site_name":"Suno Not\u00edcias","article_publisher":"https:\/\/facebook.com\/sunoresearch","og_image":[{"width":1024,"height":683,"url":"https:\/\/files.sunoresearch.com.br\/n\/uploads\/2019\/05\/074cf443-bolsonaro.jpg","type":"image\/jpeg"}],"author":"Beatriz Oliveira","twitter_card":"summary_large_image","twitter_creator":"@sunoresearch","twitter_site":"@sunoresearch","twitter_misc":{"Escrito por":"Beatriz Oliveira","Est. tempo de leitura":"2 minutos"},"schema":{"@context":"https:\/\/schema.org","@graph":[{"@type":"NewsArticle","@id":"https:\/\/www.suno.com.br\/noticias\/bolsonaro-decreto-de-armas-facilita-porte-para-politicos-e-caminhoneiros\/#article","isPartOf":{"@id":"https:\/\/www.suno.com.br\/noticias\/bolsonaro-decreto-de-armas-facilita-porte-para-politicos-e-caminhoneiros\/"},"author":{"name":"Beatriz Oliveira","@id":"https:\/\/www.suno.com.br\/noticias\/#\/schema\/person\/e67f665add014bf99f644028de070cc3"},"headline":"Bolsonaro: decreto de armas facilita porte para pol\u00edticos e caminhoneiros","datePublished":"2019-05-08T12:07:31+00:00","dateModified":"2019-05-08T12:08:13+00:00","mainEntityOfPage":{"@id":"https:\/\/www.suno.com.br\/noticias\/bolsonaro-decreto-de-armas-facilita-porte-para-politicos-e-caminhoneiros\/"},"wordCount":435,"publisher":{"@id":"https:\/\/www.suno.com.br\/noticias\/#organization"},"image":{"@id":"https:\/\/www.suno.com.br\/noticias\/bolsonaro-decreto-de-armas-facilita-porte-para-politicos-e-caminhoneiros\/#primaryimage"},"thumbnailUrl":"https:\/\/files.sunoresearch.com.br\/n\/uploads\/2019\/05\/074cf443-bolsonaro-jpg.webp","keywords":["Armas","Jair Bolsonaro"],"articleSection":["Pol\u00edtica"],"inLanguage":"pt-BR"},{"@type":"WebPage","@id":"https:\/\/www.suno.com.br\/noticias\/bolsonaro-decreto-de-armas-facilita-porte-para-politicos-e-caminhoneiros\/","url":"https:\/\/www.suno.com.br\/noticias\/bolsonaro-decreto-de-armas-facilita-porte-para-politicos-e-caminhoneiros\/","name":"Bolsonaro: Decreto de armas estende porte para pol\u00edticos e caminhoneiros","isPartOf":{"@id":"https:\/\/www.suno.com.br\/noticias\/#website"},"primaryImageOfPage":{"@id":"https:\/\/www.suno.com.br\/noticias\/bolsonaro-decreto-de-armas-facilita-porte-para-politicos-e-caminhoneiros\/#primaryimage"},"image":{"@id":"https:\/\/www.suno.com.br\/noticias\/bolsonaro-decreto-de-armas-facilita-porte-para-politicos-e-caminhoneiros\/#primaryimage"},"thumbnailUrl":"https:\/\/files.sunoresearch.com.br\/n\/uploads\/2019\/05\/074cf443-bolsonaro-jpg.webp","datePublished":"2019-05-08T12:07:31+00:00","dateModified":"2019-05-08T12:08:13+00:00","description":"Decreto que muda a regulamenta\u00e7\u00e3o para o porte de armas foi assinado pelo presidente Jair Bolsonaro na ter\u00e7a. Clique e saiba o que muda.","breadcrumb":{"@id":"https:\/\/www.suno.com.br\/noticias\/bolsonaro-decreto-de-armas-facilita-porte-para-politicos-e-caminhoneiros\/#breadcrumb"},"inLanguage":"pt-BR","potentialAction":[{"@type":"ReadAction","target":["https:\/\/www.suno.com.br\/noticias\/bolsonaro-decreto-de-armas-facilita-porte-para-politicos-e-caminhoneiros\/"]}]},{"@type":"ImageObject","inLanguage":"pt-BR","@id":"https:\/\/www.suno.com.br\/noticias\/bolsonaro-decreto-de-armas-facilita-porte-para-politicos-e-caminhoneiros\/#primaryimage","url":"https:\/\/files.sunoresearch.com.br\/n\/uploads\/2019\/05\/074cf443-bolsonaro-jpg.webp","contentUrl":"https:\/\/files.sunoresearch.com.br\/n\/uploads\/2019\/05\/074cf443-bolsonaro-jpg.webp","width":1024,"height":683,"caption":"correios"},{"@type":"BreadcrumbList","@id":"https:\/\/www.suno.com.br\/noticias\/bolsonaro-decreto-de-armas-facilita-porte-para-politicos-e-caminhoneiros\/#breadcrumb","itemListElement":[{"@type":"ListItem","position":1,"name":"Not\u00edcias","item":"https:\/\/www.suno.com.br\/noticias\/"},{"@type":"ListItem","position":2,"name":"Pol\u00edtica","item":"https:\/\/www.suno.com.br\/noticias\/politica\/"},{"@type":"ListItem","position":3,"name":"Bolsonaro: decreto de armas facilita porte para pol\u00edticos e caminhoneiros"}]},{"@type":"WebSite","@id":"https:\/\/www.suno.com.br\/noticias\/#website","url":"https:\/\/www.suno.com.br\/noticias\/","name":"Suno Not\u00edcias","description":"Seu portal de informa\u00e7\u00e3o sobre o mundo dos investimentos","publisher":{"@id":"https:\/\/www.suno.com.br\/noticias\/#organization"},"potentialAction":[{"@type":"SearchAction","target":{"@type":"EntryPoint","urlTemplate":"https:\/\/www.suno.com.br\/noticias\/?s={search_term_string}"},"query-input":{"@type":"PropertyValueSpecification","valueRequired":true,"valueName":"search_term_string"}}],"inLanguage":"pt-BR"},{"@type":"Organization","@id":"https:\/\/www.suno.com.br\/noticias\/#organization","name":"Suno Not\u00edcias","url":"https:\/\/www.suno.com.br\/noticias\/","logo":{"@type":"ImageObject","inLanguage":"pt-BR","@id":"https:\/\/www.suno.com.br\/noticias\/#\/schema\/logo\/image\/","url":"https:\/\/files.sunoresearch.com.br\/n\/uploads\/2021\/09\/suno-logo.png","contentUrl":"https:\/\/files.sunoresearch.com.br\/n\/uploads\/2021\/09\/suno-logo.png","width":180,"height":180,"caption":"Suno Not\u00edcias"},"image":{"@id":"https:\/\/www.suno.com.br\/noticias\/#\/schema\/logo\/image\/"},"sameAs":["https:\/\/facebook.com\/sunoresearch","https:\/\/x.com\/sunoresearch","https:\/\/www.instagram.com\/suno","https:\/\/www.linkedin.com\/company\/suno-research\/","https:\/\/www.youtube.com\/c\/sunoresearch"]},{"@type":"Person","@id":"https:\/\/www.suno.com.br\/noticias\/#\/schema\/person\/e67f665add014bf99f644028de070cc3","name":"Beatriz Oliveira","image":{"@type":"ImageObject","inLanguage":"pt-BR","@id":"https:\/\/www.suno.com.br\/noticias\/#\/schema\/person\/image\/","url":"https:\/\/secure.gravatar.com\/avatar\/c9aa6a0aaecc598d257d5d5bd349157d?s=96&r=g","contentUrl":"https:\/\/secure.gravatar.com\/avatar\/c9aa6a0aaecc598d257d5d5bd349157d?s=96&r=g","caption":"Beatriz Oliveira"},"description":"Formada em Jornalismo pela Faculdade Paulus de Tecnologia e Comunica\u00e7\u00e3o, Beatriz Oliveira escreve para o portal de not\u00edcias Suno Research. Antes, passou pelas reda\u00e7\u00f5es da Revista EXAME e da Rede Bandeirantes.","url":"https:\/\/www.suno.com.br\/noticias\/author\/beatriz\/"}]}},"default_loop_html":"<div class=\"cardsPage__listCard__boxs\"><div class=\"cardsPage__listCard__boxs__img\"><a href=\"https:\/\/www.suno.com.br\/noticias\/bolsonaro-decreto-de-armas-facilita-porte-para-politicos-e-caminhoneiros\/\"><img class=\"mask\" src=\"https:\/\/www.suno.com.br\/noticias\/wp-content\/themes\/suno\/resources\/images\/spotlight\/spotlight1img\/bg-mask.png\" alt=\"Image Mask\"\/><img src=\"https:\/\/files.sunoresearch.com.br\/n\/uploads\/2019\/05\/074cf443-bolsonaro-400x200.webp\" alt=\"Bolsonaro: decreto de armas facilita porte para pol\u00edticos e caminhoneiros\"\/><\/a><span class=\"spotlightCategory\"><a href=\"https:\/\/www.suno.com.br\/noticias\/politica\/\">Pol\u00edtica<\/a><\/span><\/div><div class=\"cardsPage__listCard__boxs__content\"><a href=\"https:\/\/www.suno.com.br\/noticias\/bolsonaro-decreto-de-armas-facilita-porte-para-politicos-e-caminhoneiros\/\"><h2 class=\"content__title\">Bolsonaro: decreto de armas facilita porte para pol\u00edticos e caminhoneiros<\/h2><\/a><div class=\"newsContent__article__meta\"><div class=\"newsContent__article__meta__authorBox\"><a href=\"https:\/\/www.suno.com.br\/noticias\/author\/beatriz\/\" class=\"authorBox__avatar noMobi\"><img src=\"https:\/\/secure.gravatar.com\/avatar\/c9aa6a0aaecc598d257d5d5bd349157d?s=96&#038;r=g\" alt=\"Beatriz Oliveira\"><\/a><div class=\"authorBox__name\"><span>por\n\t\t\t<a href=\"https:\/\/www.suno.com.br\/noticias\/author\/beatriz\/\"><span itemprop=\"author\">Beatriz Oliveira<\/span><\/a><\/span><time datetime=\"2019-05-08T09:07:31-03:00\" itemprop=\"datePublished\">08\/05\/2019 09:07<\/time><\/div><\/div><\/div><\/div><\/div>","single_layout":"posts","amp_enabled":true,"_links":{"self":[{"href":"https:\/\/www.suno.com.br\/noticias\/wp-json\/wp\/v2\/posts\/23662"}],"collection":[{"href":"https:\/\/www.suno.com.br\/noticias\/wp-json\/wp\/v2\/posts"}],"about":[{"href":"https:\/\/www.suno.com.br\/noticias\/wp-json\/wp\/v2\/types\/post"}],"author":[{"embeddable":true,"href":"https:\/\/www.suno.com.br\/noticias\/wp-json\/wp\/v2\/users\/16"}],"replies":[{"embeddable":true,"href":"https:\/\/www.suno.com.br\/noticias\/wp-json\/wp\/v2\/comments?post=23662"}],"version-history":[{"count":0,"href":"https:\/\/www.suno.com.br\/noticias\/wp-json\/wp\/v2\/posts\/23662\/revisions"}],"wp:featuredmedia":[{"embeddable":true,"href":"https:\/\/www.suno.com.br\/noticias\/wp-json\/wp\/v2\/media\/23663"}],"wp:attachment":[{"href":"https:\/\/www.suno.com.br\/noticias\/wp-json\/wp\/v2\/media?parent=23662"}],"wp:term":[{"taxonomy":"category","embeddable":true,"href":"https:\/\/www.suno.com.br\/noticias\/wp-json\/wp\/v2\/categories?post=23662"},{"taxonomy":"post_tag","embeddable":true,"href":"https:\/\/www.suno.com.br\/noticias\/wp-json\/wp\/v2\/tags?post=23662"},{"taxonomy":"suno_strategy","embeddable":true,"href":"https:\/\/www.suno.com.br\/noticias\/wp-json\/wp\/v2\/suno_strategy?post=23662"}],"curies":[{"name":"wp","href":"https:\/\/api.w.org\/{rel}","templated":true}]}}