{"id":23660,"date":"2019-05-08T08:49:53","date_gmt":"2019-05-08T11:49:53","guid":{"rendered":"https:\/\/www.suno.com.br\/noticias\/?p=23660"},"modified":"2019-05-08T08:49:53","modified_gmt":"2019-05-08T11:49:53","slug":"avianca-perder-avioes-airbus","status":"publish","type":"post","link":"https:\/\/www.suno.com.br\/noticias\/avianca-perder-avioes-airbus\/","title":{"rendered":"Avianca pode perder quatro de seus seis avi\u00f5es para a Airbus"},"content":{"rendered":"<p>A Airbus pediu a reintegra\u00e7\u00e3o de quatro das seis aeronaves da Avianca Brasil na Justi\u00e7a de S\u00e3o Paulo.<\/p>\t<div class=\"wrapper-featured-image\">\n\t\t<figure class=\"spotlightImg\">\n\n\t\t\t<picture>\n\t\t\t\t<source media=\"(max-width: 768px)\" srcset=\"https:\/\/files.sunoresearch.com.br\/n\/uploads\/2019\/05\/d08bdac9-15821462391_b073f90329_k-400x200.webp\">\n\t\t\t\t<img loading=\"lazy\" decoding=\"async\" class=\"newsContent__article__imgCapa lazyloadDisabled newsContent__article__imgCapa--noCaption\" src=\"https:\/\/files.sunoresearch.com.br\/n\/uploads\/2019\/05\/d08bdac9-15821462391_b073f90329_k-800x450.webp\" width=\"800\" height=\"450\" alt=\"Avianca pode perder quatro de seus seis avi\u00f5es para a Airbus\" fetchpriority=high \/>\n\t\t\t<\/picture>\n\n\t\t\t<figcaption class=\"wp-caption-text wp-caption-text--hide\">A Justi\u00e7a de S\u00e3o Paulo liberou nesta segunda-feira (17) o leil\u00e3o de ativos da Avianca Brasil. <\/figcaption>\n\t\t<\/figure>\n\t<\/div>\n\n\n<p>O pedido da <strong>Airbus<\/strong> para retomada dos avi\u00f5es que a <strong>Avianca<\/strong> opera foi feito na \u00faltima segunda-feira (6), a cargo da ju\u00edza Paula da Rocha e Silva Formoso, da 36\u00aa Vara C\u00edvel do F\u00f3rum Central.<\/p>\n\t<p>\n\t\t<a href=\"https:\/\/lp.suno.com.br\/ebook-10-livros\/\" target=\"_blank\" data-element=\"shortcode-suno-banner\" title=\"Banner SUNO, clique e saiba mais\">\n\t\t\t<picture>\n\t\t\t\t<source media=\"(max-width: 500px)\" srcset=\"https:\/\/files.sunoresearch.com.br\/n\/uploads\/2023\/03\/400x300-10-livros.png\">\n\t\t\t\t<img class=\"newsContent__article__imgCapa newsContent__article__imgCapa--banner\"\n\t\t\t\t\tsrc=\"https:\/\/files.sunoresearch.com.br\/n\/uploads\/2023\/03\/1420x240-10-livros.png\"\n\t\t\t\t\tdata-promo-id=\"383159\"\t\t\t\t\t\t\t\t\t\twidth='1420' height='240'\t\t\t\t\talt=\"https:\/\/files.sunoresearch.com.br\/n\/uploads\/2023\/03\/1420x240-10-livros.png\"\n\t\t\t\t>\n\t\t\t<\/picture>\n\t\t<\/a>\n\t<\/p>\n\n\n<p>Caso a reintegra\u00e7\u00e3o de posse seja concedida pela Justi\u00e7a, a Avianca ficar\u00e1 com apenas dois avi\u00f5es, de uma frota que j\u00e1 chegou a 40 em 2018.<\/p>\n<p>As aeronaves perdidas seriam os Airbus A318, que acomodam 120 pessoas. As demais, s\u00e3o Airbus A319 de 132 lugares que pertencem uma \u00e0 Wells Fargo e outra \u00e0 Aircol 17.<\/p>\n<p>A empresa, que passa por recupera\u00e7\u00e3o judicial desde dezembro \u00faltimo, perde as aeronaves \u00e0 medida que as empresas de &#8216;leasing&#8217; obt\u00e9m na Justi\u00e7a o direito de retomar os avi\u00f5es devido \u00e0 inadimpl\u00eancia.<\/p>\n<h2>Reintegra\u00e7\u00e3o de posse<\/h2>\n<p>O pedido de reintegra\u00e7\u00e3o de posse foi realizado logo ap\u00f3s a Justi\u00e7a suspender o leil\u00e3o dos ativos da empresa, atendendo a um pedido da Swissport Brrasil, que estava previsto para a \u00faltima ter\u00e7a-feira (7).<\/p>\n<p>A <strong>Swissport<\/strong> <strong>Brasil<\/strong> afirma ser credora de R$ 17 milh\u00f5es e que o plano de recupera\u00e7\u00e3o judicial da Avianca \u00e9 baseado na transfer\u00eancia de slots (direto de pouso e decolagem) e que isso \u00e9 proibido por lei.<\/p>\n<p>Al\u00e9m disso, a <strong>Ag\u00eancia Nacional de Avia\u00e7\u00e3o Civil<\/strong> (Anac) tamb\u00e9m afirmou ser contra a venda de slots com se fizessem parte dos ativos da empresa.<\/p>\n<p><a href=\"https:\/\/www.suno.com.br\/noticias\/avianca-leilao-anac\/\">Saiba mais:\u00a0Anac se posiciona contra venda de slots como ativos da Avianca<\/a><\/p>\n<h2>Redu\u00e7\u00e3o no voos<\/h2>\n<p>A <strong>Avianca<\/strong> opera 37 voos di\u00e1rios atualmente, um voo a mais do fazia em 2003, quando iniciou suas opera\u00e7\u00f5es. Atualmente, a empresa opera em quatro aeroportos, sendo eles:<\/p>\n<ul>\n<li>Bras\u00edlia<\/li>\n<li>Congonhas (SP)<\/li>\n<li>Salvador<\/li>\n<li>Santos Dumont (RJ)<\/li>\n<\/ul>\n<p>Desde o dia 13 de abril, a <strong>Avianca<\/strong> teve o cancelamento de <strong>voos<\/strong> intensificado devido a diminui\u00e7\u00e3o de sua frota de <strong>aeronaves<\/strong>.<\/p>\n","protected":false},"excerpt":{"rendered":"<p>A Airbus pediu a reintegra\u00e7\u00e3o de quatro das seis aeronaves da Avianca Brasil na Justi\u00e7a de S\u00e3o Paulo. A Justi\u00e7a de S\u00e3o Paulo liberou nesta segunda-feira (17) o leil\u00e3o de ativos da Avianca Brasil. O pedido da Airbus para retomada dos avi\u00f5es que a Avianca opera foi feito na \u00faltima segunda-feira (6), a cargo da [&hellip;]<\/p>\n","protected":false},"author":11,"featured_media":23074,"comment_status":"closed","ping_status":"closed","sticky":false,"template":"","format":"standard","meta":[],"categories":[64],"tags":[840],"suno_strategy":[],"class_list":["post-23660","post","type-post","status-publish","format-standard","has-post-thumbnail","hentry","category-negocios","tag-avianca"],"yoast_head":"<!-- This site is optimized with the Yoast SEO plugin v24.4 - https:\/\/yoast.com\/wordpress\/plugins\/seo\/ -->\n<title>Avianca pode perder quatro de seus seis avi\u00f5es para a Airbus<\/title>\n<meta name=\"description\" content=\"Em 2018, a Avianca possu\u00eda uma frota de 40 aeronaves; Empresas de leasing pedem a retomada dos avi\u00f5es por inadimpl\u00eancia. Clique e saiba mais.\" \/>\n<meta name=\"robots\" content=\"index, follow, max-snippet:-1, max-image-preview:large, max-video-preview:-1\" \/>\n<link rel=\"canonical\" href=\"https:\/\/www.suno.com.br\/noticias\/avianca-perder-avioes-airbus\/\" \/>\n<meta property=\"og:locale\" content=\"pt_BR\" \/>\n<meta property=\"og:type\" content=\"article\" \/>\n<meta property=\"og:title\" content=\"Avianca pode perder quatro de seus seis avi\u00f5es para a Airbus\" \/>\n<meta property=\"og:description\" content=\"Em 2018, a Avianca possu\u00eda uma frota de 40 aeronaves; Empresas de leasing pedem a retomada dos avi\u00f5es por inadimpl\u00eancia. Clique e saiba mais.\" \/>\n<meta property=\"og:url\" content=\"https:\/\/www.suno.com.br\/noticias\/avianca-perder-avioes-airbus\/\" \/>\n<meta property=\"og:site_name\" content=\"Suno Not\u00edcias\" \/>\n<meta property=\"article:publisher\" content=\"https:\/\/facebook.com\/sunoresearch\" \/>\n<meta property=\"og:image\" content=\"https:\/\/files.sunoresearch.com.br\/n\/uploads\/2019\/05\/d08bdac9-15821462391_b073f90329_k.jpg\" \/>\n\t<meta property=\"og:image:width\" content=\"2048\" \/>\n\t<meta property=\"og:image:height\" content=\"1365\" \/>\n\t<meta property=\"og:image:type\" content=\"image\/jpeg\" \/>\n<meta name=\"author\" content=\"Renan Bandeira\" \/>\n<meta name=\"twitter:card\" content=\"summary_large_image\" \/>\n<meta name=\"twitter:creator\" content=\"@sunoresearch\" \/>\n<meta name=\"twitter:site\" content=\"@sunoresearch\" \/>\n<meta name=\"twitter:label1\" content=\"Escrito por\" \/>\n\t<meta name=\"twitter:data1\" content=\"Renan Bandeira\" \/>\n\t<meta name=\"twitter:label2\" content=\"Est. tempo de leitura\" \/>\n\t<meta name=\"twitter:data2\" content=\"2 minutos\" \/>\n<script type=\"application\/ld+json\" class=\"yoast-schema-graph\">{\"@context\":\"https:\/\/schema.org\",\"@graph\":[{\"@type\":\"NewsArticle\",\"@id\":\"https:\/\/www.suno.com.br\/noticias\/avianca-perder-avioes-airbus\/#article\",\"isPartOf\":{\"@id\":\"https:\/\/www.suno.com.br\/noticias\/avianca-perder-avioes-airbus\/\"},\"author\":{\"name\":\"Renan Bandeira\",\"@id\":\"https:\/\/www.suno.com.br\/noticias\/#\/schema\/person\/fc144a1c6108bd1dcd43784e88a3c138\"},\"headline\":\"Avianca pode perder quatro de seus seis avi\u00f5es para a Airbus\",\"datePublished\":\"2019-05-08T11:49:53+00:00\",\"mainEntityOfPage\":{\"@id\":\"https:\/\/www.suno.com.br\/noticias\/avianca-perder-avioes-airbus\/\"},\"wordCount\":344,\"publisher\":{\"@id\":\"https:\/\/www.suno.com.br\/noticias\/#organization\"},\"image\":{\"@id\":\"https:\/\/www.suno.com.br\/noticias\/avianca-perder-avioes-airbus\/#primaryimage\"},\"thumbnailUrl\":\"https:\/\/files.sunoresearch.com.br\/n\/uploads\/2019\/05\/d08bdac9-15821462391_b073f90329_k-jpg.webp\",\"keywords\":[\"Avianca\"],\"articleSection\":[\"Neg\u00f3cios\"],\"inLanguage\":\"pt-BR\"},{\"@type\":\"WebPage\",\"@id\":\"https:\/\/www.suno.com.br\/noticias\/avianca-perder-avioes-airbus\/\",\"url\":\"https:\/\/www.suno.com.br\/noticias\/avianca-perder-avioes-airbus\/\",\"name\":\"Avianca pode perder quatro de seus seis avi\u00f5es para a Airbus\",\"isPartOf\":{\"@id\":\"https:\/\/www.suno.com.br\/noticias\/#website\"},\"primaryImageOfPage\":{\"@id\":\"https:\/\/www.suno.com.br\/noticias\/avianca-perder-avioes-airbus\/#primaryimage\"},\"image\":{\"@id\":\"https:\/\/www.suno.com.br\/noticias\/avianca-perder-avioes-airbus\/#primaryimage\"},\"thumbnailUrl\":\"https:\/\/files.sunoresearch.com.br\/n\/uploads\/2019\/05\/d08bdac9-15821462391_b073f90329_k-jpg.webp\",\"datePublished\":\"2019-05-08T11:49:53+00:00\",\"description\":\"Em 2018, a Avianca possu\u00eda uma frota de 40 aeronaves; Empresas de leasing pedem a retomada dos avi\u00f5es por inadimpl\u00eancia. Clique e saiba mais.\",\"breadcrumb\":{\"@id\":\"https:\/\/www.suno.com.br\/noticias\/avianca-perder-avioes-airbus\/#breadcrumb\"},\"inLanguage\":\"pt-BR\",\"potentialAction\":[{\"@type\":\"ReadAction\",\"target\":[\"https:\/\/www.suno.com.br\/noticias\/avianca-perder-avioes-airbus\/\"]}]},{\"@type\":\"ImageObject\",\"inLanguage\":\"pt-BR\",\"@id\":\"https:\/\/www.suno.com.br\/noticias\/avianca-perder-avioes-airbus\/#primaryimage\",\"url\":\"https:\/\/files.sunoresearch.com.br\/n\/uploads\/2019\/05\/d08bdac9-15821462391_b073f90329_k-jpg.webp\",\"contentUrl\":\"https:\/\/files.sunoresearch.com.br\/n\/uploads\/2019\/05\/d08bdac9-15821462391_b073f90329_k-jpg.webp\",\"width\":2048,\"height\":1365,\"caption\":\"A Justi\u00e7a de S\u00e3o Paulo liberou nesta segunda-feira (17) o leil\u00e3o de ativos da Avianca Brasil.\"},{\"@type\":\"BreadcrumbList\",\"@id\":\"https:\/\/www.suno.com.br\/noticias\/avianca-perder-avioes-airbus\/#breadcrumb\",\"itemListElement\":[{\"@type\":\"ListItem\",\"position\":1,\"name\":\"Not\u00edcias\",\"item\":\"https:\/\/www.suno.com.br\/noticias\/\"},{\"@type\":\"ListItem\",\"position\":2,\"name\":\"Neg\u00f3cios\",\"item\":\"https:\/\/www.suno.com.br\/noticias\/negocios\/\"},{\"@type\":\"ListItem\",\"position\":3,\"name\":\"Avianca pode perder quatro de seus seis avi\u00f5es para a Airbus\"}]},{\"@type\":\"WebSite\",\"@id\":\"https:\/\/www.suno.com.br\/noticias\/#website\",\"url\":\"https:\/\/www.suno.com.br\/noticias\/\",\"name\":\"Suno Not\u00edcias\",\"description\":\"Seu portal de informa\u00e7\u00e3o sobre o mundo dos investimentos\",\"publisher\":{\"@id\":\"https:\/\/www.suno.com.br\/noticias\/#organization\"},\"potentialAction\":[{\"@type\":\"SearchAction\",\"target\":{\"@type\":\"EntryPoint\",\"urlTemplate\":\"https:\/\/www.suno.com.br\/noticias\/?s={search_term_string}\"},\"query-input\":{\"@type\":\"PropertyValueSpecification\",\"valueRequired\":true,\"valueName\":\"search_term_string\"}}],\"inLanguage\":\"pt-BR\"},{\"@type\":\"Organization\",\"@id\":\"https:\/\/www.suno.com.br\/noticias\/#organization\",\"name\":\"Suno Not\u00edcias\",\"url\":\"https:\/\/www.suno.com.br\/noticias\/\",\"logo\":{\"@type\":\"ImageObject\",\"inLanguage\":\"pt-BR\",\"@id\":\"https:\/\/www.suno.com.br\/noticias\/#\/schema\/logo\/image\/\",\"url\":\"https:\/\/files.sunoresearch.com.br\/n\/uploads\/2021\/09\/suno-logo.png\",\"contentUrl\":\"https:\/\/files.sunoresearch.com.br\/n\/uploads\/2021\/09\/suno-logo.png\",\"width\":180,\"height\":180,\"caption\":\"Suno Not\u00edcias\"},\"image\":{\"@id\":\"https:\/\/www.suno.com.br\/noticias\/#\/schema\/logo\/image\/\"},\"sameAs\":[\"https:\/\/facebook.com\/sunoresearch\",\"https:\/\/x.com\/sunoresearch\",\"https:\/\/www.instagram.com\/suno\",\"https:\/\/www.linkedin.com\/company\/suno-research\/\",\"https:\/\/www.youtube.com\/c\/sunoresearch\"]},{\"@type\":\"Person\",\"@id\":\"https:\/\/www.suno.com.br\/noticias\/#\/schema\/person\/fc144a1c6108bd1dcd43784e88a3c138\",\"name\":\"Renan Bandeira\",\"image\":{\"@type\":\"ImageObject\",\"inLanguage\":\"pt-BR\",\"@id\":\"https:\/\/www.suno.com.br\/noticias\/#\/schema\/person\/image\/\",\"url\":\"https:\/\/secure.gravatar.com\/avatar\/68359cdb608f14f11bbefcb78f3fc747?s=96&r=g\",\"contentUrl\":\"https:\/\/secure.gravatar.com\/avatar\/68359cdb608f14f11bbefcb78f3fc747?s=96&r=g\",\"caption\":\"Renan Bandeira\"},\"description\":\"Renan Bandeira escreve sobre pol\u00edtica e economia para o portal da Suno Research. Antes da Suno, trabalhou em uma rede de televis\u00e3o, onde fazia reportagens sobre os mesmos temas. Estuda na Universidade Metodista de S\u00e3o Paulo.\",\"url\":\"https:\/\/www.suno.com.br\/noticias\/author\/renan-bandeira\/\"}]}<\/script>\n<!-- \/ Yoast SEO plugin. -->","yoast_head_json":{"title":"Avianca pode perder quatro de seus seis avi\u00f5es para a Airbus","description":"Em 2018, a Avianca possu\u00eda uma frota de 40 aeronaves; Empresas de leasing pedem a retomada dos avi\u00f5es por inadimpl\u00eancia. Clique e saiba mais.","robots":{"index":"index","follow":"follow","max-snippet":"max-snippet:-1","max-image-preview":"max-image-preview:large","max-video-preview":"max-video-preview:-1"},"canonical":"https:\/\/www.suno.com.br\/noticias\/avianca-perder-avioes-airbus\/","og_locale":"pt_BR","og_type":"article","og_title":"Avianca pode perder quatro de seus seis avi\u00f5es para a Airbus","og_description":"Em 2018, a Avianca possu\u00eda uma frota de 40 aeronaves; Empresas de leasing pedem a retomada dos avi\u00f5es por inadimpl\u00eancia. Clique e saiba mais.","og_url":"https:\/\/www.suno.com.br\/noticias\/avianca-perder-avioes-airbus\/","og_site_name":"Suno Not\u00edcias","article_publisher":"https:\/\/facebook.com\/sunoresearch","og_image":[{"width":2048,"height":1365,"url":"https:\/\/files.sunoresearch.com.br\/n\/uploads\/2019\/05\/d08bdac9-15821462391_b073f90329_k.jpg","type":"image\/jpeg"}],"author":"Renan Bandeira","twitter_card":"summary_large_image","twitter_creator":"@sunoresearch","twitter_site":"@sunoresearch","twitter_misc":{"Escrito por":"Renan Bandeira","Est. tempo de leitura":"2 minutos"},"schema":{"@context":"https:\/\/schema.org","@graph":[{"@type":"NewsArticle","@id":"https:\/\/www.suno.com.br\/noticias\/avianca-perder-avioes-airbus\/#article","isPartOf":{"@id":"https:\/\/www.suno.com.br\/noticias\/avianca-perder-avioes-airbus\/"},"author":{"name":"Renan Bandeira","@id":"https:\/\/www.suno.com.br\/noticias\/#\/schema\/person\/fc144a1c6108bd1dcd43784e88a3c138"},"headline":"Avianca pode perder quatro de seus seis avi\u00f5es para a Airbus","datePublished":"2019-05-08T11:49:53+00:00","mainEntityOfPage":{"@id":"https:\/\/www.suno.com.br\/noticias\/avianca-perder-avioes-airbus\/"},"wordCount":344,"publisher":{"@id":"https:\/\/www.suno.com.br\/noticias\/#organization"},"image":{"@id":"https:\/\/www.suno.com.br\/noticias\/avianca-perder-avioes-airbus\/#primaryimage"},"thumbnailUrl":"https:\/\/files.sunoresearch.com.br\/n\/uploads\/2019\/05\/d08bdac9-15821462391_b073f90329_k-jpg.webp","keywords":["Avianca"],"articleSection":["Neg\u00f3cios"],"inLanguage":"pt-BR"},{"@type":"WebPage","@id":"https:\/\/www.suno.com.br\/noticias\/avianca-perder-avioes-airbus\/","url":"https:\/\/www.suno.com.br\/noticias\/avianca-perder-avioes-airbus\/","name":"Avianca pode perder quatro de seus seis avi\u00f5es para a Airbus","isPartOf":{"@id":"https:\/\/www.suno.com.br\/noticias\/#website"},"primaryImageOfPage":{"@id":"https:\/\/www.suno.com.br\/noticias\/avianca-perder-avioes-airbus\/#primaryimage"},"image":{"@id":"https:\/\/www.suno.com.br\/noticias\/avianca-perder-avioes-airbus\/#primaryimage"},"thumbnailUrl":"https:\/\/files.sunoresearch.com.br\/n\/uploads\/2019\/05\/d08bdac9-15821462391_b073f90329_k-jpg.webp","datePublished":"2019-05-08T11:49:53+00:00","description":"Em 2018, a Avianca possu\u00eda uma frota de 40 aeronaves; Empresas de leasing pedem a retomada dos avi\u00f5es por inadimpl\u00eancia. Clique e saiba mais.","breadcrumb":{"@id":"https:\/\/www.suno.com.br\/noticias\/avianca-perder-avioes-airbus\/#breadcrumb"},"inLanguage":"pt-BR","potentialAction":[{"@type":"ReadAction","target":["https:\/\/www.suno.com.br\/noticias\/avianca-perder-avioes-airbus\/"]}]},{"@type":"ImageObject","inLanguage":"pt-BR","@id":"https:\/\/www.suno.com.br\/noticias\/avianca-perder-avioes-airbus\/#primaryimage","url":"https:\/\/files.sunoresearch.com.br\/n\/uploads\/2019\/05\/d08bdac9-15821462391_b073f90329_k-jpg.webp","contentUrl":"https:\/\/files.sunoresearch.com.br\/n\/uploads\/2019\/05\/d08bdac9-15821462391_b073f90329_k-jpg.webp","width":2048,"height":1365,"caption":"A Justi\u00e7a de S\u00e3o Paulo liberou nesta segunda-feira (17) o leil\u00e3o de ativos da Avianca Brasil."},{"@type":"BreadcrumbList","@id":"https:\/\/www.suno.com.br\/noticias\/avianca-perder-avioes-airbus\/#breadcrumb","itemListElement":[{"@type":"ListItem","position":1,"name":"Not\u00edcias","item":"https:\/\/www.suno.com.br\/noticias\/"},{"@type":"ListItem","position":2,"name":"Neg\u00f3cios","item":"https:\/\/www.suno.com.br\/noticias\/negocios\/"},{"@type":"ListItem","position":3,"name":"Avianca pode perder quatro de seus seis avi\u00f5es para a Airbus"}]},{"@type":"WebSite","@id":"https:\/\/www.suno.com.br\/noticias\/#website","url":"https:\/\/www.suno.com.br\/noticias\/","name":"Suno Not\u00edcias","description":"Seu portal de informa\u00e7\u00e3o sobre o mundo dos investimentos","publisher":{"@id":"https:\/\/www.suno.com.br\/noticias\/#organization"},"potentialAction":[{"@type":"SearchAction","target":{"@type":"EntryPoint","urlTemplate":"https:\/\/www.suno.com.br\/noticias\/?s={search_term_string}"},"query-input":{"@type":"PropertyValueSpecification","valueRequired":true,"valueName":"search_term_string"}}],"inLanguage":"pt-BR"},{"@type":"Organization","@id":"https:\/\/www.suno.com.br\/noticias\/#organization","name":"Suno Not\u00edcias","url":"https:\/\/www.suno.com.br\/noticias\/","logo":{"@type":"ImageObject","inLanguage":"pt-BR","@id":"https:\/\/www.suno.com.br\/noticias\/#\/schema\/logo\/image\/","url":"https:\/\/files.sunoresearch.com.br\/n\/uploads\/2021\/09\/suno-logo.png","contentUrl":"https:\/\/files.sunoresearch.com.br\/n\/uploads\/2021\/09\/suno-logo.png","width":180,"height":180,"caption":"Suno Not\u00edcias"},"image":{"@id":"https:\/\/www.suno.com.br\/noticias\/#\/schema\/logo\/image\/"},"sameAs":["https:\/\/facebook.com\/sunoresearch","https:\/\/x.com\/sunoresearch","https:\/\/www.instagram.com\/suno","https:\/\/www.linkedin.com\/company\/suno-research\/","https:\/\/www.youtube.com\/c\/sunoresearch"]},{"@type":"Person","@id":"https:\/\/www.suno.com.br\/noticias\/#\/schema\/person\/fc144a1c6108bd1dcd43784e88a3c138","name":"Renan Bandeira","image":{"@type":"ImageObject","inLanguage":"pt-BR","@id":"https:\/\/www.suno.com.br\/noticias\/#\/schema\/person\/image\/","url":"https:\/\/secure.gravatar.com\/avatar\/68359cdb608f14f11bbefcb78f3fc747?s=96&r=g","contentUrl":"https:\/\/secure.gravatar.com\/avatar\/68359cdb608f14f11bbefcb78f3fc747?s=96&r=g","caption":"Renan Bandeira"},"description":"Renan Bandeira escreve sobre pol\u00edtica e economia para o portal da Suno Research. Antes da Suno, trabalhou em uma rede de televis\u00e3o, onde fazia reportagens sobre os mesmos temas. Estuda na Universidade Metodista de S\u00e3o Paulo.","url":"https:\/\/www.suno.com.br\/noticias\/author\/renan-bandeira\/"}]}},"default_loop_html":"<div class=\"cardsPage__listCard__boxs\"><div class=\"cardsPage__listCard__boxs__img\"><a href=\"https:\/\/www.suno.com.br\/noticias\/avianca-perder-avioes-airbus\/\"><img class=\"mask\" src=\"https:\/\/www.suno.com.br\/noticias\/wp-content\/themes\/suno\/resources\/images\/spotlight\/spotlight1img\/bg-mask.png\" alt=\"Image Mask\"\/><img src=\"https:\/\/files.sunoresearch.com.br\/n\/uploads\/2019\/05\/d08bdac9-15821462391_b073f90329_k-400x200.webp\" alt=\"Avianca pode perder quatro de seus seis avi\u00f5es para a Airbus\"\/><\/a><span class=\"spotlightCategory\"><a href=\"https:\/\/www.suno.com.br\/noticias\/negocios\/\">Neg\u00f3cios<\/a><\/span><\/div><div class=\"cardsPage__listCard__boxs__content\"><a href=\"https:\/\/www.suno.com.br\/noticias\/avianca-perder-avioes-airbus\/\"><h2 class=\"content__title\">Avianca pode perder quatro de seus seis avi\u00f5es para a Airbus<\/h2><\/a><div class=\"newsContent__article__meta\"><div class=\"newsContent__article__meta__authorBox\"><a href=\"https:\/\/www.suno.com.br\/noticias\/author\/renan-bandeira\/\" class=\"authorBox__avatar noMobi\"><img src=\"https:\/\/secure.gravatar.com\/avatar\/68359cdb608f14f11bbefcb78f3fc747?s=96&#038;r=g\" alt=\"Renan Bandeira\"><\/a><div class=\"authorBox__name\"><span>por\n\t\t\t<a href=\"https:\/\/www.suno.com.br\/noticias\/author\/renan-bandeira\/\"><span itemprop=\"author\">Renan Bandeira<\/span><\/a><\/span><time datetime=\"2019-05-08T08:49:53-03:00\" itemprop=\"datePublished\">08\/05\/2019 08:49<\/time><\/div><\/div><\/div><\/div><\/div>","single_layout":"posts","amp_enabled":true,"_links":{"self":[{"href":"https:\/\/www.suno.com.br\/noticias\/wp-json\/wp\/v2\/posts\/23660"}],"collection":[{"href":"https:\/\/www.suno.com.br\/noticias\/wp-json\/wp\/v2\/posts"}],"about":[{"href":"https:\/\/www.suno.com.br\/noticias\/wp-json\/wp\/v2\/types\/post"}],"author":[{"embeddable":true,"href":"https:\/\/www.suno.com.br\/noticias\/wp-json\/wp\/v2\/users\/11"}],"replies":[{"embeddable":true,"href":"https:\/\/www.suno.com.br\/noticias\/wp-json\/wp\/v2\/comments?post=23660"}],"version-history":[{"count":0,"href":"https:\/\/www.suno.com.br\/noticias\/wp-json\/wp\/v2\/posts\/23660\/revisions"}],"wp:featuredmedia":[{"embeddable":true,"href":"https:\/\/www.suno.com.br\/noticias\/wp-json\/wp\/v2\/media\/23074"}],"wp:attachment":[{"href":"https:\/\/www.suno.com.br\/noticias\/wp-json\/wp\/v2\/media?parent=23660"}],"wp:term":[{"taxonomy":"category","embeddable":true,"href":"https:\/\/www.suno.com.br\/noticias\/wp-json\/wp\/v2\/categories?post=23660"},{"taxonomy":"post_tag","embeddable":true,"href":"https:\/\/www.suno.com.br\/noticias\/wp-json\/wp\/v2\/tags?post=23660"},{"taxonomy":"suno_strategy","embeddable":true,"href":"https:\/\/www.suno.com.br\/noticias\/wp-json\/wp\/v2\/suno_strategy?post=23660"}],"curies":[{"name":"wp","href":"https:\/\/api.w.org\/{rel}","templated":true}]}}