{"id":23654,"date":"2019-05-08T08:40:15","date_gmt":"2019-05-08T11:40:15","guid":{"rendered":"https:\/\/www.suno.com.br\/noticias\/?p=23654"},"modified":"2019-05-08T08:41:00","modified_gmt":"2019-05-08T11:41:00","slug":"tim-alta-lucro-220-milhoes","status":"publish","type":"post","link":"https:\/\/www.suno.com.br\/noticias\/tim-alta-lucro-220-milhoes\/","title":{"rendered":"TIM tem alta de 2,5% no lucro e registra R$ 251 milh\u00f5es no 1\u00ba trimestre"},"content":{"rendered":"<p>A TIM teve uma alta de 2,5% no <a href=\"https:\/\/www.suno.com.br\/artigos\/receita-liquida\/\">lucro l\u00edquido<\/a> normalizado do primeiro trimestre de 2019 em compara\u00e7\u00e3o com o mesmo per\u00edodo do ano passado. Com isso, o resultado fez a empresa chegar a R$ 251 milh\u00f5es. A<a href=\"https:\/\/www.suno.com.br\/artigos\/receita-liquida\/\"> receita l\u00edquida<\/a> da companhia tamb\u00e9m avan\u00e7ou. Com 1,7% de alta, a TIM chegou a pouco mais de R$ 4 bilh\u00f5es.<\/p>\t<div class=\"wrapper-featured-image\">\n\t\t<figure class=\"spotlightImg\">\n\n\t\t\t<picture>\n\t\t\t\t<source media=\"(max-width: 768px)\" srcset=\"https:\/\/files.sunoresearch.com.br\/n\/uploads\/2019\/01\/e58fb108-tim-400x200.webp\">\n\t\t\t\t<img loading=\"lazy\" decoding=\"async\" class=\"newsContent__article__imgCapa lazyloadDisabled newsContent__article__imgCapa--noCaption\" src=\"https:\/\/files.sunoresearch.com.br\/n\/uploads\/2019\/01\/e58fb108-tim-800x450.webp\" width=\"800\" height=\"450\" alt=\"TIM tem alta de 2,5% no lucro e registra R$ 251 milh\u00f5es no 1\u00ba trimestre\" fetchpriority=high \/>\n\t\t\t<\/picture>\n\n\t\t\t<figcaption class=\"wp-caption-text wp-caption-text--hide\">As a\u00e7\u00f5es da TIM ser\u00e3o negociadas sob novos tickers na B3 e na NYSE. Na B3, o c\u00f3digo passa de TIMP3 para TIMS3. <\/figcaption>\n\t\t<\/figure>\n\t<\/div>\n\n\n<p>J\u00e1 o lucro l\u00edquido reportado da <strong>TIM<\/strong> teve uma queda de 10,4% e ficou em R$ 220 milh\u00f5es. Isso porque esse n\u00famero considera R$ 30 milh\u00f5es de <strong>impostos<\/strong> diferidos, o que n\u00e3o \u00e9 colocado no <strong>lucro l\u00edquido<\/strong> normalizado.<\/p>\n<p>Sendo assim, a <strong>TIM<\/strong> reportou um avan\u00e7o em todos os seus segmentos. Ou seja, a alta foi registrada em:<\/p>\n\t<p>\n\t\t<a href=\"https:\/\/lp.suno.com.br\/cl\/impacto-tarifas-trump\/?utm_source=sunoresearch&#038;utm_medium=banner.noticias&#038;utm_campaign=_SNC903E88AA_\" target=\"_blank\" data-element=\"shortcode-suno-banner\" title=\"Banner SUNO, clique e saiba mais\">\n\t\t\t<picture>\n\t\t\t\t<source media=\"(max-width: 500px)\" srcset=\"https:\/\/files.sunoresearch.com.br\/n\/uploads\/2025\/07\/trump-mobile.webp\">\n\t\t\t\t<img class=\"newsContent__article__imgCapa newsContent__article__imgCapa--banner\"\n\t\t\t\t\tsrc=\"https:\/\/files.sunoresearch.com.br\/n\/uploads\/2025\/07\/trump-banner-desktop.webp\"\n\t\t\t\t\tdata-promo-id=\"613126\"\t\t\t\t\t\t\t\t\t\twidth='1000' height='325'\t\t\t\t\talt=\"https:\/\/files.sunoresearch.com.br\/n\/uploads\/2025\/07\/trump-banner-desktop.webp\"\n\t\t\t\t>\n\t\t\t<\/picture>\n\t\t<\/a>\n\t<\/p>\n\n\n<ul>\n<li>servi\u00e7o m\u00f3vel;<\/li>\n<li>servi\u00e7o fixo;<\/li>\n<li>produtos.<\/li>\n<\/ul>\n<p><a href=\"https:\/\/www.suno.com.br\/noticias\/tim-espera-resultados-positivos-2019\/\">TIM: resultados positivos esperados em 2019 no mercado brasileiro<\/a><\/p>\n<h2>Ebtida da TIM<\/h2>\n<p>No mesmo sentido, a <strong>TIM<\/strong> apresentou crescimento no <strong>Ebtida.<\/strong> Assim, o avan\u00e7o foi de 5,3%, o que representou R$ 1,49 bilh\u00e3o. J\u00e1 a margem <strong>Ebtida<\/strong> normalizada bateu recorde registrando um avan\u00e7o de 35,7% no primeiro trimestre. O Ebtida \u00e9 o lucro antes de juros, impostos, deprecia\u00e7\u00e3o e amortiza\u00e7\u00e3o.<\/p>\n<p>Os fatores para o crescimento do <strong>Ebtida<\/strong> foram esfor\u00e7os no controle de <strong>custos<\/strong> e <strong>despesas.<\/strong> Al\u00e9m disso, os aumentos da <strong>receita<\/strong> dos servi\u00e7os m\u00f3vel e fixo tamb\u00e9m influenciaram.<\/p>\n<p>\u201cA Receita L\u00edquida de Servi\u00e7os cresceu 1% ano a ano no per\u00edodo, reduzindo o seu ritmo de expans\u00e3o. Impactada por uma recupera\u00e7\u00e3o econ\u00f4mica fr\u00e1gil e\u00a0competi\u00e7\u00e3o mais intensa. A receita l\u00edquida de produtos cresceu 24,6% ano a ano\u201d, explica a empresa. Os dados e as declara\u00e7\u00f5es foram divulgados no balan\u00e7o que saiu na ter\u00e7a-feira (8) em comunicado ao mercado.<\/p>\n<p><a href=\"https:\/\/www.suno.com.br\/noticias\/tim-multada-secretaria-nacional-consumidor\/\">Saiba Mais: TIM\u00a0\u00e9 multada em R$ 9,7 mi pela Secretaria Nacional do Consumidor<\/a><\/p>\n<h2>Expectativa positiva para 2019<\/h2>\n<p>Os resultado do primeiro semestre v\u00eam de encontro \u00e0s expectativas da empresa para o ano de 2019. Isso porque a\u00a0<strong>TIM<\/strong> prev\u00ea obter resultados positivos em 2019 no mercado brasileiro, mesmo com a elevada competi\u00e7\u00e3o no setor de telecomunica\u00e7\u00f5es.<\/p>\n<p>Em particular, a <strong>operadora italiana<\/strong> aguarda n\u00fameros interessantes no segmento pr\u00e9-pago. Entretanto, o objetivo da empresa continuar\u00e1 sendo migrar clientes do <strong>pr\u00e9-pago<\/strong> para os <strong>p\u00f3s-pago.<\/strong><\/p>\n<p>&#8220;Temos expectativas de que o pa\u00eds vai crescer, se desenvolver. Se o crescimento vier, ser\u00e1 bom para todo mundo&#8221;, declarou o diretor-presidente da <strong>TIM,<\/strong> Sami Foguel.<\/p>\n","protected":false},"excerpt":{"rendered":"<p>A TIM teve uma alta de 2,5% no lucro l\u00edquido normalizado do primeiro trimestre de 2019 em compara\u00e7\u00e3o com o mesmo per\u00edodo do ano passado. Com isso, o resultado fez a empresa chegar a R$ 251 milh\u00f5es. A receita l\u00edquida da companhia tamb\u00e9m avan\u00e7ou. Com 1,7% de alta, a TIM chegou a pouco mais de [&hellip;]<\/p>\n","protected":false},"author":16,"featured_media":13502,"comment_status":"closed","ping_status":"closed","sticky":false,"template":"","format":"standard","meta":[],"categories":[64],"tags":[1029,663],"suno_strategy":[],"class_list":["post-23654","post","type-post","status-publish","format-standard","has-post-thumbnail","hentry","category-negocios","tag-balancos-trimestrais","tag-tim-tims3"],"yoast_head":"<!-- This site is optimized with the Yoast SEO plugin v24.4 - https:\/\/yoast.com\/wordpress\/plugins\/seo\/ -->\n<title>TIM tem alta de 2,5% no lucro e registra R$ 220 milh\u00f5es no 1\u00ba trimestre<\/title>\n<meta name=\"description\" content=\"A TIM apresentou crescimento em todos os seus setores de servi\u00e7os e produtos neste in\u00edcio do ano de 2019. Confira mais n\u00fameros da empresa.\" \/>\n<meta name=\"robots\" content=\"index, follow, max-snippet:-1, max-image-preview:large, max-video-preview:-1\" \/>\n<link rel=\"canonical\" href=\"https:\/\/www.suno.com.br\/noticias\/tim-alta-lucro-220-milhoes\/\" \/>\n<meta property=\"og:locale\" content=\"pt_BR\" \/>\n<meta property=\"og:type\" content=\"article\" \/>\n<meta property=\"og:title\" content=\"TIM tem alta de 2,5% no lucro e registra R$ 220 milh\u00f5es no 1\u00ba trimestre\" \/>\n<meta property=\"og:description\" content=\"A TIM apresentou crescimento em todos os seus setores de servi\u00e7os e produtos neste in\u00edcio do ano de 2019. Confira mais n\u00fameros da empresa.\" \/>\n<meta property=\"og:url\" content=\"https:\/\/www.suno.com.br\/noticias\/tim-alta-lucro-220-milhoes\/\" \/>\n<meta property=\"og:site_name\" content=\"Suno Not\u00edcias\" \/>\n<meta property=\"article:publisher\" content=\"https:\/\/facebook.com\/sunoresearch\" \/>\n<meta property=\"og:image\" content=\"https:\/\/files.sunoresearch.com.br\/n\/uploads\/2019\/01\/e58fb108-tim-1024x693.jpg\" \/>\n\t<meta property=\"og:image:width\" content=\"1024\" \/>\n\t<meta property=\"og:image:height\" content=\"693\" \/>\n\t<meta property=\"og:image:type\" content=\"image\/jpeg\" \/>\n<meta name=\"author\" content=\"Beatriz Oliveira\" \/>\n<meta name=\"twitter:card\" content=\"summary_large_image\" \/>\n<meta name=\"twitter:creator\" content=\"@sunoresearch\" \/>\n<meta name=\"twitter:site\" content=\"@sunoresearch\" \/>\n<meta name=\"twitter:label1\" content=\"Escrito por\" \/>\n\t<meta name=\"twitter:data1\" content=\"Beatriz Oliveira\" \/>\n\t<meta name=\"twitter:label2\" content=\"Est. tempo de leitura\" \/>\n\t<meta name=\"twitter:data2\" content=\"2 minutos\" \/>\n<script type=\"application\/ld+json\" class=\"yoast-schema-graph\">{\"@context\":\"https:\/\/schema.org\",\"@graph\":[{\"@type\":\"NewsArticle\",\"@id\":\"https:\/\/www.suno.com.br\/noticias\/tim-alta-lucro-220-milhoes\/#article\",\"isPartOf\":{\"@id\":\"https:\/\/www.suno.com.br\/noticias\/tim-alta-lucro-220-milhoes\/\"},\"author\":{\"name\":\"Beatriz Oliveira\",\"@id\":\"https:\/\/www.suno.com.br\/noticias\/#\/schema\/person\/e67f665add014bf99f644028de070cc3\"},\"headline\":\"TIM tem alta de 2,5% no lucro e registra R$ 251 milh\u00f5es no 1\u00ba trimestre\",\"datePublished\":\"2019-05-08T11:40:15+00:00\",\"dateModified\":\"2019-05-08T11:41:00+00:00\",\"mainEntityOfPage\":{\"@id\":\"https:\/\/www.suno.com.br\/noticias\/tim-alta-lucro-220-milhoes\/\"},\"wordCount\":417,\"publisher\":{\"@id\":\"https:\/\/www.suno.com.br\/noticias\/#organization\"},\"image\":{\"@id\":\"https:\/\/www.suno.com.br\/noticias\/tim-alta-lucro-220-milhoes\/#primaryimage\"},\"thumbnailUrl\":\"https:\/\/files.sunoresearch.com.br\/n\/uploads\/2019\/01\/e58fb108-tim-scaled.webp\",\"keywords\":[\"balan\u00e7os trimestrais\",\"TIM (TIMS3)\"],\"articleSection\":[\"Neg\u00f3cios\"],\"inLanguage\":\"pt-BR\"},{\"@type\":\"WebPage\",\"@id\":\"https:\/\/www.suno.com.br\/noticias\/tim-alta-lucro-220-milhoes\/\",\"url\":\"https:\/\/www.suno.com.br\/noticias\/tim-alta-lucro-220-milhoes\/\",\"name\":\"TIM tem alta de 2,5% no lucro e registra R$ 220 milh\u00f5es no 1\u00ba trimestre\",\"isPartOf\":{\"@id\":\"https:\/\/www.suno.com.br\/noticias\/#website\"},\"primaryImageOfPage\":{\"@id\":\"https:\/\/www.suno.com.br\/noticias\/tim-alta-lucro-220-milhoes\/#primaryimage\"},\"image\":{\"@id\":\"https:\/\/www.suno.com.br\/noticias\/tim-alta-lucro-220-milhoes\/#primaryimage\"},\"thumbnailUrl\":\"https:\/\/files.sunoresearch.com.br\/n\/uploads\/2019\/01\/e58fb108-tim-scaled.webp\",\"datePublished\":\"2019-05-08T11:40:15+00:00\",\"dateModified\":\"2019-05-08T11:41:00+00:00\",\"description\":\"A TIM apresentou crescimento em todos os seus setores de servi\u00e7os e produtos neste in\u00edcio do ano de 2019. Confira mais n\u00fameros da empresa.\",\"breadcrumb\":{\"@id\":\"https:\/\/www.suno.com.br\/noticias\/tim-alta-lucro-220-milhoes\/#breadcrumb\"},\"inLanguage\":\"pt-BR\",\"potentialAction\":[{\"@type\":\"ReadAction\",\"target\":[\"https:\/\/www.suno.com.br\/noticias\/tim-alta-lucro-220-milhoes\/\"]}]},{\"@type\":\"ImageObject\",\"inLanguage\":\"pt-BR\",\"@id\":\"https:\/\/www.suno.com.br\/noticias\/tim-alta-lucro-220-milhoes\/#primaryimage\",\"url\":\"https:\/\/files.sunoresearch.com.br\/n\/uploads\/2019\/01\/e58fb108-tim-scaled.webp\",\"contentUrl\":\"https:\/\/files.sunoresearch.com.br\/n\/uploads\/2019\/01\/e58fb108-tim-scaled.webp\",\"width\":2560,\"height\":1732,\"caption\":\"As a\u00e7\u00f5es da TIM ser\u00e3o negociadas sob novos tickers na B3 e na NYSE. Na B3, o c\u00f3digo passa de TIMP3 para TIMS3.\"},{\"@type\":\"BreadcrumbList\",\"@id\":\"https:\/\/www.suno.com.br\/noticias\/tim-alta-lucro-220-milhoes\/#breadcrumb\",\"itemListElement\":[{\"@type\":\"ListItem\",\"position\":1,\"name\":\"Not\u00edcias\",\"item\":\"https:\/\/www.suno.com.br\/noticias\/\"},{\"@type\":\"ListItem\",\"position\":2,\"name\":\"Neg\u00f3cios\",\"item\":\"https:\/\/www.suno.com.br\/noticias\/negocios\/\"},{\"@type\":\"ListItem\",\"position\":3,\"name\":\"TIM tem alta de 2,5% no lucro e registra R$ 251 milh\u00f5es no 1\u00ba trimestre\"}]},{\"@type\":\"WebSite\",\"@id\":\"https:\/\/www.suno.com.br\/noticias\/#website\",\"url\":\"https:\/\/www.suno.com.br\/noticias\/\",\"name\":\"Suno Not\u00edcias\",\"description\":\"Seu portal de informa\u00e7\u00e3o sobre o mundo dos investimentos\",\"publisher\":{\"@id\":\"https:\/\/www.suno.com.br\/noticias\/#organization\"},\"potentialAction\":[{\"@type\":\"SearchAction\",\"target\":{\"@type\":\"EntryPoint\",\"urlTemplate\":\"https:\/\/www.suno.com.br\/noticias\/?s={search_term_string}\"},\"query-input\":{\"@type\":\"PropertyValueSpecification\",\"valueRequired\":true,\"valueName\":\"search_term_string\"}}],\"inLanguage\":\"pt-BR\"},{\"@type\":\"Organization\",\"@id\":\"https:\/\/www.suno.com.br\/noticias\/#organization\",\"name\":\"Suno Not\u00edcias\",\"url\":\"https:\/\/www.suno.com.br\/noticias\/\",\"logo\":{\"@type\":\"ImageObject\",\"inLanguage\":\"pt-BR\",\"@id\":\"https:\/\/www.suno.com.br\/noticias\/#\/schema\/logo\/image\/\",\"url\":\"https:\/\/files.sunoresearch.com.br\/n\/uploads\/2021\/09\/suno-logo.png\",\"contentUrl\":\"https:\/\/files.sunoresearch.com.br\/n\/uploads\/2021\/09\/suno-logo.png\",\"width\":180,\"height\":180,\"caption\":\"Suno Not\u00edcias\"},\"image\":{\"@id\":\"https:\/\/www.suno.com.br\/noticias\/#\/schema\/logo\/image\/\"},\"sameAs\":[\"https:\/\/facebook.com\/sunoresearch\",\"https:\/\/x.com\/sunoresearch\",\"https:\/\/www.instagram.com\/suno\",\"https:\/\/www.linkedin.com\/company\/suno-research\/\",\"https:\/\/www.youtube.com\/c\/sunoresearch\"]},{\"@type\":\"Person\",\"@id\":\"https:\/\/www.suno.com.br\/noticias\/#\/schema\/person\/e67f665add014bf99f644028de070cc3\",\"name\":\"Beatriz Oliveira\",\"image\":{\"@type\":\"ImageObject\",\"inLanguage\":\"pt-BR\",\"@id\":\"https:\/\/www.suno.com.br\/noticias\/#\/schema\/person\/image\/\",\"url\":\"https:\/\/secure.gravatar.com\/avatar\/c9aa6a0aaecc598d257d5d5bd349157d?s=96&r=g\",\"contentUrl\":\"https:\/\/secure.gravatar.com\/avatar\/c9aa6a0aaecc598d257d5d5bd349157d?s=96&r=g\",\"caption\":\"Beatriz Oliveira\"},\"description\":\"Formada em Jornalismo pela Faculdade Paulus de Tecnologia e Comunica\u00e7\u00e3o, Beatriz Oliveira escreve para o portal de not\u00edcias Suno Research. Antes, passou pelas reda\u00e7\u00f5es da Revista EXAME e da Rede Bandeirantes.\",\"url\":\"https:\/\/www.suno.com.br\/noticias\/author\/beatriz\/\"}]}<\/script>\n<!-- \/ Yoast SEO plugin. -->","yoast_head_json":{"title":"TIM tem alta de 2,5% no lucro e registra R$ 220 milh\u00f5es no 1\u00ba trimestre","description":"A TIM apresentou crescimento em todos os seus setores de servi\u00e7os e produtos neste in\u00edcio do ano de 2019. Confira mais n\u00fameros da empresa.","robots":{"index":"index","follow":"follow","max-snippet":"max-snippet:-1","max-image-preview":"max-image-preview:large","max-video-preview":"max-video-preview:-1"},"canonical":"https:\/\/www.suno.com.br\/noticias\/tim-alta-lucro-220-milhoes\/","og_locale":"pt_BR","og_type":"article","og_title":"TIM tem alta de 2,5% no lucro e registra R$ 220 milh\u00f5es no 1\u00ba trimestre","og_description":"A TIM apresentou crescimento em todos os seus setores de servi\u00e7os e produtos neste in\u00edcio do ano de 2019. Confira mais n\u00fameros da empresa.","og_url":"https:\/\/www.suno.com.br\/noticias\/tim-alta-lucro-220-milhoes\/","og_site_name":"Suno Not\u00edcias","article_publisher":"https:\/\/facebook.com\/sunoresearch","og_image":[{"width":1024,"height":693,"url":"https:\/\/files.sunoresearch.com.br\/n\/uploads\/2019\/01\/e58fb108-tim-1024x693.jpg","type":"image\/jpeg"}],"author":"Beatriz Oliveira","twitter_card":"summary_large_image","twitter_creator":"@sunoresearch","twitter_site":"@sunoresearch","twitter_misc":{"Escrito por":"Beatriz Oliveira","Est. tempo de leitura":"2 minutos"},"schema":{"@context":"https:\/\/schema.org","@graph":[{"@type":"NewsArticle","@id":"https:\/\/www.suno.com.br\/noticias\/tim-alta-lucro-220-milhoes\/#article","isPartOf":{"@id":"https:\/\/www.suno.com.br\/noticias\/tim-alta-lucro-220-milhoes\/"},"author":{"name":"Beatriz Oliveira","@id":"https:\/\/www.suno.com.br\/noticias\/#\/schema\/person\/e67f665add014bf99f644028de070cc3"},"headline":"TIM tem alta de 2,5% no lucro e registra R$ 251 milh\u00f5es no 1\u00ba trimestre","datePublished":"2019-05-08T11:40:15+00:00","dateModified":"2019-05-08T11:41:00+00:00","mainEntityOfPage":{"@id":"https:\/\/www.suno.com.br\/noticias\/tim-alta-lucro-220-milhoes\/"},"wordCount":417,"publisher":{"@id":"https:\/\/www.suno.com.br\/noticias\/#organization"},"image":{"@id":"https:\/\/www.suno.com.br\/noticias\/tim-alta-lucro-220-milhoes\/#primaryimage"},"thumbnailUrl":"https:\/\/files.sunoresearch.com.br\/n\/uploads\/2019\/01\/e58fb108-tim-scaled.webp","keywords":["balan\u00e7os trimestrais","TIM (TIMS3)"],"articleSection":["Neg\u00f3cios"],"inLanguage":"pt-BR"},{"@type":"WebPage","@id":"https:\/\/www.suno.com.br\/noticias\/tim-alta-lucro-220-milhoes\/","url":"https:\/\/www.suno.com.br\/noticias\/tim-alta-lucro-220-milhoes\/","name":"TIM tem alta de 2,5% no lucro e registra R$ 220 milh\u00f5es no 1\u00ba trimestre","isPartOf":{"@id":"https:\/\/www.suno.com.br\/noticias\/#website"},"primaryImageOfPage":{"@id":"https:\/\/www.suno.com.br\/noticias\/tim-alta-lucro-220-milhoes\/#primaryimage"},"image":{"@id":"https:\/\/www.suno.com.br\/noticias\/tim-alta-lucro-220-milhoes\/#primaryimage"},"thumbnailUrl":"https:\/\/files.sunoresearch.com.br\/n\/uploads\/2019\/01\/e58fb108-tim-scaled.webp","datePublished":"2019-05-08T11:40:15+00:00","dateModified":"2019-05-08T11:41:00+00:00","description":"A TIM apresentou crescimento em todos os seus setores de servi\u00e7os e produtos neste in\u00edcio do ano de 2019. Confira mais n\u00fameros da empresa.","breadcrumb":{"@id":"https:\/\/www.suno.com.br\/noticias\/tim-alta-lucro-220-milhoes\/#breadcrumb"},"inLanguage":"pt-BR","potentialAction":[{"@type":"ReadAction","target":["https:\/\/www.suno.com.br\/noticias\/tim-alta-lucro-220-milhoes\/"]}]},{"@type":"ImageObject","inLanguage":"pt-BR","@id":"https:\/\/www.suno.com.br\/noticias\/tim-alta-lucro-220-milhoes\/#primaryimage","url":"https:\/\/files.sunoresearch.com.br\/n\/uploads\/2019\/01\/e58fb108-tim-scaled.webp","contentUrl":"https:\/\/files.sunoresearch.com.br\/n\/uploads\/2019\/01\/e58fb108-tim-scaled.webp","width":2560,"height":1732,"caption":"As a\u00e7\u00f5es da TIM ser\u00e3o negociadas sob novos tickers na B3 e na NYSE. Na B3, o c\u00f3digo passa de TIMP3 para TIMS3."},{"@type":"BreadcrumbList","@id":"https:\/\/www.suno.com.br\/noticias\/tim-alta-lucro-220-milhoes\/#breadcrumb","itemListElement":[{"@type":"ListItem","position":1,"name":"Not\u00edcias","item":"https:\/\/www.suno.com.br\/noticias\/"},{"@type":"ListItem","position":2,"name":"Neg\u00f3cios","item":"https:\/\/www.suno.com.br\/noticias\/negocios\/"},{"@type":"ListItem","position":3,"name":"TIM tem alta de 2,5% no lucro e registra R$ 251 milh\u00f5es no 1\u00ba trimestre"}]},{"@type":"WebSite","@id":"https:\/\/www.suno.com.br\/noticias\/#website","url":"https:\/\/www.suno.com.br\/noticias\/","name":"Suno Not\u00edcias","description":"Seu portal de informa\u00e7\u00e3o sobre o mundo dos investimentos","publisher":{"@id":"https:\/\/www.suno.com.br\/noticias\/#organization"},"potentialAction":[{"@type":"SearchAction","target":{"@type":"EntryPoint","urlTemplate":"https:\/\/www.suno.com.br\/noticias\/?s={search_term_string}"},"query-input":{"@type":"PropertyValueSpecification","valueRequired":true,"valueName":"search_term_string"}}],"inLanguage":"pt-BR"},{"@type":"Organization","@id":"https:\/\/www.suno.com.br\/noticias\/#organization","name":"Suno Not\u00edcias","url":"https:\/\/www.suno.com.br\/noticias\/","logo":{"@type":"ImageObject","inLanguage":"pt-BR","@id":"https:\/\/www.suno.com.br\/noticias\/#\/schema\/logo\/image\/","url":"https:\/\/files.sunoresearch.com.br\/n\/uploads\/2021\/09\/suno-logo.png","contentUrl":"https:\/\/files.sunoresearch.com.br\/n\/uploads\/2021\/09\/suno-logo.png","width":180,"height":180,"caption":"Suno Not\u00edcias"},"image":{"@id":"https:\/\/www.suno.com.br\/noticias\/#\/schema\/logo\/image\/"},"sameAs":["https:\/\/facebook.com\/sunoresearch","https:\/\/x.com\/sunoresearch","https:\/\/www.instagram.com\/suno","https:\/\/www.linkedin.com\/company\/suno-research\/","https:\/\/www.youtube.com\/c\/sunoresearch"]},{"@type":"Person","@id":"https:\/\/www.suno.com.br\/noticias\/#\/schema\/person\/e67f665add014bf99f644028de070cc3","name":"Beatriz Oliveira","image":{"@type":"ImageObject","inLanguage":"pt-BR","@id":"https:\/\/www.suno.com.br\/noticias\/#\/schema\/person\/image\/","url":"https:\/\/secure.gravatar.com\/avatar\/c9aa6a0aaecc598d257d5d5bd349157d?s=96&r=g","contentUrl":"https:\/\/secure.gravatar.com\/avatar\/c9aa6a0aaecc598d257d5d5bd349157d?s=96&r=g","caption":"Beatriz Oliveira"},"description":"Formada em Jornalismo pela Faculdade Paulus de Tecnologia e Comunica\u00e7\u00e3o, Beatriz Oliveira escreve para o portal de not\u00edcias Suno Research. Antes, passou pelas reda\u00e7\u00f5es da Revista EXAME e da Rede Bandeirantes.","url":"https:\/\/www.suno.com.br\/noticias\/author\/beatriz\/"}]}},"default_loop_html":"<div class=\"cardsPage__listCard__boxs\"><div class=\"cardsPage__listCard__boxs__img\"><a href=\"https:\/\/www.suno.com.br\/noticias\/tim-alta-lucro-220-milhoes\/\"><img class=\"mask\" src=\"https:\/\/www.suno.com.br\/noticias\/wp-content\/themes\/suno\/resources\/images\/spotlight\/spotlight1img\/bg-mask.png\" alt=\"Image Mask\"\/><img src=\"https:\/\/files.sunoresearch.com.br\/n\/uploads\/2019\/01\/e58fb108-tim-400x200.webp\" alt=\"TIM tem alta de 2,5% no lucro e registra R$ 251 milh\u00f5es no 1\u00ba trimestre\"\/><\/a><span class=\"spotlightCategory\"><a href=\"https:\/\/www.suno.com.br\/noticias\/negocios\/\">Neg\u00f3cios<\/a><\/span><\/div><div class=\"cardsPage__listCard__boxs__content\"><a href=\"https:\/\/www.suno.com.br\/noticias\/tim-alta-lucro-220-milhoes\/\"><h2 class=\"content__title\">TIM tem alta de 2,5% no lucro e registra R$ 251 milh\u00f5es no 1\u00ba trimestre<\/h2><\/a><div class=\"newsContent__article__meta\"><div class=\"newsContent__article__meta__authorBox\"><a href=\"https:\/\/www.suno.com.br\/noticias\/author\/beatriz\/\" class=\"authorBox__avatar noMobi\"><img src=\"https:\/\/secure.gravatar.com\/avatar\/c9aa6a0aaecc598d257d5d5bd349157d?s=96&#038;r=g\" alt=\"Beatriz Oliveira\"><\/a><div class=\"authorBox__name\"><span>por\n\t\t\t<a href=\"https:\/\/www.suno.com.br\/noticias\/author\/beatriz\/\"><span itemprop=\"author\">Beatriz Oliveira<\/span><\/a><\/span><time datetime=\"2019-05-08T08:40:15-03:00\" itemprop=\"datePublished\">08\/05\/2019 08:40<\/time><\/div><\/div><\/div><\/div><\/div>","single_layout":"posts","amp_enabled":true,"_links":{"self":[{"href":"https:\/\/www.suno.com.br\/noticias\/wp-json\/wp\/v2\/posts\/23654"}],"collection":[{"href":"https:\/\/www.suno.com.br\/noticias\/wp-json\/wp\/v2\/posts"}],"about":[{"href":"https:\/\/www.suno.com.br\/noticias\/wp-json\/wp\/v2\/types\/post"}],"author":[{"embeddable":true,"href":"https:\/\/www.suno.com.br\/noticias\/wp-json\/wp\/v2\/users\/16"}],"replies":[{"embeddable":true,"href":"https:\/\/www.suno.com.br\/noticias\/wp-json\/wp\/v2\/comments?post=23654"}],"version-history":[{"count":0,"href":"https:\/\/www.suno.com.br\/noticias\/wp-json\/wp\/v2\/posts\/23654\/revisions"}],"wp:featuredmedia":[{"embeddable":true,"href":"https:\/\/www.suno.com.br\/noticias\/wp-json\/wp\/v2\/media\/13502"}],"wp:attachment":[{"href":"https:\/\/www.suno.com.br\/noticias\/wp-json\/wp\/v2\/media?parent=23654"}],"wp:term":[{"taxonomy":"category","embeddable":true,"href":"https:\/\/www.suno.com.br\/noticias\/wp-json\/wp\/v2\/categories?post=23654"},{"taxonomy":"post_tag","embeddable":true,"href":"https:\/\/www.suno.com.br\/noticias\/wp-json\/wp\/v2\/tags?post=23654"},{"taxonomy":"suno_strategy","embeddable":true,"href":"https:\/\/www.suno.com.br\/noticias\/wp-json\/wp\/v2\/suno_strategy?post=23654"}],"curies":[{"name":"wp","href":"https:\/\/api.w.org\/{rel}","templated":true}]}}