{"id":236513,"date":"2022-03-02T12:55:06","date_gmt":"2022-03-02T15:55:06","guid":{"rendered":"https:\/\/www.suno.com.br\/noticias\/?p=236513"},"modified":"2022-03-02T15:21:28","modified_gmt":"2022-03-02T18:21:28","slug":"opep-acordo-barris-petroleo","status":"publish","type":"post","link":"https:\/\/www.suno.com.br\/noticias\/opep-acordo-barris-petroleo\/","title":{"rendered":"Opep+ fecha acordo e mant\u00e9m produ\u00e7\u00e3o de petr\u00f3leo em abril"},"content":{"rendered":"<p>A Organiza\u00e7\u00e3o dos Pa\u00edses Exportadores de Petr\u00f3leo e aliados (<strong>Opep<\/strong>+) concordou com um adi\u00e7\u00e3o pequena e planejada na produ\u00e7\u00e3o do \u00f3leo em abril, de 400 mil barris por dia (bpd),<a href=\"https:\/\/www.suno.com.br\/artigos\/cotacao-do-petroleo\/\"> apesar de os pre\u00e7os terem subido a n\u00edveis n\u00e3o vistos em mais de oito anos<\/a>, em meio a preocupa\u00e7\u00f5es com a oferta ap\u00f3s a invas\u00e3o da Ucr\u00e2nia pela R\u00fassia.<\/p>\t<div class=\"wrapper-featured-image\">\n\t\t<figure class=\"spotlightImg\">\n\n\t\t\t<picture>\n\t\t\t\t<source media=\"(max-width: 768px)\" srcset=\"https:\/\/files.sunoresearch.com.br\/n\/uploads\/2021\/03\/30ac07a4-cotacao-do-petroleo-2-400x200.webp\">\n\t\t\t\t<img loading=\"lazy\" decoding=\"async\" class=\"newsContent__article__imgCapa lazyloadDisabled \" src=\"https:\/\/files.sunoresearch.com.br\/n\/uploads\/2021\/03\/30ac07a4-cotacao-do-petroleo-2-800x450.webp\" width=\"800\" height=\"450\" alt=\"Opep+ fecha acordo e mant\u00e9m produ\u00e7\u00e3o de petr\u00f3leo em abril\" fetchpriority=high \/>\n\t\t\t<\/picture>\n\n\t\t\t<figcaption class=\"wp-caption-text wp-caption-text--show\">Petr\u00f3leo. Foto: Pixabay<\/figcaption>\n\t\t<\/figure>\n\t<\/div>\n\n\n\t<p>\n\t\t<a href=\"https:\/\/lp.suno.com.br\/planilha-controle-gastos\/\" target=\"_blank\" data-element=\"shortcode-suno-banner\" title=\"Banner SUNO, clique e saiba mais\">\n\t\t\t<picture>\n\t\t\t\t<source media=\"(max-width: 500px)\" srcset=\"https:\/\/files.sunoresearch.com.br\/n\/uploads\/2023\/03\/400x300-Planilha-controle-de-gastos.png\">\n\t\t\t\t<img class=\"newsContent__article__imgCapa newsContent__article__imgCapa--banner\"\n\t\t\t\t\tsrc=\"https:\/\/files.sunoresearch.com.br\/n\/uploads\/2023\/03\/1420x240-Planilha-controle-de-gastos.png\"\n\t\t\t\t\tdata-promo-id=\"101751\"\t\t\t\t\t\t\t\t\t\twidth='1420' height='240'\t\t\t\t\talt=\"https:\/\/files.sunoresearch.com.br\/n\/uploads\/2023\/03\/1420x240-Planilha-controle-de-gastos.png\"\n\t\t\t\t>\n\t\t\t<\/picture>\n\t\t<\/a>\n\t<\/p>\n\n\n<p>A decis\u00e3o da <strong>Opep+<\/strong> ocorre um dia depois que os EUA e outros grandes pa\u00edses consumidores de petr\u00f3leo disseram na ter\u00e7a-feira que liberariam 60 milh\u00f5es de barris de petr\u00f3leo de seus estoques de emerg\u00eancia na tentativa de domar o aumento dos pre\u00e7os.<\/p>\n<p>Os pre\u00e7os do <strong>petr\u00f3leo<\/strong> subiram acentuadamente nos \u00faltimos meses, alimentando a infla\u00e7\u00e3o em todo o mundo, em parte porque v\u00e1rios membros da Opep+ n\u00e3o conseguiram atender sua parcela de produ\u00e7\u00e3o \u00e0 medida que a demanda global aumentou.<\/p>\n<p>Os valores chegaram a mais de US$ 110 pela primeira vez desde 2014, quando as refinarias se recusaram a comprar petr\u00f3leo russo, levantando preocupa\u00e7\u00f5es sobre o fornecimento global de energia.<\/p>\n<p>Nesta quarta (2), em mais um dia de tens\u00e3o nos mercados por causa do avan\u00e7o militar da <strong>R\u00fassia<\/strong> na <strong>Ucr\u00e2nia<\/strong>, o petr\u00f3leo disparou e superou os US$ 100 o barril.<\/p>\n\t<p>\n\t\t<a href=\"\" target=\"_blank\" data-element=\"shortcode-suno-banner\" title=\"Banner SUNO, clique e saiba mais\">\n\t\t\t<picture>\n\t\t\t\t<source media=\"(max-width: 500px)\" srcset=\"\">\n\t\t\t\t<img class=\"newsContent__article__imgCapa newsContent__article__imgCapa--banner\"\n\t\t\t\t\tsrc=\"\"\n\t\t\t\t\tdata-promo-id=\"77030\"\t\t\t\t\t\t\t\t\t\t\t\t\t\t\talt=\"\"\n\t\t\t\t>\n\t\t\t<\/picture>\n\t\t<\/a>\n\t<\/p>\n\n\n<p>A escalada come\u00e7ou logo pela manh\u00e3, mas ganhou for\u00e7a durante a tarde ap\u00f3s a Ag\u00eancia Internacional de Energia (<strong>AIE<\/strong>) &#8211; que representa os consumidores-chave de petr\u00f3leo &#8211; anunciar a libera\u00e7\u00e3o de estoques, em tentativa de sinalizar que n\u00e3o haver\u00e1 desabastecimento.<\/p>\n<p>A medida, no entanto, n\u00e3o conseguiu conter a alta de commodity. O <a class=\"suno-keyword\" href=\"https:\/\/www.suno.com.br\/artigos\/wti\/\" target=\"_blank\" rel=\"noopener\" data-force=\"no\" data-priority=\"1\">petr\u00f3leo WTI<\/a> para abril fechou em alta de 8,03%, em US$ 103,41 o barril, na <a class=\"suno-keyword\" href=\"https:\/\/www.suno.com.br\/artigos\/nymex\/\" target=\"_blank\" rel=\"noopener\" data-force=\"no\" data-priority=\"1\">New York Mercantile Exchange (Nymex)<\/a>; e o Brent para maio avan\u00e7ou 7,15%, para US$ 104,97 o barril, na Intercontinental Exchange (ICE).<\/p>\n<p>O an\u00fancio da AIE prev\u00ea a libera\u00e7\u00e3o de 60 milh\u00f5es de barris de estoques para apoiar a oferta da commodity no mercado. Segundo o grupo, isso corresponde a 4% de toda a reserva dos 31 pa\u00edses que comp\u00f5em a ag\u00eancia, de 1,5 bilh\u00e3o de barris.<\/p>\n<p>A expectativa \u00e9 de que sejam liberados 2 milh\u00f5es de <strong>barris<\/strong> por dia durante 30 dias. A Casa Branca ainda disse que a ag\u00eancia considera novas libera\u00e7\u00f5es de reservas emergenciais, se necess\u00e1rio.<\/p>\n\t<p>\n\t\t<a href=\"\" target=\"_blank\" data-element=\"shortcode-suno-banner\" title=\"Banner SUNO, clique e saiba mais\">\n\t\t\t<picture>\n\t\t\t\t<source media=\"(max-width: 500px)\" srcset=\"\">\n\t\t\t\t<img class=\"newsContent__article__imgCapa newsContent__article__imgCapa--banner\"\n\t\t\t\t\tsrc=\"\"\n\t\t\t\t\tdata-promo-id=\"92668\"\t\t\t\t\t\t\t\t\t\t\t\t\t\t\talt=\"\"\n\t\t\t\t>\n\t\t\t<\/picture>\n\t\t<\/a>\n\t<\/p>\n\n\n<h2>Opep age em meio \u00e0 crise energ\u00e9tica<\/h2>\n<p>Em comunicado ao mercado, a ag\u00eancia afirmou que a invas\u00e3o russa <a href=\"https:\/\/www.suno.com.br\/artigos\/o-que-commodities\/\">ocorre em um momento em que o mercado de petr\u00f3leo<\/a> j\u00e1 se encontra apertado e altamente vol\u00e1til, com estoques comerciais em seus menores n\u00edveis desde 2014 e uma capacidade limitada de produtores de aumentarem a oferta.<\/p>\n<p>&#8220;A situa\u00e7\u00e3o nos mercados de energia \u00e9 muito grave e exige toda a nossa aten\u00e7\u00e3o. A seguran\u00e7a energ\u00e9tica global est\u00e1 amea\u00e7ada, colocando a economia mundial em risco durante um est\u00e1gio fr\u00e1gil da recupera\u00e7\u00e3o&#8221;, afirmou o diretor executivo da AIE, Fatih Birol.<\/p>\n<p>Se situando neste contexto, a <strong>Opep<\/strong> se re\u00fane para tratar da oferta de petr\u00f3leo e, segundo fonte, assim mantando o acordo de aumentar a oferta em 400 mil barris por dia.<\/p>\n<p><em>Com informa\u00e7\u00f5es do Estad\u00e3o Conte\u00fado<\/em><\/p>\n\t<p>\n\t\t<a href=\"https:\/\/lp.suno.com.br\/planilha-de-controle-de-investimentos\/\" target=\"_blank\" data-element=\"shortcode-suno-banner\" title=\"Banner SUNO, clique e saiba mais\">\n\t\t\t<picture>\n\t\t\t\t<source media=\"(max-width: 500px)\" srcset=\"https:\/\/files.sunoresearch.com.br\/n\/uploads\/2023\/03\/400x300-Controle-de-Investimentos.png\">\n\t\t\t\t<img class=\"newsContent__article__imgCapa newsContent__article__imgCapa--banner\"\n\t\t\t\t\tsrc=\"https:\/\/files.sunoresearch.com.br\/n\/uploads\/2023\/03\/1420x240-Controle-de-Investimentos.png\"\n\t\t\t\t\tdata-promo-id=\"75934\"\t\t\t\t\t\t\t\t\t\twidth='1420' height='240'\t\t\t\t\talt=\"https:\/\/files.sunoresearch.com.br\/n\/uploads\/2023\/03\/1420x240-Controle-de-Investimentos.png\"\n\t\t\t\t>\n\t\t\t<\/picture>\n\t\t<\/a>\n\t<\/p>\n\n\n","protected":false},"excerpt":{"rendered":"<p>A Organiza\u00e7\u00e3o dos Pa\u00edses Exportadores de Petr\u00f3leo e aliados (Opep+) concordou com um adi\u00e7\u00e3o pequena e planejada na produ\u00e7\u00e3o do \u00f3leo em abril, de 400 mil barris por dia (bpd), apesar de os pre\u00e7os terem subido a n\u00edveis n\u00e3o vistos em mais de oito anos, em meio a preocupa\u00e7\u00f5es com a oferta ap\u00f3s a invas\u00e3o [&hellip;]<\/p>\n","protected":false},"author":73,"featured_media":129151,"comment_status":"closed","ping_status":"closed","sticky":false,"template":"","format":"standard","meta":[],"categories":[63],"tags":[106444,811,766],"suno_strategy":[],"class_list":["post-236513","post","type-post","status-publish","format-standard","has-post-thumbnail","hentry","category-internacional","tag-agencias","tag-opep","tag-petroleo"],"yoast_head":"<!-- This site is optimized with the Yoast SEO plugin v24.4 - https:\/\/yoast.com\/wordpress\/plugins\/seo\/ -->\n<title>Opep+ fecha acordo e mant\u00e9m produ\u00e7\u00e3o de petr\u00f3leo em abril<\/title>\n<meta name=\"description\" content=\"Decis\u00e3o da Opep vem em meio a cota\u00e7\u00e3o de US$ 110 do barril de petr\u00f3leo com escalada da tens\u00e3o entre R\u00fassia e Ucr\u00e2nia. Clique aqui e leia mais.\" \/>\n<meta name=\"robots\" content=\"index, follow, max-snippet:-1, max-image-preview:large, max-video-preview:-1\" \/>\n<link rel=\"canonical\" href=\"https:\/\/www.suno.com.br\/noticias\/opep-acordo-barris-petroleo\/\" \/>\n<meta property=\"og:locale\" content=\"pt_BR\" \/>\n<meta property=\"og:type\" content=\"article\" \/>\n<meta property=\"og:title\" content=\"Opep+ fecha acordo e mant\u00e9m produ\u00e7\u00e3o de petr\u00f3leo em abril\" \/>\n<meta property=\"og:description\" content=\"Decis\u00e3o da Opep vem em meio a cota\u00e7\u00e3o de US$ 110 do barril de petr\u00f3leo com escalada da tens\u00e3o entre R\u00fassia e Ucr\u00e2nia. Clique aqui e leia mais.\" \/>\n<meta property=\"og:url\" content=\"https:\/\/www.suno.com.br\/noticias\/opep-acordo-barris-petroleo\/\" \/>\n<meta property=\"og:site_name\" content=\"Suno Not\u00edcias\" \/>\n<meta property=\"article:publisher\" content=\"https:\/\/facebook.com\/sunoresearch\" \/>\n<meta property=\"og:image\" content=\"https:\/\/files.sunoresearch.com.br\/n\/uploads\/2021\/03\/30ac07a4-cotacao-do-petroleo-2.jpg\" \/>\n\t<meta property=\"og:image:width\" content=\"1700\" \/>\n\t<meta property=\"og:image:height\" content=\"956\" \/>\n\t<meta property=\"og:image:type\" content=\"image\/jpeg\" \/>\n<meta name=\"author\" content=\"Eduardo Vargas\" \/>\n<meta name=\"twitter:card\" content=\"summary_large_image\" \/>\n<meta name=\"twitter:creator\" content=\"@sunoresearch\" \/>\n<meta name=\"twitter:site\" content=\"@sunoresearch\" \/>\n<meta name=\"twitter:label1\" content=\"Escrito por\" \/>\n\t<meta name=\"twitter:data1\" content=\"Eduardo Vargas\" \/>\n\t<meta name=\"twitter:label2\" content=\"Est. tempo de leitura\" \/>\n\t<meta name=\"twitter:data2\" content=\"3 minutos\" \/>\n<script type=\"application\/ld+json\" class=\"yoast-schema-graph\">{\"@context\":\"https:\/\/schema.org\",\"@graph\":[{\"@type\":\"NewsArticle\",\"@id\":\"https:\/\/www.suno.com.br\/noticias\/opep-acordo-barris-petroleo\/#article\",\"isPartOf\":{\"@id\":\"https:\/\/www.suno.com.br\/noticias\/opep-acordo-barris-petroleo\/\"},\"author\":{\"name\":\"Eduardo Vargas\",\"@id\":\"https:\/\/www.suno.com.br\/noticias\/#\/schema\/person\/7f4d362bf3518e76090143ae77bb49a5\"},\"headline\":\"Opep+ fecha acordo e mant\u00e9m produ\u00e7\u00e3o de petr\u00f3leo em abril\",\"datePublished\":\"2022-03-02T15:55:06+00:00\",\"dateModified\":\"2022-03-02T18:21:28+00:00\",\"mainEntityOfPage\":{\"@id\":\"https:\/\/www.suno.com.br\/noticias\/opep-acordo-barris-petroleo\/\"},\"wordCount\":571,\"publisher\":{\"@id\":\"https:\/\/www.suno.com.br\/noticias\/#organization\"},\"image\":{\"@id\":\"https:\/\/www.suno.com.br\/noticias\/opep-acordo-barris-petroleo\/#primaryimage\"},\"thumbnailUrl\":\"https:\/\/files.sunoresearch.com.br\/n\/uploads\/2021\/03\/30ac07a4-cotacao-do-petroleo-2-jpg.webp\",\"keywords\":[\"Ag\u00eancias\",\"OPEP\",\"Petr\u00f3leo\"],\"articleSection\":[\"Internacional\"],\"inLanguage\":\"pt-BR\"},{\"@type\":\"WebPage\",\"@id\":\"https:\/\/www.suno.com.br\/noticias\/opep-acordo-barris-petroleo\/\",\"url\":\"https:\/\/www.suno.com.br\/noticias\/opep-acordo-barris-petroleo\/\",\"name\":\"Opep+ fecha acordo e mant\u00e9m produ\u00e7\u00e3o de petr\u00f3leo em abril\",\"isPartOf\":{\"@id\":\"https:\/\/www.suno.com.br\/noticias\/#website\"},\"primaryImageOfPage\":{\"@id\":\"https:\/\/www.suno.com.br\/noticias\/opep-acordo-barris-petroleo\/#primaryimage\"},\"image\":{\"@id\":\"https:\/\/www.suno.com.br\/noticias\/opep-acordo-barris-petroleo\/#primaryimage\"},\"thumbnailUrl\":\"https:\/\/files.sunoresearch.com.br\/n\/uploads\/2021\/03\/30ac07a4-cotacao-do-petroleo-2-jpg.webp\",\"datePublished\":\"2022-03-02T15:55:06+00:00\",\"dateModified\":\"2022-03-02T18:21:28+00:00\",\"description\":\"Decis\u00e3o da Opep vem em meio a cota\u00e7\u00e3o de US$ 110 do barril de petr\u00f3leo com escalada da tens\u00e3o entre R\u00fassia e Ucr\u00e2nia. Clique aqui e leia mais.\",\"breadcrumb\":{\"@id\":\"https:\/\/www.suno.com.br\/noticias\/opep-acordo-barris-petroleo\/#breadcrumb\"},\"inLanguage\":\"pt-BR\",\"potentialAction\":[{\"@type\":\"ReadAction\",\"target\":[\"https:\/\/www.suno.com.br\/noticias\/opep-acordo-barris-petroleo\/\"]}]},{\"@type\":\"ImageObject\",\"inLanguage\":\"pt-BR\",\"@id\":\"https:\/\/www.suno.com.br\/noticias\/opep-acordo-barris-petroleo\/#primaryimage\",\"url\":\"https:\/\/files.sunoresearch.com.br\/n\/uploads\/2021\/03\/30ac07a4-cotacao-do-petroleo-2-jpg.webp\",\"contentUrl\":\"https:\/\/files.sunoresearch.com.br\/n\/uploads\/2021\/03\/30ac07a4-cotacao-do-petroleo-2-jpg.webp\",\"width\":1700,\"height\":956,\"caption\":\"Petr\u00f3leo. Foto: Pixabay\"},{\"@type\":\"BreadcrumbList\",\"@id\":\"https:\/\/www.suno.com.br\/noticias\/opep-acordo-barris-petroleo\/#breadcrumb\",\"itemListElement\":[{\"@type\":\"ListItem\",\"position\":1,\"name\":\"Not\u00edcias\",\"item\":\"https:\/\/www.suno.com.br\/noticias\/\"},{\"@type\":\"ListItem\",\"position\":2,\"name\":\"Internacional\",\"item\":\"https:\/\/www.suno.com.br\/noticias\/internacional\/\"},{\"@type\":\"ListItem\",\"position\":3,\"name\":\"Opep+ fecha acordo e mant\u00e9m produ\u00e7\u00e3o de petr\u00f3leo em abril\"}]},{\"@type\":\"WebSite\",\"@id\":\"https:\/\/www.suno.com.br\/noticias\/#website\",\"url\":\"https:\/\/www.suno.com.br\/noticias\/\",\"name\":\"Suno Not\u00edcias\",\"description\":\"Seu portal de informa\u00e7\u00e3o sobre o mundo dos investimentos\",\"publisher\":{\"@id\":\"https:\/\/www.suno.com.br\/noticias\/#organization\"},\"potentialAction\":[{\"@type\":\"SearchAction\",\"target\":{\"@type\":\"EntryPoint\",\"urlTemplate\":\"https:\/\/www.suno.com.br\/noticias\/?s={search_term_string}\"},\"query-input\":{\"@type\":\"PropertyValueSpecification\",\"valueRequired\":true,\"valueName\":\"search_term_string\"}}],\"inLanguage\":\"pt-BR\"},{\"@type\":\"Organization\",\"@id\":\"https:\/\/www.suno.com.br\/noticias\/#organization\",\"name\":\"Suno Not\u00edcias\",\"url\":\"https:\/\/www.suno.com.br\/noticias\/\",\"logo\":{\"@type\":\"ImageObject\",\"inLanguage\":\"pt-BR\",\"@id\":\"https:\/\/www.suno.com.br\/noticias\/#\/schema\/logo\/image\/\",\"url\":\"https:\/\/files.sunoresearch.com.br\/n\/uploads\/2021\/09\/suno-logo.png\",\"contentUrl\":\"https:\/\/files.sunoresearch.com.br\/n\/uploads\/2021\/09\/suno-logo.png\",\"width\":180,\"height\":180,\"caption\":\"Suno Not\u00edcias\"},\"image\":{\"@id\":\"https:\/\/www.suno.com.br\/noticias\/#\/schema\/logo\/image\/\"},\"sameAs\":[\"https:\/\/facebook.com\/sunoresearch\",\"https:\/\/x.com\/sunoresearch\",\"https:\/\/www.instagram.com\/suno\",\"https:\/\/www.linkedin.com\/company\/suno-research\/\",\"https:\/\/www.youtube.com\/c\/sunoresearch\"]},{\"@type\":\"Person\",\"@id\":\"https:\/\/www.suno.com.br\/noticias\/#\/schema\/person\/7f4d362bf3518e76090143ae77bb49a5\",\"name\":\"Eduardo Vargas\",\"image\":{\"@type\":\"ImageObject\",\"inLanguage\":\"pt-BR\",\"@id\":\"https:\/\/www.suno.com.br\/noticias\/#\/schema\/person\/image\/\",\"url\":\"https:\/\/secure.gravatar.com\/avatar\/dac340933427a22924c9f99d1eb2e3f2?s=96&r=g\",\"contentUrl\":\"https:\/\/secure.gravatar.com\/avatar\/dac340933427a22924c9f99d1eb2e3f2?s=96&r=g\",\"caption\":\"Eduardo Vargas\"},\"description\":\"Jornalista formado pela UFSC, cobre macroeconomia, neg\u00f3cios e startups para o Suno Not\u00edcias, escrevendo principalmente not\u00edcias sobre o mercado financeiro e a bolsa de valores. No YouTube e no Instagram, \u00e9 respons\u00e1vel pela produ\u00e7\u00e3o de Reels e Shorts do Suno Not\u00edcias. Anteriormente, trabalhou cobrindo economia e cotidiano no ND+ e para o ND, maior jornal impresso de Santa Catarina. Cursou um semestre letivo de Estudos de M\u00eddia na Universidad de Buenos Aires.\",\"url\":\"https:\/\/www.suno.com.br\/noticias\/author\/eduardo-vargas\/\"}]}<\/script>\n<!-- \/ Yoast SEO plugin. -->","yoast_head_json":{"title":"Opep+ fecha acordo e mant\u00e9m produ\u00e7\u00e3o de petr\u00f3leo em abril","description":"Decis\u00e3o da Opep vem em meio a cota\u00e7\u00e3o de US$ 110 do barril de petr\u00f3leo com escalada da tens\u00e3o entre R\u00fassia e Ucr\u00e2nia. Clique aqui e leia mais.","robots":{"index":"index","follow":"follow","max-snippet":"max-snippet:-1","max-image-preview":"max-image-preview:large","max-video-preview":"max-video-preview:-1"},"canonical":"https:\/\/www.suno.com.br\/noticias\/opep-acordo-barris-petroleo\/","og_locale":"pt_BR","og_type":"article","og_title":"Opep+ fecha acordo e mant\u00e9m produ\u00e7\u00e3o de petr\u00f3leo em abril","og_description":"Decis\u00e3o da Opep vem em meio a cota\u00e7\u00e3o de US$ 110 do barril de petr\u00f3leo com escalada da tens\u00e3o entre R\u00fassia e Ucr\u00e2nia. Clique aqui e leia mais.","og_url":"https:\/\/www.suno.com.br\/noticias\/opep-acordo-barris-petroleo\/","og_site_name":"Suno Not\u00edcias","article_publisher":"https:\/\/facebook.com\/sunoresearch","og_image":[{"width":1700,"height":956,"url":"https:\/\/files.sunoresearch.com.br\/n\/uploads\/2021\/03\/30ac07a4-cotacao-do-petroleo-2.jpg","type":"image\/jpeg"}],"author":"Eduardo Vargas","twitter_card":"summary_large_image","twitter_creator":"@sunoresearch","twitter_site":"@sunoresearch","twitter_misc":{"Escrito por":"Eduardo Vargas","Est. tempo de leitura":"3 minutos"},"schema":{"@context":"https:\/\/schema.org","@graph":[{"@type":"NewsArticle","@id":"https:\/\/www.suno.com.br\/noticias\/opep-acordo-barris-petroleo\/#article","isPartOf":{"@id":"https:\/\/www.suno.com.br\/noticias\/opep-acordo-barris-petroleo\/"},"author":{"name":"Eduardo Vargas","@id":"https:\/\/www.suno.com.br\/noticias\/#\/schema\/person\/7f4d362bf3518e76090143ae77bb49a5"},"headline":"Opep+ fecha acordo e mant\u00e9m produ\u00e7\u00e3o de petr\u00f3leo em abril","datePublished":"2022-03-02T15:55:06+00:00","dateModified":"2022-03-02T18:21:28+00:00","mainEntityOfPage":{"@id":"https:\/\/www.suno.com.br\/noticias\/opep-acordo-barris-petroleo\/"},"wordCount":571,"publisher":{"@id":"https:\/\/www.suno.com.br\/noticias\/#organization"},"image":{"@id":"https:\/\/www.suno.com.br\/noticias\/opep-acordo-barris-petroleo\/#primaryimage"},"thumbnailUrl":"https:\/\/files.sunoresearch.com.br\/n\/uploads\/2021\/03\/30ac07a4-cotacao-do-petroleo-2-jpg.webp","keywords":["Ag\u00eancias","OPEP","Petr\u00f3leo"],"articleSection":["Internacional"],"inLanguage":"pt-BR"},{"@type":"WebPage","@id":"https:\/\/www.suno.com.br\/noticias\/opep-acordo-barris-petroleo\/","url":"https:\/\/www.suno.com.br\/noticias\/opep-acordo-barris-petroleo\/","name":"Opep+ fecha acordo e mant\u00e9m produ\u00e7\u00e3o de petr\u00f3leo em abril","isPartOf":{"@id":"https:\/\/www.suno.com.br\/noticias\/#website"},"primaryImageOfPage":{"@id":"https:\/\/www.suno.com.br\/noticias\/opep-acordo-barris-petroleo\/#primaryimage"},"image":{"@id":"https:\/\/www.suno.com.br\/noticias\/opep-acordo-barris-petroleo\/#primaryimage"},"thumbnailUrl":"https:\/\/files.sunoresearch.com.br\/n\/uploads\/2021\/03\/30ac07a4-cotacao-do-petroleo-2-jpg.webp","datePublished":"2022-03-02T15:55:06+00:00","dateModified":"2022-03-02T18:21:28+00:00","description":"Decis\u00e3o da Opep vem em meio a cota\u00e7\u00e3o de US$ 110 do barril de petr\u00f3leo com escalada da tens\u00e3o entre R\u00fassia e Ucr\u00e2nia. Clique aqui e leia mais.","breadcrumb":{"@id":"https:\/\/www.suno.com.br\/noticias\/opep-acordo-barris-petroleo\/#breadcrumb"},"inLanguage":"pt-BR","potentialAction":[{"@type":"ReadAction","target":["https:\/\/www.suno.com.br\/noticias\/opep-acordo-barris-petroleo\/"]}]},{"@type":"ImageObject","inLanguage":"pt-BR","@id":"https:\/\/www.suno.com.br\/noticias\/opep-acordo-barris-petroleo\/#primaryimage","url":"https:\/\/files.sunoresearch.com.br\/n\/uploads\/2021\/03\/30ac07a4-cotacao-do-petroleo-2-jpg.webp","contentUrl":"https:\/\/files.sunoresearch.com.br\/n\/uploads\/2021\/03\/30ac07a4-cotacao-do-petroleo-2-jpg.webp","width":1700,"height":956,"caption":"Petr\u00f3leo. Foto: Pixabay"},{"@type":"BreadcrumbList","@id":"https:\/\/www.suno.com.br\/noticias\/opep-acordo-barris-petroleo\/#breadcrumb","itemListElement":[{"@type":"ListItem","position":1,"name":"Not\u00edcias","item":"https:\/\/www.suno.com.br\/noticias\/"},{"@type":"ListItem","position":2,"name":"Internacional","item":"https:\/\/www.suno.com.br\/noticias\/internacional\/"},{"@type":"ListItem","position":3,"name":"Opep+ fecha acordo e mant\u00e9m produ\u00e7\u00e3o de petr\u00f3leo em abril"}]},{"@type":"WebSite","@id":"https:\/\/www.suno.com.br\/noticias\/#website","url":"https:\/\/www.suno.com.br\/noticias\/","name":"Suno Not\u00edcias","description":"Seu portal de informa\u00e7\u00e3o sobre o mundo dos investimentos","publisher":{"@id":"https:\/\/www.suno.com.br\/noticias\/#organization"},"potentialAction":[{"@type":"SearchAction","target":{"@type":"EntryPoint","urlTemplate":"https:\/\/www.suno.com.br\/noticias\/?s={search_term_string}"},"query-input":{"@type":"PropertyValueSpecification","valueRequired":true,"valueName":"search_term_string"}}],"inLanguage":"pt-BR"},{"@type":"Organization","@id":"https:\/\/www.suno.com.br\/noticias\/#organization","name":"Suno Not\u00edcias","url":"https:\/\/www.suno.com.br\/noticias\/","logo":{"@type":"ImageObject","inLanguage":"pt-BR","@id":"https:\/\/www.suno.com.br\/noticias\/#\/schema\/logo\/image\/","url":"https:\/\/files.sunoresearch.com.br\/n\/uploads\/2021\/09\/suno-logo.png","contentUrl":"https:\/\/files.sunoresearch.com.br\/n\/uploads\/2021\/09\/suno-logo.png","width":180,"height":180,"caption":"Suno Not\u00edcias"},"image":{"@id":"https:\/\/www.suno.com.br\/noticias\/#\/schema\/logo\/image\/"},"sameAs":["https:\/\/facebook.com\/sunoresearch","https:\/\/x.com\/sunoresearch","https:\/\/www.instagram.com\/suno","https:\/\/www.linkedin.com\/company\/suno-research\/","https:\/\/www.youtube.com\/c\/sunoresearch"]},{"@type":"Person","@id":"https:\/\/www.suno.com.br\/noticias\/#\/schema\/person\/7f4d362bf3518e76090143ae77bb49a5","name":"Eduardo Vargas","image":{"@type":"ImageObject","inLanguage":"pt-BR","@id":"https:\/\/www.suno.com.br\/noticias\/#\/schema\/person\/image\/","url":"https:\/\/secure.gravatar.com\/avatar\/dac340933427a22924c9f99d1eb2e3f2?s=96&r=g","contentUrl":"https:\/\/secure.gravatar.com\/avatar\/dac340933427a22924c9f99d1eb2e3f2?s=96&r=g","caption":"Eduardo Vargas"},"description":"Jornalista formado pela UFSC, cobre macroeconomia, neg\u00f3cios e startups para o Suno Not\u00edcias, escrevendo principalmente not\u00edcias sobre o mercado financeiro e a bolsa de valores. No YouTube e no Instagram, \u00e9 respons\u00e1vel pela produ\u00e7\u00e3o de Reels e Shorts do Suno Not\u00edcias. Anteriormente, trabalhou cobrindo economia e cotidiano no ND+ e para o ND, maior jornal impresso de Santa Catarina. Cursou um semestre letivo de Estudos de M\u00eddia na Universidad de Buenos Aires.","url":"https:\/\/www.suno.com.br\/noticias\/author\/eduardo-vargas\/"}]}},"default_loop_html":"<div class=\"cardsPage__listCard__boxs\"><div class=\"cardsPage__listCard__boxs__img\"><a href=\"https:\/\/www.suno.com.br\/noticias\/opep-acordo-barris-petroleo\/\"><img class=\"mask\" src=\"https:\/\/www.suno.com.br\/noticias\/wp-content\/themes\/suno\/resources\/images\/spotlight\/spotlight1img\/bg-mask.png\" alt=\"Image Mask\"\/><img src=\"https:\/\/files.sunoresearch.com.br\/n\/uploads\/2021\/03\/30ac07a4-cotacao-do-petroleo-2-400x200.webp\" alt=\"Opep+ fecha acordo e mant\u00e9m produ\u00e7\u00e3o de petr\u00f3leo em abril\"\/><\/a><span class=\"spotlightCategory\"><a href=\"https:\/\/www.suno.com.br\/noticias\/internacional\/\">Internacional<\/a><\/span><\/div><div class=\"cardsPage__listCard__boxs__content\"><a href=\"https:\/\/www.suno.com.br\/noticias\/opep-acordo-barris-petroleo\/\"><h2 class=\"content__title\">Opep+ fecha acordo e mant\u00e9m produ\u00e7\u00e3o de petr\u00f3leo em abril<\/h2><\/a><div class=\"newsContent__article__meta\"><div class=\"newsContent__article__meta__authorBox\"><a href=\"https:\/\/www.suno.com.br\/noticias\/author\/eduardo-vargas\/\" class=\"authorBox__avatar noMobi\"><img src=\"https:\/\/secure.gravatar.com\/avatar\/dac340933427a22924c9f99d1eb2e3f2?s=96&#038;r=g\" alt=\"Eduardo Vargas\"><\/a><div class=\"authorBox__name\"><span>por\n\t\t\t<a href=\"https:\/\/www.suno.com.br\/noticias\/author\/eduardo-vargas\/\"><span itemprop=\"author\">Eduardo Vargas<\/span><\/a><\/span><time datetime=\"2022-03-02T12:55:06-03:00\" itemprop=\"datePublished\">02\/03\/2022 12:55<\/time><\/div><\/div><\/div><\/div><\/div>","single_layout":"posts","amp_enabled":true,"_links":{"self":[{"href":"https:\/\/www.suno.com.br\/noticias\/wp-json\/wp\/v2\/posts\/236513"}],"collection":[{"href":"https:\/\/www.suno.com.br\/noticias\/wp-json\/wp\/v2\/posts"}],"about":[{"href":"https:\/\/www.suno.com.br\/noticias\/wp-json\/wp\/v2\/types\/post"}],"author":[{"embeddable":true,"href":"https:\/\/www.suno.com.br\/noticias\/wp-json\/wp\/v2\/users\/73"}],"replies":[{"embeddable":true,"href":"https:\/\/www.suno.com.br\/noticias\/wp-json\/wp\/v2\/comments?post=236513"}],"version-history":[{"count":3,"href":"https:\/\/www.suno.com.br\/noticias\/wp-json\/wp\/v2\/posts\/236513\/revisions"}],"predecessor-version":[{"id":236681,"href":"https:\/\/www.suno.com.br\/noticias\/wp-json\/wp\/v2\/posts\/236513\/revisions\/236681"}],"wp:featuredmedia":[{"embeddable":true,"href":"https:\/\/www.suno.com.br\/noticias\/wp-json\/wp\/v2\/media\/129151"}],"wp:attachment":[{"href":"https:\/\/www.suno.com.br\/noticias\/wp-json\/wp\/v2\/media?parent=236513"}],"wp:term":[{"taxonomy":"category","embeddable":true,"href":"https:\/\/www.suno.com.br\/noticias\/wp-json\/wp\/v2\/categories?post=236513"},{"taxonomy":"post_tag","embeddable":true,"href":"https:\/\/www.suno.com.br\/noticias\/wp-json\/wp\/v2\/tags?post=236513"},{"taxonomy":"suno_strategy","embeddable":true,"href":"https:\/\/www.suno.com.br\/noticias\/wp-json\/wp\/v2\/suno_strategy?post=236513"}],"curies":[{"name":"wp","href":"https:\/\/api.w.org\/{rel}","templated":true}]}}