{"id":236371,"date":"2022-02-28T10:08:15","date_gmt":"2022-02-28T13:08:15","guid":{"rendered":"https:\/\/www.suno.com.br\/noticias\/?p=236371"},"modified":"2022-02-28T10:08:15","modified_gmt":"2022-02-28T13:08:15","slug":"bolsonaro-guerra-ucrania-brasil-sera-neutro-nao-ha-massacre-na-ucrania","status":"publish","type":"post","link":"https:\/\/www.suno.com.br\/noticias\/bolsonaro-guerra-ucrania-brasil-sera-neutro-nao-ha-massacre-na-ucrania\/","title":{"rendered":"Bolsonaro sobre guerra na Ucr\u00e2nia: Brasil ser\u00e1 neutro e n\u00e3o h\u00e1 massacre"},"content":{"rendered":"<p>Em uma entrevista coletiva no in\u00edcio da noite deste domingo (27), o presidente Jair Bolsonaro disse que a posi\u00e7\u00e3o do Brasil no Conselho de Seguran\u00e7a da ONU, onde ocupa uma cadeira tempor\u00e1ria, ser\u00e1 de neutralidade. Bolsonaro, que disse ter falado com Putin \u201cpor duas horas\u201d por telefone, disse que n\u00e3o existe massacre de civis na Ucr\u00e2nia.<\/p>\t<div class=\"wrapper-featured-image\">\n\t\t<figure class=\"spotlightImg\">\n\n\t\t\t<picture>\n\t\t\t\t<source media=\"(max-width: 768px)\" srcset=\"https:\/\/files.sunoresearch.com.br\/n\/uploads\/2021\/02\/84292bd9-bolsonaro-400x200.jpg\">\n\t\t\t\t<img loading=\"lazy\" decoding=\"async\" class=\"newsContent__article__imgCapa lazyloadDisabled \" src=\"https:\/\/files.sunoresearch.com.br\/n\/uploads\/2021\/02\/84292bd9-bolsonaro-800x450.jpg\" width=\"800\" height=\"450\" alt=\"Bolsonaro sobre guerra na Ucr\u00e2nia: Brasil ser\u00e1 neutro e n\u00e3o h\u00e1 massacre\" fetchpriority=high \/>\n\t\t\t<\/picture>\n\n\t\t\t<figcaption class=\"wp-caption-text wp-caption-text--show\">Bolsonaro afirmou que Brasil vai manter a neutralidade em rela\u00e7\u00e3o \u00e0 guerra na Ucr\u00e2nia\nFoto: Ag\u00eancia Brasil<\/figcaption>\n\t\t<\/figure>\n\t<\/div>\n\n\n<p><b>\u201cNo meu entender, n\u00f3s n\u00e3o vamos tomar partido. N\u00f3s vamos continuar pela neutralidade e ajudar, no que foi poss\u00edvel, a busca pela solu\u00e7\u00e3o\u201d<\/b>, disse Bolsonaro, em uma base militar no Guaruj\u00e1 (litoral de SP), onde passa o Carnaval.<\/p>\n\t<p>\n\t\t<a href=\"\" target=\"_blank\" data-element=\"shortcode-suno-banner\" title=\"Banner SUNO, clique e saiba mais\">\n\t\t\t<picture>\n\t\t\t\t<source media=\"(max-width: 500px)\" srcset=\"\">\n\t\t\t\t<img class=\"newsContent__article__imgCapa newsContent__article__imgCapa--banner\"\n\t\t\t\t\tsrc=\"\"\n\t\t\t\t\tdata-promo-id=\"77030\"\t\t\t\t\t\t\t\t\t\t\t\t\t\t\talt=\"\"\n\t\t\t\t>\n\t\t\t<\/picture>\n\t\t<\/a>\n\t<\/p>\n\n\n<p>O presidente disse que o voto brasileiro s\u00f3 ser\u00e1 definido quando a proposta de resolu\u00e7\u00e3o for fechada, o que deve ocorrer na ter\u00e7a-feira. Bolsonaro n\u00e3o quis revelar o teor da conversa com Putin por telefone: \u201cFoi reservado\u201d.<\/p>\n<p>Bolsonaro n\u00e3o quis se comprometer com nenhum tipo de san\u00e7\u00e3o ou condena\u00e7\u00e3o \u00e0 invas\u00e3o do territ\u00f3rio ucraniano pelas for\u00e7as russas. Ele disse que, para o Brasil, \u201ca quest\u00e3o do fertilizante \u00e9 sagrada\u201d. Hoje o pa\u00eds importa 85% dos fertilizantes que a agricultura utiliza, metade deste volume vem da R\u00fassia (30%) e de Belarus (20%), uma ditadura aliada de Moscou no Leste Europeu.<\/p>\n<p>Segundo Bolsonaro, cada pa\u00eds ir\u00e1 decidir como vai lidar com as san\u00e7\u00f5es e citou que a Alemanha, por exemplo, \u00e9 dependente de g\u00e1s russo e n\u00e3o vai aceitar san\u00e7\u00f5es no insumo. O presidente minimizou a derrubada do acesso dos bancos russos ao sistema Swift, de informa\u00e7\u00f5es de fluxos internacionais de capitais, a que chamou de \u201cnatimorta\u201d.<\/p>\n\t<p>\n\t\t<a href=\"https:\/\/lp.suno.com.br\/planilha-da-vida-financeira\/\" target=\"_blank\" data-element=\"shortcode-suno-banner\" title=\"Banner SUNO, clique e saiba mais\">\n\t\t\t<picture>\n\t\t\t\t<source media=\"(max-width: 500px)\" srcset=\"https:\/\/files.sunoresearch.com.br\/n\/uploads\/2023\/04\/400x300-Planilha-vida-financeira-true.png\">\n\t\t\t\t<img class=\"newsContent__article__imgCapa newsContent__article__imgCapa--banner\"\n\t\t\t\t\tsrc=\"https:\/\/files.sunoresearch.com.br\/n\/uploads\/2023\/04\/1420x240-Planilha-vida-financeira-true.png\"\n\t\t\t\t\tdata-promo-id=\"106682\"\t\t\t\t\t\t\t\t\t\twidth='1420' height='240'\t\t\t\t\talt=\"https:\/\/files.sunoresearch.com.br\/n\/uploads\/2023\/04\/1420x240-Planilha-vida-financeira-true.png\"\n\t\t\t\t>\n\t\t\t<\/picture>\n\t\t<\/a>\n\t<\/p>\n\n\n<p><b>\u201cComo a Alemanha vai pagar o seu g\u00e1s? Ela n\u00e3o vai pagar, n\u00e3o vai ter g\u00e1s. Ent\u00e3o \u00e9 essa proposta a\u00ed \u00e9 natimorta. A experi\u00eancia que eu tenho, que \u00e9 de 15 anos s\u00f3 de Ex\u00e9rcito, estudando hist\u00f3ria militar. Desculpe o portugu\u00eas, mas n\u00e3o adianta voc\u00ea ter um milh\u00e3o em raz\u00e3o e do outro lado ter um canh\u00e3o\u201d<\/b>, afirmou o presidente.<\/p>\n<p>O presidente voltou a rebater cr\u00edticos de que sua visita a Moscou ocorreu em momento inoportuno: \u201cO convite foi feito em novembro\u201d. Segundo ele, na viagem ficou acertado que empres\u00e1rios russos assumiriam o controle de uma planta de fertilizantes da Petrobras em Tr\u00eas Lagoas (MS), que nunca entrou em opera\u00e7\u00e3o.<\/p>\n<h2><b>\u201cPRATICAMENTE IRM\u00c3OS\u201d<\/b><\/h2>\n<p>Bolsonaro chamou a R\u00fassia e a Ucr\u00e2nia de \u201cpraticamente irm\u00e3os\u201d e disse que \u201cn\u00e3o h\u00e1 massacre de civis\u201d, quando uma rep\u00f3rter da TV Globo insistiu na pergunta sobre a neutralidade quando o resto do mundo ocidental pendia para as san\u00e7\u00f5es.<\/p>\n<p><b>\u201cGrande parte da popula\u00e7\u00e3o da Ucr\u00e2nia fala russo. S\u00e3o Estados praticamente, pa\u00edses irm\u00e3os, o massacre de civis h\u00e1 muito tempo n\u00e3o se ouve falar nenhum pa\u00eds do mundo fazer isso, ainda mais com o mundo conectado com redes sociais\u201d,<\/b> respondeu.<\/p>\n\t<p>\n\t\t<a href=\"https:\/\/lp.suno.com.br\/planilha-controle-gastos\/\" target=\"_blank\" data-element=\"shortcode-suno-banner\" title=\"Banner SUNO, clique e saiba mais\">\n\t\t\t<picture>\n\t\t\t\t<source media=\"(max-width: 500px)\" srcset=\"https:\/\/files.sunoresearch.com.br\/n\/uploads\/2023\/03\/400x300-Planilha-controle-de-gastos.png\">\n\t\t\t\t<img class=\"newsContent__article__imgCapa newsContent__article__imgCapa--banner\"\n\t\t\t\t\tsrc=\"https:\/\/files.sunoresearch.com.br\/n\/uploads\/2023\/03\/1420x240-Planilha-controle-de-gastos.png\"\n\t\t\t\t\tdata-promo-id=\"101751\"\t\t\t\t\t\t\t\t\t\twidth='1420' height='240'\t\t\t\t\talt=\"https:\/\/files.sunoresearch.com.br\/n\/uploads\/2023\/03\/1420x240-Planilha-controle-de-gastos.png\"\n\t\t\t\t>\n\t\t\t<\/picture>\n\t\t<\/a>\n\t<\/p>\n\n\n<p><b>Quando a jornalista insistiu na quest\u00e3o, o presidente devolveu: \u201cVoc\u00ea quer que eu fa\u00e7a o qu\u00ea para acabar com a guerra? Tudo que posso fazer, eu j\u00e1 fiz e continuo fazendo\u201d.<\/b><\/p>\n<p>A disparidade de capacidade militar entre invasor e invadido fez o presidente expressar esperan\u00e7a que as conversa\u00e7\u00f5es entre russos e ucranianos resultem na paz: \u201cParece que n\u00e3o \u00e9 [uma quest\u00e3o] t\u00e3o complexa: olha o poderio das duas for\u00e7as. Acredito que se chegue a uma solu\u00e7\u00e3o\u201d.<\/p>\n<h2><b>BRASILEIROS<\/b><\/h2>\n<p><b> <\/b>Bolsonaro disse que a FAB (For\u00e7a A\u00e9rea Brasileira) tem dois avi\u00f5es KC-390 de prontid\u00e3o para repatriar brasileiros que ainda est\u00e3o no pa\u00eds. No come\u00e7o da guerra, havia 500 brasileiros na Ucr\u00e2nia, muitos deles j\u00e1 deixaram o pa\u00eds. Segundo Bolsonaro, Itamaraty monitora a situa\u00e7\u00e3o, mas n\u00e3o h\u00e1 um prazo para concluir a retirada de todos cidad\u00e3os.<\/p>\n<p><a class=\"sponsored-link\" href=\"https:\/\/www.bloomberglinea.com.br\/\" rel=\"sponsored\">Ver mais em Bloomberg L\u00ednea Brasil<\/a><\/p>\n","protected":false},"excerpt":{"rendered":"<p>Em uma entrevista coletiva no in\u00edcio da noite deste domingo (27), o presidente Jair Bolsonaro disse que a posi\u00e7\u00e3o do Brasil no Conselho de Seguran\u00e7a da ONU, onde ocupa uma cadeira tempor\u00e1ria, ser\u00e1 de neutralidade. Bolsonaro, que disse ter falado com Putin \u201cpor duas horas\u201d por telefone, disse que n\u00e3o existe massacre de civis na [&hellip;]<\/p>\n","protected":false},"author":151,"featured_media":125401,"comment_status":"closed","ping_status":"closed","sticky":false,"template":"","format":"standard","meta":[],"categories":[61],"tags":[719,866],"suno_strategy":[],"class_list":["post-236371","post","type-post","status-publish","format-standard","has-post-thumbnail","hentry","category-politica","tag-jair-bolsonaro","tag-russia"],"yoast_head":"<!-- This site is optimized with the Yoast SEO plugin v24.4 - https:\/\/yoast.com\/wordpress\/plugins\/seo\/ -->\n<title>Bolsonaro sobre guerra na Ucr\u00e2nia: Brasil ser\u00e1 neutro e n\u00e3o h\u00e1 massacre<\/title>\n<meta name=\"description\" content=\"O presidente Jair Bolsonaro afirmou que o Brasil manter\u00e1 a neutralidade e negou que esteja havendo um massacre contra civis na Ucr\u00e2nia.\" \/>\n<meta name=\"robots\" content=\"index, follow, max-snippet:-1, max-image-preview:large, max-video-preview:-1\" \/>\n<link rel=\"canonical\" href=\"https:\/\/www.suno.com.br\/noticias\/bolsonaro-guerra-ucrania-brasil-sera-neutro-nao-ha-massacre-na-ucrania\/\" \/>\n<meta property=\"og:locale\" content=\"pt_BR\" \/>\n<meta property=\"og:type\" content=\"article\" \/>\n<meta property=\"og:title\" content=\"Bolsonaro sobre guerra na Ucr\u00e2nia: Brasil ser\u00e1 neutro e n\u00e3o h\u00e1 massacre\" \/>\n<meta property=\"og:description\" content=\"O presidente Jair Bolsonaro afirmou que o Brasil manter\u00e1 a neutralidade e negou que esteja havendo um massacre contra civis na Ucr\u00e2nia.\" \/>\n<meta property=\"og:url\" content=\"https:\/\/www.suno.com.br\/noticias\/bolsonaro-guerra-ucrania-brasil-sera-neutro-nao-ha-massacre-na-ucrania\/\" \/>\n<meta property=\"og:site_name\" content=\"Suno Not\u00edcias\" \/>\n<meta property=\"article:publisher\" content=\"https:\/\/facebook.com\/sunoresearch\" \/>\n<meta property=\"og:image\" content=\"https:\/\/files.sunoresearch.com.br\/n\/uploads\/2021\/02\/84292bd9-bolsonaro-scaled.jpg\" \/>\n\t<meta property=\"og:image:width\" content=\"2560\" \/>\n\t<meta property=\"og:image:height\" content=\"1707\" \/>\n\t<meta property=\"og:image:type\" content=\"image\/jpeg\" \/>\n<meta name=\"author\" content=\"Bloomberg L\u00ednea\" \/>\n<meta name=\"twitter:card\" content=\"summary_large_image\" \/>\n<meta name=\"twitter:creator\" content=\"@sunoresearch\" \/>\n<meta name=\"twitter:site\" content=\"@sunoresearch\" \/>\n<meta name=\"twitter:label1\" content=\"Escrito por\" \/>\n\t<meta name=\"twitter:data1\" content=\"Bloomberg L\u00ednea\" \/>\n\t<meta name=\"twitter:label2\" content=\"Est. tempo de leitura\" \/>\n\t<meta name=\"twitter:data2\" content=\"3 minutos\" \/>\n<script type=\"application\/ld+json\" class=\"yoast-schema-graph\">{\"@context\":\"https:\/\/schema.org\",\"@graph\":[{\"@type\":\"NewsArticle\",\"@id\":\"https:\/\/www.suno.com.br\/noticias\/bolsonaro-guerra-ucrania-brasil-sera-neutro-nao-ha-massacre-na-ucrania\/#article\",\"isPartOf\":{\"@id\":\"https:\/\/www.suno.com.br\/noticias\/bolsonaro-guerra-ucrania-brasil-sera-neutro-nao-ha-massacre-na-ucrania\/\"},\"author\":{\"name\":\"Bloomberg L\u00ednea\",\"@id\":\"https:\/\/www.suno.com.br\/noticias\/#\/schema\/person\/8fa6a71abbb0279bb07df70186cee9bc\"},\"headline\":\"Bolsonaro sobre guerra na Ucr\u00e2nia: Brasil ser\u00e1 neutro e n\u00e3o h\u00e1 massacre\",\"datePublished\":\"2022-02-28T13:08:15+00:00\",\"mainEntityOfPage\":{\"@id\":\"https:\/\/www.suno.com.br\/noticias\/bolsonaro-guerra-ucrania-brasil-sera-neutro-nao-ha-massacre-na-ucrania\/\"},\"wordCount\":672,\"publisher\":{\"@id\":\"https:\/\/www.suno.com.br\/noticias\/#organization\"},\"image\":{\"@id\":\"https:\/\/www.suno.com.br\/noticias\/bolsonaro-guerra-ucrania-brasil-sera-neutro-nao-ha-massacre-na-ucrania\/#primaryimage\"},\"thumbnailUrl\":\"https:\/\/files.sunoresearch.com.br\/n\/uploads\/2021\/02\/84292bd9-bolsonaro-scaled.jpg\",\"keywords\":[\"Jair Bolsonaro\",\"R\u00fassia\"],\"articleSection\":[\"Pol\u00edtica\"],\"inLanguage\":\"pt-BR\"},{\"@type\":\"WebPage\",\"@id\":\"https:\/\/www.suno.com.br\/noticias\/bolsonaro-guerra-ucrania-brasil-sera-neutro-nao-ha-massacre-na-ucrania\/\",\"url\":\"https:\/\/www.suno.com.br\/noticias\/bolsonaro-guerra-ucrania-brasil-sera-neutro-nao-ha-massacre-na-ucrania\/\",\"name\":\"Bolsonaro sobre guerra na Ucr\u00e2nia: Brasil ser\u00e1 neutro e n\u00e3o h\u00e1 massacre\",\"isPartOf\":{\"@id\":\"https:\/\/www.suno.com.br\/noticias\/#website\"},\"primaryImageOfPage\":{\"@id\":\"https:\/\/www.suno.com.br\/noticias\/bolsonaro-guerra-ucrania-brasil-sera-neutro-nao-ha-massacre-na-ucrania\/#primaryimage\"},\"image\":{\"@id\":\"https:\/\/www.suno.com.br\/noticias\/bolsonaro-guerra-ucrania-brasil-sera-neutro-nao-ha-massacre-na-ucrania\/#primaryimage\"},\"thumbnailUrl\":\"https:\/\/files.sunoresearch.com.br\/n\/uploads\/2021\/02\/84292bd9-bolsonaro-scaled.jpg\",\"datePublished\":\"2022-02-28T13:08:15+00:00\",\"description\":\"O presidente Jair Bolsonaro afirmou que o Brasil manter\u00e1 a neutralidade e negou que esteja havendo um massacre contra civis na Ucr\u00e2nia.\",\"breadcrumb\":{\"@id\":\"https:\/\/www.suno.com.br\/noticias\/bolsonaro-guerra-ucrania-brasil-sera-neutro-nao-ha-massacre-na-ucrania\/#breadcrumb\"},\"inLanguage\":\"pt-BR\",\"potentialAction\":[{\"@type\":\"ReadAction\",\"target\":[\"https:\/\/www.suno.com.br\/noticias\/bolsonaro-guerra-ucrania-brasil-sera-neutro-nao-ha-massacre-na-ucrania\/\"]}]},{\"@type\":\"ImageObject\",\"inLanguage\":\"pt-BR\",\"@id\":\"https:\/\/www.suno.com.br\/noticias\/bolsonaro-guerra-ucrania-brasil-sera-neutro-nao-ha-massacre-na-ucrania\/#primaryimage\",\"url\":\"https:\/\/files.sunoresearch.com.br\/n\/uploads\/2021\/02\/84292bd9-bolsonaro-scaled.jpg\",\"contentUrl\":\"https:\/\/files.sunoresearch.com.br\/n\/uploads\/2021\/02\/84292bd9-bolsonaro-scaled.jpg\",\"width\":2560,\"height\":1707,\"caption\":\"Bolsonaro afirmou que Brasil vai manter a neutralidade em rela\u00e7\u00e3o \u00e0 guerra na Ucr\u00e2nia Foto: Ag\u00eancia Brasil\"},{\"@type\":\"BreadcrumbList\",\"@id\":\"https:\/\/www.suno.com.br\/noticias\/bolsonaro-guerra-ucrania-brasil-sera-neutro-nao-ha-massacre-na-ucrania\/#breadcrumb\",\"itemListElement\":[{\"@type\":\"ListItem\",\"position\":1,\"name\":\"Not\u00edcias\",\"item\":\"https:\/\/www.suno.com.br\/noticias\/\"},{\"@type\":\"ListItem\",\"position\":2,\"name\":\"Pol\u00edtica\",\"item\":\"https:\/\/www.suno.com.br\/noticias\/politica\/\"},{\"@type\":\"ListItem\",\"position\":3,\"name\":\"Bolsonaro sobre guerra na Ucr\u00e2nia: Brasil ser\u00e1 neutro e n\u00e3o h\u00e1 massacre\"}]},{\"@type\":\"WebSite\",\"@id\":\"https:\/\/www.suno.com.br\/noticias\/#website\",\"url\":\"https:\/\/www.suno.com.br\/noticias\/\",\"name\":\"Suno Not\u00edcias\",\"description\":\"Seu portal de informa\u00e7\u00e3o sobre o mundo dos investimentos\",\"publisher\":{\"@id\":\"https:\/\/www.suno.com.br\/noticias\/#organization\"},\"potentialAction\":[{\"@type\":\"SearchAction\",\"target\":{\"@type\":\"EntryPoint\",\"urlTemplate\":\"https:\/\/www.suno.com.br\/noticias\/?s={search_term_string}\"},\"query-input\":{\"@type\":\"PropertyValueSpecification\",\"valueRequired\":true,\"valueName\":\"search_term_string\"}}],\"inLanguage\":\"pt-BR\"},{\"@type\":\"Organization\",\"@id\":\"https:\/\/www.suno.com.br\/noticias\/#organization\",\"name\":\"Suno Not\u00edcias\",\"url\":\"https:\/\/www.suno.com.br\/noticias\/\",\"logo\":{\"@type\":\"ImageObject\",\"inLanguage\":\"pt-BR\",\"@id\":\"https:\/\/www.suno.com.br\/noticias\/#\/schema\/logo\/image\/\",\"url\":\"https:\/\/files.sunoresearch.com.br\/n\/uploads\/2021\/09\/suno-logo.png\",\"contentUrl\":\"https:\/\/files.sunoresearch.com.br\/n\/uploads\/2021\/09\/suno-logo.png\",\"width\":180,\"height\":180,\"caption\":\"Suno Not\u00edcias\"},\"image\":{\"@id\":\"https:\/\/www.suno.com.br\/noticias\/#\/schema\/logo\/image\/\"},\"sameAs\":[\"https:\/\/facebook.com\/sunoresearch\",\"https:\/\/x.com\/sunoresearch\",\"https:\/\/www.instagram.com\/suno\",\"https:\/\/www.linkedin.com\/company\/suno-research\/\",\"https:\/\/www.youtube.com\/c\/sunoresearch\"]},{\"@type\":\"Person\",\"@id\":\"https:\/\/www.suno.com.br\/noticias\/#\/schema\/person\/8fa6a71abbb0279bb07df70186cee9bc\",\"name\":\"Bloomberg L\u00ednea\",\"image\":{\"@type\":\"ImageObject\",\"inLanguage\":\"pt-BR\",\"@id\":\"https:\/\/www.suno.com.br\/noticias\/#\/schema\/person\/image\/\",\"url\":\"https:\/\/secure.gravatar.com\/avatar\/cbb2eb58d29ff3df4d293b09aaa2db33?s=96&r=g\",\"contentUrl\":\"https:\/\/secure.gravatar.com\/avatar\/cbb2eb58d29ff3df4d293b09aaa2db33?s=96&r=g\",\"caption\":\"Bloomberg L\u00ednea\"},\"description\":\"A Bloomberg L\u00ednea uma marca multiplataforma de not\u00edcias de neg\u00f3cios na Am\u00e9rica Latina e no Caribe. Lan\u00e7ada em 2021, a Bloomberg L\u00ednea fornece ao p\u00fablico um conjunto incompar\u00e1vel de produtos digitais que atendem ao p\u00fablico de finan\u00e7as e neg\u00f3cios\",\"sameAs\":[\"http:\/\/www.bloomberglinea.com.br\"],\"url\":\"https:\/\/www.suno.com.br\/noticias\/author\/bloomberg-linea\/\"}]}<\/script>\n<!-- \/ Yoast SEO plugin. -->","yoast_head_json":{"title":"Bolsonaro sobre guerra na Ucr\u00e2nia: Brasil ser\u00e1 neutro e n\u00e3o h\u00e1 massacre","description":"O presidente Jair Bolsonaro afirmou que o Brasil manter\u00e1 a neutralidade e negou que esteja havendo um massacre contra civis na Ucr\u00e2nia.","robots":{"index":"index","follow":"follow","max-snippet":"max-snippet:-1","max-image-preview":"max-image-preview:large","max-video-preview":"max-video-preview:-1"},"canonical":"https:\/\/www.suno.com.br\/noticias\/bolsonaro-guerra-ucrania-brasil-sera-neutro-nao-ha-massacre-na-ucrania\/","og_locale":"pt_BR","og_type":"article","og_title":"Bolsonaro sobre guerra na Ucr\u00e2nia: Brasil ser\u00e1 neutro e n\u00e3o h\u00e1 massacre","og_description":"O presidente Jair Bolsonaro afirmou que o Brasil manter\u00e1 a neutralidade e negou que esteja havendo um massacre contra civis na Ucr\u00e2nia.","og_url":"https:\/\/www.suno.com.br\/noticias\/bolsonaro-guerra-ucrania-brasil-sera-neutro-nao-ha-massacre-na-ucrania\/","og_site_name":"Suno Not\u00edcias","article_publisher":"https:\/\/facebook.com\/sunoresearch","og_image":[{"width":2560,"height":1707,"url":"https:\/\/files.sunoresearch.com.br\/n\/uploads\/2021\/02\/84292bd9-bolsonaro-scaled.jpg","type":"image\/jpeg"}],"author":"Bloomberg L\u00ednea","twitter_card":"summary_large_image","twitter_creator":"@sunoresearch","twitter_site":"@sunoresearch","twitter_misc":{"Escrito por":"Bloomberg L\u00ednea","Est. tempo de leitura":"3 minutos"},"schema":{"@context":"https:\/\/schema.org","@graph":[{"@type":"NewsArticle","@id":"https:\/\/www.suno.com.br\/noticias\/bolsonaro-guerra-ucrania-brasil-sera-neutro-nao-ha-massacre-na-ucrania\/#article","isPartOf":{"@id":"https:\/\/www.suno.com.br\/noticias\/bolsonaro-guerra-ucrania-brasil-sera-neutro-nao-ha-massacre-na-ucrania\/"},"author":{"name":"Bloomberg L\u00ednea","@id":"https:\/\/www.suno.com.br\/noticias\/#\/schema\/person\/8fa6a71abbb0279bb07df70186cee9bc"},"headline":"Bolsonaro sobre guerra na Ucr\u00e2nia: Brasil ser\u00e1 neutro e n\u00e3o h\u00e1 massacre","datePublished":"2022-02-28T13:08:15+00:00","mainEntityOfPage":{"@id":"https:\/\/www.suno.com.br\/noticias\/bolsonaro-guerra-ucrania-brasil-sera-neutro-nao-ha-massacre-na-ucrania\/"},"wordCount":672,"publisher":{"@id":"https:\/\/www.suno.com.br\/noticias\/#organization"},"image":{"@id":"https:\/\/www.suno.com.br\/noticias\/bolsonaro-guerra-ucrania-brasil-sera-neutro-nao-ha-massacre-na-ucrania\/#primaryimage"},"thumbnailUrl":"https:\/\/files.sunoresearch.com.br\/n\/uploads\/2021\/02\/84292bd9-bolsonaro-scaled.jpg","keywords":["Jair Bolsonaro","R\u00fassia"],"articleSection":["Pol\u00edtica"],"inLanguage":"pt-BR"},{"@type":"WebPage","@id":"https:\/\/www.suno.com.br\/noticias\/bolsonaro-guerra-ucrania-brasil-sera-neutro-nao-ha-massacre-na-ucrania\/","url":"https:\/\/www.suno.com.br\/noticias\/bolsonaro-guerra-ucrania-brasil-sera-neutro-nao-ha-massacre-na-ucrania\/","name":"Bolsonaro sobre guerra na Ucr\u00e2nia: Brasil ser\u00e1 neutro e n\u00e3o h\u00e1 massacre","isPartOf":{"@id":"https:\/\/www.suno.com.br\/noticias\/#website"},"primaryImageOfPage":{"@id":"https:\/\/www.suno.com.br\/noticias\/bolsonaro-guerra-ucrania-brasil-sera-neutro-nao-ha-massacre-na-ucrania\/#primaryimage"},"image":{"@id":"https:\/\/www.suno.com.br\/noticias\/bolsonaro-guerra-ucrania-brasil-sera-neutro-nao-ha-massacre-na-ucrania\/#primaryimage"},"thumbnailUrl":"https:\/\/files.sunoresearch.com.br\/n\/uploads\/2021\/02\/84292bd9-bolsonaro-scaled.jpg","datePublished":"2022-02-28T13:08:15+00:00","description":"O presidente Jair Bolsonaro afirmou que o Brasil manter\u00e1 a neutralidade e negou que esteja havendo um massacre contra civis na Ucr\u00e2nia.","breadcrumb":{"@id":"https:\/\/www.suno.com.br\/noticias\/bolsonaro-guerra-ucrania-brasil-sera-neutro-nao-ha-massacre-na-ucrania\/#breadcrumb"},"inLanguage":"pt-BR","potentialAction":[{"@type":"ReadAction","target":["https:\/\/www.suno.com.br\/noticias\/bolsonaro-guerra-ucrania-brasil-sera-neutro-nao-ha-massacre-na-ucrania\/"]}]},{"@type":"ImageObject","inLanguage":"pt-BR","@id":"https:\/\/www.suno.com.br\/noticias\/bolsonaro-guerra-ucrania-brasil-sera-neutro-nao-ha-massacre-na-ucrania\/#primaryimage","url":"https:\/\/files.sunoresearch.com.br\/n\/uploads\/2021\/02\/84292bd9-bolsonaro-scaled.jpg","contentUrl":"https:\/\/files.sunoresearch.com.br\/n\/uploads\/2021\/02\/84292bd9-bolsonaro-scaled.jpg","width":2560,"height":1707,"caption":"Bolsonaro afirmou que Brasil vai manter a neutralidade em rela\u00e7\u00e3o \u00e0 guerra na Ucr\u00e2nia Foto: Ag\u00eancia Brasil"},{"@type":"BreadcrumbList","@id":"https:\/\/www.suno.com.br\/noticias\/bolsonaro-guerra-ucrania-brasil-sera-neutro-nao-ha-massacre-na-ucrania\/#breadcrumb","itemListElement":[{"@type":"ListItem","position":1,"name":"Not\u00edcias","item":"https:\/\/www.suno.com.br\/noticias\/"},{"@type":"ListItem","position":2,"name":"Pol\u00edtica","item":"https:\/\/www.suno.com.br\/noticias\/politica\/"},{"@type":"ListItem","position":3,"name":"Bolsonaro sobre guerra na Ucr\u00e2nia: Brasil ser\u00e1 neutro e n\u00e3o h\u00e1 massacre"}]},{"@type":"WebSite","@id":"https:\/\/www.suno.com.br\/noticias\/#website","url":"https:\/\/www.suno.com.br\/noticias\/","name":"Suno Not\u00edcias","description":"Seu portal de informa\u00e7\u00e3o sobre o mundo dos investimentos","publisher":{"@id":"https:\/\/www.suno.com.br\/noticias\/#organization"},"potentialAction":[{"@type":"SearchAction","target":{"@type":"EntryPoint","urlTemplate":"https:\/\/www.suno.com.br\/noticias\/?s={search_term_string}"},"query-input":{"@type":"PropertyValueSpecification","valueRequired":true,"valueName":"search_term_string"}}],"inLanguage":"pt-BR"},{"@type":"Organization","@id":"https:\/\/www.suno.com.br\/noticias\/#organization","name":"Suno Not\u00edcias","url":"https:\/\/www.suno.com.br\/noticias\/","logo":{"@type":"ImageObject","inLanguage":"pt-BR","@id":"https:\/\/www.suno.com.br\/noticias\/#\/schema\/logo\/image\/","url":"https:\/\/files.sunoresearch.com.br\/n\/uploads\/2021\/09\/suno-logo.png","contentUrl":"https:\/\/files.sunoresearch.com.br\/n\/uploads\/2021\/09\/suno-logo.png","width":180,"height":180,"caption":"Suno Not\u00edcias"},"image":{"@id":"https:\/\/www.suno.com.br\/noticias\/#\/schema\/logo\/image\/"},"sameAs":["https:\/\/facebook.com\/sunoresearch","https:\/\/x.com\/sunoresearch","https:\/\/www.instagram.com\/suno","https:\/\/www.linkedin.com\/company\/suno-research\/","https:\/\/www.youtube.com\/c\/sunoresearch"]},{"@type":"Person","@id":"https:\/\/www.suno.com.br\/noticias\/#\/schema\/person\/8fa6a71abbb0279bb07df70186cee9bc","name":"Bloomberg L\u00ednea","image":{"@type":"ImageObject","inLanguage":"pt-BR","@id":"https:\/\/www.suno.com.br\/noticias\/#\/schema\/person\/image\/","url":"https:\/\/secure.gravatar.com\/avatar\/cbb2eb58d29ff3df4d293b09aaa2db33?s=96&r=g","contentUrl":"https:\/\/secure.gravatar.com\/avatar\/cbb2eb58d29ff3df4d293b09aaa2db33?s=96&r=g","caption":"Bloomberg L\u00ednea"},"description":"A Bloomberg L\u00ednea uma marca multiplataforma de not\u00edcias de neg\u00f3cios na Am\u00e9rica Latina e no Caribe. Lan\u00e7ada em 2021, a Bloomberg L\u00ednea fornece ao p\u00fablico um conjunto incompar\u00e1vel de produtos digitais que atendem ao p\u00fablico de finan\u00e7as e neg\u00f3cios","sameAs":["http:\/\/www.bloomberglinea.com.br"],"url":"https:\/\/www.suno.com.br\/noticias\/author\/bloomberg-linea\/"}]}},"default_loop_html":"<div class=\"cardsPage__listCard__boxs\"><div class=\"cardsPage__listCard__boxs__img\"><a href=\"https:\/\/www.suno.com.br\/noticias\/bolsonaro-guerra-ucrania-brasil-sera-neutro-nao-ha-massacre-na-ucrania\/\"><img class=\"mask\" src=\"https:\/\/www.suno.com.br\/noticias\/wp-content\/themes\/suno\/resources\/images\/spotlight\/spotlight1img\/bg-mask.png\" alt=\"Image Mask\"\/><img src=\"https:\/\/files.sunoresearch.com.br\/n\/uploads\/2021\/02\/84292bd9-bolsonaro-400x200.jpg\" alt=\"Bolsonaro sobre guerra na Ucr\u00e2nia: Brasil ser\u00e1 neutro e n\u00e3o h\u00e1 massacre\"\/><\/a><span class=\"spotlightCategory\"><a href=\"https:\/\/www.suno.com.br\/noticias\/politica\/\">Pol\u00edtica<\/a><\/span><\/div><div class=\"cardsPage__listCard__boxs__content\"><a href=\"https:\/\/www.suno.com.br\/noticias\/bolsonaro-guerra-ucrania-brasil-sera-neutro-nao-ha-massacre-na-ucrania\/\"><h2 class=\"content__title\">Bolsonaro sobre guerra na Ucr\u00e2nia: Brasil ser\u00e1 neutro e n\u00e3o h\u00e1 massacre<\/h2><\/a><div class=\"newsContent__article__meta\"><div class=\"newsContent__article__meta__authorBox\"><a href=\"https:\/\/www.suno.com.br\/noticias\/author\/bloomberg-linea\/\" class=\"authorBox__avatar noMobi\"><img src=\"https:\/\/files.sunoresearch.com.br\/n\/uploads\/2022\/01\/Bloomberg-Infogram_Black-TwoLines-150x150.png\" alt=\"Bloomberg L\u00ednea\"><\/a><div class=\"authorBox__name\"><span>por\n\t\t\t<a href=\"https:\/\/www.suno.com.br\/noticias\/author\/bloomberg-linea\/\"><span itemprop=\"author\">Bloomberg L\u00ednea<\/span><\/a><\/span><time datetime=\"2022-02-28T10:08:15-03:00\" itemprop=\"datePublished\">28\/02\/2022 10:08<\/time><\/div><\/div><\/div><\/div><\/div>","single_layout":"posts","amp_enabled":true,"_links":{"self":[{"href":"https:\/\/www.suno.com.br\/noticias\/wp-json\/wp\/v2\/posts\/236371"}],"collection":[{"href":"https:\/\/www.suno.com.br\/noticias\/wp-json\/wp\/v2\/posts"}],"about":[{"href":"https:\/\/www.suno.com.br\/noticias\/wp-json\/wp\/v2\/types\/post"}],"author":[{"embeddable":true,"href":"https:\/\/www.suno.com.br\/noticias\/wp-json\/wp\/v2\/users\/151"}],"replies":[{"embeddable":true,"href":"https:\/\/www.suno.com.br\/noticias\/wp-json\/wp\/v2\/comments?post=236371"}],"version-history":[{"count":1,"href":"https:\/\/www.suno.com.br\/noticias\/wp-json\/wp\/v2\/posts\/236371\/revisions"}],"predecessor-version":[{"id":236389,"href":"https:\/\/www.suno.com.br\/noticias\/wp-json\/wp\/v2\/posts\/236371\/revisions\/236389"}],"wp:featuredmedia":[{"embeddable":true,"href":"https:\/\/www.suno.com.br\/noticias\/wp-json\/wp\/v2\/media\/125401"}],"wp:attachment":[{"href":"https:\/\/www.suno.com.br\/noticias\/wp-json\/wp\/v2\/media?parent=236371"}],"wp:term":[{"taxonomy":"category","embeddable":true,"href":"https:\/\/www.suno.com.br\/noticias\/wp-json\/wp\/v2\/categories?post=236371"},{"taxonomy":"post_tag","embeddable":true,"href":"https:\/\/www.suno.com.br\/noticias\/wp-json\/wp\/v2\/tags?post=236371"},{"taxonomy":"suno_strategy","embeddable":true,"href":"https:\/\/www.suno.com.br\/noticias\/wp-json\/wp\/v2\/suno_strategy?post=236371"}],"curies":[{"name":"wp","href":"https:\/\/api.w.org\/{rel}","templated":true}]}}