{"id":23633,"date":"2019-05-07T19:17:07","date_gmt":"2019-05-07T22:17:07","guid":{"rendered":"https:\/\/www.suno.com.br\/noticias\/?p=23633"},"modified":"2019-05-07T19:17:07","modified_gmt":"2019-05-07T22:17:07","slug":"bolsonaro-assina-decreto-que-altera-regras-de-uso-de-armas-e-municoes","status":"publish","type":"post","link":"https:\/\/www.suno.com.br\/noticias\/bolsonaro-assina-decreto-que-altera-regras-de-uso-de-armas-e-municoes\/","title":{"rendered":"Bolsonaro assina decreto que altera regras de uso de armas e muni\u00e7\u00f5es"},"content":{"rendered":"<p>O presidente Jair Bolsonaro assinou um decreto que altera as regras sobre uso de armas e muni\u00e7\u00f5es. A assinatura ocorreu no Pal\u00e1cio do Planalto,\u00a0nesta ter\u00e7a-feria (07).<\/p>\t<div class=\"wrapper-featured-image\">\n\t\t<figure class=\"spotlightImg\">\n\n\t\t\t<picture>\n\t\t\t\t<source media=\"(max-width: 768px)\" srcset=\"https:\/\/files.sunoresearch.com.br\/n\/uploads\/2019\/04\/d58f03e6-bolsonaro-400x200.webp\">\n\t\t\t\t<img loading=\"lazy\" decoding=\"async\" class=\"newsContent__article__imgCapa lazyloadDisabled newsContent__article__imgCapa--noCaption\" src=\"https:\/\/files.sunoresearch.com.br\/n\/uploads\/2019\/04\/d58f03e6-bolsonaro-800x450.webp\" width=\"800\" height=\"450\" alt=\"Bolsonaro assina decreto que altera regras de uso de armas e muni\u00e7\u00f5es\" fetchpriority=high \/>\n\t\t\t<\/picture>\n\n\t\t\t<figcaption class=\"wp-caption-text wp-caption-text--hide\">Novo partido de Bolsonaro \u00e9 registrado em Bras\u00edlia<\/figcaption>\n\t\t<\/figure>\n\t<\/div>\n\n\n<p>Segundo <strong>Bolsonaro<\/strong>, a medida trar\u00e1 maior prote\u00e7\u00e3o individual.\u00a0&#8220;O nosso decreto n\u00e3o \u00e9 um projeto de <strong>seguran\u00e7a p\u00fablica<\/strong>. \u00c9, no nosso entendimento, algo mais importante. \u00c9 um <strong>direito individual<\/strong> daquele que, porventura, queira ter uma <strong>arma de fogo<\/strong>, buscar a posse, que seja direito dele, respeitando alguns requisitos&#8221;, declarou.<\/p>\n<p><a href=\"https:\/\/www.suno.com.br\/noticias\/bolsonaro-liberar-compra-municao-a-vontade\/\">Saiba mais:\u00a0Bolsonaro vai assinar decreto que quebra monop\u00f3lio da Taurus<\/a><\/p>\n<p>As principais medidas do decreto s\u00e3o:<\/p>\n<ul>\n<li>Quebra do <strong>monop\u00f3lio<\/strong> de importa\u00e7\u00e3o de armas no Brasil;<\/li>\n<li>Autoriza\u00e7\u00e3o para colecionadores, atiradores desportivos e ca\u00e7adores (CASs) de se locomoverem entre a sua residencia e o local de tiros com a arma carregada;<\/li>\n<li>Libera\u00e7\u00e3o para o <strong>propriet\u00e1rio rural<\/strong> com posse de <strong>arma de fogo<\/strong> usar arma em todo o per\u00edmetro da sua propriedade;<\/li>\n<li>Pra\u00e7as das For\u00e7as Armadas com mais de dez anos ter\u00e3o direito ao porte de arma;<\/li>\n<li>O total de compras de cartuchos passar\u00e1 de 50 para at\u00e9 mil cartuchos por ano;<\/li>\n<\/ul>\n\t<p>\n\t\t<a href=\"https:\/\/lp2.suno.com.br\/onde-investir-2026?utm_campaign=_SNC094D2575_rs.ein26&#038;utm_source=suno.com.br&#038;utm_medium=banner.noticias\" target=\"_blank\" data-element=\"shortcode-suno-banner\" title=\"Banner SUNO, clique e saiba mais\">\n\t\t\t<picture>\n\t\t\t\t<source media=\"(max-width: 500px)\" srcset=\"https:\/\/files.sunoresearch.com.br\/n\/uploads\/2026\/01\/Banner-Materias-01-Mbl_-400x300-1-png.webp\">\n\t\t\t\t<img class=\"newsContent__article__imgCapa newsContent__article__imgCapa--banner\"\n\t\t\t\t\tsrc=\"https:\/\/files.sunoresearch.com.br\/n\/uploads\/2026\/01\/Banner-Materias-01-Dkp_-1420x240-1-png.webp\"\n\t\t\t\t\tdata-promo-id=\"638391\"\t\t\t\t\t\t\t\t\t\twidth='1420' height='240'\t\t\t\t\talt=\"https:\/\/files.sunoresearch.com.br\/n\/uploads\/2026\/01\/Banner-Materias-01-Dkp_-1420x240-1-png.webp\"\n\t\t\t\t>\n\t\t\t<\/picture>\n\t\t<\/a>\n\t<\/p>\n\n\n<p>&#8220;N\u00f3s fomos ao limite da lei. N\u00e3o inventamos nada nem passamos por cima da lei. O que a lei abriu oportunidade para n\u00f3s, n\u00f3s fomos l\u00e1 no limite, l\u00e1 nos &#8216;finalmente&#8217;. Apesar de eu falar agora que n\u00e3o \u00e9 pol\u00edtica de seguran\u00e7a p\u00fablica, sempre disse que a <strong>seguran\u00e7a p\u00fablica<\/strong> come\u00e7a dentro de casa&#8221;, afirmou.<\/p>\n<p>A cerim\u00f4nia contou ainda com a participa\u00e7\u00e3o da chamada &#8220;bancada da bala&#8221;. O presidente acrescentou que poder\u00e1 alterar ou revogar decretos que deputados e senadores considerem que tragam malef\u00edcios.\u00a0 Diz tamb\u00e9m que nunca esquecer\u00e1 o seu passado militar e de deputado<\/p>\n<p>De acordo com o ministro da <strong>Casa Civil<\/strong>, <strong>Onyx Lorenzoni<\/strong>, a medida garante a atiradores desportivos e ca\u00e7adores o direito de &#8220;transitar livremente&#8221;. Durante a Cerim\u00f4nia, o ministro informou que a <strong>C\u00e2mara dos Deputados<\/strong> poder\u00e1 colocar em vota\u00e7\u00e3o a lei que trata do porte de arma em <strong>propriedade rural<\/strong>.<\/p>\n<p><a href=\"https:\/\/www.suno.com.br\/noticias\/bolsonaro-recriar-ministerios-politicos\/\">Saiba mais:\u00a0Bolsonaro cede e decide recriar dois minist\u00e9rios para entreg\u00e1-los a pol\u00edticos<\/a><\/p>\n<p>Al\u00e9m disso, acrescentou que o decreto que diz respeito aos conceitos de resid\u00eancia, que dever\u00e1 abranger &#8220;toda a extens\u00e3o da \u00e1rea particular do im\u00f3vel&#8221; em que reside o propriet\u00e1rio, estar\u00e1\u00a0&#8220;livre para a defesa de sua propriedade e de sua fam\u00edlia contra agress\u00e3o injusta, atual e iminente&#8221;.<\/p>\n\t<p>\n\t\t<a href=\"https:\/\/lp.suno.com.br\/asset\/fundos\/suno-fic-fia\/\" target=\"_blank\" data-element=\"shortcode-suno-banner\" title=\"Banner SUNO, clique e saiba mais\">\n\t\t\t<picture>\n\t\t\t\t<source media=\"(max-width: 500px)\" srcset=\"https:\/\/files.sunoresearch.com.br\/n\/uploads\/2023\/10\/SUNO-FIC-FIA-400x300-Mobile-Artigos-5-v3.png\">\n\t\t\t\t<img class=\"newsContent__article__imgCapa newsContent__article__imgCapa--banner\"\n\t\t\t\t\tsrc=\"https:\/\/files.sunoresearch.com.br\/n\/uploads\/2023\/10\/SUNO-FIC-FIA-1420x240-Banner-Artigos-1-_-Banner-Materias-4-v3-png.webp\"\n\t\t\t\t\tdata-promo-id=\"478744\"\t\t\t\t\t\t\t\t\t\twidth='2560' height='433'\t\t\t\t\talt=\"https:\/\/files.sunoresearch.com.br\/n\/uploads\/2023\/10\/SUNO-FIC-FIA-1420x240-Banner-Artigos-1-_-Banner-Materias-4-v3-png.webp\"\n\t\t\t\t>\n\t\t\t<\/picture>\n\t\t<\/a>\n\t<\/p>\n\n\n<h2>Novas determina\u00e7\u00f5es<\/h2>\n<p>De acordo com a <strong>Casa Civil<\/strong>, o porte de arma passar\u00e1 a ser ligado \u00e0 pessoas, e n\u00e3o mais \u00e0 arma. Dessa forma, a pessoa n\u00e3o ter\u00e1 que tirar um porte para cada arma. Bastar\u00e1 apresentar um <strong>Certificado de Registro de Arma de Fogo<\/strong> v\u00e1lido.<\/p>\n<p><a href=\"https:\/\/www.suno.com.br\/noticias\/bolsonaro-assina-mp-liberdade-economica\/\">Saiba mais: Bolsonaro assina MP da &#8216;liberdade econ\u00f4mica&#8217;<\/a><\/p>\n<p>O decreto assinado por <strong>Bolsonaro<\/strong> simplifica ainda a mudan\u00e7a da propriedade de<strong> arma de fogo<\/strong>.\u00a0&#8220;Sempre que o comprador preencher os requisitos para portar ou possuir arma de fogo, conforme o caso, sem qualquer outra exig\u00eancia&#8221;, informa a <strong>Casa Civil<\/strong>.<\/p>\n","protected":false},"excerpt":{"rendered":"<p>O presidente Jair Bolsonaro assinou um decreto que altera as regras sobre uso de armas e muni\u00e7\u00f5es. A assinatura ocorreu no Pal\u00e1cio do Planalto,\u00a0nesta ter\u00e7a-feria (07). Novo partido de Bolsonaro \u00e9 registrado em Bras\u00edlia Segundo Bolsonaro, a medida trar\u00e1 maior prote\u00e7\u00e3o individual.\u00a0&#8220;O nosso decreto n\u00e3o \u00e9 um projeto de seguran\u00e7a p\u00fablica. \u00c9, no nosso entendimento, [&hellip;]<\/p>\n","protected":false},"author":14,"featured_media":20664,"comment_status":"closed","ping_status":"closed","sticky":false,"template":"","format":"standard","meta":[],"categories":[61],"tags":[981,719,939],"suno_strategy":[],"class_list":["post-23633","post","type-post","status-publish","format-standard","has-post-thumbnail","hentry","category-politica","tag-armas","tag-jair-bolsonaro","tag-onyx-lorenzoni"],"yoast_head":"<!-- This site is optimized with the Yoast SEO plugin v24.4 - https:\/\/yoast.com\/wordpress\/plugins\/seo\/ -->\n<title>Bolsonaro assina decreto que altera regras de uso de armas e muni\u00e7\u00f5es<\/title>\n<meta name=\"description\" content=\"A assinatura ocorreu no Pal\u00e1cio do Planalto. No \u00faltimo domingo, o presidente Jair Bolsonaro j\u00e1 havia anunciado a medida. Clique para ler mais\" \/>\n<meta name=\"robots\" content=\"index, follow, max-snippet:-1, max-image-preview:large, max-video-preview:-1\" \/>\n<link rel=\"canonical\" href=\"https:\/\/www.suno.com.br\/noticias\/bolsonaro-assina-decreto-que-altera-regras-de-uso-de-armas-e-municoes\/\" \/>\n<meta property=\"og:locale\" content=\"pt_BR\" \/>\n<meta property=\"og:type\" content=\"article\" \/>\n<meta property=\"og:title\" content=\"Bolsonaro assina decreto que altera regras de uso de armas e muni\u00e7\u00f5es\" \/>\n<meta property=\"og:description\" content=\"A assinatura ocorreu no Pal\u00e1cio do Planalto. No \u00faltimo domingo, o presidente Jair Bolsonaro j\u00e1 havia anunciado a medida. Clique para ler mais\" \/>\n<meta property=\"og:url\" content=\"https:\/\/www.suno.com.br\/noticias\/bolsonaro-assina-decreto-que-altera-regras-de-uso-de-armas-e-municoes\/\" \/>\n<meta property=\"og:site_name\" content=\"Suno Not\u00edcias\" \/>\n<meta property=\"article:publisher\" content=\"https:\/\/facebook.com\/sunoresearch\" \/>\n<meta property=\"og:image\" content=\"https:\/\/files.sunoresearch.com.br\/n\/uploads\/2019\/04\/d58f03e6-bolsonaro.jpg\" \/>\n\t<meta property=\"og:image:width\" content=\"1140\" \/>\n\t<meta property=\"og:image:height\" content=\"760\" \/>\n\t<meta property=\"og:image:type\" content=\"image\/jpeg\" \/>\n<meta name=\"author\" content=\"Renan Dantas\" \/>\n<meta name=\"twitter:card\" content=\"summary_large_image\" \/>\n<meta name=\"twitter:creator\" content=\"@sunoresearch\" \/>\n<meta name=\"twitter:site\" content=\"@sunoresearch\" \/>\n<meta name=\"twitter:label1\" content=\"Escrito por\" \/>\n\t<meta name=\"twitter:data1\" content=\"Renan Dantas\" \/>\n\t<meta name=\"twitter:label2\" content=\"Est. tempo de leitura\" \/>\n\t<meta name=\"twitter:data2\" content=\"3 minutos\" \/>\n<script type=\"application\/ld+json\" class=\"yoast-schema-graph\">{\"@context\":\"https:\/\/schema.org\",\"@graph\":[{\"@type\":\"NewsArticle\",\"@id\":\"https:\/\/www.suno.com.br\/noticias\/bolsonaro-assina-decreto-que-altera-regras-de-uso-de-armas-e-municoes\/#article\",\"isPartOf\":{\"@id\":\"https:\/\/www.suno.com.br\/noticias\/bolsonaro-assina-decreto-que-altera-regras-de-uso-de-armas-e-municoes\/\"},\"author\":{\"name\":\"Renan Dantas\",\"@id\":\"https:\/\/www.suno.com.br\/noticias\/#\/schema\/person\/3f7693d5795a3f6d5ce15309ee785699\"},\"headline\":\"Bolsonaro assina decreto que altera regras de uso de armas e muni\u00e7\u00f5es\",\"datePublished\":\"2019-05-07T22:17:07+00:00\",\"mainEntityOfPage\":{\"@id\":\"https:\/\/www.suno.com.br\/noticias\/bolsonaro-assina-decreto-que-altera-regras-de-uso-de-armas-e-municoes\/\"},\"wordCount\":541,\"publisher\":{\"@id\":\"https:\/\/www.suno.com.br\/noticias\/#organization\"},\"image\":{\"@id\":\"https:\/\/www.suno.com.br\/noticias\/bolsonaro-assina-decreto-que-altera-regras-de-uso-de-armas-e-municoes\/#primaryimage\"},\"thumbnailUrl\":\"https:\/\/files.sunoresearch.com.br\/n\/uploads\/2019\/04\/d58f03e6-bolsonaro-jpg.webp\",\"keywords\":[\"Armas\",\"Jair Bolsonaro\",\"Onyx Lorenzoni\"],\"articleSection\":[\"Pol\u00edtica\"],\"inLanguage\":\"pt-BR\"},{\"@type\":\"WebPage\",\"@id\":\"https:\/\/www.suno.com.br\/noticias\/bolsonaro-assina-decreto-que-altera-regras-de-uso-de-armas-e-municoes\/\",\"url\":\"https:\/\/www.suno.com.br\/noticias\/bolsonaro-assina-decreto-que-altera-regras-de-uso-de-armas-e-municoes\/\",\"name\":\"Bolsonaro assina decreto que altera regras de uso de armas e muni\u00e7\u00f5es\",\"isPartOf\":{\"@id\":\"https:\/\/www.suno.com.br\/noticias\/#website\"},\"primaryImageOfPage\":{\"@id\":\"https:\/\/www.suno.com.br\/noticias\/bolsonaro-assina-decreto-que-altera-regras-de-uso-de-armas-e-municoes\/#primaryimage\"},\"image\":{\"@id\":\"https:\/\/www.suno.com.br\/noticias\/bolsonaro-assina-decreto-que-altera-regras-de-uso-de-armas-e-municoes\/#primaryimage\"},\"thumbnailUrl\":\"https:\/\/files.sunoresearch.com.br\/n\/uploads\/2019\/04\/d58f03e6-bolsonaro-jpg.webp\",\"datePublished\":\"2019-05-07T22:17:07+00:00\",\"description\":\"A assinatura ocorreu no Pal\u00e1cio do Planalto. No \u00faltimo domingo, o presidente Jair Bolsonaro j\u00e1 havia anunciado a medida. Clique para ler mais\",\"breadcrumb\":{\"@id\":\"https:\/\/www.suno.com.br\/noticias\/bolsonaro-assina-decreto-que-altera-regras-de-uso-de-armas-e-municoes\/#breadcrumb\"},\"inLanguage\":\"pt-BR\",\"potentialAction\":[{\"@type\":\"ReadAction\",\"target\":[\"https:\/\/www.suno.com.br\/noticias\/bolsonaro-assina-decreto-que-altera-regras-de-uso-de-armas-e-municoes\/\"]}]},{\"@type\":\"ImageObject\",\"inLanguage\":\"pt-BR\",\"@id\":\"https:\/\/www.suno.com.br\/noticias\/bolsonaro-assina-decreto-que-altera-regras-de-uso-de-armas-e-municoes\/#primaryimage\",\"url\":\"https:\/\/files.sunoresearch.com.br\/n\/uploads\/2019\/04\/d58f03e6-bolsonaro-jpg.webp\",\"contentUrl\":\"https:\/\/files.sunoresearch.com.br\/n\/uploads\/2019\/04\/d58f03e6-bolsonaro-jpg.webp\",\"width\":1140,\"height\":760,\"caption\":\"Novo partido de Bolsonaro \u00e9 registrado em Bras\u00edlia\"},{\"@type\":\"BreadcrumbList\",\"@id\":\"https:\/\/www.suno.com.br\/noticias\/bolsonaro-assina-decreto-que-altera-regras-de-uso-de-armas-e-municoes\/#breadcrumb\",\"itemListElement\":[{\"@type\":\"ListItem\",\"position\":1,\"name\":\"Not\u00edcias\",\"item\":\"https:\/\/www.suno.com.br\/noticias\/\"},{\"@type\":\"ListItem\",\"position\":2,\"name\":\"Pol\u00edtica\",\"item\":\"https:\/\/www.suno.com.br\/noticias\/politica\/\"},{\"@type\":\"ListItem\",\"position\":3,\"name\":\"Bolsonaro assina decreto que altera regras de uso de armas e muni\u00e7\u00f5es\"}]},{\"@type\":\"WebSite\",\"@id\":\"https:\/\/www.suno.com.br\/noticias\/#website\",\"url\":\"https:\/\/www.suno.com.br\/noticias\/\",\"name\":\"Suno Not\u00edcias\",\"description\":\"Seu portal de informa\u00e7\u00e3o sobre o mundo dos investimentos\",\"publisher\":{\"@id\":\"https:\/\/www.suno.com.br\/noticias\/#organization\"},\"potentialAction\":[{\"@type\":\"SearchAction\",\"target\":{\"@type\":\"EntryPoint\",\"urlTemplate\":\"https:\/\/www.suno.com.br\/noticias\/?s={search_term_string}\"},\"query-input\":{\"@type\":\"PropertyValueSpecification\",\"valueRequired\":true,\"valueName\":\"search_term_string\"}}],\"inLanguage\":\"pt-BR\"},{\"@type\":\"Organization\",\"@id\":\"https:\/\/www.suno.com.br\/noticias\/#organization\",\"name\":\"Suno Not\u00edcias\",\"url\":\"https:\/\/www.suno.com.br\/noticias\/\",\"logo\":{\"@type\":\"ImageObject\",\"inLanguage\":\"pt-BR\",\"@id\":\"https:\/\/www.suno.com.br\/noticias\/#\/schema\/logo\/image\/\",\"url\":\"https:\/\/files.sunoresearch.com.br\/n\/uploads\/2021\/09\/suno-logo.png\",\"contentUrl\":\"https:\/\/files.sunoresearch.com.br\/n\/uploads\/2021\/09\/suno-logo.png\",\"width\":180,\"height\":180,\"caption\":\"Suno Not\u00edcias\"},\"image\":{\"@id\":\"https:\/\/www.suno.com.br\/noticias\/#\/schema\/logo\/image\/\"},\"sameAs\":[\"https:\/\/facebook.com\/sunoresearch\",\"https:\/\/x.com\/sunoresearch\",\"https:\/\/www.instagram.com\/suno\",\"https:\/\/www.linkedin.com\/company\/suno-research\/\",\"https:\/\/www.youtube.com\/c\/sunoresearch\"]},{\"@type\":\"Person\",\"@id\":\"https:\/\/www.suno.com.br\/noticias\/#\/schema\/person\/3f7693d5795a3f6d5ce15309ee785699\",\"name\":\"Renan Dantas\",\"image\":{\"@type\":\"ImageObject\",\"inLanguage\":\"pt-BR\",\"@id\":\"https:\/\/www.suno.com.br\/noticias\/#\/schema\/person\/image\/\",\"url\":\"https:\/\/secure.gravatar.com\/avatar\/1787b83e7484a08e51d62ac8b41c8396?s=96&r=g\",\"contentUrl\":\"https:\/\/secure.gravatar.com\/avatar\/1787b83e7484a08e51d62ac8b41c8396?s=96&r=g\",\"caption\":\"Renan Dantas\"},\"description\":\"Escreve sobre pol\u00edtica e mercado financeiro para o portal Suno Not\u00edcias. Antes, atuou na assessoria de comunica\u00e7\u00e3o do Minist\u00e9rio P\u00fablico do Trabalho e na R\u00e1dio Mackenzie, onde apresentava e produzia um programa sobre artistas da m\u00fasica brasileira. \u00c9 estudante na Universidade Presbiteriana Mackenzie.\",\"url\":\"https:\/\/www.suno.com.br\/noticias\/author\/renan-dantas\/\"}]}<\/script>\n<!-- \/ Yoast SEO plugin. -->","yoast_head_json":{"title":"Bolsonaro assina decreto que altera regras de uso de armas e muni\u00e7\u00f5es","description":"A assinatura ocorreu no Pal\u00e1cio do Planalto. No \u00faltimo domingo, o presidente Jair Bolsonaro j\u00e1 havia anunciado a medida. Clique para ler mais","robots":{"index":"index","follow":"follow","max-snippet":"max-snippet:-1","max-image-preview":"max-image-preview:large","max-video-preview":"max-video-preview:-1"},"canonical":"https:\/\/www.suno.com.br\/noticias\/bolsonaro-assina-decreto-que-altera-regras-de-uso-de-armas-e-municoes\/","og_locale":"pt_BR","og_type":"article","og_title":"Bolsonaro assina decreto que altera regras de uso de armas e muni\u00e7\u00f5es","og_description":"A assinatura ocorreu no Pal\u00e1cio do Planalto. No \u00faltimo domingo, o presidente Jair Bolsonaro j\u00e1 havia anunciado a medida. Clique para ler mais","og_url":"https:\/\/www.suno.com.br\/noticias\/bolsonaro-assina-decreto-que-altera-regras-de-uso-de-armas-e-municoes\/","og_site_name":"Suno Not\u00edcias","article_publisher":"https:\/\/facebook.com\/sunoresearch","og_image":[{"width":1140,"height":760,"url":"https:\/\/files.sunoresearch.com.br\/n\/uploads\/2019\/04\/d58f03e6-bolsonaro.jpg","type":"image\/jpeg"}],"author":"Renan Dantas","twitter_card":"summary_large_image","twitter_creator":"@sunoresearch","twitter_site":"@sunoresearch","twitter_misc":{"Escrito por":"Renan Dantas","Est. tempo de leitura":"3 minutos"},"schema":{"@context":"https:\/\/schema.org","@graph":[{"@type":"NewsArticle","@id":"https:\/\/www.suno.com.br\/noticias\/bolsonaro-assina-decreto-que-altera-regras-de-uso-de-armas-e-municoes\/#article","isPartOf":{"@id":"https:\/\/www.suno.com.br\/noticias\/bolsonaro-assina-decreto-que-altera-regras-de-uso-de-armas-e-municoes\/"},"author":{"name":"Renan Dantas","@id":"https:\/\/www.suno.com.br\/noticias\/#\/schema\/person\/3f7693d5795a3f6d5ce15309ee785699"},"headline":"Bolsonaro assina decreto que altera regras de uso de armas e muni\u00e7\u00f5es","datePublished":"2019-05-07T22:17:07+00:00","mainEntityOfPage":{"@id":"https:\/\/www.suno.com.br\/noticias\/bolsonaro-assina-decreto-que-altera-regras-de-uso-de-armas-e-municoes\/"},"wordCount":541,"publisher":{"@id":"https:\/\/www.suno.com.br\/noticias\/#organization"},"image":{"@id":"https:\/\/www.suno.com.br\/noticias\/bolsonaro-assina-decreto-que-altera-regras-de-uso-de-armas-e-municoes\/#primaryimage"},"thumbnailUrl":"https:\/\/files.sunoresearch.com.br\/n\/uploads\/2019\/04\/d58f03e6-bolsonaro-jpg.webp","keywords":["Armas","Jair Bolsonaro","Onyx Lorenzoni"],"articleSection":["Pol\u00edtica"],"inLanguage":"pt-BR"},{"@type":"WebPage","@id":"https:\/\/www.suno.com.br\/noticias\/bolsonaro-assina-decreto-que-altera-regras-de-uso-de-armas-e-municoes\/","url":"https:\/\/www.suno.com.br\/noticias\/bolsonaro-assina-decreto-que-altera-regras-de-uso-de-armas-e-municoes\/","name":"Bolsonaro assina decreto que altera regras de uso de armas e muni\u00e7\u00f5es","isPartOf":{"@id":"https:\/\/www.suno.com.br\/noticias\/#website"},"primaryImageOfPage":{"@id":"https:\/\/www.suno.com.br\/noticias\/bolsonaro-assina-decreto-que-altera-regras-de-uso-de-armas-e-municoes\/#primaryimage"},"image":{"@id":"https:\/\/www.suno.com.br\/noticias\/bolsonaro-assina-decreto-que-altera-regras-de-uso-de-armas-e-municoes\/#primaryimage"},"thumbnailUrl":"https:\/\/files.sunoresearch.com.br\/n\/uploads\/2019\/04\/d58f03e6-bolsonaro-jpg.webp","datePublished":"2019-05-07T22:17:07+00:00","description":"A assinatura ocorreu no Pal\u00e1cio do Planalto. No \u00faltimo domingo, o presidente Jair Bolsonaro j\u00e1 havia anunciado a medida. Clique para ler mais","breadcrumb":{"@id":"https:\/\/www.suno.com.br\/noticias\/bolsonaro-assina-decreto-que-altera-regras-de-uso-de-armas-e-municoes\/#breadcrumb"},"inLanguage":"pt-BR","potentialAction":[{"@type":"ReadAction","target":["https:\/\/www.suno.com.br\/noticias\/bolsonaro-assina-decreto-que-altera-regras-de-uso-de-armas-e-municoes\/"]}]},{"@type":"ImageObject","inLanguage":"pt-BR","@id":"https:\/\/www.suno.com.br\/noticias\/bolsonaro-assina-decreto-que-altera-regras-de-uso-de-armas-e-municoes\/#primaryimage","url":"https:\/\/files.sunoresearch.com.br\/n\/uploads\/2019\/04\/d58f03e6-bolsonaro-jpg.webp","contentUrl":"https:\/\/files.sunoresearch.com.br\/n\/uploads\/2019\/04\/d58f03e6-bolsonaro-jpg.webp","width":1140,"height":760,"caption":"Novo partido de Bolsonaro \u00e9 registrado em Bras\u00edlia"},{"@type":"BreadcrumbList","@id":"https:\/\/www.suno.com.br\/noticias\/bolsonaro-assina-decreto-que-altera-regras-de-uso-de-armas-e-municoes\/#breadcrumb","itemListElement":[{"@type":"ListItem","position":1,"name":"Not\u00edcias","item":"https:\/\/www.suno.com.br\/noticias\/"},{"@type":"ListItem","position":2,"name":"Pol\u00edtica","item":"https:\/\/www.suno.com.br\/noticias\/politica\/"},{"@type":"ListItem","position":3,"name":"Bolsonaro assina decreto que altera regras de uso de armas e muni\u00e7\u00f5es"}]},{"@type":"WebSite","@id":"https:\/\/www.suno.com.br\/noticias\/#website","url":"https:\/\/www.suno.com.br\/noticias\/","name":"Suno Not\u00edcias","description":"Seu portal de informa\u00e7\u00e3o sobre o mundo dos investimentos","publisher":{"@id":"https:\/\/www.suno.com.br\/noticias\/#organization"},"potentialAction":[{"@type":"SearchAction","target":{"@type":"EntryPoint","urlTemplate":"https:\/\/www.suno.com.br\/noticias\/?s={search_term_string}"},"query-input":{"@type":"PropertyValueSpecification","valueRequired":true,"valueName":"search_term_string"}}],"inLanguage":"pt-BR"},{"@type":"Organization","@id":"https:\/\/www.suno.com.br\/noticias\/#organization","name":"Suno Not\u00edcias","url":"https:\/\/www.suno.com.br\/noticias\/","logo":{"@type":"ImageObject","inLanguage":"pt-BR","@id":"https:\/\/www.suno.com.br\/noticias\/#\/schema\/logo\/image\/","url":"https:\/\/files.sunoresearch.com.br\/n\/uploads\/2021\/09\/suno-logo.png","contentUrl":"https:\/\/files.sunoresearch.com.br\/n\/uploads\/2021\/09\/suno-logo.png","width":180,"height":180,"caption":"Suno Not\u00edcias"},"image":{"@id":"https:\/\/www.suno.com.br\/noticias\/#\/schema\/logo\/image\/"},"sameAs":["https:\/\/facebook.com\/sunoresearch","https:\/\/x.com\/sunoresearch","https:\/\/www.instagram.com\/suno","https:\/\/www.linkedin.com\/company\/suno-research\/","https:\/\/www.youtube.com\/c\/sunoresearch"]},{"@type":"Person","@id":"https:\/\/www.suno.com.br\/noticias\/#\/schema\/person\/3f7693d5795a3f6d5ce15309ee785699","name":"Renan Dantas","image":{"@type":"ImageObject","inLanguage":"pt-BR","@id":"https:\/\/www.suno.com.br\/noticias\/#\/schema\/person\/image\/","url":"https:\/\/secure.gravatar.com\/avatar\/1787b83e7484a08e51d62ac8b41c8396?s=96&r=g","contentUrl":"https:\/\/secure.gravatar.com\/avatar\/1787b83e7484a08e51d62ac8b41c8396?s=96&r=g","caption":"Renan Dantas"},"description":"Escreve sobre pol\u00edtica e mercado financeiro para o portal Suno Not\u00edcias. Antes, atuou na assessoria de comunica\u00e7\u00e3o do Minist\u00e9rio P\u00fablico do Trabalho e na R\u00e1dio Mackenzie, onde apresentava e produzia um programa sobre artistas da m\u00fasica brasileira. \u00c9 estudante na Universidade Presbiteriana Mackenzie.","url":"https:\/\/www.suno.com.br\/noticias\/author\/renan-dantas\/"}]}},"default_loop_html":"<div class=\"cardsPage__listCard__boxs\"><div class=\"cardsPage__listCard__boxs__img\"><a href=\"https:\/\/www.suno.com.br\/noticias\/bolsonaro-assina-decreto-que-altera-regras-de-uso-de-armas-e-municoes\/\"><img class=\"mask\" src=\"https:\/\/www.suno.com.br\/noticias\/wp-content\/themes\/suno\/resources\/images\/spotlight\/spotlight1img\/bg-mask.png\" alt=\"Image Mask\"\/><img src=\"https:\/\/files.sunoresearch.com.br\/n\/uploads\/2019\/04\/d58f03e6-bolsonaro-400x200.webp\" alt=\"Bolsonaro assina decreto que altera regras de uso de armas e muni\u00e7\u00f5es\"\/><\/a><span class=\"spotlightCategory\"><a href=\"https:\/\/www.suno.com.br\/noticias\/politica\/\">Pol\u00edtica<\/a><\/span><\/div><div class=\"cardsPage__listCard__boxs__content\"><a href=\"https:\/\/www.suno.com.br\/noticias\/bolsonaro-assina-decreto-que-altera-regras-de-uso-de-armas-e-municoes\/\"><h2 class=\"content__title\">Bolsonaro assina decreto que altera regras de uso de armas e muni\u00e7\u00f5es<\/h2><\/a><div class=\"newsContent__article__meta\"><div class=\"newsContent__article__meta__authorBox\"><a href=\"https:\/\/www.suno.com.br\/noticias\/author\/renan-dantas\/\" class=\"authorBox__avatar noMobi\"><img src=\"https:\/\/secure.gravatar.com\/avatar\/1787b83e7484a08e51d62ac8b41c8396?s=96&#038;r=g\" alt=\"Renan Dantas\"><\/a><div class=\"authorBox__name\"><span>por\n\t\t\t<a href=\"https:\/\/www.suno.com.br\/noticias\/author\/renan-dantas\/\"><span itemprop=\"author\">Renan Dantas<\/span><\/a><\/span><time datetime=\"2019-05-07T19:17:07-03:00\" itemprop=\"datePublished\">07\/05\/2019 19:17<\/time><\/div><\/div><\/div><\/div><\/div>","single_layout":"posts","amp_enabled":true,"_links":{"self":[{"href":"https:\/\/www.suno.com.br\/noticias\/wp-json\/wp\/v2\/posts\/23633"}],"collection":[{"href":"https:\/\/www.suno.com.br\/noticias\/wp-json\/wp\/v2\/posts"}],"about":[{"href":"https:\/\/www.suno.com.br\/noticias\/wp-json\/wp\/v2\/types\/post"}],"author":[{"embeddable":true,"href":"https:\/\/www.suno.com.br\/noticias\/wp-json\/wp\/v2\/users\/14"}],"replies":[{"embeddable":true,"href":"https:\/\/www.suno.com.br\/noticias\/wp-json\/wp\/v2\/comments?post=23633"}],"version-history":[{"count":0,"href":"https:\/\/www.suno.com.br\/noticias\/wp-json\/wp\/v2\/posts\/23633\/revisions"}],"wp:featuredmedia":[{"embeddable":true,"href":"https:\/\/www.suno.com.br\/noticias\/wp-json\/wp\/v2\/media\/20664"}],"wp:attachment":[{"href":"https:\/\/www.suno.com.br\/noticias\/wp-json\/wp\/v2\/media?parent=23633"}],"wp:term":[{"taxonomy":"category","embeddable":true,"href":"https:\/\/www.suno.com.br\/noticias\/wp-json\/wp\/v2\/categories?post=23633"},{"taxonomy":"post_tag","embeddable":true,"href":"https:\/\/www.suno.com.br\/noticias\/wp-json\/wp\/v2\/tags?post=23633"},{"taxonomy":"suno_strategy","embeddable":true,"href":"https:\/\/www.suno.com.br\/noticias\/wp-json\/wp\/v2\/suno_strategy?post=23633"}],"curies":[{"name":"wp","href":"https:\/\/api.w.org\/{rel}","templated":true}]}}