{"id":236317,"date":"2022-02-27T10:19:27","date_gmt":"2022-02-27T13:19:27","guid":{"rendered":"https:\/\/www.suno.com.br\/noticias\/?p=236317"},"modified":"2022-02-27T10:19:27","modified_gmt":"2022-02-27T13:19:27","slug":"tropas-russia-invadem-2-maior-cidade-da-ucrania-kiev-resiste","status":"publish","type":"post","link":"https:\/\/www.suno.com.br\/noticias\/tropas-russia-invadem-2-maior-cidade-da-ucrania-kiev-resiste\/","title":{"rendered":"Tropas da R\u00fassia invadem a 2\u00aa maior cidade da Ucr\u00e2nia; Kiev resiste"},"content":{"rendered":"<p>As tropas russas atacaram a segunda maior cidade da Ucr\u00e2nia, Kharkiv, neste domingo (27).O quarto dia de guerra entre a R\u00fassia e <strong>Ucr\u00e2nia<\/strong> teve inicio com explos\u00f5es e avan\u00e7o em outras regi\u00f5es importantes. A capital ainda resiste e as tropas n\u00e3o conseguiram ocupar Kiev.<\/p>\t<div class=\"wrapper-featured-image\">\n\t\t<figure class=\"spotlightImg\">\n\n\t\t\t<picture>\n\t\t\t\t<source media=\"(max-width: 768px)\" srcset=\"https:\/\/files.sunoresearch.com.br\/n\/uploads\/2022\/02\/ucrania-russia3-400x200.jpg\">\n\t\t\t\t<img loading=\"lazy\" decoding=\"async\" class=\"newsContent__article__imgCapa lazyloadDisabled \" src=\"https:\/\/files.sunoresearch.com.br\/n\/uploads\/2022\/02\/ucrania-russia3-800x450.jpg\" width=\"800\" height=\"450\" alt=\"Tropas da R\u00fassia invadem a 2\u00aa maior cidade da Ucr\u00e2nia; Kiev resiste\" fetchpriority=high \/>\n\t\t\t<\/picture>\n\n\t\t\t<figcaption class=\"wp-caption-text wp-caption-text--show\">Guerra entre R\u00fassia e Ucr\u00e2nia. Foto: Pexels.<\/figcaption>\n\t\t<\/figure>\n\t<\/div>\n\n\n\t<p>\n\t\t<a href=\"https:\/\/lp.suno.com.br\/planilha-controle-gastos\/\" target=\"_blank\" data-element=\"shortcode-suno-banner\" title=\"Banner SUNO, clique e saiba mais\">\n\t\t\t<picture>\n\t\t\t\t<source media=\"(max-width: 500px)\" srcset=\"https:\/\/files.sunoresearch.com.br\/n\/uploads\/2023\/03\/400x300-Planilha-controle-de-gastos.png\">\n\t\t\t\t<img class=\"newsContent__article__imgCapa newsContent__article__imgCapa--banner\"\n\t\t\t\t\tsrc=\"https:\/\/files.sunoresearch.com.br\/n\/uploads\/2023\/03\/1420x240-Planilha-controle-de-gastos.png\"\n\t\t\t\t\tdata-promo-id=\"101751\"\t\t\t\t\t\t\t\t\t\twidth='1420' height='240'\t\t\t\t\talt=\"https:\/\/files.sunoresearch.com.br\/n\/uploads\/2023\/03\/1420x240-Planilha-controle-de-gastos.png\"\n\t\t\t\t>\n\t\t\t<\/picture>\n\t\t<\/a>\n\t<\/p>\n\n\n<p>&#8220;Nossos militares, as for\u00e7as para assegurar o cumprimento da lei e as pessoas da defesa territorial continuam a detectar e neutralizar sabotadores&#8221;, afirmou o prefeito da<strong> capital da Ucr\u00e2nia<\/strong>, Vitaly Klitschko.<\/p>\n<p>Um pr\u00e9dio residencial de nove andares, localizado em <strong>Kharkiv<\/strong>, foi atingido por um<strong> m\u00edssil russo<\/strong> e deixou uma mulher morta e 20 pessoas precisaram ser evacuadas. O presidente da Ucr\u00e2nia, <strong>Volodymir Zelensky<\/strong>, disse que as tropas da R\u00fassia est\u00e3o &#8220;matando civis&#8221; de prop\u00f3sito e atacando cidades que nunca tiveram &#8220;nenhum tipo de estrutura militar&#8221;.<\/p>\n<p>&#8220;Eles mentiram sobre o fato de que n\u00e3o atacariam os civis. Desde as primeiras horas da invas\u00e3o das<strong> tropas russas<\/strong>, eles est\u00e3o atacando as infraestruturas civis. Deliberadamente escolheram t\u00e1ticas para atingir pessoas e tudo aquilo que torna a vida normal: eletricidades, hospitais, jardins de inf\u00e2ncias, casas, entre outros. Isso poderia ter sido pior se n\u00e3o fossem nossas for\u00e7as militares&#8221;, disse Zelensky.<\/p>\n\t<p>\n\t\t<a href=\"https:\/\/lp.suno.com.br\/planilha-da-vida-financeira\/\" target=\"_blank\" data-element=\"shortcode-suno-banner\" title=\"Banner SUNO, clique e saiba mais\">\n\t\t\t<picture>\n\t\t\t\t<source media=\"(max-width: 500px)\" srcset=\"https:\/\/files.sunoresearch.com.br\/n\/uploads\/2023\/04\/400x300-Planilha-vida-financeira-true.png\">\n\t\t\t\t<img class=\"newsContent__article__imgCapa newsContent__article__imgCapa--banner\"\n\t\t\t\t\tsrc=\"https:\/\/files.sunoresearch.com.br\/n\/uploads\/2023\/04\/1420x240-Planilha-vida-financeira-true.png\"\n\t\t\t\t\tdata-promo-id=\"106682\"\t\t\t\t\t\t\t\t\t\twidth='1420' height='240'\t\t\t\t\talt=\"https:\/\/files.sunoresearch.com.br\/n\/uploads\/2023\/04\/1420x240-Planilha-vida-financeira-true.png\"\n\t\t\t\t>\n\t\t\t<\/picture>\n\t\t<\/a>\n\t<\/p>\n\n\n<p>Kharkiv fica cerca cerca de 480 quil\u00f4metros da capital e, segundo o jornal brit\u00e2nico The Guardian, que citou o conselheiro do Minist\u00e9rio de Assuntos Internos da Ucr\u00e2nia, a batalha na cidade \u00e9 &#8220;dura&#8221;. O governo pediu \u00e0 popula\u00e7\u00e3o local que busque abrigo e n\u00e3o saia de caso.<\/p>\n<p>&#8220;Houve um avan\u00e7o do <strong>inimigo russo<\/strong> na <strong>cidade de Kharkiv<\/strong>, incluindo a regi\u00e3o central. Cuidado! N\u00e3o saia dos abrigos! As For\u00e7as Armadas da Ucr\u00e2nia est\u00e3o eliminando o inimigo Pedimos aos civis que n\u00e3o saiam \u00e0s ruas&#8221;, escreveu Oleg Synegubov, chefe da administra\u00e7\u00e3o regional de Kharviv, em seu Twitter.<\/p>\n<p>Al\u00e9m disso, o Minist\u00e9rio da Defesa da R\u00fassia, disse que as cidades de Kherson e Berdyansk, no sul da Ucr\u00e2nia, tamb\u00e9m foram alcan\u00e7adas.<\/p>\n<p>O ex-embaixador da Ucr\u00e2nia, na \u00c1ustria, Olexander Scherba, publicou um v\u00eddeo em seu Twitter mostrando o ataque russo \u00e0s cidades ucranianas<\/p>\n<blockquote class=\"twitter-tweet\">\n<p dir=\"ltr\" lang=\"en\">Published just now. Kharkiv. Russian fascists enter city. All of a sudden they stop and start shooting and shelling at a house nearby. They look like nazis from old Soviet movies &#8211; and act like them. <a href=\"https:\/\/t.co\/hKwdpTKe8f\">pic.twitter.com\/hKwdpTKe8f<\/a><\/p>\n<p>\u2014 olexander scherba\ud83c\uddfa\ud83c\udde6 (@olex_scherba) <a href=\"https:\/\/twitter.com\/olex_scherba\/status\/1497826638146387968?ref_src=twsrc%5Etfw\">February 27, 2022<\/a><\/p><\/blockquote>\n<p><script async src=\"https:\/\/platform.twitter.com\/widgets.js\" charset=\"utf-8\"><\/script><\/p>\n<p>&#8220;Publicado agora h\u00e1 pouco. Kharviv. Fascistas russos entram na cidade. Eles param de repente e come\u00e7am a atirar e bombardear uma casa pr\u00f3xima. Eles parecem os nazistas dos antigos filmes sovi\u00e9ticos e agem como eles.&#8221;<\/p>\n\t<p>\n\t\t<a href=\"https:\/\/lp.suno.com.br\/ebook-como-analisar-uma-acao\/\" target=\"_blank\" data-element=\"shortcode-suno-banner\" title=\"Banner SUNO, clique e saiba mais\">\n\t\t\t<picture>\n\t\t\t\t<source media=\"(max-width: 500px)\" srcset=\"https:\/\/files.sunoresearch.com.br\/n\/uploads\/2023\/03\/Ebook-Acoes-Mobile-1.jpg\">\n\t\t\t\t<img class=\"newsContent__article__imgCapa newsContent__article__imgCapa--banner\"\n\t\t\t\t\tsrc=\"https:\/\/files.sunoresearch.com.br\/n\/uploads\/2023\/03\/Ebook-Acoes-Desktop-1.jpg\"\n\t\t\t\t\tdata-promo-id=\"171998\"\t\t\t\t\t\t\t\t\t\twidth='1420' height='286'\t\t\t\t\talt=\"https:\/\/files.sunoresearch.com.br\/n\/uploads\/2023\/03\/Ebook-Acoes-Desktop-1.jpg\"\n\t\t\t\t>\n\t\t\t<\/picture>\n\t\t<\/a>\n\t<\/p>\n\n\n<h2>R\u00fassia quer negociar com Ucr\u00e2nia em Belarus, pa\u00eds defende local neutro<\/h2>\n<p>De acordo a ag\u00eancia de not\u00edcias da R\u00fassia, Interfax, uma delega\u00e7\u00e3o de representantes do governo russo chegou \u00e0 Belarus hoje para negociar com ucranianos.<\/p>\n<p>No entanto, <strong>Zelensky<\/strong> indicou que a Belarus n\u00e3o \u00e9 neutra e, portanto, n\u00e3o \u00e9 o lugar ideal para as negocia\u00e7\u00f5es. O presidente da Ucr\u00e2nia disse ainda que, s\u00f3 seria poss\u00edvel conversar em Gomel, cidade de Belarus, se os ataques da R\u00fassia n\u00e3o tivessem partido de territ\u00f3rio bielorusso.<\/p>\n<p>Os ucranianos est\u00e3o abertos a conversas, desde que elas aconte\u00e7am em um pa\u00eds que n\u00e3o tenha participado das agress\u00f5es \u00e0 <strong>Ucr\u00e2nia<\/strong>, disse o presidente.<\/p>\n\t<p>\n\t\t<a href=\"https:\/\/lp.suno.com.br\/planilha-de-controle-de-investimentos\/\" target=\"_blank\" data-element=\"shortcode-suno-banner\" title=\"Banner SUNO, clique e saiba mais\">\n\t\t\t<picture>\n\t\t\t\t<source media=\"(max-width: 500px)\" srcset=\"https:\/\/files.sunoresearch.com.br\/n\/uploads\/2023\/03\/400x300-Controle-de-Investimentos.png\">\n\t\t\t\t<img class=\"newsContent__article__imgCapa newsContent__article__imgCapa--banner\"\n\t\t\t\t\tsrc=\"https:\/\/files.sunoresearch.com.br\/n\/uploads\/2023\/03\/1420x240-Controle-de-Investimentos.png\"\n\t\t\t\t\tdata-promo-id=\"75934\"\t\t\t\t\t\t\t\t\t\twidth='1420' height='240'\t\t\t\t\talt=\"https:\/\/files.sunoresearch.com.br\/n\/uploads\/2023\/03\/1420x240-Controle-de-Investimentos.png\"\n\t\t\t\t>\n\t\t\t<\/picture>\n\t\t<\/a>\n\t<\/p>\n\n\n","protected":false},"excerpt":{"rendered":"<p>As tropas russas atacaram a segunda maior cidade da Ucr\u00e2nia, Kharkiv, neste domingo (27).O quarto dia de guerra entre a R\u00fassia e Ucr\u00e2nia teve inicio com explos\u00f5es e avan\u00e7o em outras regi\u00f5es importantes. A capital ainda resiste e as tropas n\u00e3o conseguiram ocupar Kiev. Guerra entre R\u00fassia e Ucr\u00e2nia. Foto: Pexels. &#8220;Nossos militares, as for\u00e7as [&hellip;]<\/p>\n","protected":false},"author":15,"featured_media":235091,"comment_status":"closed","ping_status":"closed","sticky":false,"template":"","format":"standard","meta":[],"categories":[63],"tags":[866],"suno_strategy":[],"class_list":["post-236317","post","type-post","status-publish","format-standard","has-post-thumbnail","hentry","category-internacional","tag-russia"],"yoast_head":"<!-- This site is optimized with the Yoast SEO plugin v24.4 - https:\/\/yoast.com\/wordpress\/plugins\/seo\/ -->\n<title>Tropas da R\u00fassia invadem a 2\u00aa maior cidade da Ucr\u00e2nia; Kiev resiste<\/title>\n<meta name=\"description\" content=\"As tropas russas atacaram a segunda maior cidade da Ucr\u00e2nia, Kharkiv, neste domingo (27). A capital Kiev ainda resiste. Veja aqui\" \/>\n<meta name=\"robots\" content=\"index, follow, max-snippet:-1, max-image-preview:large, max-video-preview:-1\" \/>\n<link rel=\"canonical\" href=\"https:\/\/www.suno.com.br\/noticias\/tropas-russia-invadem-2-maior-cidade-da-ucrania-kiev-resiste\/\" \/>\n<meta property=\"og:locale\" content=\"pt_BR\" \/>\n<meta property=\"og:type\" content=\"article\" \/>\n<meta property=\"og:title\" content=\"Tropas da R\u00fassia invadem a 2\u00aa maior cidade da Ucr\u00e2nia; Kiev resiste\" \/>\n<meta property=\"og:description\" content=\"As tropas russas atacaram a segunda maior cidade da Ucr\u00e2nia, Kharkiv, neste domingo (27). A capital Kiev ainda resiste. Veja aqui\" \/>\n<meta property=\"og:url\" content=\"https:\/\/www.suno.com.br\/noticias\/tropas-russia-invadem-2-maior-cidade-da-ucrania-kiev-resiste\/\" \/>\n<meta property=\"og:site_name\" content=\"Suno Not\u00edcias\" \/>\n<meta property=\"article:publisher\" content=\"https:\/\/facebook.com\/sunoresearch\" \/>\n<meta property=\"og:image\" content=\"https:\/\/files.sunoresearch.com.br\/n\/uploads\/2022\/02\/ucrania-russia3-scaled-e1645704357509.jpg\" \/>\n\t<meta property=\"og:image:width\" content=\"1200\" \/>\n\t<meta property=\"og:image:height\" content=\"797\" \/>\n\t<meta property=\"og:image:type\" content=\"image\/jpeg\" \/>\n<meta name=\"author\" content=\"Poliana Santos\" \/>\n<meta name=\"twitter:card\" content=\"summary_large_image\" \/>\n<meta name=\"twitter:creator\" content=\"@sunoresearch\" \/>\n<meta name=\"twitter:site\" content=\"@sunoresearch\" \/>\n<meta name=\"twitter:label1\" content=\"Escrito por\" \/>\n\t<meta name=\"twitter:data1\" content=\"Poliana Santos\" \/>\n\t<meta name=\"twitter:label2\" content=\"Est. tempo de leitura\" \/>\n\t<meta name=\"twitter:data2\" content=\"3 minutos\" \/>\n<script type=\"application\/ld+json\" class=\"yoast-schema-graph\">{\"@context\":\"https:\/\/schema.org\",\"@graph\":[{\"@type\":\"NewsArticle\",\"@id\":\"https:\/\/www.suno.com.br\/noticias\/tropas-russia-invadem-2-maior-cidade-da-ucrania-kiev-resiste\/#article\",\"isPartOf\":{\"@id\":\"https:\/\/www.suno.com.br\/noticias\/tropas-russia-invadem-2-maior-cidade-da-ucrania-kiev-resiste\/\"},\"author\":{\"name\":\"Poliana Santos\",\"@id\":\"https:\/\/www.suno.com.br\/noticias\/#\/schema\/person\/02ec1f752758247878a2bf4abee1aeda\"},\"headline\":\"Tropas da R\u00fassia invadem a 2\u00aa maior cidade da Ucr\u00e2nia; Kiev resiste\",\"datePublished\":\"2022-02-27T13:19:27+00:00\",\"mainEntityOfPage\":{\"@id\":\"https:\/\/www.suno.com.br\/noticias\/tropas-russia-invadem-2-maior-cidade-da-ucrania-kiev-resiste\/\"},\"wordCount\":601,\"publisher\":{\"@id\":\"https:\/\/www.suno.com.br\/noticias\/#organization\"},\"image\":{\"@id\":\"https:\/\/www.suno.com.br\/noticias\/tropas-russia-invadem-2-maior-cidade-da-ucrania-kiev-resiste\/#primaryimage\"},\"thumbnailUrl\":\"https:\/\/files.sunoresearch.com.br\/n\/uploads\/2022\/02\/ucrania-russia3-scaled-e1645704357509.jpg\",\"keywords\":[\"R\u00fassia\"],\"articleSection\":[\"Internacional\"],\"inLanguage\":\"pt-BR\"},{\"@type\":\"WebPage\",\"@id\":\"https:\/\/www.suno.com.br\/noticias\/tropas-russia-invadem-2-maior-cidade-da-ucrania-kiev-resiste\/\",\"url\":\"https:\/\/www.suno.com.br\/noticias\/tropas-russia-invadem-2-maior-cidade-da-ucrania-kiev-resiste\/\",\"name\":\"Tropas da R\u00fassia invadem a 2\u00aa maior cidade da Ucr\u00e2nia; Kiev resiste\",\"isPartOf\":{\"@id\":\"https:\/\/www.suno.com.br\/noticias\/#website\"},\"primaryImageOfPage\":{\"@id\":\"https:\/\/www.suno.com.br\/noticias\/tropas-russia-invadem-2-maior-cidade-da-ucrania-kiev-resiste\/#primaryimage\"},\"image\":{\"@id\":\"https:\/\/www.suno.com.br\/noticias\/tropas-russia-invadem-2-maior-cidade-da-ucrania-kiev-resiste\/#primaryimage\"},\"thumbnailUrl\":\"https:\/\/files.sunoresearch.com.br\/n\/uploads\/2022\/02\/ucrania-russia3-scaled-e1645704357509.jpg\",\"datePublished\":\"2022-02-27T13:19:27+00:00\",\"description\":\"As tropas russas atacaram a segunda maior cidade da Ucr\u00e2nia, Kharkiv, neste domingo (27). A capital Kiev ainda resiste. Veja aqui\",\"breadcrumb\":{\"@id\":\"https:\/\/www.suno.com.br\/noticias\/tropas-russia-invadem-2-maior-cidade-da-ucrania-kiev-resiste\/#breadcrumb\"},\"inLanguage\":\"pt-BR\",\"potentialAction\":[{\"@type\":\"ReadAction\",\"target\":[\"https:\/\/www.suno.com.br\/noticias\/tropas-russia-invadem-2-maior-cidade-da-ucrania-kiev-resiste\/\"]}]},{\"@type\":\"ImageObject\",\"inLanguage\":\"pt-BR\",\"@id\":\"https:\/\/www.suno.com.br\/noticias\/tropas-russia-invadem-2-maior-cidade-da-ucrania-kiev-resiste\/#primaryimage\",\"url\":\"https:\/\/files.sunoresearch.com.br\/n\/uploads\/2022\/02\/ucrania-russia3-scaled-e1645704357509.jpg\",\"contentUrl\":\"https:\/\/files.sunoresearch.com.br\/n\/uploads\/2022\/02\/ucrania-russia3-scaled-e1645704357509.jpg\",\"width\":1200,\"height\":797,\"caption\":\"Guerra entre R\u00fassia e Ucr\u00e2nia. Foto: Pexels.\"},{\"@type\":\"BreadcrumbList\",\"@id\":\"https:\/\/www.suno.com.br\/noticias\/tropas-russia-invadem-2-maior-cidade-da-ucrania-kiev-resiste\/#breadcrumb\",\"itemListElement\":[{\"@type\":\"ListItem\",\"position\":1,\"name\":\"Not\u00edcias\",\"item\":\"https:\/\/www.suno.com.br\/noticias\/\"},{\"@type\":\"ListItem\",\"position\":2,\"name\":\"Internacional\",\"item\":\"https:\/\/www.suno.com.br\/noticias\/internacional\/\"},{\"@type\":\"ListItem\",\"position\":3,\"name\":\"Tropas da R\u00fassia invadem a 2\u00aa maior cidade da Ucr\u00e2nia; Kiev resiste\"}]},{\"@type\":\"WebSite\",\"@id\":\"https:\/\/www.suno.com.br\/noticias\/#website\",\"url\":\"https:\/\/www.suno.com.br\/noticias\/\",\"name\":\"Suno Not\u00edcias\",\"description\":\"Seu portal de informa\u00e7\u00e3o sobre o mundo dos investimentos\",\"publisher\":{\"@id\":\"https:\/\/www.suno.com.br\/noticias\/#organization\"},\"potentialAction\":[{\"@type\":\"SearchAction\",\"target\":{\"@type\":\"EntryPoint\",\"urlTemplate\":\"https:\/\/www.suno.com.br\/noticias\/?s={search_term_string}\"},\"query-input\":{\"@type\":\"PropertyValueSpecification\",\"valueRequired\":true,\"valueName\":\"search_term_string\"}}],\"inLanguage\":\"pt-BR\"},{\"@type\":\"Organization\",\"@id\":\"https:\/\/www.suno.com.br\/noticias\/#organization\",\"name\":\"Suno Not\u00edcias\",\"url\":\"https:\/\/www.suno.com.br\/noticias\/\",\"logo\":{\"@type\":\"ImageObject\",\"inLanguage\":\"pt-BR\",\"@id\":\"https:\/\/www.suno.com.br\/noticias\/#\/schema\/logo\/image\/\",\"url\":\"https:\/\/files.sunoresearch.com.br\/n\/uploads\/2021\/09\/suno-logo.png\",\"contentUrl\":\"https:\/\/files.sunoresearch.com.br\/n\/uploads\/2021\/09\/suno-logo.png\",\"width\":180,\"height\":180,\"caption\":\"Suno Not\u00edcias\"},\"image\":{\"@id\":\"https:\/\/www.suno.com.br\/noticias\/#\/schema\/logo\/image\/\"},\"sameAs\":[\"https:\/\/facebook.com\/sunoresearch\",\"https:\/\/x.com\/sunoresearch\",\"https:\/\/www.instagram.com\/suno\",\"https:\/\/www.linkedin.com\/company\/suno-research\/\",\"https:\/\/www.youtube.com\/c\/sunoresearch\"]},{\"@type\":\"Person\",\"@id\":\"https:\/\/www.suno.com.br\/noticias\/#\/schema\/person\/02ec1f752758247878a2bf4abee1aeda\",\"name\":\"Poliana Santos\",\"image\":{\"@type\":\"ImageObject\",\"inLanguage\":\"pt-BR\",\"@id\":\"https:\/\/www.suno.com.br\/noticias\/#\/schema\/person\/image\/\",\"url\":\"https:\/\/secure.gravatar.com\/avatar\/0645bd32f23d87b2130f2b2dff1d3f8d?s=96&r=g\",\"contentUrl\":\"https:\/\/secure.gravatar.com\/avatar\/0645bd32f23d87b2130f2b2dff1d3f8d?s=96&r=g\",\"caption\":\"Poliana Santos\"},\"description\":\"Rep\u00f3rter no Suno Not\u00edcias, com cobertura em mercado financeiro, economia, finan\u00e7as pessoais, renda fixa e varejo. Jornalista formada pela Faculdade C\u00e1sper L\u00edbero e possui passagem na R\u00e1dio Gazeta AM com a produ\u00e7\u00e3o de conte\u00fado sobre economia, pol\u00edtica, sa\u00fade, moda e m\u00fasica. Possui certificado de conclus\u00e3o do curso de An\u00e1lise de Balan\u00e7os pela Funda\u00e7\u00e3o Bradesco, Agenda Brasil pela FAAP, Educa\u00e7\u00e3o Pol\u00edtica por Alexandre Garcia e do Tesouro Direto e Mercado de A\u00e7\u00f5es pela B3.\",\"url\":\"https:\/\/www.suno.com.br\/noticias\/author\/poliana-santos\/\"}]}<\/script>\n<!-- \/ Yoast SEO plugin. -->","yoast_head_json":{"title":"Tropas da R\u00fassia invadem a 2\u00aa maior cidade da Ucr\u00e2nia; Kiev resiste","description":"As tropas russas atacaram a segunda maior cidade da Ucr\u00e2nia, Kharkiv, neste domingo (27). A capital Kiev ainda resiste. Veja aqui","robots":{"index":"index","follow":"follow","max-snippet":"max-snippet:-1","max-image-preview":"max-image-preview:large","max-video-preview":"max-video-preview:-1"},"canonical":"https:\/\/www.suno.com.br\/noticias\/tropas-russia-invadem-2-maior-cidade-da-ucrania-kiev-resiste\/","og_locale":"pt_BR","og_type":"article","og_title":"Tropas da R\u00fassia invadem a 2\u00aa maior cidade da Ucr\u00e2nia; Kiev resiste","og_description":"As tropas russas atacaram a segunda maior cidade da Ucr\u00e2nia, Kharkiv, neste domingo (27). A capital Kiev ainda resiste. Veja aqui","og_url":"https:\/\/www.suno.com.br\/noticias\/tropas-russia-invadem-2-maior-cidade-da-ucrania-kiev-resiste\/","og_site_name":"Suno Not\u00edcias","article_publisher":"https:\/\/facebook.com\/sunoresearch","og_image":[{"width":1200,"height":797,"url":"https:\/\/files.sunoresearch.com.br\/n\/uploads\/2022\/02\/ucrania-russia3-scaled-e1645704357509.jpg","type":"image\/jpeg"}],"author":"Poliana Santos","twitter_card":"summary_large_image","twitter_creator":"@sunoresearch","twitter_site":"@sunoresearch","twitter_misc":{"Escrito por":"Poliana Santos","Est. tempo de leitura":"3 minutos"},"schema":{"@context":"https:\/\/schema.org","@graph":[{"@type":"NewsArticle","@id":"https:\/\/www.suno.com.br\/noticias\/tropas-russia-invadem-2-maior-cidade-da-ucrania-kiev-resiste\/#article","isPartOf":{"@id":"https:\/\/www.suno.com.br\/noticias\/tropas-russia-invadem-2-maior-cidade-da-ucrania-kiev-resiste\/"},"author":{"name":"Poliana Santos","@id":"https:\/\/www.suno.com.br\/noticias\/#\/schema\/person\/02ec1f752758247878a2bf4abee1aeda"},"headline":"Tropas da R\u00fassia invadem a 2\u00aa maior cidade da Ucr\u00e2nia; Kiev resiste","datePublished":"2022-02-27T13:19:27+00:00","mainEntityOfPage":{"@id":"https:\/\/www.suno.com.br\/noticias\/tropas-russia-invadem-2-maior-cidade-da-ucrania-kiev-resiste\/"},"wordCount":601,"publisher":{"@id":"https:\/\/www.suno.com.br\/noticias\/#organization"},"image":{"@id":"https:\/\/www.suno.com.br\/noticias\/tropas-russia-invadem-2-maior-cidade-da-ucrania-kiev-resiste\/#primaryimage"},"thumbnailUrl":"https:\/\/files.sunoresearch.com.br\/n\/uploads\/2022\/02\/ucrania-russia3-scaled-e1645704357509.jpg","keywords":["R\u00fassia"],"articleSection":["Internacional"],"inLanguage":"pt-BR"},{"@type":"WebPage","@id":"https:\/\/www.suno.com.br\/noticias\/tropas-russia-invadem-2-maior-cidade-da-ucrania-kiev-resiste\/","url":"https:\/\/www.suno.com.br\/noticias\/tropas-russia-invadem-2-maior-cidade-da-ucrania-kiev-resiste\/","name":"Tropas da R\u00fassia invadem a 2\u00aa maior cidade da Ucr\u00e2nia; Kiev resiste","isPartOf":{"@id":"https:\/\/www.suno.com.br\/noticias\/#website"},"primaryImageOfPage":{"@id":"https:\/\/www.suno.com.br\/noticias\/tropas-russia-invadem-2-maior-cidade-da-ucrania-kiev-resiste\/#primaryimage"},"image":{"@id":"https:\/\/www.suno.com.br\/noticias\/tropas-russia-invadem-2-maior-cidade-da-ucrania-kiev-resiste\/#primaryimage"},"thumbnailUrl":"https:\/\/files.sunoresearch.com.br\/n\/uploads\/2022\/02\/ucrania-russia3-scaled-e1645704357509.jpg","datePublished":"2022-02-27T13:19:27+00:00","description":"As tropas russas atacaram a segunda maior cidade da Ucr\u00e2nia, Kharkiv, neste domingo (27). A capital Kiev ainda resiste. Veja aqui","breadcrumb":{"@id":"https:\/\/www.suno.com.br\/noticias\/tropas-russia-invadem-2-maior-cidade-da-ucrania-kiev-resiste\/#breadcrumb"},"inLanguage":"pt-BR","potentialAction":[{"@type":"ReadAction","target":["https:\/\/www.suno.com.br\/noticias\/tropas-russia-invadem-2-maior-cidade-da-ucrania-kiev-resiste\/"]}]},{"@type":"ImageObject","inLanguage":"pt-BR","@id":"https:\/\/www.suno.com.br\/noticias\/tropas-russia-invadem-2-maior-cidade-da-ucrania-kiev-resiste\/#primaryimage","url":"https:\/\/files.sunoresearch.com.br\/n\/uploads\/2022\/02\/ucrania-russia3-scaled-e1645704357509.jpg","contentUrl":"https:\/\/files.sunoresearch.com.br\/n\/uploads\/2022\/02\/ucrania-russia3-scaled-e1645704357509.jpg","width":1200,"height":797,"caption":"Guerra entre R\u00fassia e Ucr\u00e2nia. Foto: Pexels."},{"@type":"BreadcrumbList","@id":"https:\/\/www.suno.com.br\/noticias\/tropas-russia-invadem-2-maior-cidade-da-ucrania-kiev-resiste\/#breadcrumb","itemListElement":[{"@type":"ListItem","position":1,"name":"Not\u00edcias","item":"https:\/\/www.suno.com.br\/noticias\/"},{"@type":"ListItem","position":2,"name":"Internacional","item":"https:\/\/www.suno.com.br\/noticias\/internacional\/"},{"@type":"ListItem","position":3,"name":"Tropas da R\u00fassia invadem a 2\u00aa maior cidade da Ucr\u00e2nia; Kiev resiste"}]},{"@type":"WebSite","@id":"https:\/\/www.suno.com.br\/noticias\/#website","url":"https:\/\/www.suno.com.br\/noticias\/","name":"Suno Not\u00edcias","description":"Seu portal de informa\u00e7\u00e3o sobre o mundo dos investimentos","publisher":{"@id":"https:\/\/www.suno.com.br\/noticias\/#organization"},"potentialAction":[{"@type":"SearchAction","target":{"@type":"EntryPoint","urlTemplate":"https:\/\/www.suno.com.br\/noticias\/?s={search_term_string}"},"query-input":{"@type":"PropertyValueSpecification","valueRequired":true,"valueName":"search_term_string"}}],"inLanguage":"pt-BR"},{"@type":"Organization","@id":"https:\/\/www.suno.com.br\/noticias\/#organization","name":"Suno Not\u00edcias","url":"https:\/\/www.suno.com.br\/noticias\/","logo":{"@type":"ImageObject","inLanguage":"pt-BR","@id":"https:\/\/www.suno.com.br\/noticias\/#\/schema\/logo\/image\/","url":"https:\/\/files.sunoresearch.com.br\/n\/uploads\/2021\/09\/suno-logo.png","contentUrl":"https:\/\/files.sunoresearch.com.br\/n\/uploads\/2021\/09\/suno-logo.png","width":180,"height":180,"caption":"Suno Not\u00edcias"},"image":{"@id":"https:\/\/www.suno.com.br\/noticias\/#\/schema\/logo\/image\/"},"sameAs":["https:\/\/facebook.com\/sunoresearch","https:\/\/x.com\/sunoresearch","https:\/\/www.instagram.com\/suno","https:\/\/www.linkedin.com\/company\/suno-research\/","https:\/\/www.youtube.com\/c\/sunoresearch"]},{"@type":"Person","@id":"https:\/\/www.suno.com.br\/noticias\/#\/schema\/person\/02ec1f752758247878a2bf4abee1aeda","name":"Poliana Santos","image":{"@type":"ImageObject","inLanguage":"pt-BR","@id":"https:\/\/www.suno.com.br\/noticias\/#\/schema\/person\/image\/","url":"https:\/\/secure.gravatar.com\/avatar\/0645bd32f23d87b2130f2b2dff1d3f8d?s=96&r=g","contentUrl":"https:\/\/secure.gravatar.com\/avatar\/0645bd32f23d87b2130f2b2dff1d3f8d?s=96&r=g","caption":"Poliana Santos"},"description":"Rep\u00f3rter no Suno Not\u00edcias, com cobertura em mercado financeiro, economia, finan\u00e7as pessoais, renda fixa e varejo. Jornalista formada pela Faculdade C\u00e1sper L\u00edbero e possui passagem na R\u00e1dio Gazeta AM com a produ\u00e7\u00e3o de conte\u00fado sobre economia, pol\u00edtica, sa\u00fade, moda e m\u00fasica. Possui certificado de conclus\u00e3o do curso de An\u00e1lise de Balan\u00e7os pela Funda\u00e7\u00e3o Bradesco, Agenda Brasil pela FAAP, Educa\u00e7\u00e3o Pol\u00edtica por Alexandre Garcia e do Tesouro Direto e Mercado de A\u00e7\u00f5es pela B3.","url":"https:\/\/www.suno.com.br\/noticias\/author\/poliana-santos\/"}]}},"default_loop_html":"<div class=\"cardsPage__listCard__boxs\"><div class=\"cardsPage__listCard__boxs__img\"><a href=\"https:\/\/www.suno.com.br\/noticias\/tropas-russia-invadem-2-maior-cidade-da-ucrania-kiev-resiste\/\"><img class=\"mask\" src=\"https:\/\/www.suno.com.br\/noticias\/wp-content\/themes\/suno\/resources\/images\/spotlight\/spotlight1img\/bg-mask.png\" alt=\"Image Mask\"\/><img src=\"https:\/\/files.sunoresearch.com.br\/n\/uploads\/2022\/02\/ucrania-russia3-400x200.jpg\" alt=\"Tropas da R\u00fassia invadem a 2\u00aa maior cidade da Ucr\u00e2nia; Kiev resiste\"\/><\/a><span class=\"spotlightCategory\"><a href=\"https:\/\/www.suno.com.br\/noticias\/internacional\/\">Internacional<\/a><\/span><\/div><div class=\"cardsPage__listCard__boxs__content\"><a href=\"https:\/\/www.suno.com.br\/noticias\/tropas-russia-invadem-2-maior-cidade-da-ucrania-kiev-resiste\/\"><h2 class=\"content__title\">Tropas da R\u00fassia invadem a 2\u00aa maior cidade da Ucr\u00e2nia; Kiev resiste<\/h2><\/a><div class=\"newsContent__article__meta\"><div class=\"newsContent__article__meta__authorBox\"><a href=\"https:\/\/www.suno.com.br\/noticias\/author\/poliana-santos\/\" class=\"authorBox__avatar noMobi\"><img src=\"https:\/\/files.sunoresearch.com.br\/n\/uploads\/2020\/08\/7ef34026-whatsapp-image-2020-08-03-at-12.37.57-150x150.webp\" alt=\"Poliana Santos\"><\/a><div class=\"authorBox__name\"><span>por\n\t\t\t<a href=\"https:\/\/www.suno.com.br\/noticias\/author\/poliana-santos\/\"><span itemprop=\"author\">Poliana Santos<\/span><\/a><\/span><time datetime=\"2022-02-27T10:19:27-03:00\" itemprop=\"datePublished\">27\/02\/2022 10:19<\/time><\/div><\/div><\/div><\/div><\/div>","single_layout":"posts","amp_enabled":true,"_links":{"self":[{"href":"https:\/\/www.suno.com.br\/noticias\/wp-json\/wp\/v2\/posts\/236317"}],"collection":[{"href":"https:\/\/www.suno.com.br\/noticias\/wp-json\/wp\/v2\/posts"}],"about":[{"href":"https:\/\/www.suno.com.br\/noticias\/wp-json\/wp\/v2\/types\/post"}],"author":[{"embeddable":true,"href":"https:\/\/www.suno.com.br\/noticias\/wp-json\/wp\/v2\/users\/15"}],"replies":[{"embeddable":true,"href":"https:\/\/www.suno.com.br\/noticias\/wp-json\/wp\/v2\/comments?post=236317"}],"version-history":[{"count":1,"href":"https:\/\/www.suno.com.br\/noticias\/wp-json\/wp\/v2\/posts\/236317\/revisions"}],"predecessor-version":[{"id":236318,"href":"https:\/\/www.suno.com.br\/noticias\/wp-json\/wp\/v2\/posts\/236317\/revisions\/236318"}],"wp:featuredmedia":[{"embeddable":true,"href":"https:\/\/www.suno.com.br\/noticias\/wp-json\/wp\/v2\/media\/235091"}],"wp:attachment":[{"href":"https:\/\/www.suno.com.br\/noticias\/wp-json\/wp\/v2\/media?parent=236317"}],"wp:term":[{"taxonomy":"category","embeddable":true,"href":"https:\/\/www.suno.com.br\/noticias\/wp-json\/wp\/v2\/categories?post=236317"},{"taxonomy":"post_tag","embeddable":true,"href":"https:\/\/www.suno.com.br\/noticias\/wp-json\/wp\/v2\/tags?post=236317"},{"taxonomy":"suno_strategy","embeddable":true,"href":"https:\/\/www.suno.com.br\/noticias\/wp-json\/wp\/v2\/suno_strategy?post=236317"}],"curies":[{"name":"wp","href":"https:\/\/api.w.org\/{rel}","templated":true}]}}