{"id":23612,"date":"2019-05-07T16:14:27","date_gmt":"2019-05-07T19:14:27","guid":{"rendered":"https:\/\/www.suno.com.br\/noticias\/?p=23612"},"modified":"2019-05-13T15:50:59","modified_gmt":"2019-05-13T18:50:59","slug":"acoes-hapvida-grupo-sao-francisco","status":"publish","type":"post","link":"https:\/\/www.suno.com.br\/noticias\/acoes-hapvida-grupo-sao-francisco\/","title":{"rendered":"A\u00e7\u00f5es da Hapvida sobem 7% ap\u00f3s aquisi\u00e7\u00e3o do Grupo S\u00e3o Francisco"},"content":{"rendered":"<p>O cearense Grupo Hapvida (HAPV3), maior operador de<strong> planos de<\/strong> <strong>sa\u00fade<\/strong> do Norte e Nordeste do Brasil, comprou o paulista<strong> Grupo S\u00e3o Francisco<\/strong> por R$ 5 bilh\u00f5es. O fato causou uma alta das <strong>a\u00e7\u00f5es<\/strong> nesta ter\u00e7a-feira (7). No fechamento, as <a href=\"https:\/\/www.suno.com.br\/artigos\/acoes-ordinarias\/\">a\u00e7\u00f5es ordin\u00e1rias<\/a> (ON) finalizaram com alta de 7,06% a R$ 32,75.<\/p>\t<div class=\"wrapper-featured-image\">\n\t\t<figure class=\"spotlightImg\">\n\n\t\t\t<picture>\n\t\t\t\t<source media=\"(max-width: 768px)\" srcset=\"https:\/\/files.sunoresearch.com.br\/n\/uploads\/2019\/05\/ac97b720-hapvida-400x200.webp\">\n\t\t\t\t<img loading=\"lazy\" decoding=\"async\" class=\"newsContent__article__imgCapa lazyloadDisabled newsContent__article__imgCapa--noCaption\" src=\"https:\/\/files.sunoresearch.com.br\/n\/uploads\/2019\/05\/ac97b720-hapvida-jpg.webp\" width=\"800\" height=\"450\" alt=\"A\u00e7\u00f5es da Hapvida sobem 7% ap\u00f3s aquisi\u00e7\u00e3o do Grupo S\u00e3o Francisco\" fetchpriority=high \/>\n\t\t\t<\/picture>\n\n\t\t\t<figcaption class=\"wp-caption-text wp-caption-text--hide\">Hapvida compra o Grupo S\u00e3o Francisco. (divulga\u00e7\u00e3o)<\/figcaption>\n\t\t<\/figure>\n\t<\/div>\n\n\n<p>Com a informa\u00e7\u00e3o divulgada por volta das 13h pelo portal &#8220;<a href=\"https:\/\/braziljournal.com\/\">Brazil Journal<\/a>&#8220;, a ascens\u00e3o dos papeis atingiu 7%. Em seguida, a <strong>Hapvida<\/strong> divulgou <strong>fato relevante<\/strong> confirmando a <strong>aquisi\u00e7\u00e3o<\/strong>.<\/p>\n<p>\u00c0s 14h30 as negocia\u00e7\u00f5es foram suspensas pela<strong> <a href=\"https:\/\/www.suno.com.br\/artigos\/b3\/\">B3<\/a><\/strong> (Brasil, Bolsa, Balc\u00e3o), e retornaram uma hora mais tarde.]<\/p>\n<p><a href=\"https:\/\/www.suno.com.br\/noticias\/ceo-smiles-renuncia-acoes-queda\/\">Saiba mais &#8211;\u00a0CEO da Smiles antecipa sa\u00edda do cargo e a\u00e7\u00f5es caem mais de 5%<\/a><\/p>\n<p>Com a compra, o Grupo <strong>Hapvida<\/strong> passar\u00e1 a atuar tamb\u00e9m nas regi\u00f5es Centro-Oeste, Sudeste e Sul do Brasil. De acordo com o portal:<\/p>\n<ul>\n<li>R$ 4,75 bilh\u00f5es ser\u00e3o pagos \u00e0 vista;<\/li>\n<li>o restante ser\u00e1 pago em a\u00e7\u00f5es da Hapvida aos acionistas do<strong> Grupo S\u00e3o Francisco<\/strong>.<\/li>\n<\/ul>\n<p>A <strong>Hapvida<\/strong> possui R$ 3 bilh\u00f5es em caixa, e assumir\u00e1 uma d\u00edvida de R$ 2 bilh\u00f5es para financiar a compra.<\/p>\n<p>Outras companhias fizeram ofertas pela <strong>aquisi\u00e7\u00e3o<\/strong>, dentre as quais:<\/p>\n<ul>\n<li>Notre Dame Interm\u00e9dica (GNDI3);<\/li>\n<li>Amil;<\/li>\n<li>e Bradesco Sa\u00fade.<\/li>\n<\/ul>\n<p>A <strong>Hapvida<\/strong> conta com 4 milh\u00f5es de clientes, ao passo que a <strong>S\u00e3o Francisco<\/strong> tem 1,8 milh\u00e3o de clientes (1 milh\u00e3o em planos odontol\u00f3gicos, e 800 mil em planos de sa\u00fade).<\/p>\n<p>Enquanto a cearense foi assessora pelo\u00a0BTG Pactual (BPAC11) e pela Riza Capital, a paulista obteve assessoria do\u00a0Goldman Sachs (GSGI34) e da\u00a0Astoria Capital Partners.<\/p>\n\t<p>\n\t\t<a href=\"https:\/\/lp.suno.com.br\/4-emissao-snel11\/\" target=\"_blank\" data-element=\"shortcode-suno-banner\" title=\"Banner SUNO, clique e saiba mais\">\n\t\t\t<picture>\n\t\t\t\t<source media=\"(max-width: 500px)\" srcset=\"https:\/\/files.sunoresearch.com.br\/n\/uploads\/2025\/07\/400x300-Mobile-Artigos-7.webp\">\n\t\t\t\t<img class=\"newsContent__article__imgCapa newsContent__article__imgCapa--banner\"\n\t\t\t\t\tsrc=\"https:\/\/files.sunoresearch.com.br\/n\/uploads\/2025\/07\/1420x240-Banner-Artigos-1-_-Banner-Materias-5.webp\"\n\t\t\t\t\tdata-promo-id=\"613822\"\t\t\t\t\t\t\t\t\t\twidth='1420' height='240'\t\t\t\t\talt=\"https:\/\/files.sunoresearch.com.br\/n\/uploads\/2025\/07\/1420x240-Banner-Artigos-1-_-Banner-Materias-5.webp\"\n\t\t\t\t>\n\t\t\t<\/picture>\n\t\t<\/a>\n\t<\/p>\n\n\n<h2>Hapvida confirma aquisi\u00e7\u00e3o do Grupo S\u00e3o Francisco<\/h2>\n<p>Em fato relevante, a companhia confirmou a compra. E informou que far\u00e1 pagamento de R$ 200 milh\u00f5es nesta data a t\u00edtulo de sinal.<\/p>\n<p>&#8220;Fundado em 1945 na cidade de Ribeir\u00e3o Preto\/SP, o<strong> Grupo S\u00e3o Francisco<\/strong> \u00e9 um dos principais grupos empresariais do setor de <strong>sa\u00fade<\/strong> suplementar do Brasil, com modelo de neg\u00f3cio verticalizado e alto desempenho operacional.<\/p>\n<p>O Grupo S\u00e3o Francisco administra uma carteira de <strong>planos de sa\u00fade<\/strong> e odontol\u00f3gicos de, aproximadamente, 1,8 milh\u00e3o de vidas, cuja <a href=\"https:\/\/www.suno.com.br\/artigos\/o-que-receita-liquida\/\">receita l\u00edquida<\/a> \u00e9 de cerca de R$ 1,5 bilh\u00e3o referente ao exerc\u00edcio social de 2018 [&#8230;] A aquisi\u00e7\u00e3o traz sinergias operacionais relevantes que ser\u00e3o aproveitadas pela<br \/>\nCompanhia&#8221;.<\/p>\n<p><a href=\"https:\/\/mz-prod-cvm.s3.amazonaws.com\/24392\/IPE\/2019\/fe550db1-ab51-46c9-945f-97b19123bd7f\/20190507174913870437_688041..pdf\">Clique aqui<\/a> para conferir o fato relevante da <strong>Hapvida<\/strong> na \u00edntegra.<\/p>\n","protected":false},"excerpt":{"rendered":"<p>O cearense Grupo Hapvida (HAPV3), maior operador de planos de sa\u00fade do Norte e Nordeste do Brasil, comprou o paulista Grupo S\u00e3o Francisco por R$ 5 bilh\u00f5es. O fato causou uma alta das a\u00e7\u00f5es nesta ter\u00e7a-feira (7). No fechamento, as a\u00e7\u00f5es ordin\u00e1rias (ON) finalizaram com alta de 7,06% a R$ 32,75. Hapvida compra o Grupo [&hellip;]<\/p>\n","protected":false},"author":12,"featured_media":23617,"comment_status":"closed","ping_status":"closed","sticky":false,"template":"","format":"standard","meta":[],"categories":[60],"tags":[286,497],"suno_strategy":[],"class_list":["post-23612","post","type-post","status-publish","format-standard","has-post-thumbnail","hentry","category-mercado","tag-acoes","tag-hapvida-hapv3"],"yoast_head":"<!-- This site is optimized with the Yoast SEO plugin v24.4 - https:\/\/yoast.com\/wordpress\/plugins\/seo\/ -->\n<title>A\u00e7\u00f5es da Hapvida sobem 7% ap\u00f3s aquisi\u00e7\u00e3o do Grupo S\u00e3o Francisco<\/title>\n<meta name=\"description\" content=\"A\u00e7\u00f5es do Grupo Hapvida sobem mais de 6% ap\u00f3s aquisi\u00e7\u00e3o do Grupo S\u00e3o Francisco por R$ 5 bilh\u00f5es, na tarde desta ter\u00e7a. Clique para saber mais.\" \/>\n<meta name=\"robots\" content=\"index, follow, max-snippet:-1, max-image-preview:large, max-video-preview:-1\" \/>\n<link rel=\"canonical\" href=\"https:\/\/www.suno.com.br\/noticias\/acoes-hapvida-grupo-sao-francisco\/\" \/>\n<meta property=\"og:locale\" content=\"pt_BR\" \/>\n<meta property=\"og:type\" content=\"article\" \/>\n<meta property=\"og:title\" content=\"A\u00e7\u00f5es da Hapvida sobem 7% ap\u00f3s aquisi\u00e7\u00e3o do Grupo S\u00e3o Francisco\" \/>\n<meta property=\"og:description\" content=\"A\u00e7\u00f5es do Grupo Hapvida sobem mais de 6% ap\u00f3s aquisi\u00e7\u00e3o do Grupo S\u00e3o Francisco por R$ 5 bilh\u00f5es, na tarde desta ter\u00e7a. Clique para saber mais.\" \/>\n<meta property=\"og:url\" content=\"https:\/\/www.suno.com.br\/noticias\/acoes-hapvida-grupo-sao-francisco\/\" \/>\n<meta property=\"og:site_name\" content=\"Suno Not\u00edcias\" \/>\n<meta property=\"article:publisher\" content=\"https:\/\/facebook.com\/sunoresearch\" \/>\n<meta property=\"og:image\" content=\"https:\/\/files.sunoresearch.com.br\/n\/uploads\/2019\/05\/ac97b720-hapvida.jpg\" \/>\n\t<meta property=\"og:image:width\" content=\"780\" \/>\n\t<meta property=\"og:image:height\" content=\"520\" \/>\n\t<meta property=\"og:image:type\" content=\"image\/jpeg\" \/>\n<meta name=\"author\" content=\"Amanda Gushiken\" \/>\n<meta name=\"twitter:card\" content=\"summary_large_image\" \/>\n<meta name=\"twitter:creator\" content=\"@sunoresearch\" \/>\n<meta name=\"twitter:site\" content=\"@sunoresearch\" \/>\n<meta name=\"twitter:label1\" content=\"Escrito por\" \/>\n\t<meta name=\"twitter:data1\" content=\"Amanda Gushiken\" \/>\n\t<meta name=\"twitter:label2\" content=\"Est. tempo de leitura\" \/>\n\t<meta name=\"twitter:data2\" content=\"2 minutos\" \/>\n<script type=\"application\/ld+json\" class=\"yoast-schema-graph\">{\"@context\":\"https:\/\/schema.org\",\"@graph\":[{\"@type\":\"NewsArticle\",\"@id\":\"https:\/\/www.suno.com.br\/noticias\/acoes-hapvida-grupo-sao-francisco\/#article\",\"isPartOf\":{\"@id\":\"https:\/\/www.suno.com.br\/noticias\/acoes-hapvida-grupo-sao-francisco\/\"},\"author\":{\"name\":\"Amanda Gushiken\",\"@id\":\"https:\/\/www.suno.com.br\/noticias\/#\/schema\/person\/a5b06fa4e879d8e8e119c6ed3cd630d1\"},\"headline\":\"A\u00e7\u00f5es da Hapvida sobem 7% ap\u00f3s aquisi\u00e7\u00e3o do Grupo S\u00e3o Francisco\",\"datePublished\":\"2019-05-07T19:14:27+00:00\",\"dateModified\":\"2019-05-13T18:50:59+00:00\",\"mainEntityOfPage\":{\"@id\":\"https:\/\/www.suno.com.br\/noticias\/acoes-hapvida-grupo-sao-francisco\/\"},\"wordCount\":417,\"publisher\":{\"@id\":\"https:\/\/www.suno.com.br\/noticias\/#organization\"},\"image\":{\"@id\":\"https:\/\/www.suno.com.br\/noticias\/acoes-hapvida-grupo-sao-francisco\/#primaryimage\"},\"thumbnailUrl\":\"https:\/\/files.sunoresearch.com.br\/n\/uploads\/2019\/05\/ac97b720-hapvida-jpg.webp\",\"keywords\":[\"A\u00e7\u00f5es\",\"Hapvida (HAPV3)\"],\"articleSection\":[\"Mercado\"],\"inLanguage\":\"pt-BR\"},{\"@type\":\"WebPage\",\"@id\":\"https:\/\/www.suno.com.br\/noticias\/acoes-hapvida-grupo-sao-francisco\/\",\"url\":\"https:\/\/www.suno.com.br\/noticias\/acoes-hapvida-grupo-sao-francisco\/\",\"name\":\"A\u00e7\u00f5es da Hapvida sobem 7% ap\u00f3s aquisi\u00e7\u00e3o do Grupo S\u00e3o Francisco\",\"isPartOf\":{\"@id\":\"https:\/\/www.suno.com.br\/noticias\/#website\"},\"primaryImageOfPage\":{\"@id\":\"https:\/\/www.suno.com.br\/noticias\/acoes-hapvida-grupo-sao-francisco\/#primaryimage\"},\"image\":{\"@id\":\"https:\/\/www.suno.com.br\/noticias\/acoes-hapvida-grupo-sao-francisco\/#primaryimage\"},\"thumbnailUrl\":\"https:\/\/files.sunoresearch.com.br\/n\/uploads\/2019\/05\/ac97b720-hapvida-jpg.webp\",\"datePublished\":\"2019-05-07T19:14:27+00:00\",\"dateModified\":\"2019-05-13T18:50:59+00:00\",\"description\":\"A\u00e7\u00f5es do Grupo Hapvida sobem mais de 6% ap\u00f3s aquisi\u00e7\u00e3o do Grupo S\u00e3o Francisco por R$ 5 bilh\u00f5es, na tarde desta ter\u00e7a. Clique para saber mais.\",\"breadcrumb\":{\"@id\":\"https:\/\/www.suno.com.br\/noticias\/acoes-hapvida-grupo-sao-francisco\/#breadcrumb\"},\"inLanguage\":\"pt-BR\",\"potentialAction\":[{\"@type\":\"ReadAction\",\"target\":[\"https:\/\/www.suno.com.br\/noticias\/acoes-hapvida-grupo-sao-francisco\/\"]}]},{\"@type\":\"ImageObject\",\"inLanguage\":\"pt-BR\",\"@id\":\"https:\/\/www.suno.com.br\/noticias\/acoes-hapvida-grupo-sao-francisco\/#primaryimage\",\"url\":\"https:\/\/files.sunoresearch.com.br\/n\/uploads\/2019\/05\/ac97b720-hapvida-jpg.webp\",\"contentUrl\":\"https:\/\/files.sunoresearch.com.br\/n\/uploads\/2019\/05\/ac97b720-hapvida-jpg.webp\",\"width\":780,\"height\":520,\"caption\":\"Hapvida compra o Grupo S\u00e3o Francisco. (divulga\u00e7\u00e3o)\"},{\"@type\":\"BreadcrumbList\",\"@id\":\"https:\/\/www.suno.com.br\/noticias\/acoes-hapvida-grupo-sao-francisco\/#breadcrumb\",\"itemListElement\":[{\"@type\":\"ListItem\",\"position\":1,\"name\":\"Not\u00edcias\",\"item\":\"https:\/\/www.suno.com.br\/noticias\/\"},{\"@type\":\"ListItem\",\"position\":2,\"name\":\"Mercado\",\"item\":\"https:\/\/www.suno.com.br\/noticias\/mercado\/\"},{\"@type\":\"ListItem\",\"position\":3,\"name\":\"A\u00e7\u00f5es da Hapvida sobem 7% ap\u00f3s aquisi\u00e7\u00e3o do Grupo S\u00e3o Francisco\"}]},{\"@type\":\"WebSite\",\"@id\":\"https:\/\/www.suno.com.br\/noticias\/#website\",\"url\":\"https:\/\/www.suno.com.br\/noticias\/\",\"name\":\"Suno Not\u00edcias\",\"description\":\"Seu portal de informa\u00e7\u00e3o sobre o mundo dos investimentos\",\"publisher\":{\"@id\":\"https:\/\/www.suno.com.br\/noticias\/#organization\"},\"potentialAction\":[{\"@type\":\"SearchAction\",\"target\":{\"@type\":\"EntryPoint\",\"urlTemplate\":\"https:\/\/www.suno.com.br\/noticias\/?s={search_term_string}\"},\"query-input\":{\"@type\":\"PropertyValueSpecification\",\"valueRequired\":true,\"valueName\":\"search_term_string\"}}],\"inLanguage\":\"pt-BR\"},{\"@type\":\"Organization\",\"@id\":\"https:\/\/www.suno.com.br\/noticias\/#organization\",\"name\":\"Suno Not\u00edcias\",\"url\":\"https:\/\/www.suno.com.br\/noticias\/\",\"logo\":{\"@type\":\"ImageObject\",\"inLanguage\":\"pt-BR\",\"@id\":\"https:\/\/www.suno.com.br\/noticias\/#\/schema\/logo\/image\/\",\"url\":\"https:\/\/files.sunoresearch.com.br\/n\/uploads\/2021\/09\/suno-logo.png\",\"contentUrl\":\"https:\/\/files.sunoresearch.com.br\/n\/uploads\/2021\/09\/suno-logo.png\",\"width\":180,\"height\":180,\"caption\":\"Suno Not\u00edcias\"},\"image\":{\"@id\":\"https:\/\/www.suno.com.br\/noticias\/#\/schema\/logo\/image\/\"},\"sameAs\":[\"https:\/\/facebook.com\/sunoresearch\",\"https:\/\/x.com\/sunoresearch\",\"https:\/\/www.instagram.com\/suno\",\"https:\/\/www.linkedin.com\/company\/suno-research\/\",\"https:\/\/www.youtube.com\/c\/sunoresearch\"]},{\"@type\":\"Person\",\"@id\":\"https:\/\/www.suno.com.br\/noticias\/#\/schema\/person\/a5b06fa4e879d8e8e119c6ed3cd630d1\",\"name\":\"Amanda Gushiken\",\"image\":{\"@type\":\"ImageObject\",\"inLanguage\":\"pt-BR\",\"@id\":\"https:\/\/www.suno.com.br\/noticias\/#\/schema\/person\/image\/\",\"url\":\"https:\/\/secure.gravatar.com\/avatar\/ecd84705e6b65e3685ae80d725501fbe?s=96&r=g\",\"contentUrl\":\"https:\/\/secure.gravatar.com\/avatar\/ecd84705e6b65e3685ae80d725501fbe?s=96&r=g\",\"caption\":\"Amanda Gushiken\"},\"description\":\"Amanda Sayuri Gushiken escreve sobre finan\u00e7as e neg\u00f3cios para o portal Suno Not\u00edcias. Antes, trabalhou selecionando not\u00edcias da imprensa para clientes do mercado financeiro. Tamb\u00e9m desenvolveu pesquisa acad\u00eamica pela Universidade Anhembi Morumbi na \u00e1rea de Teorias da Comunica\u00e7\u00e3o e \u00e9 fot\u00f3grafa nas horas vagas.\",\"url\":\"https:\/\/www.suno.com.br\/noticias\/author\/amanda\/\"}]}<\/script>\n<!-- \/ Yoast SEO plugin. -->","yoast_head_json":{"title":"A\u00e7\u00f5es da Hapvida sobem 7% ap\u00f3s aquisi\u00e7\u00e3o do Grupo S\u00e3o Francisco","description":"A\u00e7\u00f5es do Grupo Hapvida sobem mais de 6% ap\u00f3s aquisi\u00e7\u00e3o do Grupo S\u00e3o Francisco por R$ 5 bilh\u00f5es, na tarde desta ter\u00e7a. Clique para saber mais.","robots":{"index":"index","follow":"follow","max-snippet":"max-snippet:-1","max-image-preview":"max-image-preview:large","max-video-preview":"max-video-preview:-1"},"canonical":"https:\/\/www.suno.com.br\/noticias\/acoes-hapvida-grupo-sao-francisco\/","og_locale":"pt_BR","og_type":"article","og_title":"A\u00e7\u00f5es da Hapvida sobem 7% ap\u00f3s aquisi\u00e7\u00e3o do Grupo S\u00e3o Francisco","og_description":"A\u00e7\u00f5es do Grupo Hapvida sobem mais de 6% ap\u00f3s aquisi\u00e7\u00e3o do Grupo S\u00e3o Francisco por R$ 5 bilh\u00f5es, na tarde desta ter\u00e7a. Clique para saber mais.","og_url":"https:\/\/www.suno.com.br\/noticias\/acoes-hapvida-grupo-sao-francisco\/","og_site_name":"Suno Not\u00edcias","article_publisher":"https:\/\/facebook.com\/sunoresearch","og_image":[{"width":780,"height":520,"url":"https:\/\/files.sunoresearch.com.br\/n\/uploads\/2019\/05\/ac97b720-hapvida.jpg","type":"image\/jpeg"}],"author":"Amanda Gushiken","twitter_card":"summary_large_image","twitter_creator":"@sunoresearch","twitter_site":"@sunoresearch","twitter_misc":{"Escrito por":"Amanda Gushiken","Est. tempo de leitura":"2 minutos"},"schema":{"@context":"https:\/\/schema.org","@graph":[{"@type":"NewsArticle","@id":"https:\/\/www.suno.com.br\/noticias\/acoes-hapvida-grupo-sao-francisco\/#article","isPartOf":{"@id":"https:\/\/www.suno.com.br\/noticias\/acoes-hapvida-grupo-sao-francisco\/"},"author":{"name":"Amanda Gushiken","@id":"https:\/\/www.suno.com.br\/noticias\/#\/schema\/person\/a5b06fa4e879d8e8e119c6ed3cd630d1"},"headline":"A\u00e7\u00f5es da Hapvida sobem 7% ap\u00f3s aquisi\u00e7\u00e3o do Grupo S\u00e3o Francisco","datePublished":"2019-05-07T19:14:27+00:00","dateModified":"2019-05-13T18:50:59+00:00","mainEntityOfPage":{"@id":"https:\/\/www.suno.com.br\/noticias\/acoes-hapvida-grupo-sao-francisco\/"},"wordCount":417,"publisher":{"@id":"https:\/\/www.suno.com.br\/noticias\/#organization"},"image":{"@id":"https:\/\/www.suno.com.br\/noticias\/acoes-hapvida-grupo-sao-francisco\/#primaryimage"},"thumbnailUrl":"https:\/\/files.sunoresearch.com.br\/n\/uploads\/2019\/05\/ac97b720-hapvida-jpg.webp","keywords":["A\u00e7\u00f5es","Hapvida (HAPV3)"],"articleSection":["Mercado"],"inLanguage":"pt-BR"},{"@type":"WebPage","@id":"https:\/\/www.suno.com.br\/noticias\/acoes-hapvida-grupo-sao-francisco\/","url":"https:\/\/www.suno.com.br\/noticias\/acoes-hapvida-grupo-sao-francisco\/","name":"A\u00e7\u00f5es da Hapvida sobem 7% ap\u00f3s aquisi\u00e7\u00e3o do Grupo S\u00e3o Francisco","isPartOf":{"@id":"https:\/\/www.suno.com.br\/noticias\/#website"},"primaryImageOfPage":{"@id":"https:\/\/www.suno.com.br\/noticias\/acoes-hapvida-grupo-sao-francisco\/#primaryimage"},"image":{"@id":"https:\/\/www.suno.com.br\/noticias\/acoes-hapvida-grupo-sao-francisco\/#primaryimage"},"thumbnailUrl":"https:\/\/files.sunoresearch.com.br\/n\/uploads\/2019\/05\/ac97b720-hapvida-jpg.webp","datePublished":"2019-05-07T19:14:27+00:00","dateModified":"2019-05-13T18:50:59+00:00","description":"A\u00e7\u00f5es do Grupo Hapvida sobem mais de 6% ap\u00f3s aquisi\u00e7\u00e3o do Grupo S\u00e3o Francisco por R$ 5 bilh\u00f5es, na tarde desta ter\u00e7a. Clique para saber mais.","breadcrumb":{"@id":"https:\/\/www.suno.com.br\/noticias\/acoes-hapvida-grupo-sao-francisco\/#breadcrumb"},"inLanguage":"pt-BR","potentialAction":[{"@type":"ReadAction","target":["https:\/\/www.suno.com.br\/noticias\/acoes-hapvida-grupo-sao-francisco\/"]}]},{"@type":"ImageObject","inLanguage":"pt-BR","@id":"https:\/\/www.suno.com.br\/noticias\/acoes-hapvida-grupo-sao-francisco\/#primaryimage","url":"https:\/\/files.sunoresearch.com.br\/n\/uploads\/2019\/05\/ac97b720-hapvida-jpg.webp","contentUrl":"https:\/\/files.sunoresearch.com.br\/n\/uploads\/2019\/05\/ac97b720-hapvida-jpg.webp","width":780,"height":520,"caption":"Hapvida compra o Grupo S\u00e3o Francisco. (divulga\u00e7\u00e3o)"},{"@type":"BreadcrumbList","@id":"https:\/\/www.suno.com.br\/noticias\/acoes-hapvida-grupo-sao-francisco\/#breadcrumb","itemListElement":[{"@type":"ListItem","position":1,"name":"Not\u00edcias","item":"https:\/\/www.suno.com.br\/noticias\/"},{"@type":"ListItem","position":2,"name":"Mercado","item":"https:\/\/www.suno.com.br\/noticias\/mercado\/"},{"@type":"ListItem","position":3,"name":"A\u00e7\u00f5es da Hapvida sobem 7% ap\u00f3s aquisi\u00e7\u00e3o do Grupo S\u00e3o Francisco"}]},{"@type":"WebSite","@id":"https:\/\/www.suno.com.br\/noticias\/#website","url":"https:\/\/www.suno.com.br\/noticias\/","name":"Suno Not\u00edcias","description":"Seu portal de informa\u00e7\u00e3o sobre o mundo dos investimentos","publisher":{"@id":"https:\/\/www.suno.com.br\/noticias\/#organization"},"potentialAction":[{"@type":"SearchAction","target":{"@type":"EntryPoint","urlTemplate":"https:\/\/www.suno.com.br\/noticias\/?s={search_term_string}"},"query-input":{"@type":"PropertyValueSpecification","valueRequired":true,"valueName":"search_term_string"}}],"inLanguage":"pt-BR"},{"@type":"Organization","@id":"https:\/\/www.suno.com.br\/noticias\/#organization","name":"Suno Not\u00edcias","url":"https:\/\/www.suno.com.br\/noticias\/","logo":{"@type":"ImageObject","inLanguage":"pt-BR","@id":"https:\/\/www.suno.com.br\/noticias\/#\/schema\/logo\/image\/","url":"https:\/\/files.sunoresearch.com.br\/n\/uploads\/2021\/09\/suno-logo.png","contentUrl":"https:\/\/files.sunoresearch.com.br\/n\/uploads\/2021\/09\/suno-logo.png","width":180,"height":180,"caption":"Suno Not\u00edcias"},"image":{"@id":"https:\/\/www.suno.com.br\/noticias\/#\/schema\/logo\/image\/"},"sameAs":["https:\/\/facebook.com\/sunoresearch","https:\/\/x.com\/sunoresearch","https:\/\/www.instagram.com\/suno","https:\/\/www.linkedin.com\/company\/suno-research\/","https:\/\/www.youtube.com\/c\/sunoresearch"]},{"@type":"Person","@id":"https:\/\/www.suno.com.br\/noticias\/#\/schema\/person\/a5b06fa4e879d8e8e119c6ed3cd630d1","name":"Amanda Gushiken","image":{"@type":"ImageObject","inLanguage":"pt-BR","@id":"https:\/\/www.suno.com.br\/noticias\/#\/schema\/person\/image\/","url":"https:\/\/secure.gravatar.com\/avatar\/ecd84705e6b65e3685ae80d725501fbe?s=96&r=g","contentUrl":"https:\/\/secure.gravatar.com\/avatar\/ecd84705e6b65e3685ae80d725501fbe?s=96&r=g","caption":"Amanda Gushiken"},"description":"Amanda Sayuri Gushiken escreve sobre finan\u00e7as e neg\u00f3cios para o portal Suno Not\u00edcias. Antes, trabalhou selecionando not\u00edcias da imprensa para clientes do mercado financeiro. Tamb\u00e9m desenvolveu pesquisa acad\u00eamica pela Universidade Anhembi Morumbi na \u00e1rea de Teorias da Comunica\u00e7\u00e3o e \u00e9 fot\u00f3grafa nas horas vagas.","url":"https:\/\/www.suno.com.br\/noticias\/author\/amanda\/"}]}},"default_loop_html":"<div class=\"cardsPage__listCard__boxs\"><div class=\"cardsPage__listCard__boxs__img\"><a href=\"https:\/\/www.suno.com.br\/noticias\/acoes-hapvida-grupo-sao-francisco\/\"><img class=\"mask\" src=\"https:\/\/www.suno.com.br\/noticias\/wp-content\/themes\/suno\/resources\/images\/spotlight\/spotlight1img\/bg-mask.png\" alt=\"Image Mask\"\/><img src=\"https:\/\/files.sunoresearch.com.br\/n\/uploads\/2019\/05\/ac97b720-hapvida-400x200.webp\" alt=\"A\u00e7\u00f5es da Hapvida sobem 7% ap\u00f3s aquisi\u00e7\u00e3o do Grupo S\u00e3o Francisco\"\/><\/a><span class=\"spotlightCategory\"><a href=\"https:\/\/www.suno.com.br\/noticias\/mercado\/\">Mercado<\/a><\/span><\/div><div class=\"cardsPage__listCard__boxs__content\"><a href=\"https:\/\/www.suno.com.br\/noticias\/acoes-hapvida-grupo-sao-francisco\/\"><h2 class=\"content__title\">A\u00e7\u00f5es da Hapvida sobem 7% ap\u00f3s aquisi\u00e7\u00e3o do Grupo S\u00e3o Francisco<\/h2><\/a><div class=\"newsContent__article__meta\"><div class=\"newsContent__article__meta__authorBox\"><a href=\"https:\/\/www.suno.com.br\/noticias\/author\/amanda\/\" class=\"authorBox__avatar noMobi\"><img src=\"https:\/\/files.sunoresearch.com.br\/n\/uploads\/2018\/11\/c6ad30be-amanda-150x150.webp\" alt=\"Amanda Gushiken\"><\/a><div class=\"authorBox__name\"><span>por\n\t\t\t<a href=\"https:\/\/www.suno.com.br\/noticias\/author\/amanda\/\"><span itemprop=\"author\">Amanda Gushiken<\/span><\/a><\/span><time datetime=\"2019-05-07T16:14:27-03:00\" itemprop=\"datePublished\">07\/05\/2019 16:14<\/time><\/div><\/div><\/div><\/div><\/div>","single_layout":"posts","amp_enabled":true,"_links":{"self":[{"href":"https:\/\/www.suno.com.br\/noticias\/wp-json\/wp\/v2\/posts\/23612"}],"collection":[{"href":"https:\/\/www.suno.com.br\/noticias\/wp-json\/wp\/v2\/posts"}],"about":[{"href":"https:\/\/www.suno.com.br\/noticias\/wp-json\/wp\/v2\/types\/post"}],"author":[{"embeddable":true,"href":"https:\/\/www.suno.com.br\/noticias\/wp-json\/wp\/v2\/users\/12"}],"replies":[{"embeddable":true,"href":"https:\/\/www.suno.com.br\/noticias\/wp-json\/wp\/v2\/comments?post=23612"}],"version-history":[{"count":0,"href":"https:\/\/www.suno.com.br\/noticias\/wp-json\/wp\/v2\/posts\/23612\/revisions"}],"wp:featuredmedia":[{"embeddable":true,"href":"https:\/\/www.suno.com.br\/noticias\/wp-json\/wp\/v2\/media\/23617"}],"wp:attachment":[{"href":"https:\/\/www.suno.com.br\/noticias\/wp-json\/wp\/v2\/media?parent=23612"}],"wp:term":[{"taxonomy":"category","embeddable":true,"href":"https:\/\/www.suno.com.br\/noticias\/wp-json\/wp\/v2\/categories?post=23612"},{"taxonomy":"post_tag","embeddable":true,"href":"https:\/\/www.suno.com.br\/noticias\/wp-json\/wp\/v2\/tags?post=23612"},{"taxonomy":"suno_strategy","embeddable":true,"href":"https:\/\/www.suno.com.br\/noticias\/wp-json\/wp\/v2\/suno_strategy?post=23612"}],"curies":[{"name":"wp","href":"https:\/\/api.w.org\/{rel}","templated":true}]}}