{"id":236108,"date":"2022-02-25T20:10:45","date_gmt":"2022-02-25T23:10:45","guid":{"rendered":"https:\/\/www.suno.com.br\/noticias\/?p=236108"},"modified":"2022-02-25T20:10:45","modified_gmt":"2022-02-25T23:10:45","slug":"dolar-fecha-alta-recua-fevereiro","status":"publish","type":"post","link":"https:\/\/www.suno.com.br\/noticias\/dolar-fecha-alta-recua-fevereiro\/","title":{"rendered":"D\u00f3lar fecha em alta de 0,99%, a R$ 5,15, mas recua 2,83% em fevereiro"},"content":{"rendered":"<p>Na v\u00e9spera de Carnaval, quando n\u00e3o haver\u00e1 negocia\u00e7\u00f5es no mercado brasileiro, o <strong>d\u00f3lar<\/strong> encerrou a sess\u00e3o desta sexta-feira (25) em alta. O movimento nada contra a corrente da tend\u00eancia global de enfraquecimento da moeda dos EUA, uma vez que sinaliza\u00e7\u00f5es sobre uma poss\u00edvel resolu\u00e7\u00e3o diplom\u00e1tica ao conflito b\u00e9lico entre R\u00fassia e Ucr\u00e2nia geraram mais seguran\u00e7a e apetite por risco aos mercados.<\/p>\t<div class=\"wrapper-featured-image\">\n\t\t<figure class=\"spotlightImg\">\n\n\t\t\t<picture>\n\t\t\t\t<source media=\"(max-width: 768px)\" srcset=\"https:\/\/files.sunoresearch.com.br\/n\/uploads\/2021\/03\/bf6c85f6-dollar-4896650_1280-400x200.webp\">\n\t\t\t\t<img loading=\"lazy\" decoding=\"async\" class=\"newsContent__article__imgCapa lazyloadDisabled \" src=\"https:\/\/files.sunoresearch.com.br\/n\/uploads\/2021\/03\/bf6c85f6-dollar-4896650_1280-800x450.webp\" width=\"800\" height=\"450\" alt=\"D\u00f3lar fecha em alta de 0,99%, a R$ 5,15, mas recua 2,83% em fevereiro\" fetchpriority=high \/>\n\t\t\t<\/picture>\n\n\t\t\t<figcaption class=\"wp-caption-text wp-caption-text--show\">Nota de d\u00f3lar. Foto: Pixabay<\/figcaption>\n\t\t<\/figure>\n\t<\/div>\n\n\n\t<p>\n\t\t<a href=\"https:\/\/lp.suno.com.br\/planilha-controle-gastos\/\" target=\"_blank\" data-element=\"shortcode-suno-banner\" title=\"Banner SUNO, clique e saiba mais\">\n\t\t\t<picture>\n\t\t\t\t<source media=\"(max-width: 500px)\" srcset=\"https:\/\/files.sunoresearch.com.br\/n\/uploads\/2023\/03\/400x300-Planilha-controle-de-gastos.png\">\n\t\t\t\t<img class=\"newsContent__article__imgCapa newsContent__article__imgCapa--banner\"\n\t\t\t\t\tsrc=\"https:\/\/files.sunoresearch.com.br\/n\/uploads\/2023\/03\/1420x240-Planilha-controle-de-gastos.png\"\n\t\t\t\t\tdata-promo-id=\"101751\"\t\t\t\t\t\t\t\t\t\twidth='1420' height='240'\t\t\t\t\talt=\"https:\/\/files.sunoresearch.com.br\/n\/uploads\/2023\/03\/1420x240-Planilha-controle-de-gastos.png\"\n\t\t\t\t>\n\t\t\t<\/picture>\n\t\t<\/a>\n\t<\/p>\n\n\n<p>Afora uma pequena queda na primeira hora de neg\u00f3cios, o d\u00f3lar operou em alta ao longo do restante do preg\u00e3o, tocando no patamar de R$ 5,18 \u00e0 tarde, ao alcan\u00e7ar m\u00e1xima a R$ 5,1802 (+1,47%). Com certa perda de f\u00f4lego na reta final dos neg\u00f3cios, o<strong> d\u00f3lar fechou a R$ 5,1557<\/strong>, em alta de 0,99%.<\/p>\n<p>Com a forte <strong>valoriza\u00e7\u00e3o<\/strong> nos \u00faltimos dois dias, o d\u00f3lar, que chegou a esbo\u00e7ar fechar abaixo de R$ 5,00 na quarta-feira (23), acabou encerrando a semana com ganhos de 0,31%. A desvaloriza\u00e7\u00e3o em fevereiro foi de 2,83%, o que levou as perdas acumuladas em 2022 a 7,54%. O real ficou com o t\u00edtulo de divisa emergente de melhor desempenho tanto em fevereiro quanto no ano, diante de forte fluxo de recursos para ativos dom\u00e9sticos e de aus\u00eancia de not\u00edcias negativas no front pol\u00edtico.<\/p>\n<p>Pela manh\u00e3, operadores identificaram uma press\u00e3o elevada dos comprados (que apostam na <a class=\"suno-keyword\" href=\"https:\/\/www.suno.com.br\/artigos\/alta-do-dolar\/\" target=\"_blank\" rel=\"noopener\" data-force=\"no\" data-priority=\"1\">alta do d\u00f3lar<\/a>) sobre o mercado em meio \u00e0 disputa para forma\u00e7\u00e3o da \u00faltima Ptax de fevereiro (par\u00e2metro para liquida\u00e7\u00e3o de contratos futuros), na tentativa de diminuir a desvantagem no m\u00eas. Nas mesas de opera\u00e7\u00e3o, havia certa expectativa de que o d\u00f3lar pudesse ceder \u00e0 tarde, com boa parte da rolagem de vencimento futuro realizada e a Ptax j\u00e1 definida.<\/p>\n\t<p>\n\t\t<a href=\"https:\/\/lp.suno.com.br\/planilha-da-vida-financeira\/\" target=\"_blank\" data-element=\"shortcode-suno-banner\" title=\"Banner SUNO, clique e saiba mais\">\n\t\t\t<picture>\n\t\t\t\t<source media=\"(max-width: 500px)\" srcset=\"https:\/\/files.sunoresearch.com.br\/n\/uploads\/2023\/04\/400x300-Planilha-vida-financeira-true.png\">\n\t\t\t\t<img class=\"newsContent__article__imgCapa newsContent__article__imgCapa--banner\"\n\t\t\t\t\tsrc=\"https:\/\/files.sunoresearch.com.br\/n\/uploads\/2023\/04\/1420x240-Planilha-vida-financeira-true.png\"\n\t\t\t\t\tdata-promo-id=\"106682\"\t\t\t\t\t\t\t\t\t\twidth='1420' height='240'\t\t\t\t\talt=\"https:\/\/files.sunoresearch.com.br\/n\/uploads\/2023\/04\/1420x240-Planilha-vida-financeira-true.png\"\n\t\t\t\t>\n\t\t\t<\/picture>\n\t\t<\/a>\n\t<\/p>\n\n\n<p>A moeda, contudo, n\u00e3o apenas seguiu em alta como <strong>renovou m\u00e1ximas<\/strong>, com investidores retomando posi\u00e7\u00f5es defensivas em caso de uma escalda no conflito na Ucr\u00e2nia e eventuais novas <strong>san\u00e7\u00f5es do Ocidente contra a R\u00fassia<\/strong> nos pr\u00f3ximos dias. Ontem, dia marcado por avan\u00e7o de 2,02% da moeda americana, houve grande movimenta\u00e7\u00e3o no <a class=\"suno-keyword\" href=\"https:\/\/www.suno.com.br\/artigos\/contrato-futuro\/\" target=\"_blank\" rel=\"noopener\" data-force=\"no\" data-priority=\"1\">mercado futuro<\/a>.<\/p>\n<p>Os investidores estrangeiros aumentaram a posi\u00e7\u00e3o comprada (que ganham com a alta da moeda) em 24 mil contratos (US$ 12 bilh\u00f5es), segundo dados da corretora Renascen\u00e7a. Hoje, o <a class=\"suno-keyword\" href=\"https:\/\/www.suno.com.br\/artigos\/contrato-futuro\/\" target=\"_blank\" rel=\"noopener\" data-force=\"no\" data-priority=\"1\">contrato futuro<\/a> para abril, que passa a concentrar as negocia\u00e7\u00f5es, apresentou giro expressivo, de mais de US$ 20 bilh\u00f5es.<\/p>\n<p>&#8220;Apesar do al\u00edvio l\u00e1 fora, aqui prevaleceu o aspecto psicol\u00f3gico, de redu\u00e7\u00e3o de risco e montagem de prote\u00e7\u00f5es. V\u00e3o ser quatro dias sem poder movimentar posi\u00e7\u00f5es, sendo que em dois dias o mercado l\u00e1 fora estar\u00e1 funcionando enquanto aqui n\u00e3o haver\u00e1 neg\u00f3cios&#8221;, afirma Pedro Secchin, assessor e s\u00f3cio da Golden Investimentos, em rela\u00e7\u00e3o ao fato de que as negocia\u00e7\u00f5es na B3 s\u00f3 ser\u00e3o retomadas na quarta-feira (02), \u00e0s 13h.<\/p>\n\t<p>\n\t\t<a href=\"https:\/\/lp.suno.com.br\/ebook-como-analisar-uma-acao\/\" target=\"_blank\" data-element=\"shortcode-suno-banner\" title=\"Banner SUNO, clique e saiba mais\">\n\t\t\t<picture>\n\t\t\t\t<source media=\"(max-width: 500px)\" srcset=\"https:\/\/files.sunoresearch.com.br\/n\/uploads\/2023\/03\/Ebook-Acoes-Mobile-1.jpg\">\n\t\t\t\t<img class=\"newsContent__article__imgCapa newsContent__article__imgCapa--banner\"\n\t\t\t\t\tsrc=\"https:\/\/files.sunoresearch.com.br\/n\/uploads\/2023\/03\/Ebook-Acoes-Desktop-1.jpg\"\n\t\t\t\t\tdata-promo-id=\"171998\"\t\t\t\t\t\t\t\t\t\twidth='1420' height='286'\t\t\t\t\talt=\"https:\/\/files.sunoresearch.com.br\/n\/uploads\/2023\/03\/Ebook-Acoes-Desktop-1.jpg\"\n\t\t\t\t>\n\t\t\t<\/picture>\n\t\t<\/a>\n\t<\/p>\n\n\n<p>&#8220;Havia expectativa at\u00e9 de que o d\u00f3lar pudesse acompanhar o movimento externo depois da forma\u00e7\u00e3o da Ptax. Mas a postura defensiva prevaleceu. Ningu\u00e9m que repassar o feriado desprotegido, j\u00e1 que esse cen\u00e1rio de guerra pode trazer muita volatilidade&#8221;, diz o diretor de c\u00e2mbio da B&amp;T Corretora, Marcos Trabbold.<\/p>\n<h2>D\u00f3lar cai frente a moedas emergentes<\/h2>\n<p>No exterior, o <a class=\"suno-keyword\" href=\"https:\/\/www.suno.com.br\/artigos\/dxy\/\" target=\"_blank\" rel=\"noopener\" data-force=\"no\" data-priority=\"1\">\u00edndice DXY<\/a> &#8211; que mede a varia\u00e7\u00e3o do d\u00f3lar frente a uma cesta de seis divisas fortes &#8211; operou em queda firme ao longo do dia, na casa dos 96,600 pontos, em grande parte gra\u00e7as ao fortalecimento do euro. A moeda americana caiu em bloco frente a divisas de pa\u00edses emergentes e exportadores de commodities, incluindo as do leste europeu, com perdas maiores frente ao rublo, peso chileno e rand sul-africano. As bolsas em Nova York trabalharam em alta e as taxas dos <strong>Treasuries<\/strong> subiram, em claro sintoma de redu\u00e7\u00e3o da <a class=\"suno-keyword\" href=\"https:\/\/www.suno.com.br\/artigos\/aversao-ao-risco\/\" target=\"_blank\" rel=\"noopener\" data-force=\"no\" data-priority=\"1\">avers\u00e3o ao risco<\/a>.<\/p>\n\t<div data-element=\"shortcode-read-more\" class=\"knowMore\">\n\t\t\t\t<span class=\"knowMore__title\">Veja tamb\u00e9m<\/span>\n\t\t\t\t<a class=\"knowMore__link\" href=\"https:\/\/www.suno.com.br\/noticias\/otan-ucrania-russia-paises-aliados\/\">\n\t\t\tOtan v\u00ea riscos para os pa\u00edses pr\u00f3ximos da Ucr\u00e2nia e diz que R\u00fassia quer derrubar governo em Kiev\t\t<\/a>\n\t<\/div>\n\n\n<p>&#8220;Depois do choque de ontem, o mercado l\u00e1 fora est\u00e1 mais positivo, com as bolsas esbo\u00e7ando uma rea\u00e7\u00e3o. Mas ainda h\u00e1 muita incerteza. N\u00e3o se sabe o quanto essa guerra pode gerar de retra\u00e7\u00e3o para a economia global. A press\u00e3o sobre commodities acaba gerando mais expectativa de infla\u00e7\u00e3o, que j\u00e1 vem causando problemas&#8221;, diz o economista-chefe da Frente Corretora, Fabrizio Velloni, que v\u00ea a possibilidade de que parte de recursos de investidores estrangeiros que seriam direcionados para a R\u00fassia possam, diante das san\u00e7\u00f5es impostas pelo Ocidente, acabar vindo para o Brasil.<\/p>\n\t<p>\n\t\t<a href=\"https:\/\/lp.suno.com.br\/planilha-de-controle-de-investimentos\/\" target=\"_blank\" data-element=\"shortcode-suno-banner\" title=\"Banner SUNO, clique e saiba mais\">\n\t\t\t<picture>\n\t\t\t\t<source media=\"(max-width: 500px)\" srcset=\"https:\/\/files.sunoresearch.com.br\/n\/uploads\/2023\/03\/400x300-Controle-de-Investimentos.png\">\n\t\t\t\t<img class=\"newsContent__article__imgCapa newsContent__article__imgCapa--banner\"\n\t\t\t\t\tsrc=\"https:\/\/files.sunoresearch.com.br\/n\/uploads\/2023\/03\/1420x240-Controle-de-Investimentos.png\"\n\t\t\t\t\tdata-promo-id=\"75934\"\t\t\t\t\t\t\t\t\t\twidth='1420' height='240'\t\t\t\t\talt=\"https:\/\/files.sunoresearch.com.br\/n\/uploads\/2023\/03\/1420x240-Controle-de-Investimentos.png\"\n\t\t\t\t>\n\t\t\t<\/picture>\n\t\t<\/a>\n\t<\/p>\n\n\n<p>Com as aten\u00e7\u00f5es voltadas ao <strong>conflito na Ucr\u00e2nia<\/strong>, <a class=\"suno-keyword\" href=\"https:\/\/www.suno.com.br\/artigos\/indicadores-economicos\/\" target=\"_blank\" rel=\"noopener\" data-force=\"no\" data-priority=\"1\">indicadores econ\u00f4micos<\/a> relevantes ficaram hoje em segundo plano. Nos EUA, o \u00edndice de pre\u00e7os de gastos com consumo (PCE) &#8211; medida de infla\u00e7\u00e3o mais relevante para o Federal Reserve &#8211; subiu 0,6% em janeiro, enquanto o n\u00facleo avan\u00e7ou 0,5%, ambos em linha com as expectativas.<\/p>\n<p>Na compara\u00e7\u00e3o anual, o PCE subiu 5,2% e seu n\u00facleo aumentou 6,1% em janeiro. J\u00e1 a renda pessoal ficou est\u00e1vel no per\u00edodo, enquanto a expectativa era de redu\u00e7\u00e3o de 0,3%. Os gastos com consumo subiram 2,1%, tamb\u00e9m acima do esperado (1,6%).<\/p>\n<p>&#8220;Come\u00e7amos a semana com o <strong>d\u00f3lar<\/strong> com for\u00e7a e indo abaixo dos R$ 5. Tivemos um fluxo muito grande de estrangeiros nas \u00faltimas semanas. Considerando o per\u00edodo de janeiro at\u00e9 agora, o patamar de R$ 5,15 para o d\u00f3lar \u00e9 bem interessante&#8221;, comenta Velloni.<\/p>\n<p><em>(Com informa\u00e7\u00f5es da Ag\u00eancia Estado)<\/em><\/p>\n\t<p>\n\t\t<a href=\"\" target=\"_blank\" data-element=\"shortcode-suno-banner\" title=\"Banner SUNO, clique e saiba mais\">\n\t\t\t<picture>\n\t\t\t\t<source media=\"(max-width: 500px)\" srcset=\"\">\n\t\t\t\t<img class=\"newsContent__article__imgCapa newsContent__article__imgCapa--banner\"\n\t\t\t\t\tsrc=\"\"\n\t\t\t\t\tdata-promo-id=\"184190\"\t\t\t\t\t\t\t\t\t\t\t\t\t\t\talt=\"\"\n\t\t\t\t>\n\t\t\t<\/picture>\n\t\t<\/a>\n\t<\/p>\n\n\n","protected":false},"excerpt":{"rendered":"<p>Na v\u00e9spera de Carnaval, quando n\u00e3o haver\u00e1 negocia\u00e7\u00f5es no mercado brasileiro, o d\u00f3lar encerrou a sess\u00e3o desta sexta-feira (25) em alta. O movimento nada contra a corrente da tend\u00eancia global de enfraquecimento da moeda dos EUA, uma vez que sinaliza\u00e7\u00f5es sobre uma poss\u00edvel resolu\u00e7\u00e3o diplom\u00e1tica ao conflito b\u00e9lico entre R\u00fassia e Ucr\u00e2nia geraram mais seguran\u00e7a [&hellip;]<\/p>\n","protected":false},"author":118,"featured_media":135098,"comment_status":"closed","ping_status":"closed","sticky":false,"template":"","format":"standard","meta":[],"categories":[60],"tags":[326],"suno_strategy":[],"class_list":["post-236108","post","type-post","status-publish","format-standard","has-post-thumbnail","hentry","category-mercado","tag-dolar"],"yoast_head":"<!-- This site is optimized with the Yoast SEO plugin v24.4 - https:\/\/yoast.com\/wordpress\/plugins\/seo\/ -->\n<title>D\u00f3lar fecha em alta de 0,99%, a R$ 5,15, mas recua 2,83% em fevereiro<\/title>\n<meta name=\"description\" content=\"Em v\u00e9spera de Carnaval, quando n\u00e3o haver\u00e1 negocia\u00e7\u00f5es no mercado brasileiro, o d\u00f3lar encerrou a sess\u00e3o desta sexta-feira (25) em alta.\" \/>\n<meta name=\"robots\" content=\"index, follow, max-snippet:-1, max-image-preview:large, max-video-preview:-1\" \/>\n<link rel=\"canonical\" href=\"https:\/\/www.suno.com.br\/noticias\/dolar-fecha-alta-recua-fevereiro\/\" \/>\n<meta property=\"og:locale\" content=\"pt_BR\" \/>\n<meta property=\"og:type\" content=\"article\" \/>\n<meta property=\"og:title\" content=\"D\u00f3lar fecha em alta de 0,99%, a R$ 5,15, mas recua 2,83% em fevereiro\" \/>\n<meta property=\"og:description\" content=\"Em v\u00e9spera de Carnaval, quando n\u00e3o haver\u00e1 negocia\u00e7\u00f5es no mercado brasileiro, o d\u00f3lar encerrou a sess\u00e3o desta sexta-feira (25) em alta.\" \/>\n<meta property=\"og:url\" content=\"https:\/\/www.suno.com.br\/noticias\/dolar-fecha-alta-recua-fevereiro\/\" \/>\n<meta property=\"og:site_name\" content=\"Suno Not\u00edcias\" \/>\n<meta property=\"article:publisher\" content=\"https:\/\/facebook.com\/sunoresearch\" \/>\n<meta property=\"og:image\" content=\"https:\/\/files.sunoresearch.com.br\/n\/uploads\/2021\/03\/bf6c85f6-dollar-4896650_1280.jpg\" \/>\n\t<meta property=\"og:image:width\" content=\"1280\" \/>\n\t<meta property=\"og:image:height\" content=\"853\" \/>\n\t<meta property=\"og:image:type\" content=\"image\/jpeg\" \/>\n<meta name=\"author\" content=\"Bruno Galv\u00e3o\" \/>\n<meta name=\"twitter:card\" content=\"summary_large_image\" \/>\n<meta name=\"twitter:creator\" content=\"@sunoresearch\" \/>\n<meta name=\"twitter:site\" content=\"@sunoresearch\" \/>\n<meta name=\"twitter:label1\" content=\"Escrito por\" \/>\n\t<meta name=\"twitter:data1\" content=\"Bruno Galv\u00e3o\" \/>\n\t<meta name=\"twitter:label2\" content=\"Est. tempo de leitura\" \/>\n\t<meta name=\"twitter:data2\" content=\"4 minutos\" \/>\n<script type=\"application\/ld+json\" class=\"yoast-schema-graph\">{\"@context\":\"https:\/\/schema.org\",\"@graph\":[{\"@type\":\"NewsArticle\",\"@id\":\"https:\/\/www.suno.com.br\/noticias\/dolar-fecha-alta-recua-fevereiro\/#article\",\"isPartOf\":{\"@id\":\"https:\/\/www.suno.com.br\/noticias\/dolar-fecha-alta-recua-fevereiro\/\"},\"author\":{\"name\":\"Bruno Galv\u00e3o\",\"@id\":\"https:\/\/www.suno.com.br\/noticias\/#\/schema\/person\/06f0d962a6b1c54852e4860f16935600\"},\"headline\":\"D\u00f3lar fecha em alta de 0,99%, a R$ 5,15, mas recua 2,83% em fevereiro\",\"datePublished\":\"2022-02-25T23:10:45+00:00\",\"mainEntityOfPage\":{\"@id\":\"https:\/\/www.suno.com.br\/noticias\/dolar-fecha-alta-recua-fevereiro\/\"},\"wordCount\":936,\"publisher\":{\"@id\":\"https:\/\/www.suno.com.br\/noticias\/#organization\"},\"image\":{\"@id\":\"https:\/\/www.suno.com.br\/noticias\/dolar-fecha-alta-recua-fevereiro\/#primaryimage\"},\"thumbnailUrl\":\"https:\/\/files.sunoresearch.com.br\/n\/uploads\/2021\/03\/bf6c85f6-dollar-4896650_1280-jpg.webp\",\"keywords\":[\"d\u00f3lar\"],\"articleSection\":[\"Mercado\"],\"inLanguage\":\"pt-BR\"},{\"@type\":\"WebPage\",\"@id\":\"https:\/\/www.suno.com.br\/noticias\/dolar-fecha-alta-recua-fevereiro\/\",\"url\":\"https:\/\/www.suno.com.br\/noticias\/dolar-fecha-alta-recua-fevereiro\/\",\"name\":\"D\u00f3lar fecha em alta de 0,99%, a R$ 5,15, mas recua 2,83% em fevereiro\",\"isPartOf\":{\"@id\":\"https:\/\/www.suno.com.br\/noticias\/#website\"},\"primaryImageOfPage\":{\"@id\":\"https:\/\/www.suno.com.br\/noticias\/dolar-fecha-alta-recua-fevereiro\/#primaryimage\"},\"image\":{\"@id\":\"https:\/\/www.suno.com.br\/noticias\/dolar-fecha-alta-recua-fevereiro\/#primaryimage\"},\"thumbnailUrl\":\"https:\/\/files.sunoresearch.com.br\/n\/uploads\/2021\/03\/bf6c85f6-dollar-4896650_1280-jpg.webp\",\"datePublished\":\"2022-02-25T23:10:45+00:00\",\"description\":\"Em v\u00e9spera de Carnaval, quando n\u00e3o haver\u00e1 negocia\u00e7\u00f5es no mercado brasileiro, o d\u00f3lar encerrou a sess\u00e3o desta sexta-feira (25) em alta.\",\"breadcrumb\":{\"@id\":\"https:\/\/www.suno.com.br\/noticias\/dolar-fecha-alta-recua-fevereiro\/#breadcrumb\"},\"inLanguage\":\"pt-BR\",\"potentialAction\":[{\"@type\":\"ReadAction\",\"target\":[\"https:\/\/www.suno.com.br\/noticias\/dolar-fecha-alta-recua-fevereiro\/\"]}]},{\"@type\":\"ImageObject\",\"inLanguage\":\"pt-BR\",\"@id\":\"https:\/\/www.suno.com.br\/noticias\/dolar-fecha-alta-recua-fevereiro\/#primaryimage\",\"url\":\"https:\/\/files.sunoresearch.com.br\/n\/uploads\/2021\/03\/bf6c85f6-dollar-4896650_1280-jpg.webp\",\"contentUrl\":\"https:\/\/files.sunoresearch.com.br\/n\/uploads\/2021\/03\/bf6c85f6-dollar-4896650_1280-jpg.webp\",\"width\":1280,\"height\":853,\"caption\":\"Nota de d\u00f3lar. Foto: Pixabay\"},{\"@type\":\"BreadcrumbList\",\"@id\":\"https:\/\/www.suno.com.br\/noticias\/dolar-fecha-alta-recua-fevereiro\/#breadcrumb\",\"itemListElement\":[{\"@type\":\"ListItem\",\"position\":1,\"name\":\"Not\u00edcias\",\"item\":\"https:\/\/www.suno.com.br\/noticias\/\"},{\"@type\":\"ListItem\",\"position\":2,\"name\":\"Mercado\",\"item\":\"https:\/\/www.suno.com.br\/noticias\/mercado\/\"},{\"@type\":\"ListItem\",\"position\":3,\"name\":\"D\u00f3lar fecha em alta de 0,99%, a R$ 5,15, mas recua 2,83% em fevereiro\"}]},{\"@type\":\"WebSite\",\"@id\":\"https:\/\/www.suno.com.br\/noticias\/#website\",\"url\":\"https:\/\/www.suno.com.br\/noticias\/\",\"name\":\"Suno Not\u00edcias\",\"description\":\"Seu portal de informa\u00e7\u00e3o sobre o mundo dos investimentos\",\"publisher\":{\"@id\":\"https:\/\/www.suno.com.br\/noticias\/#organization\"},\"potentialAction\":[{\"@type\":\"SearchAction\",\"target\":{\"@type\":\"EntryPoint\",\"urlTemplate\":\"https:\/\/www.suno.com.br\/noticias\/?s={search_term_string}\"},\"query-input\":{\"@type\":\"PropertyValueSpecification\",\"valueRequired\":true,\"valueName\":\"search_term_string\"}}],\"inLanguage\":\"pt-BR\"},{\"@type\":\"Organization\",\"@id\":\"https:\/\/www.suno.com.br\/noticias\/#organization\",\"name\":\"Suno Not\u00edcias\",\"url\":\"https:\/\/www.suno.com.br\/noticias\/\",\"logo\":{\"@type\":\"ImageObject\",\"inLanguage\":\"pt-BR\",\"@id\":\"https:\/\/www.suno.com.br\/noticias\/#\/schema\/logo\/image\/\",\"url\":\"https:\/\/files.sunoresearch.com.br\/n\/uploads\/2021\/09\/suno-logo.png\",\"contentUrl\":\"https:\/\/files.sunoresearch.com.br\/n\/uploads\/2021\/09\/suno-logo.png\",\"width\":180,\"height\":180,\"caption\":\"Suno Not\u00edcias\"},\"image\":{\"@id\":\"https:\/\/www.suno.com.br\/noticias\/#\/schema\/logo\/image\/\"},\"sameAs\":[\"https:\/\/facebook.com\/sunoresearch\",\"https:\/\/x.com\/sunoresearch\",\"https:\/\/www.instagram.com\/suno\",\"https:\/\/www.linkedin.com\/company\/suno-research\/\",\"https:\/\/www.youtube.com\/c\/sunoresearch\"]},{\"@type\":\"Person\",\"@id\":\"https:\/\/www.suno.com.br\/noticias\/#\/schema\/person\/06f0d962a6b1c54852e4860f16935600\",\"name\":\"Bruno Galv\u00e3o\",\"image\":{\"@type\":\"ImageObject\",\"inLanguage\":\"pt-BR\",\"@id\":\"https:\/\/www.suno.com.br\/noticias\/#\/schema\/person\/image\/\",\"url\":\"https:\/\/secure.gravatar.com\/avatar\/53598df0b41c00f12f287a912d0e918e?s=96&r=g\",\"contentUrl\":\"https:\/\/secure.gravatar.com\/avatar\/53598df0b41c00f12f287a912d0e918e?s=96&r=g\",\"caption\":\"Bruno Galv\u00e3o\"},\"description\":\"Escreve para o portal Suno Not\u00edcias. \u00c9 estudante de Jornalismo pela Faculdade C\u00e1sper L\u00edbero e Letras pela USP. Entusiasta de tecnologia e intelig\u00eancia artificial.\",\"url\":\"https:\/\/www.suno.com.br\/noticias\/author\/bruno-garcia\/\"}]}<\/script>\n<!-- \/ Yoast SEO plugin. -->","yoast_head_json":{"title":"D\u00f3lar fecha em alta de 0,99%, a R$ 5,15, mas recua 2,83% em fevereiro","description":"Em v\u00e9spera de Carnaval, quando n\u00e3o haver\u00e1 negocia\u00e7\u00f5es no mercado brasileiro, o d\u00f3lar encerrou a sess\u00e3o desta sexta-feira (25) em alta.","robots":{"index":"index","follow":"follow","max-snippet":"max-snippet:-1","max-image-preview":"max-image-preview:large","max-video-preview":"max-video-preview:-1"},"canonical":"https:\/\/www.suno.com.br\/noticias\/dolar-fecha-alta-recua-fevereiro\/","og_locale":"pt_BR","og_type":"article","og_title":"D\u00f3lar fecha em alta de 0,99%, a R$ 5,15, mas recua 2,83% em fevereiro","og_description":"Em v\u00e9spera de Carnaval, quando n\u00e3o haver\u00e1 negocia\u00e7\u00f5es no mercado brasileiro, o d\u00f3lar encerrou a sess\u00e3o desta sexta-feira (25) em alta.","og_url":"https:\/\/www.suno.com.br\/noticias\/dolar-fecha-alta-recua-fevereiro\/","og_site_name":"Suno Not\u00edcias","article_publisher":"https:\/\/facebook.com\/sunoresearch","og_image":[{"width":1280,"height":853,"url":"https:\/\/files.sunoresearch.com.br\/n\/uploads\/2021\/03\/bf6c85f6-dollar-4896650_1280.jpg","type":"image\/jpeg"}],"author":"Bruno Galv\u00e3o","twitter_card":"summary_large_image","twitter_creator":"@sunoresearch","twitter_site":"@sunoresearch","twitter_misc":{"Escrito por":"Bruno Galv\u00e3o","Est. tempo de leitura":"4 minutos"},"schema":{"@context":"https:\/\/schema.org","@graph":[{"@type":"NewsArticle","@id":"https:\/\/www.suno.com.br\/noticias\/dolar-fecha-alta-recua-fevereiro\/#article","isPartOf":{"@id":"https:\/\/www.suno.com.br\/noticias\/dolar-fecha-alta-recua-fevereiro\/"},"author":{"name":"Bruno Galv\u00e3o","@id":"https:\/\/www.suno.com.br\/noticias\/#\/schema\/person\/06f0d962a6b1c54852e4860f16935600"},"headline":"D\u00f3lar fecha em alta de 0,99%, a R$ 5,15, mas recua 2,83% em fevereiro","datePublished":"2022-02-25T23:10:45+00:00","mainEntityOfPage":{"@id":"https:\/\/www.suno.com.br\/noticias\/dolar-fecha-alta-recua-fevereiro\/"},"wordCount":936,"publisher":{"@id":"https:\/\/www.suno.com.br\/noticias\/#organization"},"image":{"@id":"https:\/\/www.suno.com.br\/noticias\/dolar-fecha-alta-recua-fevereiro\/#primaryimage"},"thumbnailUrl":"https:\/\/files.sunoresearch.com.br\/n\/uploads\/2021\/03\/bf6c85f6-dollar-4896650_1280-jpg.webp","keywords":["d\u00f3lar"],"articleSection":["Mercado"],"inLanguage":"pt-BR"},{"@type":"WebPage","@id":"https:\/\/www.suno.com.br\/noticias\/dolar-fecha-alta-recua-fevereiro\/","url":"https:\/\/www.suno.com.br\/noticias\/dolar-fecha-alta-recua-fevereiro\/","name":"D\u00f3lar fecha em alta de 0,99%, a R$ 5,15, mas recua 2,83% em fevereiro","isPartOf":{"@id":"https:\/\/www.suno.com.br\/noticias\/#website"},"primaryImageOfPage":{"@id":"https:\/\/www.suno.com.br\/noticias\/dolar-fecha-alta-recua-fevereiro\/#primaryimage"},"image":{"@id":"https:\/\/www.suno.com.br\/noticias\/dolar-fecha-alta-recua-fevereiro\/#primaryimage"},"thumbnailUrl":"https:\/\/files.sunoresearch.com.br\/n\/uploads\/2021\/03\/bf6c85f6-dollar-4896650_1280-jpg.webp","datePublished":"2022-02-25T23:10:45+00:00","description":"Em v\u00e9spera de Carnaval, quando n\u00e3o haver\u00e1 negocia\u00e7\u00f5es no mercado brasileiro, o d\u00f3lar encerrou a sess\u00e3o desta sexta-feira (25) em alta.","breadcrumb":{"@id":"https:\/\/www.suno.com.br\/noticias\/dolar-fecha-alta-recua-fevereiro\/#breadcrumb"},"inLanguage":"pt-BR","potentialAction":[{"@type":"ReadAction","target":["https:\/\/www.suno.com.br\/noticias\/dolar-fecha-alta-recua-fevereiro\/"]}]},{"@type":"ImageObject","inLanguage":"pt-BR","@id":"https:\/\/www.suno.com.br\/noticias\/dolar-fecha-alta-recua-fevereiro\/#primaryimage","url":"https:\/\/files.sunoresearch.com.br\/n\/uploads\/2021\/03\/bf6c85f6-dollar-4896650_1280-jpg.webp","contentUrl":"https:\/\/files.sunoresearch.com.br\/n\/uploads\/2021\/03\/bf6c85f6-dollar-4896650_1280-jpg.webp","width":1280,"height":853,"caption":"Nota de d\u00f3lar. Foto: Pixabay"},{"@type":"BreadcrumbList","@id":"https:\/\/www.suno.com.br\/noticias\/dolar-fecha-alta-recua-fevereiro\/#breadcrumb","itemListElement":[{"@type":"ListItem","position":1,"name":"Not\u00edcias","item":"https:\/\/www.suno.com.br\/noticias\/"},{"@type":"ListItem","position":2,"name":"Mercado","item":"https:\/\/www.suno.com.br\/noticias\/mercado\/"},{"@type":"ListItem","position":3,"name":"D\u00f3lar fecha em alta de 0,99%, a R$ 5,15, mas recua 2,83% em fevereiro"}]},{"@type":"WebSite","@id":"https:\/\/www.suno.com.br\/noticias\/#website","url":"https:\/\/www.suno.com.br\/noticias\/","name":"Suno Not\u00edcias","description":"Seu portal de informa\u00e7\u00e3o sobre o mundo dos investimentos","publisher":{"@id":"https:\/\/www.suno.com.br\/noticias\/#organization"},"potentialAction":[{"@type":"SearchAction","target":{"@type":"EntryPoint","urlTemplate":"https:\/\/www.suno.com.br\/noticias\/?s={search_term_string}"},"query-input":{"@type":"PropertyValueSpecification","valueRequired":true,"valueName":"search_term_string"}}],"inLanguage":"pt-BR"},{"@type":"Organization","@id":"https:\/\/www.suno.com.br\/noticias\/#organization","name":"Suno Not\u00edcias","url":"https:\/\/www.suno.com.br\/noticias\/","logo":{"@type":"ImageObject","inLanguage":"pt-BR","@id":"https:\/\/www.suno.com.br\/noticias\/#\/schema\/logo\/image\/","url":"https:\/\/files.sunoresearch.com.br\/n\/uploads\/2021\/09\/suno-logo.png","contentUrl":"https:\/\/files.sunoresearch.com.br\/n\/uploads\/2021\/09\/suno-logo.png","width":180,"height":180,"caption":"Suno Not\u00edcias"},"image":{"@id":"https:\/\/www.suno.com.br\/noticias\/#\/schema\/logo\/image\/"},"sameAs":["https:\/\/facebook.com\/sunoresearch","https:\/\/x.com\/sunoresearch","https:\/\/www.instagram.com\/suno","https:\/\/www.linkedin.com\/company\/suno-research\/","https:\/\/www.youtube.com\/c\/sunoresearch"]},{"@type":"Person","@id":"https:\/\/www.suno.com.br\/noticias\/#\/schema\/person\/06f0d962a6b1c54852e4860f16935600","name":"Bruno Galv\u00e3o","image":{"@type":"ImageObject","inLanguage":"pt-BR","@id":"https:\/\/www.suno.com.br\/noticias\/#\/schema\/person\/image\/","url":"https:\/\/secure.gravatar.com\/avatar\/53598df0b41c00f12f287a912d0e918e?s=96&r=g","contentUrl":"https:\/\/secure.gravatar.com\/avatar\/53598df0b41c00f12f287a912d0e918e?s=96&r=g","caption":"Bruno Galv\u00e3o"},"description":"Escreve para o portal Suno Not\u00edcias. \u00c9 estudante de Jornalismo pela Faculdade C\u00e1sper L\u00edbero e Letras pela USP. Entusiasta de tecnologia e intelig\u00eancia artificial.","url":"https:\/\/www.suno.com.br\/noticias\/author\/bruno-garcia\/"}]}},"default_loop_html":"<div class=\"cardsPage__listCard__boxs\"><div class=\"cardsPage__listCard__boxs__img\"><a href=\"https:\/\/www.suno.com.br\/noticias\/dolar-fecha-alta-recua-fevereiro\/\"><img class=\"mask\" src=\"https:\/\/www.suno.com.br\/noticias\/wp-content\/themes\/suno\/resources\/images\/spotlight\/spotlight1img\/bg-mask.png\" alt=\"Image Mask\"\/><img src=\"https:\/\/files.sunoresearch.com.br\/n\/uploads\/2021\/03\/bf6c85f6-dollar-4896650_1280-400x200.webp\" alt=\"D\u00f3lar fecha em alta de 0,99%, a R$ 5,15, mas recua 2,83% em fevereiro\"\/><\/a><span class=\"spotlightCategory\"><a href=\"https:\/\/www.suno.com.br\/noticias\/mercado\/\">Mercado<\/a><\/span><\/div><div class=\"cardsPage__listCard__boxs__content\"><a href=\"https:\/\/www.suno.com.br\/noticias\/dolar-fecha-alta-recua-fevereiro\/\"><h2 class=\"content__title\">D\u00f3lar fecha em alta de 0,99%, a R$ 5,15, mas recua 2,83% em fevereiro<\/h2><\/a><div class=\"newsContent__article__meta\"><div class=\"newsContent__article__meta__authorBox\"><a href=\"https:\/\/www.suno.com.br\/noticias\/author\/bruno-garcia\/\" class=\"authorBox__avatar noMobi\"><img src=\"https:\/\/secure.gravatar.com\/avatar\/53598df0b41c00f12f287a912d0e918e?s=96&#038;r=g\" alt=\"Bruno Galv\u00e3o\"><\/a><div class=\"authorBox__name\"><span>por\n\t\t\t<a href=\"https:\/\/www.suno.com.br\/noticias\/author\/bruno-garcia\/\"><span itemprop=\"author\">Bruno Galv\u00e3o<\/span><\/a><\/span><time datetime=\"2022-02-25T20:10:45-03:00\" itemprop=\"datePublished\">25\/02\/2022 20:10<\/time><\/div><\/div><\/div><\/div><\/div>","single_layout":"posts","amp_enabled":true,"_links":{"self":[{"href":"https:\/\/www.suno.com.br\/noticias\/wp-json\/wp\/v2\/posts\/236108"}],"collection":[{"href":"https:\/\/www.suno.com.br\/noticias\/wp-json\/wp\/v2\/posts"}],"about":[{"href":"https:\/\/www.suno.com.br\/noticias\/wp-json\/wp\/v2\/types\/post"}],"author":[{"embeddable":true,"href":"https:\/\/www.suno.com.br\/noticias\/wp-json\/wp\/v2\/users\/118"}],"replies":[{"embeddable":true,"href":"https:\/\/www.suno.com.br\/noticias\/wp-json\/wp\/v2\/comments?post=236108"}],"version-history":[{"count":4,"href":"https:\/\/www.suno.com.br\/noticias\/wp-json\/wp\/v2\/posts\/236108\/revisions"}],"predecessor-version":[{"id":236142,"href":"https:\/\/www.suno.com.br\/noticias\/wp-json\/wp\/v2\/posts\/236108\/revisions\/236142"}],"wp:featuredmedia":[{"embeddable":true,"href":"https:\/\/www.suno.com.br\/noticias\/wp-json\/wp\/v2\/media\/135098"}],"wp:attachment":[{"href":"https:\/\/www.suno.com.br\/noticias\/wp-json\/wp\/v2\/media?parent=236108"}],"wp:term":[{"taxonomy":"category","embeddable":true,"href":"https:\/\/www.suno.com.br\/noticias\/wp-json\/wp\/v2\/categories?post=236108"},{"taxonomy":"post_tag","embeddable":true,"href":"https:\/\/www.suno.com.br\/noticias\/wp-json\/wp\/v2\/tags?post=236108"},{"taxonomy":"suno_strategy","embeddable":true,"href":"https:\/\/www.suno.com.br\/noticias\/wp-json\/wp\/v2\/suno_strategy?post=236108"}],"curies":[{"name":"wp","href":"https:\/\/api.w.org\/{rel}","templated":true}]}}