{"id":236031,"date":"2022-02-25T21:34:52","date_gmt":"2022-02-26T00:34:52","guid":{"rendered":"https:\/\/www.suno.com.br\/noticias\/?p=236031"},"modified":"2022-02-25T21:35:16","modified_gmt":"2022-02-26T00:35:16","slug":"americanas-amer3-resultado-4t21-resiliencia-analise","status":"publish","type":"post","link":"https:\/\/www.suno.com.br\/noticias\/americanas-amer3-resultado-4t21-resiliencia-analise\/","title":{"rendered":"Americanas (AMER3): resultado do 4T21 n\u00e3o surpreende, mas mostra resili\u00eancia; confira opini\u00f5es de analistas"},"content":{"rendered":"<p>A\u00a0<strong>Americanas<\/strong>\u00a0(AMER3) registrou\u00a0<a class=\"suno-keyword\" href=\"https:\/\/www.suno.com.br\/artigos\/lucro-liquido\/\" target=\"_blank\" rel=\"noopener\" data-force=\"no\" data-priority=\"1\">lucro l\u00edquido<\/a> no quarto trimestre de 2021 de R$ 489,7 milh\u00f5es, alta de 20,5% ante o mesmo intervalo em 2020, anunciou a companhia na noite de quinta-feira (24).<\/p>\t<div class=\"wrapper-featured-image\">\n\t\t<figure class=\"spotlightImg\">\n\n\t\t\t<picture>\n\t\t\t\t<source media=\"(max-width: 768px)\" srcset=\"https:\/\/files.sunoresearch.com.br\/n\/uploads\/2022\/01\/Foto-APP-Americanas-400x200.jpg\">\n\t\t\t\t<img loading=\"lazy\" decoding=\"async\" class=\"newsContent__article__imgCapa lazyloadDisabled \" src=\"https:\/\/files.sunoresearch.com.br\/n\/uploads\/2022\/01\/Foto-APP-Americanas-800x450.jpg\" width=\"800\" height=\"450\" alt=\"Americanas (AMER3): resultado do 4T21 n\u00e3o surpreende, mas mostra resili\u00eancia; confira opini\u00f5es de analistas\" fetchpriority=high \/>\n\t\t\t<\/picture>\n\n\t\t\t<figcaption class=\"wp-caption-text wp-caption-text--show\">Americanas. Foto: Divulga\u00e7\u00e3o<\/figcaption>\n\t\t<\/figure>\n\t<\/div>\n\n\n\t<p>\n\t\t<a href=\"https:\/\/lp.suno.com.br\/planilha-controle-gastos\/\" target=\"_blank\" data-element=\"shortcode-suno-banner\" title=\"Banner SUNO, clique e saiba mais\">\n\t\t\t<picture>\n\t\t\t\t<source media=\"(max-width: 500px)\" srcset=\"https:\/\/files.sunoresearch.com.br\/n\/uploads\/2023\/03\/400x300-Planilha-controle-de-gastos.png\">\n\t\t\t\t<img class=\"newsContent__article__imgCapa newsContent__article__imgCapa--banner\"\n\t\t\t\t\tsrc=\"https:\/\/files.sunoresearch.com.br\/n\/uploads\/2023\/03\/1420x240-Planilha-controle-de-gastos.png\"\n\t\t\t\t\tdata-promo-id=\"101751\"\t\t\t\t\t\t\t\t\t\twidth='1420' height='240'\t\t\t\t\talt=\"https:\/\/files.sunoresearch.com.br\/n\/uploads\/2023\/03\/1420x240-Planilha-controle-de-gastos.png\"\n\t\t\t\t>\n\t\t\t<\/picture>\n\t\t<\/a>\n\t<\/p>\n\n\n<p>No\u00a0<strong>Ibovespa hoje<\/strong>\u00a0(25), as\u00a0<strong>a\u00e7\u00f5es da Americanas<\/strong> fecharam em alta de 0,99%, cotadas a R$ 30,50. Confira a seguir o coment\u00e1rio das <a class=\"suno-keyword\" href=\"https:\/\/www.suno.com.br\/artigos\/instituicoes-financeiras\/\" target=\"_blank\" rel=\"noopener\" data-force=\"no\" data-priority=\"1\">institui\u00e7\u00f5es financeiras<\/a>\u00a0sobre o resultado.<\/p>\n<p>De acordo com a XP Investimentos, a Americanas apresentou resultados positivo, em linha com as estimativas, especialmente em rela\u00e7\u00e3o aos dados operacionais &#8212; &#8220;mas com um lucro acima com o efeito positivo n\u00e3o recorrente na linha de imposto&#8221;. Os analistas Danniela Eiger, Gustavo Senday e Thiago Suedt afirmam que o principal destaque do balan\u00e7o foi o crescimento de receita, que apontou resili\u00eancia das lojas f\u00edsicas e crescimento robusto no ambiente de <strong>e-commerce<\/strong>.<\/p>\n<p>&#8220;Por\u00e9m,\u00a0 resultado do 4T21 mostrou uma <a class=\"suno-keyword\" href=\"https:\/\/www.suno.com.br\/artigos\/margem-ebitda\/\" target=\"_blank\" rel=\"noopener\" data-force=\"no\" data-priority=\"1\">margem Ebitda<\/a> pressionada principalmente pela maior participa\u00e7\u00e3o do online&#8221;, completaram.<\/p>\n<p>O relat\u00f3rio afirma que o crescimento de 28% do GMV Total (volume bruto de mercadorias) no ano a ano foi puxado pelo e-commerce (em +36%) e lojas f\u00edsicas (+11%). O maior suporte veio dos produtos de <a class=\"suno-keyword\" href=\"https:\/\/www.suno.com.br\/artigos\/ticket-medio\/\" target=\"_blank\" rel=\"noopener\" data-force=\"no\" data-priority=\"1\">ticket m\u00e9dio<\/a> mais baixo, que foram mais fortes com o cen\u00e1rio macroecon\u00f4mico desafiador.<\/p>\n\t<p>\n\t\t<a href=\"https:\/\/lp.suno.com.br\/planilha-da-vida-financeira\/\" target=\"_blank\" data-element=\"shortcode-suno-banner\" title=\"Banner SUNO, clique e saiba mais\">\n\t\t\t<picture>\n\t\t\t\t<source media=\"(max-width: 500px)\" srcset=\"https:\/\/files.sunoresearch.com.br\/n\/uploads\/2023\/04\/400x300-Planilha-vida-financeira-true.png\">\n\t\t\t\t<img class=\"newsContent__article__imgCapa newsContent__article__imgCapa--banner\"\n\t\t\t\t\tsrc=\"https:\/\/files.sunoresearch.com.br\/n\/uploads\/2023\/04\/1420x240-Planilha-vida-financeira-true.png\"\n\t\t\t\t\tdata-promo-id=\"106682\"\t\t\t\t\t\t\t\t\t\twidth='1420' height='240'\t\t\t\t\talt=\"https:\/\/files.sunoresearch.com.br\/n\/uploads\/2023\/04\/1420x240-Planilha-vida-financeira-true.png\"\n\t\t\t\t>\n\t\t\t<\/picture>\n\t\t<\/a>\n\t<\/p>\n\n\n<p>A XP ressalta que a Americanas deu indicativos positivos para o 1T22, com crescimento de 40% na compara\u00e7\u00e3o anual do e-commerce em janeiro, al\u00e9m da perspectiva de avan\u00e7o na combina\u00e7\u00e3o operacional de neg\u00f3cios. Isso ocorrer\u00e1 com a conclus\u00e3o de integra\u00e7\u00e3o de estoques, log\u00edstica, dados e comunica\u00e7\u00e3o inclusos, &#8220;contribuindo para a melhoria do n\u00edvel de servi\u00e7o (entregas r\u00e1pidas representaram 24% do total, vs. 15% no 3T21)&#8221;.<\/p>\n<p>Outro destaque do <strong>balan\u00e7o do quarto trimestre de 2021 da Americanas<\/strong> \u00e9 a agenda ESG, que segue avan\u00e7ando. Conforme a XP, os pontos principais foram:<\/p>\n<ul>\n<li>Amplia\u00e7\u00e3o do uso de energia limpa e ecoeficiente em suas lojas f\u00edsicas;<\/li>\n<li>75 toneladas de alimentos e \u00e1gua doados para as regi\u00f5es que foram afetadas por fortes chuvas e enchentes;<\/li>\n<li>Doa\u00e7\u00e3o de notebooks para secretaria da educa\u00e7\u00e3o e doa\u00e7\u00e3o de livros para comunidades carentes; entre outros.<\/li>\n<\/ul>\n<p>Com isso, a Americanas passou a integrar o \u00cdndice <a class=\"suno-keyword\" href=\"https:\/\/www.suno.com.br\/artigos\/indice-dow-jones-djia\/\" target=\"_blank\" rel=\"noopener\" data-force=\"no\" data-priority=\"2\">Dow Jones<\/a> de Sustentabilidade (DJSI), al\u00e9m de ser indicada pela oitava vez ao <a class=\"suno-keyword\" href=\"https:\/\/www.suno.com.br\/artigos\/indice-sustentabilidade-empresarial\/\" target=\"_blank\" rel=\"noopener\" data-force=\"no\" data-priority=\"1\">\u00cdndice de Sustentabilidade Empresarial<\/a> da B3.<\/p>\n<h2>N\u00fameros de receita consistentes da Americanas<\/h2>\n<p>O <a class=\"suno-keyword\" href=\"https:\/\/www.suno.com.br\/acoes\/BPAC11\/\" target=\"_blank\" rel=\"noopener\" data-force=\"yes\" data-priority=\"2\">BTG Pactual (BPAC11)<\/a> tamb\u00e9m destaca o GMV Total, no montante de R$ 13,3 bilh\u00f5es, aumento de 36% ano a ano, em linha com a proje\u00e7\u00e3o de R$ 3,5 bilh\u00f5es na compara\u00e7\u00e3o ao 4T20.<\/p>\n<p>Na opera\u00e7\u00e3o de varejo f\u00edsico, as vendas em mesmas lojas cresceram 4,1%, pouco abaixo do estimado pelo BTG de 5%. O resultado levou a uma <a class=\"suno-keyword\" href=\"https:\/\/www.suno.com.br\/artigos\/o-que-receita-liquida\/\" target=\"_blank\" rel=\"noopener\" data-force=\"no\" data-priority=\"1\">receita l\u00edquida<\/a> de R$ 4,8 bilh\u00f5es, 11% a mais contra mesmo per\u00edodo de 2020 e ainda 5% acima do esperado pelo banco. O resultado levou um crescimento de 28% do GMV consolidado, em linha com a proje\u00e7\u00e3o, enquanto a receita l\u00edquida consolidada atingiu R$ 9 bilh\u00f5es (aumento de 22% a\/a da expectativa).<\/p>\n<p>&#8220;Embora os resultados n\u00e3o tenham trazido grandes surpresas, vale ressaltar que eles mostraram uma recupera\u00e7\u00e3o gradual em rela\u00e7\u00e3o aos trimestres anteriores e superaram os pares da Americanas no Brasil&#8221;, afirmam analistas do BTG.<\/p>\n\t<p>\n\t\t<a href=\"https:\/\/lp.suno.com.br\/ebook-como-analisar-uma-acao\/\" target=\"_blank\" data-element=\"shortcode-suno-banner\" title=\"Banner SUNO, clique e saiba mais\">\n\t\t\t<picture>\n\t\t\t\t<source media=\"(max-width: 500px)\" srcset=\"https:\/\/files.sunoresearch.com.br\/n\/uploads\/2023\/03\/Ebook-Acoes-Mobile-1.jpg\">\n\t\t\t\t<img class=\"newsContent__article__imgCapa newsContent__article__imgCapa--banner\"\n\t\t\t\t\tsrc=\"https:\/\/files.sunoresearch.com.br\/n\/uploads\/2023\/03\/Ebook-Acoes-Desktop-1.jpg\"\n\t\t\t\t\tdata-promo-id=\"171998\"\t\t\t\t\t\t\t\t\t\twidth='1420' height='286'\t\t\t\t\talt=\"https:\/\/files.sunoresearch.com.br\/n\/uploads\/2023\/03\/Ebook-Acoes-Desktop-1.jpg\"\n\t\t\t\t>\n\t\t\t<\/picture>\n\t\t<\/a>\n\t<\/p>\n\n\n<p>Depois da recente corre\u00e7\u00e3o, impactada pelo fluxo de not\u00edcias negativas sobre o ataque aos sites da empresa na \u00faltima semana, h\u00e1 um potencial para reclassifica\u00e7\u00e3o da a\u00e7\u00e3o. O BTG Pactual afirma que a a\u00e7\u00e3o est\u00e1 descontada em rela\u00e7\u00e3o aos pares, mas depender\u00e1 da consist\u00eancia dos pr\u00f3ximos trimestres, j\u00e1 que o setor e-commerce est\u00e1 cada vez mais competitivo.<\/p>\n<p>&#8220;Na verdade, continuamos cautelosos com o e-commerce brasileiro no <a class=\"suno-keyword\" href=\"https:\/\/www.suno.com.br\/artigos\/curto-prazo\/\" target=\"_blank\" rel=\"noopener\" data-force=\"no\" data-priority=\"1\">curto prazo<\/a>&#8220;, diz o relat\u00f3rio. O debate sobre a infla\u00e7\u00e3o e o aumento da taxa de juros, que afeta o <a class=\"suno-keyword\" href=\"https:\/\/www.suno.com.br\/artigos\/custo-de-capital\/\" target=\"_blank\" rel=\"noopener\" data-force=\"no\" data-priority=\"1\">custo de capital<\/a> pr\u00f3prio, traz tr\u00eas preocupa\u00e7\u00f5es principais, que pesaram sobre as a\u00e7\u00f5es de <em>tech<\/em> do Brasil recentemente:<\/p>\n<ul>\n<li>Desacelera\u00e7\u00e3o do e-commerce local, principalmente para empresas mais expostas a eletr\u00f4nicos e ao 1P;<\/li>\n<li>Concorr\u00eancia de players nacionais e internacionais (mais descontos e subs\u00eddios e CAC crescente), e<\/li>\n<li>Preocupa\u00e7\u00f5es com n\u00edveis de margem sustent\u00e1veis para players de e-commerce, dada a perspectivas competitivas \u00e0 frente.<\/li>\n<\/ul>\n<p>A recomenda\u00e7\u00e3o do BTG Pactual sobre a Americanas \u00e9 de\u00a0<strong>compra<\/strong>, no <a class=\"suno-keyword\" href=\"https:\/\/www.suno.com.br\/artigos\/preco-alvo\/\" target=\"_blank\" rel=\"noopener\" data-force=\"no\" data-priority=\"1\">pre\u00e7o alvo<\/a> de R$ 45.<\/p>\n\t<p>\n\t\t<a href=\"https:\/\/lp.suno.com.br\/planilha-de-controle-de-investimentos\/\" target=\"_blank\" data-element=\"shortcode-suno-banner\" title=\"Banner SUNO, clique e saiba mais\">\n\t\t\t<picture>\n\t\t\t\t<source media=\"(max-width: 500px)\" srcset=\"https:\/\/files.sunoresearch.com.br\/n\/uploads\/2023\/03\/400x300-Controle-de-Investimentos.png\">\n\t\t\t\t<img class=\"newsContent__article__imgCapa newsContent__article__imgCapa--banner\"\n\t\t\t\t\tsrc=\"https:\/\/files.sunoresearch.com.br\/n\/uploads\/2023\/03\/1420x240-Controle-de-Investimentos.png\"\n\t\t\t\t\tdata-promo-id=\"75934\"\t\t\t\t\t\t\t\t\t\twidth='1420' height='240'\t\t\t\t\talt=\"https:\/\/files.sunoresearch.com.br\/n\/uploads\/2023\/03\/1420x240-Controle-de-Investimentos.png\"\n\t\t\t\t>\n\t\t\t<\/picture>\n\t\t<\/a>\n\t<\/p>\n\n\n<h2>BB Investimentos: resultados positivos, mesmo com cen\u00e1rio negativo<\/h2>\n<p>O BB Investimentos considera o resultado apresentado pelas Americanas no 4T21 como positivo. &#8220;Em um cen\u00e1rio macroecon\u00f4mico negativo para o consumo, a companhia se destacou da concorr\u00eancia e apresentou crescimento robusto em todos os seus canais de vendas, vindo com margens em linha com as nossas estimativas, apesar de inferiores na compara\u00e7\u00e3o anual&#8221;, afirma.<\/p>\n<p>O banco de investimentos reitera a recomenda\u00e7\u00e3o de\u00a0<strong>compra<\/strong> para a Americanas, ao pre\u00e7o alvo de R$ 75,30 para o final de 2022.<\/p>\n<p>Os pap\u00e9is da empresa acumulam queda de 9,7% nos \u00faltimos 30 dias, mas, observa o BB, os investidores estavam validando a recente estrutura\u00e7\u00e3o da companhia (com a extin\u00e7\u00e3o de LAME3 e LAME4, assim como a holding). Havia ainda o in\u00edcio de captura de sinergias ap\u00f3s a combina\u00e7\u00e3o entre as lojas f\u00edsicas e o e-commerce.<\/p>\n<p>Contudo, com o ataque cibern\u00e9tico recente, combinado com maiores riscos inflacion\u00e1rios decorrentes da guerra entre R\u00fassia e Ucr\u00e2nia, as a\u00e7\u00f5es sofreram um impacto negativo. O desempenho dos pap\u00e9is teve queda de <span style=\"font-weight: 400;\">10,44% na \u00faltima semana. Por\u00e9m, dentro do contexto, &#8220;acreditamos n\u00e3o haver gatilhos de curto prazo para a valoriza\u00e7\u00e3o dos pap\u00e9is&#8221;, diz o BB.<br \/>\n<\/span><\/p>\n<p>Os analistas do banco acreditam que h\u00e1 potencial de valoriza\u00e7\u00e3o, concentrado no m\u00e9dio prazo.<\/p>\n<p>&#8220;N\u00e3o podemos descartar que o cen\u00e1rio macroecon\u00f4mico adverso deve impactar nossas proje\u00e7\u00f5es de vendas para os pr\u00f3ximos anos, o que ser\u00e1 objeto de reexame em nossa pr\u00f3xima revis\u00e3o de pre\u00e7o da <strong>Americanas<\/strong>\u201d.<\/p>\n\t<p>\n\t\t<a href=\"\" target=\"_blank\" data-element=\"shortcode-suno-banner\" title=\"Banner SUNO, clique e saiba mais\">\n\t\t\t<picture>\n\t\t\t\t<source media=\"(max-width: 500px)\" srcset=\"\">\n\t\t\t\t<img class=\"newsContent__article__imgCapa newsContent__article__imgCapa--banner\"\n\t\t\t\t\tsrc=\"\"\n\t\t\t\t\tdata-promo-id=\"184190\"\t\t\t\t\t\t\t\t\t\t\t\t\t\t\talt=\"\"\n\t\t\t\t>\n\t\t\t<\/picture>\n\t\t<\/a>\n\t<\/p>\n\n\n","protected":false},"excerpt":{"rendered":"<p>A\u00a0Americanas\u00a0(AMER3) registrou\u00a0lucro l\u00edquido no quarto trimestre de 2021 de R$ 489,7 milh\u00f5es, alta de 20,5% ante o mesmo intervalo em 2020, anunciou a companhia na noite de quinta-feira (24). Americanas. Foto: Divulga\u00e7\u00e3o No\u00a0Ibovespa hoje\u00a0(25), as\u00a0a\u00e7\u00f5es da Americanas fecharam em alta de 0,99%, cotadas a R$ 30,50. Confira a seguir o coment\u00e1rio das institui\u00e7\u00f5es financeiras\u00a0sobre o [&hellip;]<\/p>\n","protected":false},"author":146,"featured_media":223986,"comment_status":"closed","ping_status":"closed","sticky":false,"template":"","format":"standard","meta":[],"categories":[64],"tags":[106605,104988,399,105816,888],"suno_strategy":[],"class_list":["post-236031","post","type-post","status-publish","format-standard","has-post-thumbnail","hentry","category-negocios","tag-americanas-s-a-amer3","tag-bb-investimentos","tag-btg-pactual-bpac11-bpac3-bpac5","tag-especialistas","tag-xp-investimentos"],"yoast_head":"<!-- This site is optimized with the Yoast SEO plugin v24.4 - https:\/\/yoast.com\/wordpress\/plugins\/seo\/ -->\n<title>Americanas (AMER3): balan\u00e7o do 4T21 mostra resili\u00eancia, dizem analistas<\/title>\n<meta name=\"description\" content=\"A\u00a0Americanas\u00a0(AMER3) registrou\u00a0lucro l\u00edquido no 4T21 de R$ 489,7 mi, alta de 20,5% na compara\u00e7\u00e3o anual. Veja a an\u00e1lise do balan\u00e7o da empresa.\" \/>\n<meta name=\"robots\" content=\"index, follow, max-snippet:-1, max-image-preview:large, max-video-preview:-1\" \/>\n<link rel=\"canonical\" href=\"https:\/\/www.suno.com.br\/noticias\/americanas-amer3-resultado-4t21-resiliencia-analise\/\" \/>\n<meta property=\"og:locale\" content=\"pt_BR\" \/>\n<meta property=\"og:type\" content=\"article\" \/>\n<meta property=\"og:title\" content=\"Americanas (AMER3): balan\u00e7o do 4T21 mostra resili\u00eancia, dizem analistas\" \/>\n<meta property=\"og:description\" content=\"A\u00a0Americanas\u00a0(AMER3) registrou\u00a0lucro l\u00edquido no 4T21 de R$ 489,7 mi, alta de 20,5% na compara\u00e7\u00e3o anual. Veja a an\u00e1lise do balan\u00e7o da empresa.\" \/>\n<meta property=\"og:url\" content=\"https:\/\/www.suno.com.br\/noticias\/americanas-amer3-resultado-4t21-resiliencia-analise\/\" \/>\n<meta property=\"og:site_name\" content=\"Suno Not\u00edcias\" \/>\n<meta property=\"article:publisher\" content=\"https:\/\/facebook.com\/sunoresearch\" \/>\n<meta property=\"og:image\" content=\"https:\/\/files.sunoresearch.com.br\/n\/uploads\/2022\/01\/Foto-APP-Americanas-scaled.jpg\" \/>\n\t<meta property=\"og:image:width\" content=\"2560\" \/>\n\t<meta property=\"og:image:height\" content=\"1707\" \/>\n\t<meta property=\"og:image:type\" content=\"image\/jpeg\" \/>\n<meta name=\"author\" content=\"Vict\u00f3ria Anhesini\" \/>\n<meta name=\"twitter:card\" content=\"summary_large_image\" \/>\n<meta name=\"twitter:creator\" content=\"@sunoresearch\" \/>\n<meta name=\"twitter:site\" content=\"@sunoresearch\" \/>\n<meta name=\"twitter:label1\" content=\"Escrito por\" \/>\n\t<meta name=\"twitter:data1\" content=\"Vict\u00f3ria Anhesini\" \/>\n\t<meta name=\"twitter:label2\" content=\"Est. tempo de leitura\" \/>\n\t<meta name=\"twitter:data2\" content=\"5 minutos\" \/>\n<script type=\"application\/ld+json\" class=\"yoast-schema-graph\">{\"@context\":\"https:\/\/schema.org\",\"@graph\":[{\"@type\":\"NewsArticle\",\"@id\":\"https:\/\/www.suno.com.br\/noticias\/americanas-amer3-resultado-4t21-resiliencia-analise\/#article\",\"isPartOf\":{\"@id\":\"https:\/\/www.suno.com.br\/noticias\/americanas-amer3-resultado-4t21-resiliencia-analise\/\"},\"author\":{\"name\":\"Vict\u00f3ria Anhesini\",\"@id\":\"https:\/\/www.suno.com.br\/noticias\/#\/schema\/person\/46d847cb19ad53fde0857adca989c23f\"},\"headline\":\"Americanas (AMER3): resultado do 4T21 n\u00e3o surpreende, mas mostra resili\u00eancia; confira opini\u00f5es de analistas\",\"datePublished\":\"2022-02-26T00:34:52+00:00\",\"dateModified\":\"2022-02-26T00:35:16+00:00\",\"mainEntityOfPage\":{\"@id\":\"https:\/\/www.suno.com.br\/noticias\/americanas-amer3-resultado-4t21-resiliencia-analise\/\"},\"wordCount\":1023,\"publisher\":{\"@id\":\"https:\/\/www.suno.com.br\/noticias\/#organization\"},\"image\":{\"@id\":\"https:\/\/www.suno.com.br\/noticias\/americanas-amer3-resultado-4t21-resiliencia-analise\/#primaryimage\"},\"thumbnailUrl\":\"https:\/\/files.sunoresearch.com.br\/n\/uploads\/2022\/01\/Foto-APP-Americanas-scaled.jpg\",\"keywords\":[\"Americanas (AMER3)\",\"BB Investimentos\",\"BTG Pactual (BPAC11\/BPAC3\/BPAC5)\",\"Especialistas\",\"XP Investimentos\"],\"articleSection\":[\"Neg\u00f3cios\"],\"inLanguage\":\"pt-BR\"},{\"@type\":\"WebPage\",\"@id\":\"https:\/\/www.suno.com.br\/noticias\/americanas-amer3-resultado-4t21-resiliencia-analise\/\",\"url\":\"https:\/\/www.suno.com.br\/noticias\/americanas-amer3-resultado-4t21-resiliencia-analise\/\",\"name\":\"Americanas (AMER3): balan\u00e7o do 4T21 mostra resili\u00eancia, dizem analistas\",\"isPartOf\":{\"@id\":\"https:\/\/www.suno.com.br\/noticias\/#website\"},\"primaryImageOfPage\":{\"@id\":\"https:\/\/www.suno.com.br\/noticias\/americanas-amer3-resultado-4t21-resiliencia-analise\/#primaryimage\"},\"image\":{\"@id\":\"https:\/\/www.suno.com.br\/noticias\/americanas-amer3-resultado-4t21-resiliencia-analise\/#primaryimage\"},\"thumbnailUrl\":\"https:\/\/files.sunoresearch.com.br\/n\/uploads\/2022\/01\/Foto-APP-Americanas-scaled.jpg\",\"datePublished\":\"2022-02-26T00:34:52+00:00\",\"dateModified\":\"2022-02-26T00:35:16+00:00\",\"description\":\"A\u00a0Americanas\u00a0(AMER3) registrou\u00a0lucro l\u00edquido no 4T21 de R$ 489,7 mi, alta de 20,5% na compara\u00e7\u00e3o anual. Veja a an\u00e1lise do balan\u00e7o da empresa.\",\"breadcrumb\":{\"@id\":\"https:\/\/www.suno.com.br\/noticias\/americanas-amer3-resultado-4t21-resiliencia-analise\/#breadcrumb\"},\"inLanguage\":\"pt-BR\",\"potentialAction\":[{\"@type\":\"ReadAction\",\"target\":[\"https:\/\/www.suno.com.br\/noticias\/americanas-amer3-resultado-4t21-resiliencia-analise\/\"]}]},{\"@type\":\"ImageObject\",\"inLanguage\":\"pt-BR\",\"@id\":\"https:\/\/www.suno.com.br\/noticias\/americanas-amer3-resultado-4t21-resiliencia-analise\/#primaryimage\",\"url\":\"https:\/\/files.sunoresearch.com.br\/n\/uploads\/2022\/01\/Foto-APP-Americanas-scaled.jpg\",\"contentUrl\":\"https:\/\/files.sunoresearch.com.br\/n\/uploads\/2022\/01\/Foto-APP-Americanas-scaled.jpg\",\"width\":2560,\"height\":1707,\"caption\":\"Americanas. Foto: Divulga\u00e7\u00e3o\"},{\"@type\":\"BreadcrumbList\",\"@id\":\"https:\/\/www.suno.com.br\/noticias\/americanas-amer3-resultado-4t21-resiliencia-analise\/#breadcrumb\",\"itemListElement\":[{\"@type\":\"ListItem\",\"position\":1,\"name\":\"Not\u00edcias\",\"item\":\"https:\/\/www.suno.com.br\/noticias\/\"},{\"@type\":\"ListItem\",\"position\":2,\"name\":\"Neg\u00f3cios\",\"item\":\"https:\/\/www.suno.com.br\/noticias\/negocios\/\"},{\"@type\":\"ListItem\",\"position\":3,\"name\":\"Americanas (AMER3): resultado do 4T21 n\u00e3o surpreende, mas mostra resili\u00eancia; confira opini\u00f5es de analistas\"}]},{\"@type\":\"WebSite\",\"@id\":\"https:\/\/www.suno.com.br\/noticias\/#website\",\"url\":\"https:\/\/www.suno.com.br\/noticias\/\",\"name\":\"Suno Not\u00edcias\",\"description\":\"Seu portal de informa\u00e7\u00e3o sobre o mundo dos investimentos\",\"publisher\":{\"@id\":\"https:\/\/www.suno.com.br\/noticias\/#organization\"},\"potentialAction\":[{\"@type\":\"SearchAction\",\"target\":{\"@type\":\"EntryPoint\",\"urlTemplate\":\"https:\/\/www.suno.com.br\/noticias\/?s={search_term_string}\"},\"query-input\":{\"@type\":\"PropertyValueSpecification\",\"valueRequired\":true,\"valueName\":\"search_term_string\"}}],\"inLanguage\":\"pt-BR\"},{\"@type\":\"Organization\",\"@id\":\"https:\/\/www.suno.com.br\/noticias\/#organization\",\"name\":\"Suno Not\u00edcias\",\"url\":\"https:\/\/www.suno.com.br\/noticias\/\",\"logo\":{\"@type\":\"ImageObject\",\"inLanguage\":\"pt-BR\",\"@id\":\"https:\/\/www.suno.com.br\/noticias\/#\/schema\/logo\/image\/\",\"url\":\"https:\/\/files.sunoresearch.com.br\/n\/uploads\/2021\/09\/suno-logo.png\",\"contentUrl\":\"https:\/\/files.sunoresearch.com.br\/n\/uploads\/2021\/09\/suno-logo.png\",\"width\":180,\"height\":180,\"caption\":\"Suno Not\u00edcias\"},\"image\":{\"@id\":\"https:\/\/www.suno.com.br\/noticias\/#\/schema\/logo\/image\/\"},\"sameAs\":[\"https:\/\/facebook.com\/sunoresearch\",\"https:\/\/x.com\/sunoresearch\",\"https:\/\/www.instagram.com\/suno\",\"https:\/\/www.linkedin.com\/company\/suno-research\/\",\"https:\/\/www.youtube.com\/c\/sunoresearch\"]},{\"@type\":\"Person\",\"@id\":\"https:\/\/www.suno.com.br\/noticias\/#\/schema\/person\/46d847cb19ad53fde0857adca989c23f\",\"name\":\"Vict\u00f3ria Anhesini\",\"image\":{\"@type\":\"ImageObject\",\"inLanguage\":\"pt-BR\",\"@id\":\"https:\/\/www.suno.com.br\/noticias\/#\/schema\/person\/image\/\",\"url\":\"https:\/\/secure.gravatar.com\/avatar\/0172bdfcd9129dd9dd68794804304e6e?s=96&r=g\",\"contentUrl\":\"https:\/\/secure.gravatar.com\/avatar\/0172bdfcd9129dd9dd68794804304e6e?s=96&r=g\",\"caption\":\"Vict\u00f3ria Anhesini\"},\"description\":\"Rep\u00f3rter no Suno Not\u00edcias, cobre mercados, neg\u00f3cios e economia, escrevendo majoritariamente sobre movimentos das empresas, cobertura de balan\u00e7os trimestrais e Bolsa de Valores. Formada em jornalismo pela Universidade Presbiteriana Mackenzie em 2019, passou pelo portal de economia e finan\u00e7as EuQueroInvestir como rep\u00f3rter e anteriormente, trabalhou na assessoria de imprensa PinePR, onde liderou com startups de inova\u00e7\u00e3o, tecnologia e finan\u00e7as. Em seu tempo livre, fala sobre m\u00fasica para ambos os sites do selo ForMusic, Wikimetal e Mad Sound, e faz trabalho volunt\u00e1rio no programa Escreve Cartas do Poupatempo.\",\"sameAs\":[\"https:\/\/www.linkedin.com\/in\/victoria-anhesini\/\"],\"url\":\"https:\/\/www.suno.com.br\/noticias\/author\/victoria\/\"}]}<\/script>\n<!-- \/ Yoast SEO plugin. -->","yoast_head_json":{"title":"Americanas (AMER3): balan\u00e7o do 4T21 mostra resili\u00eancia, dizem analistas","description":"A\u00a0Americanas\u00a0(AMER3) registrou\u00a0lucro l\u00edquido no 4T21 de R$ 489,7 mi, alta de 20,5% na compara\u00e7\u00e3o anual. Veja a an\u00e1lise do balan\u00e7o da empresa.","robots":{"index":"index","follow":"follow","max-snippet":"max-snippet:-1","max-image-preview":"max-image-preview:large","max-video-preview":"max-video-preview:-1"},"canonical":"https:\/\/www.suno.com.br\/noticias\/americanas-amer3-resultado-4t21-resiliencia-analise\/","og_locale":"pt_BR","og_type":"article","og_title":"Americanas (AMER3): balan\u00e7o do 4T21 mostra resili\u00eancia, dizem analistas","og_description":"A\u00a0Americanas\u00a0(AMER3) registrou\u00a0lucro l\u00edquido no 4T21 de R$ 489,7 mi, alta de 20,5% na compara\u00e7\u00e3o anual. Veja a an\u00e1lise do balan\u00e7o da empresa.","og_url":"https:\/\/www.suno.com.br\/noticias\/americanas-amer3-resultado-4t21-resiliencia-analise\/","og_site_name":"Suno Not\u00edcias","article_publisher":"https:\/\/facebook.com\/sunoresearch","og_image":[{"width":2560,"height":1707,"url":"https:\/\/files.sunoresearch.com.br\/n\/uploads\/2022\/01\/Foto-APP-Americanas-scaled.jpg","type":"image\/jpeg"}],"author":"Vict\u00f3ria Anhesini","twitter_card":"summary_large_image","twitter_creator":"@sunoresearch","twitter_site":"@sunoresearch","twitter_misc":{"Escrito por":"Vict\u00f3ria Anhesini","Est. tempo de leitura":"5 minutos"},"schema":{"@context":"https:\/\/schema.org","@graph":[{"@type":"NewsArticle","@id":"https:\/\/www.suno.com.br\/noticias\/americanas-amer3-resultado-4t21-resiliencia-analise\/#article","isPartOf":{"@id":"https:\/\/www.suno.com.br\/noticias\/americanas-amer3-resultado-4t21-resiliencia-analise\/"},"author":{"name":"Vict\u00f3ria Anhesini","@id":"https:\/\/www.suno.com.br\/noticias\/#\/schema\/person\/46d847cb19ad53fde0857adca989c23f"},"headline":"Americanas (AMER3): resultado do 4T21 n\u00e3o surpreende, mas mostra resili\u00eancia; confira opini\u00f5es de analistas","datePublished":"2022-02-26T00:34:52+00:00","dateModified":"2022-02-26T00:35:16+00:00","mainEntityOfPage":{"@id":"https:\/\/www.suno.com.br\/noticias\/americanas-amer3-resultado-4t21-resiliencia-analise\/"},"wordCount":1023,"publisher":{"@id":"https:\/\/www.suno.com.br\/noticias\/#organization"},"image":{"@id":"https:\/\/www.suno.com.br\/noticias\/americanas-amer3-resultado-4t21-resiliencia-analise\/#primaryimage"},"thumbnailUrl":"https:\/\/files.sunoresearch.com.br\/n\/uploads\/2022\/01\/Foto-APP-Americanas-scaled.jpg","keywords":["Americanas (AMER3)","BB Investimentos","BTG Pactual (BPAC11\/BPAC3\/BPAC5)","Especialistas","XP Investimentos"],"articleSection":["Neg\u00f3cios"],"inLanguage":"pt-BR"},{"@type":"WebPage","@id":"https:\/\/www.suno.com.br\/noticias\/americanas-amer3-resultado-4t21-resiliencia-analise\/","url":"https:\/\/www.suno.com.br\/noticias\/americanas-amer3-resultado-4t21-resiliencia-analise\/","name":"Americanas (AMER3): balan\u00e7o do 4T21 mostra resili\u00eancia, dizem analistas","isPartOf":{"@id":"https:\/\/www.suno.com.br\/noticias\/#website"},"primaryImageOfPage":{"@id":"https:\/\/www.suno.com.br\/noticias\/americanas-amer3-resultado-4t21-resiliencia-analise\/#primaryimage"},"image":{"@id":"https:\/\/www.suno.com.br\/noticias\/americanas-amer3-resultado-4t21-resiliencia-analise\/#primaryimage"},"thumbnailUrl":"https:\/\/files.sunoresearch.com.br\/n\/uploads\/2022\/01\/Foto-APP-Americanas-scaled.jpg","datePublished":"2022-02-26T00:34:52+00:00","dateModified":"2022-02-26T00:35:16+00:00","description":"A\u00a0Americanas\u00a0(AMER3) registrou\u00a0lucro l\u00edquido no 4T21 de R$ 489,7 mi, alta de 20,5% na compara\u00e7\u00e3o anual. Veja a an\u00e1lise do balan\u00e7o da empresa.","breadcrumb":{"@id":"https:\/\/www.suno.com.br\/noticias\/americanas-amer3-resultado-4t21-resiliencia-analise\/#breadcrumb"},"inLanguage":"pt-BR","potentialAction":[{"@type":"ReadAction","target":["https:\/\/www.suno.com.br\/noticias\/americanas-amer3-resultado-4t21-resiliencia-analise\/"]}]},{"@type":"ImageObject","inLanguage":"pt-BR","@id":"https:\/\/www.suno.com.br\/noticias\/americanas-amer3-resultado-4t21-resiliencia-analise\/#primaryimage","url":"https:\/\/files.sunoresearch.com.br\/n\/uploads\/2022\/01\/Foto-APP-Americanas-scaled.jpg","contentUrl":"https:\/\/files.sunoresearch.com.br\/n\/uploads\/2022\/01\/Foto-APP-Americanas-scaled.jpg","width":2560,"height":1707,"caption":"Americanas. Foto: Divulga\u00e7\u00e3o"},{"@type":"BreadcrumbList","@id":"https:\/\/www.suno.com.br\/noticias\/americanas-amer3-resultado-4t21-resiliencia-analise\/#breadcrumb","itemListElement":[{"@type":"ListItem","position":1,"name":"Not\u00edcias","item":"https:\/\/www.suno.com.br\/noticias\/"},{"@type":"ListItem","position":2,"name":"Neg\u00f3cios","item":"https:\/\/www.suno.com.br\/noticias\/negocios\/"},{"@type":"ListItem","position":3,"name":"Americanas (AMER3): resultado do 4T21 n\u00e3o surpreende, mas mostra resili\u00eancia; confira opini\u00f5es de analistas"}]},{"@type":"WebSite","@id":"https:\/\/www.suno.com.br\/noticias\/#website","url":"https:\/\/www.suno.com.br\/noticias\/","name":"Suno Not\u00edcias","description":"Seu portal de informa\u00e7\u00e3o sobre o mundo dos investimentos","publisher":{"@id":"https:\/\/www.suno.com.br\/noticias\/#organization"},"potentialAction":[{"@type":"SearchAction","target":{"@type":"EntryPoint","urlTemplate":"https:\/\/www.suno.com.br\/noticias\/?s={search_term_string}"},"query-input":{"@type":"PropertyValueSpecification","valueRequired":true,"valueName":"search_term_string"}}],"inLanguage":"pt-BR"},{"@type":"Organization","@id":"https:\/\/www.suno.com.br\/noticias\/#organization","name":"Suno Not\u00edcias","url":"https:\/\/www.suno.com.br\/noticias\/","logo":{"@type":"ImageObject","inLanguage":"pt-BR","@id":"https:\/\/www.suno.com.br\/noticias\/#\/schema\/logo\/image\/","url":"https:\/\/files.sunoresearch.com.br\/n\/uploads\/2021\/09\/suno-logo.png","contentUrl":"https:\/\/files.sunoresearch.com.br\/n\/uploads\/2021\/09\/suno-logo.png","width":180,"height":180,"caption":"Suno Not\u00edcias"},"image":{"@id":"https:\/\/www.suno.com.br\/noticias\/#\/schema\/logo\/image\/"},"sameAs":["https:\/\/facebook.com\/sunoresearch","https:\/\/x.com\/sunoresearch","https:\/\/www.instagram.com\/suno","https:\/\/www.linkedin.com\/company\/suno-research\/","https:\/\/www.youtube.com\/c\/sunoresearch"]},{"@type":"Person","@id":"https:\/\/www.suno.com.br\/noticias\/#\/schema\/person\/46d847cb19ad53fde0857adca989c23f","name":"Vict\u00f3ria Anhesini","image":{"@type":"ImageObject","inLanguage":"pt-BR","@id":"https:\/\/www.suno.com.br\/noticias\/#\/schema\/person\/image\/","url":"https:\/\/secure.gravatar.com\/avatar\/0172bdfcd9129dd9dd68794804304e6e?s=96&r=g","contentUrl":"https:\/\/secure.gravatar.com\/avatar\/0172bdfcd9129dd9dd68794804304e6e?s=96&r=g","caption":"Vict\u00f3ria Anhesini"},"description":"Rep\u00f3rter no Suno Not\u00edcias, cobre mercados, neg\u00f3cios e economia, escrevendo majoritariamente sobre movimentos das empresas, cobertura de balan\u00e7os trimestrais e Bolsa de Valores. Formada em jornalismo pela Universidade Presbiteriana Mackenzie em 2019, passou pelo portal de economia e finan\u00e7as EuQueroInvestir como rep\u00f3rter e anteriormente, trabalhou na assessoria de imprensa PinePR, onde liderou com startups de inova\u00e7\u00e3o, tecnologia e finan\u00e7as. Em seu tempo livre, fala sobre m\u00fasica para ambos os sites do selo ForMusic, Wikimetal e Mad Sound, e faz trabalho volunt\u00e1rio no programa Escreve Cartas do Poupatempo.","sameAs":["https:\/\/www.linkedin.com\/in\/victoria-anhesini\/"],"url":"https:\/\/www.suno.com.br\/noticias\/author\/victoria\/"}]}},"default_loop_html":"<div class=\"cardsPage__listCard__boxs\"><div class=\"cardsPage__listCard__boxs__img\"><a href=\"https:\/\/www.suno.com.br\/noticias\/americanas-amer3-resultado-4t21-resiliencia-analise\/\"><img class=\"mask\" src=\"https:\/\/www.suno.com.br\/noticias\/wp-content\/themes\/suno\/resources\/images\/spotlight\/spotlight1img\/bg-mask.png\" alt=\"Image Mask\"\/><img src=\"https:\/\/files.sunoresearch.com.br\/n\/uploads\/2022\/01\/Foto-APP-Americanas-400x200.jpg\" alt=\"Americanas (AMER3): resultado do 4T21 n\u00e3o surpreende, mas mostra resili\u00eancia; confira opini\u00f5es de analistas\"\/><\/a><span class=\"spotlightCategory\"><a href=\"https:\/\/www.suno.com.br\/noticias\/negocios\/\">Neg\u00f3cios<\/a><\/span><\/div><div class=\"cardsPage__listCard__boxs__content\"><a href=\"https:\/\/www.suno.com.br\/noticias\/americanas-amer3-resultado-4t21-resiliencia-analise\/\"><h2 class=\"content__title\">Americanas (AMER3): resultado do 4T21 n\u00e3o surpreende, mas mostra resili\u00eancia; confira opini\u00f5es de analistas<\/h2><\/a><div class=\"newsContent__article__meta\"><div class=\"newsContent__article__meta__authorBox\"><a href=\"https:\/\/www.suno.com.br\/noticias\/author\/victoria\/\" class=\"authorBox__avatar noMobi\"><img src=\"https:\/\/files.sunoresearch.com.br\/n\/uploads\/2021\/12\/20190129VickyPINEAPPLE01-1-150x150.jpg\" alt=\"Vict\u00f3ria Anhesini\"><\/a><div class=\"authorBox__name\"><span>por\n\t\t\t<a href=\"https:\/\/www.suno.com.br\/noticias\/author\/victoria\/\"><span itemprop=\"author\">Vict\u00f3ria Anhesini<\/span><\/a><\/span><time datetime=\"2022-02-25T21:34:52-03:00\" itemprop=\"datePublished\">25\/02\/2022 21:34<\/time><\/div><\/div><\/div><\/div><\/div>","single_layout":"posts","amp_enabled":true,"_links":{"self":[{"href":"https:\/\/www.suno.com.br\/noticias\/wp-json\/wp\/v2\/posts\/236031"}],"collection":[{"href":"https:\/\/www.suno.com.br\/noticias\/wp-json\/wp\/v2\/posts"}],"about":[{"href":"https:\/\/www.suno.com.br\/noticias\/wp-json\/wp\/v2\/types\/post"}],"author":[{"embeddable":true,"href":"https:\/\/www.suno.com.br\/noticias\/wp-json\/wp\/v2\/users\/146"}],"replies":[{"embeddable":true,"href":"https:\/\/www.suno.com.br\/noticias\/wp-json\/wp\/v2\/comments?post=236031"}],"version-history":[{"count":3,"href":"https:\/\/www.suno.com.br\/noticias\/wp-json\/wp\/v2\/posts\/236031\/revisions"}],"predecessor-version":[{"id":236163,"href":"https:\/\/www.suno.com.br\/noticias\/wp-json\/wp\/v2\/posts\/236031\/revisions\/236163"}],"wp:featuredmedia":[{"embeddable":true,"href":"https:\/\/www.suno.com.br\/noticias\/wp-json\/wp\/v2\/media\/223986"}],"wp:attachment":[{"href":"https:\/\/www.suno.com.br\/noticias\/wp-json\/wp\/v2\/media?parent=236031"}],"wp:term":[{"taxonomy":"category","embeddable":true,"href":"https:\/\/www.suno.com.br\/noticias\/wp-json\/wp\/v2\/categories?post=236031"},{"taxonomy":"post_tag","embeddable":true,"href":"https:\/\/www.suno.com.br\/noticias\/wp-json\/wp\/v2\/tags?post=236031"},{"taxonomy":"suno_strategy","embeddable":true,"href":"https:\/\/www.suno.com.br\/noticias\/wp-json\/wp\/v2\/suno_strategy?post=236031"}],"curies":[{"name":"wp","href":"https:\/\/api.w.org\/{rel}","templated":true}]}}