{"id":236014,"date":"2022-02-25T17:42:27","date_gmt":"2022-02-25T20:42:27","guid":{"rendered":"https:\/\/www.suno.com.br\/noticias\/?p=236014"},"modified":"2022-02-25T17:52:54","modified_gmt":"2022-02-25T20:52:54","slug":"otan-ucrania-russia-paises-aliados","status":"publish","type":"post","link":"https:\/\/www.suno.com.br\/noticias\/otan-ucrania-russia-paises-aliados\/","title":{"rendered":"Otan v\u00ea riscos para os pa\u00edses pr\u00f3ximos da Ucr\u00e2nia e diz que R\u00fassia quer derrubar governo em Kiev"},"content":{"rendered":"<p>O secret\u00e1rio-geral da <strong>Otan<\/strong> (Organiza\u00e7\u00e3o do Tratado Atl\u00e2ntico Norte), Jens Stoltenberg, afirmou que o bloco se preocupa que o ataque da R\u00fassia \u00e0 Ucr\u00e2nia se espalhe para al\u00e9m do territ\u00f3rio ucraniano, atingindo pa\u00edses vizinhos, disse em coletiva de imprensa desta sexta-feira (25).<\/p>\t<div class=\"wrapper-featured-image\">\n\t\t<figure class=\"spotlightImg\">\n\n\t\t\t<picture>\n\t\t\t\t<source media=\"(max-width: 768px)\" srcset=\"https:\/\/files.sunoresearch.com.br\/n\/uploads\/2022\/02\/image-6046827-400x200.jpg\">\n\t\t\t\t<img loading=\"lazy\" decoding=\"async\" class=\"newsContent__article__imgCapa lazyloadDisabled \" src=\"https:\/\/files.sunoresearch.com.br\/n\/uploads\/2022\/02\/image-6046827-800x450.jpg\" width=\"800\" height=\"450\" alt=\"Otan v\u00ea riscos para os pa\u00edses pr\u00f3ximos da Ucr\u00e2nia e diz que R\u00fassia quer derrubar governo em Kiev\" fetchpriority=high \/>\n\t\t\t<\/picture>\n\n\t\t\t<figcaption class=\"wp-caption-text wp-caption-text--show\">Crise entre Ucr\u00e2nia e R\u00fassia. Foto: Pixabay.<\/figcaption>\n\t\t<\/figure>\n\t<\/div>\n\n\n\t<p>\n\t\t<a href=\"https:\/\/lp.suno.com.br\/planilha-controle-gastos\/\" target=\"_blank\" data-element=\"shortcode-suno-banner\" title=\"Banner SUNO, clique e saiba mais\">\n\t\t\t<picture>\n\t\t\t\t<source media=\"(max-width: 500px)\" srcset=\"https:\/\/files.sunoresearch.com.br\/n\/uploads\/2023\/03\/400x300-Planilha-controle-de-gastos.png\">\n\t\t\t\t<img class=\"newsContent__article__imgCapa newsContent__article__imgCapa--banner\"\n\t\t\t\t\tsrc=\"https:\/\/files.sunoresearch.com.br\/n\/uploads\/2023\/03\/1420x240-Planilha-controle-de-gastos.png\"\n\t\t\t\t\tdata-promo-id=\"101751\"\t\t\t\t\t\t\t\t\t\twidth='1420' height='240'\t\t\t\t\talt=\"https:\/\/files.sunoresearch.com.br\/n\/uploads\/2023\/03\/1420x240-Planilha-controle-de-gastos.png\"\n\t\t\t\t>\n\t\t\t<\/picture>\n\t\t<\/a>\n\t<\/p>\n\n\n<p>Diante do risco, a Otan enviou soldados para os pa\u00edses aliados, com o objetivo de conter essa expans\u00e3o, caso ela aconte\u00e7a. &#8220;\u00c9 por isso que estamos enviando mais soldados, para garantir que a guerra que acontece na Ucr\u00e2nia n\u00e3o se espalhe para outros pa\u00edses da Otan&#8221;, afirmou <strong>Jens Stoltenberg<\/strong>.<\/p>\n<p>Stoltenberg afirmou que a Otan fortaleceu sua capacidade de defesa, tem ativado os planos de defesa de seus aliados e mobilizado elementos da for\u00e7a de resposta para mar, terra e ar. &#8220;Os Estados Unidos, Canad\u00e1 e aliados europeus j\u00e1 mobilizaram milhares de soldados para a parte leste da alian\u00e7a&#8221;. Doze a 15 mil soldados estariam posicionados na regi\u00e3o.<\/p>\n<p>Em seu pronunciamento, o secret\u00e1rio-geral afirmou &#8220;apoio \u00e0 Ucr\u00e2nia&#8221;, que est\u00e1 sob ataque &#8220;por terra, ar e mar&#8221;, afirmou. Stoltenberg tamb\u00e9m falou que o bloco pretende ajudar a Ucr\u00e2nia com suprimentos e equipamentos de primeiros-socorros, sem mencionar envios de soldados ou outras formas de ajuda militar.<\/p>\n<p>Ontem (24), o presidente da Ucr\u00e2nia, <strong>Volodymyr Zelensky<\/strong>, disse, em pronunciamento oficial, que seu pa\u00eds foi abandonado e que ningu\u00e9m mais est\u00e1 disposto a ajud\u00e1-los.<\/p>\n<blockquote><p>&#8220;Quem est\u00e1 disposto a lutar conosco? N\u00e3o vejo ningu\u00e9m. Quem est\u00e1 disposto a dar \u00e0 Ucr\u00e2nia uma garantia de ades\u00e3o \u00e0 Otan? Todos est\u00e3o com medo&#8221;, afirmou.<\/p><\/blockquote>\n<p>Um dos motivos para a eclos\u00e3o da guerra entre R\u00fassia e Ucr\u00e2nia foi a inten\u00e7\u00e3o do pa\u00eds de Zelensky de integrar a <strong>Organiza\u00e7\u00e3o do Tratado Atl\u00e2ntico Norte<\/strong>.<\/p>\n<p>Durante a madrugada desta sexta, as autoridades ucranianas informaram que a capital Kiev foi alvo de explos\u00f5es e diversos territ\u00f3rios do pa\u00eds j\u00e1 foram tomados pelo <strong>Ex\u00e9rcito russo<\/strong>, que \u00e9 cerca de cinco vezes maior do que o da Ucr\u00e2nia.<\/p>\n<figure id=\"attachment_236048\" aria-describedby=\"caption-attachment-236048\" style=\"width: 743px\" class=\"wp-caption alignnone\"><img loading=\"lazy\" decoding=\"async\" class=\"size-full wp-image-236048\" src=\"https:\/\/files.sunoresearch.com.br\/n\/uploads\/2022\/02\/guerra_russia_ucrania.jpg\" alt=\"Ataques da R\u00fassia na Ucr\u00e2nia. Fonte: New York Times\" width=\"743\" height=\"483\" srcset=\"https:\/\/files.sunoresearch.com.br\/n\/uploads\/2022\/02\/guerra_russia_ucrania.jpg 743w, https:\/\/files.sunoresearch.com.br\/n\/uploads\/2022\/02\/guerra_russia_ucrania-300x195.jpg 300w, https:\/\/files.sunoresearch.com.br\/n\/uploads\/2022\/02\/guerra_russia_ucrania-150x98.jpg 150w\" sizes=\"(max-width: 743px) 100vw, 743px\" \/><figcaption id=\"caption-attachment-236048\" class=\"wp-caption-text\">Ataques da R\u00fassia na Ucr\u00e2nia. Fonte: New York Times<\/figcaption><\/figure>\n<h2>Aliados da Otan recebem prote\u00e7\u00e3o<\/h2>\n<p>A Otan se movimentou para proteger o territ\u00f3rio dos seus aliados. &#8220;Temos destacado for\u00e7as defensivas terrestres e a\u00e9reas na parte oriental da alian\u00e7a, al\u00e9m de recursos mar\u00edtimos em toda a \u00e1rea da Otan&#8221;, diz um comunicado enviado \u00e0 imprensa internacional.<\/p>\n<p>Segundo o documento, Estados Unidos, Canad\u00e1 e pa\u00edses europeus participaram da a\u00e7\u00e3o. Foram enviados mais de 100 jets para operar em mais de 30 localidades diferentes, al\u00e9m de 120 navios da regi\u00e3o norte do Mediterr\u00e2neo, que conta com tr\u00eas grupos de ataque.<\/p>\n<p>&#8220;N\u00e3o deve haver espa\u00e7o para erros de c\u00e1lculo ou compreens\u00f5es equivocadas&#8221;, disse Stoltenberg.<\/p>\n<p>O secret\u00e1rio-geral da <strong>Otan<\/strong> classifica o movimento como uma &#8220;for\u00e7a de resposta&#8221; para regi\u00f5es pr\u00f3ximas \u00e0 Ucr\u00e2nia, De acordo com o Stoltenberg, a organiza\u00e7\u00e3o n\u00e3o tem inten\u00e7\u00e3o de provocar o conflito, mas sim &#8220;prevenir o conflito&#8221;.<\/p>\n<h2><strong>Otan afirma que R\u00fassia pretende derrubar o governo da Ucr\u00e2nia<\/strong><\/h2>\n<p>O s<strong>ecret\u00e1rio-geral da Otan<\/strong> disse tamb\u00e9m que o avan\u00e7o das tropas do ex\u00e9rcito russo em dire\u00e7\u00e3o a Kiev, capital da Ucr\u00e2nia, tem como objetivo remover o presidente eleito democraticamente e mudar o <strong>governo na Ucr\u00e2nia<\/strong>.<\/p>\n<p>&#8220;O povo russo tem que saber que a guerra contra a Ucr\u00e2nia n\u00e3o vai tornar a<strong> R\u00fassia<\/strong> mais segura nem vai fazer o pa\u00eds ser mais respeitado no mundo&#8221;, disse Stoltenberg, que reafirmou total apoio da Otan \u00e0 Ucr\u00e2nia.<\/p>\n<p>O secret\u00e1rio-geral da <strong>alian\u00e7a militar <\/strong>disse ainda que R\u00fassia e Belarus ter\u00e3o de pagar por suas a\u00e7\u00f5es. &#8220;R\u00fassia como invasor e Belarus como facilitador&#8221;. Belarus tem fronteira ao Norte com a Ucr\u00e2nia e m\u00edsseis e tanques russos t\u00eam invadido a Ucr\u00e2nia vindo de Belarus.<\/p>\n<p>Stoltenberg avalia que a decis\u00e3o do presidente russo de levar adiante a agress\u00e3o contra a Ucr\u00e2nia \u00e9 um erro terr\u00edvel do ponto de vista estrat\u00e9gico e que a R\u00fassia vai pagar um pre\u00e7o muito alto nos pr\u00f3ximos anos. &#8220;Otan e Uni\u00e3o Europeia j\u00e1 adotaram san\u00e7\u00f5es significativas e nossos parceiros ao redor do mundo est\u00e3o se unindo a n\u00f3s&#8221;, disse.<\/p>\n<p>O representante da Otan disse ainda que as for\u00e7as ucranianas est\u00e3o lutando de forma corajosa e provocando perdas do lado russo.<\/p>\n<p>O secret\u00e1rio-geral da <strong>Otan<\/strong> refor\u00e7ou ainda o apoio militar, financeiro e de defesa cibern\u00e9tica da Otan \u00e0 Ucr\u00e2nia.<\/p>\n\t<p>\n\t\t<a href=\"https:\/\/lp.suno.com.br\/planilha-de-controle-de-investimentos\/\" target=\"_blank\" data-element=\"shortcode-suno-banner\" title=\"Banner SUNO, clique e saiba mais\">\n\t\t\t<picture>\n\t\t\t\t<source media=\"(max-width: 500px)\" srcset=\"https:\/\/files.sunoresearch.com.br\/n\/uploads\/2023\/03\/400x300-Controle-de-Investimentos.png\">\n\t\t\t\t<img class=\"newsContent__article__imgCapa newsContent__article__imgCapa--banner\"\n\t\t\t\t\tsrc=\"https:\/\/files.sunoresearch.com.br\/n\/uploads\/2023\/03\/1420x240-Controle-de-Investimentos.png\"\n\t\t\t\t\tdata-promo-id=\"75934\"\t\t\t\t\t\t\t\t\t\twidth='1420' height='240'\t\t\t\t\talt=\"https:\/\/files.sunoresearch.com.br\/n\/uploads\/2023\/03\/1420x240-Controle-de-Investimentos.png\"\n\t\t\t\t>\n\t\t\t<\/picture>\n\t\t<\/a>\n\t<\/p>\n\n\n<p><em>Com Ag\u00eancia Brasil<\/em><\/p>\n","protected":false},"excerpt":{"rendered":"<p>O secret\u00e1rio-geral da Otan (Organiza\u00e7\u00e3o do Tratado Atl\u00e2ntico Norte), Jens Stoltenberg, afirmou que o bloco se preocupa que o ataque da R\u00fassia \u00e0 Ucr\u00e2nia se espalhe para al\u00e9m do territ\u00f3rio ucraniano, atingindo pa\u00edses vizinhos, disse em coletiva de imprensa desta sexta-feira (25). Crise entre Ucr\u00e2nia e R\u00fassia. Foto: Pixabay. Diante do risco, a Otan enviou [&hellip;]<\/p>\n","protected":false},"author":102,"featured_media":227560,"comment_status":"closed","ping_status":"closed","sticky":false,"template":"","format":"standard","meta":[],"categories":[63],"tags":[866],"suno_strategy":[],"class_list":["post-236014","post","type-post","status-publish","format-standard","has-post-thumbnail","hentry","category-internacional","tag-russia"],"yoast_head":"<!-- This site is optimized with the Yoast SEO plugin v24.4 - https:\/\/yoast.com\/wordpress\/plugins\/seo\/ -->\n<title>Otan v\u00ea riscos para os pa\u00edses pr\u00f3ximos da Ucr\u00e2nia<\/title>\n<meta name=\"description\" content=\"Em meio ao avan\u00e7o da R\u00fassia na Ucr\u00e2nia, a Otan enviou soldados para proteger os pa\u00edses vizinhos e aliados. Leia mais aqui.\" \/>\n<meta name=\"robots\" content=\"index, follow, max-snippet:-1, max-image-preview:large, max-video-preview:-1\" \/>\n<link rel=\"canonical\" href=\"https:\/\/www.suno.com.br\/noticias\/otan-ucrania-russia-paises-aliados\/\" \/>\n<meta property=\"og:locale\" content=\"pt_BR\" \/>\n<meta property=\"og:type\" content=\"article\" \/>\n<meta property=\"og:title\" content=\"Otan v\u00ea riscos para os pa\u00edses pr\u00f3ximos da Ucr\u00e2nia\" \/>\n<meta property=\"og:description\" content=\"Em meio ao avan\u00e7o da R\u00fassia na Ucr\u00e2nia, a Otan enviou soldados para proteger os pa\u00edses vizinhos e aliados. Leia mais aqui.\" \/>\n<meta property=\"og:url\" content=\"https:\/\/www.suno.com.br\/noticias\/otan-ucrania-russia-paises-aliados\/\" \/>\n<meta property=\"og:site_name\" content=\"Suno Not\u00edcias\" \/>\n<meta property=\"article:publisher\" content=\"https:\/\/facebook.com\/sunoresearch\" \/>\n<meta property=\"og:image\" content=\"https:\/\/files.sunoresearch.com.br\/n\/uploads\/2022\/02\/image-6046827-scaled.jpg\" \/>\n\t<meta property=\"og:image:width\" content=\"2560\" \/>\n\t<meta property=\"og:image:height\" content=\"1707\" \/>\n\t<meta property=\"og:image:type\" content=\"image\/jpeg\" \/>\n<meta name=\"author\" content=\"Monique Lima\" \/>\n<meta name=\"twitter:card\" content=\"summary_large_image\" \/>\n<meta name=\"twitter:creator\" content=\"@sunoresearch\" \/>\n<meta name=\"twitter:site\" content=\"@sunoresearch\" \/>\n<meta name=\"twitter:label1\" content=\"Escrito por\" \/>\n\t<meta name=\"twitter:data1\" content=\"Monique Lima\" \/>\n\t<meta name=\"twitter:label2\" content=\"Est. tempo de leitura\" \/>\n\t<meta name=\"twitter:data2\" content=\"4 minutos\" \/>\n<script type=\"application\/ld+json\" class=\"yoast-schema-graph\">{\"@context\":\"https:\/\/schema.org\",\"@graph\":[{\"@type\":\"NewsArticle\",\"@id\":\"https:\/\/www.suno.com.br\/noticias\/otan-ucrania-russia-paises-aliados\/#article\",\"isPartOf\":{\"@id\":\"https:\/\/www.suno.com.br\/noticias\/otan-ucrania-russia-paises-aliados\/\"},\"author\":{\"name\":\"Monique Lima\",\"@id\":\"https:\/\/www.suno.com.br\/noticias\/#\/schema\/person\/d712329319cc9b10f254d02d654cb36a\"},\"headline\":\"Otan v\u00ea riscos para os pa\u00edses pr\u00f3ximos da Ucr\u00e2nia e diz que R\u00fassia quer derrubar governo em Kiev\",\"datePublished\":\"2022-02-25T20:42:27+00:00\",\"dateModified\":\"2022-02-25T20:52:54+00:00\",\"mainEntityOfPage\":{\"@id\":\"https:\/\/www.suno.com.br\/noticias\/otan-ucrania-russia-paises-aliados\/\"},\"wordCount\":818,\"publisher\":{\"@id\":\"https:\/\/www.suno.com.br\/noticias\/#organization\"},\"image\":{\"@id\":\"https:\/\/www.suno.com.br\/noticias\/otan-ucrania-russia-paises-aliados\/#primaryimage\"},\"thumbnailUrl\":\"https:\/\/files.sunoresearch.com.br\/n\/uploads\/2022\/02\/image-6046827-scaled.jpg\",\"keywords\":[\"R\u00fassia\"],\"articleSection\":[\"Internacional\"],\"inLanguage\":\"pt-BR\"},{\"@type\":\"WebPage\",\"@id\":\"https:\/\/www.suno.com.br\/noticias\/otan-ucrania-russia-paises-aliados\/\",\"url\":\"https:\/\/www.suno.com.br\/noticias\/otan-ucrania-russia-paises-aliados\/\",\"name\":\"Otan v\u00ea riscos para os pa\u00edses pr\u00f3ximos da Ucr\u00e2nia\",\"isPartOf\":{\"@id\":\"https:\/\/www.suno.com.br\/noticias\/#website\"},\"primaryImageOfPage\":{\"@id\":\"https:\/\/www.suno.com.br\/noticias\/otan-ucrania-russia-paises-aliados\/#primaryimage\"},\"image\":{\"@id\":\"https:\/\/www.suno.com.br\/noticias\/otan-ucrania-russia-paises-aliados\/#primaryimage\"},\"thumbnailUrl\":\"https:\/\/files.sunoresearch.com.br\/n\/uploads\/2022\/02\/image-6046827-scaled.jpg\",\"datePublished\":\"2022-02-25T20:42:27+00:00\",\"dateModified\":\"2022-02-25T20:52:54+00:00\",\"description\":\"Em meio ao avan\u00e7o da R\u00fassia na Ucr\u00e2nia, a Otan enviou soldados para proteger os pa\u00edses vizinhos e aliados. Leia mais aqui.\",\"breadcrumb\":{\"@id\":\"https:\/\/www.suno.com.br\/noticias\/otan-ucrania-russia-paises-aliados\/#breadcrumb\"},\"inLanguage\":\"pt-BR\",\"potentialAction\":[{\"@type\":\"ReadAction\",\"target\":[\"https:\/\/www.suno.com.br\/noticias\/otan-ucrania-russia-paises-aliados\/\"]}]},{\"@type\":\"ImageObject\",\"inLanguage\":\"pt-BR\",\"@id\":\"https:\/\/www.suno.com.br\/noticias\/otan-ucrania-russia-paises-aliados\/#primaryimage\",\"url\":\"https:\/\/files.sunoresearch.com.br\/n\/uploads\/2022\/02\/image-6046827-scaled.jpg\",\"contentUrl\":\"https:\/\/files.sunoresearch.com.br\/n\/uploads\/2022\/02\/image-6046827-scaled.jpg\",\"width\":2560,\"height\":1707,\"caption\":\"Crise entre Ucr\u00e2nia e R\u00fassia. Foto: Pixabay.\"},{\"@type\":\"BreadcrumbList\",\"@id\":\"https:\/\/www.suno.com.br\/noticias\/otan-ucrania-russia-paises-aliados\/#breadcrumb\",\"itemListElement\":[{\"@type\":\"ListItem\",\"position\":1,\"name\":\"Not\u00edcias\",\"item\":\"https:\/\/www.suno.com.br\/noticias\/\"},{\"@type\":\"ListItem\",\"position\":2,\"name\":\"Internacional\",\"item\":\"https:\/\/www.suno.com.br\/noticias\/internacional\/\"},{\"@type\":\"ListItem\",\"position\":3,\"name\":\"Otan v\u00ea riscos para os pa\u00edses pr\u00f3ximos da Ucr\u00e2nia e diz que R\u00fassia quer derrubar governo em Kiev\"}]},{\"@type\":\"WebSite\",\"@id\":\"https:\/\/www.suno.com.br\/noticias\/#website\",\"url\":\"https:\/\/www.suno.com.br\/noticias\/\",\"name\":\"Suno Not\u00edcias\",\"description\":\"Seu portal de informa\u00e7\u00e3o sobre o mundo dos investimentos\",\"publisher\":{\"@id\":\"https:\/\/www.suno.com.br\/noticias\/#organization\"},\"potentialAction\":[{\"@type\":\"SearchAction\",\"target\":{\"@type\":\"EntryPoint\",\"urlTemplate\":\"https:\/\/www.suno.com.br\/noticias\/?s={search_term_string}\"},\"query-input\":{\"@type\":\"PropertyValueSpecification\",\"valueRequired\":true,\"valueName\":\"search_term_string\"}}],\"inLanguage\":\"pt-BR\"},{\"@type\":\"Organization\",\"@id\":\"https:\/\/www.suno.com.br\/noticias\/#organization\",\"name\":\"Suno Not\u00edcias\",\"url\":\"https:\/\/www.suno.com.br\/noticias\/\",\"logo\":{\"@type\":\"ImageObject\",\"inLanguage\":\"pt-BR\",\"@id\":\"https:\/\/www.suno.com.br\/noticias\/#\/schema\/logo\/image\/\",\"url\":\"https:\/\/files.sunoresearch.com.br\/n\/uploads\/2021\/09\/suno-logo.png\",\"contentUrl\":\"https:\/\/files.sunoresearch.com.br\/n\/uploads\/2021\/09\/suno-logo.png\",\"width\":180,\"height\":180,\"caption\":\"Suno Not\u00edcias\"},\"image\":{\"@id\":\"https:\/\/www.suno.com.br\/noticias\/#\/schema\/logo\/image\/\"},\"sameAs\":[\"https:\/\/facebook.com\/sunoresearch\",\"https:\/\/x.com\/sunoresearch\",\"https:\/\/www.instagram.com\/suno\",\"https:\/\/www.linkedin.com\/company\/suno-research\/\",\"https:\/\/www.youtube.com\/c\/sunoresearch\"]},{\"@type\":\"Person\",\"@id\":\"https:\/\/www.suno.com.br\/noticias\/#\/schema\/person\/d712329319cc9b10f254d02d654cb36a\",\"name\":\"Monique Lima\",\"image\":{\"@type\":\"ImageObject\",\"inLanguage\":\"pt-BR\",\"@id\":\"https:\/\/www.suno.com.br\/noticias\/#\/schema\/person\/image\/\",\"url\":\"https:\/\/secure.gravatar.com\/avatar\/daee7f16d906c2e9ffed236206ca2c30?s=96&r=g\",\"contentUrl\":\"https:\/\/secure.gravatar.com\/avatar\/daee7f16d906c2e9ffed236206ca2c30?s=96&r=g\",\"caption\":\"Monique Lima\"},\"description\":\"Rep\u00f3rter de Mercado no Suno Not\u00edcias, \u00e9 jornalista com experi\u00eancia na cobertura de economia, empreendedorismo, finan\u00e7as pessoais, mercado financeiro, carreira e recursos humanos. Formada em Jornalismo pela Universidade Paulista, teve experi\u00eancias em ve\u00edculos de comunica\u00e7\u00e3o como a Ag\u00eancia TradeMap, Revista Voc\u00ea S\/A e Revista Voc\u00ea RH, as duas \u00faltimas publica\u00e7\u00f5es da Editora Abril. No Suno Not\u00edcias, fala sobre as principais not\u00edcias de Fundos Imobili\u00e1rios, Fiagro, Startups e empresas listadas na Bolsa.\",\"url\":\"https:\/\/www.suno.com.br\/noticias\/author\/monique-lima\/\"}]}<\/script>\n<!-- \/ Yoast SEO plugin. -->","yoast_head_json":{"title":"Otan v\u00ea riscos para os pa\u00edses pr\u00f3ximos da Ucr\u00e2nia","description":"Em meio ao avan\u00e7o da R\u00fassia na Ucr\u00e2nia, a Otan enviou soldados para proteger os pa\u00edses vizinhos e aliados. Leia mais aqui.","robots":{"index":"index","follow":"follow","max-snippet":"max-snippet:-1","max-image-preview":"max-image-preview:large","max-video-preview":"max-video-preview:-1"},"canonical":"https:\/\/www.suno.com.br\/noticias\/otan-ucrania-russia-paises-aliados\/","og_locale":"pt_BR","og_type":"article","og_title":"Otan v\u00ea riscos para os pa\u00edses pr\u00f3ximos da Ucr\u00e2nia","og_description":"Em meio ao avan\u00e7o da R\u00fassia na Ucr\u00e2nia, a Otan enviou soldados para proteger os pa\u00edses vizinhos e aliados. Leia mais aqui.","og_url":"https:\/\/www.suno.com.br\/noticias\/otan-ucrania-russia-paises-aliados\/","og_site_name":"Suno Not\u00edcias","article_publisher":"https:\/\/facebook.com\/sunoresearch","og_image":[{"width":2560,"height":1707,"url":"https:\/\/files.sunoresearch.com.br\/n\/uploads\/2022\/02\/image-6046827-scaled.jpg","type":"image\/jpeg"}],"author":"Monique Lima","twitter_card":"summary_large_image","twitter_creator":"@sunoresearch","twitter_site":"@sunoresearch","twitter_misc":{"Escrito por":"Monique Lima","Est. tempo de leitura":"4 minutos"},"schema":{"@context":"https:\/\/schema.org","@graph":[{"@type":"NewsArticle","@id":"https:\/\/www.suno.com.br\/noticias\/otan-ucrania-russia-paises-aliados\/#article","isPartOf":{"@id":"https:\/\/www.suno.com.br\/noticias\/otan-ucrania-russia-paises-aliados\/"},"author":{"name":"Monique Lima","@id":"https:\/\/www.suno.com.br\/noticias\/#\/schema\/person\/d712329319cc9b10f254d02d654cb36a"},"headline":"Otan v\u00ea riscos para os pa\u00edses pr\u00f3ximos da Ucr\u00e2nia e diz que R\u00fassia quer derrubar governo em Kiev","datePublished":"2022-02-25T20:42:27+00:00","dateModified":"2022-02-25T20:52:54+00:00","mainEntityOfPage":{"@id":"https:\/\/www.suno.com.br\/noticias\/otan-ucrania-russia-paises-aliados\/"},"wordCount":818,"publisher":{"@id":"https:\/\/www.suno.com.br\/noticias\/#organization"},"image":{"@id":"https:\/\/www.suno.com.br\/noticias\/otan-ucrania-russia-paises-aliados\/#primaryimage"},"thumbnailUrl":"https:\/\/files.sunoresearch.com.br\/n\/uploads\/2022\/02\/image-6046827-scaled.jpg","keywords":["R\u00fassia"],"articleSection":["Internacional"],"inLanguage":"pt-BR"},{"@type":"WebPage","@id":"https:\/\/www.suno.com.br\/noticias\/otan-ucrania-russia-paises-aliados\/","url":"https:\/\/www.suno.com.br\/noticias\/otan-ucrania-russia-paises-aliados\/","name":"Otan v\u00ea riscos para os pa\u00edses pr\u00f3ximos da Ucr\u00e2nia","isPartOf":{"@id":"https:\/\/www.suno.com.br\/noticias\/#website"},"primaryImageOfPage":{"@id":"https:\/\/www.suno.com.br\/noticias\/otan-ucrania-russia-paises-aliados\/#primaryimage"},"image":{"@id":"https:\/\/www.suno.com.br\/noticias\/otan-ucrania-russia-paises-aliados\/#primaryimage"},"thumbnailUrl":"https:\/\/files.sunoresearch.com.br\/n\/uploads\/2022\/02\/image-6046827-scaled.jpg","datePublished":"2022-02-25T20:42:27+00:00","dateModified":"2022-02-25T20:52:54+00:00","description":"Em meio ao avan\u00e7o da R\u00fassia na Ucr\u00e2nia, a Otan enviou soldados para proteger os pa\u00edses vizinhos e aliados. Leia mais aqui.","breadcrumb":{"@id":"https:\/\/www.suno.com.br\/noticias\/otan-ucrania-russia-paises-aliados\/#breadcrumb"},"inLanguage":"pt-BR","potentialAction":[{"@type":"ReadAction","target":["https:\/\/www.suno.com.br\/noticias\/otan-ucrania-russia-paises-aliados\/"]}]},{"@type":"ImageObject","inLanguage":"pt-BR","@id":"https:\/\/www.suno.com.br\/noticias\/otan-ucrania-russia-paises-aliados\/#primaryimage","url":"https:\/\/files.sunoresearch.com.br\/n\/uploads\/2022\/02\/image-6046827-scaled.jpg","contentUrl":"https:\/\/files.sunoresearch.com.br\/n\/uploads\/2022\/02\/image-6046827-scaled.jpg","width":2560,"height":1707,"caption":"Crise entre Ucr\u00e2nia e R\u00fassia. Foto: Pixabay."},{"@type":"BreadcrumbList","@id":"https:\/\/www.suno.com.br\/noticias\/otan-ucrania-russia-paises-aliados\/#breadcrumb","itemListElement":[{"@type":"ListItem","position":1,"name":"Not\u00edcias","item":"https:\/\/www.suno.com.br\/noticias\/"},{"@type":"ListItem","position":2,"name":"Internacional","item":"https:\/\/www.suno.com.br\/noticias\/internacional\/"},{"@type":"ListItem","position":3,"name":"Otan v\u00ea riscos para os pa\u00edses pr\u00f3ximos da Ucr\u00e2nia e diz que R\u00fassia quer derrubar governo em Kiev"}]},{"@type":"WebSite","@id":"https:\/\/www.suno.com.br\/noticias\/#website","url":"https:\/\/www.suno.com.br\/noticias\/","name":"Suno Not\u00edcias","description":"Seu portal de informa\u00e7\u00e3o sobre o mundo dos investimentos","publisher":{"@id":"https:\/\/www.suno.com.br\/noticias\/#organization"},"potentialAction":[{"@type":"SearchAction","target":{"@type":"EntryPoint","urlTemplate":"https:\/\/www.suno.com.br\/noticias\/?s={search_term_string}"},"query-input":{"@type":"PropertyValueSpecification","valueRequired":true,"valueName":"search_term_string"}}],"inLanguage":"pt-BR"},{"@type":"Organization","@id":"https:\/\/www.suno.com.br\/noticias\/#organization","name":"Suno Not\u00edcias","url":"https:\/\/www.suno.com.br\/noticias\/","logo":{"@type":"ImageObject","inLanguage":"pt-BR","@id":"https:\/\/www.suno.com.br\/noticias\/#\/schema\/logo\/image\/","url":"https:\/\/files.sunoresearch.com.br\/n\/uploads\/2021\/09\/suno-logo.png","contentUrl":"https:\/\/files.sunoresearch.com.br\/n\/uploads\/2021\/09\/suno-logo.png","width":180,"height":180,"caption":"Suno Not\u00edcias"},"image":{"@id":"https:\/\/www.suno.com.br\/noticias\/#\/schema\/logo\/image\/"},"sameAs":["https:\/\/facebook.com\/sunoresearch","https:\/\/x.com\/sunoresearch","https:\/\/www.instagram.com\/suno","https:\/\/www.linkedin.com\/company\/suno-research\/","https:\/\/www.youtube.com\/c\/sunoresearch"]},{"@type":"Person","@id":"https:\/\/www.suno.com.br\/noticias\/#\/schema\/person\/d712329319cc9b10f254d02d654cb36a","name":"Monique Lima","image":{"@type":"ImageObject","inLanguage":"pt-BR","@id":"https:\/\/www.suno.com.br\/noticias\/#\/schema\/person\/image\/","url":"https:\/\/secure.gravatar.com\/avatar\/daee7f16d906c2e9ffed236206ca2c30?s=96&r=g","contentUrl":"https:\/\/secure.gravatar.com\/avatar\/daee7f16d906c2e9ffed236206ca2c30?s=96&r=g","caption":"Monique Lima"},"description":"Rep\u00f3rter de Mercado no Suno Not\u00edcias, \u00e9 jornalista com experi\u00eancia na cobertura de economia, empreendedorismo, finan\u00e7as pessoais, mercado financeiro, carreira e recursos humanos. Formada em Jornalismo pela Universidade Paulista, teve experi\u00eancias em ve\u00edculos de comunica\u00e7\u00e3o como a Ag\u00eancia TradeMap, Revista Voc\u00ea S\/A e Revista Voc\u00ea RH, as duas \u00faltimas publica\u00e7\u00f5es da Editora Abril. No Suno Not\u00edcias, fala sobre as principais not\u00edcias de Fundos Imobili\u00e1rios, Fiagro, Startups e empresas listadas na Bolsa.","url":"https:\/\/www.suno.com.br\/noticias\/author\/monique-lima\/"}]}},"default_loop_html":"<div class=\"cardsPage__listCard__boxs\"><div class=\"cardsPage__listCard__boxs__img\"><a href=\"https:\/\/www.suno.com.br\/noticias\/otan-ucrania-russia-paises-aliados\/\"><img class=\"mask\" src=\"https:\/\/www.suno.com.br\/noticias\/wp-content\/themes\/suno\/resources\/images\/spotlight\/spotlight1img\/bg-mask.png\" alt=\"Image Mask\"\/><img src=\"https:\/\/files.sunoresearch.com.br\/n\/uploads\/2022\/02\/image-6046827-400x200.jpg\" alt=\"Otan v\u00ea riscos para os pa\u00edses pr\u00f3ximos da Ucr\u00e2nia e diz que R\u00fassia quer derrubar governo em Kiev\"\/><\/a><span class=\"spotlightCategory\"><a href=\"https:\/\/www.suno.com.br\/noticias\/internacional\/\">Internacional<\/a><\/span><\/div><div class=\"cardsPage__listCard__boxs__content\"><a href=\"https:\/\/www.suno.com.br\/noticias\/otan-ucrania-russia-paises-aliados\/\"><h2 class=\"content__title\">Otan v\u00ea riscos para os pa\u00edses pr\u00f3ximos da Ucr\u00e2nia e diz que R\u00fassia quer derrubar governo em Kiev<\/h2><\/a><div class=\"newsContent__article__meta\"><div class=\"newsContent__article__meta__authorBox\"><a href=\"https:\/\/www.suno.com.br\/noticias\/author\/monique-lima\/\" class=\"authorBox__avatar noMobi\"><img src=\"https:\/\/secure.gravatar.com\/avatar\/daee7f16d906c2e9ffed236206ca2c30?s=96&#038;r=g\" alt=\"Monique Lima\"><\/a><div class=\"authorBox__name\"><span>por\n\t\t\t<a href=\"https:\/\/www.suno.com.br\/noticias\/author\/monique-lima\/\"><span itemprop=\"author\">Monique Lima<\/span><\/a><\/span><time datetime=\"2022-02-25T17:42:27-03:00\" itemprop=\"datePublished\">25\/02\/2022 17:42<\/time><\/div><\/div><\/div><\/div><\/div>","single_layout":"posts","amp_enabled":false,"_links":{"self":[{"href":"https:\/\/www.suno.com.br\/noticias\/wp-json\/wp\/v2\/posts\/236014"}],"collection":[{"href":"https:\/\/www.suno.com.br\/noticias\/wp-json\/wp\/v2\/posts"}],"about":[{"href":"https:\/\/www.suno.com.br\/noticias\/wp-json\/wp\/v2\/types\/post"}],"author":[{"embeddable":true,"href":"https:\/\/www.suno.com.br\/noticias\/wp-json\/wp\/v2\/users\/102"}],"replies":[{"embeddable":true,"href":"https:\/\/www.suno.com.br\/noticias\/wp-json\/wp\/v2\/comments?post=236014"}],"version-history":[{"count":3,"href":"https:\/\/www.suno.com.br\/noticias\/wp-json\/wp\/v2\/posts\/236014\/revisions"}],"predecessor-version":[{"id":236074,"href":"https:\/\/www.suno.com.br\/noticias\/wp-json\/wp\/v2\/posts\/236014\/revisions\/236074"}],"wp:featuredmedia":[{"embeddable":true,"href":"https:\/\/www.suno.com.br\/noticias\/wp-json\/wp\/v2\/media\/227560"}],"wp:attachment":[{"href":"https:\/\/www.suno.com.br\/noticias\/wp-json\/wp\/v2\/media?parent=236014"}],"wp:term":[{"taxonomy":"category","embeddable":true,"href":"https:\/\/www.suno.com.br\/noticias\/wp-json\/wp\/v2\/categories?post=236014"},{"taxonomy":"post_tag","embeddable":true,"href":"https:\/\/www.suno.com.br\/noticias\/wp-json\/wp\/v2\/tags?post=236014"},{"taxonomy":"suno_strategy","embeddable":true,"href":"https:\/\/www.suno.com.br\/noticias\/wp-json\/wp\/v2\/suno_strategy?post=236014"}],"curies":[{"name":"wp","href":"https:\/\/api.w.org\/{rel}","templated":true}]}}