{"id":23590,"date":"2019-05-07T14:15:54","date_gmt":"2019-05-07T17:15:54","guid":{"rendered":"https:\/\/www.suno.com.br\/noticias\/?p=23590"},"modified":"2019-05-13T15:49:18","modified_gmt":"2019-05-13T18:49:18","slug":"ceo-smiles-renuncia-acoes-queda","status":"publish","type":"post","link":"https:\/\/www.suno.com.br\/noticias\/ceo-smiles-renuncia-acoes-queda\/","title":{"rendered":"CEO da Smiles antecipa sa\u00edda do cargo e a\u00e7\u00f5es caem mais de 5%"},"content":{"rendered":"<p>O ex-CEO da Smiles, Leonel Dias de Andrade Neto, antecipou sua sa\u00edda do cargo na noite da segunda-feira (6). Nesta ter\u00e7a-feira (7), as <a href=\"https:\/\/www.suno.com.br\/artigos\/acoes-ordinarias\/\"><strong>a\u00e7\u00f5es<\/strong> ordin\u00e1rias<\/a> da companhia encerraram em queda de 5,95% sendo cotadas R$\u00a044,45.<\/p>\t<div class=\"wrapper-featured-image\">\n\t\t<figure class=\"spotlightImg\">\n\n\t\t\t<picture>\n\t\t\t\t<source media=\"(max-width: 768px)\" srcset=\"https:\/\/files.sunoresearch.com.br\/n\/uploads\/2019\/05\/bc443ee6-smiles-400x200.webp\">\n\t\t\t\t<img loading=\"lazy\" decoding=\"async\" class=\"newsContent__article__imgCapa lazyloadDisabled newsContent__article__imgCapa--noCaption\" src=\"https:\/\/files.sunoresearch.com.br\/n\/uploads\/2019\/05\/bc443ee6-smiles-jpg.webp\" width=\"800\" height=\"450\" alt=\"CEO da Smiles antecipa sa\u00edda do cargo e a\u00e7\u00f5es caem mais de 5%\" fetchpriority=high \/>\n\t\t\t<\/picture>\n\n\t\t\t<figcaption class=\"wp-caption-text wp-caption-text--hide\">O novo CEO da Smiles, Andr\u00e9 Fehlauer. (divulga\u00e7\u00e3o)<\/figcaption>\n\t\t<\/figure>\n\t<\/div>\n\n\n<p>Com a antecipa\u00e7\u00e3o da sa\u00edda de Neto, Andr\u00e9 Fehlauer, ex-diretor da <strong>Smiles<\/strong>, passou a ser novo CEO da empresa. O fato \u00e9 v\u00e1lido desde a v\u00e9spera. A sa\u00edda de Neto deve-se \u00e0 foro pessoal, segundo comunicado.<\/p>\n\t<p>\n\t\t<a href=\"https:\/\/lp.suno.com.br\/ao\/sessao-estrategica-consultoria-c\/?utm_source=suno-noticias&#038;utm_medium=banner&#038;utm_campaing=banco-master-cdbs\" target=\"_blank\" data-element=\"shortcode-suno-banner\" title=\"Banner SUNO, clique e saiba mais\">\n\t\t\t<picture>\n\t\t\t\t<source media=\"(max-width: 500px)\" srcset=\"https:\/\/files.sunoresearch.com.br\/n\/uploads\/2025\/09\/300x400.webp\">\n\t\t\t\t<img class=\"newsContent__article__imgCapa newsContent__article__imgCapa--banner\"\n\t\t\t\t\tsrc=\"https:\/\/files.sunoresearch.com.br\/n\/uploads\/2025\/09\/SN-DT-1420x240-1.webp\"\n\t\t\t\t\tdata-promo-id=\"624064\"\t\t\t\t\t\t\t\t\t\twidth='1420' height='240'\t\t\t\t\talt=\"https:\/\/files.sunoresearch.com.br\/n\/uploads\/2025\/09\/SN-DT-1420x240-1.webp\"\n\t\t\t\t>\n\t\t\t<\/picture>\n\t\t<\/a>\n\t<\/p>\n\n\n<p>A <strong>ren\u00fancia<\/strong> de Neto j\u00e1 havia sido revelada via fato relevante, em 28 de abril. Na data, o &#8220;<a href=\"https:\/\/braziljournal.com\/\">Brazil Journal<\/a>&#8221; publicou que a sa\u00edda era devida ao descontentamento de Neto com os rumos da <strong>incorpora\u00e7\u00e3o<\/strong> da <strong>Smiles<\/strong> pela <strong>Gol<\/strong> (GOLL4).<\/p>\n<p>Em tal incorpora\u00e7\u00e3o, o Conselho de Administra\u00e7\u00e3o teria ficado de fora da negocia\u00e7\u00e3o, que far\u00e1 com que a <strong>Smiles<\/strong> deixe de existir. Por volta das 13h30,\u00a0as a\u00e7\u00f5es da Gol ca\u00edam 0,90% a R$ 23,09.<\/p>\n<p>Neto estava na chefia da empresa de programa de milhagem desde fevereiro de 2013, e planejava sua sa\u00edda para 31 de dezembro de 2019. No cronograma desatualizado, Fehlauer deixaria\u00a0a diretoria geral de opera\u00e7\u00f5es da<strong> Smiles Argentina<\/strong> em 30 de junho deste ano.<\/p>\n<p>No balan\u00e7o referente ao primeiro trimestre de 2019,\u00a0a empresa registrou queda de 8,5% no <a href=\"https:\/\/www.suno.com.br\/artigos\/lucro-liquido\/\"><strong>lucro l\u00edquido<\/strong><\/a>.\u00a0Enquanto em compara\u00e7\u00e3o com o quarto trimestre, esse recuo \u00e9 de 13,8%.<\/p>\n<p><a href=\"https:\/\/storage.googleapis.com\/wp-noticias\/2019\/05\/8db5f68c-smiles_fato_relevante_renuncia_leonel_dias-1.pdf\">Clique aqui<\/a> e confira o fato relevante na \u00edntegra.<\/p>\n<p><a href=\"https:\/\/www.suno.com.br\/noticias\/smiles-balanco-lucro-gol\/\">Saiba mais &#8211;\u00a0Smiles tem queda de 8,5% no lucro l\u00edquido e soma cerca de R$ 141 mi<\/a><\/p>\n<h2>Gol e Smiles: entenda<\/h2>\n<p>A <strong>Smiles<\/strong> passa por processo de incorpora\u00e7\u00e3o pela <strong>Gol<\/strong>. Desta forma, a companhia a\u00e9rea pretende alterar o status da <a href=\"https:\/\/www.suno.com.br\/artigos\/empresa-capital-aberto\/\">empresa de capital aberto<\/a>, para torn\u00e1-la <a href=\"https:\/\/www.suno.com.br\/artigos\/empresa-capital-fechado\/\">fechada<\/a>. Assim como o <strong>programa de milhagens<\/strong> da <strong>Azul<\/strong> (AZUL4), TudoAzul.<\/p>\n<p>A vis\u00e3o \u00e9 de que, com a empresa de <strong>milhagem<\/strong> incorporada, h\u00e1 uma <a href=\"https:\/\/www.suno.com.br\/artigos\/vantagens-competitivas-warren-buffett\/\">vantagem competitiva<\/a> diante de outras empresas que ainda mant\u00e9m as companhias de milhagens em sociedades an\u00f4nimas abertas paralelas (caso da Latam e da Multiplus).<\/p>\n<p>Afinal, com o <strong>programa de milhagens<\/strong> separado da companhia a\u00e9rea:<\/p>\n<ul>\n<li>h\u00e1 o pagamento de <strong>milhas<\/strong> \u00e0s empresas para repassar aos clientes;<\/li>\n<li>e n\u00e3o h\u00e1 controle dos pre\u00e7os pagos pelos pontos, nas negocia\u00e7\u00f5es envolvendo <strong>pontos<\/strong>.<\/li>\n<\/ul>\n<p>A <strong>Gol<\/strong> j\u00e1 apresentou proposta de incorpora\u00e7\u00e3o da <strong>Smiles<\/strong> para a <a href=\"https:\/\/www.suno.com.br\/artigos\/b3\/\">B3<\/a> (Brasil, Bolsa, Balc\u00e3o). Tal plano viabilizaria a migra\u00e7\u00e3o da Gol para o <a href=\"https:\/\/www.suno.com.br\/artigos\/novo-mercado\/\">Novo Mercado<\/a>.<\/p>\n<p>Contudo, a Comiss\u00e3o de Listagem da C\u00e2mara Consultiva de Emissores e Estruturadores de Ofertas da B3 n\u00e3o admitiu a migra\u00e7\u00e3o da Gol para o <strong>Novo Mercado<\/strong>.<\/p>\n<p>Isto, pois, com a nova estrutura proposta pelo grupo, os acionistas da <strong>Smiles<\/strong> n\u00e3o teriam nenhum direito pol\u00edtico sobre a empresa de <strong>milhagem<\/strong>.\u00a0<span style=\"font-size: 1.21429rem;\">Ap\u00f3s a restri\u00e7\u00e3o, a <strong>Gol<\/strong> informou que analisar\u00e1 novas op\u00e7\u00f5es.<\/span><\/p>\n","protected":false},"excerpt":{"rendered":"<p>O ex-CEO da Smiles, Leonel Dias de Andrade Neto, antecipou sua sa\u00edda do cargo na noite da segunda-feira (6). Nesta ter\u00e7a-feira (7), as a\u00e7\u00f5es ordin\u00e1rias da companhia encerraram em queda de 5,95% sendo cotadas R$\u00a044,45. O novo CEO da Smiles, Andr\u00e9 Fehlauer. (divulga\u00e7\u00e3o) Com a antecipa\u00e7\u00e3o da sa\u00edda de Neto, Andr\u00e9 Fehlauer, ex-diretor da Smiles, [&hellip;]<\/p>\n","protected":false},"author":12,"featured_media":23592,"comment_status":"closed","ping_status":"closed","sticky":false,"template":"","format":"standard","meta":[],"categories":[60],"tags":[286,637],"suno_strategy":[],"class_list":["post-23590","post","type-post","status-publish","format-standard","has-post-thumbnail","hentry","category-mercado","tag-acoes","tag-smiles-smls3"],"yoast_head":"<!-- This site is optimized with the Yoast SEO plugin v24.4 - https:\/\/yoast.com\/wordpress\/plugins\/seo\/ -->\n<title>CEO da Smiles antecipa sa\u00edda do cargo e a\u00e7\u00f5es caem mais de 5%<\/title>\n<meta name=\"description\" content=\"O CEo da Smiles antecipou a ren\u00fancia do cargo, e Andr\u00e9 Fehlauer tomar\u00e1 posse do cargo; as a\u00e7\u00f5es caem mais de 5%. Clique para saber mais.\" \/>\n<meta name=\"robots\" content=\"index, follow, max-snippet:-1, max-image-preview:large, max-video-preview:-1\" \/>\n<link rel=\"canonical\" href=\"https:\/\/www.suno.com.br\/noticias\/ceo-smiles-renuncia-acoes-queda\/\" \/>\n<meta property=\"og:locale\" content=\"pt_BR\" \/>\n<meta property=\"og:type\" content=\"article\" \/>\n<meta property=\"og:title\" content=\"CEO da Smiles antecipa sa\u00edda do cargo e a\u00e7\u00f5es caem mais de 5%\" \/>\n<meta property=\"og:description\" content=\"O CEo da Smiles antecipou a ren\u00fancia do cargo, e Andr\u00e9 Fehlauer tomar\u00e1 posse do cargo; as a\u00e7\u00f5es caem mais de 5%. Clique para saber mais.\" \/>\n<meta property=\"og:url\" content=\"https:\/\/www.suno.com.br\/noticias\/ceo-smiles-renuncia-acoes-queda\/\" \/>\n<meta property=\"og:site_name\" content=\"Suno Not\u00edcias\" \/>\n<meta property=\"article:publisher\" content=\"https:\/\/facebook.com\/sunoresearch\" \/>\n<meta property=\"og:image\" content=\"https:\/\/files.sunoresearch.com.br\/n\/uploads\/2019\/05\/bc443ee6-smiles.jpg\" \/>\n\t<meta property=\"og:image:width\" content=\"670\" \/>\n\t<meta property=\"og:image:height\" content=\"400\" \/>\n\t<meta property=\"og:image:type\" content=\"image\/jpeg\" \/>\n<meta name=\"author\" content=\"Amanda Gushiken\" \/>\n<meta name=\"twitter:card\" content=\"summary_large_image\" \/>\n<meta name=\"twitter:creator\" content=\"@sunoresearch\" \/>\n<meta name=\"twitter:site\" content=\"@sunoresearch\" \/>\n<meta name=\"twitter:label1\" content=\"Escrito por\" \/>\n\t<meta name=\"twitter:data1\" content=\"Amanda Gushiken\" \/>\n\t<meta name=\"twitter:label2\" content=\"Est. tempo de leitura\" \/>\n\t<meta name=\"twitter:data2\" content=\"2 minutos\" \/>\n<script type=\"application\/ld+json\" class=\"yoast-schema-graph\">{\"@context\":\"https:\/\/schema.org\",\"@graph\":[{\"@type\":\"NewsArticle\",\"@id\":\"https:\/\/www.suno.com.br\/noticias\/ceo-smiles-renuncia-acoes-queda\/#article\",\"isPartOf\":{\"@id\":\"https:\/\/www.suno.com.br\/noticias\/ceo-smiles-renuncia-acoes-queda\/\"},\"author\":{\"name\":\"Amanda Gushiken\",\"@id\":\"https:\/\/www.suno.com.br\/noticias\/#\/schema\/person\/a5b06fa4e879d8e8e119c6ed3cd630d1\"},\"headline\":\"CEO da Smiles antecipa sa\u00edda do cargo e a\u00e7\u00f5es caem mais de 5%\",\"datePublished\":\"2019-05-07T17:15:54+00:00\",\"dateModified\":\"2019-05-13T18:49:18+00:00\",\"mainEntityOfPage\":{\"@id\":\"https:\/\/www.suno.com.br\/noticias\/ceo-smiles-renuncia-acoes-queda\/\"},\"wordCount\":484,\"publisher\":{\"@id\":\"https:\/\/www.suno.com.br\/noticias\/#organization\"},\"image\":{\"@id\":\"https:\/\/www.suno.com.br\/noticias\/ceo-smiles-renuncia-acoes-queda\/#primaryimage\"},\"thumbnailUrl\":\"https:\/\/files.sunoresearch.com.br\/n\/uploads\/2019\/05\/bc443ee6-smiles-jpg.webp\",\"keywords\":[\"A\u00e7\u00f5es\",\"Smiles (SMLS3)\"],\"articleSection\":[\"Mercado\"],\"inLanguage\":\"pt-BR\"},{\"@type\":\"WebPage\",\"@id\":\"https:\/\/www.suno.com.br\/noticias\/ceo-smiles-renuncia-acoes-queda\/\",\"url\":\"https:\/\/www.suno.com.br\/noticias\/ceo-smiles-renuncia-acoes-queda\/\",\"name\":\"CEO da Smiles antecipa sa\u00edda do cargo e a\u00e7\u00f5es caem mais de 5%\",\"isPartOf\":{\"@id\":\"https:\/\/www.suno.com.br\/noticias\/#website\"},\"primaryImageOfPage\":{\"@id\":\"https:\/\/www.suno.com.br\/noticias\/ceo-smiles-renuncia-acoes-queda\/#primaryimage\"},\"image\":{\"@id\":\"https:\/\/www.suno.com.br\/noticias\/ceo-smiles-renuncia-acoes-queda\/#primaryimage\"},\"thumbnailUrl\":\"https:\/\/files.sunoresearch.com.br\/n\/uploads\/2019\/05\/bc443ee6-smiles-jpg.webp\",\"datePublished\":\"2019-05-07T17:15:54+00:00\",\"dateModified\":\"2019-05-13T18:49:18+00:00\",\"description\":\"O CEo da Smiles antecipou a ren\u00fancia do cargo, e Andr\u00e9 Fehlauer tomar\u00e1 posse do cargo; as a\u00e7\u00f5es caem mais de 5%. Clique para saber mais.\",\"breadcrumb\":{\"@id\":\"https:\/\/www.suno.com.br\/noticias\/ceo-smiles-renuncia-acoes-queda\/#breadcrumb\"},\"inLanguage\":\"pt-BR\",\"potentialAction\":[{\"@type\":\"ReadAction\",\"target\":[\"https:\/\/www.suno.com.br\/noticias\/ceo-smiles-renuncia-acoes-queda\/\"]}]},{\"@type\":\"ImageObject\",\"inLanguage\":\"pt-BR\",\"@id\":\"https:\/\/www.suno.com.br\/noticias\/ceo-smiles-renuncia-acoes-queda\/#primaryimage\",\"url\":\"https:\/\/files.sunoresearch.com.br\/n\/uploads\/2019\/05\/bc443ee6-smiles-jpg.webp\",\"contentUrl\":\"https:\/\/files.sunoresearch.com.br\/n\/uploads\/2019\/05\/bc443ee6-smiles-jpg.webp\",\"width\":670,\"height\":400,\"caption\":\"O novo CEO da Smiles, Andr\u00e9 Fehlauer. (divulga\u00e7\u00e3o)\"},{\"@type\":\"BreadcrumbList\",\"@id\":\"https:\/\/www.suno.com.br\/noticias\/ceo-smiles-renuncia-acoes-queda\/#breadcrumb\",\"itemListElement\":[{\"@type\":\"ListItem\",\"position\":1,\"name\":\"Not\u00edcias\",\"item\":\"https:\/\/www.suno.com.br\/noticias\/\"},{\"@type\":\"ListItem\",\"position\":2,\"name\":\"Mercado\",\"item\":\"https:\/\/www.suno.com.br\/noticias\/mercado\/\"},{\"@type\":\"ListItem\",\"position\":3,\"name\":\"CEO da Smiles antecipa sa\u00edda do cargo e a\u00e7\u00f5es caem mais de 5%\"}]},{\"@type\":\"WebSite\",\"@id\":\"https:\/\/www.suno.com.br\/noticias\/#website\",\"url\":\"https:\/\/www.suno.com.br\/noticias\/\",\"name\":\"Suno Not\u00edcias\",\"description\":\"Seu portal de informa\u00e7\u00e3o sobre o mundo dos investimentos\",\"publisher\":{\"@id\":\"https:\/\/www.suno.com.br\/noticias\/#organization\"},\"potentialAction\":[{\"@type\":\"SearchAction\",\"target\":{\"@type\":\"EntryPoint\",\"urlTemplate\":\"https:\/\/www.suno.com.br\/noticias\/?s={search_term_string}\"},\"query-input\":{\"@type\":\"PropertyValueSpecification\",\"valueRequired\":true,\"valueName\":\"search_term_string\"}}],\"inLanguage\":\"pt-BR\"},{\"@type\":\"Organization\",\"@id\":\"https:\/\/www.suno.com.br\/noticias\/#organization\",\"name\":\"Suno Not\u00edcias\",\"url\":\"https:\/\/www.suno.com.br\/noticias\/\",\"logo\":{\"@type\":\"ImageObject\",\"inLanguage\":\"pt-BR\",\"@id\":\"https:\/\/www.suno.com.br\/noticias\/#\/schema\/logo\/image\/\",\"url\":\"https:\/\/files.sunoresearch.com.br\/n\/uploads\/2021\/09\/suno-logo.png\",\"contentUrl\":\"https:\/\/files.sunoresearch.com.br\/n\/uploads\/2021\/09\/suno-logo.png\",\"width\":180,\"height\":180,\"caption\":\"Suno Not\u00edcias\"},\"image\":{\"@id\":\"https:\/\/www.suno.com.br\/noticias\/#\/schema\/logo\/image\/\"},\"sameAs\":[\"https:\/\/facebook.com\/sunoresearch\",\"https:\/\/x.com\/sunoresearch\",\"https:\/\/www.instagram.com\/suno\",\"https:\/\/www.linkedin.com\/company\/suno-research\/\",\"https:\/\/www.youtube.com\/c\/sunoresearch\"]},{\"@type\":\"Person\",\"@id\":\"https:\/\/www.suno.com.br\/noticias\/#\/schema\/person\/a5b06fa4e879d8e8e119c6ed3cd630d1\",\"name\":\"Amanda Gushiken\",\"image\":{\"@type\":\"ImageObject\",\"inLanguage\":\"pt-BR\",\"@id\":\"https:\/\/www.suno.com.br\/noticias\/#\/schema\/person\/image\/\",\"url\":\"https:\/\/secure.gravatar.com\/avatar\/ecd84705e6b65e3685ae80d725501fbe?s=96&r=g\",\"contentUrl\":\"https:\/\/secure.gravatar.com\/avatar\/ecd84705e6b65e3685ae80d725501fbe?s=96&r=g\",\"caption\":\"Amanda Gushiken\"},\"description\":\"Amanda Sayuri Gushiken escreve sobre finan\u00e7as e neg\u00f3cios para o portal Suno Not\u00edcias. Antes, trabalhou selecionando not\u00edcias da imprensa para clientes do mercado financeiro. Tamb\u00e9m desenvolveu pesquisa acad\u00eamica pela Universidade Anhembi Morumbi na \u00e1rea de Teorias da Comunica\u00e7\u00e3o e \u00e9 fot\u00f3grafa nas horas vagas.\",\"url\":\"https:\/\/www.suno.com.br\/noticias\/author\/amanda\/\"}]}<\/script>\n<!-- \/ Yoast SEO plugin. -->","yoast_head_json":{"title":"CEO da Smiles antecipa sa\u00edda do cargo e a\u00e7\u00f5es caem mais de 5%","description":"O CEo da Smiles antecipou a ren\u00fancia do cargo, e Andr\u00e9 Fehlauer tomar\u00e1 posse do cargo; as a\u00e7\u00f5es caem mais de 5%. Clique para saber mais.","robots":{"index":"index","follow":"follow","max-snippet":"max-snippet:-1","max-image-preview":"max-image-preview:large","max-video-preview":"max-video-preview:-1"},"canonical":"https:\/\/www.suno.com.br\/noticias\/ceo-smiles-renuncia-acoes-queda\/","og_locale":"pt_BR","og_type":"article","og_title":"CEO da Smiles antecipa sa\u00edda do cargo e a\u00e7\u00f5es caem mais de 5%","og_description":"O CEo da Smiles antecipou a ren\u00fancia do cargo, e Andr\u00e9 Fehlauer tomar\u00e1 posse do cargo; as a\u00e7\u00f5es caem mais de 5%. Clique para saber mais.","og_url":"https:\/\/www.suno.com.br\/noticias\/ceo-smiles-renuncia-acoes-queda\/","og_site_name":"Suno Not\u00edcias","article_publisher":"https:\/\/facebook.com\/sunoresearch","og_image":[{"width":670,"height":400,"url":"https:\/\/files.sunoresearch.com.br\/n\/uploads\/2019\/05\/bc443ee6-smiles.jpg","type":"image\/jpeg"}],"author":"Amanda Gushiken","twitter_card":"summary_large_image","twitter_creator":"@sunoresearch","twitter_site":"@sunoresearch","twitter_misc":{"Escrito por":"Amanda Gushiken","Est. tempo de leitura":"2 minutos"},"schema":{"@context":"https:\/\/schema.org","@graph":[{"@type":"NewsArticle","@id":"https:\/\/www.suno.com.br\/noticias\/ceo-smiles-renuncia-acoes-queda\/#article","isPartOf":{"@id":"https:\/\/www.suno.com.br\/noticias\/ceo-smiles-renuncia-acoes-queda\/"},"author":{"name":"Amanda Gushiken","@id":"https:\/\/www.suno.com.br\/noticias\/#\/schema\/person\/a5b06fa4e879d8e8e119c6ed3cd630d1"},"headline":"CEO da Smiles antecipa sa\u00edda do cargo e a\u00e7\u00f5es caem mais de 5%","datePublished":"2019-05-07T17:15:54+00:00","dateModified":"2019-05-13T18:49:18+00:00","mainEntityOfPage":{"@id":"https:\/\/www.suno.com.br\/noticias\/ceo-smiles-renuncia-acoes-queda\/"},"wordCount":484,"publisher":{"@id":"https:\/\/www.suno.com.br\/noticias\/#organization"},"image":{"@id":"https:\/\/www.suno.com.br\/noticias\/ceo-smiles-renuncia-acoes-queda\/#primaryimage"},"thumbnailUrl":"https:\/\/files.sunoresearch.com.br\/n\/uploads\/2019\/05\/bc443ee6-smiles-jpg.webp","keywords":["A\u00e7\u00f5es","Smiles (SMLS3)"],"articleSection":["Mercado"],"inLanguage":"pt-BR"},{"@type":"WebPage","@id":"https:\/\/www.suno.com.br\/noticias\/ceo-smiles-renuncia-acoes-queda\/","url":"https:\/\/www.suno.com.br\/noticias\/ceo-smiles-renuncia-acoes-queda\/","name":"CEO da Smiles antecipa sa\u00edda do cargo e a\u00e7\u00f5es caem mais de 5%","isPartOf":{"@id":"https:\/\/www.suno.com.br\/noticias\/#website"},"primaryImageOfPage":{"@id":"https:\/\/www.suno.com.br\/noticias\/ceo-smiles-renuncia-acoes-queda\/#primaryimage"},"image":{"@id":"https:\/\/www.suno.com.br\/noticias\/ceo-smiles-renuncia-acoes-queda\/#primaryimage"},"thumbnailUrl":"https:\/\/files.sunoresearch.com.br\/n\/uploads\/2019\/05\/bc443ee6-smiles-jpg.webp","datePublished":"2019-05-07T17:15:54+00:00","dateModified":"2019-05-13T18:49:18+00:00","description":"O CEo da Smiles antecipou a ren\u00fancia do cargo, e Andr\u00e9 Fehlauer tomar\u00e1 posse do cargo; as a\u00e7\u00f5es caem mais de 5%. Clique para saber mais.","breadcrumb":{"@id":"https:\/\/www.suno.com.br\/noticias\/ceo-smiles-renuncia-acoes-queda\/#breadcrumb"},"inLanguage":"pt-BR","potentialAction":[{"@type":"ReadAction","target":["https:\/\/www.suno.com.br\/noticias\/ceo-smiles-renuncia-acoes-queda\/"]}]},{"@type":"ImageObject","inLanguage":"pt-BR","@id":"https:\/\/www.suno.com.br\/noticias\/ceo-smiles-renuncia-acoes-queda\/#primaryimage","url":"https:\/\/files.sunoresearch.com.br\/n\/uploads\/2019\/05\/bc443ee6-smiles-jpg.webp","contentUrl":"https:\/\/files.sunoresearch.com.br\/n\/uploads\/2019\/05\/bc443ee6-smiles-jpg.webp","width":670,"height":400,"caption":"O novo CEO da Smiles, Andr\u00e9 Fehlauer. (divulga\u00e7\u00e3o)"},{"@type":"BreadcrumbList","@id":"https:\/\/www.suno.com.br\/noticias\/ceo-smiles-renuncia-acoes-queda\/#breadcrumb","itemListElement":[{"@type":"ListItem","position":1,"name":"Not\u00edcias","item":"https:\/\/www.suno.com.br\/noticias\/"},{"@type":"ListItem","position":2,"name":"Mercado","item":"https:\/\/www.suno.com.br\/noticias\/mercado\/"},{"@type":"ListItem","position":3,"name":"CEO da Smiles antecipa sa\u00edda do cargo e a\u00e7\u00f5es caem mais de 5%"}]},{"@type":"WebSite","@id":"https:\/\/www.suno.com.br\/noticias\/#website","url":"https:\/\/www.suno.com.br\/noticias\/","name":"Suno Not\u00edcias","description":"Seu portal de informa\u00e7\u00e3o sobre o mundo dos investimentos","publisher":{"@id":"https:\/\/www.suno.com.br\/noticias\/#organization"},"potentialAction":[{"@type":"SearchAction","target":{"@type":"EntryPoint","urlTemplate":"https:\/\/www.suno.com.br\/noticias\/?s={search_term_string}"},"query-input":{"@type":"PropertyValueSpecification","valueRequired":true,"valueName":"search_term_string"}}],"inLanguage":"pt-BR"},{"@type":"Organization","@id":"https:\/\/www.suno.com.br\/noticias\/#organization","name":"Suno Not\u00edcias","url":"https:\/\/www.suno.com.br\/noticias\/","logo":{"@type":"ImageObject","inLanguage":"pt-BR","@id":"https:\/\/www.suno.com.br\/noticias\/#\/schema\/logo\/image\/","url":"https:\/\/files.sunoresearch.com.br\/n\/uploads\/2021\/09\/suno-logo.png","contentUrl":"https:\/\/files.sunoresearch.com.br\/n\/uploads\/2021\/09\/suno-logo.png","width":180,"height":180,"caption":"Suno Not\u00edcias"},"image":{"@id":"https:\/\/www.suno.com.br\/noticias\/#\/schema\/logo\/image\/"},"sameAs":["https:\/\/facebook.com\/sunoresearch","https:\/\/x.com\/sunoresearch","https:\/\/www.instagram.com\/suno","https:\/\/www.linkedin.com\/company\/suno-research\/","https:\/\/www.youtube.com\/c\/sunoresearch"]},{"@type":"Person","@id":"https:\/\/www.suno.com.br\/noticias\/#\/schema\/person\/a5b06fa4e879d8e8e119c6ed3cd630d1","name":"Amanda Gushiken","image":{"@type":"ImageObject","inLanguage":"pt-BR","@id":"https:\/\/www.suno.com.br\/noticias\/#\/schema\/person\/image\/","url":"https:\/\/secure.gravatar.com\/avatar\/ecd84705e6b65e3685ae80d725501fbe?s=96&r=g","contentUrl":"https:\/\/secure.gravatar.com\/avatar\/ecd84705e6b65e3685ae80d725501fbe?s=96&r=g","caption":"Amanda Gushiken"},"description":"Amanda Sayuri Gushiken escreve sobre finan\u00e7as e neg\u00f3cios para o portal Suno Not\u00edcias. Antes, trabalhou selecionando not\u00edcias da imprensa para clientes do mercado financeiro. Tamb\u00e9m desenvolveu pesquisa acad\u00eamica pela Universidade Anhembi Morumbi na \u00e1rea de Teorias da Comunica\u00e7\u00e3o e \u00e9 fot\u00f3grafa nas horas vagas.","url":"https:\/\/www.suno.com.br\/noticias\/author\/amanda\/"}]}},"default_loop_html":"<div class=\"cardsPage__listCard__boxs\"><div class=\"cardsPage__listCard__boxs__img\"><a href=\"https:\/\/www.suno.com.br\/noticias\/ceo-smiles-renuncia-acoes-queda\/\"><img class=\"mask\" src=\"https:\/\/www.suno.com.br\/noticias\/wp-content\/themes\/suno\/resources\/images\/spotlight\/spotlight1img\/bg-mask.png\" alt=\"Image Mask\"\/><img src=\"https:\/\/files.sunoresearch.com.br\/n\/uploads\/2019\/05\/bc443ee6-smiles-400x200.webp\" alt=\"CEO da Smiles antecipa sa\u00edda do cargo e a\u00e7\u00f5es caem mais de 5%\"\/><\/a><span class=\"spotlightCategory\"><a href=\"https:\/\/www.suno.com.br\/noticias\/mercado\/\">Mercado<\/a><\/span><\/div><div class=\"cardsPage__listCard__boxs__content\"><a href=\"https:\/\/www.suno.com.br\/noticias\/ceo-smiles-renuncia-acoes-queda\/\"><h2 class=\"content__title\">CEO da Smiles antecipa sa\u00edda do cargo e a\u00e7\u00f5es caem mais de 5%<\/h2><\/a><div class=\"newsContent__article__meta\"><div class=\"newsContent__article__meta__authorBox\"><a href=\"https:\/\/www.suno.com.br\/noticias\/author\/amanda\/\" class=\"authorBox__avatar noMobi\"><img src=\"https:\/\/files.sunoresearch.com.br\/n\/uploads\/2018\/11\/c6ad30be-amanda-150x150.webp\" alt=\"Amanda Gushiken\"><\/a><div class=\"authorBox__name\"><span>por\n\t\t\t<a href=\"https:\/\/www.suno.com.br\/noticias\/author\/amanda\/\"><span itemprop=\"author\">Amanda Gushiken<\/span><\/a><\/span><time datetime=\"2019-05-07T14:15:54-03:00\" itemprop=\"datePublished\">07\/05\/2019 14:15<\/time><\/div><\/div><\/div><\/div><\/div>","single_layout":"posts","amp_enabled":true,"_links":{"self":[{"href":"https:\/\/www.suno.com.br\/noticias\/wp-json\/wp\/v2\/posts\/23590"}],"collection":[{"href":"https:\/\/www.suno.com.br\/noticias\/wp-json\/wp\/v2\/posts"}],"about":[{"href":"https:\/\/www.suno.com.br\/noticias\/wp-json\/wp\/v2\/types\/post"}],"author":[{"embeddable":true,"href":"https:\/\/www.suno.com.br\/noticias\/wp-json\/wp\/v2\/users\/12"}],"replies":[{"embeddable":true,"href":"https:\/\/www.suno.com.br\/noticias\/wp-json\/wp\/v2\/comments?post=23590"}],"version-history":[{"count":0,"href":"https:\/\/www.suno.com.br\/noticias\/wp-json\/wp\/v2\/posts\/23590\/revisions"}],"wp:featuredmedia":[{"embeddable":true,"href":"https:\/\/www.suno.com.br\/noticias\/wp-json\/wp\/v2\/media\/23592"}],"wp:attachment":[{"href":"https:\/\/www.suno.com.br\/noticias\/wp-json\/wp\/v2\/media?parent=23590"}],"wp:term":[{"taxonomy":"category","embeddable":true,"href":"https:\/\/www.suno.com.br\/noticias\/wp-json\/wp\/v2\/categories?post=23590"},{"taxonomy":"post_tag","embeddable":true,"href":"https:\/\/www.suno.com.br\/noticias\/wp-json\/wp\/v2\/tags?post=23590"},{"taxonomy":"suno_strategy","embeddable":true,"href":"https:\/\/www.suno.com.br\/noticias\/wp-json\/wp\/v2\/suno_strategy?post=23590"}],"curies":[{"name":"wp","href":"https:\/\/api.w.org\/{rel}","templated":true}]}}