{"id":23575,"date":"2019-05-07T13:03:44","date_gmt":"2019-05-07T16:03:44","guid":{"rendered":"https:\/\/www.suno.com.br\/noticias\/?p=23575"},"modified":"2019-05-07T13:40:22","modified_gmt":"2019-05-07T16:40:22","slug":"bolsonaro-recriar-ministerios-politicos","status":"publish","type":"post","link":"https:\/\/www.suno.com.br\/noticias\/bolsonaro-recriar-ministerios-politicos\/","title":{"rendered":"Bolsonaro cede e decide recriar dois minist\u00e9rios para entreg\u00e1-los a pol\u00edticos"},"content":{"rendered":"<p>O presidente Jair Bolsonaro cedeu e decidiu criar mais dois <strong>minist\u00e9rios<\/strong> que ser\u00e3o comandados por <strong>pol\u00edticos.<\/strong>\u00a0A pasta do <strong>Desenvolvimento Regional<\/strong> ser\u00e1 dividida em <strong>Cidades<\/strong> e <strong>Integra\u00e7\u00e3o.<\/strong> A informa\u00e7\u00e3o foi confirmada pelo senador <strong>Fernando Bezerra.<\/strong><\/p>\t<div class=\"wrapper-featured-image\">\n\t\t<figure class=\"spotlightImg\">\n\n\t\t\t<picture>\n\t\t\t\t<source media=\"(max-width: 768px)\" srcset=\"https:\/\/files.sunoresearch.com.br\/n\/uploads\/2019\/01\/23991aae-jair-bolsonaro-400x200.webp\">\n\t\t\t\t<img loading=\"lazy\" decoding=\"async\" class=\"newsContent__article__imgCapa lazyloadDisabled newsContent__article__imgCapa--noCaption\" src=\"https:\/\/files.sunoresearch.com.br\/n\/uploads\/2019\/01\/23991aae-jair-bolsonaro-800x450.webp\" width=\"800\" height=\"450\" alt=\"Bolsonaro cede e decide recriar dois minist\u00e9rios para entreg\u00e1-los a pol\u00edticos\" fetchpriority=high \/>\n\t\t\t<\/picture>\n\n\t\t\t<figcaption class=\"wp-caption-text wp-caption-text--hide\">Coronavoucher: Bolsonaro negocia &#039;valor mais baixo&#039; para parcelas extras<\/figcaption>\n\t\t<\/figure>\n\t<\/div>\n\n\n<p>O parlamentar \u00e9 o relator da <strong>reforma administrativa.<\/strong> Sendo assim, ele afirmou que o assunto foi tratado com <strong>Bolsonaro<\/strong> e com o ministro <strong>Onyx Lorenzoni<\/strong> em reuni\u00e3o nesta ter\u00e7a-feira (7).<\/p>\n<p>\u201cFicou decidido que o minist\u00e9rio do <strong>Desenvolvimento Regional<\/strong> vai ser desmembrado e vai ser recriado o Minist\u00e9rio das <strong>Cidades<\/strong> e o Minist\u00e9rio da <strong>Integra\u00e7\u00e3o Nacional\u201d,<\/strong> afirmou Bezerra.<\/p>\n\t<p>\n\t\t<a href=\"https:\/\/lp.suno.com.br\/4-emissao-snel11\/\" target=\"_blank\" data-element=\"shortcode-suno-banner\" title=\"Banner SUNO, clique e saiba mais\">\n\t\t\t<picture>\n\t\t\t\t<source media=\"(max-width: 500px)\" srcset=\"https:\/\/files.sunoresearch.com.br\/n\/uploads\/2025\/07\/400x300-Mobile-Artigos-7.webp\">\n\t\t\t\t<img class=\"newsContent__article__imgCapa newsContent__article__imgCapa--banner\"\n\t\t\t\t\tsrc=\"https:\/\/files.sunoresearch.com.br\/n\/uploads\/2025\/07\/1420x240-Banner-Artigos-1-_-Banner-Materias-5.webp\"\n\t\t\t\t\tdata-promo-id=\"613822\"\t\t\t\t\t\t\t\t\t\twidth='1420' height='240'\t\t\t\t\talt=\"https:\/\/files.sunoresearch.com.br\/n\/uploads\/2025\/07\/1420x240-Banner-Artigos-1-_-Banner-Materias-5.webp\"\n\t\t\t\t>\n\t\t\t<\/picture>\n\t\t<\/a>\n\t<\/p>\n\n\n<p>De acordo com a &#8220;Folha&#8221;, as novas pasta seriam entregues a <strong>pol\u00edticos.<\/strong> Segundo fontes ouvidas pelo jornal, n\u00e3o h\u00e1 ainda a defini\u00e7\u00e3o de quais partidos devem ficar com o comando dos novos <strong>minist\u00e9rios.<\/strong><\/p>\n<p>Se confirmada, a medida \u00e9 uma a\u00e7\u00e3o que vai contra o discurso do governo de &#8220;nova pol\u00edtica&#8221;. Desde a campanha, <strong>Bolsonaro<\/strong> afirmava que n\u00e3o governaria atrav\u00e9s de troca de favores ou cargos a <strong>parlamentares.<\/strong> Contudo, o m\u00e9todo de lideran\u00e7a do presidente n\u00e3o agradou os integrantes do <strong>Congresso.<\/strong><\/p>\n<p><a href=\"https:\/\/www.suno.com.br\/noticias\/governo-quer-coaf-ministerio-da-justica\/\">Saiba Mais: Governo quer perman\u00eancia do Coaf no Minist\u00e9rio da Justi\u00e7a<\/a><\/p>\n<p>Por isso, o <strong>Executivo<\/strong> enfrenta dificuldades de conversa com o <strong>Legislativo,<\/strong> o que fez pautas ficarem travadas. Duas a\u00e7\u00f5es que deixam o governo receoso sobre o apoio do Congresso s\u00e3o:<\/p>\n<ul>\n<li>a reforma da Previd\u00eancia;<\/li>\n<li>MP da reforma administrativa.<\/li>\n<\/ul>\n<h2>Manobra para manter 22 minist\u00e9rios<\/h2>\n<p>Em contrapartida, a proposta do relator sugere a mudan\u00e7a na classifica\u00e7\u00e3o do <strong>Banco Central.<\/strong> O \u00f3rg\u00e3o passaria a ter autonomia, deixando de ser considerado ministerial. Dessa forma, o governo conseguiria manter os atuais 22 minist\u00e9rios.<\/p>\n<p>Durante a campanha, a proposta de <strong>Bolsonaro<\/strong> era cortar o n\u00famero de pastas de 29 (n\u00fameros do governo de <strong>Michel Temer)<\/strong> para apenas 15.\u00a0\u201cEstaremos tamb\u00e9m aprovando como prioridade da pauta na C\u00e2mara dos Deputados a autonomia do Banco Central. A\u00ed mant\u00e9m\u201d, disse Bezerra.\u00a0\u201cVamos tirar o status assim que a mat\u00e9ria for aprovada.\u201d<\/p>\n<h2>Reforma administrativa de Bolsonaro<\/h2>\n<p>A <strong>reforma administrativa<\/strong> deve ser votada na pr\u00f3xima quarta-feira (8) na comiss\u00e3o especial. Esta \u00e9 formada por senadores e deputados. O relat\u00f3rio ser\u00e1 apresentado por Bezerra ainda nesta ter\u00e7a. Caso seja aprovada nesta etapa, a reforma passar\u00e1 depois ao plen\u00e1rio das duas casas <strong>legislativas.<\/strong><\/p>\n<p><strong>Bezerra<\/strong> afirmou que h\u00e1 muitas press\u00f5es dos <strong>parlamentares<\/strong> sobre altera\u00e7\u00f5es na <strong>reforma.<\/strong> O parecer deve ser finalizado ainda nesta segunda. Confira alguns pontos que provavelmente devem ser alterados se a reforma foi aprovada:<\/p>\n<ul>\n<li>a Funda\u00e7\u00e3o Nacional do \u00cdndio (Funai) retornar\u00e1 ao Minist\u00e9rio da Justi\u00e7a;<\/li>\n<li>estrutura de registro sindical, remanejada para o Minist\u00e9rio da Justi\u00e7a, ser\u00e1 mandada para o Minist\u00e9rio da Economia;<\/li>\n<li>Apex (Ag\u00eancia Brasileira de Promo\u00e7\u00e3o de Exporta\u00e7\u00f5es)\u00a0ficar\u00e1 no Minist\u00e9rio das Rela\u00e7\u00f5es Exteriores.<\/li>\n<\/ul>\n<p><a href=\"https:\/\/www.suno.com.br\/noticias\/reforma-previdencia-apoio-100-deputados\/\">Saiba Mais: Reforma da Previd\u00eancia: PEC tem apoio de 100 deputados, aponta jornal<\/a><\/p>\n<p>O governo calcula que a proposta precisa ser aprovada at\u00e9 o dia 20 de maio na <strong>C\u00e2mara.<\/strong> Isso porque o objetivo \u00e9 de que o texto seja votado no <strong>Senado<\/strong> at\u00e9 dia 3 de junho. Esse tempo \u00e9 o prazo final de validade da medida provis\u00f3ria do presidente.<\/p>\n<p><strong>Bolsonaro<\/strong> assinou a <strong>MP<\/strong>\u00a0no come\u00e7o do mandato alterando diversas estruturas dos minist\u00e9rios e de \u00f3rg\u00e3os internos deles. A medida vale por 90 dias e nesses per\u00edodo precisa ser aprovada pelo Congresso. Caso isso n\u00e3o aconte\u00e7a, a decis\u00e3o perde o valor e, na pr\u00e1tica, o governo precisaria remanejar diversas pastas. Inclusive, recriar todos os minist\u00e9rios que foram extintos.<\/p>\n","protected":false},"excerpt":{"rendered":"<p>O presidente Jair Bolsonaro cedeu e decidiu criar mais dois minist\u00e9rios que ser\u00e3o comandados por pol\u00edticos.\u00a0A pasta do Desenvolvimento Regional ser\u00e1 dividida em Cidades e Integra\u00e7\u00e3o. A informa\u00e7\u00e3o foi confirmada pelo senador Fernando Bezerra. Coronavoucher: Bolsonaro negocia &#039;valor mais baixo&#039; para parcelas extras O parlamentar \u00e9 o relator da reforma administrativa. Sendo assim, ele afirmou [&hellip;]<\/p>\n","protected":false},"author":16,"featured_media":12214,"comment_status":"closed","ping_status":"closed","sticky":false,"template":"","format":"standard","meta":[],"categories":[61],"tags":[740],"suno_strategy":[],"class_list":["post-23575","post","type-post","status-publish","format-standard","has-post-thumbnail","hentry","category-politica","tag-economia"],"yoast_head":"<!-- This site is optimized with the Yoast SEO plugin v24.4 - https:\/\/yoast.com\/wordpress\/plugins\/seo\/ -->\n<title>Bolsonaro cede e decide recriar 2 minist\u00e9rios para entreg\u00e1-los a pol\u00edticos<\/title>\n<meta name=\"description\" content=\"A decis\u00e3o de Bolsonaro foi anunciada pelo relator da reforma administrativa. Os minist\u00e9rios seriam entregues ao comando de partidos. Entenda.\" \/>\n<meta name=\"robots\" content=\"index, follow, max-snippet:-1, max-image-preview:large, max-video-preview:-1\" \/>\n<link rel=\"canonical\" href=\"https:\/\/www.suno.com.br\/noticias\/bolsonaro-recriar-ministerios-politicos\/\" \/>\n<meta property=\"og:locale\" content=\"pt_BR\" \/>\n<meta property=\"og:type\" content=\"article\" \/>\n<meta property=\"og:title\" content=\"Bolsonaro cede e decide recriar 2 minist\u00e9rios para entreg\u00e1-los a pol\u00edticos\" \/>\n<meta property=\"og:description\" content=\"A decis\u00e3o de Bolsonaro foi anunciada pelo relator da reforma administrativa. Os minist\u00e9rios seriam entregues ao comando de partidos. Entenda.\" \/>\n<meta property=\"og:url\" content=\"https:\/\/www.suno.com.br\/noticias\/bolsonaro-recriar-ministerios-politicos\/\" \/>\n<meta property=\"og:site_name\" content=\"Suno Not\u00edcias\" \/>\n<meta property=\"article:publisher\" content=\"https:\/\/facebook.com\/sunoresearch\" \/>\n<meta property=\"og:image\" content=\"https:\/\/files.sunoresearch.com.br\/n\/uploads\/2019\/01\/23991aae-jair-bolsonaro.jpg\" \/>\n\t<meta property=\"og:image:width\" content=\"1140\" \/>\n\t<meta property=\"og:image:height\" content=\"760\" \/>\n\t<meta property=\"og:image:type\" content=\"image\/jpeg\" \/>\n<meta name=\"author\" content=\"Beatriz Oliveira\" \/>\n<meta name=\"twitter:card\" content=\"summary_large_image\" \/>\n<meta name=\"twitter:creator\" content=\"@sunoresearch\" \/>\n<meta name=\"twitter:site\" content=\"@sunoresearch\" \/>\n<meta name=\"twitter:label1\" content=\"Escrito por\" \/>\n\t<meta name=\"twitter:data1\" content=\"Beatriz Oliveira\" \/>\n\t<meta name=\"twitter:label2\" content=\"Est. tempo de leitura\" \/>\n\t<meta name=\"twitter:data2\" content=\"3 minutos\" \/>\n<script type=\"application\/ld+json\" class=\"yoast-schema-graph\">{\"@context\":\"https:\/\/schema.org\",\"@graph\":[{\"@type\":\"NewsArticle\",\"@id\":\"https:\/\/www.suno.com.br\/noticias\/bolsonaro-recriar-ministerios-politicos\/#article\",\"isPartOf\":{\"@id\":\"https:\/\/www.suno.com.br\/noticias\/bolsonaro-recriar-ministerios-politicos\/\"},\"author\":{\"name\":\"Beatriz Oliveira\",\"@id\":\"https:\/\/www.suno.com.br\/noticias\/#\/schema\/person\/e67f665add014bf99f644028de070cc3\"},\"headline\":\"Bolsonaro cede e decide recriar dois minist\u00e9rios para entreg\u00e1-los a pol\u00edticos\",\"datePublished\":\"2019-05-07T16:03:44+00:00\",\"dateModified\":\"2019-05-07T16:40:22+00:00\",\"mainEntityOfPage\":{\"@id\":\"https:\/\/www.suno.com.br\/noticias\/bolsonaro-recriar-ministerios-politicos\/\"},\"wordCount\":627,\"publisher\":{\"@id\":\"https:\/\/www.suno.com.br\/noticias\/#organization\"},\"image\":{\"@id\":\"https:\/\/www.suno.com.br\/noticias\/bolsonaro-recriar-ministerios-politicos\/#primaryimage\"},\"thumbnailUrl\":\"https:\/\/files.sunoresearch.com.br\/n\/uploads\/2019\/01\/23991aae-jair-bolsonaro-jpg.webp\",\"keywords\":[\"Economia\"],\"articleSection\":[\"Pol\u00edtica\"],\"inLanguage\":\"pt-BR\"},{\"@type\":\"WebPage\",\"@id\":\"https:\/\/www.suno.com.br\/noticias\/bolsonaro-recriar-ministerios-politicos\/\",\"url\":\"https:\/\/www.suno.com.br\/noticias\/bolsonaro-recriar-ministerios-politicos\/\",\"name\":\"Bolsonaro cede e decide recriar 2 minist\u00e9rios para entreg\u00e1-los a pol\u00edticos\",\"isPartOf\":{\"@id\":\"https:\/\/www.suno.com.br\/noticias\/#website\"},\"primaryImageOfPage\":{\"@id\":\"https:\/\/www.suno.com.br\/noticias\/bolsonaro-recriar-ministerios-politicos\/#primaryimage\"},\"image\":{\"@id\":\"https:\/\/www.suno.com.br\/noticias\/bolsonaro-recriar-ministerios-politicos\/#primaryimage\"},\"thumbnailUrl\":\"https:\/\/files.sunoresearch.com.br\/n\/uploads\/2019\/01\/23991aae-jair-bolsonaro-jpg.webp\",\"datePublished\":\"2019-05-07T16:03:44+00:00\",\"dateModified\":\"2019-05-07T16:40:22+00:00\",\"description\":\"A decis\u00e3o de Bolsonaro foi anunciada pelo relator da reforma administrativa. Os minist\u00e9rios seriam entregues ao comando de partidos. Entenda.\",\"breadcrumb\":{\"@id\":\"https:\/\/www.suno.com.br\/noticias\/bolsonaro-recriar-ministerios-politicos\/#breadcrumb\"},\"inLanguage\":\"pt-BR\",\"potentialAction\":[{\"@type\":\"ReadAction\",\"target\":[\"https:\/\/www.suno.com.br\/noticias\/bolsonaro-recriar-ministerios-politicos\/\"]}]},{\"@type\":\"ImageObject\",\"inLanguage\":\"pt-BR\",\"@id\":\"https:\/\/www.suno.com.br\/noticias\/bolsonaro-recriar-ministerios-politicos\/#primaryimage\",\"url\":\"https:\/\/files.sunoresearch.com.br\/n\/uploads\/2019\/01\/23991aae-jair-bolsonaro-jpg.webp\",\"contentUrl\":\"https:\/\/files.sunoresearch.com.br\/n\/uploads\/2019\/01\/23991aae-jair-bolsonaro-jpg.webp\",\"width\":1140,\"height\":760,\"caption\":\"Coronavoucher: Bolsonaro negocia 'valor mais baixo' para parcelas extras\"},{\"@type\":\"BreadcrumbList\",\"@id\":\"https:\/\/www.suno.com.br\/noticias\/bolsonaro-recriar-ministerios-politicos\/#breadcrumb\",\"itemListElement\":[{\"@type\":\"ListItem\",\"position\":1,\"name\":\"Not\u00edcias\",\"item\":\"https:\/\/www.suno.com.br\/noticias\/\"},{\"@type\":\"ListItem\",\"position\":2,\"name\":\"Pol\u00edtica\",\"item\":\"https:\/\/www.suno.com.br\/noticias\/politica\/\"},{\"@type\":\"ListItem\",\"position\":3,\"name\":\"Bolsonaro cede e decide recriar dois minist\u00e9rios para entreg\u00e1-los a pol\u00edticos\"}]},{\"@type\":\"WebSite\",\"@id\":\"https:\/\/www.suno.com.br\/noticias\/#website\",\"url\":\"https:\/\/www.suno.com.br\/noticias\/\",\"name\":\"Suno Not\u00edcias\",\"description\":\"Seu portal de informa\u00e7\u00e3o sobre o mundo dos investimentos\",\"publisher\":{\"@id\":\"https:\/\/www.suno.com.br\/noticias\/#organization\"},\"potentialAction\":[{\"@type\":\"SearchAction\",\"target\":{\"@type\":\"EntryPoint\",\"urlTemplate\":\"https:\/\/www.suno.com.br\/noticias\/?s={search_term_string}\"},\"query-input\":{\"@type\":\"PropertyValueSpecification\",\"valueRequired\":true,\"valueName\":\"search_term_string\"}}],\"inLanguage\":\"pt-BR\"},{\"@type\":\"Organization\",\"@id\":\"https:\/\/www.suno.com.br\/noticias\/#organization\",\"name\":\"Suno Not\u00edcias\",\"url\":\"https:\/\/www.suno.com.br\/noticias\/\",\"logo\":{\"@type\":\"ImageObject\",\"inLanguage\":\"pt-BR\",\"@id\":\"https:\/\/www.suno.com.br\/noticias\/#\/schema\/logo\/image\/\",\"url\":\"https:\/\/files.sunoresearch.com.br\/n\/uploads\/2021\/09\/suno-logo.png\",\"contentUrl\":\"https:\/\/files.sunoresearch.com.br\/n\/uploads\/2021\/09\/suno-logo.png\",\"width\":180,\"height\":180,\"caption\":\"Suno Not\u00edcias\"},\"image\":{\"@id\":\"https:\/\/www.suno.com.br\/noticias\/#\/schema\/logo\/image\/\"},\"sameAs\":[\"https:\/\/facebook.com\/sunoresearch\",\"https:\/\/x.com\/sunoresearch\",\"https:\/\/www.instagram.com\/suno\",\"https:\/\/www.linkedin.com\/company\/suno-research\/\",\"https:\/\/www.youtube.com\/c\/sunoresearch\"]},{\"@type\":\"Person\",\"@id\":\"https:\/\/www.suno.com.br\/noticias\/#\/schema\/person\/e67f665add014bf99f644028de070cc3\",\"name\":\"Beatriz Oliveira\",\"image\":{\"@type\":\"ImageObject\",\"inLanguage\":\"pt-BR\",\"@id\":\"https:\/\/www.suno.com.br\/noticias\/#\/schema\/person\/image\/\",\"url\":\"https:\/\/secure.gravatar.com\/avatar\/c9aa6a0aaecc598d257d5d5bd349157d?s=96&r=g\",\"contentUrl\":\"https:\/\/secure.gravatar.com\/avatar\/c9aa6a0aaecc598d257d5d5bd349157d?s=96&r=g\",\"caption\":\"Beatriz Oliveira\"},\"description\":\"Formada em Jornalismo pela Faculdade Paulus de Tecnologia e Comunica\u00e7\u00e3o, Beatriz Oliveira escreve para o portal de not\u00edcias Suno Research. Antes, passou pelas reda\u00e7\u00f5es da Revista EXAME e da Rede Bandeirantes.\",\"url\":\"https:\/\/www.suno.com.br\/noticias\/author\/beatriz\/\"}]}<\/script>\n<!-- \/ Yoast SEO plugin. -->","yoast_head_json":{"title":"Bolsonaro cede e decide recriar 2 minist\u00e9rios para entreg\u00e1-los a pol\u00edticos","description":"A decis\u00e3o de Bolsonaro foi anunciada pelo relator da reforma administrativa. Os minist\u00e9rios seriam entregues ao comando de partidos. Entenda.","robots":{"index":"index","follow":"follow","max-snippet":"max-snippet:-1","max-image-preview":"max-image-preview:large","max-video-preview":"max-video-preview:-1"},"canonical":"https:\/\/www.suno.com.br\/noticias\/bolsonaro-recriar-ministerios-politicos\/","og_locale":"pt_BR","og_type":"article","og_title":"Bolsonaro cede e decide recriar 2 minist\u00e9rios para entreg\u00e1-los a pol\u00edticos","og_description":"A decis\u00e3o de Bolsonaro foi anunciada pelo relator da reforma administrativa. Os minist\u00e9rios seriam entregues ao comando de partidos. Entenda.","og_url":"https:\/\/www.suno.com.br\/noticias\/bolsonaro-recriar-ministerios-politicos\/","og_site_name":"Suno Not\u00edcias","article_publisher":"https:\/\/facebook.com\/sunoresearch","og_image":[{"width":1140,"height":760,"url":"https:\/\/files.sunoresearch.com.br\/n\/uploads\/2019\/01\/23991aae-jair-bolsonaro.jpg","type":"image\/jpeg"}],"author":"Beatriz Oliveira","twitter_card":"summary_large_image","twitter_creator":"@sunoresearch","twitter_site":"@sunoresearch","twitter_misc":{"Escrito por":"Beatriz Oliveira","Est. tempo de leitura":"3 minutos"},"schema":{"@context":"https:\/\/schema.org","@graph":[{"@type":"NewsArticle","@id":"https:\/\/www.suno.com.br\/noticias\/bolsonaro-recriar-ministerios-politicos\/#article","isPartOf":{"@id":"https:\/\/www.suno.com.br\/noticias\/bolsonaro-recriar-ministerios-politicos\/"},"author":{"name":"Beatriz Oliveira","@id":"https:\/\/www.suno.com.br\/noticias\/#\/schema\/person\/e67f665add014bf99f644028de070cc3"},"headline":"Bolsonaro cede e decide recriar dois minist\u00e9rios para entreg\u00e1-los a pol\u00edticos","datePublished":"2019-05-07T16:03:44+00:00","dateModified":"2019-05-07T16:40:22+00:00","mainEntityOfPage":{"@id":"https:\/\/www.suno.com.br\/noticias\/bolsonaro-recriar-ministerios-politicos\/"},"wordCount":627,"publisher":{"@id":"https:\/\/www.suno.com.br\/noticias\/#organization"},"image":{"@id":"https:\/\/www.suno.com.br\/noticias\/bolsonaro-recriar-ministerios-politicos\/#primaryimage"},"thumbnailUrl":"https:\/\/files.sunoresearch.com.br\/n\/uploads\/2019\/01\/23991aae-jair-bolsonaro-jpg.webp","keywords":["Economia"],"articleSection":["Pol\u00edtica"],"inLanguage":"pt-BR"},{"@type":"WebPage","@id":"https:\/\/www.suno.com.br\/noticias\/bolsonaro-recriar-ministerios-politicos\/","url":"https:\/\/www.suno.com.br\/noticias\/bolsonaro-recriar-ministerios-politicos\/","name":"Bolsonaro cede e decide recriar 2 minist\u00e9rios para entreg\u00e1-los a pol\u00edticos","isPartOf":{"@id":"https:\/\/www.suno.com.br\/noticias\/#website"},"primaryImageOfPage":{"@id":"https:\/\/www.suno.com.br\/noticias\/bolsonaro-recriar-ministerios-politicos\/#primaryimage"},"image":{"@id":"https:\/\/www.suno.com.br\/noticias\/bolsonaro-recriar-ministerios-politicos\/#primaryimage"},"thumbnailUrl":"https:\/\/files.sunoresearch.com.br\/n\/uploads\/2019\/01\/23991aae-jair-bolsonaro-jpg.webp","datePublished":"2019-05-07T16:03:44+00:00","dateModified":"2019-05-07T16:40:22+00:00","description":"A decis\u00e3o de Bolsonaro foi anunciada pelo relator da reforma administrativa. Os minist\u00e9rios seriam entregues ao comando de partidos. Entenda.","breadcrumb":{"@id":"https:\/\/www.suno.com.br\/noticias\/bolsonaro-recriar-ministerios-politicos\/#breadcrumb"},"inLanguage":"pt-BR","potentialAction":[{"@type":"ReadAction","target":["https:\/\/www.suno.com.br\/noticias\/bolsonaro-recriar-ministerios-politicos\/"]}]},{"@type":"ImageObject","inLanguage":"pt-BR","@id":"https:\/\/www.suno.com.br\/noticias\/bolsonaro-recriar-ministerios-politicos\/#primaryimage","url":"https:\/\/files.sunoresearch.com.br\/n\/uploads\/2019\/01\/23991aae-jair-bolsonaro-jpg.webp","contentUrl":"https:\/\/files.sunoresearch.com.br\/n\/uploads\/2019\/01\/23991aae-jair-bolsonaro-jpg.webp","width":1140,"height":760,"caption":"Coronavoucher: Bolsonaro negocia 'valor mais baixo' para parcelas extras"},{"@type":"BreadcrumbList","@id":"https:\/\/www.suno.com.br\/noticias\/bolsonaro-recriar-ministerios-politicos\/#breadcrumb","itemListElement":[{"@type":"ListItem","position":1,"name":"Not\u00edcias","item":"https:\/\/www.suno.com.br\/noticias\/"},{"@type":"ListItem","position":2,"name":"Pol\u00edtica","item":"https:\/\/www.suno.com.br\/noticias\/politica\/"},{"@type":"ListItem","position":3,"name":"Bolsonaro cede e decide recriar dois minist\u00e9rios para entreg\u00e1-los a pol\u00edticos"}]},{"@type":"WebSite","@id":"https:\/\/www.suno.com.br\/noticias\/#website","url":"https:\/\/www.suno.com.br\/noticias\/","name":"Suno Not\u00edcias","description":"Seu portal de informa\u00e7\u00e3o sobre o mundo dos investimentos","publisher":{"@id":"https:\/\/www.suno.com.br\/noticias\/#organization"},"potentialAction":[{"@type":"SearchAction","target":{"@type":"EntryPoint","urlTemplate":"https:\/\/www.suno.com.br\/noticias\/?s={search_term_string}"},"query-input":{"@type":"PropertyValueSpecification","valueRequired":true,"valueName":"search_term_string"}}],"inLanguage":"pt-BR"},{"@type":"Organization","@id":"https:\/\/www.suno.com.br\/noticias\/#organization","name":"Suno Not\u00edcias","url":"https:\/\/www.suno.com.br\/noticias\/","logo":{"@type":"ImageObject","inLanguage":"pt-BR","@id":"https:\/\/www.suno.com.br\/noticias\/#\/schema\/logo\/image\/","url":"https:\/\/files.sunoresearch.com.br\/n\/uploads\/2021\/09\/suno-logo.png","contentUrl":"https:\/\/files.sunoresearch.com.br\/n\/uploads\/2021\/09\/suno-logo.png","width":180,"height":180,"caption":"Suno Not\u00edcias"},"image":{"@id":"https:\/\/www.suno.com.br\/noticias\/#\/schema\/logo\/image\/"},"sameAs":["https:\/\/facebook.com\/sunoresearch","https:\/\/x.com\/sunoresearch","https:\/\/www.instagram.com\/suno","https:\/\/www.linkedin.com\/company\/suno-research\/","https:\/\/www.youtube.com\/c\/sunoresearch"]},{"@type":"Person","@id":"https:\/\/www.suno.com.br\/noticias\/#\/schema\/person\/e67f665add014bf99f644028de070cc3","name":"Beatriz Oliveira","image":{"@type":"ImageObject","inLanguage":"pt-BR","@id":"https:\/\/www.suno.com.br\/noticias\/#\/schema\/person\/image\/","url":"https:\/\/secure.gravatar.com\/avatar\/c9aa6a0aaecc598d257d5d5bd349157d?s=96&r=g","contentUrl":"https:\/\/secure.gravatar.com\/avatar\/c9aa6a0aaecc598d257d5d5bd349157d?s=96&r=g","caption":"Beatriz Oliveira"},"description":"Formada em Jornalismo pela Faculdade Paulus de Tecnologia e Comunica\u00e7\u00e3o, Beatriz Oliveira escreve para o portal de not\u00edcias Suno Research. Antes, passou pelas reda\u00e7\u00f5es da Revista EXAME e da Rede Bandeirantes.","url":"https:\/\/www.suno.com.br\/noticias\/author\/beatriz\/"}]}},"default_loop_html":"<div class=\"cardsPage__listCard__boxs\"><div class=\"cardsPage__listCard__boxs__img\"><a href=\"https:\/\/www.suno.com.br\/noticias\/bolsonaro-recriar-ministerios-politicos\/\"><img class=\"mask\" src=\"https:\/\/www.suno.com.br\/noticias\/wp-content\/themes\/suno\/resources\/images\/spotlight\/spotlight1img\/bg-mask.png\" alt=\"Image Mask\"\/><img src=\"https:\/\/files.sunoresearch.com.br\/n\/uploads\/2019\/01\/23991aae-jair-bolsonaro-400x200.webp\" alt=\"Bolsonaro cede e decide recriar dois minist\u00e9rios para entreg\u00e1-los a pol\u00edticos\"\/><\/a><span class=\"spotlightCategory\"><a href=\"https:\/\/www.suno.com.br\/noticias\/politica\/\">Pol\u00edtica<\/a><\/span><\/div><div class=\"cardsPage__listCard__boxs__content\"><a href=\"https:\/\/www.suno.com.br\/noticias\/bolsonaro-recriar-ministerios-politicos\/\"><h2 class=\"content__title\">Bolsonaro cede e decide recriar dois minist\u00e9rios para entreg\u00e1-los a pol\u00edticos<\/h2><\/a><div class=\"newsContent__article__meta\"><div class=\"newsContent__article__meta__authorBox\"><a href=\"https:\/\/www.suno.com.br\/noticias\/author\/beatriz\/\" class=\"authorBox__avatar noMobi\"><img src=\"https:\/\/secure.gravatar.com\/avatar\/c9aa6a0aaecc598d257d5d5bd349157d?s=96&#038;r=g\" alt=\"Beatriz Oliveira\"><\/a><div class=\"authorBox__name\"><span>por\n\t\t\t<a href=\"https:\/\/www.suno.com.br\/noticias\/author\/beatriz\/\"><span itemprop=\"author\">Beatriz Oliveira<\/span><\/a><\/span><time datetime=\"2019-05-07T13:03:44-03:00\" itemprop=\"datePublished\">07\/05\/2019 13:03<\/time><\/div><\/div><\/div><\/div><\/div>","single_layout":"posts","amp_enabled":true,"_links":{"self":[{"href":"https:\/\/www.suno.com.br\/noticias\/wp-json\/wp\/v2\/posts\/23575"}],"collection":[{"href":"https:\/\/www.suno.com.br\/noticias\/wp-json\/wp\/v2\/posts"}],"about":[{"href":"https:\/\/www.suno.com.br\/noticias\/wp-json\/wp\/v2\/types\/post"}],"author":[{"embeddable":true,"href":"https:\/\/www.suno.com.br\/noticias\/wp-json\/wp\/v2\/users\/16"}],"replies":[{"embeddable":true,"href":"https:\/\/www.suno.com.br\/noticias\/wp-json\/wp\/v2\/comments?post=23575"}],"version-history":[{"count":0,"href":"https:\/\/www.suno.com.br\/noticias\/wp-json\/wp\/v2\/posts\/23575\/revisions"}],"wp:featuredmedia":[{"embeddable":true,"href":"https:\/\/www.suno.com.br\/noticias\/wp-json\/wp\/v2\/media\/12214"}],"wp:attachment":[{"href":"https:\/\/www.suno.com.br\/noticias\/wp-json\/wp\/v2\/media?parent=23575"}],"wp:term":[{"taxonomy":"category","embeddable":true,"href":"https:\/\/www.suno.com.br\/noticias\/wp-json\/wp\/v2\/categories?post=23575"},{"taxonomy":"post_tag","embeddable":true,"href":"https:\/\/www.suno.com.br\/noticias\/wp-json\/wp\/v2\/tags?post=23575"},{"taxonomy":"suno_strategy","embeddable":true,"href":"https:\/\/www.suno.com.br\/noticias\/wp-json\/wp\/v2\/suno_strategy?post=23575"}],"curies":[{"name":"wp","href":"https:\/\/api.w.org\/{rel}","templated":true}]}}