{"id":235693,"date":"2022-02-25T11:13:14","date_gmt":"2022-02-25T14:13:14","guid":{"rendered":"https:\/\/www.suno.com.br\/noticias\/?p=235693"},"modified":"2022-02-25T11:13:14","modified_gmt":"2022-02-25T14:13:14","slug":"dolar-sobe-em-meio-pressoes","status":"publish","type":"post","link":"https:\/\/www.suno.com.br\/noticias\/dolar-sobe-em-meio-pressoes\/","title":{"rendered":"D\u00f3lar sobe a R$ 5,13 em meio a press\u00f5es de comprados na Ptax"},"content":{"rendered":"<p>O d\u00f3lar segue vol\u00e1til, volta a subir e renovou m\u00e1xima a R$ 5,1312 h\u00e1 pouco no mercado \u00e1 vista. O dia \u00e9 de disputa t\u00e9cnica no <a class=\"suno-keyword\" href=\"https:\/\/www.suno.com.br\/artigos\/cambio\/\" target=\"_blank\" rel=\"noopener\" data-force=\"no\" data-priority=\"2\">mercado de c\u00e2mbio<\/a> em torno da forma\u00e7\u00e3o da taxa Ptax de hoje, que \u00e9 a \u00faltima de fevereiro, uma vez que na segunda-feira a B3 e os bancos n\u00e3o devem funcionar por causa do carnaval, embora a festa popular tenha sido adiada para abril no Estado de S\u00e3o Paulo, afirma o diretor Jefferson Rugik, da corretora Correparti.<\/p>\t<div class=\"wrapper-featured-image\">\n\t\t<figure class=\"spotlightImg\">\n\n\t\t\t<picture>\n\t\t\t\t<source media=\"(max-width: 768px)\" srcset=\"https:\/\/files.sunoresearch.com.br\/n\/uploads\/2021\/04\/9a3c9edc-pexels-pixabay-164527-400x200.jpg\">\n\t\t\t\t<img loading=\"lazy\" decoding=\"async\" class=\"newsContent__article__imgCapa lazyloadDisabled \" src=\"https:\/\/files.sunoresearch.com.br\/n\/uploads\/2021\/04\/9a3c9edc-pexels-pixabay-164527-800x450.jpg\" width=\"800\" height=\"450\" alt=\"D\u00f3lar sobe a R$ 5,13 em meio a press\u00f5es de comprados na Ptax\" fetchpriority=high \/>\n\t\t\t<\/picture>\n\n\t\t\t<figcaption class=\"wp-caption-text wp-caption-text--show\">D\u00f3lar. Foto: Pixabay<\/figcaption>\n\t\t<\/figure>\n\t<\/div>\n\n\n\t<p>\n\t\t<a href=\"https:\/\/lp.suno.com.br\/planilha-controle-gastos\/\" target=\"_blank\" data-element=\"shortcode-suno-banner\" title=\"Banner SUNO, clique e saiba mais\">\n\t\t\t<picture>\n\t\t\t\t<source media=\"(max-width: 500px)\" srcset=\"https:\/\/files.sunoresearch.com.br\/n\/uploads\/2023\/03\/400x300-Planilha-controle-de-gastos.png\">\n\t\t\t\t<img class=\"newsContent__article__imgCapa newsContent__article__imgCapa--banner\"\n\t\t\t\t\tsrc=\"https:\/\/files.sunoresearch.com.br\/n\/uploads\/2023\/03\/1420x240-Planilha-controle-de-gastos.png\"\n\t\t\t\t\tdata-promo-id=\"101751\"\t\t\t\t\t\t\t\t\t\twidth='1420' height='240'\t\t\t\t\talt=\"https:\/\/files.sunoresearch.com.br\/n\/uploads\/2023\/03\/1420x240-Planilha-controle-de-gastos.png\"\n\t\t\t\t>\n\t\t\t<\/picture>\n\t\t<\/a>\n\t<\/p>\n\n\n<p>\u00c0s 11h10 desta sexta, o <strong>d\u00f3lar hoje<\/strong> subia 0,11%, a R$ 5,13. O <a class=\"suno-keyword\" href=\"https:\/\/www.suno.com.br\/artigos\/dolar-futuro\/\" target=\"_blank\" rel=\"noopener\" data-force=\"no\" data-priority=\"1\">d\u00f3lar futuro<\/a> para mar\u00e7o cedia 0,69%, a R$ 5,09.<\/p>\n<p>&#8220;A briga entre vendidos (investidores que defendem a <a class=\"suno-keyword\" href=\"https:\/\/www.suno.com.br\/artigos\/queda-dolar\/\" target=\"_blank\" rel=\"noopener\" data-force=\"no\" data-priority=\"1\">queda do d\u00f3lar<\/a>) e comprados (apostaram na alta da moeda) em c\u00e2mbio justifica o vaiv\u00e9m do d\u00f3lar \u00e0 vista, que \u00e9 a refer\u00eancia para a forma\u00e7\u00e3o da <strong>Ptax<\/strong>, a ser divulgada depois das 13 horas&#8221;, comentou a fonte. &#8220;O d\u00f3lar ensaia uma recupera\u00e7\u00e3o, puxado pelos comprados em c\u00e2mbio, na tentativa de diminuir a desvantagem acumulada no m\u00eas, mas os vendidos parecem um pouco mais fortes, ajudados pela fragilidade do d\u00f3lar no exterior ante divisas principais e principalmente frente aos pares do real, como peso mexicano e peso chileno&#8221;, comparou.<\/p>\n<p>Apesar da acelera\u00e7\u00e3o do<strong> IGP-M<\/strong> de fevereiro, a 1,83% ante 1,82% em janeiro, o resultado ficou abaixo da mediana da pesquisa Proje\u00e7\u00f5es Broadcast, que indicava alta de 1,86%. Ainda assim, o indicador de infla\u00e7\u00e3o vem ap\u00f3s o forte IPCA-15 do m\u00eas acima do esperado e refor\u00e7a a perspectiva de novas altas da Selic.<\/p>\n\t<p>\n\t\t<a href=\"https:\/\/lp.suno.com.br\/planilha-da-vida-financeira\/\" target=\"_blank\" data-element=\"shortcode-suno-banner\" title=\"Banner SUNO, clique e saiba mais\">\n\t\t\t<picture>\n\t\t\t\t<source media=\"(max-width: 500px)\" srcset=\"https:\/\/files.sunoresearch.com.br\/n\/uploads\/2023\/04\/400x300-Planilha-vida-financeira-true.png\">\n\t\t\t\t<img class=\"newsContent__article__imgCapa newsContent__article__imgCapa--banner\"\n\t\t\t\t\tsrc=\"https:\/\/files.sunoresearch.com.br\/n\/uploads\/2023\/04\/1420x240-Planilha-vida-financeira-true.png\"\n\t\t\t\t\tdata-promo-id=\"106682\"\t\t\t\t\t\t\t\t\t\twidth='1420' height='240'\t\t\t\t\talt=\"https:\/\/files.sunoresearch.com.br\/n\/uploads\/2023\/04\/1420x240-Planilha-vida-financeira-true.png\"\n\t\t\t\t>\n\t\t\t<\/picture>\n\t\t<\/a>\n\t<\/p>\n\n\n<p>J\u00e1 as turbul\u00eancias geopol\u00edticas no leste europeu apoiam previs\u00f5es de uma abordagem mais cautelosa pelos BCs dos pa\u00edses desenvolvidos, como o Federal Reserve americano. Por isso, \u00e9 poss\u00edvel que o diferencial de juros favor\u00e1vel ao Brasil esteja apoiando ingresso de investidores estrangeiros no mercado de c\u00e2mbio, disse um operador de c\u00e2mbio, ap\u00f3s uma pausa vista ontem no fluxo de entrada desses players por causa dos temores com a guerra na Ucr\u00e2nia.<\/p>\n<p>No monitoramento feito pelo CME Group, no fim da tarde de quinta-feira, 86,7% das apostas eram de uma alta de 25 pontos-base nos juros pelo Fed em mar\u00e7o, com 13,3% delas sendo por uma eleva\u00e7\u00e3o de 50 pontos-base.<\/p>\n<h2>\u00daltima cota\u00e7\u00e3o do d\u00f3lar<\/h2>\n<p>Na \u00faltima sess\u00e3o, quinta-feira (24), o <strong>d\u00f3lar<\/strong> encerrou o preg\u00e3o em forte alta de 2%, negociado a R$ 5,10.<\/p>\n\t<p>\n\t\t<a href=\"https:\/\/lp.suno.com.br\/planilha-de-controle-de-investimentos\/\" target=\"_blank\" data-element=\"shortcode-suno-banner\" title=\"Banner SUNO, clique e saiba mais\">\n\t\t\t<picture>\n\t\t\t\t<source media=\"(max-width: 500px)\" srcset=\"https:\/\/files.sunoresearch.com.br\/n\/uploads\/2023\/03\/400x300-Controle-de-Investimentos.png\">\n\t\t\t\t<img class=\"newsContent__article__imgCapa newsContent__article__imgCapa--banner\"\n\t\t\t\t\tsrc=\"https:\/\/files.sunoresearch.com.br\/n\/uploads\/2023\/03\/1420x240-Controle-de-Investimentos.png\"\n\t\t\t\t\tdata-promo-id=\"75934\"\t\t\t\t\t\t\t\t\t\twidth='1420' height='240'\t\t\t\t\talt=\"https:\/\/files.sunoresearch.com.br\/n\/uploads\/2023\/03\/1420x240-Controle-de-Investimentos.png\"\n\t\t\t\t>\n\t\t\t<\/picture>\n\t\t<\/a>\n\t<\/p>\n\n\n","protected":false},"excerpt":{"rendered":"<p>O d\u00f3lar segue vol\u00e1til, volta a subir e renovou m\u00e1xima a R$ 5,1312 h\u00e1 pouco no mercado \u00e1 vista. O dia \u00e9 de disputa t\u00e9cnica no mercado de c\u00e2mbio em torno da forma\u00e7\u00e3o da taxa Ptax de hoje, que \u00e9 a \u00faltima de fevereiro, uma vez que na segunda-feira a B3 e os bancos n\u00e3o [&hellip;]<\/p>\n","protected":false},"author":15,"featured_media":137388,"comment_status":"closed","ping_status":"closed","sticky":false,"template":"","format":"standard","meta":[],"categories":[60],"tags":[326,1852],"suno_strategy":[],"class_list":["post-235693","post","type-post","status-publish","format-standard","has-post-thumbnail","hentry","category-mercado","tag-dolar","tag-dolar-futuro"],"yoast_head":"<!-- This site is optimized with the Yoast SEO plugin v24.4 - https:\/\/yoast.com\/wordpress\/plugins\/seo\/ -->\n<title>D\u00f3lar sobe a R$ 5,13 em meio a press\u00f5es de comprados na Ptax<\/title>\n<meta name=\"description\" content=\"\u00c0s 11h10 desta sexta, o d\u00f3lar hoje subia 0,11%, a R$ 5,13. O d\u00f3lar futuro para mar\u00e7o cedia 0,69%, a R$ 5,09. Clique aqui e saiba mais\" \/>\n<meta name=\"robots\" content=\"index, follow, max-snippet:-1, max-image-preview:large, max-video-preview:-1\" \/>\n<link rel=\"canonical\" href=\"https:\/\/www.suno.com.br\/noticias\/dolar-sobe-em-meio-pressoes\/\" \/>\n<meta property=\"og:locale\" content=\"pt_BR\" \/>\n<meta property=\"og:type\" content=\"article\" \/>\n<meta property=\"og:title\" content=\"D\u00f3lar sobe a R$ 5,13 em meio a press\u00f5es de comprados na Ptax\" \/>\n<meta property=\"og:description\" content=\"\u00c0s 11h10 desta sexta, o d\u00f3lar hoje subia 0,11%, a R$ 5,13. O d\u00f3lar futuro para mar\u00e7o cedia 0,69%, a R$ 5,09. Clique aqui e saiba mais\" \/>\n<meta property=\"og:url\" content=\"https:\/\/www.suno.com.br\/noticias\/dolar-sobe-em-meio-pressoes\/\" \/>\n<meta property=\"og:site_name\" content=\"Suno Not\u00edcias\" \/>\n<meta property=\"article:publisher\" content=\"https:\/\/facebook.com\/sunoresearch\" \/>\n<meta property=\"og:image\" content=\"https:\/\/files.sunoresearch.com.br\/n\/uploads\/2021\/04\/9a3c9edc-pexels-pixabay-164527-scaled.jpg\" \/>\n\t<meta property=\"og:image:width\" content=\"2560\" \/>\n\t<meta property=\"og:image:height\" content=\"1707\" \/>\n\t<meta property=\"og:image:type\" content=\"image\/jpeg\" \/>\n<meta name=\"author\" content=\"Poliana Santos\" \/>\n<meta name=\"twitter:card\" content=\"summary_large_image\" \/>\n<meta name=\"twitter:creator\" content=\"@sunoresearch\" \/>\n<meta name=\"twitter:site\" content=\"@sunoresearch\" \/>\n<meta name=\"twitter:label1\" content=\"Escrito por\" \/>\n\t<meta name=\"twitter:data1\" content=\"Poliana Santos\" \/>\n\t<meta name=\"twitter:label2\" content=\"Est. tempo de leitura\" \/>\n\t<meta name=\"twitter:data2\" content=\"2 minutos\" \/>\n<script type=\"application\/ld+json\" class=\"yoast-schema-graph\">{\"@context\":\"https:\/\/schema.org\",\"@graph\":[{\"@type\":\"NewsArticle\",\"@id\":\"https:\/\/www.suno.com.br\/noticias\/dolar-sobe-em-meio-pressoes\/#article\",\"isPartOf\":{\"@id\":\"https:\/\/www.suno.com.br\/noticias\/dolar-sobe-em-meio-pressoes\/\"},\"author\":{\"name\":\"Poliana Santos\",\"@id\":\"https:\/\/www.suno.com.br\/noticias\/#\/schema\/person\/02ec1f752758247878a2bf4abee1aeda\"},\"headline\":\"D\u00f3lar sobe a R$ 5,13 em meio a press\u00f5es de comprados na Ptax\",\"datePublished\":\"2022-02-25T14:13:14+00:00\",\"mainEntityOfPage\":{\"@id\":\"https:\/\/www.suno.com.br\/noticias\/dolar-sobe-em-meio-pressoes\/\"},\"wordCount\":433,\"publisher\":{\"@id\":\"https:\/\/www.suno.com.br\/noticias\/#organization\"},\"image\":{\"@id\":\"https:\/\/www.suno.com.br\/noticias\/dolar-sobe-em-meio-pressoes\/#primaryimage\"},\"thumbnailUrl\":\"https:\/\/files.sunoresearch.com.br\/n\/uploads\/2021\/04\/9a3c9edc-pexels-pixabay-164527-scaled.jpg\",\"keywords\":[\"d\u00f3lar\",\"d\u00f3lar futuro\"],\"articleSection\":[\"Mercado\"],\"inLanguage\":\"pt-BR\"},{\"@type\":\"WebPage\",\"@id\":\"https:\/\/www.suno.com.br\/noticias\/dolar-sobe-em-meio-pressoes\/\",\"url\":\"https:\/\/www.suno.com.br\/noticias\/dolar-sobe-em-meio-pressoes\/\",\"name\":\"D\u00f3lar sobe a R$ 5,13 em meio a press\u00f5es de comprados na Ptax\",\"isPartOf\":{\"@id\":\"https:\/\/www.suno.com.br\/noticias\/#website\"},\"primaryImageOfPage\":{\"@id\":\"https:\/\/www.suno.com.br\/noticias\/dolar-sobe-em-meio-pressoes\/#primaryimage\"},\"image\":{\"@id\":\"https:\/\/www.suno.com.br\/noticias\/dolar-sobe-em-meio-pressoes\/#primaryimage\"},\"thumbnailUrl\":\"https:\/\/files.sunoresearch.com.br\/n\/uploads\/2021\/04\/9a3c9edc-pexels-pixabay-164527-scaled.jpg\",\"datePublished\":\"2022-02-25T14:13:14+00:00\",\"description\":\"\u00c0s 11h10 desta sexta, o d\u00f3lar hoje subia 0,11%, a R$ 5,13. O d\u00f3lar futuro para mar\u00e7o cedia 0,69%, a R$ 5,09. Clique aqui e saiba mais\",\"breadcrumb\":{\"@id\":\"https:\/\/www.suno.com.br\/noticias\/dolar-sobe-em-meio-pressoes\/#breadcrumb\"},\"inLanguage\":\"pt-BR\",\"potentialAction\":[{\"@type\":\"ReadAction\",\"target\":[\"https:\/\/www.suno.com.br\/noticias\/dolar-sobe-em-meio-pressoes\/\"]}]},{\"@type\":\"ImageObject\",\"inLanguage\":\"pt-BR\",\"@id\":\"https:\/\/www.suno.com.br\/noticias\/dolar-sobe-em-meio-pressoes\/#primaryimage\",\"url\":\"https:\/\/files.sunoresearch.com.br\/n\/uploads\/2021\/04\/9a3c9edc-pexels-pixabay-164527-scaled.jpg\",\"contentUrl\":\"https:\/\/files.sunoresearch.com.br\/n\/uploads\/2021\/04\/9a3c9edc-pexels-pixabay-164527-scaled.jpg\",\"width\":2560,\"height\":1707,\"caption\":\"D\u00f3lar. Foto: Pixabay\"},{\"@type\":\"BreadcrumbList\",\"@id\":\"https:\/\/www.suno.com.br\/noticias\/dolar-sobe-em-meio-pressoes\/#breadcrumb\",\"itemListElement\":[{\"@type\":\"ListItem\",\"position\":1,\"name\":\"Not\u00edcias\",\"item\":\"https:\/\/www.suno.com.br\/noticias\/\"},{\"@type\":\"ListItem\",\"position\":2,\"name\":\"Mercado\",\"item\":\"https:\/\/www.suno.com.br\/noticias\/mercado\/\"},{\"@type\":\"ListItem\",\"position\":3,\"name\":\"D\u00f3lar sobe a R$ 5,13 em meio a press\u00f5es de comprados na Ptax\"}]},{\"@type\":\"WebSite\",\"@id\":\"https:\/\/www.suno.com.br\/noticias\/#website\",\"url\":\"https:\/\/www.suno.com.br\/noticias\/\",\"name\":\"Suno Not\u00edcias\",\"description\":\"Seu portal de informa\u00e7\u00e3o sobre o mundo dos investimentos\",\"publisher\":{\"@id\":\"https:\/\/www.suno.com.br\/noticias\/#organization\"},\"potentialAction\":[{\"@type\":\"SearchAction\",\"target\":{\"@type\":\"EntryPoint\",\"urlTemplate\":\"https:\/\/www.suno.com.br\/noticias\/?s={search_term_string}\"},\"query-input\":{\"@type\":\"PropertyValueSpecification\",\"valueRequired\":true,\"valueName\":\"search_term_string\"}}],\"inLanguage\":\"pt-BR\"},{\"@type\":\"Organization\",\"@id\":\"https:\/\/www.suno.com.br\/noticias\/#organization\",\"name\":\"Suno Not\u00edcias\",\"url\":\"https:\/\/www.suno.com.br\/noticias\/\",\"logo\":{\"@type\":\"ImageObject\",\"inLanguage\":\"pt-BR\",\"@id\":\"https:\/\/www.suno.com.br\/noticias\/#\/schema\/logo\/image\/\",\"url\":\"https:\/\/files.sunoresearch.com.br\/n\/uploads\/2021\/09\/suno-logo.png\",\"contentUrl\":\"https:\/\/files.sunoresearch.com.br\/n\/uploads\/2021\/09\/suno-logo.png\",\"width\":180,\"height\":180,\"caption\":\"Suno Not\u00edcias\"},\"image\":{\"@id\":\"https:\/\/www.suno.com.br\/noticias\/#\/schema\/logo\/image\/\"},\"sameAs\":[\"https:\/\/facebook.com\/sunoresearch\",\"https:\/\/x.com\/sunoresearch\",\"https:\/\/www.instagram.com\/suno\",\"https:\/\/www.linkedin.com\/company\/suno-research\/\",\"https:\/\/www.youtube.com\/c\/sunoresearch\"]},{\"@type\":\"Person\",\"@id\":\"https:\/\/www.suno.com.br\/noticias\/#\/schema\/person\/02ec1f752758247878a2bf4abee1aeda\",\"name\":\"Poliana Santos\",\"image\":{\"@type\":\"ImageObject\",\"inLanguage\":\"pt-BR\",\"@id\":\"https:\/\/www.suno.com.br\/noticias\/#\/schema\/person\/image\/\",\"url\":\"https:\/\/secure.gravatar.com\/avatar\/0645bd32f23d87b2130f2b2dff1d3f8d?s=96&r=g\",\"contentUrl\":\"https:\/\/secure.gravatar.com\/avatar\/0645bd32f23d87b2130f2b2dff1d3f8d?s=96&r=g\",\"caption\":\"Poliana Santos\"},\"description\":\"Rep\u00f3rter no Suno Not\u00edcias, com cobertura em mercado financeiro, economia, finan\u00e7as pessoais, renda fixa e varejo. Jornalista formada pela Faculdade C\u00e1sper L\u00edbero e possui passagem na R\u00e1dio Gazeta AM com a produ\u00e7\u00e3o de conte\u00fado sobre economia, pol\u00edtica, sa\u00fade, moda e m\u00fasica. Possui certificado de conclus\u00e3o do curso de An\u00e1lise de Balan\u00e7os pela Funda\u00e7\u00e3o Bradesco, Agenda Brasil pela FAAP, Educa\u00e7\u00e3o Pol\u00edtica por Alexandre Garcia e do Tesouro Direto e Mercado de A\u00e7\u00f5es pela B3.\",\"url\":\"https:\/\/www.suno.com.br\/noticias\/author\/poliana-santos\/\"}]}<\/script>\n<!-- \/ Yoast SEO plugin. -->","yoast_head_json":{"title":"D\u00f3lar sobe a R$ 5,13 em meio a press\u00f5es de comprados na Ptax","description":"\u00c0s 11h10 desta sexta, o d\u00f3lar hoje subia 0,11%, a R$ 5,13. O d\u00f3lar futuro para mar\u00e7o cedia 0,69%, a R$ 5,09. Clique aqui e saiba mais","robots":{"index":"index","follow":"follow","max-snippet":"max-snippet:-1","max-image-preview":"max-image-preview:large","max-video-preview":"max-video-preview:-1"},"canonical":"https:\/\/www.suno.com.br\/noticias\/dolar-sobe-em-meio-pressoes\/","og_locale":"pt_BR","og_type":"article","og_title":"D\u00f3lar sobe a R$ 5,13 em meio a press\u00f5es de comprados na Ptax","og_description":"\u00c0s 11h10 desta sexta, o d\u00f3lar hoje subia 0,11%, a R$ 5,13. O d\u00f3lar futuro para mar\u00e7o cedia 0,69%, a R$ 5,09. Clique aqui e saiba mais","og_url":"https:\/\/www.suno.com.br\/noticias\/dolar-sobe-em-meio-pressoes\/","og_site_name":"Suno Not\u00edcias","article_publisher":"https:\/\/facebook.com\/sunoresearch","og_image":[{"width":2560,"height":1707,"url":"https:\/\/files.sunoresearch.com.br\/n\/uploads\/2021\/04\/9a3c9edc-pexels-pixabay-164527-scaled.jpg","type":"image\/jpeg"}],"author":"Poliana Santos","twitter_card":"summary_large_image","twitter_creator":"@sunoresearch","twitter_site":"@sunoresearch","twitter_misc":{"Escrito por":"Poliana Santos","Est. tempo de leitura":"2 minutos"},"schema":{"@context":"https:\/\/schema.org","@graph":[{"@type":"NewsArticle","@id":"https:\/\/www.suno.com.br\/noticias\/dolar-sobe-em-meio-pressoes\/#article","isPartOf":{"@id":"https:\/\/www.suno.com.br\/noticias\/dolar-sobe-em-meio-pressoes\/"},"author":{"name":"Poliana Santos","@id":"https:\/\/www.suno.com.br\/noticias\/#\/schema\/person\/02ec1f752758247878a2bf4abee1aeda"},"headline":"D\u00f3lar sobe a R$ 5,13 em meio a press\u00f5es de comprados na Ptax","datePublished":"2022-02-25T14:13:14+00:00","mainEntityOfPage":{"@id":"https:\/\/www.suno.com.br\/noticias\/dolar-sobe-em-meio-pressoes\/"},"wordCount":433,"publisher":{"@id":"https:\/\/www.suno.com.br\/noticias\/#organization"},"image":{"@id":"https:\/\/www.suno.com.br\/noticias\/dolar-sobe-em-meio-pressoes\/#primaryimage"},"thumbnailUrl":"https:\/\/files.sunoresearch.com.br\/n\/uploads\/2021\/04\/9a3c9edc-pexels-pixabay-164527-scaled.jpg","keywords":["d\u00f3lar","d\u00f3lar futuro"],"articleSection":["Mercado"],"inLanguage":"pt-BR"},{"@type":"WebPage","@id":"https:\/\/www.suno.com.br\/noticias\/dolar-sobe-em-meio-pressoes\/","url":"https:\/\/www.suno.com.br\/noticias\/dolar-sobe-em-meio-pressoes\/","name":"D\u00f3lar sobe a R$ 5,13 em meio a press\u00f5es de comprados na Ptax","isPartOf":{"@id":"https:\/\/www.suno.com.br\/noticias\/#website"},"primaryImageOfPage":{"@id":"https:\/\/www.suno.com.br\/noticias\/dolar-sobe-em-meio-pressoes\/#primaryimage"},"image":{"@id":"https:\/\/www.suno.com.br\/noticias\/dolar-sobe-em-meio-pressoes\/#primaryimage"},"thumbnailUrl":"https:\/\/files.sunoresearch.com.br\/n\/uploads\/2021\/04\/9a3c9edc-pexels-pixabay-164527-scaled.jpg","datePublished":"2022-02-25T14:13:14+00:00","description":"\u00c0s 11h10 desta sexta, o d\u00f3lar hoje subia 0,11%, a R$ 5,13. O d\u00f3lar futuro para mar\u00e7o cedia 0,69%, a R$ 5,09. Clique aqui e saiba mais","breadcrumb":{"@id":"https:\/\/www.suno.com.br\/noticias\/dolar-sobe-em-meio-pressoes\/#breadcrumb"},"inLanguage":"pt-BR","potentialAction":[{"@type":"ReadAction","target":["https:\/\/www.suno.com.br\/noticias\/dolar-sobe-em-meio-pressoes\/"]}]},{"@type":"ImageObject","inLanguage":"pt-BR","@id":"https:\/\/www.suno.com.br\/noticias\/dolar-sobe-em-meio-pressoes\/#primaryimage","url":"https:\/\/files.sunoresearch.com.br\/n\/uploads\/2021\/04\/9a3c9edc-pexels-pixabay-164527-scaled.jpg","contentUrl":"https:\/\/files.sunoresearch.com.br\/n\/uploads\/2021\/04\/9a3c9edc-pexels-pixabay-164527-scaled.jpg","width":2560,"height":1707,"caption":"D\u00f3lar. Foto: Pixabay"},{"@type":"BreadcrumbList","@id":"https:\/\/www.suno.com.br\/noticias\/dolar-sobe-em-meio-pressoes\/#breadcrumb","itemListElement":[{"@type":"ListItem","position":1,"name":"Not\u00edcias","item":"https:\/\/www.suno.com.br\/noticias\/"},{"@type":"ListItem","position":2,"name":"Mercado","item":"https:\/\/www.suno.com.br\/noticias\/mercado\/"},{"@type":"ListItem","position":3,"name":"D\u00f3lar sobe a R$ 5,13 em meio a press\u00f5es de comprados na Ptax"}]},{"@type":"WebSite","@id":"https:\/\/www.suno.com.br\/noticias\/#website","url":"https:\/\/www.suno.com.br\/noticias\/","name":"Suno Not\u00edcias","description":"Seu portal de informa\u00e7\u00e3o sobre o mundo dos investimentos","publisher":{"@id":"https:\/\/www.suno.com.br\/noticias\/#organization"},"potentialAction":[{"@type":"SearchAction","target":{"@type":"EntryPoint","urlTemplate":"https:\/\/www.suno.com.br\/noticias\/?s={search_term_string}"},"query-input":{"@type":"PropertyValueSpecification","valueRequired":true,"valueName":"search_term_string"}}],"inLanguage":"pt-BR"},{"@type":"Organization","@id":"https:\/\/www.suno.com.br\/noticias\/#organization","name":"Suno Not\u00edcias","url":"https:\/\/www.suno.com.br\/noticias\/","logo":{"@type":"ImageObject","inLanguage":"pt-BR","@id":"https:\/\/www.suno.com.br\/noticias\/#\/schema\/logo\/image\/","url":"https:\/\/files.sunoresearch.com.br\/n\/uploads\/2021\/09\/suno-logo.png","contentUrl":"https:\/\/files.sunoresearch.com.br\/n\/uploads\/2021\/09\/suno-logo.png","width":180,"height":180,"caption":"Suno Not\u00edcias"},"image":{"@id":"https:\/\/www.suno.com.br\/noticias\/#\/schema\/logo\/image\/"},"sameAs":["https:\/\/facebook.com\/sunoresearch","https:\/\/x.com\/sunoresearch","https:\/\/www.instagram.com\/suno","https:\/\/www.linkedin.com\/company\/suno-research\/","https:\/\/www.youtube.com\/c\/sunoresearch"]},{"@type":"Person","@id":"https:\/\/www.suno.com.br\/noticias\/#\/schema\/person\/02ec1f752758247878a2bf4abee1aeda","name":"Poliana Santos","image":{"@type":"ImageObject","inLanguage":"pt-BR","@id":"https:\/\/www.suno.com.br\/noticias\/#\/schema\/person\/image\/","url":"https:\/\/secure.gravatar.com\/avatar\/0645bd32f23d87b2130f2b2dff1d3f8d?s=96&r=g","contentUrl":"https:\/\/secure.gravatar.com\/avatar\/0645bd32f23d87b2130f2b2dff1d3f8d?s=96&r=g","caption":"Poliana Santos"},"description":"Rep\u00f3rter no Suno Not\u00edcias, com cobertura em mercado financeiro, economia, finan\u00e7as pessoais, renda fixa e varejo. Jornalista formada pela Faculdade C\u00e1sper L\u00edbero e possui passagem na R\u00e1dio Gazeta AM com a produ\u00e7\u00e3o de conte\u00fado sobre economia, pol\u00edtica, sa\u00fade, moda e m\u00fasica. Possui certificado de conclus\u00e3o do curso de An\u00e1lise de Balan\u00e7os pela Funda\u00e7\u00e3o Bradesco, Agenda Brasil pela FAAP, Educa\u00e7\u00e3o Pol\u00edtica por Alexandre Garcia e do Tesouro Direto e Mercado de A\u00e7\u00f5es pela B3.","url":"https:\/\/www.suno.com.br\/noticias\/author\/poliana-santos\/"}]}},"default_loop_html":"<div class=\"cardsPage__listCard__boxs\"><div class=\"cardsPage__listCard__boxs__img\"><a href=\"https:\/\/www.suno.com.br\/noticias\/dolar-sobe-em-meio-pressoes\/\"><img class=\"mask\" src=\"https:\/\/www.suno.com.br\/noticias\/wp-content\/themes\/suno\/resources\/images\/spotlight\/spotlight1img\/bg-mask.png\" alt=\"Image Mask\"\/><img src=\"https:\/\/files.sunoresearch.com.br\/n\/uploads\/2021\/04\/9a3c9edc-pexels-pixabay-164527-400x200.jpg\" alt=\"D\u00f3lar sobe a R$ 5,13 em meio a press\u00f5es de comprados na Ptax\"\/><\/a><span class=\"spotlightCategory\"><a href=\"https:\/\/www.suno.com.br\/noticias\/mercado\/\">Mercado<\/a><\/span><\/div><div class=\"cardsPage__listCard__boxs__content\"><a href=\"https:\/\/www.suno.com.br\/noticias\/dolar-sobe-em-meio-pressoes\/\"><h2 class=\"content__title\">D\u00f3lar sobe a R$ 5,13 em meio a press\u00f5es de comprados na Ptax<\/h2><\/a><div class=\"newsContent__article__meta\"><div class=\"newsContent__article__meta__authorBox\"><a href=\"https:\/\/www.suno.com.br\/noticias\/author\/poliana-santos\/\" class=\"authorBox__avatar noMobi\"><img src=\"https:\/\/files.sunoresearch.com.br\/n\/uploads\/2020\/08\/7ef34026-whatsapp-image-2020-08-03-at-12.37.57-150x150.webp\" alt=\"Poliana Santos\"><\/a><div class=\"authorBox__name\"><span>por\n\t\t\t<a href=\"https:\/\/www.suno.com.br\/noticias\/author\/poliana-santos\/\"><span itemprop=\"author\">Poliana Santos<\/span><\/a><\/span><time datetime=\"2022-02-25T11:13:14-03:00\" itemprop=\"datePublished\">25\/02\/2022 11:13<\/time><\/div><\/div><\/div><\/div><\/div>","single_layout":"posts","amp_enabled":true,"_links":{"self":[{"href":"https:\/\/www.suno.com.br\/noticias\/wp-json\/wp\/v2\/posts\/235693"}],"collection":[{"href":"https:\/\/www.suno.com.br\/noticias\/wp-json\/wp\/v2\/posts"}],"about":[{"href":"https:\/\/www.suno.com.br\/noticias\/wp-json\/wp\/v2\/types\/post"}],"author":[{"embeddable":true,"href":"https:\/\/www.suno.com.br\/noticias\/wp-json\/wp\/v2\/users\/15"}],"replies":[{"embeddable":true,"href":"https:\/\/www.suno.com.br\/noticias\/wp-json\/wp\/v2\/comments?post=235693"}],"version-history":[{"count":2,"href":"https:\/\/www.suno.com.br\/noticias\/wp-json\/wp\/v2\/posts\/235693\/revisions"}],"predecessor-version":[{"id":235703,"href":"https:\/\/www.suno.com.br\/noticias\/wp-json\/wp\/v2\/posts\/235693\/revisions\/235703"}],"wp:featuredmedia":[{"embeddable":true,"href":"https:\/\/www.suno.com.br\/noticias\/wp-json\/wp\/v2\/media\/137388"}],"wp:attachment":[{"href":"https:\/\/www.suno.com.br\/noticias\/wp-json\/wp\/v2\/media?parent=235693"}],"wp:term":[{"taxonomy":"category","embeddable":true,"href":"https:\/\/www.suno.com.br\/noticias\/wp-json\/wp\/v2\/categories?post=235693"},{"taxonomy":"post_tag","embeddable":true,"href":"https:\/\/www.suno.com.br\/noticias\/wp-json\/wp\/v2\/tags?post=235693"},{"taxonomy":"suno_strategy","embeddable":true,"href":"https:\/\/www.suno.com.br\/noticias\/wp-json\/wp\/v2\/suno_strategy?post=235693"}],"curies":[{"name":"wp","href":"https:\/\/api.w.org\/{rel}","templated":true}]}}