{"id":235579,"date":"2022-02-28T10:00:23","date_gmt":"2022-02-28T13:00:23","guid":{"rendered":"https:\/\/www.suno.com.br\/noticias\/?p=235579"},"modified":"2022-03-03T12:35:07","modified_gmt":"2022-03-03T15:35:07","slug":"imposto-de-renda-2022-declaracao-marco","status":"publish","type":"post","link":"https:\/\/www.suno.com.br\/noticias\/imposto-de-renda-2022-declaracao-marco\/","title":{"rendered":"Imposto de Renda 2022: declara\u00e7\u00e3o come\u00e7a em mar\u00e7o; veja novos prazos e regras"},"content":{"rendered":"<p>A declara\u00e7\u00e3o do <strong>Imposto de Renda<\/strong> <a class=\"suno-keyword\" href=\"https:\/\/www.suno.com.br\/artigos\/pessoa-fisica\/\" target=\"_blank\" rel=\"noopener\" data-force=\"no\" data-priority=\"1\">Pessoa F\u00edsica<\/a> 2022 (ano base 2021) j\u00e1 tem data para come\u00e7ar: 7 de mar\u00e7o. O governo estima receber 34,1 milh\u00f5es de declara\u00e7\u00f5es este ano, mesmo n\u00famero de 2021.<\/p>\t<div class=\"wrapper-featured-image\">\n\t\t<figure class=\"spotlightImg\">\n\n\t\t\t<picture>\n\t\t\t\t<source media=\"(max-width: 768px)\" srcset=\"https:\/\/files.sunoresearch.com.br\/n\/uploads\/2022\/01\/income-tax-g87d5b78f7_1280-400x200.jpg\">\n\t\t\t\t<img loading=\"lazy\" decoding=\"async\" class=\"newsContent__article__imgCapa lazyloadDisabled \" src=\"https:\/\/files.sunoresearch.com.br\/n\/uploads\/2022\/01\/income-tax-g87d5b78f7_1280-800x450.jpg\" width=\"800\" height=\"450\" alt=\"Imposto de Renda 2022: declara\u00e7\u00e3o come\u00e7a em mar\u00e7o; veja novos prazos e regras\" fetchpriority=high \/>\n\t\t\t<\/picture>\n\n\t\t\t<figcaption class=\"wp-caption-text wp-caption-text--show\">IR. Foto: Pixabay<\/figcaption>\n\t\t<\/figure>\n\t<\/div>\n\n\n\t<p>\n\t\t<a href=\"https:\/\/lp.suno.com.br\/planilha-controle-gastos\/\" target=\"_blank\" data-element=\"shortcode-suno-banner\" title=\"Banner SUNO, clique e saiba mais\">\n\t\t\t<picture>\n\t\t\t\t<source media=\"(max-width: 500px)\" srcset=\"https:\/\/files.sunoresearch.com.br\/n\/uploads\/2023\/03\/400x300-Planilha-controle-de-gastos.png\">\n\t\t\t\t<img class=\"newsContent__article__imgCapa newsContent__article__imgCapa--banner\"\n\t\t\t\t\tsrc=\"https:\/\/files.sunoresearch.com.br\/n\/uploads\/2023\/03\/1420x240-Planilha-controle-de-gastos.png\"\n\t\t\t\t\tdata-promo-id=\"101751\"\t\t\t\t\t\t\t\t\t\twidth='1420' height='240'\t\t\t\t\talt=\"https:\/\/files.sunoresearch.com.br\/n\/uploads\/2023\/03\/1420x240-Planilha-controle-de-gastos.png\"\n\t\t\t\t>\n\t\t\t<\/picture>\n\t\t<\/a>\n\t<\/p>\n\n\n<p>A <strong>Receita Federal<\/strong> anunciou na \u00faltima quinta-feira (24) as regras da declara\u00e7\u00e3o, assim como o prazo para apresent\u00e1-la, que ficou para o dia 29 de abril, \u00e0s 23h59. Nos \u00faltimos dois anos, o prazo para declarar foi estendido por causa da pandemia de Covid-19.<\/p>\n<p>Quem \u00e9 obrigado a\u00a0<strong>declarar o Imposto de Renda<\/strong> e atrasa paga multa de R$ 165,74, valor que pode chegar a 20% do imposto devido no ano.<\/p>\n<p>Com a data j\u00e1 marcada pela Receita, os contribuintes podem se adiantar no procedimento ao buscar pelos documentos necess\u00e1rios, entender quais atualiza\u00e7\u00f5es precisam ser realizadas no programa da declara\u00e7\u00e3o e ir atr\u00e1s do que est\u00e1 faltando, se for o caso. Com mais tempo para se organizar, \u00e9 poss\u00edvel garantir uma restitui\u00e7\u00e3o melhor ou at\u00e9 reduzir o pagamento, al\u00e9m de diminuir o risco de cair na <a class=\"suno-keyword\" href=\"https:\/\/www.suno.com.br\/artigos\/malha-fina\/\" target=\"_blank\" rel=\"noopener\" data-force=\"no\" data-priority=\"1\">malha fina<\/a>.<\/p>\n<p>\u00c9 importante lembrar dos informes de rendimentos das fontes pagadoras e <a class=\"suno-keyword\" href=\"https:\/\/www.suno.com.br\/artigos\/instituicoes-financeiras\/\" target=\"_blank\" rel=\"noopener\" data-force=\"no\" data-priority=\"1\">institui\u00e7\u00f5es financeiras<\/a>, e reunir recibos de pagamentos e compras.<\/p>\n\t<p>\n\t\t<a href=\"https:\/\/lp.suno.com.br\/planilha-da-vida-financeira\/\" target=\"_blank\" data-element=\"shortcode-suno-banner\" title=\"Banner SUNO, clique e saiba mais\">\n\t\t\t<picture>\n\t\t\t\t<source media=\"(max-width: 500px)\" srcset=\"https:\/\/files.sunoresearch.com.br\/n\/uploads\/2023\/04\/400x300-Planilha-vida-financeira-true.png\">\n\t\t\t\t<img class=\"newsContent__article__imgCapa newsContent__article__imgCapa--banner\"\n\t\t\t\t\tsrc=\"https:\/\/files.sunoresearch.com.br\/n\/uploads\/2023\/04\/1420x240-Planilha-vida-financeira-true.png\"\n\t\t\t\t\tdata-promo-id=\"106682\"\t\t\t\t\t\t\t\t\t\twidth='1420' height='240'\t\t\t\t\talt=\"https:\/\/files.sunoresearch.com.br\/n\/uploads\/2023\/04\/1420x240-Planilha-vida-financeira-true.png\"\n\t\t\t\t>\n\t\t\t<\/picture>\n\t\t<\/a>\n\t<\/p>\n\n\n<p>O programa para preencher o Imposto de Renda tamb\u00e9m ser\u00e1 liberado no dia 7 de mar\u00e7o. Para baix\u00e1-lo no computador, o contribuinte precisa entrar no site da Receita e clicar em <em>Meu Imposto de Renda<\/em>. A Receita j\u00e1 informou que o programa n\u00e3o ser\u00e1 liberado antecipadamente.<\/p>\n<p>Veja o nosso <a href=\"https:\/\/www.suno.com.br\/guias\/imposto-de-renda-guia\/\" target=\"_blank\" rel=\"noopener\">guia completo<\/a> de como declarar de investimentos no Imposto de Renda 2022.<\/p>\n<p>Confira alguns dos documentos que a RF pede:<\/p>\n<h2>Documentos necess\u00e1rios<\/h2>\n<p>Informa\u00e7\u00f5es do contribuinte e de seus dependentes:<\/p>\n<ul>\n<li>Documento de identidade, CPF e t\u00edtulo de eleitor;<\/li>\n<li>Endere\u00e7o completo atualizado;<\/li>\n<li>Comprovante de atividade profissional;<\/li>\n<li>Dados banc\u00e1rios, para d\u00e9bito ou restitui\u00e7\u00e3o do imposto;<\/li>\n<li>Dependentes (nome completo, data de nascimento e grau de parentesco).<\/li>\n<\/ul>\n<p>Informa\u00e7\u00f5es relativas aos bens, im\u00f3veis e contas do contribuinte, como:<\/p>\n<ul>\n<li>Im\u00f3veis: Data de aquisi\u00e7\u00e3o, \u00e1rea do im\u00f3vel, IPTU, registro de inscri\u00e7\u00e3o no \u00f3rg\u00e3o p\u00fablico e registro no cart\u00f3rio de Im\u00f3veis;<\/li>\n<li>Ve\u00edculos e aeronaves: N\u00famero do Renavam, registro no \u00f3rg\u00e3o fiscalizador;<\/li>\n<li>Contas correntes e aplica\u00e7\u00f5es: CNPJ da institui\u00e7\u00e3o financeira, ag\u00eancia e n\u00famero da conta.<\/li>\n<\/ul>\n<h3>Outros documentos<\/h3>\n<p>Comprova\u00e7\u00e3o de renda<\/p>\n<ul>\n<li>Informes de rendimentos de institui\u00e7\u00f5es financeiras;<\/li>\n<li>Informes de rendimentos de sal\u00e1rios, pr\u00f3-labore, distribui\u00e7\u00e3o de lucros, aposentadoria, dentre outros;<\/li>\n<li>Informes de rendimentos de alugu\u00e9is de bens m\u00f3veis e im\u00f3veis recebidos de pessoas jur\u00eddicas;<\/li>\n<li>Informa\u00e7\u00f5es e documentos de outras rendas recebidas no ano, como pens\u00e3o aliment\u00edcia, doa\u00e7\u00f5es e heran\u00e7a;<\/li>\n<li>Resumo mensal do <a class=\"suno-keyword\" href=\"https:\/\/www.suno.com.br\/artigos\/livro-caixa\/\" target=\"_blank\" rel=\"noopener\" data-force=\"no\" data-priority=\"2\">livro caixa<\/a> com mem\u00f3ria de c\u00e1lculo do carn\u00ea-le\u00e3o; DARFs de carn\u00ea-le\u00e3o.<\/li>\n<\/ul>\n<p>Informa\u00e7\u00f5es gerais<\/p>\n<ul>\n<li>C\u00f3pia da \u00faltima declara\u00e7\u00e3o de Imposto de Renda Pessoa F\u00edsica (completa) entregue;<\/li>\n<li>Pagamentos e doa\u00e7\u00f5es efetuados.<\/li>\n<\/ul>\n<p>Recibos de pagamentos ou informe de rendimento de plano, ou seguro sa\u00fade;<\/p>\n<ul>\n<li>Despesas m\u00e9dicas e odontol\u00f3gicas;<\/li>\n<li>Comprovantes de despesas com educa\u00e7\u00e3o;<\/li>\n<li>Recibos de doa\u00e7\u00f5es efetuadas;<\/li>\n<li>Comprovante de pagamento de pens\u00e3o aliment\u00edcia em decorr\u00eancia de decis\u00e3o judicial.<\/li>\n<\/ul>\n\t<p>\n\t\t<a href=\"https:\/\/lp.suno.com.br\/ebook-como-analisar-uma-acao\/\" target=\"_blank\" data-element=\"shortcode-suno-banner\" title=\"Banner SUNO, clique e saiba mais\">\n\t\t\t<picture>\n\t\t\t\t<source media=\"(max-width: 500px)\" srcset=\"https:\/\/files.sunoresearch.com.br\/n\/uploads\/2023\/03\/Ebook-Acoes-Mobile-1.jpg\">\n\t\t\t\t<img class=\"newsContent__article__imgCapa newsContent__article__imgCapa--banner\"\n\t\t\t\t\tsrc=\"https:\/\/files.sunoresearch.com.br\/n\/uploads\/2023\/03\/Ebook-Acoes-Desktop-1.jpg\"\n\t\t\t\t\tdata-promo-id=\"171998\"\t\t\t\t\t\t\t\t\t\twidth='1420' height='286'\t\t\t\t\talt=\"https:\/\/files.sunoresearch.com.br\/n\/uploads\/2023\/03\/Ebook-Acoes-Desktop-1.jpg\"\n\t\t\t\t>\n\t\t\t<\/picture>\n\t\t<\/a>\n\t<\/p>\n\n\n<h2>Receita Federal anuncia novidades para a declara\u00e7\u00e3o<\/h2>\n<p>Este ano, a RF trouxe algumas novidades no processo. A maior delas \u00e9 a amplia\u00e7\u00e3o do acesso \u00e0 declara\u00e7\u00e3o pr\u00e9-preenchida. Agora os contribuintes com patamares mais altos de seguran\u00e7a na plataforma do governo (n\u00edveis prata e ouro, no caso) tamb\u00e9m podem utilizar o novo modelo. A habilita\u00e7\u00e3o dos servi\u00e7os de Imposto de Renda na conta digital do governo para quem tem n\u00edvel prata ou ouro ser\u00e1 no dia 3 de mar\u00e7o.<\/p>\n<p>Desta forma, o usu\u00e1rio vai economizar mais tempo na hora de preencher os dados, uma vez que diversas informa\u00e7\u00f5es \u00fateis j\u00e1 estar\u00e3o presentes, e n\u00e3o s\u00f3 pelo portal e-Cac, sistema dispon\u00edvel no site da Receita. Antes era poss\u00edvel acessar essas informa\u00e7\u00f5es somente pelo e-Cac. A declara\u00e7\u00e3o pr\u00e9-preenchida poder\u00e1 ser acessada a partir do dia 15 de mar\u00e7o.<\/p>\n<p>De acordo com as informa\u00e7\u00f5es divulgadas nesta quinta-feira pela Receita, o contribuinte poder\u00e1 fazer o download do software necess\u00e1rio para a entrega da declara\u00e7\u00e3o a partir de 7 de mar\u00e7o e ser\u00e1 multiplataforma. Assim, ser\u00e1 poss\u00edvel come\u00e7ar a declara\u00e7\u00e3o pelo celular, continuar no programa pelo computador e finalizar pelo e-Cac.<\/p>\n<h2>Sou obrigado a declarar o Imposto de Renda?<\/h2>\n<p>Declarar o IR pode ser um processo desgastante, principalmente para quem nunca o fez. A primeira d\u00favida, para evitar um trabalho desnecess\u00e1rio, sempre \u00e9: &#8220;Sou obrigado a declarar?&#8221;.<\/p>\n<p>\u00c9 obrigado a declarar quem:<\/p>\n<ul>\n<li>Recebeu <strong><a class=\"suno-keyword\" href=\"https:\/\/www.suno.com.br\/artigos\/rendimentos-tributaveis\/\" target=\"_blank\" rel=\"noopener\" data-force=\"no\" data-priority=\"1\">rendimentos tribut\u00e1veis<\/a> acima<\/strong> de R$ 28.559,70 no ano, ou cerca de R$ 2.380 por m\u00eas. O valor inclu\u00ed sal\u00e1rios, aposentadorias, pens\u00f5es e alugu\u00e9is;<\/li>\n<li>Recebeu rendimento isento, n\u00e3o tribut\u00e1vel ou tributado exclusivamente na fonte acima de R$ 40 mil. Inclui-se o <strong>FGTS<\/strong> (Fundo de Garantia do Tempo de Servi\u00e7o), seguro-desemprego, doa\u00e7\u00f5es, heran\u00e7as e PLR;<\/li>\n<li>Obteve <a class=\"suno-keyword\" href=\"https:\/\/www.suno.com.br\/artigos\/ganho-de-capital\/\" target=\"_blank\" rel=\"noopener\" data-force=\"no\" data-priority=\"1\">ganho de capital<\/a> vendendo bens ou direitos sujeitos a pagamento do IR;<\/li>\n<li>Realizou opera\u00e7\u00f5es na <strong>Bolsa de Valores;<\/strong><\/li>\n<li>Possui bens ou direitos acima de R$ 300 mil em 31 de dezembro de 2021;<\/li>\n<li>Tem receita de atividade rural acima de R$ 142.798,50.<\/li>\n<\/ul>\n<p>Lembrando que, caso o aux\u00edlio emergencial tenha sido recebido em 2021, tamb\u00e9m \u00e9 considerado um rendimento tribut\u00e1vel e deve ser levado em considera\u00e7\u00e3o no c\u00e1lculo do <strong>Imposto de Renda<\/strong>.<\/p>\n\t<p>\n\t\t<a href=\"https:\/\/lp.suno.com.br\/planilha-de-controle-de-investimentos\/\" target=\"_blank\" data-element=\"shortcode-suno-banner\" title=\"Banner SUNO, clique e saiba mais\">\n\t\t\t<picture>\n\t\t\t\t<source media=\"(max-width: 500px)\" srcset=\"https:\/\/files.sunoresearch.com.br\/n\/uploads\/2023\/03\/400x300-Controle-de-Investimentos.png\">\n\t\t\t\t<img class=\"newsContent__article__imgCapa newsContent__article__imgCapa--banner\"\n\t\t\t\t\tsrc=\"https:\/\/files.sunoresearch.com.br\/n\/uploads\/2023\/03\/1420x240-Controle-de-Investimentos.png\"\n\t\t\t\t\tdata-promo-id=\"75934\"\t\t\t\t\t\t\t\t\t\twidth='1420' height='240'\t\t\t\t\talt=\"https:\/\/files.sunoresearch.com.br\/n\/uploads\/2023\/03\/1420x240-Controle-de-Investimentos.png\"\n\t\t\t\t>\n\t\t\t<\/picture>\n\t\t<\/a>\n\t<\/p>\n\n\n<h2>Tabela do Imposto de Renda 2022<\/h2>\n<p>A Receita n\u00e3o divulgou nenhum reajuste da tabela deste ano &#8212; portanto, os valores v\u00e3o continuar os mesmos de 2021. As empresas t\u00eam at\u00e9 o dia 28 de fevereiro para entregar aos funcion\u00e1rios o comprovante de rendimentos.<\/p>\n<figure id=\"attachment_235833\" aria-describedby=\"caption-attachment-235833\" style=\"width: 575px\" class=\"wp-caption aligncenter\"><img loading=\"lazy\" decoding=\"async\" class=\"wp-image-235833 size-full\" src=\"https:\/\/files.sunoresearch.com.br\/n\/uploads\/2022\/02\/ir.png\" alt=\"Tabela do Imposto de Renda Pessoa F\u00edsica 2022\" width=\"575\" height=\"128\" srcset=\"https:\/\/files.sunoresearch.com.br\/n\/uploads\/2022\/02\/ir.png 575w, https:\/\/files.sunoresearch.com.br\/n\/uploads\/2022\/02\/ir-300x67.png 300w, https:\/\/files.sunoresearch.com.br\/n\/uploads\/2022\/02\/ir-150x33.png 150w\" sizes=\"(max-width: 575px) 100vw, 575px\" \/><figcaption id=\"caption-attachment-235833\" class=\"wp-caption-text\">Tabela do Imposto de Renda Pessoa F\u00edsica 2022. Informa\u00e7\u00f5es: Receita Federal<\/figcaption><\/figure>\n<p>Por fim, o cronograma dos lotes de restitui\u00e7\u00e3o para este ano ficou estabelecido em 31 de maio, 30 de junho, 29 de agosto, 31 de agosto e 30 de setembro. O contribuinte que apurar o imposto a pagar na declara\u00e7\u00e3o vai ter a op\u00e7\u00e3o de dividir o valor em oito cotas. Nenhuma delas ser\u00e1 inferior a R$ 50, e se o valor total a pagar for inferior a R$ 100, dever\u00e1 ser quitado numa \u00fanica cota.<\/p>\n<p>O pagamento das cotas do <strong>Imposto de Renda<\/strong> poder\u00e1 agora ser realizado por Pix, e o contribuinte tamb\u00e9m poder\u00e1 receber a restitui\u00e7\u00e3o via Pix.<\/p>\n\t<p>\n\t\t<a href=\"\" target=\"_blank\" data-element=\"shortcode-suno-banner\" title=\"Banner SUNO, clique e saiba mais\">\n\t\t\t<picture>\n\t\t\t\t<source media=\"(max-width: 500px)\" srcset=\"\">\n\t\t\t\t<img class=\"newsContent__article__imgCapa newsContent__article__imgCapa--banner\"\n\t\t\t\t\tsrc=\"\"\n\t\t\t\t\tdata-promo-id=\"184190\"\t\t\t\t\t\t\t\t\t\t\t\t\t\t\talt=\"\"\n\t\t\t\t>\n\t\t\t<\/picture>\n\t\t<\/a>\n\t<\/p>\n\n\n","protected":false},"excerpt":{"rendered":"<p>A declara\u00e7\u00e3o do Imposto de Renda Pessoa F\u00edsica 2022 (ano base 2021) j\u00e1 tem data para come\u00e7ar: 7 de mar\u00e7o. O governo estima receber 34,1 milh\u00f5es de declara\u00e7\u00f5es este ano, mesmo n\u00famero de 2021. IR. Foto: Pixabay A Receita Federal anunciou na \u00faltima quinta-feira (24) as regras da declara\u00e7\u00e3o, assim como o prazo para apresent\u00e1-la, [&hellip;]<\/p>\n","protected":false},"author":146,"featured_media":224418,"comment_status":"closed","ping_status":"closed","sticky":false,"template":"","format":"standard","meta":[],"categories":[65],"tags":[105815,303,847],"suno_strategy":[],"class_list":["post-235579","post","type-post","status-publish","format-standard","has-post-thumbnail","hentry","category-financas-pessoais","tag-especial","tag-imposto-de-renda","tag-receita-federal"],"yoast_head":"<!-- This site is optimized with the Yoast SEO plugin v24.4 - https:\/\/yoast.com\/wordpress\/plugins\/seo\/ -->\n<title>Imposto de Renda 2022: declara\u00e7\u00e3o come\u00e7a em mar\u00e7o; veja novas regras<\/title>\n<meta name=\"description\" content=\"O Imposto de Renda de 2022 come\u00e7a em mar\u00e7o. Com as novidades divulgadas pela Receita, confira o que voc\u00ea precisa para a declara\u00e7\u00e3o.\" \/>\n<meta name=\"robots\" content=\"index, follow, max-snippet:-1, max-image-preview:large, max-video-preview:-1\" \/>\n<link rel=\"canonical\" href=\"https:\/\/www.suno.com.br\/noticias\/imposto-de-renda-2022-declaracao-marco\/\" \/>\n<meta property=\"og:locale\" content=\"pt_BR\" \/>\n<meta property=\"og:type\" content=\"article\" \/>\n<meta property=\"og:title\" content=\"Imposto de Renda 2022: declara\u00e7\u00e3o come\u00e7a em mar\u00e7o; veja novas regras\" \/>\n<meta property=\"og:description\" content=\"O Imposto de Renda de 2022 come\u00e7a em mar\u00e7o. Com as novidades divulgadas pela Receita, confira o que voc\u00ea precisa para a declara\u00e7\u00e3o.\" \/>\n<meta property=\"og:url\" content=\"https:\/\/www.suno.com.br\/noticias\/imposto-de-renda-2022-declaracao-marco\/\" \/>\n<meta property=\"og:site_name\" content=\"Suno Not\u00edcias\" \/>\n<meta property=\"article:publisher\" content=\"https:\/\/facebook.com\/sunoresearch\" \/>\n<meta property=\"og:image\" content=\"https:\/\/files.sunoresearch.com.br\/n\/uploads\/2022\/01\/income-tax-g87d5b78f7_1280.jpg\" \/>\n\t<meta property=\"og:image:width\" content=\"1280\" \/>\n\t<meta property=\"og:image:height\" content=\"853\" \/>\n\t<meta property=\"og:image:type\" content=\"image\/jpeg\" \/>\n<meta name=\"author\" content=\"Vict\u00f3ria Anhesini\" \/>\n<meta name=\"twitter:card\" content=\"summary_large_image\" \/>\n<meta name=\"twitter:creator\" content=\"@sunoresearch\" \/>\n<meta name=\"twitter:site\" content=\"@sunoresearch\" \/>\n<meta name=\"twitter:label1\" content=\"Escrito por\" \/>\n\t<meta name=\"twitter:data1\" content=\"Vict\u00f3ria Anhesini\" \/>\n\t<meta name=\"twitter:label2\" content=\"Est. tempo de leitura\" \/>\n\t<meta name=\"twitter:data2\" content=\"5 minutos\" \/>\n<script type=\"application\/ld+json\" class=\"yoast-schema-graph\">{\"@context\":\"https:\/\/schema.org\",\"@graph\":[{\"@type\":\"NewsArticle\",\"@id\":\"https:\/\/www.suno.com.br\/noticias\/imposto-de-renda-2022-declaracao-marco\/#article\",\"isPartOf\":{\"@id\":\"https:\/\/www.suno.com.br\/noticias\/imposto-de-renda-2022-declaracao-marco\/\"},\"author\":{\"name\":\"Vict\u00f3ria Anhesini\",\"@id\":\"https:\/\/www.suno.com.br\/noticias\/#\/schema\/person\/46d847cb19ad53fde0857adca989c23f\"},\"headline\":\"Imposto de Renda 2022: declara\u00e7\u00e3o come\u00e7a em mar\u00e7o; veja novos prazos e regras\",\"datePublished\":\"2022-02-28T13:00:23+00:00\",\"dateModified\":\"2022-03-03T15:35:07+00:00\",\"mainEntityOfPage\":{\"@id\":\"https:\/\/www.suno.com.br\/noticias\/imposto-de-renda-2022-declaracao-marco\/\"},\"wordCount\":1114,\"publisher\":{\"@id\":\"https:\/\/www.suno.com.br\/noticias\/#organization\"},\"image\":{\"@id\":\"https:\/\/www.suno.com.br\/noticias\/imposto-de-renda-2022-declaracao-marco\/#primaryimage\"},\"thumbnailUrl\":\"https:\/\/files.sunoresearch.com.br\/n\/uploads\/2022\/01\/income-tax-g87d5b78f7_1280.jpg\",\"keywords\":[\"Especiais\",\"Imposto de Renda\",\"Receita Federal\"],\"articleSection\":[\"Finan\u00e7as Pessoais\"],\"inLanguage\":\"pt-BR\"},{\"@type\":\"WebPage\",\"@id\":\"https:\/\/www.suno.com.br\/noticias\/imposto-de-renda-2022-declaracao-marco\/\",\"url\":\"https:\/\/www.suno.com.br\/noticias\/imposto-de-renda-2022-declaracao-marco\/\",\"name\":\"Imposto de Renda 2022: declara\u00e7\u00e3o come\u00e7a em mar\u00e7o; veja novas regras\",\"isPartOf\":{\"@id\":\"https:\/\/www.suno.com.br\/noticias\/#website\"},\"primaryImageOfPage\":{\"@id\":\"https:\/\/www.suno.com.br\/noticias\/imposto-de-renda-2022-declaracao-marco\/#primaryimage\"},\"image\":{\"@id\":\"https:\/\/www.suno.com.br\/noticias\/imposto-de-renda-2022-declaracao-marco\/#primaryimage\"},\"thumbnailUrl\":\"https:\/\/files.sunoresearch.com.br\/n\/uploads\/2022\/01\/income-tax-g87d5b78f7_1280.jpg\",\"datePublished\":\"2022-02-28T13:00:23+00:00\",\"dateModified\":\"2022-03-03T15:35:07+00:00\",\"description\":\"O Imposto de Renda de 2022 come\u00e7a em mar\u00e7o. Com as novidades divulgadas pela Receita, confira o que voc\u00ea precisa para a declara\u00e7\u00e3o.\",\"breadcrumb\":{\"@id\":\"https:\/\/www.suno.com.br\/noticias\/imposto-de-renda-2022-declaracao-marco\/#breadcrumb\"},\"inLanguage\":\"pt-BR\",\"potentialAction\":[{\"@type\":\"ReadAction\",\"target\":[\"https:\/\/www.suno.com.br\/noticias\/imposto-de-renda-2022-declaracao-marco\/\"]}]},{\"@type\":\"ImageObject\",\"inLanguage\":\"pt-BR\",\"@id\":\"https:\/\/www.suno.com.br\/noticias\/imposto-de-renda-2022-declaracao-marco\/#primaryimage\",\"url\":\"https:\/\/files.sunoresearch.com.br\/n\/uploads\/2022\/01\/income-tax-g87d5b78f7_1280.jpg\",\"contentUrl\":\"https:\/\/files.sunoresearch.com.br\/n\/uploads\/2022\/01\/income-tax-g87d5b78f7_1280.jpg\",\"width\":1280,\"height\":853,\"caption\":\"IR. Foto: Pixabay\"},{\"@type\":\"BreadcrumbList\",\"@id\":\"https:\/\/www.suno.com.br\/noticias\/imposto-de-renda-2022-declaracao-marco\/#breadcrumb\",\"itemListElement\":[{\"@type\":\"ListItem\",\"position\":1,\"name\":\"Not\u00edcias\",\"item\":\"https:\/\/www.suno.com.br\/noticias\/\"},{\"@type\":\"ListItem\",\"position\":2,\"name\":\"Finan\u00e7as Pessoais\",\"item\":\"https:\/\/www.suno.com.br\/noticias\/financas-pessoais\/\"},{\"@type\":\"ListItem\",\"position\":3,\"name\":\"Imposto de Renda 2022: declara\u00e7\u00e3o come\u00e7a em mar\u00e7o; veja novos prazos e regras\"}]},{\"@type\":\"WebSite\",\"@id\":\"https:\/\/www.suno.com.br\/noticias\/#website\",\"url\":\"https:\/\/www.suno.com.br\/noticias\/\",\"name\":\"Suno Not\u00edcias\",\"description\":\"Seu portal de informa\u00e7\u00e3o sobre o mundo dos investimentos\",\"publisher\":{\"@id\":\"https:\/\/www.suno.com.br\/noticias\/#organization\"},\"potentialAction\":[{\"@type\":\"SearchAction\",\"target\":{\"@type\":\"EntryPoint\",\"urlTemplate\":\"https:\/\/www.suno.com.br\/noticias\/?s={search_term_string}\"},\"query-input\":{\"@type\":\"PropertyValueSpecification\",\"valueRequired\":true,\"valueName\":\"search_term_string\"}}],\"inLanguage\":\"pt-BR\"},{\"@type\":\"Organization\",\"@id\":\"https:\/\/www.suno.com.br\/noticias\/#organization\",\"name\":\"Suno Not\u00edcias\",\"url\":\"https:\/\/www.suno.com.br\/noticias\/\",\"logo\":{\"@type\":\"ImageObject\",\"inLanguage\":\"pt-BR\",\"@id\":\"https:\/\/www.suno.com.br\/noticias\/#\/schema\/logo\/image\/\",\"url\":\"https:\/\/files.sunoresearch.com.br\/n\/uploads\/2021\/09\/suno-logo.png\",\"contentUrl\":\"https:\/\/files.sunoresearch.com.br\/n\/uploads\/2021\/09\/suno-logo.png\",\"width\":180,\"height\":180,\"caption\":\"Suno Not\u00edcias\"},\"image\":{\"@id\":\"https:\/\/www.suno.com.br\/noticias\/#\/schema\/logo\/image\/\"},\"sameAs\":[\"https:\/\/facebook.com\/sunoresearch\",\"https:\/\/x.com\/sunoresearch\",\"https:\/\/www.instagram.com\/suno\",\"https:\/\/www.linkedin.com\/company\/suno-research\/\",\"https:\/\/www.youtube.com\/c\/sunoresearch\"]},{\"@type\":\"Person\",\"@id\":\"https:\/\/www.suno.com.br\/noticias\/#\/schema\/person\/46d847cb19ad53fde0857adca989c23f\",\"name\":\"Vict\u00f3ria Anhesini\",\"image\":{\"@type\":\"ImageObject\",\"inLanguage\":\"pt-BR\",\"@id\":\"https:\/\/www.suno.com.br\/noticias\/#\/schema\/person\/image\/\",\"url\":\"https:\/\/secure.gravatar.com\/avatar\/0172bdfcd9129dd9dd68794804304e6e?s=96&r=g\",\"contentUrl\":\"https:\/\/secure.gravatar.com\/avatar\/0172bdfcd9129dd9dd68794804304e6e?s=96&r=g\",\"caption\":\"Vict\u00f3ria Anhesini\"},\"description\":\"Rep\u00f3rter no Suno Not\u00edcias, cobre mercados, neg\u00f3cios e economia, escrevendo majoritariamente sobre movimentos das empresas, cobertura de balan\u00e7os trimestrais e Bolsa de Valores. Formada em jornalismo pela Universidade Presbiteriana Mackenzie em 2019, passou pelo portal de economia e finan\u00e7as EuQueroInvestir como rep\u00f3rter e anteriormente, trabalhou na assessoria de imprensa PinePR, onde liderou com startups de inova\u00e7\u00e3o, tecnologia e finan\u00e7as. Em seu tempo livre, fala sobre m\u00fasica para ambos os sites do selo ForMusic, Wikimetal e Mad Sound, e faz trabalho volunt\u00e1rio no programa Escreve Cartas do Poupatempo.\",\"sameAs\":[\"https:\/\/www.linkedin.com\/in\/victoria-anhesini\/\"],\"url\":\"https:\/\/www.suno.com.br\/noticias\/author\/victoria\/\"}]}<\/script>\n<!-- \/ Yoast SEO plugin. -->","yoast_head_json":{"title":"Imposto de Renda 2022: declara\u00e7\u00e3o come\u00e7a em mar\u00e7o; veja novas regras","description":"O Imposto de Renda de 2022 come\u00e7a em mar\u00e7o. Com as novidades divulgadas pela Receita, confira o que voc\u00ea precisa para a declara\u00e7\u00e3o.","robots":{"index":"index","follow":"follow","max-snippet":"max-snippet:-1","max-image-preview":"max-image-preview:large","max-video-preview":"max-video-preview:-1"},"canonical":"https:\/\/www.suno.com.br\/noticias\/imposto-de-renda-2022-declaracao-marco\/","og_locale":"pt_BR","og_type":"article","og_title":"Imposto de Renda 2022: declara\u00e7\u00e3o come\u00e7a em mar\u00e7o; veja novas regras","og_description":"O Imposto de Renda de 2022 come\u00e7a em mar\u00e7o. Com as novidades divulgadas pela Receita, confira o que voc\u00ea precisa para a declara\u00e7\u00e3o.","og_url":"https:\/\/www.suno.com.br\/noticias\/imposto-de-renda-2022-declaracao-marco\/","og_site_name":"Suno Not\u00edcias","article_publisher":"https:\/\/facebook.com\/sunoresearch","og_image":[{"width":1280,"height":853,"url":"https:\/\/files.sunoresearch.com.br\/n\/uploads\/2022\/01\/income-tax-g87d5b78f7_1280.jpg","type":"image\/jpeg"}],"author":"Vict\u00f3ria Anhesini","twitter_card":"summary_large_image","twitter_creator":"@sunoresearch","twitter_site":"@sunoresearch","twitter_misc":{"Escrito por":"Vict\u00f3ria Anhesini","Est. tempo de leitura":"5 minutos"},"schema":{"@context":"https:\/\/schema.org","@graph":[{"@type":"NewsArticle","@id":"https:\/\/www.suno.com.br\/noticias\/imposto-de-renda-2022-declaracao-marco\/#article","isPartOf":{"@id":"https:\/\/www.suno.com.br\/noticias\/imposto-de-renda-2022-declaracao-marco\/"},"author":{"name":"Vict\u00f3ria Anhesini","@id":"https:\/\/www.suno.com.br\/noticias\/#\/schema\/person\/46d847cb19ad53fde0857adca989c23f"},"headline":"Imposto de Renda 2022: declara\u00e7\u00e3o come\u00e7a em mar\u00e7o; veja novos prazos e regras","datePublished":"2022-02-28T13:00:23+00:00","dateModified":"2022-03-03T15:35:07+00:00","mainEntityOfPage":{"@id":"https:\/\/www.suno.com.br\/noticias\/imposto-de-renda-2022-declaracao-marco\/"},"wordCount":1114,"publisher":{"@id":"https:\/\/www.suno.com.br\/noticias\/#organization"},"image":{"@id":"https:\/\/www.suno.com.br\/noticias\/imposto-de-renda-2022-declaracao-marco\/#primaryimage"},"thumbnailUrl":"https:\/\/files.sunoresearch.com.br\/n\/uploads\/2022\/01\/income-tax-g87d5b78f7_1280.jpg","keywords":["Especiais","Imposto de Renda","Receita Federal"],"articleSection":["Finan\u00e7as Pessoais"],"inLanguage":"pt-BR"},{"@type":"WebPage","@id":"https:\/\/www.suno.com.br\/noticias\/imposto-de-renda-2022-declaracao-marco\/","url":"https:\/\/www.suno.com.br\/noticias\/imposto-de-renda-2022-declaracao-marco\/","name":"Imposto de Renda 2022: declara\u00e7\u00e3o come\u00e7a em mar\u00e7o; veja novas regras","isPartOf":{"@id":"https:\/\/www.suno.com.br\/noticias\/#website"},"primaryImageOfPage":{"@id":"https:\/\/www.suno.com.br\/noticias\/imposto-de-renda-2022-declaracao-marco\/#primaryimage"},"image":{"@id":"https:\/\/www.suno.com.br\/noticias\/imposto-de-renda-2022-declaracao-marco\/#primaryimage"},"thumbnailUrl":"https:\/\/files.sunoresearch.com.br\/n\/uploads\/2022\/01\/income-tax-g87d5b78f7_1280.jpg","datePublished":"2022-02-28T13:00:23+00:00","dateModified":"2022-03-03T15:35:07+00:00","description":"O Imposto de Renda de 2022 come\u00e7a em mar\u00e7o. Com as novidades divulgadas pela Receita, confira o que voc\u00ea precisa para a declara\u00e7\u00e3o.","breadcrumb":{"@id":"https:\/\/www.suno.com.br\/noticias\/imposto-de-renda-2022-declaracao-marco\/#breadcrumb"},"inLanguage":"pt-BR","potentialAction":[{"@type":"ReadAction","target":["https:\/\/www.suno.com.br\/noticias\/imposto-de-renda-2022-declaracao-marco\/"]}]},{"@type":"ImageObject","inLanguage":"pt-BR","@id":"https:\/\/www.suno.com.br\/noticias\/imposto-de-renda-2022-declaracao-marco\/#primaryimage","url":"https:\/\/files.sunoresearch.com.br\/n\/uploads\/2022\/01\/income-tax-g87d5b78f7_1280.jpg","contentUrl":"https:\/\/files.sunoresearch.com.br\/n\/uploads\/2022\/01\/income-tax-g87d5b78f7_1280.jpg","width":1280,"height":853,"caption":"IR. Foto: Pixabay"},{"@type":"BreadcrumbList","@id":"https:\/\/www.suno.com.br\/noticias\/imposto-de-renda-2022-declaracao-marco\/#breadcrumb","itemListElement":[{"@type":"ListItem","position":1,"name":"Not\u00edcias","item":"https:\/\/www.suno.com.br\/noticias\/"},{"@type":"ListItem","position":2,"name":"Finan\u00e7as Pessoais","item":"https:\/\/www.suno.com.br\/noticias\/financas-pessoais\/"},{"@type":"ListItem","position":3,"name":"Imposto de Renda 2022: declara\u00e7\u00e3o come\u00e7a em mar\u00e7o; veja novos prazos e regras"}]},{"@type":"WebSite","@id":"https:\/\/www.suno.com.br\/noticias\/#website","url":"https:\/\/www.suno.com.br\/noticias\/","name":"Suno Not\u00edcias","description":"Seu portal de informa\u00e7\u00e3o sobre o mundo dos investimentos","publisher":{"@id":"https:\/\/www.suno.com.br\/noticias\/#organization"},"potentialAction":[{"@type":"SearchAction","target":{"@type":"EntryPoint","urlTemplate":"https:\/\/www.suno.com.br\/noticias\/?s={search_term_string}"},"query-input":{"@type":"PropertyValueSpecification","valueRequired":true,"valueName":"search_term_string"}}],"inLanguage":"pt-BR"},{"@type":"Organization","@id":"https:\/\/www.suno.com.br\/noticias\/#organization","name":"Suno Not\u00edcias","url":"https:\/\/www.suno.com.br\/noticias\/","logo":{"@type":"ImageObject","inLanguage":"pt-BR","@id":"https:\/\/www.suno.com.br\/noticias\/#\/schema\/logo\/image\/","url":"https:\/\/files.sunoresearch.com.br\/n\/uploads\/2021\/09\/suno-logo.png","contentUrl":"https:\/\/files.sunoresearch.com.br\/n\/uploads\/2021\/09\/suno-logo.png","width":180,"height":180,"caption":"Suno Not\u00edcias"},"image":{"@id":"https:\/\/www.suno.com.br\/noticias\/#\/schema\/logo\/image\/"},"sameAs":["https:\/\/facebook.com\/sunoresearch","https:\/\/x.com\/sunoresearch","https:\/\/www.instagram.com\/suno","https:\/\/www.linkedin.com\/company\/suno-research\/","https:\/\/www.youtube.com\/c\/sunoresearch"]},{"@type":"Person","@id":"https:\/\/www.suno.com.br\/noticias\/#\/schema\/person\/46d847cb19ad53fde0857adca989c23f","name":"Vict\u00f3ria Anhesini","image":{"@type":"ImageObject","inLanguage":"pt-BR","@id":"https:\/\/www.suno.com.br\/noticias\/#\/schema\/person\/image\/","url":"https:\/\/secure.gravatar.com\/avatar\/0172bdfcd9129dd9dd68794804304e6e?s=96&r=g","contentUrl":"https:\/\/secure.gravatar.com\/avatar\/0172bdfcd9129dd9dd68794804304e6e?s=96&r=g","caption":"Vict\u00f3ria Anhesini"},"description":"Rep\u00f3rter no Suno Not\u00edcias, cobre mercados, neg\u00f3cios e economia, escrevendo majoritariamente sobre movimentos das empresas, cobertura de balan\u00e7os trimestrais e Bolsa de Valores. Formada em jornalismo pela Universidade Presbiteriana Mackenzie em 2019, passou pelo portal de economia e finan\u00e7as EuQueroInvestir como rep\u00f3rter e anteriormente, trabalhou na assessoria de imprensa PinePR, onde liderou com startups de inova\u00e7\u00e3o, tecnologia e finan\u00e7as. Em seu tempo livre, fala sobre m\u00fasica para ambos os sites do selo ForMusic, Wikimetal e Mad Sound, e faz trabalho volunt\u00e1rio no programa Escreve Cartas do Poupatempo.","sameAs":["https:\/\/www.linkedin.com\/in\/victoria-anhesini\/"],"url":"https:\/\/www.suno.com.br\/noticias\/author\/victoria\/"}]}},"default_loop_html":"<div class=\"cardsPage__listCard__boxs\"><div class=\"cardsPage__listCard__boxs__img\"><a href=\"https:\/\/www.suno.com.br\/noticias\/imposto-de-renda-2022-declaracao-marco\/\"><img class=\"mask\" src=\"https:\/\/www.suno.com.br\/noticias\/wp-content\/themes\/suno\/resources\/images\/spotlight\/spotlight1img\/bg-mask.png\" alt=\"Image Mask\"\/><img src=\"https:\/\/files.sunoresearch.com.br\/n\/uploads\/2022\/01\/income-tax-g87d5b78f7_1280-400x200.jpg\" alt=\"Imposto de Renda 2022: declara\u00e7\u00e3o come\u00e7a em mar\u00e7o; veja novos prazos e regras\"\/><\/a><span class=\"spotlightCategory\"><a href=\"https:\/\/www.suno.com.br\/noticias\/financas-pessoais\/\">Finan\u00e7as Pessoais<\/a><\/span><\/div><div class=\"cardsPage__listCard__boxs__content\"><a href=\"https:\/\/www.suno.com.br\/noticias\/imposto-de-renda-2022-declaracao-marco\/\"><h2 class=\"content__title\">Imposto de Renda 2022: declara\u00e7\u00e3o come\u00e7a em mar\u00e7o; veja novos prazos e regras<\/h2><\/a><div class=\"newsContent__article__meta\"><div class=\"newsContent__article__meta__authorBox\"><a href=\"https:\/\/www.suno.com.br\/noticias\/author\/victoria\/\" class=\"authorBox__avatar noMobi\"><img src=\"https:\/\/files.sunoresearch.com.br\/n\/uploads\/2021\/12\/20190129VickyPINEAPPLE01-1-150x150.jpg\" alt=\"Vict\u00f3ria Anhesini\"><\/a><div class=\"authorBox__name\"><span>por\n\t\t\t<a href=\"https:\/\/www.suno.com.br\/noticias\/author\/victoria\/\"><span itemprop=\"author\">Vict\u00f3ria Anhesini<\/span><\/a><\/span><time datetime=\"2022-02-28T10:00:23-03:00\" itemprop=\"datePublished\">28\/02\/2022 10:00<\/time><\/div><\/div><\/div><\/div><\/div>","single_layout":"posts","amp_enabled":true,"_links":{"self":[{"href":"https:\/\/www.suno.com.br\/noticias\/wp-json\/wp\/v2\/posts\/235579"}],"collection":[{"href":"https:\/\/www.suno.com.br\/noticias\/wp-json\/wp\/v2\/posts"}],"about":[{"href":"https:\/\/www.suno.com.br\/noticias\/wp-json\/wp\/v2\/types\/post"}],"author":[{"embeddable":true,"href":"https:\/\/www.suno.com.br\/noticias\/wp-json\/wp\/v2\/users\/146"}],"replies":[{"embeddable":true,"href":"https:\/\/www.suno.com.br\/noticias\/wp-json\/wp\/v2\/comments?post=235579"}],"version-history":[{"count":4,"href":"https:\/\/www.suno.com.br\/noticias\/wp-json\/wp\/v2\/posts\/235579\/revisions"}],"predecessor-version":[{"id":237049,"href":"https:\/\/www.suno.com.br\/noticias\/wp-json\/wp\/v2\/posts\/235579\/revisions\/237049"}],"wp:featuredmedia":[{"embeddable":true,"href":"https:\/\/www.suno.com.br\/noticias\/wp-json\/wp\/v2\/media\/224418"}],"wp:attachment":[{"href":"https:\/\/www.suno.com.br\/noticias\/wp-json\/wp\/v2\/media?parent=235579"}],"wp:term":[{"taxonomy":"category","embeddable":true,"href":"https:\/\/www.suno.com.br\/noticias\/wp-json\/wp\/v2\/categories?post=235579"},{"taxonomy":"post_tag","embeddable":true,"href":"https:\/\/www.suno.com.br\/noticias\/wp-json\/wp\/v2\/tags?post=235579"},{"taxonomy":"suno_strategy","embeddable":true,"href":"https:\/\/www.suno.com.br\/noticias\/wp-json\/wp\/v2\/suno_strategy?post=235579"}],"curies":[{"name":"wp","href":"https:\/\/api.w.org\/{rel}","templated":true}]}}