{"id":235568,"date":"2022-02-24T21:14:15","date_gmt":"2022-02-25T00:14:15","guid":{"rendered":"https:\/\/www.suno.com.br\/noticias\/?p=235568"},"modified":"2022-02-24T21:14:15","modified_gmt":"2022-02-25T00:14:15","slug":"grendene-grnd3-aprova-dividendendos-jcp-73-mi","status":"publish","type":"post","link":"https:\/\/www.suno.com.br\/noticias\/grendene-grnd3-aprova-dividendendos-jcp-73-mi\/","title":{"rendered":"Grendene (GRND3) pagar\u00e1 dividendos e JCP no total de R$ 73,2 milh\u00f5es"},"content":{"rendered":"<p>A <a class=\"suno-keyword\" href=\"https:\/\/www.suno.com.br\/acoes\/GRND3\/\" target=\"_blank\" rel=\"noopener\" data-force=\"yes\" data-priority=\"2\"><strong>Grendene<\/strong> (GRND3)<\/a> informou nesta quinta-feira (24) que o <a class=\"suno-keyword\" href=\"https:\/\/www.suno.com.br\/artigos\/conselho-administracao\/\" target=\"_blank\" rel=\"noopener\" data-force=\"no\" data-priority=\"1\">Conselho de Administra\u00e7\u00e3o<\/a> aprovou o pagamento de <a class=\"suno-keyword\" href=\"https:\/\/www.suno.com.br\/guias\/dividendos\/\" target=\"_blank\" rel=\"noopener\" data-force=\"no\" data-priority=\"1\">dividendos<\/a> e <a class=\"suno-keyword\" href=\"https:\/\/www.suno.com.br\/artigos\/entenda-o-jcp\/\" target=\"_blank\" rel=\"noopener\" data-force=\"no\" data-priority=\"1\">Juros sobre Capital Pr\u00f3prio<\/a> (JCP) no valor bruto de R$ 73,2 milh\u00f5es, referente ao <a class=\"suno-keyword\" href=\"https:\/\/www.suno.com.br\/artigos\/exercicio-social\/\" target=\"_blank\" rel=\"noopener\" data-force=\"no\" data-priority=\"1\">exerc\u00edcio social<\/a> encerrado em 31 de dezembro de 2021.<\/p>\t<div class=\"wrapper-featured-image\">\n\t\t<figure class=\"spotlightImg\">\n\n\t\t\t<picture>\n\t\t\t\t<source media=\"(max-width: 768px)\" srcset=\"https:\/\/files.sunoresearch.com.br\/n\/uploads\/2021\/10\/grendene_negocios_money_reproducao_-1-1-400x200.jpg\">\n\t\t\t\t<img loading=\"lazy\" decoding=\"async\" class=\"newsContent__article__imgCapa lazyloadDisabled \" src=\"https:\/\/files.sunoresearch.com.br\/n\/uploads\/2021\/10\/grendene_negocios_money_reproducao_-1-1-800x450.jpg\" width=\"800\" height=\"450\" alt=\"Grendene (GRND3) pagar\u00e1 dividendos e JCP no total de R$ 73,2 milh\u00f5es\" fetchpriority=high \/>\n\t\t\t<\/picture>\n\n\t\t\t<figcaption class=\"wp-caption-text wp-caption-text--show\">Grendene. Foto: Reprodu\u00e7\u00e3o<\/figcaption>\n\t\t<\/figure>\n\t<\/div>\n\n\n\t<p>\n\t\t<a href=\"https:\/\/lp.suno.com.br\/planilha-controle-gastos\/\" target=\"_blank\" data-element=\"shortcode-suno-banner\" title=\"Banner SUNO, clique e saiba mais\">\n\t\t\t<picture>\n\t\t\t\t<source media=\"(max-width: 500px)\" srcset=\"https:\/\/files.sunoresearch.com.br\/n\/uploads\/2023\/03\/400x300-Planilha-controle-de-gastos.png\">\n\t\t\t\t<img class=\"newsContent__article__imgCapa newsContent__article__imgCapa--banner\"\n\t\t\t\t\tsrc=\"https:\/\/files.sunoresearch.com.br\/n\/uploads\/2023\/03\/1420x240-Planilha-controle-de-gastos.png\"\n\t\t\t\t\tdata-promo-id=\"101751\"\t\t\t\t\t\t\t\t\t\twidth='1420' height='240'\t\t\t\t\talt=\"https:\/\/files.sunoresearch.com.br\/n\/uploads\/2023\/03\/1420x240-Planilha-controle-de-gastos.png\"\n\t\t\t\t>\n\t\t\t<\/picture>\n\t\t<\/a>\n\t<\/p>\n\n\n<p>De acordo com a companhia, a divis\u00e3o ser\u00e1 realizada da seguinte forma: R$ 73 milh\u00f5es v\u00e3o ser pagos como JCP, imputado no dividendo obrigat\u00f3rio e R$ 222,5 mil em forma de dividendos complementares.<\/p>\n<p>Segundo <a class=\"suno-keyword\" href=\"https:\/\/www.suno.com.br\/artigos\/fato-relevante\/\" target=\"_blank\" rel=\"noopener\" data-force=\"no\" data-priority=\"1\">fato relevante<\/a> enviado na Comiss\u00e3o de Valores Mobili\u00e1rios (CVM), o valor bruto por a\u00e7\u00e3o \u00e9 de R$ 0,081182054 por a\u00e7\u00e3o. Dividendos complementares e JCP ser\u00e3o pagos dia 18 de maio de 2022.<\/p>\n<p>O valor por a\u00e7\u00e3o dos rendimentos est\u00e1 sujeito a altera\u00e7\u00f5es em raz\u00e3o do saldo de <a class=\"suno-keyword\" href=\"https:\/\/www.suno.com.br\/artigos\/acoes-em-tesouraria\/\" target=\"_blank\" rel=\"noopener\" data-force=\"no\" data-priority=\"1\">a\u00e7\u00f5es em tesouraria<\/a> na data do corte.<\/p>\n<p>Apenas os investidores com a\u00e7\u00f5es da Grendene no dia 2 de maio ter\u00e3o direito de receber os rendimentos. A partir do dia 3 de maio, as a\u00e7\u00f5es ser\u00e3o negociadas sem direito aos dividendos.<\/p>\n<p>Em 2021, a companhia distribuiu antecipadamente R$ 321,9 milh\u00f5es. Ao somar os R$ 73,2 anunciados no montante, a Grendene totalizou o valor bruto de R$ 395,2 milh\u00f5es para distribui\u00e7\u00e3o relativo ao exerc\u00edcio de 2021.<\/p>\n\t<p>\n\t\t<a href=\"\" target=\"_blank\" data-element=\"shortcode-suno-banner\" title=\"Banner SUNO, clique e saiba mais\">\n\t\t\t<picture>\n\t\t\t\t<source media=\"(max-width: 500px)\" srcset=\"\">\n\t\t\t\t<img class=\"newsContent__article__imgCapa newsContent__article__imgCapa--banner\"\n\t\t\t\t\tsrc=\"\"\n\t\t\t\t\tdata-promo-id=\"89005\"\t\t\t\t\t\t\t\t\t\t\t\t\t\t\talt=\"\"\n\t\t\t\t>\n\t\t\t<\/picture>\n\t\t<\/a>\n\t<\/p>\n\n\n<h2>Grendene (GRND3): Gestora 3G Radar, de Lemann, aumenta participa\u00e7\u00e3o para 20%<\/h2>\n<p>A\u00a0<a href=\"https:\/\/www.suno.com.br\/acoes\/grnd3\"><strong>Grendene<\/strong>\u00a0(GRND3)<\/a>\u00a0recebeu uma carta da 3G Radar que informa o aumento da sua participa\u00e7\u00e3o no capital social da companhia. A 3G \u00e9 uma gestora de investimentos formada pelo trio Jorge Paulo Lemann, Carlos Alberto Sicupira e Marcel Telles.<\/p>\n<p>No comunicado ao mercado, a Grendene informou que a participa\u00e7\u00e3o da\u00a0<strong>3G<\/strong>\u00a0passou a ser de 20,3%, saindo de um patamar pouco abaixo de 7%. De acordo com o\u00a0<a href=\"https:\/\/www.suno.com.br\/artigos\/cvm\/\">fato relevante<\/a>, a gestora esclareceu que o aumento tem por objetivo o investimento na companhia, sem a inten\u00e7\u00e3o de alterar a sua composi\u00e7\u00e3o de controle ou estrutura administrativa.<\/p>\n\t<p>\n\t\t<a href=\"\" target=\"_blank\" data-element=\"shortcode-suno-banner\" title=\"Banner SUNO, clique e saiba mais\">\n\t\t\t<picture>\n\t\t\t\t<source media=\"(max-width: 500px)\" srcset=\"\">\n\t\t\t\t<img class=\"newsContent__article__imgCapa newsContent__article__imgCapa--banner\"\n\t\t\t\t\tsrc=\"\"\n\t\t\t\t\tdata-promo-id=\"77053\"\t\t\t\t\t\t\t\t\t\t\t\t\t\t\talt=\"\"\n\t\t\t\t>\n\t\t\t<\/picture>\n\t\t<\/a>\n\t<\/p>\n\n\n<p>A participa\u00e7\u00e3o da 3G na Grendene se d\u00e1 por meio de 8% em\u00a0<strong>a\u00e7\u00f5es<\/strong>\u00a0ordin\u00e1rias da empresa, em conjunto com 12% de\u00a0<a href=\"https:\/\/www.suno.com.br\/artigos\/derivativos\/\">Instrumentos derivativos<\/a>\u00a0de liquida\u00e7\u00e3o f\u00edsica.<\/p>\n<p>Desta forma, o montante beira os 72 milh\u00f5es de a\u00e7\u00f5es ordin\u00e1rias e at\u00e9 108 milh\u00f5es em derivativos.<\/p>\n<h2>\u00daltima cota\u00e7\u00e3o<\/h2>\n<p>No fechamento desta quinta, a a\u00e7\u00e3o da <strong>Grendene<\/strong> fechou em estabilidade, a R$ 8,08. Nos \u00faltimos 12 meses, os ativos acumulam alta de 10,84%.<\/p>\n\t<p>\n\t\t<a href=\"https:\/\/lp.suno.com.br\/planilha-de-controle-de-investimentos\/\" target=\"_blank\" data-element=\"shortcode-suno-banner\" title=\"Banner SUNO, clique e saiba mais\">\n\t\t\t<picture>\n\t\t\t\t<source media=\"(max-width: 500px)\" srcset=\"https:\/\/files.sunoresearch.com.br\/n\/uploads\/2023\/03\/400x300-Controle-de-Investimentos.png\">\n\t\t\t\t<img class=\"newsContent__article__imgCapa newsContent__article__imgCapa--banner\"\n\t\t\t\t\tsrc=\"https:\/\/files.sunoresearch.com.br\/n\/uploads\/2023\/03\/1420x240-Controle-de-Investimentos.png\"\n\t\t\t\t\tdata-promo-id=\"75934\"\t\t\t\t\t\t\t\t\t\twidth='1420' height='240'\t\t\t\t\talt=\"https:\/\/files.sunoresearch.com.br\/n\/uploads\/2023\/03\/1420x240-Controle-de-Investimentos.png\"\n\t\t\t\t>\n\t\t\t<\/picture>\n\t\t<\/a>\n\t<\/p>\n\n\n","protected":false},"excerpt":{"rendered":"<p>A Grendene (GRND3) informou nesta quinta-feira (24) que o Conselho de Administra\u00e7\u00e3o aprovou o pagamento de dividendos e Juros sobre Capital Pr\u00f3prio (JCP) no valor bruto de R$ 73,2 milh\u00f5es, referente ao exerc\u00edcio social encerrado em 31 de dezembro de 2021. Grendene. Foto: Reprodu\u00e7\u00e3o De acordo com a companhia, a divis\u00e3o ser\u00e1 realizada da seguinte [&hellip;]<\/p>\n","protected":false},"author":146,"featured_media":193072,"comment_status":"closed","ping_status":"closed","sticky":false,"template":"","format":"standard","meta":[],"categories":[64],"tags":[493],"suno_strategy":[],"class_list":["post-235568","post","type-post","status-publish","format-standard","has-post-thumbnail","hentry","category-negocios","tag-grendene-grnd3"],"yoast_head":"<!-- This site is optimized with the Yoast SEO plugin v24.4 - https:\/\/yoast.com\/wordpress\/plugins\/seo\/ -->\n<title>Grendene (GRND3) pagar\u00e1 dividendos e JCP de R$ 73,2 mi<\/title>\n<meta name=\"description\" content=\"A Grendene (GRND3) informou nesta quinta-feira (24) que vai pagar dividendos e Juros sobre Capital Pr\u00f3prio (JCP) no valor bruto de R$ 73,2 mi\" \/>\n<meta name=\"robots\" content=\"index, follow, max-snippet:-1, max-image-preview:large, max-video-preview:-1\" \/>\n<link rel=\"canonical\" href=\"https:\/\/www.suno.com.br\/noticias\/grendene-grnd3-aprova-dividendendos-jcp-73-mi\/\" \/>\n<meta property=\"og:locale\" content=\"pt_BR\" \/>\n<meta property=\"og:type\" content=\"article\" \/>\n<meta property=\"og:title\" content=\"Grendene (GRND3) pagar\u00e1 dividendos e JCP de R$ 73,2 mi\" \/>\n<meta property=\"og:description\" content=\"A Grendene (GRND3) informou nesta quinta-feira (24) que vai pagar dividendos e Juros sobre Capital Pr\u00f3prio (JCP) no valor bruto de R$ 73,2 mi\" \/>\n<meta property=\"og:url\" content=\"https:\/\/www.suno.com.br\/noticias\/grendene-grnd3-aprova-dividendendos-jcp-73-mi\/\" \/>\n<meta property=\"og:site_name\" content=\"Suno Not\u00edcias\" \/>\n<meta property=\"article:publisher\" content=\"https:\/\/facebook.com\/sunoresearch\" \/>\n<meta property=\"og:image\" content=\"https:\/\/files.sunoresearch.com.br\/n\/uploads\/2021\/10\/grendene_negocios_money_reproducao_-1-1.jpg\" \/>\n\t<meta property=\"og:image:width\" content=\"2000\" \/>\n\t<meta property=\"og:image:height\" content=\"1333\" \/>\n\t<meta property=\"og:image:type\" content=\"image\/jpeg\" \/>\n<meta name=\"author\" content=\"Vict\u00f3ria Anhesini\" \/>\n<meta name=\"twitter:card\" content=\"summary_large_image\" \/>\n<meta name=\"twitter:creator\" content=\"@sunoresearch\" \/>\n<meta name=\"twitter:site\" content=\"@sunoresearch\" \/>\n<meta name=\"twitter:label1\" content=\"Escrito por\" \/>\n\t<meta name=\"twitter:data1\" content=\"Vict\u00f3ria Anhesini\" \/>\n\t<meta name=\"twitter:label2\" content=\"Est. tempo de leitura\" \/>\n\t<meta name=\"twitter:data2\" content=\"2 minutos\" \/>\n<script type=\"application\/ld+json\" class=\"yoast-schema-graph\">{\"@context\":\"https:\/\/schema.org\",\"@graph\":[{\"@type\":\"NewsArticle\",\"@id\":\"https:\/\/www.suno.com.br\/noticias\/grendene-grnd3-aprova-dividendendos-jcp-73-mi\/#article\",\"isPartOf\":{\"@id\":\"https:\/\/www.suno.com.br\/noticias\/grendene-grnd3-aprova-dividendendos-jcp-73-mi\/\"},\"author\":{\"name\":\"Vict\u00f3ria Anhesini\",\"@id\":\"https:\/\/www.suno.com.br\/noticias\/#\/schema\/person\/46d847cb19ad53fde0857adca989c23f\"},\"headline\":\"Grendene (GRND3) pagar\u00e1 dividendos e JCP no total de R$ 73,2 milh\u00f5es\",\"datePublished\":\"2022-02-25T00:14:15+00:00\",\"mainEntityOfPage\":{\"@id\":\"https:\/\/www.suno.com.br\/noticias\/grendene-grnd3-aprova-dividendendos-jcp-73-mi\/\"},\"wordCount\":411,\"publisher\":{\"@id\":\"https:\/\/www.suno.com.br\/noticias\/#organization\"},\"image\":{\"@id\":\"https:\/\/www.suno.com.br\/noticias\/grendene-grnd3-aprova-dividendendos-jcp-73-mi\/#primaryimage\"},\"thumbnailUrl\":\"https:\/\/files.sunoresearch.com.br\/n\/uploads\/2021\/10\/grendene_negocios_money_reproducao_-1-1.jpg\",\"keywords\":[\"Grendene (GRND3)\"],\"articleSection\":[\"Neg\u00f3cios\"],\"inLanguage\":\"pt-BR\"},{\"@type\":\"WebPage\",\"@id\":\"https:\/\/www.suno.com.br\/noticias\/grendene-grnd3-aprova-dividendendos-jcp-73-mi\/\",\"url\":\"https:\/\/www.suno.com.br\/noticias\/grendene-grnd3-aprova-dividendendos-jcp-73-mi\/\",\"name\":\"Grendene (GRND3) pagar\u00e1 dividendos e JCP de R$ 73,2 mi\",\"isPartOf\":{\"@id\":\"https:\/\/www.suno.com.br\/noticias\/#website\"},\"primaryImageOfPage\":{\"@id\":\"https:\/\/www.suno.com.br\/noticias\/grendene-grnd3-aprova-dividendendos-jcp-73-mi\/#primaryimage\"},\"image\":{\"@id\":\"https:\/\/www.suno.com.br\/noticias\/grendene-grnd3-aprova-dividendendos-jcp-73-mi\/#primaryimage\"},\"thumbnailUrl\":\"https:\/\/files.sunoresearch.com.br\/n\/uploads\/2021\/10\/grendene_negocios_money_reproducao_-1-1.jpg\",\"datePublished\":\"2022-02-25T00:14:15+00:00\",\"description\":\"A Grendene (GRND3) informou nesta quinta-feira (24) que vai pagar dividendos e Juros sobre Capital Pr\u00f3prio (JCP) no valor bruto de R$ 73,2 mi\",\"breadcrumb\":{\"@id\":\"https:\/\/www.suno.com.br\/noticias\/grendene-grnd3-aprova-dividendendos-jcp-73-mi\/#breadcrumb\"},\"inLanguage\":\"pt-BR\",\"potentialAction\":[{\"@type\":\"ReadAction\",\"target\":[\"https:\/\/www.suno.com.br\/noticias\/grendene-grnd3-aprova-dividendendos-jcp-73-mi\/\"]}]},{\"@type\":\"ImageObject\",\"inLanguage\":\"pt-BR\",\"@id\":\"https:\/\/www.suno.com.br\/noticias\/grendene-grnd3-aprova-dividendendos-jcp-73-mi\/#primaryimage\",\"url\":\"https:\/\/files.sunoresearch.com.br\/n\/uploads\/2021\/10\/grendene_negocios_money_reproducao_-1-1.jpg\",\"contentUrl\":\"https:\/\/files.sunoresearch.com.br\/n\/uploads\/2021\/10\/grendene_negocios_money_reproducao_-1-1.jpg\",\"width\":2000,\"height\":1333,\"caption\":\"Grendene. Foto: Reprodu\u00e7\u00e3o\"},{\"@type\":\"BreadcrumbList\",\"@id\":\"https:\/\/www.suno.com.br\/noticias\/grendene-grnd3-aprova-dividendendos-jcp-73-mi\/#breadcrumb\",\"itemListElement\":[{\"@type\":\"ListItem\",\"position\":1,\"name\":\"Not\u00edcias\",\"item\":\"https:\/\/www.suno.com.br\/noticias\/\"},{\"@type\":\"ListItem\",\"position\":2,\"name\":\"Neg\u00f3cios\",\"item\":\"https:\/\/www.suno.com.br\/noticias\/negocios\/\"},{\"@type\":\"ListItem\",\"position\":3,\"name\":\"Grendene (GRND3) pagar\u00e1 dividendos e JCP no total de R$ 73,2 milh\u00f5es\"}]},{\"@type\":\"WebSite\",\"@id\":\"https:\/\/www.suno.com.br\/noticias\/#website\",\"url\":\"https:\/\/www.suno.com.br\/noticias\/\",\"name\":\"Suno Not\u00edcias\",\"description\":\"Seu portal de informa\u00e7\u00e3o sobre o mundo dos investimentos\",\"publisher\":{\"@id\":\"https:\/\/www.suno.com.br\/noticias\/#organization\"},\"potentialAction\":[{\"@type\":\"SearchAction\",\"target\":{\"@type\":\"EntryPoint\",\"urlTemplate\":\"https:\/\/www.suno.com.br\/noticias\/?s={search_term_string}\"},\"query-input\":{\"@type\":\"PropertyValueSpecification\",\"valueRequired\":true,\"valueName\":\"search_term_string\"}}],\"inLanguage\":\"pt-BR\"},{\"@type\":\"Organization\",\"@id\":\"https:\/\/www.suno.com.br\/noticias\/#organization\",\"name\":\"Suno Not\u00edcias\",\"url\":\"https:\/\/www.suno.com.br\/noticias\/\",\"logo\":{\"@type\":\"ImageObject\",\"inLanguage\":\"pt-BR\",\"@id\":\"https:\/\/www.suno.com.br\/noticias\/#\/schema\/logo\/image\/\",\"url\":\"https:\/\/files.sunoresearch.com.br\/n\/uploads\/2021\/09\/suno-logo.png\",\"contentUrl\":\"https:\/\/files.sunoresearch.com.br\/n\/uploads\/2021\/09\/suno-logo.png\",\"width\":180,\"height\":180,\"caption\":\"Suno Not\u00edcias\"},\"image\":{\"@id\":\"https:\/\/www.suno.com.br\/noticias\/#\/schema\/logo\/image\/\"},\"sameAs\":[\"https:\/\/facebook.com\/sunoresearch\",\"https:\/\/x.com\/sunoresearch\",\"https:\/\/www.instagram.com\/suno\",\"https:\/\/www.linkedin.com\/company\/suno-research\/\",\"https:\/\/www.youtube.com\/c\/sunoresearch\"]},{\"@type\":\"Person\",\"@id\":\"https:\/\/www.suno.com.br\/noticias\/#\/schema\/person\/46d847cb19ad53fde0857adca989c23f\",\"name\":\"Vict\u00f3ria Anhesini\",\"image\":{\"@type\":\"ImageObject\",\"inLanguage\":\"pt-BR\",\"@id\":\"https:\/\/www.suno.com.br\/noticias\/#\/schema\/person\/image\/\",\"url\":\"https:\/\/secure.gravatar.com\/avatar\/0172bdfcd9129dd9dd68794804304e6e?s=96&r=g\",\"contentUrl\":\"https:\/\/secure.gravatar.com\/avatar\/0172bdfcd9129dd9dd68794804304e6e?s=96&r=g\",\"caption\":\"Vict\u00f3ria Anhesini\"},\"description\":\"Rep\u00f3rter no Suno Not\u00edcias, cobre mercados, neg\u00f3cios e economia, escrevendo majoritariamente sobre movimentos das empresas, cobertura de balan\u00e7os trimestrais e Bolsa de Valores. Formada em jornalismo pela Universidade Presbiteriana Mackenzie em 2019, passou pelo portal de economia e finan\u00e7as EuQueroInvestir como rep\u00f3rter e anteriormente, trabalhou na assessoria de imprensa PinePR, onde liderou com startups de inova\u00e7\u00e3o, tecnologia e finan\u00e7as. Em seu tempo livre, fala sobre m\u00fasica para ambos os sites do selo ForMusic, Wikimetal e Mad Sound, e faz trabalho volunt\u00e1rio no programa Escreve Cartas do Poupatempo.\",\"sameAs\":[\"https:\/\/www.linkedin.com\/in\/victoria-anhesini\/\"],\"url\":\"https:\/\/www.suno.com.br\/noticias\/author\/victoria\/\"}]}<\/script>\n<!-- \/ Yoast SEO plugin. -->","yoast_head_json":{"title":"Grendene (GRND3) pagar\u00e1 dividendos e JCP de R$ 73,2 mi","description":"A Grendene (GRND3) informou nesta quinta-feira (24) que vai pagar dividendos e Juros sobre Capital Pr\u00f3prio (JCP) no valor bruto de R$ 73,2 mi","robots":{"index":"index","follow":"follow","max-snippet":"max-snippet:-1","max-image-preview":"max-image-preview:large","max-video-preview":"max-video-preview:-1"},"canonical":"https:\/\/www.suno.com.br\/noticias\/grendene-grnd3-aprova-dividendendos-jcp-73-mi\/","og_locale":"pt_BR","og_type":"article","og_title":"Grendene (GRND3) pagar\u00e1 dividendos e JCP de R$ 73,2 mi","og_description":"A Grendene (GRND3) informou nesta quinta-feira (24) que vai pagar dividendos e Juros sobre Capital Pr\u00f3prio (JCP) no valor bruto de R$ 73,2 mi","og_url":"https:\/\/www.suno.com.br\/noticias\/grendene-grnd3-aprova-dividendendos-jcp-73-mi\/","og_site_name":"Suno Not\u00edcias","article_publisher":"https:\/\/facebook.com\/sunoresearch","og_image":[{"width":2000,"height":1333,"url":"https:\/\/files.sunoresearch.com.br\/n\/uploads\/2021\/10\/grendene_negocios_money_reproducao_-1-1.jpg","type":"image\/jpeg"}],"author":"Vict\u00f3ria Anhesini","twitter_card":"summary_large_image","twitter_creator":"@sunoresearch","twitter_site":"@sunoresearch","twitter_misc":{"Escrito por":"Vict\u00f3ria Anhesini","Est. tempo de leitura":"2 minutos"},"schema":{"@context":"https:\/\/schema.org","@graph":[{"@type":"NewsArticle","@id":"https:\/\/www.suno.com.br\/noticias\/grendene-grnd3-aprova-dividendendos-jcp-73-mi\/#article","isPartOf":{"@id":"https:\/\/www.suno.com.br\/noticias\/grendene-grnd3-aprova-dividendendos-jcp-73-mi\/"},"author":{"name":"Vict\u00f3ria Anhesini","@id":"https:\/\/www.suno.com.br\/noticias\/#\/schema\/person\/46d847cb19ad53fde0857adca989c23f"},"headline":"Grendene (GRND3) pagar\u00e1 dividendos e JCP no total de R$ 73,2 milh\u00f5es","datePublished":"2022-02-25T00:14:15+00:00","mainEntityOfPage":{"@id":"https:\/\/www.suno.com.br\/noticias\/grendene-grnd3-aprova-dividendendos-jcp-73-mi\/"},"wordCount":411,"publisher":{"@id":"https:\/\/www.suno.com.br\/noticias\/#organization"},"image":{"@id":"https:\/\/www.suno.com.br\/noticias\/grendene-grnd3-aprova-dividendendos-jcp-73-mi\/#primaryimage"},"thumbnailUrl":"https:\/\/files.sunoresearch.com.br\/n\/uploads\/2021\/10\/grendene_negocios_money_reproducao_-1-1.jpg","keywords":["Grendene (GRND3)"],"articleSection":["Neg\u00f3cios"],"inLanguage":"pt-BR"},{"@type":"WebPage","@id":"https:\/\/www.suno.com.br\/noticias\/grendene-grnd3-aprova-dividendendos-jcp-73-mi\/","url":"https:\/\/www.suno.com.br\/noticias\/grendene-grnd3-aprova-dividendendos-jcp-73-mi\/","name":"Grendene (GRND3) pagar\u00e1 dividendos e JCP de R$ 73,2 mi","isPartOf":{"@id":"https:\/\/www.suno.com.br\/noticias\/#website"},"primaryImageOfPage":{"@id":"https:\/\/www.suno.com.br\/noticias\/grendene-grnd3-aprova-dividendendos-jcp-73-mi\/#primaryimage"},"image":{"@id":"https:\/\/www.suno.com.br\/noticias\/grendene-grnd3-aprova-dividendendos-jcp-73-mi\/#primaryimage"},"thumbnailUrl":"https:\/\/files.sunoresearch.com.br\/n\/uploads\/2021\/10\/grendene_negocios_money_reproducao_-1-1.jpg","datePublished":"2022-02-25T00:14:15+00:00","description":"A Grendene (GRND3) informou nesta quinta-feira (24) que vai pagar dividendos e Juros sobre Capital Pr\u00f3prio (JCP) no valor bruto de R$ 73,2 mi","breadcrumb":{"@id":"https:\/\/www.suno.com.br\/noticias\/grendene-grnd3-aprova-dividendendos-jcp-73-mi\/#breadcrumb"},"inLanguage":"pt-BR","potentialAction":[{"@type":"ReadAction","target":["https:\/\/www.suno.com.br\/noticias\/grendene-grnd3-aprova-dividendendos-jcp-73-mi\/"]}]},{"@type":"ImageObject","inLanguage":"pt-BR","@id":"https:\/\/www.suno.com.br\/noticias\/grendene-grnd3-aprova-dividendendos-jcp-73-mi\/#primaryimage","url":"https:\/\/files.sunoresearch.com.br\/n\/uploads\/2021\/10\/grendene_negocios_money_reproducao_-1-1.jpg","contentUrl":"https:\/\/files.sunoresearch.com.br\/n\/uploads\/2021\/10\/grendene_negocios_money_reproducao_-1-1.jpg","width":2000,"height":1333,"caption":"Grendene. Foto: Reprodu\u00e7\u00e3o"},{"@type":"BreadcrumbList","@id":"https:\/\/www.suno.com.br\/noticias\/grendene-grnd3-aprova-dividendendos-jcp-73-mi\/#breadcrumb","itemListElement":[{"@type":"ListItem","position":1,"name":"Not\u00edcias","item":"https:\/\/www.suno.com.br\/noticias\/"},{"@type":"ListItem","position":2,"name":"Neg\u00f3cios","item":"https:\/\/www.suno.com.br\/noticias\/negocios\/"},{"@type":"ListItem","position":3,"name":"Grendene (GRND3) pagar\u00e1 dividendos e JCP no total de R$ 73,2 milh\u00f5es"}]},{"@type":"WebSite","@id":"https:\/\/www.suno.com.br\/noticias\/#website","url":"https:\/\/www.suno.com.br\/noticias\/","name":"Suno Not\u00edcias","description":"Seu portal de informa\u00e7\u00e3o sobre o mundo dos investimentos","publisher":{"@id":"https:\/\/www.suno.com.br\/noticias\/#organization"},"potentialAction":[{"@type":"SearchAction","target":{"@type":"EntryPoint","urlTemplate":"https:\/\/www.suno.com.br\/noticias\/?s={search_term_string}"},"query-input":{"@type":"PropertyValueSpecification","valueRequired":true,"valueName":"search_term_string"}}],"inLanguage":"pt-BR"},{"@type":"Organization","@id":"https:\/\/www.suno.com.br\/noticias\/#organization","name":"Suno Not\u00edcias","url":"https:\/\/www.suno.com.br\/noticias\/","logo":{"@type":"ImageObject","inLanguage":"pt-BR","@id":"https:\/\/www.suno.com.br\/noticias\/#\/schema\/logo\/image\/","url":"https:\/\/files.sunoresearch.com.br\/n\/uploads\/2021\/09\/suno-logo.png","contentUrl":"https:\/\/files.sunoresearch.com.br\/n\/uploads\/2021\/09\/suno-logo.png","width":180,"height":180,"caption":"Suno Not\u00edcias"},"image":{"@id":"https:\/\/www.suno.com.br\/noticias\/#\/schema\/logo\/image\/"},"sameAs":["https:\/\/facebook.com\/sunoresearch","https:\/\/x.com\/sunoresearch","https:\/\/www.instagram.com\/suno","https:\/\/www.linkedin.com\/company\/suno-research\/","https:\/\/www.youtube.com\/c\/sunoresearch"]},{"@type":"Person","@id":"https:\/\/www.suno.com.br\/noticias\/#\/schema\/person\/46d847cb19ad53fde0857adca989c23f","name":"Vict\u00f3ria Anhesini","image":{"@type":"ImageObject","inLanguage":"pt-BR","@id":"https:\/\/www.suno.com.br\/noticias\/#\/schema\/person\/image\/","url":"https:\/\/secure.gravatar.com\/avatar\/0172bdfcd9129dd9dd68794804304e6e?s=96&r=g","contentUrl":"https:\/\/secure.gravatar.com\/avatar\/0172bdfcd9129dd9dd68794804304e6e?s=96&r=g","caption":"Vict\u00f3ria Anhesini"},"description":"Rep\u00f3rter no Suno Not\u00edcias, cobre mercados, neg\u00f3cios e economia, escrevendo majoritariamente sobre movimentos das empresas, cobertura de balan\u00e7os trimestrais e Bolsa de Valores. Formada em jornalismo pela Universidade Presbiteriana Mackenzie em 2019, passou pelo portal de economia e finan\u00e7as EuQueroInvestir como rep\u00f3rter e anteriormente, trabalhou na assessoria de imprensa PinePR, onde liderou com startups de inova\u00e7\u00e3o, tecnologia e finan\u00e7as. Em seu tempo livre, fala sobre m\u00fasica para ambos os sites do selo ForMusic, Wikimetal e Mad Sound, e faz trabalho volunt\u00e1rio no programa Escreve Cartas do Poupatempo.","sameAs":["https:\/\/www.linkedin.com\/in\/victoria-anhesini\/"],"url":"https:\/\/www.suno.com.br\/noticias\/author\/victoria\/"}]}},"default_loop_html":"<div class=\"cardsPage__listCard__boxs\"><div class=\"cardsPage__listCard__boxs__img\"><a href=\"https:\/\/www.suno.com.br\/noticias\/grendene-grnd3-aprova-dividendendos-jcp-73-mi\/\"><img class=\"mask\" src=\"https:\/\/www.suno.com.br\/noticias\/wp-content\/themes\/suno\/resources\/images\/spotlight\/spotlight1img\/bg-mask.png\" alt=\"Image Mask\"\/><img src=\"https:\/\/files.sunoresearch.com.br\/n\/uploads\/2021\/10\/grendene_negocios_money_reproducao_-1-1-400x200.jpg\" alt=\"Grendene (GRND3) pagar\u00e1 dividendos e JCP no total de R$ 73,2 milh\u00f5es\"\/><\/a><span class=\"spotlightCategory\"><a href=\"https:\/\/www.suno.com.br\/noticias\/negocios\/\">Neg\u00f3cios<\/a><\/span><\/div><div class=\"cardsPage__listCard__boxs__content\"><a href=\"https:\/\/www.suno.com.br\/noticias\/grendene-grnd3-aprova-dividendendos-jcp-73-mi\/\"><h2 class=\"content__title\">Grendene (GRND3) pagar\u00e1 dividendos e JCP no total de R$ 73,2 milh\u00f5es<\/h2><\/a><div class=\"newsContent__article__meta\"><div class=\"newsContent__article__meta__authorBox\"><a href=\"https:\/\/www.suno.com.br\/noticias\/author\/victoria\/\" class=\"authorBox__avatar noMobi\"><img src=\"https:\/\/files.sunoresearch.com.br\/n\/uploads\/2021\/12\/20190129VickyPINEAPPLE01-1-150x150.jpg\" alt=\"Vict\u00f3ria Anhesini\"><\/a><div class=\"authorBox__name\"><span>por\n\t\t\t<a href=\"https:\/\/www.suno.com.br\/noticias\/author\/victoria\/\"><span itemprop=\"author\">Vict\u00f3ria Anhesini<\/span><\/a><\/span><time datetime=\"2022-02-24T21:14:15-03:00\" itemprop=\"datePublished\">24\/02\/2022 21:14<\/time><\/div><\/div><\/div><\/div><\/div>","single_layout":"posts","amp_enabled":true,"_links":{"self":[{"href":"https:\/\/www.suno.com.br\/noticias\/wp-json\/wp\/v2\/posts\/235568"}],"collection":[{"href":"https:\/\/www.suno.com.br\/noticias\/wp-json\/wp\/v2\/posts"}],"about":[{"href":"https:\/\/www.suno.com.br\/noticias\/wp-json\/wp\/v2\/types\/post"}],"author":[{"embeddable":true,"href":"https:\/\/www.suno.com.br\/noticias\/wp-json\/wp\/v2\/users\/146"}],"replies":[{"embeddable":true,"href":"https:\/\/www.suno.com.br\/noticias\/wp-json\/wp\/v2\/comments?post=235568"}],"version-history":[{"count":3,"href":"https:\/\/www.suno.com.br\/noticias\/wp-json\/wp\/v2\/posts\/235568\/revisions"}],"predecessor-version":[{"id":235584,"href":"https:\/\/www.suno.com.br\/noticias\/wp-json\/wp\/v2\/posts\/235568\/revisions\/235584"}],"wp:featuredmedia":[{"embeddable":true,"href":"https:\/\/www.suno.com.br\/noticias\/wp-json\/wp\/v2\/media\/193072"}],"wp:attachment":[{"href":"https:\/\/www.suno.com.br\/noticias\/wp-json\/wp\/v2\/media?parent=235568"}],"wp:term":[{"taxonomy":"category","embeddable":true,"href":"https:\/\/www.suno.com.br\/noticias\/wp-json\/wp\/v2\/categories?post=235568"},{"taxonomy":"post_tag","embeddable":true,"href":"https:\/\/www.suno.com.br\/noticias\/wp-json\/wp\/v2\/tags?post=235568"},{"taxonomy":"suno_strategy","embeddable":true,"href":"https:\/\/www.suno.com.br\/noticias\/wp-json\/wp\/v2\/suno_strategy?post=235568"}],"curies":[{"name":"wp","href":"https:\/\/api.w.org\/{rel}","templated":true}]}}