{"id":23540,"date":"2019-05-07T12:01:51","date_gmt":"2019-05-07T15:01:51","guid":{"rendered":"https:\/\/www.suno.com.br\/noticias\/?p=23540"},"modified":"2021-06-13T23:45:56","modified_gmt":"2021-06-14T02:45:56","slug":"entenda-causas-dolar-4-reais","status":"publish","type":"post","link":"https:\/\/www.suno.com.br\/noticias\/entenda-causas-dolar-4-reais\/","title":{"rendered":"Entenda as causas que levaram o d\u00f3lar de novo para R$ 4"},"content":{"rendered":"<p>Pela segunda vez em 2019 a cota\u00e7\u00e3o do d\u00f3lar atingiu os R$ 4. A valoriza\u00e7\u00e3o da moeda norte-americana ocorreu durante a sess\u00e3o desta ter\u00e7a-feira (7), por volta das 11h40, com uma alta de 1,26% sendo negociado a R$ 4,0010.<\/p>\t<div class=\"wrapper-featured-image\">\n\t\t<figure class=\"spotlightImg\">\n\n\t\t\t<picture>\n\t\t\t\t<source media=\"(max-width: 768px)\" srcset=\"https:\/\/files.sunoresearch.com.br\/n\/uploads\/2019\/01\/1e328bf6-d\u00f3lar-400x200.webp\">\n\t\t\t\t<img loading=\"lazy\" decoding=\"async\" class=\"newsContent__article__imgCapa lazyloadDisabled newsContent__article__imgCapa--noCaption\" src=\"https:\/\/files.sunoresearch.com.br\/n\/uploads\/2019\/01\/1e328bf6-d\u00f3lar.jpg\" width=\"800\" height=\"450\" alt=\"Entenda as causas que levaram o d\u00f3lar de novo para R$ 4\" fetchpriority=high \/>\n\t\t\t<\/picture>\n\n\t\t\t<figcaption class=\"wp-caption-text wp-caption-text--hide\">O d\u00f3lar encerrou nesta sexta-feira em alta de 1,14%, negociado a R$ 5,326 na venda, batendo um novo record. Clique aqui para saber mais<\/figcaption>\n\t\t<\/figure>\n\t<\/div>\n\n\n<p>A \u00faltima vez que a\u00a0<strong>moeda<\/strong> <strong>norte-americana<\/strong> havia alcan\u00e7ado essa cota\u00e7\u00e3o foi no dia<strong>\u00a0<\/strong>em 25 de abril. Uma s\u00e9rie de causas nacionais e externas geraram essa alta do c\u00e2mbio do <strong>d\u00f3lar<\/strong>. Principalmente as incertezas referentes a tramita\u00e7\u00e3o da <strong>reforma da Previd\u00eancia<\/strong>. Al\u00e9m disso, a guerra comercial entre Estados Unidos e China registrou mais um epis\u00f3dio, com as \u00faltimas declara\u00e7\u00f5es do presidente dos Estados Unidos, <strong>Donald<\/strong> <strong>Trump<\/strong>, sobre o poss\u00edvel aumento de tarifas alfandeg\u00e1ria sobre mercadorias chinesas.<\/p>\n\t<p>\n\t\t<a href=\"https:\/\/lp.suno.com.br\/ebook-10-livros\/\" target=\"_blank\" data-element=\"shortcode-suno-banner\" title=\"Banner SUNO, clique e saiba mais\">\n\t\t\t<picture>\n\t\t\t\t<source media=\"(max-width: 500px)\" srcset=\"https:\/\/files.sunoresearch.com.br\/n\/uploads\/2023\/03\/400x300-10-livros.png\">\n\t\t\t\t<img class=\"newsContent__article__imgCapa newsContent__article__imgCapa--banner\"\n\t\t\t\t\tsrc=\"https:\/\/files.sunoresearch.com.br\/n\/uploads\/2023\/03\/1420x240-10-livros.png\"\n\t\t\t\t\tdata-promo-id=\"383159\"\t\t\t\t\t\t\t\t\t\twidth='1420' height='240'\t\t\t\t\talt=\"https:\/\/files.sunoresearch.com.br\/n\/uploads\/2023\/03\/1420x240-10-livros.png\"\n\t\t\t\t>\n\t\t\t<\/picture>\n\t\t<\/a>\n\t<\/p>\n\n\n<p>Confira os principais motivos para o <strong>d\u00f3lar<\/strong> ter ultrapassado a cota\u00e7\u00e3o de R$ 4:<\/p>\n<ul>\n<li><strong>Reforma da Previd\u00eancia;<\/strong><\/li>\n<li><strong>PIB do Brasil;<\/strong><\/li>\n<li><strong>Guerra comercial EUA-China<\/strong><\/li>\n<li><strong>Economia dos EUA.<\/strong><\/li>\n<\/ul>\n<p><a href=\"https:\/\/www.suno.com.br\/noticias\/dolar-070519\/\">Saiba mais:\u00a0D\u00f3lar em alta com reforma da Previd\u00eancia e cen\u00e1rio externo no radar<\/a><\/p>\n<h2>Reforma da Previd\u00eancia<\/h2>\n<div class=\"mc-column content-text active-extra-styles \" data-block-type=\"unstyled\" data-block-weight=\"54\" data-block-id=\"6\">\n<p class=\"content-text__container \" data-track-category=\"Link no Texto\" data-track-links=\"\">No final de abri, a reforma da Previd\u00eancia foi aprovada pela <strong>Comiss\u00e3o de Constitui\u00e7\u00e3o e Justi\u00e7a (CCJ)<\/strong> da C\u00e2mara dos Deputados. No entanto, o que deveria gerar grande otimismo no mercado acabou tendo um vi\u00e9s contr\u00e1rio. Isso porque as &#8220;gorduras&#8221; inseridas no texto pelo governo, como margem de negocia\u00e7\u00e3o, acabaram sendo eliminadas j\u00e1 no primeiro est\u00e1gio de tramita\u00e7\u00e3o da proposta.<\/p>\n<p class=\"content-text__container \" data-track-category=\"Link no Texto\" data-track-links=\"\">Algo que limita muito o poder de barganha do Executivo. O risco \u00e9 que a Proposta de Emenda Constitucional (PEC) acabe representando uma economia menor do que R$ 1 trilh\u00e3o em 10 anos. Um valor indicado pelo Minist\u00e9rio da Economia como indispens\u00e1vel para preservar a sustentabilidade das contas p\u00fablicas.<\/p>\n<\/div>\n<p>\u00c0 pedido do &#8220;<strong>Centr\u00e3o<\/strong>&#8221; e tamb\u00e9m da oposi\u00e7\u00e3o do governo, foram retirados os seguintes t\u00f3picos:<\/p>\n<ul>\n<li>Fim da multa de 40% do <strong>Fundo de Garantia do Tempo de Servi\u00e7o<\/strong> (<strong>FGTS<\/strong>) para aposentados que trabalham;<\/li>\n<li>Fim da reten\u00e7\u00e3o do FTGS para aposentados que trabalham;<\/li>\n<li>Possibilidade de alterar a idade de aposentadoria compuls\u00f3ria de ministros do <strong>Supremo Tribunal Federal (STF)<\/strong>;<\/li>\n<li>Mudan\u00e7a no foro para julgamento de a\u00e7\u00f5es contra o <strong>Instituto Nacional do Seguro Social (INSS)<\/strong>;<\/li>\n<li>Exclusividade do <strong>Executivo<\/strong> de enviar proposta para alterar o regime previdenci\u00e1rio.<\/li>\n<\/ul>\n<p>Dessa forma, os <strong>investidores<\/strong> passaram a ficar mais cautelosos em rela\u00e7\u00e3o ao texto final da reforma, j\u00e1 que a PEC n\u00e3o possui mais pontos extras para poss\u00edveis articula\u00e7\u00f5es.<\/p>\n<p>Al\u00e9m disso, outro aspecto que gera inseguran\u00e7a \u00e9 a tramita\u00e7\u00e3o da reforma na <strong>Comiss\u00e3o<\/strong> <strong>Especial<\/strong>\u00a0da C\u00e2mara dos Deputados. Essa \u00e9 a segunda fase da avalia\u00e7\u00e3o da PEC. Na CCJ, foi avaliada a admissibilidade do texto, ou seja, se era ou n\u00e3o Constitucional. Na Comiss\u00e3o Especial ser\u00e1 avaliado o conte\u00fado do texto e poder\u00e3o ser apresentadas mudan\u00e7as por meio de emendas.<\/p>\n<p>O presidente da comiss\u00e3o, deputado <strong>Marcelo<\/strong> <strong>Ramos<\/strong>, afirmou que pretende definir na sess\u00e3o desta ter\u00e7a-feira (7) o calend\u00e1rio de audi\u00eancias p\u00fablicas para a discuss\u00e3o do texto.<\/p>\n<h3><strong>Maia, Bolsonaro e a articula\u00e7\u00e3o<\/strong><\/h3>\n<p>No fim de mar\u00e7o, o oresidente da C\u00e2mara, <strong>Rodrigo Maia<\/strong> (DEM) e o presidente da Rep\u00fablica,<strong> Jair Bolsonaro<\/strong> (PSL), trocaram farpas referentes \u00e0 articula\u00e7\u00e3o da <strong>reforma da Previd\u00eancia.<\/strong><\/p>\n<p>At\u00e9 aquele momento, o deputado era o principal articulador da &#8220;<strong>Nova Previd\u00eancia<\/strong>&#8220;. Este foi o apelido que o<strong>\u00a0Minist\u00e9rio da Economia<\/strong> deu ao texto, para diferenci\u00e1-lo da proposta da gest\u00e3o do ex-presidente Michel Temer (MDB).<\/p>\n<p>Bolsonaro, que foi eleito ap\u00f3s uma campanha eleitoral na qual criticava a &#8220;<strong>velha pol\u00edtica<\/strong>&#8220;, encontrou-se sem aliados para formar maioria no Congresso. E delegou a tarefa \u00e0 <strong>Maia<\/strong>, que come\u00e7ou a criticar a aparente postura de distanciamento da pauta do presidente da Rep\u00fablica. Essa briga entre poderes levou o\u00a0<strong>d\u00f3lar <\/strong>a bater\u00a0R$ 4.<\/p>\n<p>No entanto, mesmo com essa alta a troca de farpas seguiu acontecendo. Ap\u00f3s a aprova\u00e7\u00e3o da reforma da Previd\u00eancia na <strong>CCJ,<\/strong> o presidente da C\u00e2mara voltou a cobrar o posicionamento do governo federal para que o texto fosse articulado na <strong>Comiss\u00e3o Especial.<\/strong><\/p>\n\t<p>\n\t\t<a href=\"https:\/\/lp.suno.com.br\/planilha-de-controle-de-investimentos\/\" target=\"_blank\" data-element=\"shortcode-suno-banner\" title=\"Banner SUNO, clique e saiba mais\">\n\t\t\t<picture>\n\t\t\t\t<source media=\"(max-width: 500px)\" srcset=\"https:\/\/files.sunoresearch.com.br\/n\/uploads\/2023\/03\/400x300-Controle-de-Investimentos.png\">\n\t\t\t\t<img class=\"newsContent__article__imgCapa newsContent__article__imgCapa--banner\"\n\t\t\t\t\tsrc=\"https:\/\/files.sunoresearch.com.br\/n\/uploads\/2023\/03\/1420x240-Controle-de-Investimentos.png\"\n\t\t\t\t\tdata-promo-id=\"75934\"\t\t\t\t\t\t\t\t\t\twidth='1420' height='240'\t\t\t\t\talt=\"https:\/\/files.sunoresearch.com.br\/n\/uploads\/2023\/03\/1420x240-Controle-de-Investimentos.png\"\n\t\t\t\t>\n\t\t\t<\/picture>\n\t\t<\/a>\n\t<\/p>\n\n\n<h2>PIB do Brasil<\/h2>\n<p>A baixa expectativa de crescimento da economia nacional em 2019, \u00e9 outro fator que impacta diretamente na desvaloriza\u00e7\u00e3o do real frente ao d\u00f3lar.<\/p>\n<p>O <strong>Boletim<\/strong> <strong>Focus<\/strong>\u00a0divulgado na \u00faltima segunda-feira (6) reduziu novamente a previs\u00e3o do crescimento do <strong>Produto Interno Bruto (PIB)<\/strong> do Brasil.<\/p>\n<p>Pela primeira vez no ano a estimativa deixou o crescimento econ\u00f4mico abaixo dos 1,5%. Esse foi o d\u00e9cimo recuo seguido das proje\u00e7\u00f5es da <strong>economia<\/strong> <strong>nacional<\/strong>, que no in\u00edcio do ano tinha uma proje\u00e7\u00e3o de 2,6%.<\/p>\n<p><a href=\"https:\/\/www.suno.com.br\/noticias\/boletim-focus-pib-abaixo-15\/\">Saiba mais:\u00a0Boletim Focus: previs\u00e3o do PIB cai pela primeira vez abaixo de 1,5%<\/a><\/p>\n<p>O Boletim Focus \u00e9 um relat\u00f3rio \u00e9 elaborado toda semana pelo <a href=\"https:\/\/www.suno.com.br\/artigos\/bacen\/\">Banco Central<\/a> (BC), com base nas proje\u00e7\u00f5es de analistas de mais de 100 institui\u00e7\u00f5es financeiras.<\/p>\n<p>Al\u00e9m dos dados do Boletim do\u00a0<strong>BC<\/strong>, outras institui\u00e7\u00f5es reduziram a proje\u00e7\u00e3o do crescimento do <strong>PIB<\/strong> para o fim de <strong>2019<\/strong>:<\/p>\n<ul>\n<li><strong><a href=\"https:\/\/www.suno.com.br\/artigos\/fmi\/\">Fundo Monet\u00e1rio Internacional<\/a> (FMI):<\/strong> em 9 de abril, a proje\u00e7\u00e3o do PIB foi reduzida de 2,5% para 2,1%.<\/li>\n<li><strong>Comiss\u00e3o Econ\u00f4mica para a Am\u00e9rica Latina e o Caribe (Cepal):<\/strong> em 11 de abril, a comiss\u00e3o reduziu a previs\u00e3o de 2% para 1,8%.<\/li>\n<li><strong>Ita\u00fa Unibanco (ITUB4):<\/strong> em 2 de maio, o banco estimou uma redu\u00e7\u00e3o de 0,2% do PIB, durante o primeiro trimestre.<\/li>\n<li><strong>Bradesco (BBDC4):\u00a0<\/strong>tamb\u00e9m no dia 2 de maio, projetou uma queda de -0,1% no PIB, durante o primeiro trimestre.<\/li>\n<\/ul>\n<p>Por fim, no \u00faltimo dia 15, o <strong>minist\u00e9rio da Economia<\/strong> realizou pesquisa com analistas do mercado para projetar o <strong>PIB<\/strong> de acordo com o que pode ocorrer na tramita\u00e7\u00e3o da Proposta de Emenda Constitucional (PEC) da <strong>reforma da Previd\u00eancia<\/strong>:<\/p>\n<ul>\n<li><strong>Reforma da Previd\u00eancia sendo<\/strong> <strong>aprovada:<\/strong> crescimento de\u00a02,10%;<\/li>\n<li><strong>Reforma da Previd\u00eancia<\/strong>\u00a0<strong>sendo<\/strong> <strong>reprovada:<\/strong> crescimento de\u00a01%;<\/li>\n<li><strong>Reforma da Previd\u00eancia<\/strong>\u00a0<strong>parcialmente<\/strong> <strong>aprovada:<\/strong> crescimento de\u00a01,95%.<\/li>\n<\/ul>\n\t<p>\n\t\t<a href=\"https:\/\/lp.suno.com.br\/planilha-controle-gastos\/\" target=\"_blank\" data-element=\"shortcode-suno-banner\" title=\"Banner SUNO, clique e saiba mais\">\n\t\t\t<picture>\n\t\t\t\t<source media=\"(max-width: 500px)\" srcset=\"https:\/\/files.sunoresearch.com.br\/n\/uploads\/2023\/03\/400x300-Planilha-controle-de-gastos.png\">\n\t\t\t\t<img class=\"newsContent__article__imgCapa newsContent__article__imgCapa--banner\"\n\t\t\t\t\tsrc=\"https:\/\/files.sunoresearch.com.br\/n\/uploads\/2023\/03\/1420x240-Planilha-controle-de-gastos.png\"\n\t\t\t\t\tdata-promo-id=\"102417\"\t\t\t\t\t\t\t\t\t\twidth='1420' height='240'\t\t\t\t\talt=\"https:\/\/files.sunoresearch.com.br\/n\/uploads\/2023\/03\/1420x240-Planilha-controle-de-gastos.png\"\n\t\t\t\t>\n\t\t\t<\/picture>\n\t\t<\/a>\n\t<\/p>\n\n\n<h3>Desemprego em alta<\/h3>\n<p>Outro fator que contribui com a fraqueza do real \u00e9 o desemprego no Brasil. No primeiro trimestre de 2019, foram registradas 13,4 milh\u00f5es de pessoas <strong>desempregadas<\/strong> no pa\u00eds. Os n\u00fameros apontam que o desemprego atinge 12,7% da popula\u00e7\u00e3o.<\/p>\n<p><a href=\"https:\/\/www.suno.com.br\/noticias\/taxa-desemprego-sobre-marco-ibge\/\">Saiba mais:\u00a0Taxa de desemprego sobe para 12,7% em mar\u00e7o, diz IBGE<\/a><\/p>\n<p>Os dados divulgados na \u00faltima ter\u00e7a-feira (30) pelo\u00a0<strong>Instituto Brasileiro de Geografia e Estat\u00edstica (IBGE)\u00a0<\/strong>revelam que o <strong>desemprego<\/strong> atingiu 1,2 milh\u00e3o de pessoas no in\u00edcio deste ano. O aumento \u00e9 em compara\u00e7\u00e3o com o \u00faltimo trimestre de 2018.<\/p>\n<h2>Economia dos EUA<\/h2>\n<p>O terceiro principal motivo que interfere na valoriza\u00e7\u00e3o do <strong>d\u00f3lar<\/strong>\u00a0sobre a moeda brasileira, se refere a economia dos Estados Unidos.<\/p>\n<p>No in\u00edcio deste ano, o mercado financeiro apresentava postura mais conservadora e de avers\u00e3o ao risco. Isto devido \u00e0 cautela com a<strong> desacelera\u00e7\u00e3o econ\u00f4mica<\/strong> global.<\/p>\n<p>Dessa forma, principalmente em abril, os<strong> Estados Unidos<\/strong> contornaram o pessimismo. O fato ocorreu na apresenta\u00e7\u00e3o de dados que confortaram os investidores. E resgataram o apoio da maior economia do mundo em tratar-se do <strong>PIB<\/strong>.<\/p>\n<p>Deste modo, com a maior economia do mundo mostrando ind\u00edcios de retorno ao ponto de ebuli\u00e7\u00e3o, o <strong>d\u00f3lar<\/strong> \u00e9 valorizado no cen\u00e1rio dom\u00e9stico brasileiro.<\/p>\n\t<p>\n\t\t<a href=\"https:\/\/lp.suno.com.br\/ebook-guia-ir\/\" target=\"_blank\" data-element=\"shortcode-suno-banner\" title=\"Banner SUNO, clique e saiba mais\">\n\t\t\t<picture>\n\t\t\t\t<source media=\"(max-width: 500px)\" srcset=\"https:\/\/files.sunoresearch.com.br\/n\/uploads\/2023\/03\/400x300-Ebook-IR.png\">\n\t\t\t\t<img class=\"newsContent__article__imgCapa newsContent__article__imgCapa--banner\"\n\t\t\t\t\tsrc=\"https:\/\/files.sunoresearch.com.br\/n\/uploads\/2023\/03\/1420x240-Ebook-IR.png\"\n\t\t\t\t\tdata-promo-id=\"383124\"\t\t\t\t\t\t\t\t\t\twidth='1420' height='240'\t\t\t\t\talt=\"https:\/\/files.sunoresearch.com.br\/n\/uploads\/2023\/03\/1420x240-Ebook-IR.png\"\n\t\t\t\t>\n\t\t\t<\/picture>\n\t\t<\/a>\n\t<\/p>\n\n\n<p>Confira abaixo os principais fatos que motivaram a alta de confian\u00e7a na economia norte-americana:<\/p>\n<ul>\n<li><strong>PIB do 1T19;<\/strong><\/li>\n<li><strong>Emprego em abril de 2019;<\/strong><\/li>\n<li><strong>Guerra comercial: China x EUA;<\/strong><\/li>\n<li><strong>Taxa b\u00e1sica de juros est\u00e1vel.<\/strong><\/li>\n<\/ul>\n<h3><strong>PIB<\/strong>\u00a0dos EUA no 1T19<\/h3>\n<p>De acordo com dados divulgados pelo Departamento de Com\u00e9rcio dos EUA, em 26 de abril, o Produto Interno Bruto (PIB) dos <strong>Estados<\/strong> <strong>Unidos<\/strong> cresceu 3,2% durante o primeiro trimestre de 2019. A alta foi acima do esperado pelo mercado que esperava alta de 2,2%. Os dados foram divulgados pelo .<\/p>\n<p>A alta do <strong>PIB<\/strong> foi impulsionada pelo aumento das vendas e tamb\u00e9m por conta do aumento dos <strong>investimentos<\/strong> do <strong>governo<\/strong>.<\/p>\n<p><a href=\"https:\/\/www.suno.com.br\/noticias\/pib-estados-unidos-cresce-1t19\/\">Saiba mais:\u00a0PIB dos Estados Unidos cresce 3,2% no 1\u00ba trimestre de 2019<\/a><\/p>\n<h3><strong>Cria\u00e7\u00e3o de emprego em mar\u00e7o de 2019<\/strong><\/h3>\n<p>Al\u00e9m do bom desempenho do PIB, o\u00a0<strong>desemprego<\/strong> nos Estados Unidos caiu para 3,6% em abril, a menor taxa em 50 anos. O \u00edndice, divulgado na \u00faltima sexta-feira (3), s\u00f3 foi mais baixo no pa\u00eds em 1969. Em mar\u00e7o, o Departamento de Trabalho divulgou que a taxa de <strong>desemprego<\/strong>\u00a0norte-americana foi de 3,8%.<\/p>\n<p><a href=\"https:\/\/www.suno.com.br\/noticias\/estados-unidos-desemprego-menor-50-anos\/\">Saiba mais:\u00a0Estados Unidos t\u00eam menor n\u00edvel de desemprego em 50 anos; taxa cai para 3,6%<\/a><\/p>\n<p>A cria\u00e7\u00e3o de emprego nos <strong>Estados Unidos<\/strong> foi de 263 mil novos postos no quarto m\u00eas do ano.\u00a0O aumento foi em servi\u00e7os profissionais e de neg\u00f3cios, constru\u00e7\u00e3o, servi\u00e7os de sa\u00fade e assist\u00eancia social. O <strong>crescimento<\/strong> ficou bem acima do projetado por especialistas, que era um aumento de 185 mil vagas.<\/p>\n<h3><strong>Taxa b\u00e1sica de juros est\u00e1vel<\/strong><\/h3>\n<p>Mesmo com a economia em pleno emprego e registrando um crescimento do PIB expressivo, a\u00a0<a href=\"https:\/\/www.suno.com.br\/artigos\/fed\/\">Federal Reserve<\/a> (<strong>Fed<\/strong>) decidiu\u00a0manter a taxa b\u00e1sica de <strong>juros<\/strong> dos Estados Unidos da Am\u00e9rica (<strong>EUA<\/strong>) entre 2,25% e 2,50%, na \u00faltima quarta-feira (1\u00ba).<\/p>\n<p><a href=\"https:\/\/www.suno.com.br\/noticias\/fed-taxa-juros-mantida\/\">Saiba mais:\u00a0Fed mant\u00e9m taxa b\u00e1sica de juros na faixa entre 2,25% e 2,50% nos EUA<\/a><\/p>\n<p>A reuni\u00e3o do\u00a0<a href=\"https:\/\/www.suno.com.br\/artigos\/fomc\/\">Federal Open Market Committee<\/a> (Fomc), que define a taxa b\u00e1sica de <strong>juros<\/strong>, confirma a paci\u00eancia do \u00f3rg\u00e3o com o mercado interno e externo. A decis\u00e3o foi un\u00e2nime e j\u00e1 era esperada pelo mercado. Entretanto, o banco central dos EUA surpreendeu quando indicou que n\u00e3o dever\u00e1 fazer altera\u00e7\u00f5es nos juros no decorrer deste ano.<\/p>\n<p>Quando os juros dos Estados Unidos sobem, os investimentos passam render mais e pa\u00edses com o <strong>Brasil<\/strong> passam a ter maior dificuldade de atrair investidores estrangeiros. Em contrapartida, quando os juros caem, os investidores buscam economias como a brasileira para obter mais rendimento.<\/p>\n\t<p>\n\t\t<a href=\"https:\/\/www.seculus.com.br\/blackfriday\" target=\"_blank\" data-element=\"shortcode-suno-banner\" title=\"Banner SUNO, clique e saiba mais\">\n\t\t\t<picture>\n\t\t\t\t<source media=\"(max-width: 500px)\" srcset=\"https:\/\/files.sunoresearch.com.br\/n\/uploads\/2023\/11\/seculus_suno_mobile_1.jpg\">\n\t\t\t\t<img class=\"newsContent__article__imgCapa newsContent__article__imgCapa--banner\"\n\t\t\t\t\tsrc=\"https:\/\/files.sunoresearch.com.br\/n\/uploads\/2023\/11\/seculus_suno_desktop_1.jpg\"\n\t\t\t\t\tdata-promo-id=\"474122\"\t\t\t\t\t\t\t\t\t\twidth='1420' height='240'\t\t\t\t\talt=\"https:\/\/files.sunoresearch.com.br\/n\/uploads\/2023\/11\/seculus_suno_desktop_1.jpg\"\n\t\t\t\t>\n\t\t\t<\/picture>\n\t\t<\/a>\n\t<\/p>\n\n\n<h3><strong>Guerra comercial: China x EUA<\/strong><\/h3>\n<p>As negocia\u00e7\u00f5es para encerrar o conflito econ\u00f4mico entre a <strong>China<\/strong> e os <strong>EUA<\/strong> avan\u00e7aram no primeiro trimestre deste ano. E o presidente norte-americano, <strong>Donald Trump<\/strong>, at\u00e9 fez declara\u00e7\u00f5es referentes ao acordo, dizendo que estava cada vez mais pr\u00f3ximo de ser concretizado.<\/p>\n<p>No entanto, no \u00faltimo final de semana, Trump fez uma nova amea\u00e7a para aumentar\u00a0as tarifas para as importa\u00e7\u00f5es chinesas a partir da pr\u00f3xima sexta-feira (10). As <strong>taxas<\/strong> passam de 10% para 25% sobre produtos importados da China. Essa tarifa ser\u00e1 aplicada sobre US$ 200 bilh\u00f5es em <strong>produtos<\/strong> <strong>chineses<\/strong>.<\/p>\n<p><a href=\"https:\/\/www.suno.com.br\/noticias\/china-vice-premie-negociacoes-washington\/\">Saiba mais:\u00a0China confirma vice-premi\u00ea Liu He em negocia\u00e7\u00f5es em Washington<\/a><\/p>\n<p>Isso acontece na semana em que uma nova rodada de negocia\u00e7\u00f5es ser\u00e1 aberta. O\u00a0vice-primeiro-ministro da <strong>China<\/strong>, Liu He, informou que ir\u00e1 at\u00e9 Washington, nesta quinta-feira (9), com o objetivo de finalizar de uma vez por todas as negocia\u00e7\u00f5es entre as na\u00e7\u00f5es.<\/p>\n<p>Dentre os pontos de negocia\u00e7\u00e3o do acordo, est\u00e3o:<\/p>\n<ul>\n<li>Transfer\u00eancia for\u00e7ada de tecnologia e roubo cibern\u00e9tico;<\/li>\n<li>Direitos de propriedade intelectual;<\/li>\n<li>Servi\u00e7os;<\/li>\n<li>C\u00e2mbio;<\/li>\n<li>Agricultura;<\/li>\n<li>Barreiras n\u00e3o-tarif\u00e1rias ao com\u00e9rcio.<\/li>\n<\/ul>\n\t<p>\n\t\t<a href=\"https:\/\/lp.suno.com.br\/planilha-controle-gastos\/\" target=\"_blank\" data-element=\"shortcode-suno-banner\" title=\"Banner SUNO, clique e saiba mais\">\n\t\t\t<picture>\n\t\t\t\t<source media=\"(max-width: 500px)\" srcset=\"https:\/\/files.sunoresearch.com.br\/n\/uploads\/2023\/03\/400x300-Planilha-controle-de-gastos.png\">\n\t\t\t\t<img class=\"newsContent__article__imgCapa newsContent__article__imgCapa--banner\"\n\t\t\t\t\tsrc=\"https:\/\/files.sunoresearch.com.br\/n\/uploads\/2023\/03\/1420x240-Planilha-controle-de-gastos.png\"\n\t\t\t\t\tdata-promo-id=\"101751\"\t\t\t\t\t\t\t\t\t\twidth='1420' height='240'\t\t\t\t\talt=\"https:\/\/files.sunoresearch.com.br\/n\/uploads\/2023\/03\/1420x240-Planilha-controle-de-gastos.png\"\n\t\t\t\t>\n\t\t\t<\/picture>\n\t\t<\/a>\n\t<\/p>\n\n\n<p>Na \u00faltima segunda-feira, o <strong>d\u00f3lar<\/strong> fechou a sess\u00e3o com uma alta de\u00a00,477% sendo negociado a R$ 3,958.<\/p>\n","protected":false},"excerpt":{"rendered":"<p>Pela segunda vez em 2019 a cota\u00e7\u00e3o do d\u00f3lar atingiu os R$ 4. A valoriza\u00e7\u00e3o da moeda norte-americana ocorreu durante a sess\u00e3o desta ter\u00e7a-feira (7), por volta das 11h40, com uma alta de 1,26% sendo negociado a R$ 4,0010. O d\u00f3lar encerrou nesta sexta-feira em alta de 1,14%, negociado a R$ 5,326 na venda, batendo [&hellip;]<\/p>\n","protected":false},"author":11,"featured_media":12723,"comment_status":"closed","ping_status":"closed","sticky":false,"template":"","format":"standard","meta":[],"categories":[62,60],"tags":[326,793],"suno_strategy":[],"class_list":["post-23540","post","type-post","status-publish","format-standard","has-post-thumbnail","hentry","category-economia","category-mercado","tag-dolar","tag-estados-unidos-eua"],"yoast_head":"<!-- This site is optimized with the Yoast SEO plugin v24.4 - https:\/\/yoast.com\/wordpress\/plugins\/seo\/ -->\n<title>Confira o que levou o d\u00f3lar a marca de R$ 4 novamente<\/title>\n<meta name=\"description\" content=\"D\u00f3lar bate a marca dos R$ 4 reais pela segunda vez neste ano por conta do otimismo externo e lentid\u00e3o da reforma. Clique e saiba mais.\" \/>\n<meta name=\"robots\" content=\"index, follow, max-snippet:-1, max-image-preview:large, max-video-preview:-1\" \/>\n<link rel=\"canonical\" href=\"https:\/\/www.suno.com.br\/noticias\/entenda-causas-dolar-4-reais\/\" \/>\n<meta property=\"og:locale\" content=\"pt_BR\" \/>\n<meta property=\"og:type\" content=\"article\" \/>\n<meta property=\"og:title\" content=\"Confira o que levou o d\u00f3lar a marca de R$ 4 novamente\" \/>\n<meta property=\"og:description\" content=\"D\u00f3lar bate a marca dos R$ 4 reais pela segunda vez neste ano por conta do otimismo externo e lentid\u00e3o da reforma. Clique e saiba mais.\" \/>\n<meta property=\"og:url\" content=\"https:\/\/www.suno.com.br\/noticias\/entenda-causas-dolar-4-reais\/\" \/>\n<meta property=\"og:site_name\" content=\"Suno Not\u00edcias\" \/>\n<meta property=\"article:publisher\" content=\"https:\/\/facebook.com\/sunoresearch\" \/>\n<meta property=\"og:image\" content=\"https:\/\/files.sunoresearch.com.br\/n\/uploads\/2019\/01\/1e328bf6-d\u00f3lar.jpg\" \/>\n\t<meta property=\"og:image:width\" content=\"450\" \/>\n\t<meta property=\"og:image:height\" content=\"251\" \/>\n\t<meta property=\"og:image:type\" content=\"image\/jpeg\" \/>\n<meta name=\"author\" content=\"Renan Bandeira\" \/>\n<meta name=\"twitter:card\" content=\"summary_large_image\" \/>\n<meta name=\"twitter:creator\" content=\"@sunoresearch\" \/>\n<meta name=\"twitter:site\" content=\"@sunoresearch\" \/>\n<meta name=\"twitter:label1\" content=\"Escrito por\" \/>\n\t<meta name=\"twitter:data1\" content=\"Renan Bandeira\" \/>\n\t<meta name=\"twitter:label2\" content=\"Est. tempo de leitura\" \/>\n\t<meta name=\"twitter:data2\" content=\"9 minutos\" \/>\n<script type=\"application\/ld+json\" class=\"yoast-schema-graph\">{\"@context\":\"https:\/\/schema.org\",\"@graph\":[{\"@type\":\"NewsArticle\",\"@id\":\"https:\/\/www.suno.com.br\/noticias\/entenda-causas-dolar-4-reais\/#article\",\"isPartOf\":{\"@id\":\"https:\/\/www.suno.com.br\/noticias\/entenda-causas-dolar-4-reais\/\"},\"author\":{\"name\":\"Renan Bandeira\",\"@id\":\"https:\/\/www.suno.com.br\/noticias\/#\/schema\/person\/fc144a1c6108bd1dcd43784e88a3c138\"},\"headline\":\"Entenda as causas que levaram o d\u00f3lar de novo para R$ 4\",\"datePublished\":\"2019-05-07T15:01:51+00:00\",\"dateModified\":\"2021-06-14T02:45:56+00:00\",\"mainEntityOfPage\":{\"@id\":\"https:\/\/www.suno.com.br\/noticias\/entenda-causas-dolar-4-reais\/\"},\"wordCount\":1863,\"publisher\":{\"@id\":\"https:\/\/www.suno.com.br\/noticias\/#organization\"},\"image\":{\"@id\":\"https:\/\/www.suno.com.br\/noticias\/entenda-causas-dolar-4-reais\/#primaryimage\"},\"thumbnailUrl\":\"https:\/\/files.sunoresearch.com.br\/n\/uploads\/2019\/01\/1e328bf6-d\u00f3lar.jpg\",\"keywords\":[\"d\u00f3lar\",\"Estados Unidos (EUA)\"],\"articleSection\":[\"Economia\",\"Mercado\"],\"inLanguage\":\"pt-BR\"},{\"@type\":\"WebPage\",\"@id\":\"https:\/\/www.suno.com.br\/noticias\/entenda-causas-dolar-4-reais\/\",\"url\":\"https:\/\/www.suno.com.br\/noticias\/entenda-causas-dolar-4-reais\/\",\"name\":\"Confira o que levou o d\u00f3lar a marca de R$ 4 novamente\",\"isPartOf\":{\"@id\":\"https:\/\/www.suno.com.br\/noticias\/#website\"},\"primaryImageOfPage\":{\"@id\":\"https:\/\/www.suno.com.br\/noticias\/entenda-causas-dolar-4-reais\/#primaryimage\"},\"image\":{\"@id\":\"https:\/\/www.suno.com.br\/noticias\/entenda-causas-dolar-4-reais\/#primaryimage\"},\"thumbnailUrl\":\"https:\/\/files.sunoresearch.com.br\/n\/uploads\/2019\/01\/1e328bf6-d\u00f3lar.jpg\",\"datePublished\":\"2019-05-07T15:01:51+00:00\",\"dateModified\":\"2021-06-14T02:45:56+00:00\",\"description\":\"D\u00f3lar bate a marca dos R$ 4 reais pela segunda vez neste ano por conta do otimismo externo e lentid\u00e3o da reforma. Clique e saiba mais.\",\"breadcrumb\":{\"@id\":\"https:\/\/www.suno.com.br\/noticias\/entenda-causas-dolar-4-reais\/#breadcrumb\"},\"inLanguage\":\"pt-BR\",\"potentialAction\":[{\"@type\":\"ReadAction\",\"target\":[\"https:\/\/www.suno.com.br\/noticias\/entenda-causas-dolar-4-reais\/\"]}]},{\"@type\":\"ImageObject\",\"inLanguage\":\"pt-BR\",\"@id\":\"https:\/\/www.suno.com.br\/noticias\/entenda-causas-dolar-4-reais\/#primaryimage\",\"url\":\"https:\/\/files.sunoresearch.com.br\/n\/uploads\/2019\/01\/1e328bf6-d\u00f3lar.jpg\",\"contentUrl\":\"https:\/\/files.sunoresearch.com.br\/n\/uploads\/2019\/01\/1e328bf6-d\u00f3lar.jpg\",\"width\":450,\"height\":251,\"caption\":\"O d\u00f3lar encerrou nesta sexta-feira em alta de 1,14%, negociado a R$ 5,326 na venda, batendo um novo record. Clique aqui para saber mais\"},{\"@type\":\"BreadcrumbList\",\"@id\":\"https:\/\/www.suno.com.br\/noticias\/entenda-causas-dolar-4-reais\/#breadcrumb\",\"itemListElement\":[{\"@type\":\"ListItem\",\"position\":1,\"name\":\"Not\u00edcias\",\"item\":\"https:\/\/www.suno.com.br\/noticias\/\"},{\"@type\":\"ListItem\",\"position\":2,\"name\":\"Mercado\",\"item\":\"https:\/\/www.suno.com.br\/noticias\/mercado\/\"},{\"@type\":\"ListItem\",\"position\":3,\"name\":\"Entenda as causas que levaram o d\u00f3lar de novo para R$ 4\"}]},{\"@type\":\"WebSite\",\"@id\":\"https:\/\/www.suno.com.br\/noticias\/#website\",\"url\":\"https:\/\/www.suno.com.br\/noticias\/\",\"name\":\"Suno Not\u00edcias\",\"description\":\"Seu portal de informa\u00e7\u00e3o sobre o mundo dos investimentos\",\"publisher\":{\"@id\":\"https:\/\/www.suno.com.br\/noticias\/#organization\"},\"potentialAction\":[{\"@type\":\"SearchAction\",\"target\":{\"@type\":\"EntryPoint\",\"urlTemplate\":\"https:\/\/www.suno.com.br\/noticias\/?s={search_term_string}\"},\"query-input\":{\"@type\":\"PropertyValueSpecification\",\"valueRequired\":true,\"valueName\":\"search_term_string\"}}],\"inLanguage\":\"pt-BR\"},{\"@type\":\"Organization\",\"@id\":\"https:\/\/www.suno.com.br\/noticias\/#organization\",\"name\":\"Suno Not\u00edcias\",\"url\":\"https:\/\/www.suno.com.br\/noticias\/\",\"logo\":{\"@type\":\"ImageObject\",\"inLanguage\":\"pt-BR\",\"@id\":\"https:\/\/www.suno.com.br\/noticias\/#\/schema\/logo\/image\/\",\"url\":\"https:\/\/files.sunoresearch.com.br\/n\/uploads\/2021\/09\/suno-logo.png\",\"contentUrl\":\"https:\/\/files.sunoresearch.com.br\/n\/uploads\/2021\/09\/suno-logo.png\",\"width\":180,\"height\":180,\"caption\":\"Suno Not\u00edcias\"},\"image\":{\"@id\":\"https:\/\/www.suno.com.br\/noticias\/#\/schema\/logo\/image\/\"},\"sameAs\":[\"https:\/\/facebook.com\/sunoresearch\",\"https:\/\/x.com\/sunoresearch\",\"https:\/\/www.instagram.com\/suno\",\"https:\/\/www.linkedin.com\/company\/suno-research\/\",\"https:\/\/www.youtube.com\/c\/sunoresearch\"]},{\"@type\":\"Person\",\"@id\":\"https:\/\/www.suno.com.br\/noticias\/#\/schema\/person\/fc144a1c6108bd1dcd43784e88a3c138\",\"name\":\"Renan Bandeira\",\"image\":{\"@type\":\"ImageObject\",\"inLanguage\":\"pt-BR\",\"@id\":\"https:\/\/www.suno.com.br\/noticias\/#\/schema\/person\/image\/\",\"url\":\"https:\/\/secure.gravatar.com\/avatar\/68359cdb608f14f11bbefcb78f3fc747?s=96&r=g\",\"contentUrl\":\"https:\/\/secure.gravatar.com\/avatar\/68359cdb608f14f11bbefcb78f3fc747?s=96&r=g\",\"caption\":\"Renan Bandeira\"},\"description\":\"Renan Bandeira escreve sobre pol\u00edtica e economia para o portal da Suno Research. Antes da Suno, trabalhou em uma rede de televis\u00e3o, onde fazia reportagens sobre os mesmos temas. Estuda na Universidade Metodista de S\u00e3o Paulo.\",\"url\":\"https:\/\/www.suno.com.br\/noticias\/author\/renan-bandeira\/\"}]}<\/script>\n<!-- \/ Yoast SEO plugin. -->","yoast_head_json":{"title":"Confira o que levou o d\u00f3lar a marca de R$ 4 novamente","description":"D\u00f3lar bate a marca dos R$ 4 reais pela segunda vez neste ano por conta do otimismo externo e lentid\u00e3o da reforma. Clique e saiba mais.","robots":{"index":"index","follow":"follow","max-snippet":"max-snippet:-1","max-image-preview":"max-image-preview:large","max-video-preview":"max-video-preview:-1"},"canonical":"https:\/\/www.suno.com.br\/noticias\/entenda-causas-dolar-4-reais\/","og_locale":"pt_BR","og_type":"article","og_title":"Confira o que levou o d\u00f3lar a marca de R$ 4 novamente","og_description":"D\u00f3lar bate a marca dos R$ 4 reais pela segunda vez neste ano por conta do otimismo externo e lentid\u00e3o da reforma. Clique e saiba mais.","og_url":"https:\/\/www.suno.com.br\/noticias\/entenda-causas-dolar-4-reais\/","og_site_name":"Suno Not\u00edcias","article_publisher":"https:\/\/facebook.com\/sunoresearch","og_image":[{"width":450,"height":251,"url":"https:\/\/files.sunoresearch.com.br\/n\/uploads\/2019\/01\/1e328bf6-d\u00f3lar.jpg","type":"image\/jpeg"}],"author":"Renan Bandeira","twitter_card":"summary_large_image","twitter_creator":"@sunoresearch","twitter_site":"@sunoresearch","twitter_misc":{"Escrito por":"Renan Bandeira","Est. tempo de leitura":"9 minutos"},"schema":{"@context":"https:\/\/schema.org","@graph":[{"@type":"NewsArticle","@id":"https:\/\/www.suno.com.br\/noticias\/entenda-causas-dolar-4-reais\/#article","isPartOf":{"@id":"https:\/\/www.suno.com.br\/noticias\/entenda-causas-dolar-4-reais\/"},"author":{"name":"Renan Bandeira","@id":"https:\/\/www.suno.com.br\/noticias\/#\/schema\/person\/fc144a1c6108bd1dcd43784e88a3c138"},"headline":"Entenda as causas que levaram o d\u00f3lar de novo para R$ 4","datePublished":"2019-05-07T15:01:51+00:00","dateModified":"2021-06-14T02:45:56+00:00","mainEntityOfPage":{"@id":"https:\/\/www.suno.com.br\/noticias\/entenda-causas-dolar-4-reais\/"},"wordCount":1863,"publisher":{"@id":"https:\/\/www.suno.com.br\/noticias\/#organization"},"image":{"@id":"https:\/\/www.suno.com.br\/noticias\/entenda-causas-dolar-4-reais\/#primaryimage"},"thumbnailUrl":"https:\/\/files.sunoresearch.com.br\/n\/uploads\/2019\/01\/1e328bf6-d\u00f3lar.jpg","keywords":["d\u00f3lar","Estados Unidos (EUA)"],"articleSection":["Economia","Mercado"],"inLanguage":"pt-BR"},{"@type":"WebPage","@id":"https:\/\/www.suno.com.br\/noticias\/entenda-causas-dolar-4-reais\/","url":"https:\/\/www.suno.com.br\/noticias\/entenda-causas-dolar-4-reais\/","name":"Confira o que levou o d\u00f3lar a marca de R$ 4 novamente","isPartOf":{"@id":"https:\/\/www.suno.com.br\/noticias\/#website"},"primaryImageOfPage":{"@id":"https:\/\/www.suno.com.br\/noticias\/entenda-causas-dolar-4-reais\/#primaryimage"},"image":{"@id":"https:\/\/www.suno.com.br\/noticias\/entenda-causas-dolar-4-reais\/#primaryimage"},"thumbnailUrl":"https:\/\/files.sunoresearch.com.br\/n\/uploads\/2019\/01\/1e328bf6-d\u00f3lar.jpg","datePublished":"2019-05-07T15:01:51+00:00","dateModified":"2021-06-14T02:45:56+00:00","description":"D\u00f3lar bate a marca dos R$ 4 reais pela segunda vez neste ano por conta do otimismo externo e lentid\u00e3o da reforma. Clique e saiba mais.","breadcrumb":{"@id":"https:\/\/www.suno.com.br\/noticias\/entenda-causas-dolar-4-reais\/#breadcrumb"},"inLanguage":"pt-BR","potentialAction":[{"@type":"ReadAction","target":["https:\/\/www.suno.com.br\/noticias\/entenda-causas-dolar-4-reais\/"]}]},{"@type":"ImageObject","inLanguage":"pt-BR","@id":"https:\/\/www.suno.com.br\/noticias\/entenda-causas-dolar-4-reais\/#primaryimage","url":"https:\/\/files.sunoresearch.com.br\/n\/uploads\/2019\/01\/1e328bf6-d\u00f3lar.jpg","contentUrl":"https:\/\/files.sunoresearch.com.br\/n\/uploads\/2019\/01\/1e328bf6-d\u00f3lar.jpg","width":450,"height":251,"caption":"O d\u00f3lar encerrou nesta sexta-feira em alta de 1,14%, negociado a R$ 5,326 na venda, batendo um novo record. Clique aqui para saber mais"},{"@type":"BreadcrumbList","@id":"https:\/\/www.suno.com.br\/noticias\/entenda-causas-dolar-4-reais\/#breadcrumb","itemListElement":[{"@type":"ListItem","position":1,"name":"Not\u00edcias","item":"https:\/\/www.suno.com.br\/noticias\/"},{"@type":"ListItem","position":2,"name":"Mercado","item":"https:\/\/www.suno.com.br\/noticias\/mercado\/"},{"@type":"ListItem","position":3,"name":"Entenda as causas que levaram o d\u00f3lar de novo para R$ 4"}]},{"@type":"WebSite","@id":"https:\/\/www.suno.com.br\/noticias\/#website","url":"https:\/\/www.suno.com.br\/noticias\/","name":"Suno Not\u00edcias","description":"Seu portal de informa\u00e7\u00e3o sobre o mundo dos investimentos","publisher":{"@id":"https:\/\/www.suno.com.br\/noticias\/#organization"},"potentialAction":[{"@type":"SearchAction","target":{"@type":"EntryPoint","urlTemplate":"https:\/\/www.suno.com.br\/noticias\/?s={search_term_string}"},"query-input":{"@type":"PropertyValueSpecification","valueRequired":true,"valueName":"search_term_string"}}],"inLanguage":"pt-BR"},{"@type":"Organization","@id":"https:\/\/www.suno.com.br\/noticias\/#organization","name":"Suno Not\u00edcias","url":"https:\/\/www.suno.com.br\/noticias\/","logo":{"@type":"ImageObject","inLanguage":"pt-BR","@id":"https:\/\/www.suno.com.br\/noticias\/#\/schema\/logo\/image\/","url":"https:\/\/files.sunoresearch.com.br\/n\/uploads\/2021\/09\/suno-logo.png","contentUrl":"https:\/\/files.sunoresearch.com.br\/n\/uploads\/2021\/09\/suno-logo.png","width":180,"height":180,"caption":"Suno Not\u00edcias"},"image":{"@id":"https:\/\/www.suno.com.br\/noticias\/#\/schema\/logo\/image\/"},"sameAs":["https:\/\/facebook.com\/sunoresearch","https:\/\/x.com\/sunoresearch","https:\/\/www.instagram.com\/suno","https:\/\/www.linkedin.com\/company\/suno-research\/","https:\/\/www.youtube.com\/c\/sunoresearch"]},{"@type":"Person","@id":"https:\/\/www.suno.com.br\/noticias\/#\/schema\/person\/fc144a1c6108bd1dcd43784e88a3c138","name":"Renan Bandeira","image":{"@type":"ImageObject","inLanguage":"pt-BR","@id":"https:\/\/www.suno.com.br\/noticias\/#\/schema\/person\/image\/","url":"https:\/\/secure.gravatar.com\/avatar\/68359cdb608f14f11bbefcb78f3fc747?s=96&r=g","contentUrl":"https:\/\/secure.gravatar.com\/avatar\/68359cdb608f14f11bbefcb78f3fc747?s=96&r=g","caption":"Renan Bandeira"},"description":"Renan Bandeira escreve sobre pol\u00edtica e economia para o portal da Suno Research. Antes da Suno, trabalhou em uma rede de televis\u00e3o, onde fazia reportagens sobre os mesmos temas. Estuda na Universidade Metodista de S\u00e3o Paulo.","url":"https:\/\/www.suno.com.br\/noticias\/author\/renan-bandeira\/"}]}},"default_loop_html":"<div class=\"cardsPage__listCard__boxs\"><div class=\"cardsPage__listCard__boxs__img\"><a href=\"https:\/\/www.suno.com.br\/noticias\/entenda-causas-dolar-4-reais\/\"><img class=\"mask\" src=\"https:\/\/www.suno.com.br\/noticias\/wp-content\/themes\/suno\/resources\/images\/spotlight\/spotlight1img\/bg-mask.png\" alt=\"Image Mask\"\/><img src=\"https:\/\/files.sunoresearch.com.br\/n\/uploads\/2019\/01\/1e328bf6-d\u00f3lar-400x200.webp\" alt=\"Entenda as causas que levaram o d\u00f3lar de novo para R$ 4\"\/><\/a><span class=\"spotlightCategory\"><a href=\"https:\/\/www.suno.com.br\/noticias\/economia\/\">Economia<\/a><\/span><\/div><div class=\"cardsPage__listCard__boxs__content\"><a href=\"https:\/\/www.suno.com.br\/noticias\/entenda-causas-dolar-4-reais\/\"><h2 class=\"content__title\">Entenda as causas que levaram o d\u00f3lar de novo para R$ 4<\/h2><\/a><div class=\"newsContent__article__meta\"><div class=\"newsContent__article__meta__authorBox\"><a href=\"https:\/\/www.suno.com.br\/noticias\/author\/renan-bandeira\/\" class=\"authorBox__avatar noMobi\"><img src=\"https:\/\/secure.gravatar.com\/avatar\/68359cdb608f14f11bbefcb78f3fc747?s=96&#038;r=g\" alt=\"Renan Bandeira\"><\/a><div class=\"authorBox__name\"><span>por\n\t\t\t<a href=\"https:\/\/www.suno.com.br\/noticias\/author\/renan-bandeira\/\"><span itemprop=\"author\">Renan Bandeira<\/span><\/a><\/span><time datetime=\"2019-05-07T12:01:51-03:00\" itemprop=\"datePublished\">07\/05\/2019 12:01<\/time><\/div><\/div><\/div><\/div><\/div>","single_layout":"posts","amp_enabled":true,"_links":{"self":[{"href":"https:\/\/www.suno.com.br\/noticias\/wp-json\/wp\/v2\/posts\/23540"}],"collection":[{"href":"https:\/\/www.suno.com.br\/noticias\/wp-json\/wp\/v2\/posts"}],"about":[{"href":"https:\/\/www.suno.com.br\/noticias\/wp-json\/wp\/v2\/types\/post"}],"author":[{"embeddable":true,"href":"https:\/\/www.suno.com.br\/noticias\/wp-json\/wp\/v2\/users\/11"}],"replies":[{"embeddable":true,"href":"https:\/\/www.suno.com.br\/noticias\/wp-json\/wp\/v2\/comments?post=23540"}],"version-history":[{"count":1,"href":"https:\/\/www.suno.com.br\/noticias\/wp-json\/wp\/v2\/posts\/23540\/revisions"}],"predecessor-version":[{"id":157399,"href":"https:\/\/www.suno.com.br\/noticias\/wp-json\/wp\/v2\/posts\/23540\/revisions\/157399"}],"wp:featuredmedia":[{"embeddable":true,"href":"https:\/\/www.suno.com.br\/noticias\/wp-json\/wp\/v2\/media\/12723"}],"wp:attachment":[{"href":"https:\/\/www.suno.com.br\/noticias\/wp-json\/wp\/v2\/media?parent=23540"}],"wp:term":[{"taxonomy":"category","embeddable":true,"href":"https:\/\/www.suno.com.br\/noticias\/wp-json\/wp\/v2\/categories?post=23540"},{"taxonomy":"post_tag","embeddable":true,"href":"https:\/\/www.suno.com.br\/noticias\/wp-json\/wp\/v2\/tags?post=23540"},{"taxonomy":"suno_strategy","embeddable":true,"href":"https:\/\/www.suno.com.br\/noticias\/wp-json\/wp\/v2\/suno_strategy?post=23540"}],"curies":[{"name":"wp","href":"https:\/\/api.w.org\/{rel}","templated":true}]}}