{"id":23518,"date":"2019-05-07T09:36:09","date_gmt":"2019-05-07T12:36:09","guid":{"rendered":"https:\/\/www.suno.com.br\/noticias\/?p=23518"},"modified":"2019-05-07T09:40:23","modified_gmt":"2019-05-07T12:40:23","slug":"dolar-070519","status":"publish","type":"post","link":"https:\/\/www.suno.com.br\/noticias\/dolar-070519\/","title":{"rendered":"D\u00f3lar em alta com reforma da Previd\u00eancia e cen\u00e1rio externo no radar"},"content":{"rendered":"<p>O d\u00f3lar inicia a sess\u00e3o desta ter\u00e7a-feira (7) com leve alta aguardando as movimenta\u00e7\u00f5es pol\u00edticas tanto internas quanto externas.<\/p>\t<div class=\"wrapper-featured-image\">\n\t\t<figure class=\"spotlightImg\">\n\n\t\t\t<picture>\n\t\t\t\t<source media=\"(max-width: 768px)\" srcset=\"https:\/\/files.sunoresearch.com.br\/n\/uploads\/2018\/12\/f33c7cf2-dolar-400x200.webp\">\n\t\t\t\t<img loading=\"lazy\" decoding=\"async\" class=\"newsContent__article__imgCapa lazyloadDisabled newsContent__article__imgCapa--noCaption\" src=\"https:\/\/files.sunoresearch.com.br\/n\/uploads\/2018\/12\/f33c7cf2-dolar-800x450.webp\" width=\"800\" height=\"450\" alt=\"D\u00f3lar em alta com reforma da Previd\u00eancia e cen\u00e1rio externo no radar\" fetchpriority=high \/>\n\t\t\t<\/picture>\n\n\t\t\t<figcaption class=\"wp-caption-text wp-caption-text--hide\">D\u00f3lar abre em queda de 1%; balan\u00e7a comercial no radar<\/figcaption>\n\t\t<\/figure>\n\t<\/div>\n\n\n<p>Por volta das 9h30, o <strong>d\u00f3lar<\/strong> registrava uma alta de 0,232% sendo negociado a R$ 3,9672. A moeda norte-americana ainda sofre o impacto do discurso do presidente dos Estados Unidos, <strong>Donald Trump<\/strong>, sobre o poss\u00edvel aumento das tarifas sobre mercadorias chinesas. Al\u00e9m disso, a <strong>reforma da Previd\u00eancia<\/strong> ter\u00e1 uma nova sess\u00e3o nesta ter\u00e7a-feira, na Comiss\u00e3o Especial, da C\u00e2mara dos Deputados.<\/p>\n<h2>Guerra comercial<\/h2>\n<p>Voltam as tens\u00f5es em rela\u00e7\u00e3o as negocia\u00e7\u00f5es comerciais. Ap\u00f3s um cen\u00e1rio otimista onde as economias pareciam pr\u00f3ximas de um acordo, o presidente dos <strong>Estados<\/strong> <strong>Unidos<\/strong>, <strong>Donald Trump<\/strong>, amea\u00e7ou aumentar as tarifas para as importa\u00e7\u00f5es chinesas a partir da pr\u00f3xima sexta-feira (10). As <strong>taxas<\/strong> passam de 10% para 25% sobre produtos importados da China.<\/p>\n<p><a href=\"https:\/\/www.suno.com.br\/noticias\/china-vice-premie-negociacoes-washington\/\">Saiba mais:\u00a0China confirma vice-premi\u00ea Liu He em negocia\u00e7\u00f5es em Washington<\/a><\/p>\n<p>Essa tarifa ser\u00e1 aplicada sobre US$ 200 bilh\u00f5es em <strong>produtos<\/strong> <strong>chineses<\/strong>.<\/p>\n<p>No entanto, foi confirmada a viagem do vice-primeiro-ministro da <strong>China<\/strong>, Liu He, para Washington, nesta quinta-feira (9), para mais uma rodada de negocia\u00e7\u00f5es entre os pa\u00edses em busca de um acordo comercial.<\/p>\n<h2>Reforma da Previd\u00eancia<\/h2>\n<p>A <strong>reforma da Previd\u00eancia<\/strong> ter\u00e1 uma nova sess\u00e3o nesta ter\u00e7a-feira (7), onde os deputados da comiss\u00e3o especial v\u00e3o analisar pela primeira vez o texto. Nesta fase que os deputados v\u00e3o apresentar emendas.<\/p>\n<p>A <strong>Proposta de Emenda \u00e0 Constitui\u00e7\u00e3o (PEC 6\/2019)<\/strong> j\u00e1 foi aceita na Comiss\u00e3o de Constitui\u00e7\u00e3o e Justi\u00e7a (CCJ), que avaliou apenas a admissibilidade do texto.<\/p>\n<p>O presidente da comiss\u00e3o, deputado Marcelo Ramos, afirmou que pretende definir nesta sess\u00e3o o calend\u00e1rio de audi\u00eancias p\u00fablicas para a discuss\u00e3o do texto.<\/p>\n<p>De acordo com Ramos, \u00e9 esperado que as audi\u00eancias seja conclu\u00edda ainda em maio para que o texto seja discutido em junho.<\/p>\n\t<p>\n\t\t<a href=\"https:\/\/lp.suno.com.br\/ao\/servico-especializado-suno-tf\/?utm_source=adwords&#038;utm_medium=search&#038;utm_campaign=search.servico.funilconsultoria&#038;utm_content=1147_responsivo-a&#038;hsa_acc=2326072784&#038;hsa_cam=18022897917&#038;hsa_grp=141470255993&#038;hsa_ad=616145467912&#038;hsa_src=g&#038;hsa_tgt=kwd-303658942458&#038;hsa_kw=gestora+de+investimentos&#038;hsa_mt=b&#038;hsa_net=adwords&#038;hsa_ver=3&#038;gad_source=1&#038;gclid=CjwKCAjw1emzBhB8EiwAHwZZxQMvA3xJVRzLGZ70LmuSzR55X-KvxijSay8c5Hm88Sznnq97j8XbORoC-sMQAvD_BwE\" target=\"_blank\" data-element=\"shortcode-suno-banner\" title=\"Banner SUNO, clique e saiba mais\">\n\t\t\t<picture>\n\t\t\t\t<source media=\"(max-width: 500px)\" srcset=\"https:\/\/files.sunoresearch.com.br\/n\/uploads\/2024\/06\/400x300-Mobile-Artigos-5.png\">\n\t\t\t\t<img class=\"newsContent__article__imgCapa newsContent__article__imgCapa--banner\"\n\t\t\t\t\tsrc=\"https:\/\/files.sunoresearch.com.br\/n\/uploads\/2024\/06\/1420x240-Banner-Artigos-1-_-Banner-Materias-3.png\"\n\t\t\t\t\tdata-promo-id=\"563605\"\t\t\t\t\t\t\t\t\t\twidth='1420' height='240'\t\t\t\t\talt=\"https:\/\/files.sunoresearch.com.br\/n\/uploads\/2024\/06\/1420x240-Banner-Artigos-1-_-Banner-Materias-3.png\"\n\t\t\t\t>\n\t\t\t<\/picture>\n\t\t<\/a>\n\t<\/p>\n\n\n<h2>\u00daltima cota\u00e7\u00e3o<\/h2>\n<p>Na \u00faltima sess\u00e3o, na segunda-feira (6), o <strong>d\u00f3lar<\/strong> teve um alta de 0,477% sendo negociado a R$ 3,958.<\/p>\n","protected":false},"excerpt":{"rendered":"<p>O d\u00f3lar inicia a sess\u00e3o desta ter\u00e7a-feira (7) com leve alta aguardando as movimenta\u00e7\u00f5es pol\u00edticas tanto internas quanto externas. D\u00f3lar abre em queda de 1%; balan\u00e7a comercial no radar Por volta das 9h30, o d\u00f3lar registrava uma alta de 0,232% sendo negociado a R$ 3,9672. A moeda norte-americana ainda sofre o impacto do discurso do [&hellip;]<\/p>\n","protected":false},"author":11,"featured_media":8803,"comment_status":"closed","ping_status":"closed","sticky":false,"template":"","format":"standard","meta":[],"categories":[60],"tags":[326],"suno_strategy":[],"class_list":["post-23518","post","type-post","status-publish","format-standard","has-post-thumbnail","hentry","category-mercado","tag-dolar"],"yoast_head":"<!-- This site is optimized with the Yoast SEO plugin v24.4 - https:\/\/yoast.com\/wordpress\/plugins\/seo\/ -->\n<title>D\u00f3lar em alta com reforma da Previd\u00eancia e cen\u00e1rio externo no radar<\/title>\n<meta name=\"description\" content=\"D\u00f3lar espera pela sess\u00e3o da reforma da Previd\u00eancia na Comiss\u00e3o Especial, enquanto isso, opera sobre o discurso de Trump. Clique e saiba mais.\" \/>\n<meta name=\"robots\" content=\"index, follow, max-snippet:-1, max-image-preview:large, max-video-preview:-1\" \/>\n<link rel=\"canonical\" href=\"https:\/\/www.suno.com.br\/noticias\/dolar-070519\/\" \/>\n<meta property=\"og:locale\" content=\"pt_BR\" \/>\n<meta property=\"og:type\" content=\"article\" \/>\n<meta property=\"og:title\" content=\"D\u00f3lar em alta com reforma da Previd\u00eancia e cen\u00e1rio externo no radar\" \/>\n<meta property=\"og:description\" content=\"D\u00f3lar espera pela sess\u00e3o da reforma da Previd\u00eancia na Comiss\u00e3o Especial, enquanto isso, opera sobre o discurso de Trump. Clique e saiba mais.\" \/>\n<meta property=\"og:url\" content=\"https:\/\/www.suno.com.br\/noticias\/dolar-070519\/\" \/>\n<meta property=\"og:site_name\" content=\"Suno Not\u00edcias\" \/>\n<meta property=\"article:publisher\" content=\"https:\/\/facebook.com\/sunoresearch\" \/>\n<meta property=\"og:image\" content=\"https:\/\/files.sunoresearch.com.br\/n\/uploads\/2018\/12\/f33c7cf2-dolar.jpg\" \/>\n\t<meta property=\"og:image:width\" content=\"1772\" \/>\n\t<meta property=\"og:image:height\" content=\"1181\" \/>\n\t<meta property=\"og:image:type\" content=\"image\/jpeg\" \/>\n<meta name=\"author\" content=\"Renan Bandeira\" \/>\n<meta name=\"twitter:card\" content=\"summary_large_image\" \/>\n<meta name=\"twitter:creator\" content=\"@sunoresearch\" \/>\n<meta name=\"twitter:site\" content=\"@sunoresearch\" \/>\n<meta name=\"twitter:label1\" content=\"Escrito por\" \/>\n\t<meta name=\"twitter:data1\" content=\"Renan Bandeira\" \/>\n\t<meta name=\"twitter:label2\" content=\"Est. tempo de leitura\" \/>\n\t<meta name=\"twitter:data2\" content=\"2 minutos\" \/>\n<script type=\"application\/ld+json\" class=\"yoast-schema-graph\">{\"@context\":\"https:\/\/schema.org\",\"@graph\":[{\"@type\":\"NewsArticle\",\"@id\":\"https:\/\/www.suno.com.br\/noticias\/dolar-070519\/#article\",\"isPartOf\":{\"@id\":\"https:\/\/www.suno.com.br\/noticias\/dolar-070519\/\"},\"author\":{\"name\":\"Renan Bandeira\",\"@id\":\"https:\/\/www.suno.com.br\/noticias\/#\/schema\/person\/fc144a1c6108bd1dcd43784e88a3c138\"},\"headline\":\"D\u00f3lar em alta com reforma da Previd\u00eancia e cen\u00e1rio externo no radar\",\"datePublished\":\"2019-05-07T12:36:09+00:00\",\"dateModified\":\"2019-05-07T12:40:23+00:00\",\"mainEntityOfPage\":{\"@id\":\"https:\/\/www.suno.com.br\/noticias\/dolar-070519\/\"},\"wordCount\":364,\"publisher\":{\"@id\":\"https:\/\/www.suno.com.br\/noticias\/#organization\"},\"image\":{\"@id\":\"https:\/\/www.suno.com.br\/noticias\/dolar-070519\/#primaryimage\"},\"thumbnailUrl\":\"https:\/\/files.sunoresearch.com.br\/n\/uploads\/2018\/12\/f33c7cf2-dolar-jpg.webp\",\"keywords\":[\"d\u00f3lar\"],\"articleSection\":[\"Mercado\"],\"inLanguage\":\"pt-BR\"},{\"@type\":\"WebPage\",\"@id\":\"https:\/\/www.suno.com.br\/noticias\/dolar-070519\/\",\"url\":\"https:\/\/www.suno.com.br\/noticias\/dolar-070519\/\",\"name\":\"D\u00f3lar em alta com reforma da Previd\u00eancia e cen\u00e1rio externo no radar\",\"isPartOf\":{\"@id\":\"https:\/\/www.suno.com.br\/noticias\/#website\"},\"primaryImageOfPage\":{\"@id\":\"https:\/\/www.suno.com.br\/noticias\/dolar-070519\/#primaryimage\"},\"image\":{\"@id\":\"https:\/\/www.suno.com.br\/noticias\/dolar-070519\/#primaryimage\"},\"thumbnailUrl\":\"https:\/\/files.sunoresearch.com.br\/n\/uploads\/2018\/12\/f33c7cf2-dolar-jpg.webp\",\"datePublished\":\"2019-05-07T12:36:09+00:00\",\"dateModified\":\"2019-05-07T12:40:23+00:00\",\"description\":\"D\u00f3lar espera pela sess\u00e3o da reforma da Previd\u00eancia na Comiss\u00e3o Especial, enquanto isso, opera sobre o discurso de Trump. Clique e saiba mais.\",\"breadcrumb\":{\"@id\":\"https:\/\/www.suno.com.br\/noticias\/dolar-070519\/#breadcrumb\"},\"inLanguage\":\"pt-BR\",\"potentialAction\":[{\"@type\":\"ReadAction\",\"target\":[\"https:\/\/www.suno.com.br\/noticias\/dolar-070519\/\"]}]},{\"@type\":\"ImageObject\",\"inLanguage\":\"pt-BR\",\"@id\":\"https:\/\/www.suno.com.br\/noticias\/dolar-070519\/#primaryimage\",\"url\":\"https:\/\/files.sunoresearch.com.br\/n\/uploads\/2018\/12\/f33c7cf2-dolar-jpg.webp\",\"contentUrl\":\"https:\/\/files.sunoresearch.com.br\/n\/uploads\/2018\/12\/f33c7cf2-dolar-jpg.webp\",\"width\":1772,\"height\":1181,\"caption\":\"D\u00f3lar abre em queda de 1%; balan\u00e7a comercial no radar\"},{\"@type\":\"BreadcrumbList\",\"@id\":\"https:\/\/www.suno.com.br\/noticias\/dolar-070519\/#breadcrumb\",\"itemListElement\":[{\"@type\":\"ListItem\",\"position\":1,\"name\":\"Not\u00edcias\",\"item\":\"https:\/\/www.suno.com.br\/noticias\/\"},{\"@type\":\"ListItem\",\"position\":2,\"name\":\"Mercado\",\"item\":\"https:\/\/www.suno.com.br\/noticias\/mercado\/\"},{\"@type\":\"ListItem\",\"position\":3,\"name\":\"D\u00f3lar em alta com reforma da Previd\u00eancia e cen\u00e1rio externo no radar\"}]},{\"@type\":\"WebSite\",\"@id\":\"https:\/\/www.suno.com.br\/noticias\/#website\",\"url\":\"https:\/\/www.suno.com.br\/noticias\/\",\"name\":\"Suno Not\u00edcias\",\"description\":\"Seu portal de informa\u00e7\u00e3o sobre o mundo dos investimentos\",\"publisher\":{\"@id\":\"https:\/\/www.suno.com.br\/noticias\/#organization\"},\"potentialAction\":[{\"@type\":\"SearchAction\",\"target\":{\"@type\":\"EntryPoint\",\"urlTemplate\":\"https:\/\/www.suno.com.br\/noticias\/?s={search_term_string}\"},\"query-input\":{\"@type\":\"PropertyValueSpecification\",\"valueRequired\":true,\"valueName\":\"search_term_string\"}}],\"inLanguage\":\"pt-BR\"},{\"@type\":\"Organization\",\"@id\":\"https:\/\/www.suno.com.br\/noticias\/#organization\",\"name\":\"Suno Not\u00edcias\",\"url\":\"https:\/\/www.suno.com.br\/noticias\/\",\"logo\":{\"@type\":\"ImageObject\",\"inLanguage\":\"pt-BR\",\"@id\":\"https:\/\/www.suno.com.br\/noticias\/#\/schema\/logo\/image\/\",\"url\":\"https:\/\/files.sunoresearch.com.br\/n\/uploads\/2021\/09\/suno-logo.png\",\"contentUrl\":\"https:\/\/files.sunoresearch.com.br\/n\/uploads\/2021\/09\/suno-logo.png\",\"width\":180,\"height\":180,\"caption\":\"Suno Not\u00edcias\"},\"image\":{\"@id\":\"https:\/\/www.suno.com.br\/noticias\/#\/schema\/logo\/image\/\"},\"sameAs\":[\"https:\/\/facebook.com\/sunoresearch\",\"https:\/\/x.com\/sunoresearch\",\"https:\/\/www.instagram.com\/suno\",\"https:\/\/www.linkedin.com\/company\/suno-research\/\",\"https:\/\/www.youtube.com\/c\/sunoresearch\"]},{\"@type\":\"Person\",\"@id\":\"https:\/\/www.suno.com.br\/noticias\/#\/schema\/person\/fc144a1c6108bd1dcd43784e88a3c138\",\"name\":\"Renan Bandeira\",\"image\":{\"@type\":\"ImageObject\",\"inLanguage\":\"pt-BR\",\"@id\":\"https:\/\/www.suno.com.br\/noticias\/#\/schema\/person\/image\/\",\"url\":\"https:\/\/secure.gravatar.com\/avatar\/68359cdb608f14f11bbefcb78f3fc747?s=96&r=g\",\"contentUrl\":\"https:\/\/secure.gravatar.com\/avatar\/68359cdb608f14f11bbefcb78f3fc747?s=96&r=g\",\"caption\":\"Renan Bandeira\"},\"description\":\"Renan Bandeira escreve sobre pol\u00edtica e economia para o portal da Suno Research. Antes da Suno, trabalhou em uma rede de televis\u00e3o, onde fazia reportagens sobre os mesmos temas. Estuda na Universidade Metodista de S\u00e3o Paulo.\",\"url\":\"https:\/\/www.suno.com.br\/noticias\/author\/renan-bandeira\/\"}]}<\/script>\n<!-- \/ Yoast SEO plugin. -->","yoast_head_json":{"title":"D\u00f3lar em alta com reforma da Previd\u00eancia e cen\u00e1rio externo no radar","description":"D\u00f3lar espera pela sess\u00e3o da reforma da Previd\u00eancia na Comiss\u00e3o Especial, enquanto isso, opera sobre o discurso de Trump. Clique e saiba mais.","robots":{"index":"index","follow":"follow","max-snippet":"max-snippet:-1","max-image-preview":"max-image-preview:large","max-video-preview":"max-video-preview:-1"},"canonical":"https:\/\/www.suno.com.br\/noticias\/dolar-070519\/","og_locale":"pt_BR","og_type":"article","og_title":"D\u00f3lar em alta com reforma da Previd\u00eancia e cen\u00e1rio externo no radar","og_description":"D\u00f3lar espera pela sess\u00e3o da reforma da Previd\u00eancia na Comiss\u00e3o Especial, enquanto isso, opera sobre o discurso de Trump. Clique e saiba mais.","og_url":"https:\/\/www.suno.com.br\/noticias\/dolar-070519\/","og_site_name":"Suno Not\u00edcias","article_publisher":"https:\/\/facebook.com\/sunoresearch","og_image":[{"width":1772,"height":1181,"url":"https:\/\/files.sunoresearch.com.br\/n\/uploads\/2018\/12\/f33c7cf2-dolar.jpg","type":"image\/jpeg"}],"author":"Renan Bandeira","twitter_card":"summary_large_image","twitter_creator":"@sunoresearch","twitter_site":"@sunoresearch","twitter_misc":{"Escrito por":"Renan Bandeira","Est. tempo de leitura":"2 minutos"},"schema":{"@context":"https:\/\/schema.org","@graph":[{"@type":"NewsArticle","@id":"https:\/\/www.suno.com.br\/noticias\/dolar-070519\/#article","isPartOf":{"@id":"https:\/\/www.suno.com.br\/noticias\/dolar-070519\/"},"author":{"name":"Renan Bandeira","@id":"https:\/\/www.suno.com.br\/noticias\/#\/schema\/person\/fc144a1c6108bd1dcd43784e88a3c138"},"headline":"D\u00f3lar em alta com reforma da Previd\u00eancia e cen\u00e1rio externo no radar","datePublished":"2019-05-07T12:36:09+00:00","dateModified":"2019-05-07T12:40:23+00:00","mainEntityOfPage":{"@id":"https:\/\/www.suno.com.br\/noticias\/dolar-070519\/"},"wordCount":364,"publisher":{"@id":"https:\/\/www.suno.com.br\/noticias\/#organization"},"image":{"@id":"https:\/\/www.suno.com.br\/noticias\/dolar-070519\/#primaryimage"},"thumbnailUrl":"https:\/\/files.sunoresearch.com.br\/n\/uploads\/2018\/12\/f33c7cf2-dolar-jpg.webp","keywords":["d\u00f3lar"],"articleSection":["Mercado"],"inLanguage":"pt-BR"},{"@type":"WebPage","@id":"https:\/\/www.suno.com.br\/noticias\/dolar-070519\/","url":"https:\/\/www.suno.com.br\/noticias\/dolar-070519\/","name":"D\u00f3lar em alta com reforma da Previd\u00eancia e cen\u00e1rio externo no radar","isPartOf":{"@id":"https:\/\/www.suno.com.br\/noticias\/#website"},"primaryImageOfPage":{"@id":"https:\/\/www.suno.com.br\/noticias\/dolar-070519\/#primaryimage"},"image":{"@id":"https:\/\/www.suno.com.br\/noticias\/dolar-070519\/#primaryimage"},"thumbnailUrl":"https:\/\/files.sunoresearch.com.br\/n\/uploads\/2018\/12\/f33c7cf2-dolar-jpg.webp","datePublished":"2019-05-07T12:36:09+00:00","dateModified":"2019-05-07T12:40:23+00:00","description":"D\u00f3lar espera pela sess\u00e3o da reforma da Previd\u00eancia na Comiss\u00e3o Especial, enquanto isso, opera sobre o discurso de Trump. Clique e saiba mais.","breadcrumb":{"@id":"https:\/\/www.suno.com.br\/noticias\/dolar-070519\/#breadcrumb"},"inLanguage":"pt-BR","potentialAction":[{"@type":"ReadAction","target":["https:\/\/www.suno.com.br\/noticias\/dolar-070519\/"]}]},{"@type":"ImageObject","inLanguage":"pt-BR","@id":"https:\/\/www.suno.com.br\/noticias\/dolar-070519\/#primaryimage","url":"https:\/\/files.sunoresearch.com.br\/n\/uploads\/2018\/12\/f33c7cf2-dolar-jpg.webp","contentUrl":"https:\/\/files.sunoresearch.com.br\/n\/uploads\/2018\/12\/f33c7cf2-dolar-jpg.webp","width":1772,"height":1181,"caption":"D\u00f3lar abre em queda de 1%; balan\u00e7a comercial no radar"},{"@type":"BreadcrumbList","@id":"https:\/\/www.suno.com.br\/noticias\/dolar-070519\/#breadcrumb","itemListElement":[{"@type":"ListItem","position":1,"name":"Not\u00edcias","item":"https:\/\/www.suno.com.br\/noticias\/"},{"@type":"ListItem","position":2,"name":"Mercado","item":"https:\/\/www.suno.com.br\/noticias\/mercado\/"},{"@type":"ListItem","position":3,"name":"D\u00f3lar em alta com reforma da Previd\u00eancia e cen\u00e1rio externo no radar"}]},{"@type":"WebSite","@id":"https:\/\/www.suno.com.br\/noticias\/#website","url":"https:\/\/www.suno.com.br\/noticias\/","name":"Suno Not\u00edcias","description":"Seu portal de informa\u00e7\u00e3o sobre o mundo dos investimentos","publisher":{"@id":"https:\/\/www.suno.com.br\/noticias\/#organization"},"potentialAction":[{"@type":"SearchAction","target":{"@type":"EntryPoint","urlTemplate":"https:\/\/www.suno.com.br\/noticias\/?s={search_term_string}"},"query-input":{"@type":"PropertyValueSpecification","valueRequired":true,"valueName":"search_term_string"}}],"inLanguage":"pt-BR"},{"@type":"Organization","@id":"https:\/\/www.suno.com.br\/noticias\/#organization","name":"Suno Not\u00edcias","url":"https:\/\/www.suno.com.br\/noticias\/","logo":{"@type":"ImageObject","inLanguage":"pt-BR","@id":"https:\/\/www.suno.com.br\/noticias\/#\/schema\/logo\/image\/","url":"https:\/\/files.sunoresearch.com.br\/n\/uploads\/2021\/09\/suno-logo.png","contentUrl":"https:\/\/files.sunoresearch.com.br\/n\/uploads\/2021\/09\/suno-logo.png","width":180,"height":180,"caption":"Suno Not\u00edcias"},"image":{"@id":"https:\/\/www.suno.com.br\/noticias\/#\/schema\/logo\/image\/"},"sameAs":["https:\/\/facebook.com\/sunoresearch","https:\/\/x.com\/sunoresearch","https:\/\/www.instagram.com\/suno","https:\/\/www.linkedin.com\/company\/suno-research\/","https:\/\/www.youtube.com\/c\/sunoresearch"]},{"@type":"Person","@id":"https:\/\/www.suno.com.br\/noticias\/#\/schema\/person\/fc144a1c6108bd1dcd43784e88a3c138","name":"Renan Bandeira","image":{"@type":"ImageObject","inLanguage":"pt-BR","@id":"https:\/\/www.suno.com.br\/noticias\/#\/schema\/person\/image\/","url":"https:\/\/secure.gravatar.com\/avatar\/68359cdb608f14f11bbefcb78f3fc747?s=96&r=g","contentUrl":"https:\/\/secure.gravatar.com\/avatar\/68359cdb608f14f11bbefcb78f3fc747?s=96&r=g","caption":"Renan Bandeira"},"description":"Renan Bandeira escreve sobre pol\u00edtica e economia para o portal da Suno Research. Antes da Suno, trabalhou em uma rede de televis\u00e3o, onde fazia reportagens sobre os mesmos temas. Estuda na Universidade Metodista de S\u00e3o Paulo.","url":"https:\/\/www.suno.com.br\/noticias\/author\/renan-bandeira\/"}]}},"default_loop_html":"<div class=\"cardsPage__listCard__boxs\"><div class=\"cardsPage__listCard__boxs__img\"><a href=\"https:\/\/www.suno.com.br\/noticias\/dolar-070519\/\"><img class=\"mask\" src=\"https:\/\/www.suno.com.br\/noticias\/wp-content\/themes\/suno\/resources\/images\/spotlight\/spotlight1img\/bg-mask.png\" alt=\"Image Mask\"\/><img src=\"https:\/\/files.sunoresearch.com.br\/n\/uploads\/2018\/12\/f33c7cf2-dolar-400x200.webp\" alt=\"D\u00f3lar em alta com reforma da Previd\u00eancia e cen\u00e1rio externo no radar\"\/><\/a><span class=\"spotlightCategory\"><a href=\"https:\/\/www.suno.com.br\/noticias\/mercado\/\">Mercado<\/a><\/span><\/div><div class=\"cardsPage__listCard__boxs__content\"><a href=\"https:\/\/www.suno.com.br\/noticias\/dolar-070519\/\"><h2 class=\"content__title\">D\u00f3lar em alta com reforma da Previd\u00eancia e cen\u00e1rio externo no radar<\/h2><\/a><div class=\"newsContent__article__meta\"><div class=\"newsContent__article__meta__authorBox\"><a href=\"https:\/\/www.suno.com.br\/noticias\/author\/renan-bandeira\/\" class=\"authorBox__avatar noMobi\"><img src=\"https:\/\/secure.gravatar.com\/avatar\/68359cdb608f14f11bbefcb78f3fc747?s=96&#038;r=g\" alt=\"Renan Bandeira\"><\/a><div class=\"authorBox__name\"><span>por\n\t\t\t<a href=\"https:\/\/www.suno.com.br\/noticias\/author\/renan-bandeira\/\"><span itemprop=\"author\">Renan Bandeira<\/span><\/a><\/span><time datetime=\"2019-05-07T09:36:09-03:00\" itemprop=\"datePublished\">07\/05\/2019 09:36<\/time><\/div><\/div><\/div><\/div><\/div>","single_layout":"posts","amp_enabled":true,"_links":{"self":[{"href":"https:\/\/www.suno.com.br\/noticias\/wp-json\/wp\/v2\/posts\/23518"}],"collection":[{"href":"https:\/\/www.suno.com.br\/noticias\/wp-json\/wp\/v2\/posts"}],"about":[{"href":"https:\/\/www.suno.com.br\/noticias\/wp-json\/wp\/v2\/types\/post"}],"author":[{"embeddable":true,"href":"https:\/\/www.suno.com.br\/noticias\/wp-json\/wp\/v2\/users\/11"}],"replies":[{"embeddable":true,"href":"https:\/\/www.suno.com.br\/noticias\/wp-json\/wp\/v2\/comments?post=23518"}],"version-history":[{"count":0,"href":"https:\/\/www.suno.com.br\/noticias\/wp-json\/wp\/v2\/posts\/23518\/revisions"}],"wp:featuredmedia":[{"embeddable":true,"href":"https:\/\/www.suno.com.br\/noticias\/wp-json\/wp\/v2\/media\/8803"}],"wp:attachment":[{"href":"https:\/\/www.suno.com.br\/noticias\/wp-json\/wp\/v2\/media?parent=23518"}],"wp:term":[{"taxonomy":"category","embeddable":true,"href":"https:\/\/www.suno.com.br\/noticias\/wp-json\/wp\/v2\/categories?post=23518"},{"taxonomy":"post_tag","embeddable":true,"href":"https:\/\/www.suno.com.br\/noticias\/wp-json\/wp\/v2\/tags?post=23518"},{"taxonomy":"suno_strategy","embeddable":true,"href":"https:\/\/www.suno.com.br\/noticias\/wp-json\/wp\/v2\/suno_strategy?post=23518"}],"curies":[{"name":"wp","href":"https:\/\/api.w.org\/{rel}","templated":true}]}}