{"id":235177,"date":"2022-02-24T12:50:46","date_gmt":"2022-02-24T15:50:46","guid":{"rendered":"https:\/\/www.suno.com.br\/noticias\/?p=235177"},"modified":"2022-02-24T12:52:33","modified_gmt":"2022-02-24T15:52:33","slug":"ue-uniao-europeia-sancoes-russia-ucrania-biden-eua","status":"publish","type":"post","link":"https:\/\/www.suno.com.br\/noticias\/ue-uniao-europeia-sancoes-russia-ucrania-biden-eua\/","title":{"rendered":"Em novas san\u00e7\u00f5es, UE congelar\u00e1 ativos da R\u00fassia e impedir\u00e1 acesso ao mercado"},"content":{"rendered":"<p>Em nova retalia\u00e7\u00e3o, a <a class=\"suno-keyword\" href=\"https:\/\/www.suno.com.br\/artigos\/uniao-europeia\/\" target=\"_blank\" rel=\"noopener\" data-force=\"no\" data-priority=\"2\">Uni\u00e3o Europeia<\/a> (UE) anunciou uma segunda rodada de san\u00e7\u00f5es contra a <strong>R\u00fassia<\/strong> ap\u00f3s o pa\u00eds liderado por Vladimir Putin lan\u00e7ar bombas contra zonas civis da Ucr\u00e2nia.<\/p>\t<div class=\"wrapper-featured-image\">\n\t\t<figure class=\"spotlightImg\">\n\n\t\t\t<picture>\n\t\t\t\t<source media=\"(max-width: 768px)\" srcset=\"https:\/\/files.sunoresearch.com.br\/n\/uploads\/2022\/02\/ue-400x200.jpg\">\n\t\t\t\t<img loading=\"lazy\" decoding=\"async\" class=\"newsContent__article__imgCapa lazyloadDisabled \" src=\"https:\/\/files.sunoresearch.com.br\/n\/uploads\/2022\/02\/ue-800x450.jpg\" width=\"800\" height=\"450\" alt=\"Em novas san\u00e7\u00f5es, UE congelar\u00e1 ativos da R\u00fassia e impedir\u00e1 acesso ao mercado\" fetchpriority=high \/>\n\t\t\t<\/picture>\n\n\t\t\t<figcaption class=\"wp-caption-text wp-caption-text--show\">Escalada de tens\u00e3o na R\u00fassia j\u00e1 havia motivado san\u00e7\u00f5es \u00e0 R\u00fassia por parte dos EUA, e agora UE deve anunciar ainda mais medidas restritivas - Foto: Reprodu\u00e7\u00e3o\/Federa\u00e7\u00e3o Europeia<\/figcaption>\n\t\t<\/figure>\n\t<\/div>\n\n\n\t<p>\n\t\t<a href=\"https:\/\/lp.suno.com.br\/planilha-controle-gastos\/\" target=\"_blank\" data-element=\"shortcode-suno-banner\" title=\"Banner SUNO, clique e saiba mais\">\n\t\t\t<picture>\n\t\t\t\t<source media=\"(max-width: 500px)\" srcset=\"https:\/\/files.sunoresearch.com.br\/n\/uploads\/2023\/03\/400x300-Planilha-controle-de-gastos.png\">\n\t\t\t\t<img class=\"newsContent__article__imgCapa newsContent__article__imgCapa--banner\"\n\t\t\t\t\tsrc=\"https:\/\/files.sunoresearch.com.br\/n\/uploads\/2023\/03\/1420x240-Planilha-controle-de-gastos.png\"\n\t\t\t\t\tdata-promo-id=\"101751\"\t\t\t\t\t\t\t\t\t\twidth='1420' height='240'\t\t\t\t\talt=\"https:\/\/files.sunoresearch.com.br\/n\/uploads\/2023\/03\/1420x240-Planilha-controle-de-gastos.png\"\n\t\t\t\t>\n\t\t\t<\/picture>\n\t\t<\/a>\n\t<\/p>\n\n\n<p>A presidente da Comiss\u00e3o Europeia, Ursula von der Leyen, disse que o bloco condena a \u201cb\u00e1rbara\u201d invas\u00e3o da R\u00fassia \u00e0 <strong>Ucr\u00e2nia<\/strong> e afirmou que a UE ir\u00e1 impor <strong>san\u00e7\u00f5es<\/strong> \u00e0 \u201csetores estrat\u00e9gicos\u201d da economia russa. A declara\u00e7\u00e3o foi dada na manh\u00e3 desta quinta (24), em Bruxelas.<\/p>\n<p>A presidente da comiss\u00e3o adianta que a san\u00e7\u00e3o deve visar &#8220;enfraquecer a <strong>economia<\/strong> russa&#8221; e <a href=\"https:\/\/www.suno.com.br\/noticias\/guerra-na-ucrania-russia-acoes-ibovespa\/\">contar\u00e1 com congelamento de ativos russos no bloco<\/a>, al\u00e9m do impedimento do acesso dos bancos russos ao <a href=\"https:\/\/www.suno.com.br\/guias\/mercado-financeiro\/\">mercado financeiro europeu<\/a>.<\/p>\n\n\t<div data-element=\"shortcode-read-more\" class=\"readToo\">\n\t\t\t\t<span class=\"readToo__title\">Leia mais<\/span>\n\t\t\t\t<ul class=\"readToo__list\">\n\t\t\t<li><a href=\"https:\/\/www.suno.com.br\/noticias\/dolar-hoje-sobe-russia-ucrania\/\">D\u00f3lar x R\u00fassia: Moeda dispara com investidor em busca de prote\u00e7\u00e3o<\/a><\/li><li><a href=\"https:\/\/www.suno.com.br\/noticias\/russia-ucrania-petroleo-100-dolares-petroleiras\/\">R\u00fassia invade Ucr\u00e2nia: Petroleiras sobem com disparada do \u00f3leo; veja repercuss\u00e3o<\/a><\/li><li><a href=\"https:\/\/www.suno.com.br\/noticias\/guerra-na-ucrania-russia-acoes-ibovespa\/\">R\u00fassia e Ibovespa: Qual \u00e9 o impacto da guerra nas a\u00e7\u00f5es do mercado financeiro?<\/a><\/li>\t\t<\/ul>\n\t<\/div>\n\n\n<p>\u201cEstamos perante um ato de agress\u00e3o sem precedentes por parte da lideran\u00e7a russa contra um pa\u00eds soberano e independente. O alvo dos russos n\u00e3o \u00e9 apenas Donbass [regi\u00e3o <strong>separatista<\/strong> na Ucr\u00e2nia], o alvo n\u00e3o \u00e9 apenas a Ucr\u00e2nia, <a href=\"https:\/\/www.suno.com.br\/artigos\/volatilidade\/\">o alvo \u00e9 a estabilidade na Europa<\/a> e toda a ordem internacional de paz&#8221;, disse.<\/p>\n<p>&#8220;Responsabilizaremos o Presidente [da R\u00fassia, Vladimir] Putin por isso e, ainda hoje, apresentaremos um pacote de san\u00e7\u00f5es pesadas por parte dos l\u00edderes europeus&#8221;, completou Von der Leyen.<\/p>\n<p>Ainda nesta quinta (24), l\u00edderes <strong>europeus<\/strong> devem se reunir em Bruxelas para discutir novas san\u00e7\u00f5es e outras medidas que possam conter o avan\u00e7o da R\u00fassia diante do agravamento da situa\u00e7\u00e3o, <a href=\"https:\/\/www.suno.com.br\/noticias\/ucrania-russia-estado-emergencia-guerra-europa\/\">conforme reportado pelo Suno Not\u00edcias<\/a>.<\/p>\n<p>A Ucr\u00e2nia decretou estado de emerg\u00eancia ap\u00f3s os \u00faltimos movimentos do pa\u00eds vizinho. A Duma de Vladimir Putin, por sua vez, reconheceu a independ\u00eancia de <strong>Donetsk<\/strong>\u00a0e\u00a0<strong>Luhansk<\/strong>, regi\u00f5es no leste da Ucr\u00e2nia controladas por movimentos separatistas pr\u00f3-R\u00fassia.<\/p>\n\t<p>\n\t\t<a href=\"\" target=\"_blank\" data-element=\"shortcode-suno-banner\" title=\"Banner SUNO, clique e saiba mais\">\n\t\t\t<picture>\n\t\t\t\t<source media=\"(max-width: 500px)\" srcset=\"\">\n\t\t\t\t<img class=\"newsContent__article__imgCapa newsContent__article__imgCapa--banner\"\n\t\t\t\t\tsrc=\"\"\n\t\t\t\t\tdata-promo-id=\"77030\"\t\t\t\t\t\t\t\t\t\t\t\t\t\t\talt=\"\"\n\t\t\t\t>\n\t\t\t<\/picture>\n\t\t<\/a>\n\t<\/p>\n\n\n<h2>EUA saem na frente com san\u00e7\u00f5es \u00e0 R\u00fassia<\/h2>\n<p>Ainda antes da UE, os Estados Unidos anunciaram san\u00e7\u00f5es ao governo russo. O presidente dos Estados Unidos, Joe <strong>Biden<\/strong>, anunciou na ter\u00e7a (23)\u00a0 \u201csan\u00e7\u00f5es muito mais duras\u201d contra a R\u00fassia do que as estabelecidas em 2014 depois da anexa\u00e7\u00e3o da Crimeia.<\/p>\n<p>\u201cAs san\u00e7\u00f5es foram coordenadas com nossos aliados. N\u00f3s vamos bloquear duas\u00a0<a class=\"suno-keyword\" href=\"https:\/\/www.suno.com.br\/artigos\/instituicoes-financeiras\/\" target=\"_blank\" rel=\"noopener\" data-force=\"no\" data-priority=\"1\">institui\u00e7\u00f5es financeiras<\/a>: o banco militar e o VEB. Eles [governo russo] n\u00e3o podem mais conseguir levantar dinheiro no Ocidente e nem vender t\u00edtulos [da d\u00edvida soberana] no mercado\u201d, disse em pronunciamento na Casa Branca.<\/p>\n<p>O presidente democrata afirmou ainda que ir\u00e1 impor san\u00e7\u00f5es \u00e0 membros da elite russa e seus familiares, que come\u00e7am j\u00e1 nesta quarta (23).<\/p>\n<p>Ainda na segunda (21),\u00a0<strong>o presidente dos EUA <\/strong>\u00a0assinou uma ordem executiva (equivalente a um decreto presidencial) que aplica san\u00e7\u00f5es sobre as regi\u00f5es separatistas <a href=\"https:\/\/www.suno.com.br\/noticias\/ucrania-russia-estado-emergencia-guerra-europa\/\">de Luhansk e Donetsk, no leste da Ucr\u00e2nia<\/a>.<\/p>\n\t<p>\n\t\t<a href=\"\" target=\"_blank\" data-element=\"shortcode-suno-banner\" title=\"Banner SUNO, clique e saiba mais\">\n\t\t\t<picture>\n\t\t\t\t<source media=\"(max-width: 500px)\" srcset=\"\">\n\t\t\t\t<img class=\"newsContent__article__imgCapa newsContent__article__imgCapa--banner\"\n\t\t\t\t\tsrc=\"\"\n\t\t\t\t\tdata-promo-id=\"92668\"\t\t\t\t\t\t\t\t\t\t\t\t\t\t\talt=\"\"\n\t\t\t\t>\n\t\t\t<\/picture>\n\t\t<\/a>\n\t<\/p>\n\n\n<p>Em um post em sua p\u00e1gina oficial no Facebook, o Minist\u00e9rio das Rela\u00e7\u00f5es Exteriores da R\u00fassia chamou as san\u00e7\u00f5es de \u201cineficazes e contraproducentes para os pr\u00f3prios interesses dos Estados Unidos\u201d.<\/p>\n<p>\u201cA R\u00fassia provou que pode minimizar as perdas dessas san\u00e7\u00f5es. Mais do que isso, a press\u00e3o das san\u00e7\u00f5es n\u00e3o afetar\u00e1 nossa determina\u00e7\u00e3o de continuar defendendo nossos interesses\u201d, disse o minist\u00e9rio.<\/p>\n<p>Alegou que os EUA tinham \u201cuma falsa convic\u00e7\u00e3o de que ainda tem o direito de impor suas pr\u00f3prias regras da ordem mundial\u201d, apelidando as novas san\u00e7\u00f5es de \u201cchantagem\u201d.<\/p>\n<p>\u201cEstamos abertos apenas \u00e0 diplomacia baseada em princ\u00edpios de respeito m\u00fatuo, igualdade e considera\u00e7\u00e3o dos interesses de cada um\u201d, acrescentou o minist\u00e9rio. \u201cN\u00e3o h\u00e1 d\u00favida de que haver\u00e1 uma resposta forte \u00e0s san\u00e7\u00f5es, n\u00e3o necessariamente sim\u00e9trica, mas comedida e consider\u00e1vel para o lado americano.\u201d<\/p>\n<p>O presidente russo, Vladimir Putin, disse em um discurso nesta quarta-feira que Moscou estava aberta \u00e0 diplomacia, apesar de ter ordenado tropas para o leste da Ucr\u00e2nia um dia antes.<\/p>\n<p>&#8220;<a href=\"https:\/\/www.suno.com.br\/noticias\/ucrania-suspense-reuniao-putin-biden-mercados\/\">Vou come\u00e7ar a impor san\u00e7\u00f5es em resposta,<\/a> muito al\u00e9m das medidas que n\u00f3s e nossos aliados e parceiros implementamos em 2014. E se a <strong>R\u00fassia<\/strong> for mais longe com essa invas\u00e3o, estamos preparados para ir al\u00e9m com as san\u00e7\u00f5es\u201d, disse Biden.<\/p>\n\t<p>\n\t\t<a href=\"https:\/\/lp.suno.com.br\/planilha-de-controle-de-investimentos\/\" target=\"_blank\" data-element=\"shortcode-suno-banner\" title=\"Banner SUNO, clique e saiba mais\">\n\t\t\t<picture>\n\t\t\t\t<source media=\"(max-width: 500px)\" srcset=\"https:\/\/files.sunoresearch.com.br\/n\/uploads\/2023\/03\/400x300-Controle-de-Investimentos.png\">\n\t\t\t\t<img class=\"newsContent__article__imgCapa newsContent__article__imgCapa--banner\"\n\t\t\t\t\tsrc=\"https:\/\/files.sunoresearch.com.br\/n\/uploads\/2023\/03\/1420x240-Controle-de-Investimentos.png\"\n\t\t\t\t\tdata-promo-id=\"75934\"\t\t\t\t\t\t\t\t\t\twidth='1420' height='240'\t\t\t\t\talt=\"https:\/\/files.sunoresearch.com.br\/n\/uploads\/2023\/03\/1420x240-Controle-de-Investimentos.png\"\n\t\t\t\t>\n\t\t\t<\/picture>\n\t\t<\/a>\n\t<\/p>\n\n\n","protected":false},"excerpt":{"rendered":"<p>Em nova retalia\u00e7\u00e3o, a Uni\u00e3o Europeia (UE) anunciou uma segunda rodada de san\u00e7\u00f5es contra a R\u00fassia ap\u00f3s o pa\u00eds liderado por Vladimir Putin lan\u00e7ar bombas contra zonas civis da Ucr\u00e2nia. R\u00fassia e Ucr\u00e2nia. Foto: Pixabay A presidente da Comiss\u00e3o Europeia, Ursula von der Leyen, disse que o bloco condena a \u201cb\u00e1rbara\u201d invas\u00e3o da R\u00fassia \u00e0 [&hellip;]<\/p>\n","protected":false},"author":73,"featured_media":235198,"comment_status":"closed","ping_status":"closed","sticky":false,"template":"","format":"standard","meta":[],"categories":[63],"tags":[866,731],"suno_strategy":[],"class_list":["post-235177","post","type-post","status-publish","format-standard","has-post-thumbnail","hentry","category-internacional","tag-russia","tag-uniao-europeia"],"yoast_head":"<!-- This site is optimized with the Yoast SEO plugin v24.4 - https:\/\/yoast.com\/wordpress\/plugins\/seo\/ -->\n<title>UE congelar\u00e1 ativos da R\u00fassia e impedir\u00e1 acesso ao mercado em san\u00e7\u00f5es<\/title>\n<meta name=\"description\" content=\"A presidente da Comiss\u00e3o Europeia, Ursula von der Leyen, anunciou san\u00e7\u00f5es e disse que o bloco condena a invas\u00e3o da R\u00fassia. Leia mais.\" \/>\n<meta name=\"robots\" content=\"index, follow, max-snippet:-1, max-image-preview:large, max-video-preview:-1\" \/>\n<link rel=\"canonical\" href=\"https:\/\/www.suno.com.br\/noticias\/ue-uniao-europeia-sancoes-russia-ucrania-biden-eua\/\" \/>\n<meta property=\"og:locale\" content=\"pt_BR\" \/>\n<meta property=\"og:type\" content=\"article\" \/>\n<meta property=\"og:title\" content=\"UE congelar\u00e1 ativos da R\u00fassia e impedir\u00e1 acesso ao mercado em san\u00e7\u00f5es\" \/>\n<meta property=\"og:description\" content=\"A presidente da Comiss\u00e3o Europeia, Ursula von der Leyen, anunciou san\u00e7\u00f5es e disse que o bloco condena a invas\u00e3o da R\u00fassia. Leia mais.\" \/>\n<meta property=\"og:url\" content=\"https:\/\/www.suno.com.br\/noticias\/ue-uniao-europeia-sancoes-russia-ucrania-biden-eua\/\" \/>\n<meta property=\"og:site_name\" content=\"Suno Not\u00edcias\" \/>\n<meta property=\"article:publisher\" content=\"https:\/\/facebook.com\/sunoresearch\" \/>\n<meta property=\"og:image\" content=\"https:\/\/files.sunoresearch.com.br\/n\/uploads\/2022\/02\/ue.jpg\" \/>\n\t<meta property=\"og:image:width\" content=\"1300\" \/>\n\t<meta property=\"og:image:height\" content=\"731\" \/>\n\t<meta property=\"og:image:type\" content=\"image\/jpeg\" \/>\n<meta name=\"author\" content=\"Eduardo Vargas\" \/>\n<meta name=\"twitter:card\" content=\"summary_large_image\" \/>\n<meta name=\"twitter:creator\" content=\"@sunoresearch\" \/>\n<meta name=\"twitter:site\" content=\"@sunoresearch\" \/>\n<meta name=\"twitter:label1\" content=\"Escrito por\" \/>\n\t<meta name=\"twitter:data1\" content=\"Eduardo Vargas\" \/>\n\t<meta name=\"twitter:label2\" content=\"Est. tempo de leitura\" \/>\n\t<meta name=\"twitter:data2\" content=\"3 minutos\" \/>\n<script type=\"application\/ld+json\" class=\"yoast-schema-graph\">{\"@context\":\"https:\/\/schema.org\",\"@graph\":[{\"@type\":\"NewsArticle\",\"@id\":\"https:\/\/www.suno.com.br\/noticias\/ue-uniao-europeia-sancoes-russia-ucrania-biden-eua\/#article\",\"isPartOf\":{\"@id\":\"https:\/\/www.suno.com.br\/noticias\/ue-uniao-europeia-sancoes-russia-ucrania-biden-eua\/\"},\"author\":{\"name\":\"Eduardo Vargas\",\"@id\":\"https:\/\/www.suno.com.br\/noticias\/#\/schema\/person\/7f4d362bf3518e76090143ae77bb49a5\"},\"headline\":\"Em novas san\u00e7\u00f5es, UE congelar\u00e1 ativos da R\u00fassia e impedir\u00e1 acesso ao mercado\",\"datePublished\":\"2022-02-24T15:50:46+00:00\",\"dateModified\":\"2022-02-24T15:52:33+00:00\",\"mainEntityOfPage\":{\"@id\":\"https:\/\/www.suno.com.br\/noticias\/ue-uniao-europeia-sancoes-russia-ucrania-biden-eua\/\"},\"wordCount\":732,\"publisher\":{\"@id\":\"https:\/\/www.suno.com.br\/noticias\/#organization\"},\"image\":{\"@id\":\"https:\/\/www.suno.com.br\/noticias\/ue-uniao-europeia-sancoes-russia-ucrania-biden-eua\/#primaryimage\"},\"thumbnailUrl\":\"https:\/\/files.sunoresearch.com.br\/n\/uploads\/2022\/02\/ue.jpg\",\"keywords\":[\"R\u00fassia\",\"Uni\u00e3o Europeia\"],\"articleSection\":[\"Internacional\"],\"inLanguage\":\"pt-BR\"},{\"@type\":\"WebPage\",\"@id\":\"https:\/\/www.suno.com.br\/noticias\/ue-uniao-europeia-sancoes-russia-ucrania-biden-eua\/\",\"url\":\"https:\/\/www.suno.com.br\/noticias\/ue-uniao-europeia-sancoes-russia-ucrania-biden-eua\/\",\"name\":\"UE congelar\u00e1 ativos da R\u00fassia e impedir\u00e1 acesso ao mercado em san\u00e7\u00f5es\",\"isPartOf\":{\"@id\":\"https:\/\/www.suno.com.br\/noticias\/#website\"},\"primaryImageOfPage\":{\"@id\":\"https:\/\/www.suno.com.br\/noticias\/ue-uniao-europeia-sancoes-russia-ucrania-biden-eua\/#primaryimage\"},\"image\":{\"@id\":\"https:\/\/www.suno.com.br\/noticias\/ue-uniao-europeia-sancoes-russia-ucrania-biden-eua\/#primaryimage\"},\"thumbnailUrl\":\"https:\/\/files.sunoresearch.com.br\/n\/uploads\/2022\/02\/ue.jpg\",\"datePublished\":\"2022-02-24T15:50:46+00:00\",\"dateModified\":\"2022-02-24T15:52:33+00:00\",\"description\":\"A presidente da Comiss\u00e3o Europeia, Ursula von der Leyen, anunciou san\u00e7\u00f5es e disse que o bloco condena a invas\u00e3o da R\u00fassia. Leia mais.\",\"breadcrumb\":{\"@id\":\"https:\/\/www.suno.com.br\/noticias\/ue-uniao-europeia-sancoes-russia-ucrania-biden-eua\/#breadcrumb\"},\"inLanguage\":\"pt-BR\",\"potentialAction\":[{\"@type\":\"ReadAction\",\"target\":[\"https:\/\/www.suno.com.br\/noticias\/ue-uniao-europeia-sancoes-russia-ucrania-biden-eua\/\"]}]},{\"@type\":\"ImageObject\",\"inLanguage\":\"pt-BR\",\"@id\":\"https:\/\/www.suno.com.br\/noticias\/ue-uniao-europeia-sancoes-russia-ucrania-biden-eua\/#primaryimage\",\"url\":\"https:\/\/files.sunoresearch.com.br\/n\/uploads\/2022\/02\/ue.jpg\",\"contentUrl\":\"https:\/\/files.sunoresearch.com.br\/n\/uploads\/2022\/02\/ue.jpg\",\"width\":1300,\"height\":731,\"caption\":\"Escalada de tens\u00e3o na R\u00fassia j\u00e1 havia motivado san\u00e7\u00f5es \u00e0 R\u00fassia por parte dos EUA, e agora UE deve anunciar ainda mais medidas restritivas - Foto: Reprodu\u00e7\u00e3o\/Federa\u00e7\u00e3o Europeia\"},{\"@type\":\"BreadcrumbList\",\"@id\":\"https:\/\/www.suno.com.br\/noticias\/ue-uniao-europeia-sancoes-russia-ucrania-biden-eua\/#breadcrumb\",\"itemListElement\":[{\"@type\":\"ListItem\",\"position\":1,\"name\":\"Not\u00edcias\",\"item\":\"https:\/\/www.suno.com.br\/noticias\/\"},{\"@type\":\"ListItem\",\"position\":2,\"name\":\"Internacional\",\"item\":\"https:\/\/www.suno.com.br\/noticias\/internacional\/\"},{\"@type\":\"ListItem\",\"position\":3,\"name\":\"Em novas san\u00e7\u00f5es, UE congelar\u00e1 ativos da R\u00fassia e impedir\u00e1 acesso ao mercado\"}]},{\"@type\":\"WebSite\",\"@id\":\"https:\/\/www.suno.com.br\/noticias\/#website\",\"url\":\"https:\/\/www.suno.com.br\/noticias\/\",\"name\":\"Suno Not\u00edcias\",\"description\":\"Seu portal de informa\u00e7\u00e3o sobre o mundo dos investimentos\",\"publisher\":{\"@id\":\"https:\/\/www.suno.com.br\/noticias\/#organization\"},\"potentialAction\":[{\"@type\":\"SearchAction\",\"target\":{\"@type\":\"EntryPoint\",\"urlTemplate\":\"https:\/\/www.suno.com.br\/noticias\/?s={search_term_string}\"},\"query-input\":{\"@type\":\"PropertyValueSpecification\",\"valueRequired\":true,\"valueName\":\"search_term_string\"}}],\"inLanguage\":\"pt-BR\"},{\"@type\":\"Organization\",\"@id\":\"https:\/\/www.suno.com.br\/noticias\/#organization\",\"name\":\"Suno Not\u00edcias\",\"url\":\"https:\/\/www.suno.com.br\/noticias\/\",\"logo\":{\"@type\":\"ImageObject\",\"inLanguage\":\"pt-BR\",\"@id\":\"https:\/\/www.suno.com.br\/noticias\/#\/schema\/logo\/image\/\",\"url\":\"https:\/\/files.sunoresearch.com.br\/n\/uploads\/2021\/09\/suno-logo.png\",\"contentUrl\":\"https:\/\/files.sunoresearch.com.br\/n\/uploads\/2021\/09\/suno-logo.png\",\"width\":180,\"height\":180,\"caption\":\"Suno Not\u00edcias\"},\"image\":{\"@id\":\"https:\/\/www.suno.com.br\/noticias\/#\/schema\/logo\/image\/\"},\"sameAs\":[\"https:\/\/facebook.com\/sunoresearch\",\"https:\/\/x.com\/sunoresearch\",\"https:\/\/www.instagram.com\/suno\",\"https:\/\/www.linkedin.com\/company\/suno-research\/\",\"https:\/\/www.youtube.com\/c\/sunoresearch\"]},{\"@type\":\"Person\",\"@id\":\"https:\/\/www.suno.com.br\/noticias\/#\/schema\/person\/7f4d362bf3518e76090143ae77bb49a5\",\"name\":\"Eduardo Vargas\",\"image\":{\"@type\":\"ImageObject\",\"inLanguage\":\"pt-BR\",\"@id\":\"https:\/\/www.suno.com.br\/noticias\/#\/schema\/person\/image\/\",\"url\":\"https:\/\/secure.gravatar.com\/avatar\/dac340933427a22924c9f99d1eb2e3f2?s=96&r=g\",\"contentUrl\":\"https:\/\/secure.gravatar.com\/avatar\/dac340933427a22924c9f99d1eb2e3f2?s=96&r=g\",\"caption\":\"Eduardo Vargas\"},\"description\":\"Jornalista formado pela UFSC, cobre macroeconomia, neg\u00f3cios e startups para o Suno Not\u00edcias, escrevendo principalmente not\u00edcias sobre o mercado financeiro e a bolsa de valores. No YouTube e no Instagram, \u00e9 respons\u00e1vel pela produ\u00e7\u00e3o de Reels e Shorts do Suno Not\u00edcias. Anteriormente, trabalhou cobrindo economia e cotidiano no ND+ e para o ND, maior jornal impresso de Santa Catarina. Cursou um semestre letivo de Estudos de M\u00eddia na Universidad de Buenos Aires.\",\"url\":\"https:\/\/www.suno.com.br\/noticias\/author\/eduardo-vargas\/\"}]}<\/script>\n<!-- \/ Yoast SEO plugin. -->","yoast_head_json":{"title":"UE congelar\u00e1 ativos da R\u00fassia e impedir\u00e1 acesso ao mercado em san\u00e7\u00f5es","description":"A presidente da Comiss\u00e3o Europeia, Ursula von der Leyen, anunciou san\u00e7\u00f5es e disse que o bloco condena a invas\u00e3o da R\u00fassia. Leia mais.","robots":{"index":"index","follow":"follow","max-snippet":"max-snippet:-1","max-image-preview":"max-image-preview:large","max-video-preview":"max-video-preview:-1"},"canonical":"https:\/\/www.suno.com.br\/noticias\/ue-uniao-europeia-sancoes-russia-ucrania-biden-eua\/","og_locale":"pt_BR","og_type":"article","og_title":"UE congelar\u00e1 ativos da R\u00fassia e impedir\u00e1 acesso ao mercado em san\u00e7\u00f5es","og_description":"A presidente da Comiss\u00e3o Europeia, Ursula von der Leyen, anunciou san\u00e7\u00f5es e disse que o bloco condena a invas\u00e3o da R\u00fassia. Leia mais.","og_url":"https:\/\/www.suno.com.br\/noticias\/ue-uniao-europeia-sancoes-russia-ucrania-biden-eua\/","og_site_name":"Suno Not\u00edcias","article_publisher":"https:\/\/facebook.com\/sunoresearch","og_image":[{"width":1300,"height":731,"url":"https:\/\/files.sunoresearch.com.br\/n\/uploads\/2022\/02\/ue.jpg","type":"image\/jpeg"}],"author":"Eduardo Vargas","twitter_card":"summary_large_image","twitter_creator":"@sunoresearch","twitter_site":"@sunoresearch","twitter_misc":{"Escrito por":"Eduardo Vargas","Est. tempo de leitura":"3 minutos"},"schema":{"@context":"https:\/\/schema.org","@graph":[{"@type":"NewsArticle","@id":"https:\/\/www.suno.com.br\/noticias\/ue-uniao-europeia-sancoes-russia-ucrania-biden-eua\/#article","isPartOf":{"@id":"https:\/\/www.suno.com.br\/noticias\/ue-uniao-europeia-sancoes-russia-ucrania-biden-eua\/"},"author":{"name":"Eduardo Vargas","@id":"https:\/\/www.suno.com.br\/noticias\/#\/schema\/person\/7f4d362bf3518e76090143ae77bb49a5"},"headline":"Em novas san\u00e7\u00f5es, UE congelar\u00e1 ativos da R\u00fassia e impedir\u00e1 acesso ao mercado","datePublished":"2022-02-24T15:50:46+00:00","dateModified":"2022-02-24T15:52:33+00:00","mainEntityOfPage":{"@id":"https:\/\/www.suno.com.br\/noticias\/ue-uniao-europeia-sancoes-russia-ucrania-biden-eua\/"},"wordCount":732,"publisher":{"@id":"https:\/\/www.suno.com.br\/noticias\/#organization"},"image":{"@id":"https:\/\/www.suno.com.br\/noticias\/ue-uniao-europeia-sancoes-russia-ucrania-biden-eua\/#primaryimage"},"thumbnailUrl":"https:\/\/files.sunoresearch.com.br\/n\/uploads\/2022\/02\/ue.jpg","keywords":["R\u00fassia","Uni\u00e3o Europeia"],"articleSection":["Internacional"],"inLanguage":"pt-BR"},{"@type":"WebPage","@id":"https:\/\/www.suno.com.br\/noticias\/ue-uniao-europeia-sancoes-russia-ucrania-biden-eua\/","url":"https:\/\/www.suno.com.br\/noticias\/ue-uniao-europeia-sancoes-russia-ucrania-biden-eua\/","name":"UE congelar\u00e1 ativos da R\u00fassia e impedir\u00e1 acesso ao mercado em san\u00e7\u00f5es","isPartOf":{"@id":"https:\/\/www.suno.com.br\/noticias\/#website"},"primaryImageOfPage":{"@id":"https:\/\/www.suno.com.br\/noticias\/ue-uniao-europeia-sancoes-russia-ucrania-biden-eua\/#primaryimage"},"image":{"@id":"https:\/\/www.suno.com.br\/noticias\/ue-uniao-europeia-sancoes-russia-ucrania-biden-eua\/#primaryimage"},"thumbnailUrl":"https:\/\/files.sunoresearch.com.br\/n\/uploads\/2022\/02\/ue.jpg","datePublished":"2022-02-24T15:50:46+00:00","dateModified":"2022-02-24T15:52:33+00:00","description":"A presidente da Comiss\u00e3o Europeia, Ursula von der Leyen, anunciou san\u00e7\u00f5es e disse que o bloco condena a invas\u00e3o da R\u00fassia. Leia mais.","breadcrumb":{"@id":"https:\/\/www.suno.com.br\/noticias\/ue-uniao-europeia-sancoes-russia-ucrania-biden-eua\/#breadcrumb"},"inLanguage":"pt-BR","potentialAction":[{"@type":"ReadAction","target":["https:\/\/www.suno.com.br\/noticias\/ue-uniao-europeia-sancoes-russia-ucrania-biden-eua\/"]}]},{"@type":"ImageObject","inLanguage":"pt-BR","@id":"https:\/\/www.suno.com.br\/noticias\/ue-uniao-europeia-sancoes-russia-ucrania-biden-eua\/#primaryimage","url":"https:\/\/files.sunoresearch.com.br\/n\/uploads\/2022\/02\/ue.jpg","contentUrl":"https:\/\/files.sunoresearch.com.br\/n\/uploads\/2022\/02\/ue.jpg","width":1300,"height":731,"caption":"Escalada de tens\u00e3o na R\u00fassia j\u00e1 havia motivado san\u00e7\u00f5es \u00e0 R\u00fassia por parte dos EUA, e agora UE deve anunciar ainda mais medidas restritivas - Foto: Reprodu\u00e7\u00e3o\/Federa\u00e7\u00e3o Europeia"},{"@type":"BreadcrumbList","@id":"https:\/\/www.suno.com.br\/noticias\/ue-uniao-europeia-sancoes-russia-ucrania-biden-eua\/#breadcrumb","itemListElement":[{"@type":"ListItem","position":1,"name":"Not\u00edcias","item":"https:\/\/www.suno.com.br\/noticias\/"},{"@type":"ListItem","position":2,"name":"Internacional","item":"https:\/\/www.suno.com.br\/noticias\/internacional\/"},{"@type":"ListItem","position":3,"name":"Em novas san\u00e7\u00f5es, UE congelar\u00e1 ativos da R\u00fassia e impedir\u00e1 acesso ao mercado"}]},{"@type":"WebSite","@id":"https:\/\/www.suno.com.br\/noticias\/#website","url":"https:\/\/www.suno.com.br\/noticias\/","name":"Suno Not\u00edcias","description":"Seu portal de informa\u00e7\u00e3o sobre o mundo dos investimentos","publisher":{"@id":"https:\/\/www.suno.com.br\/noticias\/#organization"},"potentialAction":[{"@type":"SearchAction","target":{"@type":"EntryPoint","urlTemplate":"https:\/\/www.suno.com.br\/noticias\/?s={search_term_string}"},"query-input":{"@type":"PropertyValueSpecification","valueRequired":true,"valueName":"search_term_string"}}],"inLanguage":"pt-BR"},{"@type":"Organization","@id":"https:\/\/www.suno.com.br\/noticias\/#organization","name":"Suno Not\u00edcias","url":"https:\/\/www.suno.com.br\/noticias\/","logo":{"@type":"ImageObject","inLanguage":"pt-BR","@id":"https:\/\/www.suno.com.br\/noticias\/#\/schema\/logo\/image\/","url":"https:\/\/files.sunoresearch.com.br\/n\/uploads\/2021\/09\/suno-logo.png","contentUrl":"https:\/\/files.sunoresearch.com.br\/n\/uploads\/2021\/09\/suno-logo.png","width":180,"height":180,"caption":"Suno Not\u00edcias"},"image":{"@id":"https:\/\/www.suno.com.br\/noticias\/#\/schema\/logo\/image\/"},"sameAs":["https:\/\/facebook.com\/sunoresearch","https:\/\/x.com\/sunoresearch","https:\/\/www.instagram.com\/suno","https:\/\/www.linkedin.com\/company\/suno-research\/","https:\/\/www.youtube.com\/c\/sunoresearch"]},{"@type":"Person","@id":"https:\/\/www.suno.com.br\/noticias\/#\/schema\/person\/7f4d362bf3518e76090143ae77bb49a5","name":"Eduardo Vargas","image":{"@type":"ImageObject","inLanguage":"pt-BR","@id":"https:\/\/www.suno.com.br\/noticias\/#\/schema\/person\/image\/","url":"https:\/\/secure.gravatar.com\/avatar\/dac340933427a22924c9f99d1eb2e3f2?s=96&r=g","contentUrl":"https:\/\/secure.gravatar.com\/avatar\/dac340933427a22924c9f99d1eb2e3f2?s=96&r=g","caption":"Eduardo Vargas"},"description":"Jornalista formado pela UFSC, cobre macroeconomia, neg\u00f3cios e startups para o Suno Not\u00edcias, escrevendo principalmente not\u00edcias sobre o mercado financeiro e a bolsa de valores. No YouTube e no Instagram, \u00e9 respons\u00e1vel pela produ\u00e7\u00e3o de Reels e Shorts do Suno Not\u00edcias. Anteriormente, trabalhou cobrindo economia e cotidiano no ND+ e para o ND, maior jornal impresso de Santa Catarina. Cursou um semestre letivo de Estudos de M\u00eddia na Universidad de Buenos Aires.","url":"https:\/\/www.suno.com.br\/noticias\/author\/eduardo-vargas\/"}]}},"default_loop_html":"<div class=\"cardsPage__listCard__boxs\"><div class=\"cardsPage__listCard__boxs__img\"><a href=\"https:\/\/www.suno.com.br\/noticias\/guerra-na-ucrania-russia-acoes-ibovespa\/\"><img class=\"mask\" src=\"https:\/\/www.suno.com.br\/noticias\/wp-content\/themes\/suno\/resources\/images\/spotlight\/spotlight1img\/bg-mask.png\" alt=\"Image Mask\"\/><img src=\"https:\/\/files.sunoresearch.com.br\/n\/uploads\/2022\/02\/ucrania-ruissa9-e1645705322470-400x200.webp\" alt=\"R\u00fassia e Ibovespa: Qual \u00e9 o impacto da guerra nas a\u00e7\u00f5es do mercado financeiro?\"\/><\/a><span class=\"spotlightCategory\"><a href=\"https:\/\/www.suno.com.br\/noticias\/mercado\/\">Mercado<\/a><\/span><\/div><div class=\"cardsPage__listCard__boxs__content\"><a href=\"https:\/\/www.suno.com.br\/noticias\/guerra-na-ucrania-russia-acoes-ibovespa\/\"><h2 class=\"content__title\">R\u00fassia e Ibovespa: Qual \u00e9 o impacto da guerra nas a\u00e7\u00f5es do mercado financeiro?<\/h2><\/a><div class=\"newsContent__article__meta\"><div class=\"newsContent__article__meta__authorBox\"><a href=\"https:\/\/www.suno.com.br\/noticias\/author\/poliana-santos\/\" class=\"authorBox__avatar noMobi\"><img src=\"https:\/\/files.sunoresearch.com.br\/n\/uploads\/2020\/08\/7ef34026-whatsapp-image-2020-08-03-at-12.37.57-150x150.webp\" alt=\"Poliana Santos\"><\/a><div class=\"authorBox__name\"><span>por\n\t\t\t<a href=\"https:\/\/www.suno.com.br\/noticias\/author\/poliana-santos\/\"><span itemprop=\"author\">Poliana Santos<\/span><\/a><\/span><time datetime=\"2022-02-24T09:51:43-03:00\" itemprop=\"datePublished\">24\/02\/2022 09:51<\/time><\/div><\/div><\/div><\/div><\/div>","single_layout":"posts","amp_enabled":true,"_links":{"self":[{"href":"https:\/\/www.suno.com.br\/noticias\/wp-json\/wp\/v2\/posts\/235177"}],"collection":[{"href":"https:\/\/www.suno.com.br\/noticias\/wp-json\/wp\/v2\/posts"}],"about":[{"href":"https:\/\/www.suno.com.br\/noticias\/wp-json\/wp\/v2\/types\/post"}],"author":[{"embeddable":true,"href":"https:\/\/www.suno.com.br\/noticias\/wp-json\/wp\/v2\/users\/73"}],"replies":[{"embeddable":true,"href":"https:\/\/www.suno.com.br\/noticias\/wp-json\/wp\/v2\/comments?post=235177"}],"version-history":[{"count":3,"href":"https:\/\/www.suno.com.br\/noticias\/wp-json\/wp\/v2\/posts\/235177\/revisions"}],"predecessor-version":[{"id":235243,"href":"https:\/\/www.suno.com.br\/noticias\/wp-json\/wp\/v2\/posts\/235177\/revisions\/235243"}],"wp:featuredmedia":[{"embeddable":true,"href":"https:\/\/www.suno.com.br\/noticias\/wp-json\/wp\/v2\/media\/235198"}],"wp:attachment":[{"href":"https:\/\/www.suno.com.br\/noticias\/wp-json\/wp\/v2\/media?parent=235177"}],"wp:term":[{"taxonomy":"category","embeddable":true,"href":"https:\/\/www.suno.com.br\/noticias\/wp-json\/wp\/v2\/categories?post=235177"},{"taxonomy":"post_tag","embeddable":true,"href":"https:\/\/www.suno.com.br\/noticias\/wp-json\/wp\/v2\/tags?post=235177"},{"taxonomy":"suno_strategy","embeddable":true,"href":"https:\/\/www.suno.com.br\/noticias\/wp-json\/wp\/v2\/suno_strategy?post=235177"}],"curies":[{"name":"wp","href":"https:\/\/api.w.org\/{rel}","templated":true}]}}