{"id":235175,"date":"2022-02-24T14:14:09","date_gmt":"2022-02-24T17:14:09","guid":{"rendered":"https:\/\/www.suno.com.br\/noticias\/?p=235175"},"modified":"2022-03-03T12:03:34","modified_gmt":"2022-03-03T15:03:34","slug":"imposto-de-renda-regras-anuncio-receita-federal","status":"publish","type":"post","link":"https:\/\/www.suno.com.br\/noticias\/imposto-de-renda-regras-anuncio-receita-federal\/","title":{"rendered":"Receita anuncia regras do Imposto de Renda; veja calend\u00e1rio"},"content":{"rendered":"<p>A <a class=\"suno-keyword\" href=\"https:\/\/www.suno.com.br\/artigos\/receita-federal\/\" target=\"_blank\" rel=\"noopener\" data-force=\"no\" data-priority=\"3\">Receita Federal<\/a> anunciou as regras para a <a href=\"https:\/\/www.suno.com.br\/guias\/imposto-de-renda-guia\/\">Declara\u00e7\u00e3o<\/a> do <strong>Imposto de Renda<\/strong> de 2022. A coletiva foi conduzida pelo <a href=\"https:\/\/www.suno.com.br\/artigos\/auditoria-externa\/\">auditor\u2013fiscal Jos\u00e9 Carlos da Fonseca, respons\u00e1vel pelo programa<\/a> do Imposto de Renda, nesta quinta (24).<\/p>\t<div class=\"wrapper-featured-image\">\n\t\t<figure class=\"spotlightImg\">\n\n\t\t\t<picture>\n\t\t\t\t<source media=\"(max-width: 768px)\" srcset=\"https:\/\/files.sunoresearch.com.br\/n\/uploads\/2021\/07\/3615fa40-mcam20022020-2-400x200.jpg\">\n\t\t\t\t<img loading=\"lazy\" decoding=\"async\" class=\"newsContent__article__imgCapa lazyloadDisabled \" src=\"https:\/\/files.sunoresearch.com.br\/n\/uploads\/2021\/07\/3615fa40-mcam20022020-2-800x450.jpg\" width=\"800\" height=\"450\" alt=\"Receita anuncia regras do Imposto de Renda; veja calend\u00e1rio\" fetchpriority=high \/>\n\t\t\t<\/picture>\n\n\t\t\t<figcaption class=\"wp-caption-text wp-caption-text--show\">Regras do Imposto de Renda foram divulgadas em coletiva nesta quinta (24) - Foto: Marcelo Camargo\/Ag\u00eancia Brasil<\/figcaption>\n\t\t<\/figure>\n\t<\/div>\n\n\n\t<p>\n\t\t<a href=\"https:\/\/lp.suno.com.br\/planilha-controle-gastos\/\" target=\"_blank\" data-element=\"shortcode-suno-banner\" title=\"Banner SUNO, clique e saiba mais\">\n\t\t\t<picture>\n\t\t\t\t<source media=\"(max-width: 500px)\" srcset=\"https:\/\/files.sunoresearch.com.br\/n\/uploads\/2023\/03\/400x300-Planilha-controle-de-gastos.png\">\n\t\t\t\t<img class=\"newsContent__article__imgCapa newsContent__article__imgCapa--banner\"\n\t\t\t\t\tsrc=\"https:\/\/files.sunoresearch.com.br\/n\/uploads\/2023\/03\/1420x240-Planilha-controle-de-gastos.png\"\n\t\t\t\t\tdata-promo-id=\"101751\"\t\t\t\t\t\t\t\t\t\twidth='1420' height='240'\t\t\t\t\talt=\"https:\/\/files.sunoresearch.com.br\/n\/uploads\/2023\/03\/1420x240-Planilha-controle-de-gastos.png\"\n\t\t\t\t>\n\t\t\t<\/picture>\n\t\t<\/a>\n\t<\/p>\n\n\n<p>A partir de mar\u00e7o, o contribuinte ter\u00e1 de cumprir a obriga\u00e7\u00e3o anual de prestar contas para a <strong>Receita Federal<\/strong>. O prazo para o envio da declara\u00e7\u00e3o de Imposto de Renda via de 7 de mar\u00e7o a 29 de abril.<\/p>\n<p>Quem \u00e9 obrigado a <strong>declarar o Imposto de Renda<\/strong> e atrasa paga multa de R$ 165,74, que pode chegar a 20% do imposto devido no ano.<\/p>\n<p>Segundo a Receita Federal, s\u00e3o esperadas 34,1 milh\u00f5es de declara\u00e7\u00f5es neste ano, pr\u00f3ximo do n\u00famero do ano passado, quando foram entregues 34,168 milh\u00f5es de documentos.<\/p>\n\t<p>\n\t\t<a href=\"https:\/\/lp.suno.com.br\/planilha-da-vida-financeira\/\" target=\"_blank\" data-element=\"shortcode-suno-banner\" title=\"Banner SUNO, clique e saiba mais\">\n\t\t\t<picture>\n\t\t\t\t<source media=\"(max-width: 500px)\" srcset=\"https:\/\/files.sunoresearch.com.br\/n\/uploads\/2023\/04\/400x300-Planilha-vida-financeira-true.png\">\n\t\t\t\t<img class=\"newsContent__article__imgCapa newsContent__article__imgCapa--banner\"\n\t\t\t\t\tsrc=\"https:\/\/files.sunoresearch.com.br\/n\/uploads\/2023\/04\/1420x240-Planilha-vida-financeira-true.png\"\n\t\t\t\t\tdata-promo-id=\"106682\"\t\t\t\t\t\t\t\t\t\twidth='1420' height='240'\t\t\t\t\talt=\"https:\/\/files.sunoresearch.com.br\/n\/uploads\/2023\/04\/1420x240-Planilha-vida-financeira-true.png\"\n\t\t\t\t>\n\t\t\t<\/picture>\n\t\t<\/a>\n\t<\/p>\n\n\n<p>O programa para preencher o <strong>IR<\/strong> ser\u00e1 liberado tamb\u00e9m no dia 7 de mar\u00e7o, quando come\u00e7a o prazo para \u200bdeclarar.\u00a0Para baix\u00e1-lo no computador, o cidad\u00e3o deve acessar o site da Receita e ir em Meu Imposto de Renda.<\/p>\n<p><a href=\"https:\/\/www.gov.br\/receitafederal\/pt-br\">Segundo as informa\u00e7\u00f5es da coletiva<\/a>, a Receita n\u00e3o vai liberar o programa do IR antes do in\u00edcio do prazo.<\/p>\n<p>Seguindo no cronograma, no dia 3 de mar\u00e7o haver\u00e1 a habilita\u00e7\u00e3o dos servi\u00e7os de Imposto de Renda na conta digital do governo para quem tem n\u00edvel prata ou ouro.<\/p>\n\t<p>\n\t\t<a href=\"https:\/\/lp.suno.com.br\/ebook-como-analisar-uma-acao\/\" target=\"_blank\" data-element=\"shortcode-suno-banner\" title=\"Banner SUNO, clique e saiba mais\">\n\t\t\t<picture>\n\t\t\t\t<source media=\"(max-width: 500px)\" srcset=\"https:\/\/files.sunoresearch.com.br\/n\/uploads\/2023\/03\/Ebook-Acoes-Mobile-1.jpg\">\n\t\t\t\t<img class=\"newsContent__article__imgCapa newsContent__article__imgCapa--banner\"\n\t\t\t\t\tsrc=\"https:\/\/files.sunoresearch.com.br\/n\/uploads\/2023\/03\/Ebook-Acoes-Desktop-1.jpg\"\n\t\t\t\t\tdata-promo-id=\"171998\"\t\t\t\t\t\t\t\t\t\twidth='1420' height='286'\t\t\t\t\talt=\"https:\/\/files.sunoresearch.com.br\/n\/uploads\/2023\/03\/Ebook-Acoes-Desktop-1.jpg\"\n\t\t\t\t>\n\t\t\t<\/picture>\n\t\t<\/a>\n\t<\/p>\n\n\n<p>Vale lembrar que o n\u00edvel acima do bronze tamb\u00e9m \u00e9 uma exig\u00eancia para acessar o e-CAC desde esta sexta (15).<\/p>\n<p>No dia 15 de mar\u00e7o, ocorrer\u00e1 a disponibiliza\u00e7\u00e3o da declara\u00e7\u00e3o pr\u00e9-preenchida.<\/p>\n<p>A entrega ser\u00e1 obrigat\u00f3ria para quem recebeu acima de R$ 28.559,70 em <a class=\"suno-keyword\" href=\"https:\/\/www.suno.com.br\/artigos\/rendimentos-tributaveis\/\" target=\"_blank\" rel=\"noopener\" data-force=\"no\" data-priority=\"1\">rendimentos tribut\u00e1veis<\/a> em 2021.<\/p>\n<p>A tabela n\u00e3o teve reajuste por mais um ano e, portanto, os valores ser\u00e3o os mesmos de 2021. As empresas t\u00eam at\u00e9 o dia 28 de fevereiro para entregar aos funcion\u00e1rios o comprovante de rendimentos.<\/p>\n<p>Contudo, em 2022 haver\u00e1 a possibilidade de que todas as declara\u00e7\u00f5es poder\u00e3o j\u00e1 vir preenchidas automaticamente. Antes, essa op\u00e7\u00e3o estava dispon\u00edvel apenas para quem tinha conta gov.br certificada.<\/p>\n<p>A instru\u00e7\u00e3o normativa com as regras para a declara\u00e7\u00e3o est\u00e1 prevista para ser publicada nesta sexta (25).<\/p>\n<h2 class=\"embed-container\">Quem deve declarar o Imposto de Renda?<\/h2>\n<p>Segundo as normativas do \u00f3rg\u00e3o, ser\u00e3o obrigados a declarar o <strong>Imposto de Renda<\/strong> todos trabalhadores, aposentados e servidores p\u00fablicos que receberam rendimentos tribut\u00e1veis de mais de R$ 28.559,70 no ano de 2021, o que d\u00e1 R$ 2.379,97 por m\u00eas. S\u00e3o considerados rendimentos tribut\u00e1veis <a href=\"https:\/\/www.suno.com.br\/artigos\/salario-minimo\/\">valores recebidos de sal\u00e1rio, aposentadoria e alugu\u00e9is, por exemplo<\/a>.<\/p>\n<p><em>Com informa\u00e7\u00f5es da Ag\u00eancia Brasil<\/em><\/p>\n\t<p>\n\t\t<a href=\"https:\/\/lp.suno.com.br\/planilha-de-controle-de-investimentos\/\" target=\"_blank\" data-element=\"shortcode-suno-banner\" title=\"Banner SUNO, clique e saiba mais\">\n\t\t\t<picture>\n\t\t\t\t<source media=\"(max-width: 500px)\" srcset=\"https:\/\/files.sunoresearch.com.br\/n\/uploads\/2023\/03\/400x300-Controle-de-Investimentos.png\">\n\t\t\t\t<img class=\"newsContent__article__imgCapa newsContent__article__imgCapa--banner\"\n\t\t\t\t\tsrc=\"https:\/\/files.sunoresearch.com.br\/n\/uploads\/2023\/03\/1420x240-Controle-de-Investimentos.png\"\n\t\t\t\t\tdata-promo-id=\"75934\"\t\t\t\t\t\t\t\t\t\twidth='1420' height='240'\t\t\t\t\talt=\"https:\/\/files.sunoresearch.com.br\/n\/uploads\/2023\/03\/1420x240-Controle-de-Investimentos.png\"\n\t\t\t\t>\n\t\t\t<\/picture>\n\t\t<\/a>\n\t<\/p>\n\n\n","protected":false},"excerpt":{"rendered":"<p>A Receita Federal anunciou as regras para a Declara\u00e7\u00e3o do Imposto de Renda de 2022. A coletiva foi conduzida pelo auditor\u2013fiscal Jos\u00e9 Carlos da Fonseca, respons\u00e1vel pelo programa do Imposto de Renda, nesta quinta (24). Regras do Imposto de Renda foram divulgadas em coletiva nesta quinta (24) &#8211; Foto: Marcelo Camargo\/Ag\u00eancia Brasil A partir de [&hellip;]<\/p>\n","protected":false},"author":73,"featured_media":165231,"comment_status":"closed","ping_status":"closed","sticky":false,"template":"","format":"standard","meta":[],"categories":[62],"tags":[303],"suno_strategy":[],"class_list":["post-235175","post","type-post","status-publish","format-standard","has-post-thumbnail","hentry","category-economia","tag-imposto-de-renda"],"yoast_head":"<!-- This site is optimized with the Yoast SEO plugin v24.4 - https:\/\/yoast.com\/wordpress\/plugins\/seo\/ -->\n<title>Receita anuncia regras do Imposto de Renda; veja calend\u00e1rio<\/title>\n<meta name=\"description\" content=\"Quem \u00e9 obrigado a declarar o Imposto de Renda e atrasa paga multa de R$ 165,74, que pode chegar a 20% do devido. Clique aqui e leia mais.\" \/>\n<meta name=\"robots\" content=\"index, follow, max-snippet:-1, max-image-preview:large, max-video-preview:-1\" \/>\n<link rel=\"canonical\" href=\"https:\/\/www.suno.com.br\/noticias\/imposto-de-renda-regras-anuncio-receita-federal\/\" \/>\n<meta property=\"og:locale\" content=\"pt_BR\" \/>\n<meta property=\"og:type\" content=\"article\" \/>\n<meta property=\"og:title\" content=\"Receita anuncia regras do Imposto de Renda; veja calend\u00e1rio\" \/>\n<meta property=\"og:description\" content=\"Quem \u00e9 obrigado a declarar o Imposto de Renda e atrasa paga multa de R$ 165,74, que pode chegar a 20% do devido. Clique aqui e leia mais.\" \/>\n<meta property=\"og:url\" content=\"https:\/\/www.suno.com.br\/noticias\/imposto-de-renda-regras-anuncio-receita-federal\/\" \/>\n<meta property=\"og:site_name\" content=\"Suno Not\u00edcias\" \/>\n<meta property=\"article:publisher\" content=\"https:\/\/facebook.com\/sunoresearch\" \/>\n<meta property=\"og:image\" content=\"https:\/\/files.sunoresearch.com.br\/n\/uploads\/2021\/07\/3615fa40-mcam20022020-2-scaled.jpg\" \/>\n\t<meta property=\"og:image:width\" content=\"2560\" \/>\n\t<meta property=\"og:image:height\" content=\"1707\" \/>\n\t<meta property=\"og:image:type\" content=\"image\/jpeg\" \/>\n<meta name=\"author\" content=\"Eduardo Vargas\" \/>\n<meta name=\"twitter:card\" content=\"summary_large_image\" \/>\n<meta name=\"twitter:creator\" content=\"@sunoresearch\" \/>\n<meta name=\"twitter:site\" content=\"@sunoresearch\" \/>\n<meta name=\"twitter:label1\" content=\"Escrito por\" \/>\n\t<meta name=\"twitter:data1\" content=\"Eduardo Vargas\" \/>\n\t<meta name=\"twitter:label2\" content=\"Est. tempo de leitura\" \/>\n\t<meta name=\"twitter:data2\" content=\"2 minutos\" \/>\n<script type=\"application\/ld+json\" class=\"yoast-schema-graph\">{\"@context\":\"https:\/\/schema.org\",\"@graph\":[{\"@type\":\"NewsArticle\",\"@id\":\"https:\/\/www.suno.com.br\/noticias\/imposto-de-renda-regras-anuncio-receita-federal\/#article\",\"isPartOf\":{\"@id\":\"https:\/\/www.suno.com.br\/noticias\/imposto-de-renda-regras-anuncio-receita-federal\/\"},\"author\":{\"name\":\"Eduardo Vargas\",\"@id\":\"https:\/\/www.suno.com.br\/noticias\/#\/schema\/person\/7f4d362bf3518e76090143ae77bb49a5\"},\"headline\":\"Receita anuncia regras do Imposto de Renda; veja calend\u00e1rio\",\"datePublished\":\"2022-02-24T17:14:09+00:00\",\"dateModified\":\"2022-03-03T15:03:34+00:00\",\"mainEntityOfPage\":{\"@id\":\"https:\/\/www.suno.com.br\/noticias\/imposto-de-renda-regras-anuncio-receita-federal\/\"},\"wordCount\":458,\"publisher\":{\"@id\":\"https:\/\/www.suno.com.br\/noticias\/#organization\"},\"image\":{\"@id\":\"https:\/\/www.suno.com.br\/noticias\/imposto-de-renda-regras-anuncio-receita-federal\/#primaryimage\"},\"thumbnailUrl\":\"https:\/\/files.sunoresearch.com.br\/n\/uploads\/2021\/07\/3615fa40-mcam20022020-2-scaled.jpg\",\"keywords\":[\"Imposto de Renda\"],\"articleSection\":[\"Economia\"],\"inLanguage\":\"pt-BR\"},{\"@type\":\"WebPage\",\"@id\":\"https:\/\/www.suno.com.br\/noticias\/imposto-de-renda-regras-anuncio-receita-federal\/\",\"url\":\"https:\/\/www.suno.com.br\/noticias\/imposto-de-renda-regras-anuncio-receita-federal\/\",\"name\":\"Receita anuncia regras do Imposto de Renda; veja calend\u00e1rio\",\"isPartOf\":{\"@id\":\"https:\/\/www.suno.com.br\/noticias\/#website\"},\"primaryImageOfPage\":{\"@id\":\"https:\/\/www.suno.com.br\/noticias\/imposto-de-renda-regras-anuncio-receita-federal\/#primaryimage\"},\"image\":{\"@id\":\"https:\/\/www.suno.com.br\/noticias\/imposto-de-renda-regras-anuncio-receita-federal\/#primaryimage\"},\"thumbnailUrl\":\"https:\/\/files.sunoresearch.com.br\/n\/uploads\/2021\/07\/3615fa40-mcam20022020-2-scaled.jpg\",\"datePublished\":\"2022-02-24T17:14:09+00:00\",\"dateModified\":\"2022-03-03T15:03:34+00:00\",\"description\":\"Quem \u00e9 obrigado a declarar o Imposto de Renda e atrasa paga multa de R$ 165,74, que pode chegar a 20% do devido. Clique aqui e leia mais.\",\"breadcrumb\":{\"@id\":\"https:\/\/www.suno.com.br\/noticias\/imposto-de-renda-regras-anuncio-receita-federal\/#breadcrumb\"},\"inLanguage\":\"pt-BR\",\"potentialAction\":[{\"@type\":\"ReadAction\",\"target\":[\"https:\/\/www.suno.com.br\/noticias\/imposto-de-renda-regras-anuncio-receita-federal\/\"]}]},{\"@type\":\"ImageObject\",\"inLanguage\":\"pt-BR\",\"@id\":\"https:\/\/www.suno.com.br\/noticias\/imposto-de-renda-regras-anuncio-receita-federal\/#primaryimage\",\"url\":\"https:\/\/files.sunoresearch.com.br\/n\/uploads\/2021\/07\/3615fa40-mcam20022020-2-scaled.jpg\",\"contentUrl\":\"https:\/\/files.sunoresearch.com.br\/n\/uploads\/2021\/07\/3615fa40-mcam20022020-2-scaled.jpg\",\"width\":2560,\"height\":1707,\"caption\":\"Regras do Imposto de Renda foram divulgadas em coletiva nesta quinta (24) - Foto: Marcelo Camargo\/Ag\u00eancia Brasil\"},{\"@type\":\"BreadcrumbList\",\"@id\":\"https:\/\/www.suno.com.br\/noticias\/imposto-de-renda-regras-anuncio-receita-federal\/#breadcrumb\",\"itemListElement\":[{\"@type\":\"ListItem\",\"position\":1,\"name\":\"Not\u00edcias\",\"item\":\"https:\/\/www.suno.com.br\/noticias\/\"},{\"@type\":\"ListItem\",\"position\":2,\"name\":\"Economia\",\"item\":\"https:\/\/www.suno.com.br\/noticias\/economia\/\"},{\"@type\":\"ListItem\",\"position\":3,\"name\":\"Receita anuncia regras do Imposto de Renda; veja calend\u00e1rio\"}]},{\"@type\":\"WebSite\",\"@id\":\"https:\/\/www.suno.com.br\/noticias\/#website\",\"url\":\"https:\/\/www.suno.com.br\/noticias\/\",\"name\":\"Suno Not\u00edcias\",\"description\":\"Seu portal de informa\u00e7\u00e3o sobre o mundo dos investimentos\",\"publisher\":{\"@id\":\"https:\/\/www.suno.com.br\/noticias\/#organization\"},\"potentialAction\":[{\"@type\":\"SearchAction\",\"target\":{\"@type\":\"EntryPoint\",\"urlTemplate\":\"https:\/\/www.suno.com.br\/noticias\/?s={search_term_string}\"},\"query-input\":{\"@type\":\"PropertyValueSpecification\",\"valueRequired\":true,\"valueName\":\"search_term_string\"}}],\"inLanguage\":\"pt-BR\"},{\"@type\":\"Organization\",\"@id\":\"https:\/\/www.suno.com.br\/noticias\/#organization\",\"name\":\"Suno Not\u00edcias\",\"url\":\"https:\/\/www.suno.com.br\/noticias\/\",\"logo\":{\"@type\":\"ImageObject\",\"inLanguage\":\"pt-BR\",\"@id\":\"https:\/\/www.suno.com.br\/noticias\/#\/schema\/logo\/image\/\",\"url\":\"https:\/\/files.sunoresearch.com.br\/n\/uploads\/2021\/09\/suno-logo.png\",\"contentUrl\":\"https:\/\/files.sunoresearch.com.br\/n\/uploads\/2021\/09\/suno-logo.png\",\"width\":180,\"height\":180,\"caption\":\"Suno Not\u00edcias\"},\"image\":{\"@id\":\"https:\/\/www.suno.com.br\/noticias\/#\/schema\/logo\/image\/\"},\"sameAs\":[\"https:\/\/facebook.com\/sunoresearch\",\"https:\/\/x.com\/sunoresearch\",\"https:\/\/www.instagram.com\/suno\",\"https:\/\/www.linkedin.com\/company\/suno-research\/\",\"https:\/\/www.youtube.com\/c\/sunoresearch\"]},{\"@type\":\"Person\",\"@id\":\"https:\/\/www.suno.com.br\/noticias\/#\/schema\/person\/7f4d362bf3518e76090143ae77bb49a5\",\"name\":\"Eduardo Vargas\",\"image\":{\"@type\":\"ImageObject\",\"inLanguage\":\"pt-BR\",\"@id\":\"https:\/\/www.suno.com.br\/noticias\/#\/schema\/person\/image\/\",\"url\":\"https:\/\/secure.gravatar.com\/avatar\/dac340933427a22924c9f99d1eb2e3f2?s=96&r=g\",\"contentUrl\":\"https:\/\/secure.gravatar.com\/avatar\/dac340933427a22924c9f99d1eb2e3f2?s=96&r=g\",\"caption\":\"Eduardo Vargas\"},\"description\":\"Jornalista formado pela UFSC, cobre macroeconomia, neg\u00f3cios e startups para o Suno Not\u00edcias, escrevendo principalmente not\u00edcias sobre o mercado financeiro e a bolsa de valores. No YouTube e no Instagram, \u00e9 respons\u00e1vel pela produ\u00e7\u00e3o de Reels e Shorts do Suno Not\u00edcias. Anteriormente, trabalhou cobrindo economia e cotidiano no ND+ e para o ND, maior jornal impresso de Santa Catarina. Cursou um semestre letivo de Estudos de M\u00eddia na Universidad de Buenos Aires.\",\"url\":\"https:\/\/www.suno.com.br\/noticias\/author\/eduardo-vargas\/\"}]}<\/script>\n<!-- \/ Yoast SEO plugin. -->","yoast_head_json":{"title":"Receita anuncia regras do Imposto de Renda; veja calend\u00e1rio","description":"Quem \u00e9 obrigado a declarar o Imposto de Renda e atrasa paga multa de R$ 165,74, que pode chegar a 20% do devido. Clique aqui e leia mais.","robots":{"index":"index","follow":"follow","max-snippet":"max-snippet:-1","max-image-preview":"max-image-preview:large","max-video-preview":"max-video-preview:-1"},"canonical":"https:\/\/www.suno.com.br\/noticias\/imposto-de-renda-regras-anuncio-receita-federal\/","og_locale":"pt_BR","og_type":"article","og_title":"Receita anuncia regras do Imposto de Renda; veja calend\u00e1rio","og_description":"Quem \u00e9 obrigado a declarar o Imposto de Renda e atrasa paga multa de R$ 165,74, que pode chegar a 20% do devido. Clique aqui e leia mais.","og_url":"https:\/\/www.suno.com.br\/noticias\/imposto-de-renda-regras-anuncio-receita-federal\/","og_site_name":"Suno Not\u00edcias","article_publisher":"https:\/\/facebook.com\/sunoresearch","og_image":[{"width":2560,"height":1707,"url":"https:\/\/files.sunoresearch.com.br\/n\/uploads\/2021\/07\/3615fa40-mcam20022020-2-scaled.jpg","type":"image\/jpeg"}],"author":"Eduardo Vargas","twitter_card":"summary_large_image","twitter_creator":"@sunoresearch","twitter_site":"@sunoresearch","twitter_misc":{"Escrito por":"Eduardo Vargas","Est. tempo de leitura":"2 minutos"},"schema":{"@context":"https:\/\/schema.org","@graph":[{"@type":"NewsArticle","@id":"https:\/\/www.suno.com.br\/noticias\/imposto-de-renda-regras-anuncio-receita-federal\/#article","isPartOf":{"@id":"https:\/\/www.suno.com.br\/noticias\/imposto-de-renda-regras-anuncio-receita-federal\/"},"author":{"name":"Eduardo Vargas","@id":"https:\/\/www.suno.com.br\/noticias\/#\/schema\/person\/7f4d362bf3518e76090143ae77bb49a5"},"headline":"Receita anuncia regras do Imposto de Renda; veja calend\u00e1rio","datePublished":"2022-02-24T17:14:09+00:00","dateModified":"2022-03-03T15:03:34+00:00","mainEntityOfPage":{"@id":"https:\/\/www.suno.com.br\/noticias\/imposto-de-renda-regras-anuncio-receita-federal\/"},"wordCount":458,"publisher":{"@id":"https:\/\/www.suno.com.br\/noticias\/#organization"},"image":{"@id":"https:\/\/www.suno.com.br\/noticias\/imposto-de-renda-regras-anuncio-receita-federal\/#primaryimage"},"thumbnailUrl":"https:\/\/files.sunoresearch.com.br\/n\/uploads\/2021\/07\/3615fa40-mcam20022020-2-scaled.jpg","keywords":["Imposto de Renda"],"articleSection":["Economia"],"inLanguage":"pt-BR"},{"@type":"WebPage","@id":"https:\/\/www.suno.com.br\/noticias\/imposto-de-renda-regras-anuncio-receita-federal\/","url":"https:\/\/www.suno.com.br\/noticias\/imposto-de-renda-regras-anuncio-receita-federal\/","name":"Receita anuncia regras do Imposto de Renda; veja calend\u00e1rio","isPartOf":{"@id":"https:\/\/www.suno.com.br\/noticias\/#website"},"primaryImageOfPage":{"@id":"https:\/\/www.suno.com.br\/noticias\/imposto-de-renda-regras-anuncio-receita-federal\/#primaryimage"},"image":{"@id":"https:\/\/www.suno.com.br\/noticias\/imposto-de-renda-regras-anuncio-receita-federal\/#primaryimage"},"thumbnailUrl":"https:\/\/files.sunoresearch.com.br\/n\/uploads\/2021\/07\/3615fa40-mcam20022020-2-scaled.jpg","datePublished":"2022-02-24T17:14:09+00:00","dateModified":"2022-03-03T15:03:34+00:00","description":"Quem \u00e9 obrigado a declarar o Imposto de Renda e atrasa paga multa de R$ 165,74, que pode chegar a 20% do devido. Clique aqui e leia mais.","breadcrumb":{"@id":"https:\/\/www.suno.com.br\/noticias\/imposto-de-renda-regras-anuncio-receita-federal\/#breadcrumb"},"inLanguage":"pt-BR","potentialAction":[{"@type":"ReadAction","target":["https:\/\/www.suno.com.br\/noticias\/imposto-de-renda-regras-anuncio-receita-federal\/"]}]},{"@type":"ImageObject","inLanguage":"pt-BR","@id":"https:\/\/www.suno.com.br\/noticias\/imposto-de-renda-regras-anuncio-receita-federal\/#primaryimage","url":"https:\/\/files.sunoresearch.com.br\/n\/uploads\/2021\/07\/3615fa40-mcam20022020-2-scaled.jpg","contentUrl":"https:\/\/files.sunoresearch.com.br\/n\/uploads\/2021\/07\/3615fa40-mcam20022020-2-scaled.jpg","width":2560,"height":1707,"caption":"Regras do Imposto de Renda foram divulgadas em coletiva nesta quinta (24) - Foto: Marcelo Camargo\/Ag\u00eancia Brasil"},{"@type":"BreadcrumbList","@id":"https:\/\/www.suno.com.br\/noticias\/imposto-de-renda-regras-anuncio-receita-federal\/#breadcrumb","itemListElement":[{"@type":"ListItem","position":1,"name":"Not\u00edcias","item":"https:\/\/www.suno.com.br\/noticias\/"},{"@type":"ListItem","position":2,"name":"Economia","item":"https:\/\/www.suno.com.br\/noticias\/economia\/"},{"@type":"ListItem","position":3,"name":"Receita anuncia regras do Imposto de Renda; veja calend\u00e1rio"}]},{"@type":"WebSite","@id":"https:\/\/www.suno.com.br\/noticias\/#website","url":"https:\/\/www.suno.com.br\/noticias\/","name":"Suno Not\u00edcias","description":"Seu portal de informa\u00e7\u00e3o sobre o mundo dos investimentos","publisher":{"@id":"https:\/\/www.suno.com.br\/noticias\/#organization"},"potentialAction":[{"@type":"SearchAction","target":{"@type":"EntryPoint","urlTemplate":"https:\/\/www.suno.com.br\/noticias\/?s={search_term_string}"},"query-input":{"@type":"PropertyValueSpecification","valueRequired":true,"valueName":"search_term_string"}}],"inLanguage":"pt-BR"},{"@type":"Organization","@id":"https:\/\/www.suno.com.br\/noticias\/#organization","name":"Suno Not\u00edcias","url":"https:\/\/www.suno.com.br\/noticias\/","logo":{"@type":"ImageObject","inLanguage":"pt-BR","@id":"https:\/\/www.suno.com.br\/noticias\/#\/schema\/logo\/image\/","url":"https:\/\/files.sunoresearch.com.br\/n\/uploads\/2021\/09\/suno-logo.png","contentUrl":"https:\/\/files.sunoresearch.com.br\/n\/uploads\/2021\/09\/suno-logo.png","width":180,"height":180,"caption":"Suno Not\u00edcias"},"image":{"@id":"https:\/\/www.suno.com.br\/noticias\/#\/schema\/logo\/image\/"},"sameAs":["https:\/\/facebook.com\/sunoresearch","https:\/\/x.com\/sunoresearch","https:\/\/www.instagram.com\/suno","https:\/\/www.linkedin.com\/company\/suno-research\/","https:\/\/www.youtube.com\/c\/sunoresearch"]},{"@type":"Person","@id":"https:\/\/www.suno.com.br\/noticias\/#\/schema\/person\/7f4d362bf3518e76090143ae77bb49a5","name":"Eduardo Vargas","image":{"@type":"ImageObject","inLanguage":"pt-BR","@id":"https:\/\/www.suno.com.br\/noticias\/#\/schema\/person\/image\/","url":"https:\/\/secure.gravatar.com\/avatar\/dac340933427a22924c9f99d1eb2e3f2?s=96&r=g","contentUrl":"https:\/\/secure.gravatar.com\/avatar\/dac340933427a22924c9f99d1eb2e3f2?s=96&r=g","caption":"Eduardo Vargas"},"description":"Jornalista formado pela UFSC, cobre macroeconomia, neg\u00f3cios e startups para o Suno Not\u00edcias, escrevendo principalmente not\u00edcias sobre o mercado financeiro e a bolsa de valores. No YouTube e no Instagram, \u00e9 respons\u00e1vel pela produ\u00e7\u00e3o de Reels e Shorts do Suno Not\u00edcias. Anteriormente, trabalhou cobrindo economia e cotidiano no ND+ e para o ND, maior jornal impresso de Santa Catarina. Cursou um semestre letivo de Estudos de M\u00eddia na Universidad de Buenos Aires.","url":"https:\/\/www.suno.com.br\/noticias\/author\/eduardo-vargas\/"}]}},"default_loop_html":"<div class=\"cardsPage__listCard__boxs\"><div class=\"cardsPage__listCard__boxs__img\"><a href=\"https:\/\/www.suno.com.br\/noticias\/imposto-de-renda-regras-anuncio-receita-federal\/\"><img class=\"mask\" src=\"https:\/\/www.suno.com.br\/noticias\/wp-content\/themes\/suno\/resources\/images\/spotlight\/spotlight1img\/bg-mask.png\" alt=\"Image Mask\"\/><img src=\"https:\/\/files.sunoresearch.com.br\/n\/uploads\/2021\/07\/3615fa40-mcam20022020-2-400x200.jpg\" alt=\"Receita anuncia regras do Imposto de Renda; veja calend\u00e1rio\"\/><\/a><span class=\"spotlightCategory\"><a href=\"https:\/\/www.suno.com.br\/noticias\/economia\/\">Economia<\/a><\/span><\/div><div class=\"cardsPage__listCard__boxs__content\"><a href=\"https:\/\/www.suno.com.br\/noticias\/imposto-de-renda-regras-anuncio-receita-federal\/\"><h2 class=\"content__title\">Receita anuncia regras do Imposto de Renda; veja calend\u00e1rio<\/h2><\/a><div class=\"newsContent__article__meta\"><div class=\"newsContent__article__meta__authorBox\"><a href=\"https:\/\/www.suno.com.br\/noticias\/author\/eduardo-vargas\/\" class=\"authorBox__avatar noMobi\"><img src=\"https:\/\/secure.gravatar.com\/avatar\/dac340933427a22924c9f99d1eb2e3f2?s=96&#038;r=g\" alt=\"Eduardo Vargas\"><\/a><div class=\"authorBox__name\"><span>por\n\t\t\t<a href=\"https:\/\/www.suno.com.br\/noticias\/author\/eduardo-vargas\/\"><span itemprop=\"author\">Eduardo Vargas<\/span><\/a><\/span><time datetime=\"2022-02-24T14:14:09-03:00\" itemprop=\"datePublished\">24\/02\/2022 14:14<\/time><\/div><\/div><\/div><\/div><\/div>","single_layout":"posts","amp_enabled":true,"_links":{"self":[{"href":"https:\/\/www.suno.com.br\/noticias\/wp-json\/wp\/v2\/posts\/235175"}],"collection":[{"href":"https:\/\/www.suno.com.br\/noticias\/wp-json\/wp\/v2\/posts"}],"about":[{"href":"https:\/\/www.suno.com.br\/noticias\/wp-json\/wp\/v2\/types\/post"}],"author":[{"embeddable":true,"href":"https:\/\/www.suno.com.br\/noticias\/wp-json\/wp\/v2\/users\/73"}],"replies":[{"embeddable":true,"href":"https:\/\/www.suno.com.br\/noticias\/wp-json\/wp\/v2\/comments?post=235175"}],"version-history":[{"count":4,"href":"https:\/\/www.suno.com.br\/noticias\/wp-json\/wp\/v2\/posts\/235175\/revisions"}],"predecessor-version":[{"id":237025,"href":"https:\/\/www.suno.com.br\/noticias\/wp-json\/wp\/v2\/posts\/235175\/revisions\/237025"}],"wp:featuredmedia":[{"embeddable":true,"href":"https:\/\/www.suno.com.br\/noticias\/wp-json\/wp\/v2\/media\/165231"}],"wp:attachment":[{"href":"https:\/\/www.suno.com.br\/noticias\/wp-json\/wp\/v2\/media?parent=235175"}],"wp:term":[{"taxonomy":"category","embeddable":true,"href":"https:\/\/www.suno.com.br\/noticias\/wp-json\/wp\/v2\/categories?post=235175"},{"taxonomy":"post_tag","embeddable":true,"href":"https:\/\/www.suno.com.br\/noticias\/wp-json\/wp\/v2\/tags?post=235175"},{"taxonomy":"suno_strategy","embeddable":true,"href":"https:\/\/www.suno.com.br\/noticias\/wp-json\/wp\/v2\/suno_strategy?post=235175"}],"curies":[{"name":"wp","href":"https:\/\/api.w.org\/{rel}","templated":true}]}}