{"id":23506,"date":"2019-05-07T10:22:53","date_gmt":"2019-05-07T13:22:53","guid":{"rendered":"https:\/\/www.suno.com.br\/noticias\/?p=23506"},"modified":"2019-05-07T10:22:53","modified_gmt":"2019-05-07T13:22:53","slug":"avianca-leilao-anac","status":"publish","type":"post","link":"https:\/\/www.suno.com.br\/noticias\/avianca-leilao-anac\/","title":{"rendered":"Anac se posiciona contra venda de slots como ativos da Avianca"},"content":{"rendered":"<p>Na \u00faltima segunda-feira (6) a <strong>Ag\u00eancia Nacional Civil<\/strong> (Anac) suspendeu o leil\u00e3o dos ativos da Avianca que aconteceriam nesta ter\u00e7a-feira (7).\u00a0 A companhia a\u00e9rea tinha como objetivo transferir slots, direitos de pouso e decolagem em certos aeroportos. A<strong> Gol<\/strong>, <strong>Latam<\/strong> e <strong>Azul<\/strong> haviam demonstrado interesse em participar do leil\u00e3o.<\/p>\t<div class=\"wrapper-featured-image\">\n\t\t<figure class=\"spotlightImg\">\n\n\t\t\t<picture>\n\t\t\t\t<source media=\"(max-width: 768px)\" srcset=\"https:\/\/files.sunoresearch.com.br\/n\/uploads\/2019\/02\/28473d91-avianca-400x200.webp\">\n\t\t\t\t<img loading=\"lazy\" decoding=\"async\" class=\"newsContent__article__imgCapa lazyloadDisabled newsContent__article__imgCapa--noCaption\" src=\"https:\/\/files.sunoresearch.com.br\/n\/uploads\/2019\/02\/28473d91-avianca-800x450.webp\" width=\"800\" height=\"450\" alt=\"Anac se posiciona contra venda de slots como ativos da Avianca\" fetchpriority=high \/>\n\t\t\t<\/picture>\n\n\t\t\t<figcaption class=\"wp-caption-text wp-caption-text--hide\">STJ nega pedido que impede a redistribui\u00e7\u00e3o de slots da Avianca<\/figcaption>\n\t\t<\/figure>\n\t<\/div>\n\n\n<p>No entanto, a decis\u00e3o feita pela <strong>Anac<\/strong>, acatou o pedido da <strong>Swissport Brasil<\/strong>, que acusa que o plano de <strong>recupera\u00e7\u00e3o judicial<\/strong> da <strong>Avianca<\/strong>, a transfer\u00eancia de slots, \u00e9 proibido por lei. Al\u00e9m disso, a Ag\u00eancia afirmou ser contra \u00e0 venda de slots como <a href=\"https:\/\/www.suno.com.br\/artigos\/tag\/ativos\/\"><strong>ativos<\/strong> <\/a>da empresa.<\/p>\n<p>O <strong>slot<\/strong> aeroportu\u00e1rio, ou simplesmente slot, \u00e9 um termo usado na avia\u00e7\u00e3o para designar o direito de pousar ou decolar em aeroportos congestionados.<\/p>\n<p>Para a <strong>Anac<\/strong> os processos de certifica\u00e7\u00e3o desses <strong>ativos<\/strong> depende mais da &#8220;efici\u00eancia e proatividade da empresa do que ordens judiciais que imponham celeridade ao ente p\u00fablico&#8221;.<\/p>\n\t<p>\n\t\t<a href=\"https:\/\/lp.suno.com.br\/ao\/sessao-estrategica-consultoria-c\/?utm_source=suno-noticias&#038;utm_medium=banner&#038;utm_campaing=banco-master-cdbs\" target=\"_blank\" data-element=\"shortcode-suno-banner\" title=\"Banner SUNO, clique e saiba mais\">\n\t\t\t<picture>\n\t\t\t\t<source media=\"(max-width: 500px)\" srcset=\"https:\/\/files.sunoresearch.com.br\/n\/uploads\/2025\/09\/300x400.webp\">\n\t\t\t\t<img class=\"newsContent__article__imgCapa newsContent__article__imgCapa--banner\"\n\t\t\t\t\tsrc=\"https:\/\/files.sunoresearch.com.br\/n\/uploads\/2025\/09\/SN-DT-1420x240-1.webp\"\n\t\t\t\t\tdata-promo-id=\"624064\"\t\t\t\t\t\t\t\t\t\twidth='1420' height='240'\t\t\t\t\talt=\"https:\/\/files.sunoresearch.com.br\/n\/uploads\/2025\/09\/SN-DT-1420x240-1.webp\"\n\t\t\t\t>\n\t\t\t<\/picture>\n\t\t<\/a>\n\t<\/p>\n\n\n<p>De acordo com a lei, \u00e9 necess\u00e1rio que as <strong>Unidades Produtivas Isoladas<\/strong> (<strong>UPIs<\/strong>), que estavam sendo criadas para ir a leil\u00e3o, tenham certificados de operador a\u00e9reo. No entanto, a <strong>Avianca<\/strong> ainda n\u00e3o possui esse certificado e segundo o jornal &#8220;Estado de S.Paulo&#8221; para a empresa conseguir, o processo ser\u00e1 de seis meses a um ano.<\/p>\n<p>Em manifesta\u00e7\u00e3o ao juiz a <strong>Anac<\/strong> afirmou que &#8220;estar\u00e1 indevidamente impedida de exercer suas compet\u00eancias legais e de aplicar as normas sobre a mat\u00e9ria se, conforme requerido pela Recuperanda nos autos do processo de recupera\u00e7\u00e3o judicial, for determinado pelo Douto Magistrado qualquer medida que relativize, afaste ou altere qualquer ponto da Resolu\u00e7\u00e3o.&#8221;<\/p>\n<p>O \u00f3rg\u00e3o regulador afirma que os slots n\u00e3o podem ser vendidos como <strong>ativos<\/strong>, pois n\u00e3o s\u00e3o bens suscet\u00edveis de <strong>apropria\u00e7\u00e3o econ\u00f4mica<\/strong>. Al\u00e9m disso, a Anac pede ao juiz que avalie os valores das tarifas de clientes que foram realocados por causa dos cancelamentos.<\/p>\n<h2>O leil\u00e3o da Avianca<\/h2>\n<p>De acordo com fontes ouvidas pelo jornal &#8220;Valor Econ\u00f4mico&#8221;, a Avianca Brasil estaria sendo sondada por companhias a\u00e9reas estrangeiras.<\/p>\n<p>Segundo o jornal, pelo menos duas empresas apresentam interesse em participar do <strong>leil\u00e3o<\/strong> de <strong>Unidades Produtivas Isoladas<\/strong> (UPIs) da <strong>Avianca<\/strong>:<\/p>\n<ul>\n<li>a\u00a0Qatar Airways, do Catar;<\/li>\n<li>e a JetSmart, do Chile.<\/li>\n<\/ul>\n<p>Al\u00e9m das estrangeiras, a <strong>Latam<\/strong>, a <strong>Gol<\/strong>\u00a0(GOLL4) e a <strong>Azul<\/strong>\u00a0(AZUL4) tamb\u00e9m participariam do <strong>leil\u00e3o<\/strong>. As <a href=\"https:\/\/www.suno.com.br\/artigos\/o-que-sao-acoes-ordinarias-preferenciais-e-units\/\">a\u00e7\u00f5es ordin\u00e1rias<\/a> das companhias a\u00e9reas tinham queda \u00e0s 15h30, de:<\/p>\n<ul>\n<li>Azul: baixa de\u00a02,19% a R$\u00a035,29.<\/li>\n<li>Gol: baixa de\u00a01,69% a R$\u00a035,29<\/li>\n<\/ul>\n<p>A expectativa da Avianca, que est\u00e1 em\u00a0<a href=\"https:\/\/www.suno.com.br\/artigos\/recuperacao-judicial\/\">recupera\u00e7\u00e3o judicial<\/a>, era captar ao menos\u00a0US$ 210 milh\u00f5es no <strong>leil\u00e3o<\/strong>. Para ent\u00e3o conseguir pagar a d\u00edvida de cerca de R$ 3 bilh\u00f5es.<\/p>\n<p><a href=\"https:\/\/www.suno.com.br\/noticias\/avianca-ceo-latam-alta-precos\/\">Saiba mais &#8211;\u00a0CEO da Latam diz que crise na Avianca faz pre\u00e7os de passagens subirem<\/a><\/p>\n<h2>Suspeita do Cade na venda de ativos da Avianca<\/h2>\n<p>Em 11 de mar\u00e7o, a <strong>Azul<\/strong> teria assinado uma proposta n\u00e3o-vinculante para a aquisi\u00e7\u00e3o de parte dos ativos da <strong>Avianca<\/strong> atrav\u00e9s de uma <strong>Unidade Produtiva Isolada<\/strong> (UPI).<\/p>\n\t<p>\n\t\t<a href=\"https:\/\/simulador-aposentadoria.suno.com.br\/?utm_source=suno-noticias&#038;utm_medium=banner&#038;utm_content=como-investir-para-aposentadoria-carteira-go&#038;utm_campaign=_SNC36CE4E9F_\" target=\"_blank\" data-element=\"shortcode-suno-banner\" title=\"Banner SUNO, clique e saiba mais\">\n\t\t\t<picture>\n\t\t\t\t<source media=\"(max-width: 500px)\" srcset=\"https:\/\/files.sunoresearch.com.br\/n\/uploads\/2025\/11\/400x300.webp\">\n\t\t\t\t<img class=\"newsContent__article__imgCapa newsContent__article__imgCapa--banner\"\n\t\t\t\t\tsrc=\"https:\/\/files.sunoresearch.com.br\/n\/uploads\/2025\/11\/1420x240.webp\"\n\t\t\t\t\tdata-promo-id=\"631530\"\t\t\t\t\t\t\t\t\t\twidth='1420' height='240'\t\t\t\t\talt=\"https:\/\/files.sunoresearch.com.br\/n\/uploads\/2025\/11\/1420x240.webp\"\n\t\t\t\t>\n\t\t\t<\/picture>\n\t\t<\/a>\n\t<\/p>\n\n\n<p>O valor total da opera\u00e7\u00e3o seria de\u00a0US$ 105 milh\u00f5es. A proposta foi exposta em um plano de recupera\u00e7\u00e3o judicial da Avianca, e a <strong>UPI<\/strong> teria:<\/p>\n<ul>\n<li>at\u00e9 28 avi\u00f5es;<\/li>\n<li>e 70 pares <strong>slots<\/strong>.<\/li>\n<\/ul>\n<p>Em 4 de mar\u00e7o, a <strong>Gol<\/strong> e a <strong>Latam<\/strong> entraram na disputa para adquirir partes da Avianca. No plano de recupera\u00e7\u00e3o judicial alternativo \u00e0quele proposto pela Gol, havia a cria\u00e7\u00e3o de sete <strong>UPIs<\/strong>. Seis unidades conter\u00e3o apenas &#8220;slots&#8221; dos aeroportos de Congonhas, Guarulhos e Gale\u00e3o, e uma unidade englobar\u00e1 os ativos do programa de fidelidade Amigo.<\/p>\n<p>A <strong>Gol<\/strong> informou em nota seu interesse na compra de ativos da concorrente.\u00a0 A companhia a\u00e9rea teria assinado um acordo vinculante com o fundo ativista <strong>Elliott <\/strong>Management, para entrar na disputa. Em tal acordo, haveria compra pela companhia a\u00e9rea de US$ 5 milh\u00f5es em empr\u00e9stimos, feitos pelo fundo, \u00e0 Avianca.<\/p>\n<p>Conforme o acordo assinado com o <a href=\"https:\/\/www.suno.com.br\/artigos\/fundo-de-hedge\/\">fundo de hedge<\/a>, a <strong>Gol<\/strong> faria a oferta pela <strong>UPI<\/strong> A, que re\u00fane:<\/p>\n<ul>\n<li>20 em Guarulhos;<\/li>\n<li>18 slots em Congonhas;<\/li>\n<li>e 12 em Santos Dumont.<\/li>\n<\/ul>\n<p>Por sua vez, a <strong>Latam<\/strong> faria proposta pela <strong>UPI<\/strong> B, que possui:<\/p>\n<ul>\n<li>26 slots em Guarulhos;<\/li>\n<li>13 em Congonhas;<\/li>\n<li>e 8 em Santos Dumont.<\/li>\n<\/ul>\n<p>O presidente-executivo da <strong>Latam,<\/strong> <a href=\"https:\/\/www.suno.com.br\/tudo-sobre\/jerome-cadier\/\">Jerome Cadier<\/a>, confirmou a inten\u00e7\u00e3o de comprar uma parte da <strong>Avianca<\/strong> por ao menos US$ 70 milh\u00f5es (R$ 268 milh\u00f5es).<\/p>\n<h2>Entenda a crise da Avianca<\/h2>\n<p>A <strong>Avianca<\/strong> \u00e9 a quarta maior companhia a\u00e9rea do <strong>Brasil<\/strong> e est\u00e1 em <strong>recupera\u00e7\u00e3o judicial<\/strong> desde dezembro 2018. O pedido foi registrado na 1\u00aa <strong>Vara Empresarial de S\u00e3o Paulo<\/strong>, ap\u00f3s crescentes preju\u00edzos e atrasos em pagamentos de arrendamento de aeronaves.<\/p>\n<p>Tr\u00eas empresas de <a href=\"https:\/\/www.suno.com.br\/artigos\/leasing-financeiro\/\"><strong>leasing<\/strong><\/a> j\u00e1 pediram restitui\u00e7\u00e3o de <strong>avi\u00f5es<\/strong> por conta da falta de pagamento. No total, as empresas arrendaram 14 aeronaves para a companhia a\u00e9rea, equivalente a 30% da frota em opera\u00e7\u00e3o. A companhia a\u00e9rea tinha assegurado que nenhuma das opera\u00e7\u00f5es seriam afetadas, mesmo com o processo de <strong>recupera\u00e7\u00e3o judicial<\/strong>.<\/p>\n<p>Entretanto, a <strong>Avianca Brasil<\/strong> demitiu 140 funcion\u00e1rios.\u00a0Em dezembro do ano passado a companhia a\u00e9rea devolveu duas aeronaves <strong>Airbus A330<\/strong> para as empresas de arrendamento.<\/p>\n\t<p>\n\t\t<a href=\"https:\/\/lp.suno.com.br\/asset\/suno-fundo-de-fundos-snff11\/\" target=\"_blank\" data-element=\"shortcode-suno-banner\" title=\"Banner SUNO, clique e saiba mais\">\n\t\t\t<picture>\n\t\t\t\t<source media=\"(max-width: 500px)\" srcset=\"https:\/\/files.sunoresearch.com.br\/n\/uploads\/2024\/01\/400x300-Mobile-Artigos-3-SNFF-AO.png\">\n\t\t\t\t<img class=\"newsContent__article__imgCapa newsContent__article__imgCapa--banner\"\n\t\t\t\t\tsrc=\"https:\/\/files.sunoresearch.com.br\/n\/uploads\/2024\/01\/1420x240-Banner-Artigos-1-_-Banner-Materias-1-SNFF-AO.png\"\n\t\t\t\t\tdata-promo-id=\"364418\"\t\t\t\t\t\t\t\t\t\twidth='1420' height='240'\t\t\t\t\talt=\"https:\/\/files.sunoresearch.com.br\/n\/uploads\/2024\/01\/1420x240-Banner-Artigos-1-_-Banner-Materias-1-SNFF-AO.png\"\n\t\t\t\t>\n\t\t\t<\/picture>\n\t\t<\/a>\n\t<\/p>\n\n\n<p>Por causa da falta de pagamento, os credores apresentaram recursos para a <strong>Anac<\/strong>. A ag\u00eancia recebeu pedidos por retirar as aeronaves operadas pela empresa do <strong>Registro Aeron\u00e1utico Brasileiro<\/strong> (<strong>RAB<\/strong>).<\/p>\n<p>Em caso de calote, as empresas donas das aeronaves podem pedir o cancelamento das matr\u00edculas dos avi\u00f5es. Isso porque a falta de pagamento por parte da <strong>Avianca<\/strong> seria um descumprimento da <strong>Conven\u00e7\u00e3o da Cidade do Cabo<\/strong>.<\/p>\n<p>A companhia a\u00e9rea est\u00e1 realizando pousos e decolagens de apenas quatro aeroportos:<\/p>\n<ul>\n<li><strong>Bras\u00edlia<\/strong>;<\/li>\n<li><strong>Congonhas<\/strong> (SP);<\/li>\n<li><strong>Salvador<\/strong>;<\/li>\n<li><strong>Santos Dumont<\/strong> (RJ).<\/li>\n<\/ul>\n<p>Al\u00e9m da perda de aeronaves por conta da<strong> inadimpl\u00eancia<\/strong>, a <strong>Avianca<\/strong> tamb\u00e9m deixou de pagar seus funcion\u00e1rios. No m\u00eas, a companhia a\u00e9rea pediu para que os funcion\u00e1rios que estejam interessados em deixar o emprego, sem perder seus direitos, se manifestem. Antes da crise, a empresa possu\u00eda 5,3 mil funcion\u00e1rios, deles 617 eram pilotos e 1,1 mil comiss\u00e1rios.<\/p>\n","protected":false},"excerpt":{"rendered":"<p>Na \u00faltima segunda-feira (6) a Ag\u00eancia Nacional Civil (Anac) suspendeu o leil\u00e3o dos ativos da Avianca que aconteceriam nesta ter\u00e7a-feira (7).\u00a0 A companhia a\u00e9rea tinha como objetivo transferir slots, direitos de pouso e decolagem em certos aeroportos. A Gol, Latam e Azul haviam demonstrado interesse em participar do leil\u00e3o. STJ nega pedido que impede a [&hellip;]<\/p>\n","protected":false},"author":15,"featured_media":16052,"comment_status":"closed","ping_status":"closed","sticky":false,"template":"","format":"standard","meta":[],"categories":[64],"tags":[1013,840],"suno_strategy":[],"class_list":["post-23506","post","type-post","status-publish","format-standard","has-post-thumbnail","hentry","category-negocios","tag-anac","tag-avianca"],"yoast_head":"<!-- This site is optimized with the Yoast SEO plugin v24.4 - https:\/\/yoast.com\/wordpress\/plugins\/seo\/ -->\n<title>Anac se posiciona contra venda de slots como ativos da Avianca<\/title>\n<meta name=\"description\" content=\"Anac suspendeu o leil\u00e3o dos ativos da Avianca que aconteceriam nesta ter\u00e7a-feira (7). Clique aqui e saiba mais\" \/>\n<meta name=\"robots\" content=\"index, follow, max-snippet:-1, max-image-preview:large, max-video-preview:-1\" \/>\n<link rel=\"canonical\" href=\"https:\/\/www.suno.com.br\/noticias\/avianca-leilao-anac\/\" \/>\n<meta property=\"og:locale\" content=\"pt_BR\" \/>\n<meta property=\"og:type\" content=\"article\" \/>\n<meta property=\"og:title\" content=\"Anac se posiciona contra venda de slots como ativos da Avianca\" \/>\n<meta property=\"og:description\" content=\"Anac suspendeu o leil\u00e3o dos ativos da Avianca que aconteceriam nesta ter\u00e7a-feira (7). Clique aqui e saiba mais\" \/>\n<meta property=\"og:url\" content=\"https:\/\/www.suno.com.br\/noticias\/avianca-leilao-anac\/\" \/>\n<meta property=\"og:site_name\" content=\"Suno Not\u00edcias\" \/>\n<meta property=\"article:publisher\" content=\"https:\/\/facebook.com\/sunoresearch\" \/>\n<meta property=\"og:image\" content=\"https:\/\/files.sunoresearch.com.br\/n\/uploads\/2019\/02\/28473d91-avianca.jpg\" \/>\n\t<meta property=\"og:image:width\" content=\"2828\" \/>\n\t<meta property=\"og:image:height\" content=\"2121\" \/>\n\t<meta property=\"og:image:type\" content=\"image\/jpeg\" \/>\n<meta name=\"author\" content=\"Poliana Santos\" \/>\n<meta name=\"twitter:card\" content=\"summary_large_image\" \/>\n<meta name=\"twitter:creator\" content=\"@sunoresearch\" \/>\n<meta name=\"twitter:site\" content=\"@sunoresearch\" \/>\n<meta name=\"twitter:label1\" content=\"Escrito por\" \/>\n\t<meta name=\"twitter:data1\" content=\"Poliana Santos\" \/>\n\t<meta name=\"twitter:label2\" content=\"Est. tempo de leitura\" \/>\n\t<meta name=\"twitter:data2\" content=\"5 minutos\" \/>\n<script type=\"application\/ld+json\" class=\"yoast-schema-graph\">{\"@context\":\"https:\/\/schema.org\",\"@graph\":[{\"@type\":\"NewsArticle\",\"@id\":\"https:\/\/www.suno.com.br\/noticias\/avianca-leilao-anac\/#article\",\"isPartOf\":{\"@id\":\"https:\/\/www.suno.com.br\/noticias\/avianca-leilao-anac\/\"},\"author\":{\"name\":\"Poliana Santos\",\"@id\":\"https:\/\/www.suno.com.br\/noticias\/#\/schema\/person\/02ec1f752758247878a2bf4abee1aeda\"},\"headline\":\"Anac se posiciona contra venda de slots como ativos da Avianca\",\"datePublished\":\"2019-05-07T13:22:53+00:00\",\"mainEntityOfPage\":{\"@id\":\"https:\/\/www.suno.com.br\/noticias\/avianca-leilao-anac\/\"},\"wordCount\":1038,\"publisher\":{\"@id\":\"https:\/\/www.suno.com.br\/noticias\/#organization\"},\"image\":{\"@id\":\"https:\/\/www.suno.com.br\/noticias\/avianca-leilao-anac\/#primaryimage\"},\"thumbnailUrl\":\"https:\/\/files.sunoresearch.com.br\/n\/uploads\/2019\/02\/28473d91-avianca-scaled.webp\",\"keywords\":[\"Anac\",\"Avianca\"],\"articleSection\":[\"Neg\u00f3cios\"],\"inLanguage\":\"pt-BR\"},{\"@type\":\"WebPage\",\"@id\":\"https:\/\/www.suno.com.br\/noticias\/avianca-leilao-anac\/\",\"url\":\"https:\/\/www.suno.com.br\/noticias\/avianca-leilao-anac\/\",\"name\":\"Anac se posiciona contra venda de slots como ativos da Avianca\",\"isPartOf\":{\"@id\":\"https:\/\/www.suno.com.br\/noticias\/#website\"},\"primaryImageOfPage\":{\"@id\":\"https:\/\/www.suno.com.br\/noticias\/avianca-leilao-anac\/#primaryimage\"},\"image\":{\"@id\":\"https:\/\/www.suno.com.br\/noticias\/avianca-leilao-anac\/#primaryimage\"},\"thumbnailUrl\":\"https:\/\/files.sunoresearch.com.br\/n\/uploads\/2019\/02\/28473d91-avianca-scaled.webp\",\"datePublished\":\"2019-05-07T13:22:53+00:00\",\"description\":\"Anac suspendeu o leil\u00e3o dos ativos da Avianca que aconteceriam nesta ter\u00e7a-feira (7). Clique aqui e saiba mais\",\"breadcrumb\":{\"@id\":\"https:\/\/www.suno.com.br\/noticias\/avianca-leilao-anac\/#breadcrumb\"},\"inLanguage\":\"pt-BR\",\"potentialAction\":[{\"@type\":\"ReadAction\",\"target\":[\"https:\/\/www.suno.com.br\/noticias\/avianca-leilao-anac\/\"]}]},{\"@type\":\"ImageObject\",\"inLanguage\":\"pt-BR\",\"@id\":\"https:\/\/www.suno.com.br\/noticias\/avianca-leilao-anac\/#primaryimage\",\"url\":\"https:\/\/files.sunoresearch.com.br\/n\/uploads\/2019\/02\/28473d91-avianca-scaled.webp\",\"contentUrl\":\"https:\/\/files.sunoresearch.com.br\/n\/uploads\/2019\/02\/28473d91-avianca-scaled.webp\",\"width\":2560,\"height\":1920,\"caption\":\"STJ nega pedido que impede a redistribui\u00e7\u00e3o de slots da Avianca\"},{\"@type\":\"BreadcrumbList\",\"@id\":\"https:\/\/www.suno.com.br\/noticias\/avianca-leilao-anac\/#breadcrumb\",\"itemListElement\":[{\"@type\":\"ListItem\",\"position\":1,\"name\":\"Not\u00edcias\",\"item\":\"https:\/\/www.suno.com.br\/noticias\/\"},{\"@type\":\"ListItem\",\"position\":2,\"name\":\"Neg\u00f3cios\",\"item\":\"https:\/\/www.suno.com.br\/noticias\/negocios\/\"},{\"@type\":\"ListItem\",\"position\":3,\"name\":\"Anac se posiciona contra venda de slots como ativos da Avianca\"}]},{\"@type\":\"WebSite\",\"@id\":\"https:\/\/www.suno.com.br\/noticias\/#website\",\"url\":\"https:\/\/www.suno.com.br\/noticias\/\",\"name\":\"Suno Not\u00edcias\",\"description\":\"Seu portal de informa\u00e7\u00e3o sobre o mundo dos investimentos\",\"publisher\":{\"@id\":\"https:\/\/www.suno.com.br\/noticias\/#organization\"},\"potentialAction\":[{\"@type\":\"SearchAction\",\"target\":{\"@type\":\"EntryPoint\",\"urlTemplate\":\"https:\/\/www.suno.com.br\/noticias\/?s={search_term_string}\"},\"query-input\":{\"@type\":\"PropertyValueSpecification\",\"valueRequired\":true,\"valueName\":\"search_term_string\"}}],\"inLanguage\":\"pt-BR\"},{\"@type\":\"Organization\",\"@id\":\"https:\/\/www.suno.com.br\/noticias\/#organization\",\"name\":\"Suno Not\u00edcias\",\"url\":\"https:\/\/www.suno.com.br\/noticias\/\",\"logo\":{\"@type\":\"ImageObject\",\"inLanguage\":\"pt-BR\",\"@id\":\"https:\/\/www.suno.com.br\/noticias\/#\/schema\/logo\/image\/\",\"url\":\"https:\/\/files.sunoresearch.com.br\/n\/uploads\/2021\/09\/suno-logo.png\",\"contentUrl\":\"https:\/\/files.sunoresearch.com.br\/n\/uploads\/2021\/09\/suno-logo.png\",\"width\":180,\"height\":180,\"caption\":\"Suno Not\u00edcias\"},\"image\":{\"@id\":\"https:\/\/www.suno.com.br\/noticias\/#\/schema\/logo\/image\/\"},\"sameAs\":[\"https:\/\/facebook.com\/sunoresearch\",\"https:\/\/x.com\/sunoresearch\",\"https:\/\/www.instagram.com\/suno\",\"https:\/\/www.linkedin.com\/company\/suno-research\/\",\"https:\/\/www.youtube.com\/c\/sunoresearch\"]},{\"@type\":\"Person\",\"@id\":\"https:\/\/www.suno.com.br\/noticias\/#\/schema\/person\/02ec1f752758247878a2bf4abee1aeda\",\"name\":\"Poliana Santos\",\"image\":{\"@type\":\"ImageObject\",\"inLanguage\":\"pt-BR\",\"@id\":\"https:\/\/www.suno.com.br\/noticias\/#\/schema\/person\/image\/\",\"url\":\"https:\/\/secure.gravatar.com\/avatar\/0645bd32f23d87b2130f2b2dff1d3f8d?s=96&r=g\",\"contentUrl\":\"https:\/\/secure.gravatar.com\/avatar\/0645bd32f23d87b2130f2b2dff1d3f8d?s=96&r=g\",\"caption\":\"Poliana Santos\"},\"description\":\"Rep\u00f3rter no Suno Not\u00edcias, com cobertura em mercado financeiro, economia, finan\u00e7as pessoais, renda fixa e varejo. Jornalista formada pela Faculdade C\u00e1sper L\u00edbero e possui passagem na R\u00e1dio Gazeta AM com a produ\u00e7\u00e3o de conte\u00fado sobre economia, pol\u00edtica, sa\u00fade, moda e m\u00fasica. Possui certificado de conclus\u00e3o do curso de An\u00e1lise de Balan\u00e7os pela Funda\u00e7\u00e3o Bradesco, Agenda Brasil pela FAAP, Educa\u00e7\u00e3o Pol\u00edtica por Alexandre Garcia e do Tesouro Direto e Mercado de A\u00e7\u00f5es pela B3.\",\"url\":\"https:\/\/www.suno.com.br\/noticias\/author\/poliana-santos\/\"}]}<\/script>\n<!-- \/ Yoast SEO plugin. -->","yoast_head_json":{"title":"Anac se posiciona contra venda de slots como ativos da Avianca","description":"Anac suspendeu o leil\u00e3o dos ativos da Avianca que aconteceriam nesta ter\u00e7a-feira (7). Clique aqui e saiba mais","robots":{"index":"index","follow":"follow","max-snippet":"max-snippet:-1","max-image-preview":"max-image-preview:large","max-video-preview":"max-video-preview:-1"},"canonical":"https:\/\/www.suno.com.br\/noticias\/avianca-leilao-anac\/","og_locale":"pt_BR","og_type":"article","og_title":"Anac se posiciona contra venda de slots como ativos da Avianca","og_description":"Anac suspendeu o leil\u00e3o dos ativos da Avianca que aconteceriam nesta ter\u00e7a-feira (7). Clique aqui e saiba mais","og_url":"https:\/\/www.suno.com.br\/noticias\/avianca-leilao-anac\/","og_site_name":"Suno Not\u00edcias","article_publisher":"https:\/\/facebook.com\/sunoresearch","og_image":[{"width":2828,"height":2121,"url":"https:\/\/files.sunoresearch.com.br\/n\/uploads\/2019\/02\/28473d91-avianca.jpg","type":"image\/jpeg"}],"author":"Poliana Santos","twitter_card":"summary_large_image","twitter_creator":"@sunoresearch","twitter_site":"@sunoresearch","twitter_misc":{"Escrito por":"Poliana Santos","Est. tempo de leitura":"5 minutos"},"schema":{"@context":"https:\/\/schema.org","@graph":[{"@type":"NewsArticle","@id":"https:\/\/www.suno.com.br\/noticias\/avianca-leilao-anac\/#article","isPartOf":{"@id":"https:\/\/www.suno.com.br\/noticias\/avianca-leilao-anac\/"},"author":{"name":"Poliana Santos","@id":"https:\/\/www.suno.com.br\/noticias\/#\/schema\/person\/02ec1f752758247878a2bf4abee1aeda"},"headline":"Anac se posiciona contra venda de slots como ativos da Avianca","datePublished":"2019-05-07T13:22:53+00:00","mainEntityOfPage":{"@id":"https:\/\/www.suno.com.br\/noticias\/avianca-leilao-anac\/"},"wordCount":1038,"publisher":{"@id":"https:\/\/www.suno.com.br\/noticias\/#organization"},"image":{"@id":"https:\/\/www.suno.com.br\/noticias\/avianca-leilao-anac\/#primaryimage"},"thumbnailUrl":"https:\/\/files.sunoresearch.com.br\/n\/uploads\/2019\/02\/28473d91-avianca-scaled.webp","keywords":["Anac","Avianca"],"articleSection":["Neg\u00f3cios"],"inLanguage":"pt-BR"},{"@type":"WebPage","@id":"https:\/\/www.suno.com.br\/noticias\/avianca-leilao-anac\/","url":"https:\/\/www.suno.com.br\/noticias\/avianca-leilao-anac\/","name":"Anac se posiciona contra venda de slots como ativos da Avianca","isPartOf":{"@id":"https:\/\/www.suno.com.br\/noticias\/#website"},"primaryImageOfPage":{"@id":"https:\/\/www.suno.com.br\/noticias\/avianca-leilao-anac\/#primaryimage"},"image":{"@id":"https:\/\/www.suno.com.br\/noticias\/avianca-leilao-anac\/#primaryimage"},"thumbnailUrl":"https:\/\/files.sunoresearch.com.br\/n\/uploads\/2019\/02\/28473d91-avianca-scaled.webp","datePublished":"2019-05-07T13:22:53+00:00","description":"Anac suspendeu o leil\u00e3o dos ativos da Avianca que aconteceriam nesta ter\u00e7a-feira (7). Clique aqui e saiba mais","breadcrumb":{"@id":"https:\/\/www.suno.com.br\/noticias\/avianca-leilao-anac\/#breadcrumb"},"inLanguage":"pt-BR","potentialAction":[{"@type":"ReadAction","target":["https:\/\/www.suno.com.br\/noticias\/avianca-leilao-anac\/"]}]},{"@type":"ImageObject","inLanguage":"pt-BR","@id":"https:\/\/www.suno.com.br\/noticias\/avianca-leilao-anac\/#primaryimage","url":"https:\/\/files.sunoresearch.com.br\/n\/uploads\/2019\/02\/28473d91-avianca-scaled.webp","contentUrl":"https:\/\/files.sunoresearch.com.br\/n\/uploads\/2019\/02\/28473d91-avianca-scaled.webp","width":2560,"height":1920,"caption":"STJ nega pedido que impede a redistribui\u00e7\u00e3o de slots da Avianca"},{"@type":"BreadcrumbList","@id":"https:\/\/www.suno.com.br\/noticias\/avianca-leilao-anac\/#breadcrumb","itemListElement":[{"@type":"ListItem","position":1,"name":"Not\u00edcias","item":"https:\/\/www.suno.com.br\/noticias\/"},{"@type":"ListItem","position":2,"name":"Neg\u00f3cios","item":"https:\/\/www.suno.com.br\/noticias\/negocios\/"},{"@type":"ListItem","position":3,"name":"Anac se posiciona contra venda de slots como ativos da Avianca"}]},{"@type":"WebSite","@id":"https:\/\/www.suno.com.br\/noticias\/#website","url":"https:\/\/www.suno.com.br\/noticias\/","name":"Suno Not\u00edcias","description":"Seu portal de informa\u00e7\u00e3o sobre o mundo dos investimentos","publisher":{"@id":"https:\/\/www.suno.com.br\/noticias\/#organization"},"potentialAction":[{"@type":"SearchAction","target":{"@type":"EntryPoint","urlTemplate":"https:\/\/www.suno.com.br\/noticias\/?s={search_term_string}"},"query-input":{"@type":"PropertyValueSpecification","valueRequired":true,"valueName":"search_term_string"}}],"inLanguage":"pt-BR"},{"@type":"Organization","@id":"https:\/\/www.suno.com.br\/noticias\/#organization","name":"Suno Not\u00edcias","url":"https:\/\/www.suno.com.br\/noticias\/","logo":{"@type":"ImageObject","inLanguage":"pt-BR","@id":"https:\/\/www.suno.com.br\/noticias\/#\/schema\/logo\/image\/","url":"https:\/\/files.sunoresearch.com.br\/n\/uploads\/2021\/09\/suno-logo.png","contentUrl":"https:\/\/files.sunoresearch.com.br\/n\/uploads\/2021\/09\/suno-logo.png","width":180,"height":180,"caption":"Suno Not\u00edcias"},"image":{"@id":"https:\/\/www.suno.com.br\/noticias\/#\/schema\/logo\/image\/"},"sameAs":["https:\/\/facebook.com\/sunoresearch","https:\/\/x.com\/sunoresearch","https:\/\/www.instagram.com\/suno","https:\/\/www.linkedin.com\/company\/suno-research\/","https:\/\/www.youtube.com\/c\/sunoresearch"]},{"@type":"Person","@id":"https:\/\/www.suno.com.br\/noticias\/#\/schema\/person\/02ec1f752758247878a2bf4abee1aeda","name":"Poliana Santos","image":{"@type":"ImageObject","inLanguage":"pt-BR","@id":"https:\/\/www.suno.com.br\/noticias\/#\/schema\/person\/image\/","url":"https:\/\/secure.gravatar.com\/avatar\/0645bd32f23d87b2130f2b2dff1d3f8d?s=96&r=g","contentUrl":"https:\/\/secure.gravatar.com\/avatar\/0645bd32f23d87b2130f2b2dff1d3f8d?s=96&r=g","caption":"Poliana Santos"},"description":"Rep\u00f3rter no Suno Not\u00edcias, com cobertura em mercado financeiro, economia, finan\u00e7as pessoais, renda fixa e varejo. Jornalista formada pela Faculdade C\u00e1sper L\u00edbero e possui passagem na R\u00e1dio Gazeta AM com a produ\u00e7\u00e3o de conte\u00fado sobre economia, pol\u00edtica, sa\u00fade, moda e m\u00fasica. Possui certificado de conclus\u00e3o do curso de An\u00e1lise de Balan\u00e7os pela Funda\u00e7\u00e3o Bradesco, Agenda Brasil pela FAAP, Educa\u00e7\u00e3o Pol\u00edtica por Alexandre Garcia e do Tesouro Direto e Mercado de A\u00e7\u00f5es pela B3.","url":"https:\/\/www.suno.com.br\/noticias\/author\/poliana-santos\/"}]}},"default_loop_html":"<div class=\"cardsPage__listCard__boxs\"><div class=\"cardsPage__listCard__boxs__img\"><a href=\"https:\/\/www.suno.com.br\/noticias\/avianca-leilao-anac\/\"><img class=\"mask\" src=\"https:\/\/www.suno.com.br\/noticias\/wp-content\/themes\/suno\/resources\/images\/spotlight\/spotlight1img\/bg-mask.png\" alt=\"Image Mask\"\/><img src=\"https:\/\/files.sunoresearch.com.br\/n\/uploads\/2019\/02\/28473d91-avianca-400x200.webp\" alt=\"Anac se posiciona contra venda de slots como ativos da Avianca\"\/><\/a><span class=\"spotlightCategory\"><a href=\"https:\/\/www.suno.com.br\/noticias\/negocios\/\">Neg\u00f3cios<\/a><\/span><\/div><div class=\"cardsPage__listCard__boxs__content\"><a href=\"https:\/\/www.suno.com.br\/noticias\/avianca-leilao-anac\/\"><h2 class=\"content__title\">Anac se posiciona contra venda de slots como ativos da Avianca<\/h2><\/a><div class=\"newsContent__article__meta\"><div class=\"newsContent__article__meta__authorBox\"><a href=\"https:\/\/www.suno.com.br\/noticias\/author\/poliana-santos\/\" class=\"authorBox__avatar noMobi\"><img src=\"https:\/\/files.sunoresearch.com.br\/n\/uploads\/2020\/08\/7ef34026-whatsapp-image-2020-08-03-at-12.37.57-150x150.webp\" alt=\"Poliana Santos\"><\/a><div class=\"authorBox__name\"><span>por\n\t\t\t<a href=\"https:\/\/www.suno.com.br\/noticias\/author\/poliana-santos\/\"><span itemprop=\"author\">Poliana Santos<\/span><\/a><\/span><time datetime=\"2019-05-07T10:22:53-03:00\" itemprop=\"datePublished\">07\/05\/2019 10:22<\/time><\/div><\/div><\/div><\/div><\/div>","single_layout":"posts","amp_enabled":true,"_links":{"self":[{"href":"https:\/\/www.suno.com.br\/noticias\/wp-json\/wp\/v2\/posts\/23506"}],"collection":[{"href":"https:\/\/www.suno.com.br\/noticias\/wp-json\/wp\/v2\/posts"}],"about":[{"href":"https:\/\/www.suno.com.br\/noticias\/wp-json\/wp\/v2\/types\/post"}],"author":[{"embeddable":true,"href":"https:\/\/www.suno.com.br\/noticias\/wp-json\/wp\/v2\/users\/15"}],"replies":[{"embeddable":true,"href":"https:\/\/www.suno.com.br\/noticias\/wp-json\/wp\/v2\/comments?post=23506"}],"version-history":[{"count":0,"href":"https:\/\/www.suno.com.br\/noticias\/wp-json\/wp\/v2\/posts\/23506\/revisions"}],"wp:featuredmedia":[{"embeddable":true,"href":"https:\/\/www.suno.com.br\/noticias\/wp-json\/wp\/v2\/media\/16052"}],"wp:attachment":[{"href":"https:\/\/www.suno.com.br\/noticias\/wp-json\/wp\/v2\/media?parent=23506"}],"wp:term":[{"taxonomy":"category","embeddable":true,"href":"https:\/\/www.suno.com.br\/noticias\/wp-json\/wp\/v2\/categories?post=23506"},{"taxonomy":"post_tag","embeddable":true,"href":"https:\/\/www.suno.com.br\/noticias\/wp-json\/wp\/v2\/tags?post=23506"},{"taxonomy":"suno_strategy","embeddable":true,"href":"https:\/\/www.suno.com.br\/noticias\/wp-json\/wp\/v2\/suno_strategy?post=23506"}],"curies":[{"name":"wp","href":"https:\/\/api.w.org\/{rel}","templated":true}]}}