{"id":23501,"date":"2019-05-07T07:58:44","date_gmt":"2019-05-07T10:58:44","guid":{"rendered":"https:\/\/www.suno.com.br\/noticias\/?p=23501"},"modified":"2021-06-13T23:42:35","modified_gmt":"2021-06-14T02:42:35","slug":"preco-imoveis-queda","status":"publish","type":"post","link":"https:\/\/www.suno.com.br\/noticias\/preco-imoveis-queda\/","title":{"rendered":"Pre\u00e7o m\u00e9dio de im\u00f3veis tem queda de 1,7% entre janeiro e abril"},"content":{"rendered":"<p>O pre\u00e7o m\u00e9dio dos im\u00f3veis registraram uma queda de 1,7% durante o primeiro quadrimestre deste ano, segundo a pesquisa &#8220;FipeZap&#8221; divulgada nesta ter\u00e7a-feira (7). O valor encontrado leva em conta uma alta de 0,38% nos pre\u00e7os. No entanto, essa varia\u00e7\u00e3o \u00e9 menor que a infla\u00e7\u00e3o de 2,12% estimada para o per\u00edodo.<\/p>\t<div class=\"wrapper-featured-image\">\n\t\t<figure class=\"spotlightImg\">\n\n\t\t\t<picture>\n\t\t\t\t<source media=\"(max-width: 768px)\" srcset=\"https:\/\/files.sunoresearch.com.br\/n\/uploads\/2018\/12\/f92ccf99-im\u00f3veis-400x200.webp\">\n\t\t\t\t<img loading=\"lazy\" decoding=\"async\" class=\"newsContent__article__imgCapa lazyloadDisabled newsContent__article__imgCapa--noCaption\" src=\"https:\/\/files.sunoresearch.com.br\/n\/uploads\/2018\/12\/f92ccf99-im\u00f3veis-800x450.webp\" width=\"800\" height=\"450\" alt=\"Pre\u00e7o m\u00e9dio de im\u00f3veis tem queda de 1,7% entre janeiro e abril\" fetchpriority=high \/>\n\t\t\t<\/picture>\n\n\t\t\t<figcaption class=\"wp-caption-text wp-caption-text--hide\">A B3 informou que as opera\u00e7\u00f5es de empr\u00e9stimos de cotas de FIIs e FIPs estar\u00e3o dispon\u00edveis j\u00e1 na pr\u00f3xima segunda-feira (30).<\/figcaption>\n\t\t<\/figure>\n\t<\/div>\n\n\n<p>Para que a pesquisa seja feita, s\u00e3o levados em conta os <strong>pre\u00e7os<\/strong> de an\u00fancios de <strong>im\u00f3veis<\/strong> em 50 cidades do Brasil. Entre as capitais, quatro tiveram aumento acima da <strong>infla\u00e7\u00e3o<\/strong> entre janeiro e abril deste ano. S\u00e3o elas:<\/p>\n<ul>\n<li>Bras\u00edlia: alta de +3,72%<\/li>\n<li>Manaus: alta de 3,7%<\/li>\n<li>Goi\u00e2nia: alta de 2,73%<\/li>\n<li>Florian\u00f3polis: alta de +2,66%<\/li>\n<\/ul>\n\t<p>\n\t\t<a href=\"https:\/\/lp.suno.com.br\/ebook-gratuito-investindo-no-exterior\/\" target=\"_blank\" data-element=\"shortcode-suno-banner\" title=\"Banner SUNO, clique e saiba mais\">\n\t\t\t<picture>\n\t\t\t\t<source media=\"(max-width: 500px)\" srcset=\"https:\/\/files.sunoresearch.com.br\/n\/uploads\/2023\/03\/400x300-Investindo-no-exterior.png\">\n\t\t\t\t<img class=\"newsContent__article__imgCapa newsContent__article__imgCapa--banner\"\n\t\t\t\t\tsrc=\"https:\/\/files.sunoresearch.com.br\/n\/uploads\/2023\/03\/1420x240-Investindo-no-exterior.png\"\n\t\t\t\t\tdata-promo-id=\"383161\"\t\t\t\t\t\t\t\t\t\twidth='1420' height='240'\t\t\t\t\talt=\"https:\/\/files.sunoresearch.com.br\/n\/uploads\/2023\/03\/1420x240-Investindo-no-exterior.png\"\n\t\t\t\t>\n\t\t\t<\/picture>\n\t\t<\/a>\n\t<\/p>\n\n\n<p>Al\u00e9m disso, as maiores quedas registradas foram:<\/p>\n<ul>\n<li>Jo\u00e3o Pessoa: queda de -5,91%<\/li>\n<li>Curitiba: queda de -2,62%<\/li>\n<li>Campo Grande: queda de -,27%<\/li>\n<li>Recife: queda de -1<\/li>\n<\/ul>\n<p>Essas varia\u00e7\u00f5es n\u00e3o consideram a infla\u00e7\u00e3o.<\/p>\n<p>Entre as cidades com maior pre\u00e7o por metro quadrado, Rio de Janeiro segue sendo a com pre\u00e7o mais elevado, sendo R$ 9.476. Em seguida vem S\u00e3o Paulo com R$ 8.899.<\/p>\n<p>No acumulado dos \u00faltimos 12 meses, o pre\u00e7o m\u00e9dio dos im\u00f3veis subiu 0,26%, abaixo da infla\u00e7\u00e3o esperada para o per\u00edodo, que \u00e9 de 4,97%, Entre mar\u00e7o e abril, a alta foi de 0,14%, contra uma infla\u00e7\u00e3o de 0,6%.<\/p>\n<h2>Dados de mar\u00e7o<\/h2>\n<p>Os pre\u00e7os de venda e de aluguel de im\u00f3veis comerciais, no conjunto das dez cidades pesquisadas pelo &#8220;FipeZap&#8221;, registraram queda durante os \u00faltimos 12 meses, com fim em mar\u00e7o.<\/p>\n<p><a href=\"https:\/\/www.suno.com.br\/noticias\/venda-aluguel-imoveis-queda\/\">Saiba mais:\u00a0Venda e aluguel de im\u00f3veis t\u00eam queda durante os \u00faltimos 12 meses<\/a><\/p>\n<p>No per\u00edodo entre abril de 2018 e mar\u00e7o deste ano, o pre\u00e7o m\u00e9dio da venda de <strong>im\u00f3veis<\/strong> caiu -3,47%. Enquanto isso, os alugu\u00e9is novos recuaram -2,06%. J\u00e1 a <strong>infla\u00e7\u00e3o<\/strong>, medida pelo \u00cdndice Nacional de Pre\u00e7os ao Consumidor Amplo <strong>(IPCA)<\/strong>, ficou em 3,89%.<\/p>\n<p>A \u00fanica cidade que apresentou alta no valor de venda de <strong>im\u00f3veis<\/strong>, durante os \u00faltimos 12 meses, foi Campinas, com alta de +0,68%. Em contrapartida, as maiores quedas ficaram com Niter\u00f3i (-9,02%), Florian\u00f3polis (-6,27%) e Rio de Janeiro (-5,66%).<\/p>\n","protected":false},"excerpt":{"rendered":"<p>O pre\u00e7o m\u00e9dio dos im\u00f3veis registraram uma queda de 1,7% durante o primeiro quadrimestre deste ano, segundo a pesquisa &#8220;FipeZap&#8221; divulgada nesta ter\u00e7a-feira (7). O valor encontrado leva em conta uma alta de 0,38% nos pre\u00e7os. No entanto, essa varia\u00e7\u00e3o \u00e9 menor que a infla\u00e7\u00e3o de 2,12% estimada para o per\u00edodo. A B3 informou que [&hellip;]<\/p>\n","protected":false},"author":11,"featured_media":7875,"comment_status":"closed","ping_status":"closed","sticky":false,"template":"","format":"standard","meta":[],"categories":[66],"tags":[1904],"suno_strategy":[],"class_list":["post-23501","post","type-post","status-publish","format-standard","has-post-thumbnail","hentry","category-fiis","tag-mercado-imobiliario"],"yoast_head":"<!-- This site is optimized with the Yoast SEO plugin v24.4 - https:\/\/yoast.com\/wordpress\/plugins\/seo\/ -->\n<title>Pre\u00e7o m\u00e9dio de im\u00f3veis tem queda de 1,7% entre janeiro e abril<\/title>\n<meta name=\"description\" content=\"A Fipezap divulgada nesta ter\u00e7a (7) ainda indica que apenas 4 estados registraram alta acima da infla\u00e7\u00e3o no valor dos im\u00f3veis. Clique e saiba mais.\" \/>\n<meta name=\"robots\" content=\"index, follow, max-snippet:-1, max-image-preview:large, max-video-preview:-1\" \/>\n<link rel=\"canonical\" href=\"https:\/\/www.suno.com.br\/noticias\/preco-imoveis-queda\/\" \/>\n<meta property=\"og:locale\" content=\"pt_BR\" \/>\n<meta property=\"og:type\" content=\"article\" \/>\n<meta property=\"og:title\" content=\"Pre\u00e7o m\u00e9dio de im\u00f3veis tem queda de 1,7% entre janeiro e abril\" \/>\n<meta property=\"og:description\" content=\"A Fipezap divulgada nesta ter\u00e7a (7) ainda indica que apenas 4 estados registraram alta acima da infla\u00e7\u00e3o no valor dos im\u00f3veis. Clique e saiba mais.\" \/>\n<meta property=\"og:url\" content=\"https:\/\/www.suno.com.br\/noticias\/preco-imoveis-queda\/\" \/>\n<meta property=\"og:site_name\" content=\"Suno Not\u00edcias\" \/>\n<meta property=\"article:publisher\" content=\"https:\/\/facebook.com\/sunoresearch\" \/>\n<meta property=\"og:image\" content=\"https:\/\/files.sunoresearch.com.br\/n\/uploads\/2018\/12\/f92ccf99-im\u00f3veis.jpg\" \/>\n\t<meta property=\"og:image:width\" content=\"850\" \/>\n\t<meta property=\"og:image:height\" content=\"546\" \/>\n\t<meta property=\"og:image:type\" content=\"image\/jpeg\" \/>\n<meta name=\"author\" content=\"Renan Bandeira\" \/>\n<meta name=\"twitter:card\" content=\"summary_large_image\" \/>\n<meta name=\"twitter:creator\" content=\"@sunoresearch\" \/>\n<meta name=\"twitter:site\" content=\"@sunoresearch\" \/>\n<meta name=\"twitter:label1\" content=\"Escrito por\" \/>\n\t<meta name=\"twitter:data1\" content=\"Renan Bandeira\" \/>\n\t<meta name=\"twitter:label2\" content=\"Est. tempo de leitura\" \/>\n\t<meta name=\"twitter:data2\" content=\"2 minutos\" \/>\n<script type=\"application\/ld+json\" class=\"yoast-schema-graph\">{\"@context\":\"https:\/\/schema.org\",\"@graph\":[{\"@type\":\"NewsArticle\",\"@id\":\"https:\/\/www.suno.com.br\/noticias\/preco-imoveis-queda\/#article\",\"isPartOf\":{\"@id\":\"https:\/\/www.suno.com.br\/noticias\/preco-imoveis-queda\/\"},\"author\":{\"name\":\"Renan Bandeira\",\"@id\":\"https:\/\/www.suno.com.br\/noticias\/#\/schema\/person\/fc144a1c6108bd1dcd43784e88a3c138\"},\"headline\":\"Pre\u00e7o m\u00e9dio de im\u00f3veis tem queda de 1,7% entre janeiro e abril\",\"datePublished\":\"2019-05-07T10:58:44+00:00\",\"dateModified\":\"2021-06-14T02:42:35+00:00\",\"mainEntityOfPage\":{\"@id\":\"https:\/\/www.suno.com.br\/noticias\/preco-imoveis-queda\/\"},\"wordCount\":373,\"publisher\":{\"@id\":\"https:\/\/www.suno.com.br\/noticias\/#organization\"},\"image\":{\"@id\":\"https:\/\/www.suno.com.br\/noticias\/preco-imoveis-queda\/#primaryimage\"},\"thumbnailUrl\":\"https:\/\/files.sunoresearch.com.br\/n\/uploads\/2018\/12\/f92ccf99-im\u00f3veis-jpg.webp\",\"keywords\":[\"mercado imobili\u00e1rio\"],\"articleSection\":[\"FIIs\"],\"inLanguage\":\"pt-BR\"},{\"@type\":\"WebPage\",\"@id\":\"https:\/\/www.suno.com.br\/noticias\/preco-imoveis-queda\/\",\"url\":\"https:\/\/www.suno.com.br\/noticias\/preco-imoveis-queda\/\",\"name\":\"Pre\u00e7o m\u00e9dio de im\u00f3veis tem queda de 1,7% entre janeiro e abril\",\"isPartOf\":{\"@id\":\"https:\/\/www.suno.com.br\/noticias\/#website\"},\"primaryImageOfPage\":{\"@id\":\"https:\/\/www.suno.com.br\/noticias\/preco-imoveis-queda\/#primaryimage\"},\"image\":{\"@id\":\"https:\/\/www.suno.com.br\/noticias\/preco-imoveis-queda\/#primaryimage\"},\"thumbnailUrl\":\"https:\/\/files.sunoresearch.com.br\/n\/uploads\/2018\/12\/f92ccf99-im\u00f3veis-jpg.webp\",\"datePublished\":\"2019-05-07T10:58:44+00:00\",\"dateModified\":\"2021-06-14T02:42:35+00:00\",\"description\":\"A Fipezap divulgada nesta ter\u00e7a (7) ainda indica que apenas 4 estados registraram alta acima da infla\u00e7\u00e3o no valor dos im\u00f3veis. Clique e saiba mais.\",\"breadcrumb\":{\"@id\":\"https:\/\/www.suno.com.br\/noticias\/preco-imoveis-queda\/#breadcrumb\"},\"inLanguage\":\"pt-BR\",\"potentialAction\":[{\"@type\":\"ReadAction\",\"target\":[\"https:\/\/www.suno.com.br\/noticias\/preco-imoveis-queda\/\"]}]},{\"@type\":\"ImageObject\",\"inLanguage\":\"pt-BR\",\"@id\":\"https:\/\/www.suno.com.br\/noticias\/preco-imoveis-queda\/#primaryimage\",\"url\":\"https:\/\/files.sunoresearch.com.br\/n\/uploads\/2018\/12\/f92ccf99-im\u00f3veis-jpg.webp\",\"contentUrl\":\"https:\/\/files.sunoresearch.com.br\/n\/uploads\/2018\/12\/f92ccf99-im\u00f3veis-jpg.webp\",\"width\":850,\"height\":546,\"caption\":\"A B3 informou que as opera\u00e7\u00f5es de empr\u00e9stimos de cotas de FIIs e FIPs estar\u00e3o dispon\u00edveis j\u00e1 na pr\u00f3xima segunda-feira (30).\"},{\"@type\":\"BreadcrumbList\",\"@id\":\"https:\/\/www.suno.com.br\/noticias\/preco-imoveis-queda\/#breadcrumb\",\"itemListElement\":[{\"@type\":\"ListItem\",\"position\":1,\"name\":\"Not\u00edcias\",\"item\":\"https:\/\/www.suno.com.br\/noticias\/\"},{\"@type\":\"ListItem\",\"position\":2,\"name\":\"FIIs\",\"item\":\"https:\/\/www.suno.com.br\/noticias\/fiis\/\"},{\"@type\":\"ListItem\",\"position\":3,\"name\":\"Pre\u00e7o m\u00e9dio de im\u00f3veis tem queda de 1,7% entre janeiro e abril\"}]},{\"@type\":\"WebSite\",\"@id\":\"https:\/\/www.suno.com.br\/noticias\/#website\",\"url\":\"https:\/\/www.suno.com.br\/noticias\/\",\"name\":\"Suno Not\u00edcias\",\"description\":\"Seu portal de informa\u00e7\u00e3o sobre o mundo dos investimentos\",\"publisher\":{\"@id\":\"https:\/\/www.suno.com.br\/noticias\/#organization\"},\"potentialAction\":[{\"@type\":\"SearchAction\",\"target\":{\"@type\":\"EntryPoint\",\"urlTemplate\":\"https:\/\/www.suno.com.br\/noticias\/?s={search_term_string}\"},\"query-input\":{\"@type\":\"PropertyValueSpecification\",\"valueRequired\":true,\"valueName\":\"search_term_string\"}}],\"inLanguage\":\"pt-BR\"},{\"@type\":\"Organization\",\"@id\":\"https:\/\/www.suno.com.br\/noticias\/#organization\",\"name\":\"Suno Not\u00edcias\",\"url\":\"https:\/\/www.suno.com.br\/noticias\/\",\"logo\":{\"@type\":\"ImageObject\",\"inLanguage\":\"pt-BR\",\"@id\":\"https:\/\/www.suno.com.br\/noticias\/#\/schema\/logo\/image\/\",\"url\":\"https:\/\/files.sunoresearch.com.br\/n\/uploads\/2021\/09\/suno-logo.png\",\"contentUrl\":\"https:\/\/files.sunoresearch.com.br\/n\/uploads\/2021\/09\/suno-logo.png\",\"width\":180,\"height\":180,\"caption\":\"Suno Not\u00edcias\"},\"image\":{\"@id\":\"https:\/\/www.suno.com.br\/noticias\/#\/schema\/logo\/image\/\"},\"sameAs\":[\"https:\/\/facebook.com\/sunoresearch\",\"https:\/\/x.com\/sunoresearch\",\"https:\/\/www.instagram.com\/suno\",\"https:\/\/www.linkedin.com\/company\/suno-research\/\",\"https:\/\/www.youtube.com\/c\/sunoresearch\"]},{\"@type\":\"Person\",\"@id\":\"https:\/\/www.suno.com.br\/noticias\/#\/schema\/person\/fc144a1c6108bd1dcd43784e88a3c138\",\"name\":\"Renan Bandeira\",\"image\":{\"@type\":\"ImageObject\",\"inLanguage\":\"pt-BR\",\"@id\":\"https:\/\/www.suno.com.br\/noticias\/#\/schema\/person\/image\/\",\"url\":\"https:\/\/secure.gravatar.com\/avatar\/68359cdb608f14f11bbefcb78f3fc747?s=96&r=g\",\"contentUrl\":\"https:\/\/secure.gravatar.com\/avatar\/68359cdb608f14f11bbefcb78f3fc747?s=96&r=g\",\"caption\":\"Renan Bandeira\"},\"description\":\"Renan Bandeira escreve sobre pol\u00edtica e economia para o portal da Suno Research. Antes da Suno, trabalhou em uma rede de televis\u00e3o, onde fazia reportagens sobre os mesmos temas. Estuda na Universidade Metodista de S\u00e3o Paulo.\",\"url\":\"https:\/\/www.suno.com.br\/noticias\/author\/renan-bandeira\/\"}]}<\/script>\n<!-- \/ Yoast SEO plugin. -->","yoast_head_json":{"title":"Pre\u00e7o m\u00e9dio de im\u00f3veis tem queda de 1,7% entre janeiro e abril","description":"A Fipezap divulgada nesta ter\u00e7a (7) ainda indica que apenas 4 estados registraram alta acima da infla\u00e7\u00e3o no valor dos im\u00f3veis. Clique e saiba mais.","robots":{"index":"index","follow":"follow","max-snippet":"max-snippet:-1","max-image-preview":"max-image-preview:large","max-video-preview":"max-video-preview:-1"},"canonical":"https:\/\/www.suno.com.br\/noticias\/preco-imoveis-queda\/","og_locale":"pt_BR","og_type":"article","og_title":"Pre\u00e7o m\u00e9dio de im\u00f3veis tem queda de 1,7% entre janeiro e abril","og_description":"A Fipezap divulgada nesta ter\u00e7a (7) ainda indica que apenas 4 estados registraram alta acima da infla\u00e7\u00e3o no valor dos im\u00f3veis. Clique e saiba mais.","og_url":"https:\/\/www.suno.com.br\/noticias\/preco-imoveis-queda\/","og_site_name":"Suno Not\u00edcias","article_publisher":"https:\/\/facebook.com\/sunoresearch","og_image":[{"width":850,"height":546,"url":"https:\/\/files.sunoresearch.com.br\/n\/uploads\/2018\/12\/f92ccf99-im\u00f3veis.jpg","type":"image\/jpeg"}],"author":"Renan Bandeira","twitter_card":"summary_large_image","twitter_creator":"@sunoresearch","twitter_site":"@sunoresearch","twitter_misc":{"Escrito por":"Renan Bandeira","Est. tempo de leitura":"2 minutos"},"schema":{"@context":"https:\/\/schema.org","@graph":[{"@type":"NewsArticle","@id":"https:\/\/www.suno.com.br\/noticias\/preco-imoveis-queda\/#article","isPartOf":{"@id":"https:\/\/www.suno.com.br\/noticias\/preco-imoveis-queda\/"},"author":{"name":"Renan Bandeira","@id":"https:\/\/www.suno.com.br\/noticias\/#\/schema\/person\/fc144a1c6108bd1dcd43784e88a3c138"},"headline":"Pre\u00e7o m\u00e9dio de im\u00f3veis tem queda de 1,7% entre janeiro e abril","datePublished":"2019-05-07T10:58:44+00:00","dateModified":"2021-06-14T02:42:35+00:00","mainEntityOfPage":{"@id":"https:\/\/www.suno.com.br\/noticias\/preco-imoveis-queda\/"},"wordCount":373,"publisher":{"@id":"https:\/\/www.suno.com.br\/noticias\/#organization"},"image":{"@id":"https:\/\/www.suno.com.br\/noticias\/preco-imoveis-queda\/#primaryimage"},"thumbnailUrl":"https:\/\/files.sunoresearch.com.br\/n\/uploads\/2018\/12\/f92ccf99-im\u00f3veis-jpg.webp","keywords":["mercado imobili\u00e1rio"],"articleSection":["FIIs"],"inLanguage":"pt-BR"},{"@type":"WebPage","@id":"https:\/\/www.suno.com.br\/noticias\/preco-imoveis-queda\/","url":"https:\/\/www.suno.com.br\/noticias\/preco-imoveis-queda\/","name":"Pre\u00e7o m\u00e9dio de im\u00f3veis tem queda de 1,7% entre janeiro e abril","isPartOf":{"@id":"https:\/\/www.suno.com.br\/noticias\/#website"},"primaryImageOfPage":{"@id":"https:\/\/www.suno.com.br\/noticias\/preco-imoveis-queda\/#primaryimage"},"image":{"@id":"https:\/\/www.suno.com.br\/noticias\/preco-imoveis-queda\/#primaryimage"},"thumbnailUrl":"https:\/\/files.sunoresearch.com.br\/n\/uploads\/2018\/12\/f92ccf99-im\u00f3veis-jpg.webp","datePublished":"2019-05-07T10:58:44+00:00","dateModified":"2021-06-14T02:42:35+00:00","description":"A Fipezap divulgada nesta ter\u00e7a (7) ainda indica que apenas 4 estados registraram alta acima da infla\u00e7\u00e3o no valor dos im\u00f3veis. Clique e saiba mais.","breadcrumb":{"@id":"https:\/\/www.suno.com.br\/noticias\/preco-imoveis-queda\/#breadcrumb"},"inLanguage":"pt-BR","potentialAction":[{"@type":"ReadAction","target":["https:\/\/www.suno.com.br\/noticias\/preco-imoveis-queda\/"]}]},{"@type":"ImageObject","inLanguage":"pt-BR","@id":"https:\/\/www.suno.com.br\/noticias\/preco-imoveis-queda\/#primaryimage","url":"https:\/\/files.sunoresearch.com.br\/n\/uploads\/2018\/12\/f92ccf99-im\u00f3veis-jpg.webp","contentUrl":"https:\/\/files.sunoresearch.com.br\/n\/uploads\/2018\/12\/f92ccf99-im\u00f3veis-jpg.webp","width":850,"height":546,"caption":"A B3 informou que as opera\u00e7\u00f5es de empr\u00e9stimos de cotas de FIIs e FIPs estar\u00e3o dispon\u00edveis j\u00e1 na pr\u00f3xima segunda-feira (30)."},{"@type":"BreadcrumbList","@id":"https:\/\/www.suno.com.br\/noticias\/preco-imoveis-queda\/#breadcrumb","itemListElement":[{"@type":"ListItem","position":1,"name":"Not\u00edcias","item":"https:\/\/www.suno.com.br\/noticias\/"},{"@type":"ListItem","position":2,"name":"FIIs","item":"https:\/\/www.suno.com.br\/noticias\/fiis\/"},{"@type":"ListItem","position":3,"name":"Pre\u00e7o m\u00e9dio de im\u00f3veis tem queda de 1,7% entre janeiro e abril"}]},{"@type":"WebSite","@id":"https:\/\/www.suno.com.br\/noticias\/#website","url":"https:\/\/www.suno.com.br\/noticias\/","name":"Suno Not\u00edcias","description":"Seu portal de informa\u00e7\u00e3o sobre o mundo dos investimentos","publisher":{"@id":"https:\/\/www.suno.com.br\/noticias\/#organization"},"potentialAction":[{"@type":"SearchAction","target":{"@type":"EntryPoint","urlTemplate":"https:\/\/www.suno.com.br\/noticias\/?s={search_term_string}"},"query-input":{"@type":"PropertyValueSpecification","valueRequired":true,"valueName":"search_term_string"}}],"inLanguage":"pt-BR"},{"@type":"Organization","@id":"https:\/\/www.suno.com.br\/noticias\/#organization","name":"Suno Not\u00edcias","url":"https:\/\/www.suno.com.br\/noticias\/","logo":{"@type":"ImageObject","inLanguage":"pt-BR","@id":"https:\/\/www.suno.com.br\/noticias\/#\/schema\/logo\/image\/","url":"https:\/\/files.sunoresearch.com.br\/n\/uploads\/2021\/09\/suno-logo.png","contentUrl":"https:\/\/files.sunoresearch.com.br\/n\/uploads\/2021\/09\/suno-logo.png","width":180,"height":180,"caption":"Suno Not\u00edcias"},"image":{"@id":"https:\/\/www.suno.com.br\/noticias\/#\/schema\/logo\/image\/"},"sameAs":["https:\/\/facebook.com\/sunoresearch","https:\/\/x.com\/sunoresearch","https:\/\/www.instagram.com\/suno","https:\/\/www.linkedin.com\/company\/suno-research\/","https:\/\/www.youtube.com\/c\/sunoresearch"]},{"@type":"Person","@id":"https:\/\/www.suno.com.br\/noticias\/#\/schema\/person\/fc144a1c6108bd1dcd43784e88a3c138","name":"Renan Bandeira","image":{"@type":"ImageObject","inLanguage":"pt-BR","@id":"https:\/\/www.suno.com.br\/noticias\/#\/schema\/person\/image\/","url":"https:\/\/secure.gravatar.com\/avatar\/68359cdb608f14f11bbefcb78f3fc747?s=96&r=g","contentUrl":"https:\/\/secure.gravatar.com\/avatar\/68359cdb608f14f11bbefcb78f3fc747?s=96&r=g","caption":"Renan Bandeira"},"description":"Renan Bandeira escreve sobre pol\u00edtica e economia para o portal da Suno Research. Antes da Suno, trabalhou em uma rede de televis\u00e3o, onde fazia reportagens sobre os mesmos temas. Estuda na Universidade Metodista de S\u00e3o Paulo.","url":"https:\/\/www.suno.com.br\/noticias\/author\/renan-bandeira\/"}]}},"default_loop_html":"<div class=\"cardsPage__listCard__boxs\"><div class=\"cardsPage__listCard__boxs__img\"><a href=\"https:\/\/www.suno.com.br\/noticias\/preco-imoveis-queda\/\"><img class=\"mask\" src=\"https:\/\/www.suno.com.br\/noticias\/wp-content\/themes\/suno\/resources\/images\/spotlight\/spotlight1img\/bg-mask.png\" alt=\"Image Mask\"\/><img src=\"https:\/\/files.sunoresearch.com.br\/n\/uploads\/2018\/12\/f92ccf99-im\u00f3veis-400x200.webp\" alt=\"Pre\u00e7o m\u00e9dio de im\u00f3veis tem queda de 1,7% entre janeiro e abril\"\/><\/a><span class=\"spotlightCategory\"><a href=\"https:\/\/www.suno.com.br\/noticias\/fiis\/\">FIIs<\/a><\/span><\/div><div class=\"cardsPage__listCard__boxs__content\"><a href=\"https:\/\/www.suno.com.br\/noticias\/preco-imoveis-queda\/\"><h2 class=\"content__title\">Pre\u00e7o m\u00e9dio de im\u00f3veis tem queda de 1,7% entre janeiro e abril<\/h2><\/a><div class=\"newsContent__article__meta\"><div class=\"newsContent__article__meta__authorBox\"><a href=\"https:\/\/www.suno.com.br\/noticias\/author\/renan-bandeira\/\" class=\"authorBox__avatar noMobi\"><img src=\"https:\/\/secure.gravatar.com\/avatar\/68359cdb608f14f11bbefcb78f3fc747?s=96&#038;r=g\" alt=\"Renan Bandeira\"><\/a><div class=\"authorBox__name\"><span>por\n\t\t\t<a href=\"https:\/\/www.suno.com.br\/noticias\/author\/renan-bandeira\/\"><span itemprop=\"author\">Renan Bandeira<\/span><\/a><\/span><time datetime=\"2019-05-07T07:58:44-03:00\" itemprop=\"datePublished\">07\/05\/2019 07:58<\/time><\/div><\/div><\/div><\/div><\/div>","single_layout":"posts","amp_enabled":true,"_links":{"self":[{"href":"https:\/\/www.suno.com.br\/noticias\/wp-json\/wp\/v2\/posts\/23501"}],"collection":[{"href":"https:\/\/www.suno.com.br\/noticias\/wp-json\/wp\/v2\/posts"}],"about":[{"href":"https:\/\/www.suno.com.br\/noticias\/wp-json\/wp\/v2\/types\/post"}],"author":[{"embeddable":true,"href":"https:\/\/www.suno.com.br\/noticias\/wp-json\/wp\/v2\/users\/11"}],"replies":[{"embeddable":true,"href":"https:\/\/www.suno.com.br\/noticias\/wp-json\/wp\/v2\/comments?post=23501"}],"version-history":[{"count":1,"href":"https:\/\/www.suno.com.br\/noticias\/wp-json\/wp\/v2\/posts\/23501\/revisions"}],"predecessor-version":[{"id":157212,"href":"https:\/\/www.suno.com.br\/noticias\/wp-json\/wp\/v2\/posts\/23501\/revisions\/157212"}],"wp:featuredmedia":[{"embeddable":true,"href":"https:\/\/www.suno.com.br\/noticias\/wp-json\/wp\/v2\/media\/7875"}],"wp:attachment":[{"href":"https:\/\/www.suno.com.br\/noticias\/wp-json\/wp\/v2\/media?parent=23501"}],"wp:term":[{"taxonomy":"category","embeddable":true,"href":"https:\/\/www.suno.com.br\/noticias\/wp-json\/wp\/v2\/categories?post=23501"},{"taxonomy":"post_tag","embeddable":true,"href":"https:\/\/www.suno.com.br\/noticias\/wp-json\/wp\/v2\/tags?post=23501"},{"taxonomy":"suno_strategy","embeddable":true,"href":"https:\/\/www.suno.com.br\/noticias\/wp-json\/wp\/v2\/suno_strategy?post=23501"}],"curies":[{"name":"wp","href":"https:\/\/api.w.org\/{rel}","templated":true}]}}