{"id":23499,"date":"2019-05-06T20:50:19","date_gmt":"2019-05-06T23:50:19","guid":{"rendered":"https:\/\/www.suno.com.br\/noticias\/?p=23499"},"modified":"2019-05-06T20:50:19","modified_gmt":"2019-05-06T23:50:19","slug":"ibge-diretor-exonerados","status":"publish","type":"post","link":"https:\/\/www.suno.com.br\/noticias\/ibge-diretor-exonerados\/","title":{"rendered":"IBGE: Diretor de pesquisa e diretor de inform\u00e1tica s\u00e3o exonerados"},"content":{"rendered":"<p>O Instituto Brasileiro de Geografia e Estat\u00edstica (IBGE) confirmou nesta segunda-feira (06) a exonera\u00e7\u00e3o dos diretores de Pesquisas, Cl\u00e1udio Dutra Crespo, e de Inform\u00e1tica, Jos\u00e9 Santana Bevil\u00e1qua.<\/p>\t<div class=\"wrapper-featured-image\">\n\t\t<figure class=\"spotlightImg\">\n\n\t\t\t<picture>\n\t\t\t\t<source media=\"(max-width: 768px)\" srcset=\"https:\/\/files.sunoresearch.com.br\/n\/uploads\/2019\/02\/640a6f05-ibge-400x200.webp\">\n\t\t\t\t<img loading=\"lazy\" decoding=\"async\" class=\"newsContent__article__imgCapa lazyloadDisabled newsContent__article__imgCapa--noCaption\" src=\"https:\/\/files.sunoresearch.com.br\/n\/uploads\/2019\/02\/640a6f05-ibge-jpeg.webp\" width=\"800\" height=\"450\" alt=\"IBGE: Diretor de pesquisa e diretor de inform\u00e1tica s\u00e3o exonerados\" fetchpriority=high \/>\n\t\t\t<\/picture>\n\n\t\t\t<figcaption class=\"wp-caption-text wp-caption-text--hide\">IBGE suspende coleta domiciliar da PNAD Cont\u00ednua devido ao coronav\u00edrus<\/figcaption>\n\t\t<\/figure>\n\t<\/div>\n\n\n<p>A presidente do <strong>IBGE<\/strong>, Susana Cordeiro Guerra, indicou para substituir Crespo o professor titular aposentado da<strong>\u00a0Universidade Federal de Minas Gerais (UFMG)<\/strong>, Eduardo Rios-Neto, nome que n\u00e3o pertence aos quadros do instituto.<\/p>\n\t<p>\n\t\t<a href=\"https:\/\/lp.suno.com.br\/ebook-como-analisar-uma-acao\/\" target=\"_blank\" data-element=\"shortcode-suno-banner\" title=\"Banner SUNO, clique e saiba mais\">\n\t\t\t<picture>\n\t\t\t\t<source media=\"(max-width: 500px)\" srcset=\"https:\/\/files.sunoresearch.com.br\/n\/uploads\/2023\/03\/Ebook-Acoes-Mobile.jpg\">\n\t\t\t\t<img class=\"newsContent__article__imgCapa newsContent__article__imgCapa--banner\"\n\t\t\t\t\tsrc=\"https:\/\/files.sunoresearch.com.br\/n\/uploads\/2023\/03\/Ebook-Acoes-Desktop.jpg\"\n\t\t\t\t\tdata-promo-id=\"378302\"\t\t\t\t\t\t\t\t\t\twidth='1420' height='286'\t\t\t\t\talt=\"https:\/\/files.sunoresearch.com.br\/n\/uploads\/2023\/03\/Ebook-Acoes-Desktop.jpg\"\n\t\t\t\t>\n\t\t\t<\/picture>\n\t\t<\/a>\n\t<\/p>\n\n\n<p>Segundo a nota divulgada pelo IBGE, Rios-Neto &#8220;presidiu a <strong>Associa\u00e7\u00e3o Brasileira de Estudos Populacionais (ABEP)<\/strong> entre 1998 e 2002; \u00e9 membro titular da <strong>Academia Brasileira de Ci\u00eancias<\/strong>; foi presidente da <strong>Comiss\u00e3o Nacional de Popula\u00e7\u00e3o e Desenvolvimento<\/strong> (2004-2010) e vice-presidente do comit\u00ea organizador da <strong>Commission on Population and Development do Economic and Social Council<\/strong> da Organiza\u00e7\u00e3o das Na\u00e7\u00f5es Unidas (<strong>ONU<\/strong>) em 2010&#8243;.<\/p>\n<p><a href=\"https:\/\/www.suno.com.br\/noticias\/governo-reabrir-saques-pis-pasep\/\">Saiba mais:\u00a0Governo deve liberar at\u00e9 R$ 40 bi em 4 anos a Estados em plano de socorro<\/a><\/p>\n<p>Para o lugar de Bevil\u00e1qua assumir\u00e1 David Wu Tai, que \u00e9 funcion\u00e1rio do <strong>IBGE<\/strong> h\u00e1 40 anos. Ele \u00e9 coordenador-geral do <strong>Centro de Documenta\u00e7\u00e3o e Dissemina\u00e7\u00e3o de Informa\u00e7\u00f5es (CDDI)<\/strong> do \u00f3rg\u00e3o. Al\u00e9m disso \u00e9 economista e j\u00e1 foi\u00a0&#8220;coordenador de <strong>Contas Consolidadas do Setor P\u00fablico<\/strong>, coordenador do <strong>Censo no Estado de S\u00e3o Paulo<\/strong>, chefe de Divis\u00e3o de Coleta e delegado da <strong>Unidade Estadual de S\u00e3o Paulo<\/strong>&#8221; e diretor-geral e coordenador operacional do Censo, segundo a nota do <strong>IBGE<\/strong>.<\/p>\n<p>Guerra agradeceu o trabalho dos profissionais exonerados.\u00a0&#8220;A Presidente manifesta seu agradecimento e reconhecimento pelo empenho, qualidade t\u00e9cnica e compromisso institucional demonstrado pelos diretores Claudio Crespo e Jos\u00e9 Santana Bevil\u00e1qua no per\u00edodo em que trabalharam juntos&#8221;, diz.<\/p>\n<h2>Corte dos recursos para o Censo de 2020<\/h2>\n<p>As demiss\u00f5es ocorrem em meio a cortes para o Censo de 2020, a pesquisa demogr\u00e1fica mais importante do Brasil. A presidente do <strong>IBGE<\/strong> cortou o or\u00e7amento do Censo em 25%. A determina\u00e7\u00e3o partiu do <strong>Minist\u00e9rio da Economia<\/strong>.<\/p>\n<p>O ministro da Economia, <strong>Paulo Guedes<\/strong>, j\u00e1 havia sinalizado que iria cortar o or\u00e7amento, al\u00e9m de sugerir a redu\u00e7\u00e3o do question\u00e1rio do <strong>Censo<\/strong>. No m\u00eas passado, Guerra escalou o economista Ricardo Paes de Barros para fazer um plano de cortes das quest\u00f5es. Paes de Barros \u00e9 professor do <strong>Insper<\/strong> e integrante da\u00a0<strong>Comiss\u00e3o Consultiva do Censo Demogr\u00e1fico<\/strong>, institu\u00edda em maio do ano passado.<\/p>\n\t<p>\n\t\t<a href=\"https:\/\/lp.suno.com.br\/ebook-10-livros\/\" target=\"_blank\" data-element=\"shortcode-suno-banner\" title=\"Banner SUNO, clique e saiba mais\">\n\t\t\t<picture>\n\t\t\t\t<source media=\"(max-width: 500px)\" srcset=\"https:\/\/files.sunoresearch.com.br\/n\/uploads\/2023\/03\/400x300-10-livros.png\">\n\t\t\t\t<img class=\"newsContent__article__imgCapa newsContent__article__imgCapa--banner\"\n\t\t\t\t\tsrc=\"https:\/\/files.sunoresearch.com.br\/n\/uploads\/2023\/03\/1420x240-10-livros.png\"\n\t\t\t\t\tdata-promo-id=\"383159\"\t\t\t\t\t\t\t\t\t\twidth='1420' height='240'\t\t\t\t\talt=\"https:\/\/files.sunoresearch.com.br\/n\/uploads\/2023\/03\/1420x240-10-livros.png\"\n\t\t\t\t>\n\t\t\t<\/picture>\n\t\t<\/a>\n\t<\/p>\n\n\n<p>De acordo com fontes ouvidas pelo &#8220;Estad\u00e3o\/Broadcast&#8221;, t\u00e9cnicos do \u00f3rg\u00e3o foram contra a demiss\u00e3o dos profissionais.<\/p>\n<p><a href=\"https:\/\/www.suno.com.br\/noticias\/governo-liberar-estados-plano-socorro\/\">Saiba mais:\u00a0Governo deve liberar at\u00e9 R$ 40 bi em 4 anos a Estados em plano de socorro<\/a><\/p>\n<h2>Campanha contra os cortes<\/h2>\n<p>No pr\u00f3ximo dia 30, t\u00e9cnicos lan\u00e7ar\u00e3o a campanha &#8220;Todos pelo Censo 2020&#8221;, com o objetivo de manter or\u00e7amento do\u00a0<strong>Censo Demogr\u00e1fico de 2020<\/strong>. De acordo com os profissionais, a redu\u00e7\u00e3o do n\u00famero n\u00e3o trar\u00e1 impacto nos gastos, que temem uma queda na qualidade do Censo. As manifesta\u00e7\u00f5es receberam apoio dos n\u00facleos\u00a0<strong>ASSIBGE<\/strong>, entidade que representa os funcion\u00e1rios do <strong>IBGE<\/strong>.<\/p>\n","protected":false},"excerpt":{"rendered":"<p>O Instituto Brasileiro de Geografia e Estat\u00edstica (IBGE) confirmou nesta segunda-feira (06) a exonera\u00e7\u00e3o dos diretores de Pesquisas, Cl\u00e1udio Dutra Crespo, e de Inform\u00e1tica, Jos\u00e9 Santana Bevil\u00e1qua. IBGE suspende coleta domiciliar da PNAD Cont\u00ednua devido ao coronav\u00edrus A presidente do IBGE, Susana Cordeiro Guerra, indicou para substituir Crespo o professor titular aposentado da\u00a0Universidade Federal de [&hellip;]<\/p>\n","protected":false},"author":14,"featured_media":14765,"comment_status":"closed","ping_status":"closed","sticky":false,"template":"","format":"standard","meta":[],"categories":[62],"tags":[821,909,796],"suno_strategy":[],"class_list":["post-23499","post","type-post","status-publish","format-standard","has-post-thumbnail","hentry","category-economia","tag-ibge","tag-ministerio-da-economia","tag-paulo-guedes"],"yoast_head":"<!-- This site is optimized with the Yoast SEO plugin v24.4 - https:\/\/yoast.com\/wordpress\/plugins\/seo\/ -->\n<title>IBGE: Diretor de pesquisa e diretor de inform\u00e1tica s\u00e3o exonerados<\/title>\n<meta name=\"description\" content=\"As demiss\u00f5es no IBGE ocorrem em meio a cortes para o Censo de 2020, a pesquisa demogr\u00e1fica mais importante do Brasil. Clique aqui para ler mais\" \/>\n<meta name=\"robots\" content=\"index, follow, max-snippet:-1, max-image-preview:large, max-video-preview:-1\" \/>\n<link rel=\"canonical\" href=\"https:\/\/www.suno.com.br\/noticias\/ibge-diretor-exonerados\/\" \/>\n<meta property=\"og:locale\" content=\"pt_BR\" \/>\n<meta property=\"og:type\" content=\"article\" \/>\n<meta property=\"og:title\" content=\"IBGE: Diretor de pesquisa e diretor de inform\u00e1tica s\u00e3o exonerados\" \/>\n<meta property=\"og:description\" content=\"As demiss\u00f5es no IBGE ocorrem em meio a cortes para o Censo de 2020, a pesquisa demogr\u00e1fica mais importante do Brasil. Clique aqui para ler mais\" \/>\n<meta property=\"og:url\" content=\"https:\/\/www.suno.com.br\/noticias\/ibge-diretor-exonerados\/\" \/>\n<meta property=\"og:site_name\" content=\"Suno Not\u00edcias\" \/>\n<meta property=\"article:publisher\" content=\"https:\/\/facebook.com\/sunoresearch\" \/>\n<meta property=\"og:image\" content=\"https:\/\/files.sunoresearch.com.br\/n\/uploads\/2019\/02\/640a6f05-ibge.jpeg\" \/>\n\t<meta property=\"og:image:width\" content=\"600\" \/>\n\t<meta property=\"og:image:height\" content=\"366\" \/>\n\t<meta property=\"og:image:type\" content=\"image\/jpeg\" \/>\n<meta name=\"author\" content=\"Renan Dantas\" \/>\n<meta name=\"twitter:card\" content=\"summary_large_image\" \/>\n<meta name=\"twitter:creator\" content=\"@sunoresearch\" \/>\n<meta name=\"twitter:site\" content=\"@sunoresearch\" \/>\n<meta name=\"twitter:label1\" content=\"Escrito por\" \/>\n\t<meta name=\"twitter:data1\" content=\"Renan Dantas\" \/>\n\t<meta name=\"twitter:label2\" content=\"Est. tempo de leitura\" \/>\n\t<meta name=\"twitter:data2\" content=\"3 minutos\" \/>\n<script type=\"application\/ld+json\" class=\"yoast-schema-graph\">{\"@context\":\"https:\/\/schema.org\",\"@graph\":[{\"@type\":\"NewsArticle\",\"@id\":\"https:\/\/www.suno.com.br\/noticias\/ibge-diretor-exonerados\/#article\",\"isPartOf\":{\"@id\":\"https:\/\/www.suno.com.br\/noticias\/ibge-diretor-exonerados\/\"},\"author\":{\"name\":\"Renan Dantas\",\"@id\":\"https:\/\/www.suno.com.br\/noticias\/#\/schema\/person\/3f7693d5795a3f6d5ce15309ee785699\"},\"headline\":\"IBGE: Diretor de pesquisa e diretor de inform\u00e1tica s\u00e3o exonerados\",\"datePublished\":\"2019-05-06T23:50:19+00:00\",\"mainEntityOfPage\":{\"@id\":\"https:\/\/www.suno.com.br\/noticias\/ibge-diretor-exonerados\/\"},\"wordCount\":513,\"publisher\":{\"@id\":\"https:\/\/www.suno.com.br\/noticias\/#organization\"},\"image\":{\"@id\":\"https:\/\/www.suno.com.br\/noticias\/ibge-diretor-exonerados\/#primaryimage\"},\"thumbnailUrl\":\"https:\/\/files.sunoresearch.com.br\/n\/uploads\/2019\/02\/640a6f05-ibge-jpeg.webp\",\"keywords\":[\"IBGE\",\"Minist\u00e9rio da Economia\",\"Paulo Guedes\"],\"articleSection\":[\"Economia\"],\"inLanguage\":\"pt-BR\"},{\"@type\":\"WebPage\",\"@id\":\"https:\/\/www.suno.com.br\/noticias\/ibge-diretor-exonerados\/\",\"url\":\"https:\/\/www.suno.com.br\/noticias\/ibge-diretor-exonerados\/\",\"name\":\"IBGE: Diretor de pesquisa e diretor de inform\u00e1tica s\u00e3o exonerados\",\"isPartOf\":{\"@id\":\"https:\/\/www.suno.com.br\/noticias\/#website\"},\"primaryImageOfPage\":{\"@id\":\"https:\/\/www.suno.com.br\/noticias\/ibge-diretor-exonerados\/#primaryimage\"},\"image\":{\"@id\":\"https:\/\/www.suno.com.br\/noticias\/ibge-diretor-exonerados\/#primaryimage\"},\"thumbnailUrl\":\"https:\/\/files.sunoresearch.com.br\/n\/uploads\/2019\/02\/640a6f05-ibge-jpeg.webp\",\"datePublished\":\"2019-05-06T23:50:19+00:00\",\"description\":\"As demiss\u00f5es no IBGE ocorrem em meio a cortes para o Censo de 2020, a pesquisa demogr\u00e1fica mais importante do Brasil. Clique aqui para ler mais\",\"breadcrumb\":{\"@id\":\"https:\/\/www.suno.com.br\/noticias\/ibge-diretor-exonerados\/#breadcrumb\"},\"inLanguage\":\"pt-BR\",\"potentialAction\":[{\"@type\":\"ReadAction\",\"target\":[\"https:\/\/www.suno.com.br\/noticias\/ibge-diretor-exonerados\/\"]}]},{\"@type\":\"ImageObject\",\"inLanguage\":\"pt-BR\",\"@id\":\"https:\/\/www.suno.com.br\/noticias\/ibge-diretor-exonerados\/#primaryimage\",\"url\":\"https:\/\/files.sunoresearch.com.br\/n\/uploads\/2019\/02\/640a6f05-ibge-jpeg.webp\",\"contentUrl\":\"https:\/\/files.sunoresearch.com.br\/n\/uploads\/2019\/02\/640a6f05-ibge-jpeg.webp\",\"width\":600,\"height\":366,\"caption\":\"IBGE suspende coleta domiciliar da PNAD Cont\u00ednua devido ao coronav\u00edrus\"},{\"@type\":\"BreadcrumbList\",\"@id\":\"https:\/\/www.suno.com.br\/noticias\/ibge-diretor-exonerados\/#breadcrumb\",\"itemListElement\":[{\"@type\":\"ListItem\",\"position\":1,\"name\":\"Not\u00edcias\",\"item\":\"https:\/\/www.suno.com.br\/noticias\/\"},{\"@type\":\"ListItem\",\"position\":2,\"name\":\"Economia\",\"item\":\"https:\/\/www.suno.com.br\/noticias\/economia\/\"},{\"@type\":\"ListItem\",\"position\":3,\"name\":\"IBGE: Diretor de pesquisa e diretor de inform\u00e1tica s\u00e3o exonerados\"}]},{\"@type\":\"WebSite\",\"@id\":\"https:\/\/www.suno.com.br\/noticias\/#website\",\"url\":\"https:\/\/www.suno.com.br\/noticias\/\",\"name\":\"Suno Not\u00edcias\",\"description\":\"Seu portal de informa\u00e7\u00e3o sobre o mundo dos investimentos\",\"publisher\":{\"@id\":\"https:\/\/www.suno.com.br\/noticias\/#organization\"},\"potentialAction\":[{\"@type\":\"SearchAction\",\"target\":{\"@type\":\"EntryPoint\",\"urlTemplate\":\"https:\/\/www.suno.com.br\/noticias\/?s={search_term_string}\"},\"query-input\":{\"@type\":\"PropertyValueSpecification\",\"valueRequired\":true,\"valueName\":\"search_term_string\"}}],\"inLanguage\":\"pt-BR\"},{\"@type\":\"Organization\",\"@id\":\"https:\/\/www.suno.com.br\/noticias\/#organization\",\"name\":\"Suno Not\u00edcias\",\"url\":\"https:\/\/www.suno.com.br\/noticias\/\",\"logo\":{\"@type\":\"ImageObject\",\"inLanguage\":\"pt-BR\",\"@id\":\"https:\/\/www.suno.com.br\/noticias\/#\/schema\/logo\/image\/\",\"url\":\"https:\/\/files.sunoresearch.com.br\/n\/uploads\/2021\/09\/suno-logo.png\",\"contentUrl\":\"https:\/\/files.sunoresearch.com.br\/n\/uploads\/2021\/09\/suno-logo.png\",\"width\":180,\"height\":180,\"caption\":\"Suno Not\u00edcias\"},\"image\":{\"@id\":\"https:\/\/www.suno.com.br\/noticias\/#\/schema\/logo\/image\/\"},\"sameAs\":[\"https:\/\/facebook.com\/sunoresearch\",\"https:\/\/x.com\/sunoresearch\",\"https:\/\/www.instagram.com\/suno\",\"https:\/\/www.linkedin.com\/company\/suno-research\/\",\"https:\/\/www.youtube.com\/c\/sunoresearch\"]},{\"@type\":\"Person\",\"@id\":\"https:\/\/www.suno.com.br\/noticias\/#\/schema\/person\/3f7693d5795a3f6d5ce15309ee785699\",\"name\":\"Renan Dantas\",\"image\":{\"@type\":\"ImageObject\",\"inLanguage\":\"pt-BR\",\"@id\":\"https:\/\/www.suno.com.br\/noticias\/#\/schema\/person\/image\/\",\"url\":\"https:\/\/secure.gravatar.com\/avatar\/1787b83e7484a08e51d62ac8b41c8396?s=96&r=g\",\"contentUrl\":\"https:\/\/secure.gravatar.com\/avatar\/1787b83e7484a08e51d62ac8b41c8396?s=96&r=g\",\"caption\":\"Renan Dantas\"},\"description\":\"Escreve sobre pol\u00edtica e mercado financeiro para o portal Suno Not\u00edcias. Antes, atuou na assessoria de comunica\u00e7\u00e3o do Minist\u00e9rio P\u00fablico do Trabalho e na R\u00e1dio Mackenzie, onde apresentava e produzia um programa sobre artistas da m\u00fasica brasileira. \u00c9 estudante na Universidade Presbiteriana Mackenzie.\",\"url\":\"https:\/\/www.suno.com.br\/noticias\/author\/renan-dantas\/\"}]}<\/script>\n<!-- \/ Yoast SEO plugin. -->","yoast_head_json":{"title":"IBGE: Diretor de pesquisa e diretor de inform\u00e1tica s\u00e3o exonerados","description":"As demiss\u00f5es no IBGE ocorrem em meio a cortes para o Censo de 2020, a pesquisa demogr\u00e1fica mais importante do Brasil. Clique aqui para ler mais","robots":{"index":"index","follow":"follow","max-snippet":"max-snippet:-1","max-image-preview":"max-image-preview:large","max-video-preview":"max-video-preview:-1"},"canonical":"https:\/\/www.suno.com.br\/noticias\/ibge-diretor-exonerados\/","og_locale":"pt_BR","og_type":"article","og_title":"IBGE: Diretor de pesquisa e diretor de inform\u00e1tica s\u00e3o exonerados","og_description":"As demiss\u00f5es no IBGE ocorrem em meio a cortes para o Censo de 2020, a pesquisa demogr\u00e1fica mais importante do Brasil. Clique aqui para ler mais","og_url":"https:\/\/www.suno.com.br\/noticias\/ibge-diretor-exonerados\/","og_site_name":"Suno Not\u00edcias","article_publisher":"https:\/\/facebook.com\/sunoresearch","og_image":[{"width":600,"height":366,"url":"https:\/\/files.sunoresearch.com.br\/n\/uploads\/2019\/02\/640a6f05-ibge.jpeg","type":"image\/jpeg"}],"author":"Renan Dantas","twitter_card":"summary_large_image","twitter_creator":"@sunoresearch","twitter_site":"@sunoresearch","twitter_misc":{"Escrito por":"Renan Dantas","Est. tempo de leitura":"3 minutos"},"schema":{"@context":"https:\/\/schema.org","@graph":[{"@type":"NewsArticle","@id":"https:\/\/www.suno.com.br\/noticias\/ibge-diretor-exonerados\/#article","isPartOf":{"@id":"https:\/\/www.suno.com.br\/noticias\/ibge-diretor-exonerados\/"},"author":{"name":"Renan Dantas","@id":"https:\/\/www.suno.com.br\/noticias\/#\/schema\/person\/3f7693d5795a3f6d5ce15309ee785699"},"headline":"IBGE: Diretor de pesquisa e diretor de inform\u00e1tica s\u00e3o exonerados","datePublished":"2019-05-06T23:50:19+00:00","mainEntityOfPage":{"@id":"https:\/\/www.suno.com.br\/noticias\/ibge-diretor-exonerados\/"},"wordCount":513,"publisher":{"@id":"https:\/\/www.suno.com.br\/noticias\/#organization"},"image":{"@id":"https:\/\/www.suno.com.br\/noticias\/ibge-diretor-exonerados\/#primaryimage"},"thumbnailUrl":"https:\/\/files.sunoresearch.com.br\/n\/uploads\/2019\/02\/640a6f05-ibge-jpeg.webp","keywords":["IBGE","Minist\u00e9rio da Economia","Paulo Guedes"],"articleSection":["Economia"],"inLanguage":"pt-BR"},{"@type":"WebPage","@id":"https:\/\/www.suno.com.br\/noticias\/ibge-diretor-exonerados\/","url":"https:\/\/www.suno.com.br\/noticias\/ibge-diretor-exonerados\/","name":"IBGE: Diretor de pesquisa e diretor de inform\u00e1tica s\u00e3o exonerados","isPartOf":{"@id":"https:\/\/www.suno.com.br\/noticias\/#website"},"primaryImageOfPage":{"@id":"https:\/\/www.suno.com.br\/noticias\/ibge-diretor-exonerados\/#primaryimage"},"image":{"@id":"https:\/\/www.suno.com.br\/noticias\/ibge-diretor-exonerados\/#primaryimage"},"thumbnailUrl":"https:\/\/files.sunoresearch.com.br\/n\/uploads\/2019\/02\/640a6f05-ibge-jpeg.webp","datePublished":"2019-05-06T23:50:19+00:00","description":"As demiss\u00f5es no IBGE ocorrem em meio a cortes para o Censo de 2020, a pesquisa demogr\u00e1fica mais importante do Brasil. Clique aqui para ler mais","breadcrumb":{"@id":"https:\/\/www.suno.com.br\/noticias\/ibge-diretor-exonerados\/#breadcrumb"},"inLanguage":"pt-BR","potentialAction":[{"@type":"ReadAction","target":["https:\/\/www.suno.com.br\/noticias\/ibge-diretor-exonerados\/"]}]},{"@type":"ImageObject","inLanguage":"pt-BR","@id":"https:\/\/www.suno.com.br\/noticias\/ibge-diretor-exonerados\/#primaryimage","url":"https:\/\/files.sunoresearch.com.br\/n\/uploads\/2019\/02\/640a6f05-ibge-jpeg.webp","contentUrl":"https:\/\/files.sunoresearch.com.br\/n\/uploads\/2019\/02\/640a6f05-ibge-jpeg.webp","width":600,"height":366,"caption":"IBGE suspende coleta domiciliar da PNAD Cont\u00ednua devido ao coronav\u00edrus"},{"@type":"BreadcrumbList","@id":"https:\/\/www.suno.com.br\/noticias\/ibge-diretor-exonerados\/#breadcrumb","itemListElement":[{"@type":"ListItem","position":1,"name":"Not\u00edcias","item":"https:\/\/www.suno.com.br\/noticias\/"},{"@type":"ListItem","position":2,"name":"Economia","item":"https:\/\/www.suno.com.br\/noticias\/economia\/"},{"@type":"ListItem","position":3,"name":"IBGE: Diretor de pesquisa e diretor de inform\u00e1tica s\u00e3o exonerados"}]},{"@type":"WebSite","@id":"https:\/\/www.suno.com.br\/noticias\/#website","url":"https:\/\/www.suno.com.br\/noticias\/","name":"Suno Not\u00edcias","description":"Seu portal de informa\u00e7\u00e3o sobre o mundo dos investimentos","publisher":{"@id":"https:\/\/www.suno.com.br\/noticias\/#organization"},"potentialAction":[{"@type":"SearchAction","target":{"@type":"EntryPoint","urlTemplate":"https:\/\/www.suno.com.br\/noticias\/?s={search_term_string}"},"query-input":{"@type":"PropertyValueSpecification","valueRequired":true,"valueName":"search_term_string"}}],"inLanguage":"pt-BR"},{"@type":"Organization","@id":"https:\/\/www.suno.com.br\/noticias\/#organization","name":"Suno Not\u00edcias","url":"https:\/\/www.suno.com.br\/noticias\/","logo":{"@type":"ImageObject","inLanguage":"pt-BR","@id":"https:\/\/www.suno.com.br\/noticias\/#\/schema\/logo\/image\/","url":"https:\/\/files.sunoresearch.com.br\/n\/uploads\/2021\/09\/suno-logo.png","contentUrl":"https:\/\/files.sunoresearch.com.br\/n\/uploads\/2021\/09\/suno-logo.png","width":180,"height":180,"caption":"Suno Not\u00edcias"},"image":{"@id":"https:\/\/www.suno.com.br\/noticias\/#\/schema\/logo\/image\/"},"sameAs":["https:\/\/facebook.com\/sunoresearch","https:\/\/x.com\/sunoresearch","https:\/\/www.instagram.com\/suno","https:\/\/www.linkedin.com\/company\/suno-research\/","https:\/\/www.youtube.com\/c\/sunoresearch"]},{"@type":"Person","@id":"https:\/\/www.suno.com.br\/noticias\/#\/schema\/person\/3f7693d5795a3f6d5ce15309ee785699","name":"Renan Dantas","image":{"@type":"ImageObject","inLanguage":"pt-BR","@id":"https:\/\/www.suno.com.br\/noticias\/#\/schema\/person\/image\/","url":"https:\/\/secure.gravatar.com\/avatar\/1787b83e7484a08e51d62ac8b41c8396?s=96&r=g","contentUrl":"https:\/\/secure.gravatar.com\/avatar\/1787b83e7484a08e51d62ac8b41c8396?s=96&r=g","caption":"Renan Dantas"},"description":"Escreve sobre pol\u00edtica e mercado financeiro para o portal Suno Not\u00edcias. Antes, atuou na assessoria de comunica\u00e7\u00e3o do Minist\u00e9rio P\u00fablico do Trabalho e na R\u00e1dio Mackenzie, onde apresentava e produzia um programa sobre artistas da m\u00fasica brasileira. \u00c9 estudante na Universidade Presbiteriana Mackenzie.","url":"https:\/\/www.suno.com.br\/noticias\/author\/renan-dantas\/"}]}},"default_loop_html":"<div class=\"cardsPage__listCard__boxs\"><div class=\"cardsPage__listCard__boxs__img\"><a href=\"https:\/\/www.suno.com.br\/noticias\/ibge-diretor-exonerados\/\"><img class=\"mask\" src=\"https:\/\/www.suno.com.br\/noticias\/wp-content\/themes\/suno\/resources\/images\/spotlight\/spotlight1img\/bg-mask.png\" alt=\"Image Mask\"\/><img src=\"https:\/\/files.sunoresearch.com.br\/n\/uploads\/2019\/02\/640a6f05-ibge-400x200.webp\" alt=\"IBGE: Diretor de pesquisa e diretor de inform\u00e1tica s\u00e3o exonerados\"\/><\/a><span class=\"spotlightCategory\"><a href=\"https:\/\/www.suno.com.br\/noticias\/economia\/\">Economia<\/a><\/span><\/div><div class=\"cardsPage__listCard__boxs__content\"><a href=\"https:\/\/www.suno.com.br\/noticias\/ibge-diretor-exonerados\/\"><h2 class=\"content__title\">IBGE: Diretor de pesquisa e diretor de inform\u00e1tica s\u00e3o exonerados<\/h2><\/a><div class=\"newsContent__article__meta\"><div class=\"newsContent__article__meta__authorBox\"><a href=\"https:\/\/www.suno.com.br\/noticias\/author\/renan-dantas\/\" class=\"authorBox__avatar noMobi\"><img src=\"https:\/\/secure.gravatar.com\/avatar\/1787b83e7484a08e51d62ac8b41c8396?s=96&#038;r=g\" alt=\"Renan Dantas\"><\/a><div class=\"authorBox__name\"><span>por\n\t\t\t<a href=\"https:\/\/www.suno.com.br\/noticias\/author\/renan-dantas\/\"><span itemprop=\"author\">Renan Dantas<\/span><\/a><\/span><time datetime=\"2019-05-06T20:50:19-03:00\" itemprop=\"datePublished\">06\/05\/2019 20:50<\/time><\/div><\/div><\/div><\/div><\/div>","single_layout":"posts","amp_enabled":true,"_links":{"self":[{"href":"https:\/\/www.suno.com.br\/noticias\/wp-json\/wp\/v2\/posts\/23499"}],"collection":[{"href":"https:\/\/www.suno.com.br\/noticias\/wp-json\/wp\/v2\/posts"}],"about":[{"href":"https:\/\/www.suno.com.br\/noticias\/wp-json\/wp\/v2\/types\/post"}],"author":[{"embeddable":true,"href":"https:\/\/www.suno.com.br\/noticias\/wp-json\/wp\/v2\/users\/14"}],"replies":[{"embeddable":true,"href":"https:\/\/www.suno.com.br\/noticias\/wp-json\/wp\/v2\/comments?post=23499"}],"version-history":[{"count":0,"href":"https:\/\/www.suno.com.br\/noticias\/wp-json\/wp\/v2\/posts\/23499\/revisions"}],"wp:featuredmedia":[{"embeddable":true,"href":"https:\/\/www.suno.com.br\/noticias\/wp-json\/wp\/v2\/media\/14765"}],"wp:attachment":[{"href":"https:\/\/www.suno.com.br\/noticias\/wp-json\/wp\/v2\/media?parent=23499"}],"wp:term":[{"taxonomy":"category","embeddable":true,"href":"https:\/\/www.suno.com.br\/noticias\/wp-json\/wp\/v2\/categories?post=23499"},{"taxonomy":"post_tag","embeddable":true,"href":"https:\/\/www.suno.com.br\/noticias\/wp-json\/wp\/v2\/tags?post=23499"},{"taxonomy":"suno_strategy","embeddable":true,"href":"https:\/\/www.suno.com.br\/noticias\/wp-json\/wp\/v2\/suno_strategy?post=23499"}],"curies":[{"name":"wp","href":"https:\/\/api.w.org\/{rel}","templated":true}]}}