{"id":23483,"date":"2019-05-06T19:07:49","date_gmt":"2019-05-06T22:07:49","guid":{"rendered":"https:\/\/www.suno.com.br\/noticias\/?p=23483"},"modified":"2019-05-06T19:07:49","modified_gmt":"2019-05-06T22:07:49","slug":"presidente-comissao-especial-previdencia-caos","status":"publish","type":"post","link":"https:\/\/www.suno.com.br\/noticias\/presidente-comissao-especial-previdencia-caos\/","title":{"rendered":"Presidente da comiss\u00e3o especial da Previd\u00eancia diz que reforma evita o &#8220;caos&#8221;"},"content":{"rendered":"<p>O presidente da comiss\u00e3o especial da Previd\u00eancia, deputado Marcelo Ramos, disse nesta segunda-feira (06) que a reforma evita o caos. O parlamentar acrescentou ainda que o debate ser\u00e1 conduzido com &#8220;transpar\u00eancia&#8221;.<\/p>\t<div class=\"wrapper-featured-image\">\n\t\t<figure class=\"spotlightImg\">\n\n\t\t\t<picture>\n\t\t\t\t<source media=\"(max-width: 768px)\" srcset=\"https:\/\/files.sunoresearch.com.br\/n\/uploads\/2019\/05\/1c696846-previd\u00eancia-400x200.webp\">\n\t\t\t\t<img loading=\"lazy\" decoding=\"async\" class=\"newsContent__article__imgCapa lazyloadDisabled newsContent__article__imgCapa--noCaption\" src=\"https:\/\/files.sunoresearch.com.br\/n\/uploads\/2019\/05\/1c696846-previd\u00eancia-800x450.webp\" width=\"800\" height=\"450\" alt=\"Presidente da comiss\u00e3o especial da Previd\u00eancia diz que reforma evita o &#8220;caos&#8221;\" fetchpriority=high \/>\n\t\t\t<\/picture>\n\n\t\t\t<figcaption class=\"wp-caption-text wp-caption-text--hide\">O presidente da comiss\u00e3o especial da reforma da Previd\u00eancia na C\u00e2mara, Marcelo Ramos. (divulga\u00e7\u00e3o)<\/figcaption>\n\t\t<\/figure>\n\t<\/div>\n\n\n<p>\u201cTemos que ter transpar\u00eancia para dizer que a recupera\u00e7\u00e3o econ\u00f4mica n\u00e3o ser\u00e1 imediata, depende de uma s\u00e9rie de outras a\u00e7\u00f5es do governo, e que a reforma n\u00e3o \u00e9, principalmente, para combater privil\u00e9gios, \u00e9 para fazer ajuste fiscal\u201d, afirmou o parlamentar, que ser\u00e1 respons\u00e1vel por coordenar e marcar as sess\u00f5es da comiss\u00e3o especial que analisa o texto da <strong>Previd\u00eancia<\/strong>.<\/p>\n<p><a href=\"https:\/\/www.suno.com.br\/noticias\/reforma-previdencia-apoio-100-deputados\/\">Saiba mais: Reforma da Previd\u00eancia: PEC tem apoio de 100 deputados, aponta jornal<\/a><\/p>\n<p>Na pr\u00f3xima ter\u00e7a-feira (06), ocorrer\u00e1 a primeira reuni\u00e3o do colegiado. Dever\u00e3o ser votados requerimentos de audi\u00eancias p\u00fablicas. Haver\u00e1 tamb\u00e9m discuss\u00f5es sobre o plano de trabalho do relator.<\/p>\n\t<p>\n\t\t<a href=\"https:\/\/lp.suno.com.br\/ebook-investindo-em-fiis\/\" target=\"_blank\" data-element=\"shortcode-suno-banner\" title=\"Banner SUNO, clique e saiba mais\">\n\t\t\t<picture>\n\t\t\t\t<source media=\"(max-width: 500px)\" srcset=\"https:\/\/files.sunoresearch.com.br\/n\/uploads\/2023\/07\/Ebook-Fundos-Imobiliarios-Mobile.jpg\">\n\t\t\t\t<img class=\"newsContent__article__imgCapa newsContent__article__imgCapa--banner\"\n\t\t\t\t\tsrc=\"https:\/\/files.sunoresearch.com.br\/n\/uploads\/2023\/07\/Ebook-Fundos-Imobiliarios-Desktop.jpg\"\n\t\t\t\t\tdata-promo-id=\"378301\"\t\t\t\t\t\t\t\t\t\twidth='1420' height='286'\t\t\t\t\talt=\"https:\/\/files.sunoresearch.com.br\/n\/uploads\/2023\/07\/Ebook-Fundos-Imobiliarios-Desktop.jpg\"\n\t\t\t\t>\n\t\t\t<\/picture>\n\t\t<\/a>\n\t<\/p>\n\n\n<p>Ramos afirmou que ir\u00e1 fazer duas audi\u00eancias p\u00fablicas esta semana:<\/p>\n<ul>\n<li>no dia 8, quarta-feira, que contar\u00e1 com a participa\u00e7\u00e3o do <strong>ministro da Economia<\/strong>, <strong>Paulo Guedes<\/strong>;<\/li>\n<li>e no dia 9, quinta-feira, com a presen\u00e7a de quatro membros da equipe de Paulo Guedes;<\/li>\n<\/ul>\n<p>De acordo com o cronograma do presidente da comiss\u00e3o, as audi\u00eancias p\u00fablicas ocorrer\u00e3o em maio, que tramitar\u00e1 em paralelo ao prazo de apresenta\u00e7\u00e3o de emendas (de dez sess\u00f5es do plen\u00e1rio). A vota\u00e7\u00e3o na comiss\u00e3o deve ser feita em junho.<\/p>\n<p><a href=\"https:\/\/www.suno.com.br\/noticias\/reforma-da-previdencia-mdb-critica\/\">Saiba mais:\u00a0Reforma da Previd\u00eancia: MDB informa que n\u00e3o apoia tr\u00eas pontos do texto<\/a><\/p>\n<p>\u201cEsse prazo \u00e9 visando o plano do presidente [da C\u00e2mara] <strong>Rodrigo Maia<\/strong> de votar no plen\u00e1rio em julho, mas n\u00e3o depende de mim, depende da organiza\u00e7\u00e3o do governo e dos l\u00edderes para ter votos suficientes\u201d, comentou.<\/p>\n\t<p>\n\t\t<a href=\"https:\/\/lp.suno.com.br\/planilha-da-vida-financeira\/\" target=\"_blank\" data-element=\"shortcode-suno-banner\" title=\"Banner SUNO, clique e saiba mais\">\n\t\t\t<picture>\n\t\t\t\t<source media=\"(max-width: 500px)\" srcset=\"https:\/\/files.sunoresearch.com.br\/n\/uploads\/2023\/04\/400x300-Planilha-vida-financeira-true.png\">\n\t\t\t\t<img class=\"newsContent__article__imgCapa newsContent__article__imgCapa--banner\"\n\t\t\t\t\tsrc=\"https:\/\/files.sunoresearch.com.br\/n\/uploads\/2023\/04\/1420x240-Planilha-vida-financeira-true.png\"\n\t\t\t\t\tdata-promo-id=\"383123\"\t\t\t\t\t\t\t\t\t\twidth='1420' height='240'\t\t\t\t\talt=\"https:\/\/files.sunoresearch.com.br\/n\/uploads\/2023\/04\/1420x240-Planilha-vida-financeira-true.png\"\n\t\t\t\t>\n\t\t\t<\/picture>\n\t\t<\/a>\n\t<\/p>\n\n\n<p>Segundo Ramos, as mudan\u00e7as no<strong> benef\u00edcio de presta\u00e7\u00e3o continuada<\/strong> (BPC) na <strong>aposentadoria rural<\/strong> e de professores n\u00e3o devem ser aprovados na comiss\u00e3o da <strong>Previd\u00eancia<\/strong>. A maioria dos partidos declarou voto contr\u00e1rio. Entre eles, o <strong>MDB<\/strong> que votar\u00e3o pela rejei\u00e7\u00e3o da proposta do <strong>governo<\/strong>.\u00a0\u201cS\u00e3o 60 votos a menos de folga\u201d, disse Ramos.<\/p>\n","protected":false},"excerpt":{"rendered":"<p>O presidente da comiss\u00e3o especial da Previd\u00eancia, deputado Marcelo Ramos, disse nesta segunda-feira (06) que a reforma evita o caos. O parlamentar acrescentou ainda que o debate ser\u00e1 conduzido com &#8220;transpar\u00eancia&#8221;. O presidente da comiss\u00e3o especial da reforma da Previd\u00eancia na C\u00e2mara, Marcelo Ramos. (divulga\u00e7\u00e3o) \u201cTemos que ter transpar\u00eancia para dizer que a recupera\u00e7\u00e3o econ\u00f4mica [&hellip;]<\/p>\n","protected":false},"author":14,"featured_media":23490,"comment_status":"closed","ping_status":"closed","sticky":false,"template":"","format":"standard","meta":[],"categories":[61],"tags":[938,901,796,940],"suno_strategy":[],"class_list":["post-23483","post","type-post","status-publish","format-standard","has-post-thumbnail","hentry","category-politica","tag-camara-dos-deputados","tag-congresso-nacional","tag-paulo-guedes","tag-reforma-da-previdencia"],"yoast_head":"<!-- This site is optimized with the Yoast SEO plugin v24.4 - https:\/\/yoast.com\/wordpress\/plugins\/seo\/ -->\n<title>Presidente da comiss\u00e3o especial da Previd\u00eancia diz que reforma evita o &quot;caos&quot;<\/title>\n<meta name=\"description\" content=\"O presidente da comiss\u00e3o da Previd\u00eancia, deputado Marcelo Ramos, acrescentou ainda que o debate ser\u00e1 conduzido com &quot;transpar\u00eancia&quot;. Leia mais\" \/>\n<meta name=\"robots\" content=\"index, follow, max-snippet:-1, max-image-preview:large, max-video-preview:-1\" \/>\n<link rel=\"canonical\" href=\"https:\/\/www.suno.com.br\/noticias\/presidente-comissao-especial-previdencia-caos\/\" \/>\n<meta property=\"og:locale\" content=\"pt_BR\" \/>\n<meta property=\"og:type\" content=\"article\" \/>\n<meta property=\"og:title\" content=\"Presidente da comiss\u00e3o especial da Previd\u00eancia diz que reforma evita o &quot;caos&quot;\" \/>\n<meta property=\"og:description\" content=\"O presidente da comiss\u00e3o da Previd\u00eancia, deputado Marcelo Ramos, acrescentou ainda que o debate ser\u00e1 conduzido com &quot;transpar\u00eancia&quot;. Leia mais\" \/>\n<meta property=\"og:url\" content=\"https:\/\/www.suno.com.br\/noticias\/presidente-comissao-especial-previdencia-caos\/\" \/>\n<meta property=\"og:site_name\" content=\"Suno Not\u00edcias\" \/>\n<meta property=\"article:publisher\" content=\"https:\/\/facebook.com\/sunoresearch\" \/>\n<meta property=\"og:image\" content=\"https:\/\/files.sunoresearch.com.br\/n\/uploads\/2019\/05\/1c696846-previd\u00eancia.jpg\" \/>\n\t<meta property=\"og:image:width\" content=\"1140\" \/>\n\t<meta property=\"og:image:height\" content=\"760\" \/>\n\t<meta property=\"og:image:type\" content=\"image\/jpeg\" \/>\n<meta name=\"author\" content=\"Renan Dantas\" \/>\n<meta name=\"twitter:card\" content=\"summary_large_image\" \/>\n<meta name=\"twitter:creator\" content=\"@sunoresearch\" \/>\n<meta name=\"twitter:site\" content=\"@sunoresearch\" \/>\n<meta name=\"twitter:label1\" content=\"Escrito por\" \/>\n\t<meta name=\"twitter:data1\" content=\"Renan Dantas\" \/>\n\t<meta name=\"twitter:label2\" content=\"Est. tempo de leitura\" \/>\n\t<meta name=\"twitter:data2\" content=\"2 minutos\" \/>\n<script type=\"application\/ld+json\" class=\"yoast-schema-graph\">{\"@context\":\"https:\/\/schema.org\",\"@graph\":[{\"@type\":\"NewsArticle\",\"@id\":\"https:\/\/www.suno.com.br\/noticias\/presidente-comissao-especial-previdencia-caos\/#article\",\"isPartOf\":{\"@id\":\"https:\/\/www.suno.com.br\/noticias\/presidente-comissao-especial-previdencia-caos\/\"},\"author\":{\"name\":\"Renan Dantas\",\"@id\":\"https:\/\/www.suno.com.br\/noticias\/#\/schema\/person\/3f7693d5795a3f6d5ce15309ee785699\"},\"headline\":\"Presidente da comiss\u00e3o especial da Previd\u00eancia diz que reforma evita o &#8220;caos&#8221;\",\"datePublished\":\"2019-05-06T22:07:49+00:00\",\"mainEntityOfPage\":{\"@id\":\"https:\/\/www.suno.com.br\/noticias\/presidente-comissao-especial-previdencia-caos\/\"},\"wordCount\":377,\"publisher\":{\"@id\":\"https:\/\/www.suno.com.br\/noticias\/#organization\"},\"image\":{\"@id\":\"https:\/\/www.suno.com.br\/noticias\/presidente-comissao-especial-previdencia-caos\/#primaryimage\"},\"thumbnailUrl\":\"https:\/\/files.sunoresearch.com.br\/n\/uploads\/2019\/05\/1c696846-previd\u00eancia-jpg.webp\",\"keywords\":[\"C\u00e2mara dos Deputados\",\"Congresso Nacional\",\"Paulo Guedes\",\"Reforma da Previd\u00eancia\"],\"articleSection\":[\"Pol\u00edtica\"],\"inLanguage\":\"pt-BR\"},{\"@type\":\"WebPage\",\"@id\":\"https:\/\/www.suno.com.br\/noticias\/presidente-comissao-especial-previdencia-caos\/\",\"url\":\"https:\/\/www.suno.com.br\/noticias\/presidente-comissao-especial-previdencia-caos\/\",\"name\":\"Presidente da comiss\u00e3o especial da Previd\u00eancia diz que reforma evita o \\\"caos\\\"\",\"isPartOf\":{\"@id\":\"https:\/\/www.suno.com.br\/noticias\/#website\"},\"primaryImageOfPage\":{\"@id\":\"https:\/\/www.suno.com.br\/noticias\/presidente-comissao-especial-previdencia-caos\/#primaryimage\"},\"image\":{\"@id\":\"https:\/\/www.suno.com.br\/noticias\/presidente-comissao-especial-previdencia-caos\/#primaryimage\"},\"thumbnailUrl\":\"https:\/\/files.sunoresearch.com.br\/n\/uploads\/2019\/05\/1c696846-previd\u00eancia-jpg.webp\",\"datePublished\":\"2019-05-06T22:07:49+00:00\",\"description\":\"O presidente da comiss\u00e3o da Previd\u00eancia, deputado Marcelo Ramos, acrescentou ainda que o debate ser\u00e1 conduzido com \\\"transpar\u00eancia\\\". Leia mais\",\"breadcrumb\":{\"@id\":\"https:\/\/www.suno.com.br\/noticias\/presidente-comissao-especial-previdencia-caos\/#breadcrumb\"},\"inLanguage\":\"pt-BR\",\"potentialAction\":[{\"@type\":\"ReadAction\",\"target\":[\"https:\/\/www.suno.com.br\/noticias\/presidente-comissao-especial-previdencia-caos\/\"]}]},{\"@type\":\"ImageObject\",\"inLanguage\":\"pt-BR\",\"@id\":\"https:\/\/www.suno.com.br\/noticias\/presidente-comissao-especial-previdencia-caos\/#primaryimage\",\"url\":\"https:\/\/files.sunoresearch.com.br\/n\/uploads\/2019\/05\/1c696846-previd\u00eancia-jpg.webp\",\"contentUrl\":\"https:\/\/files.sunoresearch.com.br\/n\/uploads\/2019\/05\/1c696846-previd\u00eancia-jpg.webp\",\"width\":1140,\"height\":760,\"caption\":\"O presidente da comiss\u00e3o especial da reforma da Previd\u00eancia na C\u00e2mara, Marcelo Ramos. (divulga\u00e7\u00e3o)\"},{\"@type\":\"BreadcrumbList\",\"@id\":\"https:\/\/www.suno.com.br\/noticias\/presidente-comissao-especial-previdencia-caos\/#breadcrumb\",\"itemListElement\":[{\"@type\":\"ListItem\",\"position\":1,\"name\":\"Not\u00edcias\",\"item\":\"https:\/\/www.suno.com.br\/noticias\/\"},{\"@type\":\"ListItem\",\"position\":2,\"name\":\"Pol\u00edtica\",\"item\":\"https:\/\/www.suno.com.br\/noticias\/politica\/\"},{\"@type\":\"ListItem\",\"position\":3,\"name\":\"Presidente da comiss\u00e3o especial da Previd\u00eancia diz que reforma evita o &#8220;caos&#8221;\"}]},{\"@type\":\"WebSite\",\"@id\":\"https:\/\/www.suno.com.br\/noticias\/#website\",\"url\":\"https:\/\/www.suno.com.br\/noticias\/\",\"name\":\"Suno Not\u00edcias\",\"description\":\"Seu portal de informa\u00e7\u00e3o sobre o mundo dos investimentos\",\"publisher\":{\"@id\":\"https:\/\/www.suno.com.br\/noticias\/#organization\"},\"potentialAction\":[{\"@type\":\"SearchAction\",\"target\":{\"@type\":\"EntryPoint\",\"urlTemplate\":\"https:\/\/www.suno.com.br\/noticias\/?s={search_term_string}\"},\"query-input\":{\"@type\":\"PropertyValueSpecification\",\"valueRequired\":true,\"valueName\":\"search_term_string\"}}],\"inLanguage\":\"pt-BR\"},{\"@type\":\"Organization\",\"@id\":\"https:\/\/www.suno.com.br\/noticias\/#organization\",\"name\":\"Suno Not\u00edcias\",\"url\":\"https:\/\/www.suno.com.br\/noticias\/\",\"logo\":{\"@type\":\"ImageObject\",\"inLanguage\":\"pt-BR\",\"@id\":\"https:\/\/www.suno.com.br\/noticias\/#\/schema\/logo\/image\/\",\"url\":\"https:\/\/files.sunoresearch.com.br\/n\/uploads\/2021\/09\/suno-logo.png\",\"contentUrl\":\"https:\/\/files.sunoresearch.com.br\/n\/uploads\/2021\/09\/suno-logo.png\",\"width\":180,\"height\":180,\"caption\":\"Suno Not\u00edcias\"},\"image\":{\"@id\":\"https:\/\/www.suno.com.br\/noticias\/#\/schema\/logo\/image\/\"},\"sameAs\":[\"https:\/\/facebook.com\/sunoresearch\",\"https:\/\/x.com\/sunoresearch\",\"https:\/\/www.instagram.com\/suno\",\"https:\/\/www.linkedin.com\/company\/suno-research\/\",\"https:\/\/www.youtube.com\/c\/sunoresearch\"]},{\"@type\":\"Person\",\"@id\":\"https:\/\/www.suno.com.br\/noticias\/#\/schema\/person\/3f7693d5795a3f6d5ce15309ee785699\",\"name\":\"Renan Dantas\",\"image\":{\"@type\":\"ImageObject\",\"inLanguage\":\"pt-BR\",\"@id\":\"https:\/\/www.suno.com.br\/noticias\/#\/schema\/person\/image\/\",\"url\":\"https:\/\/secure.gravatar.com\/avatar\/1787b83e7484a08e51d62ac8b41c8396?s=96&r=g\",\"contentUrl\":\"https:\/\/secure.gravatar.com\/avatar\/1787b83e7484a08e51d62ac8b41c8396?s=96&r=g\",\"caption\":\"Renan Dantas\"},\"description\":\"Escreve sobre pol\u00edtica e mercado financeiro para o portal Suno Not\u00edcias. Antes, atuou na assessoria de comunica\u00e7\u00e3o do Minist\u00e9rio P\u00fablico do Trabalho e na R\u00e1dio Mackenzie, onde apresentava e produzia um programa sobre artistas da m\u00fasica brasileira. \u00c9 estudante na Universidade Presbiteriana Mackenzie.\",\"url\":\"https:\/\/www.suno.com.br\/noticias\/author\/renan-dantas\/\"}]}<\/script>\n<!-- \/ Yoast SEO plugin. -->","yoast_head_json":{"title":"Presidente da comiss\u00e3o especial da Previd\u00eancia diz que reforma evita o \"caos\"","description":"O presidente da comiss\u00e3o da Previd\u00eancia, deputado Marcelo Ramos, acrescentou ainda que o debate ser\u00e1 conduzido com \"transpar\u00eancia\". Leia mais","robots":{"index":"index","follow":"follow","max-snippet":"max-snippet:-1","max-image-preview":"max-image-preview:large","max-video-preview":"max-video-preview:-1"},"canonical":"https:\/\/www.suno.com.br\/noticias\/presidente-comissao-especial-previdencia-caos\/","og_locale":"pt_BR","og_type":"article","og_title":"Presidente da comiss\u00e3o especial da Previd\u00eancia diz que reforma evita o \"caos\"","og_description":"O presidente da comiss\u00e3o da Previd\u00eancia, deputado Marcelo Ramos, acrescentou ainda que o debate ser\u00e1 conduzido com \"transpar\u00eancia\". Leia mais","og_url":"https:\/\/www.suno.com.br\/noticias\/presidente-comissao-especial-previdencia-caos\/","og_site_name":"Suno Not\u00edcias","article_publisher":"https:\/\/facebook.com\/sunoresearch","og_image":[{"width":1140,"height":760,"url":"https:\/\/files.sunoresearch.com.br\/n\/uploads\/2019\/05\/1c696846-previd\u00eancia.jpg","type":"image\/jpeg"}],"author":"Renan Dantas","twitter_card":"summary_large_image","twitter_creator":"@sunoresearch","twitter_site":"@sunoresearch","twitter_misc":{"Escrito por":"Renan Dantas","Est. tempo de leitura":"2 minutos"},"schema":{"@context":"https:\/\/schema.org","@graph":[{"@type":"NewsArticle","@id":"https:\/\/www.suno.com.br\/noticias\/presidente-comissao-especial-previdencia-caos\/#article","isPartOf":{"@id":"https:\/\/www.suno.com.br\/noticias\/presidente-comissao-especial-previdencia-caos\/"},"author":{"name":"Renan Dantas","@id":"https:\/\/www.suno.com.br\/noticias\/#\/schema\/person\/3f7693d5795a3f6d5ce15309ee785699"},"headline":"Presidente da comiss\u00e3o especial da Previd\u00eancia diz que reforma evita o &#8220;caos&#8221;","datePublished":"2019-05-06T22:07:49+00:00","mainEntityOfPage":{"@id":"https:\/\/www.suno.com.br\/noticias\/presidente-comissao-especial-previdencia-caos\/"},"wordCount":377,"publisher":{"@id":"https:\/\/www.suno.com.br\/noticias\/#organization"},"image":{"@id":"https:\/\/www.suno.com.br\/noticias\/presidente-comissao-especial-previdencia-caos\/#primaryimage"},"thumbnailUrl":"https:\/\/files.sunoresearch.com.br\/n\/uploads\/2019\/05\/1c696846-previd\u00eancia-jpg.webp","keywords":["C\u00e2mara dos Deputados","Congresso Nacional","Paulo Guedes","Reforma da Previd\u00eancia"],"articleSection":["Pol\u00edtica"],"inLanguage":"pt-BR"},{"@type":"WebPage","@id":"https:\/\/www.suno.com.br\/noticias\/presidente-comissao-especial-previdencia-caos\/","url":"https:\/\/www.suno.com.br\/noticias\/presidente-comissao-especial-previdencia-caos\/","name":"Presidente da comiss\u00e3o especial da Previd\u00eancia diz que reforma evita o \"caos\"","isPartOf":{"@id":"https:\/\/www.suno.com.br\/noticias\/#website"},"primaryImageOfPage":{"@id":"https:\/\/www.suno.com.br\/noticias\/presidente-comissao-especial-previdencia-caos\/#primaryimage"},"image":{"@id":"https:\/\/www.suno.com.br\/noticias\/presidente-comissao-especial-previdencia-caos\/#primaryimage"},"thumbnailUrl":"https:\/\/files.sunoresearch.com.br\/n\/uploads\/2019\/05\/1c696846-previd\u00eancia-jpg.webp","datePublished":"2019-05-06T22:07:49+00:00","description":"O presidente da comiss\u00e3o da Previd\u00eancia, deputado Marcelo Ramos, acrescentou ainda que o debate ser\u00e1 conduzido com \"transpar\u00eancia\". Leia mais","breadcrumb":{"@id":"https:\/\/www.suno.com.br\/noticias\/presidente-comissao-especial-previdencia-caos\/#breadcrumb"},"inLanguage":"pt-BR","potentialAction":[{"@type":"ReadAction","target":["https:\/\/www.suno.com.br\/noticias\/presidente-comissao-especial-previdencia-caos\/"]}]},{"@type":"ImageObject","inLanguage":"pt-BR","@id":"https:\/\/www.suno.com.br\/noticias\/presidente-comissao-especial-previdencia-caos\/#primaryimage","url":"https:\/\/files.sunoresearch.com.br\/n\/uploads\/2019\/05\/1c696846-previd\u00eancia-jpg.webp","contentUrl":"https:\/\/files.sunoresearch.com.br\/n\/uploads\/2019\/05\/1c696846-previd\u00eancia-jpg.webp","width":1140,"height":760,"caption":"O presidente da comiss\u00e3o especial da reforma da Previd\u00eancia na C\u00e2mara, Marcelo Ramos. (divulga\u00e7\u00e3o)"},{"@type":"BreadcrumbList","@id":"https:\/\/www.suno.com.br\/noticias\/presidente-comissao-especial-previdencia-caos\/#breadcrumb","itemListElement":[{"@type":"ListItem","position":1,"name":"Not\u00edcias","item":"https:\/\/www.suno.com.br\/noticias\/"},{"@type":"ListItem","position":2,"name":"Pol\u00edtica","item":"https:\/\/www.suno.com.br\/noticias\/politica\/"},{"@type":"ListItem","position":3,"name":"Presidente da comiss\u00e3o especial da Previd\u00eancia diz que reforma evita o &#8220;caos&#8221;"}]},{"@type":"WebSite","@id":"https:\/\/www.suno.com.br\/noticias\/#website","url":"https:\/\/www.suno.com.br\/noticias\/","name":"Suno Not\u00edcias","description":"Seu portal de informa\u00e7\u00e3o sobre o mundo dos investimentos","publisher":{"@id":"https:\/\/www.suno.com.br\/noticias\/#organization"},"potentialAction":[{"@type":"SearchAction","target":{"@type":"EntryPoint","urlTemplate":"https:\/\/www.suno.com.br\/noticias\/?s={search_term_string}"},"query-input":{"@type":"PropertyValueSpecification","valueRequired":true,"valueName":"search_term_string"}}],"inLanguage":"pt-BR"},{"@type":"Organization","@id":"https:\/\/www.suno.com.br\/noticias\/#organization","name":"Suno Not\u00edcias","url":"https:\/\/www.suno.com.br\/noticias\/","logo":{"@type":"ImageObject","inLanguage":"pt-BR","@id":"https:\/\/www.suno.com.br\/noticias\/#\/schema\/logo\/image\/","url":"https:\/\/files.sunoresearch.com.br\/n\/uploads\/2021\/09\/suno-logo.png","contentUrl":"https:\/\/files.sunoresearch.com.br\/n\/uploads\/2021\/09\/suno-logo.png","width":180,"height":180,"caption":"Suno Not\u00edcias"},"image":{"@id":"https:\/\/www.suno.com.br\/noticias\/#\/schema\/logo\/image\/"},"sameAs":["https:\/\/facebook.com\/sunoresearch","https:\/\/x.com\/sunoresearch","https:\/\/www.instagram.com\/suno","https:\/\/www.linkedin.com\/company\/suno-research\/","https:\/\/www.youtube.com\/c\/sunoresearch"]},{"@type":"Person","@id":"https:\/\/www.suno.com.br\/noticias\/#\/schema\/person\/3f7693d5795a3f6d5ce15309ee785699","name":"Renan Dantas","image":{"@type":"ImageObject","inLanguage":"pt-BR","@id":"https:\/\/www.suno.com.br\/noticias\/#\/schema\/person\/image\/","url":"https:\/\/secure.gravatar.com\/avatar\/1787b83e7484a08e51d62ac8b41c8396?s=96&r=g","contentUrl":"https:\/\/secure.gravatar.com\/avatar\/1787b83e7484a08e51d62ac8b41c8396?s=96&r=g","caption":"Renan Dantas"},"description":"Escreve sobre pol\u00edtica e mercado financeiro para o portal Suno Not\u00edcias. Antes, atuou na assessoria de comunica\u00e7\u00e3o do Minist\u00e9rio P\u00fablico do Trabalho e na R\u00e1dio Mackenzie, onde apresentava e produzia um programa sobre artistas da m\u00fasica brasileira. \u00c9 estudante na Universidade Presbiteriana Mackenzie.","url":"https:\/\/www.suno.com.br\/noticias\/author\/renan-dantas\/"}]}},"default_loop_html":"<div class=\"cardsPage__listCard__boxs\"><div class=\"cardsPage__listCard__boxs__img\"><a href=\"https:\/\/www.suno.com.br\/noticias\/presidente-comissao-especial-previdencia-caos\/\"><img class=\"mask\" src=\"https:\/\/www.suno.com.br\/noticias\/wp-content\/themes\/suno\/resources\/images\/spotlight\/spotlight1img\/bg-mask.png\" alt=\"Image Mask\"\/><img src=\"https:\/\/files.sunoresearch.com.br\/n\/uploads\/2019\/05\/1c696846-previd\u00eancia-400x200.webp\" alt=\"Presidente da comiss\u00e3o especial da Previd\u00eancia diz que reforma evita o &#8220;caos&#8221;\"\/><\/a><span class=\"spotlightCategory\"><a href=\"https:\/\/www.suno.com.br\/noticias\/politica\/\">Pol\u00edtica<\/a><\/span><\/div><div class=\"cardsPage__listCard__boxs__content\"><a href=\"https:\/\/www.suno.com.br\/noticias\/presidente-comissao-especial-previdencia-caos\/\"><h2 class=\"content__title\">Presidente da comiss\u00e3o especial da Previd\u00eancia diz que reforma evita o &#8220;caos&#8221;<\/h2><\/a><div class=\"newsContent__article__meta\"><div class=\"newsContent__article__meta__authorBox\"><a href=\"https:\/\/www.suno.com.br\/noticias\/author\/renan-dantas\/\" class=\"authorBox__avatar noMobi\"><img src=\"https:\/\/secure.gravatar.com\/avatar\/1787b83e7484a08e51d62ac8b41c8396?s=96&#038;r=g\" alt=\"Renan Dantas\"><\/a><div class=\"authorBox__name\"><span>por\n\t\t\t<a href=\"https:\/\/www.suno.com.br\/noticias\/author\/renan-dantas\/\"><span itemprop=\"author\">Renan Dantas<\/span><\/a><\/span><time datetime=\"2019-05-06T19:07:49-03:00\" itemprop=\"datePublished\">06\/05\/2019 19:07<\/time><\/div><\/div><\/div><\/div><\/div>","single_layout":"posts","amp_enabled":true,"_links":{"self":[{"href":"https:\/\/www.suno.com.br\/noticias\/wp-json\/wp\/v2\/posts\/23483"}],"collection":[{"href":"https:\/\/www.suno.com.br\/noticias\/wp-json\/wp\/v2\/posts"}],"about":[{"href":"https:\/\/www.suno.com.br\/noticias\/wp-json\/wp\/v2\/types\/post"}],"author":[{"embeddable":true,"href":"https:\/\/www.suno.com.br\/noticias\/wp-json\/wp\/v2\/users\/14"}],"replies":[{"embeddable":true,"href":"https:\/\/www.suno.com.br\/noticias\/wp-json\/wp\/v2\/comments?post=23483"}],"version-history":[{"count":0,"href":"https:\/\/www.suno.com.br\/noticias\/wp-json\/wp\/v2\/posts\/23483\/revisions"}],"wp:featuredmedia":[{"embeddable":true,"href":"https:\/\/www.suno.com.br\/noticias\/wp-json\/wp\/v2\/media\/23490"}],"wp:attachment":[{"href":"https:\/\/www.suno.com.br\/noticias\/wp-json\/wp\/v2\/media?parent=23483"}],"wp:term":[{"taxonomy":"category","embeddable":true,"href":"https:\/\/www.suno.com.br\/noticias\/wp-json\/wp\/v2\/categories?post=23483"},{"taxonomy":"post_tag","embeddable":true,"href":"https:\/\/www.suno.com.br\/noticias\/wp-json\/wp\/v2\/tags?post=23483"},{"taxonomy":"suno_strategy","embeddable":true,"href":"https:\/\/www.suno.com.br\/noticias\/wp-json\/wp\/v2\/suno_strategy?post=23483"}],"curies":[{"name":"wp","href":"https:\/\/api.w.org\/{rel}","templated":true}]}}