{"id":234542,"date":"2022-02-23T14:06:09","date_gmt":"2022-02-23T17:06:09","guid":{"rendered":"https:\/\/www.suno.com.br\/noticias\/?p=234542"},"modified":"2022-02-23T14:52:09","modified_gmt":"2022-02-23T17:52:09","slug":"arrecadacao-impostos-federais-recorde","status":"publish","type":"post","link":"https:\/\/www.suno.com.br\/noticias\/arrecadacao-impostos-federais-recorde\/","title":{"rendered":"Arrecada\u00e7\u00e3o de impostos federais chega a recorde em janeiro, com alta de 18,3%"},"content":{"rendered":"<p>A arrecadac\u0327a\u0303o total dos <strong>impostos<\/strong> fechou o m\u00eas de janeiro em R$ 235,3 bilh\u00f5es, informou hoje (23) o <a class=\"suno-keyword\" href=\"https:\/\/www.suno.com.br\/artigos\/ministerio-da-economia\/\" target=\"_blank\" rel=\"noopener\" data-force=\"no\" data-priority=\"3\">Minist\u00e9rio da Economia<\/a>.<\/p>\t<div class=\"wrapper-featured-image\">\n\t\t<figure class=\"spotlightImg\">\n\n\t\t\t<picture>\n\t\t\t\t<source media=\"(max-width: 768px)\" srcset=\"https:\/\/files.sunoresearch.com.br\/n\/uploads\/2021\/10\/paulo-guedes_mcamgo_abr_220720211818-6-400x200.jpg\">\n\t\t\t\t<img loading=\"lazy\" decoding=\"async\" class=\"newsContent__article__imgCapa lazyloadDisabled \" src=\"https:\/\/files.sunoresearch.com.br\/n\/uploads\/2021\/10\/paulo-guedes_mcamgo_abr_220720211818-6-800x450.jpg\" width=\"800\" height=\"450\" alt=\"Arrecada\u00e7\u00e3o de impostos federais chega a recorde em janeiro, com alta de 18,3%\" fetchpriority=high \/>\n\t\t\t<\/picture>\n\n\t\t\t<figcaption class=\"wp-caption-text wp-caption-text--show\">Paulo Guedes Foto: Marcelo Camargo\/Ag\u00eancia Brasil<\/figcaption>\n\t\t<\/figure>\n\t<\/div>\n\n\n\t<p>\n\t\t<a href=\"https:\/\/lp.suno.com.br\/planilha-controle-gastos\/\" target=\"_blank\" data-element=\"shortcode-suno-banner\" title=\"Banner SUNO, clique e saiba mais\">\n\t\t\t<picture>\n\t\t\t\t<source media=\"(max-width: 500px)\" srcset=\"https:\/\/files.sunoresearch.com.br\/n\/uploads\/2023\/03\/400x300-Planilha-controle-de-gastos.png\">\n\t\t\t\t<img class=\"newsContent__article__imgCapa newsContent__article__imgCapa--banner\"\n\t\t\t\t\tsrc=\"https:\/\/files.sunoresearch.com.br\/n\/uploads\/2023\/03\/1420x240-Planilha-controle-de-gastos.png\"\n\t\t\t\t\tdata-promo-id=\"101751\"\t\t\t\t\t\t\t\t\t\twidth='1420' height='240'\t\t\t\t\talt=\"https:\/\/files.sunoresearch.com.br\/n\/uploads\/2023\/03\/1420x240-Planilha-controle-de-gastos.png\"\n\t\t\t\t>\n\t\t\t<\/picture>\n\t\t<\/a>\n\t<\/p>\n\n\n<p>O valor, melhor resultado para o m\u00eas desde 1995, representa um acre\u0301scimo real de 18,3% em relac\u0327a\u0303o a janeiro de 2021, descontada a infla\u00e7\u00e3o medida pelo \u00cdndice de Pre\u00e7os Amplo ao Consumidor (<strong>IPCA<\/strong>), que fechou o ano em 10,06%.<img decoding=\"async\" style=\"width: 1px; height: 1px;\" src=\"https:\/\/agenciabrasil.ebc.com.br\/ebc.png?id=1444300&amp;o=rss\" \/><img decoding=\"async\" style=\"width: 1px; height: 1px;\" src=\"https:\/\/agenciabrasil.ebc.com.br\/ebc.gif?id=1444300&amp;o=rss\" \/>\u00a0Em rela\u00e7\u00e3o a dezembro, houve crescimento real de 20,71% no recolhimento de impostos.<\/p>\n<p>Em rela\u00e7\u00e3o \u00e0s <strong>Receitas<\/strong> Administradas pela Receita Federal, o valor arrecadado em janeiro de 2022 foi de R$ 217,421 bilho\u0303es, representando um acre\u0301scimo real de 14,66%.<\/p>\n<p>O resultado das receitas veio acima do intervalo de expectativas das institui\u00e7\u00f5es do <a class=\"suno-keyword\" href=\"https:\/\/www.suno.com.br\/guias\/mercado-financeiro\/\" target=\"_blank\" rel=\"noopener\" data-force=\"no\" data-priority=\"2\">mercado financeiro<\/a> ouvidas pelo Proje\u00e7\u00f5es Broadcast, que ia de R$ 198,30 bilh\u00f5es a R$ 234,10 bilh\u00f5es, com mediana de R$ R$ 212,650 bilh\u00f5es.<\/p>\n\t<p>\n\t\t<a href=\"https:\/\/lp.suno.com.br\/planilha-da-vida-financeira\/\" target=\"_blank\" data-element=\"shortcode-suno-banner\" title=\"Banner SUNO, clique e saiba mais\">\n\t\t\t<picture>\n\t\t\t\t<source media=\"(max-width: 500px)\" srcset=\"https:\/\/files.sunoresearch.com.br\/n\/uploads\/2023\/04\/400x300-Planilha-vida-financeira-true.png\">\n\t\t\t\t<img class=\"newsContent__article__imgCapa newsContent__article__imgCapa--banner\"\n\t\t\t\t\tsrc=\"https:\/\/files.sunoresearch.com.br\/n\/uploads\/2023\/04\/1420x240-Planilha-vida-financeira-true.png\"\n\t\t\t\t\tdata-promo-id=\"106682\"\t\t\t\t\t\t\t\t\t\twidth='1420' height='240'\t\t\t\t\talt=\"https:\/\/files.sunoresearch.com.br\/n\/uploads\/2023\/04\/1420x240-Planilha-vida-financeira-true.png\"\n\t\t\t\t>\n\t\t\t<\/picture>\n\t\t<\/a>\n\t<\/p>\n\n\n<p>De acordo com o Banco Cenral (BC), o aumento observado no me\u0302s de janeiro pode ser explicado, principalmente, por pagamentos ati\u0301picos de Imposto de Renda de Pessoa Jur\u00eddica (IRPJ), da Contribui\u00e7\u00e3o Social Sobre o Lucro Liquido (CSLL) e pelo diferimento das quotas do Imposto de Renda da <a class=\"suno-keyword\" href=\"https:\/\/www.suno.com.br\/artigos\/pessoa-fisica\/\" target=\"_blank\" rel=\"noopener\" data-force=\"no\" data-priority=\"1\">Pessoa F\u00edsica<\/a> (IRPF) que seriam pagas em 2021 e pelo comportamento das compensac\u0327o\u0303es efetuadas.<\/p>\n<p>O IRPJ e a CSLL apresentaram um crescimento na arrecada\u00e7\u00e3o, especialmente das empresas que fecharam seus balanc\u0327os no me\u0302s de dezembro de 2021, totalizando uma arrecada\u00e7\u00e3o de R$ 84,1 bilh\u00f5es, com crescimento real de 32,41%.<\/p>\n<p>J\u00e1 a Cofins e o PIS\/Pasep apresentaram uma arrecadac\u0327a\u0303o conjunta de R$ 36,4 bilh\u00f5es, representando um acre\u0301scimo real de 8,58%. Esse desempenho e\u0301 explicado pelo decre\u0301scimo real de 2,7% no volume de vendas, segundo a Pesquisa Mensal de Com\u00e9rcio do Instituto Brasileiro de Geografia e Estat\u00edstica (PMC-IBGE), e aumento real de 10,4% no volume de servic\u0327os, segundo a Pesquisa Mensal de Servi\u00e7os (PMS-IBGE) entre dezembro de 2020 e dezembro de 2021.<\/p>\n\t<p>\n\t\t<a href=\"https:\/\/lp.suno.com.br\/ebook-como-analisar-uma-acao\/\" target=\"_blank\" data-element=\"shortcode-suno-banner\" title=\"Banner SUNO, clique e saiba mais\">\n\t\t\t<picture>\n\t\t\t\t<source media=\"(max-width: 500px)\" srcset=\"https:\/\/files.sunoresearch.com.br\/n\/uploads\/2023\/03\/Ebook-Acoes-Mobile-1.jpg\">\n\t\t\t\t<img class=\"newsContent__article__imgCapa newsContent__article__imgCapa--banner\"\n\t\t\t\t\tsrc=\"https:\/\/files.sunoresearch.com.br\/n\/uploads\/2023\/03\/Ebook-Acoes-Desktop-1.jpg\"\n\t\t\t\t\tdata-promo-id=\"171998\"\t\t\t\t\t\t\t\t\t\twidth='1420' height='286'\t\t\t\t\talt=\"https:\/\/files.sunoresearch.com.br\/n\/uploads\/2023\/03\/Ebook-Acoes-Desktop-1.jpg\"\n\t\t\t\t>\n\t\t\t<\/picture>\n\t\t<\/a>\n\t<\/p>\n\n\n<p>Tamb\u00e9m houve um aumento real de 6,61% na arrecadac\u0327a\u0303o das empresas na\u0303o financeiras, com destaque para o setor de combusti\u0301veis; acre\u0301scimo real de 13,83% na arrecadac\u0327a\u0303o das importac\u0327o\u0303es; e decli\u0301nio de 32% no volume de compensac\u0327o\u0303es tributa\u0301rias.<\/p>\n<h2>Impostos sobre opera\u00e7\u00f5es financeiras tiveram alta de 91%<\/h2>\n<p>O Imposto sobre Operac\u0327o\u0303es Financeiras (IOF) teve arrecadac\u0327a\u0303o de R$ 4,6 bilho\u0303es, representando acre\u0301scimo real de 91,96%. Esse resultado e\u0301 explicado pelo crescimento do volume das operac\u0327o\u0303es de cre\u0301dito contratadas por pessoas juri\u0301dicas e por pessoas fi\u0301sicas.<\/p>\n<p>O ministro da Economia, <a class=\"suno-keyword\" href=\"https:\/\/www.suno.com.br\/tudo-sobre\/paulo-guedes\/\" target=\"_blank\" rel=\"noopener\" data-force=\"no\" data-priority=\"2\">Paulo Guedes<\/a>, cancelou sua participa\u00e7\u00e3o no detalhamento dos dados de arrecada\u00e7\u00e3o de janeiro prevista para come\u00e7ar logo ap\u00f3s a divulga\u00e7\u00e3o do resultado.<\/p>\n<p>De acordo com a Pasta, a presen\u00e7a do ministro foi cancelada &#8220;por motivos de agenda&#8221;.<\/p>\n<p>A expectativa era a de que ele fizesse um pronunciamento inicial comentando os dados dos <strong>impostos<\/strong> do primeiro m\u00eas do ano. A coletiva segue com os t\u00e9cnicos da Receita Federal.<\/p>\n<p><em>Com informa\u00e7\u00f5es do Estad\u00e3o Conte\u00fado<\/em><\/p>\n\t<p>\n\t\t<a href=\"https:\/\/lp.suno.com.br\/planilha-de-controle-de-investimentos\/\" target=\"_blank\" data-element=\"shortcode-suno-banner\" title=\"Banner SUNO, clique e saiba mais\">\n\t\t\t<picture>\n\t\t\t\t<source media=\"(max-width: 500px)\" srcset=\"https:\/\/files.sunoresearch.com.br\/n\/uploads\/2023\/03\/400x300-Controle-de-Investimentos.png\">\n\t\t\t\t<img class=\"newsContent__article__imgCapa newsContent__article__imgCapa--banner\"\n\t\t\t\t\tsrc=\"https:\/\/files.sunoresearch.com.br\/n\/uploads\/2023\/03\/1420x240-Controle-de-Investimentos.png\"\n\t\t\t\t\tdata-promo-id=\"75934\"\t\t\t\t\t\t\t\t\t\twidth='1420' height='240'\t\t\t\t\talt=\"https:\/\/files.sunoresearch.com.br\/n\/uploads\/2023\/03\/1420x240-Controle-de-Investimentos.png\"\n\t\t\t\t>\n\t\t\t<\/picture>\n\t\t<\/a>\n\t<\/p>\n\n\n","protected":false},"excerpt":{"rendered":"<p>A arrecadac\u0327a\u0303o total dos impostos fechou o m\u00eas de janeiro em R$ 235,3 bilh\u00f5es, informou hoje (23) o Minist\u00e9rio da Economia. Paulo Guedes Foto: Marcelo Camargo\/Ag\u00eancia Brasil O valor, melhor resultado para o m\u00eas desde 1995, representa um acre\u0301scimo real de 18,3% em relac\u0327a\u0303o a janeiro de 2021, descontada a infla\u00e7\u00e3o medida pelo \u00cdndice de [&hellip;]<\/p>\n","protected":false},"author":73,"featured_media":191218,"comment_status":"closed","ping_status":"closed","sticky":false,"template":"","format":"standard","meta":[],"categories":[62],"tags":[106444,1488,704],"suno_strategy":[],"class_list":["post-234542","post","type-post","status-publish","format-standard","has-post-thumbnail","hentry","category-economia","tag-agencias","tag-arrecadacao-federal","tag-impostos"],"yoast_head":"<!-- This site is optimized with the Yoast SEO plugin v24.4 - https:\/\/yoast.com\/wordpress\/plugins\/seo\/ -->\n<title>Arrecada\u00e7\u00e3o de impostos federais chega a recorde em janeiro, com alta de 18,3%<\/title>\n<meta name=\"description\" content=\"Os Impostos sobre Operac\u0327o\u0303es Financeiras (IOF) teve arrecadac\u0327a\u0303o de R$ 4,6 bilho\u0303es, em alta real de 91%. Clique aqui e leia mais.\" \/>\n<meta name=\"robots\" content=\"index, follow, max-snippet:-1, max-image-preview:large, max-video-preview:-1\" \/>\n<link rel=\"canonical\" href=\"https:\/\/www.suno.com.br\/noticias\/arrecadacao-impostos-federais-recorde\/\" \/>\n<meta property=\"og:locale\" content=\"pt_BR\" \/>\n<meta property=\"og:type\" content=\"article\" \/>\n<meta property=\"og:title\" content=\"Arrecada\u00e7\u00e3o de impostos federais chega a recorde em janeiro, com alta de 18,3%\" \/>\n<meta property=\"og:description\" content=\"Os Impostos sobre Operac\u0327o\u0303es Financeiras (IOF) teve arrecadac\u0327a\u0303o de R$ 4,6 bilho\u0303es, em alta real de 91%. Clique aqui e leia mais.\" \/>\n<meta property=\"og:url\" content=\"https:\/\/www.suno.com.br\/noticias\/arrecadacao-impostos-federais-recorde\/\" \/>\n<meta property=\"og:site_name\" content=\"Suno Not\u00edcias\" \/>\n<meta property=\"article:publisher\" content=\"https:\/\/facebook.com\/sunoresearch\" \/>\n<meta property=\"og:image\" content=\"https:\/\/files.sunoresearch.com.br\/n\/uploads\/2021\/10\/paulo-guedes_mcamgo_abr_220720211818-6-scaled.jpg\" \/>\n\t<meta property=\"og:image:width\" content=\"2560\" \/>\n\t<meta property=\"og:image:height\" content=\"1707\" \/>\n\t<meta property=\"og:image:type\" content=\"image\/jpeg\" \/>\n<meta name=\"author\" content=\"Eduardo Vargas\" \/>\n<meta name=\"twitter:card\" content=\"summary_large_image\" \/>\n<meta name=\"twitter:creator\" content=\"@sunoresearch\" \/>\n<meta name=\"twitter:site\" content=\"@sunoresearch\" \/>\n<meta name=\"twitter:label1\" content=\"Escrito por\" \/>\n\t<meta name=\"twitter:data1\" content=\"Eduardo Vargas\" \/>\n\t<meta name=\"twitter:label2\" content=\"Est. tempo de leitura\" \/>\n\t<meta name=\"twitter:data2\" content=\"3 minutos\" \/>\n<script type=\"application\/ld+json\" class=\"yoast-schema-graph\">{\"@context\":\"https:\/\/schema.org\",\"@graph\":[{\"@type\":\"NewsArticle\",\"@id\":\"https:\/\/www.suno.com.br\/noticias\/arrecadacao-impostos-federais-recorde\/#article\",\"isPartOf\":{\"@id\":\"https:\/\/www.suno.com.br\/noticias\/arrecadacao-impostos-federais-recorde\/\"},\"author\":{\"name\":\"Eduardo Vargas\",\"@id\":\"https:\/\/www.suno.com.br\/noticias\/#\/schema\/person\/7f4d362bf3518e76090143ae77bb49a5\"},\"headline\":\"Arrecada\u00e7\u00e3o de impostos federais chega a recorde em janeiro, com alta de 18,3%\",\"datePublished\":\"2022-02-23T17:06:09+00:00\",\"dateModified\":\"2022-02-23T17:52:09+00:00\",\"mainEntityOfPage\":{\"@id\":\"https:\/\/www.suno.com.br\/noticias\/arrecadacao-impostos-federais-recorde\/\"},\"wordCount\":535,\"publisher\":{\"@id\":\"https:\/\/www.suno.com.br\/noticias\/#organization\"},\"image\":{\"@id\":\"https:\/\/www.suno.com.br\/noticias\/arrecadacao-impostos-federais-recorde\/#primaryimage\"},\"thumbnailUrl\":\"https:\/\/files.sunoresearch.com.br\/n\/uploads\/2021\/10\/paulo-guedes_mcamgo_abr_220720211818-6-scaled.jpg\",\"keywords\":[\"Ag\u00eancias\",\"Arrecada\u00e7\u00e3o federal\",\"impostos\"],\"articleSection\":[\"Economia\"],\"inLanguage\":\"pt-BR\"},{\"@type\":\"WebPage\",\"@id\":\"https:\/\/www.suno.com.br\/noticias\/arrecadacao-impostos-federais-recorde\/\",\"url\":\"https:\/\/www.suno.com.br\/noticias\/arrecadacao-impostos-federais-recorde\/\",\"name\":\"Arrecada\u00e7\u00e3o de impostos federais chega a recorde em janeiro, com alta de 18,3%\",\"isPartOf\":{\"@id\":\"https:\/\/www.suno.com.br\/noticias\/#website\"},\"primaryImageOfPage\":{\"@id\":\"https:\/\/www.suno.com.br\/noticias\/arrecadacao-impostos-federais-recorde\/#primaryimage\"},\"image\":{\"@id\":\"https:\/\/www.suno.com.br\/noticias\/arrecadacao-impostos-federais-recorde\/#primaryimage\"},\"thumbnailUrl\":\"https:\/\/files.sunoresearch.com.br\/n\/uploads\/2021\/10\/paulo-guedes_mcamgo_abr_220720211818-6-scaled.jpg\",\"datePublished\":\"2022-02-23T17:06:09+00:00\",\"dateModified\":\"2022-02-23T17:52:09+00:00\",\"description\":\"Os Impostos sobre Operac\u0327o\u0303es Financeiras (IOF) teve arrecadac\u0327a\u0303o de R$ 4,6 bilho\u0303es, em alta real de 91%. Clique aqui e leia mais.\",\"breadcrumb\":{\"@id\":\"https:\/\/www.suno.com.br\/noticias\/arrecadacao-impostos-federais-recorde\/#breadcrumb\"},\"inLanguage\":\"pt-BR\",\"potentialAction\":[{\"@type\":\"ReadAction\",\"target\":[\"https:\/\/www.suno.com.br\/noticias\/arrecadacao-impostos-federais-recorde\/\"]}]},{\"@type\":\"ImageObject\",\"inLanguage\":\"pt-BR\",\"@id\":\"https:\/\/www.suno.com.br\/noticias\/arrecadacao-impostos-federais-recorde\/#primaryimage\",\"url\":\"https:\/\/files.sunoresearch.com.br\/n\/uploads\/2021\/10\/paulo-guedes_mcamgo_abr_220720211818-6-scaled.jpg\",\"contentUrl\":\"https:\/\/files.sunoresearch.com.br\/n\/uploads\/2021\/10\/paulo-guedes_mcamgo_abr_220720211818-6-scaled.jpg\",\"width\":2560,\"height\":1707,\"caption\":\"Paulo Guedes Foto: Marcelo Camargo\/Ag\u00eancia Brasil\"},{\"@type\":\"BreadcrumbList\",\"@id\":\"https:\/\/www.suno.com.br\/noticias\/arrecadacao-impostos-federais-recorde\/#breadcrumb\",\"itemListElement\":[{\"@type\":\"ListItem\",\"position\":1,\"name\":\"Not\u00edcias\",\"item\":\"https:\/\/www.suno.com.br\/noticias\/\"},{\"@type\":\"ListItem\",\"position\":2,\"name\":\"Economia\",\"item\":\"https:\/\/www.suno.com.br\/noticias\/economia\/\"},{\"@type\":\"ListItem\",\"position\":3,\"name\":\"Arrecada\u00e7\u00e3o de impostos federais chega a recorde em janeiro, com alta de 18,3%\"}]},{\"@type\":\"WebSite\",\"@id\":\"https:\/\/www.suno.com.br\/noticias\/#website\",\"url\":\"https:\/\/www.suno.com.br\/noticias\/\",\"name\":\"Suno Not\u00edcias\",\"description\":\"Seu portal de informa\u00e7\u00e3o sobre o mundo dos investimentos\",\"publisher\":{\"@id\":\"https:\/\/www.suno.com.br\/noticias\/#organization\"},\"potentialAction\":[{\"@type\":\"SearchAction\",\"target\":{\"@type\":\"EntryPoint\",\"urlTemplate\":\"https:\/\/www.suno.com.br\/noticias\/?s={search_term_string}\"},\"query-input\":{\"@type\":\"PropertyValueSpecification\",\"valueRequired\":true,\"valueName\":\"search_term_string\"}}],\"inLanguage\":\"pt-BR\"},{\"@type\":\"Organization\",\"@id\":\"https:\/\/www.suno.com.br\/noticias\/#organization\",\"name\":\"Suno Not\u00edcias\",\"url\":\"https:\/\/www.suno.com.br\/noticias\/\",\"logo\":{\"@type\":\"ImageObject\",\"inLanguage\":\"pt-BR\",\"@id\":\"https:\/\/www.suno.com.br\/noticias\/#\/schema\/logo\/image\/\",\"url\":\"https:\/\/files.sunoresearch.com.br\/n\/uploads\/2021\/09\/suno-logo.png\",\"contentUrl\":\"https:\/\/files.sunoresearch.com.br\/n\/uploads\/2021\/09\/suno-logo.png\",\"width\":180,\"height\":180,\"caption\":\"Suno Not\u00edcias\"},\"image\":{\"@id\":\"https:\/\/www.suno.com.br\/noticias\/#\/schema\/logo\/image\/\"},\"sameAs\":[\"https:\/\/facebook.com\/sunoresearch\",\"https:\/\/x.com\/sunoresearch\",\"https:\/\/www.instagram.com\/suno\",\"https:\/\/www.linkedin.com\/company\/suno-research\/\",\"https:\/\/www.youtube.com\/c\/sunoresearch\"]},{\"@type\":\"Person\",\"@id\":\"https:\/\/www.suno.com.br\/noticias\/#\/schema\/person\/7f4d362bf3518e76090143ae77bb49a5\",\"name\":\"Eduardo Vargas\",\"image\":{\"@type\":\"ImageObject\",\"inLanguage\":\"pt-BR\",\"@id\":\"https:\/\/www.suno.com.br\/noticias\/#\/schema\/person\/image\/\",\"url\":\"https:\/\/secure.gravatar.com\/avatar\/dac340933427a22924c9f99d1eb2e3f2?s=96&r=g\",\"contentUrl\":\"https:\/\/secure.gravatar.com\/avatar\/dac340933427a22924c9f99d1eb2e3f2?s=96&r=g\",\"caption\":\"Eduardo Vargas\"},\"description\":\"Jornalista formado pela UFSC, cobre macroeconomia, neg\u00f3cios e startups para o Suno Not\u00edcias, escrevendo principalmente not\u00edcias sobre o mercado financeiro e a bolsa de valores. No YouTube e no Instagram, \u00e9 respons\u00e1vel pela produ\u00e7\u00e3o de Reels e Shorts do Suno Not\u00edcias. Anteriormente, trabalhou cobrindo economia e cotidiano no ND+ e para o ND, maior jornal impresso de Santa Catarina. Cursou um semestre letivo de Estudos de M\u00eddia na Universidad de Buenos Aires.\",\"url\":\"https:\/\/www.suno.com.br\/noticias\/author\/eduardo-vargas\/\"}]}<\/script>\n<!-- \/ Yoast SEO plugin. -->","yoast_head_json":{"title":"Arrecada\u00e7\u00e3o de impostos federais chega a recorde em janeiro, com alta de 18,3%","description":"Os Impostos sobre Operac\u0327o\u0303es Financeiras (IOF) teve arrecadac\u0327a\u0303o de R$ 4,6 bilho\u0303es, em alta real de 91%. Clique aqui e leia mais.","robots":{"index":"index","follow":"follow","max-snippet":"max-snippet:-1","max-image-preview":"max-image-preview:large","max-video-preview":"max-video-preview:-1"},"canonical":"https:\/\/www.suno.com.br\/noticias\/arrecadacao-impostos-federais-recorde\/","og_locale":"pt_BR","og_type":"article","og_title":"Arrecada\u00e7\u00e3o de impostos federais chega a recorde em janeiro, com alta de 18,3%","og_description":"Os Impostos sobre Operac\u0327o\u0303es Financeiras (IOF) teve arrecadac\u0327a\u0303o de R$ 4,6 bilho\u0303es, em alta real de 91%. Clique aqui e leia mais.","og_url":"https:\/\/www.suno.com.br\/noticias\/arrecadacao-impostos-federais-recorde\/","og_site_name":"Suno Not\u00edcias","article_publisher":"https:\/\/facebook.com\/sunoresearch","og_image":[{"width":2560,"height":1707,"url":"https:\/\/files.sunoresearch.com.br\/n\/uploads\/2021\/10\/paulo-guedes_mcamgo_abr_220720211818-6-scaled.jpg","type":"image\/jpeg"}],"author":"Eduardo Vargas","twitter_card":"summary_large_image","twitter_creator":"@sunoresearch","twitter_site":"@sunoresearch","twitter_misc":{"Escrito por":"Eduardo Vargas","Est. tempo de leitura":"3 minutos"},"schema":{"@context":"https:\/\/schema.org","@graph":[{"@type":"NewsArticle","@id":"https:\/\/www.suno.com.br\/noticias\/arrecadacao-impostos-federais-recorde\/#article","isPartOf":{"@id":"https:\/\/www.suno.com.br\/noticias\/arrecadacao-impostos-federais-recorde\/"},"author":{"name":"Eduardo Vargas","@id":"https:\/\/www.suno.com.br\/noticias\/#\/schema\/person\/7f4d362bf3518e76090143ae77bb49a5"},"headline":"Arrecada\u00e7\u00e3o de impostos federais chega a recorde em janeiro, com alta de 18,3%","datePublished":"2022-02-23T17:06:09+00:00","dateModified":"2022-02-23T17:52:09+00:00","mainEntityOfPage":{"@id":"https:\/\/www.suno.com.br\/noticias\/arrecadacao-impostos-federais-recorde\/"},"wordCount":535,"publisher":{"@id":"https:\/\/www.suno.com.br\/noticias\/#organization"},"image":{"@id":"https:\/\/www.suno.com.br\/noticias\/arrecadacao-impostos-federais-recorde\/#primaryimage"},"thumbnailUrl":"https:\/\/files.sunoresearch.com.br\/n\/uploads\/2021\/10\/paulo-guedes_mcamgo_abr_220720211818-6-scaled.jpg","keywords":["Ag\u00eancias","Arrecada\u00e7\u00e3o federal","impostos"],"articleSection":["Economia"],"inLanguage":"pt-BR"},{"@type":"WebPage","@id":"https:\/\/www.suno.com.br\/noticias\/arrecadacao-impostos-federais-recorde\/","url":"https:\/\/www.suno.com.br\/noticias\/arrecadacao-impostos-federais-recorde\/","name":"Arrecada\u00e7\u00e3o de impostos federais chega a recorde em janeiro, com alta de 18,3%","isPartOf":{"@id":"https:\/\/www.suno.com.br\/noticias\/#website"},"primaryImageOfPage":{"@id":"https:\/\/www.suno.com.br\/noticias\/arrecadacao-impostos-federais-recorde\/#primaryimage"},"image":{"@id":"https:\/\/www.suno.com.br\/noticias\/arrecadacao-impostos-federais-recorde\/#primaryimage"},"thumbnailUrl":"https:\/\/files.sunoresearch.com.br\/n\/uploads\/2021\/10\/paulo-guedes_mcamgo_abr_220720211818-6-scaled.jpg","datePublished":"2022-02-23T17:06:09+00:00","dateModified":"2022-02-23T17:52:09+00:00","description":"Os Impostos sobre Operac\u0327o\u0303es Financeiras (IOF) teve arrecadac\u0327a\u0303o de R$ 4,6 bilho\u0303es, em alta real de 91%. Clique aqui e leia mais.","breadcrumb":{"@id":"https:\/\/www.suno.com.br\/noticias\/arrecadacao-impostos-federais-recorde\/#breadcrumb"},"inLanguage":"pt-BR","potentialAction":[{"@type":"ReadAction","target":["https:\/\/www.suno.com.br\/noticias\/arrecadacao-impostos-federais-recorde\/"]}]},{"@type":"ImageObject","inLanguage":"pt-BR","@id":"https:\/\/www.suno.com.br\/noticias\/arrecadacao-impostos-federais-recorde\/#primaryimage","url":"https:\/\/files.sunoresearch.com.br\/n\/uploads\/2021\/10\/paulo-guedes_mcamgo_abr_220720211818-6-scaled.jpg","contentUrl":"https:\/\/files.sunoresearch.com.br\/n\/uploads\/2021\/10\/paulo-guedes_mcamgo_abr_220720211818-6-scaled.jpg","width":2560,"height":1707,"caption":"Paulo Guedes Foto: Marcelo Camargo\/Ag\u00eancia Brasil"},{"@type":"BreadcrumbList","@id":"https:\/\/www.suno.com.br\/noticias\/arrecadacao-impostos-federais-recorde\/#breadcrumb","itemListElement":[{"@type":"ListItem","position":1,"name":"Not\u00edcias","item":"https:\/\/www.suno.com.br\/noticias\/"},{"@type":"ListItem","position":2,"name":"Economia","item":"https:\/\/www.suno.com.br\/noticias\/economia\/"},{"@type":"ListItem","position":3,"name":"Arrecada\u00e7\u00e3o de impostos federais chega a recorde em janeiro, com alta de 18,3%"}]},{"@type":"WebSite","@id":"https:\/\/www.suno.com.br\/noticias\/#website","url":"https:\/\/www.suno.com.br\/noticias\/","name":"Suno Not\u00edcias","description":"Seu portal de informa\u00e7\u00e3o sobre o mundo dos investimentos","publisher":{"@id":"https:\/\/www.suno.com.br\/noticias\/#organization"},"potentialAction":[{"@type":"SearchAction","target":{"@type":"EntryPoint","urlTemplate":"https:\/\/www.suno.com.br\/noticias\/?s={search_term_string}"},"query-input":{"@type":"PropertyValueSpecification","valueRequired":true,"valueName":"search_term_string"}}],"inLanguage":"pt-BR"},{"@type":"Organization","@id":"https:\/\/www.suno.com.br\/noticias\/#organization","name":"Suno Not\u00edcias","url":"https:\/\/www.suno.com.br\/noticias\/","logo":{"@type":"ImageObject","inLanguage":"pt-BR","@id":"https:\/\/www.suno.com.br\/noticias\/#\/schema\/logo\/image\/","url":"https:\/\/files.sunoresearch.com.br\/n\/uploads\/2021\/09\/suno-logo.png","contentUrl":"https:\/\/files.sunoresearch.com.br\/n\/uploads\/2021\/09\/suno-logo.png","width":180,"height":180,"caption":"Suno Not\u00edcias"},"image":{"@id":"https:\/\/www.suno.com.br\/noticias\/#\/schema\/logo\/image\/"},"sameAs":["https:\/\/facebook.com\/sunoresearch","https:\/\/x.com\/sunoresearch","https:\/\/www.instagram.com\/suno","https:\/\/www.linkedin.com\/company\/suno-research\/","https:\/\/www.youtube.com\/c\/sunoresearch"]},{"@type":"Person","@id":"https:\/\/www.suno.com.br\/noticias\/#\/schema\/person\/7f4d362bf3518e76090143ae77bb49a5","name":"Eduardo Vargas","image":{"@type":"ImageObject","inLanguage":"pt-BR","@id":"https:\/\/www.suno.com.br\/noticias\/#\/schema\/person\/image\/","url":"https:\/\/secure.gravatar.com\/avatar\/dac340933427a22924c9f99d1eb2e3f2?s=96&r=g","contentUrl":"https:\/\/secure.gravatar.com\/avatar\/dac340933427a22924c9f99d1eb2e3f2?s=96&r=g","caption":"Eduardo Vargas"},"description":"Jornalista formado pela UFSC, cobre macroeconomia, neg\u00f3cios e startups para o Suno Not\u00edcias, escrevendo principalmente not\u00edcias sobre o mercado financeiro e a bolsa de valores. No YouTube e no Instagram, \u00e9 respons\u00e1vel pela produ\u00e7\u00e3o de Reels e Shorts do Suno Not\u00edcias. Anteriormente, trabalhou cobrindo economia e cotidiano no ND+ e para o ND, maior jornal impresso de Santa Catarina. Cursou um semestre letivo de Estudos de M\u00eddia na Universidad de Buenos Aires.","url":"https:\/\/www.suno.com.br\/noticias\/author\/eduardo-vargas\/"}]}},"default_loop_html":"<div class=\"cardsPage__listCard__boxs\"><div class=\"cardsPage__listCard__boxs__img\"><a href=\"https:\/\/www.suno.com.br\/noticias\/arrecadacao-impostos-federais-recorde\/\"><img class=\"mask\" src=\"https:\/\/www.suno.com.br\/noticias\/wp-content\/themes\/suno\/resources\/images\/spotlight\/spotlight1img\/bg-mask.png\" alt=\"Image Mask\"\/><img src=\"https:\/\/files.sunoresearch.com.br\/n\/uploads\/2021\/10\/paulo-guedes_mcamgo_abr_220720211818-6-400x200.jpg\" alt=\"Arrecada\u00e7\u00e3o de impostos federais chega a recorde em janeiro, com alta de 18,3%\"\/><\/a><span class=\"spotlightCategory\"><a href=\"https:\/\/www.suno.com.br\/noticias\/economia\/\">Economia<\/a><\/span><\/div><div class=\"cardsPage__listCard__boxs__content\"><a href=\"https:\/\/www.suno.com.br\/noticias\/arrecadacao-impostos-federais-recorde\/\"><h2 class=\"content__title\">Arrecada\u00e7\u00e3o de impostos federais chega a recorde em janeiro, com alta de 18,3%<\/h2><\/a><div class=\"newsContent__article__meta\"><div class=\"newsContent__article__meta__authorBox\"><a href=\"https:\/\/www.suno.com.br\/noticias\/author\/eduardo-vargas\/\" class=\"authorBox__avatar noMobi\"><img src=\"https:\/\/secure.gravatar.com\/avatar\/dac340933427a22924c9f99d1eb2e3f2?s=96&#038;r=g\" alt=\"Eduardo Vargas\"><\/a><div class=\"authorBox__name\"><span>por\n\t\t\t<a href=\"https:\/\/www.suno.com.br\/noticias\/author\/eduardo-vargas\/\"><span itemprop=\"author\">Eduardo Vargas<\/span><\/a><\/span><time datetime=\"2022-02-23T14:06:09-03:00\" itemprop=\"datePublished\">23\/02\/2022 14:06<\/time><\/div><\/div><\/div><\/div><\/div>","single_layout":"posts","amp_enabled":true,"_links":{"self":[{"href":"https:\/\/www.suno.com.br\/noticias\/wp-json\/wp\/v2\/posts\/234542"}],"collection":[{"href":"https:\/\/www.suno.com.br\/noticias\/wp-json\/wp\/v2\/posts"}],"about":[{"href":"https:\/\/www.suno.com.br\/noticias\/wp-json\/wp\/v2\/types\/post"}],"author":[{"embeddable":true,"href":"https:\/\/www.suno.com.br\/noticias\/wp-json\/wp\/v2\/users\/73"}],"replies":[{"embeddable":true,"href":"https:\/\/www.suno.com.br\/noticias\/wp-json\/wp\/v2\/comments?post=234542"}],"version-history":[{"count":3,"href":"https:\/\/www.suno.com.br\/noticias\/wp-json\/wp\/v2\/posts\/234542\/revisions"}],"predecessor-version":[{"id":234620,"href":"https:\/\/www.suno.com.br\/noticias\/wp-json\/wp\/v2\/posts\/234542\/revisions\/234620"}],"wp:featuredmedia":[{"embeddable":true,"href":"https:\/\/www.suno.com.br\/noticias\/wp-json\/wp\/v2\/media\/191218"}],"wp:attachment":[{"href":"https:\/\/www.suno.com.br\/noticias\/wp-json\/wp\/v2\/media?parent=234542"}],"wp:term":[{"taxonomy":"category","embeddable":true,"href":"https:\/\/www.suno.com.br\/noticias\/wp-json\/wp\/v2\/categories?post=234542"},{"taxonomy":"post_tag","embeddable":true,"href":"https:\/\/www.suno.com.br\/noticias\/wp-json\/wp\/v2\/tags?post=234542"},{"taxonomy":"suno_strategy","embeddable":true,"href":"https:\/\/www.suno.com.br\/noticias\/wp-json\/wp\/v2\/suno_strategy?post=234542"}],"curies":[{"name":"wp","href":"https:\/\/api.w.org\/{rel}","templated":true}]}}