{"id":234534,"date":"2022-02-23T14:59:58","date_gmt":"2022-02-23T17:59:58","guid":{"rendered":"https:\/\/www.suno.com.br\/noticias\/?p=234534"},"modified":"2022-02-23T14:59:58","modified_gmt":"2022-02-23T17:59:58","slug":"fgts-nova-rodada-30-bilhoes","status":"publish","type":"post","link":"https:\/\/www.suno.com.br\/noticias\/fgts-nova-rodada-30-bilhoes\/","title":{"rendered":"FGTS: governo quer autorizar novo saque de R$ 30 bilh\u00f5es, com limite de R$ 1 mil por trabalhador"},"content":{"rendered":"<p>O governo pretende anunciar uma nova rodada de saques do <a class=\"suno-keyword\" href=\"https:\/\/www.suno.com.br\/artigos\/fgts\/\" target=\"_blank\" rel=\"noopener\" data-force=\"no\" data-priority=\"3\">Fundo de Garantia do Tempo de Servi\u00e7o (<strong>FGTS<\/strong>)<\/a>, com valor total de R$ 30 bilh\u00f5es.<\/p>\t<div class=\"wrapper-featured-image\">\n\t\t<figure class=\"spotlightImg\">\n\n\t\t\t<picture>\n\t\t\t\t<source media=\"(max-width: 768px)\" srcset=\"https:\/\/files.sunoresearch.com.br\/n\/uploads\/2020\/08\/a86ec677-saque_de_contas_inativas_do_fgts-400x200.jpg\">\n\t\t\t\t<img loading=\"lazy\" decoding=\"async\" class=\"newsContent__article__imgCapa lazyloadDisabled newsContent__article__imgCapa--noCaption\" src=\"https:\/\/files.sunoresearch.com.br\/n\/uploads\/2020\/08\/a86ec677-saque_de_contas_inativas_do_fgts-800x450.jpg\" width=\"800\" height=\"450\" alt=\"FGTS: governo quer autorizar novo saque de R$ 30 bilh\u00f5es, com limite de R$ 1 mil por trabalhador\" fetchpriority=high \/>\n\t\t\t<\/picture>\n\n\t\t\t<figcaption class=\"wp-caption-text wp-caption-text--hide\"><\/figcaption>\n\t\t<\/figure>\n\t<\/div>\n\n\n\t<p>\n\t\t<a href=\"https:\/\/lp.suno.com.br\/planilha-controle-gastos\/\" target=\"_blank\" data-element=\"shortcode-suno-banner\" title=\"Banner SUNO, clique e saiba mais\">\n\t\t\t<picture>\n\t\t\t\t<source media=\"(max-width: 500px)\" srcset=\"https:\/\/files.sunoresearch.com.br\/n\/uploads\/2023\/03\/400x300-Planilha-controle-de-gastos.png\">\n\t\t\t\t<img class=\"newsContent__article__imgCapa newsContent__article__imgCapa--banner\"\n\t\t\t\t\tsrc=\"https:\/\/files.sunoresearch.com.br\/n\/uploads\/2023\/03\/1420x240-Planilha-controle-de-gastos.png\"\n\t\t\t\t\tdata-promo-id=\"101751\"\t\t\t\t\t\t\t\t\t\twidth='1420' height='240'\t\t\t\t\talt=\"https:\/\/files.sunoresearch.com.br\/n\/uploads\/2023\/03\/1420x240-Planilha-controle-de-gastos.png\"\n\t\t\t\t>\n\t\t\t<\/picture>\n\t\t<\/a>\n\t<\/p>\n\n\n<p>Aproximadamente 40 milh\u00f5es de trabalhadores seriam beneficiados, e cada um que tivesse o direito conseguiria sacar at\u00e9 R$ 1 mil, a depender dos saldos das contas existentes.<\/p>\n<p>A medida, antecipada na \u00faltima ter\u00e7a-feira (22) pelo ministro da Economia, <strong>Paulo Guedes<\/strong>, aprovaria o novo saque. O governo editaria uma medida provis\u00f3ria (MP) para efetivar a ideia.<\/p>\n<p>Em evento realizado pelo <a class=\"suno-keyword\" href=\"https:\/\/www.suno.com.br\/acoes\/BPAC11\/\" target=\"_blank\" rel=\"noopener\" data-force=\"yes\" data-priority=\"2\">BTG Pactual (BPAC11)<\/a> ontem, o ministro afirmou que existem pessoas passando por dificuldades financeiras, sem acesso ao fundo privado com recursos. \u201c\u00c0s vezes, o cara est\u00e1 devendo dinheiro no banco e est\u00e1 credor no FGTS. Por que n\u00e3o pode sacar essa conta e liquidar a d\u00edvida dele do outro lado?\u201d, disse.<\/p>\n\t<p>\n\t\t<a href=\"https:\/\/lp.suno.com.br\/planilha-da-vida-financeira\/\" target=\"_blank\" data-element=\"shortcode-suno-banner\" title=\"Banner SUNO, clique e saiba mais\">\n\t\t\t<picture>\n\t\t\t\t<source media=\"(max-width: 500px)\" srcset=\"https:\/\/files.sunoresearch.com.br\/n\/uploads\/2023\/04\/400x300-Planilha-vida-financeira-true.png\">\n\t\t\t\t<img class=\"newsContent__article__imgCapa newsContent__article__imgCapa--banner\"\n\t\t\t\t\tsrc=\"https:\/\/files.sunoresearch.com.br\/n\/uploads\/2023\/04\/1420x240-Planilha-vida-financeira-true.png\"\n\t\t\t\t\tdata-promo-id=\"106682\"\t\t\t\t\t\t\t\t\t\twidth='1420' height='240'\t\t\t\t\talt=\"https:\/\/files.sunoresearch.com.br\/n\/uploads\/2023\/04\/1420x240-Planilha-vida-financeira-true.png\"\n\t\t\t\t>\n\t\t\t<\/picture>\n\t\t<\/a>\n\t<\/p>\n\n\n<p>A equipe econ\u00f4mica do governo j\u00e1 havia considerado liberar um novo saque em 2021, por causa da pandemia de Covid-19. Por\u00e9m, no per\u00edodo, n\u00e3o tinha disponibilidade de recursos no FGTS.<\/p>\n<p>Agora, diz o minist\u00e9rio, a situa\u00e7\u00e3o est\u00e1 melhor com as aplica\u00e7\u00f5es do fundo em <a class=\"suno-keyword\" href=\"https:\/\/www.suno.com.br\/artigos\/titulos-publicos\/\" target=\"_blank\" rel=\"noopener\" data-force=\"no\" data-priority=\"1\">t\u00edtulos p\u00fablicos<\/a>, atrelados \u00e0 taxa de juros b\u00e1sica, a Selic. A Caixa Econ\u00f4mica Federal vai efetuar o pagamento dentro de um cronograma, conforme o m\u00eas de nascimento dos trabalhadores.<\/p>\n<p>Por outro lado, um novo saque seria preocupante para o setor de constru\u00e7\u00e3o civil, que utiliza os recursos. \u201cMais uma vez opta-se em usar o FGTS como complemento de renda ao inv\u00e9s de usa-lo para gerar bem-estar social, empregos e renda\u201d, criticou o presidente da C\u00e2mara Brasileira da Ind\u00fastria da Constru\u00e7\u00e3o (CBIC), Jos\u00e9 Carlos Martins.<\/p>\n\t<p>\n\t\t<a href=\"https:\/\/lp.suno.com.br\/ebook-como-analisar-uma-acao\/\" target=\"_blank\" data-element=\"shortcode-suno-banner\" title=\"Banner SUNO, clique e saiba mais\">\n\t\t\t<picture>\n\t\t\t\t<source media=\"(max-width: 500px)\" srcset=\"https:\/\/files.sunoresearch.com.br\/n\/uploads\/2023\/03\/Ebook-Acoes-Mobile-1.jpg\">\n\t\t\t\t<img class=\"newsContent__article__imgCapa newsContent__article__imgCapa--banner\"\n\t\t\t\t\tsrc=\"https:\/\/files.sunoresearch.com.br\/n\/uploads\/2023\/03\/Ebook-Acoes-Desktop-1.jpg\"\n\t\t\t\t\tdata-promo-id=\"171998\"\t\t\t\t\t\t\t\t\t\twidth='1420' height='286'\t\t\t\t\talt=\"https:\/\/files.sunoresearch.com.br\/n\/uploads\/2023\/03\/Ebook-Acoes-Desktop-1.jpg\"\n\t\t\t\t>\n\t\t\t<\/picture>\n\t\t<\/a>\n\t<\/p>\n\n\n<h2>Como o aumento da Selic afeta o FGTS<\/h2>\n<p>Com a altera\u00e7\u00e3o, o c\u00e1lculo do rendimento da poupan\u00e7a volta para a regra antiga.<img decoding=\"async\" src=\"https:\/\/agenciabrasil.ebc.com.br\/ebc.png?id=1431112&amp;o=rss\" \/><img decoding=\"async\" src=\"https:\/\/agenciabrasil.ebc.com.br\/ebc.gif?id=1431112&amp;o=rss\" \/>\u00a0Al\u00e9m disso, a nova\u00a0<a class=\"suno-keyword\" href=\"https:\/\/www.suno.com.br\/artigos\/taxa-de-juros\/\" target=\"_blank\" rel=\"noopener\" data-force=\"no\" data-priority=\"1\">taxa b\u00e1sica de juros<\/a>\u00a0tamb\u00e9m afeta financiamentos imobili\u00e1rios e a corre\u00e7\u00e3o do saldo do Fundo de Garantia do Tempo de Servi\u00e7o (<strong>FGTS<\/strong>).<\/p>\n<p>Isso acontece porque a<strong>\u00a0Taxa Referencial<\/strong>\u00a0(TR), que estava zerada, vai subir com o\u00a0<strong>aumento da taxa Selic<\/strong>. A TR \u00e9 calculada pelo\u00a0<strong>Banco Central<\/strong>\u00a0a partir dos juros das Letras do Tesouro Nacional (LTN), que variam seguindo a Selic.<\/p>\n\t<p>\n\t\t<a href=\"https:\/\/lp.suno.com.br\/planilha-de-controle-de-investimentos\/\" target=\"_blank\" data-element=\"shortcode-suno-banner\" title=\"Banner SUNO, clique e saiba mais\">\n\t\t\t<picture>\n\t\t\t\t<source media=\"(max-width: 500px)\" srcset=\"https:\/\/files.sunoresearch.com.br\/n\/uploads\/2023\/03\/400x300-Controle-de-Investimentos.png\">\n\t\t\t\t<img class=\"newsContent__article__imgCapa newsContent__article__imgCapa--banner\"\n\t\t\t\t\tsrc=\"https:\/\/files.sunoresearch.com.br\/n\/uploads\/2023\/03\/1420x240-Controle-de-Investimentos.png\"\n\t\t\t\t\tdata-promo-id=\"75934\"\t\t\t\t\t\t\t\t\t\twidth='1420' height='240'\t\t\t\t\talt=\"https:\/\/files.sunoresearch.com.br\/n\/uploads\/2023\/03\/1420x240-Controle-de-Investimentos.png\"\n\t\t\t\t>\n\t\t\t<\/picture>\n\t\t<\/a>\n\t<\/p>\n\n\n<p>A Taxa Referencial \u00e9 usada como indexador para a corre\u00e7\u00e3o das aplica\u00e7\u00f5es da\u00a0<a class=\"suno-keyword\" href=\"https:\/\/www.suno.com.br\/artigos\/poupanca\/\" target=\"_blank\" rel=\"noopener\" data-force=\"no\" data-priority=\"2\">caderneta de poupan\u00e7a<\/a>, das presta\u00e7\u00f5es dos empr\u00e9stimos do Sistema Financeiro da Habita\u00e7\u00e3o e do\u00a0<strong>Fundo de Garantia do Tempo de Servi\u00e7o (FGTS)<\/strong>.<\/p>\n<p>No caso do <strong>FGTS<\/strong>, a corre\u00e7\u00e3o do saldo \u00e9 a TR mais 3%. E nos empr\u00e9stimos para a compra da casa pr\u00f3pria, a taxa corrige as presta\u00e7\u00f5es.<\/p>\n\t<p>\n\t\t<a href=\"\" target=\"_blank\" data-element=\"shortcode-suno-banner\" title=\"Banner SUNO, clique e saiba mais\">\n\t\t\t<picture>\n\t\t\t\t<source media=\"(max-width: 500px)\" srcset=\"\">\n\t\t\t\t<img class=\"newsContent__article__imgCapa newsContent__article__imgCapa--banner\"\n\t\t\t\t\tsrc=\"\"\n\t\t\t\t\tdata-promo-id=\"184190\"\t\t\t\t\t\t\t\t\t\t\t\t\t\t\talt=\"\"\n\t\t\t\t>\n\t\t\t<\/picture>\n\t\t<\/a>\n\t<\/p>\n\n\n","protected":false},"excerpt":{"rendered":"<p>O governo pretende anunciar uma nova rodada de saques do Fundo de Garantia do Tempo de Servi\u00e7o (FGTS), com valor total de R$ 30 bilh\u00f5es. Aproximadamente 40 milh\u00f5es de trabalhadores seriam beneficiados, e cada um que tivesse o direito conseguiria sacar at\u00e9 R$ 1 mil, a depender dos saldos das contas existentes. A medida, antecipada [&hellip;]<\/p>\n","protected":false},"author":146,"featured_media":77256,"comment_status":"closed","ping_status":"closed","sticky":false,"template":"","format":"standard","meta":[],"categories":[62],"tags":[910,909,796],"suno_strategy":[],"class_list":["post-234534","post","type-post","status-publish","format-standard","has-post-thumbnail","hentry","category-economia","tag-fgts","tag-ministerio-da-economia","tag-paulo-guedes"],"yoast_head":"<!-- This site is optimized with the Yoast SEO plugin v24.4 - https:\/\/yoast.com\/wordpress\/plugins\/seo\/ -->\n<title>FGTS: governo quer autorizar saque de R$ 30 bi, com limite de R$ 1 mil<\/title>\n<meta name=\"description\" content=\"O governo pretende anunciar uma nova rodada de saques do Fundo de Garantia do Tempo de Servi\u00e7o (FGTS), com valor de R$ 30 bilh\u00f5es.\" \/>\n<meta name=\"robots\" content=\"index, follow, max-snippet:-1, max-image-preview:large, max-video-preview:-1\" \/>\n<link rel=\"canonical\" href=\"https:\/\/www.suno.com.br\/noticias\/fgts-nova-rodada-30-bilhoes\/\" \/>\n<meta property=\"og:locale\" content=\"pt_BR\" \/>\n<meta property=\"og:type\" content=\"article\" \/>\n<meta property=\"og:title\" content=\"FGTS: governo quer autorizar saque de R$ 30 bi, com limite de R$ 1 mil\" \/>\n<meta property=\"og:description\" content=\"O governo pretende anunciar uma nova rodada de saques do Fundo de Garantia do Tempo de Servi\u00e7o (FGTS), com valor de R$ 30 bilh\u00f5es.\" \/>\n<meta property=\"og:url\" content=\"https:\/\/www.suno.com.br\/noticias\/fgts-nova-rodada-30-bilhoes\/\" \/>\n<meta property=\"og:site_name\" content=\"Suno Not\u00edcias\" \/>\n<meta property=\"article:publisher\" content=\"https:\/\/facebook.com\/sunoresearch\" \/>\n<meta property=\"og:image\" content=\"https:\/\/files.sunoresearch.com.br\/n\/uploads\/2020\/08\/a86ec677-saque_de_contas_inativas_do_fgts-scaled.jpg\" \/>\n\t<meta property=\"og:image:width\" content=\"2560\" \/>\n\t<meta property=\"og:image:height\" content=\"1285\" \/>\n\t<meta property=\"og:image:type\" content=\"image\/jpeg\" \/>\n<meta name=\"author\" content=\"Vict\u00f3ria Anhesini\" \/>\n<meta name=\"twitter:card\" content=\"summary_large_image\" \/>\n<meta name=\"twitter:creator\" content=\"@sunoresearch\" \/>\n<meta name=\"twitter:site\" content=\"@sunoresearch\" \/>\n<meta name=\"twitter:label1\" content=\"Escrito por\" \/>\n\t<meta name=\"twitter:data1\" content=\"Vict\u00f3ria Anhesini\" \/>\n\t<meta name=\"twitter:label2\" content=\"Est. tempo de leitura\" \/>\n\t<meta name=\"twitter:data2\" content=\"3 minutos\" \/>\n<script type=\"application\/ld+json\" class=\"yoast-schema-graph\">{\"@context\":\"https:\/\/schema.org\",\"@graph\":[{\"@type\":\"NewsArticle\",\"@id\":\"https:\/\/www.suno.com.br\/noticias\/fgts-nova-rodada-30-bilhoes\/#article\",\"isPartOf\":{\"@id\":\"https:\/\/www.suno.com.br\/noticias\/fgts-nova-rodada-30-bilhoes\/\"},\"author\":{\"name\":\"Vict\u00f3ria Anhesini\",\"@id\":\"https:\/\/www.suno.com.br\/noticias\/#\/schema\/person\/46d847cb19ad53fde0857adca989c23f\"},\"headline\":\"FGTS: governo quer autorizar novo saque de R$ 30 bilh\u00f5es, com limite de R$ 1 mil por trabalhador\",\"datePublished\":\"2022-02-23T17:59:58+00:00\",\"mainEntityOfPage\":{\"@id\":\"https:\/\/www.suno.com.br\/noticias\/fgts-nova-rodada-30-bilhoes\/\"},\"wordCount\":479,\"publisher\":{\"@id\":\"https:\/\/www.suno.com.br\/noticias\/#organization\"},\"image\":{\"@id\":\"https:\/\/www.suno.com.br\/noticias\/fgts-nova-rodada-30-bilhoes\/#primaryimage\"},\"thumbnailUrl\":\"https:\/\/files.sunoresearch.com.br\/n\/uploads\/2020\/08\/a86ec677-saque_de_contas_inativas_do_fgts-scaled.jpg\",\"keywords\":[\"FGTS\",\"Minist\u00e9rio da Economia\",\"Paulo Guedes\"],\"articleSection\":[\"Economia\"],\"inLanguage\":\"pt-BR\"},{\"@type\":\"WebPage\",\"@id\":\"https:\/\/www.suno.com.br\/noticias\/fgts-nova-rodada-30-bilhoes\/\",\"url\":\"https:\/\/www.suno.com.br\/noticias\/fgts-nova-rodada-30-bilhoes\/\",\"name\":\"FGTS: governo quer autorizar saque de R$ 30 bi, com limite de R$ 1 mil\",\"isPartOf\":{\"@id\":\"https:\/\/www.suno.com.br\/noticias\/#website\"},\"primaryImageOfPage\":{\"@id\":\"https:\/\/www.suno.com.br\/noticias\/fgts-nova-rodada-30-bilhoes\/#primaryimage\"},\"image\":{\"@id\":\"https:\/\/www.suno.com.br\/noticias\/fgts-nova-rodada-30-bilhoes\/#primaryimage\"},\"thumbnailUrl\":\"https:\/\/files.sunoresearch.com.br\/n\/uploads\/2020\/08\/a86ec677-saque_de_contas_inativas_do_fgts-scaled.jpg\",\"datePublished\":\"2022-02-23T17:59:58+00:00\",\"description\":\"O governo pretende anunciar uma nova rodada de saques do Fundo de Garantia do Tempo de Servi\u00e7o (FGTS), com valor de R$ 30 bilh\u00f5es.\",\"breadcrumb\":{\"@id\":\"https:\/\/www.suno.com.br\/noticias\/fgts-nova-rodada-30-bilhoes\/#breadcrumb\"},\"inLanguage\":\"pt-BR\",\"potentialAction\":[{\"@type\":\"ReadAction\",\"target\":[\"https:\/\/www.suno.com.br\/noticias\/fgts-nova-rodada-30-bilhoes\/\"]}]},{\"@type\":\"ImageObject\",\"inLanguage\":\"pt-BR\",\"@id\":\"https:\/\/www.suno.com.br\/noticias\/fgts-nova-rodada-30-bilhoes\/#primaryimage\",\"url\":\"https:\/\/files.sunoresearch.com.br\/n\/uploads\/2020\/08\/a86ec677-saque_de_contas_inativas_do_fgts-scaled.jpg\",\"contentUrl\":\"https:\/\/files.sunoresearch.com.br\/n\/uploads\/2020\/08\/a86ec677-saque_de_contas_inativas_do_fgts-scaled.jpg\",\"width\":2560,\"height\":1285,\"caption\":\"FGTS\"},{\"@type\":\"BreadcrumbList\",\"@id\":\"https:\/\/www.suno.com.br\/noticias\/fgts-nova-rodada-30-bilhoes\/#breadcrumb\",\"itemListElement\":[{\"@type\":\"ListItem\",\"position\":1,\"name\":\"Not\u00edcias\",\"item\":\"https:\/\/www.suno.com.br\/noticias\/\"},{\"@type\":\"ListItem\",\"position\":2,\"name\":\"Economia\",\"item\":\"https:\/\/www.suno.com.br\/noticias\/economia\/\"},{\"@type\":\"ListItem\",\"position\":3,\"name\":\"FGTS: governo quer autorizar novo saque de R$ 30 bilh\u00f5es, com limite de R$ 1 mil por trabalhador\"}]},{\"@type\":\"WebSite\",\"@id\":\"https:\/\/www.suno.com.br\/noticias\/#website\",\"url\":\"https:\/\/www.suno.com.br\/noticias\/\",\"name\":\"Suno Not\u00edcias\",\"description\":\"Seu portal de informa\u00e7\u00e3o sobre o mundo dos investimentos\",\"publisher\":{\"@id\":\"https:\/\/www.suno.com.br\/noticias\/#organization\"},\"potentialAction\":[{\"@type\":\"SearchAction\",\"target\":{\"@type\":\"EntryPoint\",\"urlTemplate\":\"https:\/\/www.suno.com.br\/noticias\/?s={search_term_string}\"},\"query-input\":{\"@type\":\"PropertyValueSpecification\",\"valueRequired\":true,\"valueName\":\"search_term_string\"}}],\"inLanguage\":\"pt-BR\"},{\"@type\":\"Organization\",\"@id\":\"https:\/\/www.suno.com.br\/noticias\/#organization\",\"name\":\"Suno Not\u00edcias\",\"url\":\"https:\/\/www.suno.com.br\/noticias\/\",\"logo\":{\"@type\":\"ImageObject\",\"inLanguage\":\"pt-BR\",\"@id\":\"https:\/\/www.suno.com.br\/noticias\/#\/schema\/logo\/image\/\",\"url\":\"https:\/\/files.sunoresearch.com.br\/n\/uploads\/2021\/09\/suno-logo.png\",\"contentUrl\":\"https:\/\/files.sunoresearch.com.br\/n\/uploads\/2021\/09\/suno-logo.png\",\"width\":180,\"height\":180,\"caption\":\"Suno Not\u00edcias\"},\"image\":{\"@id\":\"https:\/\/www.suno.com.br\/noticias\/#\/schema\/logo\/image\/\"},\"sameAs\":[\"https:\/\/facebook.com\/sunoresearch\",\"https:\/\/x.com\/sunoresearch\",\"https:\/\/www.instagram.com\/suno\",\"https:\/\/www.linkedin.com\/company\/suno-research\/\",\"https:\/\/www.youtube.com\/c\/sunoresearch\"]},{\"@type\":\"Person\",\"@id\":\"https:\/\/www.suno.com.br\/noticias\/#\/schema\/person\/46d847cb19ad53fde0857adca989c23f\",\"name\":\"Vict\u00f3ria Anhesini\",\"image\":{\"@type\":\"ImageObject\",\"inLanguage\":\"pt-BR\",\"@id\":\"https:\/\/www.suno.com.br\/noticias\/#\/schema\/person\/image\/\",\"url\":\"https:\/\/secure.gravatar.com\/avatar\/0172bdfcd9129dd9dd68794804304e6e?s=96&r=g\",\"contentUrl\":\"https:\/\/secure.gravatar.com\/avatar\/0172bdfcd9129dd9dd68794804304e6e?s=96&r=g\",\"caption\":\"Vict\u00f3ria Anhesini\"},\"description\":\"Rep\u00f3rter no Suno Not\u00edcias, cobre mercados, neg\u00f3cios e economia, escrevendo majoritariamente sobre movimentos das empresas, cobertura de balan\u00e7os trimestrais e Bolsa de Valores. Formada em jornalismo pela Universidade Presbiteriana Mackenzie em 2019, passou pelo portal de economia e finan\u00e7as EuQueroInvestir como rep\u00f3rter e anteriormente, trabalhou na assessoria de imprensa PinePR, onde liderou com startups de inova\u00e7\u00e3o, tecnologia e finan\u00e7as. Em seu tempo livre, fala sobre m\u00fasica para ambos os sites do selo ForMusic, Wikimetal e Mad Sound, e faz trabalho volunt\u00e1rio no programa Escreve Cartas do Poupatempo.\",\"sameAs\":[\"https:\/\/www.linkedin.com\/in\/victoria-anhesini\/\"],\"url\":\"https:\/\/www.suno.com.br\/noticias\/author\/victoria\/\"}]}<\/script>\n<!-- \/ Yoast SEO plugin. -->","yoast_head_json":{"title":"FGTS: governo quer autorizar saque de R$ 30 bi, com limite de R$ 1 mil","description":"O governo pretende anunciar uma nova rodada de saques do Fundo de Garantia do Tempo de Servi\u00e7o (FGTS), com valor de R$ 30 bilh\u00f5es.","robots":{"index":"index","follow":"follow","max-snippet":"max-snippet:-1","max-image-preview":"max-image-preview:large","max-video-preview":"max-video-preview:-1"},"canonical":"https:\/\/www.suno.com.br\/noticias\/fgts-nova-rodada-30-bilhoes\/","og_locale":"pt_BR","og_type":"article","og_title":"FGTS: governo quer autorizar saque de R$ 30 bi, com limite de R$ 1 mil","og_description":"O governo pretende anunciar uma nova rodada de saques do Fundo de Garantia do Tempo de Servi\u00e7o (FGTS), com valor de R$ 30 bilh\u00f5es.","og_url":"https:\/\/www.suno.com.br\/noticias\/fgts-nova-rodada-30-bilhoes\/","og_site_name":"Suno Not\u00edcias","article_publisher":"https:\/\/facebook.com\/sunoresearch","og_image":[{"width":2560,"height":1285,"url":"https:\/\/files.sunoresearch.com.br\/n\/uploads\/2020\/08\/a86ec677-saque_de_contas_inativas_do_fgts-scaled.jpg","type":"image\/jpeg"}],"author":"Vict\u00f3ria Anhesini","twitter_card":"summary_large_image","twitter_creator":"@sunoresearch","twitter_site":"@sunoresearch","twitter_misc":{"Escrito por":"Vict\u00f3ria Anhesini","Est. tempo de leitura":"3 minutos"},"schema":{"@context":"https:\/\/schema.org","@graph":[{"@type":"NewsArticle","@id":"https:\/\/www.suno.com.br\/noticias\/fgts-nova-rodada-30-bilhoes\/#article","isPartOf":{"@id":"https:\/\/www.suno.com.br\/noticias\/fgts-nova-rodada-30-bilhoes\/"},"author":{"name":"Vict\u00f3ria Anhesini","@id":"https:\/\/www.suno.com.br\/noticias\/#\/schema\/person\/46d847cb19ad53fde0857adca989c23f"},"headline":"FGTS: governo quer autorizar novo saque de R$ 30 bilh\u00f5es, com limite de R$ 1 mil por trabalhador","datePublished":"2022-02-23T17:59:58+00:00","mainEntityOfPage":{"@id":"https:\/\/www.suno.com.br\/noticias\/fgts-nova-rodada-30-bilhoes\/"},"wordCount":479,"publisher":{"@id":"https:\/\/www.suno.com.br\/noticias\/#organization"},"image":{"@id":"https:\/\/www.suno.com.br\/noticias\/fgts-nova-rodada-30-bilhoes\/#primaryimage"},"thumbnailUrl":"https:\/\/files.sunoresearch.com.br\/n\/uploads\/2020\/08\/a86ec677-saque_de_contas_inativas_do_fgts-scaled.jpg","keywords":["FGTS","Minist\u00e9rio da Economia","Paulo Guedes"],"articleSection":["Economia"],"inLanguage":"pt-BR"},{"@type":"WebPage","@id":"https:\/\/www.suno.com.br\/noticias\/fgts-nova-rodada-30-bilhoes\/","url":"https:\/\/www.suno.com.br\/noticias\/fgts-nova-rodada-30-bilhoes\/","name":"FGTS: governo quer autorizar saque de R$ 30 bi, com limite de R$ 1 mil","isPartOf":{"@id":"https:\/\/www.suno.com.br\/noticias\/#website"},"primaryImageOfPage":{"@id":"https:\/\/www.suno.com.br\/noticias\/fgts-nova-rodada-30-bilhoes\/#primaryimage"},"image":{"@id":"https:\/\/www.suno.com.br\/noticias\/fgts-nova-rodada-30-bilhoes\/#primaryimage"},"thumbnailUrl":"https:\/\/files.sunoresearch.com.br\/n\/uploads\/2020\/08\/a86ec677-saque_de_contas_inativas_do_fgts-scaled.jpg","datePublished":"2022-02-23T17:59:58+00:00","description":"O governo pretende anunciar uma nova rodada de saques do Fundo de Garantia do Tempo de Servi\u00e7o (FGTS), com valor de R$ 30 bilh\u00f5es.","breadcrumb":{"@id":"https:\/\/www.suno.com.br\/noticias\/fgts-nova-rodada-30-bilhoes\/#breadcrumb"},"inLanguage":"pt-BR","potentialAction":[{"@type":"ReadAction","target":["https:\/\/www.suno.com.br\/noticias\/fgts-nova-rodada-30-bilhoes\/"]}]},{"@type":"ImageObject","inLanguage":"pt-BR","@id":"https:\/\/www.suno.com.br\/noticias\/fgts-nova-rodada-30-bilhoes\/#primaryimage","url":"https:\/\/files.sunoresearch.com.br\/n\/uploads\/2020\/08\/a86ec677-saque_de_contas_inativas_do_fgts-scaled.jpg","contentUrl":"https:\/\/files.sunoresearch.com.br\/n\/uploads\/2020\/08\/a86ec677-saque_de_contas_inativas_do_fgts-scaled.jpg","width":2560,"height":1285,"caption":"FGTS"},{"@type":"BreadcrumbList","@id":"https:\/\/www.suno.com.br\/noticias\/fgts-nova-rodada-30-bilhoes\/#breadcrumb","itemListElement":[{"@type":"ListItem","position":1,"name":"Not\u00edcias","item":"https:\/\/www.suno.com.br\/noticias\/"},{"@type":"ListItem","position":2,"name":"Economia","item":"https:\/\/www.suno.com.br\/noticias\/economia\/"},{"@type":"ListItem","position":3,"name":"FGTS: governo quer autorizar novo saque de R$ 30 bilh\u00f5es, com limite de R$ 1 mil por trabalhador"}]},{"@type":"WebSite","@id":"https:\/\/www.suno.com.br\/noticias\/#website","url":"https:\/\/www.suno.com.br\/noticias\/","name":"Suno Not\u00edcias","description":"Seu portal de informa\u00e7\u00e3o sobre o mundo dos investimentos","publisher":{"@id":"https:\/\/www.suno.com.br\/noticias\/#organization"},"potentialAction":[{"@type":"SearchAction","target":{"@type":"EntryPoint","urlTemplate":"https:\/\/www.suno.com.br\/noticias\/?s={search_term_string}"},"query-input":{"@type":"PropertyValueSpecification","valueRequired":true,"valueName":"search_term_string"}}],"inLanguage":"pt-BR"},{"@type":"Organization","@id":"https:\/\/www.suno.com.br\/noticias\/#organization","name":"Suno Not\u00edcias","url":"https:\/\/www.suno.com.br\/noticias\/","logo":{"@type":"ImageObject","inLanguage":"pt-BR","@id":"https:\/\/www.suno.com.br\/noticias\/#\/schema\/logo\/image\/","url":"https:\/\/files.sunoresearch.com.br\/n\/uploads\/2021\/09\/suno-logo.png","contentUrl":"https:\/\/files.sunoresearch.com.br\/n\/uploads\/2021\/09\/suno-logo.png","width":180,"height":180,"caption":"Suno Not\u00edcias"},"image":{"@id":"https:\/\/www.suno.com.br\/noticias\/#\/schema\/logo\/image\/"},"sameAs":["https:\/\/facebook.com\/sunoresearch","https:\/\/x.com\/sunoresearch","https:\/\/www.instagram.com\/suno","https:\/\/www.linkedin.com\/company\/suno-research\/","https:\/\/www.youtube.com\/c\/sunoresearch"]},{"@type":"Person","@id":"https:\/\/www.suno.com.br\/noticias\/#\/schema\/person\/46d847cb19ad53fde0857adca989c23f","name":"Vict\u00f3ria Anhesini","image":{"@type":"ImageObject","inLanguage":"pt-BR","@id":"https:\/\/www.suno.com.br\/noticias\/#\/schema\/person\/image\/","url":"https:\/\/secure.gravatar.com\/avatar\/0172bdfcd9129dd9dd68794804304e6e?s=96&r=g","contentUrl":"https:\/\/secure.gravatar.com\/avatar\/0172bdfcd9129dd9dd68794804304e6e?s=96&r=g","caption":"Vict\u00f3ria Anhesini"},"description":"Rep\u00f3rter no Suno Not\u00edcias, cobre mercados, neg\u00f3cios e economia, escrevendo majoritariamente sobre movimentos das empresas, cobertura de balan\u00e7os trimestrais e Bolsa de Valores. Formada em jornalismo pela Universidade Presbiteriana Mackenzie em 2019, passou pelo portal de economia e finan\u00e7as EuQueroInvestir como rep\u00f3rter e anteriormente, trabalhou na assessoria de imprensa PinePR, onde liderou com startups de inova\u00e7\u00e3o, tecnologia e finan\u00e7as. Em seu tempo livre, fala sobre m\u00fasica para ambos os sites do selo ForMusic, Wikimetal e Mad Sound, e faz trabalho volunt\u00e1rio no programa Escreve Cartas do Poupatempo.","sameAs":["https:\/\/www.linkedin.com\/in\/victoria-anhesini\/"],"url":"https:\/\/www.suno.com.br\/noticias\/author\/victoria\/"}]}},"default_loop_html":"<div class=\"cardsPage__listCard__boxs\"><div class=\"cardsPage__listCard__boxs__img\"><a href=\"https:\/\/www.suno.com.br\/noticias\/fgts-nova-rodada-30-bilhoes\/\"><img class=\"mask\" src=\"https:\/\/www.suno.com.br\/noticias\/wp-content\/themes\/suno\/resources\/images\/spotlight\/spotlight1img\/bg-mask.png\" alt=\"Image Mask\"\/><img src=\"https:\/\/files.sunoresearch.com.br\/n\/uploads\/2020\/08\/a86ec677-saque_de_contas_inativas_do_fgts-400x200.jpg\" alt=\"FGTS: governo quer autorizar novo saque de R$ 30 bilh\u00f5es, com limite de R$ 1 mil por trabalhador\"\/><\/a><span class=\"spotlightCategory\"><a href=\"https:\/\/www.suno.com.br\/noticias\/economia\/\">Economia<\/a><\/span><\/div><div class=\"cardsPage__listCard__boxs__content\"><a href=\"https:\/\/www.suno.com.br\/noticias\/fgts-nova-rodada-30-bilhoes\/\"><h2 class=\"content__title\">FGTS: governo quer autorizar novo saque de R$ 30 bilh\u00f5es, com limite de R$ 1 mil por trabalhador<\/h2><\/a><div class=\"newsContent__article__meta\"><div class=\"newsContent__article__meta__authorBox\"><a href=\"https:\/\/www.suno.com.br\/noticias\/author\/victoria\/\" class=\"authorBox__avatar noMobi\"><img src=\"https:\/\/files.sunoresearch.com.br\/n\/uploads\/2021\/12\/20190129VickyPINEAPPLE01-1-150x150.jpg\" alt=\"Vict\u00f3ria Anhesini\"><\/a><div class=\"authorBox__name\"><span>por\n\t\t\t<a href=\"https:\/\/www.suno.com.br\/noticias\/author\/victoria\/\"><span itemprop=\"author\">Vict\u00f3ria Anhesini<\/span><\/a><\/span><time datetime=\"2022-02-23T14:59:58-03:00\" itemprop=\"datePublished\">23\/02\/2022 14:59<\/time><\/div><\/div><\/div><\/div><\/div>","single_layout":"posts","amp_enabled":true,"_links":{"self":[{"href":"https:\/\/www.suno.com.br\/noticias\/wp-json\/wp\/v2\/posts\/234534"}],"collection":[{"href":"https:\/\/www.suno.com.br\/noticias\/wp-json\/wp\/v2\/posts"}],"about":[{"href":"https:\/\/www.suno.com.br\/noticias\/wp-json\/wp\/v2\/types\/post"}],"author":[{"embeddable":true,"href":"https:\/\/www.suno.com.br\/noticias\/wp-json\/wp\/v2\/users\/146"}],"replies":[{"embeddable":true,"href":"https:\/\/www.suno.com.br\/noticias\/wp-json\/wp\/v2\/comments?post=234534"}],"version-history":[{"count":3,"href":"https:\/\/www.suno.com.br\/noticias\/wp-json\/wp\/v2\/posts\/234534\/revisions"}],"predecessor-version":[{"id":234626,"href":"https:\/\/www.suno.com.br\/noticias\/wp-json\/wp\/v2\/posts\/234534\/revisions\/234626"}],"wp:featuredmedia":[{"embeddable":true,"href":"https:\/\/www.suno.com.br\/noticias\/wp-json\/wp\/v2\/media\/77256"}],"wp:attachment":[{"href":"https:\/\/www.suno.com.br\/noticias\/wp-json\/wp\/v2\/media?parent=234534"}],"wp:term":[{"taxonomy":"category","embeddable":true,"href":"https:\/\/www.suno.com.br\/noticias\/wp-json\/wp\/v2\/categories?post=234534"},{"taxonomy":"post_tag","embeddable":true,"href":"https:\/\/www.suno.com.br\/noticias\/wp-json\/wp\/v2\/tags?post=234534"},{"taxonomy":"suno_strategy","embeddable":true,"href":"https:\/\/www.suno.com.br\/noticias\/wp-json\/wp\/v2\/suno_strategy?post=234534"}],"curies":[{"name":"wp","href":"https:\/\/api.w.org\/{rel}","templated":true}]}}