{"id":234467,"date":"2022-02-23T14:50:56","date_gmt":"2022-02-23T17:50:56","guid":{"rendered":"https:\/\/www.suno.com.br\/noticias\/?p=234467"},"modified":"2022-02-23T14:50:56","modified_gmt":"2022-02-23T17:50:56","slug":"ucrania-russia-estado-emergencia-guerra-europa","status":"publish","type":"post","link":"https:\/\/www.suno.com.br\/noticias\/ucrania-russia-estado-emergencia-guerra-europa\/","title":{"rendered":"Ucr\u00e2nia decreta estado de emerg\u00eancia e UE marca reuni\u00e3o para definir san\u00e7\u00f5es"},"content":{"rendered":"<p>A <strong>Ucr\u00e2nia<\/strong> decretou estado de emerg\u00eancia ap\u00f3s os \u00faltimos movimentos da R\u00fassia, determinados pelo presidente Vladimir Putin. Na semana anterior os pa\u00edses tiveram um arrefecimento da tens\u00e3o, mas as incertezas voltaram ap\u00f3s os soldados russos <a href=\"https:\/\/www.suno.com.br\/noticias\/exercito-russia-mata-ucranianos\/\">matarem 5 ucranianos em tentativa de invas\u00e3o<\/a>. A R\u00fassia reconheceu\u00a0 ainda a independ\u00eancia de <strong>Donetsk<\/strong>\u00a0e\u00a0<strong>Luhansk<\/strong>, regi\u00f5es no leste da Ucr\u00e2nia controladas por separatistas russos. Com a medida, Donetsk e Luhansk n\u00e3o ser\u00e3o mais reconhecidas como territ\u00f3rio ucraniano, o que abre espa\u00e7o para a livre movimenta\u00e7\u00e3o de tropas russas em dire\u00e7\u00e3o \u00e0 capital ucraniana, Kiev.<\/p>\t<div class=\"wrapper-featured-image\">\n\t\t<figure class=\"spotlightImg\">\n\n\t\t\t<picture>\n\t\t\t\t<source media=\"(max-width: 768px)\" srcset=\"https:\/\/files.sunoresearch.com.br\/n\/uploads\/2022\/02\/marching-gad2a0fa6f_1920-400x200.jpg\">\n\t\t\t\t<img loading=\"lazy\" decoding=\"async\" class=\"newsContent__article__imgCapa lazyloadDisabled \" src=\"https:\/\/files.sunoresearch.com.br\/n\/uploads\/2022\/02\/marching-gad2a0fa6f_1920-800x450.jpg\" width=\"800\" height=\"450\" alt=\"Ucr\u00e2nia decreta estado de emerg\u00eancia e UE marca reuni\u00e3o para definir san\u00e7\u00f5es\" fetchpriority=high \/>\n\t\t\t<\/picture>\n\n\t\t\t<figcaption class=\"wp-caption-text wp-caption-text--show\">Ucr\u00e2nia recebeu volume milion\u00e1rio em airdrop recente - Foto: Pixabay<\/figcaption>\n\t\t<\/figure>\n\t<\/div>\n\n\n\t<p>\n\t\t<a href=\"https:\/\/lp.suno.com.br\/planilha-controle-gastos\/\" target=\"_blank\" data-element=\"shortcode-suno-banner\" title=\"Banner SUNO, clique e saiba mais\">\n\t\t\t<picture>\n\t\t\t\t<source media=\"(max-width: 500px)\" srcset=\"https:\/\/files.sunoresearch.com.br\/n\/uploads\/2023\/03\/400x300-Planilha-controle-de-gastos.png\">\n\t\t\t\t<img class=\"newsContent__article__imgCapa newsContent__article__imgCapa--banner\"\n\t\t\t\t\tsrc=\"https:\/\/files.sunoresearch.com.br\/n\/uploads\/2023\/03\/1420x240-Planilha-controle-de-gastos.png\"\n\t\t\t\t\tdata-promo-id=\"101751\"\t\t\t\t\t\t\t\t\t\twidth='1420' height='240'\t\t\t\t\talt=\"https:\/\/files.sunoresearch.com.br\/n\/uploads\/2023\/03\/1420x240-Planilha-controle-de-gastos.png\"\n\t\t\t\t>\n\t\t\t<\/picture>\n\t\t<\/a>\n\t<\/p>\n\n\n<p>A <strong><a class=\"suno-keyword\" href=\"https:\/\/www.suno.com.br\/artigos\/uniao-europeia\/\" target=\"_blank\" rel=\"noopener\" data-force=\"no\" data-priority=\"2\">Uni\u00e3o Europeia<\/a> <\/strong>j\u00e1 anunciou uma primeira rodada de san\u00e7\u00f5es em resposta \u00e0s investidas russas na Ucr\u00e2nia. Os pa\u00edses da UE planejam realizar uma reuni\u00e3o de emerg\u00eancia na quinta por causa dos \u00faltimos eventos.<\/p>\n<p>\u201c<a href=\"https:\/\/www.suno.com.br\/noticias\/petroleo-alta-tensao-russia-ucrania\/\">N\u00f3s, ucranianos, queremos<\/a> paz e resolver todos os problemas por meio da diplomacia\u201d, disse o ministro das Rela\u00e7\u00f5es Exteriores da Ucr\u00e2nia, Dmytro Kuleba.<\/p>\n<p>Com o aumento da tens\u00e3o, a <strong>UE<\/strong> tamb\u00e9m deve abordar a deteriora\u00e7\u00e3o da situa\u00e7\u00e3o de seguran\u00e7a nas fronteiras da <strong>R\u00fassia<\/strong> em reuni\u00e3o emergencial.<\/p>\n<p>Em uma carta aos membros da UE, o presidente do Conselho Europeu, Charles Michel, disse que as \u201ca\u00e7\u00f5es agressivas da Federa\u00e7\u00e3o Russa violam o direito internacional e a integridade territorial e a soberania da Ucr\u00e2nia. Eles tamb\u00e9m minam a ordem de seguran\u00e7a europeia\u201d.<\/p>\n<p>\u201c\u00c9 importante que continuemos unidos e determinados e definamos conjuntamente nossa abordagem e a\u00e7\u00f5es coletivas\u201d, acrescentou.<\/p>\n\t<p>\n\t\t<a href=\"\" target=\"_blank\" data-element=\"shortcode-suno-banner\" title=\"Banner SUNO, clique e saiba mais\">\n\t\t\t<picture>\n\t\t\t\t<source media=\"(max-width: 500px)\" srcset=\"\">\n\t\t\t\t<img class=\"newsContent__article__imgCapa newsContent__article__imgCapa--banner\"\n\t\t\t\t\tsrc=\"\"\n\t\t\t\t\tdata-promo-id=\"77030\"\t\t\t\t\t\t\t\t\t\t\t\t\t\t\talt=\"\"\n\t\t\t\t>\n\t\t\t<\/picture>\n\t\t<\/a>\n\t<\/p>\n\n\n<p>A reuni\u00e3o ocorre exatamente uma semana ap\u00f3s a mais recente c\u00fapula convocada \u00e0s pressas para discutir a atual crise na Ucr\u00e2nia. A unanimidade entre as 27 na\u00e7\u00f5es \u00e9 necess\u00e1ria para que o bloco imponha san\u00e7\u00f5es.<\/p>\n<p>A <a class=\"suno-keyword\" href=\"https:\/\/www.suno.com.br\/artigos\/uniao-europeia\/\" target=\"_blank\" rel=\"noopener\" data-force=\"no\" data-priority=\"2\">Uni\u00e3o Europeia<\/a> deve divulgar san\u00e7\u00f5es aos principais aliados do presidente russo, <strong>Vladimir Putin<\/strong>, em resposta \u00e0 decis\u00e3o de Moscou de reconhecer duas regi\u00f5es separatistas no leste da Ucr\u00e2nia e enviar tropas para as \u00e1reas, informou o The New York Times.<\/p>\n<p>As medidas de retalia\u00e7\u00e3o, que podem ser detalhadas na quinta-feira, teriam como alvos como o ministro da Defesa russo, Sergei Shoigu,<a href=\"https:\/\/www.suno.com.br\/noticias\/putin-reconhece-separatistas-ucrania-impulsiona-petroleo\/\"> e o chefe de gabinete de <strong>Putin<\/strong>, Anton Vaino, segundo reportado pelo The New York Times<\/a>.<\/p>\n<p>O bloco tamb\u00e9m pode definir san\u00e7\u00f5es contra importantes funcion\u00e1rios da m\u00eddia russa.<\/p>\n\t<p>\n\t\t<a href=\"\" target=\"_blank\" data-element=\"shortcode-suno-banner\" title=\"Banner SUNO, clique e saiba mais\">\n\t\t\t<picture>\n\t\t\t\t<source media=\"(max-width: 500px)\" srcset=\"\">\n\t\t\t\t<img class=\"newsContent__article__imgCapa newsContent__article__imgCapa--banner\"\n\t\t\t\t\tsrc=\"\"\n\t\t\t\t\tdata-promo-id=\"92668\"\t\t\t\t\t\t\t\t\t\t\t\t\t\t\talt=\"\"\n\t\t\t\t>\n\t\t\t<\/picture>\n\t\t<\/a>\n\t<\/p>\n\n\n<h2>Com tens\u00e3o na Ucr\u00e2nia, EUA saem na frente nas san\u00e7\u00f5es<\/h2>\n<p>Recentemente o <a href=\"http:\/\/en.kremlin.ru\/\">Kremlin<\/a> criticou as san\u00e7\u00f5es impostas a Moscou pelo presidente dos EUA, Joe Biden, na ter\u00e7a (22).<\/p>\n<p>Em um post em sua p\u00e1gina oficial no Facebook, o Minist\u00e9rio das Rela\u00e7\u00f5es Exteriores da R\u00fassia chamou as san\u00e7\u00f5es de \u201cineficazes e contraproducentes para os pr\u00f3prios interesses dos Estados Unidos\u201d.<\/p>\n<p>\u201cA R\u00fassia provou que pode minimizar as perdas dessas san\u00e7\u00f5es. Mais do que isso, a press\u00e3o das san\u00e7\u00f5es n\u00e3o afetar\u00e1 nossa determina\u00e7\u00e3o de continuar defendendo nossos interesses\u201d, disse o minist\u00e9rio.<\/p>\n<p>Alegou que os EUA tinham \u201cuma falsa convic\u00e7\u00e3o de que ainda tem o direito de impor suas pr\u00f3prias regras da ordem mundial\u201d, apelidando as novas san\u00e7\u00f5es de \u201cchantagem\u201d.<\/p>\n<p>\u201cEstamos abertos apenas \u00e0 diplomacia baseada em princ\u00edpios de respeito m\u00fatuo, igualdade e considera\u00e7\u00e3o dos interesses de cada um\u201d, acrescentou o minist\u00e9rio. \u201cN\u00e3o h\u00e1 d\u00favida de que haver\u00e1 uma resposta forte \u00e0s san\u00e7\u00f5es, n\u00e3o necessariamente sim\u00e9trica, mas comedida e consider\u00e1vel para o lado americano.\u201d<\/p>\n<p>O presidente russo, Vladimir Putin, disse em um discurso nesta quarta-feira que Moscou estava aberta \u00e0 diplomacia, apesar de ter ordenado tropas para o leste da Ucr\u00e2nia um dia antes.<\/p>\n<p><a href=\"https:\/\/www.suno.com.br\/noticias\/ucrania-suspense-reuniao-putin-biden-mercados\/\">&#8220;Vou come\u00e7ar a impor san\u00e7\u00f5es em resposta,<\/a> muito al\u00e9m das medidas que n\u00f3s e nossos aliados e parceiros implementamos em 2014. E se a R\u00fassia for mais longe com essa invas\u00e3o, estamos preparados para ir al\u00e9m com as san\u00e7\u00f5es&#8221;, disse Biden, na ter\u00e7a.<\/p>\n<p>O democrata afirmou que as san\u00e7\u00f5es inicialmente afetam o banco VEB e o banco militar russo, cortando seu acesso a financiamento ocidental. A partir desta quarta haver\u00e1 tamb\u00e9m san\u00e7\u00f5es financeiras contra a elite russa e seus familiares.<\/p>\n<p>\u201cEstamos implementando san\u00e7\u00f5es \u00e0 d\u00edvida soberana da R\u00fassia. Isso significa que cortamos o governo da R\u00fassia do financiamento ocidental\u201d, afirmou.<\/p>\n<p><a href=\"https:\/\/www.suno.com.br\/noticias\/russia-e-belarus-vao-manter-exercicios-militares-em-meio-a-crise-com-a-ucrania\/\">O presidente do EUA apontou que Putin est\u00e1 preparando uma tomada de territ\u00f3rio<\/a> ucraniano que vai al\u00e9m das regi\u00f5es separatistas de Luhansk e Donetsk.<\/p>\n<p>&#8220;Ele est\u00e1 configurando um argumento para ir muito al\u00e9m. Este \u00e9 o come\u00e7o de uma invas\u00e3o russa na <strong>Ucr\u00e2nia<\/strong>&#8220;, disse. Biden condenou tamb\u00e9m o que considera ser &#8220;uma flagrante viola\u00e7\u00e3o da lei internacional&#8221;.<\/p>\n\t<p>\n\t\t<a href=\"https:\/\/lp.suno.com.br\/planilha-de-controle-de-investimentos\/\" target=\"_blank\" data-element=\"shortcode-suno-banner\" title=\"Banner SUNO, clique e saiba mais\">\n\t\t\t<picture>\n\t\t\t\t<source media=\"(max-width: 500px)\" srcset=\"https:\/\/files.sunoresearch.com.br\/n\/uploads\/2023\/03\/400x300-Controle-de-Investimentos.png\">\n\t\t\t\t<img class=\"newsContent__article__imgCapa newsContent__article__imgCapa--banner\"\n\t\t\t\t\tsrc=\"https:\/\/files.sunoresearch.com.br\/n\/uploads\/2023\/03\/1420x240-Controle-de-Investimentos.png\"\n\t\t\t\t\tdata-promo-id=\"75934\"\t\t\t\t\t\t\t\t\t\twidth='1420' height='240'\t\t\t\t\talt=\"https:\/\/files.sunoresearch.com.br\/n\/uploads\/2023\/03\/1420x240-Controle-de-Investimentos.png\"\n\t\t\t\t>\n\t\t\t<\/picture>\n\t\t<\/a>\n\t<\/p>\n\n\n","protected":false},"excerpt":{"rendered":"<p>A Ucr\u00e2nia decretou estado de emerg\u00eancia ap\u00f3s os \u00faltimos movimentos da R\u00fassia, determinados pelo presidente Vladimir Putin. Na semana anterior os pa\u00edses tiveram um arrefecimento da tens\u00e3o, mas as incertezas voltaram ap\u00f3s os soldados russos matarem 5 ucranianos em tentativa de invas\u00e3o. A R\u00fassia reconheceu\u00a0 ainda a independ\u00eancia de Donetsk\u00a0e\u00a0Luhansk, regi\u00f5es no leste da Ucr\u00e2nia [&hellip;]<\/p>\n","protected":false},"author":73,"featured_media":234549,"comment_status":"closed","ping_status":"closed","sticky":false,"template":"","format":"standard","meta":[],"categories":[63],"tags":[866],"suno_strategy":[],"class_list":["post-234467","post","type-post","status-publish","format-standard","has-post-thumbnail","hentry","category-internacional","tag-russia"],"yoast_head":"<!-- This site is optimized with the Yoast SEO plugin v24.4 - https:\/\/yoast.com\/wordpress\/plugins\/seo\/ -->\n<title>Ucr\u00e2nia decreta estado de emerg\u00eancia e UE deve definir san\u00e7\u00f5es<\/title>\n<meta name=\"description\" content=\"Ap\u00f3s Biden anunciar san\u00e7\u00f5es, a UE se reunir\u00e1 na quinta para decidir suas medidas por conta da situa\u00e7\u00e3o na Ucr\u00e2nia. Clique aqui e leia mais.\" \/>\n<meta name=\"robots\" content=\"index, follow, max-snippet:-1, max-image-preview:large, max-video-preview:-1\" \/>\n<link rel=\"canonical\" href=\"https:\/\/www.suno.com.br\/noticias\/ucrania-russia-estado-emergencia-guerra-europa\/\" \/>\n<meta property=\"og:locale\" content=\"pt_BR\" \/>\n<meta property=\"og:type\" content=\"article\" \/>\n<meta property=\"og:title\" content=\"Ucr\u00e2nia decreta estado de emerg\u00eancia e UE deve definir san\u00e7\u00f5es\" \/>\n<meta property=\"og:description\" content=\"Ap\u00f3s Biden anunciar san\u00e7\u00f5es, a UE se reunir\u00e1 na quinta para decidir suas medidas por conta da situa\u00e7\u00e3o na Ucr\u00e2nia. Clique aqui e leia mais.\" \/>\n<meta property=\"og:url\" content=\"https:\/\/www.suno.com.br\/noticias\/ucrania-russia-estado-emergencia-guerra-europa\/\" \/>\n<meta property=\"og:site_name\" content=\"Suno Not\u00edcias\" \/>\n<meta property=\"article:publisher\" content=\"https:\/\/facebook.com\/sunoresearch\" \/>\n<meta property=\"og:image\" content=\"https:\/\/files.sunoresearch.com.br\/n\/uploads\/2022\/02\/marching-gad2a0fa6f_1920.jpg\" \/>\n\t<meta property=\"og:image:width\" content=\"1920\" \/>\n\t<meta property=\"og:image:height\" content=\"1114\" \/>\n\t<meta property=\"og:image:type\" content=\"image\/jpeg\" \/>\n<meta name=\"author\" content=\"Eduardo Vargas\" \/>\n<meta name=\"twitter:card\" content=\"summary_large_image\" \/>\n<meta name=\"twitter:creator\" content=\"@sunoresearch\" \/>\n<meta name=\"twitter:site\" content=\"@sunoresearch\" \/>\n<meta name=\"twitter:label1\" content=\"Escrito por\" \/>\n\t<meta name=\"twitter:data1\" content=\"Eduardo Vargas\" \/>\n\t<meta name=\"twitter:label2\" content=\"Est. tempo de leitura\" \/>\n\t<meta name=\"twitter:data2\" content=\"4 minutos\" \/>\n<script type=\"application\/ld+json\" class=\"yoast-schema-graph\">{\"@context\":\"https:\/\/schema.org\",\"@graph\":[{\"@type\":\"NewsArticle\",\"@id\":\"https:\/\/www.suno.com.br\/noticias\/ucrania-russia-estado-emergencia-guerra-europa\/#article\",\"isPartOf\":{\"@id\":\"https:\/\/www.suno.com.br\/noticias\/ucrania-russia-estado-emergencia-guerra-europa\/\"},\"author\":{\"name\":\"Eduardo Vargas\",\"@id\":\"https:\/\/www.suno.com.br\/noticias\/#\/schema\/person\/7f4d362bf3518e76090143ae77bb49a5\"},\"headline\":\"Ucr\u00e2nia decreta estado de emerg\u00eancia e UE marca reuni\u00e3o para definir san\u00e7\u00f5es\",\"datePublished\":\"2022-02-23T17:50:56+00:00\",\"mainEntityOfPage\":{\"@id\":\"https:\/\/www.suno.com.br\/noticias\/ucrania-russia-estado-emergencia-guerra-europa\/\"},\"wordCount\":832,\"publisher\":{\"@id\":\"https:\/\/www.suno.com.br\/noticias\/#organization\"},\"image\":{\"@id\":\"https:\/\/www.suno.com.br\/noticias\/ucrania-russia-estado-emergencia-guerra-europa\/#primaryimage\"},\"thumbnailUrl\":\"https:\/\/files.sunoresearch.com.br\/n\/uploads\/2022\/02\/marching-gad2a0fa6f_1920.jpg\",\"keywords\":[\"R\u00fassia\"],\"articleSection\":[\"Internacional\"],\"inLanguage\":\"pt-BR\"},{\"@type\":\"WebPage\",\"@id\":\"https:\/\/www.suno.com.br\/noticias\/ucrania-russia-estado-emergencia-guerra-europa\/\",\"url\":\"https:\/\/www.suno.com.br\/noticias\/ucrania-russia-estado-emergencia-guerra-europa\/\",\"name\":\"Ucr\u00e2nia decreta estado de emerg\u00eancia e UE deve definir san\u00e7\u00f5es\",\"isPartOf\":{\"@id\":\"https:\/\/www.suno.com.br\/noticias\/#website\"},\"primaryImageOfPage\":{\"@id\":\"https:\/\/www.suno.com.br\/noticias\/ucrania-russia-estado-emergencia-guerra-europa\/#primaryimage\"},\"image\":{\"@id\":\"https:\/\/www.suno.com.br\/noticias\/ucrania-russia-estado-emergencia-guerra-europa\/#primaryimage\"},\"thumbnailUrl\":\"https:\/\/files.sunoresearch.com.br\/n\/uploads\/2022\/02\/marching-gad2a0fa6f_1920.jpg\",\"datePublished\":\"2022-02-23T17:50:56+00:00\",\"description\":\"Ap\u00f3s Biden anunciar san\u00e7\u00f5es, a UE se reunir\u00e1 na quinta para decidir suas medidas por conta da situa\u00e7\u00e3o na Ucr\u00e2nia. Clique aqui e leia mais.\",\"breadcrumb\":{\"@id\":\"https:\/\/www.suno.com.br\/noticias\/ucrania-russia-estado-emergencia-guerra-europa\/#breadcrumb\"},\"inLanguage\":\"pt-BR\",\"potentialAction\":[{\"@type\":\"ReadAction\",\"target\":[\"https:\/\/www.suno.com.br\/noticias\/ucrania-russia-estado-emergencia-guerra-europa\/\"]}]},{\"@type\":\"ImageObject\",\"inLanguage\":\"pt-BR\",\"@id\":\"https:\/\/www.suno.com.br\/noticias\/ucrania-russia-estado-emergencia-guerra-europa\/#primaryimage\",\"url\":\"https:\/\/files.sunoresearch.com.br\/n\/uploads\/2022\/02\/marching-gad2a0fa6f_1920.jpg\",\"contentUrl\":\"https:\/\/files.sunoresearch.com.br\/n\/uploads\/2022\/02\/marching-gad2a0fa6f_1920.jpg\",\"width\":1920,\"height\":1114,\"caption\":\"Ucr\u00e2nia recebeu volume milion\u00e1rio em airdrop recente - Foto: Pixabay\"},{\"@type\":\"BreadcrumbList\",\"@id\":\"https:\/\/www.suno.com.br\/noticias\/ucrania-russia-estado-emergencia-guerra-europa\/#breadcrumb\",\"itemListElement\":[{\"@type\":\"ListItem\",\"position\":1,\"name\":\"Not\u00edcias\",\"item\":\"https:\/\/www.suno.com.br\/noticias\/\"},{\"@type\":\"ListItem\",\"position\":2,\"name\":\"Internacional\",\"item\":\"https:\/\/www.suno.com.br\/noticias\/internacional\/\"},{\"@type\":\"ListItem\",\"position\":3,\"name\":\"Ucr\u00e2nia decreta estado de emerg\u00eancia e UE marca reuni\u00e3o para definir san\u00e7\u00f5es\"}]},{\"@type\":\"WebSite\",\"@id\":\"https:\/\/www.suno.com.br\/noticias\/#website\",\"url\":\"https:\/\/www.suno.com.br\/noticias\/\",\"name\":\"Suno Not\u00edcias\",\"description\":\"Seu portal de informa\u00e7\u00e3o sobre o mundo dos investimentos\",\"publisher\":{\"@id\":\"https:\/\/www.suno.com.br\/noticias\/#organization\"},\"potentialAction\":[{\"@type\":\"SearchAction\",\"target\":{\"@type\":\"EntryPoint\",\"urlTemplate\":\"https:\/\/www.suno.com.br\/noticias\/?s={search_term_string}\"},\"query-input\":{\"@type\":\"PropertyValueSpecification\",\"valueRequired\":true,\"valueName\":\"search_term_string\"}}],\"inLanguage\":\"pt-BR\"},{\"@type\":\"Organization\",\"@id\":\"https:\/\/www.suno.com.br\/noticias\/#organization\",\"name\":\"Suno Not\u00edcias\",\"url\":\"https:\/\/www.suno.com.br\/noticias\/\",\"logo\":{\"@type\":\"ImageObject\",\"inLanguage\":\"pt-BR\",\"@id\":\"https:\/\/www.suno.com.br\/noticias\/#\/schema\/logo\/image\/\",\"url\":\"https:\/\/files.sunoresearch.com.br\/n\/uploads\/2021\/09\/suno-logo.png\",\"contentUrl\":\"https:\/\/files.sunoresearch.com.br\/n\/uploads\/2021\/09\/suno-logo.png\",\"width\":180,\"height\":180,\"caption\":\"Suno Not\u00edcias\"},\"image\":{\"@id\":\"https:\/\/www.suno.com.br\/noticias\/#\/schema\/logo\/image\/\"},\"sameAs\":[\"https:\/\/facebook.com\/sunoresearch\",\"https:\/\/x.com\/sunoresearch\",\"https:\/\/www.instagram.com\/suno\",\"https:\/\/www.linkedin.com\/company\/suno-research\/\",\"https:\/\/www.youtube.com\/c\/sunoresearch\"]},{\"@type\":\"Person\",\"@id\":\"https:\/\/www.suno.com.br\/noticias\/#\/schema\/person\/7f4d362bf3518e76090143ae77bb49a5\",\"name\":\"Eduardo Vargas\",\"image\":{\"@type\":\"ImageObject\",\"inLanguage\":\"pt-BR\",\"@id\":\"https:\/\/www.suno.com.br\/noticias\/#\/schema\/person\/image\/\",\"url\":\"https:\/\/secure.gravatar.com\/avatar\/dac340933427a22924c9f99d1eb2e3f2?s=96&r=g\",\"contentUrl\":\"https:\/\/secure.gravatar.com\/avatar\/dac340933427a22924c9f99d1eb2e3f2?s=96&r=g\",\"caption\":\"Eduardo Vargas\"},\"description\":\"Jornalista formado pela UFSC, cobre macroeconomia, neg\u00f3cios e startups para o Suno Not\u00edcias, escrevendo principalmente not\u00edcias sobre o mercado financeiro e a bolsa de valores. No YouTube e no Instagram, \u00e9 respons\u00e1vel pela produ\u00e7\u00e3o de Reels e Shorts do Suno Not\u00edcias. Anteriormente, trabalhou cobrindo economia e cotidiano no ND+ e para o ND, maior jornal impresso de Santa Catarina. Cursou um semestre letivo de Estudos de M\u00eddia na Universidad de Buenos Aires.\",\"url\":\"https:\/\/www.suno.com.br\/noticias\/author\/eduardo-vargas\/\"}]}<\/script>\n<!-- \/ Yoast SEO plugin. -->","yoast_head_json":{"title":"Ucr\u00e2nia decreta estado de emerg\u00eancia e UE deve definir san\u00e7\u00f5es","description":"Ap\u00f3s Biden anunciar san\u00e7\u00f5es, a UE se reunir\u00e1 na quinta para decidir suas medidas por conta da situa\u00e7\u00e3o na Ucr\u00e2nia. Clique aqui e leia mais.","robots":{"index":"index","follow":"follow","max-snippet":"max-snippet:-1","max-image-preview":"max-image-preview:large","max-video-preview":"max-video-preview:-1"},"canonical":"https:\/\/www.suno.com.br\/noticias\/ucrania-russia-estado-emergencia-guerra-europa\/","og_locale":"pt_BR","og_type":"article","og_title":"Ucr\u00e2nia decreta estado de emerg\u00eancia e UE deve definir san\u00e7\u00f5es","og_description":"Ap\u00f3s Biden anunciar san\u00e7\u00f5es, a UE se reunir\u00e1 na quinta para decidir suas medidas por conta da situa\u00e7\u00e3o na Ucr\u00e2nia. Clique aqui e leia mais.","og_url":"https:\/\/www.suno.com.br\/noticias\/ucrania-russia-estado-emergencia-guerra-europa\/","og_site_name":"Suno Not\u00edcias","article_publisher":"https:\/\/facebook.com\/sunoresearch","og_image":[{"width":1920,"height":1114,"url":"https:\/\/files.sunoresearch.com.br\/n\/uploads\/2022\/02\/marching-gad2a0fa6f_1920.jpg","type":"image\/jpeg"}],"author":"Eduardo Vargas","twitter_card":"summary_large_image","twitter_creator":"@sunoresearch","twitter_site":"@sunoresearch","twitter_misc":{"Escrito por":"Eduardo Vargas","Est. tempo de leitura":"4 minutos"},"schema":{"@context":"https:\/\/schema.org","@graph":[{"@type":"NewsArticle","@id":"https:\/\/www.suno.com.br\/noticias\/ucrania-russia-estado-emergencia-guerra-europa\/#article","isPartOf":{"@id":"https:\/\/www.suno.com.br\/noticias\/ucrania-russia-estado-emergencia-guerra-europa\/"},"author":{"name":"Eduardo Vargas","@id":"https:\/\/www.suno.com.br\/noticias\/#\/schema\/person\/7f4d362bf3518e76090143ae77bb49a5"},"headline":"Ucr\u00e2nia decreta estado de emerg\u00eancia e UE marca reuni\u00e3o para definir san\u00e7\u00f5es","datePublished":"2022-02-23T17:50:56+00:00","mainEntityOfPage":{"@id":"https:\/\/www.suno.com.br\/noticias\/ucrania-russia-estado-emergencia-guerra-europa\/"},"wordCount":832,"publisher":{"@id":"https:\/\/www.suno.com.br\/noticias\/#organization"},"image":{"@id":"https:\/\/www.suno.com.br\/noticias\/ucrania-russia-estado-emergencia-guerra-europa\/#primaryimage"},"thumbnailUrl":"https:\/\/files.sunoresearch.com.br\/n\/uploads\/2022\/02\/marching-gad2a0fa6f_1920.jpg","keywords":["R\u00fassia"],"articleSection":["Internacional"],"inLanguage":"pt-BR"},{"@type":"WebPage","@id":"https:\/\/www.suno.com.br\/noticias\/ucrania-russia-estado-emergencia-guerra-europa\/","url":"https:\/\/www.suno.com.br\/noticias\/ucrania-russia-estado-emergencia-guerra-europa\/","name":"Ucr\u00e2nia decreta estado de emerg\u00eancia e UE deve definir san\u00e7\u00f5es","isPartOf":{"@id":"https:\/\/www.suno.com.br\/noticias\/#website"},"primaryImageOfPage":{"@id":"https:\/\/www.suno.com.br\/noticias\/ucrania-russia-estado-emergencia-guerra-europa\/#primaryimage"},"image":{"@id":"https:\/\/www.suno.com.br\/noticias\/ucrania-russia-estado-emergencia-guerra-europa\/#primaryimage"},"thumbnailUrl":"https:\/\/files.sunoresearch.com.br\/n\/uploads\/2022\/02\/marching-gad2a0fa6f_1920.jpg","datePublished":"2022-02-23T17:50:56+00:00","description":"Ap\u00f3s Biden anunciar san\u00e7\u00f5es, a UE se reunir\u00e1 na quinta para decidir suas medidas por conta da situa\u00e7\u00e3o na Ucr\u00e2nia. Clique aqui e leia mais.","breadcrumb":{"@id":"https:\/\/www.suno.com.br\/noticias\/ucrania-russia-estado-emergencia-guerra-europa\/#breadcrumb"},"inLanguage":"pt-BR","potentialAction":[{"@type":"ReadAction","target":["https:\/\/www.suno.com.br\/noticias\/ucrania-russia-estado-emergencia-guerra-europa\/"]}]},{"@type":"ImageObject","inLanguage":"pt-BR","@id":"https:\/\/www.suno.com.br\/noticias\/ucrania-russia-estado-emergencia-guerra-europa\/#primaryimage","url":"https:\/\/files.sunoresearch.com.br\/n\/uploads\/2022\/02\/marching-gad2a0fa6f_1920.jpg","contentUrl":"https:\/\/files.sunoresearch.com.br\/n\/uploads\/2022\/02\/marching-gad2a0fa6f_1920.jpg","width":1920,"height":1114,"caption":"Ucr\u00e2nia recebeu volume milion\u00e1rio em airdrop recente - Foto: Pixabay"},{"@type":"BreadcrumbList","@id":"https:\/\/www.suno.com.br\/noticias\/ucrania-russia-estado-emergencia-guerra-europa\/#breadcrumb","itemListElement":[{"@type":"ListItem","position":1,"name":"Not\u00edcias","item":"https:\/\/www.suno.com.br\/noticias\/"},{"@type":"ListItem","position":2,"name":"Internacional","item":"https:\/\/www.suno.com.br\/noticias\/internacional\/"},{"@type":"ListItem","position":3,"name":"Ucr\u00e2nia decreta estado de emerg\u00eancia e UE marca reuni\u00e3o para definir san\u00e7\u00f5es"}]},{"@type":"WebSite","@id":"https:\/\/www.suno.com.br\/noticias\/#website","url":"https:\/\/www.suno.com.br\/noticias\/","name":"Suno Not\u00edcias","description":"Seu portal de informa\u00e7\u00e3o sobre o mundo dos investimentos","publisher":{"@id":"https:\/\/www.suno.com.br\/noticias\/#organization"},"potentialAction":[{"@type":"SearchAction","target":{"@type":"EntryPoint","urlTemplate":"https:\/\/www.suno.com.br\/noticias\/?s={search_term_string}"},"query-input":{"@type":"PropertyValueSpecification","valueRequired":true,"valueName":"search_term_string"}}],"inLanguage":"pt-BR"},{"@type":"Organization","@id":"https:\/\/www.suno.com.br\/noticias\/#organization","name":"Suno Not\u00edcias","url":"https:\/\/www.suno.com.br\/noticias\/","logo":{"@type":"ImageObject","inLanguage":"pt-BR","@id":"https:\/\/www.suno.com.br\/noticias\/#\/schema\/logo\/image\/","url":"https:\/\/files.sunoresearch.com.br\/n\/uploads\/2021\/09\/suno-logo.png","contentUrl":"https:\/\/files.sunoresearch.com.br\/n\/uploads\/2021\/09\/suno-logo.png","width":180,"height":180,"caption":"Suno Not\u00edcias"},"image":{"@id":"https:\/\/www.suno.com.br\/noticias\/#\/schema\/logo\/image\/"},"sameAs":["https:\/\/facebook.com\/sunoresearch","https:\/\/x.com\/sunoresearch","https:\/\/www.instagram.com\/suno","https:\/\/www.linkedin.com\/company\/suno-research\/","https:\/\/www.youtube.com\/c\/sunoresearch"]},{"@type":"Person","@id":"https:\/\/www.suno.com.br\/noticias\/#\/schema\/person\/7f4d362bf3518e76090143ae77bb49a5","name":"Eduardo Vargas","image":{"@type":"ImageObject","inLanguage":"pt-BR","@id":"https:\/\/www.suno.com.br\/noticias\/#\/schema\/person\/image\/","url":"https:\/\/secure.gravatar.com\/avatar\/dac340933427a22924c9f99d1eb2e3f2?s=96&r=g","contentUrl":"https:\/\/secure.gravatar.com\/avatar\/dac340933427a22924c9f99d1eb2e3f2?s=96&r=g","caption":"Eduardo Vargas"},"description":"Jornalista formado pela UFSC, cobre macroeconomia, neg\u00f3cios e startups para o Suno Not\u00edcias, escrevendo principalmente not\u00edcias sobre o mercado financeiro e a bolsa de valores. No YouTube e no Instagram, \u00e9 respons\u00e1vel pela produ\u00e7\u00e3o de Reels e Shorts do Suno Not\u00edcias. Anteriormente, trabalhou cobrindo economia e cotidiano no ND+ e para o ND, maior jornal impresso de Santa Catarina. Cursou um semestre letivo de Estudos de M\u00eddia na Universidad de Buenos Aires.","url":"https:\/\/www.suno.com.br\/noticias\/author\/eduardo-vargas\/"}]}},"default_loop_html":"<div class=\"cardsPage__listCard__boxs\"><div class=\"cardsPage__listCard__boxs__img\"><a href=\"https:\/\/www.suno.com.br\/noticias\/ucrania-russia-estado-emergencia-guerra-europa\/\"><img class=\"mask\" src=\"https:\/\/www.suno.com.br\/noticias\/wp-content\/themes\/suno\/resources\/images\/spotlight\/spotlight1img\/bg-mask.png\" alt=\"Image Mask\"\/><img src=\"https:\/\/files.sunoresearch.com.br\/n\/uploads\/2022\/02\/marching-gad2a0fa6f_1920-400x200.jpg\" alt=\"Ucr\u00e2nia decreta estado de emerg\u00eancia e UE marca reuni\u00e3o para definir san\u00e7\u00f5es\"\/><\/a><span class=\"spotlightCategory\"><a href=\"https:\/\/www.suno.com.br\/noticias\/internacional\/\">Internacional<\/a><\/span><\/div><div class=\"cardsPage__listCard__boxs__content\"><a href=\"https:\/\/www.suno.com.br\/noticias\/ucrania-russia-estado-emergencia-guerra-europa\/\"><h2 class=\"content__title\">Ucr\u00e2nia decreta estado de emerg\u00eancia e UE marca reuni\u00e3o para definir san\u00e7\u00f5es<\/h2><\/a><div class=\"newsContent__article__meta\"><div class=\"newsContent__article__meta__authorBox\"><a href=\"https:\/\/www.suno.com.br\/noticias\/author\/eduardo-vargas\/\" class=\"authorBox__avatar noMobi\"><img src=\"https:\/\/secure.gravatar.com\/avatar\/dac340933427a22924c9f99d1eb2e3f2?s=96&#038;r=g\" alt=\"Eduardo Vargas\"><\/a><div class=\"authorBox__name\"><span>por\n\t\t\t<a href=\"https:\/\/www.suno.com.br\/noticias\/author\/eduardo-vargas\/\"><span itemprop=\"author\">Eduardo Vargas<\/span><\/a><\/span><time datetime=\"2022-02-23T14:50:56-03:00\" itemprop=\"datePublished\">23\/02\/2022 14:50<\/time><\/div><\/div><\/div><\/div><\/div>","single_layout":"posts","amp_enabled":true,"_links":{"self":[{"href":"https:\/\/www.suno.com.br\/noticias\/wp-json\/wp\/v2\/posts\/234467"}],"collection":[{"href":"https:\/\/www.suno.com.br\/noticias\/wp-json\/wp\/v2\/posts"}],"about":[{"href":"https:\/\/www.suno.com.br\/noticias\/wp-json\/wp\/v2\/types\/post"}],"author":[{"embeddable":true,"href":"https:\/\/www.suno.com.br\/noticias\/wp-json\/wp\/v2\/users\/73"}],"replies":[{"embeddable":true,"href":"https:\/\/www.suno.com.br\/noticias\/wp-json\/wp\/v2\/comments?post=234467"}],"version-history":[{"count":3,"href":"https:\/\/www.suno.com.br\/noticias\/wp-json\/wp\/v2\/posts\/234467\/revisions"}],"predecessor-version":[{"id":234619,"href":"https:\/\/www.suno.com.br\/noticias\/wp-json\/wp\/v2\/posts\/234467\/revisions\/234619"}],"wp:featuredmedia":[{"embeddable":true,"href":"https:\/\/www.suno.com.br\/noticias\/wp-json\/wp\/v2\/media\/234549"}],"wp:attachment":[{"href":"https:\/\/www.suno.com.br\/noticias\/wp-json\/wp\/v2\/media?parent=234467"}],"wp:term":[{"taxonomy":"category","embeddable":true,"href":"https:\/\/www.suno.com.br\/noticias\/wp-json\/wp\/v2\/categories?post=234467"},{"taxonomy":"post_tag","embeddable":true,"href":"https:\/\/www.suno.com.br\/noticias\/wp-json\/wp\/v2\/tags?post=234467"},{"taxonomy":"suno_strategy","embeddable":true,"href":"https:\/\/www.suno.com.br\/noticias\/wp-json\/wp\/v2\/suno_strategy?post=234467"}],"curies":[{"name":"wp","href":"https:\/\/api.w.org\/{rel}","templated":true}]}}