{"id":23444,"date":"2019-05-06T16:11:44","date_gmt":"2019-05-06T19:11:44","guid":{"rendered":"https:\/\/www.suno.com.br\/noticias\/?p=23444"},"modified":"2019-05-06T18:28:00","modified_gmt":"2019-05-06T21:28:00","slug":"sabesp-deve-ser-privatizada-ou-capitalizada-diz-meirelles","status":"publish","type":"post","link":"https:\/\/www.suno.com.br\/noticias\/sabesp-deve-ser-privatizada-ou-capitalizada-diz-meirelles\/","title":{"rendered":"Sabesp deve ser privatizada ou capitalizada, diz Meirelles"},"content":{"rendered":"<p>O secret\u00e1rio da Fazenda de S\u00e3o Paulo, <a href=\"https:\/\/www.suno.com.br\/tudo-sobre\/henrique-meirelles\/\">Henrique Meirelles<\/a>, voltou a ressaltar que a Companhia de Saneamento B\u00e1sico do Estado de S\u00e3o Paulo (Sabesp) deve ser privatizada ou capitalizada.<\/p>\t<div class=\"wrapper-featured-image\">\n\t\t<figure class=\"spotlightImg\">\n\n\t\t\t<picture>\n\t\t\t\t<source media=\"(max-width: 768px)\" srcset=\"https:\/\/files.sunoresearch.com.br\/n\/uploads\/2018\/11\/59669787-lucro-da-sabesp-400x200.webp\">\n\t\t\t\t<img loading=\"lazy\" decoding=\"async\" class=\"newsContent__article__imgCapa lazyloadDisabled newsContent__article__imgCapa--noCaption\" src=\"https:\/\/files.sunoresearch.com.br\/n\/uploads\/2018\/11\/59669787-lucro-da-sabesp-800x450.webp\" width=\"800\" height=\"450\" alt=\"Sabesp deve ser privatizada ou capitalizada, diz Meirelles\" fetchpriority=high \/>\n\t\t\t<\/picture>\n\n\t\t\t<figcaption class=\"wp-caption-text wp-caption-text--hide\">Sabesp dispara na Bolsa ap\u00f3s Jo\u00e3o Doria falar em privatiza\u00e7\u00e3o<\/figcaption>\n\t\t<\/figure>\n\t<\/div>\n\n\n<p>A declara\u00e7\u00e3o ocorreu nesta segunda-feira (06) em um semin\u00e1rio promovido pelo jornal &#8220;Valor Econ\u00f4mico&#8221; e pela <strong>Funda\u00e7\u00e3o Get\u00falio Vargas (FGV)<\/strong>. De acordo com <strong>Meirelles<\/strong>, a <a href=\"https:\/\/www.suno.com.br\/artigos\/privatizacao\/\"><strong>privatiza\u00e7\u00e3o<\/strong> <\/a>da <strong>Sabesp<\/strong> estaria sendo estudada. &#8220;Se n\u00e3o for vi\u00e1vel (privatizar), vamos ao menos capitalizar\u201d, disse ele.<\/p>\n<p><a href=\"https:\/\/www.suno.com.br\/noticias\/sabesp-aprova-emissao-debentures\/\">Saiba mais:\u00a0Sabesp aprova emiss\u00e3o de R$ 1,5 bilh\u00e3o em deb\u00eantures<\/a><\/p>\n<p>O secret\u00e1rio acrescentou que a proposta de <strong>privatiza\u00e7\u00e3o<\/strong> depende da aprova\u00e7\u00e3o de um novo marco regulat\u00f3rio para o saneamento b\u00e1sico. Assim, uma outra alternativa est\u00e1 sendo estudada para caso o projeto n\u00e3o for aprovado.<\/p>\n\t<p>\n\t\t<a href=\"https:\/\/lp.suno.com.br\/ao\/servico-especializado-suno-tf\/?utm_source=adwords&#038;utm_medium=search&#038;utm_campaign=search.servico.funilconsultoria&#038;utm_content=1147_responsivo-a&#038;hsa_acc=2326072784&#038;hsa_cam=18022897917&#038;hsa_grp=141470255993&#038;hsa_ad=616145467912&#038;hsa_src=g&#038;hsa_tgt=kwd-303658942458&#038;hsa_kw=gestora+de+investimentos&#038;hsa_mt=b&#038;hsa_net=adwords&#038;hsa_ver=3&#038;gad_source=1&#038;gclid=CjwKCAjw1emzBhB8EiwAHwZZxQMvA3xJVRzLGZ70LmuSzR55X-KvxijSay8c5Hm88Sznnq97j8XbORoC-sMQAvD_BwE\" target=\"_blank\" data-element=\"shortcode-suno-banner\" title=\"Banner SUNO, clique e saiba mais\">\n\t\t\t<picture>\n\t\t\t\t<source media=\"(max-width: 500px)\" srcset=\"https:\/\/files.sunoresearch.com.br\/n\/uploads\/2024\/06\/400x300-Mobile-Artigos-5.png\">\n\t\t\t\t<img class=\"newsContent__article__imgCapa newsContent__article__imgCapa--banner\"\n\t\t\t\t\tsrc=\"https:\/\/files.sunoresearch.com.br\/n\/uploads\/2024\/06\/1420x240-Banner-Artigos-1-_-Banner-Materias-3.png\"\n\t\t\t\t\tdata-promo-id=\"563605\"\t\t\t\t\t\t\t\t\t\twidth='1420' height='240'\t\t\t\t\talt=\"https:\/\/files.sunoresearch.com.br\/n\/uploads\/2024\/06\/1420x240-Banner-Artigos-1-_-Banner-Materias-3.png\"\n\t\t\t\t>\n\t\t\t<\/picture>\n\t\t<\/a>\n\t<\/p>\n\n\n<h2>Reforma da Previd\u00eancia<\/h2>\n<p><strong>Meirelles<\/strong> defendeu ainda a <strong>reforma da Previd\u00eancia<\/strong>, enviada pelo <strong>Executivo<\/strong> ao <strong>Congresso<\/strong>. De acordo com o secret\u00e1rio s\u00f3 estado S\u00e3o Paulo teria um impacto fiscal de R$ 55 bilh\u00f5es em dez anos. Desse total, R$ 22 bilh\u00f5es seriam economizados nos primeiros cinco anos.<\/p>\n<p><a href=\"https:\/\/www.suno.com.br\/noticias\/meirelles-privatizar-sabesp-estelionato\/\">Saiba mais:\u00a0Meirelles diz que privatizar a Sabesp n\u00e3o seria &#8216;estelionato eleitoral&#8217;<\/a><\/p>\n<p>Ao todo, a equipe do <strong>Governo<\/strong> espera que a medida gere uma economia de R$ 1,16 trilh\u00e3o. No entanto, o presidente <strong>Jair Bolsonaro<\/strong> disse que a reforma precisa economizar, pelo menos<a href=\"https:\/\/www.suno.com.br\/noticias\/previdencia-reforma-economizar\/\">, R$ 800 bilh\u00f5es em dez anos<\/a>.<\/p>\n\t<p>\n\t\t<a href=\"https:\/\/lp.suno.com.br\/asset\/suno-fundo-de-fundos-snff11\/\" target=\"_blank\" data-element=\"shortcode-suno-banner\" title=\"Banner SUNO, clique e saiba mais\">\n\t\t\t<picture>\n\t\t\t\t<source media=\"(max-width: 500px)\" srcset=\"https:\/\/files.sunoresearch.com.br\/n\/uploads\/2024\/01\/400x300-Mobile-Artigos-3-SNFF-AO.png\">\n\t\t\t\t<img class=\"newsContent__article__imgCapa newsContent__article__imgCapa--banner\"\n\t\t\t\t\tsrc=\"https:\/\/files.sunoresearch.com.br\/n\/uploads\/2024\/01\/1420x240-Banner-Artigos-1-_-Banner-Materias-1-SNFF-AO.png\"\n\t\t\t\t\tdata-promo-id=\"364418\"\t\t\t\t\t\t\t\t\t\twidth='1420' height='240'\t\t\t\t\talt=\"https:\/\/files.sunoresearch.com.br\/n\/uploads\/2024\/01\/1420x240-Banner-Artigos-1-_-Banner-Materias-1-SNFF-AO.png\"\n\t\t\t\t>\n\t\t\t<\/picture>\n\t\t<\/a>\n\t<\/p>\n\n\n<p>Em primeiro de abril, Meirelles havia dito que\u00a0as opera\u00e7\u00f5es de capitaliza\u00e7\u00e3o ou privatiza\u00e7\u00e3o envolvendo a <strong>Sabesp<\/strong> s\u00f3 devem ser concretizadas em 2020.\u00a0&#8220;O ponto novo \u00e9 uma quest\u00e3o de prazo. Conclu\u00edmos que n\u00e3o ser\u00e1 vi\u00e1vel ou muito pouco prov\u00e1vel que n\u00f3s possamos ter uma conclus\u00e3o do processo em 2019&#8221;, disse o ministro na ocasi\u00e3o.<\/p>\n<p style=\"text-align: center;\"><iframe loading=\"lazy\" src=\"https:\/\/www.youtube.com\/embed\/Dbf5jrNd6CM\" width=\"560\" height=\"315\" frameborder=\"0\" allowfullscreen=\"allowfullscreen\"><\/iframe><\/p>\n<h2>Privatiza\u00e7\u00e3o<\/h2>\n<p><strong>Henrique Meirelles<\/strong> informou que a lista de <strong>concess\u00f5es<\/strong> e <strong>privatiza\u00e7\u00f5es<\/strong> do governo de Jo\u00e3o Doria tem 29 projetos. Entre eles, est\u00e3o rodovias, hidrovias, aeroportos regionais, portos e parcerias p\u00fablico-privadas (PPP) em pres\u00eddios.<\/p>\n<p><a href=\"https:\/\/www.suno.com.br\/noticias\/sabesp-lucra-4t18\/\">Saiba mais:\u00a0Sabesp lucra R$ 1,5 bilh\u00e3o no 4T18; alta de 146% na compara\u00e7\u00e3o anual<\/a><\/p>\n<p>\u00c0s 15h50, as a\u00e7\u00f5es da\u00a0<strong>Sabesp (SBSP3)<\/strong> cotadas da Bolsa de Valores de S\u00e3o Paulo\u00a0caiam 0,32%, negociadas a R$ 46,55.<\/p>\n","protected":false},"excerpt":{"rendered":"<p>O secret\u00e1rio da Fazenda de S\u00e3o Paulo, Henrique Meirelles, voltou a ressaltar que a Companhia de Saneamento B\u00e1sico do Estado de S\u00e3o Paulo (Sabesp) deve ser privatizada ou capitalizada. Sabesp dispara na Bolsa ap\u00f3s Jo\u00e3o Doria falar em privatiza\u00e7\u00e3o A declara\u00e7\u00e3o ocorreu nesta segunda-feira (06) em um semin\u00e1rio promovido pelo jornal &#8220;Valor Econ\u00f4mico&#8221; e pela [&hellip;]<\/p>\n","protected":false},"author":14,"featured_media":6188,"comment_status":"closed","ping_status":"closed","sticky":false,"template":"","format":"standard","meta":[],"categories":[64],"tags":[797,945,940,621],"suno_strategy":[],"class_list":["post-23444","post","type-post","status-publish","format-standard","has-post-thumbnail","hentry","category-negocios","tag-fgv","tag-privatizacoes","tag-reforma-da-previdencia","tag-sabesp"],"yoast_head":"<!-- This site is optimized with the Yoast SEO plugin v24.4 - https:\/\/yoast.com\/wordpress\/plugins\/seo\/ -->\n<title>Sabesp deve ser privatizada ou capitalizada, diz Meirelles<\/title>\n<meta name=\"description\" content=\"De acordo com Meirelles, a privatiza\u00e7\u00e3o da Sabesp estaria sendo estudada. No entanto, a medida depende de uma MP. Clique aqui para saber mais\" \/>\n<meta name=\"robots\" content=\"index, follow, max-snippet:-1, max-image-preview:large, max-video-preview:-1\" \/>\n<link rel=\"canonical\" href=\"https:\/\/www.suno.com.br\/noticias\/sabesp-deve-ser-privatizada-ou-capitalizada-diz-meirelles\/\" \/>\n<meta property=\"og:locale\" content=\"pt_BR\" \/>\n<meta property=\"og:type\" content=\"article\" \/>\n<meta property=\"og:title\" content=\"Sabesp deve ser privatizada ou capitalizada, diz Meirelles\" \/>\n<meta property=\"og:description\" content=\"De acordo com Meirelles, a privatiza\u00e7\u00e3o da Sabesp estaria sendo estudada. No entanto, a medida depende de uma MP. Clique aqui para saber mais\" \/>\n<meta property=\"og:url\" content=\"https:\/\/www.suno.com.br\/noticias\/sabesp-deve-ser-privatizada-ou-capitalizada-diz-meirelles\/\" \/>\n<meta property=\"og:site_name\" content=\"Suno Not\u00edcias\" \/>\n<meta property=\"article:publisher\" content=\"https:\/\/facebook.com\/sunoresearch\" \/>\n<meta property=\"og:image\" content=\"https:\/\/files.sunoresearch.com.br\/n\/uploads\/2018\/11\/59669787-lucro-da-sabesp.jpg\" \/>\n\t<meta property=\"og:image:width\" content=\"1920\" \/>\n\t<meta property=\"og:image:height\" content=\"1280\" \/>\n\t<meta property=\"og:image:type\" content=\"image\/jpeg\" \/>\n<meta name=\"author\" content=\"Renan Dantas\" \/>\n<meta name=\"twitter:card\" content=\"summary_large_image\" \/>\n<meta name=\"twitter:creator\" content=\"@sunoresearch\" \/>\n<meta name=\"twitter:site\" content=\"@sunoresearch\" \/>\n<meta name=\"twitter:label1\" content=\"Escrito por\" \/>\n\t<meta name=\"twitter:data1\" content=\"Renan Dantas\" \/>\n\t<meta name=\"twitter:label2\" content=\"Est. tempo de leitura\" \/>\n\t<meta name=\"twitter:data2\" content=\"2 minutos\" \/>\n<script type=\"application\/ld+json\" class=\"yoast-schema-graph\">{\"@context\":\"https:\/\/schema.org\",\"@graph\":[{\"@type\":\"NewsArticle\",\"@id\":\"https:\/\/www.suno.com.br\/noticias\/sabesp-deve-ser-privatizada-ou-capitalizada-diz-meirelles\/#article\",\"isPartOf\":{\"@id\":\"https:\/\/www.suno.com.br\/noticias\/sabesp-deve-ser-privatizada-ou-capitalizada-diz-meirelles\/\"},\"author\":{\"name\":\"Renan Dantas\",\"@id\":\"https:\/\/www.suno.com.br\/noticias\/#\/schema\/person\/3f7693d5795a3f6d5ce15309ee785699\"},\"headline\":\"Sabesp deve ser privatizada ou capitalizada, diz Meirelles\",\"datePublished\":\"2019-05-06T19:11:44+00:00\",\"dateModified\":\"2019-05-06T21:28:00+00:00\",\"mainEntityOfPage\":{\"@id\":\"https:\/\/www.suno.com.br\/noticias\/sabesp-deve-ser-privatizada-ou-capitalizada-diz-meirelles\/\"},\"wordCount\":387,\"publisher\":{\"@id\":\"https:\/\/www.suno.com.br\/noticias\/#organization\"},\"image\":{\"@id\":\"https:\/\/www.suno.com.br\/noticias\/sabesp-deve-ser-privatizada-ou-capitalizada-diz-meirelles\/#primaryimage\"},\"thumbnailUrl\":\"https:\/\/files.sunoresearch.com.br\/n\/uploads\/2018\/11\/59669787-lucro-da-sabesp-jpg.webp\",\"keywords\":[\"FGV\",\"privatiza\u00e7\u00f5es\",\"Reforma da Previd\u00eancia\",\"Sabesp\"],\"articleSection\":[\"Neg\u00f3cios\"],\"inLanguage\":\"pt-BR\"},{\"@type\":\"WebPage\",\"@id\":\"https:\/\/www.suno.com.br\/noticias\/sabesp-deve-ser-privatizada-ou-capitalizada-diz-meirelles\/\",\"url\":\"https:\/\/www.suno.com.br\/noticias\/sabesp-deve-ser-privatizada-ou-capitalizada-diz-meirelles\/\",\"name\":\"Sabesp deve ser privatizada ou capitalizada, diz Meirelles\",\"isPartOf\":{\"@id\":\"https:\/\/www.suno.com.br\/noticias\/#website\"},\"primaryImageOfPage\":{\"@id\":\"https:\/\/www.suno.com.br\/noticias\/sabesp-deve-ser-privatizada-ou-capitalizada-diz-meirelles\/#primaryimage\"},\"image\":{\"@id\":\"https:\/\/www.suno.com.br\/noticias\/sabesp-deve-ser-privatizada-ou-capitalizada-diz-meirelles\/#primaryimage\"},\"thumbnailUrl\":\"https:\/\/files.sunoresearch.com.br\/n\/uploads\/2018\/11\/59669787-lucro-da-sabesp-jpg.webp\",\"datePublished\":\"2019-05-06T19:11:44+00:00\",\"dateModified\":\"2019-05-06T21:28:00+00:00\",\"description\":\"De acordo com Meirelles, a privatiza\u00e7\u00e3o da Sabesp estaria sendo estudada. No entanto, a medida depende de uma MP. Clique aqui para saber mais\",\"breadcrumb\":{\"@id\":\"https:\/\/www.suno.com.br\/noticias\/sabesp-deve-ser-privatizada-ou-capitalizada-diz-meirelles\/#breadcrumb\"},\"inLanguage\":\"pt-BR\",\"potentialAction\":[{\"@type\":\"ReadAction\",\"target\":[\"https:\/\/www.suno.com.br\/noticias\/sabesp-deve-ser-privatizada-ou-capitalizada-diz-meirelles\/\"]}]},{\"@type\":\"ImageObject\",\"inLanguage\":\"pt-BR\",\"@id\":\"https:\/\/www.suno.com.br\/noticias\/sabesp-deve-ser-privatizada-ou-capitalizada-diz-meirelles\/#primaryimage\",\"url\":\"https:\/\/files.sunoresearch.com.br\/n\/uploads\/2018\/11\/59669787-lucro-da-sabesp-jpg.webp\",\"contentUrl\":\"https:\/\/files.sunoresearch.com.br\/n\/uploads\/2018\/11\/59669787-lucro-da-sabesp-jpg.webp\",\"width\":1920,\"height\":1280,\"caption\":\"Sabesp dispara na Bolsa ap\u00f3s Jo\u00e3o Doria falar em privatiza\u00e7\u00e3o\"},{\"@type\":\"BreadcrumbList\",\"@id\":\"https:\/\/www.suno.com.br\/noticias\/sabesp-deve-ser-privatizada-ou-capitalizada-diz-meirelles\/#breadcrumb\",\"itemListElement\":[{\"@type\":\"ListItem\",\"position\":1,\"name\":\"Not\u00edcias\",\"item\":\"https:\/\/www.suno.com.br\/noticias\/\"},{\"@type\":\"ListItem\",\"position\":2,\"name\":\"Neg\u00f3cios\",\"item\":\"https:\/\/www.suno.com.br\/noticias\/negocios\/\"},{\"@type\":\"ListItem\",\"position\":3,\"name\":\"Sabesp deve ser privatizada ou capitalizada, diz Meirelles\"}]},{\"@type\":\"WebSite\",\"@id\":\"https:\/\/www.suno.com.br\/noticias\/#website\",\"url\":\"https:\/\/www.suno.com.br\/noticias\/\",\"name\":\"Suno Not\u00edcias\",\"description\":\"Seu portal de informa\u00e7\u00e3o sobre o mundo dos investimentos\",\"publisher\":{\"@id\":\"https:\/\/www.suno.com.br\/noticias\/#organization\"},\"potentialAction\":[{\"@type\":\"SearchAction\",\"target\":{\"@type\":\"EntryPoint\",\"urlTemplate\":\"https:\/\/www.suno.com.br\/noticias\/?s={search_term_string}\"},\"query-input\":{\"@type\":\"PropertyValueSpecification\",\"valueRequired\":true,\"valueName\":\"search_term_string\"}}],\"inLanguage\":\"pt-BR\"},{\"@type\":\"Organization\",\"@id\":\"https:\/\/www.suno.com.br\/noticias\/#organization\",\"name\":\"Suno Not\u00edcias\",\"url\":\"https:\/\/www.suno.com.br\/noticias\/\",\"logo\":{\"@type\":\"ImageObject\",\"inLanguage\":\"pt-BR\",\"@id\":\"https:\/\/www.suno.com.br\/noticias\/#\/schema\/logo\/image\/\",\"url\":\"https:\/\/files.sunoresearch.com.br\/n\/uploads\/2021\/09\/suno-logo.png\",\"contentUrl\":\"https:\/\/files.sunoresearch.com.br\/n\/uploads\/2021\/09\/suno-logo.png\",\"width\":180,\"height\":180,\"caption\":\"Suno Not\u00edcias\"},\"image\":{\"@id\":\"https:\/\/www.suno.com.br\/noticias\/#\/schema\/logo\/image\/\"},\"sameAs\":[\"https:\/\/facebook.com\/sunoresearch\",\"https:\/\/x.com\/sunoresearch\",\"https:\/\/www.instagram.com\/suno\",\"https:\/\/www.linkedin.com\/company\/suno-research\/\",\"https:\/\/www.youtube.com\/c\/sunoresearch\"]},{\"@type\":\"Person\",\"@id\":\"https:\/\/www.suno.com.br\/noticias\/#\/schema\/person\/3f7693d5795a3f6d5ce15309ee785699\",\"name\":\"Renan Dantas\",\"image\":{\"@type\":\"ImageObject\",\"inLanguage\":\"pt-BR\",\"@id\":\"https:\/\/www.suno.com.br\/noticias\/#\/schema\/person\/image\/\",\"url\":\"https:\/\/secure.gravatar.com\/avatar\/1787b83e7484a08e51d62ac8b41c8396?s=96&r=g\",\"contentUrl\":\"https:\/\/secure.gravatar.com\/avatar\/1787b83e7484a08e51d62ac8b41c8396?s=96&r=g\",\"caption\":\"Renan Dantas\"},\"description\":\"Escreve sobre pol\u00edtica e mercado financeiro para o portal Suno Not\u00edcias. Antes, atuou na assessoria de comunica\u00e7\u00e3o do Minist\u00e9rio P\u00fablico do Trabalho e na R\u00e1dio Mackenzie, onde apresentava e produzia um programa sobre artistas da m\u00fasica brasileira. \u00c9 estudante na Universidade Presbiteriana Mackenzie.\",\"url\":\"https:\/\/www.suno.com.br\/noticias\/author\/renan-dantas\/\"}]}<\/script>\n<!-- \/ Yoast SEO plugin. -->","yoast_head_json":{"title":"Sabesp deve ser privatizada ou capitalizada, diz Meirelles","description":"De acordo com Meirelles, a privatiza\u00e7\u00e3o da Sabesp estaria sendo estudada. No entanto, a medida depende de uma MP. Clique aqui para saber mais","robots":{"index":"index","follow":"follow","max-snippet":"max-snippet:-1","max-image-preview":"max-image-preview:large","max-video-preview":"max-video-preview:-1"},"canonical":"https:\/\/www.suno.com.br\/noticias\/sabesp-deve-ser-privatizada-ou-capitalizada-diz-meirelles\/","og_locale":"pt_BR","og_type":"article","og_title":"Sabesp deve ser privatizada ou capitalizada, diz Meirelles","og_description":"De acordo com Meirelles, a privatiza\u00e7\u00e3o da Sabesp estaria sendo estudada. No entanto, a medida depende de uma MP. Clique aqui para saber mais","og_url":"https:\/\/www.suno.com.br\/noticias\/sabesp-deve-ser-privatizada-ou-capitalizada-diz-meirelles\/","og_site_name":"Suno Not\u00edcias","article_publisher":"https:\/\/facebook.com\/sunoresearch","og_image":[{"width":1920,"height":1280,"url":"https:\/\/files.sunoresearch.com.br\/n\/uploads\/2018\/11\/59669787-lucro-da-sabesp.jpg","type":"image\/jpeg"}],"author":"Renan Dantas","twitter_card":"summary_large_image","twitter_creator":"@sunoresearch","twitter_site":"@sunoresearch","twitter_misc":{"Escrito por":"Renan Dantas","Est. tempo de leitura":"2 minutos"},"schema":{"@context":"https:\/\/schema.org","@graph":[{"@type":"NewsArticle","@id":"https:\/\/www.suno.com.br\/noticias\/sabesp-deve-ser-privatizada-ou-capitalizada-diz-meirelles\/#article","isPartOf":{"@id":"https:\/\/www.suno.com.br\/noticias\/sabesp-deve-ser-privatizada-ou-capitalizada-diz-meirelles\/"},"author":{"name":"Renan Dantas","@id":"https:\/\/www.suno.com.br\/noticias\/#\/schema\/person\/3f7693d5795a3f6d5ce15309ee785699"},"headline":"Sabesp deve ser privatizada ou capitalizada, diz Meirelles","datePublished":"2019-05-06T19:11:44+00:00","dateModified":"2019-05-06T21:28:00+00:00","mainEntityOfPage":{"@id":"https:\/\/www.suno.com.br\/noticias\/sabesp-deve-ser-privatizada-ou-capitalizada-diz-meirelles\/"},"wordCount":387,"publisher":{"@id":"https:\/\/www.suno.com.br\/noticias\/#organization"},"image":{"@id":"https:\/\/www.suno.com.br\/noticias\/sabesp-deve-ser-privatizada-ou-capitalizada-diz-meirelles\/#primaryimage"},"thumbnailUrl":"https:\/\/files.sunoresearch.com.br\/n\/uploads\/2018\/11\/59669787-lucro-da-sabesp-jpg.webp","keywords":["FGV","privatiza\u00e7\u00f5es","Reforma da Previd\u00eancia","Sabesp"],"articleSection":["Neg\u00f3cios"],"inLanguage":"pt-BR"},{"@type":"WebPage","@id":"https:\/\/www.suno.com.br\/noticias\/sabesp-deve-ser-privatizada-ou-capitalizada-diz-meirelles\/","url":"https:\/\/www.suno.com.br\/noticias\/sabesp-deve-ser-privatizada-ou-capitalizada-diz-meirelles\/","name":"Sabesp deve ser privatizada ou capitalizada, diz Meirelles","isPartOf":{"@id":"https:\/\/www.suno.com.br\/noticias\/#website"},"primaryImageOfPage":{"@id":"https:\/\/www.suno.com.br\/noticias\/sabesp-deve-ser-privatizada-ou-capitalizada-diz-meirelles\/#primaryimage"},"image":{"@id":"https:\/\/www.suno.com.br\/noticias\/sabesp-deve-ser-privatizada-ou-capitalizada-diz-meirelles\/#primaryimage"},"thumbnailUrl":"https:\/\/files.sunoresearch.com.br\/n\/uploads\/2018\/11\/59669787-lucro-da-sabesp-jpg.webp","datePublished":"2019-05-06T19:11:44+00:00","dateModified":"2019-05-06T21:28:00+00:00","description":"De acordo com Meirelles, a privatiza\u00e7\u00e3o da Sabesp estaria sendo estudada. No entanto, a medida depende de uma MP. Clique aqui para saber mais","breadcrumb":{"@id":"https:\/\/www.suno.com.br\/noticias\/sabesp-deve-ser-privatizada-ou-capitalizada-diz-meirelles\/#breadcrumb"},"inLanguage":"pt-BR","potentialAction":[{"@type":"ReadAction","target":["https:\/\/www.suno.com.br\/noticias\/sabesp-deve-ser-privatizada-ou-capitalizada-diz-meirelles\/"]}]},{"@type":"ImageObject","inLanguage":"pt-BR","@id":"https:\/\/www.suno.com.br\/noticias\/sabesp-deve-ser-privatizada-ou-capitalizada-diz-meirelles\/#primaryimage","url":"https:\/\/files.sunoresearch.com.br\/n\/uploads\/2018\/11\/59669787-lucro-da-sabesp-jpg.webp","contentUrl":"https:\/\/files.sunoresearch.com.br\/n\/uploads\/2018\/11\/59669787-lucro-da-sabesp-jpg.webp","width":1920,"height":1280,"caption":"Sabesp dispara na Bolsa ap\u00f3s Jo\u00e3o Doria falar em privatiza\u00e7\u00e3o"},{"@type":"BreadcrumbList","@id":"https:\/\/www.suno.com.br\/noticias\/sabesp-deve-ser-privatizada-ou-capitalizada-diz-meirelles\/#breadcrumb","itemListElement":[{"@type":"ListItem","position":1,"name":"Not\u00edcias","item":"https:\/\/www.suno.com.br\/noticias\/"},{"@type":"ListItem","position":2,"name":"Neg\u00f3cios","item":"https:\/\/www.suno.com.br\/noticias\/negocios\/"},{"@type":"ListItem","position":3,"name":"Sabesp deve ser privatizada ou capitalizada, diz Meirelles"}]},{"@type":"WebSite","@id":"https:\/\/www.suno.com.br\/noticias\/#website","url":"https:\/\/www.suno.com.br\/noticias\/","name":"Suno Not\u00edcias","description":"Seu portal de informa\u00e7\u00e3o sobre o mundo dos investimentos","publisher":{"@id":"https:\/\/www.suno.com.br\/noticias\/#organization"},"potentialAction":[{"@type":"SearchAction","target":{"@type":"EntryPoint","urlTemplate":"https:\/\/www.suno.com.br\/noticias\/?s={search_term_string}"},"query-input":{"@type":"PropertyValueSpecification","valueRequired":true,"valueName":"search_term_string"}}],"inLanguage":"pt-BR"},{"@type":"Organization","@id":"https:\/\/www.suno.com.br\/noticias\/#organization","name":"Suno Not\u00edcias","url":"https:\/\/www.suno.com.br\/noticias\/","logo":{"@type":"ImageObject","inLanguage":"pt-BR","@id":"https:\/\/www.suno.com.br\/noticias\/#\/schema\/logo\/image\/","url":"https:\/\/files.sunoresearch.com.br\/n\/uploads\/2021\/09\/suno-logo.png","contentUrl":"https:\/\/files.sunoresearch.com.br\/n\/uploads\/2021\/09\/suno-logo.png","width":180,"height":180,"caption":"Suno Not\u00edcias"},"image":{"@id":"https:\/\/www.suno.com.br\/noticias\/#\/schema\/logo\/image\/"},"sameAs":["https:\/\/facebook.com\/sunoresearch","https:\/\/x.com\/sunoresearch","https:\/\/www.instagram.com\/suno","https:\/\/www.linkedin.com\/company\/suno-research\/","https:\/\/www.youtube.com\/c\/sunoresearch"]},{"@type":"Person","@id":"https:\/\/www.suno.com.br\/noticias\/#\/schema\/person\/3f7693d5795a3f6d5ce15309ee785699","name":"Renan Dantas","image":{"@type":"ImageObject","inLanguage":"pt-BR","@id":"https:\/\/www.suno.com.br\/noticias\/#\/schema\/person\/image\/","url":"https:\/\/secure.gravatar.com\/avatar\/1787b83e7484a08e51d62ac8b41c8396?s=96&r=g","contentUrl":"https:\/\/secure.gravatar.com\/avatar\/1787b83e7484a08e51d62ac8b41c8396?s=96&r=g","caption":"Renan Dantas"},"description":"Escreve sobre pol\u00edtica e mercado financeiro para o portal Suno Not\u00edcias. Antes, atuou na assessoria de comunica\u00e7\u00e3o do Minist\u00e9rio P\u00fablico do Trabalho e na R\u00e1dio Mackenzie, onde apresentava e produzia um programa sobre artistas da m\u00fasica brasileira. \u00c9 estudante na Universidade Presbiteriana Mackenzie.","url":"https:\/\/www.suno.com.br\/noticias\/author\/renan-dantas\/"}]}},"default_loop_html":"<div class=\"cardsPage__listCard__boxs\"><div class=\"cardsPage__listCard__boxs__img\"><a href=\"https:\/\/www.suno.com.br\/noticias\/sabesp-deve-ser-privatizada-ou-capitalizada-diz-meirelles\/\"><img class=\"mask\" src=\"https:\/\/www.suno.com.br\/noticias\/wp-content\/themes\/suno\/resources\/images\/spotlight\/spotlight1img\/bg-mask.png\" alt=\"Image Mask\"\/><img src=\"https:\/\/files.sunoresearch.com.br\/n\/uploads\/2018\/11\/59669787-lucro-da-sabesp-400x200.webp\" alt=\"Sabesp deve ser privatizada ou capitalizada, diz Meirelles\"\/><\/a><span class=\"spotlightCategory\"><a href=\"https:\/\/www.suno.com.br\/noticias\/negocios\/\">Neg\u00f3cios<\/a><\/span><\/div><div class=\"cardsPage__listCard__boxs__content\"><a href=\"https:\/\/www.suno.com.br\/noticias\/sabesp-deve-ser-privatizada-ou-capitalizada-diz-meirelles\/\"><h2 class=\"content__title\">Sabesp deve ser privatizada ou capitalizada, diz Meirelles<\/h2><\/a><div class=\"newsContent__article__meta\"><div class=\"newsContent__article__meta__authorBox\"><a href=\"https:\/\/www.suno.com.br\/noticias\/author\/renan-dantas\/\" class=\"authorBox__avatar noMobi\"><img src=\"https:\/\/secure.gravatar.com\/avatar\/1787b83e7484a08e51d62ac8b41c8396?s=96&#038;r=g\" alt=\"Renan Dantas\"><\/a><div class=\"authorBox__name\"><span>por\n\t\t\t<a href=\"https:\/\/www.suno.com.br\/noticias\/author\/renan-dantas\/\"><span itemprop=\"author\">Renan Dantas<\/span><\/a><\/span><time datetime=\"2019-05-06T16:11:44-03:00\" itemprop=\"datePublished\">06\/05\/2019 16:11<\/time><\/div><\/div><\/div><\/div><\/div>","single_layout":"posts","amp_enabled":true,"_links":{"self":[{"href":"https:\/\/www.suno.com.br\/noticias\/wp-json\/wp\/v2\/posts\/23444"}],"collection":[{"href":"https:\/\/www.suno.com.br\/noticias\/wp-json\/wp\/v2\/posts"}],"about":[{"href":"https:\/\/www.suno.com.br\/noticias\/wp-json\/wp\/v2\/types\/post"}],"author":[{"embeddable":true,"href":"https:\/\/www.suno.com.br\/noticias\/wp-json\/wp\/v2\/users\/14"}],"replies":[{"embeddable":true,"href":"https:\/\/www.suno.com.br\/noticias\/wp-json\/wp\/v2\/comments?post=23444"}],"version-history":[{"count":0,"href":"https:\/\/www.suno.com.br\/noticias\/wp-json\/wp\/v2\/posts\/23444\/revisions"}],"wp:featuredmedia":[{"embeddable":true,"href":"https:\/\/www.suno.com.br\/noticias\/wp-json\/wp\/v2\/media\/6188"}],"wp:attachment":[{"href":"https:\/\/www.suno.com.br\/noticias\/wp-json\/wp\/v2\/media?parent=23444"}],"wp:term":[{"taxonomy":"category","embeddable":true,"href":"https:\/\/www.suno.com.br\/noticias\/wp-json\/wp\/v2\/categories?post=23444"},{"taxonomy":"post_tag","embeddable":true,"href":"https:\/\/www.suno.com.br\/noticias\/wp-json\/wp\/v2\/tags?post=23444"},{"taxonomy":"suno_strategy","embeddable":true,"href":"https:\/\/www.suno.com.br\/noticias\/wp-json\/wp\/v2\/suno_strategy?post=23444"}],"curies":[{"name":"wp","href":"https:\/\/api.w.org\/{rel}","templated":true}]}}