{"id":23429,"date":"2019-05-06T14:16:29","date_gmt":"2019-05-06T17:16:29","guid":{"rendered":"https:\/\/www.suno.com.br\/noticias\/?p=23429"},"modified":"2020-12-04T10:47:55","modified_gmt":"2020-12-04T13:47:55","slug":"inflacao-baixa-renda-abril","status":"publish","type":"post","link":"https:\/\/www.suno.com.br\/noticias\/inflacao-baixa-renda-abril\/","title":{"rendered":"Infla\u00e7\u00e3o para fam\u00edlias de baixa renda avan\u00e7a; pre\u00e7o do tomate \u00e9 destaque"},"content":{"rendered":"<p>O<strong> \u00cdndice de Pre\u00e7os ao Consumidor &#8211; Classe 1<\/strong> (IPC-C1), que mede a <a href=\"https:\/\/www.suno.com.br\/artigos\/tag\/inflacao\/\">infla\u00e7\u00e3o<\/a> de pre\u00e7os para fam\u00edlias de<strong> baixa renda<\/strong>, avan\u00e7ou a 0,76% em abril, contra 0,67% em mar\u00e7o. A informa\u00e7\u00e3o foi divulgada nesta segunda-feira (6) pelo<strong>\u00a0Instituto Brasileiro de Economia<\/strong> (Ibre), da <strong>Funda\u00e7\u00e3o Get\u00falio Vargas<\/strong> (FGV).<\/p>\t<div class=\"wrapper-featured-image\">\n\t\t<figure class=\"spotlightImg\">\n\n\t\t\t<picture>\n\t\t\t\t<source media=\"(max-width: 768px)\" srcset=\"https:\/\/files.sunoresearch.com.br\/n\/uploads\/2019\/05\/96e7fc5f-baixa-renda-400x200.webp\">\n\t\t\t\t<img loading=\"lazy\" decoding=\"async\" class=\"newsContent__article__imgCapa lazyloadDisabled newsContent__article__imgCapa--noCaption\" src=\"https:\/\/files.sunoresearch.com.br\/n\/uploads\/2019\/05\/96e7fc5f-baixa-renda-800x450.webp\" width=\"800\" height=\"450\" alt=\"Infla\u00e7\u00e3o para fam\u00edlias de baixa renda avan\u00e7a; pre\u00e7o do tomate \u00e9 destaque\" fetchpriority=high \/>\n\t\t\t<\/picture>\n\n\t\t\t<figcaption class=\"wp-caption-text wp-caption-text--hide\"><\/figcaption>\n\t\t<\/figure>\n\t<\/div>\n\n\n<p>No acumulado de 12 meses, o<strong> IPC-C1<\/strong> acumulou 5,86%. Acima do crescimento do<strong> IPC-Br<\/strong>, que no mesmo per\u00edodo atingiu 5,19%. Confira abaixo as varia\u00e7\u00f5es por segmentos comp\u00f5em o \u00edndice de infla\u00e7\u00e3o das fam\u00edlias de baixa renda, entre mar\u00e7o e abril:<\/p>\n<ul>\n<li><strong>Sa\u00fade e Cuidados Pessoais:<\/strong> subiu de 0,25% para 1,08%;<\/li>\n<li><strong>Transportes:<\/strong> subiu de 1,27% para 1,67%;<\/li>\n<li><strong>Habita\u00e7\u00e3o:<\/strong> subiu de 0,20% para 0,31%;<\/li>\n<li><strong> Despesas Diversas:<\/strong> subiu de -0,15% para 0,24%;<\/li>\n<li><strong> Educa\u00e7\u00e3o, Leitura e Recrea\u00e7\u00e3o:<\/strong> subiu de 0,10% para 0,35%;<\/li>\n<li><strong> Vestu\u00e1rio:<\/strong> subiu de 0,61% para 0,71%;<\/li>\n<li><strong> e Comunica\u00e7\u00e3o:<\/strong> subiu de -0,06% para -0,02%.<\/li>\n<\/ul>\n\t<p>\n\t\t<a href=\"https:\/\/lp.suno.com.br\/ebook-como-analisar-uma-acao\/\" target=\"_blank\" data-element=\"shortcode-suno-banner\" title=\"Banner SUNO, clique e saiba mais\">\n\t\t\t<picture>\n\t\t\t\t<source media=\"(max-width: 500px)\" srcset=\"https:\/\/files.sunoresearch.com.br\/n\/uploads\/2023\/12\/Ebook-Acoes-Mobile.jpg\">\n\t\t\t\t<img class=\"newsContent__article__imgCapa newsContent__article__imgCapa--banner\"\n\t\t\t\t\tsrc=\"https:\/\/files.sunoresearch.com.br\/n\/uploads\/2023\/12\/Ebook-Acoes-Mobile.jpg\"\n\t\t\t\t\tdata-promo-id=\"101750\"\t\t\t\t\t\t\t\t\t\twidth='400' height='300'\t\t\t\t\talt=\"https:\/\/files.sunoresearch.com.br\/n\/uploads\/2023\/12\/Ebook-Acoes-Mobile.jpg\"\n\t\t\t\t>\n\t\t\t<\/picture>\n\t\t<\/a>\n\t<\/p>\n\n\n<p>Nestes grupos, o <strong>Ibre\/FGV<\/strong> destacou a varia\u00e7\u00e3o de <strong>pre\u00e7os<\/strong> dos seguintes itens:<\/p>\n<ul>\n<li><strong>Medicamentos em geral:<\/strong> de 0,09% para 1,68%;<\/li>\n<li><strong>Tarifa de \u00f4nibus urbano:<\/strong> de 0,87% para 2,12%;<\/li>\n<li><strong>M\u00f3veis para resid\u00eancia:<\/strong> de -0,20% para 0,76%;<\/li>\n<li><strong>Bilhete lot\u00e9rico:<\/strong> de 1,29% para 31,63%;<\/li>\n<li><strong>Passagem a\u00e9rea:<\/strong> de -7,25% para -0,69%;<\/li>\n<li><strong>Acess\u00f3rios do vestu\u00e1rio:<\/strong> de 0,81% para 1,93%;<\/li>\n<li><strong> e tarifa de telefone residencial:<\/strong> de -0,44% para -0,15%.<\/li>\n<\/ul>\n<p>A <strong>alimenta\u00e7\u00e3o<\/strong> foi o \u00fanico segmento que apresentou <a href=\"https:\/\/www.suno.com.br\/artigos\/deflacao\/\">defla\u00e7\u00e3o<\/a>, de 1,23% para 0,76%. Ou seja, houve recuo no pre\u00e7o. O destaque desta classe foi \u00a0item arroz e feij\u00e3o, cuja varia\u00e7\u00e3o de pre\u00e7o caiu de 6,20% em mar\u00e7o, para -0,80% em abril.<\/p>\n<p>&nbsp;<\/p>\n<figure id=\"attachment_23436\" aria-describedby=\"caption-attachment-23436\" style=\"width: 602px\" class=\"wp-caption aligncenter\"><img loading=\"lazy\" decoding=\"async\" class=\"wp-image-23436 size-full\" src=\"https:\/\/storage.googleapis.com\/wp-noticias\/2019\/05\/2f6b0228-ipc-c1.png\" alt=\"baixa renda\" width=\"602\" height=\"359\" \/><figcaption id=\"caption-attachment-23436\" class=\"wp-caption-text\">Tabela com maiores influ\u00eancias positivas e negativas na composi\u00e7\u00e3o do IPC-C1.<\/figcaption><\/figure>\n<p>De acordo com a tabela compilada pelo <strong>Ibre\/FGV<\/strong>, os maiores destaques com alta de pre\u00e7os foi a tarifa de \u00f4nibus urbano, o <strong>tomate<\/strong>, a gasolina, a cebola e as refei\u00e7\u00f5es em bares e restaurantes.<\/p>\n<p><a href=\"https:\/\/www.suno.com.br\/noticias\/ipca-15-inflacao-previa\/\">Saiba mais &#8211;\u00a0Pr\u00e9via da infla\u00e7\u00e3o: IPCA-15 aponta avan\u00e7o para 0,72% em abril\u00a0<\/a><\/p>\n<h2>IPC-S<\/h2>\n<p>O <strong>\u00cdndice de Pre\u00e7os ao Consumidor Semanal<\/strong> (IPC-S) apresentou uma alta de 0,63% em abril. O resultado foi influenciado pelo al\u00edvio no pre\u00e7o dos <strong>alimentos.<\/strong> Os dados foram divulgados pela <strong>FGV<\/strong>\u00a0na \u00faltima quinta-feira (2).<\/p>\n<p>O fechamento de abril representa uma leve queda em rela\u00e7\u00e3o aos n\u00fameros de mar\u00e7o. No m\u00eas anterior, o <strong>IPC-S<\/strong> registrou uma alta de 0,65%. Os dados mostraram que o grupo de alimenta\u00e7\u00e3o fez a alta desacelerar.<\/p>\n<p>Em mar\u00e7o, o resultado do grupo avan\u00e7ou 1,1%. O maior recuo no quarto m\u00eas do ano foi puxado pelas <strong>frutas,<\/strong> que tiveram uma queda de 0,54%. Nos \u00faltimos 12 meses, o <strong>IPC-S<\/strong> acumula alta de 5,19%.<\/p>\n","protected":false},"excerpt":{"rendered":"<p>O \u00cdndice de Pre\u00e7os ao Consumidor &#8211; Classe 1 (IPC-C1), que mede a infla\u00e7\u00e3o de pre\u00e7os para fam\u00edlias de baixa renda, avan\u00e7ou a 0,76% em abril, contra 0,67% em mar\u00e7o. A informa\u00e7\u00e3o foi divulgada nesta segunda-feira (6) pelo\u00a0Instituto Brasileiro de Economia (Ibre), da Funda\u00e7\u00e3o Get\u00falio Vargas (FGV). No acumulado de 12 meses, o IPC-C1 acumulou [&hellip;]<\/p>\n","protected":false},"author":12,"featured_media":23437,"comment_status":"closed","ping_status":"closed","sticky":false,"template":"","format":"standard","meta":[],"categories":[62],"tags":[846,797,850],"suno_strategy":[],"class_list":["post-23429","post","type-post","status-publish","format-standard","has-post-thumbnail","hentry","category-economia","tag-deflacao","tag-fgv","tag-inflacao"],"yoast_head":"<!-- This site is optimized with the Yoast SEO plugin v24.4 - https:\/\/yoast.com\/wordpress\/plugins\/seo\/ -->\n<title>Infla\u00e7\u00e3o para fam\u00edlias de baixa renda avan\u00e7a; pre\u00e7o do tomate \u00e9 destaque<\/title>\n<meta name=\"description\" content=\"A infla\u00e7\u00e3o para as fam\u00edlias de baixa renda (IPC-C1) avan\u00e7ou em abril, segundo dados do Ibre\/FGV; tomate foi destaque. Clique para saber mais.\" \/>\n<meta name=\"robots\" content=\"index, follow, max-snippet:-1, max-image-preview:large, max-video-preview:-1\" \/>\n<link rel=\"canonical\" href=\"https:\/\/www.suno.com.br\/noticias\/inflacao-baixa-renda-abril\/\" \/>\n<meta property=\"og:locale\" content=\"pt_BR\" \/>\n<meta property=\"og:type\" content=\"article\" \/>\n<meta property=\"og:title\" content=\"Infla\u00e7\u00e3o para fam\u00edlias de baixa renda avan\u00e7a; pre\u00e7o do tomate \u00e9 destaque\" \/>\n<meta property=\"og:description\" content=\"A infla\u00e7\u00e3o para as fam\u00edlias de baixa renda (IPC-C1) avan\u00e7ou em abril, segundo dados do Ibre\/FGV; tomate foi destaque. Clique para saber mais.\" \/>\n<meta property=\"og:url\" content=\"https:\/\/www.suno.com.br\/noticias\/inflacao-baixa-renda-abril\/\" \/>\n<meta property=\"og:site_name\" content=\"Suno Not\u00edcias\" \/>\n<meta property=\"article:publisher\" content=\"https:\/\/facebook.com\/sunoresearch\" \/>\n<meta property=\"og:image\" content=\"https:\/\/files.sunoresearch.com.br\/n\/uploads\/2019\/05\/96e7fc5f-baixa-renda.jpg\" \/>\n\t<meta property=\"og:image:width\" content=\"3968\" \/>\n\t<meta property=\"og:image:height\" content=\"2976\" \/>\n\t<meta property=\"og:image:type\" content=\"image\/jpeg\" \/>\n<meta name=\"author\" content=\"Amanda Gushiken\" \/>\n<meta name=\"twitter:card\" content=\"summary_large_image\" \/>\n<meta name=\"twitter:creator\" content=\"@sunoresearch\" \/>\n<meta name=\"twitter:site\" content=\"@sunoresearch\" \/>\n<meta name=\"twitter:label1\" content=\"Escrito por\" \/>\n\t<meta name=\"twitter:data1\" content=\"Amanda Gushiken\" \/>\n\t<meta name=\"twitter:label2\" content=\"Est. tempo de leitura\" \/>\n\t<meta name=\"twitter:data2\" content=\"2 minutos\" \/>\n<script type=\"application\/ld+json\" class=\"yoast-schema-graph\">{\"@context\":\"https:\/\/schema.org\",\"@graph\":[{\"@type\":\"NewsArticle\",\"@id\":\"https:\/\/www.suno.com.br\/noticias\/inflacao-baixa-renda-abril\/#article\",\"isPartOf\":{\"@id\":\"https:\/\/www.suno.com.br\/noticias\/inflacao-baixa-renda-abril\/\"},\"author\":{\"name\":\"Amanda Gushiken\",\"@id\":\"https:\/\/www.suno.com.br\/noticias\/#\/schema\/person\/a5b06fa4e879d8e8e119c6ed3cd630d1\"},\"headline\":\"Infla\u00e7\u00e3o para fam\u00edlias de baixa renda avan\u00e7a; pre\u00e7o do tomate \u00e9 destaque\",\"datePublished\":\"2019-05-06T17:16:29+00:00\",\"dateModified\":\"2020-12-04T13:47:55+00:00\",\"mainEntityOfPage\":{\"@id\":\"https:\/\/www.suno.com.br\/noticias\/inflacao-baixa-renda-abril\/\"},\"wordCount\":451,\"publisher\":{\"@id\":\"https:\/\/www.suno.com.br\/noticias\/#organization\"},\"image\":{\"@id\":\"https:\/\/www.suno.com.br\/noticias\/inflacao-baixa-renda-abril\/#primaryimage\"},\"thumbnailUrl\":\"https:\/\/files.sunoresearch.com.br\/n\/uploads\/2019\/05\/96e7fc5f-baixa-renda-scaled.webp\",\"keywords\":[\"defla\u00e7\u00e3o\",\"FGV\",\"infla\u00e7\u00e3o\"],\"articleSection\":[\"Economia\"],\"inLanguage\":\"pt-BR\"},{\"@type\":\"WebPage\",\"@id\":\"https:\/\/www.suno.com.br\/noticias\/inflacao-baixa-renda-abril\/\",\"url\":\"https:\/\/www.suno.com.br\/noticias\/inflacao-baixa-renda-abril\/\",\"name\":\"Infla\u00e7\u00e3o para fam\u00edlias de baixa renda avan\u00e7a; pre\u00e7o do tomate \u00e9 destaque\",\"isPartOf\":{\"@id\":\"https:\/\/www.suno.com.br\/noticias\/#website\"},\"primaryImageOfPage\":{\"@id\":\"https:\/\/www.suno.com.br\/noticias\/inflacao-baixa-renda-abril\/#primaryimage\"},\"image\":{\"@id\":\"https:\/\/www.suno.com.br\/noticias\/inflacao-baixa-renda-abril\/#primaryimage\"},\"thumbnailUrl\":\"https:\/\/files.sunoresearch.com.br\/n\/uploads\/2019\/05\/96e7fc5f-baixa-renda-scaled.webp\",\"datePublished\":\"2019-05-06T17:16:29+00:00\",\"dateModified\":\"2020-12-04T13:47:55+00:00\",\"description\":\"A infla\u00e7\u00e3o para as fam\u00edlias de baixa renda (IPC-C1) avan\u00e7ou em abril, segundo dados do Ibre\/FGV; tomate foi destaque. Clique para saber mais.\",\"breadcrumb\":{\"@id\":\"https:\/\/www.suno.com.br\/noticias\/inflacao-baixa-renda-abril\/#breadcrumb\"},\"inLanguage\":\"pt-BR\",\"potentialAction\":[{\"@type\":\"ReadAction\",\"target\":[\"https:\/\/www.suno.com.br\/noticias\/inflacao-baixa-renda-abril\/\"]}]},{\"@type\":\"ImageObject\",\"inLanguage\":\"pt-BR\",\"@id\":\"https:\/\/www.suno.com.br\/noticias\/inflacao-baixa-renda-abril\/#primaryimage\",\"url\":\"https:\/\/files.sunoresearch.com.br\/n\/uploads\/2019\/05\/96e7fc5f-baixa-renda-scaled.webp\",\"contentUrl\":\"https:\/\/files.sunoresearch.com.br\/n\/uploads\/2019\/05\/96e7fc5f-baixa-renda-scaled.webp\",\"width\":2560,\"height\":1920,\"caption\":\"baixa renda\"},{\"@type\":\"BreadcrumbList\",\"@id\":\"https:\/\/www.suno.com.br\/noticias\/inflacao-baixa-renda-abril\/#breadcrumb\",\"itemListElement\":[{\"@type\":\"ListItem\",\"position\":1,\"name\":\"Not\u00edcias\",\"item\":\"https:\/\/www.suno.com.br\/noticias\/\"},{\"@type\":\"ListItem\",\"position\":2,\"name\":\"Economia\",\"item\":\"https:\/\/www.suno.com.br\/noticias\/economia\/\"},{\"@type\":\"ListItem\",\"position\":3,\"name\":\"Infla\u00e7\u00e3o para fam\u00edlias de baixa renda avan\u00e7a; pre\u00e7o do tomate \u00e9 destaque\"}]},{\"@type\":\"WebSite\",\"@id\":\"https:\/\/www.suno.com.br\/noticias\/#website\",\"url\":\"https:\/\/www.suno.com.br\/noticias\/\",\"name\":\"Suno Not\u00edcias\",\"description\":\"Seu portal de informa\u00e7\u00e3o sobre o mundo dos investimentos\",\"publisher\":{\"@id\":\"https:\/\/www.suno.com.br\/noticias\/#organization\"},\"potentialAction\":[{\"@type\":\"SearchAction\",\"target\":{\"@type\":\"EntryPoint\",\"urlTemplate\":\"https:\/\/www.suno.com.br\/noticias\/?s={search_term_string}\"},\"query-input\":{\"@type\":\"PropertyValueSpecification\",\"valueRequired\":true,\"valueName\":\"search_term_string\"}}],\"inLanguage\":\"pt-BR\"},{\"@type\":\"Organization\",\"@id\":\"https:\/\/www.suno.com.br\/noticias\/#organization\",\"name\":\"Suno Not\u00edcias\",\"url\":\"https:\/\/www.suno.com.br\/noticias\/\",\"logo\":{\"@type\":\"ImageObject\",\"inLanguage\":\"pt-BR\",\"@id\":\"https:\/\/www.suno.com.br\/noticias\/#\/schema\/logo\/image\/\",\"url\":\"https:\/\/files.sunoresearch.com.br\/n\/uploads\/2021\/09\/suno-logo.png\",\"contentUrl\":\"https:\/\/files.sunoresearch.com.br\/n\/uploads\/2021\/09\/suno-logo.png\",\"width\":180,\"height\":180,\"caption\":\"Suno Not\u00edcias\"},\"image\":{\"@id\":\"https:\/\/www.suno.com.br\/noticias\/#\/schema\/logo\/image\/\"},\"sameAs\":[\"https:\/\/facebook.com\/sunoresearch\",\"https:\/\/x.com\/sunoresearch\",\"https:\/\/www.instagram.com\/suno\",\"https:\/\/www.linkedin.com\/company\/suno-research\/\",\"https:\/\/www.youtube.com\/c\/sunoresearch\"]},{\"@type\":\"Person\",\"@id\":\"https:\/\/www.suno.com.br\/noticias\/#\/schema\/person\/a5b06fa4e879d8e8e119c6ed3cd630d1\",\"name\":\"Amanda Gushiken\",\"image\":{\"@type\":\"ImageObject\",\"inLanguage\":\"pt-BR\",\"@id\":\"https:\/\/www.suno.com.br\/noticias\/#\/schema\/person\/image\/\",\"url\":\"https:\/\/secure.gravatar.com\/avatar\/ecd84705e6b65e3685ae80d725501fbe?s=96&r=g\",\"contentUrl\":\"https:\/\/secure.gravatar.com\/avatar\/ecd84705e6b65e3685ae80d725501fbe?s=96&r=g\",\"caption\":\"Amanda Gushiken\"},\"description\":\"Amanda Sayuri Gushiken escreve sobre finan\u00e7as e neg\u00f3cios para o portal Suno Not\u00edcias. Antes, trabalhou selecionando not\u00edcias da imprensa para clientes do mercado financeiro. Tamb\u00e9m desenvolveu pesquisa acad\u00eamica pela Universidade Anhembi Morumbi na \u00e1rea de Teorias da Comunica\u00e7\u00e3o e \u00e9 fot\u00f3grafa nas horas vagas.\",\"url\":\"https:\/\/www.suno.com.br\/noticias\/author\/amanda\/\"}]}<\/script>\n<!-- \/ Yoast SEO plugin. -->","yoast_head_json":{"title":"Infla\u00e7\u00e3o para fam\u00edlias de baixa renda avan\u00e7a; pre\u00e7o do tomate \u00e9 destaque","description":"A infla\u00e7\u00e3o para as fam\u00edlias de baixa renda (IPC-C1) avan\u00e7ou em abril, segundo dados do Ibre\/FGV; tomate foi destaque. Clique para saber mais.","robots":{"index":"index","follow":"follow","max-snippet":"max-snippet:-1","max-image-preview":"max-image-preview:large","max-video-preview":"max-video-preview:-1"},"canonical":"https:\/\/www.suno.com.br\/noticias\/inflacao-baixa-renda-abril\/","og_locale":"pt_BR","og_type":"article","og_title":"Infla\u00e7\u00e3o para fam\u00edlias de baixa renda avan\u00e7a; pre\u00e7o do tomate \u00e9 destaque","og_description":"A infla\u00e7\u00e3o para as fam\u00edlias de baixa renda (IPC-C1) avan\u00e7ou em abril, segundo dados do Ibre\/FGV; tomate foi destaque. Clique para saber mais.","og_url":"https:\/\/www.suno.com.br\/noticias\/inflacao-baixa-renda-abril\/","og_site_name":"Suno Not\u00edcias","article_publisher":"https:\/\/facebook.com\/sunoresearch","og_image":[{"width":3968,"height":2976,"url":"https:\/\/files.sunoresearch.com.br\/n\/uploads\/2019\/05\/96e7fc5f-baixa-renda.jpg","type":"image\/jpeg"}],"author":"Amanda Gushiken","twitter_card":"summary_large_image","twitter_creator":"@sunoresearch","twitter_site":"@sunoresearch","twitter_misc":{"Escrito por":"Amanda Gushiken","Est. tempo de leitura":"2 minutos"},"schema":{"@context":"https:\/\/schema.org","@graph":[{"@type":"NewsArticle","@id":"https:\/\/www.suno.com.br\/noticias\/inflacao-baixa-renda-abril\/#article","isPartOf":{"@id":"https:\/\/www.suno.com.br\/noticias\/inflacao-baixa-renda-abril\/"},"author":{"name":"Amanda Gushiken","@id":"https:\/\/www.suno.com.br\/noticias\/#\/schema\/person\/a5b06fa4e879d8e8e119c6ed3cd630d1"},"headline":"Infla\u00e7\u00e3o para fam\u00edlias de baixa renda avan\u00e7a; pre\u00e7o do tomate \u00e9 destaque","datePublished":"2019-05-06T17:16:29+00:00","dateModified":"2020-12-04T13:47:55+00:00","mainEntityOfPage":{"@id":"https:\/\/www.suno.com.br\/noticias\/inflacao-baixa-renda-abril\/"},"wordCount":451,"publisher":{"@id":"https:\/\/www.suno.com.br\/noticias\/#organization"},"image":{"@id":"https:\/\/www.suno.com.br\/noticias\/inflacao-baixa-renda-abril\/#primaryimage"},"thumbnailUrl":"https:\/\/files.sunoresearch.com.br\/n\/uploads\/2019\/05\/96e7fc5f-baixa-renda-scaled.webp","keywords":["defla\u00e7\u00e3o","FGV","infla\u00e7\u00e3o"],"articleSection":["Economia"],"inLanguage":"pt-BR"},{"@type":"WebPage","@id":"https:\/\/www.suno.com.br\/noticias\/inflacao-baixa-renda-abril\/","url":"https:\/\/www.suno.com.br\/noticias\/inflacao-baixa-renda-abril\/","name":"Infla\u00e7\u00e3o para fam\u00edlias de baixa renda avan\u00e7a; pre\u00e7o do tomate \u00e9 destaque","isPartOf":{"@id":"https:\/\/www.suno.com.br\/noticias\/#website"},"primaryImageOfPage":{"@id":"https:\/\/www.suno.com.br\/noticias\/inflacao-baixa-renda-abril\/#primaryimage"},"image":{"@id":"https:\/\/www.suno.com.br\/noticias\/inflacao-baixa-renda-abril\/#primaryimage"},"thumbnailUrl":"https:\/\/files.sunoresearch.com.br\/n\/uploads\/2019\/05\/96e7fc5f-baixa-renda-scaled.webp","datePublished":"2019-05-06T17:16:29+00:00","dateModified":"2020-12-04T13:47:55+00:00","description":"A infla\u00e7\u00e3o para as fam\u00edlias de baixa renda (IPC-C1) avan\u00e7ou em abril, segundo dados do Ibre\/FGV; tomate foi destaque. Clique para saber mais.","breadcrumb":{"@id":"https:\/\/www.suno.com.br\/noticias\/inflacao-baixa-renda-abril\/#breadcrumb"},"inLanguage":"pt-BR","potentialAction":[{"@type":"ReadAction","target":["https:\/\/www.suno.com.br\/noticias\/inflacao-baixa-renda-abril\/"]}]},{"@type":"ImageObject","inLanguage":"pt-BR","@id":"https:\/\/www.suno.com.br\/noticias\/inflacao-baixa-renda-abril\/#primaryimage","url":"https:\/\/files.sunoresearch.com.br\/n\/uploads\/2019\/05\/96e7fc5f-baixa-renda-scaled.webp","contentUrl":"https:\/\/files.sunoresearch.com.br\/n\/uploads\/2019\/05\/96e7fc5f-baixa-renda-scaled.webp","width":2560,"height":1920,"caption":"baixa renda"},{"@type":"BreadcrumbList","@id":"https:\/\/www.suno.com.br\/noticias\/inflacao-baixa-renda-abril\/#breadcrumb","itemListElement":[{"@type":"ListItem","position":1,"name":"Not\u00edcias","item":"https:\/\/www.suno.com.br\/noticias\/"},{"@type":"ListItem","position":2,"name":"Economia","item":"https:\/\/www.suno.com.br\/noticias\/economia\/"},{"@type":"ListItem","position":3,"name":"Infla\u00e7\u00e3o para fam\u00edlias de baixa renda avan\u00e7a; pre\u00e7o do tomate \u00e9 destaque"}]},{"@type":"WebSite","@id":"https:\/\/www.suno.com.br\/noticias\/#website","url":"https:\/\/www.suno.com.br\/noticias\/","name":"Suno Not\u00edcias","description":"Seu portal de informa\u00e7\u00e3o sobre o mundo dos investimentos","publisher":{"@id":"https:\/\/www.suno.com.br\/noticias\/#organization"},"potentialAction":[{"@type":"SearchAction","target":{"@type":"EntryPoint","urlTemplate":"https:\/\/www.suno.com.br\/noticias\/?s={search_term_string}"},"query-input":{"@type":"PropertyValueSpecification","valueRequired":true,"valueName":"search_term_string"}}],"inLanguage":"pt-BR"},{"@type":"Organization","@id":"https:\/\/www.suno.com.br\/noticias\/#organization","name":"Suno Not\u00edcias","url":"https:\/\/www.suno.com.br\/noticias\/","logo":{"@type":"ImageObject","inLanguage":"pt-BR","@id":"https:\/\/www.suno.com.br\/noticias\/#\/schema\/logo\/image\/","url":"https:\/\/files.sunoresearch.com.br\/n\/uploads\/2021\/09\/suno-logo.png","contentUrl":"https:\/\/files.sunoresearch.com.br\/n\/uploads\/2021\/09\/suno-logo.png","width":180,"height":180,"caption":"Suno Not\u00edcias"},"image":{"@id":"https:\/\/www.suno.com.br\/noticias\/#\/schema\/logo\/image\/"},"sameAs":["https:\/\/facebook.com\/sunoresearch","https:\/\/x.com\/sunoresearch","https:\/\/www.instagram.com\/suno","https:\/\/www.linkedin.com\/company\/suno-research\/","https:\/\/www.youtube.com\/c\/sunoresearch"]},{"@type":"Person","@id":"https:\/\/www.suno.com.br\/noticias\/#\/schema\/person\/a5b06fa4e879d8e8e119c6ed3cd630d1","name":"Amanda Gushiken","image":{"@type":"ImageObject","inLanguage":"pt-BR","@id":"https:\/\/www.suno.com.br\/noticias\/#\/schema\/person\/image\/","url":"https:\/\/secure.gravatar.com\/avatar\/ecd84705e6b65e3685ae80d725501fbe?s=96&r=g","contentUrl":"https:\/\/secure.gravatar.com\/avatar\/ecd84705e6b65e3685ae80d725501fbe?s=96&r=g","caption":"Amanda Gushiken"},"description":"Amanda Sayuri Gushiken escreve sobre finan\u00e7as e neg\u00f3cios para o portal Suno Not\u00edcias. Antes, trabalhou selecionando not\u00edcias da imprensa para clientes do mercado financeiro. Tamb\u00e9m desenvolveu pesquisa acad\u00eamica pela Universidade Anhembi Morumbi na \u00e1rea de Teorias da Comunica\u00e7\u00e3o e \u00e9 fot\u00f3grafa nas horas vagas.","url":"https:\/\/www.suno.com.br\/noticias\/author\/amanda\/"}]}},"default_loop_html":"<div class=\"cardsPage__listCard__boxs\"><div class=\"cardsPage__listCard__boxs__img\"><a href=\"https:\/\/www.suno.com.br\/noticias\/inflacao-baixa-renda-abril\/\"><img class=\"mask\" src=\"https:\/\/www.suno.com.br\/noticias\/wp-content\/themes\/suno\/resources\/images\/spotlight\/spotlight1img\/bg-mask.png\" alt=\"Image Mask\"\/><img src=\"https:\/\/files.sunoresearch.com.br\/n\/uploads\/2019\/05\/96e7fc5f-baixa-renda-400x200.webp\" alt=\"Infla\u00e7\u00e3o para fam\u00edlias de baixa renda avan\u00e7a; pre\u00e7o do tomate \u00e9 destaque\"\/><\/a><span class=\"spotlightCategory\"><a href=\"https:\/\/www.suno.com.br\/noticias\/economia\/\">Economia<\/a><\/span><\/div><div class=\"cardsPage__listCard__boxs__content\"><a href=\"https:\/\/www.suno.com.br\/noticias\/inflacao-baixa-renda-abril\/\"><h2 class=\"content__title\">Infla\u00e7\u00e3o para fam\u00edlias de baixa renda avan\u00e7a; pre\u00e7o do tomate \u00e9 destaque<\/h2><\/a><div class=\"newsContent__article__meta\"><div class=\"newsContent__article__meta__authorBox\"><a href=\"https:\/\/www.suno.com.br\/noticias\/author\/amanda\/\" class=\"authorBox__avatar noMobi\"><img src=\"https:\/\/files.sunoresearch.com.br\/n\/uploads\/2018\/11\/c6ad30be-amanda-150x150.webp\" alt=\"Amanda Gushiken\"><\/a><div class=\"authorBox__name\"><span>por\n\t\t\t<a href=\"https:\/\/www.suno.com.br\/noticias\/author\/amanda\/\"><span itemprop=\"author\">Amanda Gushiken<\/span><\/a><\/span><time datetime=\"2019-05-06T14:16:29-03:00\" itemprop=\"datePublished\">06\/05\/2019 14:16<\/time><\/div><\/div><\/div><\/div><\/div>","single_layout":"posts","amp_enabled":true,"_links":{"self":[{"href":"https:\/\/www.suno.com.br\/noticias\/wp-json\/wp\/v2\/posts\/23429"}],"collection":[{"href":"https:\/\/www.suno.com.br\/noticias\/wp-json\/wp\/v2\/posts"}],"about":[{"href":"https:\/\/www.suno.com.br\/noticias\/wp-json\/wp\/v2\/types\/post"}],"author":[{"embeddable":true,"href":"https:\/\/www.suno.com.br\/noticias\/wp-json\/wp\/v2\/users\/12"}],"replies":[{"embeddable":true,"href":"https:\/\/www.suno.com.br\/noticias\/wp-json\/wp\/v2\/comments?post=23429"}],"version-history":[{"count":0,"href":"https:\/\/www.suno.com.br\/noticias\/wp-json\/wp\/v2\/posts\/23429\/revisions"}],"wp:featuredmedia":[{"embeddable":true,"href":"https:\/\/www.suno.com.br\/noticias\/wp-json\/wp\/v2\/media\/23437"}],"wp:attachment":[{"href":"https:\/\/www.suno.com.br\/noticias\/wp-json\/wp\/v2\/media?parent=23429"}],"wp:term":[{"taxonomy":"category","embeddable":true,"href":"https:\/\/www.suno.com.br\/noticias\/wp-json\/wp\/v2\/categories?post=23429"},{"taxonomy":"post_tag","embeddable":true,"href":"https:\/\/www.suno.com.br\/noticias\/wp-json\/wp\/v2\/tags?post=23429"},{"taxonomy":"suno_strategy","embeddable":true,"href":"https:\/\/www.suno.com.br\/noticias\/wp-json\/wp\/v2\/suno_strategy?post=23429"}],"curies":[{"name":"wp","href":"https:\/\/api.w.org\/{rel}","templated":true}]}}