{"id":234277,"date":"2022-02-22T22:31:18","date_gmt":"2022-02-23T01:31:18","guid":{"rendered":"https:\/\/www.suno.com.br\/noticias\/?p=234277"},"modified":"2022-02-22T22:31:18","modified_gmt":"2022-02-23T01:31:18","slug":"movida-movi3-aumento-frota-gtf-analise","status":"publish","type":"post","link":"https:\/\/www.suno.com.br\/noticias\/movida-movi3-aumento-frota-gtf-analise\/","title":{"rendered":"Movida (MOVI3): aumento da frota continuar\u00e1 sendo &#8220;a estrela da empresa&#8221;, afirmam bancos"},"content":{"rendered":"<p>A <a class=\"suno-keyword\" href=\"https:\/\/www.suno.com.br\/acoes\/MOVI3\/\" target=\"_blank\" rel=\"noopener\" data-force=\"yes\" data-priority=\"2\"><strong>Movida<\/strong> (MOVI3)<\/a> reportou um resultado &#8220;brilhante&#8221; no 4T21, de acordo com relat\u00f3rio do BB Investimentos. Os <a class=\"suno-keyword\" href=\"https:\/\/www.suno.com.br\/artigos\/bancos-de-investimento\/\" target=\"_blank\" rel=\"noopener\" data-force=\"no\" data-priority=\"1\">bancos de investimento<\/a> <a class=\"suno-keyword\" href=\"https:\/\/www.suno.com.br\/acoes\/BPAC11\/\" target=\"_blank\" rel=\"noopener\" data-force=\"yes\" data-priority=\"2\">BTG Pactual (BPAC11)<\/a> e Ita\u00fa BBA concordam que os n\u00fameros do balan\u00e7o trimestral da empresa foram s\u00f3lidos e dentro das expectativas.<\/p>\t<div class=\"wrapper-featured-image\">\n\t\t<figure class=\"spotlightImg\">\n\n\t\t\t<picture>\n\t\t\t\t<source media=\"(max-width: 768px)\" srcset=\"https:\/\/files.sunoresearch.com.br\/n\/uploads\/2021\/02\/4fa4c54b-movida1-400x200.webp\">\n\t\t\t\t<img loading=\"lazy\" decoding=\"async\" class=\"newsContent__article__imgCapa lazyloadDisabled \" src=\"https:\/\/files.sunoresearch.com.br\/n\/uploads\/2021\/02\/4fa4c54b-movida1-800x450.webp\" width=\"800\" height=\"450\" alt=\"Movida (MOVI3): aumento da frota continuar\u00e1 sendo &#8220;a estrela da empresa&#8221;, afirmam bancos\" fetchpriority=high \/>\n\t\t\t<\/picture>\n\n\t\t\t<figcaption class=\"wp-caption-text wp-caption-text--show\">Movida (MOVI3) - Foto: Divulga\u00e7\u00e3o<\/figcaption>\n\t\t<\/figure>\n\t<\/div>\n\n\n\t<p>\n\t\t<a href=\"https:\/\/lp.suno.com.br\/planilha-controle-gastos\/\" target=\"_blank\" data-element=\"shortcode-suno-banner\" title=\"Banner SUNO, clique e saiba mais\">\n\t\t\t<picture>\n\t\t\t\t<source media=\"(max-width: 500px)\" srcset=\"https:\/\/files.sunoresearch.com.br\/n\/uploads\/2023\/03\/400x300-Planilha-controle-de-gastos.png\">\n\t\t\t\t<img class=\"newsContent__article__imgCapa newsContent__article__imgCapa--banner\"\n\t\t\t\t\tsrc=\"https:\/\/files.sunoresearch.com.br\/n\/uploads\/2023\/03\/1420x240-Planilha-controle-de-gastos.png\"\n\t\t\t\t\tdata-promo-id=\"101751\"\t\t\t\t\t\t\t\t\t\twidth='1420' height='240'\t\t\t\t\talt=\"https:\/\/files.sunoresearch.com.br\/n\/uploads\/2023\/03\/1420x240-Planilha-controle-de-gastos.png\"\n\t\t\t\t>\n\t\t\t<\/picture>\n\t\t<\/a>\n\t<\/p>\n\n\n<p>O BTG, particularmente, viu a <a class=\"suno-keyword\" href=\"https:\/\/www.suno.com.br\/artigos\/margem-ebitda\/\" target=\"_blank\" rel=\"noopener\" data-force=\"no\" data-priority=\"1\">margem Ebitda<\/a> mais forte do que foi estimado, a R$ 777 milh\u00f5es, sendo 12% acima das estimativas.<\/p>\n<p>A Movida reconheceu R$ 18 milh\u00f5es em cr\u00e9ditos de <strong>PIS\/COFINS<\/strong> de dezembro s\u00e3o devido a um estudo t\u00e9cnico, reduzindo a vida \u00fatil de alguns carros nos segmentos de aluguel e GTF no prazo de 24 a 48 meses.<\/p>\n<p>Os analistas do BTG Pactual entendem que o impacto \u00e9 recorrente, uma vez que \u00e9 mensal e n\u00e3o h\u00e1 efeito retroativo relacionado aos \u00faltimos meses. O banco de investimentos estima um <strong>Ebitda,<\/strong> excluindo esse efeito, de R$ 759 milh\u00f5es, ainda acima da proje\u00e7\u00e3o de R$ 693 milh\u00f5es, gra\u00e7as a menores custos e S&amp;GA.<\/p>\n<p>J\u00e1 a Ativa Investimentos diz que Movida est\u00e1 inserida em um setor ainda pouco explorado e com alto potencial de crescimento. Os analistas justificam com a mudan\u00e7a de h\u00e1bitos de mobilidade da popula\u00e7\u00e3o, crescimento de aplicativos <em>rides sharing<\/em> e de servi\u00e7os de aluguel de ve\u00edculos em contratos de <a class=\"suno-keyword\" href=\"https:\/\/www.suno.com.br\/artigos\/longo-prazo\/\" target=\"_blank\" rel=\"noopener\" data-force=\"no\" data-priority=\"1\">longo prazo<\/a>,\u00a0 S\u00e3o tend\u00eaencias que se consolidar\u00e3o nos pr\u00f3ximos anos&#8221;, explicam.<\/p>\n<p>J\u00e1 do ponto de vista operacional, a Ativa considera importante a incorpora\u00e7\u00e3o da <strong>CS Frotas:<\/strong> &#8220;Enxergamos que o atual patamar de pre\u00e7os abre espa\u00e7o para valoriza\u00e7\u00e3o das a\u00e7\u00f5es da companhia&#8221;, afirma.<\/p>\n\t<p>\n\t\t<a href=\"https:\/\/lp.suno.com.br\/planilha-da-vida-financeira\/\" target=\"_blank\" data-element=\"shortcode-suno-banner\" title=\"Banner SUNO, clique e saiba mais\">\n\t\t\t<picture>\n\t\t\t\t<source media=\"(max-width: 500px)\" srcset=\"https:\/\/files.sunoresearch.com.br\/n\/uploads\/2023\/04\/400x300-Planilha-vida-financeira-true.png\">\n\t\t\t\t<img class=\"newsContent__article__imgCapa newsContent__article__imgCapa--banner\"\n\t\t\t\t\tsrc=\"https:\/\/files.sunoresearch.com.br\/n\/uploads\/2023\/04\/1420x240-Planilha-vida-financeira-true.png\"\n\t\t\t\t\tdata-promo-id=\"106682\"\t\t\t\t\t\t\t\t\t\twidth='1420' height='240'\t\t\t\t\talt=\"https:\/\/files.sunoresearch.com.br\/n\/uploads\/2023\/04\/1420x240-Planilha-vida-financeira-true.png\"\n\t\t\t\t>\n\t\t\t<\/picture>\n\t\t<\/a>\n\t<\/p>\n\n\n<p>O <strong>BB Investimentos<\/strong> aponta que, com a aquisi\u00e7\u00e3o do CS Frotas e o avan\u00e7o da modalidade de loca\u00e7\u00e3o por assinatura, o crescimento da frota da Movida foi de 103,8% no 4T21 ante mesmo per\u00edodo de 2020, agora contando com mais de 96 mil ve\u00edculos e com uma fatia representativa de 52% da frota total da companhia.<\/p>\n<p>O <strong>Ita\u00fa BBA<\/strong> afirma que mant\u00e9m a classifica\u00e7\u00e3o neutra mas positiva sobre a a\u00e7\u00e3o da Movida. \u201cApesar de desafios cont\u00ednuos da COVID-19 ao longo de 2021, a Movida conseguiu desempenho em suas tr\u00eas divis\u00f5es\u201d, afirmam os analistas.<\/p>\n<p>Al\u00e9m disso, a empresa concluiu um passo importante, segundo o Ita\u00fa BBA: a incorpora\u00e7\u00e3o das opera\u00e7\u00f5es da CS Frotas, iniciada em agosto de 2021, que trouxe cerca de 25 mil carros adicionais para o neg\u00f3cio de <strong>GTF<\/strong> da Movida.<\/p>\n<p>O banco acredita que o GTF vai ser a &#8220;estrela do show&#8221; da empresa em 2022, com os seguintes pontos:<\/p>\n<ul>\n<li>O produto de assinatura da Movida para clientes de varejo ganhando mais relev\u00e2ncia (Movida Zero KM);<\/li>\n<li>S\u00f3lido crescimento do CS Frotas; e<\/li>\n<li>Uma tend\u00eancia ascendente das margens impulsionada pelos dois fatores (Movida Zero KM e CS Frotas), bem como a continuidade melhorias.<\/li>\n<\/ul>\n<h2>Classifica\u00e7\u00f5es da Movida<\/h2>\n<p>De acordo com as an\u00e1lises feitas pelos bancos de investimentos ap\u00f3s a divulga\u00e7\u00e3o do balan\u00e7o corporativo do quarto trimestre da empresa, confira as classifica\u00e7\u00f5es:<\/p>\n<ul>\n<li>BTG Pactual recomenda\u00a0<strong>compra<\/strong>, com <a class=\"suno-keyword\" href=\"https:\/\/www.suno.com.br\/artigos\/preco-alvo\/\" target=\"_blank\" rel=\"noopener\" data-force=\"no\" data-priority=\"1\">pre\u00e7o alvo<\/a> de R$ 27 em 12 meses;<\/li>\n<li>Ativa Investimentos recomenda\u00a0<strong>compra<\/strong>, com pre\u00e7o alvo de R$ 25,40 e potencial de valoriza\u00e7\u00e3o de 48,6%;<\/li>\n<li>O BB Investimentos recomenda\u00a0<strong>compra<\/strong>, com pre\u00e7o alvo de R$ 22 nos pr\u00f3ximos 12 meses, com potencial de valoriza\u00e7\u00e3o de 40,1%;<\/li>\n<li>O Ita\u00fa BBA tem recomenda\u00e7\u00e3o\u00a0<strong>neutra<\/strong>, com pre\u00e7o alvo de R$ 23 nos pr\u00f3ximos 12 meses, com potencial de valoriza\u00e7\u00e3o de 46,5%.<\/li>\n<\/ul>\n\t<p>\n\t\t<a href=\"https:\/\/lp.suno.com.br\/ebook-como-analisar-uma-acao\/\" target=\"_blank\" data-element=\"shortcode-suno-banner\" title=\"Banner SUNO, clique e saiba mais\">\n\t\t\t<picture>\n\t\t\t\t<source media=\"(max-width: 500px)\" srcset=\"https:\/\/files.sunoresearch.com.br\/n\/uploads\/2023\/03\/Ebook-Acoes-Mobile-1.jpg\">\n\t\t\t\t<img class=\"newsContent__article__imgCapa newsContent__article__imgCapa--banner\"\n\t\t\t\t\tsrc=\"https:\/\/files.sunoresearch.com.br\/n\/uploads\/2023\/03\/Ebook-Acoes-Desktop-1.jpg\"\n\t\t\t\t\tdata-promo-id=\"171998\"\t\t\t\t\t\t\t\t\t\twidth='1420' height='286'\t\t\t\t\talt=\"https:\/\/files.sunoresearch.com.br\/n\/uploads\/2023\/03\/Ebook-Acoes-Desktop-1.jpg\"\n\t\t\t\t>\n\t\t\t<\/picture>\n\t\t<\/a>\n\t<\/p>\n\n\n<h2>Quais s\u00e3o os riscos?<\/h2>\n<p>A Ativa listou uma s\u00e9rie de riscos sobre o investimento da Movida que incluem:<\/p>\n<ul>\n<li>Infla\u00e7\u00e3o alta e aumento no pre\u00e7o de ve\u00edculos, assim como da gasolina, o que afeta principalmente os motoristas de aplicativo em RAC;<\/li>\n<li>A conclus\u00e3o da fus\u00e3o entre Unidas e Localiza, que \u00e9 um risco concorrencial \u00e0 Movida, &#8220;tendo em vista que o neg\u00f3cio daria a Localiza amplo poder de barganha junto \u00e0s montadoras e ganhos de sinergia e escala, al\u00e9m de tamb\u00e9m abrir espa\u00e7o para a entrada de uma nova grande empresa no setor&#8221;;<\/li>\n<li>A possibilidade de agravamento da pandemia novamente, o que \u00e9 um risco consider\u00e1vel para a opera\u00e7\u00e3o RAC;<\/li>\n<li>Atraso de entrega de ve\u00edculos novos por parte das montadoras perdurar por mais tempo.<\/li>\n<\/ul>\n\t<p>\n\t\t<a href=\"https:\/\/lp.suno.com.br\/planilha-de-controle-de-investimentos\/\" target=\"_blank\" data-element=\"shortcode-suno-banner\" title=\"Banner SUNO, clique e saiba mais\">\n\t\t\t<picture>\n\t\t\t\t<source media=\"(max-width: 500px)\" srcset=\"https:\/\/files.sunoresearch.com.br\/n\/uploads\/2023\/03\/400x300-Controle-de-Investimentos.png\">\n\t\t\t\t<img class=\"newsContent__article__imgCapa newsContent__article__imgCapa--banner\"\n\t\t\t\t\tsrc=\"https:\/\/files.sunoresearch.com.br\/n\/uploads\/2023\/03\/1420x240-Controle-de-Investimentos.png\"\n\t\t\t\t\tdata-promo-id=\"75934\"\t\t\t\t\t\t\t\t\t\twidth='1420' height='240'\t\t\t\t\talt=\"https:\/\/files.sunoresearch.com.br\/n\/uploads\/2023\/03\/1420x240-Controle-de-Investimentos.png\"\n\t\t\t\t>\n\t\t\t<\/picture>\n\t\t<\/a>\n\t<\/p>\n\n\n<h2>Cota\u00e7\u00e3o<\/h2>\n<p>A a\u00e7\u00e3o da\u00a0<strong>Movida<\/strong> nesta ter\u00e7a-feira (22) fechou em estabilidade, cotada a R$ 17,09.<\/p>\n\t<p>\n\t\t<a href=\"\" target=\"_blank\" data-element=\"shortcode-suno-banner\" title=\"Banner SUNO, clique e saiba mais\">\n\t\t\t<picture>\n\t\t\t\t<source media=\"(max-width: 500px)\" srcset=\"\">\n\t\t\t\t<img class=\"newsContent__article__imgCapa newsContent__article__imgCapa--banner\"\n\t\t\t\t\tsrc=\"\"\n\t\t\t\t\tdata-promo-id=\"184190\"\t\t\t\t\t\t\t\t\t\t\t\t\t\t\talt=\"\"\n\t\t\t\t>\n\t\t\t<\/picture>\n\t\t<\/a>\n\t<\/p>\n\n\n","protected":false},"excerpt":{"rendered":"<p>A Movida (MOVI3) reportou um resultado &#8220;brilhante&#8221; no 4T21, de acordo com relat\u00f3rio do BB Investimentos. Os bancos de investimento BTG Pactual (BPAC11) e Ita\u00fa BBA concordam que os n\u00fameros do balan\u00e7o trimestral da empresa foram s\u00f3lidos e dentro das expectativas. Movida (MOVI3) &#8211; Foto: Divulga\u00e7\u00e3o O BTG, particularmente, viu a margem Ebitda mais forte [&hellip;]<\/p>\n","protected":false},"author":146,"featured_media":118707,"comment_status":"closed","ping_status":"closed","sticky":false,"template":"","format":"standard","meta":[],"categories":[64],"tags":[105844,104988,399,105816,1886,567],"suno_strategy":[],"class_list":["post-234277","post","type-post","status-publish","format-standard","has-post-thumbnail","hentry","category-negocios","tag-ativa","tag-bb-investimentos","tag-btg-pactual-bpac11-bpac3-bpac5","tag-especialistas","tag-itau-bba","tag-movida-movi3"],"yoast_head":"<!-- This site is optimized with the Yoast SEO plugin v24.4 - https:\/\/yoast.com\/wordpress\/plugins\/seo\/ -->\n<title>Movida (MOVI3): aumento da frota segue como destaque, dizem bancos<\/title>\n<meta name=\"description\" content=\"A Movida (MOVI3) reportou um resultado &quot;brilhante&quot; no 4T21, segundo o relat\u00f3rio do BB Investimentos. Confira as recomenda\u00e7\u00f5es dos analistas\" \/>\n<meta name=\"robots\" content=\"index, follow, max-snippet:-1, max-image-preview:large, max-video-preview:-1\" \/>\n<link rel=\"canonical\" href=\"https:\/\/www.suno.com.br\/noticias\/movida-movi3-aumento-frota-gtf-analise\/\" \/>\n<meta property=\"og:locale\" content=\"pt_BR\" \/>\n<meta property=\"og:type\" content=\"article\" \/>\n<meta property=\"og:title\" content=\"Movida (MOVI3): aumento da frota segue como destaque, dizem bancos\" \/>\n<meta property=\"og:description\" content=\"A Movida (MOVI3) reportou um resultado &quot;brilhante&quot; no 4T21, segundo o relat\u00f3rio do BB Investimentos. Confira as recomenda\u00e7\u00f5es dos analistas\" \/>\n<meta property=\"og:url\" content=\"https:\/\/www.suno.com.br\/noticias\/movida-movi3-aumento-frota-gtf-analise\/\" \/>\n<meta property=\"og:site_name\" content=\"Suno Not\u00edcias\" \/>\n<meta property=\"article:publisher\" content=\"https:\/\/facebook.com\/sunoresearch\" \/>\n<meta property=\"og:image\" content=\"https:\/\/files.sunoresearch.com.br\/n\/uploads\/2021\/02\/4fa4c54b-movida1.jpg\" \/>\n\t<meta property=\"og:image:width\" content=\"1200\" \/>\n\t<meta property=\"og:image:height\" content=\"800\" \/>\n\t<meta property=\"og:image:type\" content=\"image\/jpeg\" \/>\n<meta name=\"author\" content=\"Vict\u00f3ria Anhesini\" \/>\n<meta name=\"twitter:card\" content=\"summary_large_image\" \/>\n<meta name=\"twitter:creator\" content=\"@sunoresearch\" \/>\n<meta name=\"twitter:site\" content=\"@sunoresearch\" \/>\n<meta name=\"twitter:label1\" content=\"Escrito por\" \/>\n\t<meta name=\"twitter:data1\" content=\"Vict\u00f3ria Anhesini\" \/>\n\t<meta name=\"twitter:label2\" content=\"Est. tempo de leitura\" \/>\n\t<meta name=\"twitter:data2\" content=\"4 minutos\" \/>\n<script type=\"application\/ld+json\" class=\"yoast-schema-graph\">{\"@context\":\"https:\/\/schema.org\",\"@graph\":[{\"@type\":\"NewsArticle\",\"@id\":\"https:\/\/www.suno.com.br\/noticias\/movida-movi3-aumento-frota-gtf-analise\/#article\",\"isPartOf\":{\"@id\":\"https:\/\/www.suno.com.br\/noticias\/movida-movi3-aumento-frota-gtf-analise\/\"},\"author\":{\"name\":\"Vict\u00f3ria Anhesini\",\"@id\":\"https:\/\/www.suno.com.br\/noticias\/#\/schema\/person\/46d847cb19ad53fde0857adca989c23f\"},\"headline\":\"Movida (MOVI3): aumento da frota continuar\u00e1 sendo &#8220;a estrela da empresa&#8221;, afirmam bancos\",\"datePublished\":\"2022-02-23T01:31:18+00:00\",\"mainEntityOfPage\":{\"@id\":\"https:\/\/www.suno.com.br\/noticias\/movida-movi3-aumento-frota-gtf-analise\/\"},\"wordCount\":753,\"publisher\":{\"@id\":\"https:\/\/www.suno.com.br\/noticias\/#organization\"},\"image\":{\"@id\":\"https:\/\/www.suno.com.br\/noticias\/movida-movi3-aumento-frota-gtf-analise\/#primaryimage\"},\"thumbnailUrl\":\"https:\/\/files.sunoresearch.com.br\/n\/uploads\/2021\/02\/4fa4c54b-movida1-jpg.webp\",\"keywords\":[\"Ativa\",\"BB Investimentos\",\"BTG Pactual (BPAC11\/BPAC3\/BPAC5)\",\"Especialistas\",\"Ita\u00fa BBA\",\"Movida (MOVI3)\"],\"articleSection\":[\"Neg\u00f3cios\"],\"inLanguage\":\"pt-BR\"},{\"@type\":\"WebPage\",\"@id\":\"https:\/\/www.suno.com.br\/noticias\/movida-movi3-aumento-frota-gtf-analise\/\",\"url\":\"https:\/\/www.suno.com.br\/noticias\/movida-movi3-aumento-frota-gtf-analise\/\",\"name\":\"Movida (MOVI3): aumento da frota segue como destaque, dizem bancos\",\"isPartOf\":{\"@id\":\"https:\/\/www.suno.com.br\/noticias\/#website\"},\"primaryImageOfPage\":{\"@id\":\"https:\/\/www.suno.com.br\/noticias\/movida-movi3-aumento-frota-gtf-analise\/#primaryimage\"},\"image\":{\"@id\":\"https:\/\/www.suno.com.br\/noticias\/movida-movi3-aumento-frota-gtf-analise\/#primaryimage\"},\"thumbnailUrl\":\"https:\/\/files.sunoresearch.com.br\/n\/uploads\/2021\/02\/4fa4c54b-movida1-jpg.webp\",\"datePublished\":\"2022-02-23T01:31:18+00:00\",\"description\":\"A Movida (MOVI3) reportou um resultado \\\"brilhante\\\" no 4T21, segundo o relat\u00f3rio do BB Investimentos. Confira as recomenda\u00e7\u00f5es dos analistas\",\"breadcrumb\":{\"@id\":\"https:\/\/www.suno.com.br\/noticias\/movida-movi3-aumento-frota-gtf-analise\/#breadcrumb\"},\"inLanguage\":\"pt-BR\",\"potentialAction\":[{\"@type\":\"ReadAction\",\"target\":[\"https:\/\/www.suno.com.br\/noticias\/movida-movi3-aumento-frota-gtf-analise\/\"]}]},{\"@type\":\"ImageObject\",\"inLanguage\":\"pt-BR\",\"@id\":\"https:\/\/www.suno.com.br\/noticias\/movida-movi3-aumento-frota-gtf-analise\/#primaryimage\",\"url\":\"https:\/\/files.sunoresearch.com.br\/n\/uploads\/2021\/02\/4fa4c54b-movida1-jpg.webp\",\"contentUrl\":\"https:\/\/files.sunoresearch.com.br\/n\/uploads\/2021\/02\/4fa4c54b-movida1-jpg.webp\",\"width\":1200,\"height\":800,\"caption\":\"Movida (MOVI3) - Foto: Divulga\u00e7\u00e3o\"},{\"@type\":\"BreadcrumbList\",\"@id\":\"https:\/\/www.suno.com.br\/noticias\/movida-movi3-aumento-frota-gtf-analise\/#breadcrumb\",\"itemListElement\":[{\"@type\":\"ListItem\",\"position\":1,\"name\":\"Not\u00edcias\",\"item\":\"https:\/\/www.suno.com.br\/noticias\/\"},{\"@type\":\"ListItem\",\"position\":2,\"name\":\"Neg\u00f3cios\",\"item\":\"https:\/\/www.suno.com.br\/noticias\/negocios\/\"},{\"@type\":\"ListItem\",\"position\":3,\"name\":\"Movida (MOVI3): aumento da frota continuar\u00e1 sendo &#8220;a estrela da empresa&#8221;, afirmam bancos\"}]},{\"@type\":\"WebSite\",\"@id\":\"https:\/\/www.suno.com.br\/noticias\/#website\",\"url\":\"https:\/\/www.suno.com.br\/noticias\/\",\"name\":\"Suno Not\u00edcias\",\"description\":\"Seu portal de informa\u00e7\u00e3o sobre o mundo dos investimentos\",\"publisher\":{\"@id\":\"https:\/\/www.suno.com.br\/noticias\/#organization\"},\"potentialAction\":[{\"@type\":\"SearchAction\",\"target\":{\"@type\":\"EntryPoint\",\"urlTemplate\":\"https:\/\/www.suno.com.br\/noticias\/?s={search_term_string}\"},\"query-input\":{\"@type\":\"PropertyValueSpecification\",\"valueRequired\":true,\"valueName\":\"search_term_string\"}}],\"inLanguage\":\"pt-BR\"},{\"@type\":\"Organization\",\"@id\":\"https:\/\/www.suno.com.br\/noticias\/#organization\",\"name\":\"Suno Not\u00edcias\",\"url\":\"https:\/\/www.suno.com.br\/noticias\/\",\"logo\":{\"@type\":\"ImageObject\",\"inLanguage\":\"pt-BR\",\"@id\":\"https:\/\/www.suno.com.br\/noticias\/#\/schema\/logo\/image\/\",\"url\":\"https:\/\/files.sunoresearch.com.br\/n\/uploads\/2021\/09\/suno-logo.png\",\"contentUrl\":\"https:\/\/files.sunoresearch.com.br\/n\/uploads\/2021\/09\/suno-logo.png\",\"width\":180,\"height\":180,\"caption\":\"Suno Not\u00edcias\"},\"image\":{\"@id\":\"https:\/\/www.suno.com.br\/noticias\/#\/schema\/logo\/image\/\"},\"sameAs\":[\"https:\/\/facebook.com\/sunoresearch\",\"https:\/\/x.com\/sunoresearch\",\"https:\/\/www.instagram.com\/suno\",\"https:\/\/www.linkedin.com\/company\/suno-research\/\",\"https:\/\/www.youtube.com\/c\/sunoresearch\"]},{\"@type\":\"Person\",\"@id\":\"https:\/\/www.suno.com.br\/noticias\/#\/schema\/person\/46d847cb19ad53fde0857adca989c23f\",\"name\":\"Vict\u00f3ria Anhesini\",\"image\":{\"@type\":\"ImageObject\",\"inLanguage\":\"pt-BR\",\"@id\":\"https:\/\/www.suno.com.br\/noticias\/#\/schema\/person\/image\/\",\"url\":\"https:\/\/secure.gravatar.com\/avatar\/0172bdfcd9129dd9dd68794804304e6e?s=96&r=g\",\"contentUrl\":\"https:\/\/secure.gravatar.com\/avatar\/0172bdfcd9129dd9dd68794804304e6e?s=96&r=g\",\"caption\":\"Vict\u00f3ria Anhesini\"},\"description\":\"Rep\u00f3rter no Suno Not\u00edcias, cobre mercados, neg\u00f3cios e economia, escrevendo majoritariamente sobre movimentos das empresas, cobertura de balan\u00e7os trimestrais e Bolsa de Valores. Formada em jornalismo pela Universidade Presbiteriana Mackenzie em 2019, passou pelo portal de economia e finan\u00e7as EuQueroInvestir como rep\u00f3rter e anteriormente, trabalhou na assessoria de imprensa PinePR, onde liderou com startups de inova\u00e7\u00e3o, tecnologia e finan\u00e7as. Em seu tempo livre, fala sobre m\u00fasica para ambos os sites do selo ForMusic, Wikimetal e Mad Sound, e faz trabalho volunt\u00e1rio no programa Escreve Cartas do Poupatempo.\",\"sameAs\":[\"https:\/\/www.linkedin.com\/in\/victoria-anhesini\/\"],\"url\":\"https:\/\/www.suno.com.br\/noticias\/author\/victoria\/\"}]}<\/script>\n<!-- \/ Yoast SEO plugin. -->","yoast_head_json":{"title":"Movida (MOVI3): aumento da frota segue como destaque, dizem bancos","description":"A Movida (MOVI3) reportou um resultado \"brilhante\" no 4T21, segundo o relat\u00f3rio do BB Investimentos. Confira as recomenda\u00e7\u00f5es dos analistas","robots":{"index":"index","follow":"follow","max-snippet":"max-snippet:-1","max-image-preview":"max-image-preview:large","max-video-preview":"max-video-preview:-1"},"canonical":"https:\/\/www.suno.com.br\/noticias\/movida-movi3-aumento-frota-gtf-analise\/","og_locale":"pt_BR","og_type":"article","og_title":"Movida (MOVI3): aumento da frota segue como destaque, dizem bancos","og_description":"A Movida (MOVI3) reportou um resultado \"brilhante\" no 4T21, segundo o relat\u00f3rio do BB Investimentos. Confira as recomenda\u00e7\u00f5es dos analistas","og_url":"https:\/\/www.suno.com.br\/noticias\/movida-movi3-aumento-frota-gtf-analise\/","og_site_name":"Suno Not\u00edcias","article_publisher":"https:\/\/facebook.com\/sunoresearch","og_image":[{"width":1200,"height":800,"url":"https:\/\/files.sunoresearch.com.br\/n\/uploads\/2021\/02\/4fa4c54b-movida1.jpg","type":"image\/jpeg"}],"author":"Vict\u00f3ria Anhesini","twitter_card":"summary_large_image","twitter_creator":"@sunoresearch","twitter_site":"@sunoresearch","twitter_misc":{"Escrito por":"Vict\u00f3ria Anhesini","Est. tempo de leitura":"4 minutos"},"schema":{"@context":"https:\/\/schema.org","@graph":[{"@type":"NewsArticle","@id":"https:\/\/www.suno.com.br\/noticias\/movida-movi3-aumento-frota-gtf-analise\/#article","isPartOf":{"@id":"https:\/\/www.suno.com.br\/noticias\/movida-movi3-aumento-frota-gtf-analise\/"},"author":{"name":"Vict\u00f3ria Anhesini","@id":"https:\/\/www.suno.com.br\/noticias\/#\/schema\/person\/46d847cb19ad53fde0857adca989c23f"},"headline":"Movida (MOVI3): aumento da frota continuar\u00e1 sendo &#8220;a estrela da empresa&#8221;, afirmam bancos","datePublished":"2022-02-23T01:31:18+00:00","mainEntityOfPage":{"@id":"https:\/\/www.suno.com.br\/noticias\/movida-movi3-aumento-frota-gtf-analise\/"},"wordCount":753,"publisher":{"@id":"https:\/\/www.suno.com.br\/noticias\/#organization"},"image":{"@id":"https:\/\/www.suno.com.br\/noticias\/movida-movi3-aumento-frota-gtf-analise\/#primaryimage"},"thumbnailUrl":"https:\/\/files.sunoresearch.com.br\/n\/uploads\/2021\/02\/4fa4c54b-movida1-jpg.webp","keywords":["Ativa","BB Investimentos","BTG Pactual (BPAC11\/BPAC3\/BPAC5)","Especialistas","Ita\u00fa BBA","Movida (MOVI3)"],"articleSection":["Neg\u00f3cios"],"inLanguage":"pt-BR"},{"@type":"WebPage","@id":"https:\/\/www.suno.com.br\/noticias\/movida-movi3-aumento-frota-gtf-analise\/","url":"https:\/\/www.suno.com.br\/noticias\/movida-movi3-aumento-frota-gtf-analise\/","name":"Movida (MOVI3): aumento da frota segue como destaque, dizem bancos","isPartOf":{"@id":"https:\/\/www.suno.com.br\/noticias\/#website"},"primaryImageOfPage":{"@id":"https:\/\/www.suno.com.br\/noticias\/movida-movi3-aumento-frota-gtf-analise\/#primaryimage"},"image":{"@id":"https:\/\/www.suno.com.br\/noticias\/movida-movi3-aumento-frota-gtf-analise\/#primaryimage"},"thumbnailUrl":"https:\/\/files.sunoresearch.com.br\/n\/uploads\/2021\/02\/4fa4c54b-movida1-jpg.webp","datePublished":"2022-02-23T01:31:18+00:00","description":"A Movida (MOVI3) reportou um resultado \"brilhante\" no 4T21, segundo o relat\u00f3rio do BB Investimentos. Confira as recomenda\u00e7\u00f5es dos analistas","breadcrumb":{"@id":"https:\/\/www.suno.com.br\/noticias\/movida-movi3-aumento-frota-gtf-analise\/#breadcrumb"},"inLanguage":"pt-BR","potentialAction":[{"@type":"ReadAction","target":["https:\/\/www.suno.com.br\/noticias\/movida-movi3-aumento-frota-gtf-analise\/"]}]},{"@type":"ImageObject","inLanguage":"pt-BR","@id":"https:\/\/www.suno.com.br\/noticias\/movida-movi3-aumento-frota-gtf-analise\/#primaryimage","url":"https:\/\/files.sunoresearch.com.br\/n\/uploads\/2021\/02\/4fa4c54b-movida1-jpg.webp","contentUrl":"https:\/\/files.sunoresearch.com.br\/n\/uploads\/2021\/02\/4fa4c54b-movida1-jpg.webp","width":1200,"height":800,"caption":"Movida (MOVI3) - Foto: Divulga\u00e7\u00e3o"},{"@type":"BreadcrumbList","@id":"https:\/\/www.suno.com.br\/noticias\/movida-movi3-aumento-frota-gtf-analise\/#breadcrumb","itemListElement":[{"@type":"ListItem","position":1,"name":"Not\u00edcias","item":"https:\/\/www.suno.com.br\/noticias\/"},{"@type":"ListItem","position":2,"name":"Neg\u00f3cios","item":"https:\/\/www.suno.com.br\/noticias\/negocios\/"},{"@type":"ListItem","position":3,"name":"Movida (MOVI3): aumento da frota continuar\u00e1 sendo &#8220;a estrela da empresa&#8221;, afirmam bancos"}]},{"@type":"WebSite","@id":"https:\/\/www.suno.com.br\/noticias\/#website","url":"https:\/\/www.suno.com.br\/noticias\/","name":"Suno Not\u00edcias","description":"Seu portal de informa\u00e7\u00e3o sobre o mundo dos investimentos","publisher":{"@id":"https:\/\/www.suno.com.br\/noticias\/#organization"},"potentialAction":[{"@type":"SearchAction","target":{"@type":"EntryPoint","urlTemplate":"https:\/\/www.suno.com.br\/noticias\/?s={search_term_string}"},"query-input":{"@type":"PropertyValueSpecification","valueRequired":true,"valueName":"search_term_string"}}],"inLanguage":"pt-BR"},{"@type":"Organization","@id":"https:\/\/www.suno.com.br\/noticias\/#organization","name":"Suno Not\u00edcias","url":"https:\/\/www.suno.com.br\/noticias\/","logo":{"@type":"ImageObject","inLanguage":"pt-BR","@id":"https:\/\/www.suno.com.br\/noticias\/#\/schema\/logo\/image\/","url":"https:\/\/files.sunoresearch.com.br\/n\/uploads\/2021\/09\/suno-logo.png","contentUrl":"https:\/\/files.sunoresearch.com.br\/n\/uploads\/2021\/09\/suno-logo.png","width":180,"height":180,"caption":"Suno Not\u00edcias"},"image":{"@id":"https:\/\/www.suno.com.br\/noticias\/#\/schema\/logo\/image\/"},"sameAs":["https:\/\/facebook.com\/sunoresearch","https:\/\/x.com\/sunoresearch","https:\/\/www.instagram.com\/suno","https:\/\/www.linkedin.com\/company\/suno-research\/","https:\/\/www.youtube.com\/c\/sunoresearch"]},{"@type":"Person","@id":"https:\/\/www.suno.com.br\/noticias\/#\/schema\/person\/46d847cb19ad53fde0857adca989c23f","name":"Vict\u00f3ria Anhesini","image":{"@type":"ImageObject","inLanguage":"pt-BR","@id":"https:\/\/www.suno.com.br\/noticias\/#\/schema\/person\/image\/","url":"https:\/\/secure.gravatar.com\/avatar\/0172bdfcd9129dd9dd68794804304e6e?s=96&r=g","contentUrl":"https:\/\/secure.gravatar.com\/avatar\/0172bdfcd9129dd9dd68794804304e6e?s=96&r=g","caption":"Vict\u00f3ria Anhesini"},"description":"Rep\u00f3rter no Suno Not\u00edcias, cobre mercados, neg\u00f3cios e economia, escrevendo majoritariamente sobre movimentos das empresas, cobertura de balan\u00e7os trimestrais e Bolsa de Valores. Formada em jornalismo pela Universidade Presbiteriana Mackenzie em 2019, passou pelo portal de economia e finan\u00e7as EuQueroInvestir como rep\u00f3rter e anteriormente, trabalhou na assessoria de imprensa PinePR, onde liderou com startups de inova\u00e7\u00e3o, tecnologia e finan\u00e7as. Em seu tempo livre, fala sobre m\u00fasica para ambos os sites do selo ForMusic, Wikimetal e Mad Sound, e faz trabalho volunt\u00e1rio no programa Escreve Cartas do Poupatempo.","sameAs":["https:\/\/www.linkedin.com\/in\/victoria-anhesini\/"],"url":"https:\/\/www.suno.com.br\/noticias\/author\/victoria\/"}]}},"default_loop_html":"<div class=\"cardsPage__listCard__boxs\"><div class=\"cardsPage__listCard__boxs__img\"><a href=\"https:\/\/www.suno.com.br\/noticias\/movida-movi3-aumento-frota-gtf-analise\/\"><img class=\"mask\" src=\"https:\/\/www.suno.com.br\/noticias\/wp-content\/themes\/suno\/resources\/images\/spotlight\/spotlight1img\/bg-mask.png\" alt=\"Image Mask\"\/><img src=\"https:\/\/files.sunoresearch.com.br\/n\/uploads\/2021\/02\/4fa4c54b-movida1-400x200.webp\" alt=\"Movida (MOVI3): aumento da frota continuar\u00e1 sendo &#8220;a estrela da empresa&#8221;, afirmam bancos\"\/><\/a><span class=\"spotlightCategory\"><a href=\"https:\/\/www.suno.com.br\/noticias\/negocios\/\">Neg\u00f3cios<\/a><\/span><\/div><div class=\"cardsPage__listCard__boxs__content\"><a href=\"https:\/\/www.suno.com.br\/noticias\/movida-movi3-aumento-frota-gtf-analise\/\"><h2 class=\"content__title\">Movida (MOVI3): aumento da frota continuar\u00e1 sendo &#8220;a estrela da empresa&#8221;, afirmam bancos<\/h2><\/a><div class=\"newsContent__article__meta\"><div class=\"newsContent__article__meta__authorBox\"><a href=\"https:\/\/www.suno.com.br\/noticias\/author\/victoria\/\" class=\"authorBox__avatar noMobi\"><img src=\"https:\/\/files.sunoresearch.com.br\/n\/uploads\/2021\/12\/20190129VickyPINEAPPLE01-1-150x150.jpg\" alt=\"Vict\u00f3ria Anhesini\"><\/a><div class=\"authorBox__name\"><span>por\n\t\t\t<a href=\"https:\/\/www.suno.com.br\/noticias\/author\/victoria\/\"><span itemprop=\"author\">Vict\u00f3ria Anhesini<\/span><\/a><\/span><time datetime=\"2022-02-22T22:31:18-03:00\" itemprop=\"datePublished\">22\/02\/2022 22:31<\/time><\/div><\/div><\/div><\/div><\/div>","single_layout":"posts","amp_enabled":true,"_links":{"self":[{"href":"https:\/\/www.suno.com.br\/noticias\/wp-json\/wp\/v2\/posts\/234277"}],"collection":[{"href":"https:\/\/www.suno.com.br\/noticias\/wp-json\/wp\/v2\/posts"}],"about":[{"href":"https:\/\/www.suno.com.br\/noticias\/wp-json\/wp\/v2\/types\/post"}],"author":[{"embeddable":true,"href":"https:\/\/www.suno.com.br\/noticias\/wp-json\/wp\/v2\/users\/146"}],"replies":[{"embeddable":true,"href":"https:\/\/www.suno.com.br\/noticias\/wp-json\/wp\/v2\/comments?post=234277"}],"version-history":[{"count":3,"href":"https:\/\/www.suno.com.br\/noticias\/wp-json\/wp\/v2\/posts\/234277\/revisions"}],"predecessor-version":[{"id":234324,"href":"https:\/\/www.suno.com.br\/noticias\/wp-json\/wp\/v2\/posts\/234277\/revisions\/234324"}],"wp:featuredmedia":[{"embeddable":true,"href":"https:\/\/www.suno.com.br\/noticias\/wp-json\/wp\/v2\/media\/118707"}],"wp:attachment":[{"href":"https:\/\/www.suno.com.br\/noticias\/wp-json\/wp\/v2\/media?parent=234277"}],"wp:term":[{"taxonomy":"category","embeddable":true,"href":"https:\/\/www.suno.com.br\/noticias\/wp-json\/wp\/v2\/categories?post=234277"},{"taxonomy":"post_tag","embeddable":true,"href":"https:\/\/www.suno.com.br\/noticias\/wp-json\/wp\/v2\/tags?post=234277"},{"taxonomy":"suno_strategy","embeddable":true,"href":"https:\/\/www.suno.com.br\/noticias\/wp-json\/wp\/v2\/suno_strategy?post=234277"}],"curies":[{"name":"wp","href":"https:\/\/api.w.org\/{rel}","templated":true}]}}