{"id":234249,"date":"2022-02-22T21:30:35","date_gmt":"2022-02-23T00:30:35","guid":{"rendered":"https:\/\/www.suno.com.br\/noticias\/?p=234249"},"modified":"2022-02-23T00:28:44","modified_gmt":"2022-02-23T03:28:44","slug":"eletrobras-elet3-privatizacao-processo-assembleia","status":"publish","type":"post","link":"https:\/\/www.suno.com.br\/noticias\/eletrobras-elet3-privatizacao-processo-assembleia\/","title":{"rendered":"Eletrobras (ELET3): acionistas aprovam processo de privatiza\u00e7\u00e3o"},"content":{"rendered":"<p>A Assembleia Geral Extraordin\u00e1ria da <a class=\"suno-keyword\" href=\"https:\/\/www.suno.com.br\/acoes\/ELET3\/\" target=\"_blank\" rel=\"noopener\" data-force=\"yes\" data-priority=\"2\"><strong>Eletrobras<\/strong> (ELET3)<\/a> aprovou os termos do in\u00edcio do processo de privatiza\u00e7\u00e3o da estatal nesta ter\u00e7a (22).<\/p>\t<div class=\"wrapper-featured-image\">\n\t\t<figure class=\"spotlightImg\">\n\n\t\t\t<picture>\n\t\t\t\t<source media=\"(max-width: 768px)\" srcset=\"https:\/\/files.sunoresearch.com.br\/n\/uploads\/2021\/02\/8ddce5e3-eletrobras-1-400x200.webp\">\n\t\t\t\t<img loading=\"lazy\" decoding=\"async\" class=\"newsContent__article__imgCapa lazyloadDisabled \" src=\"https:\/\/files.sunoresearch.com.br\/n\/uploads\/2021\/02\/8ddce5e3-eletrobras-1-800x450.webp\" width=\"800\" height=\"450\" alt=\"Eletrobras (ELET3): acionistas aprovam processo de privatiza\u00e7\u00e3o\" fetchpriority=high \/>\n\t\t\t<\/picture>\n\n\t\t\t<figcaption class=\"wp-caption-text wp-caption-text--show\">Eletrobras (ELET3). Foto: divulga\u00e7\u00e3o.<\/figcaption>\n\t\t<\/figure>\n\t<\/div>\n\n\n\t<p>\n\t\t<a href=\"https:\/\/lp.suno.com.br\/planilha-controle-gastos\/\" target=\"_blank\" data-element=\"shortcode-suno-banner\" title=\"Banner SUNO, clique e saiba mais\">\n\t\t\t<picture>\n\t\t\t\t<source media=\"(max-width: 500px)\" srcset=\"https:\/\/files.sunoresearch.com.br\/n\/uploads\/2023\/03\/400x300-Planilha-controle-de-gastos.png\">\n\t\t\t\t<img class=\"newsContent__article__imgCapa newsContent__article__imgCapa--banner\"\n\t\t\t\t\tsrc=\"https:\/\/files.sunoresearch.com.br\/n\/uploads\/2023\/03\/1420x240-Planilha-controle-de-gastos.png\"\n\t\t\t\t\tdata-promo-id=\"101751\"\t\t\t\t\t\t\t\t\t\twidth='1420' height='240'\t\t\t\t\talt=\"https:\/\/files.sunoresearch.com.br\/n\/uploads\/2023\/03\/1420x240-Planilha-controle-de-gastos.png\"\n\t\t\t\t>\n\t\t\t<\/picture>\n\t\t<\/a>\n\t<\/p>\n\n\n<p>Os <strong>acionistas da Eletrobras<\/strong> deram o sinal verde para a privatiza\u00e7\u00e3o um dia depois de o ministro da Economia, <strong>Paulo Guedes<\/strong>, admitir considerar dif\u00edcil realizar a opera\u00e7\u00e3o ainda no primeiro semestre deste ano, como previa o governo.<\/p>\n<p>A assembleia ocorreu de modo virtual, com a participa\u00e7\u00e3o de 26 acionistas (a maior parte procuradores que representam mais de um acionista) e foi iniciada por volta das 14h30. Durou mais de cinco horas e ocorreu em clima tenso, incluindo suspens\u00f5es.<\/p>\n<p>A <strong>assembleia da Eletrobras<\/strong> foi marcada por um grande n\u00famero de absten\u00e7\u00f5es e realizada virtualmente por causa da pandemia. Os acionistas aprovaram a cis\u00e3o das subsidi\u00e1rias Eletronuclear e da usina hidrel\u00e9trica binacional de Itaipu, a capitaliza\u00e7\u00e3o da empresa em bolsas de valores, com dilui\u00e7\u00e3o da participa\u00e7\u00e3o da Uni\u00e3o, e as condi\u00e7\u00f5es financeiras para a desestatiza\u00e7\u00e3o aconte\u00e7a.<\/p>\n<p>Ficou decidido que a <strong>capitaliza\u00e7\u00e3o da Eletrobra<\/strong>s, via oferta p\u00fablica prim\u00e1ria de a\u00e7\u00f5es e American Depositary Receipts (<strong>ADRs<\/strong>), permite uma dilui\u00e7\u00e3o do capital votante da Uni\u00e3o a 45%.<\/p>\n<p>Atualmente, o governo tem 51,82% do capital ordin\u00e1rio e o Banco Econ\u00f4mico de Desenvolvimento Social (BNDES), 16,78%, segundo o site da estatal.<\/p>\n<p>Se na primeira oferta o objetivo n\u00e3o for atendido, ser\u00e1 feita uma oferta secund\u00e1ria de a\u00e7\u00f5es. Tamb\u00e9m foi decidido a cria\u00e7\u00e3o de uma a\u00e7\u00e3o especial (golden share) para a Uni\u00e3o, com poder de veto em algumas quest\u00f5es.<\/p>\n<h2><b>Aprova\u00e7\u00e3o da Eletrobras em AGE j\u00e1 era esperada<\/b><\/h2>\n<p>A aprova\u00e7\u00e3o da <strong>desestatiza\u00e7\u00e3o da Eletrobras<\/strong> j\u00e1 era esperada pelo mercado, j\u00e1 que a resist\u00eancia \u00e0 venda da empresa tem sido feita apenas pelos empregados, que n\u00e3o t\u00eam for\u00e7a para mudar o rumo da privatiza\u00e7\u00e3o.<\/p>\n<p>De acordo com a economista, advogada e ex-diretora de privatiza\u00e7\u00e3o do BNDES Elena Landau, a <strong>venda da Eletrobra<\/strong>s \u00e9 positiva para os acionistas. &#8220;Os minorit\u00e1rios da Eletrobras t\u00eam todo interesse em aprovar a capitaliza\u00e7\u00e3o. S\u00f3 assim o acionista vai ter a certeza absoluta que n\u00e3o vai ser lesado por um governo intervencionista&#8221;, afirmou.<\/p>\n<p>J\u00e1 o analista da Mirae Asset Pedro Galdi observou que em ano eleitoral esse tipo de opera\u00e7\u00e3o \u00e9 mais complicada e, mesmo que aprovada em assembleia, a capitaliza\u00e7\u00e3o pode n\u00e3o ter sucesso porque os investidores estrangeiros podem ficar arredios. &#8220;Os estrangeiros s\u00f3 est\u00e3o olhando commodities, pode ser, sim, aprovada, mas acho dif\u00edcil o processo de privatiza\u00e7\u00e3o seguir adiante em ano eleitoral&#8221;, explicou.<\/p>\n<h2><b>Pr\u00f3ximo passo da privatiza\u00e7\u00e3o<\/b><\/h2>\n<p>Com o <strong>aval da assembleia<\/strong>, o pr\u00f3ximo passo para a opera\u00e7\u00e3o sair do papel \u00e9 a aprova\u00e7\u00e3o pelo TCU. O <strong>BNDES<\/strong>, que \u00e9 o respons\u00e1vel pelo processo de venda da estatal, j\u00e1 teria definido o pre\u00e7o, e o <a href=\"https:\/\/www.suno.com.br\/noticias\/eletrobras-elet3-tcu-privatizacao\/\">aval do TCU<\/a> dever\u00e1 ocorrer at\u00e9 o fim de mar\u00e7o, segundo uma fonte.<\/p>\n<p>Esta \u00e9 a terceira vez que o governo tenta privatizar a Eletrobras. A primeira foi ainda no governo de Fernando Henrique Cardoso (1994-2002). Na \u00e9poca, a ideia era vender separadamente as estatais do grupo (Furnas, Chesf e Eletronorte) separadamente, mas o projeto n\u00e3o foi adiante.<\/p>\n<p>No governo Lula, que come\u00e7ou em 2003, a empresa foi retirada do Plano Nacional de Desestatiza\u00e7\u00e3o (PND). Na gest\u00e3o de Michel Temer (2016-2018), uma MP foi enviada ao Congresso, essa foi a que Jair Bolsonaro usou como base para a privatiza\u00e7\u00e3o atual.<\/p>\n<h2>Pauta da assembleia da Eletrobras<\/h2>\n<p>A pauta da<strong> Assembleia da Eletrobras<\/strong> contava com 12 itens para serem aprovados para seguir com o processo de privatiza\u00e7\u00e3o da estatal. Entre os t\u00f3picos, estavam a vota\u00e7\u00e3o sobre o aumento ou n\u00e3o de capital da empresa para a venda por meio de uma <a class=\"suno-keyword\" href=\"https:\/\/www.suno.com.br\/artigos\/oferta-de-acoes\/\" target=\"_blank\" rel=\"noopener\" data-force=\"no\" data-priority=\"1\">oferta de a\u00e7\u00f5es<\/a>.<\/p>\n<p>Com o aval dos acionistas, o Conselho da Eletrobras poder\u00e1 definir o pre\u00e7o da a\u00e7\u00e3o e o cronograma para o processo de <em>follow-on<\/em>, que deve acontecer at\u00e9 meados do m\u00eas de maio.<\/p>\n<p>A Assembleia Geral Extraordin\u00e1ria da <a class=\"suno-keyword\" href=\"https:\/\/www.suno.com.br\/acoes\/ELET3\/\" target=\"_blank\" rel=\"noopener\" data-force=\"yes\" data-priority=\"2\"><strong>Eletrobras<\/strong> (ELET3)<\/a> aprovou que o <a class=\"suno-keyword\" href=\"https:\/\/www.suno.com.br\/artigos\/conselho-administracao\/\" target=\"_blank\" rel=\"noopener\" data-force=\"no\" data-priority=\"1\">Conselho de Administra\u00e7\u00e3o<\/a> ter\u00e1 autoriza\u00e7\u00e3o para negociar, definir e aprovar todos os termos e condi\u00e7\u00f5es da <a class=\"suno-keyword\" href=\"https:\/\/www.suno.com.br\/artigos\/oferta-de-acoes\/\" target=\"_blank\" rel=\"noopener\" data-force=\"no\" data-priority=\"1\">oferta de a\u00e7\u00f5es<\/a> da companhia, observado o disposto na legisla\u00e7\u00e3o e regulamenta\u00e7\u00e3o aplic\u00e1vel.<\/p>\n\t<p>\n\t\t<a href=\"https:\/\/lp.suno.com.br\/planilha-da-vida-financeira\/\" target=\"_blank\" data-element=\"shortcode-suno-banner\" title=\"Banner SUNO, clique e saiba mais\">\n\t\t\t<picture>\n\t\t\t\t<source media=\"(max-width: 500px)\" srcset=\"https:\/\/files.sunoresearch.com.br\/n\/uploads\/2023\/04\/400x300-Planilha-vida-financeira-true.png\">\n\t\t\t\t<img class=\"newsContent__article__imgCapa newsContent__article__imgCapa--banner\"\n\t\t\t\t\tsrc=\"https:\/\/files.sunoresearch.com.br\/n\/uploads\/2023\/04\/1420x240-Planilha-vida-financeira-true.png\"\n\t\t\t\t\tdata-promo-id=\"106682\"\t\t\t\t\t\t\t\t\t\twidth='1420' height='240'\t\t\t\t\talt=\"https:\/\/files.sunoresearch.com.br\/n\/uploads\/2023\/04\/1420x240-Planilha-vida-financeira-true.png\"\n\t\t\t\t>\n\t\t\t<\/picture>\n\t\t<\/a>\n\t<\/p>\n\n\n<h2>Cronograma e ADRs<\/h2>\n<p>O Conselho poder\u00e1 definir cronograma, estrutura e demais termos e condi\u00e7\u00f5es, incluindo a emiss\u00e3o de a\u00e7\u00f5es\/<strong>ADRs<\/strong> adicionais (hot issue) e a\u00e7\u00f5es\/ADRs suplementares (<a class=\"suno-keyword\" href=\"https:\/\/www.suno.com.br\/artigos\/green-shoe\/\" target=\"_blank\" rel=\"noopener\" data-force=\"no\" data-priority=\"1\">green shoe<\/a>).<\/p>\n<p>Tamb\u00e9m ficar\u00e1 a cargo do Conselho o<strong> pre\u00e7o de emiss\u00e3o das a\u00e7\u00f5es<\/strong> da oferta ap\u00f3s a conclus\u00e3o do procedimento de bookbuilding (pre\u00e7o por a\u00e7\u00e3o), observado que o valor n\u00e3o poder\u00e1 ser inferior ao pre\u00e7o m\u00ednimo por a\u00e7\u00e3o ordin\u00e1ria a ser definido pelo Conselho do Programa de Parcerias e Investimentos (CPPI), entre outros.<\/p>\n<p>Foram 202.640.151 votos a favor e 11.511 votos contra, com absten\u00e7\u00e3o de 884.457.905 votos.<\/p>\n<p>Al\u00e9m disso, acionistas da Eletrobras aprovaram a <strong>desestatiza\u00e7\u00e3o<\/strong> da companhia e sua capitaliza\u00e7\u00e3o, como dilui\u00e7\u00e3o da participa\u00e7\u00e3o da Uni\u00e3o no seu capital votante.<\/p>\n<p>O item se refere \u00e0 <strong>reestrutura\u00e7\u00e3o societ\u00e1ria da Eletrobras<\/strong>, para manter sob o controle direto ou indireto da Uni\u00e3o, por meio da Empresa Brasileira de Participa\u00e7\u00f5es em Energia Nuclear e Binacional S.A. (ENBPar), as instala\u00e7\u00f5es e participa\u00e7\u00f5es detidas ou gerenciadas pela Eletrobras, especificamente na Eletrobras Termonuclear S.A. (Eletronuclear) e em Itaipu Binacional (Itaipu), entidade binacional.<\/p>\n<p>A reforma do Estatuto Social da companhia tamb\u00e9m foi aprovada, permitindo que o Conselho de Administra\u00e7\u00e3o aumente o capital social da empresa at\u00e9 o limite de R$ 80 bilh\u00f5es, independente da reforma estatut\u00e1ria, mediante a emiss\u00e3o de novas a\u00e7\u00f5es ordin\u00e1rias.<\/p>\n<h3>O cronograma da privatiza\u00e7\u00e3o da Eletrobras \u00e9:<\/h3>\n<ol>\n<li>Resultados do 4T21 &#8211; 14 de mar\u00e7o<\/li>\n<li>Assembleia Geral Ordin\u00e1ria &#8211; 18 de abril<\/li>\n<li>Apresenta\u00e7\u00e3o do Formul\u00e1rio &#8211; 19 de abril<\/li>\n<li>Oferta de a\u00e7\u00f5es<\/li>\n<\/ol>\n<h2>Eletrobras: assembleia aprova cria\u00e7\u00e3o de a\u00e7\u00e3o especial que d\u00e1 poder de veto \u00e0 Uni\u00e3o<\/h2>\n<p>A Assembleia Geral Extraordin\u00e1ria (AGE) da Eletrobras aprovou ainda a cria\u00e7\u00e3o de uma classe especial de <strong>a\u00e7\u00e3o preferencial<\/strong> (golden share), que ser\u00e1 subscrita pela Uni\u00e3o para sua propriedade exclusiva, e que dar\u00e1 o poder de veto nas delibera\u00e7\u00f5es sociais que visarem modificar ou remover os dispositivos estatut\u00e1rios a serem criados.<\/p>\n<p>Com a a\u00e7\u00e3o especial, a Uni\u00e3o poder\u00e1 vedar que qualquer acionista ou grupo de acionistas exer\u00e7a votos em n\u00famero superior a 10% (dez por cento) da quantidade de a\u00e7\u00f5es em que se dividir o capital votante da companhia, e vedar a celebra\u00e7\u00e3o de acordo de acionistas para o exerc\u00edcio de direito de voto, exceto para a forma\u00e7\u00e3o de blocos com n\u00famero de votos inferior a 10% (dez por cento) da quantidade de a\u00e7\u00f5es em que se dividir o capital votante da companhia, com a consequente reforma do Estatuto Social para prever tal convers\u00e3o e a exist\u00eancia de tal a\u00e7\u00e3o preferencial de classe especial.<\/p>\n\t<div data-element=\"shortcode-read-more\" class=\"knowMore\">\n\t\t\t\t<span class=\"knowMore__title\">Veja tamb\u00e9m<\/span>\n\t\t\t\t<a class=\"knowMore__link\" href=\"https:\/\/www.suno.com.br\/noticias\/eletrobras-elet3-assembleia-privatizacao-suspensa\/\">\n\t\t\tEletrobras (ELET3): Assembleia sobre privatiza\u00e7\u00e3o \u00e9 suspensa quase 2 horas ap\u00f3s in\u00edcio\t\t<\/a>\n\t<\/div>\n\n\n<p>A aprova\u00e7\u00e3o se deu por 195.593.663 votos (a\u00e7\u00f5es). Foram 7.036.689 votos contra e 884.479.215 absten\u00e7\u00f5es.<\/p>\n\t<p>\n\t\t<a href=\"https:\/\/lp.suno.com.br\/ebook-como-analisar-uma-acao\/\" target=\"_blank\" data-element=\"shortcode-suno-banner\" title=\"Banner SUNO, clique e saiba mais\">\n\t\t\t<picture>\n\t\t\t\t<source media=\"(max-width: 500px)\" srcset=\"https:\/\/files.sunoresearch.com.br\/n\/uploads\/2023\/03\/Ebook-Acoes-Mobile-1.jpg\">\n\t\t\t\t<img class=\"newsContent__article__imgCapa newsContent__article__imgCapa--banner\"\n\t\t\t\t\tsrc=\"https:\/\/files.sunoresearch.com.br\/n\/uploads\/2023\/03\/Ebook-Acoes-Desktop-1.jpg\"\n\t\t\t\t\tdata-promo-id=\"171998\"\t\t\t\t\t\t\t\t\t\twidth='1420' height='286'\t\t\t\t\talt=\"https:\/\/files.sunoresearch.com.br\/n\/uploads\/2023\/03\/Ebook-Acoes-Desktop-1.jpg\"\n\t\t\t\t>\n\t\t\t<\/picture>\n\t\t<\/a>\n\t<\/p>\n\n\n<h2>Acionistas aprovam mudan\u00e7a em reestrutura\u00e7\u00e3o societ\u00e1ria da Eletrobras<\/h2>\n<p>Os acionistas da Eletrobras aprovaram na Assembleia Geral Extraordin\u00e1ria o primeiro item da pauta que trata da desestatiza\u00e7\u00e3o da companhia e sua capitaliza\u00e7\u00e3o, como dilui\u00e7\u00e3o da participa\u00e7\u00e3o da Uni\u00e3o no seu capital votante.<\/p>\n<p>O item se refere \u00e0 reestrutura\u00e7\u00e3o societ\u00e1ria da Eletrobras, para manter sob o controle direto ou indireto da Uni\u00e3o, por meio da Empresa Brasileira de Participa\u00e7\u00f5es em Energia Nuclear e Binacional S.A. (ENBPar), as instala\u00e7\u00f5es e participa\u00e7\u00f5es detidas ou gerenciadas pela Eletrobras, especificamente na Eletrobras Termonuclear S.A. (Eletronuclear) e em Itaipu Binacional (Itaipu), entidade binacional.<\/p>\n<h2>Assembleia condiciona desestatiza\u00e7\u00e3o \u00e0 manuten\u00e7\u00e3o de programas sociais<\/h2>\n<p>A Assembleia Geral Extraordin\u00e1ria da Eletrobras aprovou o item da pauta sobre a desestatiza\u00e7\u00e3o da Eletrobras, que condiciona a venda \u00e0 <strong>manuten\u00e7\u00e3o de programas sociais<\/strong>, como a revitaliza\u00e7\u00e3o dos recursos h\u00eddricos das bacias do Rio S\u00e3o Francisco e do Rio Parna\u00edba.<\/p>\n<p>A gest\u00e3o do programa poder\u00e1 ser feita diretamente pela Eletrobras ou, indiretamente, por meio de sua subsidi\u00e1ria Companhia Hidrel\u00e9trica do S\u00e3o Francisco (Chesf), ou ainda por unidades do Ex\u00e9rcito brasileiro.<\/p>\n<p>Tamb\u00e9m foi aprovada a redu\u00e7\u00e3o estrutural de custos de <strong>gera\u00e7\u00e3o de energia<\/strong> na Amaz\u00f4nia Legal e para navegabilidade do Rio Madeira e do Rio Tocantins, diretamente pela Eletrobras ou, indiretamente, por meio de sua subsidi\u00e1ria Eletronorte.<\/p>\n<p>Foi aprovado, ainda, a revitaliza\u00e7\u00e3o dos recursos h\u00eddricos das <strong>bacias hidrogr\u00e1ficas<\/strong> na \u00e1rea de influ\u00eancia dos reservat\u00f3rios das usinas hidrel\u00e9tricas de Furnas.<\/p>\n<p>Foram 202.637.933 votos (a\u00e7\u00f5es) a favor e 14.008 contra, com uma alto \u00edndice de absten\u00e7\u00e3o, de 884.437.126 votos.<\/p>\n<p><em>(Com informa\u00e7\u00f5es da Ag\u00eancia Estado)<\/em><\/p>\n\t<p>\n\t\t<a href=\"\" target=\"_blank\" data-element=\"shortcode-suno-banner\" title=\"Banner SUNO, clique e saiba mais\">\n\t\t\t<picture>\n\t\t\t\t<source media=\"(max-width: 500px)\" srcset=\"\">\n\t\t\t\t<img class=\"newsContent__article__imgCapa newsContent__article__imgCapa--banner\"\n\t\t\t\t\tsrc=\"\"\n\t\t\t\t\tdata-promo-id=\"184190\"\t\t\t\t\t\t\t\t\t\t\t\t\t\t\talt=\"\"\n\t\t\t\t>\n\t\t\t<\/picture>\n\t\t<\/a>\n\t<\/p>\n\n\n","protected":false},"excerpt":{"rendered":"<p>A Assembleia Geral Extraordin\u00e1ria da Eletrobras (ELET3) aprovou os termos do in\u00edcio do processo de privatiza\u00e7\u00e3o da estatal nesta ter\u00e7a (22). Eletrobras (ELET3). Foto: divulga\u00e7\u00e3o. Os acionistas da Eletrobras deram o sinal verde para a privatiza\u00e7\u00e3o um dia depois de o ministro da Economia, Paulo Guedes, admitir considerar dif\u00edcil realizar a opera\u00e7\u00e3o ainda no primeiro [&hellip;]<\/p>\n","protected":false},"author":118,"featured_media":117670,"comment_status":"closed","ping_status":"closed","sticky":false,"template":"","format":"standard","meta":[],"categories":[64],"tags":[455,104992,945],"suno_strategy":[],"class_list":["post-234249","post","type-post","status-publish","format-standard","has-post-thumbnail","hentry","category-negocios","tag-eletrobras-elet3-elet5-elet6","tag-privatizacao-da-eletrobras","tag-privatizacoes"],"yoast_head":"<!-- This site is optimized with the Yoast SEO plugin v24.4 - https:\/\/yoast.com\/wordpress\/plugins\/seo\/ -->\n<title>Assembleia da Eletrobras (ELET3) aprova processo de privatiza\u00e7\u00e3o<\/title>\n<meta name=\"description\" content=\"A Assembleia Geral Extraordin\u00e1ria da Eletrobras (ELET3) aprovou o in\u00edcio do processo de privatiza\u00e7\u00e3o da estatal nesta ter\u00e7a (22). Saiba mais\" \/>\n<meta name=\"robots\" content=\"index, follow, max-snippet:-1, max-image-preview:large, max-video-preview:-1\" \/>\n<link rel=\"canonical\" href=\"https:\/\/www.suno.com.br\/noticias\/eletrobras-elet3-privatizacao-processo-assembleia\/\" \/>\n<meta property=\"og:locale\" content=\"pt_BR\" \/>\n<meta property=\"og:type\" content=\"article\" \/>\n<meta property=\"og:title\" content=\"Assembleia da Eletrobras (ELET3) aprova processo de privatiza\u00e7\u00e3o\" \/>\n<meta property=\"og:description\" content=\"A Assembleia Geral Extraordin\u00e1ria da Eletrobras (ELET3) aprovou o in\u00edcio do processo de privatiza\u00e7\u00e3o da estatal nesta ter\u00e7a (22). Saiba mais\" \/>\n<meta property=\"og:url\" content=\"https:\/\/www.suno.com.br\/noticias\/eletrobras-elet3-privatizacao-processo-assembleia\/\" \/>\n<meta property=\"og:site_name\" content=\"Suno Not\u00edcias\" \/>\n<meta property=\"article:publisher\" content=\"https:\/\/facebook.com\/sunoresearch\" \/>\n<meta property=\"og:image\" content=\"https:\/\/files.sunoresearch.com.br\/n\/uploads\/2021\/02\/8ddce5e3-eletrobras-1.jpg\" \/>\n\t<meta property=\"og:image:width\" content=\"1200\" \/>\n\t<meta property=\"og:image:height\" content=\"800\" \/>\n\t<meta property=\"og:image:type\" content=\"image\/jpeg\" \/>\n<meta name=\"author\" content=\"Bruno Galv\u00e3o\" \/>\n<meta name=\"twitter:card\" content=\"summary_large_image\" \/>\n<meta name=\"twitter:creator\" content=\"@sunoresearch\" \/>\n<meta name=\"twitter:site\" content=\"@sunoresearch\" \/>\n<meta name=\"twitter:label1\" content=\"Escrito por\" \/>\n\t<meta name=\"twitter:data1\" content=\"Bruno Galv\u00e3o\" \/>\n\t<meta name=\"twitter:label2\" content=\"Est. tempo de leitura\" \/>\n\t<meta name=\"twitter:data2\" content=\"6 minutos\" \/>\n<script type=\"application\/ld+json\" class=\"yoast-schema-graph\">{\"@context\":\"https:\/\/schema.org\",\"@graph\":[{\"@type\":\"NewsArticle\",\"@id\":\"https:\/\/www.suno.com.br\/noticias\/eletrobras-elet3-privatizacao-processo-assembleia\/#article\",\"isPartOf\":{\"@id\":\"https:\/\/www.suno.com.br\/noticias\/eletrobras-elet3-privatizacao-processo-assembleia\/\"},\"author\":{\"name\":\"Bruno Galv\u00e3o\",\"@id\":\"https:\/\/www.suno.com.br\/noticias\/#\/schema\/person\/06f0d962a6b1c54852e4860f16935600\"},\"headline\":\"Eletrobras (ELET3): acionistas aprovam processo de privatiza\u00e7\u00e3o\",\"datePublished\":\"2022-02-23T00:30:35+00:00\",\"dateModified\":\"2022-02-23T03:28:44+00:00\",\"mainEntityOfPage\":{\"@id\":\"https:\/\/www.suno.com.br\/noticias\/eletrobras-elet3-privatizacao-processo-assembleia\/\"},\"wordCount\":1542,\"publisher\":{\"@id\":\"https:\/\/www.suno.com.br\/noticias\/#organization\"},\"image\":{\"@id\":\"https:\/\/www.suno.com.br\/noticias\/eletrobras-elet3-privatizacao-processo-assembleia\/#primaryimage\"},\"thumbnailUrl\":\"https:\/\/files.sunoresearch.com.br\/n\/uploads\/2021\/02\/8ddce5e3-eletrobras-1.jpg\",\"keywords\":[\"Eletrobras (ELET3\/ELET5\/ELET6)\",\"privatiza\u00e7\u00e3o da Eletrobras\",\"privatiza\u00e7\u00f5es\"],\"articleSection\":[\"Neg\u00f3cios\"],\"inLanguage\":\"pt-BR\"},{\"@type\":\"WebPage\",\"@id\":\"https:\/\/www.suno.com.br\/noticias\/eletrobras-elet3-privatizacao-processo-assembleia\/\",\"url\":\"https:\/\/www.suno.com.br\/noticias\/eletrobras-elet3-privatizacao-processo-assembleia\/\",\"name\":\"Assembleia da Eletrobras (ELET3) aprova processo de privatiza\u00e7\u00e3o\",\"isPartOf\":{\"@id\":\"https:\/\/www.suno.com.br\/noticias\/#website\"},\"primaryImageOfPage\":{\"@id\":\"https:\/\/www.suno.com.br\/noticias\/eletrobras-elet3-privatizacao-processo-assembleia\/#primaryimage\"},\"image\":{\"@id\":\"https:\/\/www.suno.com.br\/noticias\/eletrobras-elet3-privatizacao-processo-assembleia\/#primaryimage\"},\"thumbnailUrl\":\"https:\/\/files.sunoresearch.com.br\/n\/uploads\/2021\/02\/8ddce5e3-eletrobras-1.jpg\",\"datePublished\":\"2022-02-23T00:30:35+00:00\",\"dateModified\":\"2022-02-23T03:28:44+00:00\",\"description\":\"A Assembleia Geral Extraordin\u00e1ria da Eletrobras (ELET3) aprovou o in\u00edcio do processo de privatiza\u00e7\u00e3o da estatal nesta ter\u00e7a (22). Saiba mais\",\"breadcrumb\":{\"@id\":\"https:\/\/www.suno.com.br\/noticias\/eletrobras-elet3-privatizacao-processo-assembleia\/#breadcrumb\"},\"inLanguage\":\"pt-BR\",\"potentialAction\":[{\"@type\":\"ReadAction\",\"target\":[\"https:\/\/www.suno.com.br\/noticias\/eletrobras-elet3-privatizacao-processo-assembleia\/\"]}]},{\"@type\":\"ImageObject\",\"inLanguage\":\"pt-BR\",\"@id\":\"https:\/\/www.suno.com.br\/noticias\/eletrobras-elet3-privatizacao-processo-assembleia\/#primaryimage\",\"url\":\"https:\/\/files.sunoresearch.com.br\/n\/uploads\/2021\/02\/8ddce5e3-eletrobras-1.jpg\",\"contentUrl\":\"https:\/\/files.sunoresearch.com.br\/n\/uploads\/2021\/02\/8ddce5e3-eletrobras-1.jpg\",\"width\":1200,\"height\":800,\"caption\":\"Eletrobras (ELET3). Foto: divulga\u00e7\u00e3o.\"},{\"@type\":\"BreadcrumbList\",\"@id\":\"https:\/\/www.suno.com.br\/noticias\/eletrobras-elet3-privatizacao-processo-assembleia\/#breadcrumb\",\"itemListElement\":[{\"@type\":\"ListItem\",\"position\":1,\"name\":\"Not\u00edcias\",\"item\":\"https:\/\/www.suno.com.br\/noticias\/\"},{\"@type\":\"ListItem\",\"position\":2,\"name\":\"Neg\u00f3cios\",\"item\":\"https:\/\/www.suno.com.br\/noticias\/negocios\/\"},{\"@type\":\"ListItem\",\"position\":3,\"name\":\"Eletrobras (ELET3): acionistas aprovam processo de privatiza\u00e7\u00e3o\"}]},{\"@type\":\"WebSite\",\"@id\":\"https:\/\/www.suno.com.br\/noticias\/#website\",\"url\":\"https:\/\/www.suno.com.br\/noticias\/\",\"name\":\"Suno Not\u00edcias\",\"description\":\"Seu portal de informa\u00e7\u00e3o sobre o mundo dos investimentos\",\"publisher\":{\"@id\":\"https:\/\/www.suno.com.br\/noticias\/#organization\"},\"potentialAction\":[{\"@type\":\"SearchAction\",\"target\":{\"@type\":\"EntryPoint\",\"urlTemplate\":\"https:\/\/www.suno.com.br\/noticias\/?s={search_term_string}\"},\"query-input\":{\"@type\":\"PropertyValueSpecification\",\"valueRequired\":true,\"valueName\":\"search_term_string\"}}],\"inLanguage\":\"pt-BR\"},{\"@type\":\"Organization\",\"@id\":\"https:\/\/www.suno.com.br\/noticias\/#organization\",\"name\":\"Suno Not\u00edcias\",\"url\":\"https:\/\/www.suno.com.br\/noticias\/\",\"logo\":{\"@type\":\"ImageObject\",\"inLanguage\":\"pt-BR\",\"@id\":\"https:\/\/www.suno.com.br\/noticias\/#\/schema\/logo\/image\/\",\"url\":\"https:\/\/files.sunoresearch.com.br\/n\/uploads\/2021\/09\/suno-logo.png\",\"contentUrl\":\"https:\/\/files.sunoresearch.com.br\/n\/uploads\/2021\/09\/suno-logo.png\",\"width\":180,\"height\":180,\"caption\":\"Suno Not\u00edcias\"},\"image\":{\"@id\":\"https:\/\/www.suno.com.br\/noticias\/#\/schema\/logo\/image\/\"},\"sameAs\":[\"https:\/\/facebook.com\/sunoresearch\",\"https:\/\/x.com\/sunoresearch\",\"https:\/\/www.instagram.com\/suno\",\"https:\/\/www.linkedin.com\/company\/suno-research\/\",\"https:\/\/www.youtube.com\/c\/sunoresearch\"]},{\"@type\":\"Person\",\"@id\":\"https:\/\/www.suno.com.br\/noticias\/#\/schema\/person\/06f0d962a6b1c54852e4860f16935600\",\"name\":\"Bruno Galv\u00e3o\",\"image\":{\"@type\":\"ImageObject\",\"inLanguage\":\"pt-BR\",\"@id\":\"https:\/\/www.suno.com.br\/noticias\/#\/schema\/person\/image\/\",\"url\":\"https:\/\/secure.gravatar.com\/avatar\/53598df0b41c00f12f287a912d0e918e?s=96&r=g\",\"contentUrl\":\"https:\/\/secure.gravatar.com\/avatar\/53598df0b41c00f12f287a912d0e918e?s=96&r=g\",\"caption\":\"Bruno Galv\u00e3o\"},\"description\":\"Escreve para o portal Suno Not\u00edcias. \u00c9 estudante de Jornalismo pela Faculdade C\u00e1sper L\u00edbero e Letras pela USP. Entusiasta de tecnologia e intelig\u00eancia artificial.\",\"url\":\"https:\/\/www.suno.com.br\/noticias\/author\/bruno-garcia\/\"}]}<\/script>\n<!-- \/ Yoast SEO plugin. -->","yoast_head_json":{"title":"Assembleia da Eletrobras (ELET3) aprova processo de privatiza\u00e7\u00e3o","description":"A Assembleia Geral Extraordin\u00e1ria da Eletrobras (ELET3) aprovou o in\u00edcio do processo de privatiza\u00e7\u00e3o da estatal nesta ter\u00e7a (22). Saiba mais","robots":{"index":"index","follow":"follow","max-snippet":"max-snippet:-1","max-image-preview":"max-image-preview:large","max-video-preview":"max-video-preview:-1"},"canonical":"https:\/\/www.suno.com.br\/noticias\/eletrobras-elet3-privatizacao-processo-assembleia\/","og_locale":"pt_BR","og_type":"article","og_title":"Assembleia da Eletrobras (ELET3) aprova processo de privatiza\u00e7\u00e3o","og_description":"A Assembleia Geral Extraordin\u00e1ria da Eletrobras (ELET3) aprovou o in\u00edcio do processo de privatiza\u00e7\u00e3o da estatal nesta ter\u00e7a (22). Saiba mais","og_url":"https:\/\/www.suno.com.br\/noticias\/eletrobras-elet3-privatizacao-processo-assembleia\/","og_site_name":"Suno Not\u00edcias","article_publisher":"https:\/\/facebook.com\/sunoresearch","og_image":[{"width":1200,"height":800,"url":"https:\/\/files.sunoresearch.com.br\/n\/uploads\/2021\/02\/8ddce5e3-eletrobras-1.jpg","type":"image\/jpeg"}],"author":"Bruno Galv\u00e3o","twitter_card":"summary_large_image","twitter_creator":"@sunoresearch","twitter_site":"@sunoresearch","twitter_misc":{"Escrito por":"Bruno Galv\u00e3o","Est. tempo de leitura":"6 minutos"},"schema":{"@context":"https:\/\/schema.org","@graph":[{"@type":"NewsArticle","@id":"https:\/\/www.suno.com.br\/noticias\/eletrobras-elet3-privatizacao-processo-assembleia\/#article","isPartOf":{"@id":"https:\/\/www.suno.com.br\/noticias\/eletrobras-elet3-privatizacao-processo-assembleia\/"},"author":{"name":"Bruno Galv\u00e3o","@id":"https:\/\/www.suno.com.br\/noticias\/#\/schema\/person\/06f0d962a6b1c54852e4860f16935600"},"headline":"Eletrobras (ELET3): acionistas aprovam processo de privatiza\u00e7\u00e3o","datePublished":"2022-02-23T00:30:35+00:00","dateModified":"2022-02-23T03:28:44+00:00","mainEntityOfPage":{"@id":"https:\/\/www.suno.com.br\/noticias\/eletrobras-elet3-privatizacao-processo-assembleia\/"},"wordCount":1542,"publisher":{"@id":"https:\/\/www.suno.com.br\/noticias\/#organization"},"image":{"@id":"https:\/\/www.suno.com.br\/noticias\/eletrobras-elet3-privatizacao-processo-assembleia\/#primaryimage"},"thumbnailUrl":"https:\/\/files.sunoresearch.com.br\/n\/uploads\/2021\/02\/8ddce5e3-eletrobras-1.jpg","keywords":["Eletrobras (ELET3\/ELET5\/ELET6)","privatiza\u00e7\u00e3o da Eletrobras","privatiza\u00e7\u00f5es"],"articleSection":["Neg\u00f3cios"],"inLanguage":"pt-BR"},{"@type":"WebPage","@id":"https:\/\/www.suno.com.br\/noticias\/eletrobras-elet3-privatizacao-processo-assembleia\/","url":"https:\/\/www.suno.com.br\/noticias\/eletrobras-elet3-privatizacao-processo-assembleia\/","name":"Assembleia da Eletrobras (ELET3) aprova processo de privatiza\u00e7\u00e3o","isPartOf":{"@id":"https:\/\/www.suno.com.br\/noticias\/#website"},"primaryImageOfPage":{"@id":"https:\/\/www.suno.com.br\/noticias\/eletrobras-elet3-privatizacao-processo-assembleia\/#primaryimage"},"image":{"@id":"https:\/\/www.suno.com.br\/noticias\/eletrobras-elet3-privatizacao-processo-assembleia\/#primaryimage"},"thumbnailUrl":"https:\/\/files.sunoresearch.com.br\/n\/uploads\/2021\/02\/8ddce5e3-eletrobras-1.jpg","datePublished":"2022-02-23T00:30:35+00:00","dateModified":"2022-02-23T03:28:44+00:00","description":"A Assembleia Geral Extraordin\u00e1ria da Eletrobras (ELET3) aprovou o in\u00edcio do processo de privatiza\u00e7\u00e3o da estatal nesta ter\u00e7a (22). Saiba mais","breadcrumb":{"@id":"https:\/\/www.suno.com.br\/noticias\/eletrobras-elet3-privatizacao-processo-assembleia\/#breadcrumb"},"inLanguage":"pt-BR","potentialAction":[{"@type":"ReadAction","target":["https:\/\/www.suno.com.br\/noticias\/eletrobras-elet3-privatizacao-processo-assembleia\/"]}]},{"@type":"ImageObject","inLanguage":"pt-BR","@id":"https:\/\/www.suno.com.br\/noticias\/eletrobras-elet3-privatizacao-processo-assembleia\/#primaryimage","url":"https:\/\/files.sunoresearch.com.br\/n\/uploads\/2021\/02\/8ddce5e3-eletrobras-1.jpg","contentUrl":"https:\/\/files.sunoresearch.com.br\/n\/uploads\/2021\/02\/8ddce5e3-eletrobras-1.jpg","width":1200,"height":800,"caption":"Eletrobras (ELET3). Foto: divulga\u00e7\u00e3o."},{"@type":"BreadcrumbList","@id":"https:\/\/www.suno.com.br\/noticias\/eletrobras-elet3-privatizacao-processo-assembleia\/#breadcrumb","itemListElement":[{"@type":"ListItem","position":1,"name":"Not\u00edcias","item":"https:\/\/www.suno.com.br\/noticias\/"},{"@type":"ListItem","position":2,"name":"Neg\u00f3cios","item":"https:\/\/www.suno.com.br\/noticias\/negocios\/"},{"@type":"ListItem","position":3,"name":"Eletrobras (ELET3): acionistas aprovam processo de privatiza\u00e7\u00e3o"}]},{"@type":"WebSite","@id":"https:\/\/www.suno.com.br\/noticias\/#website","url":"https:\/\/www.suno.com.br\/noticias\/","name":"Suno Not\u00edcias","description":"Seu portal de informa\u00e7\u00e3o sobre o mundo dos investimentos","publisher":{"@id":"https:\/\/www.suno.com.br\/noticias\/#organization"},"potentialAction":[{"@type":"SearchAction","target":{"@type":"EntryPoint","urlTemplate":"https:\/\/www.suno.com.br\/noticias\/?s={search_term_string}"},"query-input":{"@type":"PropertyValueSpecification","valueRequired":true,"valueName":"search_term_string"}}],"inLanguage":"pt-BR"},{"@type":"Organization","@id":"https:\/\/www.suno.com.br\/noticias\/#organization","name":"Suno Not\u00edcias","url":"https:\/\/www.suno.com.br\/noticias\/","logo":{"@type":"ImageObject","inLanguage":"pt-BR","@id":"https:\/\/www.suno.com.br\/noticias\/#\/schema\/logo\/image\/","url":"https:\/\/files.sunoresearch.com.br\/n\/uploads\/2021\/09\/suno-logo.png","contentUrl":"https:\/\/files.sunoresearch.com.br\/n\/uploads\/2021\/09\/suno-logo.png","width":180,"height":180,"caption":"Suno Not\u00edcias"},"image":{"@id":"https:\/\/www.suno.com.br\/noticias\/#\/schema\/logo\/image\/"},"sameAs":["https:\/\/facebook.com\/sunoresearch","https:\/\/x.com\/sunoresearch","https:\/\/www.instagram.com\/suno","https:\/\/www.linkedin.com\/company\/suno-research\/","https:\/\/www.youtube.com\/c\/sunoresearch"]},{"@type":"Person","@id":"https:\/\/www.suno.com.br\/noticias\/#\/schema\/person\/06f0d962a6b1c54852e4860f16935600","name":"Bruno Galv\u00e3o","image":{"@type":"ImageObject","inLanguage":"pt-BR","@id":"https:\/\/www.suno.com.br\/noticias\/#\/schema\/person\/image\/","url":"https:\/\/secure.gravatar.com\/avatar\/53598df0b41c00f12f287a912d0e918e?s=96&r=g","contentUrl":"https:\/\/secure.gravatar.com\/avatar\/53598df0b41c00f12f287a912d0e918e?s=96&r=g","caption":"Bruno Galv\u00e3o"},"description":"Escreve para o portal Suno Not\u00edcias. \u00c9 estudante de Jornalismo pela Faculdade C\u00e1sper L\u00edbero e Letras pela USP. Entusiasta de tecnologia e intelig\u00eancia artificial.","url":"https:\/\/www.suno.com.br\/noticias\/author\/bruno-garcia\/"}]}},"default_loop_html":"<div class=\"cardsPage__listCard__boxs\"><div class=\"cardsPage__listCard__boxs__img\"><a href=\"https:\/\/www.suno.com.br\/noticias\/eletrobras-elet3-privatizacao-processo-assembleia\/\"><img class=\"mask\" src=\"https:\/\/www.suno.com.br\/noticias\/wp-content\/themes\/suno\/resources\/images\/spotlight\/spotlight1img\/bg-mask.png\" alt=\"Image Mask\"\/><img src=\"https:\/\/files.sunoresearch.com.br\/n\/uploads\/2021\/02\/8ddce5e3-eletrobras-1-400x200.webp\" alt=\"Eletrobras (ELET3): acionistas aprovam processo de privatiza\u00e7\u00e3o\"\/><\/a><span class=\"spotlightCategory\"><a href=\"https:\/\/www.suno.com.br\/noticias\/negocios\/\">Neg\u00f3cios<\/a><\/span><\/div><div class=\"cardsPage__listCard__boxs__content\"><a href=\"https:\/\/www.suno.com.br\/noticias\/eletrobras-elet3-privatizacao-processo-assembleia\/\"><h2 class=\"content__title\">Eletrobras (ELET3): acionistas aprovam processo de privatiza\u00e7\u00e3o<\/h2><\/a><div class=\"newsContent__article__meta\"><div class=\"newsContent__article__meta__authorBox\"><a href=\"https:\/\/www.suno.com.br\/noticias\/author\/bruno-garcia\/\" class=\"authorBox__avatar noMobi\"><img src=\"https:\/\/secure.gravatar.com\/avatar\/53598df0b41c00f12f287a912d0e918e?s=96&#038;r=g\" alt=\"Bruno Galv\u00e3o\"><\/a><div class=\"authorBox__name\"><span>por\n\t\t\t<a href=\"https:\/\/www.suno.com.br\/noticias\/author\/bruno-garcia\/\"><span itemprop=\"author\">Bruno Galv\u00e3o<\/span><\/a><\/span><time datetime=\"2022-02-22T21:30:35-03:00\" itemprop=\"datePublished\">22\/02\/2022 21:30<\/time><\/div><\/div><\/div><\/div><\/div>","single_layout":"posts","amp_enabled":true,"_links":{"self":[{"href":"https:\/\/www.suno.com.br\/noticias\/wp-json\/wp\/v2\/posts\/234249"}],"collection":[{"href":"https:\/\/www.suno.com.br\/noticias\/wp-json\/wp\/v2\/posts"}],"about":[{"href":"https:\/\/www.suno.com.br\/noticias\/wp-json\/wp\/v2\/types\/post"}],"author":[{"embeddable":true,"href":"https:\/\/www.suno.com.br\/noticias\/wp-json\/wp\/v2\/users\/118"}],"replies":[{"embeddable":true,"href":"https:\/\/www.suno.com.br\/noticias\/wp-json\/wp\/v2\/comments?post=234249"}],"version-history":[{"count":4,"href":"https:\/\/www.suno.com.br\/noticias\/wp-json\/wp\/v2\/posts\/234249\/revisions"}],"predecessor-version":[{"id":234342,"href":"https:\/\/www.suno.com.br\/noticias\/wp-json\/wp\/v2\/posts\/234249\/revisions\/234342"}],"wp:featuredmedia":[{"embeddable":true,"href":"https:\/\/www.suno.com.br\/noticias\/wp-json\/wp\/v2\/media\/117670"}],"wp:attachment":[{"href":"https:\/\/www.suno.com.br\/noticias\/wp-json\/wp\/v2\/media?parent=234249"}],"wp:term":[{"taxonomy":"category","embeddable":true,"href":"https:\/\/www.suno.com.br\/noticias\/wp-json\/wp\/v2\/categories?post=234249"},{"taxonomy":"post_tag","embeddable":true,"href":"https:\/\/www.suno.com.br\/noticias\/wp-json\/wp\/v2\/tags?post=234249"},{"taxonomy":"suno_strategy","embeddable":true,"href":"https:\/\/www.suno.com.br\/noticias\/wp-json\/wp\/v2\/suno_strategy?post=234249"}],"curies":[{"name":"wp","href":"https:\/\/api.w.org\/{rel}","templated":true}]}}