{"id":234087,"date":"2022-02-22T16:09:19","date_gmt":"2022-02-22T19:09:19","guid":{"rendered":"https:\/\/www.suno.com.br\/noticias\/?p=234087"},"modified":"2022-02-22T16:10:05","modified_gmt":"2022-02-22T19:10:05","slug":"brfr-brfs3-chapa-marfrig-mrfg3-conselho","status":"publish","type":"post","link":"https:\/\/www.suno.com.br\/noticias\/brfr-brfs3-chapa-marfrig-mrfg3-conselho\/","title":{"rendered":"BRF (BRFS3) aprova chapa da Marfrig (MRFG3) para o Conselho de Administra\u00e7\u00e3o"},"content":{"rendered":"<p>O <a class=\"suno-keyword\" href=\"https:\/\/www.suno.com.br\/artigos\/conselho-administracao\/\" target=\"_blank\" rel=\"noopener\" data-force=\"no\" data-priority=\"1\">Conselho de Administra\u00e7\u00e3o<\/a> da <a class=\"suno-keyword\" href=\"https:\/\/www.suno.com.br\/acoes\/BRFS3\/\" target=\"_blank\" rel=\"noopener\" data-force=\"yes\" data-priority=\"2\"><strong>BRF<\/strong> (BRFS3)<\/a> informou nesta ter\u00e7a-feira (22) que aprovou a proposta de chapa apresentada pela <a class=\"suno-keyword\" href=\"https:\/\/www.suno.com.br\/acoes\/MRFG3\/\" target=\"_blank\" rel=\"noopener\" data-force=\"yes\" data-priority=\"2\">Marfrig (MRFG3)<\/a>, com 10 membros para a composi\u00e7\u00e3o do colegiado. Com isso, a Marfrig busca exercer seus direitos de <a class=\"suno-keyword\" href=\"https:\/\/www.suno.com.br\/artigos\/acionista-majoritario\/\" target=\"_blank\" rel=\"noopener\" data-force=\"no\" data-priority=\"1\">acionista majorit\u00e1rio<\/a> e influenciar na administra\u00e7\u00e3o da BRF.<\/p>\t<div class=\"wrapper-featured-image\">\n\t\t<figure class=\"spotlightImg\">\n\n\t\t\t<picture>\n\t\t\t\t<source media=\"(max-width: 768px)\" srcset=\"https:\/\/files.sunoresearch.com.br\/n\/uploads\/2019\/11\/c790d7a1-brf-400x200.webp\">\n\t\t\t\t<img loading=\"lazy\" decoding=\"async\" class=\"newsContent__article__imgCapa lazyloadDisabled \" src=\"https:\/\/files.sunoresearch.com.br\/n\/uploads\/2019\/11\/c790d7a1-brf-800x450.webp\" width=\"800\" height=\"450\" alt=\"BRF (BRFS3) aprova chapa da Marfrig (MRFG3) para o Conselho de Administra\u00e7\u00e3o\" fetchpriority=high \/>\n\t\t\t<\/picture>\n\n\t\t\t<figcaption class=\"wp-caption-text wp-caption-text--show\">BRF (BRFS3) dispara quase 11% e Marfrig (MRFG3) avan\u00e7a 6%; Entenda o que aconteceu. Divulga\u00e7\u00e3o BRF<\/figcaption>\n\t\t<\/figure>\n\t<\/div>\n\n\n\t<p>\n\t\t<a href=\"https:\/\/lp.suno.com.br\/planilha-controle-gastos\/\" target=\"_blank\" data-element=\"shortcode-suno-banner\" title=\"Banner SUNO, clique e saiba mais\">\n\t\t\t<picture>\n\t\t\t\t<source media=\"(max-width: 500px)\" srcset=\"https:\/\/files.sunoresearch.com.br\/n\/uploads\/2023\/03\/400x300-Planilha-controle-de-gastos.png\">\n\t\t\t\t<img class=\"newsContent__article__imgCapa newsContent__article__imgCapa--banner\"\n\t\t\t\t\tsrc=\"https:\/\/files.sunoresearch.com.br\/n\/uploads\/2023\/03\/1420x240-Planilha-controle-de-gastos.png\"\n\t\t\t\t\tdata-promo-id=\"101751\"\t\t\t\t\t\t\t\t\t\twidth='1420' height='240'\t\t\t\t\talt=\"https:\/\/files.sunoresearch.com.br\/n\/uploads\/2023\/03\/1420x240-Planilha-controle-de-gastos.png\"\n\t\t\t\t>\n\t\t\t<\/picture>\n\t\t<\/a>\n\t<\/p>\n\n\n<p>A Marfrig, acionista da BRF, indicou <strong>Marcos Molina<\/strong> para ser candidato a presidente do Conselho de Administra\u00e7\u00e3o da empresa. Para a vice-presid\u00eancia a empresa designou <strong>S\u00e9rgio Rial<\/strong>, ex-CEO do <a class=\"suno-keyword\" href=\"https:\/\/www.suno.com.br\/acoes\/SANB11\/\" target=\"_blank\" rel=\"noopener\" data-force=\"yes\" data-priority=\"2\">Santander Brasil (SANB11)<\/a>.<\/p>\n<p>O restante da chapa inclui:<\/p>\n<ul>\n<li>M\u00e1rcia Mar\u00e7al dos Santos, esposa de Molina;<\/li>\n<li>Augusto Cruz, antigo CEO do <a class=\"suno-keyword\" href=\"https:\/\/www.suno.com.br\/acoes\/PCAR3\/\" target=\"_blank\" rel=\"noopener\" data-force=\"yes\" data-priority=\"2\">P\u00e3o de A\u00e7\u00facar (PCAR3)<\/a>;<\/li>\n<li>Deborah Vieitas, CEO da Amcham;<\/li>\n<li>Fl\u00e1via Bittencourt, presidente da Adidas;<\/li>\n<li>Oscar Bernardes, membro do conselho da Mosaic;<\/li>\n<li>Pedro de Camargo Neto, ex-comandante da Abipecs (associa\u00e7\u00e3o de exportadores de carne su\u00edna);<\/li>\n<li>Altamir Batista da Silva, ex-Safra e JP Morgan;<\/li>\n<li>Eduardo Pocetti, do <a class=\"suno-keyword\" href=\"https:\/\/www.suno.com.br\/artigos\/conselho-fiscal\/\" target=\"_blank\" rel=\"noopener\" data-force=\"no\" data-priority=\"1\">conselho fiscal<\/a> da Marfrig.<\/li>\n<\/ul>\n\t<p>\n\t\t<a href=\"https:\/\/lp.suno.com.br\/planilha-da-vida-financeira\/\" target=\"_blank\" data-element=\"shortcode-suno-banner\" title=\"Banner SUNO, clique e saiba mais\">\n\t\t\t<picture>\n\t\t\t\t<source media=\"(max-width: 500px)\" srcset=\"https:\/\/files.sunoresearch.com.br\/n\/uploads\/2023\/04\/400x300-Planilha-vida-financeira-true.png\">\n\t\t\t\t<img class=\"newsContent__article__imgCapa newsContent__article__imgCapa--banner\"\n\t\t\t\t\tsrc=\"https:\/\/files.sunoresearch.com.br\/n\/uploads\/2023\/04\/1420x240-Planilha-vida-financeira-true.png\"\n\t\t\t\t\tdata-promo-id=\"106682\"\t\t\t\t\t\t\t\t\t\twidth='1420' height='240'\t\t\t\t\talt=\"https:\/\/files.sunoresearch.com.br\/n\/uploads\/2023\/04\/1420x240-Planilha-vida-financeira-true.png\"\n\t\t\t\t>\n\t\t\t<\/picture>\n\t\t<\/a>\n\t<\/p>\n\n\n<p>Os candidatos ser\u00e3o votados na <strong>reuni\u00e3o de assembleia da BRF<\/strong>, que est\u00e1 marcada para acontecer no dia 28 de mar\u00e7o.<\/p>\n<h2>Marfrig busca participa\u00e7\u00e3o ativa na BRF<\/h2>\n<p>Como a Marfrig tem uma fatia acion\u00e1ria de 33,25%, que vem aumentado desde o ano passado, n\u00e3o bate o patamar de 33,33%, o que obrigaria a empresa a fazer uma <strong>oferta de aquisi\u00e7\u00e3o.<\/strong><\/p>\n<p>A participa\u00e7\u00e3o implica que a Marfrig pode indicar a maior parte dos<strong> membros do conselho da BRF<\/strong>, um colegiado de dez integrantes. \u201cO seu Conselho de Administra\u00e7\u00e3o decidiu que a companhia deve exercer seus direitos de acionistas para passar a influenciar na administra\u00e7\u00e3o da BRF. Em raz\u00e3o disso, a Marfrig, apresentar\u00e1 \u00e0 BRF chapa de candidatos a serem indicados para o Conselho de Administra\u00e7\u00e3o na pr\u00f3xima <a class=\"suno-keyword\" href=\"https:\/\/www.suno.com.br\/artigos\/assembleia-geral-ordinaria\/\" target=\"_blank\" rel=\"noopener\" data-force=\"no\" data-priority=\"1\">assembleia geral ordin\u00e1ria<\/a> da BRF\u201d, disse o texto do <a class=\"suno-keyword\" href=\"https:\/\/www.suno.com.br\/artigos\/fato-relevante\/\" target=\"_blank\" rel=\"noopener\" data-force=\"no\" data-priority=\"1\">fato relevante<\/a> enviado \u00e0 Comiss\u00e3o de Valores Mobili\u00e1rios (CVM).<\/p>\n\t<p>\n\t\t<a href=\"https:\/\/lp.suno.com.br\/ebook-como-analisar-uma-acao\/\" target=\"_blank\" data-element=\"shortcode-suno-banner\" title=\"Banner SUNO, clique e saiba mais\">\n\t\t\t<picture>\n\t\t\t\t<source media=\"(max-width: 500px)\" srcset=\"https:\/\/files.sunoresearch.com.br\/n\/uploads\/2023\/03\/Ebook-Acoes-Mobile-1.jpg\">\n\t\t\t\t<img class=\"newsContent__article__imgCapa newsContent__article__imgCapa--banner\"\n\t\t\t\t\tsrc=\"https:\/\/files.sunoresearch.com.br\/n\/uploads\/2023\/03\/Ebook-Acoes-Desktop-1.jpg\"\n\t\t\t\t\tdata-promo-id=\"171998\"\t\t\t\t\t\t\t\t\t\twidth='1420' height='286'\t\t\t\t\talt=\"https:\/\/files.sunoresearch.com.br\/n\/uploads\/2023\/03\/Ebook-Acoes-Desktop-1.jpg\"\n\t\t\t\t>\n\t\t\t<\/picture>\n\t\t<\/a>\n\t<\/p>\n\n\n<p>De acordo com S\u00e9rgio Berruezo, analista de Research da Ativa Investimentos, a postura da <strong>Marfrig<\/strong> vai em linha do esperado pela gestora, de que a empresa dificilmente manteria uma postura passiva na BRF j\u00e1 t\u00e3o pr\u00f3xima da Assembleia Geral de Acionistas de 2022.<\/p>\n\t<div data-element=\"shortcode-read-more\" class=\"knowMore\">\n\t\t\t\t<span class=\"knowMore__title\">Veja tamb\u00e9m<\/span>\n\t\t\t\t<a class=\"knowMore__link\" href=\"https:\/\/www.suno.com.br\/noticias\/jbs-jbss3-marfrig-mrfg3-4t21-balanco-bofa\/\">\n\t\t\tJBS (JBSS3) e Marfrig (MRFG3) ter\u00e3o 4T21 forte, com lucro e Ebitda em alta, diz BofA\t\t<\/a>\n\t<\/div>\n\n\n<p>\u201cRecentemente, a Marfrig enfrentou oposi\u00e7\u00e3o de outros acionistas da <strong>BRF<\/strong> em decis\u00e3o relativa ao recente follow on da companhia, o que pode continuar a se repetir com a mudan\u00e7a de postura da Marfrig de acionista passivo para influenciador da gest\u00e3o\u201d, afirmou Berruezo.<\/p>\n\t<p>\n\t\t<a href=\"\" target=\"_blank\" data-element=\"shortcode-suno-banner\" title=\"Banner SUNO, clique e saiba mais\">\n\t\t\t<picture>\n\t\t\t\t<source media=\"(max-width: 500px)\" srcset=\"\">\n\t\t\t\t<img class=\"newsContent__article__imgCapa newsContent__article__imgCapa--banner\"\n\t\t\t\t\tsrc=\"\"\n\t\t\t\t\tdata-promo-id=\"184190\"\t\t\t\t\t\t\t\t\t\t\t\t\t\t\talt=\"\"\n\t\t\t\t>\n\t\t\t<\/picture>\n\t\t<\/a>\n\t<\/p>\n\n\n","protected":false},"excerpt":{"rendered":"<p>O Conselho de Administra\u00e7\u00e3o da BRF (BRFS3) informou nesta ter\u00e7a-feira (22) que aprovou a proposta de chapa apresentada pela Marfrig (MRFG3), com 10 membros para a composi\u00e7\u00e3o do colegiado. Com isso, a Marfrig busca exercer seus direitos de acionista majorit\u00e1rio e influenciar na administra\u00e7\u00e3o da BRF. BRF (BRFS3) dispara quase 11% e Marfrig (MRFG3) avan\u00e7a [&hellip;]<\/p>\n","protected":false},"author":118,"featured_media":44244,"comment_status":"closed","ping_status":"closed","sticky":false,"template":"","format":"standard","meta":[],"categories":[64],"tags":[397,552],"suno_strategy":[],"class_list":["post-234087","post","type-post","status-publish","format-standard","has-post-thumbnail","hentry","category-negocios","tag-brf-brfs3","tag-marfrig-mrfg3"],"yoast_head":"<!-- This site is optimized with the Yoast SEO plugin v24.4 - https:\/\/yoast.com\/wordpress\/plugins\/seo\/ -->\n<title>BRF (BRFS3) aprova chapa da Marfrig (MRFG3) para o Conselho<\/title>\n<meta name=\"description\" content=\"O Conselho de Administra\u00e7\u00e3o da BRF (BRFS3) informou nesta ter\u00e7a-feira (22) que aprovou a proposta de chapa apresentada pela Marfrig (MRFG3)\" \/>\n<meta name=\"robots\" content=\"index, follow, max-snippet:-1, max-image-preview:large, max-video-preview:-1\" \/>\n<link rel=\"canonical\" href=\"https:\/\/www.suno.com.br\/noticias\/brfr-brfs3-chapa-marfrig-mrfg3-conselho\/\" \/>\n<meta property=\"og:locale\" content=\"pt_BR\" \/>\n<meta property=\"og:type\" content=\"article\" \/>\n<meta property=\"og:title\" content=\"BRF (BRFS3) aprova chapa da Marfrig (MRFG3) para o Conselho\" \/>\n<meta property=\"og:description\" content=\"O Conselho de Administra\u00e7\u00e3o da BRF (BRFS3) informou nesta ter\u00e7a-feira (22) que aprovou a proposta de chapa apresentada pela Marfrig (MRFG3)\" \/>\n<meta property=\"og:url\" content=\"https:\/\/www.suno.com.br\/noticias\/brfr-brfs3-chapa-marfrig-mrfg3-conselho\/\" \/>\n<meta property=\"og:site_name\" content=\"Suno Not\u00edcias\" \/>\n<meta property=\"article:publisher\" content=\"https:\/\/facebook.com\/sunoresearch\" \/>\n<meta property=\"og:image\" content=\"https:\/\/files.sunoresearch.com.br\/n\/uploads\/2019\/11\/c790d7a1-brf.jpeg\" \/>\n\t<meta property=\"og:image:width\" content=\"1920\" \/>\n\t<meta property=\"og:image:height\" content=\"1277\" \/>\n\t<meta property=\"og:image:type\" content=\"image\/jpeg\" \/>\n<meta name=\"author\" content=\"Bruno Galv\u00e3o\" \/>\n<meta name=\"twitter:card\" content=\"summary_large_image\" \/>\n<meta name=\"twitter:creator\" content=\"@sunoresearch\" \/>\n<meta name=\"twitter:site\" content=\"@sunoresearch\" \/>\n<meta name=\"twitter:label1\" content=\"Escrito por\" \/>\n\t<meta name=\"twitter:data1\" content=\"Bruno Galv\u00e3o\" \/>\n\t<meta name=\"twitter:label2\" content=\"Est. tempo de leitura\" \/>\n\t<meta name=\"twitter:data2\" content=\"2 minutos\" \/>\n<script type=\"application\/ld+json\" class=\"yoast-schema-graph\">{\"@context\":\"https:\/\/schema.org\",\"@graph\":[{\"@type\":\"NewsArticle\",\"@id\":\"https:\/\/www.suno.com.br\/noticias\/brfr-brfs3-chapa-marfrig-mrfg3-conselho\/#article\",\"isPartOf\":{\"@id\":\"https:\/\/www.suno.com.br\/noticias\/brfr-brfs3-chapa-marfrig-mrfg3-conselho\/\"},\"author\":{\"name\":\"Bruno Galv\u00e3o\",\"@id\":\"https:\/\/www.suno.com.br\/noticias\/#\/schema\/person\/06f0d962a6b1c54852e4860f16935600\"},\"headline\":\"BRF (BRFS3) aprova chapa da Marfrig (MRFG3) para o Conselho de Administra\u00e7\u00e3o\",\"datePublished\":\"2022-02-22T19:09:19+00:00\",\"dateModified\":\"2022-02-22T19:10:05+00:00\",\"mainEntityOfPage\":{\"@id\":\"https:\/\/www.suno.com.br\/noticias\/brfr-brfs3-chapa-marfrig-mrfg3-conselho\/\"},\"wordCount\":435,\"publisher\":{\"@id\":\"https:\/\/www.suno.com.br\/noticias\/#organization\"},\"image\":{\"@id\":\"https:\/\/www.suno.com.br\/noticias\/brfr-brfs3-chapa-marfrig-mrfg3-conselho\/#primaryimage\"},\"thumbnailUrl\":\"https:\/\/files.sunoresearch.com.br\/n\/uploads\/2019\/11\/c790d7a1-brf-jpeg.webp\",\"keywords\":[\"BRF (BRFS3)\",\"Marfrig (MRFG3)\"],\"articleSection\":[\"Neg\u00f3cios\"],\"inLanguage\":\"pt-BR\"},{\"@type\":\"WebPage\",\"@id\":\"https:\/\/www.suno.com.br\/noticias\/brfr-brfs3-chapa-marfrig-mrfg3-conselho\/\",\"url\":\"https:\/\/www.suno.com.br\/noticias\/brfr-brfs3-chapa-marfrig-mrfg3-conselho\/\",\"name\":\"BRF (BRFS3) aprova chapa da Marfrig (MRFG3) para o Conselho\",\"isPartOf\":{\"@id\":\"https:\/\/www.suno.com.br\/noticias\/#website\"},\"primaryImageOfPage\":{\"@id\":\"https:\/\/www.suno.com.br\/noticias\/brfr-brfs3-chapa-marfrig-mrfg3-conselho\/#primaryimage\"},\"image\":{\"@id\":\"https:\/\/www.suno.com.br\/noticias\/brfr-brfs3-chapa-marfrig-mrfg3-conselho\/#primaryimage\"},\"thumbnailUrl\":\"https:\/\/files.sunoresearch.com.br\/n\/uploads\/2019\/11\/c790d7a1-brf-jpeg.webp\",\"datePublished\":\"2022-02-22T19:09:19+00:00\",\"dateModified\":\"2022-02-22T19:10:05+00:00\",\"description\":\"O Conselho de Administra\u00e7\u00e3o da BRF (BRFS3) informou nesta ter\u00e7a-feira (22) que aprovou a proposta de chapa apresentada pela Marfrig (MRFG3)\",\"breadcrumb\":{\"@id\":\"https:\/\/www.suno.com.br\/noticias\/brfr-brfs3-chapa-marfrig-mrfg3-conselho\/#breadcrumb\"},\"inLanguage\":\"pt-BR\",\"potentialAction\":[{\"@type\":\"ReadAction\",\"target\":[\"https:\/\/www.suno.com.br\/noticias\/brfr-brfs3-chapa-marfrig-mrfg3-conselho\/\"]}]},{\"@type\":\"ImageObject\",\"inLanguage\":\"pt-BR\",\"@id\":\"https:\/\/www.suno.com.br\/noticias\/brfr-brfs3-chapa-marfrig-mrfg3-conselho\/#primaryimage\",\"url\":\"https:\/\/files.sunoresearch.com.br\/n\/uploads\/2019\/11\/c790d7a1-brf-jpeg.webp\",\"contentUrl\":\"https:\/\/files.sunoresearch.com.br\/n\/uploads\/2019\/11\/c790d7a1-brf-jpeg.webp\",\"width\":1920,\"height\":1277,\"caption\":\"BRF (BRFS3) dispara quase 11% e Marfrig (MRFG3) avan\u00e7a 6%; Entenda o que aconteceu. Divulga\u00e7\u00e3o BRF\"},{\"@type\":\"BreadcrumbList\",\"@id\":\"https:\/\/www.suno.com.br\/noticias\/brfr-brfs3-chapa-marfrig-mrfg3-conselho\/#breadcrumb\",\"itemListElement\":[{\"@type\":\"ListItem\",\"position\":1,\"name\":\"Not\u00edcias\",\"item\":\"https:\/\/www.suno.com.br\/noticias\/\"},{\"@type\":\"ListItem\",\"position\":2,\"name\":\"Neg\u00f3cios\",\"item\":\"https:\/\/www.suno.com.br\/noticias\/negocios\/\"},{\"@type\":\"ListItem\",\"position\":3,\"name\":\"BRF (BRFS3) aprova chapa da Marfrig (MRFG3) para o Conselho de Administra\u00e7\u00e3o\"}]},{\"@type\":\"WebSite\",\"@id\":\"https:\/\/www.suno.com.br\/noticias\/#website\",\"url\":\"https:\/\/www.suno.com.br\/noticias\/\",\"name\":\"Suno Not\u00edcias\",\"description\":\"Seu portal de informa\u00e7\u00e3o sobre o mundo dos investimentos\",\"publisher\":{\"@id\":\"https:\/\/www.suno.com.br\/noticias\/#organization\"},\"potentialAction\":[{\"@type\":\"SearchAction\",\"target\":{\"@type\":\"EntryPoint\",\"urlTemplate\":\"https:\/\/www.suno.com.br\/noticias\/?s={search_term_string}\"},\"query-input\":{\"@type\":\"PropertyValueSpecification\",\"valueRequired\":true,\"valueName\":\"search_term_string\"}}],\"inLanguage\":\"pt-BR\"},{\"@type\":\"Organization\",\"@id\":\"https:\/\/www.suno.com.br\/noticias\/#organization\",\"name\":\"Suno Not\u00edcias\",\"url\":\"https:\/\/www.suno.com.br\/noticias\/\",\"logo\":{\"@type\":\"ImageObject\",\"inLanguage\":\"pt-BR\",\"@id\":\"https:\/\/www.suno.com.br\/noticias\/#\/schema\/logo\/image\/\",\"url\":\"https:\/\/files.sunoresearch.com.br\/n\/uploads\/2021\/09\/suno-logo.png\",\"contentUrl\":\"https:\/\/files.sunoresearch.com.br\/n\/uploads\/2021\/09\/suno-logo.png\",\"width\":180,\"height\":180,\"caption\":\"Suno Not\u00edcias\"},\"image\":{\"@id\":\"https:\/\/www.suno.com.br\/noticias\/#\/schema\/logo\/image\/\"},\"sameAs\":[\"https:\/\/facebook.com\/sunoresearch\",\"https:\/\/x.com\/sunoresearch\",\"https:\/\/www.instagram.com\/suno\",\"https:\/\/www.linkedin.com\/company\/suno-research\/\",\"https:\/\/www.youtube.com\/c\/sunoresearch\"]},{\"@type\":\"Person\",\"@id\":\"https:\/\/www.suno.com.br\/noticias\/#\/schema\/person\/06f0d962a6b1c54852e4860f16935600\",\"name\":\"Bruno Galv\u00e3o\",\"image\":{\"@type\":\"ImageObject\",\"inLanguage\":\"pt-BR\",\"@id\":\"https:\/\/www.suno.com.br\/noticias\/#\/schema\/person\/image\/\",\"url\":\"https:\/\/secure.gravatar.com\/avatar\/53598df0b41c00f12f287a912d0e918e?s=96&r=g\",\"contentUrl\":\"https:\/\/secure.gravatar.com\/avatar\/53598df0b41c00f12f287a912d0e918e?s=96&r=g\",\"caption\":\"Bruno Galv\u00e3o\"},\"description\":\"Escreve para o portal Suno Not\u00edcias. \u00c9 estudante de Jornalismo pela Faculdade C\u00e1sper L\u00edbero e Letras pela USP. Entusiasta de tecnologia e intelig\u00eancia artificial.\",\"url\":\"https:\/\/www.suno.com.br\/noticias\/author\/bruno-garcia\/\"}]}<\/script>\n<!-- \/ Yoast SEO plugin. -->","yoast_head_json":{"title":"BRF (BRFS3) aprova chapa da Marfrig (MRFG3) para o Conselho","description":"O Conselho de Administra\u00e7\u00e3o da BRF (BRFS3) informou nesta ter\u00e7a-feira (22) que aprovou a proposta de chapa apresentada pela Marfrig (MRFG3)","robots":{"index":"index","follow":"follow","max-snippet":"max-snippet:-1","max-image-preview":"max-image-preview:large","max-video-preview":"max-video-preview:-1"},"canonical":"https:\/\/www.suno.com.br\/noticias\/brfr-brfs3-chapa-marfrig-mrfg3-conselho\/","og_locale":"pt_BR","og_type":"article","og_title":"BRF (BRFS3) aprova chapa da Marfrig (MRFG3) para o Conselho","og_description":"O Conselho de Administra\u00e7\u00e3o da BRF (BRFS3) informou nesta ter\u00e7a-feira (22) que aprovou a proposta de chapa apresentada pela Marfrig (MRFG3)","og_url":"https:\/\/www.suno.com.br\/noticias\/brfr-brfs3-chapa-marfrig-mrfg3-conselho\/","og_site_name":"Suno Not\u00edcias","article_publisher":"https:\/\/facebook.com\/sunoresearch","og_image":[{"width":1920,"height":1277,"url":"https:\/\/files.sunoresearch.com.br\/n\/uploads\/2019\/11\/c790d7a1-brf.jpeg","type":"image\/jpeg"}],"author":"Bruno Galv\u00e3o","twitter_card":"summary_large_image","twitter_creator":"@sunoresearch","twitter_site":"@sunoresearch","twitter_misc":{"Escrito por":"Bruno Galv\u00e3o","Est. tempo de leitura":"2 minutos"},"schema":{"@context":"https:\/\/schema.org","@graph":[{"@type":"NewsArticle","@id":"https:\/\/www.suno.com.br\/noticias\/brfr-brfs3-chapa-marfrig-mrfg3-conselho\/#article","isPartOf":{"@id":"https:\/\/www.suno.com.br\/noticias\/brfr-brfs3-chapa-marfrig-mrfg3-conselho\/"},"author":{"name":"Bruno Galv\u00e3o","@id":"https:\/\/www.suno.com.br\/noticias\/#\/schema\/person\/06f0d962a6b1c54852e4860f16935600"},"headline":"BRF (BRFS3) aprova chapa da Marfrig (MRFG3) para o Conselho de Administra\u00e7\u00e3o","datePublished":"2022-02-22T19:09:19+00:00","dateModified":"2022-02-22T19:10:05+00:00","mainEntityOfPage":{"@id":"https:\/\/www.suno.com.br\/noticias\/brfr-brfs3-chapa-marfrig-mrfg3-conselho\/"},"wordCount":435,"publisher":{"@id":"https:\/\/www.suno.com.br\/noticias\/#organization"},"image":{"@id":"https:\/\/www.suno.com.br\/noticias\/brfr-brfs3-chapa-marfrig-mrfg3-conselho\/#primaryimage"},"thumbnailUrl":"https:\/\/files.sunoresearch.com.br\/n\/uploads\/2019\/11\/c790d7a1-brf-jpeg.webp","keywords":["BRF (BRFS3)","Marfrig (MRFG3)"],"articleSection":["Neg\u00f3cios"],"inLanguage":"pt-BR"},{"@type":"WebPage","@id":"https:\/\/www.suno.com.br\/noticias\/brfr-brfs3-chapa-marfrig-mrfg3-conselho\/","url":"https:\/\/www.suno.com.br\/noticias\/brfr-brfs3-chapa-marfrig-mrfg3-conselho\/","name":"BRF (BRFS3) aprova chapa da Marfrig (MRFG3) para o Conselho","isPartOf":{"@id":"https:\/\/www.suno.com.br\/noticias\/#website"},"primaryImageOfPage":{"@id":"https:\/\/www.suno.com.br\/noticias\/brfr-brfs3-chapa-marfrig-mrfg3-conselho\/#primaryimage"},"image":{"@id":"https:\/\/www.suno.com.br\/noticias\/brfr-brfs3-chapa-marfrig-mrfg3-conselho\/#primaryimage"},"thumbnailUrl":"https:\/\/files.sunoresearch.com.br\/n\/uploads\/2019\/11\/c790d7a1-brf-jpeg.webp","datePublished":"2022-02-22T19:09:19+00:00","dateModified":"2022-02-22T19:10:05+00:00","description":"O Conselho de Administra\u00e7\u00e3o da BRF (BRFS3) informou nesta ter\u00e7a-feira (22) que aprovou a proposta de chapa apresentada pela Marfrig (MRFG3)","breadcrumb":{"@id":"https:\/\/www.suno.com.br\/noticias\/brfr-brfs3-chapa-marfrig-mrfg3-conselho\/#breadcrumb"},"inLanguage":"pt-BR","potentialAction":[{"@type":"ReadAction","target":["https:\/\/www.suno.com.br\/noticias\/brfr-brfs3-chapa-marfrig-mrfg3-conselho\/"]}]},{"@type":"ImageObject","inLanguage":"pt-BR","@id":"https:\/\/www.suno.com.br\/noticias\/brfr-brfs3-chapa-marfrig-mrfg3-conselho\/#primaryimage","url":"https:\/\/files.sunoresearch.com.br\/n\/uploads\/2019\/11\/c790d7a1-brf-jpeg.webp","contentUrl":"https:\/\/files.sunoresearch.com.br\/n\/uploads\/2019\/11\/c790d7a1-brf-jpeg.webp","width":1920,"height":1277,"caption":"BRF (BRFS3) dispara quase 11% e Marfrig (MRFG3) avan\u00e7a 6%; Entenda o que aconteceu. Divulga\u00e7\u00e3o BRF"},{"@type":"BreadcrumbList","@id":"https:\/\/www.suno.com.br\/noticias\/brfr-brfs3-chapa-marfrig-mrfg3-conselho\/#breadcrumb","itemListElement":[{"@type":"ListItem","position":1,"name":"Not\u00edcias","item":"https:\/\/www.suno.com.br\/noticias\/"},{"@type":"ListItem","position":2,"name":"Neg\u00f3cios","item":"https:\/\/www.suno.com.br\/noticias\/negocios\/"},{"@type":"ListItem","position":3,"name":"BRF (BRFS3) aprova chapa da Marfrig (MRFG3) para o Conselho de Administra\u00e7\u00e3o"}]},{"@type":"WebSite","@id":"https:\/\/www.suno.com.br\/noticias\/#website","url":"https:\/\/www.suno.com.br\/noticias\/","name":"Suno Not\u00edcias","description":"Seu portal de informa\u00e7\u00e3o sobre o mundo dos investimentos","publisher":{"@id":"https:\/\/www.suno.com.br\/noticias\/#organization"},"potentialAction":[{"@type":"SearchAction","target":{"@type":"EntryPoint","urlTemplate":"https:\/\/www.suno.com.br\/noticias\/?s={search_term_string}"},"query-input":{"@type":"PropertyValueSpecification","valueRequired":true,"valueName":"search_term_string"}}],"inLanguage":"pt-BR"},{"@type":"Organization","@id":"https:\/\/www.suno.com.br\/noticias\/#organization","name":"Suno Not\u00edcias","url":"https:\/\/www.suno.com.br\/noticias\/","logo":{"@type":"ImageObject","inLanguage":"pt-BR","@id":"https:\/\/www.suno.com.br\/noticias\/#\/schema\/logo\/image\/","url":"https:\/\/files.sunoresearch.com.br\/n\/uploads\/2021\/09\/suno-logo.png","contentUrl":"https:\/\/files.sunoresearch.com.br\/n\/uploads\/2021\/09\/suno-logo.png","width":180,"height":180,"caption":"Suno Not\u00edcias"},"image":{"@id":"https:\/\/www.suno.com.br\/noticias\/#\/schema\/logo\/image\/"},"sameAs":["https:\/\/facebook.com\/sunoresearch","https:\/\/x.com\/sunoresearch","https:\/\/www.instagram.com\/suno","https:\/\/www.linkedin.com\/company\/suno-research\/","https:\/\/www.youtube.com\/c\/sunoresearch"]},{"@type":"Person","@id":"https:\/\/www.suno.com.br\/noticias\/#\/schema\/person\/06f0d962a6b1c54852e4860f16935600","name":"Bruno Galv\u00e3o","image":{"@type":"ImageObject","inLanguage":"pt-BR","@id":"https:\/\/www.suno.com.br\/noticias\/#\/schema\/person\/image\/","url":"https:\/\/secure.gravatar.com\/avatar\/53598df0b41c00f12f287a912d0e918e?s=96&r=g","contentUrl":"https:\/\/secure.gravatar.com\/avatar\/53598df0b41c00f12f287a912d0e918e?s=96&r=g","caption":"Bruno Galv\u00e3o"},"description":"Escreve para o portal Suno Not\u00edcias. \u00c9 estudante de Jornalismo pela Faculdade C\u00e1sper L\u00edbero e Letras pela USP. Entusiasta de tecnologia e intelig\u00eancia artificial.","url":"https:\/\/www.suno.com.br\/noticias\/author\/bruno-garcia\/"}]}},"default_loop_html":"<div class=\"cardsPage__listCard__boxs\"><div class=\"cardsPage__listCard__boxs__img\"><a href=\"https:\/\/www.suno.com.br\/noticias\/brfr-brfs3-chapa-marfrig-mrfg3-conselho\/\"><img class=\"mask\" src=\"https:\/\/www.suno.com.br\/noticias\/wp-content\/themes\/suno\/resources\/images\/spotlight\/spotlight1img\/bg-mask.png\" alt=\"Image Mask\"\/><img src=\"https:\/\/files.sunoresearch.com.br\/n\/uploads\/2019\/11\/c790d7a1-brf-400x200.webp\" alt=\"BRF (BRFS3) aprova chapa da Marfrig (MRFG3) para o Conselho de Administra\u00e7\u00e3o\"\/><\/a><span class=\"spotlightCategory\"><a href=\"https:\/\/www.suno.com.br\/noticias\/negocios\/\">Neg\u00f3cios<\/a><\/span><\/div><div class=\"cardsPage__listCard__boxs__content\"><a href=\"https:\/\/www.suno.com.br\/noticias\/brfr-brfs3-chapa-marfrig-mrfg3-conselho\/\"><h2 class=\"content__title\">BRF (BRFS3) aprova chapa da Marfrig (MRFG3) para o Conselho de Administra\u00e7\u00e3o<\/h2><\/a><div class=\"newsContent__article__meta\"><div class=\"newsContent__article__meta__authorBox\"><a href=\"https:\/\/www.suno.com.br\/noticias\/author\/bruno-garcia\/\" class=\"authorBox__avatar noMobi\"><img src=\"https:\/\/secure.gravatar.com\/avatar\/53598df0b41c00f12f287a912d0e918e?s=96&#038;r=g\" alt=\"Bruno Galv\u00e3o\"><\/a><div class=\"authorBox__name\"><span>por\n\t\t\t<a href=\"https:\/\/www.suno.com.br\/noticias\/author\/bruno-garcia\/\"><span itemprop=\"author\">Bruno Galv\u00e3o<\/span><\/a><\/span><time datetime=\"2022-02-22T16:09:19-03:00\" itemprop=\"datePublished\">22\/02\/2022 16:09<\/time><\/div><\/div><\/div><\/div><\/div>","single_layout":"posts","amp_enabled":true,"_links":{"self":[{"href":"https:\/\/www.suno.com.br\/noticias\/wp-json\/wp\/v2\/posts\/234087"}],"collection":[{"href":"https:\/\/www.suno.com.br\/noticias\/wp-json\/wp\/v2\/posts"}],"about":[{"href":"https:\/\/www.suno.com.br\/noticias\/wp-json\/wp\/v2\/types\/post"}],"author":[{"embeddable":true,"href":"https:\/\/www.suno.com.br\/noticias\/wp-json\/wp\/v2\/users\/118"}],"replies":[{"embeddable":true,"href":"https:\/\/www.suno.com.br\/noticias\/wp-json\/wp\/v2\/comments?post=234087"}],"version-history":[{"count":3,"href":"https:\/\/www.suno.com.br\/noticias\/wp-json\/wp\/v2\/posts\/234087\/revisions"}],"predecessor-version":[{"id":234118,"href":"https:\/\/www.suno.com.br\/noticias\/wp-json\/wp\/v2\/posts\/234087\/revisions\/234118"}],"wp:featuredmedia":[{"embeddable":true,"href":"https:\/\/www.suno.com.br\/noticias\/wp-json\/wp\/v2\/media\/44244"}],"wp:attachment":[{"href":"https:\/\/www.suno.com.br\/noticias\/wp-json\/wp\/v2\/media?parent=234087"}],"wp:term":[{"taxonomy":"category","embeddable":true,"href":"https:\/\/www.suno.com.br\/noticias\/wp-json\/wp\/v2\/categories?post=234087"},{"taxonomy":"post_tag","embeddable":true,"href":"https:\/\/www.suno.com.br\/noticias\/wp-json\/wp\/v2\/tags?post=234087"},{"taxonomy":"suno_strategy","embeddable":true,"href":"https:\/\/www.suno.com.br\/noticias\/wp-json\/wp\/v2\/suno_strategy?post=234087"}],"curies":[{"name":"wp","href":"https:\/\/api.w.org\/{rel}","templated":true}]}}