{"id":233915,"date":"2022-02-22T11:50:05","date_gmt":"2022-02-22T14:50:05","guid":{"rendered":"https:\/\/www.suno.com.br\/noticias\/?p=233915"},"modified":"2022-02-22T11:50:05","modified_gmt":"2022-02-22T14:50:05","slug":"magazine-luiza-mglu3-via-viia3-disparam-reducao-ipi","status":"publish","type":"post","link":"https:\/\/www.suno.com.br\/noticias\/magazine-luiza-mglu3-via-viia3-disparam-reducao-ipi\/","title":{"rendered":"Magazine Luiza (MGLU3) e Via (VIIA3) disparam ap\u00f3s Guedes anunciar redu\u00e7\u00e3o do IPI"},"content":{"rendered":"<p>As a\u00e7\u00f5es das varejistas, como Via (VIIA3) e <a class=\"suno-keyword\" href=\"https:\/\/www.suno.com.br\/acoes\/MGLU3\/\" target=\"_blank\" rel=\"noopener\" data-force=\"yes\" data-priority=\"2\"><strong>Magazine Luiza<\/strong> (MGLU3)<\/a> avan\u00e7am no Ibovespa desta ter\u00e7a-feira (22), ap\u00f3s a fala do ministro da Economia, Paulo Guedes, sobre a redu\u00e7\u00e3o em 25% do Imposto Sobre Produtos Industrializados (IPI).<\/p>\t<div class=\"wrapper-featured-image\">\n\t\t<figure class=\"spotlightImg\">\n\n\t\t\t<picture>\n\t\t\t\t<source media=\"(max-width: 768px)\" srcset=\"https:\/\/files.sunoresearch.com.br\/n\/uploads\/2021\/03\/3860b20e-magazine-luiza3-400x200.webp\">\n\t\t\t\t<img loading=\"lazy\" decoding=\"async\" class=\"newsContent__article__imgCapa lazyloadDisabled \" src=\"https:\/\/files.sunoresearch.com.br\/n\/uploads\/2021\/03\/3860b20e-magazine-luiza3-800x450.webp\" width=\"800\" height=\"450\" alt=\"Magazine Luiza (MGLU3) e Via (VIIA3) disparam ap\u00f3s Guedes anunciar redu\u00e7\u00e3o do IPI\" fetchpriority=high \/>\n\t\t\t<\/picture>\n\n\t\t\t<figcaption class=\"wp-caption-text wp-caption-text--show\">Magazine Luiza. Foto: Divulga\u00e7\u00e3o<\/figcaption>\n\t\t<\/figure>\n\t<\/div>\n\n\n\t<p>\n\t\t<a href=\"https:\/\/lp.suno.com.br\/planilha-controle-gastos\/\" target=\"_blank\" data-element=\"shortcode-suno-banner\" title=\"Banner SUNO, clique e saiba mais\">\n\t\t\t<picture>\n\t\t\t\t<source media=\"(max-width: 500px)\" srcset=\"https:\/\/files.sunoresearch.com.br\/n\/uploads\/2023\/03\/400x300-Planilha-controle-de-gastos.png\">\n\t\t\t\t<img class=\"newsContent__article__imgCapa newsContent__article__imgCapa--banner\"\n\t\t\t\t\tsrc=\"https:\/\/files.sunoresearch.com.br\/n\/uploads\/2023\/03\/1420x240-Planilha-controle-de-gastos.png\"\n\t\t\t\t\tdata-promo-id=\"101751\"\t\t\t\t\t\t\t\t\t\twidth='1420' height='240'\t\t\t\t\talt=\"https:\/\/files.sunoresearch.com.br\/n\/uploads\/2023\/03\/1420x240-Planilha-controle-de-gastos.png\"\n\t\t\t\t>\n\t\t\t<\/picture>\n\t\t<\/a>\n\t<\/p>\n\n\n<p>Por volta das 11h15, as <strong>a\u00e7\u00f5es do Magazine Luiza<\/strong> tinham alta de 1,66%, negociadas a R$ 6,12. Por sua vez, a <strong>Via<\/strong> subia 0,80%, negociada a R$ 3,79, depois de chegar a subir mais de 2% na abertura do preg\u00e3o. At\u00e9 mesmo empresas de varejo de vestu\u00e1rio apresentam alta no Ibovespa hoje. A <a class=\"suno-keyword\" href=\"https:\/\/www.suno.com.br\/acoes\/ARZZ3\/\" target=\"_blank\" rel=\"noopener\" data-force=\"yes\" data-priority=\"2\"><strong>Arezzo<\/strong> (ARZZ3)<\/a> subia 2,71%, negociada a R$ 81,87, enquanto que a <a class=\"suno-keyword\" href=\"https:\/\/www.suno.com.br\/acoes\/LREN3\/\" target=\"_blank\" rel=\"noopener\" data-force=\"yes\" data-priority=\"2\"><strong>Lojas Renner<\/strong> (LREN3)<\/a> tinha alta de 1,69%, cotada a R$ 26,87.<\/p>\n<p>A \u00fanica na contram\u00e3o e que apresenta queda \u00e9 a<strong> Americanas (AMER3)<\/strong>, com baixa de 2,10%, a R$ 30,83. A varejista tem sofrido desvaloriza\u00e7\u00e3o de seus pap\u00e9is com o site fora de ar desde a madrugada de domingo (20).<\/p>\n<figure id=\"attachment_233924\" aria-describedby=\"caption-attachment-233924\" style=\"width: 537px\" class=\"wp-caption aligncenter\"><img loading=\"lazy\" decoding=\"async\" class=\"wp-image-233924 size-full\" src=\"https:\/\/files.sunoresearch.com.br\/n\/uploads\/2022\/02\/americanaas.png\" alt=\"Foto: Site Americanas\" width=\"537\" height=\"436\" srcset=\"https:\/\/files.sunoresearch.com.br\/n\/uploads\/2022\/02\/americanaas.png 537w, https:\/\/files.sunoresearch.com.br\/n\/uploads\/2022\/02\/americanaas-300x244.png 300w, https:\/\/files.sunoresearch.com.br\/n\/uploads\/2022\/02\/americanaas-150x122.png 150w\" sizes=\"(max-width: 537px) 100vw, 537px\" \/><figcaption id=\"caption-attachment-233924\" class=\"wp-caption-text\">Foto: Site Americanas<\/figcaption><\/figure>\n<h2>Fala de Guedes reflete no desempenho das a\u00e7\u00f5es do Magazine Luiza<\/h2>\n<p>A <strong>alta das varejistas<\/strong> como Magazine Luiza e Via reflete a fala do <strong>ministro da Economia<\/strong> sobre a redu\u00e7\u00e3o de impostos sobre produtos industrializados, essa tributa\u00e7\u00e3o \u00e9 repassada ao consumidor. O imposto possui v\u00e1rias <strong>al\u00edquotas<\/strong>, variando, em sua maior parte, de zero a 30%, mas pode chegar a 300% no caso de produtos nocivos \u00e0 sa\u00fade, como cigarros.<\/p>\n<p>&#8220;Voc\u00ea v\u00ea que a agricultura est\u00e1 voando porque ela n\u00e3o tem o imposto sobre produto agr\u00edcola, o IPA. Agora a ind\u00fastria brasileira est\u00e1 sofrendo nas \u00faltimas tr\u00eas, quatro d\u00e9cadas, impostos altos, juros altos e encargos trabalhistas excessivos. N\u00f3s temos de atacar essas tr\u00eas quest\u00f5es, \u00e9 uma quest\u00e3o de tempo. Vamos fazer um primeiro movimento agora, reduzir 25% do IPI. \u00c9 um movimento de reindustrializa\u00e7\u00e3o do Brasil&#8221;, declarou.<\/p>\n<p>Segundo apura\u00e7\u00e3o do jornal <em>O Estado de S.Paulo<\/em>, a redu\u00e7\u00e3o de cerca de 30% impactaria em R$ 24 bilh\u00f5es a arrecada\u00e7\u00e3o de tributos, o que tamb\u00e9m diminuiria o repasse do imposto aos Estados (metade da arrecada\u00e7\u00e3o do IPI vai para o caixa dos governadores).<\/p>\n<p>A ideia em discuss\u00e3o \u00e9 reduzir a<strong> al\u00edquota de IPI<\/strong> incidente sobre todos os produtos, para n\u00e3o beneficiar setores.<\/p>\n<h2>\u00daltima cota\u00e7\u00e3o do Magalu e Via<\/h2>\n<p>Na \u00faltima sess\u00e3o, segunda-feira (21), o <strong>Magazine Luiza<\/strong> encerrou o preg\u00e3o em queda de 5,35%, a R$ 6,02. A Via fechou em baixa de 4,57%, negociada a R$ 3,76.<\/p>\n\t<p>\n\t\t<a href=\"https:\/\/lp.suno.com.br\/planilha-de-controle-de-investimentos\/\" target=\"_blank\" data-element=\"shortcode-suno-banner\" title=\"Banner SUNO, clique e saiba mais\">\n\t\t\t<picture>\n\t\t\t\t<source media=\"(max-width: 500px)\" srcset=\"https:\/\/files.sunoresearch.com.br\/n\/uploads\/2023\/03\/400x300-Controle-de-Investimentos.png\">\n\t\t\t\t<img class=\"newsContent__article__imgCapa newsContent__article__imgCapa--banner\"\n\t\t\t\t\tsrc=\"https:\/\/files.sunoresearch.com.br\/n\/uploads\/2023\/03\/1420x240-Controle-de-Investimentos.png\"\n\t\t\t\t\tdata-promo-id=\"75934\"\t\t\t\t\t\t\t\t\t\twidth='1420' height='240'\t\t\t\t\talt=\"https:\/\/files.sunoresearch.com.br\/n\/uploads\/2023\/03\/1420x240-Controle-de-Investimentos.png\"\n\t\t\t\t>\n\t\t\t<\/picture>\n\t\t<\/a>\n\t<\/p>\n\n\n","protected":false},"excerpt":{"rendered":"<p>As a\u00e7\u00f5es das varejistas, como Via (VIIA3) e Magazine Luiza (MGLU3) avan\u00e7am no Ibovespa desta ter\u00e7a-feira (22), ap\u00f3s a fala do ministro da Economia, Paulo Guedes, sobre a redu\u00e7\u00e3o em 25% do Imposto Sobre Produtos Industrializados (IPI). Magazine Luiza. Foto: Divulga\u00e7\u00e3o Por volta das 11h15, as a\u00e7\u00f5es do Magazine Luiza tinham alta de 1,66%, negociadas [&hellip;]<\/p>\n","protected":false},"author":15,"featured_media":130389,"comment_status":"closed","ping_status":"closed","sticky":false,"template":"","format":"standard","meta":[],"categories":[64],"tags":[548,796,106935],"suno_strategy":[],"class_list":["post-233915","post","type-post","status-publish","format-standard","has-post-thumbnail","hentry","category-negocios","tag-magazine-luiza-mglu3","tag-paulo-guedes","tag-via-viia3"],"yoast_head":"<!-- This site is optimized with the Yoast SEO plugin v24.4 - https:\/\/yoast.com\/wordpress\/plugins\/seo\/ -->\n<title>Magazine Luiza (MGLU3) dispara ap\u00f3s fala sobre redu\u00e7\u00e3o do IPI<\/title>\n<meta name=\"description\" content=\"A alta das varejistas como Magazine Luiza (MGLU3) reflete a fala do ministro sobre a redu\u00e7\u00e3o de impostos sobre produtos. Veja\" \/>\n<meta name=\"robots\" content=\"index, follow, max-snippet:-1, max-image-preview:large, max-video-preview:-1\" \/>\n<link rel=\"canonical\" href=\"https:\/\/www.suno.com.br\/noticias\/magazine-luiza-mglu3-via-viia3-disparam-reducao-ipi\/\" \/>\n<meta property=\"og:locale\" content=\"pt_BR\" \/>\n<meta property=\"og:type\" content=\"article\" \/>\n<meta property=\"og:title\" content=\"Magazine Luiza (MGLU3) dispara ap\u00f3s fala sobre redu\u00e7\u00e3o do IPI\" \/>\n<meta property=\"og:description\" content=\"A alta das varejistas como Magazine Luiza (MGLU3) reflete a fala do ministro sobre a redu\u00e7\u00e3o de impostos sobre produtos. Veja\" \/>\n<meta property=\"og:url\" content=\"https:\/\/www.suno.com.br\/noticias\/magazine-luiza-mglu3-via-viia3-disparam-reducao-ipi\/\" \/>\n<meta property=\"og:site_name\" content=\"Suno Not\u00edcias\" \/>\n<meta property=\"article:publisher\" content=\"https:\/\/facebook.com\/sunoresearch\" \/>\n<meta property=\"og:image\" content=\"https:\/\/files.sunoresearch.com.br\/n\/uploads\/2021\/03\/3860b20e-magazine-luiza3.jpg\" \/>\n\t<meta property=\"og:image:width\" content=\"1200\" \/>\n\t<meta property=\"og:image:height\" content=\"800\" \/>\n\t<meta property=\"og:image:type\" content=\"image\/jpeg\" \/>\n<meta name=\"author\" content=\"Poliana Santos\" \/>\n<meta name=\"twitter:card\" content=\"summary_large_image\" \/>\n<meta name=\"twitter:creator\" content=\"@sunoresearch\" \/>\n<meta name=\"twitter:site\" content=\"@sunoresearch\" \/>\n<meta name=\"twitter:label1\" content=\"Escrito por\" \/>\n\t<meta name=\"twitter:data1\" content=\"Poliana Santos\" \/>\n\t<meta name=\"twitter:label2\" content=\"Est. tempo de leitura\" \/>\n\t<meta name=\"twitter:data2\" content=\"2 minutos\" \/>\n<script type=\"application\/ld+json\" class=\"yoast-schema-graph\">{\"@context\":\"https:\/\/schema.org\",\"@graph\":[{\"@type\":\"NewsArticle\",\"@id\":\"https:\/\/www.suno.com.br\/noticias\/magazine-luiza-mglu3-via-viia3-disparam-reducao-ipi\/#article\",\"isPartOf\":{\"@id\":\"https:\/\/www.suno.com.br\/noticias\/magazine-luiza-mglu3-via-viia3-disparam-reducao-ipi\/\"},\"author\":{\"name\":\"Poliana Santos\",\"@id\":\"https:\/\/www.suno.com.br\/noticias\/#\/schema\/person\/02ec1f752758247878a2bf4abee1aeda\"},\"headline\":\"Magazine Luiza (MGLU3) e Via (VIIA3) disparam ap\u00f3s Guedes anunciar redu\u00e7\u00e3o do IPI\",\"datePublished\":\"2022-02-22T14:50:05+00:00\",\"mainEntityOfPage\":{\"@id\":\"https:\/\/www.suno.com.br\/noticias\/magazine-luiza-mglu3-via-viia3-disparam-reducao-ipi\/\"},\"wordCount\":426,\"publisher\":{\"@id\":\"https:\/\/www.suno.com.br\/noticias\/#organization\"},\"image\":{\"@id\":\"https:\/\/www.suno.com.br\/noticias\/magazine-luiza-mglu3-via-viia3-disparam-reducao-ipi\/#primaryimage\"},\"thumbnailUrl\":\"https:\/\/files.sunoresearch.com.br\/n\/uploads\/2021\/03\/3860b20e-magazine-luiza3-jpg.webp\",\"keywords\":[\"Magazine Luiza (MGLU3)\",\"Paulo Guedes\",\"Via (VIIA3)\"],\"articleSection\":[\"Neg\u00f3cios\"],\"inLanguage\":\"pt-BR\"},{\"@type\":\"WebPage\",\"@id\":\"https:\/\/www.suno.com.br\/noticias\/magazine-luiza-mglu3-via-viia3-disparam-reducao-ipi\/\",\"url\":\"https:\/\/www.suno.com.br\/noticias\/magazine-luiza-mglu3-via-viia3-disparam-reducao-ipi\/\",\"name\":\"Magazine Luiza (MGLU3) dispara ap\u00f3s fala sobre redu\u00e7\u00e3o do IPI\",\"isPartOf\":{\"@id\":\"https:\/\/www.suno.com.br\/noticias\/#website\"},\"primaryImageOfPage\":{\"@id\":\"https:\/\/www.suno.com.br\/noticias\/magazine-luiza-mglu3-via-viia3-disparam-reducao-ipi\/#primaryimage\"},\"image\":{\"@id\":\"https:\/\/www.suno.com.br\/noticias\/magazine-luiza-mglu3-via-viia3-disparam-reducao-ipi\/#primaryimage\"},\"thumbnailUrl\":\"https:\/\/files.sunoresearch.com.br\/n\/uploads\/2021\/03\/3860b20e-magazine-luiza3-jpg.webp\",\"datePublished\":\"2022-02-22T14:50:05+00:00\",\"description\":\"A alta das varejistas como Magazine Luiza (MGLU3) reflete a fala do ministro sobre a redu\u00e7\u00e3o de impostos sobre produtos. Veja\",\"breadcrumb\":{\"@id\":\"https:\/\/www.suno.com.br\/noticias\/magazine-luiza-mglu3-via-viia3-disparam-reducao-ipi\/#breadcrumb\"},\"inLanguage\":\"pt-BR\",\"potentialAction\":[{\"@type\":\"ReadAction\",\"target\":[\"https:\/\/www.suno.com.br\/noticias\/magazine-luiza-mglu3-via-viia3-disparam-reducao-ipi\/\"]}]},{\"@type\":\"ImageObject\",\"inLanguage\":\"pt-BR\",\"@id\":\"https:\/\/www.suno.com.br\/noticias\/magazine-luiza-mglu3-via-viia3-disparam-reducao-ipi\/#primaryimage\",\"url\":\"https:\/\/files.sunoresearch.com.br\/n\/uploads\/2021\/03\/3860b20e-magazine-luiza3-jpg.webp\",\"contentUrl\":\"https:\/\/files.sunoresearch.com.br\/n\/uploads\/2021\/03\/3860b20e-magazine-luiza3-jpg.webp\",\"width\":1200,\"height\":800,\"caption\":\"Magazine Luiza. Foto: Divulga\u00e7\u00e3o\"},{\"@type\":\"BreadcrumbList\",\"@id\":\"https:\/\/www.suno.com.br\/noticias\/magazine-luiza-mglu3-via-viia3-disparam-reducao-ipi\/#breadcrumb\",\"itemListElement\":[{\"@type\":\"ListItem\",\"position\":1,\"name\":\"Not\u00edcias\",\"item\":\"https:\/\/www.suno.com.br\/noticias\/\"},{\"@type\":\"ListItem\",\"position\":2,\"name\":\"Neg\u00f3cios\",\"item\":\"https:\/\/www.suno.com.br\/noticias\/negocios\/\"},{\"@type\":\"ListItem\",\"position\":3,\"name\":\"Magazine Luiza (MGLU3) e Via (VIIA3) disparam ap\u00f3s Guedes anunciar redu\u00e7\u00e3o do IPI\"}]},{\"@type\":\"WebSite\",\"@id\":\"https:\/\/www.suno.com.br\/noticias\/#website\",\"url\":\"https:\/\/www.suno.com.br\/noticias\/\",\"name\":\"Suno Not\u00edcias\",\"description\":\"Seu portal de informa\u00e7\u00e3o sobre o mundo dos investimentos\",\"publisher\":{\"@id\":\"https:\/\/www.suno.com.br\/noticias\/#organization\"},\"potentialAction\":[{\"@type\":\"SearchAction\",\"target\":{\"@type\":\"EntryPoint\",\"urlTemplate\":\"https:\/\/www.suno.com.br\/noticias\/?s={search_term_string}\"},\"query-input\":{\"@type\":\"PropertyValueSpecification\",\"valueRequired\":true,\"valueName\":\"search_term_string\"}}],\"inLanguage\":\"pt-BR\"},{\"@type\":\"Organization\",\"@id\":\"https:\/\/www.suno.com.br\/noticias\/#organization\",\"name\":\"Suno Not\u00edcias\",\"url\":\"https:\/\/www.suno.com.br\/noticias\/\",\"logo\":{\"@type\":\"ImageObject\",\"inLanguage\":\"pt-BR\",\"@id\":\"https:\/\/www.suno.com.br\/noticias\/#\/schema\/logo\/image\/\",\"url\":\"https:\/\/files.sunoresearch.com.br\/n\/uploads\/2021\/09\/suno-logo.png\",\"contentUrl\":\"https:\/\/files.sunoresearch.com.br\/n\/uploads\/2021\/09\/suno-logo.png\",\"width\":180,\"height\":180,\"caption\":\"Suno Not\u00edcias\"},\"image\":{\"@id\":\"https:\/\/www.suno.com.br\/noticias\/#\/schema\/logo\/image\/\"},\"sameAs\":[\"https:\/\/facebook.com\/sunoresearch\",\"https:\/\/x.com\/sunoresearch\",\"https:\/\/www.instagram.com\/suno\",\"https:\/\/www.linkedin.com\/company\/suno-research\/\",\"https:\/\/www.youtube.com\/c\/sunoresearch\"]},{\"@type\":\"Person\",\"@id\":\"https:\/\/www.suno.com.br\/noticias\/#\/schema\/person\/02ec1f752758247878a2bf4abee1aeda\",\"name\":\"Poliana Santos\",\"image\":{\"@type\":\"ImageObject\",\"inLanguage\":\"pt-BR\",\"@id\":\"https:\/\/www.suno.com.br\/noticias\/#\/schema\/person\/image\/\",\"url\":\"https:\/\/secure.gravatar.com\/avatar\/0645bd32f23d87b2130f2b2dff1d3f8d?s=96&r=g\",\"contentUrl\":\"https:\/\/secure.gravatar.com\/avatar\/0645bd32f23d87b2130f2b2dff1d3f8d?s=96&r=g\",\"caption\":\"Poliana Santos\"},\"description\":\"Rep\u00f3rter no Suno Not\u00edcias, com cobertura em mercado financeiro, economia, finan\u00e7as pessoais, renda fixa e varejo. Jornalista formada pela Faculdade C\u00e1sper L\u00edbero e possui passagem na R\u00e1dio Gazeta AM com a produ\u00e7\u00e3o de conte\u00fado sobre economia, pol\u00edtica, sa\u00fade, moda e m\u00fasica. Possui certificado de conclus\u00e3o do curso de An\u00e1lise de Balan\u00e7os pela Funda\u00e7\u00e3o Bradesco, Agenda Brasil pela FAAP, Educa\u00e7\u00e3o Pol\u00edtica por Alexandre Garcia e do Tesouro Direto e Mercado de A\u00e7\u00f5es pela B3.\",\"url\":\"https:\/\/www.suno.com.br\/noticias\/author\/poliana-santos\/\"}]}<\/script>\n<!-- \/ Yoast SEO plugin. -->","yoast_head_json":{"title":"Magazine Luiza (MGLU3) dispara ap\u00f3s fala sobre redu\u00e7\u00e3o do IPI","description":"A alta das varejistas como Magazine Luiza (MGLU3) reflete a fala do ministro sobre a redu\u00e7\u00e3o de impostos sobre produtos. Veja","robots":{"index":"index","follow":"follow","max-snippet":"max-snippet:-1","max-image-preview":"max-image-preview:large","max-video-preview":"max-video-preview:-1"},"canonical":"https:\/\/www.suno.com.br\/noticias\/magazine-luiza-mglu3-via-viia3-disparam-reducao-ipi\/","og_locale":"pt_BR","og_type":"article","og_title":"Magazine Luiza (MGLU3) dispara ap\u00f3s fala sobre redu\u00e7\u00e3o do IPI","og_description":"A alta das varejistas como Magazine Luiza (MGLU3) reflete a fala do ministro sobre a redu\u00e7\u00e3o de impostos sobre produtos. Veja","og_url":"https:\/\/www.suno.com.br\/noticias\/magazine-luiza-mglu3-via-viia3-disparam-reducao-ipi\/","og_site_name":"Suno Not\u00edcias","article_publisher":"https:\/\/facebook.com\/sunoresearch","og_image":[{"width":1200,"height":800,"url":"https:\/\/files.sunoresearch.com.br\/n\/uploads\/2021\/03\/3860b20e-magazine-luiza3.jpg","type":"image\/jpeg"}],"author":"Poliana Santos","twitter_card":"summary_large_image","twitter_creator":"@sunoresearch","twitter_site":"@sunoresearch","twitter_misc":{"Escrito por":"Poliana Santos","Est. tempo de leitura":"2 minutos"},"schema":{"@context":"https:\/\/schema.org","@graph":[{"@type":"NewsArticle","@id":"https:\/\/www.suno.com.br\/noticias\/magazine-luiza-mglu3-via-viia3-disparam-reducao-ipi\/#article","isPartOf":{"@id":"https:\/\/www.suno.com.br\/noticias\/magazine-luiza-mglu3-via-viia3-disparam-reducao-ipi\/"},"author":{"name":"Poliana Santos","@id":"https:\/\/www.suno.com.br\/noticias\/#\/schema\/person\/02ec1f752758247878a2bf4abee1aeda"},"headline":"Magazine Luiza (MGLU3) e Via (VIIA3) disparam ap\u00f3s Guedes anunciar redu\u00e7\u00e3o do IPI","datePublished":"2022-02-22T14:50:05+00:00","mainEntityOfPage":{"@id":"https:\/\/www.suno.com.br\/noticias\/magazine-luiza-mglu3-via-viia3-disparam-reducao-ipi\/"},"wordCount":426,"publisher":{"@id":"https:\/\/www.suno.com.br\/noticias\/#organization"},"image":{"@id":"https:\/\/www.suno.com.br\/noticias\/magazine-luiza-mglu3-via-viia3-disparam-reducao-ipi\/#primaryimage"},"thumbnailUrl":"https:\/\/files.sunoresearch.com.br\/n\/uploads\/2021\/03\/3860b20e-magazine-luiza3-jpg.webp","keywords":["Magazine Luiza (MGLU3)","Paulo Guedes","Via (VIIA3)"],"articleSection":["Neg\u00f3cios"],"inLanguage":"pt-BR"},{"@type":"WebPage","@id":"https:\/\/www.suno.com.br\/noticias\/magazine-luiza-mglu3-via-viia3-disparam-reducao-ipi\/","url":"https:\/\/www.suno.com.br\/noticias\/magazine-luiza-mglu3-via-viia3-disparam-reducao-ipi\/","name":"Magazine Luiza (MGLU3) dispara ap\u00f3s fala sobre redu\u00e7\u00e3o do IPI","isPartOf":{"@id":"https:\/\/www.suno.com.br\/noticias\/#website"},"primaryImageOfPage":{"@id":"https:\/\/www.suno.com.br\/noticias\/magazine-luiza-mglu3-via-viia3-disparam-reducao-ipi\/#primaryimage"},"image":{"@id":"https:\/\/www.suno.com.br\/noticias\/magazine-luiza-mglu3-via-viia3-disparam-reducao-ipi\/#primaryimage"},"thumbnailUrl":"https:\/\/files.sunoresearch.com.br\/n\/uploads\/2021\/03\/3860b20e-magazine-luiza3-jpg.webp","datePublished":"2022-02-22T14:50:05+00:00","description":"A alta das varejistas como Magazine Luiza (MGLU3) reflete a fala do ministro sobre a redu\u00e7\u00e3o de impostos sobre produtos. Veja","breadcrumb":{"@id":"https:\/\/www.suno.com.br\/noticias\/magazine-luiza-mglu3-via-viia3-disparam-reducao-ipi\/#breadcrumb"},"inLanguage":"pt-BR","potentialAction":[{"@type":"ReadAction","target":["https:\/\/www.suno.com.br\/noticias\/magazine-luiza-mglu3-via-viia3-disparam-reducao-ipi\/"]}]},{"@type":"ImageObject","inLanguage":"pt-BR","@id":"https:\/\/www.suno.com.br\/noticias\/magazine-luiza-mglu3-via-viia3-disparam-reducao-ipi\/#primaryimage","url":"https:\/\/files.sunoresearch.com.br\/n\/uploads\/2021\/03\/3860b20e-magazine-luiza3-jpg.webp","contentUrl":"https:\/\/files.sunoresearch.com.br\/n\/uploads\/2021\/03\/3860b20e-magazine-luiza3-jpg.webp","width":1200,"height":800,"caption":"Magazine Luiza. Foto: Divulga\u00e7\u00e3o"},{"@type":"BreadcrumbList","@id":"https:\/\/www.suno.com.br\/noticias\/magazine-luiza-mglu3-via-viia3-disparam-reducao-ipi\/#breadcrumb","itemListElement":[{"@type":"ListItem","position":1,"name":"Not\u00edcias","item":"https:\/\/www.suno.com.br\/noticias\/"},{"@type":"ListItem","position":2,"name":"Neg\u00f3cios","item":"https:\/\/www.suno.com.br\/noticias\/negocios\/"},{"@type":"ListItem","position":3,"name":"Magazine Luiza (MGLU3) e Via (VIIA3) disparam ap\u00f3s Guedes anunciar redu\u00e7\u00e3o do IPI"}]},{"@type":"WebSite","@id":"https:\/\/www.suno.com.br\/noticias\/#website","url":"https:\/\/www.suno.com.br\/noticias\/","name":"Suno Not\u00edcias","description":"Seu portal de informa\u00e7\u00e3o sobre o mundo dos investimentos","publisher":{"@id":"https:\/\/www.suno.com.br\/noticias\/#organization"},"potentialAction":[{"@type":"SearchAction","target":{"@type":"EntryPoint","urlTemplate":"https:\/\/www.suno.com.br\/noticias\/?s={search_term_string}"},"query-input":{"@type":"PropertyValueSpecification","valueRequired":true,"valueName":"search_term_string"}}],"inLanguage":"pt-BR"},{"@type":"Organization","@id":"https:\/\/www.suno.com.br\/noticias\/#organization","name":"Suno Not\u00edcias","url":"https:\/\/www.suno.com.br\/noticias\/","logo":{"@type":"ImageObject","inLanguage":"pt-BR","@id":"https:\/\/www.suno.com.br\/noticias\/#\/schema\/logo\/image\/","url":"https:\/\/files.sunoresearch.com.br\/n\/uploads\/2021\/09\/suno-logo.png","contentUrl":"https:\/\/files.sunoresearch.com.br\/n\/uploads\/2021\/09\/suno-logo.png","width":180,"height":180,"caption":"Suno Not\u00edcias"},"image":{"@id":"https:\/\/www.suno.com.br\/noticias\/#\/schema\/logo\/image\/"},"sameAs":["https:\/\/facebook.com\/sunoresearch","https:\/\/x.com\/sunoresearch","https:\/\/www.instagram.com\/suno","https:\/\/www.linkedin.com\/company\/suno-research\/","https:\/\/www.youtube.com\/c\/sunoresearch"]},{"@type":"Person","@id":"https:\/\/www.suno.com.br\/noticias\/#\/schema\/person\/02ec1f752758247878a2bf4abee1aeda","name":"Poliana Santos","image":{"@type":"ImageObject","inLanguage":"pt-BR","@id":"https:\/\/www.suno.com.br\/noticias\/#\/schema\/person\/image\/","url":"https:\/\/secure.gravatar.com\/avatar\/0645bd32f23d87b2130f2b2dff1d3f8d?s=96&r=g","contentUrl":"https:\/\/secure.gravatar.com\/avatar\/0645bd32f23d87b2130f2b2dff1d3f8d?s=96&r=g","caption":"Poliana Santos"},"description":"Rep\u00f3rter no Suno Not\u00edcias, com cobertura em mercado financeiro, economia, finan\u00e7as pessoais, renda fixa e varejo. Jornalista formada pela Faculdade C\u00e1sper L\u00edbero e possui passagem na R\u00e1dio Gazeta AM com a produ\u00e7\u00e3o de conte\u00fado sobre economia, pol\u00edtica, sa\u00fade, moda e m\u00fasica. Possui certificado de conclus\u00e3o do curso de An\u00e1lise de Balan\u00e7os pela Funda\u00e7\u00e3o Bradesco, Agenda Brasil pela FAAP, Educa\u00e7\u00e3o Pol\u00edtica por Alexandre Garcia e do Tesouro Direto e Mercado de A\u00e7\u00f5es pela B3.","url":"https:\/\/www.suno.com.br\/noticias\/author\/poliana-santos\/"}]}},"default_loop_html":"<div class=\"cardsPage__listCard__boxs\"><div class=\"cardsPage__listCard__boxs__img\"><a href=\"https:\/\/www.suno.com.br\/noticias\/magazine-luiza-mglu3-via-viia3-disparam-reducao-ipi\/\"><img class=\"mask\" src=\"https:\/\/www.suno.com.br\/noticias\/wp-content\/themes\/suno\/resources\/images\/spotlight\/spotlight1img\/bg-mask.png\" alt=\"Image Mask\"\/><img src=\"https:\/\/files.sunoresearch.com.br\/n\/uploads\/2021\/03\/3860b20e-magazine-luiza3-400x200.webp\" alt=\"Magazine Luiza (MGLU3) e Via (VIIA3) disparam ap\u00f3s Guedes anunciar redu\u00e7\u00e3o do IPI\"\/><\/a><span class=\"spotlightCategory\"><a href=\"https:\/\/www.suno.com.br\/noticias\/negocios\/\">Neg\u00f3cios<\/a><\/span><\/div><div class=\"cardsPage__listCard__boxs__content\"><a href=\"https:\/\/www.suno.com.br\/noticias\/magazine-luiza-mglu3-via-viia3-disparam-reducao-ipi\/\"><h2 class=\"content__title\">Magazine Luiza (MGLU3) e Via (VIIA3) disparam ap\u00f3s Guedes anunciar redu\u00e7\u00e3o do IPI<\/h2><\/a><div class=\"newsContent__article__meta\"><div class=\"newsContent__article__meta__authorBox\"><a href=\"https:\/\/www.suno.com.br\/noticias\/author\/poliana-santos\/\" class=\"authorBox__avatar noMobi\"><img src=\"https:\/\/files.sunoresearch.com.br\/n\/uploads\/2020\/08\/7ef34026-whatsapp-image-2020-08-03-at-12.37.57-150x150.webp\" alt=\"Poliana Santos\"><\/a><div class=\"authorBox__name\"><span>por\n\t\t\t<a href=\"https:\/\/www.suno.com.br\/noticias\/author\/poliana-santos\/\"><span itemprop=\"author\">Poliana Santos<\/span><\/a><\/span><time datetime=\"2022-02-22T11:50:05-03:00\" itemprop=\"datePublished\">22\/02\/2022 11:50<\/time><\/div><\/div><\/div><\/div><\/div>","single_layout":"posts","amp_enabled":true,"_links":{"self":[{"href":"https:\/\/www.suno.com.br\/noticias\/wp-json\/wp\/v2\/posts\/233915"}],"collection":[{"href":"https:\/\/www.suno.com.br\/noticias\/wp-json\/wp\/v2\/posts"}],"about":[{"href":"https:\/\/www.suno.com.br\/noticias\/wp-json\/wp\/v2\/types\/post"}],"author":[{"embeddable":true,"href":"https:\/\/www.suno.com.br\/noticias\/wp-json\/wp\/v2\/users\/15"}],"replies":[{"embeddable":true,"href":"https:\/\/www.suno.com.br\/noticias\/wp-json\/wp\/v2\/comments?post=233915"}],"version-history":[{"count":3,"href":"https:\/\/www.suno.com.br\/noticias\/wp-json\/wp\/v2\/posts\/233915\/revisions"}],"predecessor-version":[{"id":233953,"href":"https:\/\/www.suno.com.br\/noticias\/wp-json\/wp\/v2\/posts\/233915\/revisions\/233953"}],"wp:featuredmedia":[{"embeddable":true,"href":"https:\/\/www.suno.com.br\/noticias\/wp-json\/wp\/v2\/media\/130389"}],"wp:attachment":[{"href":"https:\/\/www.suno.com.br\/noticias\/wp-json\/wp\/v2\/media?parent=233915"}],"wp:term":[{"taxonomy":"category","embeddable":true,"href":"https:\/\/www.suno.com.br\/noticias\/wp-json\/wp\/v2\/categories?post=233915"},{"taxonomy":"post_tag","embeddable":true,"href":"https:\/\/www.suno.com.br\/noticias\/wp-json\/wp\/v2\/tags?post=233915"},{"taxonomy":"suno_strategy","embeddable":true,"href":"https:\/\/www.suno.com.br\/noticias\/wp-json\/wp\/v2\/suno_strategy?post=233915"}],"curies":[{"name":"wp","href":"https:\/\/api.w.org\/{rel}","templated":true}]}}