{"id":233628,"date":"2022-02-21T17:57:04","date_gmt":"2022-02-21T20:57:04","guid":{"rendered":"https:\/\/www.suno.com.br\/noticias\/?p=233628"},"modified":"2022-02-21T20:34:17","modified_gmt":"2022-02-21T23:34:17","slug":"putin-reconhece-separatistas-ucrania-impulsiona-petroleo","status":"publish","type":"post","link":"https:\/\/www.suno.com.br\/noticias\/putin-reconhece-separatistas-ucrania-impulsiona-petroleo\/","title":{"rendered":"Putin reconhece independ\u00eancia de regi\u00f5es separatistas e envia tropas para a Ucr\u00e2nia"},"content":{"rendered":"<p>O presidente da R\u00fassia, Vladimir <strong>Putin<\/strong>, reconheceu a independ\u00eancia de <strong>Donetsk<\/strong> e <strong>Luhansk<\/strong>, regi\u00f5es no leste da Ucr\u00e2nia controladas por separatistas russos. Com a medida, Donetsk e Luhansk n\u00e3o ser\u00e3o mais reconhecidas como territ\u00f3rio ucraniano, o que abre espa\u00e7o para a livre movimenta\u00e7\u00e3o de tropas russas em dire\u00e7\u00e3o \u00e0 capital ucraniana, Kiev. Os EUA e pa\u00edses da Uni\u00e3o Europeia condenaram a medida e responderam que preparam san\u00e7\u00f5es imediatas contra a R\u00fassia.<\/p>\t<div class=\"wrapper-featured-image\">\n\t\t<figure class=\"spotlightImg\">\n\n\t\t\t<picture>\n\t\t\t\t<source media=\"(max-width: 768px)\" srcset=\"https:\/\/files.sunoresearch.com.br\/n\/uploads\/2020\/08\/f27c1239-naom_5e984e2f23204-400x200.webp\">\n\t\t\t\t<img loading=\"lazy\" decoding=\"async\" class=\"newsContent__article__imgCapa lazyloadDisabled \" src=\"https:\/\/files.sunoresearch.com.br\/n\/uploads\/2020\/08\/f27c1239-naom_5e984e2f23204-800x450.webp\" width=\"800\" height=\"450\" alt=\"Putin reconhece independ\u00eancia de regi\u00f5es separatistas e envia tropas para a Ucr\u00e2nia\" fetchpriority=high \/>\n\t\t\t<\/picture>\n\n\t\t\t<figcaption class=\"wp-caption-text wp-caption-text--show\">Putin \u00e9 atacado em limusine,  diz jornal brit\u00e2nico. Foto: Reprodu\u00e7\u00e3o<\/figcaption>\n\t\t<\/figure>\n\t<\/div>\n\n\n\t<p>\n\t\t<a href=\"https:\/\/lp.suno.com.br\/planilha-controle-gastos\/\" target=\"_blank\" data-element=\"shortcode-suno-banner\" title=\"Banner SUNO, clique e saiba mais\">\n\t\t\t<picture>\n\t\t\t\t<source media=\"(max-width: 500px)\" srcset=\"https:\/\/files.sunoresearch.com.br\/n\/uploads\/2023\/03\/400x300-Planilha-controle-de-gastos.png\">\n\t\t\t\t<img class=\"newsContent__article__imgCapa newsContent__article__imgCapa--banner\"\n\t\t\t\t\tsrc=\"https:\/\/files.sunoresearch.com.br\/n\/uploads\/2023\/03\/1420x240-Planilha-controle-de-gastos.png\"\n\t\t\t\t\tdata-promo-id=\"101751\"\t\t\t\t\t\t\t\t\t\twidth='1420' height='240'\t\t\t\t\talt=\"https:\/\/files.sunoresearch.com.br\/n\/uploads\/2023\/03\/1420x240-Planilha-controle-de-gastos.png\"\n\t\t\t\t>\n\t\t\t<\/picture>\n\t\t<\/a>\n\t<\/p>\n\n\n<p>Moscou autorizou no fim do dia o envio de tropas para o leste da Ucr\u00e2nia. Putin ordenou entrada de tropas russas. O decreto sobre a a\u00e7\u00e3o militar alega &#8220;miss\u00f5es de paz&#8221;. O governo russo disse que tem o direito de realizar a entrada\u00a0 &#8212; que ele n\u00e3o chamou de &#8220;invas\u00e3o&#8221;&#8211; depois de declarar a independ\u00eancia dessas regi\u00f5es.<\/p>\n<p>Com a decis\u00e3o de Putin, o petr\u00f3leo passou a segunda-feira (21) em alta intensa.<\/p>\n<p>Na\u00a0<a class=\"suno-keyword\" href=\"https:\/\/www.suno.com.br\/artigos\/nymex\/\" target=\"_blank\" rel=\"noopener\" data-force=\"no\" data-priority=\"1\">New York Mercantile Exchange (Nymex)<\/a>, o barril do<strong>\u00a0<a class=\"suno-keyword\" href=\"https:\/\/www.suno.com.br\/artigos\/wti\/\" target=\"_blank\" rel=\"noopener\" data-force=\"no\" data-priority=\"1\">petr\u00f3leo WTI<\/a><\/strong> com entrega prevista para abril fechou em alta de 3,16%, para US$ 93,95.<\/p>\n<p>J\u00e1 a\u00a0<a class=\"suno-keyword\" href=\"https:\/\/www.suno.com.br\/artigos\/cotacao-do-petroleo\/\" target=\"_blank\" rel=\"noopener\" data-force=\"no\" data-priority=\"1\">cota\u00e7\u00e3o do<strong>\u00a0petr\u00f3leo<\/strong><\/a><strong>\u00a0Brent<\/strong> para abril subia 3,66%, para US$ 96,96, nos contratos futuros.<\/p>\n\t<div data-element=\"shortcode-read-more\" class=\"knowMore\">\n\t\t\t\t<span class=\"knowMore__title\">Leia mais<\/span>\n\t\t\t\t<a class=\"knowMore__link\" href=\"https:\/\/www.suno.com.br\/noticias\/petroleo-alta-tensao-russia-ucrania\/\">\n\t\t\tCom aumento da tens\u00e3o entre R\u00fassia e Ucr\u00e2nia, petr\u00f3leo sobe forte\t\t<\/a>\n\t<\/div>\n\n\n<p>Mais cedo, as bolsas europeias j\u00e1 haviam fechado em queda. O Ibovespa encerrou o preg\u00e3o em baixa de 1,02%, aos 111.725,30 pontos. Feriado nos EUA, hoje as bolsas americanas n\u00e3o tiveram preg\u00e3o.<\/p>\n<p>O d\u00f3lar fechou em baixa de 0,64%, a R$ 5,1070, depois de oscilar entre R$ 5,0754 e R$ 5,1550. O fluxo de capital externo tem segurado a cota\u00e7\u00e3o.<\/p>\n<p>Com a escalada da tens\u00e3o no leste europeu, o <strong>presidente da Fran\u00e7a<\/strong>, Emmanuel Macron, pediu reuni\u00e3o de emerg\u00eancia do Conselho de Seguran\u00e7a da ONU para discutir a Ucr\u00e2nia.<\/p>\n<p>Durante a fala de hoje sobre as regi\u00f5es separatistas, <strong>Putin acusou a Ucr\u00e2nia<\/strong> de bombardear \u00e1reas civis e matar moradores das \u00e1reas separatistas. \u201cA R\u00fassia fez tudo o que podia para manter a integridade territorial da Ucr\u00e2nia. Mas foi tudo em v\u00e3o\u201d, declarou. \u201cOs governantes de Kiev t\u00eam de parar com estas hostilidades e derramamento de sangue em Donbass. Caso contr\u00e1rio, qualquer consequ\u00eancia ter\u00e1 de pesar nas suas consci\u00eancias.\u201d<\/p>\n<p>Em discurso, Putin afirmou que o governo ucraniano n\u00e3o cumpriu promessas de cessar-fogo. \u201cPreciso tomar uma decis\u00e3o que j\u00e1 deveria ter tomado: reconhecer a independ\u00eancia\u201d, disse Putin em rede nacional, segundo informa a ag\u00eancia p\u00fablica de not\u00edcias de Portugal RTP.<\/p>\n<h2>Rea\u00e7\u00e3o da Casa Branca<\/h2>\n<p>A <strong>rea\u00e7\u00e3o da Casa Branca<\/strong> foi imediata: &#8220;Estamos prontos para responder \u00e0 R\u00fassia imediatamente&#8221;. O comunicado do governo dos EUA acrescenta que Biden assinar\u00e1 decreto que pro\u00edbe investimentos e com\u00e9rcio com regi\u00e3o separatista da Ucr\u00e2nia.<\/p>\n<p>&#8220;Vamos anunciar medidas adicionais e severa relativas \u00e0 viola\u00e7\u00e3o da R\u00fassia em breve&#8221;, disse ainda a Casa Branca, em nota.<\/p>\n<p>Antony Blinken, secret\u00e1rio de estado dos Estados Unidos, reiterou que a resposta americana ser\u00e1 em conjunto com pa\u00edses aliadas e vai consistir em a\u00e7\u00f5es r\u00e1pidas e duras.<\/p>\n<p>A Secret\u00e1ria de Estado dos Neg\u00f3cios Estrangeiros do Reino Unido anunciar\u00e1 amanh\u00e3 san\u00e7\u00f5es contra a R\u00fassia<\/p>\n<p>Putin disse mais cedo que a R\u00fassia tem tentado resolver a situa\u00e7\u00e3o de uma maneira pac\u00edfica, mas ficou \u201cclaro que o Protocolo de Minsk n\u00e3o ser\u00e1 aplicado\u201d. O protocolo se refere ao acordo de cessar-fogo ap\u00f3s a <strong>anexa\u00e7\u00e3o da<\/strong> <strong>Crimeia<\/strong> pela R\u00fassia em 2014.<\/p>\n\t<p>\n\t\t<a href=\"\" target=\"_blank\" data-element=\"shortcode-suno-banner\" title=\"Banner SUNO, clique e saiba mais\">\n\t\t\t<picture>\n\t\t\t\t<source media=\"(max-width: 500px)\" srcset=\"\">\n\t\t\t\t<img class=\"newsContent__article__imgCapa newsContent__article__imgCapa--banner\"\n\t\t\t\t\tsrc=\"\"\n\t\t\t\t\tdata-promo-id=\"77030\"\t\t\t\t\t\t\t\t\t\t\t\t\t\t\talt=\"\"\n\t\t\t\t>\n\t\t\t<\/picture>\n\t\t<\/a>\n\t<\/p>\n\n\n<p>Com a decis\u00e3o, os combatentes nas regi\u00f5es podem requisitar assist\u00eancia militar russa contra o ex\u00e9rcito ucraniano. Ou seja, h\u00e1 possibilidade de uma opera\u00e7\u00e3o em territ\u00f3rio ucraniano. Putin j\u00e1 estava a caminho de reconhecer a independ\u00eancia das regi\u00f5es, uma vez que na semana passada, o Parlamento russo aprovou um pedido para que o presidente reconhecesse as rep\u00fablicas autodeclaradas no leste da Ucr\u00e2nia.<\/p>\n<p>Tanto o primeiro-ministro brit\u00e2nico Boris Johnson quanto o chanceler alem\u00e3o Olaf Scholz j\u00e1 haviam advertido Putin sobre um poss\u00edvel movimento de anexa\u00e7\u00e3o ou libera\u00e7\u00e3o dos territ\u00f3rios da parte leste da Ucr\u00e2nia. A Uni\u00e3o Europeia prepara san\u00e7\u00f5es econ\u00f4micas, que dever\u00e3o ser anunciadas em breve contra a R\u00fassia.<\/p>\n<p>Mais cedo, os Estados Unidos haviam proposto uma nova rodada de negocia\u00e7\u00f5es de paz com a R\u00fassia em um encontro de presidentes. A condi\u00e7\u00e3o imposta pelo presidente Joe Biden, no entanto, n\u00e3o foi cumprida pela R\u00fassia. Entre os termos do acordo, a n\u00e3o invas\u00e3o de territ\u00f3rio ucraniano.<\/p>\n<h2>Reflexo da decis\u00e3o de Putin na Europa<\/h2>\n<p>Com as informa\u00e7\u00f5es em m\u00e3os, o presidente da Fran\u00e7a, <strong>Emmanuel Macron<\/strong>, tentou ontem negociar um encontro entre Putin e o presidente dos Estados Unidos, Joe Biden, para diminuir as tens\u00f5es. Macron convocou uma reuni\u00e3o de emerg\u00eancia em seu gabinete hoje mais cedo.<\/p>\n<p>O gabinete do chanceler Alem\u00e3o, <strong>Olaf Scholz<\/strong>, afirmou que era contra a decis\u00e3o de Putin, de forma que o reconhecimento implicaria em uma \u201cruptura unilateral\u201d do Tratado de Minsk.<\/p>\n<p>J\u00e1 o chefe da diplomacia da <strong><a class=\"suno-keyword\" href=\"https:\/\/www.suno.com.br\/artigos\/uniao-europeia\/\" target=\"_blank\" rel=\"noopener\" data-force=\"no\" data-priority=\"2\">Uni\u00e3o Europeia<\/a><\/strong>, Josep Borrell, ressaltou que o bloco est\u00e1 &#8220;preparado para reagir fortemente se Putin reconhecer a independ\u00eancia das regi\u00f5es&#8221;.<\/p>\n\t<p>\n\t\t<a href=\"\" target=\"_blank\" data-element=\"shortcode-suno-banner\" title=\"Banner SUNO, clique e saiba mais\">\n\t\t\t<picture>\n\t\t\t\t<source media=\"(max-width: 500px)\" srcset=\"\">\n\t\t\t\t<img class=\"newsContent__article__imgCapa newsContent__article__imgCapa--banner\"\n\t\t\t\t\tsrc=\"\"\n\t\t\t\t\tdata-promo-id=\"92668\"\t\t\t\t\t\t\t\t\t\t\t\t\t\t\talt=\"\"\n\t\t\t\t>\n\t\t\t<\/picture>\n\t\t<\/a>\n\t<\/p>\n\n\n<p>Nos Estados Unidos, o conselheiro de <strong>seguran\u00e7a nacional dos EUA<\/strong>, Jake Sullivan, disse que o governo sempre esteve pronto para conversar para evitar uma guerra. Por outro lado, destacou que tamb\u00e9m estava preparado para responder a qualquer ataque.<\/p>\n<p>\u201cEnt\u00e3o, quando o presidente Macron perguntou ao presidente Biden no domingo se ele estava preparado em princ\u00edpio para se encontrar com o presidente Putin, se a R\u00fassia n\u00e3o invadisse, \u00e9 claro que o presidente Biden disse que sim\u201d, disse ele ao programa \u201cToday\u201d da NBC na segunda-feira. \u201cMas todas as indica\u00e7\u00f5es que vemos no terreno agora em termos da disposi\u00e7\u00e3o das for\u00e7as russas \u00e9 que elas est\u00e3o, de fato, se preparando para um grande ataque \u00e0 Ucr\u00e2nia.\u201d<\/p>\n<p>A respeito do encontro entre os dois presidentes, o representante do Kremlin, Dmitri Peskov, comunicou a rep\u00f3rteres que \u00e9 considerada uma reuni\u00e3o &#8220;vi\u00e1vel&#8221;, mas que \u00e9 &#8220;prematuro falar sobre planos espec\u00edficos para uma c\u00fapula\u201d.<\/p>\n<h2>Cota\u00e7\u00f5es<\/h2>\n<p>As Bolsas da Europa fecharam todas em queda nesta segunda-feira (21), antes da assinatura definitiva de <strong>Putin\u00a0<\/strong>sobre as regi\u00f5es. Stoxx 600 caiu 1,30%, DAX (Alemanha) fechou em queda de 2,07%, <a class=\"suno-keyword\" href=\"https:\/\/www.suno.com.br\/artigos\/cac-40\/\" target=\"_blank\" rel=\"noopener\" data-force=\"no\" data-priority=\"1\">CAC 40<\/a> (Fran\u00e7a) encerrou com -2,04%. J\u00e1 em Londres, as perdas foram mais contidas, e o <a class=\"suno-keyword\" href=\"https:\/\/www.suno.com.br\/artigos\/ftse-100\/\" target=\"_blank\" rel=\"noopener\" data-force=\"no\" data-priority=\"1\">FTSE 100<\/a> fechou em queda de 0,39%, a 7.484,33 pontos. J\u00e1 o Moex em Moscou tombou 10,50%.<\/p>\n\t<p>\n\t\t<a href=\"https:\/\/lp.suno.com.br\/planilha-de-controle-de-investimentos\/\" target=\"_blank\" data-element=\"shortcode-suno-banner\" title=\"Banner SUNO, clique e saiba mais\">\n\t\t\t<picture>\n\t\t\t\t<source media=\"(max-width: 500px)\" srcset=\"https:\/\/files.sunoresearch.com.br\/n\/uploads\/2023\/03\/400x300-Controle-de-Investimentos.png\">\n\t\t\t\t<img class=\"newsContent__article__imgCapa newsContent__article__imgCapa--banner\"\n\t\t\t\t\tsrc=\"https:\/\/files.sunoresearch.com.br\/n\/uploads\/2023\/03\/1420x240-Controle-de-Investimentos.png\"\n\t\t\t\t\tdata-promo-id=\"75934\"\t\t\t\t\t\t\t\t\t\twidth='1420' height='240'\t\t\t\t\talt=\"https:\/\/files.sunoresearch.com.br\/n\/uploads\/2023\/03\/1420x240-Controle-de-Investimentos.png\"\n\t\t\t\t>\n\t\t\t<\/picture>\n\t\t<\/a>\n\t<\/p>\n\n\n<p><em>Com Ag\u00eancia Brasil\u00a0<\/em><\/p>\n","protected":false},"excerpt":{"rendered":"<p>O presidente da R\u00fassia, Vladimir Putin, reconheceu a independ\u00eancia de Donetsk e Luhansk, regi\u00f5es no leste da Ucr\u00e2nia controladas por separatistas russos. Com a medida, Donetsk e Luhansk n\u00e3o ser\u00e3o mais reconhecidas como territ\u00f3rio ucraniano, o que abre espa\u00e7o para a livre movimenta\u00e7\u00e3o de tropas russas em dire\u00e7\u00e3o \u00e0 capital ucraniana, Kiev. Os EUA e [&hellip;]<\/p>\n","protected":false},"author":146,"featured_media":77522,"comment_status":"closed","ping_status":"closed","sticky":false,"template":"","format":"standard","meta":[],"categories":[63],"tags":[766,104982,104983,866],"suno_strategy":[],"class_list":["post-233628","post","type-post","status-publish","format-standard","has-post-thumbnail","hentry","category-internacional","tag-petroleo","tag-petroleo-brent","tag-petroleo-wti","tag-russia"],"yoast_head":"<!-- This site is optimized with the Yoast SEO plugin v24.4 - https:\/\/yoast.com\/wordpress\/plugins\/seo\/ -->\n<title>Putin reconhece independ\u00eancia de separatistas na Ucr\u00e2nia; petr\u00f3leo sobe<\/title>\n<meta name=\"description\" content=\"Nesta segunda (21), o presidente da R\u00fassia Vladmir Putin reconheceu as regi\u00f5es separatistas da Ucr\u00e2nia, impactando o valor do petr\u00f3leo.\" \/>\n<meta name=\"robots\" content=\"index, follow, max-snippet:-1, max-image-preview:large, max-video-preview:-1\" \/>\n<link rel=\"canonical\" href=\"https:\/\/www.suno.com.br\/noticias\/putin-reconhece-separatistas-ucrania-impulsiona-petroleo\/\" \/>\n<meta property=\"og:locale\" content=\"pt_BR\" \/>\n<meta property=\"og:type\" content=\"article\" \/>\n<meta property=\"og:title\" content=\"Putin reconhece independ\u00eancia de separatistas na Ucr\u00e2nia; petr\u00f3leo sobe\" \/>\n<meta property=\"og:description\" content=\"Nesta segunda (21), o presidente da R\u00fassia Vladmir Putin reconheceu as regi\u00f5es separatistas da Ucr\u00e2nia, impactando o valor do petr\u00f3leo.\" \/>\n<meta property=\"og:url\" content=\"https:\/\/www.suno.com.br\/noticias\/putin-reconhece-separatistas-ucrania-impulsiona-petroleo\/\" \/>\n<meta property=\"og:site_name\" content=\"Suno Not\u00edcias\" \/>\n<meta property=\"article:publisher\" content=\"https:\/\/facebook.com\/sunoresearch\" \/>\n<meta property=\"og:image\" content=\"https:\/\/files.sunoresearch.com.br\/n\/uploads\/2020\/08\/f27c1239-naom_5e984e2f23204.jpg\" \/>\n\t<meta property=\"og:image:width\" content=\"1920\" \/>\n\t<meta property=\"og:image:height\" content=\"1080\" \/>\n\t<meta property=\"og:image:type\" content=\"image\/jpeg\" \/>\n<meta name=\"author\" content=\"Vict\u00f3ria Anhesini\" \/>\n<meta name=\"twitter:card\" content=\"summary_large_image\" \/>\n<meta name=\"twitter:creator\" content=\"@sunoresearch\" \/>\n<meta name=\"twitter:site\" content=\"@sunoresearch\" \/>\n<meta name=\"twitter:label1\" content=\"Escrito por\" \/>\n\t<meta name=\"twitter:data1\" content=\"Vict\u00f3ria Anhesini\" \/>\n\t<meta name=\"twitter:label2\" content=\"Est. tempo de leitura\" \/>\n\t<meta name=\"twitter:data2\" content=\"5 minutos\" \/>\n<script type=\"application\/ld+json\" class=\"yoast-schema-graph\">{\"@context\":\"https:\/\/schema.org\",\"@graph\":[{\"@type\":\"NewsArticle\",\"@id\":\"https:\/\/www.suno.com.br\/noticias\/putin-reconhece-separatistas-ucrania-impulsiona-petroleo\/#article\",\"isPartOf\":{\"@id\":\"https:\/\/www.suno.com.br\/noticias\/putin-reconhece-separatistas-ucrania-impulsiona-petroleo\/\"},\"author\":{\"name\":\"Vict\u00f3ria Anhesini\",\"@id\":\"https:\/\/www.suno.com.br\/noticias\/#\/schema\/person\/46d847cb19ad53fde0857adca989c23f\"},\"headline\":\"Putin reconhece independ\u00eancia de regi\u00f5es separatistas e envia tropas para a Ucr\u00e2nia\",\"datePublished\":\"2022-02-21T20:57:04+00:00\",\"dateModified\":\"2022-02-21T23:34:17+00:00\",\"mainEntityOfPage\":{\"@id\":\"https:\/\/www.suno.com.br\/noticias\/putin-reconhece-separatistas-ucrania-impulsiona-petroleo\/\"},\"wordCount\":1144,\"publisher\":{\"@id\":\"https:\/\/www.suno.com.br\/noticias\/#organization\"},\"image\":{\"@id\":\"https:\/\/www.suno.com.br\/noticias\/putin-reconhece-separatistas-ucrania-impulsiona-petroleo\/#primaryimage\"},\"thumbnailUrl\":\"https:\/\/files.sunoresearch.com.br\/n\/uploads\/2020\/08\/f27c1239-naom_5e984e2f23204.jpg\",\"keywords\":[\"Petr\u00f3leo\",\"Petr\u00f3leo Brent\",\"Petr\u00f3leo WTI\",\"R\u00fassia\"],\"articleSection\":[\"Internacional\"],\"inLanguage\":\"pt-BR\"},{\"@type\":\"WebPage\",\"@id\":\"https:\/\/www.suno.com.br\/noticias\/putin-reconhece-separatistas-ucrania-impulsiona-petroleo\/\",\"url\":\"https:\/\/www.suno.com.br\/noticias\/putin-reconhece-separatistas-ucrania-impulsiona-petroleo\/\",\"name\":\"Putin reconhece independ\u00eancia de separatistas na Ucr\u00e2nia; petr\u00f3leo sobe\",\"isPartOf\":{\"@id\":\"https:\/\/www.suno.com.br\/noticias\/#website\"},\"primaryImageOfPage\":{\"@id\":\"https:\/\/www.suno.com.br\/noticias\/putin-reconhece-separatistas-ucrania-impulsiona-petroleo\/#primaryimage\"},\"image\":{\"@id\":\"https:\/\/www.suno.com.br\/noticias\/putin-reconhece-separatistas-ucrania-impulsiona-petroleo\/#primaryimage\"},\"thumbnailUrl\":\"https:\/\/files.sunoresearch.com.br\/n\/uploads\/2020\/08\/f27c1239-naom_5e984e2f23204.jpg\",\"datePublished\":\"2022-02-21T20:57:04+00:00\",\"dateModified\":\"2022-02-21T23:34:17+00:00\",\"description\":\"Nesta segunda (21), o presidente da R\u00fassia Vladmir Putin reconheceu as regi\u00f5es separatistas da Ucr\u00e2nia, impactando o valor do petr\u00f3leo.\",\"breadcrumb\":{\"@id\":\"https:\/\/www.suno.com.br\/noticias\/putin-reconhece-separatistas-ucrania-impulsiona-petroleo\/#breadcrumb\"},\"inLanguage\":\"pt-BR\",\"potentialAction\":[{\"@type\":\"ReadAction\",\"target\":[\"https:\/\/www.suno.com.br\/noticias\/putin-reconhece-separatistas-ucrania-impulsiona-petroleo\/\"]}]},{\"@type\":\"ImageObject\",\"inLanguage\":\"pt-BR\",\"@id\":\"https:\/\/www.suno.com.br\/noticias\/putin-reconhece-separatistas-ucrania-impulsiona-petroleo\/#primaryimage\",\"url\":\"https:\/\/files.sunoresearch.com.br\/n\/uploads\/2020\/08\/f27c1239-naom_5e984e2f23204.jpg\",\"contentUrl\":\"https:\/\/files.sunoresearch.com.br\/n\/uploads\/2020\/08\/f27c1239-naom_5e984e2f23204.jpg\",\"width\":1920,\"height\":1080,\"caption\":\"Putin \u00e9 atacado em limusine, diz jornal brit\u00e2nico. Foto: Reprodu\u00e7\u00e3o\"},{\"@type\":\"BreadcrumbList\",\"@id\":\"https:\/\/www.suno.com.br\/noticias\/putin-reconhece-separatistas-ucrania-impulsiona-petroleo\/#breadcrumb\",\"itemListElement\":[{\"@type\":\"ListItem\",\"position\":1,\"name\":\"Not\u00edcias\",\"item\":\"https:\/\/www.suno.com.br\/noticias\/\"},{\"@type\":\"ListItem\",\"position\":2,\"name\":\"Internacional\",\"item\":\"https:\/\/www.suno.com.br\/noticias\/internacional\/\"},{\"@type\":\"ListItem\",\"position\":3,\"name\":\"Putin reconhece independ\u00eancia de regi\u00f5es separatistas e envia tropas para a Ucr\u00e2nia\"}]},{\"@type\":\"WebSite\",\"@id\":\"https:\/\/www.suno.com.br\/noticias\/#website\",\"url\":\"https:\/\/www.suno.com.br\/noticias\/\",\"name\":\"Suno Not\u00edcias\",\"description\":\"Seu portal de informa\u00e7\u00e3o sobre o mundo dos investimentos\",\"publisher\":{\"@id\":\"https:\/\/www.suno.com.br\/noticias\/#organization\"},\"potentialAction\":[{\"@type\":\"SearchAction\",\"target\":{\"@type\":\"EntryPoint\",\"urlTemplate\":\"https:\/\/www.suno.com.br\/noticias\/?s={search_term_string}\"},\"query-input\":{\"@type\":\"PropertyValueSpecification\",\"valueRequired\":true,\"valueName\":\"search_term_string\"}}],\"inLanguage\":\"pt-BR\"},{\"@type\":\"Organization\",\"@id\":\"https:\/\/www.suno.com.br\/noticias\/#organization\",\"name\":\"Suno Not\u00edcias\",\"url\":\"https:\/\/www.suno.com.br\/noticias\/\",\"logo\":{\"@type\":\"ImageObject\",\"inLanguage\":\"pt-BR\",\"@id\":\"https:\/\/www.suno.com.br\/noticias\/#\/schema\/logo\/image\/\",\"url\":\"https:\/\/files.sunoresearch.com.br\/n\/uploads\/2021\/09\/suno-logo.png\",\"contentUrl\":\"https:\/\/files.sunoresearch.com.br\/n\/uploads\/2021\/09\/suno-logo.png\",\"width\":180,\"height\":180,\"caption\":\"Suno Not\u00edcias\"},\"image\":{\"@id\":\"https:\/\/www.suno.com.br\/noticias\/#\/schema\/logo\/image\/\"},\"sameAs\":[\"https:\/\/facebook.com\/sunoresearch\",\"https:\/\/x.com\/sunoresearch\",\"https:\/\/www.instagram.com\/suno\",\"https:\/\/www.linkedin.com\/company\/suno-research\/\",\"https:\/\/www.youtube.com\/c\/sunoresearch\"]},{\"@type\":\"Person\",\"@id\":\"https:\/\/www.suno.com.br\/noticias\/#\/schema\/person\/46d847cb19ad53fde0857adca989c23f\",\"name\":\"Vict\u00f3ria Anhesini\",\"image\":{\"@type\":\"ImageObject\",\"inLanguage\":\"pt-BR\",\"@id\":\"https:\/\/www.suno.com.br\/noticias\/#\/schema\/person\/image\/\",\"url\":\"https:\/\/secure.gravatar.com\/avatar\/0172bdfcd9129dd9dd68794804304e6e?s=96&r=g\",\"contentUrl\":\"https:\/\/secure.gravatar.com\/avatar\/0172bdfcd9129dd9dd68794804304e6e?s=96&r=g\",\"caption\":\"Vict\u00f3ria Anhesini\"},\"description\":\"Rep\u00f3rter no Suno Not\u00edcias, cobre mercados, neg\u00f3cios e economia, escrevendo majoritariamente sobre movimentos das empresas, cobertura de balan\u00e7os trimestrais e Bolsa de Valores. Formada em jornalismo pela Universidade Presbiteriana Mackenzie em 2019, passou pelo portal de economia e finan\u00e7as EuQueroInvestir como rep\u00f3rter e anteriormente, trabalhou na assessoria de imprensa PinePR, onde liderou com startups de inova\u00e7\u00e3o, tecnologia e finan\u00e7as. Em seu tempo livre, fala sobre m\u00fasica para ambos os sites do selo ForMusic, Wikimetal e Mad Sound, e faz trabalho volunt\u00e1rio no programa Escreve Cartas do Poupatempo.\",\"sameAs\":[\"https:\/\/www.linkedin.com\/in\/victoria-anhesini\/\"],\"url\":\"https:\/\/www.suno.com.br\/noticias\/author\/victoria\/\"}]}<\/script>\n<!-- \/ Yoast SEO plugin. -->","yoast_head_json":{"title":"Putin reconhece independ\u00eancia de separatistas na Ucr\u00e2nia; petr\u00f3leo sobe","description":"Nesta segunda (21), o presidente da R\u00fassia Vladmir Putin reconheceu as regi\u00f5es separatistas da Ucr\u00e2nia, impactando o valor do petr\u00f3leo.","robots":{"index":"index","follow":"follow","max-snippet":"max-snippet:-1","max-image-preview":"max-image-preview:large","max-video-preview":"max-video-preview:-1"},"canonical":"https:\/\/www.suno.com.br\/noticias\/putin-reconhece-separatistas-ucrania-impulsiona-petroleo\/","og_locale":"pt_BR","og_type":"article","og_title":"Putin reconhece independ\u00eancia de separatistas na Ucr\u00e2nia; petr\u00f3leo sobe","og_description":"Nesta segunda (21), o presidente da R\u00fassia Vladmir Putin reconheceu as regi\u00f5es separatistas da Ucr\u00e2nia, impactando o valor do petr\u00f3leo.","og_url":"https:\/\/www.suno.com.br\/noticias\/putin-reconhece-separatistas-ucrania-impulsiona-petroleo\/","og_site_name":"Suno Not\u00edcias","article_publisher":"https:\/\/facebook.com\/sunoresearch","og_image":[{"width":1920,"height":1080,"url":"https:\/\/files.sunoresearch.com.br\/n\/uploads\/2020\/08\/f27c1239-naom_5e984e2f23204.jpg","type":"image\/jpeg"}],"author":"Vict\u00f3ria Anhesini","twitter_card":"summary_large_image","twitter_creator":"@sunoresearch","twitter_site":"@sunoresearch","twitter_misc":{"Escrito por":"Vict\u00f3ria Anhesini","Est. tempo de leitura":"5 minutos"},"schema":{"@context":"https:\/\/schema.org","@graph":[{"@type":"NewsArticle","@id":"https:\/\/www.suno.com.br\/noticias\/putin-reconhece-separatistas-ucrania-impulsiona-petroleo\/#article","isPartOf":{"@id":"https:\/\/www.suno.com.br\/noticias\/putin-reconhece-separatistas-ucrania-impulsiona-petroleo\/"},"author":{"name":"Vict\u00f3ria Anhesini","@id":"https:\/\/www.suno.com.br\/noticias\/#\/schema\/person\/46d847cb19ad53fde0857adca989c23f"},"headline":"Putin reconhece independ\u00eancia de regi\u00f5es separatistas e envia tropas para a Ucr\u00e2nia","datePublished":"2022-02-21T20:57:04+00:00","dateModified":"2022-02-21T23:34:17+00:00","mainEntityOfPage":{"@id":"https:\/\/www.suno.com.br\/noticias\/putin-reconhece-separatistas-ucrania-impulsiona-petroleo\/"},"wordCount":1144,"publisher":{"@id":"https:\/\/www.suno.com.br\/noticias\/#organization"},"image":{"@id":"https:\/\/www.suno.com.br\/noticias\/putin-reconhece-separatistas-ucrania-impulsiona-petroleo\/#primaryimage"},"thumbnailUrl":"https:\/\/files.sunoresearch.com.br\/n\/uploads\/2020\/08\/f27c1239-naom_5e984e2f23204.jpg","keywords":["Petr\u00f3leo","Petr\u00f3leo Brent","Petr\u00f3leo WTI","R\u00fassia"],"articleSection":["Internacional"],"inLanguage":"pt-BR"},{"@type":"WebPage","@id":"https:\/\/www.suno.com.br\/noticias\/putin-reconhece-separatistas-ucrania-impulsiona-petroleo\/","url":"https:\/\/www.suno.com.br\/noticias\/putin-reconhece-separatistas-ucrania-impulsiona-petroleo\/","name":"Putin reconhece independ\u00eancia de separatistas na Ucr\u00e2nia; petr\u00f3leo sobe","isPartOf":{"@id":"https:\/\/www.suno.com.br\/noticias\/#website"},"primaryImageOfPage":{"@id":"https:\/\/www.suno.com.br\/noticias\/putin-reconhece-separatistas-ucrania-impulsiona-petroleo\/#primaryimage"},"image":{"@id":"https:\/\/www.suno.com.br\/noticias\/putin-reconhece-separatistas-ucrania-impulsiona-petroleo\/#primaryimage"},"thumbnailUrl":"https:\/\/files.sunoresearch.com.br\/n\/uploads\/2020\/08\/f27c1239-naom_5e984e2f23204.jpg","datePublished":"2022-02-21T20:57:04+00:00","dateModified":"2022-02-21T23:34:17+00:00","description":"Nesta segunda (21), o presidente da R\u00fassia Vladmir Putin reconheceu as regi\u00f5es separatistas da Ucr\u00e2nia, impactando o valor do petr\u00f3leo.","breadcrumb":{"@id":"https:\/\/www.suno.com.br\/noticias\/putin-reconhece-separatistas-ucrania-impulsiona-petroleo\/#breadcrumb"},"inLanguage":"pt-BR","potentialAction":[{"@type":"ReadAction","target":["https:\/\/www.suno.com.br\/noticias\/putin-reconhece-separatistas-ucrania-impulsiona-petroleo\/"]}]},{"@type":"ImageObject","inLanguage":"pt-BR","@id":"https:\/\/www.suno.com.br\/noticias\/putin-reconhece-separatistas-ucrania-impulsiona-petroleo\/#primaryimage","url":"https:\/\/files.sunoresearch.com.br\/n\/uploads\/2020\/08\/f27c1239-naom_5e984e2f23204.jpg","contentUrl":"https:\/\/files.sunoresearch.com.br\/n\/uploads\/2020\/08\/f27c1239-naom_5e984e2f23204.jpg","width":1920,"height":1080,"caption":"Putin \u00e9 atacado em limusine, diz jornal brit\u00e2nico. Foto: Reprodu\u00e7\u00e3o"},{"@type":"BreadcrumbList","@id":"https:\/\/www.suno.com.br\/noticias\/putin-reconhece-separatistas-ucrania-impulsiona-petroleo\/#breadcrumb","itemListElement":[{"@type":"ListItem","position":1,"name":"Not\u00edcias","item":"https:\/\/www.suno.com.br\/noticias\/"},{"@type":"ListItem","position":2,"name":"Internacional","item":"https:\/\/www.suno.com.br\/noticias\/internacional\/"},{"@type":"ListItem","position":3,"name":"Putin reconhece independ\u00eancia de regi\u00f5es separatistas e envia tropas para a Ucr\u00e2nia"}]},{"@type":"WebSite","@id":"https:\/\/www.suno.com.br\/noticias\/#website","url":"https:\/\/www.suno.com.br\/noticias\/","name":"Suno Not\u00edcias","description":"Seu portal de informa\u00e7\u00e3o sobre o mundo dos investimentos","publisher":{"@id":"https:\/\/www.suno.com.br\/noticias\/#organization"},"potentialAction":[{"@type":"SearchAction","target":{"@type":"EntryPoint","urlTemplate":"https:\/\/www.suno.com.br\/noticias\/?s={search_term_string}"},"query-input":{"@type":"PropertyValueSpecification","valueRequired":true,"valueName":"search_term_string"}}],"inLanguage":"pt-BR"},{"@type":"Organization","@id":"https:\/\/www.suno.com.br\/noticias\/#organization","name":"Suno Not\u00edcias","url":"https:\/\/www.suno.com.br\/noticias\/","logo":{"@type":"ImageObject","inLanguage":"pt-BR","@id":"https:\/\/www.suno.com.br\/noticias\/#\/schema\/logo\/image\/","url":"https:\/\/files.sunoresearch.com.br\/n\/uploads\/2021\/09\/suno-logo.png","contentUrl":"https:\/\/files.sunoresearch.com.br\/n\/uploads\/2021\/09\/suno-logo.png","width":180,"height":180,"caption":"Suno Not\u00edcias"},"image":{"@id":"https:\/\/www.suno.com.br\/noticias\/#\/schema\/logo\/image\/"},"sameAs":["https:\/\/facebook.com\/sunoresearch","https:\/\/x.com\/sunoresearch","https:\/\/www.instagram.com\/suno","https:\/\/www.linkedin.com\/company\/suno-research\/","https:\/\/www.youtube.com\/c\/sunoresearch"]},{"@type":"Person","@id":"https:\/\/www.suno.com.br\/noticias\/#\/schema\/person\/46d847cb19ad53fde0857adca989c23f","name":"Vict\u00f3ria Anhesini","image":{"@type":"ImageObject","inLanguage":"pt-BR","@id":"https:\/\/www.suno.com.br\/noticias\/#\/schema\/person\/image\/","url":"https:\/\/secure.gravatar.com\/avatar\/0172bdfcd9129dd9dd68794804304e6e?s=96&r=g","contentUrl":"https:\/\/secure.gravatar.com\/avatar\/0172bdfcd9129dd9dd68794804304e6e?s=96&r=g","caption":"Vict\u00f3ria Anhesini"},"description":"Rep\u00f3rter no Suno Not\u00edcias, cobre mercados, neg\u00f3cios e economia, escrevendo majoritariamente sobre movimentos das empresas, cobertura de balan\u00e7os trimestrais e Bolsa de Valores. Formada em jornalismo pela Universidade Presbiteriana Mackenzie em 2019, passou pelo portal de economia e finan\u00e7as EuQueroInvestir como rep\u00f3rter e anteriormente, trabalhou na assessoria de imprensa PinePR, onde liderou com startups de inova\u00e7\u00e3o, tecnologia e finan\u00e7as. Em seu tempo livre, fala sobre m\u00fasica para ambos os sites do selo ForMusic, Wikimetal e Mad Sound, e faz trabalho volunt\u00e1rio no programa Escreve Cartas do Poupatempo.","sameAs":["https:\/\/www.linkedin.com\/in\/victoria-anhesini\/"],"url":"https:\/\/www.suno.com.br\/noticias\/author\/victoria\/"}]}},"default_loop_html":"<div class=\"cardsPage__listCard__boxs\"><div class=\"cardsPage__listCard__boxs__img\"><a href=\"https:\/\/www.suno.com.br\/noticias\/putin-reconhece-separatistas-ucrania-impulsiona-petroleo\/\"><img class=\"mask\" src=\"https:\/\/www.suno.com.br\/noticias\/wp-content\/themes\/suno\/resources\/images\/spotlight\/spotlight1img\/bg-mask.png\" alt=\"Image Mask\"\/><img src=\"https:\/\/files.sunoresearch.com.br\/n\/uploads\/2020\/08\/f27c1239-naom_5e984e2f23204-400x200.webp\" alt=\"Putin reconhece independ\u00eancia de regi\u00f5es separatistas e envia tropas para a Ucr\u00e2nia\"\/><\/a><span class=\"spotlightCategory\"><a href=\"https:\/\/www.suno.com.br\/noticias\/internacional\/\">Internacional<\/a><\/span><\/div><div class=\"cardsPage__listCard__boxs__content\"><a href=\"https:\/\/www.suno.com.br\/noticias\/putin-reconhece-separatistas-ucrania-impulsiona-petroleo\/\"><h2 class=\"content__title\">Putin reconhece independ\u00eancia de regi\u00f5es separatistas e envia tropas para a Ucr\u00e2nia<\/h2><\/a><div class=\"newsContent__article__meta\"><div class=\"newsContent__article__meta__authorBox\"><a href=\"https:\/\/www.suno.com.br\/noticias\/author\/victoria\/\" class=\"authorBox__avatar noMobi\"><img src=\"https:\/\/files.sunoresearch.com.br\/n\/uploads\/2021\/12\/20190129VickyPINEAPPLE01-1-150x150.jpg\" alt=\"Vict\u00f3ria Anhesini\"><\/a><div class=\"authorBox__name\"><span>por\n\t\t\t<a href=\"https:\/\/www.suno.com.br\/noticias\/author\/victoria\/\"><span itemprop=\"author\">Vict\u00f3ria Anhesini<\/span><\/a><\/span><time datetime=\"2022-02-21T17:57:04-03:00\" itemprop=\"datePublished\">21\/02\/2022 17:57<\/time><\/div><\/div><\/div><\/div><\/div>","single_layout":"posts","amp_enabled":true,"_links":{"self":[{"href":"https:\/\/www.suno.com.br\/noticias\/wp-json\/wp\/v2\/posts\/233628"}],"collection":[{"href":"https:\/\/www.suno.com.br\/noticias\/wp-json\/wp\/v2\/posts"}],"about":[{"href":"https:\/\/www.suno.com.br\/noticias\/wp-json\/wp\/v2\/types\/post"}],"author":[{"embeddable":true,"href":"https:\/\/www.suno.com.br\/noticias\/wp-json\/wp\/v2\/users\/146"}],"replies":[{"embeddable":true,"href":"https:\/\/www.suno.com.br\/noticias\/wp-json\/wp\/v2\/comments?post=233628"}],"version-history":[{"count":3,"href":"https:\/\/www.suno.com.br\/noticias\/wp-json\/wp\/v2\/posts\/233628\/revisions"}],"predecessor-version":[{"id":233777,"href":"https:\/\/www.suno.com.br\/noticias\/wp-json\/wp\/v2\/posts\/233628\/revisions\/233777"}],"wp:featuredmedia":[{"embeddable":true,"href":"https:\/\/www.suno.com.br\/noticias\/wp-json\/wp\/v2\/media\/77522"}],"wp:attachment":[{"href":"https:\/\/www.suno.com.br\/noticias\/wp-json\/wp\/v2\/media?parent=233628"}],"wp:term":[{"taxonomy":"category","embeddable":true,"href":"https:\/\/www.suno.com.br\/noticias\/wp-json\/wp\/v2\/categories?post=233628"},{"taxonomy":"post_tag","embeddable":true,"href":"https:\/\/www.suno.com.br\/noticias\/wp-json\/wp\/v2\/tags?post=233628"},{"taxonomy":"suno_strategy","embeddable":true,"href":"https:\/\/www.suno.com.br\/noticias\/wp-json\/wp\/v2\/suno_strategy?post=233628"}],"curies":[{"name":"wp","href":"https:\/\/api.w.org\/{rel}","templated":true}]}}