{"id":233588,"date":"2022-02-21T17:28:40","date_gmt":"2022-02-21T20:28:40","guid":{"rendered":"https:\/\/www.suno.com.br\/noticias\/?p=233588"},"modified":"2022-02-21T17:44:22","modified_gmt":"2022-02-21T20:44:22","slug":"tendencia-inflacao-crescente-campos-neto","status":"publish","type":"post","link":"https:\/\/www.suno.com.br\/noticias\/tendencia-inflacao-crescente-campos-neto\/","title":{"rendered":"Tend\u00eancia de infla\u00e7\u00e3o no Brasil ainda \u00e9 crescente, diz Campos Neto"},"content":{"rendered":"<p>O presidente do <a class=\"suno-keyword\" href=\"https:\/\/www.suno.com.br\/artigos\/bacen\/\" target=\"_blank\" rel=\"noopener\" data-force=\"no\" data-priority=\"3\">Banco Central (BC)<\/a>, Roberto Campos Neto, declarou durante palestra sobre cen\u00e1rio econ\u00f4mico promovida pelo <i>Canal Agro+,<\/i> nesta segunda-feira (21), que a tend\u00eancia de <strong>infla\u00e7\u00e3o<\/strong> no Brasil ainda \u00e9 crescente. O pico de alta dos pre\u00e7os deve ser visto em abril e maio, segundo ele.<\/p>\t<div class=\"wrapper-featured-image\">\n\t\t<figure class=\"spotlightImg\">\n\n\t\t\t<picture>\n\t\t\t\t<source media=\"(max-width: 768px)\" srcset=\"https:\/\/files.sunoresearch.com.br\/n\/uploads\/2021\/03\/95a90a39-50378530453_d3c330df4f_k-400x200.webp\">\n\t\t\t\t<img loading=\"lazy\" decoding=\"async\" class=\"newsContent__article__imgCapa lazyloadDisabled \" src=\"https:\/\/files.sunoresearch.com.br\/n\/uploads\/2021\/03\/95a90a39-50378530453_d3c330df4f_k-800x450.webp\" width=\"800\" height=\"450\" alt=\"Tend\u00eancia de infla\u00e7\u00e3o no Brasil ainda \u00e9 crescente, diz Campos Neto\" fetchpriority=high \/>\n\t\t\t<\/picture>\n\n\t\t\t<figcaption class=\"wp-caption-text wp-caption-text--show\">Roberto Campos Neto, presidente do Banco Central- Foto: Raphael Ribeiro\/BCB<\/figcaption>\n\t\t<\/figure>\n\t<\/div>\n\n\n\t<p>\n\t\t<a href=\"https:\/\/lp.suno.com.br\/planilha-controle-gastos\/\" target=\"_blank\" data-element=\"shortcode-suno-banner\" title=\"Banner SUNO, clique e saiba mais\">\n\t\t\t<picture>\n\t\t\t\t<source media=\"(max-width: 500px)\" srcset=\"https:\/\/files.sunoresearch.com.br\/n\/uploads\/2023\/03\/400x300-Planilha-controle-de-gastos.png\">\n\t\t\t\t<img class=\"newsContent__article__imgCapa newsContent__article__imgCapa--banner\"\n\t\t\t\t\tsrc=\"https:\/\/files.sunoresearch.com.br\/n\/uploads\/2023\/03\/1420x240-Planilha-controle-de-gastos.png\"\n\t\t\t\t\tdata-promo-id=\"101751\"\t\t\t\t\t\t\t\t\t\twidth='1420' height='240'\t\t\t\t\talt=\"https:\/\/files.sunoresearch.com.br\/n\/uploads\/2023\/03\/1420x240-Planilha-controle-de-gastos.png\"\n\t\t\t\t>\n\t\t\t<\/picture>\n\t\t<\/a>\n\t<\/p>\n\n\n<p>De acordo com o presidente do BC, a<strong> infla\u00e7\u00e3o no Brasil<\/strong> est\u00e1 &#8220;em linha com os pares&#8221;, mas \u00e9 uma das<strong> mais altas do mundo<\/strong>. Um dos principais motivos, de acordo com ele, \u00e9 a alta dos pre\u00e7os do setor de eletricidade. &#8220;O Brasil teve a maior infla\u00e7\u00e3o de energia do mundo em 2021&#8221;, mencionou.<\/p>\n<p>Campos Neto comentou sobre um exerc\u00edcio feito pela autoridade monet\u00e1ria em rela\u00e7\u00e3o ao tema. Se a<strong> infla\u00e7\u00e3o de energia no Brasil<\/strong> no ano passado fosse a m\u00e9dia das taxas vistas em outros pa\u00edses, a infla\u00e7\u00e3o total dom\u00e9stica tamb\u00e9m seria a m\u00e9dia vista nesses pares. &#8220;\u00c9 uma simplifica\u00e7\u00e3o, mas houve press\u00e3o energ\u00e9tica de v\u00e1rios lados&#8221;, disse, citando o aumento dos pre\u00e7os do petr\u00f3leo no mercado internacional e a<strong> crise h\u00eddrica<\/strong> dom\u00e9stica.<\/p>\n\t<p>\n\t\t<a href=\"https:\/\/lp.suno.com.br\/planilha-da-vida-financeira\/\" target=\"_blank\" data-element=\"shortcode-suno-banner\" title=\"Banner SUNO, clique e saiba mais\">\n\t\t\t<picture>\n\t\t\t\t<source media=\"(max-width: 500px)\" srcset=\"https:\/\/files.sunoresearch.com.br\/n\/uploads\/2023\/04\/400x300-Planilha-vida-financeira-true.png\">\n\t\t\t\t<img class=\"newsContent__article__imgCapa newsContent__article__imgCapa--banner\"\n\t\t\t\t\tsrc=\"https:\/\/files.sunoresearch.com.br\/n\/uploads\/2023\/04\/1420x240-Planilha-vida-financeira-true.png\"\n\t\t\t\t\tdata-promo-id=\"106682\"\t\t\t\t\t\t\t\t\t\twidth='1420' height='240'\t\t\t\t\talt=\"https:\/\/files.sunoresearch.com.br\/n\/uploads\/2023\/04\/1420x240-Planilha-vida-financeira-true.png\"\n\t\t\t\t>\n\t\t\t<\/picture>\n\t\t<\/a>\n\t<\/p>\n\n\n<p><strong>Campos Neto<\/strong> repetiu o cen\u00e1rio de que, depois da crise da covid, haveria uma movimenta\u00e7\u00e3o com a sa\u00edda do lockdown consumindo mais servi\u00e7os e bens e governos injetavam est\u00edmulos na economia. &#8220;Esta \u00e9 a narrativa que temos adotado por entendermos ser a mais apropriada, mas isso n\u00e3o aconteceu&#8221;, afirmou. &#8220;Mas a recupera\u00e7\u00e3o r\u00e1pida de servi\u00e7os n\u00e3o ocorreu como esperado&#8221;, continuou.<\/p>\n<p>Salientou tamb\u00e9m que houve uma coordena\u00e7\u00e3o grande e nunca vista antes n\u00e3o apenas dos governos como de a\u00e7\u00f5es simult\u00e2neas de <a class=\"suno-keyword\" href=\"https:\/\/www.suno.com.br\/artigos\/politica-monetaria\/\" target=\"_blank\" rel=\"noopener\" data-force=\"no\" data-priority=\"1\">pol\u00edtica monet\u00e1ria<\/a> e fiscal. Ele disse que a infla\u00e7\u00e3o come\u00e7ou a subir no mundo e os banqueiros centrais acreditavam que seria um movimento transit\u00f3rio. &#8220;O<strong> Banco Central<\/strong> brasileiro teve diagn\u00f3stico relativamente r\u00e1pido e certeiro&#8221;, defendeu. O BC brasileiro foi um dos primeiros a iniciar a tend\u00eancia de aperto monet\u00e1rio.<\/p>\n\t<p>\n\t\t<a href=\"https:\/\/lp.suno.com.br\/ebook-como-analisar-uma-acao\/\" target=\"_blank\" data-element=\"shortcode-suno-banner\" title=\"Banner SUNO, clique e saiba mais\">\n\t\t\t<picture>\n\t\t\t\t<source media=\"(max-width: 500px)\" srcset=\"https:\/\/files.sunoresearch.com.br\/n\/uploads\/2023\/03\/Ebook-Acoes-Mobile-1.jpg\">\n\t\t\t\t<img class=\"newsContent__article__imgCapa newsContent__article__imgCapa--banner\"\n\t\t\t\t\tsrc=\"https:\/\/files.sunoresearch.com.br\/n\/uploads\/2023\/03\/Ebook-Acoes-Desktop-1.jpg\"\n\t\t\t\t\tdata-promo-id=\"171998\"\t\t\t\t\t\t\t\t\t\twidth='1420' height='286'\t\t\t\t\talt=\"https:\/\/files.sunoresearch.com.br\/n\/uploads\/2023\/03\/Ebook-Acoes-Desktop-1.jpg\"\n\t\t\t\t>\n\t\t\t<\/picture>\n\t\t<\/a>\n\t<\/p>\n\n\n<p>Na sequ\u00eancia, o <strong>presidente do BC<\/strong> destacou que o que se percebe agora \u00e9 que n\u00e3o houve quebra de oferta, como se imaginava durante a crise, mas um deslocamento da demanda.<\/p>\n<p>O presidente do Banco Central afirmou que, aliado ao deslocamento da demanda por bens, houve tamb\u00e9m um aumento dos gastos de energia.<\/p>\n<p>&#8220;Geralmente quando o<strong> pre\u00e7os de energia<\/strong> sobe, o investimento tamb\u00e9m sobe, mas esta foi uma das primeiras vezes na hist\u00f3ria que o pre\u00e7o estava subindo e o capex caindo&#8221;, comparou. Isso pode ter respaldo, de acordo com ele, na inten\u00e7\u00e3o de aumentar a produ\u00e7\u00e3o de energia limpa. Campos Neto salientou que tanto em <a class=\"suno-keyword\" href=\"https:\/\/www.suno.com.br\/artigos\/paises-emergentes\/\" target=\"_blank\" rel=\"noopener\" data-force=\"no\" data-priority=\"2\">pa\u00edses emergentes<\/a> quanto em avan\u00e7ados, os pre\u00e7os de energia t\u00eam subido &#8220;bastante&#8221;.<\/p>\n\t<p>\n\t\t<a href=\"https:\/\/lp.suno.com.br\/planilha-de-controle-de-investimentos\/\" target=\"_blank\" data-element=\"shortcode-suno-banner\" title=\"Banner SUNO, clique e saiba mais\">\n\t\t\t<picture>\n\t\t\t\t<source media=\"(max-width: 500px)\" srcset=\"https:\/\/files.sunoresearch.com.br\/n\/uploads\/2023\/03\/400x300-Controle-de-Investimentos.png\">\n\t\t\t\t<img class=\"newsContent__article__imgCapa newsContent__article__imgCapa--banner\"\n\t\t\t\t\tsrc=\"https:\/\/files.sunoresearch.com.br\/n\/uploads\/2023\/03\/1420x240-Controle-de-Investimentos.png\"\n\t\t\t\t\tdata-promo-id=\"75934\"\t\t\t\t\t\t\t\t\t\twidth='1420' height='240'\t\t\t\t\talt=\"https:\/\/files.sunoresearch.com.br\/n\/uploads\/2023\/03\/1420x240-Controle-de-Investimentos.png\"\n\t\t\t\t>\n\t\t\t<\/picture>\n\t\t<\/a>\n\t<\/p>\n\n\n<h2>Campos Neto: com mais juros e menor expans\u00e3o, Pa\u00eds entra trajet\u00f3ria fiscal pior<\/h2>\n<p>O presidente do Banco Central, Roberto Campos Neto, admitiu nesta segunda-feira, 21, que o movimento de <strong>aperto monet\u00e1rio<\/strong> iniciado no ano passado junto com a expectativa de menor crescimento econ\u00f4mico far\u00e1 com que o Brasil entre em uma &#8220;trajet\u00f3ria fiscal pior&#8221;. &#8220;A quest\u00e3o fiscal n\u00e3o foi s\u00f3 infla\u00e7\u00e3o, como alguns apregoam, mas tamb\u00e9m n\u00e3o foi s\u00f3 estrutural. Foi um misto&#8221;, enfatizou durante palestra sobre cen\u00e1rio econ\u00f4mico promovida pelo <i>Canal Agro+<\/i>.<\/p>\n<p>Ele fez a observa\u00e7\u00e3o comentando que houve uma surpresa positiva relativamente grande na \u00e1rea fiscal no fim de 2021, e que boa parte disso se deu tamb\u00e9m ao aumento da arrecada\u00e7\u00e3o, salientando que houve um aumento do com\u00e9rcio eletr\u00f4nico no Pa\u00eds nos \u00faltimos tempos e que esse segmento \u00e9 um dos que t\u00eam mais efici\u00eancia em captar receitas.<\/p>\n<p>De qualquer forma, Campos Neto disse que o pr\u00eamio de <strong>risco fiscal<\/strong> do Pa\u00eds continua grande na <strong>curva de juros<\/strong>. &#8220;O que est\u00e1 sendo mais questionado \u00e9 sobre o tipo de crescimento estrutural que o Brasil vai ter&#8221;, disse, repetindo que, depois do auge da crise gerada pela pandemia, a retomada do Pa\u00eds aconteceu em forma de &#8216;V&#8217;. &#8220;As proje\u00e7\u00f5es de crescimento estrutural t\u00eam ca\u00eddo, estamos em 1,5%&#8221;, acrescentou.<\/p>\n<p>O <strong>presidente do BC<\/strong> enfatizou ainda que o crescimento estrutural alto \u00e9 o ponto que mais traz investimentos aos pa\u00edses. &#8220;O dinheiro global procura pa\u00edses com crescimento estrutural alto e fiscal comportado&#8221;, revelou.<\/p>\n<p><b>Taxa neutra<\/b><\/p>\n<p>Campos Neto afirmou ainda que apenas no Brasil e na R\u00fassia os juros b\u00e1sicos da economia j\u00e1 est\u00e3o acima da taxa neutra, lembrando que o &#8220;livro texto&#8221; de economia indica que a taxa deve estar acima do n\u00edvel de equil\u00edbrio para levar a infla\u00e7\u00e3o para a meta. &#8220;Chile, Col\u00f4mbia e M\u00e9xico t\u00eam surpreendo nos \u00faltimos tempos, com a\u00e7\u00f5es muitas vezes mais (<i>fortes<\/i>) do que o esperado&#8221;, disse.<\/p>\n<p>Ainda sobre o cen\u00e1rio macroecon\u00f4mico, Campos Neto disse acreditar que come\u00e7ar\u00e1 um movimento de revis\u00f5es para cima do crescimento em 2022. No \u00faltimo Relat\u00f3rio de Mercado Focus, houve manuten\u00e7\u00e3o na previs\u00e3o mediana para a expans\u00e3o do Produto Interno Bruto (PIB) de 2022, que continuou em 0,30%. H\u00e1 um m\u00eas, a estimativa era de 0,29%. Considerando apenas as 62 respostas nos \u00faltimos cinco dias \u00fateis, a estimativa para o PIB no fim de 2022 passou de 0,40% para 0,30%.<\/p>\n<p>O presidente do BC comentou ainda sobre o mercado de cr\u00e9dito interno, salientando que continua a haver expans\u00e3o no setor, mas de forma saud\u00e1vel. &#8220;O endividamento das fam\u00edlias cresceu, mas n\u00e3o temos visto nada fora do previsto&#8221;, pontuou.<\/p>\n<h2><b>Campos neto avalia infla\u00e7\u00e3o dos Estados Unidos<\/b><\/h2>\n<p>Campos Neto fez uma avalia\u00e7\u00e3o do<strong> cen\u00e1rio inflacion\u00e1rio dos Estados Unidos<\/strong>, salientando que a maior pot\u00eancia econ\u00f4mica do globo \u00e9 o &#8220;grosso do motor&#8221; do diferencial de taxas de juros para outros pa\u00edses. Durante a palestra, ele citou que a infla\u00e7\u00e3o americana 12 meses \u00e0 frente segue muito alta e que h\u00e1 ainda infla\u00e7\u00e3o encomendada de alugu\u00e9is no Pa\u00eds.<\/p>\n\t<div data-element=\"shortcode-read-more\" class=\"knowMore\">\n\t\t\t\t<span class=\"knowMore__title\">Saiba mais<\/span>\n\t\t\t\t<a class=\"knowMore__link\" href=\"https:\/\/www.suno.com.br\/noticias\/eua-estados-unidos-inflacao-alta-cpi-1982\/\">\n\t\t\tEstados Unidos: infla\u00e7\u00e3o alta se torna desafio in\u00e9dito para consumidores\t\t<\/a>\n\t<\/div>\n\n\n<p>&#8220;Temos agora expectativa de cinco ou seis movimentos de<strong> alta de juros<\/strong> nos EUA&#8221;, previu, considerando que, pela teoria b\u00e1sica, EUA teriam que elevar mais os juros para pressionar a <strong>infla\u00e7\u00e3o<\/strong> para baixo. &#8220;Por essa \u00f3tica, o aperto nos EUA teria que ser mais r\u00e1pido tamb\u00e9m&#8221;, ponderou. Campos Neto pontuou tamb\u00e9m que os EUA anunciaram a revers\u00e3o r\u00e1pida no seu balan\u00e7o, o que causou estresse nos mercados de todo o mundo.<\/p>\n<p><em>(Com informa\u00e7\u00f5es da Ag\u00eancia Estado)<\/em><\/p>\n\t<p>\n\t\t<a href=\"\" target=\"_blank\" data-element=\"shortcode-suno-banner\" title=\"Banner SUNO, clique e saiba mais\">\n\t\t\t<picture>\n\t\t\t\t<source media=\"(max-width: 500px)\" srcset=\"\">\n\t\t\t\t<img class=\"newsContent__article__imgCapa newsContent__article__imgCapa--banner\"\n\t\t\t\t\tsrc=\"\"\n\t\t\t\t\tdata-promo-id=\"184190\"\t\t\t\t\t\t\t\t\t\t\t\t\t\t\talt=\"\"\n\t\t\t\t>\n\t\t\t<\/picture>\n\t\t<\/a>\n\t<\/p>\n\n\n","protected":false},"excerpt":{"rendered":"<p>O presidente do Banco Central (BC), Roberto Campos Neto, declarou durante palestra sobre cen\u00e1rio econ\u00f4mico promovida pelo Canal Agro+, nesta segunda-feira (21), que a tend\u00eancia de infla\u00e7\u00e3o no Brasil ainda \u00e9 crescente. O pico de alta dos pre\u00e7os deve ser visto em abril e maio, segundo ele. Roberto Campos Neto, presidente do Banco Central- Foto: [&hellip;]<\/p>\n","protected":false},"author":118,"featured_media":132138,"comment_status":"closed","ping_status":"closed","sticky":false,"template":"","format":"standard","meta":[],"categories":[62],"tags":[1842,850,1113],"suno_strategy":[],"class_list":["post-233588","post","type-post","status-publish","format-standard","has-post-thumbnail","hentry","category-economia","tag-banco-central-bc","tag-inflacao","tag-roberto-campos-neto"],"yoast_head":"<!-- This site is optimized with the Yoast SEO plugin v24.4 - https:\/\/yoast.com\/wordpress\/plugins\/seo\/ -->\n<title>Tend\u00eancia de infla\u00e7\u00e3o no Brasil ainda \u00e9 crescente, diz Campos Neto<\/title>\n<meta name=\"description\" content=\"O presidente do Banco Central (BC), Roberto Campos Neto, declarou que a tend\u00eancia de infla\u00e7\u00e3o no Brasil ainda \u00e9 crescente. Saiba mais\" \/>\n<meta name=\"robots\" content=\"index, follow, max-snippet:-1, max-image-preview:large, max-video-preview:-1\" \/>\n<link rel=\"canonical\" href=\"https:\/\/www.suno.com.br\/noticias\/tendencia-inflacao-crescente-campos-neto\/\" \/>\n<meta property=\"og:locale\" content=\"pt_BR\" \/>\n<meta property=\"og:type\" content=\"article\" \/>\n<meta property=\"og:title\" content=\"Tend\u00eancia de infla\u00e7\u00e3o no Brasil ainda \u00e9 crescente, diz Campos Neto\" \/>\n<meta property=\"og:description\" content=\"O presidente do Banco Central (BC), Roberto Campos Neto, declarou que a tend\u00eancia de infla\u00e7\u00e3o no Brasil ainda \u00e9 crescente. Saiba mais\" \/>\n<meta property=\"og:url\" content=\"https:\/\/www.suno.com.br\/noticias\/tendencia-inflacao-crescente-campos-neto\/\" \/>\n<meta property=\"og:site_name\" content=\"Suno Not\u00edcias\" \/>\n<meta property=\"article:publisher\" content=\"https:\/\/facebook.com\/sunoresearch\" \/>\n<meta property=\"og:image\" content=\"https:\/\/files.sunoresearch.com.br\/n\/uploads\/2021\/03\/95a90a39-50378530453_d3c330df4f_k.jpg\" \/>\n\t<meta property=\"og:image:width\" content=\"1200\" \/>\n\t<meta property=\"og:image:height\" content=\"800\" \/>\n\t<meta property=\"og:image:type\" content=\"image\/jpeg\" \/>\n<meta name=\"author\" content=\"Bruno Galv\u00e3o\" \/>\n<meta name=\"twitter:card\" content=\"summary_large_image\" \/>\n<meta name=\"twitter:creator\" content=\"@sunoresearch\" \/>\n<meta name=\"twitter:site\" content=\"@sunoresearch\" \/>\n<meta name=\"twitter:label1\" content=\"Escrito por\" \/>\n\t<meta name=\"twitter:data1\" content=\"Bruno Galv\u00e3o\" \/>\n\t<meta name=\"twitter:label2\" content=\"Est. tempo de leitura\" \/>\n\t<meta name=\"twitter:data2\" content=\"5 minutos\" \/>\n<script type=\"application\/ld+json\" class=\"yoast-schema-graph\">{\"@context\":\"https:\/\/schema.org\",\"@graph\":[{\"@type\":\"NewsArticle\",\"@id\":\"https:\/\/www.suno.com.br\/noticias\/tendencia-inflacao-crescente-campos-neto\/#article\",\"isPartOf\":{\"@id\":\"https:\/\/www.suno.com.br\/noticias\/tendencia-inflacao-crescente-campos-neto\/\"},\"author\":{\"name\":\"Bruno Galv\u00e3o\",\"@id\":\"https:\/\/www.suno.com.br\/noticias\/#\/schema\/person\/06f0d962a6b1c54852e4860f16935600\"},\"headline\":\"Tend\u00eancia de infla\u00e7\u00e3o no Brasil ainda \u00e9 crescente, diz Campos Neto\",\"datePublished\":\"2022-02-21T20:28:40+00:00\",\"dateModified\":\"2022-02-21T20:44:22+00:00\",\"mainEntityOfPage\":{\"@id\":\"https:\/\/www.suno.com.br\/noticias\/tendencia-inflacao-crescente-campos-neto\/\"},\"wordCount\":1135,\"publisher\":{\"@id\":\"https:\/\/www.suno.com.br\/noticias\/#organization\"},\"image\":{\"@id\":\"https:\/\/www.suno.com.br\/noticias\/tendencia-inflacao-crescente-campos-neto\/#primaryimage\"},\"thumbnailUrl\":\"https:\/\/files.sunoresearch.com.br\/n\/uploads\/2021\/03\/95a90a39-50378530453_d3c330df4f_k-jpg.webp\",\"keywords\":[\"Banco Central (BC)\",\"infla\u00e7\u00e3o\",\"Roberto Campos Neto\"],\"articleSection\":[\"Economia\"],\"inLanguage\":\"pt-BR\"},{\"@type\":\"WebPage\",\"@id\":\"https:\/\/www.suno.com.br\/noticias\/tendencia-inflacao-crescente-campos-neto\/\",\"url\":\"https:\/\/www.suno.com.br\/noticias\/tendencia-inflacao-crescente-campos-neto\/\",\"name\":\"Tend\u00eancia de infla\u00e7\u00e3o no Brasil ainda \u00e9 crescente, diz Campos Neto\",\"isPartOf\":{\"@id\":\"https:\/\/www.suno.com.br\/noticias\/#website\"},\"primaryImageOfPage\":{\"@id\":\"https:\/\/www.suno.com.br\/noticias\/tendencia-inflacao-crescente-campos-neto\/#primaryimage\"},\"image\":{\"@id\":\"https:\/\/www.suno.com.br\/noticias\/tendencia-inflacao-crescente-campos-neto\/#primaryimage\"},\"thumbnailUrl\":\"https:\/\/files.sunoresearch.com.br\/n\/uploads\/2021\/03\/95a90a39-50378530453_d3c330df4f_k-jpg.webp\",\"datePublished\":\"2022-02-21T20:28:40+00:00\",\"dateModified\":\"2022-02-21T20:44:22+00:00\",\"description\":\"O presidente do Banco Central (BC), Roberto Campos Neto, declarou que a tend\u00eancia de infla\u00e7\u00e3o no Brasil ainda \u00e9 crescente. Saiba mais\",\"breadcrumb\":{\"@id\":\"https:\/\/www.suno.com.br\/noticias\/tendencia-inflacao-crescente-campos-neto\/#breadcrumb\"},\"inLanguage\":\"pt-BR\",\"potentialAction\":[{\"@type\":\"ReadAction\",\"target\":[\"https:\/\/www.suno.com.br\/noticias\/tendencia-inflacao-crescente-campos-neto\/\"]}]},{\"@type\":\"ImageObject\",\"inLanguage\":\"pt-BR\",\"@id\":\"https:\/\/www.suno.com.br\/noticias\/tendencia-inflacao-crescente-campos-neto\/#primaryimage\",\"url\":\"https:\/\/files.sunoresearch.com.br\/n\/uploads\/2021\/03\/95a90a39-50378530453_d3c330df4f_k-jpg.webp\",\"contentUrl\":\"https:\/\/files.sunoresearch.com.br\/n\/uploads\/2021\/03\/95a90a39-50378530453_d3c330df4f_k-jpg.webp\",\"width\":1200,\"height\":800,\"caption\":\"Roberto Campos Neto, presidente do Banco Central- Foto: Raphael Ribeiro\/BCB\"},{\"@type\":\"BreadcrumbList\",\"@id\":\"https:\/\/www.suno.com.br\/noticias\/tendencia-inflacao-crescente-campos-neto\/#breadcrumb\",\"itemListElement\":[{\"@type\":\"ListItem\",\"position\":1,\"name\":\"Not\u00edcias\",\"item\":\"https:\/\/www.suno.com.br\/noticias\/\"},{\"@type\":\"ListItem\",\"position\":2,\"name\":\"Economia\",\"item\":\"https:\/\/www.suno.com.br\/noticias\/economia\/\"},{\"@type\":\"ListItem\",\"position\":3,\"name\":\"Tend\u00eancia de infla\u00e7\u00e3o no Brasil ainda \u00e9 crescente, diz Campos Neto\"}]},{\"@type\":\"WebSite\",\"@id\":\"https:\/\/www.suno.com.br\/noticias\/#website\",\"url\":\"https:\/\/www.suno.com.br\/noticias\/\",\"name\":\"Suno Not\u00edcias\",\"description\":\"Seu portal de informa\u00e7\u00e3o sobre o mundo dos investimentos\",\"publisher\":{\"@id\":\"https:\/\/www.suno.com.br\/noticias\/#organization\"},\"potentialAction\":[{\"@type\":\"SearchAction\",\"target\":{\"@type\":\"EntryPoint\",\"urlTemplate\":\"https:\/\/www.suno.com.br\/noticias\/?s={search_term_string}\"},\"query-input\":{\"@type\":\"PropertyValueSpecification\",\"valueRequired\":true,\"valueName\":\"search_term_string\"}}],\"inLanguage\":\"pt-BR\"},{\"@type\":\"Organization\",\"@id\":\"https:\/\/www.suno.com.br\/noticias\/#organization\",\"name\":\"Suno Not\u00edcias\",\"url\":\"https:\/\/www.suno.com.br\/noticias\/\",\"logo\":{\"@type\":\"ImageObject\",\"inLanguage\":\"pt-BR\",\"@id\":\"https:\/\/www.suno.com.br\/noticias\/#\/schema\/logo\/image\/\",\"url\":\"https:\/\/files.sunoresearch.com.br\/n\/uploads\/2021\/09\/suno-logo.png\",\"contentUrl\":\"https:\/\/files.sunoresearch.com.br\/n\/uploads\/2021\/09\/suno-logo.png\",\"width\":180,\"height\":180,\"caption\":\"Suno Not\u00edcias\"},\"image\":{\"@id\":\"https:\/\/www.suno.com.br\/noticias\/#\/schema\/logo\/image\/\"},\"sameAs\":[\"https:\/\/facebook.com\/sunoresearch\",\"https:\/\/x.com\/sunoresearch\",\"https:\/\/www.instagram.com\/suno\",\"https:\/\/www.linkedin.com\/company\/suno-research\/\",\"https:\/\/www.youtube.com\/c\/sunoresearch\"]},{\"@type\":\"Person\",\"@id\":\"https:\/\/www.suno.com.br\/noticias\/#\/schema\/person\/06f0d962a6b1c54852e4860f16935600\",\"name\":\"Bruno Galv\u00e3o\",\"image\":{\"@type\":\"ImageObject\",\"inLanguage\":\"pt-BR\",\"@id\":\"https:\/\/www.suno.com.br\/noticias\/#\/schema\/person\/image\/\",\"url\":\"https:\/\/secure.gravatar.com\/avatar\/53598df0b41c00f12f287a912d0e918e?s=96&r=g\",\"contentUrl\":\"https:\/\/secure.gravatar.com\/avatar\/53598df0b41c00f12f287a912d0e918e?s=96&r=g\",\"caption\":\"Bruno Galv\u00e3o\"},\"description\":\"Escreve para o portal Suno Not\u00edcias. \u00c9 estudante de Jornalismo pela Faculdade C\u00e1sper L\u00edbero e Letras pela USP. Entusiasta de tecnologia e intelig\u00eancia artificial.\",\"url\":\"https:\/\/www.suno.com.br\/noticias\/author\/bruno-garcia\/\"}]}<\/script>\n<!-- \/ Yoast SEO plugin. -->","yoast_head_json":{"title":"Tend\u00eancia de infla\u00e7\u00e3o no Brasil ainda \u00e9 crescente, diz Campos Neto","description":"O presidente do Banco Central (BC), Roberto Campos Neto, declarou que a tend\u00eancia de infla\u00e7\u00e3o no Brasil ainda \u00e9 crescente. Saiba mais","robots":{"index":"index","follow":"follow","max-snippet":"max-snippet:-1","max-image-preview":"max-image-preview:large","max-video-preview":"max-video-preview:-1"},"canonical":"https:\/\/www.suno.com.br\/noticias\/tendencia-inflacao-crescente-campos-neto\/","og_locale":"pt_BR","og_type":"article","og_title":"Tend\u00eancia de infla\u00e7\u00e3o no Brasil ainda \u00e9 crescente, diz Campos Neto","og_description":"O presidente do Banco Central (BC), Roberto Campos Neto, declarou que a tend\u00eancia de infla\u00e7\u00e3o no Brasil ainda \u00e9 crescente. Saiba mais","og_url":"https:\/\/www.suno.com.br\/noticias\/tendencia-inflacao-crescente-campos-neto\/","og_site_name":"Suno Not\u00edcias","article_publisher":"https:\/\/facebook.com\/sunoresearch","og_image":[{"width":1200,"height":800,"url":"https:\/\/files.sunoresearch.com.br\/n\/uploads\/2021\/03\/95a90a39-50378530453_d3c330df4f_k.jpg","type":"image\/jpeg"}],"author":"Bruno Galv\u00e3o","twitter_card":"summary_large_image","twitter_creator":"@sunoresearch","twitter_site":"@sunoresearch","twitter_misc":{"Escrito por":"Bruno Galv\u00e3o","Est. tempo de leitura":"5 minutos"},"schema":{"@context":"https:\/\/schema.org","@graph":[{"@type":"NewsArticle","@id":"https:\/\/www.suno.com.br\/noticias\/tendencia-inflacao-crescente-campos-neto\/#article","isPartOf":{"@id":"https:\/\/www.suno.com.br\/noticias\/tendencia-inflacao-crescente-campos-neto\/"},"author":{"name":"Bruno Galv\u00e3o","@id":"https:\/\/www.suno.com.br\/noticias\/#\/schema\/person\/06f0d962a6b1c54852e4860f16935600"},"headline":"Tend\u00eancia de infla\u00e7\u00e3o no Brasil ainda \u00e9 crescente, diz Campos Neto","datePublished":"2022-02-21T20:28:40+00:00","dateModified":"2022-02-21T20:44:22+00:00","mainEntityOfPage":{"@id":"https:\/\/www.suno.com.br\/noticias\/tendencia-inflacao-crescente-campos-neto\/"},"wordCount":1135,"publisher":{"@id":"https:\/\/www.suno.com.br\/noticias\/#organization"},"image":{"@id":"https:\/\/www.suno.com.br\/noticias\/tendencia-inflacao-crescente-campos-neto\/#primaryimage"},"thumbnailUrl":"https:\/\/files.sunoresearch.com.br\/n\/uploads\/2021\/03\/95a90a39-50378530453_d3c330df4f_k-jpg.webp","keywords":["Banco Central (BC)","infla\u00e7\u00e3o","Roberto Campos Neto"],"articleSection":["Economia"],"inLanguage":"pt-BR"},{"@type":"WebPage","@id":"https:\/\/www.suno.com.br\/noticias\/tendencia-inflacao-crescente-campos-neto\/","url":"https:\/\/www.suno.com.br\/noticias\/tendencia-inflacao-crescente-campos-neto\/","name":"Tend\u00eancia de infla\u00e7\u00e3o no Brasil ainda \u00e9 crescente, diz Campos Neto","isPartOf":{"@id":"https:\/\/www.suno.com.br\/noticias\/#website"},"primaryImageOfPage":{"@id":"https:\/\/www.suno.com.br\/noticias\/tendencia-inflacao-crescente-campos-neto\/#primaryimage"},"image":{"@id":"https:\/\/www.suno.com.br\/noticias\/tendencia-inflacao-crescente-campos-neto\/#primaryimage"},"thumbnailUrl":"https:\/\/files.sunoresearch.com.br\/n\/uploads\/2021\/03\/95a90a39-50378530453_d3c330df4f_k-jpg.webp","datePublished":"2022-02-21T20:28:40+00:00","dateModified":"2022-02-21T20:44:22+00:00","description":"O presidente do Banco Central (BC), Roberto Campos Neto, declarou que a tend\u00eancia de infla\u00e7\u00e3o no Brasil ainda \u00e9 crescente. Saiba mais","breadcrumb":{"@id":"https:\/\/www.suno.com.br\/noticias\/tendencia-inflacao-crescente-campos-neto\/#breadcrumb"},"inLanguage":"pt-BR","potentialAction":[{"@type":"ReadAction","target":["https:\/\/www.suno.com.br\/noticias\/tendencia-inflacao-crescente-campos-neto\/"]}]},{"@type":"ImageObject","inLanguage":"pt-BR","@id":"https:\/\/www.suno.com.br\/noticias\/tendencia-inflacao-crescente-campos-neto\/#primaryimage","url":"https:\/\/files.sunoresearch.com.br\/n\/uploads\/2021\/03\/95a90a39-50378530453_d3c330df4f_k-jpg.webp","contentUrl":"https:\/\/files.sunoresearch.com.br\/n\/uploads\/2021\/03\/95a90a39-50378530453_d3c330df4f_k-jpg.webp","width":1200,"height":800,"caption":"Roberto Campos Neto, presidente do Banco Central- Foto: Raphael Ribeiro\/BCB"},{"@type":"BreadcrumbList","@id":"https:\/\/www.suno.com.br\/noticias\/tendencia-inflacao-crescente-campos-neto\/#breadcrumb","itemListElement":[{"@type":"ListItem","position":1,"name":"Not\u00edcias","item":"https:\/\/www.suno.com.br\/noticias\/"},{"@type":"ListItem","position":2,"name":"Economia","item":"https:\/\/www.suno.com.br\/noticias\/economia\/"},{"@type":"ListItem","position":3,"name":"Tend\u00eancia de infla\u00e7\u00e3o no Brasil ainda \u00e9 crescente, diz Campos Neto"}]},{"@type":"WebSite","@id":"https:\/\/www.suno.com.br\/noticias\/#website","url":"https:\/\/www.suno.com.br\/noticias\/","name":"Suno Not\u00edcias","description":"Seu portal de informa\u00e7\u00e3o sobre o mundo dos investimentos","publisher":{"@id":"https:\/\/www.suno.com.br\/noticias\/#organization"},"potentialAction":[{"@type":"SearchAction","target":{"@type":"EntryPoint","urlTemplate":"https:\/\/www.suno.com.br\/noticias\/?s={search_term_string}"},"query-input":{"@type":"PropertyValueSpecification","valueRequired":true,"valueName":"search_term_string"}}],"inLanguage":"pt-BR"},{"@type":"Organization","@id":"https:\/\/www.suno.com.br\/noticias\/#organization","name":"Suno Not\u00edcias","url":"https:\/\/www.suno.com.br\/noticias\/","logo":{"@type":"ImageObject","inLanguage":"pt-BR","@id":"https:\/\/www.suno.com.br\/noticias\/#\/schema\/logo\/image\/","url":"https:\/\/files.sunoresearch.com.br\/n\/uploads\/2021\/09\/suno-logo.png","contentUrl":"https:\/\/files.sunoresearch.com.br\/n\/uploads\/2021\/09\/suno-logo.png","width":180,"height":180,"caption":"Suno Not\u00edcias"},"image":{"@id":"https:\/\/www.suno.com.br\/noticias\/#\/schema\/logo\/image\/"},"sameAs":["https:\/\/facebook.com\/sunoresearch","https:\/\/x.com\/sunoresearch","https:\/\/www.instagram.com\/suno","https:\/\/www.linkedin.com\/company\/suno-research\/","https:\/\/www.youtube.com\/c\/sunoresearch"]},{"@type":"Person","@id":"https:\/\/www.suno.com.br\/noticias\/#\/schema\/person\/06f0d962a6b1c54852e4860f16935600","name":"Bruno Galv\u00e3o","image":{"@type":"ImageObject","inLanguage":"pt-BR","@id":"https:\/\/www.suno.com.br\/noticias\/#\/schema\/person\/image\/","url":"https:\/\/secure.gravatar.com\/avatar\/53598df0b41c00f12f287a912d0e918e?s=96&r=g","contentUrl":"https:\/\/secure.gravatar.com\/avatar\/53598df0b41c00f12f287a912d0e918e?s=96&r=g","caption":"Bruno Galv\u00e3o"},"description":"Escreve para o portal Suno Not\u00edcias. \u00c9 estudante de Jornalismo pela Faculdade C\u00e1sper L\u00edbero e Letras pela USP. Entusiasta de tecnologia e intelig\u00eancia artificial.","url":"https:\/\/www.suno.com.br\/noticias\/author\/bruno-garcia\/"}]}},"default_loop_html":"<div class=\"cardsPage__listCard__boxs\"><div class=\"cardsPage__listCard__boxs__img\"><a href=\"https:\/\/www.suno.com.br\/noticias\/tendencia-inflacao-crescente-campos-neto\/\"><img class=\"mask\" src=\"https:\/\/www.suno.com.br\/noticias\/wp-content\/themes\/suno\/resources\/images\/spotlight\/spotlight1img\/bg-mask.png\" alt=\"Image Mask\"\/><img src=\"https:\/\/files.sunoresearch.com.br\/n\/uploads\/2021\/03\/95a90a39-50378530453_d3c330df4f_k-400x200.webp\" alt=\"Tend\u00eancia de infla\u00e7\u00e3o no Brasil ainda \u00e9 crescente, diz Campos Neto\"\/><\/a><span class=\"spotlightCategory\"><a href=\"https:\/\/www.suno.com.br\/noticias\/economia\/\">Economia<\/a><\/span><\/div><div class=\"cardsPage__listCard__boxs__content\"><a href=\"https:\/\/www.suno.com.br\/noticias\/tendencia-inflacao-crescente-campos-neto\/\"><h2 class=\"content__title\">Tend\u00eancia de infla\u00e7\u00e3o no Brasil ainda \u00e9 crescente, diz Campos Neto<\/h2><\/a><div class=\"newsContent__article__meta\"><div class=\"newsContent__article__meta__authorBox\"><a href=\"https:\/\/www.suno.com.br\/noticias\/author\/bruno-garcia\/\" class=\"authorBox__avatar noMobi\"><img src=\"https:\/\/secure.gravatar.com\/avatar\/53598df0b41c00f12f287a912d0e918e?s=96&#038;r=g\" alt=\"Bruno Galv\u00e3o\"><\/a><div class=\"authorBox__name\"><span>por\n\t\t\t<a href=\"https:\/\/www.suno.com.br\/noticias\/author\/bruno-garcia\/\"><span itemprop=\"author\">Bruno Galv\u00e3o<\/span><\/a><\/span><time datetime=\"2022-02-21T17:28:40-03:00\" itemprop=\"datePublished\">21\/02\/2022 17:28<\/time><\/div><\/div><\/div><\/div><\/div>","single_layout":"posts","amp_enabled":true,"_links":{"self":[{"href":"https:\/\/www.suno.com.br\/noticias\/wp-json\/wp\/v2\/posts\/233588"}],"collection":[{"href":"https:\/\/www.suno.com.br\/noticias\/wp-json\/wp\/v2\/posts"}],"about":[{"href":"https:\/\/www.suno.com.br\/noticias\/wp-json\/wp\/v2\/types\/post"}],"author":[{"embeddable":true,"href":"https:\/\/www.suno.com.br\/noticias\/wp-json\/wp\/v2\/users\/118"}],"replies":[{"embeddable":true,"href":"https:\/\/www.suno.com.br\/noticias\/wp-json\/wp\/v2\/comments?post=233588"}],"version-history":[{"count":4,"href":"https:\/\/www.suno.com.br\/noticias\/wp-json\/wp\/v2\/posts\/233588\/revisions"}],"predecessor-version":[{"id":233649,"href":"https:\/\/www.suno.com.br\/noticias\/wp-json\/wp\/v2\/posts\/233588\/revisions\/233649"}],"wp:featuredmedia":[{"embeddable":true,"href":"https:\/\/www.suno.com.br\/noticias\/wp-json\/wp\/v2\/media\/132138"}],"wp:attachment":[{"href":"https:\/\/www.suno.com.br\/noticias\/wp-json\/wp\/v2\/media?parent=233588"}],"wp:term":[{"taxonomy":"category","embeddable":true,"href":"https:\/\/www.suno.com.br\/noticias\/wp-json\/wp\/v2\/categories?post=233588"},{"taxonomy":"post_tag","embeddable":true,"href":"https:\/\/www.suno.com.br\/noticias\/wp-json\/wp\/v2\/tags?post=233588"},{"taxonomy":"suno_strategy","embeddable":true,"href":"https:\/\/www.suno.com.br\/noticias\/wp-json\/wp\/v2\/suno_strategy?post=233588"}],"curies":[{"name":"wp","href":"https:\/\/api.w.org\/{rel}","templated":true}]}}