{"id":233477,"date":"2022-02-21T13:20:09","date_gmt":"2022-02-21T16:20:09","guid":{"rendered":"https:\/\/www.suno.com.br\/noticias\/?p=233477"},"modified":"2022-02-21T13:20:09","modified_gmt":"2022-02-21T16:20:09","slug":"exercito-russia-mata-ucranianos","status":"publish","type":"post","link":"https:\/\/www.suno.com.br\/noticias\/exercito-russia-mata-ucranianos\/","title":{"rendered":"Ex\u00e9rcito da R\u00fassia mata 5 ucranianos em tentativa de invas\u00e3o, diz ag\u00eancia"},"content":{"rendered":"<p>O Ex\u00e9rcito da <strong>R\u00fassia<\/strong> matou cinco ucranianos que tentavam atravessar a fronteira nesta segunda-feira (21), segundo informa\u00e7\u00f5es da ag\u00eancia de not\u00edcias russa Interfax.<\/p>\t<div class=\"wrapper-featured-image\">\n\t\t<figure class=\"spotlightImg\">\n\n\t\t\t<picture>\n\t\t\t\t<source media=\"(max-width: 768px)\" srcset=\"https:\/\/files.sunoresearch.com.br\/n\/uploads\/2022\/02\/image-6046827-400x200.jpg\">\n\t\t\t\t<img loading=\"lazy\" decoding=\"async\" class=\"newsContent__article__imgCapa lazyloadDisabled \" src=\"https:\/\/files.sunoresearch.com.br\/n\/uploads\/2022\/02\/image-6046827-800x450.jpg\" width=\"800\" height=\"450\" alt=\"Ex\u00e9rcito da R\u00fassia mata 5 ucranianos em tentativa de invas\u00e3o, diz ag\u00eancia\" fetchpriority=high \/>\n\t\t\t<\/picture>\n\n\t\t\t<figcaption class=\"wp-caption-text wp-caption-text--show\">Crise entre Ucr\u00e2nia e R\u00fassia. Foto: Pixabay.<\/figcaption>\n\t\t<\/figure>\n\t<\/div>\n\n\n\t<p>\n\t\t<a href=\"https:\/\/lp.suno.com.br\/planilha-controle-gastos\/\" target=\"_blank\" data-element=\"shortcode-suno-banner\" title=\"Banner SUNO, clique e saiba mais\">\n\t\t\t<picture>\n\t\t\t\t<source media=\"(max-width: 500px)\" srcset=\"https:\/\/files.sunoresearch.com.br\/n\/uploads\/2023\/03\/400x300-Planilha-controle-de-gastos.png\">\n\t\t\t\t<img class=\"newsContent__article__imgCapa newsContent__article__imgCapa--banner\"\n\t\t\t\t\tsrc=\"https:\/\/files.sunoresearch.com.br\/n\/uploads\/2023\/03\/1420x240-Planilha-controle-de-gastos.png\"\n\t\t\t\t\tdata-promo-id=\"101751\"\t\t\t\t\t\t\t\t\t\twidth='1420' height='240'\t\t\t\t\talt=\"https:\/\/files.sunoresearch.com.br\/n\/uploads\/2023\/03\/1420x240-Planilha-controle-de-gastos.png\"\n\t\t\t\t>\n\t\t\t<\/picture>\n\t\t<\/a>\n\t<\/p>\n\n\n<p>Em sua publica\u00e7\u00e3o, a Interfax relata que houve confronto entre &#8220;cinco violadores da <strong>fronteira da Federa\u00e7\u00e3o Russa<\/strong>&#8221; que faziam parte de um grupo de sabotagem. Eles foram reconhecidos e &#8220;destru\u00eddos&#8221;, indicam os documentos do Distrito Militar do Sul.<\/p>\n<p>O <strong>grupo de ucranianos<\/strong> teria sido descoberto pelo Ex\u00e9rcito da R\u00fassia por volta das 6h (hor\u00e1rio de Moscou), na fronteira da Federa\u00e7\u00e3o Russa com a <strong>Ucr\u00e2nia<\/strong>. Para deter os sabotadores, os guardas de fronteira teriam solicitado refor\u00e7os \u00e0 unidade do Distrito Militar Sul, destinada \u00e0 cobertura operacional da fronteira.<\/p>\n<p>Durante o confronto, as For\u00e7as Armadas russas chegaram a destruir dois ve\u00edculos de combate de infantaria da Ucr\u00e2nia que tentaram salvar e evacuar os ucranianos, informou a Interfax.<\/p>\n<p>At\u00e9 o momento, n\u00e3o houve uma manifesta\u00e7\u00e3o formal do governo russo sobre o epis\u00f3dio. Emissoras norte-americanas divulgaram imagens atualizadas, nesta segunda, que mostram<strong> tropas russas<\/strong> a cerca de 15 quil\u00f4metros das fronteiras ucranianas.<\/p>\n<p>Na mat\u00e9ria da Interfax, s\u00e3o relatados ainda ataques ao territ\u00f3rio da R\u00fassia pela Ucr\u00e2nia, como o lan\u00e7amento de um proj\u00e9til na fronteira da regi\u00e3o de Rostov. Segundo o texto, n\u00e3o houve v\u00edtimas e o servi\u00e7o de guarda da Ucr\u00e2nia nega o ataque.<\/p>\n\t<p>\n\t\t<a href=\"\" target=\"_blank\" data-element=\"shortcode-suno-banner\" title=\"Banner SUNO, clique e saiba mais\">\n\t\t\t<picture>\n\t\t\t\t<source media=\"(max-width: 500px)\" srcset=\"\">\n\t\t\t\t<img class=\"newsContent__article__imgCapa newsContent__article__imgCapa--banner\"\n\t\t\t\t\tsrc=\"\"\n\t\t\t\t\tdata-promo-id=\"77030\"\t\t\t\t\t\t\t\t\t\t\t\t\t\t\talt=\"\"\n\t\t\t\t>\n\t\t\t<\/picture>\n\t\t<\/a>\n\t<\/p>\n\n\n<h2>Tens\u00e3o entre R\u00fassia e Ucr\u00e2nia derruba bolsas mundiais<\/h2>\n<p>Nos Estados Unidos, hoje \u00e9 feriado do Dia do Presidente e somente as negocia\u00e7\u00f5es de alguns ativos est\u00e3o liberadas, o que diminui a liquidez dos mercados globais.<\/p>\n<p>Os contratos futuros de Nova York, que podem ser operados, tiveram uma guinada negativa ap\u00f3s relatos de que a reuni\u00e3o entre russos e americanos havia azedado. Segundo a ag\u00eancia Reuters, autoridades russas disseram que \u201cn\u00e3o h\u00e1 planos concretos\u201d para o encontro de <strong>Vladimir Putin<\/strong> com <strong>Joe Biden<\/strong> sobre a situa\u00e7\u00e3o na Ucr\u00e2nia.<\/p>\n<p>Nesta segunda-feira (21), o \u00edndice pan-europeu <strong>Stoxx 600<\/strong> recua 0,58%. O <strong>DAX<\/strong>, da Alemanha, tem queda de 0,55% e o <strong>FTSE<\/strong>, do Reino Unido, de 0,08%.<\/p>\n<p>Na \u00c1sia, os mercados fecharam em dire\u00e7\u00f5es opostas, tamb\u00e9m de olho na possibilidade de a R\u00fassia invadir a Ucr\u00e2nia. O <a class=\"suno-keyword\" href=\"https:\/\/www.suno.com.br\/artigos\/hang-seng\/\" target=\"_blank\" rel=\"noopener\" data-force=\"no\" data-priority=\"1\">Hang Seng<\/a>, de Hong Kong, teve queda de 0,65%, enquanto o australiano ASX 200, em alta de 0,16%.<\/p>\n<p>J\u00e1 no campo das commodities, os futuros do petr\u00f3leo operam em alta com as tens\u00f5es renovadas entre <strong>R\u00fassia<\/strong> e Ucr\u00e2nia: Brent sobe 1,59% para US$ 95,03 o barril, e o WTI tem alta de 1,28%, valendo US$ 92,24 o barril.<\/p>\n\t<p>\n\t\t<a href=\"https:\/\/lp.suno.com.br\/planilha-de-controle-de-investimentos\/\" target=\"_blank\" data-element=\"shortcode-suno-banner\" title=\"Banner SUNO, clique e saiba mais\">\n\t\t\t<picture>\n\t\t\t\t<source media=\"(max-width: 500px)\" srcset=\"https:\/\/files.sunoresearch.com.br\/n\/uploads\/2023\/03\/400x300-Controle-de-Investimentos.png\">\n\t\t\t\t<img class=\"newsContent__article__imgCapa newsContent__article__imgCapa--banner\"\n\t\t\t\t\tsrc=\"https:\/\/files.sunoresearch.com.br\/n\/uploads\/2023\/03\/1420x240-Controle-de-Investimentos.png\"\n\t\t\t\t\tdata-promo-id=\"75934\"\t\t\t\t\t\t\t\t\t\twidth='1420' height='240'\t\t\t\t\talt=\"https:\/\/files.sunoresearch.com.br\/n\/uploads\/2023\/03\/1420x240-Controle-de-Investimentos.png\"\n\t\t\t\t>\n\t\t\t<\/picture>\n\t\t<\/a>\n\t<\/p>\n\n\n","protected":false},"excerpt":{"rendered":"<p>O Ex\u00e9rcito da R\u00fassia matou cinco ucranianos que tentavam atravessar a fronteira nesta segunda-feira (21), segundo informa\u00e7\u00f5es da ag\u00eancia de not\u00edcias russa Interfax. Crise entre Ucr\u00e2nia e R\u00fassia. Foto: Pixabay. Em sua publica\u00e7\u00e3o, a Interfax relata que houve confronto entre &#8220;cinco violadores da fronteira da Federa\u00e7\u00e3o Russa&#8221; que faziam parte de um grupo de sabotagem. [&hellip;]<\/p>\n","protected":false},"author":102,"featured_media":227560,"comment_status":"closed","ping_status":"closed","sticky":false,"template":"","format":"standard","meta":[],"categories":[63],"tags":[866],"suno_strategy":[],"class_list":["post-233477","post","type-post","status-publish","format-standard","has-post-thumbnail","hentry","category-internacional","tag-russia"],"yoast_head":"<!-- This site is optimized with the Yoast SEO plugin v24.4 - https:\/\/yoast.com\/wordpress\/plugins\/seo\/ -->\n<title>Ex\u00e9rcito da R\u00fassia mata 5 ucranianos em tentativa de invas\u00e3o, diz ag\u00eancia<\/title>\n<meta name=\"description\" content=\"Segundo a ag\u00eancia de not\u00edcias russas Interfax, o ex\u00e9rcito da R\u00fassia matou cinco ucranianos nesta segunda. Saiba mais detalhes aqui.\" \/>\n<meta name=\"robots\" content=\"index, follow, max-snippet:-1, max-image-preview:large, max-video-preview:-1\" \/>\n<link rel=\"canonical\" href=\"https:\/\/www.suno.com.br\/noticias\/exercito-russia-mata-ucranianos\/\" \/>\n<meta property=\"og:locale\" content=\"pt_BR\" \/>\n<meta property=\"og:type\" content=\"article\" \/>\n<meta property=\"og:title\" content=\"Ex\u00e9rcito da R\u00fassia mata 5 ucranianos em tentativa de invas\u00e3o, diz ag\u00eancia\" \/>\n<meta property=\"og:description\" content=\"Segundo a ag\u00eancia de not\u00edcias russas Interfax, o ex\u00e9rcito da R\u00fassia matou cinco ucranianos nesta segunda. Saiba mais detalhes aqui.\" \/>\n<meta property=\"og:url\" content=\"https:\/\/www.suno.com.br\/noticias\/exercito-russia-mata-ucranianos\/\" \/>\n<meta property=\"og:site_name\" content=\"Suno Not\u00edcias\" \/>\n<meta property=\"article:publisher\" content=\"https:\/\/facebook.com\/sunoresearch\" \/>\n<meta property=\"og:image\" content=\"https:\/\/files.sunoresearch.com.br\/n\/uploads\/2022\/02\/image-6046827-scaled.jpg\" \/>\n\t<meta property=\"og:image:width\" content=\"2560\" \/>\n\t<meta property=\"og:image:height\" content=\"1707\" \/>\n\t<meta property=\"og:image:type\" content=\"image\/jpeg\" \/>\n<meta name=\"author\" content=\"Monique Lima\" \/>\n<meta name=\"twitter:card\" content=\"summary_large_image\" \/>\n<meta name=\"twitter:creator\" content=\"@sunoresearch\" \/>\n<meta name=\"twitter:site\" content=\"@sunoresearch\" \/>\n<meta name=\"twitter:label1\" content=\"Escrito por\" \/>\n\t<meta name=\"twitter:data1\" content=\"Monique Lima\" \/>\n\t<meta name=\"twitter:label2\" content=\"Est. tempo de leitura\" \/>\n\t<meta name=\"twitter:data2\" content=\"2 minutos\" \/>\n<script type=\"application\/ld+json\" class=\"yoast-schema-graph\">{\"@context\":\"https:\/\/schema.org\",\"@graph\":[{\"@type\":\"NewsArticle\",\"@id\":\"https:\/\/www.suno.com.br\/noticias\/exercito-russia-mata-ucranianos\/#article\",\"isPartOf\":{\"@id\":\"https:\/\/www.suno.com.br\/noticias\/exercito-russia-mata-ucranianos\/\"},\"author\":{\"name\":\"Monique Lima\",\"@id\":\"https:\/\/www.suno.com.br\/noticias\/#\/schema\/person\/d712329319cc9b10f254d02d654cb36a\"},\"headline\":\"Ex\u00e9rcito da R\u00fassia mata 5 ucranianos em tentativa de invas\u00e3o, diz ag\u00eancia\",\"datePublished\":\"2022-02-21T16:20:09+00:00\",\"mainEntityOfPage\":{\"@id\":\"https:\/\/www.suno.com.br\/noticias\/exercito-russia-mata-ucranianos\/\"},\"wordCount\":463,\"publisher\":{\"@id\":\"https:\/\/www.suno.com.br\/noticias\/#organization\"},\"image\":{\"@id\":\"https:\/\/www.suno.com.br\/noticias\/exercito-russia-mata-ucranianos\/#primaryimage\"},\"thumbnailUrl\":\"https:\/\/files.sunoresearch.com.br\/n\/uploads\/2022\/02\/image-6046827-scaled.jpg\",\"keywords\":[\"R\u00fassia\"],\"articleSection\":[\"Internacional\"],\"inLanguage\":\"pt-BR\"},{\"@type\":\"WebPage\",\"@id\":\"https:\/\/www.suno.com.br\/noticias\/exercito-russia-mata-ucranianos\/\",\"url\":\"https:\/\/www.suno.com.br\/noticias\/exercito-russia-mata-ucranianos\/\",\"name\":\"Ex\u00e9rcito da R\u00fassia mata 5 ucranianos em tentativa de invas\u00e3o, diz ag\u00eancia\",\"isPartOf\":{\"@id\":\"https:\/\/www.suno.com.br\/noticias\/#website\"},\"primaryImageOfPage\":{\"@id\":\"https:\/\/www.suno.com.br\/noticias\/exercito-russia-mata-ucranianos\/#primaryimage\"},\"image\":{\"@id\":\"https:\/\/www.suno.com.br\/noticias\/exercito-russia-mata-ucranianos\/#primaryimage\"},\"thumbnailUrl\":\"https:\/\/files.sunoresearch.com.br\/n\/uploads\/2022\/02\/image-6046827-scaled.jpg\",\"datePublished\":\"2022-02-21T16:20:09+00:00\",\"description\":\"Segundo a ag\u00eancia de not\u00edcias russas Interfax, o ex\u00e9rcito da R\u00fassia matou cinco ucranianos nesta segunda. Saiba mais detalhes aqui.\",\"breadcrumb\":{\"@id\":\"https:\/\/www.suno.com.br\/noticias\/exercito-russia-mata-ucranianos\/#breadcrumb\"},\"inLanguage\":\"pt-BR\",\"potentialAction\":[{\"@type\":\"ReadAction\",\"target\":[\"https:\/\/www.suno.com.br\/noticias\/exercito-russia-mata-ucranianos\/\"]}]},{\"@type\":\"ImageObject\",\"inLanguage\":\"pt-BR\",\"@id\":\"https:\/\/www.suno.com.br\/noticias\/exercito-russia-mata-ucranianos\/#primaryimage\",\"url\":\"https:\/\/files.sunoresearch.com.br\/n\/uploads\/2022\/02\/image-6046827-scaled.jpg\",\"contentUrl\":\"https:\/\/files.sunoresearch.com.br\/n\/uploads\/2022\/02\/image-6046827-scaled.jpg\",\"width\":2560,\"height\":1707,\"caption\":\"Crise entre Ucr\u00e2nia e R\u00fassia. Foto: Pixabay.\"},{\"@type\":\"BreadcrumbList\",\"@id\":\"https:\/\/www.suno.com.br\/noticias\/exercito-russia-mata-ucranianos\/#breadcrumb\",\"itemListElement\":[{\"@type\":\"ListItem\",\"position\":1,\"name\":\"Not\u00edcias\",\"item\":\"https:\/\/www.suno.com.br\/noticias\/\"},{\"@type\":\"ListItem\",\"position\":2,\"name\":\"Internacional\",\"item\":\"https:\/\/www.suno.com.br\/noticias\/internacional\/\"},{\"@type\":\"ListItem\",\"position\":3,\"name\":\"Ex\u00e9rcito da R\u00fassia mata 5 ucranianos em tentativa de invas\u00e3o, diz ag\u00eancia\"}]},{\"@type\":\"WebSite\",\"@id\":\"https:\/\/www.suno.com.br\/noticias\/#website\",\"url\":\"https:\/\/www.suno.com.br\/noticias\/\",\"name\":\"Suno Not\u00edcias\",\"description\":\"Seu portal de informa\u00e7\u00e3o sobre o mundo dos investimentos\",\"publisher\":{\"@id\":\"https:\/\/www.suno.com.br\/noticias\/#organization\"},\"potentialAction\":[{\"@type\":\"SearchAction\",\"target\":{\"@type\":\"EntryPoint\",\"urlTemplate\":\"https:\/\/www.suno.com.br\/noticias\/?s={search_term_string}\"},\"query-input\":{\"@type\":\"PropertyValueSpecification\",\"valueRequired\":true,\"valueName\":\"search_term_string\"}}],\"inLanguage\":\"pt-BR\"},{\"@type\":\"Organization\",\"@id\":\"https:\/\/www.suno.com.br\/noticias\/#organization\",\"name\":\"Suno Not\u00edcias\",\"url\":\"https:\/\/www.suno.com.br\/noticias\/\",\"logo\":{\"@type\":\"ImageObject\",\"inLanguage\":\"pt-BR\",\"@id\":\"https:\/\/www.suno.com.br\/noticias\/#\/schema\/logo\/image\/\",\"url\":\"https:\/\/files.sunoresearch.com.br\/n\/uploads\/2021\/09\/suno-logo.png\",\"contentUrl\":\"https:\/\/files.sunoresearch.com.br\/n\/uploads\/2021\/09\/suno-logo.png\",\"width\":180,\"height\":180,\"caption\":\"Suno Not\u00edcias\"},\"image\":{\"@id\":\"https:\/\/www.suno.com.br\/noticias\/#\/schema\/logo\/image\/\"},\"sameAs\":[\"https:\/\/facebook.com\/sunoresearch\",\"https:\/\/x.com\/sunoresearch\",\"https:\/\/www.instagram.com\/suno\",\"https:\/\/www.linkedin.com\/company\/suno-research\/\",\"https:\/\/www.youtube.com\/c\/sunoresearch\"]},{\"@type\":\"Person\",\"@id\":\"https:\/\/www.suno.com.br\/noticias\/#\/schema\/person\/d712329319cc9b10f254d02d654cb36a\",\"name\":\"Monique Lima\",\"image\":{\"@type\":\"ImageObject\",\"inLanguage\":\"pt-BR\",\"@id\":\"https:\/\/www.suno.com.br\/noticias\/#\/schema\/person\/image\/\",\"url\":\"https:\/\/secure.gravatar.com\/avatar\/daee7f16d906c2e9ffed236206ca2c30?s=96&r=g\",\"contentUrl\":\"https:\/\/secure.gravatar.com\/avatar\/daee7f16d906c2e9ffed236206ca2c30?s=96&r=g\",\"caption\":\"Monique Lima\"},\"description\":\"Rep\u00f3rter de Mercado no Suno Not\u00edcias, \u00e9 jornalista com experi\u00eancia na cobertura de economia, empreendedorismo, finan\u00e7as pessoais, mercado financeiro, carreira e recursos humanos. Formada em Jornalismo pela Universidade Paulista, teve experi\u00eancias em ve\u00edculos de comunica\u00e7\u00e3o como a Ag\u00eancia TradeMap, Revista Voc\u00ea S\/A e Revista Voc\u00ea RH, as duas \u00faltimas publica\u00e7\u00f5es da Editora Abril. No Suno Not\u00edcias, fala sobre as principais not\u00edcias de Fundos Imobili\u00e1rios, Fiagro, Startups e empresas listadas na Bolsa.\",\"url\":\"https:\/\/www.suno.com.br\/noticias\/author\/monique-lima\/\"}]}<\/script>\n<!-- \/ Yoast SEO plugin. -->","yoast_head_json":{"title":"Ex\u00e9rcito da R\u00fassia mata 5 ucranianos em tentativa de invas\u00e3o, diz ag\u00eancia","description":"Segundo a ag\u00eancia de not\u00edcias russas Interfax, o ex\u00e9rcito da R\u00fassia matou cinco ucranianos nesta segunda. Saiba mais detalhes aqui.","robots":{"index":"index","follow":"follow","max-snippet":"max-snippet:-1","max-image-preview":"max-image-preview:large","max-video-preview":"max-video-preview:-1"},"canonical":"https:\/\/www.suno.com.br\/noticias\/exercito-russia-mata-ucranianos\/","og_locale":"pt_BR","og_type":"article","og_title":"Ex\u00e9rcito da R\u00fassia mata 5 ucranianos em tentativa de invas\u00e3o, diz ag\u00eancia","og_description":"Segundo a ag\u00eancia de not\u00edcias russas Interfax, o ex\u00e9rcito da R\u00fassia matou cinco ucranianos nesta segunda. Saiba mais detalhes aqui.","og_url":"https:\/\/www.suno.com.br\/noticias\/exercito-russia-mata-ucranianos\/","og_site_name":"Suno Not\u00edcias","article_publisher":"https:\/\/facebook.com\/sunoresearch","og_image":[{"width":2560,"height":1707,"url":"https:\/\/files.sunoresearch.com.br\/n\/uploads\/2022\/02\/image-6046827-scaled.jpg","type":"image\/jpeg"}],"author":"Monique Lima","twitter_card":"summary_large_image","twitter_creator":"@sunoresearch","twitter_site":"@sunoresearch","twitter_misc":{"Escrito por":"Monique Lima","Est. tempo de leitura":"2 minutos"},"schema":{"@context":"https:\/\/schema.org","@graph":[{"@type":"NewsArticle","@id":"https:\/\/www.suno.com.br\/noticias\/exercito-russia-mata-ucranianos\/#article","isPartOf":{"@id":"https:\/\/www.suno.com.br\/noticias\/exercito-russia-mata-ucranianos\/"},"author":{"name":"Monique Lima","@id":"https:\/\/www.suno.com.br\/noticias\/#\/schema\/person\/d712329319cc9b10f254d02d654cb36a"},"headline":"Ex\u00e9rcito da R\u00fassia mata 5 ucranianos em tentativa de invas\u00e3o, diz ag\u00eancia","datePublished":"2022-02-21T16:20:09+00:00","mainEntityOfPage":{"@id":"https:\/\/www.suno.com.br\/noticias\/exercito-russia-mata-ucranianos\/"},"wordCount":463,"publisher":{"@id":"https:\/\/www.suno.com.br\/noticias\/#organization"},"image":{"@id":"https:\/\/www.suno.com.br\/noticias\/exercito-russia-mata-ucranianos\/#primaryimage"},"thumbnailUrl":"https:\/\/files.sunoresearch.com.br\/n\/uploads\/2022\/02\/image-6046827-scaled.jpg","keywords":["R\u00fassia"],"articleSection":["Internacional"],"inLanguage":"pt-BR"},{"@type":"WebPage","@id":"https:\/\/www.suno.com.br\/noticias\/exercito-russia-mata-ucranianos\/","url":"https:\/\/www.suno.com.br\/noticias\/exercito-russia-mata-ucranianos\/","name":"Ex\u00e9rcito da R\u00fassia mata 5 ucranianos em tentativa de invas\u00e3o, diz ag\u00eancia","isPartOf":{"@id":"https:\/\/www.suno.com.br\/noticias\/#website"},"primaryImageOfPage":{"@id":"https:\/\/www.suno.com.br\/noticias\/exercito-russia-mata-ucranianos\/#primaryimage"},"image":{"@id":"https:\/\/www.suno.com.br\/noticias\/exercito-russia-mata-ucranianos\/#primaryimage"},"thumbnailUrl":"https:\/\/files.sunoresearch.com.br\/n\/uploads\/2022\/02\/image-6046827-scaled.jpg","datePublished":"2022-02-21T16:20:09+00:00","description":"Segundo a ag\u00eancia de not\u00edcias russas Interfax, o ex\u00e9rcito da R\u00fassia matou cinco ucranianos nesta segunda. Saiba mais detalhes aqui.","breadcrumb":{"@id":"https:\/\/www.suno.com.br\/noticias\/exercito-russia-mata-ucranianos\/#breadcrumb"},"inLanguage":"pt-BR","potentialAction":[{"@type":"ReadAction","target":["https:\/\/www.suno.com.br\/noticias\/exercito-russia-mata-ucranianos\/"]}]},{"@type":"ImageObject","inLanguage":"pt-BR","@id":"https:\/\/www.suno.com.br\/noticias\/exercito-russia-mata-ucranianos\/#primaryimage","url":"https:\/\/files.sunoresearch.com.br\/n\/uploads\/2022\/02\/image-6046827-scaled.jpg","contentUrl":"https:\/\/files.sunoresearch.com.br\/n\/uploads\/2022\/02\/image-6046827-scaled.jpg","width":2560,"height":1707,"caption":"Crise entre Ucr\u00e2nia e R\u00fassia. Foto: Pixabay."},{"@type":"BreadcrumbList","@id":"https:\/\/www.suno.com.br\/noticias\/exercito-russia-mata-ucranianos\/#breadcrumb","itemListElement":[{"@type":"ListItem","position":1,"name":"Not\u00edcias","item":"https:\/\/www.suno.com.br\/noticias\/"},{"@type":"ListItem","position":2,"name":"Internacional","item":"https:\/\/www.suno.com.br\/noticias\/internacional\/"},{"@type":"ListItem","position":3,"name":"Ex\u00e9rcito da R\u00fassia mata 5 ucranianos em tentativa de invas\u00e3o, diz ag\u00eancia"}]},{"@type":"WebSite","@id":"https:\/\/www.suno.com.br\/noticias\/#website","url":"https:\/\/www.suno.com.br\/noticias\/","name":"Suno Not\u00edcias","description":"Seu portal de informa\u00e7\u00e3o sobre o mundo dos investimentos","publisher":{"@id":"https:\/\/www.suno.com.br\/noticias\/#organization"},"potentialAction":[{"@type":"SearchAction","target":{"@type":"EntryPoint","urlTemplate":"https:\/\/www.suno.com.br\/noticias\/?s={search_term_string}"},"query-input":{"@type":"PropertyValueSpecification","valueRequired":true,"valueName":"search_term_string"}}],"inLanguage":"pt-BR"},{"@type":"Organization","@id":"https:\/\/www.suno.com.br\/noticias\/#organization","name":"Suno Not\u00edcias","url":"https:\/\/www.suno.com.br\/noticias\/","logo":{"@type":"ImageObject","inLanguage":"pt-BR","@id":"https:\/\/www.suno.com.br\/noticias\/#\/schema\/logo\/image\/","url":"https:\/\/files.sunoresearch.com.br\/n\/uploads\/2021\/09\/suno-logo.png","contentUrl":"https:\/\/files.sunoresearch.com.br\/n\/uploads\/2021\/09\/suno-logo.png","width":180,"height":180,"caption":"Suno Not\u00edcias"},"image":{"@id":"https:\/\/www.suno.com.br\/noticias\/#\/schema\/logo\/image\/"},"sameAs":["https:\/\/facebook.com\/sunoresearch","https:\/\/x.com\/sunoresearch","https:\/\/www.instagram.com\/suno","https:\/\/www.linkedin.com\/company\/suno-research\/","https:\/\/www.youtube.com\/c\/sunoresearch"]},{"@type":"Person","@id":"https:\/\/www.suno.com.br\/noticias\/#\/schema\/person\/d712329319cc9b10f254d02d654cb36a","name":"Monique Lima","image":{"@type":"ImageObject","inLanguage":"pt-BR","@id":"https:\/\/www.suno.com.br\/noticias\/#\/schema\/person\/image\/","url":"https:\/\/secure.gravatar.com\/avatar\/daee7f16d906c2e9ffed236206ca2c30?s=96&r=g","contentUrl":"https:\/\/secure.gravatar.com\/avatar\/daee7f16d906c2e9ffed236206ca2c30?s=96&r=g","caption":"Monique Lima"},"description":"Rep\u00f3rter de Mercado no Suno Not\u00edcias, \u00e9 jornalista com experi\u00eancia na cobertura de economia, empreendedorismo, finan\u00e7as pessoais, mercado financeiro, carreira e recursos humanos. Formada em Jornalismo pela Universidade Paulista, teve experi\u00eancias em ve\u00edculos de comunica\u00e7\u00e3o como a Ag\u00eancia TradeMap, Revista Voc\u00ea S\/A e Revista Voc\u00ea RH, as duas \u00faltimas publica\u00e7\u00f5es da Editora Abril. No Suno Not\u00edcias, fala sobre as principais not\u00edcias de Fundos Imobili\u00e1rios, Fiagro, Startups e empresas listadas na Bolsa.","url":"https:\/\/www.suno.com.br\/noticias\/author\/monique-lima\/"}]}},"default_loop_html":"<div class=\"cardsPage__listCard__boxs\"><div class=\"cardsPage__listCard__boxs__img\"><a href=\"https:\/\/www.suno.com.br\/noticias\/exercito-russia-mata-ucranianos\/\"><img class=\"mask\" src=\"https:\/\/www.suno.com.br\/noticias\/wp-content\/themes\/suno\/resources\/images\/spotlight\/spotlight1img\/bg-mask.png\" alt=\"Image Mask\"\/><img src=\"https:\/\/files.sunoresearch.com.br\/n\/uploads\/2022\/02\/image-6046827-400x200.jpg\" alt=\"Ex\u00e9rcito da R\u00fassia mata 5 ucranianos em tentativa de invas\u00e3o, diz ag\u00eancia\"\/><\/a><span class=\"spotlightCategory\"><a href=\"https:\/\/www.suno.com.br\/noticias\/internacional\/\">Internacional<\/a><\/span><\/div><div class=\"cardsPage__listCard__boxs__content\"><a href=\"https:\/\/www.suno.com.br\/noticias\/exercito-russia-mata-ucranianos\/\"><h2 class=\"content__title\">Ex\u00e9rcito da R\u00fassia mata 5 ucranianos em tentativa de invas\u00e3o, diz ag\u00eancia<\/h2><\/a><div class=\"newsContent__article__meta\"><div class=\"newsContent__article__meta__authorBox\"><a href=\"https:\/\/www.suno.com.br\/noticias\/author\/monique-lima\/\" class=\"authorBox__avatar noMobi\"><img src=\"https:\/\/secure.gravatar.com\/avatar\/daee7f16d906c2e9ffed236206ca2c30?s=96&#038;r=g\" alt=\"Monique Lima\"><\/a><div class=\"authorBox__name\"><span>por\n\t\t\t<a href=\"https:\/\/www.suno.com.br\/noticias\/author\/monique-lima\/\"><span itemprop=\"author\">Monique Lima<\/span><\/a><\/span><time datetime=\"2022-02-21T13:20:09-03:00\" itemprop=\"datePublished\">21\/02\/2022 13:20<\/time><\/div><\/div><\/div><\/div><\/div>","single_layout":"posts","amp_enabled":false,"_links":{"self":[{"href":"https:\/\/www.suno.com.br\/noticias\/wp-json\/wp\/v2\/posts\/233477"}],"collection":[{"href":"https:\/\/www.suno.com.br\/noticias\/wp-json\/wp\/v2\/posts"}],"about":[{"href":"https:\/\/www.suno.com.br\/noticias\/wp-json\/wp\/v2\/types\/post"}],"author":[{"embeddable":true,"href":"https:\/\/www.suno.com.br\/noticias\/wp-json\/wp\/v2\/users\/102"}],"replies":[{"embeddable":true,"href":"https:\/\/www.suno.com.br\/noticias\/wp-json\/wp\/v2\/comments?post=233477"}],"version-history":[{"count":3,"href":"https:\/\/www.suno.com.br\/noticias\/wp-json\/wp\/v2\/posts\/233477\/revisions"}],"predecessor-version":[{"id":233492,"href":"https:\/\/www.suno.com.br\/noticias\/wp-json\/wp\/v2\/posts\/233477\/revisions\/233492"}],"wp:featuredmedia":[{"embeddable":true,"href":"https:\/\/www.suno.com.br\/noticias\/wp-json\/wp\/v2\/media\/227560"}],"wp:attachment":[{"href":"https:\/\/www.suno.com.br\/noticias\/wp-json\/wp\/v2\/media?parent=233477"}],"wp:term":[{"taxonomy":"category","embeddable":true,"href":"https:\/\/www.suno.com.br\/noticias\/wp-json\/wp\/v2\/categories?post=233477"},{"taxonomy":"post_tag","embeddable":true,"href":"https:\/\/www.suno.com.br\/noticias\/wp-json\/wp\/v2\/tags?post=233477"},{"taxonomy":"suno_strategy","embeddable":true,"href":"https:\/\/www.suno.com.br\/noticias\/wp-json\/wp\/v2\/suno_strategy?post=233477"}],"curies":[{"name":"wp","href":"https:\/\/api.w.org\/{rel}","templated":true}]}}