{"id":23345,"date":"2019-05-06T08:00:49","date_gmt":"2019-05-06T11:00:49","guid":{"rendered":"https:\/\/www.suno.com.br\/noticias\/?p=23345"},"modified":"2019-05-06T08:07:16","modified_gmt":"2019-05-06T11:07:16","slug":"laranjas-no-psl-beabianno-ministro-turismo","status":"publish","type":"post","link":"https:\/\/www.suno.com.br\/noticias\/laranjas-no-psl-beabianno-ministro-turismo\/","title":{"rendered":"Laranjas no PSL: Bebianno diz que responsabilidade \u00e9 do ministro do Turismo"},"content":{"rendered":"<p>O ex-secret\u00e1rio-geral da Presid\u00eancia, <strong>Gustavo Bebbiano,<\/strong> afirmou que a responsabilidade sobre candidaturas laranjas no PSL \u00e9 do ministro do <strong>Turismo.\u00a0<\/strong>Segundo Bebianno disse \u00e0 &#8220;Folha&#8221;, o esquema era feito pelo diret\u00f3rio do partido em <strong>Minas Gerais.<\/strong> Dessa forma, a atribui\u00e7\u00e3o recai sobre <strong>Marcelo \u00c1lvaro Ant\u00f4nio.<\/strong> Porque o atual l\u00edder da pasta do Turismo era quem comandava a legenda no estado.<\/p>\t<div class=\"wrapper-featured-image\">\n\t\t<figure class=\"spotlightImg\">\n\n\t\t\t<picture>\n\t\t\t\t<source media=\"(max-width: 768px)\" srcset=\"https:\/\/files.sunoresearch.com.br\/n\/uploads\/2019\/05\/c282524e-laranjas-no-psl-400x200.webp\">\n\t\t\t\t<img loading=\"lazy\" decoding=\"async\" class=\"newsContent__article__imgCapa lazyloadDisabled newsContent__article__imgCapa--noCaption\" src=\"https:\/\/files.sunoresearch.com.br\/n\/uploads\/2019\/05\/c282524e-laranjas-no-psl-800x450.webp\" width=\"800\" height=\"450\" alt=\"Laranjas no PSL: Bebianno diz que responsabilidade \u00e9 do ministro do Turismo\" fetchpriority=high \/>\n\t\t\t<\/picture>\n\n\t\t\t<figcaption class=\"wp-caption-text wp-caption-text--hide\">O ministro da Secretaria-Geral da Presid\u00eancia da Rep\u00fablica, Gustavo Bebianno, chega ao ministerio da Justi\u00e7a e Seguran\u00e7a P\u00fablica, para reuni\u00e3o com o ministro, Sergio Moro<\/figcaption>\n\t\t<\/figure>\n\t<\/div>\n\n\n<p>Assim, ele seria o respons\u00e1vel pelo esquema de candidaturas <strong>laranjas no PSL.<\/strong> O sistema funcionava com o repasse de dinheiro p\u00fablico do partido a candidatas. Entretanto, n\u00e3o haviam esfor\u00e7os reais nas <strong>campanhas eleitorais<\/strong> delas. A suspeita das investiga\u00e7\u00f5es \u00e9 que a campanha era uma fachada e o objetivo era passar o dinheiro a outros nomes da <strong>legenda.<\/strong><\/p>\n<p>De acordo com <strong>Bebianno,<\/strong> os valores repassados \u00e0s quatro candidatas foi solicitado formalmente pelo diret\u00f3rio de <strong>Minas.<\/strong>\u00a0Sendo assim, o ex-secret\u00e1rio afirmou que vai apresentar comprova\u00e7\u00f5es do que diz \u00e0s autoridades.<\/p>\n\t<p>\n\t\t<a href=\"https:\/\/lp.suno.com.br\/ebook-gratuito-investindo-no-exterior\/\" target=\"_blank\" data-element=\"shortcode-suno-banner\" title=\"Banner SUNO, clique e saiba mais\">\n\t\t\t<picture>\n\t\t\t\t<source media=\"(max-width: 500px)\" srcset=\"https:\/\/files.sunoresearch.com.br\/n\/uploads\/2023\/03\/400x300-Investindo-no-exterior.png\">\n\t\t\t\t<img class=\"newsContent__article__imgCapa newsContent__article__imgCapa--banner\"\n\t\t\t\t\tsrc=\"https:\/\/files.sunoresearch.com.br\/n\/uploads\/2023\/03\/1420x240-Investindo-no-exterior.png\"\n\t\t\t\t\tdata-promo-id=\"383161\"\t\t\t\t\t\t\t\t\t\twidth='1420' height='240'\t\t\t\t\talt=\"https:\/\/files.sunoresearch.com.br\/n\/uploads\/2023\/03\/1420x240-Investindo-no-exterior.png\"\n\t\t\t\t>\n\t\t\t<\/picture>\n\t\t<\/a>\n\t<\/p>\n\n\n<p>&#8220;Em rela\u00e7\u00e3o a Minas Gerais, n\u00e3o conhe\u00e7o qualquer das <strong>candidatas<\/strong> que formaram aquela chapa. N\u00e3o sei quem s\u00e3o, e nunca sequer mantive qualquer contato com elas. Simplesmente desconhe\u00e7o. Esclare\u00e7o que todos os pedidos de recursos efetuados para as mencionadas candidatas em quest\u00e3o foram feitos pelo pr\u00f3prio <strong>diret\u00f3rio<\/strong> de Minas Gerais&#8221;, disse <strong>Bebianno<\/strong> \u00e0 &#8220;Folha&#8221;.<\/p>\n<h2>Repasse de verba<\/h2>\n<p>As quatro candidatas declararam ter recebido R$ 279 mil da Executiva nacional. O valor representa um ter\u00e7o de toda a verba repassada para o estado de <strong>Minas Gerais.<\/strong> Entretanto, <strong>Bebianno<\/strong> afirmou que a distribui\u00e7\u00e3o dos valores foi feita como \u00e0s outras unidades federativas da na\u00e7\u00e3o.<\/p>\n<p>O ministro do <strong>Turismo<\/strong> afirmou \u00e0 &#8220;Folha&#8221; que o repasse da verba para as quatro candidatas foi uma decis\u00e3o estrat\u00e9gica. Assim sendo, segundo <strong>\u00c1lvaro Ant\u00f4nio,<\/strong> a inten\u00e7\u00e3o era ter for\u00e7a contra a oposi\u00e7\u00e3o da regi\u00e3o do <strong>Vale do A\u00e7o.<\/strong><\/p>\n<p><a href=\"https:\/\/www.suno.com.br\/noticias\/buscas-psl-candidaturas-laranjas\/\">Saiba Mais: PF faz buscas na sede do PSL em MG para apurar candidaturas laranjas<\/a><\/p>\n<h2>Registro de laranjas no PSL em gr\u00e1ficas<\/h2>\n<p>A <strong>Pol\u00edcia Federal<\/strong> n\u00e3o encontrou comprova\u00e7\u00f5es de que algumas <strong>gr\u00e1ficas<\/strong> prestaram servi\u00e7o para as candidatas suspeitas de serem <strong>laranjas no PSL.<\/strong> A PF fez buscas em cinco gr\u00e1ficas de <strong>Minas Gerais<\/strong> na investiga\u00e7\u00e3o que apura se o <strong>PSL<\/strong> usou candidatas apenas para conseguir verba eleitoral.<\/p>\n<p>A <strong>Pol\u00edcia Federal<\/strong> n\u00e3o conseguiu encontrar registros dos servi\u00e7os prestados ao partido. Isso refor\u00e7a a suspeita de que as gr\u00e1ficas n\u00e3o forneceram produtos para as supostas <strong>laranjas no PSL.<\/strong>\u00a0A hip\u00f3tese usada na investiga\u00e7\u00e3o \u00e9 de que o servi\u00e7o n\u00e3o foi feito ou ent\u00e3o foi realizado para outros candidatos.<\/p>\n<p>A primeira <strong>gr\u00e1fica<\/strong> afirmou que s\u00f3 guardar os registros por seis meses, e, por isso, os procurados pela pol\u00edcia j\u00e1 haviam sido jogados fora. Outra, disse que s\u00f3 anota os pedidos em blocos de papel, que tamb\u00e9m j\u00e1 teriam sido descartados.<\/p>\n<p><a href=\"https:\/\/www.suno.com.br\/noticias\/laranjas-no-psl-pf-nao-encontra-registros-de-servicos-de-graficas-a-candidatas\/\">Saiba Mais: Laranjas no PSL: PF n\u00e3o encontra registros de servi\u00e7os de gr\u00e1ficas a candidatas<\/a><\/p>\n<p>A terceira tamb\u00e9m confirmou que os registros foram para o lixo. J\u00e1 a quarta gr\u00e1fica disse que n\u00e3o registrava pedidos, que eram feitos por telefone ou pessoalmente.\u00a0No mesmo sentido, a quinta empresa alvo das buscas afirmou n\u00e3o guardar os pedidos em documentos f\u00edsicos.<\/p>\n<p>Al\u00e9m das gr\u00e1ficas, a PF tamb\u00e9m investigou, na busca por <strong>laranjas no PSL,<\/strong> o irm\u00e3o de um coordenador da campanha de integrante do PSL. As empresas do suspeito declararam terem prestado servi\u00e7o \u00e0s candidatas, mas elas n\u00e3o funcionam h\u00e1 2 anos.<\/p>\n<h2>Entenda o caso<\/h2>\n<p>As suspeitas sobre o esquema de <strong>laranjas no PSL<\/strong> come\u00e7aram ap\u00f3s a &#8220;Folha de S\u00e3o Paulo&#8221; divulgar o caso. Segundo o jornal, algumas mulheres eram colocadas como candidatas, mas n\u00e3o haviam esfor\u00e7os reais do partido para serem eleitas.<\/p>\n\t<p>\n\t\t<a href=\"https:\/\/lp.suno.com.br\/ao\/cadastro-whatsapp\/?utm_source=sunoresearch&#038;utm_medium=banner.sidebar&#038;utm_campaign=_SNC1787C4C9_\" target=\"_blank\" data-element=\"shortcode-suno-banner\" title=\"Banner SUNO, clique e saiba mais\">\n\t\t\t<picture>\n\t\t\t\t<source media=\"(max-width: 500px)\" srcset=\"https:\/\/files.sunoresearch.com.br\/n\/uploads\/2024\/09\/wpp-suno.png\">\n\t\t\t\t<img class=\"newsContent__article__imgCapa newsContent__article__imgCapa--banner\"\n\t\t\t\t\tsrc=\"https:\/\/files.sunoresearch.com.br\/n\/uploads\/2024\/09\/wpp-suno.png\"\n\t\t\t\t\tdata-promo-id=\"574195\"\t\t\t\t\t\t\t\t\t\twidth='360' height='98'\t\t\t\t\talt=\"https:\/\/files.sunoresearch.com.br\/n\/uploads\/2024\/09\/wpp-suno.png\"\n\t\t\t\t>\n\t\t\t<\/picture>\n\t\t<\/a>\n\t<\/p>\n\n\n<p>A inten\u00e7\u00e3o com as <strong>candidatas laranjas<\/strong> seria conseguir verba eleitoral para usar na campanha de outros nomes do partido. A suspeita \u00e9 de que o esquema ocorreu nas bases do partido em Minas Gerais e em Pernambuco.<\/p>\n<p><a href=\"https:\/\/www.suno.com.br\/noticias\/ministro-turismo-criou-candidatos-laranjas\/\">Saiba Mais: Ministro do Turismo teria desviado recursos na elei\u00e7\u00e3o com laranjas<\/a><\/p>\n<p>O caso levou \u00e0 queda de<strong>\u00a0Bebianno<\/strong>\u00a0do governo<strong>,<\/strong> porque ele\u00a0era comandante nacional do partido em 2018. Assim, foi acusado de participar do esquema de <strong>laranjas no PSL.<\/strong><\/p>\n","protected":false},"excerpt":{"rendered":"<p>O ex-secret\u00e1rio-geral da Presid\u00eancia, Gustavo Bebbiano, afirmou que a responsabilidade sobre candidaturas laranjas no PSL \u00e9 do ministro do Turismo.\u00a0Segundo Bebianno disse \u00e0 &#8220;Folha&#8221;, o esquema era feito pelo diret\u00f3rio do partido em Minas Gerais. Dessa forma, a atribui\u00e7\u00e3o recai sobre Marcelo \u00c1lvaro Ant\u00f4nio. Porque o atual l\u00edder da pasta do Turismo era quem comandava [&hellip;]<\/p>\n","protected":false},"author":16,"featured_media":23346,"comment_status":"closed","ping_status":"closed","sticky":false,"template":"","format":"standard","meta":[],"categories":[61],"tags":[697,1165],"suno_strategy":[],"class_list":["post-23345","post","type-post","status-publish","format-standard","has-post-thumbnail","hentry","category-politica","tag-eleicoes","tag-gustavo-bebianno"],"yoast_head":"<!-- This site is optimized with the Yoast SEO plugin v24.4 - https:\/\/yoast.com\/wordpress\/plugins\/seo\/ -->\n<title>Laranjas no PSL: Beabianno diz que responsabilidade \u00e9 do Turismo<\/title>\n<meta name=\"description\" content=\"Gustavo Bebianno diz que o pedido para repasses \u00e0s candidatas laranjas no PSL foi feito formalmente por \u00c1lvaro Ant\u00f4nio. Clique e saiba mais.\" \/>\n<meta name=\"robots\" content=\"index, follow, max-snippet:-1, max-image-preview:large, max-video-preview:-1\" \/>\n<link rel=\"canonical\" href=\"https:\/\/www.suno.com.br\/noticias\/laranjas-no-psl-beabianno-ministro-turismo\/\" \/>\n<meta property=\"og:locale\" content=\"pt_BR\" \/>\n<meta property=\"og:type\" content=\"article\" \/>\n<meta property=\"og:title\" content=\"Laranjas no PSL: Beabianno diz que responsabilidade \u00e9 do Turismo\" \/>\n<meta property=\"og:description\" content=\"Gustavo Bebianno diz que o pedido para repasses \u00e0s candidatas laranjas no PSL foi feito formalmente por \u00c1lvaro Ant\u00f4nio. Clique e saiba mais.\" \/>\n<meta property=\"og:url\" content=\"https:\/\/www.suno.com.br\/noticias\/laranjas-no-psl-beabianno-ministro-turismo\/\" \/>\n<meta property=\"og:site_name\" content=\"Suno Not\u00edcias\" \/>\n<meta property=\"article:publisher\" content=\"https:\/\/facebook.com\/sunoresearch\" \/>\n<meta property=\"og:image\" content=\"https:\/\/files.sunoresearch.com.br\/n\/uploads\/2019\/05\/c282524e-laranjas-no-psl.jpg\" \/>\n\t<meta property=\"og:image:width\" content=\"1024\" \/>\n\t<meta property=\"og:image:height\" content=\"683\" \/>\n\t<meta property=\"og:image:type\" content=\"image\/jpeg\" \/>\n<meta name=\"author\" content=\"Beatriz Oliveira\" \/>\n<meta name=\"twitter:card\" content=\"summary_large_image\" \/>\n<meta name=\"twitter:creator\" content=\"@sunoresearch\" \/>\n<meta name=\"twitter:site\" content=\"@sunoresearch\" \/>\n<meta name=\"twitter:label1\" content=\"Escrito por\" \/>\n\t<meta name=\"twitter:data1\" content=\"Beatriz Oliveira\" \/>\n\t<meta name=\"twitter:label2\" content=\"Est. tempo de leitura\" \/>\n\t<meta name=\"twitter:data2\" content=\"4 minutos\" \/>\n<script type=\"application\/ld+json\" class=\"yoast-schema-graph\">{\"@context\":\"https:\/\/schema.org\",\"@graph\":[{\"@type\":\"NewsArticle\",\"@id\":\"https:\/\/www.suno.com.br\/noticias\/laranjas-no-psl-beabianno-ministro-turismo\/#article\",\"isPartOf\":{\"@id\":\"https:\/\/www.suno.com.br\/noticias\/laranjas-no-psl-beabianno-ministro-turismo\/\"},\"author\":{\"name\":\"Beatriz Oliveira\",\"@id\":\"https:\/\/www.suno.com.br\/noticias\/#\/schema\/person\/e67f665add014bf99f644028de070cc3\"},\"headline\":\"Laranjas no PSL: Bebianno diz que responsabilidade \u00e9 do ministro do Turismo\",\"datePublished\":\"2019-05-06T11:00:49+00:00\",\"dateModified\":\"2019-05-06T11:07:16+00:00\",\"mainEntityOfPage\":{\"@id\":\"https:\/\/www.suno.com.br\/noticias\/laranjas-no-psl-beabianno-ministro-turismo\/\"},\"wordCount\":749,\"publisher\":{\"@id\":\"https:\/\/www.suno.com.br\/noticias\/#organization\"},\"image\":{\"@id\":\"https:\/\/www.suno.com.br\/noticias\/laranjas-no-psl-beabianno-ministro-turismo\/#primaryimage\"},\"thumbnailUrl\":\"https:\/\/files.sunoresearch.com.br\/n\/uploads\/2019\/05\/c282524e-laranjas-no-psl-jpg.webp\",\"keywords\":[\"Elei\u00e7\u00f5es\",\"Gustavo Bebianno\"],\"articleSection\":[\"Pol\u00edtica\"],\"inLanguage\":\"pt-BR\"},{\"@type\":\"WebPage\",\"@id\":\"https:\/\/www.suno.com.br\/noticias\/laranjas-no-psl-beabianno-ministro-turismo\/\",\"url\":\"https:\/\/www.suno.com.br\/noticias\/laranjas-no-psl-beabianno-ministro-turismo\/\",\"name\":\"Laranjas no PSL: Beabianno diz que responsabilidade \u00e9 do Turismo\",\"isPartOf\":{\"@id\":\"https:\/\/www.suno.com.br\/noticias\/#website\"},\"primaryImageOfPage\":{\"@id\":\"https:\/\/www.suno.com.br\/noticias\/laranjas-no-psl-beabianno-ministro-turismo\/#primaryimage\"},\"image\":{\"@id\":\"https:\/\/www.suno.com.br\/noticias\/laranjas-no-psl-beabianno-ministro-turismo\/#primaryimage\"},\"thumbnailUrl\":\"https:\/\/files.sunoresearch.com.br\/n\/uploads\/2019\/05\/c282524e-laranjas-no-psl-jpg.webp\",\"datePublished\":\"2019-05-06T11:00:49+00:00\",\"dateModified\":\"2019-05-06T11:07:16+00:00\",\"description\":\"Gustavo Bebianno diz que o pedido para repasses \u00e0s candidatas laranjas no PSL foi feito formalmente por \u00c1lvaro Ant\u00f4nio. Clique e saiba mais.\",\"breadcrumb\":{\"@id\":\"https:\/\/www.suno.com.br\/noticias\/laranjas-no-psl-beabianno-ministro-turismo\/#breadcrumb\"},\"inLanguage\":\"pt-BR\",\"potentialAction\":[{\"@type\":\"ReadAction\",\"target\":[\"https:\/\/www.suno.com.br\/noticias\/laranjas-no-psl-beabianno-ministro-turismo\/\"]}]},{\"@type\":\"ImageObject\",\"inLanguage\":\"pt-BR\",\"@id\":\"https:\/\/www.suno.com.br\/noticias\/laranjas-no-psl-beabianno-ministro-turismo\/#primaryimage\",\"url\":\"https:\/\/files.sunoresearch.com.br\/n\/uploads\/2019\/05\/c282524e-laranjas-no-psl-jpg.webp\",\"contentUrl\":\"https:\/\/files.sunoresearch.com.br\/n\/uploads\/2019\/05\/c282524e-laranjas-no-psl-jpg.webp\",\"width\":1024,\"height\":683,\"caption\":\"O ministro da Secretaria-Geral da Presid\u00eancia da Rep\u00fablica, Gustavo Bebianno, chega ao ministerio da Justi\u00e7a e Seguran\u00e7a P\u00fablica, para reuni\u00e3o com o ministro, Sergio Moro\"},{\"@type\":\"BreadcrumbList\",\"@id\":\"https:\/\/www.suno.com.br\/noticias\/laranjas-no-psl-beabianno-ministro-turismo\/#breadcrumb\",\"itemListElement\":[{\"@type\":\"ListItem\",\"position\":1,\"name\":\"Not\u00edcias\",\"item\":\"https:\/\/www.suno.com.br\/noticias\/\"},{\"@type\":\"ListItem\",\"position\":2,\"name\":\"Pol\u00edtica\",\"item\":\"https:\/\/www.suno.com.br\/noticias\/politica\/\"},{\"@type\":\"ListItem\",\"position\":3,\"name\":\"Laranjas no PSL: Bebianno diz que responsabilidade \u00e9 do ministro do Turismo\"}]},{\"@type\":\"WebSite\",\"@id\":\"https:\/\/www.suno.com.br\/noticias\/#website\",\"url\":\"https:\/\/www.suno.com.br\/noticias\/\",\"name\":\"Suno Not\u00edcias\",\"description\":\"Seu portal de informa\u00e7\u00e3o sobre o mundo dos investimentos\",\"publisher\":{\"@id\":\"https:\/\/www.suno.com.br\/noticias\/#organization\"},\"potentialAction\":[{\"@type\":\"SearchAction\",\"target\":{\"@type\":\"EntryPoint\",\"urlTemplate\":\"https:\/\/www.suno.com.br\/noticias\/?s={search_term_string}\"},\"query-input\":{\"@type\":\"PropertyValueSpecification\",\"valueRequired\":true,\"valueName\":\"search_term_string\"}}],\"inLanguage\":\"pt-BR\"},{\"@type\":\"Organization\",\"@id\":\"https:\/\/www.suno.com.br\/noticias\/#organization\",\"name\":\"Suno Not\u00edcias\",\"url\":\"https:\/\/www.suno.com.br\/noticias\/\",\"logo\":{\"@type\":\"ImageObject\",\"inLanguage\":\"pt-BR\",\"@id\":\"https:\/\/www.suno.com.br\/noticias\/#\/schema\/logo\/image\/\",\"url\":\"https:\/\/files.sunoresearch.com.br\/n\/uploads\/2021\/09\/suno-logo.png\",\"contentUrl\":\"https:\/\/files.sunoresearch.com.br\/n\/uploads\/2021\/09\/suno-logo.png\",\"width\":180,\"height\":180,\"caption\":\"Suno Not\u00edcias\"},\"image\":{\"@id\":\"https:\/\/www.suno.com.br\/noticias\/#\/schema\/logo\/image\/\"},\"sameAs\":[\"https:\/\/facebook.com\/sunoresearch\",\"https:\/\/x.com\/sunoresearch\",\"https:\/\/www.instagram.com\/suno\",\"https:\/\/www.linkedin.com\/company\/suno-research\/\",\"https:\/\/www.youtube.com\/c\/sunoresearch\"]},{\"@type\":\"Person\",\"@id\":\"https:\/\/www.suno.com.br\/noticias\/#\/schema\/person\/e67f665add014bf99f644028de070cc3\",\"name\":\"Beatriz Oliveira\",\"image\":{\"@type\":\"ImageObject\",\"inLanguage\":\"pt-BR\",\"@id\":\"https:\/\/www.suno.com.br\/noticias\/#\/schema\/person\/image\/\",\"url\":\"https:\/\/secure.gravatar.com\/avatar\/c9aa6a0aaecc598d257d5d5bd349157d?s=96&r=g\",\"contentUrl\":\"https:\/\/secure.gravatar.com\/avatar\/c9aa6a0aaecc598d257d5d5bd349157d?s=96&r=g\",\"caption\":\"Beatriz Oliveira\"},\"description\":\"Formada em Jornalismo pela Faculdade Paulus de Tecnologia e Comunica\u00e7\u00e3o, Beatriz Oliveira escreve para o portal de not\u00edcias Suno Research. Antes, passou pelas reda\u00e7\u00f5es da Revista EXAME e da Rede Bandeirantes.\",\"url\":\"https:\/\/www.suno.com.br\/noticias\/author\/beatriz\/\"}]}<\/script>\n<!-- \/ Yoast SEO plugin. -->","yoast_head_json":{"title":"Laranjas no PSL: Beabianno diz que responsabilidade \u00e9 do Turismo","description":"Gustavo Bebianno diz que o pedido para repasses \u00e0s candidatas laranjas no PSL foi feito formalmente por \u00c1lvaro Ant\u00f4nio. Clique e saiba mais.","robots":{"index":"index","follow":"follow","max-snippet":"max-snippet:-1","max-image-preview":"max-image-preview:large","max-video-preview":"max-video-preview:-1"},"canonical":"https:\/\/www.suno.com.br\/noticias\/laranjas-no-psl-beabianno-ministro-turismo\/","og_locale":"pt_BR","og_type":"article","og_title":"Laranjas no PSL: Beabianno diz que responsabilidade \u00e9 do Turismo","og_description":"Gustavo Bebianno diz que o pedido para repasses \u00e0s candidatas laranjas no PSL foi feito formalmente por \u00c1lvaro Ant\u00f4nio. Clique e saiba mais.","og_url":"https:\/\/www.suno.com.br\/noticias\/laranjas-no-psl-beabianno-ministro-turismo\/","og_site_name":"Suno Not\u00edcias","article_publisher":"https:\/\/facebook.com\/sunoresearch","og_image":[{"width":1024,"height":683,"url":"https:\/\/files.sunoresearch.com.br\/n\/uploads\/2019\/05\/c282524e-laranjas-no-psl.jpg","type":"image\/jpeg"}],"author":"Beatriz Oliveira","twitter_card":"summary_large_image","twitter_creator":"@sunoresearch","twitter_site":"@sunoresearch","twitter_misc":{"Escrito por":"Beatriz Oliveira","Est. tempo de leitura":"4 minutos"},"schema":{"@context":"https:\/\/schema.org","@graph":[{"@type":"NewsArticle","@id":"https:\/\/www.suno.com.br\/noticias\/laranjas-no-psl-beabianno-ministro-turismo\/#article","isPartOf":{"@id":"https:\/\/www.suno.com.br\/noticias\/laranjas-no-psl-beabianno-ministro-turismo\/"},"author":{"name":"Beatriz Oliveira","@id":"https:\/\/www.suno.com.br\/noticias\/#\/schema\/person\/e67f665add014bf99f644028de070cc3"},"headline":"Laranjas no PSL: Bebianno diz que responsabilidade \u00e9 do ministro do Turismo","datePublished":"2019-05-06T11:00:49+00:00","dateModified":"2019-05-06T11:07:16+00:00","mainEntityOfPage":{"@id":"https:\/\/www.suno.com.br\/noticias\/laranjas-no-psl-beabianno-ministro-turismo\/"},"wordCount":749,"publisher":{"@id":"https:\/\/www.suno.com.br\/noticias\/#organization"},"image":{"@id":"https:\/\/www.suno.com.br\/noticias\/laranjas-no-psl-beabianno-ministro-turismo\/#primaryimage"},"thumbnailUrl":"https:\/\/files.sunoresearch.com.br\/n\/uploads\/2019\/05\/c282524e-laranjas-no-psl-jpg.webp","keywords":["Elei\u00e7\u00f5es","Gustavo Bebianno"],"articleSection":["Pol\u00edtica"],"inLanguage":"pt-BR"},{"@type":"WebPage","@id":"https:\/\/www.suno.com.br\/noticias\/laranjas-no-psl-beabianno-ministro-turismo\/","url":"https:\/\/www.suno.com.br\/noticias\/laranjas-no-psl-beabianno-ministro-turismo\/","name":"Laranjas no PSL: Beabianno diz que responsabilidade \u00e9 do Turismo","isPartOf":{"@id":"https:\/\/www.suno.com.br\/noticias\/#website"},"primaryImageOfPage":{"@id":"https:\/\/www.suno.com.br\/noticias\/laranjas-no-psl-beabianno-ministro-turismo\/#primaryimage"},"image":{"@id":"https:\/\/www.suno.com.br\/noticias\/laranjas-no-psl-beabianno-ministro-turismo\/#primaryimage"},"thumbnailUrl":"https:\/\/files.sunoresearch.com.br\/n\/uploads\/2019\/05\/c282524e-laranjas-no-psl-jpg.webp","datePublished":"2019-05-06T11:00:49+00:00","dateModified":"2019-05-06T11:07:16+00:00","description":"Gustavo Bebianno diz que o pedido para repasses \u00e0s candidatas laranjas no PSL foi feito formalmente por \u00c1lvaro Ant\u00f4nio. Clique e saiba mais.","breadcrumb":{"@id":"https:\/\/www.suno.com.br\/noticias\/laranjas-no-psl-beabianno-ministro-turismo\/#breadcrumb"},"inLanguage":"pt-BR","potentialAction":[{"@type":"ReadAction","target":["https:\/\/www.suno.com.br\/noticias\/laranjas-no-psl-beabianno-ministro-turismo\/"]}]},{"@type":"ImageObject","inLanguage":"pt-BR","@id":"https:\/\/www.suno.com.br\/noticias\/laranjas-no-psl-beabianno-ministro-turismo\/#primaryimage","url":"https:\/\/files.sunoresearch.com.br\/n\/uploads\/2019\/05\/c282524e-laranjas-no-psl-jpg.webp","contentUrl":"https:\/\/files.sunoresearch.com.br\/n\/uploads\/2019\/05\/c282524e-laranjas-no-psl-jpg.webp","width":1024,"height":683,"caption":"O ministro da Secretaria-Geral da Presid\u00eancia da Rep\u00fablica, Gustavo Bebianno, chega ao ministerio da Justi\u00e7a e Seguran\u00e7a P\u00fablica, para reuni\u00e3o com o ministro, Sergio Moro"},{"@type":"BreadcrumbList","@id":"https:\/\/www.suno.com.br\/noticias\/laranjas-no-psl-beabianno-ministro-turismo\/#breadcrumb","itemListElement":[{"@type":"ListItem","position":1,"name":"Not\u00edcias","item":"https:\/\/www.suno.com.br\/noticias\/"},{"@type":"ListItem","position":2,"name":"Pol\u00edtica","item":"https:\/\/www.suno.com.br\/noticias\/politica\/"},{"@type":"ListItem","position":3,"name":"Laranjas no PSL: Bebianno diz que responsabilidade \u00e9 do ministro do Turismo"}]},{"@type":"WebSite","@id":"https:\/\/www.suno.com.br\/noticias\/#website","url":"https:\/\/www.suno.com.br\/noticias\/","name":"Suno Not\u00edcias","description":"Seu portal de informa\u00e7\u00e3o sobre o mundo dos investimentos","publisher":{"@id":"https:\/\/www.suno.com.br\/noticias\/#organization"},"potentialAction":[{"@type":"SearchAction","target":{"@type":"EntryPoint","urlTemplate":"https:\/\/www.suno.com.br\/noticias\/?s={search_term_string}"},"query-input":{"@type":"PropertyValueSpecification","valueRequired":true,"valueName":"search_term_string"}}],"inLanguage":"pt-BR"},{"@type":"Organization","@id":"https:\/\/www.suno.com.br\/noticias\/#organization","name":"Suno Not\u00edcias","url":"https:\/\/www.suno.com.br\/noticias\/","logo":{"@type":"ImageObject","inLanguage":"pt-BR","@id":"https:\/\/www.suno.com.br\/noticias\/#\/schema\/logo\/image\/","url":"https:\/\/files.sunoresearch.com.br\/n\/uploads\/2021\/09\/suno-logo.png","contentUrl":"https:\/\/files.sunoresearch.com.br\/n\/uploads\/2021\/09\/suno-logo.png","width":180,"height":180,"caption":"Suno Not\u00edcias"},"image":{"@id":"https:\/\/www.suno.com.br\/noticias\/#\/schema\/logo\/image\/"},"sameAs":["https:\/\/facebook.com\/sunoresearch","https:\/\/x.com\/sunoresearch","https:\/\/www.instagram.com\/suno","https:\/\/www.linkedin.com\/company\/suno-research\/","https:\/\/www.youtube.com\/c\/sunoresearch"]},{"@type":"Person","@id":"https:\/\/www.suno.com.br\/noticias\/#\/schema\/person\/e67f665add014bf99f644028de070cc3","name":"Beatriz Oliveira","image":{"@type":"ImageObject","inLanguage":"pt-BR","@id":"https:\/\/www.suno.com.br\/noticias\/#\/schema\/person\/image\/","url":"https:\/\/secure.gravatar.com\/avatar\/c9aa6a0aaecc598d257d5d5bd349157d?s=96&r=g","contentUrl":"https:\/\/secure.gravatar.com\/avatar\/c9aa6a0aaecc598d257d5d5bd349157d?s=96&r=g","caption":"Beatriz Oliveira"},"description":"Formada em Jornalismo pela Faculdade Paulus de Tecnologia e Comunica\u00e7\u00e3o, Beatriz Oliveira escreve para o portal de not\u00edcias Suno Research. Antes, passou pelas reda\u00e7\u00f5es da Revista EXAME e da Rede Bandeirantes.","url":"https:\/\/www.suno.com.br\/noticias\/author\/beatriz\/"}]}},"default_loop_html":"<div class=\"cardsPage__listCard__boxs\"><div class=\"cardsPage__listCard__boxs__img\"><a href=\"https:\/\/www.suno.com.br\/noticias\/laranjas-no-psl-beabianno-ministro-turismo\/\"><img class=\"mask\" src=\"https:\/\/www.suno.com.br\/noticias\/wp-content\/themes\/suno\/resources\/images\/spotlight\/spotlight1img\/bg-mask.png\" alt=\"Image Mask\"\/><img src=\"https:\/\/files.sunoresearch.com.br\/n\/uploads\/2019\/05\/c282524e-laranjas-no-psl-400x200.webp\" alt=\"Laranjas no PSL: Bebianno diz que responsabilidade \u00e9 do ministro do Turismo\"\/><\/a><span class=\"spotlightCategory\"><a href=\"https:\/\/www.suno.com.br\/noticias\/politica\/\">Pol\u00edtica<\/a><\/span><\/div><div class=\"cardsPage__listCard__boxs__content\"><a href=\"https:\/\/www.suno.com.br\/noticias\/laranjas-no-psl-beabianno-ministro-turismo\/\"><h2 class=\"content__title\">Laranjas no PSL: Bebianno diz que responsabilidade \u00e9 do ministro do Turismo<\/h2><\/a><div class=\"newsContent__article__meta\"><div class=\"newsContent__article__meta__authorBox\"><a href=\"https:\/\/www.suno.com.br\/noticias\/author\/beatriz\/\" class=\"authorBox__avatar noMobi\"><img src=\"https:\/\/secure.gravatar.com\/avatar\/c9aa6a0aaecc598d257d5d5bd349157d?s=96&#038;r=g\" alt=\"Beatriz Oliveira\"><\/a><div class=\"authorBox__name\"><span>por\n\t\t\t<a href=\"https:\/\/www.suno.com.br\/noticias\/author\/beatriz\/\"><span itemprop=\"author\">Beatriz Oliveira<\/span><\/a><\/span><time datetime=\"2019-05-06T08:00:49-03:00\" itemprop=\"datePublished\">06\/05\/2019 08:00<\/time><\/div><\/div><\/div><\/div><\/div>","single_layout":"posts","amp_enabled":true,"_links":{"self":[{"href":"https:\/\/www.suno.com.br\/noticias\/wp-json\/wp\/v2\/posts\/23345"}],"collection":[{"href":"https:\/\/www.suno.com.br\/noticias\/wp-json\/wp\/v2\/posts"}],"about":[{"href":"https:\/\/www.suno.com.br\/noticias\/wp-json\/wp\/v2\/types\/post"}],"author":[{"embeddable":true,"href":"https:\/\/www.suno.com.br\/noticias\/wp-json\/wp\/v2\/users\/16"}],"replies":[{"embeddable":true,"href":"https:\/\/www.suno.com.br\/noticias\/wp-json\/wp\/v2\/comments?post=23345"}],"version-history":[{"count":0,"href":"https:\/\/www.suno.com.br\/noticias\/wp-json\/wp\/v2\/posts\/23345\/revisions"}],"wp:featuredmedia":[{"embeddable":true,"href":"https:\/\/www.suno.com.br\/noticias\/wp-json\/wp\/v2\/media\/23346"}],"wp:attachment":[{"href":"https:\/\/www.suno.com.br\/noticias\/wp-json\/wp\/v2\/media?parent=23345"}],"wp:term":[{"taxonomy":"category","embeddable":true,"href":"https:\/\/www.suno.com.br\/noticias\/wp-json\/wp\/v2\/categories?post=23345"},{"taxonomy":"post_tag","embeddable":true,"href":"https:\/\/www.suno.com.br\/noticias\/wp-json\/wp\/v2\/tags?post=23345"},{"taxonomy":"suno_strategy","embeddable":true,"href":"https:\/\/www.suno.com.br\/noticias\/wp-json\/wp\/v2\/suno_strategy?post=23345"}],"curies":[{"name":"wp","href":"https:\/\/api.w.org\/{rel}","templated":true}]}}