{"id":233307,"date":"2022-02-19T18:10:46","date_gmt":"2022-02-19T21:10:46","guid":{"rendered":"https:\/\/www.suno.com.br\/noticias\/?p=233307"},"modified":"2022-02-19T18:10:46","modified_gmt":"2022-02-19T21:10:46","slug":"cielo-ciel3-ibovespa-altas-maiores","status":"publish","type":"post","link":"https:\/\/www.suno.com.br\/noticias\/cielo-ciel3-ibovespa-altas-maiores\/","title":{"rendered":"Cielo (CIEL3) salta 22% e \u00e9 maior alta do Ibovepsa na semana; veja lista"},"content":{"rendered":"<p>No \u00faltimo preg\u00e3o, o Ibovespa, principal \u00edndice acion\u00e1rio brasileiro, fechou o acumulado da semana em queda de 0,61%, aos 112.879,85 pontos, seguindo os mercados internacionais ap\u00f3s a Ata do Fomc e de olho na tens\u00e3o entre R\u00fassia e Ucr\u00e2nia. O destaque positivo, por outro lado, foi a <strong>Cielo<\/strong>.<\/p>\t<div class=\"wrapper-featured-image\">\n\t\t<figure class=\"spotlightImg\">\n\n\t\t\t<picture>\n\t\t\t\t<source media=\"(max-width: 768px)\" srcset=\"https:\/\/files.sunoresearch.com.br\/n\/uploads\/2021\/03\/a7657eef-cielo-4-400x200.webp\">\n\t\t\t\t<img loading=\"lazy\" decoding=\"async\" class=\"newsContent__article__imgCapa lazyloadDisabled \" src=\"https:\/\/files.sunoresearch.com.br\/n\/uploads\/2021\/03\/a7657eef-cielo-4-800x450.webp\" width=\"800\" height=\"450\" alt=\"Cielo (CIEL3) salta 22% e \u00e9 maior alta do Ibovepsa na semana; veja lista\" fetchpriority=high \/>\n\t\t\t<\/picture>\n\n\t\t\t<figcaption class=\"wp-caption-text wp-caption-text--show\">O\u00a0Ebitda da Cielo foi de R$ 711,5 milh\u00f5es no 1T22, um avan\u00e7o de 16% sobre o mesmo per\u00edodo de 2021, ou de 52,1% em bases recorrentes. - Foto: Divulga\u00e7\u00e3o<\/figcaption>\n\t\t<\/figure>\n\t<\/div>\n\n\n\t<p>\n\t\t<a href=\"https:\/\/lp.suno.com.br\/planilha-controle-gastos\/\" target=\"_blank\" data-element=\"shortcode-suno-banner\" title=\"Banner SUNO, clique e saiba mais\">\n\t\t\t<picture>\n\t\t\t\t<source media=\"(max-width: 500px)\" srcset=\"https:\/\/files.sunoresearch.com.br\/n\/uploads\/2023\/03\/400x300-Planilha-controle-de-gastos.png\">\n\t\t\t\t<img class=\"newsContent__article__imgCapa newsContent__article__imgCapa--banner\"\n\t\t\t\t\tsrc=\"https:\/\/files.sunoresearch.com.br\/n\/uploads\/2023\/03\/1420x240-Planilha-controle-de-gastos.png\"\n\t\t\t\t\tdata-promo-id=\"101751\"\t\t\t\t\t\t\t\t\t\twidth='1420' height='240'\t\t\t\t\talt=\"https:\/\/files.sunoresearch.com.br\/n\/uploads\/2023\/03\/1420x240-Planilha-controle-de-gastos.png\"\n\t\t\t\t>\n\t\t\t<\/picture>\n\t\t<\/a>\n\t<\/p>\n\n\n<p>A semana teve as principais quedas do <strong>Ibovespa<\/strong> concentradas nos \u00faltimos preg\u00f5es, mas alguns pap\u00e9is\u00a0 &#8211; com as <strong>a\u00e7\u00f5es da Cielo <\/strong>-descolaram do \u00edndice.<\/p>\n<p>Na contram\u00e3o do cen\u00e1rio de 2021, foram justamente a\u00e7\u00f5es vinculadas ao varejo, por exemplo, que mais subiram.<\/p>\n\t<p>\n\t\t<a href=\"https:\/\/lp.suno.com.br\/planilha-da-vida-financeira\/\" target=\"_blank\" data-element=\"shortcode-suno-banner\" title=\"Banner SUNO, clique e saiba mais\">\n\t\t\t<picture>\n\t\t\t\t<source media=\"(max-width: 500px)\" srcset=\"https:\/\/files.sunoresearch.com.br\/n\/uploads\/2023\/04\/400x300-Planilha-vida-financeira-true.png\">\n\t\t\t\t<img class=\"newsContent__article__imgCapa newsContent__article__imgCapa--banner\"\n\t\t\t\t\tsrc=\"https:\/\/files.sunoresearch.com.br\/n\/uploads\/2023\/04\/1420x240-Planilha-vida-financeira-true.png\"\n\t\t\t\t\tdata-promo-id=\"106682\"\t\t\t\t\t\t\t\t\t\twidth='1420' height='240'\t\t\t\t\talt=\"https:\/\/files.sunoresearch.com.br\/n\/uploads\/2023\/04\/1420x240-Planilha-vida-financeira-true.png\"\n\t\t\t\t>\n\t\t\t<\/picture>\n\t\t<\/a>\n\t<\/p>\n\n\n<h2>Confira a seguir, as cinco maiores altas do Ibovespa esta semana:<\/h2>\n<ol>\n<li><a class=\"suno-keyword\" href=\"https:\/\/www.suno.com.br\/acoes\/CIEL3\/\" target=\"_blank\" rel=\"noopener\" data-force=\"yes\" data-priority=\"2\">Cielo (CIEL3)<\/a>: +22%<\/li>\n<li><a class=\"suno-keyword\" href=\"https:\/\/www.suno.com.br\/acoes\/TOTS3\/\" target=\"_blank\" rel=\"noopener\" data-force=\"yes\" data-priority=\"2\">Totvs (TOTS3)<\/a>: +15,1%<\/li>\n<li><a class=\"suno-keyword\" href=\"https:\/\/www.suno.com.br\/acoes\/PETZ3\/\" target=\"_blank\" rel=\"noopener\" data-force=\"yes\" data-priority=\"2\">Petz (PETZ3)<\/a>: +11%<\/li>\n<li><a class=\"suno-keyword\" href=\"https:\/\/www.suno.com.br\/acoes\/BIDI11\/\" target=\"_blank\" rel=\"noopener\" data-force=\"yes\" data-priority=\"2\">Banco Inter (BIDI11)<\/a>: +9,1%<\/li>\n<li><a href=\"https:\/\/www.suno.com.br\/acoes\/LREN3\/\">Lojas Renner (LREN3)<\/a>: +8,8%<\/li>\n<\/ol>\n<h2>Cielo dispara com venda nos EUA<\/h2>\n<p>A <strong>Cielo<\/strong> informou, antes do preg\u00e3o de sexta (18), que a sua subsidi\u00e1ria integral Cielo USA celebrou contrato para a aliena\u00e7\u00e3o da totalidade das a\u00e7\u00f5es da Merchant E-Solutions Inc. para Sam I Acquisition Corp., subsidi\u00e1ria da Integrum Holdings.<\/p>\n<p>O valor total da transa\u00e7\u00e3o \u00e9 de at\u00e9 US$ 290 milh\u00f5es, sendo US$ 140 milh\u00f5es referentes a uma parcela fixa a ser paga na data de fechamento \u2013 R$ 150 milh\u00f5es referem-se a uma parcela vari\u00e1vel, cuja apura\u00e7\u00e3o e efetiva realiza\u00e7\u00e3o est\u00e3o sujeitos, segundo a Cielo, \u201c\u00e0 verifica\u00e7\u00e3o futura de determinadas premissas acordadas entre as partes\u2019.<\/p>\n<p>O Credit Suisse considera a venda da Cielo positiva e diz que a opera\u00e7\u00e3o pode destravar valor. A cifra de venda representa cerca de 11% a 23% do <a class=\"suno-keyword\" href=\"https:\/\/www.suno.com.br\/artigos\/valor-de-mercado\/\" target=\"_blank\" rel=\"noopener\" data-force=\"no\" data-priority=\"1\">valor de mercado<\/a>\u00a0da Cielo atualmente.<\/p>\n<p>Os analistas da casa lembram que a\u00a0<strong>MerchantE<\/strong>\u00a0afetou o\u00a0<a class=\"suno-keyword\" href=\"https:\/\/www.suno.com.br\/artigos\/lucro-liquido\/\" target=\"_blank\" rel=\"noopener\" data-force=\"no\" data-priority=\"1\">lucro l\u00edquido<\/a>\u00a0da Cielo em 2021, ao gerar um impacto negativo de R$ 150 milh\u00f5es.<\/p>\n\t<p>\n\t\t<a href=\"https:\/\/lp.suno.com.br\/ebook-como-analisar-uma-acao\/\" target=\"_blank\" data-element=\"shortcode-suno-banner\" title=\"Banner SUNO, clique e saiba mais\">\n\t\t\t<picture>\n\t\t\t\t<source media=\"(max-width: 500px)\" srcset=\"https:\/\/files.sunoresearch.com.br\/n\/uploads\/2023\/03\/Ebook-Acoes-Mobile-1.jpg\">\n\t\t\t\t<img class=\"newsContent__article__imgCapa newsContent__article__imgCapa--banner\"\n\t\t\t\t\tsrc=\"https:\/\/files.sunoresearch.com.br\/n\/uploads\/2023\/03\/Ebook-Acoes-Desktop-1.jpg\"\n\t\t\t\t\tdata-promo-id=\"171998\"\t\t\t\t\t\t\t\t\t\twidth='1420' height='286'\t\t\t\t\talt=\"https:\/\/files.sunoresearch.com.br\/n\/uploads\/2023\/03\/Ebook-Acoes-Desktop-1.jpg\"\n\t\t\t\t>\n\t\t\t<\/picture>\n\t\t<\/a>\n\t<\/p>\n\n\n<h2>Totvs sobe com balan\u00e7o<\/h2>\n<p>A companhia teve como grande driver da semana o seu resultado financeiro do 4T21.<\/p>\n<p>A Totvs reportou lucro l\u00edquido consolidado de R$ 125,8 milh\u00f5es no quarto trimestre, montante 30,9% superior ao registrado no mesmo per\u00edodo de 2020. No ano, o lucro da companhia cresceu 26,8% em rela\u00e7\u00e3o a 2020, totalizando R$ 368,4 milh\u00f5es.<\/p>\n<p>O resultado financeiro l\u00edquido foi positivo em R$ 3,9 milh\u00f5es entre outubro e dezembro de 2021, contra perdas financeiras de R$ 7,7 milh\u00f5es em igual etapa de 2020.<\/p>\n<p><a href=\"https:\/\/lp.suno.com.br\/newsletter-noticias\/\" target=\"_blank\" rel=\"noopener\" data-element=\"shortcode-suno-banner\" data-parameter=\"banner-mat-2-https:\/\/lp.suno.com.br\/newsletter-noticias\/\"><picture><source srcset=\"https:\/\/files.sunoresearch.com.br\/n\/uploads\/2022\/01\/Banner-MOBILE-16.jpg\" media=\"(max-width: 500px)\" \/><\/picture><\/a><\/p>\n\t<div data-element=\"shortcode-read-more\" class=\"knowMore\">\n\t\t\t\t<a class=\"knowMore__link\" href=\"https:\/\/www.suno.com.br\/noticias\/jbs-jbss3-marfrig-mrfg3-4t21-balanco-bofa\/\">\n\t\t\tJBS (JBSS3) e Marfrig (MRFG3) ter\u00e3o 4T21 forte, com lucro e Ebitda em alta, diz BofA\t\t<\/a>\n\t<\/div>\n\n\n<h2>Petz<\/h2>\n<p>Com expectativas de bons desempenhos ao longo do ano, os pap\u00e9is da Petz ganharam destaque na semana, crescendo 11,01% no acumulado dos cinco dias, fechando o \u00faltimo preg\u00e3o precificados a R$ 18,35.<\/p>\n\t<p>\n\t\t<a href=\"https:\/\/lp.suno.com.br\/planilha-de-controle-de-investimentos\/\" target=\"_blank\" data-element=\"shortcode-suno-banner\" title=\"Banner SUNO, clique e saiba mais\">\n\t\t\t<picture>\n\t\t\t\t<source media=\"(max-width: 500px)\" srcset=\"https:\/\/files.sunoresearch.com.br\/n\/uploads\/2023\/03\/400x300-Controle-de-Investimentos.png\">\n\t\t\t\t<img class=\"newsContent__article__imgCapa newsContent__article__imgCapa--banner\"\n\t\t\t\t\tsrc=\"https:\/\/files.sunoresearch.com.br\/n\/uploads\/2023\/03\/1420x240-Controle-de-Investimentos.png\"\n\t\t\t\t\tdata-promo-id=\"75934\"\t\t\t\t\t\t\t\t\t\twidth='1420' height='240'\t\t\t\t\talt=\"https:\/\/files.sunoresearch.com.br\/n\/uploads\/2023\/03\/1420x240-Controle-de-Investimentos.png\"\n\t\t\t\t>\n\t\t\t<\/picture>\n\t\t<\/a>\n\t<\/p>\n\n\n<h2>Banco Inter<\/h2>\n<p>Sequenciando a alta volatilidade dos pap\u00e9is nos \u00faltimos meses, o Banco Inter foi destaque da semana com valoriza\u00e7\u00e3o de 9% nos cinco preg\u00f5es.<\/p>\n<p>A tend\u00eancia de alta se d\u00e1 desde o in\u00edcio do m\u00eas ap\u00f3s uma eleva\u00e7\u00e3o de recomenda\u00e7\u00e3o pelo JPMorgan.<\/p>\n<p>O BIDI11 teve a recomenda\u00e7\u00e3o elevada de equalweight (exposi\u00e7\u00e3o em linha com a m\u00e9dia do mercado) para overweight (exposi\u00e7\u00e3o acima da m\u00e9dia do mercado), ainda que tenha reduzido o pre\u00e7o-alvo de R$ 54 para R$ 40<\/p>\n<p>Os analistas frisam a combina\u00e7\u00e3o de forte repactua\u00e7\u00e3o de empr\u00e9stimos de acordo com os \u00faltimos dados do BC para janeiro.<\/p>\n<h2>Renner \u00e9 a quinta maior alta do Ibovespa<\/h2>\n<p>Sem ser foco de not\u00edcias positivas na semana, a Renner segue tend\u00eancia de alta desde que anunciou seu programa de recompra de a\u00e7\u00f5es &#8211; geralmente tomado como um indicador de que os pap\u00e9is est\u00e3o baratos &#8211; em meados de janeiro.<\/p>\n<p>O programa de recompra envolve 18 milh\u00f5es de a\u00e7\u00f5es ordin\u00e1rias. Em valores de hoje, a reaquisi\u00e7\u00e3o dos ativos beira os R$ 500 milh\u00f5es.<\/p>\n<p>A\u00a0<strong><a class=\"suno-keyword\" href=\"https:\/\/www.suno.com.br\/artigos\/recompra-de-acoes\/\" target=\"_blank\" rel=\"noopener\" data-force=\"no\" data-priority=\"1\">recompra de a\u00e7\u00f5es<\/a>\u00a0da Renner<\/strong>\u00a0mira um equivalente a 1,82% das\u00a0<a href=\"https:\/\/statusinvest.com.br\/acoes\/lren3?__hstc=189907700.683be205053588a6a8174edf3b3f781a.1622644341353.1645295744755.1645303414644.1082&amp;__hssc=189907700.16.1645303414644&amp;__hsfp=10895690\">a\u00e7\u00f5es em circula\u00e7\u00e3o<\/a>\u00a0na\u00a0<strong>bolsa de valores<\/strong>.<\/p>\n<p>\u201cA empresa afirmou que se trata de uma forma alternativa de retorno de valor aos acionistas, al\u00e9m de\u00a0<strong><a class=\"suno-keyword\" href=\"https:\/\/www.suno.com.br\/guias\/dividendos\/\" target=\"_blank\" rel=\"noopener\" data-force=\"no\" data-priority=\"1\">dividendos<\/a><\/strong>\u00a0e\u00a0<a class=\"suno-keyword\" href=\"https:\/\/www.suno.com.br\/artigos\/entenda-o-jcp\/\" target=\"_blank\" rel=\"noopener\" data-force=\"no\" data-priority=\"1\">juros sobre o capital pr\u00f3prio<\/a>. O movimento otimiza a sua\u00a0<a class=\"suno-keyword\" href=\"https:\/\/www.suno.com.br\/artigos\/indicadores-estrutura-capital\/\" target=\"_blank\" rel=\"noopener\" data-force=\"no\" data-priority=\"1\">estrutura de capital<\/a>. Estimamos que a alavancagem ficou em zero vezes a\u00a0<a class=\"suno-keyword\" href=\"https:\/\/www.suno.com.br\/artigos\/divida-liquida\/\" target=\"_blank\" rel=\"noopener\" data-force=\"no\" data-priority=\"1\">d\u00edvida l\u00edquida<\/a> sobre EBITDA (incluindo arrendamentos) no final de 2021 e um caixa l\u00edquido de 0,1 vez no final de 2022\u2033, diz o Goldman Sachs.<\/p>\n<p>Assim, o papel subiu quase 9% no Ibovespa no acumulado da semana, em conjunto com <strong>Cielo<\/strong>, Petz, Totvs e Inter.<\/p>\n\t<p>\n\t\t<a href=\"\" target=\"_blank\" data-element=\"shortcode-suno-banner\" title=\"Banner SUNO, clique e saiba mais\">\n\t\t\t<picture>\n\t\t\t\t<source media=\"(max-width: 500px)\" srcset=\"\">\n\t\t\t\t<img class=\"newsContent__article__imgCapa newsContent__article__imgCapa--banner\"\n\t\t\t\t\tsrc=\"\"\n\t\t\t\t\tdata-promo-id=\"184190\"\t\t\t\t\t\t\t\t\t\t\t\t\t\t\talt=\"\"\n\t\t\t\t>\n\t\t\t<\/picture>\n\t\t<\/a>\n\t<\/p>\n\n\n","protected":false},"excerpt":{"rendered":"<p>No \u00faltimo preg\u00e3o, o Ibovespa, principal \u00edndice acion\u00e1rio brasileiro, fechou o acumulado da semana em queda de 0,61%, aos 112.879,85 pontos, seguindo os mercados internacionais ap\u00f3s a Ata do Fomc e de olho na tens\u00e3o entre R\u00fassia e Ucr\u00e2nia. O destaque positivo, por outro lado, foi a Cielo. O\u00a0Ebitda da Cielo foi de R$ 711,5 [&hellip;]<\/p>\n","protected":false},"author":73,"featured_media":130224,"comment_status":"closed","ping_status":"closed","sticky":false,"template":"","format":"standard","meta":[],"categories":[60],"tags":[106764,423,105816,721],"suno_strategy":[],"class_list":["post-233307","post","type-post","status-publish","format-standard","has-post-thumbnail","hentry","category-mercado","tag-banco-inter-bidi11","tag-cielo-ciel3","tag-especialistas","tag-ibovespa"],"yoast_head":"<!-- This site is optimized with the Yoast SEO plugin v24.4 - https:\/\/yoast.com\/wordpress\/plugins\/seo\/ -->\n<title>Cielo (CIEL3) salta 22% e \u00e9 maior alta do Ibovepsa na semana; veja lista<\/title>\n<meta name=\"description\" content=\"Cielo teve venda nos EUA que catapultou pap\u00e9is e fez com que a companhia tivesse a maior alta do Ibovespa. Clique aqui e leia mais\" \/>\n<meta name=\"robots\" content=\"index, follow, max-snippet:-1, max-image-preview:large, max-video-preview:-1\" \/>\n<link rel=\"canonical\" href=\"https:\/\/www.suno.com.br\/noticias\/cielo-ciel3-ibovespa-altas-maiores\/\" \/>\n<meta property=\"og:locale\" content=\"pt_BR\" \/>\n<meta property=\"og:type\" content=\"article\" \/>\n<meta property=\"og:title\" content=\"Cielo (CIEL3) salta 22% e \u00e9 maior alta do Ibovepsa na semana; veja lista\" \/>\n<meta property=\"og:description\" content=\"Cielo teve venda nos EUA que catapultou pap\u00e9is e fez com que a companhia tivesse a maior alta do Ibovespa. Clique aqui e leia mais\" \/>\n<meta property=\"og:url\" content=\"https:\/\/www.suno.com.br\/noticias\/cielo-ciel3-ibovespa-altas-maiores\/\" \/>\n<meta property=\"og:site_name\" content=\"Suno Not\u00edcias\" \/>\n<meta property=\"article:publisher\" content=\"https:\/\/facebook.com\/sunoresearch\" \/>\n<meta property=\"og:image\" content=\"https:\/\/files.sunoresearch.com.br\/n\/uploads\/2021\/03\/a7657eef-cielo-4.jpg\" \/>\n\t<meta property=\"og:image:width\" content=\"1200\" \/>\n\t<meta property=\"og:image:height\" content=\"675\" \/>\n\t<meta property=\"og:image:type\" content=\"image\/jpeg\" \/>\n<meta name=\"author\" content=\"Eduardo Vargas\" \/>\n<meta name=\"twitter:card\" content=\"summary_large_image\" \/>\n<meta name=\"twitter:creator\" content=\"@sunoresearch\" \/>\n<meta name=\"twitter:site\" content=\"@sunoresearch\" \/>\n<meta name=\"twitter:label1\" content=\"Escrito por\" \/>\n\t<meta name=\"twitter:data1\" content=\"Eduardo Vargas\" \/>\n\t<meta name=\"twitter:label2\" content=\"Est. tempo de leitura\" \/>\n\t<meta name=\"twitter:data2\" content=\"4 minutos\" \/>\n<script type=\"application\/ld+json\" class=\"yoast-schema-graph\">{\"@context\":\"https:\/\/schema.org\",\"@graph\":[{\"@type\":\"NewsArticle\",\"@id\":\"https:\/\/www.suno.com.br\/noticias\/cielo-ciel3-ibovespa-altas-maiores\/#article\",\"isPartOf\":{\"@id\":\"https:\/\/www.suno.com.br\/noticias\/cielo-ciel3-ibovespa-altas-maiores\/\"},\"author\":{\"name\":\"Eduardo Vargas\",\"@id\":\"https:\/\/www.suno.com.br\/noticias\/#\/schema\/person\/7f4d362bf3518e76090143ae77bb49a5\"},\"headline\":\"Cielo (CIEL3) salta 22% e \u00e9 maior alta do Ibovepsa na semana; veja lista\",\"datePublished\":\"2022-02-19T21:10:46+00:00\",\"mainEntityOfPage\":{\"@id\":\"https:\/\/www.suno.com.br\/noticias\/cielo-ciel3-ibovespa-altas-maiores\/\"},\"wordCount\":736,\"publisher\":{\"@id\":\"https:\/\/www.suno.com.br\/noticias\/#organization\"},\"image\":{\"@id\":\"https:\/\/www.suno.com.br\/noticias\/cielo-ciel3-ibovespa-altas-maiores\/#primaryimage\"},\"thumbnailUrl\":\"https:\/\/files.sunoresearch.com.br\/n\/uploads\/2021\/03\/a7657eef-cielo-4-jpg.webp\",\"keywords\":[\"Banco Inter (BIDI11)\",\"Cielo (CIEL3)\",\"Especialistas\",\"Ibovespa\"],\"articleSection\":[\"Mercado\"],\"inLanguage\":\"pt-BR\"},{\"@type\":\"WebPage\",\"@id\":\"https:\/\/www.suno.com.br\/noticias\/cielo-ciel3-ibovespa-altas-maiores\/\",\"url\":\"https:\/\/www.suno.com.br\/noticias\/cielo-ciel3-ibovespa-altas-maiores\/\",\"name\":\"Cielo (CIEL3) salta 22% e \u00e9 maior alta do Ibovepsa na semana; veja lista\",\"isPartOf\":{\"@id\":\"https:\/\/www.suno.com.br\/noticias\/#website\"},\"primaryImageOfPage\":{\"@id\":\"https:\/\/www.suno.com.br\/noticias\/cielo-ciel3-ibovespa-altas-maiores\/#primaryimage\"},\"image\":{\"@id\":\"https:\/\/www.suno.com.br\/noticias\/cielo-ciel3-ibovespa-altas-maiores\/#primaryimage\"},\"thumbnailUrl\":\"https:\/\/files.sunoresearch.com.br\/n\/uploads\/2021\/03\/a7657eef-cielo-4-jpg.webp\",\"datePublished\":\"2022-02-19T21:10:46+00:00\",\"description\":\"Cielo teve venda nos EUA que catapultou pap\u00e9is e fez com que a companhia tivesse a maior alta do Ibovespa. Clique aqui e leia mais\",\"breadcrumb\":{\"@id\":\"https:\/\/www.suno.com.br\/noticias\/cielo-ciel3-ibovespa-altas-maiores\/#breadcrumb\"},\"inLanguage\":\"pt-BR\",\"potentialAction\":[{\"@type\":\"ReadAction\",\"target\":[\"https:\/\/www.suno.com.br\/noticias\/cielo-ciel3-ibovespa-altas-maiores\/\"]}]},{\"@type\":\"ImageObject\",\"inLanguage\":\"pt-BR\",\"@id\":\"https:\/\/www.suno.com.br\/noticias\/cielo-ciel3-ibovespa-altas-maiores\/#primaryimage\",\"url\":\"https:\/\/files.sunoresearch.com.br\/n\/uploads\/2021\/03\/a7657eef-cielo-4-jpg.webp\",\"contentUrl\":\"https:\/\/files.sunoresearch.com.br\/n\/uploads\/2021\/03\/a7657eef-cielo-4-jpg.webp\",\"width\":1200,\"height\":675,\"caption\":\"O\u00a0Ebitda da Cielo foi de R$ 711,5 milh\u00f5es no 1T22, um avan\u00e7o de 16% sobre o mesmo per\u00edodo de 2021, ou de 52,1% em bases recorrentes. - Foto: Divulga\u00e7\u00e3o\"},{\"@type\":\"BreadcrumbList\",\"@id\":\"https:\/\/www.suno.com.br\/noticias\/cielo-ciel3-ibovespa-altas-maiores\/#breadcrumb\",\"itemListElement\":[{\"@type\":\"ListItem\",\"position\":1,\"name\":\"Not\u00edcias\",\"item\":\"https:\/\/www.suno.com.br\/noticias\/\"},{\"@type\":\"ListItem\",\"position\":2,\"name\":\"Mercado\",\"item\":\"https:\/\/www.suno.com.br\/noticias\/mercado\/\"},{\"@type\":\"ListItem\",\"position\":3,\"name\":\"Cielo (CIEL3) salta 22% e \u00e9 maior alta do Ibovepsa na semana; veja lista\"}]},{\"@type\":\"WebSite\",\"@id\":\"https:\/\/www.suno.com.br\/noticias\/#website\",\"url\":\"https:\/\/www.suno.com.br\/noticias\/\",\"name\":\"Suno Not\u00edcias\",\"description\":\"Seu portal de informa\u00e7\u00e3o sobre o mundo dos investimentos\",\"publisher\":{\"@id\":\"https:\/\/www.suno.com.br\/noticias\/#organization\"},\"potentialAction\":[{\"@type\":\"SearchAction\",\"target\":{\"@type\":\"EntryPoint\",\"urlTemplate\":\"https:\/\/www.suno.com.br\/noticias\/?s={search_term_string}\"},\"query-input\":{\"@type\":\"PropertyValueSpecification\",\"valueRequired\":true,\"valueName\":\"search_term_string\"}}],\"inLanguage\":\"pt-BR\"},{\"@type\":\"Organization\",\"@id\":\"https:\/\/www.suno.com.br\/noticias\/#organization\",\"name\":\"Suno Not\u00edcias\",\"url\":\"https:\/\/www.suno.com.br\/noticias\/\",\"logo\":{\"@type\":\"ImageObject\",\"inLanguage\":\"pt-BR\",\"@id\":\"https:\/\/www.suno.com.br\/noticias\/#\/schema\/logo\/image\/\",\"url\":\"https:\/\/files.sunoresearch.com.br\/n\/uploads\/2021\/09\/suno-logo.png\",\"contentUrl\":\"https:\/\/files.sunoresearch.com.br\/n\/uploads\/2021\/09\/suno-logo.png\",\"width\":180,\"height\":180,\"caption\":\"Suno Not\u00edcias\"},\"image\":{\"@id\":\"https:\/\/www.suno.com.br\/noticias\/#\/schema\/logo\/image\/\"},\"sameAs\":[\"https:\/\/facebook.com\/sunoresearch\",\"https:\/\/x.com\/sunoresearch\",\"https:\/\/www.instagram.com\/suno\",\"https:\/\/www.linkedin.com\/company\/suno-research\/\",\"https:\/\/www.youtube.com\/c\/sunoresearch\"]},{\"@type\":\"Person\",\"@id\":\"https:\/\/www.suno.com.br\/noticias\/#\/schema\/person\/7f4d362bf3518e76090143ae77bb49a5\",\"name\":\"Eduardo Vargas\",\"image\":{\"@type\":\"ImageObject\",\"inLanguage\":\"pt-BR\",\"@id\":\"https:\/\/www.suno.com.br\/noticias\/#\/schema\/person\/image\/\",\"url\":\"https:\/\/secure.gravatar.com\/avatar\/dac340933427a22924c9f99d1eb2e3f2?s=96&r=g\",\"contentUrl\":\"https:\/\/secure.gravatar.com\/avatar\/dac340933427a22924c9f99d1eb2e3f2?s=96&r=g\",\"caption\":\"Eduardo Vargas\"},\"description\":\"Jornalista formado pela UFSC, cobre macroeconomia, neg\u00f3cios e startups para o Suno Not\u00edcias, escrevendo principalmente not\u00edcias sobre o mercado financeiro e a bolsa de valores. No YouTube e no Instagram, \u00e9 respons\u00e1vel pela produ\u00e7\u00e3o de Reels e Shorts do Suno Not\u00edcias. Anteriormente, trabalhou cobrindo economia e cotidiano no ND+ e para o ND, maior jornal impresso de Santa Catarina. Cursou um semestre letivo de Estudos de M\u00eddia na Universidad de Buenos Aires.\",\"url\":\"https:\/\/www.suno.com.br\/noticias\/author\/eduardo-vargas\/\"}]}<\/script>\n<!-- \/ Yoast SEO plugin. -->","yoast_head_json":{"title":"Cielo (CIEL3) salta 22% e \u00e9 maior alta do Ibovepsa na semana; veja lista","description":"Cielo teve venda nos EUA que catapultou pap\u00e9is e fez com que a companhia tivesse a maior alta do Ibovespa. Clique aqui e leia mais","robots":{"index":"index","follow":"follow","max-snippet":"max-snippet:-1","max-image-preview":"max-image-preview:large","max-video-preview":"max-video-preview:-1"},"canonical":"https:\/\/www.suno.com.br\/noticias\/cielo-ciel3-ibovespa-altas-maiores\/","og_locale":"pt_BR","og_type":"article","og_title":"Cielo (CIEL3) salta 22% e \u00e9 maior alta do Ibovepsa na semana; veja lista","og_description":"Cielo teve venda nos EUA que catapultou pap\u00e9is e fez com que a companhia tivesse a maior alta do Ibovespa. Clique aqui e leia mais","og_url":"https:\/\/www.suno.com.br\/noticias\/cielo-ciel3-ibovespa-altas-maiores\/","og_site_name":"Suno Not\u00edcias","article_publisher":"https:\/\/facebook.com\/sunoresearch","og_image":[{"width":1200,"height":675,"url":"https:\/\/files.sunoresearch.com.br\/n\/uploads\/2021\/03\/a7657eef-cielo-4.jpg","type":"image\/jpeg"}],"author":"Eduardo Vargas","twitter_card":"summary_large_image","twitter_creator":"@sunoresearch","twitter_site":"@sunoresearch","twitter_misc":{"Escrito por":"Eduardo Vargas","Est. tempo de leitura":"4 minutos"},"schema":{"@context":"https:\/\/schema.org","@graph":[{"@type":"NewsArticle","@id":"https:\/\/www.suno.com.br\/noticias\/cielo-ciel3-ibovespa-altas-maiores\/#article","isPartOf":{"@id":"https:\/\/www.suno.com.br\/noticias\/cielo-ciel3-ibovespa-altas-maiores\/"},"author":{"name":"Eduardo Vargas","@id":"https:\/\/www.suno.com.br\/noticias\/#\/schema\/person\/7f4d362bf3518e76090143ae77bb49a5"},"headline":"Cielo (CIEL3) salta 22% e \u00e9 maior alta do Ibovepsa na semana; veja lista","datePublished":"2022-02-19T21:10:46+00:00","mainEntityOfPage":{"@id":"https:\/\/www.suno.com.br\/noticias\/cielo-ciel3-ibovespa-altas-maiores\/"},"wordCount":736,"publisher":{"@id":"https:\/\/www.suno.com.br\/noticias\/#organization"},"image":{"@id":"https:\/\/www.suno.com.br\/noticias\/cielo-ciel3-ibovespa-altas-maiores\/#primaryimage"},"thumbnailUrl":"https:\/\/files.sunoresearch.com.br\/n\/uploads\/2021\/03\/a7657eef-cielo-4-jpg.webp","keywords":["Banco Inter (BIDI11)","Cielo (CIEL3)","Especialistas","Ibovespa"],"articleSection":["Mercado"],"inLanguage":"pt-BR"},{"@type":"WebPage","@id":"https:\/\/www.suno.com.br\/noticias\/cielo-ciel3-ibovespa-altas-maiores\/","url":"https:\/\/www.suno.com.br\/noticias\/cielo-ciel3-ibovespa-altas-maiores\/","name":"Cielo (CIEL3) salta 22% e \u00e9 maior alta do Ibovepsa na semana; veja lista","isPartOf":{"@id":"https:\/\/www.suno.com.br\/noticias\/#website"},"primaryImageOfPage":{"@id":"https:\/\/www.suno.com.br\/noticias\/cielo-ciel3-ibovespa-altas-maiores\/#primaryimage"},"image":{"@id":"https:\/\/www.suno.com.br\/noticias\/cielo-ciel3-ibovespa-altas-maiores\/#primaryimage"},"thumbnailUrl":"https:\/\/files.sunoresearch.com.br\/n\/uploads\/2021\/03\/a7657eef-cielo-4-jpg.webp","datePublished":"2022-02-19T21:10:46+00:00","description":"Cielo teve venda nos EUA que catapultou pap\u00e9is e fez com que a companhia tivesse a maior alta do Ibovespa. Clique aqui e leia mais","breadcrumb":{"@id":"https:\/\/www.suno.com.br\/noticias\/cielo-ciel3-ibovespa-altas-maiores\/#breadcrumb"},"inLanguage":"pt-BR","potentialAction":[{"@type":"ReadAction","target":["https:\/\/www.suno.com.br\/noticias\/cielo-ciel3-ibovespa-altas-maiores\/"]}]},{"@type":"ImageObject","inLanguage":"pt-BR","@id":"https:\/\/www.suno.com.br\/noticias\/cielo-ciel3-ibovespa-altas-maiores\/#primaryimage","url":"https:\/\/files.sunoresearch.com.br\/n\/uploads\/2021\/03\/a7657eef-cielo-4-jpg.webp","contentUrl":"https:\/\/files.sunoresearch.com.br\/n\/uploads\/2021\/03\/a7657eef-cielo-4-jpg.webp","width":1200,"height":675,"caption":"O\u00a0Ebitda da Cielo foi de R$ 711,5 milh\u00f5es no 1T22, um avan\u00e7o de 16% sobre o mesmo per\u00edodo de 2021, ou de 52,1% em bases recorrentes. - Foto: Divulga\u00e7\u00e3o"},{"@type":"BreadcrumbList","@id":"https:\/\/www.suno.com.br\/noticias\/cielo-ciel3-ibovespa-altas-maiores\/#breadcrumb","itemListElement":[{"@type":"ListItem","position":1,"name":"Not\u00edcias","item":"https:\/\/www.suno.com.br\/noticias\/"},{"@type":"ListItem","position":2,"name":"Mercado","item":"https:\/\/www.suno.com.br\/noticias\/mercado\/"},{"@type":"ListItem","position":3,"name":"Cielo (CIEL3) salta 22% e \u00e9 maior alta do Ibovepsa na semana; veja lista"}]},{"@type":"WebSite","@id":"https:\/\/www.suno.com.br\/noticias\/#website","url":"https:\/\/www.suno.com.br\/noticias\/","name":"Suno Not\u00edcias","description":"Seu portal de informa\u00e7\u00e3o sobre o mundo dos investimentos","publisher":{"@id":"https:\/\/www.suno.com.br\/noticias\/#organization"},"potentialAction":[{"@type":"SearchAction","target":{"@type":"EntryPoint","urlTemplate":"https:\/\/www.suno.com.br\/noticias\/?s={search_term_string}"},"query-input":{"@type":"PropertyValueSpecification","valueRequired":true,"valueName":"search_term_string"}}],"inLanguage":"pt-BR"},{"@type":"Organization","@id":"https:\/\/www.suno.com.br\/noticias\/#organization","name":"Suno Not\u00edcias","url":"https:\/\/www.suno.com.br\/noticias\/","logo":{"@type":"ImageObject","inLanguage":"pt-BR","@id":"https:\/\/www.suno.com.br\/noticias\/#\/schema\/logo\/image\/","url":"https:\/\/files.sunoresearch.com.br\/n\/uploads\/2021\/09\/suno-logo.png","contentUrl":"https:\/\/files.sunoresearch.com.br\/n\/uploads\/2021\/09\/suno-logo.png","width":180,"height":180,"caption":"Suno Not\u00edcias"},"image":{"@id":"https:\/\/www.suno.com.br\/noticias\/#\/schema\/logo\/image\/"},"sameAs":["https:\/\/facebook.com\/sunoresearch","https:\/\/x.com\/sunoresearch","https:\/\/www.instagram.com\/suno","https:\/\/www.linkedin.com\/company\/suno-research\/","https:\/\/www.youtube.com\/c\/sunoresearch"]},{"@type":"Person","@id":"https:\/\/www.suno.com.br\/noticias\/#\/schema\/person\/7f4d362bf3518e76090143ae77bb49a5","name":"Eduardo Vargas","image":{"@type":"ImageObject","inLanguage":"pt-BR","@id":"https:\/\/www.suno.com.br\/noticias\/#\/schema\/person\/image\/","url":"https:\/\/secure.gravatar.com\/avatar\/dac340933427a22924c9f99d1eb2e3f2?s=96&r=g","contentUrl":"https:\/\/secure.gravatar.com\/avatar\/dac340933427a22924c9f99d1eb2e3f2?s=96&r=g","caption":"Eduardo Vargas"},"description":"Jornalista formado pela UFSC, cobre macroeconomia, neg\u00f3cios e startups para o Suno Not\u00edcias, escrevendo principalmente not\u00edcias sobre o mercado financeiro e a bolsa de valores. No YouTube e no Instagram, \u00e9 respons\u00e1vel pela produ\u00e7\u00e3o de Reels e Shorts do Suno Not\u00edcias. Anteriormente, trabalhou cobrindo economia e cotidiano no ND+ e para o ND, maior jornal impresso de Santa Catarina. Cursou um semestre letivo de Estudos de M\u00eddia na Universidad de Buenos Aires.","url":"https:\/\/www.suno.com.br\/noticias\/author\/eduardo-vargas\/"}]}},"default_loop_html":"<div class=\"cardsPage__listCard__boxs\"><div class=\"cardsPage__listCard__boxs__img\"><a href=\"https:\/\/www.suno.com.br\/noticias\/cielo-ciel3-ibovespa-altas-maiores\/\"><img class=\"mask\" src=\"https:\/\/www.suno.com.br\/noticias\/wp-content\/themes\/suno\/resources\/images\/spotlight\/spotlight1img\/bg-mask.png\" alt=\"Image Mask\"\/><img src=\"https:\/\/files.sunoresearch.com.br\/n\/uploads\/2021\/03\/a7657eef-cielo-4-400x200.webp\" alt=\"Cielo (CIEL3) salta 22% e \u00e9 maior alta do Ibovepsa na semana; veja lista\"\/><\/a><span class=\"spotlightCategory\"><a href=\"https:\/\/www.suno.com.br\/noticias\/mercado\/\">Mercado<\/a><\/span><\/div><div class=\"cardsPage__listCard__boxs__content\"><a href=\"https:\/\/www.suno.com.br\/noticias\/cielo-ciel3-ibovespa-altas-maiores\/\"><h2 class=\"content__title\">Cielo (CIEL3) salta 22% e \u00e9 maior alta do Ibovepsa na semana; veja lista<\/h2><\/a><div class=\"newsContent__article__meta\"><div class=\"newsContent__article__meta__authorBox\"><a href=\"https:\/\/www.suno.com.br\/noticias\/author\/eduardo-vargas\/\" class=\"authorBox__avatar noMobi\"><img src=\"https:\/\/secure.gravatar.com\/avatar\/dac340933427a22924c9f99d1eb2e3f2?s=96&#038;r=g\" alt=\"Eduardo Vargas\"><\/a><div class=\"authorBox__name\"><span>por\n\t\t\t<a href=\"https:\/\/www.suno.com.br\/noticias\/author\/eduardo-vargas\/\"><span itemprop=\"author\">Eduardo Vargas<\/span><\/a><\/span><time datetime=\"2022-02-19T18:10:46-03:00\" itemprop=\"datePublished\">19\/02\/2022 18:10<\/time><\/div><\/div><\/div><\/div><\/div>","single_layout":"posts","amp_enabled":true,"_links":{"self":[{"href":"https:\/\/www.suno.com.br\/noticias\/wp-json\/wp\/v2\/posts\/233307"}],"collection":[{"href":"https:\/\/www.suno.com.br\/noticias\/wp-json\/wp\/v2\/posts"}],"about":[{"href":"https:\/\/www.suno.com.br\/noticias\/wp-json\/wp\/v2\/types\/post"}],"author":[{"embeddable":true,"href":"https:\/\/www.suno.com.br\/noticias\/wp-json\/wp\/v2\/users\/73"}],"replies":[{"embeddable":true,"href":"https:\/\/www.suno.com.br\/noticias\/wp-json\/wp\/v2\/comments?post=233307"}],"version-history":[{"count":1,"href":"https:\/\/www.suno.com.br\/noticias\/wp-json\/wp\/v2\/posts\/233307\/revisions"}],"predecessor-version":[{"id":233309,"href":"https:\/\/www.suno.com.br\/noticias\/wp-json\/wp\/v2\/posts\/233307\/revisions\/233309"}],"wp:featuredmedia":[{"embeddable":true,"href":"https:\/\/www.suno.com.br\/noticias\/wp-json\/wp\/v2\/media\/130224"}],"wp:attachment":[{"href":"https:\/\/www.suno.com.br\/noticias\/wp-json\/wp\/v2\/media?parent=233307"}],"wp:term":[{"taxonomy":"category","embeddable":true,"href":"https:\/\/www.suno.com.br\/noticias\/wp-json\/wp\/v2\/categories?post=233307"},{"taxonomy":"post_tag","embeddable":true,"href":"https:\/\/www.suno.com.br\/noticias\/wp-json\/wp\/v2\/tags?post=233307"},{"taxonomy":"suno_strategy","embeddable":true,"href":"https:\/\/www.suno.com.br\/noticias\/wp-json\/wp\/v2\/suno_strategy?post=233307"}],"curies":[{"name":"wp","href":"https:\/\/api.w.org\/{rel}","templated":true}]}}