{"id":23315,"date":"2019-05-05T13:34:29","date_gmt":"2019-05-05T16:34:29","guid":{"rendered":"https:\/\/www.suno.com.br\/noticias\/?p=23315"},"modified":"2019-05-05T13:34:29","modified_gmt":"2019-05-05T16:34:29","slug":"greve-dos-caminhoneiros-transporte-de-carga-por-trilhos-e-agua-aumenta-33","status":"publish","type":"post","link":"https:\/\/www.suno.com.br\/noticias\/greve-dos-caminhoneiros-transporte-de-carga-por-trilhos-e-agua-aumenta-33\/","title":{"rendered":"Greve dos caminhoneiros: transporte de carga por trilhos e \u00e1gua aumenta 33%"},"content":{"rendered":"<p>O <strong>transporte<\/strong> de <strong>carga<\/strong> no Brasil por <strong>trilhos<\/strong> e pela <strong>costa<\/strong> \u00e9 33% maior do que um ano atr\u00e1s, quando houve a greve dos caminhoneiros. O aumento \u00e9 decorrente dos altos valores do transporte rodovi\u00e1rio ap\u00f3s a <strong>tabela de frete.<\/strong> Al\u00e9m disso, as outras op\u00e7\u00f5es ganharam for\u00e7a com as consequ\u00eancias da paralisa\u00e7\u00e3o da categoria.<\/p>\t<div class=\"wrapper-featured-image\">\n\t\t<figure class=\"spotlightImg\">\n\n\t\t\t<picture>\n\t\t\t\t<source media=\"(max-width: 768px)\" srcset=\"https:\/\/files.sunoresearch.com.br\/n\/uploads\/2019\/05\/a379a733-greve-dos-caminhineiros-400x200.webp\">\n\t\t\t\t<img loading=\"lazy\" decoding=\"async\" class=\"newsContent__article__imgCapa lazyloadDisabled newsContent__article__imgCapa--noCaption\" src=\"https:\/\/files.sunoresearch.com.br\/n\/uploads\/2019\/05\/a379a733-greve-dos-caminhineiros-800x450.webp\" width=\"800\" height=\"450\" alt=\"Greve dos caminhoneiros: transporte de carga por trilhos e \u00e1gua aumenta 33%\" fetchpriority=high \/>\n\t\t\t<\/picture>\n\n\t\t\t<figcaption class=\"wp-caption-text wp-caption-text--hide\"><\/figcaption>\n\t\t<\/figure>\n\t<\/div>\n\n\n<p>O <strong>transporte<\/strong> de cont\u00eaineres por <strong>trilhos<\/strong> teve um aumento de 15% no pa\u00eds. J\u00e1 a movimenta\u00e7\u00e3o pela costa, chamada <strong>cabotagem,<\/strong> apresentou um avan\u00e7o de quase 18% em 2018. O levantamento foi feito pelo\u00a0Ilos (Instituto de Log\u00edstica e Supply Chain).<\/p>\n<p>Em algumas regi\u00f5es do pa\u00eds, o aumento foi ainda maior. No trecho Nordeste-Sudeste o avan\u00e7o da <strong>cabotagem<\/strong> foi de 20%. J\u00e1 entre a Bahia e S\u00e3o Paulo, o transporte pela costa cresceu 300%.<\/p>\n<p>A <strong>greve dos caminhoneiros<\/strong> \u00e9 um dos principais respons\u00e1veis por essa mudan\u00e7a. Entenda:<\/p>\n<p><a href=\"https:\/\/www.suno.com.br\/noticias\/greve-caminhoneiros-governo-acordo\/\">Saiba Mais: Greve dos caminhoneiros: governo faz acordo e evita paralisa\u00e7\u00e3o<\/a><\/p>\n<h2>Greve dos caminhoneiros<\/h2>\n<p>Em maio de 2018, os <strong>caminhoneiros<\/strong> entraram em <strong>greve<\/strong> e paralisaram o Pa\u00eds por 11 dias. O protesto era contra o pre\u00e7o do <strong>diesel<\/strong> e o valor do <strong>frete.<\/strong> A reivindica\u00e7\u00e3o da categoria era para que o governo tomasse medidas, entre elas, a determina\u00e7\u00e3o de uma <strong>tabela de frete m\u00ednimo.<\/strong><\/p>\n<p>Depois de dias de tens\u00e3o e com o pa\u00eds parado, o ent\u00e3o presidente <strong>Michel Temer<\/strong> cedeu \u00e0s exig\u00eancias afim de acabar com a <strong>greve.<\/strong>\u00a0Foi criada ent\u00e3o a tabela do frete m\u00ednimo, o que compensaria o custo do diesel para a categoria. Por\u00e9m, depois dos mais de 10 dias, o preju\u00edzo na economia j\u00e1 somava R$ 15 bilh\u00f5es, segundo o minist\u00e9rio da Fazenda da \u00e9poca.<\/p>\n<p><a href=\"https:\/\/www.suno.com.br\/noticias\/greve-caminhoneiros-governo-negocia\/\">Saiba Mais: Greve dos caminhoneiros: governo est\u00e1 \u201centre a cruz e a espada\u201d, diz ministro<\/a><\/p>\n<p>Contudo, as exig\u00eancias dos <strong>caminhoneiros<\/strong> atendidas pelo <strong>governo<\/strong> n\u00e3o surtiram o resultado esperado e o custo do <strong>transporte rodovi\u00e1rio<\/strong> aumentou. Dessa forma, os altos valores s\u00e3o um dos principais motivos para empresas e fornecedores buscarem outras formas de <strong>transporte de carga.<\/strong><\/p>\n<p>Al\u00e9m disso, o caos criado durante a <strong>paralisa\u00e7\u00e3o\u00a0<\/strong>trouxe um alerta para a depend\u00eancia do setor produtivo sobre o transporte rodovi\u00e1rio. A inten\u00e7\u00e3o ent\u00e3o passou a ser buscar meios mais baratos e alternativos.<\/p>\n<p><a href=\"https:\/\/www.suno.com.br\/noticias\/nova-greve-caminhoneiros-29-abril\/\">Saiba Mais: Nova greve dos caminhoneiros deve ocorrer no dia 29 de abril<\/a><\/p>\n<p>Para o caso de uma nova <strong>greve dos caminhoneiros,<\/strong> o <strong>transporte<\/strong> por outros meios evitaria uma grande paralisa\u00e7\u00e3o do pa\u00eds. Por consequ\u00eancia. diminuiria o preju\u00edzo econ\u00f4mico com os dias de protesto.<\/p>\n","protected":false},"excerpt":{"rendered":"<p>O transporte de carga no Brasil por trilhos e pela costa \u00e9 33% maior do que um ano atr\u00e1s, quando houve a greve dos caminhoneiros. O aumento \u00e9 decorrente dos altos valores do transporte rodovi\u00e1rio ap\u00f3s a tabela de frete. Al\u00e9m disso, as outras op\u00e7\u00f5es ganharam for\u00e7a com as consequ\u00eancias da paralisa\u00e7\u00e3o da categoria. O [&hellip;]<\/p>\n","protected":false},"author":16,"featured_media":23316,"comment_status":"closed","ping_status":"closed","sticky":false,"template":"","format":"standard","meta":[],"categories":[62],"tags":[833],"suno_strategy":[],"class_list":["post-23315","post","type-post","status-publish","format-standard","has-post-thumbnail","hentry","category-economia","tag-greve-dos-caminhoneiros"],"yoast_head":"<!-- This site is optimized with the Yoast SEO plugin v24.4 - https:\/\/yoast.com\/wordpress\/plugins\/seo\/ -->\n<title>Greve dos caminhoneiros: transporte por trilhos e \u00e1gua aumenta 33%<\/title>\n<meta name=\"description\" content=\"Depois da greve dos caminhoneiros, a alta da cabotagem, transporte pela costa, chegou a 300% em alguns trechos do pa\u00eds. Clique e saiba mais.\" \/>\n<meta name=\"robots\" content=\"index, follow, max-snippet:-1, max-image-preview:large, max-video-preview:-1\" \/>\n<link rel=\"canonical\" href=\"https:\/\/www.suno.com.br\/noticias\/greve-dos-caminhoneiros-transporte-de-carga-por-trilhos-e-agua-aumenta-33\/\" \/>\n<meta property=\"og:locale\" content=\"pt_BR\" \/>\n<meta property=\"og:type\" content=\"article\" \/>\n<meta property=\"og:title\" content=\"Greve dos caminhoneiros: transporte por trilhos e \u00e1gua aumenta 33%\" \/>\n<meta property=\"og:description\" content=\"Depois da greve dos caminhoneiros, a alta da cabotagem, transporte pela costa, chegou a 300% em alguns trechos do pa\u00eds. Clique e saiba mais.\" \/>\n<meta property=\"og:url\" content=\"https:\/\/www.suno.com.br\/noticias\/greve-dos-caminhoneiros-transporte-de-carga-por-trilhos-e-agua-aumenta-33\/\" \/>\n<meta property=\"og:site_name\" content=\"Suno Not\u00edcias\" \/>\n<meta property=\"article:publisher\" content=\"https:\/\/facebook.com\/sunoresearch\" \/>\n<meta property=\"og:image\" content=\"https:\/\/files.sunoresearch.com.br\/n\/uploads\/2019\/05\/a379a733-greve-dos-caminhineiros.jpg\" \/>\n\t<meta property=\"og:image:width\" content=\"1920\" \/>\n\t<meta property=\"og:image:height\" content=\"1280\" \/>\n\t<meta property=\"og:image:type\" content=\"image\/jpeg\" \/>\n<meta name=\"author\" content=\"Beatriz Oliveira\" \/>\n<meta name=\"twitter:card\" content=\"summary_large_image\" \/>\n<meta name=\"twitter:creator\" content=\"@sunoresearch\" \/>\n<meta name=\"twitter:site\" content=\"@sunoresearch\" \/>\n<meta name=\"twitter:label1\" content=\"Escrito por\" \/>\n\t<meta name=\"twitter:data1\" content=\"Beatriz Oliveira\" \/>\n\t<meta name=\"twitter:label2\" content=\"Est. tempo de leitura\" \/>\n\t<meta name=\"twitter:data2\" content=\"2 minutos\" \/>\n<script type=\"application\/ld+json\" class=\"yoast-schema-graph\">{\"@context\":\"https:\/\/schema.org\",\"@graph\":[{\"@type\":\"NewsArticle\",\"@id\":\"https:\/\/www.suno.com.br\/noticias\/greve-dos-caminhoneiros-transporte-de-carga-por-trilhos-e-agua-aumenta-33\/#article\",\"isPartOf\":{\"@id\":\"https:\/\/www.suno.com.br\/noticias\/greve-dos-caminhoneiros-transporte-de-carga-por-trilhos-e-agua-aumenta-33\/\"},\"author\":{\"name\":\"Beatriz Oliveira\",\"@id\":\"https:\/\/www.suno.com.br\/noticias\/#\/schema\/person\/e67f665add014bf99f644028de070cc3\"},\"headline\":\"Greve dos caminhoneiros: transporte de carga por trilhos e \u00e1gua aumenta 33%\",\"datePublished\":\"2019-05-05T16:34:29+00:00\",\"mainEntityOfPage\":{\"@id\":\"https:\/\/www.suno.com.br\/noticias\/greve-dos-caminhoneiros-transporte-de-carga-por-trilhos-e-agua-aumenta-33\/\"},\"wordCount\":449,\"publisher\":{\"@id\":\"https:\/\/www.suno.com.br\/noticias\/#organization\"},\"image\":{\"@id\":\"https:\/\/www.suno.com.br\/noticias\/greve-dos-caminhoneiros-transporte-de-carga-por-trilhos-e-agua-aumenta-33\/#primaryimage\"},\"thumbnailUrl\":\"https:\/\/files.sunoresearch.com.br\/n\/uploads\/2019\/05\/a379a733-greve-dos-caminhineiros-jpg.webp\",\"keywords\":[\"greve dos caminhoneiros\"],\"articleSection\":[\"Economia\"],\"inLanguage\":\"pt-BR\"},{\"@type\":\"WebPage\",\"@id\":\"https:\/\/www.suno.com.br\/noticias\/greve-dos-caminhoneiros-transporte-de-carga-por-trilhos-e-agua-aumenta-33\/\",\"url\":\"https:\/\/www.suno.com.br\/noticias\/greve-dos-caminhoneiros-transporte-de-carga-por-trilhos-e-agua-aumenta-33\/\",\"name\":\"Greve dos caminhoneiros: transporte por trilhos e \u00e1gua aumenta 33%\",\"isPartOf\":{\"@id\":\"https:\/\/www.suno.com.br\/noticias\/#website\"},\"primaryImageOfPage\":{\"@id\":\"https:\/\/www.suno.com.br\/noticias\/greve-dos-caminhoneiros-transporte-de-carga-por-trilhos-e-agua-aumenta-33\/#primaryimage\"},\"image\":{\"@id\":\"https:\/\/www.suno.com.br\/noticias\/greve-dos-caminhoneiros-transporte-de-carga-por-trilhos-e-agua-aumenta-33\/#primaryimage\"},\"thumbnailUrl\":\"https:\/\/files.sunoresearch.com.br\/n\/uploads\/2019\/05\/a379a733-greve-dos-caminhineiros-jpg.webp\",\"datePublished\":\"2019-05-05T16:34:29+00:00\",\"description\":\"Depois da greve dos caminhoneiros, a alta da cabotagem, transporte pela costa, chegou a 300% em alguns trechos do pa\u00eds. Clique e saiba mais.\",\"breadcrumb\":{\"@id\":\"https:\/\/www.suno.com.br\/noticias\/greve-dos-caminhoneiros-transporte-de-carga-por-trilhos-e-agua-aumenta-33\/#breadcrumb\"},\"inLanguage\":\"pt-BR\",\"potentialAction\":[{\"@type\":\"ReadAction\",\"target\":[\"https:\/\/www.suno.com.br\/noticias\/greve-dos-caminhoneiros-transporte-de-carga-por-trilhos-e-agua-aumenta-33\/\"]}]},{\"@type\":\"ImageObject\",\"inLanguage\":\"pt-BR\",\"@id\":\"https:\/\/www.suno.com.br\/noticias\/greve-dos-caminhoneiros-transporte-de-carga-por-trilhos-e-agua-aumenta-33\/#primaryimage\",\"url\":\"https:\/\/files.sunoresearch.com.br\/n\/uploads\/2019\/05\/a379a733-greve-dos-caminhineiros-jpg.webp\",\"contentUrl\":\"https:\/\/files.sunoresearch.com.br\/n\/uploads\/2019\/05\/a379a733-greve-dos-caminhineiros-jpg.webp\",\"width\":1920,\"height\":1280,\"caption\":\"Parque de containers para exporta\u00e7\u00f5es que batem recorde em mar\u00e7o\"},{\"@type\":\"BreadcrumbList\",\"@id\":\"https:\/\/www.suno.com.br\/noticias\/greve-dos-caminhoneiros-transporte-de-carga-por-trilhos-e-agua-aumenta-33\/#breadcrumb\",\"itemListElement\":[{\"@type\":\"ListItem\",\"position\":1,\"name\":\"Not\u00edcias\",\"item\":\"https:\/\/www.suno.com.br\/noticias\/\"},{\"@type\":\"ListItem\",\"position\":2,\"name\":\"Economia\",\"item\":\"https:\/\/www.suno.com.br\/noticias\/economia\/\"},{\"@type\":\"ListItem\",\"position\":3,\"name\":\"Greve dos caminhoneiros: transporte de carga por trilhos e \u00e1gua aumenta 33%\"}]},{\"@type\":\"WebSite\",\"@id\":\"https:\/\/www.suno.com.br\/noticias\/#website\",\"url\":\"https:\/\/www.suno.com.br\/noticias\/\",\"name\":\"Suno Not\u00edcias\",\"description\":\"Seu portal de informa\u00e7\u00e3o sobre o mundo dos investimentos\",\"publisher\":{\"@id\":\"https:\/\/www.suno.com.br\/noticias\/#organization\"},\"potentialAction\":[{\"@type\":\"SearchAction\",\"target\":{\"@type\":\"EntryPoint\",\"urlTemplate\":\"https:\/\/www.suno.com.br\/noticias\/?s={search_term_string}\"},\"query-input\":{\"@type\":\"PropertyValueSpecification\",\"valueRequired\":true,\"valueName\":\"search_term_string\"}}],\"inLanguage\":\"pt-BR\"},{\"@type\":\"Organization\",\"@id\":\"https:\/\/www.suno.com.br\/noticias\/#organization\",\"name\":\"Suno Not\u00edcias\",\"url\":\"https:\/\/www.suno.com.br\/noticias\/\",\"logo\":{\"@type\":\"ImageObject\",\"inLanguage\":\"pt-BR\",\"@id\":\"https:\/\/www.suno.com.br\/noticias\/#\/schema\/logo\/image\/\",\"url\":\"https:\/\/files.sunoresearch.com.br\/n\/uploads\/2021\/09\/suno-logo.png\",\"contentUrl\":\"https:\/\/files.sunoresearch.com.br\/n\/uploads\/2021\/09\/suno-logo.png\",\"width\":180,\"height\":180,\"caption\":\"Suno Not\u00edcias\"},\"image\":{\"@id\":\"https:\/\/www.suno.com.br\/noticias\/#\/schema\/logo\/image\/\"},\"sameAs\":[\"https:\/\/facebook.com\/sunoresearch\",\"https:\/\/x.com\/sunoresearch\",\"https:\/\/www.instagram.com\/suno\",\"https:\/\/www.linkedin.com\/company\/suno-research\/\",\"https:\/\/www.youtube.com\/c\/sunoresearch\"]},{\"@type\":\"Person\",\"@id\":\"https:\/\/www.suno.com.br\/noticias\/#\/schema\/person\/e67f665add014bf99f644028de070cc3\",\"name\":\"Beatriz Oliveira\",\"image\":{\"@type\":\"ImageObject\",\"inLanguage\":\"pt-BR\",\"@id\":\"https:\/\/www.suno.com.br\/noticias\/#\/schema\/person\/image\/\",\"url\":\"https:\/\/secure.gravatar.com\/avatar\/c9aa6a0aaecc598d257d5d5bd349157d?s=96&r=g\",\"contentUrl\":\"https:\/\/secure.gravatar.com\/avatar\/c9aa6a0aaecc598d257d5d5bd349157d?s=96&r=g\",\"caption\":\"Beatriz Oliveira\"},\"description\":\"Formada em Jornalismo pela Faculdade Paulus de Tecnologia e Comunica\u00e7\u00e3o, Beatriz Oliveira escreve para o portal de not\u00edcias Suno Research. Antes, passou pelas reda\u00e7\u00f5es da Revista EXAME e da Rede Bandeirantes.\",\"url\":\"https:\/\/www.suno.com.br\/noticias\/author\/beatriz\/\"}]}<\/script>\n<!-- \/ Yoast SEO plugin. -->","yoast_head_json":{"title":"Greve dos caminhoneiros: transporte por trilhos e \u00e1gua aumenta 33%","description":"Depois da greve dos caminhoneiros, a alta da cabotagem, transporte pela costa, chegou a 300% em alguns trechos do pa\u00eds. Clique e saiba mais.","robots":{"index":"index","follow":"follow","max-snippet":"max-snippet:-1","max-image-preview":"max-image-preview:large","max-video-preview":"max-video-preview:-1"},"canonical":"https:\/\/www.suno.com.br\/noticias\/greve-dos-caminhoneiros-transporte-de-carga-por-trilhos-e-agua-aumenta-33\/","og_locale":"pt_BR","og_type":"article","og_title":"Greve dos caminhoneiros: transporte por trilhos e \u00e1gua aumenta 33%","og_description":"Depois da greve dos caminhoneiros, a alta da cabotagem, transporte pela costa, chegou a 300% em alguns trechos do pa\u00eds. Clique e saiba mais.","og_url":"https:\/\/www.suno.com.br\/noticias\/greve-dos-caminhoneiros-transporte-de-carga-por-trilhos-e-agua-aumenta-33\/","og_site_name":"Suno Not\u00edcias","article_publisher":"https:\/\/facebook.com\/sunoresearch","og_image":[{"width":1920,"height":1280,"url":"https:\/\/files.sunoresearch.com.br\/n\/uploads\/2019\/05\/a379a733-greve-dos-caminhineiros.jpg","type":"image\/jpeg"}],"author":"Beatriz Oliveira","twitter_card":"summary_large_image","twitter_creator":"@sunoresearch","twitter_site":"@sunoresearch","twitter_misc":{"Escrito por":"Beatriz Oliveira","Est. tempo de leitura":"2 minutos"},"schema":{"@context":"https:\/\/schema.org","@graph":[{"@type":"NewsArticle","@id":"https:\/\/www.suno.com.br\/noticias\/greve-dos-caminhoneiros-transporte-de-carga-por-trilhos-e-agua-aumenta-33\/#article","isPartOf":{"@id":"https:\/\/www.suno.com.br\/noticias\/greve-dos-caminhoneiros-transporte-de-carga-por-trilhos-e-agua-aumenta-33\/"},"author":{"name":"Beatriz Oliveira","@id":"https:\/\/www.suno.com.br\/noticias\/#\/schema\/person\/e67f665add014bf99f644028de070cc3"},"headline":"Greve dos caminhoneiros: transporte de carga por trilhos e \u00e1gua aumenta 33%","datePublished":"2019-05-05T16:34:29+00:00","mainEntityOfPage":{"@id":"https:\/\/www.suno.com.br\/noticias\/greve-dos-caminhoneiros-transporte-de-carga-por-trilhos-e-agua-aumenta-33\/"},"wordCount":449,"publisher":{"@id":"https:\/\/www.suno.com.br\/noticias\/#organization"},"image":{"@id":"https:\/\/www.suno.com.br\/noticias\/greve-dos-caminhoneiros-transporte-de-carga-por-trilhos-e-agua-aumenta-33\/#primaryimage"},"thumbnailUrl":"https:\/\/files.sunoresearch.com.br\/n\/uploads\/2019\/05\/a379a733-greve-dos-caminhineiros-jpg.webp","keywords":["greve dos caminhoneiros"],"articleSection":["Economia"],"inLanguage":"pt-BR"},{"@type":"WebPage","@id":"https:\/\/www.suno.com.br\/noticias\/greve-dos-caminhoneiros-transporte-de-carga-por-trilhos-e-agua-aumenta-33\/","url":"https:\/\/www.suno.com.br\/noticias\/greve-dos-caminhoneiros-transporte-de-carga-por-trilhos-e-agua-aumenta-33\/","name":"Greve dos caminhoneiros: transporte por trilhos e \u00e1gua aumenta 33%","isPartOf":{"@id":"https:\/\/www.suno.com.br\/noticias\/#website"},"primaryImageOfPage":{"@id":"https:\/\/www.suno.com.br\/noticias\/greve-dos-caminhoneiros-transporte-de-carga-por-trilhos-e-agua-aumenta-33\/#primaryimage"},"image":{"@id":"https:\/\/www.suno.com.br\/noticias\/greve-dos-caminhoneiros-transporte-de-carga-por-trilhos-e-agua-aumenta-33\/#primaryimage"},"thumbnailUrl":"https:\/\/files.sunoresearch.com.br\/n\/uploads\/2019\/05\/a379a733-greve-dos-caminhineiros-jpg.webp","datePublished":"2019-05-05T16:34:29+00:00","description":"Depois da greve dos caminhoneiros, a alta da cabotagem, transporte pela costa, chegou a 300% em alguns trechos do pa\u00eds. Clique e saiba mais.","breadcrumb":{"@id":"https:\/\/www.suno.com.br\/noticias\/greve-dos-caminhoneiros-transporte-de-carga-por-trilhos-e-agua-aumenta-33\/#breadcrumb"},"inLanguage":"pt-BR","potentialAction":[{"@type":"ReadAction","target":["https:\/\/www.suno.com.br\/noticias\/greve-dos-caminhoneiros-transporte-de-carga-por-trilhos-e-agua-aumenta-33\/"]}]},{"@type":"ImageObject","inLanguage":"pt-BR","@id":"https:\/\/www.suno.com.br\/noticias\/greve-dos-caminhoneiros-transporte-de-carga-por-trilhos-e-agua-aumenta-33\/#primaryimage","url":"https:\/\/files.sunoresearch.com.br\/n\/uploads\/2019\/05\/a379a733-greve-dos-caminhineiros-jpg.webp","contentUrl":"https:\/\/files.sunoresearch.com.br\/n\/uploads\/2019\/05\/a379a733-greve-dos-caminhineiros-jpg.webp","width":1920,"height":1280,"caption":"Parque de containers para exporta\u00e7\u00f5es que batem recorde em mar\u00e7o"},{"@type":"BreadcrumbList","@id":"https:\/\/www.suno.com.br\/noticias\/greve-dos-caminhoneiros-transporte-de-carga-por-trilhos-e-agua-aumenta-33\/#breadcrumb","itemListElement":[{"@type":"ListItem","position":1,"name":"Not\u00edcias","item":"https:\/\/www.suno.com.br\/noticias\/"},{"@type":"ListItem","position":2,"name":"Economia","item":"https:\/\/www.suno.com.br\/noticias\/economia\/"},{"@type":"ListItem","position":3,"name":"Greve dos caminhoneiros: transporte de carga por trilhos e \u00e1gua aumenta 33%"}]},{"@type":"WebSite","@id":"https:\/\/www.suno.com.br\/noticias\/#website","url":"https:\/\/www.suno.com.br\/noticias\/","name":"Suno Not\u00edcias","description":"Seu portal de informa\u00e7\u00e3o sobre o mundo dos investimentos","publisher":{"@id":"https:\/\/www.suno.com.br\/noticias\/#organization"},"potentialAction":[{"@type":"SearchAction","target":{"@type":"EntryPoint","urlTemplate":"https:\/\/www.suno.com.br\/noticias\/?s={search_term_string}"},"query-input":{"@type":"PropertyValueSpecification","valueRequired":true,"valueName":"search_term_string"}}],"inLanguage":"pt-BR"},{"@type":"Organization","@id":"https:\/\/www.suno.com.br\/noticias\/#organization","name":"Suno Not\u00edcias","url":"https:\/\/www.suno.com.br\/noticias\/","logo":{"@type":"ImageObject","inLanguage":"pt-BR","@id":"https:\/\/www.suno.com.br\/noticias\/#\/schema\/logo\/image\/","url":"https:\/\/files.sunoresearch.com.br\/n\/uploads\/2021\/09\/suno-logo.png","contentUrl":"https:\/\/files.sunoresearch.com.br\/n\/uploads\/2021\/09\/suno-logo.png","width":180,"height":180,"caption":"Suno Not\u00edcias"},"image":{"@id":"https:\/\/www.suno.com.br\/noticias\/#\/schema\/logo\/image\/"},"sameAs":["https:\/\/facebook.com\/sunoresearch","https:\/\/x.com\/sunoresearch","https:\/\/www.instagram.com\/suno","https:\/\/www.linkedin.com\/company\/suno-research\/","https:\/\/www.youtube.com\/c\/sunoresearch"]},{"@type":"Person","@id":"https:\/\/www.suno.com.br\/noticias\/#\/schema\/person\/e67f665add014bf99f644028de070cc3","name":"Beatriz Oliveira","image":{"@type":"ImageObject","inLanguage":"pt-BR","@id":"https:\/\/www.suno.com.br\/noticias\/#\/schema\/person\/image\/","url":"https:\/\/secure.gravatar.com\/avatar\/c9aa6a0aaecc598d257d5d5bd349157d?s=96&r=g","contentUrl":"https:\/\/secure.gravatar.com\/avatar\/c9aa6a0aaecc598d257d5d5bd349157d?s=96&r=g","caption":"Beatriz Oliveira"},"description":"Formada em Jornalismo pela Faculdade Paulus de Tecnologia e Comunica\u00e7\u00e3o, Beatriz Oliveira escreve para o portal de not\u00edcias Suno Research. Antes, passou pelas reda\u00e7\u00f5es da Revista EXAME e da Rede Bandeirantes.","url":"https:\/\/www.suno.com.br\/noticias\/author\/beatriz\/"}]}},"default_loop_html":"<div class=\"cardsPage__listCard__boxs\"><div class=\"cardsPage__listCard__boxs__img\"><a href=\"https:\/\/www.suno.com.br\/noticias\/greve-dos-caminhoneiros-transporte-de-carga-por-trilhos-e-agua-aumenta-33\/\"><img class=\"mask\" src=\"https:\/\/www.suno.com.br\/noticias\/wp-content\/themes\/suno\/resources\/images\/spotlight\/spotlight1img\/bg-mask.png\" alt=\"Image Mask\"\/><img src=\"https:\/\/files.sunoresearch.com.br\/n\/uploads\/2019\/05\/a379a733-greve-dos-caminhineiros-400x200.webp\" alt=\"Greve dos caminhoneiros: transporte de carga por trilhos e \u00e1gua aumenta 33%\"\/><\/a><span class=\"spotlightCategory\"><a href=\"https:\/\/www.suno.com.br\/noticias\/economia\/\">Economia<\/a><\/span><\/div><div class=\"cardsPage__listCard__boxs__content\"><a href=\"https:\/\/www.suno.com.br\/noticias\/greve-dos-caminhoneiros-transporte-de-carga-por-trilhos-e-agua-aumenta-33\/\"><h2 class=\"content__title\">Greve dos caminhoneiros: transporte de carga por trilhos e \u00e1gua aumenta 33%<\/h2><\/a><div class=\"newsContent__article__meta\"><div class=\"newsContent__article__meta__authorBox\"><a href=\"https:\/\/www.suno.com.br\/noticias\/author\/beatriz\/\" class=\"authorBox__avatar noMobi\"><img src=\"https:\/\/secure.gravatar.com\/avatar\/c9aa6a0aaecc598d257d5d5bd349157d?s=96&#038;r=g\" alt=\"Beatriz Oliveira\"><\/a><div class=\"authorBox__name\"><span>por\n\t\t\t<a href=\"https:\/\/www.suno.com.br\/noticias\/author\/beatriz\/\"><span itemprop=\"author\">Beatriz Oliveira<\/span><\/a><\/span><time datetime=\"2019-05-05T13:34:29-03:00\" itemprop=\"datePublished\">05\/05\/2019 13:34<\/time><\/div><\/div><\/div><\/div><\/div>","single_layout":"posts","amp_enabled":true,"_links":{"self":[{"href":"https:\/\/www.suno.com.br\/noticias\/wp-json\/wp\/v2\/posts\/23315"}],"collection":[{"href":"https:\/\/www.suno.com.br\/noticias\/wp-json\/wp\/v2\/posts"}],"about":[{"href":"https:\/\/www.suno.com.br\/noticias\/wp-json\/wp\/v2\/types\/post"}],"author":[{"embeddable":true,"href":"https:\/\/www.suno.com.br\/noticias\/wp-json\/wp\/v2\/users\/16"}],"replies":[{"embeddable":true,"href":"https:\/\/www.suno.com.br\/noticias\/wp-json\/wp\/v2\/comments?post=23315"}],"version-history":[{"count":0,"href":"https:\/\/www.suno.com.br\/noticias\/wp-json\/wp\/v2\/posts\/23315\/revisions"}],"wp:featuredmedia":[{"embeddable":true,"href":"https:\/\/www.suno.com.br\/noticias\/wp-json\/wp\/v2\/media\/23316"}],"wp:attachment":[{"href":"https:\/\/www.suno.com.br\/noticias\/wp-json\/wp\/v2\/media?parent=23315"}],"wp:term":[{"taxonomy":"category","embeddable":true,"href":"https:\/\/www.suno.com.br\/noticias\/wp-json\/wp\/v2\/categories?post=23315"},{"taxonomy":"post_tag","embeddable":true,"href":"https:\/\/www.suno.com.br\/noticias\/wp-json\/wp\/v2\/tags?post=23315"},{"taxonomy":"suno_strategy","embeddable":true,"href":"https:\/\/www.suno.com.br\/noticias\/wp-json\/wp\/v2\/suno_strategy?post=23315"}],"curies":[{"name":"wp","href":"https:\/\/api.w.org\/{rel}","templated":true}]}}