{"id":23312,"date":"2019-05-05T12:44:39","date_gmt":"2019-05-05T15:44:39","guid":{"rendered":"https:\/\/www.suno.com.br\/noticias\/?p=23312"},"modified":"2019-05-05T12:44:39","modified_gmt":"2019-05-05T15:44:39","slug":"laranjas-no-psl-pf-nao-encontra-registros-de-servicos-de-graficas-a-candidatas","status":"publish","type":"post","link":"https:\/\/www.suno.com.br\/noticias\/laranjas-no-psl-pf-nao-encontra-registros-de-servicos-de-graficas-a-candidatas\/","title":{"rendered":"Laranjas no PSL: PF n\u00e3o encontra registros de servi\u00e7os de gr\u00e1ficas a candidatas"},"content":{"rendered":"<p>A <strong>Pol\u00edcia Federal<\/strong> n\u00e3o encontrou comprova\u00e7\u00f5es de que algumas <strong>gr\u00e1ficas<\/strong> prestaram servi\u00e7o para candidatas suspeitas de serem laranjas no PSL. A PF fez buscas em cinco gr\u00e1ficas de <strong>Minas Gerais<\/strong> na investiga\u00e7\u00e3o que apura se o <strong>PSL<\/strong> usou candidatas apenas para conseguir verba eleitoral.<\/p>\t<div class=\"wrapper-featured-image\">\n\t\t<figure class=\"spotlightImg\">\n\n\t\t\t<picture>\n\t\t\t\t<source media=\"(max-width: 768px)\" srcset=\"https:\/\/files.sunoresearch.com.br\/n\/uploads\/2019\/05\/0940ace0-laranjas-no-psl-400x200.webp\">\n\t\t\t\t<img loading=\"lazy\" decoding=\"async\" class=\"newsContent__article__imgCapa lazyloadDisabled newsContent__article__imgCapa--noCaption\" src=\"https:\/\/files.sunoresearch.com.br\/n\/uploads\/2019\/05\/0940ace0-laranjas-no-psl-800x450.webp\" width=\"800\" height=\"450\" alt=\"Laranjas no PSL: PF n\u00e3o encontra registros de servi\u00e7os de gr\u00e1ficas a candidatas\" fetchpriority=high \/>\n\t\t\t<\/picture>\n\n\t\t\t<figcaption class=\"wp-caption-text wp-caption-text--hide\">auditores<\/figcaption>\n\t\t<\/figure>\n\t<\/div>\n\n\n<p>A <strong>Pol\u00edcia Federal<\/strong> n\u00e3o conseguiu encontrar registros dos servi\u00e7os prestados ao partido. Isso refor\u00e7a a suspeita de que as gr\u00e1ficas n\u00e3o forneceram produtos para as supostas <strong>laranjas no PSL.<\/strong>\u00a0A hip\u00f3tese usada na investiga\u00e7\u00e3o \u00e9 de que o servi\u00e7o n\u00e3o foi feito ou ent\u00e3o foi realizado para outros candidatos.<\/p>\n\t<p>\n\t\t<a href=\"https:\/\/lp.suno.com.br\/ebook-10-livros\/\" target=\"_blank\" data-element=\"shortcode-suno-banner\" title=\"Banner SUNO, clique e saiba mais\">\n\t\t\t<picture>\n\t\t\t\t<source media=\"(max-width: 500px)\" srcset=\"https:\/\/files.sunoresearch.com.br\/n\/uploads\/2023\/03\/400x300-10-livros.png\">\n\t\t\t\t<img class=\"newsContent__article__imgCapa newsContent__article__imgCapa--banner\"\n\t\t\t\t\tsrc=\"https:\/\/files.sunoresearch.com.br\/n\/uploads\/2023\/03\/1420x240-10-livros.png\"\n\t\t\t\t\tdata-promo-id=\"383159\"\t\t\t\t\t\t\t\t\t\twidth='1420' height='240'\t\t\t\t\talt=\"https:\/\/files.sunoresearch.com.br\/n\/uploads\/2023\/03\/1420x240-10-livros.png\"\n\t\t\t\t>\n\t\t\t<\/picture>\n\t\t<\/a>\n\t<\/p>\n\n\n<p>A primeira <strong>gr\u00e1fica<\/strong> afirmou que s\u00f3 guardar os registros por seis meses, e, por isso, os procurados pela pol\u00edcia j\u00e1 haviam sido jogados fora. Outra, disse que s\u00f3 anota os pedidos em blocos de papel, que tamb\u00e9m j\u00e1 teriam sido descartados.<\/p>\n<p>A terceira tamb\u00e9m confirmou que os registros foram para o lixo. J\u00e1 a quarta gr\u00e1fica disse que n\u00e3o registrava pedidos, que eram feitos por telefone ou pessoalmente.\u00a0No mesmo sentido, a quinta empresa alvo das buscas afirmou n\u00e3o guardar os pedidos em documentos f\u00edsicos.<\/p>\n<p><a href=\"https:\/\/www.suno.com.br\/noticias\/buscas-psl-candidaturas-laranjas\/\">Saiba Mais: PF faz buscas na sede do PSL em MG para apurar candidaturas laranjas<\/a><\/p>\n<p>Al\u00e9m das gr\u00e1ficas, a PF tamb\u00e9m investigou, na busca por <strong>laranjas no PSL,<\/strong> o irm\u00e3o de um coordenador da campanha de integrante do PSL. As empresas do suspeito declararam terem prestado servi\u00e7o \u00e0s candidatas, mas elas n\u00e3o funcionam h\u00e1 2 anos.<\/p>\n<h2>Laranjas no PSL<\/h2>\n<p>As suspeitas sobre o esquema de <strong>laranjas no PSL<\/strong> come\u00e7aram ap\u00f3s a &#8220;Folha de S\u00e3o Paulo&#8221; divulgar o caso. Segundo o jornal, algumas mulheres eram colocadas como candidatas, mas n\u00e3o haviam esfor\u00e7os reais do partido para serem eleitas.<\/p>\n<p>A inten\u00e7\u00e3o com as <strong>candidatas laranjas<\/strong> seria conseguir verba eleitoral para usar na campanha de outros nomes do partido. A suspeita \u00e9 de que o esquema ocorreu nas bases do partido em Minas Gerais e em Pernambuco.<\/p>\n<p><a href=\"https:\/\/www.suno.com.br\/noticias\/ministro-turismo-criou-candidatos-laranjas\/\">Saiba Mais: Ministro do Turismo teria desviado recursos na elei\u00e7\u00e3o com laranjas<\/a><\/p>\n<p>O caso levou \u00e0 queda do secret\u00e1rio-geral da Previd\u00eancia, <strong>Gustavo Bebianno,<\/strong> que era comandante nacional do partido em 2018 e foi acusado de participar do esquema de <strong>laranjas no PSL.<\/strong><\/p>\n","protected":false},"excerpt":{"rendered":"<p>A Pol\u00edcia Federal n\u00e3o encontrou comprova\u00e7\u00f5es de que algumas gr\u00e1ficas prestaram servi\u00e7o para candidatas suspeitas de serem laranjas no PSL. A PF fez buscas em cinco gr\u00e1ficas de Minas Gerais na investiga\u00e7\u00e3o que apura se o PSL usou candidatas apenas para conseguir verba eleitoral. auditores A Pol\u00edcia Federal n\u00e3o conseguiu encontrar registros dos servi\u00e7os prestados [&hellip;]<\/p>\n","protected":false},"author":16,"featured_media":23313,"comment_status":"closed","ping_status":"closed","sticky":false,"template":"","format":"standard","meta":[],"categories":[61],"tags":[697,845],"suno_strategy":[],"class_list":["post-23312","post","type-post","status-publish","format-standard","has-post-thumbnail","hentry","category-politica","tag-eleicoes","tag-policia-federal"],"yoast_head":"<!-- This site is optimized with the Yoast SEO plugin v24.4 - https:\/\/yoast.com\/wordpress\/plugins\/seo\/ -->\n<title>Laranjas no PSL: PF n\u00e3o encontra registros de servi\u00e7os de gr\u00e1ficas<\/title>\n<meta name=\"description\" content=\"A Pol\u00edcia Federal n\u00e3o encontrou registro de que as gr\u00e1ficas prestaram servi\u00e7os, o que refor\u00e7a a hip\u00f3tese das laranjas no PSL. Clique e entenda.\" \/>\n<meta name=\"robots\" content=\"index, follow, max-snippet:-1, max-image-preview:large, max-video-preview:-1\" \/>\n<link rel=\"canonical\" href=\"https:\/\/www.suno.com.br\/noticias\/laranjas-no-psl-pf-nao-encontra-registros-de-servicos-de-graficas-a-candidatas\/\" \/>\n<meta property=\"og:locale\" content=\"pt_BR\" \/>\n<meta property=\"og:type\" content=\"article\" \/>\n<meta property=\"og:title\" content=\"Laranjas no PSL: PF n\u00e3o encontra registros de servi\u00e7os de gr\u00e1ficas\" \/>\n<meta property=\"og:description\" content=\"A Pol\u00edcia Federal n\u00e3o encontrou registro de que as gr\u00e1ficas prestaram servi\u00e7os, o que refor\u00e7a a hip\u00f3tese das laranjas no PSL. Clique e entenda.\" \/>\n<meta property=\"og:url\" content=\"https:\/\/www.suno.com.br\/noticias\/laranjas-no-psl-pf-nao-encontra-registros-de-servicos-de-graficas-a-candidatas\/\" \/>\n<meta property=\"og:site_name\" content=\"Suno Not\u00edcias\" \/>\n<meta property=\"article:publisher\" content=\"https:\/\/facebook.com\/sunoresearch\" \/>\n<meta property=\"og:image\" content=\"https:\/\/files.sunoresearch.com.br\/n\/uploads\/2019\/05\/0940ace0-laranjas-no-psl.jpg\" \/>\n\t<meta property=\"og:image:width\" content=\"1024\" \/>\n\t<meta property=\"og:image:height\" content=\"776\" \/>\n\t<meta property=\"og:image:type\" content=\"image\/jpeg\" \/>\n<meta name=\"author\" content=\"Beatriz Oliveira\" \/>\n<meta name=\"twitter:card\" content=\"summary_large_image\" \/>\n<meta name=\"twitter:creator\" content=\"@sunoresearch\" \/>\n<meta name=\"twitter:site\" content=\"@sunoresearch\" \/>\n<meta name=\"twitter:label1\" content=\"Escrito por\" \/>\n\t<meta name=\"twitter:data1\" content=\"Beatriz Oliveira\" \/>\n\t<meta name=\"twitter:label2\" content=\"Est. tempo de leitura\" \/>\n\t<meta name=\"twitter:data2\" content=\"2 minutos\" \/>\n<script type=\"application\/ld+json\" class=\"yoast-schema-graph\">{\"@context\":\"https:\/\/schema.org\",\"@graph\":[{\"@type\":\"NewsArticle\",\"@id\":\"https:\/\/www.suno.com.br\/noticias\/laranjas-no-psl-pf-nao-encontra-registros-de-servicos-de-graficas-a-candidatas\/#article\",\"isPartOf\":{\"@id\":\"https:\/\/www.suno.com.br\/noticias\/laranjas-no-psl-pf-nao-encontra-registros-de-servicos-de-graficas-a-candidatas\/\"},\"author\":{\"name\":\"Beatriz Oliveira\",\"@id\":\"https:\/\/www.suno.com.br\/noticias\/#\/schema\/person\/e67f665add014bf99f644028de070cc3\"},\"headline\":\"Laranjas no PSL: PF n\u00e3o encontra registros de servi\u00e7os de gr\u00e1ficas a candidatas\",\"datePublished\":\"2019-05-05T15:44:39+00:00\",\"mainEntityOfPage\":{\"@id\":\"https:\/\/www.suno.com.br\/noticias\/laranjas-no-psl-pf-nao-encontra-registros-de-servicos-de-graficas-a-candidatas\/\"},\"wordCount\":409,\"publisher\":{\"@id\":\"https:\/\/www.suno.com.br\/noticias\/#organization\"},\"image\":{\"@id\":\"https:\/\/www.suno.com.br\/noticias\/laranjas-no-psl-pf-nao-encontra-registros-de-servicos-de-graficas-a-candidatas\/#primaryimage\"},\"thumbnailUrl\":\"https:\/\/files.sunoresearch.com.br\/n\/uploads\/2019\/05\/0940ace0-laranjas-no-psl-jpg.webp\",\"keywords\":[\"Elei\u00e7\u00f5es\",\"Pol\u00edcia Federal\"],\"articleSection\":[\"Pol\u00edtica\"],\"inLanguage\":\"pt-BR\"},{\"@type\":\"WebPage\",\"@id\":\"https:\/\/www.suno.com.br\/noticias\/laranjas-no-psl-pf-nao-encontra-registros-de-servicos-de-graficas-a-candidatas\/\",\"url\":\"https:\/\/www.suno.com.br\/noticias\/laranjas-no-psl-pf-nao-encontra-registros-de-servicos-de-graficas-a-candidatas\/\",\"name\":\"Laranjas no PSL: PF n\u00e3o encontra registros de servi\u00e7os de gr\u00e1ficas\",\"isPartOf\":{\"@id\":\"https:\/\/www.suno.com.br\/noticias\/#website\"},\"primaryImageOfPage\":{\"@id\":\"https:\/\/www.suno.com.br\/noticias\/laranjas-no-psl-pf-nao-encontra-registros-de-servicos-de-graficas-a-candidatas\/#primaryimage\"},\"image\":{\"@id\":\"https:\/\/www.suno.com.br\/noticias\/laranjas-no-psl-pf-nao-encontra-registros-de-servicos-de-graficas-a-candidatas\/#primaryimage\"},\"thumbnailUrl\":\"https:\/\/files.sunoresearch.com.br\/n\/uploads\/2019\/05\/0940ace0-laranjas-no-psl-jpg.webp\",\"datePublished\":\"2019-05-05T15:44:39+00:00\",\"description\":\"A Pol\u00edcia Federal n\u00e3o encontrou registro de que as gr\u00e1ficas prestaram servi\u00e7os, o que refor\u00e7a a hip\u00f3tese das laranjas no PSL. Clique e entenda.\",\"breadcrumb\":{\"@id\":\"https:\/\/www.suno.com.br\/noticias\/laranjas-no-psl-pf-nao-encontra-registros-de-servicos-de-graficas-a-candidatas\/#breadcrumb\"},\"inLanguage\":\"pt-BR\",\"potentialAction\":[{\"@type\":\"ReadAction\",\"target\":[\"https:\/\/www.suno.com.br\/noticias\/laranjas-no-psl-pf-nao-encontra-registros-de-servicos-de-graficas-a-candidatas\/\"]}]},{\"@type\":\"ImageObject\",\"inLanguage\":\"pt-BR\",\"@id\":\"https:\/\/www.suno.com.br\/noticias\/laranjas-no-psl-pf-nao-encontra-registros-de-servicos-de-graficas-a-candidatas\/#primaryimage\",\"url\":\"https:\/\/files.sunoresearch.com.br\/n\/uploads\/2019\/05\/0940ace0-laranjas-no-psl-jpg.webp\",\"contentUrl\":\"https:\/\/files.sunoresearch.com.br\/n\/uploads\/2019\/05\/0940ace0-laranjas-no-psl-jpg.webp\",\"width\":1024,\"height\":776,\"caption\":\"auditores\"},{\"@type\":\"BreadcrumbList\",\"@id\":\"https:\/\/www.suno.com.br\/noticias\/laranjas-no-psl-pf-nao-encontra-registros-de-servicos-de-graficas-a-candidatas\/#breadcrumb\",\"itemListElement\":[{\"@type\":\"ListItem\",\"position\":1,\"name\":\"Not\u00edcias\",\"item\":\"https:\/\/www.suno.com.br\/noticias\/\"},{\"@type\":\"ListItem\",\"position\":2,\"name\":\"Pol\u00edtica\",\"item\":\"https:\/\/www.suno.com.br\/noticias\/politica\/\"},{\"@type\":\"ListItem\",\"position\":3,\"name\":\"Laranjas no PSL: PF n\u00e3o encontra registros de servi\u00e7os de gr\u00e1ficas a candidatas\"}]},{\"@type\":\"WebSite\",\"@id\":\"https:\/\/www.suno.com.br\/noticias\/#website\",\"url\":\"https:\/\/www.suno.com.br\/noticias\/\",\"name\":\"Suno Not\u00edcias\",\"description\":\"Seu portal de informa\u00e7\u00e3o sobre o mundo dos investimentos\",\"publisher\":{\"@id\":\"https:\/\/www.suno.com.br\/noticias\/#organization\"},\"potentialAction\":[{\"@type\":\"SearchAction\",\"target\":{\"@type\":\"EntryPoint\",\"urlTemplate\":\"https:\/\/www.suno.com.br\/noticias\/?s={search_term_string}\"},\"query-input\":{\"@type\":\"PropertyValueSpecification\",\"valueRequired\":true,\"valueName\":\"search_term_string\"}}],\"inLanguage\":\"pt-BR\"},{\"@type\":\"Organization\",\"@id\":\"https:\/\/www.suno.com.br\/noticias\/#organization\",\"name\":\"Suno Not\u00edcias\",\"url\":\"https:\/\/www.suno.com.br\/noticias\/\",\"logo\":{\"@type\":\"ImageObject\",\"inLanguage\":\"pt-BR\",\"@id\":\"https:\/\/www.suno.com.br\/noticias\/#\/schema\/logo\/image\/\",\"url\":\"https:\/\/files.sunoresearch.com.br\/n\/uploads\/2021\/09\/suno-logo.png\",\"contentUrl\":\"https:\/\/files.sunoresearch.com.br\/n\/uploads\/2021\/09\/suno-logo.png\",\"width\":180,\"height\":180,\"caption\":\"Suno Not\u00edcias\"},\"image\":{\"@id\":\"https:\/\/www.suno.com.br\/noticias\/#\/schema\/logo\/image\/\"},\"sameAs\":[\"https:\/\/facebook.com\/sunoresearch\",\"https:\/\/x.com\/sunoresearch\",\"https:\/\/www.instagram.com\/suno\",\"https:\/\/www.linkedin.com\/company\/suno-research\/\",\"https:\/\/www.youtube.com\/c\/sunoresearch\"]},{\"@type\":\"Person\",\"@id\":\"https:\/\/www.suno.com.br\/noticias\/#\/schema\/person\/e67f665add014bf99f644028de070cc3\",\"name\":\"Beatriz Oliveira\",\"image\":{\"@type\":\"ImageObject\",\"inLanguage\":\"pt-BR\",\"@id\":\"https:\/\/www.suno.com.br\/noticias\/#\/schema\/person\/image\/\",\"url\":\"https:\/\/secure.gravatar.com\/avatar\/c9aa6a0aaecc598d257d5d5bd349157d?s=96&r=g\",\"contentUrl\":\"https:\/\/secure.gravatar.com\/avatar\/c9aa6a0aaecc598d257d5d5bd349157d?s=96&r=g\",\"caption\":\"Beatriz Oliveira\"},\"description\":\"Formada em Jornalismo pela Faculdade Paulus de Tecnologia e Comunica\u00e7\u00e3o, Beatriz Oliveira escreve para o portal de not\u00edcias Suno Research. Antes, passou pelas reda\u00e7\u00f5es da Revista EXAME e da Rede Bandeirantes.\",\"url\":\"https:\/\/www.suno.com.br\/noticias\/author\/beatriz\/\"}]}<\/script>\n<!-- \/ Yoast SEO plugin. -->","yoast_head_json":{"title":"Laranjas no PSL: PF n\u00e3o encontra registros de servi\u00e7os de gr\u00e1ficas","description":"A Pol\u00edcia Federal n\u00e3o encontrou registro de que as gr\u00e1ficas prestaram servi\u00e7os, o que refor\u00e7a a hip\u00f3tese das laranjas no PSL. Clique e entenda.","robots":{"index":"index","follow":"follow","max-snippet":"max-snippet:-1","max-image-preview":"max-image-preview:large","max-video-preview":"max-video-preview:-1"},"canonical":"https:\/\/www.suno.com.br\/noticias\/laranjas-no-psl-pf-nao-encontra-registros-de-servicos-de-graficas-a-candidatas\/","og_locale":"pt_BR","og_type":"article","og_title":"Laranjas no PSL: PF n\u00e3o encontra registros de servi\u00e7os de gr\u00e1ficas","og_description":"A Pol\u00edcia Federal n\u00e3o encontrou registro de que as gr\u00e1ficas prestaram servi\u00e7os, o que refor\u00e7a a hip\u00f3tese das laranjas no PSL. Clique e entenda.","og_url":"https:\/\/www.suno.com.br\/noticias\/laranjas-no-psl-pf-nao-encontra-registros-de-servicos-de-graficas-a-candidatas\/","og_site_name":"Suno Not\u00edcias","article_publisher":"https:\/\/facebook.com\/sunoresearch","og_image":[{"width":1024,"height":776,"url":"https:\/\/files.sunoresearch.com.br\/n\/uploads\/2019\/05\/0940ace0-laranjas-no-psl.jpg","type":"image\/jpeg"}],"author":"Beatriz Oliveira","twitter_card":"summary_large_image","twitter_creator":"@sunoresearch","twitter_site":"@sunoresearch","twitter_misc":{"Escrito por":"Beatriz Oliveira","Est. tempo de leitura":"2 minutos"},"schema":{"@context":"https:\/\/schema.org","@graph":[{"@type":"NewsArticle","@id":"https:\/\/www.suno.com.br\/noticias\/laranjas-no-psl-pf-nao-encontra-registros-de-servicos-de-graficas-a-candidatas\/#article","isPartOf":{"@id":"https:\/\/www.suno.com.br\/noticias\/laranjas-no-psl-pf-nao-encontra-registros-de-servicos-de-graficas-a-candidatas\/"},"author":{"name":"Beatriz Oliveira","@id":"https:\/\/www.suno.com.br\/noticias\/#\/schema\/person\/e67f665add014bf99f644028de070cc3"},"headline":"Laranjas no PSL: PF n\u00e3o encontra registros de servi\u00e7os de gr\u00e1ficas a candidatas","datePublished":"2019-05-05T15:44:39+00:00","mainEntityOfPage":{"@id":"https:\/\/www.suno.com.br\/noticias\/laranjas-no-psl-pf-nao-encontra-registros-de-servicos-de-graficas-a-candidatas\/"},"wordCount":409,"publisher":{"@id":"https:\/\/www.suno.com.br\/noticias\/#organization"},"image":{"@id":"https:\/\/www.suno.com.br\/noticias\/laranjas-no-psl-pf-nao-encontra-registros-de-servicos-de-graficas-a-candidatas\/#primaryimage"},"thumbnailUrl":"https:\/\/files.sunoresearch.com.br\/n\/uploads\/2019\/05\/0940ace0-laranjas-no-psl-jpg.webp","keywords":["Elei\u00e7\u00f5es","Pol\u00edcia Federal"],"articleSection":["Pol\u00edtica"],"inLanguage":"pt-BR"},{"@type":"WebPage","@id":"https:\/\/www.suno.com.br\/noticias\/laranjas-no-psl-pf-nao-encontra-registros-de-servicos-de-graficas-a-candidatas\/","url":"https:\/\/www.suno.com.br\/noticias\/laranjas-no-psl-pf-nao-encontra-registros-de-servicos-de-graficas-a-candidatas\/","name":"Laranjas no PSL: PF n\u00e3o encontra registros de servi\u00e7os de gr\u00e1ficas","isPartOf":{"@id":"https:\/\/www.suno.com.br\/noticias\/#website"},"primaryImageOfPage":{"@id":"https:\/\/www.suno.com.br\/noticias\/laranjas-no-psl-pf-nao-encontra-registros-de-servicos-de-graficas-a-candidatas\/#primaryimage"},"image":{"@id":"https:\/\/www.suno.com.br\/noticias\/laranjas-no-psl-pf-nao-encontra-registros-de-servicos-de-graficas-a-candidatas\/#primaryimage"},"thumbnailUrl":"https:\/\/files.sunoresearch.com.br\/n\/uploads\/2019\/05\/0940ace0-laranjas-no-psl-jpg.webp","datePublished":"2019-05-05T15:44:39+00:00","description":"A Pol\u00edcia Federal n\u00e3o encontrou registro de que as gr\u00e1ficas prestaram servi\u00e7os, o que refor\u00e7a a hip\u00f3tese das laranjas no PSL. Clique e entenda.","breadcrumb":{"@id":"https:\/\/www.suno.com.br\/noticias\/laranjas-no-psl-pf-nao-encontra-registros-de-servicos-de-graficas-a-candidatas\/#breadcrumb"},"inLanguage":"pt-BR","potentialAction":[{"@type":"ReadAction","target":["https:\/\/www.suno.com.br\/noticias\/laranjas-no-psl-pf-nao-encontra-registros-de-servicos-de-graficas-a-candidatas\/"]}]},{"@type":"ImageObject","inLanguage":"pt-BR","@id":"https:\/\/www.suno.com.br\/noticias\/laranjas-no-psl-pf-nao-encontra-registros-de-servicos-de-graficas-a-candidatas\/#primaryimage","url":"https:\/\/files.sunoresearch.com.br\/n\/uploads\/2019\/05\/0940ace0-laranjas-no-psl-jpg.webp","contentUrl":"https:\/\/files.sunoresearch.com.br\/n\/uploads\/2019\/05\/0940ace0-laranjas-no-psl-jpg.webp","width":1024,"height":776,"caption":"auditores"},{"@type":"BreadcrumbList","@id":"https:\/\/www.suno.com.br\/noticias\/laranjas-no-psl-pf-nao-encontra-registros-de-servicos-de-graficas-a-candidatas\/#breadcrumb","itemListElement":[{"@type":"ListItem","position":1,"name":"Not\u00edcias","item":"https:\/\/www.suno.com.br\/noticias\/"},{"@type":"ListItem","position":2,"name":"Pol\u00edtica","item":"https:\/\/www.suno.com.br\/noticias\/politica\/"},{"@type":"ListItem","position":3,"name":"Laranjas no PSL: PF n\u00e3o encontra registros de servi\u00e7os de gr\u00e1ficas a candidatas"}]},{"@type":"WebSite","@id":"https:\/\/www.suno.com.br\/noticias\/#website","url":"https:\/\/www.suno.com.br\/noticias\/","name":"Suno Not\u00edcias","description":"Seu portal de informa\u00e7\u00e3o sobre o mundo dos investimentos","publisher":{"@id":"https:\/\/www.suno.com.br\/noticias\/#organization"},"potentialAction":[{"@type":"SearchAction","target":{"@type":"EntryPoint","urlTemplate":"https:\/\/www.suno.com.br\/noticias\/?s={search_term_string}"},"query-input":{"@type":"PropertyValueSpecification","valueRequired":true,"valueName":"search_term_string"}}],"inLanguage":"pt-BR"},{"@type":"Organization","@id":"https:\/\/www.suno.com.br\/noticias\/#organization","name":"Suno Not\u00edcias","url":"https:\/\/www.suno.com.br\/noticias\/","logo":{"@type":"ImageObject","inLanguage":"pt-BR","@id":"https:\/\/www.suno.com.br\/noticias\/#\/schema\/logo\/image\/","url":"https:\/\/files.sunoresearch.com.br\/n\/uploads\/2021\/09\/suno-logo.png","contentUrl":"https:\/\/files.sunoresearch.com.br\/n\/uploads\/2021\/09\/suno-logo.png","width":180,"height":180,"caption":"Suno Not\u00edcias"},"image":{"@id":"https:\/\/www.suno.com.br\/noticias\/#\/schema\/logo\/image\/"},"sameAs":["https:\/\/facebook.com\/sunoresearch","https:\/\/x.com\/sunoresearch","https:\/\/www.instagram.com\/suno","https:\/\/www.linkedin.com\/company\/suno-research\/","https:\/\/www.youtube.com\/c\/sunoresearch"]},{"@type":"Person","@id":"https:\/\/www.suno.com.br\/noticias\/#\/schema\/person\/e67f665add014bf99f644028de070cc3","name":"Beatriz Oliveira","image":{"@type":"ImageObject","inLanguage":"pt-BR","@id":"https:\/\/www.suno.com.br\/noticias\/#\/schema\/person\/image\/","url":"https:\/\/secure.gravatar.com\/avatar\/c9aa6a0aaecc598d257d5d5bd349157d?s=96&r=g","contentUrl":"https:\/\/secure.gravatar.com\/avatar\/c9aa6a0aaecc598d257d5d5bd349157d?s=96&r=g","caption":"Beatriz Oliveira"},"description":"Formada em Jornalismo pela Faculdade Paulus de Tecnologia e Comunica\u00e7\u00e3o, Beatriz Oliveira escreve para o portal de not\u00edcias Suno Research. Antes, passou pelas reda\u00e7\u00f5es da Revista EXAME e da Rede Bandeirantes.","url":"https:\/\/www.suno.com.br\/noticias\/author\/beatriz\/"}]}},"default_loop_html":"<div class=\"cardsPage__listCard__boxs\"><div class=\"cardsPage__listCard__boxs__img\"><a href=\"https:\/\/www.suno.com.br\/noticias\/laranjas-no-psl-pf-nao-encontra-registros-de-servicos-de-graficas-a-candidatas\/\"><img class=\"mask\" src=\"https:\/\/www.suno.com.br\/noticias\/wp-content\/themes\/suno\/resources\/images\/spotlight\/spotlight1img\/bg-mask.png\" alt=\"Image Mask\"\/><img src=\"https:\/\/files.sunoresearch.com.br\/n\/uploads\/2019\/05\/0940ace0-laranjas-no-psl-400x200.webp\" alt=\"Laranjas no PSL: PF n\u00e3o encontra registros de servi\u00e7os de gr\u00e1ficas a candidatas\"\/><\/a><span class=\"spotlightCategory\"><a href=\"https:\/\/www.suno.com.br\/noticias\/politica\/\">Pol\u00edtica<\/a><\/span><\/div><div class=\"cardsPage__listCard__boxs__content\"><a href=\"https:\/\/www.suno.com.br\/noticias\/laranjas-no-psl-pf-nao-encontra-registros-de-servicos-de-graficas-a-candidatas\/\"><h2 class=\"content__title\">Laranjas no PSL: PF n\u00e3o encontra registros de servi\u00e7os de gr\u00e1ficas a candidatas<\/h2><\/a><div class=\"newsContent__article__meta\"><div class=\"newsContent__article__meta__authorBox\"><a href=\"https:\/\/www.suno.com.br\/noticias\/author\/beatriz\/\" class=\"authorBox__avatar noMobi\"><img src=\"https:\/\/secure.gravatar.com\/avatar\/c9aa6a0aaecc598d257d5d5bd349157d?s=96&#038;r=g\" alt=\"Beatriz Oliveira\"><\/a><div class=\"authorBox__name\"><span>por\n\t\t\t<a href=\"https:\/\/www.suno.com.br\/noticias\/author\/beatriz\/\"><span itemprop=\"author\">Beatriz Oliveira<\/span><\/a><\/span><time datetime=\"2019-05-05T12:44:39-03:00\" itemprop=\"datePublished\">05\/05\/2019 12:44<\/time><\/div><\/div><\/div><\/div><\/div>","single_layout":"posts","amp_enabled":true,"_links":{"self":[{"href":"https:\/\/www.suno.com.br\/noticias\/wp-json\/wp\/v2\/posts\/23312"}],"collection":[{"href":"https:\/\/www.suno.com.br\/noticias\/wp-json\/wp\/v2\/posts"}],"about":[{"href":"https:\/\/www.suno.com.br\/noticias\/wp-json\/wp\/v2\/types\/post"}],"author":[{"embeddable":true,"href":"https:\/\/www.suno.com.br\/noticias\/wp-json\/wp\/v2\/users\/16"}],"replies":[{"embeddable":true,"href":"https:\/\/www.suno.com.br\/noticias\/wp-json\/wp\/v2\/comments?post=23312"}],"version-history":[{"count":0,"href":"https:\/\/www.suno.com.br\/noticias\/wp-json\/wp\/v2\/posts\/23312\/revisions"}],"wp:featuredmedia":[{"embeddable":true,"href":"https:\/\/www.suno.com.br\/noticias\/wp-json\/wp\/v2\/media\/23313"}],"wp:attachment":[{"href":"https:\/\/www.suno.com.br\/noticias\/wp-json\/wp\/v2\/media?parent=23312"}],"wp:term":[{"taxonomy":"category","embeddable":true,"href":"https:\/\/www.suno.com.br\/noticias\/wp-json\/wp\/v2\/categories?post=23312"},{"taxonomy":"post_tag","embeddable":true,"href":"https:\/\/www.suno.com.br\/noticias\/wp-json\/wp\/v2\/tags?post=23312"},{"taxonomy":"suno_strategy","embeddable":true,"href":"https:\/\/www.suno.com.br\/noticias\/wp-json\/wp\/v2\/suno_strategy?post=23312"}],"curies":[{"name":"wp","href":"https:\/\/api.w.org\/{rel}","templated":true}]}}