{"id":232578,"date":"2022-02-17T17:55:32","date_gmt":"2022-02-17T20:55:32","guid":{"rendered":"https:\/\/www.suno.com.br\/noticias\/?p=232578"},"modified":"2022-02-17T18:07:34","modified_gmt":"2022-02-17T21:07:34","slug":"lula-privatizacoes-estatais-estrategicas","status":"publish","type":"post","link":"https:\/\/www.suno.com.br\/noticias\/lula-privatizacoes-estatais-estrategicas\/","title":{"rendered":"Lula diz que n\u00e3o se op\u00f5e a privatiza\u00e7\u00f5es, mas quer &#8220;fortalecer estatais estrat\u00e9gicas&#8221;"},"content":{"rendered":"<p>Em entrevista \u00e0 r\u00e1dio Progresso, realizada nesta quinta-feira (17), o ex-presidente Luiz In\u00e1cio <strong>Lula<\/strong> da Silva afirmou n\u00e3o se opor totalmente \u00e0 privatiza\u00e7\u00e3o, mas defende o fortalecimento de empresas estatais estrat\u00e9gicas, como a <a class=\"suno-keyword\" href=\"https:\/\/www.suno.com.br\/acoes\/PETR4\/\" target=\"_blank\" rel=\"noopener\" data-force=\"yes\" data-priority=\"2\">Petrobras (PETR4)<\/a>, <a class=\"suno-keyword\" href=\"https:\/\/www.suno.com.br\/acoes\/ELET3\/\" target=\"_blank\" rel=\"noopener\" data-force=\"yes\" data-priority=\"2\">Eletrobras (ELET3)<\/a>, e os Correios.<\/p>\t<div class=\"wrapper-featured-image\">\n\t\t<figure class=\"spotlightImg\">\n\n\t\t\t<picture>\n\t\t\t\t<source media=\"(max-width: 768px)\" srcset=\"https:\/\/files.sunoresearch.com.br\/n\/uploads\/2021\/06\/a9dc5bab-28694420524_36269a9512_h-400x200.webp\">\n\t\t\t\t<img loading=\"lazy\" decoding=\"async\" class=\"newsContent__article__imgCapa lazyloadDisabled \" src=\"https:\/\/files.sunoresearch.com.br\/n\/uploads\/2021\/06\/a9dc5bab-28694420524_36269a9512_h-800x450.webp\" width=\"800\" height=\"450\" alt=\"Lula diz que n\u00e3o se op\u00f5e a privatiza\u00e7\u00f5es, mas quer &#8220;fortalecer estatais estrat\u00e9gicas&#8221;\" fetchpriority=high \/>\n\t\t\t<\/picture>\n\n\t\t\t<figcaption class=\"wp-caption-text wp-caption-text--show\">Lula, um dos presidenci\u00e1veis, tem feito discursos contr\u00e1rios \u00e0 privatiza\u00e7\u00e3o da Petrobras  - Foto: Pedro Fran\u00e7a\/Ag\u00eancia Senado<\/figcaption>\n\t\t<\/figure>\n\t<\/div>\n\n\n\t<p>\n\t\t<a href=\"https:\/\/lp.suno.com.br\/planilha-controle-gastos\/\" target=\"_blank\" data-element=\"shortcode-suno-banner\" title=\"Banner SUNO, clique e saiba mais\">\n\t\t\t<picture>\n\t\t\t\t<source media=\"(max-width: 500px)\" srcset=\"https:\/\/files.sunoresearch.com.br\/n\/uploads\/2023\/03\/400x300-Planilha-controle-de-gastos.png\">\n\t\t\t\t<img class=\"newsContent__article__imgCapa newsContent__article__imgCapa--banner\"\n\t\t\t\t\tsrc=\"https:\/\/files.sunoresearch.com.br\/n\/uploads\/2023\/03\/1420x240-Planilha-controle-de-gastos.png\"\n\t\t\t\t\tdata-promo-id=\"101751\"\t\t\t\t\t\t\t\t\t\twidth='1420' height='240'\t\t\t\t\talt=\"https:\/\/files.sunoresearch.com.br\/n\/uploads\/2023\/03\/1420x240-Planilha-controle-de-gastos.png\"\n\t\t\t\t>\n\t\t\t<\/picture>\n\t\t<\/a>\n\t<\/p>\n\n\n<p>Para o petista, candidato \u00e0 presid\u00eancia, o Estado n\u00e3o pode perder totalmente o controle das <strong>estatais estrat\u00e9gicas por meio <\/strong>das privatiza\u00e7\u00f5es, nem que para isso seja adotado uma gest\u00e3o de economia mista.<\/p>\n<p>Duas empresas citadas por Lula est\u00e3o atualmente em processo de <strong>privatiza\u00e7\u00e3o<\/strong> pelo governo atual, a Eletrobras e os Correios. A primeira est\u00e1 em fase mais avan\u00e7ada de desestatiza\u00e7\u00e3o, o que Lula criticou duramente.<\/p>\n<p>\u201cAgora v\u00e3o querer <strong>privatizar a Eletrobras<\/strong> para aumentar mais a energia el\u00e9trica, para deixar o povo mais no escuro. Os empres\u00e1rios privados n\u00e3o t\u00eam preocupa\u00e7\u00e3o se o povo est\u00e1 vivendo mais no escuro, se est\u00e1 cozinhando na luz do candeeiro, se a mulher est\u00e1 costurando na luz de candeeiro. O que querem \u00e9 lucro. Quem tem que cuidar do povo \u00e9 o Estado\u201d, disse.<\/p>\n<p>Lula tamb\u00e9m voltou a criticar o atual <strong>pre\u00e7o da gasolina<\/strong> atrelado ao d\u00f3lar. Segundo ele, &#8220;n\u00e3o faz sentido&#8221; adotar a cota\u00e7\u00e3o internacional para o pre\u00e7o do mercado interno, uma vez que o &#8220;Brasil n\u00e3o precisa importar petr\u00f3leo&#8221;.<\/p>\n\t<p>\n\t\t<a href=\"https:\/\/lp.suno.com.br\/planilha-da-vida-financeira\/\" target=\"_blank\" data-element=\"shortcode-suno-banner\" title=\"Banner SUNO, clique e saiba mais\">\n\t\t\t<picture>\n\t\t\t\t<source media=\"(max-width: 500px)\" srcset=\"https:\/\/files.sunoresearch.com.br\/n\/uploads\/2023\/04\/400x300-Planilha-vida-financeira-true.png\">\n\t\t\t\t<img class=\"newsContent__article__imgCapa newsContent__article__imgCapa--banner\"\n\t\t\t\t\tsrc=\"https:\/\/files.sunoresearch.com.br\/n\/uploads\/2023\/04\/1420x240-Planilha-vida-financeira-true.png\"\n\t\t\t\t\tdata-promo-id=\"106682\"\t\t\t\t\t\t\t\t\t\twidth='1420' height='240'\t\t\t\t\talt=\"https:\/\/files.sunoresearch.com.br\/n\/uploads\/2023\/04\/1420x240-Planilha-vida-financeira-true.png\"\n\t\t\t\t>\n\t\t\t<\/picture>\n\t\t<\/a>\n\t<\/p>\n\n\n<p>Fez tamb\u00e9m uma liga\u00e7\u00e3o direta entre a tentativa de privatiza\u00e7\u00e3o da <strong>Petrobras<\/strong> e a alta dos combust\u00edveis. O candidato \u00e0 presid\u00eancia disse que \u00e9 preciso construir mais refinarias, &#8220;porque hoje as nossas refinarias foram vendidas, e algumas para ser privatizadas. O Brasil est\u00e1 refinando 25% de gasolina a menos\u201d.<\/p>\n<p>&#8220;Esses malandros est\u00e3o destruindo a Petrobras, fatia por fatia. Na hora que privatizaram a BR Distribuidora &#8211; hoje Vibra Energia (VBBR3) -, apareceram neste pa\u00eds 432 empresas que est\u00e3o importando gasolina dos Estados Unidos, importando a pre\u00e7o do d\u00f3lar. E a\u00ed o pre\u00e7o \u00e9 internacional. Quem paga \u00e9 o nosso companheiro com o carro, que tem um caminh\u00e3o, s\u00e3o os caminheiros brasileiros, s\u00e3o os pobres que t\u00eam um carro\u201d, disse o ex-presidente.<\/p>\n<p>A gasolina hoje \u00e9 precificada em d\u00f3lar e seguindo a cota\u00e7\u00e3o internacional do petr\u00f3leo. Desta forma, o fortalecimento da moeda estrangeira e a valoriza\u00e7\u00e3o do <strong>barril de petr\u00f3leo<\/strong> geram reajustes altistas no Brasil.<\/p>\n\t<p>\n\t\t<a href=\"https:\/\/lp.suno.com.br\/ebook-como-analisar-uma-acao\/\" target=\"_blank\" data-element=\"shortcode-suno-banner\" title=\"Banner SUNO, clique e saiba mais\">\n\t\t\t<picture>\n\t\t\t\t<source media=\"(max-width: 500px)\" srcset=\"https:\/\/files.sunoresearch.com.br\/n\/uploads\/2023\/03\/Ebook-Acoes-Mobile-1.jpg\">\n\t\t\t\t<img class=\"newsContent__article__imgCapa newsContent__article__imgCapa--banner\"\n\t\t\t\t\tsrc=\"https:\/\/files.sunoresearch.com.br\/n\/uploads\/2023\/03\/Ebook-Acoes-Desktop-1.jpg\"\n\t\t\t\t\tdata-promo-id=\"171998\"\t\t\t\t\t\t\t\t\t\twidth='1420' height='286'\t\t\t\t\talt=\"https:\/\/files.sunoresearch.com.br\/n\/uploads\/2023\/03\/Ebook-Acoes-Desktop-1.jpg\"\n\t\t\t\t>\n\t\t\t<\/picture>\n\t\t<\/a>\n\t<\/p>\n\n\n<p>\u201cEu quero dizer em alto e bom som. Eu sei que o mercado fica nervoso quando eu falo, mas quero que pensem o seguinte: n\u00f3s <strong>vamos abrasileirar o pre\u00e7o da gasolina<\/strong>. O pre\u00e7o vai ser brasileiro, porque os investimentos s\u00e3o feitos em reais. A gente vai tirar gasolina, vai aumentar a capacidade de refino\u201d, disse Lula.<\/p>\n\t<div data-element=\"shortcode-read-more\" class=\"knowMore\">\n\t\t\t\t<span class=\"knowMore__title\">Veja tamb\u00e9m<\/span>\n\t\t\t\t<a class=\"knowMore__link\" href=\"https:\/\/www.suno.com.br\/noticias\/eletrobras-elet3-tcu-privatizacao\/\">\n\t\t\tEletrobras (ELET3): TCU aprova privatiza\u00e7\u00e3o; a\u00e7\u00f5es disparam mais de 6%\t\t<\/a>\n\t<\/div>\n\n\n<h2>Credit Suisse avalia a prov\u00e1vel elei\u00e7\u00e3o de Lula<\/h2>\n<p>Em relat\u00f3rio recente, os analistas do banco Credit Suisse deram suas previs\u00f5es para a <a class=\"suno-keyword\" href=\"https:\/\/www.suno.com.br\/artigos\/politica-economica\/\" target=\"_blank\" rel=\"noopener\" data-force=\"no\" data-priority=\"1\">pol\u00edtica econ\u00f4mica<\/a> de um prov\u00e1vel mandato de Lula em 2023, caso ven\u00e7a as elei\u00e7\u00f5es este ano &#8211;o petista lidera pesquisas de inten\u00e7\u00e3o de votos.<\/p>\n<p>A expectativa do banco \u00e9 de que o Lula seja, de fato, o vencedor. Na opini\u00e3o dos analistas, o mercado j\u00e1 precifica um Lula mais &#8220;moderado&#8221;, tal como seu primeiro mandato iniciado em 2003. O banco acredita que o discurso populista deve ficar de lado ap\u00f3s o per\u00edodo eleitoral e que o candidato deve ser mais pragm\u00e1tico na aprova\u00e7\u00e3o de <strong>reformas<\/strong>.<\/p>\n\t<p>\n\t\t<a href=\"https:\/\/lp.suno.com.br\/planilha-de-controle-de-investimentos\/\" target=\"_blank\" data-element=\"shortcode-suno-banner\" title=\"Banner SUNO, clique e saiba mais\">\n\t\t\t<picture>\n\t\t\t\t<source media=\"(max-width: 500px)\" srcset=\"https:\/\/files.sunoresearch.com.br\/n\/uploads\/2023\/03\/400x300-Controle-de-Investimentos.png\">\n\t\t\t\t<img class=\"newsContent__article__imgCapa newsContent__article__imgCapa--banner\"\n\t\t\t\t\tsrc=\"https:\/\/files.sunoresearch.com.br\/n\/uploads\/2023\/03\/1420x240-Controle-de-Investimentos.png\"\n\t\t\t\t\tdata-promo-id=\"75934\"\t\t\t\t\t\t\t\t\t\twidth='1420' height='240'\t\t\t\t\talt=\"https:\/\/files.sunoresearch.com.br\/n\/uploads\/2023\/03\/1420x240-Controle-de-Investimentos.png\"\n\t\t\t\t>\n\t\t\t<\/picture>\n\t\t<\/a>\n\t<\/p>\n\n\n<p>Como principais obst\u00e1culos para seu governo, os analistas citam a heran\u00e7a do <strong>desequil\u00edbrio fiscal<\/strong>, alta de juros e infla\u00e7\u00e3o, queda do consumo e c\u00e2mbio depreciado.<\/p>\n<p>&#8220;Se <strong>Lula<\/strong> for eleito, esperamos que o pr\u00f3ximo governo tente impulsionar o crescimento econ\u00f4mico por meio de mais <strong>investimentos p\u00fablicos<\/strong> e novos avan\u00e7os em programas de bem-estar social. Para compensar os maiores gastos, a nova administra\u00e7\u00e3o provavelmente aumentar\u00e1 a <a class=\"suno-keyword\" href=\"https:\/\/www.suno.com.br\/artigos\/carga-tributaria\/\" target=\"_blank\" rel=\"noopener\" data-force=\"no\" data-priority=\"1\">carga tribut\u00e1ria<\/a> (ou seja, por meio da cria\u00e7\u00e3o do imposto sobre <a class=\"suno-keyword\" href=\"https:\/\/www.suno.com.br\/guias\/dividendos\/\" target=\"_blank\" rel=\"noopener\" data-force=\"no\" data-priority=\"1\">dividendos<\/a> e imposto de renda mais alto)\u201d, avaliou o Credit Suisse.<\/p>\n\t<p>\n\t\t<a href=\"\" target=\"_blank\" data-element=\"shortcode-suno-banner\" title=\"Banner SUNO, clique e saiba mais\">\n\t\t\t<picture>\n\t\t\t\t<source media=\"(max-width: 500px)\" srcset=\"\">\n\t\t\t\t<img class=\"newsContent__article__imgCapa newsContent__article__imgCapa--banner\"\n\t\t\t\t\tsrc=\"\"\n\t\t\t\t\tdata-promo-id=\"184190\"\t\t\t\t\t\t\t\t\t\t\t\t\t\t\talt=\"\"\n\t\t\t\t>\n\t\t\t<\/picture>\n\t\t<\/a>\n\t<\/p>\n\n\n","protected":false},"excerpt":{"rendered":"<p>Em entrevista \u00e0 r\u00e1dio Progresso, realizada nesta quinta-feira (17), o ex-presidente Luiz In\u00e1cio Lula da Silva afirmou n\u00e3o se opor totalmente \u00e0 privatiza\u00e7\u00e3o, mas defende o fortalecimento de empresas estatais estrat\u00e9gicas, como a Petrobras (PETR4), Eletrobras (ELET3), e os Correios. Lula, um dos presidenci\u00e1veis, tem feito discursos contr\u00e1rios \u00e0 privatiza\u00e7\u00e3o da Petrobras &#8211; Foto: Pedro [&hellip;]<\/p>\n","protected":false},"author":118,"featured_media":160096,"comment_status":"closed","ping_status":"closed","sticky":false,"template":"","format":"standard","meta":[],"categories":[61],"tags":[700,697,455,595,945],"suno_strategy":[],"class_list":["post-232578","post","type-post","status-publish","format-standard","has-post-thumbnail","hentry","category-politica","tag-correios","tag-eleicoes","tag-eletrobras-elet3-elet5-elet6","tag-petrobras-petr4","tag-privatizacoes"],"yoast_head":"<!-- This site is optimized with the Yoast SEO plugin v24.4 - https:\/\/yoast.com\/wordpress\/plugins\/seo\/ -->\n<title>Lula n\u00e3o se op\u00f5e a privatiza\u00e7\u00f5es, mas quer fortalecer estatais estrat\u00e9gicas<\/title>\n<meta name=\"description\" content=\"O ex-presidente Lula afirmou n\u00e3o se opor totalmente \u00e0 privatiza\u00e7\u00e3o, mas defende o fortalecimento de empresas estatais estrat\u00e9gicas. Confira\" \/>\n<meta name=\"robots\" content=\"index, follow, max-snippet:-1, max-image-preview:large, max-video-preview:-1\" \/>\n<link rel=\"canonical\" href=\"https:\/\/www.suno.com.br\/noticias\/lula-privatizacoes-estatais-estrategicas\/\" \/>\n<meta property=\"og:locale\" content=\"pt_BR\" \/>\n<meta property=\"og:type\" content=\"article\" \/>\n<meta property=\"og:title\" content=\"Lula n\u00e3o se op\u00f5e a privatiza\u00e7\u00f5es, mas quer fortalecer estatais estrat\u00e9gicas\" \/>\n<meta property=\"og:description\" content=\"O ex-presidente Lula afirmou n\u00e3o se opor totalmente \u00e0 privatiza\u00e7\u00e3o, mas defende o fortalecimento de empresas estatais estrat\u00e9gicas. Confira\" \/>\n<meta property=\"og:url\" content=\"https:\/\/www.suno.com.br\/noticias\/lula-privatizacoes-estatais-estrategicas\/\" \/>\n<meta property=\"og:site_name\" content=\"Suno Not\u00edcias\" \/>\n<meta property=\"article:publisher\" content=\"https:\/\/facebook.com\/sunoresearch\" \/>\n<meta property=\"og:image\" content=\"https:\/\/files.sunoresearch.com.br\/n\/uploads\/2021\/06\/a9dc5bab-28694420524_36269a9512_h.jpg\" \/>\n\t<meta property=\"og:image:width\" content=\"1600\" \/>\n\t<meta property=\"og:image:height\" content=\"1064\" \/>\n\t<meta property=\"og:image:type\" content=\"image\/jpeg\" \/>\n<meta name=\"author\" content=\"Bruno Galv\u00e3o\" \/>\n<meta name=\"twitter:card\" content=\"summary_large_image\" \/>\n<meta name=\"twitter:creator\" content=\"@sunoresearch\" \/>\n<meta name=\"twitter:site\" content=\"@sunoresearch\" \/>\n<meta name=\"twitter:label1\" content=\"Escrito por\" \/>\n\t<meta name=\"twitter:data1\" content=\"Bruno Galv\u00e3o\" \/>\n\t<meta name=\"twitter:label2\" content=\"Est. tempo de leitura\" \/>\n\t<meta name=\"twitter:data2\" content=\"3 minutos\" \/>\n<script type=\"application\/ld+json\" class=\"yoast-schema-graph\">{\"@context\":\"https:\/\/schema.org\",\"@graph\":[{\"@type\":\"NewsArticle\",\"@id\":\"https:\/\/www.suno.com.br\/noticias\/lula-privatizacoes-estatais-estrategicas\/#article\",\"isPartOf\":{\"@id\":\"https:\/\/www.suno.com.br\/noticias\/lula-privatizacoes-estatais-estrategicas\/\"},\"author\":{\"name\":\"Bruno Galv\u00e3o\",\"@id\":\"https:\/\/www.suno.com.br\/noticias\/#\/schema\/person\/06f0d962a6b1c54852e4860f16935600\"},\"headline\":\"Lula diz que n\u00e3o se op\u00f5e a privatiza\u00e7\u00f5es, mas quer &#8220;fortalecer estatais estrat\u00e9gicas&#8221;\",\"datePublished\":\"2022-02-17T20:55:32+00:00\",\"dateModified\":\"2022-02-17T21:07:34+00:00\",\"mainEntityOfPage\":{\"@id\":\"https:\/\/www.suno.com.br\/noticias\/lula-privatizacoes-estatais-estrategicas\/\"},\"wordCount\":712,\"publisher\":{\"@id\":\"https:\/\/www.suno.com.br\/noticias\/#organization\"},\"image\":{\"@id\":\"https:\/\/www.suno.com.br\/noticias\/lula-privatizacoes-estatais-estrategicas\/#primaryimage\"},\"thumbnailUrl\":\"https:\/\/files.sunoresearch.com.br\/n\/uploads\/2021\/06\/a9dc5bab-28694420524_36269a9512_h-jpg.webp\",\"keywords\":[\"Correios\",\"Elei\u00e7\u00f5es\",\"Eletrobras (ELET3\/ELET5\/ELET6)\",\"Petrobras (PETR4)\",\"privatiza\u00e7\u00f5es\"],\"articleSection\":[\"Pol\u00edtica\"],\"inLanguage\":\"pt-BR\"},{\"@type\":\"WebPage\",\"@id\":\"https:\/\/www.suno.com.br\/noticias\/lula-privatizacoes-estatais-estrategicas\/\",\"url\":\"https:\/\/www.suno.com.br\/noticias\/lula-privatizacoes-estatais-estrategicas\/\",\"name\":\"Lula n\u00e3o se op\u00f5e a privatiza\u00e7\u00f5es, mas quer fortalecer estatais estrat\u00e9gicas\",\"isPartOf\":{\"@id\":\"https:\/\/www.suno.com.br\/noticias\/#website\"},\"primaryImageOfPage\":{\"@id\":\"https:\/\/www.suno.com.br\/noticias\/lula-privatizacoes-estatais-estrategicas\/#primaryimage\"},\"image\":{\"@id\":\"https:\/\/www.suno.com.br\/noticias\/lula-privatizacoes-estatais-estrategicas\/#primaryimage\"},\"thumbnailUrl\":\"https:\/\/files.sunoresearch.com.br\/n\/uploads\/2021\/06\/a9dc5bab-28694420524_36269a9512_h-jpg.webp\",\"datePublished\":\"2022-02-17T20:55:32+00:00\",\"dateModified\":\"2022-02-17T21:07:34+00:00\",\"description\":\"O ex-presidente Lula afirmou n\u00e3o se opor totalmente \u00e0 privatiza\u00e7\u00e3o, mas defende o fortalecimento de empresas estatais estrat\u00e9gicas. Confira\",\"breadcrumb\":{\"@id\":\"https:\/\/www.suno.com.br\/noticias\/lula-privatizacoes-estatais-estrategicas\/#breadcrumb\"},\"inLanguage\":\"pt-BR\",\"potentialAction\":[{\"@type\":\"ReadAction\",\"target\":[\"https:\/\/www.suno.com.br\/noticias\/lula-privatizacoes-estatais-estrategicas\/\"]}]},{\"@type\":\"ImageObject\",\"inLanguage\":\"pt-BR\",\"@id\":\"https:\/\/www.suno.com.br\/noticias\/lula-privatizacoes-estatais-estrategicas\/#primaryimage\",\"url\":\"https:\/\/files.sunoresearch.com.br\/n\/uploads\/2021\/06\/a9dc5bab-28694420524_36269a9512_h-jpg.webp\",\"contentUrl\":\"https:\/\/files.sunoresearch.com.br\/n\/uploads\/2021\/06\/a9dc5bab-28694420524_36269a9512_h-jpg.webp\",\"width\":1600,\"height\":1064,\"caption\":\"Lula, um dos presidenci\u00e1veis, tem feito discursos contr\u00e1rios \u00e0 privatiza\u00e7\u00e3o da Petrobras - Foto: Pedro Fran\u00e7a\/Ag\u00eancia Senado\"},{\"@type\":\"BreadcrumbList\",\"@id\":\"https:\/\/www.suno.com.br\/noticias\/lula-privatizacoes-estatais-estrategicas\/#breadcrumb\",\"itemListElement\":[{\"@type\":\"ListItem\",\"position\":1,\"name\":\"Not\u00edcias\",\"item\":\"https:\/\/www.suno.com.br\/noticias\/\"},{\"@type\":\"ListItem\",\"position\":2,\"name\":\"Pol\u00edtica\",\"item\":\"https:\/\/www.suno.com.br\/noticias\/politica\/\"},{\"@type\":\"ListItem\",\"position\":3,\"name\":\"Lula diz que n\u00e3o se op\u00f5e a privatiza\u00e7\u00f5es, mas quer &#8220;fortalecer estatais estrat\u00e9gicas&#8221;\"}]},{\"@type\":\"WebSite\",\"@id\":\"https:\/\/www.suno.com.br\/noticias\/#website\",\"url\":\"https:\/\/www.suno.com.br\/noticias\/\",\"name\":\"Suno Not\u00edcias\",\"description\":\"Seu portal de informa\u00e7\u00e3o sobre o mundo dos investimentos\",\"publisher\":{\"@id\":\"https:\/\/www.suno.com.br\/noticias\/#organization\"},\"potentialAction\":[{\"@type\":\"SearchAction\",\"target\":{\"@type\":\"EntryPoint\",\"urlTemplate\":\"https:\/\/www.suno.com.br\/noticias\/?s={search_term_string}\"},\"query-input\":{\"@type\":\"PropertyValueSpecification\",\"valueRequired\":true,\"valueName\":\"search_term_string\"}}],\"inLanguage\":\"pt-BR\"},{\"@type\":\"Organization\",\"@id\":\"https:\/\/www.suno.com.br\/noticias\/#organization\",\"name\":\"Suno Not\u00edcias\",\"url\":\"https:\/\/www.suno.com.br\/noticias\/\",\"logo\":{\"@type\":\"ImageObject\",\"inLanguage\":\"pt-BR\",\"@id\":\"https:\/\/www.suno.com.br\/noticias\/#\/schema\/logo\/image\/\",\"url\":\"https:\/\/files.sunoresearch.com.br\/n\/uploads\/2021\/09\/suno-logo.png\",\"contentUrl\":\"https:\/\/files.sunoresearch.com.br\/n\/uploads\/2021\/09\/suno-logo.png\",\"width\":180,\"height\":180,\"caption\":\"Suno Not\u00edcias\"},\"image\":{\"@id\":\"https:\/\/www.suno.com.br\/noticias\/#\/schema\/logo\/image\/\"},\"sameAs\":[\"https:\/\/facebook.com\/sunoresearch\",\"https:\/\/x.com\/sunoresearch\",\"https:\/\/www.instagram.com\/suno\",\"https:\/\/www.linkedin.com\/company\/suno-research\/\",\"https:\/\/www.youtube.com\/c\/sunoresearch\"]},{\"@type\":\"Person\",\"@id\":\"https:\/\/www.suno.com.br\/noticias\/#\/schema\/person\/06f0d962a6b1c54852e4860f16935600\",\"name\":\"Bruno Galv\u00e3o\",\"image\":{\"@type\":\"ImageObject\",\"inLanguage\":\"pt-BR\",\"@id\":\"https:\/\/www.suno.com.br\/noticias\/#\/schema\/person\/image\/\",\"url\":\"https:\/\/secure.gravatar.com\/avatar\/53598df0b41c00f12f287a912d0e918e?s=96&r=g\",\"contentUrl\":\"https:\/\/secure.gravatar.com\/avatar\/53598df0b41c00f12f287a912d0e918e?s=96&r=g\",\"caption\":\"Bruno Galv\u00e3o\"},\"description\":\"Escreve para o portal Suno Not\u00edcias. \u00c9 estudante de Jornalismo pela Faculdade C\u00e1sper L\u00edbero e Letras pela USP. Entusiasta de tecnologia e intelig\u00eancia artificial.\",\"url\":\"https:\/\/www.suno.com.br\/noticias\/author\/bruno-garcia\/\"}]}<\/script>\n<!-- \/ Yoast SEO plugin. -->","yoast_head_json":{"title":"Lula n\u00e3o se op\u00f5e a privatiza\u00e7\u00f5es, mas quer fortalecer estatais estrat\u00e9gicas","description":"O ex-presidente Lula afirmou n\u00e3o se opor totalmente \u00e0 privatiza\u00e7\u00e3o, mas defende o fortalecimento de empresas estatais estrat\u00e9gicas. Confira","robots":{"index":"index","follow":"follow","max-snippet":"max-snippet:-1","max-image-preview":"max-image-preview:large","max-video-preview":"max-video-preview:-1"},"canonical":"https:\/\/www.suno.com.br\/noticias\/lula-privatizacoes-estatais-estrategicas\/","og_locale":"pt_BR","og_type":"article","og_title":"Lula n\u00e3o se op\u00f5e a privatiza\u00e7\u00f5es, mas quer fortalecer estatais estrat\u00e9gicas","og_description":"O ex-presidente Lula afirmou n\u00e3o se opor totalmente \u00e0 privatiza\u00e7\u00e3o, mas defende o fortalecimento de empresas estatais estrat\u00e9gicas. Confira","og_url":"https:\/\/www.suno.com.br\/noticias\/lula-privatizacoes-estatais-estrategicas\/","og_site_name":"Suno Not\u00edcias","article_publisher":"https:\/\/facebook.com\/sunoresearch","og_image":[{"width":1600,"height":1064,"url":"https:\/\/files.sunoresearch.com.br\/n\/uploads\/2021\/06\/a9dc5bab-28694420524_36269a9512_h.jpg","type":"image\/jpeg"}],"author":"Bruno Galv\u00e3o","twitter_card":"summary_large_image","twitter_creator":"@sunoresearch","twitter_site":"@sunoresearch","twitter_misc":{"Escrito por":"Bruno Galv\u00e3o","Est. tempo de leitura":"3 minutos"},"schema":{"@context":"https:\/\/schema.org","@graph":[{"@type":"NewsArticle","@id":"https:\/\/www.suno.com.br\/noticias\/lula-privatizacoes-estatais-estrategicas\/#article","isPartOf":{"@id":"https:\/\/www.suno.com.br\/noticias\/lula-privatizacoes-estatais-estrategicas\/"},"author":{"name":"Bruno Galv\u00e3o","@id":"https:\/\/www.suno.com.br\/noticias\/#\/schema\/person\/06f0d962a6b1c54852e4860f16935600"},"headline":"Lula diz que n\u00e3o se op\u00f5e a privatiza\u00e7\u00f5es, mas quer &#8220;fortalecer estatais estrat\u00e9gicas&#8221;","datePublished":"2022-02-17T20:55:32+00:00","dateModified":"2022-02-17T21:07:34+00:00","mainEntityOfPage":{"@id":"https:\/\/www.suno.com.br\/noticias\/lula-privatizacoes-estatais-estrategicas\/"},"wordCount":712,"publisher":{"@id":"https:\/\/www.suno.com.br\/noticias\/#organization"},"image":{"@id":"https:\/\/www.suno.com.br\/noticias\/lula-privatizacoes-estatais-estrategicas\/#primaryimage"},"thumbnailUrl":"https:\/\/files.sunoresearch.com.br\/n\/uploads\/2021\/06\/a9dc5bab-28694420524_36269a9512_h-jpg.webp","keywords":["Correios","Elei\u00e7\u00f5es","Eletrobras (ELET3\/ELET5\/ELET6)","Petrobras (PETR4)","privatiza\u00e7\u00f5es"],"articleSection":["Pol\u00edtica"],"inLanguage":"pt-BR"},{"@type":"WebPage","@id":"https:\/\/www.suno.com.br\/noticias\/lula-privatizacoes-estatais-estrategicas\/","url":"https:\/\/www.suno.com.br\/noticias\/lula-privatizacoes-estatais-estrategicas\/","name":"Lula n\u00e3o se op\u00f5e a privatiza\u00e7\u00f5es, mas quer fortalecer estatais estrat\u00e9gicas","isPartOf":{"@id":"https:\/\/www.suno.com.br\/noticias\/#website"},"primaryImageOfPage":{"@id":"https:\/\/www.suno.com.br\/noticias\/lula-privatizacoes-estatais-estrategicas\/#primaryimage"},"image":{"@id":"https:\/\/www.suno.com.br\/noticias\/lula-privatizacoes-estatais-estrategicas\/#primaryimage"},"thumbnailUrl":"https:\/\/files.sunoresearch.com.br\/n\/uploads\/2021\/06\/a9dc5bab-28694420524_36269a9512_h-jpg.webp","datePublished":"2022-02-17T20:55:32+00:00","dateModified":"2022-02-17T21:07:34+00:00","description":"O ex-presidente Lula afirmou n\u00e3o se opor totalmente \u00e0 privatiza\u00e7\u00e3o, mas defende o fortalecimento de empresas estatais estrat\u00e9gicas. Confira","breadcrumb":{"@id":"https:\/\/www.suno.com.br\/noticias\/lula-privatizacoes-estatais-estrategicas\/#breadcrumb"},"inLanguage":"pt-BR","potentialAction":[{"@type":"ReadAction","target":["https:\/\/www.suno.com.br\/noticias\/lula-privatizacoes-estatais-estrategicas\/"]}]},{"@type":"ImageObject","inLanguage":"pt-BR","@id":"https:\/\/www.suno.com.br\/noticias\/lula-privatizacoes-estatais-estrategicas\/#primaryimage","url":"https:\/\/files.sunoresearch.com.br\/n\/uploads\/2021\/06\/a9dc5bab-28694420524_36269a9512_h-jpg.webp","contentUrl":"https:\/\/files.sunoresearch.com.br\/n\/uploads\/2021\/06\/a9dc5bab-28694420524_36269a9512_h-jpg.webp","width":1600,"height":1064,"caption":"Lula, um dos presidenci\u00e1veis, tem feito discursos contr\u00e1rios \u00e0 privatiza\u00e7\u00e3o da Petrobras - Foto: Pedro Fran\u00e7a\/Ag\u00eancia Senado"},{"@type":"BreadcrumbList","@id":"https:\/\/www.suno.com.br\/noticias\/lula-privatizacoes-estatais-estrategicas\/#breadcrumb","itemListElement":[{"@type":"ListItem","position":1,"name":"Not\u00edcias","item":"https:\/\/www.suno.com.br\/noticias\/"},{"@type":"ListItem","position":2,"name":"Pol\u00edtica","item":"https:\/\/www.suno.com.br\/noticias\/politica\/"},{"@type":"ListItem","position":3,"name":"Lula diz que n\u00e3o se op\u00f5e a privatiza\u00e7\u00f5es, mas quer &#8220;fortalecer estatais estrat\u00e9gicas&#8221;"}]},{"@type":"WebSite","@id":"https:\/\/www.suno.com.br\/noticias\/#website","url":"https:\/\/www.suno.com.br\/noticias\/","name":"Suno Not\u00edcias","description":"Seu portal de informa\u00e7\u00e3o sobre o mundo dos investimentos","publisher":{"@id":"https:\/\/www.suno.com.br\/noticias\/#organization"},"potentialAction":[{"@type":"SearchAction","target":{"@type":"EntryPoint","urlTemplate":"https:\/\/www.suno.com.br\/noticias\/?s={search_term_string}"},"query-input":{"@type":"PropertyValueSpecification","valueRequired":true,"valueName":"search_term_string"}}],"inLanguage":"pt-BR"},{"@type":"Organization","@id":"https:\/\/www.suno.com.br\/noticias\/#organization","name":"Suno Not\u00edcias","url":"https:\/\/www.suno.com.br\/noticias\/","logo":{"@type":"ImageObject","inLanguage":"pt-BR","@id":"https:\/\/www.suno.com.br\/noticias\/#\/schema\/logo\/image\/","url":"https:\/\/files.sunoresearch.com.br\/n\/uploads\/2021\/09\/suno-logo.png","contentUrl":"https:\/\/files.sunoresearch.com.br\/n\/uploads\/2021\/09\/suno-logo.png","width":180,"height":180,"caption":"Suno Not\u00edcias"},"image":{"@id":"https:\/\/www.suno.com.br\/noticias\/#\/schema\/logo\/image\/"},"sameAs":["https:\/\/facebook.com\/sunoresearch","https:\/\/x.com\/sunoresearch","https:\/\/www.instagram.com\/suno","https:\/\/www.linkedin.com\/company\/suno-research\/","https:\/\/www.youtube.com\/c\/sunoresearch"]},{"@type":"Person","@id":"https:\/\/www.suno.com.br\/noticias\/#\/schema\/person\/06f0d962a6b1c54852e4860f16935600","name":"Bruno Galv\u00e3o","image":{"@type":"ImageObject","inLanguage":"pt-BR","@id":"https:\/\/www.suno.com.br\/noticias\/#\/schema\/person\/image\/","url":"https:\/\/secure.gravatar.com\/avatar\/53598df0b41c00f12f287a912d0e918e?s=96&r=g","contentUrl":"https:\/\/secure.gravatar.com\/avatar\/53598df0b41c00f12f287a912d0e918e?s=96&r=g","caption":"Bruno Galv\u00e3o"},"description":"Escreve para o portal Suno Not\u00edcias. \u00c9 estudante de Jornalismo pela Faculdade C\u00e1sper L\u00edbero e Letras pela USP. Entusiasta de tecnologia e intelig\u00eancia artificial.","url":"https:\/\/www.suno.com.br\/noticias\/author\/bruno-garcia\/"}]}},"default_loop_html":"<div class=\"cardsPage__listCard__boxs\"><div class=\"cardsPage__listCard__boxs__img\"><a href=\"https:\/\/www.suno.com.br\/noticias\/lula-privatizacoes-estatais-estrategicas\/\"><img class=\"mask\" src=\"https:\/\/www.suno.com.br\/noticias\/wp-content\/themes\/suno\/resources\/images\/spotlight\/spotlight1img\/bg-mask.png\" alt=\"Image Mask\"\/><img src=\"https:\/\/files.sunoresearch.com.br\/n\/uploads\/2021\/06\/a9dc5bab-28694420524_36269a9512_h-400x200.webp\" alt=\"Lula diz que n\u00e3o se op\u00f5e a privatiza\u00e7\u00f5es, mas quer &#8220;fortalecer estatais estrat\u00e9gicas&#8221;\"\/><\/a><span class=\"spotlightCategory\"><a href=\"https:\/\/www.suno.com.br\/noticias\/politica\/\">Pol\u00edtica<\/a><\/span><\/div><div class=\"cardsPage__listCard__boxs__content\"><a href=\"https:\/\/www.suno.com.br\/noticias\/lula-privatizacoes-estatais-estrategicas\/\"><h2 class=\"content__title\">Lula diz que n\u00e3o se op\u00f5e a privatiza\u00e7\u00f5es, mas quer &#8220;fortalecer estatais estrat\u00e9gicas&#8221;<\/h2><\/a><div class=\"newsContent__article__meta\"><div class=\"newsContent__article__meta__authorBox\"><a href=\"https:\/\/www.suno.com.br\/noticias\/author\/bruno-garcia\/\" class=\"authorBox__avatar noMobi\"><img src=\"https:\/\/secure.gravatar.com\/avatar\/53598df0b41c00f12f287a912d0e918e?s=96&#038;r=g\" alt=\"Bruno Galv\u00e3o\"><\/a><div class=\"authorBox__name\"><span>por\n\t\t\t<a href=\"https:\/\/www.suno.com.br\/noticias\/author\/bruno-garcia\/\"><span itemprop=\"author\">Bruno Galv\u00e3o<\/span><\/a><\/span><time datetime=\"2022-02-17T17:55:32-03:00\" itemprop=\"datePublished\">17\/02\/2022 17:55<\/time><\/div><\/div><\/div><\/div><\/div>","single_layout":"posts","amp_enabled":true,"_links":{"self":[{"href":"https:\/\/www.suno.com.br\/noticias\/wp-json\/wp\/v2\/posts\/232578"}],"collection":[{"href":"https:\/\/www.suno.com.br\/noticias\/wp-json\/wp\/v2\/posts"}],"about":[{"href":"https:\/\/www.suno.com.br\/noticias\/wp-json\/wp\/v2\/types\/post"}],"author":[{"embeddable":true,"href":"https:\/\/www.suno.com.br\/noticias\/wp-json\/wp\/v2\/users\/118"}],"replies":[{"embeddable":true,"href":"https:\/\/www.suno.com.br\/noticias\/wp-json\/wp\/v2\/comments?post=232578"}],"version-history":[{"count":3,"href":"https:\/\/www.suno.com.br\/noticias\/wp-json\/wp\/v2\/posts\/232578\/revisions"}],"predecessor-version":[{"id":232623,"href":"https:\/\/www.suno.com.br\/noticias\/wp-json\/wp\/v2\/posts\/232578\/revisions\/232623"}],"wp:featuredmedia":[{"embeddable":true,"href":"https:\/\/www.suno.com.br\/noticias\/wp-json\/wp\/v2\/media\/160096"}],"wp:attachment":[{"href":"https:\/\/www.suno.com.br\/noticias\/wp-json\/wp\/v2\/media?parent=232578"}],"wp:term":[{"taxonomy":"category","embeddable":true,"href":"https:\/\/www.suno.com.br\/noticias\/wp-json\/wp\/v2\/categories?post=232578"},{"taxonomy":"post_tag","embeddable":true,"href":"https:\/\/www.suno.com.br\/noticias\/wp-json\/wp\/v2\/tags?post=232578"},{"taxonomy":"suno_strategy","embeddable":true,"href":"https:\/\/www.suno.com.br\/noticias\/wp-json\/wp\/v2\/suno_strategy?post=232578"}],"curies":[{"name":"wp","href":"https:\/\/api.w.org\/{rel}","templated":true}]}}