{"id":232414,"date":"2022-02-17T10:33:46","date_gmt":"2022-02-17T13:33:46","guid":{"rendered":"https:\/\/www.suno.com.br\/noticias\/?p=232414"},"modified":"2022-02-17T10:33:46","modified_gmt":"2022-02-17T13:33:46","slug":"itau-unibanco-itub4-programa-desligamento-voluntario-pdv","status":"publish","type":"post","link":"https:\/\/www.suno.com.br\/noticias\/itau-unibanco-itub4-programa-desligamento-voluntario-pdv\/","title":{"rendered":"Ap\u00f3s aumentar n\u00famero de funcion\u00e1rios, Ita\u00fa Unibanco (ITUB4) tem Programa de Desligamento Volunt\u00e1rio (PDV)"},"content":{"rendered":"<p>O <a class=\"suno-keyword\" href=\"https:\/\/www.suno.com.br\/acoes\/ITUB4\/\" target=\"_blank\" rel=\"noopener\" data-force=\"yes\" data-priority=\"2\"><strong>Ita\u00fa Unibanco<\/strong> (ITUB4)<\/a>, em <a class=\"suno-keyword\" href=\"https:\/\/www.suno.com.br\/artigos\/fato-relevante\/\" target=\"_blank\" rel=\"noopener\" data-force=\"no\" data-priority=\"1\">fato relevante<\/a> ao mercado, anunciou nesta quinta-feira (17) a abertura de um programa de desligamento volunt\u00e1rio (PDV) para todas as empresas controladas exclusivamente pelo Ita\u00fa Unibanco Holding S.A. no Brasil.<\/p>\t<div class=\"wrapper-featured-image\">\n\t\t<figure class=\"spotlightImg\">\n\n\t\t\t<picture>\n\t\t\t\t<source media=\"(max-width: 768px)\" srcset=\"https:\/\/files.sunoresearch.com.br\/n\/uploads\/2021\/04\/203c1ad8-itau-3-400x200.webp\">\n\t\t\t\t<img loading=\"lazy\" decoding=\"async\" class=\"newsContent__article__imgCapa lazyloadDisabled \" src=\"https:\/\/files.sunoresearch.com.br\/n\/uploads\/2021\/04\/203c1ad8-itau-3-800x450.webp\" width=\"800\" height=\"450\" alt=\"Ap\u00f3s aumentar n\u00famero de funcion\u00e1rios, Ita\u00fa Unibanco (ITUB4) tem Programa de Desligamento Volunt\u00e1rio (PDV)\" fetchpriority=high \/>\n\t\t\t<\/picture>\n\n\t\t\t<figcaption class=\"wp-caption-text wp-caption-text--show\">Ita\u00fa (ITUB4)  Foto: Reprodu\u00e7\u00e3o Site Ita\u00fa<\/figcaption>\n\t\t<\/figure>\n\t<\/div>\n\n\n\t<p>\n\t\t<a href=\"https:\/\/lp.suno.com.br\/planilha-controle-gastos\/\" target=\"_blank\" data-element=\"shortcode-suno-banner\" title=\"Banner SUNO, clique e saiba mais\">\n\t\t\t<picture>\n\t\t\t\t<source media=\"(max-width: 500px)\" srcset=\"https:\/\/files.sunoresearch.com.br\/n\/uploads\/2023\/03\/400x300-Planilha-controle-de-gastos.png\">\n\t\t\t\t<img class=\"newsContent__article__imgCapa newsContent__article__imgCapa--banner\"\n\t\t\t\t\tsrc=\"https:\/\/files.sunoresearch.com.br\/n\/uploads\/2023\/03\/1420x240-Planilha-controle-de-gastos.png\"\n\t\t\t\t\tdata-promo-id=\"101751\"\t\t\t\t\t\t\t\t\t\twidth='1420' height='240'\t\t\t\t\talt=\"https:\/\/files.sunoresearch.com.br\/n\/uploads\/2023\/03\/1420x240-Planilha-controle-de-gastos.png\"\n\t\t\t\t>\n\t\t\t<\/picture>\n\t\t<\/a>\n\t<\/p>\n\n\n<p>No comunicado, o banco n\u00e3o informou o n\u00famero de <strong>funcion\u00e1rios<\/strong> que o programa busca alcan\u00e7ar.<\/p>\n<p>Segundo o comunicado, o Ita\u00fa diz que o programa envolve um grupo restrito de <strong>colaboradores eleg\u00edveis<\/strong>, e o objetivo \u00e9 oferecer &#8211; aos interessados em deixar o banco &#8211; &#8220;a oportunidade de uma transi\u00e7\u00e3o de carreira segura&#8221;.<\/p>\n<p>O programa do Ita\u00fa \u00e9 endere\u00e7ado aos colaboradores que se enquadram em um ou mais crit\u00e9rios como: ter mais de 60 anos, estar afastados por per\u00edodo superior a 30 dias ou atuar em determinados cargos em \u00e1reas que ter\u00e3o sua estrutura &#8220;adequada \u00e0 realidade do mercado&#8221;.<\/p>\n<p>&#8220;A <strong>ades\u00e3o ao PDV<\/strong> \u00e9 totalmente volunt\u00e1ria e oferecer\u00e1 pacotes que incluem o pagamento de sal\u00e1rios adicionais e a manuten\u00e7\u00e3o de alguns benef\u00edcios por per\u00edodo determinado. Os eleg\u00edveis poder\u00e3o aderir ao PDV a partir do final do m\u00eas de mar\u00e7o de 2022&#8243;, informou o banco.<\/p>\n<p>Segundo o Ita\u00fa, ap\u00f3s o encerramento do per\u00edodo de ades\u00e3o, os impactos financeiros e o n\u00famero de funcion\u00e1rios que tiverem aderido ao PDV ser\u00e3o divulgados ao mercado. O <strong>Ita\u00fa Unibanco<\/strong> esclarece que o PDV n\u00e3o afetar\u00e1 a qualidade e a disponibilidade de seus servi\u00e7os aos seus clientes.<\/p>\n\t<p>\n\t\t<a href=\"https:\/\/lp.suno.com.br\/planilha-da-vida-financeira\/\" target=\"_blank\" data-element=\"shortcode-suno-banner\" title=\"Banner SUNO, clique e saiba mais\">\n\t\t\t<picture>\n\t\t\t\t<source media=\"(max-width: 500px)\" srcset=\"https:\/\/files.sunoresearch.com.br\/n\/uploads\/2023\/04\/400x300-Planilha-vida-financeira-true.png\">\n\t\t\t\t<img class=\"newsContent__article__imgCapa newsContent__article__imgCapa--banner\"\n\t\t\t\t\tsrc=\"https:\/\/files.sunoresearch.com.br\/n\/uploads\/2023\/04\/1420x240-Planilha-vida-financeira-true.png\"\n\t\t\t\t\tdata-promo-id=\"106682\"\t\t\t\t\t\t\t\t\t\twidth='1420' height='240'\t\t\t\t\talt=\"https:\/\/files.sunoresearch.com.br\/n\/uploads\/2023\/04\/1420x240-Planilha-vida-financeira-true.png\"\n\t\t\t\t>\n\t\t\t<\/picture>\n\t\t<\/a>\n\t<\/p>\n\n\n<h2>Despesas gerais e administrativas do Ita\u00fa ca\u00edram em 2021<\/h2>\n<p>De acordo com o balan\u00e7o recente do Ita\u00fa, divulgado na semana passada (10), sobre os resultados de 2021, houve uma queda de 2,6% nas <strong>despesas gerais e administrativas<\/strong> do banco segundo compara\u00e7\u00e3o anual, de R$ 64,2 bilh\u00f5es em 2020 para R$ 62,5 bilh\u00f5es em 2021.<\/p>\n<p>Em compara\u00e7\u00e3o o <strong>n\u00famero de funcion\u00e1rios<\/strong> cresceu 3,2%, de 96,5 mil em 2020 para 99,6 mil em 2021, alta de 3,2%. Houve um aumento de 3,4 mil colaboradores no Brasil (+4,1%) para 87,3 mil trabalhadores e uma diminui\u00e7\u00e3o de 300 mil funcion\u00e1rios no exterior, (-2,9%) para 12,3 mil.<\/p>\n<p>Por outro lado, o n\u00famero de ag\u00eancias f\u00edsicas e postos de atendimento banc\u00e1rios do <strong>Ita\u00fa<\/strong> ca\u00edram 0,7% ano a ano, para 4.112, enquanto o n\u00famero de ag\u00eancia digitais cresceu 14,4% para 223.<\/p>\n<p><em>(Com informa\u00e7\u00f5es de Estad\u00e3o Conte\u00fado.)<\/em><\/p>\n\t<p>\n\t\t<a href=\"https:\/\/lp.suno.com.br\/ebook-como-analisar-uma-acao\/\" target=\"_blank\" data-element=\"shortcode-suno-banner\" title=\"Banner SUNO, clique e saiba mais\">\n\t\t\t<picture>\n\t\t\t\t<source media=\"(max-width: 500px)\" srcset=\"https:\/\/files.sunoresearch.com.br\/n\/uploads\/2023\/03\/Ebook-Acoes-Mobile-1.jpg\">\n\t\t\t\t<img class=\"newsContent__article__imgCapa newsContent__article__imgCapa--banner\"\n\t\t\t\t\tsrc=\"https:\/\/files.sunoresearch.com.br\/n\/uploads\/2023\/03\/Ebook-Acoes-Desktop-1.jpg\"\n\t\t\t\t\tdata-promo-id=\"171998\"\t\t\t\t\t\t\t\t\t\twidth='1420' height='286'\t\t\t\t\talt=\"https:\/\/files.sunoresearch.com.br\/n\/uploads\/2023\/03\/Ebook-Acoes-Desktop-1.jpg\"\n\t\t\t\t>\n\t\t\t<\/picture>\n\t\t<\/a>\n\t<\/p>\n\n\n","protected":false},"excerpt":{"rendered":"<p>O Ita\u00fa Unibanco (ITUB4), em fato relevante ao mercado, anunciou nesta quinta-feira (17) a abertura de um programa de desligamento volunt\u00e1rio (PDV) para todas as empresas controladas exclusivamente pelo Ita\u00fa Unibanco Holding S.A. no Brasil. Ita\u00fa (ITUB4) Foto: Reprodu\u00e7\u00e3o Site Ita\u00fa No comunicado, o banco n\u00e3o informou o n\u00famero de funcion\u00e1rios que o programa busca [&hellip;]<\/p>\n","protected":false},"author":145,"featured_media":140337,"comment_status":"closed","ping_status":"closed","sticky":false,"template":"","format":"standard","meta":[],"categories":[64],"tags":[519,2059,1607],"suno_strategy":[],"class_list":["post-232414","post","type-post","status-publish","format-standard","has-post-thumbnail","hentry","category-negocios","tag-itau-unibanco-itub3-itub4","tag-programa-de-demissao-voluntaria-pdv","tag-resultado-das-empresas"],"yoast_head":"<!-- This site is optimized with the Yoast SEO plugin v24.4 - https:\/\/yoast.com\/wordpress\/plugins\/seo\/ -->\n<title>Ap\u00f3s aumentar funcion\u00e1rios, Ita\u00fa (ITUB4) anuncia programa de demiss\u00e3o<\/title>\n<meta name=\"description\" content=\"O Ita\u00fa Unibanco (ITUB4) anunciou nesta quinta-feira (17) programa de desligamento volunt\u00e1rio (PDV) para os funcion\u00e1rios. Veja mais detalhes.\" \/>\n<meta name=\"robots\" content=\"index, follow, max-snippet:-1, max-image-preview:large, max-video-preview:-1\" \/>\n<link rel=\"canonical\" href=\"https:\/\/www.suno.com.br\/noticias\/itau-unibanco-itub4-programa-desligamento-voluntario-pdv\/\" \/>\n<meta property=\"og:locale\" content=\"pt_BR\" \/>\n<meta property=\"og:type\" content=\"article\" \/>\n<meta property=\"og:title\" content=\"Ap\u00f3s aumentar funcion\u00e1rios, Ita\u00fa (ITUB4) anuncia programa de demiss\u00e3o\" \/>\n<meta property=\"og:description\" content=\"O Ita\u00fa Unibanco (ITUB4) anunciou nesta quinta-feira (17) programa de desligamento volunt\u00e1rio (PDV) para os funcion\u00e1rios. Veja mais detalhes.\" \/>\n<meta property=\"og:url\" content=\"https:\/\/www.suno.com.br\/noticias\/itau-unibanco-itub4-programa-desligamento-voluntario-pdv\/\" \/>\n<meta property=\"og:site_name\" content=\"Suno Not\u00edcias\" \/>\n<meta property=\"article:publisher\" content=\"https:\/\/facebook.com\/sunoresearch\" \/>\n<meta property=\"og:image\" content=\"https:\/\/files.sunoresearch.com.br\/n\/uploads\/2021\/04\/203c1ad8-itau-3.jpg\" \/>\n\t<meta property=\"og:image:width\" content=\"1200\" \/>\n\t<meta property=\"og:image:height\" content=\"800\" \/>\n\t<meta property=\"og:image:type\" content=\"image\/jpeg\" \/>\n<meta name=\"author\" content=\"Pedro Caramuru\" \/>\n<meta name=\"twitter:card\" content=\"summary_large_image\" \/>\n<meta name=\"twitter:creator\" content=\"@sunoresearch\" \/>\n<meta name=\"twitter:site\" content=\"@sunoresearch\" \/>\n<meta name=\"twitter:label1\" content=\"Escrito por\" \/>\n\t<meta name=\"twitter:data1\" content=\"Pedro Caramuru\" \/>\n\t<meta name=\"twitter:label2\" content=\"Est. tempo de leitura\" \/>\n\t<meta name=\"twitter:data2\" content=\"2 minutos\" \/>\n<script type=\"application\/ld+json\" class=\"yoast-schema-graph\">{\"@context\":\"https:\/\/schema.org\",\"@graph\":[{\"@type\":\"NewsArticle\",\"@id\":\"https:\/\/www.suno.com.br\/noticias\/itau-unibanco-itub4-programa-desligamento-voluntario-pdv\/#article\",\"isPartOf\":{\"@id\":\"https:\/\/www.suno.com.br\/noticias\/itau-unibanco-itub4-programa-desligamento-voluntario-pdv\/\"},\"author\":{\"name\":\"Pedro Caramuru\",\"@id\":\"https:\/\/www.suno.com.br\/noticias\/#\/schema\/person\/8d020643938f12a823508eb0e5fda407\"},\"headline\":\"Ap\u00f3s aumentar n\u00famero de funcion\u00e1rios, Ita\u00fa Unibanco (ITUB4) tem Programa de Desligamento Volunt\u00e1rio (PDV)\",\"datePublished\":\"2022-02-17T13:33:46+00:00\",\"mainEntityOfPage\":{\"@id\":\"https:\/\/www.suno.com.br\/noticias\/itau-unibanco-itub4-programa-desligamento-voluntario-pdv\/\"},\"wordCount\":410,\"publisher\":{\"@id\":\"https:\/\/www.suno.com.br\/noticias\/#organization\"},\"image\":{\"@id\":\"https:\/\/www.suno.com.br\/noticias\/itau-unibanco-itub4-programa-desligamento-voluntario-pdv\/#primaryimage\"},\"thumbnailUrl\":\"https:\/\/files.sunoresearch.com.br\/n\/uploads\/2021\/04\/203c1ad8-itau-3-jpg.webp\",\"keywords\":[\"Ita\u00fa Unibanco (ITUB3\/ITUB4)\",\"Programa de demiss\u00e3o volunt\u00e1ria (PDV)\",\"Resultado das empresas\"],\"articleSection\":[\"Neg\u00f3cios\"],\"inLanguage\":\"pt-BR\"},{\"@type\":\"WebPage\",\"@id\":\"https:\/\/www.suno.com.br\/noticias\/itau-unibanco-itub4-programa-desligamento-voluntario-pdv\/\",\"url\":\"https:\/\/www.suno.com.br\/noticias\/itau-unibanco-itub4-programa-desligamento-voluntario-pdv\/\",\"name\":\"Ap\u00f3s aumentar funcion\u00e1rios, Ita\u00fa (ITUB4) anuncia programa de demiss\u00e3o\",\"isPartOf\":{\"@id\":\"https:\/\/www.suno.com.br\/noticias\/#website\"},\"primaryImageOfPage\":{\"@id\":\"https:\/\/www.suno.com.br\/noticias\/itau-unibanco-itub4-programa-desligamento-voluntario-pdv\/#primaryimage\"},\"image\":{\"@id\":\"https:\/\/www.suno.com.br\/noticias\/itau-unibanco-itub4-programa-desligamento-voluntario-pdv\/#primaryimage\"},\"thumbnailUrl\":\"https:\/\/files.sunoresearch.com.br\/n\/uploads\/2021\/04\/203c1ad8-itau-3-jpg.webp\",\"datePublished\":\"2022-02-17T13:33:46+00:00\",\"description\":\"O Ita\u00fa Unibanco (ITUB4) anunciou nesta quinta-feira (17) programa de desligamento volunt\u00e1rio (PDV) para os funcion\u00e1rios. Veja mais detalhes.\",\"breadcrumb\":{\"@id\":\"https:\/\/www.suno.com.br\/noticias\/itau-unibanco-itub4-programa-desligamento-voluntario-pdv\/#breadcrumb\"},\"inLanguage\":\"pt-BR\",\"potentialAction\":[{\"@type\":\"ReadAction\",\"target\":[\"https:\/\/www.suno.com.br\/noticias\/itau-unibanco-itub4-programa-desligamento-voluntario-pdv\/\"]}]},{\"@type\":\"ImageObject\",\"inLanguage\":\"pt-BR\",\"@id\":\"https:\/\/www.suno.com.br\/noticias\/itau-unibanco-itub4-programa-desligamento-voluntario-pdv\/#primaryimage\",\"url\":\"https:\/\/files.sunoresearch.com.br\/n\/uploads\/2021\/04\/203c1ad8-itau-3-jpg.webp\",\"contentUrl\":\"https:\/\/files.sunoresearch.com.br\/n\/uploads\/2021\/04\/203c1ad8-itau-3-jpg.webp\",\"width\":1200,\"height\":800,\"caption\":\"Ita\u00fa (ITUB4) Foto: Reprodu\u00e7\u00e3o Site Ita\u00fa\"},{\"@type\":\"BreadcrumbList\",\"@id\":\"https:\/\/www.suno.com.br\/noticias\/itau-unibanco-itub4-programa-desligamento-voluntario-pdv\/#breadcrumb\",\"itemListElement\":[{\"@type\":\"ListItem\",\"position\":1,\"name\":\"Not\u00edcias\",\"item\":\"https:\/\/www.suno.com.br\/noticias\/\"},{\"@type\":\"ListItem\",\"position\":2,\"name\":\"Neg\u00f3cios\",\"item\":\"https:\/\/www.suno.com.br\/noticias\/negocios\/\"},{\"@type\":\"ListItem\",\"position\":3,\"name\":\"Ap\u00f3s aumentar n\u00famero de funcion\u00e1rios, Ita\u00fa Unibanco (ITUB4) tem Programa de Desligamento Volunt\u00e1rio (PDV)\"}]},{\"@type\":\"WebSite\",\"@id\":\"https:\/\/www.suno.com.br\/noticias\/#website\",\"url\":\"https:\/\/www.suno.com.br\/noticias\/\",\"name\":\"Suno Not\u00edcias\",\"description\":\"Seu portal de informa\u00e7\u00e3o sobre o mundo dos investimentos\",\"publisher\":{\"@id\":\"https:\/\/www.suno.com.br\/noticias\/#organization\"},\"potentialAction\":[{\"@type\":\"SearchAction\",\"target\":{\"@type\":\"EntryPoint\",\"urlTemplate\":\"https:\/\/www.suno.com.br\/noticias\/?s={search_term_string}\"},\"query-input\":{\"@type\":\"PropertyValueSpecification\",\"valueRequired\":true,\"valueName\":\"search_term_string\"}}],\"inLanguage\":\"pt-BR\"},{\"@type\":\"Organization\",\"@id\":\"https:\/\/www.suno.com.br\/noticias\/#organization\",\"name\":\"Suno Not\u00edcias\",\"url\":\"https:\/\/www.suno.com.br\/noticias\/\",\"logo\":{\"@type\":\"ImageObject\",\"inLanguage\":\"pt-BR\",\"@id\":\"https:\/\/www.suno.com.br\/noticias\/#\/schema\/logo\/image\/\",\"url\":\"https:\/\/files.sunoresearch.com.br\/n\/uploads\/2021\/09\/suno-logo.png\",\"contentUrl\":\"https:\/\/files.sunoresearch.com.br\/n\/uploads\/2021\/09\/suno-logo.png\",\"width\":180,\"height\":180,\"caption\":\"Suno Not\u00edcias\"},\"image\":{\"@id\":\"https:\/\/www.suno.com.br\/noticias\/#\/schema\/logo\/image\/\"},\"sameAs\":[\"https:\/\/facebook.com\/sunoresearch\",\"https:\/\/x.com\/sunoresearch\",\"https:\/\/www.instagram.com\/suno\",\"https:\/\/www.linkedin.com\/company\/suno-research\/\",\"https:\/\/www.youtube.com\/c\/sunoresearch\"]},{\"@type\":\"Person\",\"@id\":\"https:\/\/www.suno.com.br\/noticias\/#\/schema\/person\/8d020643938f12a823508eb0e5fda407\",\"name\":\"Pedro Caramuru\",\"image\":{\"@type\":\"ImageObject\",\"inLanguage\":\"pt-BR\",\"@id\":\"https:\/\/www.suno.com.br\/noticias\/#\/schema\/person\/image\/\",\"url\":\"https:\/\/secure.gravatar.com\/avatar\/1a3f15d3553507ae7a2debc6ea0ad87b?s=96&r=g\",\"contentUrl\":\"https:\/\/secure.gravatar.com\/avatar\/1a3f15d3553507ae7a2debc6ea0ad87b?s=96&r=g\",\"caption\":\"Pedro Caramuru\"},\"description\":\"Rep\u00f3rter de economia, mercado e pol\u00edtica brasileira para o Suno Not\u00edcias. Formado em jornalismo. J\u00e1 escreveu sobre pol\u00edtica e mercados internacionais para o Broadcast e Estad\u00e3o.\",\"url\":\"https:\/\/www.suno.com.br\/noticias\/author\/pedro-caramurusuno-com-br\/\"}]}<\/script>\n<!-- \/ Yoast SEO plugin. -->","yoast_head_json":{"title":"Ap\u00f3s aumentar funcion\u00e1rios, Ita\u00fa (ITUB4) anuncia programa de demiss\u00e3o","description":"O Ita\u00fa Unibanco (ITUB4) anunciou nesta quinta-feira (17) programa de desligamento volunt\u00e1rio (PDV) para os funcion\u00e1rios. Veja mais detalhes.","robots":{"index":"index","follow":"follow","max-snippet":"max-snippet:-1","max-image-preview":"max-image-preview:large","max-video-preview":"max-video-preview:-1"},"canonical":"https:\/\/www.suno.com.br\/noticias\/itau-unibanco-itub4-programa-desligamento-voluntario-pdv\/","og_locale":"pt_BR","og_type":"article","og_title":"Ap\u00f3s aumentar funcion\u00e1rios, Ita\u00fa (ITUB4) anuncia programa de demiss\u00e3o","og_description":"O Ita\u00fa Unibanco (ITUB4) anunciou nesta quinta-feira (17) programa de desligamento volunt\u00e1rio (PDV) para os funcion\u00e1rios. Veja mais detalhes.","og_url":"https:\/\/www.suno.com.br\/noticias\/itau-unibanco-itub4-programa-desligamento-voluntario-pdv\/","og_site_name":"Suno Not\u00edcias","article_publisher":"https:\/\/facebook.com\/sunoresearch","og_image":[{"width":1200,"height":800,"url":"https:\/\/files.sunoresearch.com.br\/n\/uploads\/2021\/04\/203c1ad8-itau-3.jpg","type":"image\/jpeg"}],"author":"Pedro Caramuru","twitter_card":"summary_large_image","twitter_creator":"@sunoresearch","twitter_site":"@sunoresearch","twitter_misc":{"Escrito por":"Pedro Caramuru","Est. tempo de leitura":"2 minutos"},"schema":{"@context":"https:\/\/schema.org","@graph":[{"@type":"NewsArticle","@id":"https:\/\/www.suno.com.br\/noticias\/itau-unibanco-itub4-programa-desligamento-voluntario-pdv\/#article","isPartOf":{"@id":"https:\/\/www.suno.com.br\/noticias\/itau-unibanco-itub4-programa-desligamento-voluntario-pdv\/"},"author":{"name":"Pedro Caramuru","@id":"https:\/\/www.suno.com.br\/noticias\/#\/schema\/person\/8d020643938f12a823508eb0e5fda407"},"headline":"Ap\u00f3s aumentar n\u00famero de funcion\u00e1rios, Ita\u00fa Unibanco (ITUB4) tem Programa de Desligamento Volunt\u00e1rio (PDV)","datePublished":"2022-02-17T13:33:46+00:00","mainEntityOfPage":{"@id":"https:\/\/www.suno.com.br\/noticias\/itau-unibanco-itub4-programa-desligamento-voluntario-pdv\/"},"wordCount":410,"publisher":{"@id":"https:\/\/www.suno.com.br\/noticias\/#organization"},"image":{"@id":"https:\/\/www.suno.com.br\/noticias\/itau-unibanco-itub4-programa-desligamento-voluntario-pdv\/#primaryimage"},"thumbnailUrl":"https:\/\/files.sunoresearch.com.br\/n\/uploads\/2021\/04\/203c1ad8-itau-3-jpg.webp","keywords":["Ita\u00fa Unibanco (ITUB3\/ITUB4)","Programa de demiss\u00e3o volunt\u00e1ria (PDV)","Resultado das empresas"],"articleSection":["Neg\u00f3cios"],"inLanguage":"pt-BR"},{"@type":"WebPage","@id":"https:\/\/www.suno.com.br\/noticias\/itau-unibanco-itub4-programa-desligamento-voluntario-pdv\/","url":"https:\/\/www.suno.com.br\/noticias\/itau-unibanco-itub4-programa-desligamento-voluntario-pdv\/","name":"Ap\u00f3s aumentar funcion\u00e1rios, Ita\u00fa (ITUB4) anuncia programa de demiss\u00e3o","isPartOf":{"@id":"https:\/\/www.suno.com.br\/noticias\/#website"},"primaryImageOfPage":{"@id":"https:\/\/www.suno.com.br\/noticias\/itau-unibanco-itub4-programa-desligamento-voluntario-pdv\/#primaryimage"},"image":{"@id":"https:\/\/www.suno.com.br\/noticias\/itau-unibanco-itub4-programa-desligamento-voluntario-pdv\/#primaryimage"},"thumbnailUrl":"https:\/\/files.sunoresearch.com.br\/n\/uploads\/2021\/04\/203c1ad8-itau-3-jpg.webp","datePublished":"2022-02-17T13:33:46+00:00","description":"O Ita\u00fa Unibanco (ITUB4) anunciou nesta quinta-feira (17) programa de desligamento volunt\u00e1rio (PDV) para os funcion\u00e1rios. Veja mais detalhes.","breadcrumb":{"@id":"https:\/\/www.suno.com.br\/noticias\/itau-unibanco-itub4-programa-desligamento-voluntario-pdv\/#breadcrumb"},"inLanguage":"pt-BR","potentialAction":[{"@type":"ReadAction","target":["https:\/\/www.suno.com.br\/noticias\/itau-unibanco-itub4-programa-desligamento-voluntario-pdv\/"]}]},{"@type":"ImageObject","inLanguage":"pt-BR","@id":"https:\/\/www.suno.com.br\/noticias\/itau-unibanco-itub4-programa-desligamento-voluntario-pdv\/#primaryimage","url":"https:\/\/files.sunoresearch.com.br\/n\/uploads\/2021\/04\/203c1ad8-itau-3-jpg.webp","contentUrl":"https:\/\/files.sunoresearch.com.br\/n\/uploads\/2021\/04\/203c1ad8-itau-3-jpg.webp","width":1200,"height":800,"caption":"Ita\u00fa (ITUB4) Foto: Reprodu\u00e7\u00e3o Site Ita\u00fa"},{"@type":"BreadcrumbList","@id":"https:\/\/www.suno.com.br\/noticias\/itau-unibanco-itub4-programa-desligamento-voluntario-pdv\/#breadcrumb","itemListElement":[{"@type":"ListItem","position":1,"name":"Not\u00edcias","item":"https:\/\/www.suno.com.br\/noticias\/"},{"@type":"ListItem","position":2,"name":"Neg\u00f3cios","item":"https:\/\/www.suno.com.br\/noticias\/negocios\/"},{"@type":"ListItem","position":3,"name":"Ap\u00f3s aumentar n\u00famero de funcion\u00e1rios, Ita\u00fa Unibanco (ITUB4) tem Programa de Desligamento Volunt\u00e1rio (PDV)"}]},{"@type":"WebSite","@id":"https:\/\/www.suno.com.br\/noticias\/#website","url":"https:\/\/www.suno.com.br\/noticias\/","name":"Suno Not\u00edcias","description":"Seu portal de informa\u00e7\u00e3o sobre o mundo dos investimentos","publisher":{"@id":"https:\/\/www.suno.com.br\/noticias\/#organization"},"potentialAction":[{"@type":"SearchAction","target":{"@type":"EntryPoint","urlTemplate":"https:\/\/www.suno.com.br\/noticias\/?s={search_term_string}"},"query-input":{"@type":"PropertyValueSpecification","valueRequired":true,"valueName":"search_term_string"}}],"inLanguage":"pt-BR"},{"@type":"Organization","@id":"https:\/\/www.suno.com.br\/noticias\/#organization","name":"Suno Not\u00edcias","url":"https:\/\/www.suno.com.br\/noticias\/","logo":{"@type":"ImageObject","inLanguage":"pt-BR","@id":"https:\/\/www.suno.com.br\/noticias\/#\/schema\/logo\/image\/","url":"https:\/\/files.sunoresearch.com.br\/n\/uploads\/2021\/09\/suno-logo.png","contentUrl":"https:\/\/files.sunoresearch.com.br\/n\/uploads\/2021\/09\/suno-logo.png","width":180,"height":180,"caption":"Suno Not\u00edcias"},"image":{"@id":"https:\/\/www.suno.com.br\/noticias\/#\/schema\/logo\/image\/"},"sameAs":["https:\/\/facebook.com\/sunoresearch","https:\/\/x.com\/sunoresearch","https:\/\/www.instagram.com\/suno","https:\/\/www.linkedin.com\/company\/suno-research\/","https:\/\/www.youtube.com\/c\/sunoresearch"]},{"@type":"Person","@id":"https:\/\/www.suno.com.br\/noticias\/#\/schema\/person\/8d020643938f12a823508eb0e5fda407","name":"Pedro Caramuru","image":{"@type":"ImageObject","inLanguage":"pt-BR","@id":"https:\/\/www.suno.com.br\/noticias\/#\/schema\/person\/image\/","url":"https:\/\/secure.gravatar.com\/avatar\/1a3f15d3553507ae7a2debc6ea0ad87b?s=96&r=g","contentUrl":"https:\/\/secure.gravatar.com\/avatar\/1a3f15d3553507ae7a2debc6ea0ad87b?s=96&r=g","caption":"Pedro Caramuru"},"description":"Rep\u00f3rter de economia, mercado e pol\u00edtica brasileira para o Suno Not\u00edcias. Formado em jornalismo. J\u00e1 escreveu sobre pol\u00edtica e mercados internacionais para o Broadcast e Estad\u00e3o.","url":"https:\/\/www.suno.com.br\/noticias\/author\/pedro-caramurusuno-com-br\/"}]}},"default_loop_html":"<div class=\"cardsPage__listCard__boxs\"><div class=\"cardsPage__listCard__boxs__img\"><a href=\"https:\/\/www.suno.com.br\/noticias\/itau-unibanco-itub4-programa-desligamento-voluntario-pdv\/\"><img class=\"mask\" src=\"https:\/\/www.suno.com.br\/noticias\/wp-content\/themes\/suno\/resources\/images\/spotlight\/spotlight1img\/bg-mask.png\" alt=\"Image Mask\"\/><img src=\"https:\/\/files.sunoresearch.com.br\/n\/uploads\/2021\/04\/203c1ad8-itau-3-400x200.webp\" alt=\"Ap\u00f3s aumentar n\u00famero de funcion\u00e1rios, Ita\u00fa Unibanco (ITUB4) tem Programa de Desligamento Volunt\u00e1rio (PDV)\"\/><\/a><span class=\"spotlightCategory\"><a href=\"https:\/\/www.suno.com.br\/noticias\/negocios\/\">Neg\u00f3cios<\/a><\/span><\/div><div class=\"cardsPage__listCard__boxs__content\"><a href=\"https:\/\/www.suno.com.br\/noticias\/itau-unibanco-itub4-programa-desligamento-voluntario-pdv\/\"><h2 class=\"content__title\">Ap\u00f3s aumentar n\u00famero de funcion\u00e1rios, Ita\u00fa Unibanco (ITUB4) tem Programa de Desligamento Volunt\u00e1rio (PDV)<\/h2><\/a><div class=\"newsContent__article__meta\"><div class=\"newsContent__article__meta__authorBox\"><a href=\"https:\/\/www.suno.com.br\/noticias\/author\/pedro-caramurusuno-com-br\/\" class=\"authorBox__avatar noMobi\"><img src=\"https:\/\/secure.gravatar.com\/avatar\/1a3f15d3553507ae7a2debc6ea0ad87b?s=96&#038;r=g\" alt=\"Pedro Caramuru\"><\/a><div class=\"authorBox__name\"><span>por\n\t\t\t<a href=\"https:\/\/www.suno.com.br\/noticias\/author\/pedro-caramurusuno-com-br\/\"><span itemprop=\"author\">Pedro Caramuru<\/span><\/a><\/span><time datetime=\"2022-02-17T10:33:46-03:00\" itemprop=\"datePublished\">17\/02\/2022 10:33<\/time><\/div><\/div><\/div><\/div><\/div>","single_layout":"posts","amp_enabled":true,"_links":{"self":[{"href":"https:\/\/www.suno.com.br\/noticias\/wp-json\/wp\/v2\/posts\/232414"}],"collection":[{"href":"https:\/\/www.suno.com.br\/noticias\/wp-json\/wp\/v2\/posts"}],"about":[{"href":"https:\/\/www.suno.com.br\/noticias\/wp-json\/wp\/v2\/types\/post"}],"author":[{"embeddable":true,"href":"https:\/\/www.suno.com.br\/noticias\/wp-json\/wp\/v2\/users\/145"}],"replies":[{"embeddable":true,"href":"https:\/\/www.suno.com.br\/noticias\/wp-json\/wp\/v2\/comments?post=232414"}],"version-history":[{"count":3,"href":"https:\/\/www.suno.com.br\/noticias\/wp-json\/wp\/v2\/posts\/232414\/revisions"}],"predecessor-version":[{"id":232450,"href":"https:\/\/www.suno.com.br\/noticias\/wp-json\/wp\/v2\/posts\/232414\/revisions\/232450"}],"wp:featuredmedia":[{"embeddable":true,"href":"https:\/\/www.suno.com.br\/noticias\/wp-json\/wp\/v2\/media\/140337"}],"wp:attachment":[{"href":"https:\/\/www.suno.com.br\/noticias\/wp-json\/wp\/v2\/media?parent=232414"}],"wp:term":[{"taxonomy":"category","embeddable":true,"href":"https:\/\/www.suno.com.br\/noticias\/wp-json\/wp\/v2\/categories?post=232414"},{"taxonomy":"post_tag","embeddable":true,"href":"https:\/\/www.suno.com.br\/noticias\/wp-json\/wp\/v2\/tags?post=232414"},{"taxonomy":"suno_strategy","embeddable":true,"href":"https:\/\/www.suno.com.br\/noticias\/wp-json\/wp\/v2\/suno_strategy?post=232414"}],"curies":[{"name":"wp","href":"https:\/\/api.w.org\/{rel}","templated":true}]}}