{"id":232009,"date":"2022-02-16T18:05:11","date_gmt":"2022-02-16T21:05:11","guid":{"rendered":"https:\/\/www.suno.com.br\/noticias\/?p=232009"},"modified":"2022-02-16T22:44:54","modified_gmt":"2022-02-17T01:44:54","slug":"oi-oibr3-geracao-caixa-negativa-dezembro","status":"publish","type":"post","link":"https:\/\/www.suno.com.br\/noticias\/oi-oibr3-geracao-caixa-negativa-dezembro\/","title":{"rendered":"Oi (OIBR3) teve gera\u00e7\u00e3o de caixa operacional negativa de R$ 56 milh\u00f5es em dezembro"},"content":{"rendered":"<p>A <a class=\"suno-keyword\" href=\"https:\/\/www.suno.com.br\/acoes\/OIBR3\/\" target=\"_blank\" rel=\"noopener\" data-force=\"yes\" data-priority=\"2\"><strong>Oi<\/strong> (OIBR3)<\/a> informou ao mercado que a <a class=\"suno-keyword\" href=\"https:\/\/www.suno.com.br\/artigos\/geracao-de-caixa\/\" target=\"_blank\" rel=\"noopener\" data-force=\"no\" data-priority=\"1\">gera\u00e7\u00e3o de caixa<\/a> operacional l\u00edquida das recuperandas foi negativa em R$ 56 milh\u00f5es em dezembro de 2021. No m\u00eas anterior, o resultado havia ficado em R$ 165 milh\u00f5es negativo.<\/p>\t<div class=\"wrapper-featured-image\">\n\t\t<figure class=\"spotlightImg\">\n\n\t\t\t<picture>\n\t\t\t\t<source media=\"(max-width: 768px)\" srcset=\"https:\/\/files.sunoresearch.com.br\/n\/uploads\/2021\/07\/a692467b-lut_6296-scaled-1-400x200.jpg\">\n\t\t\t\t<img loading=\"lazy\" decoding=\"async\" class=\"newsContent__article__imgCapa lazyloadDisabled \" src=\"https:\/\/files.sunoresearch.com.br\/n\/uploads\/2021\/07\/a692467b-lut_6296-scaled-1-800x450.jpg\" width=\"800\" height=\"450\" alt=\"Oi (OIBR3) teve gera\u00e7\u00e3o de caixa operacional negativa de R$ 56 milh\u00f5es em dezembro\" fetchpriority=high \/>\n\t\t\t<\/picture>\n\n\t\t\t<figcaption class=\"wp-caption-text wp-caption-text--show\">Oi. Foto: Divulga\u00e7\u00e3o<\/figcaption>\n\t\t<\/figure>\n\t<\/div>\n\n\n\t<p>\n\t\t<a href=\"https:\/\/lp.suno.com.br\/planilha-controle-gastos\/\" target=\"_blank\" data-element=\"shortcode-suno-banner\" title=\"Banner SUNO, clique e saiba mais\">\n\t\t\t<picture>\n\t\t\t\t<source media=\"(max-width: 500px)\" srcset=\"https:\/\/files.sunoresearch.com.br\/n\/uploads\/2023\/03\/400x300-Planilha-controle-de-gastos.png\">\n\t\t\t\t<img class=\"newsContent__article__imgCapa newsContent__article__imgCapa--banner\"\n\t\t\t\t\tsrc=\"https:\/\/files.sunoresearch.com.br\/n\/uploads\/2023\/03\/1420x240-Planilha-controle-de-gastos.png\"\n\t\t\t\t\tdata-promo-id=\"101751\"\t\t\t\t\t\t\t\t\t\twidth='1420' height='240'\t\t\t\t\talt=\"https:\/\/files.sunoresearch.com.br\/n\/uploads\/2023\/03\/1420x240-Planilha-controle-de-gastos.png\"\n\t\t\t\t>\n\t\t\t<\/picture>\n\t\t<\/a>\n\t<\/p>\n\n\n<p>Segundo a Oi, na compara\u00e7\u00e3o com o m\u00eas de novembro do ano passado, os <strong>recebimentos<\/strong> registraram aumento de R$ 48 milh\u00f5es, atingindo o patamar de R$ 2,33 bilh\u00f5es, enquanto as<strong> sa\u00eddas de caixa<\/strong> com pagamentos e investimentos diminu\u00edram R$ 59 milh\u00f5es, totalizando R$ 2,38 bilh\u00f5es conjuntamente.<\/p>\n<p>As demais movimenta\u00e7\u00f5es das recuperandas, que incluem as opera\u00e7\u00f5es financeiras, representaram entrada de caixa de R$ 127 milh\u00f5es em dezembro de 2021.<\/p>\n<p><img loading=\"lazy\" decoding=\"async\" class=\"aligncenter size-full wp-image-232015\" src=\"https:\/\/files.sunoresearch.com.br\/n\/uploads\/2022\/02\/recuperandas-oii.png\" alt=\"\" width=\"714\" height=\"467\" srcset=\"https:\/\/files.sunoresearch.com.br\/n\/uploads\/2022\/02\/recuperandas-oii.png 714w, https:\/\/files.sunoresearch.com.br\/n\/uploads\/2022\/02\/recuperandas-oii-300x196.png 300w, https:\/\/files.sunoresearch.com.br\/n\/uploads\/2022\/02\/recuperandas-oii-150x98.png 150w\" sizes=\"(max-width: 714px) 100vw, 714px\" \/><\/p>\n<p>Dessa forma, a varia\u00e7\u00e3o do saldo final do caixa financeiro das <strong>recuperandas da Oi<\/strong> foi positiva em R$ 70 milh\u00f5es, resultando em montante de R$ 2,6 bilh\u00f5es, correspondente a uma alta de 3% em rela\u00e7\u00e3o ao m\u00eas anterior.<\/p>\n<p><img loading=\"lazy\" decoding=\"async\" class=\"aligncenter size-full wp-image-232017\" src=\"https:\/\/files.sunoresearch.com.br\/n\/uploads\/2022\/02\/investimentos-oi.png\" alt=\"\" width=\"392\" height=\"310\" srcset=\"https:\/\/files.sunoresearch.com.br\/n\/uploads\/2022\/02\/investimentos-oi.png 392w, https:\/\/files.sunoresearch.com.br\/n\/uploads\/2022\/02\/investimentos-oi-300x237.png 300w, https:\/\/files.sunoresearch.com.br\/n\/uploads\/2022\/02\/investimentos-oi-150x119.png 150w\" sizes=\"(max-width: 392px) 100vw, 392px\" \/><\/p>\n<p><strong><em>Veja Tamb\u00e9m:<\/em><\/strong><\/p>\n<h2>O que muda com a venda da Oi M\u00f3vel?<\/h2>\n<p>O presidente da <strong>Oi<\/strong>, <a class=\"suno-keyword\" href=\"https:\/\/www.suno.com.br\/tudo-sobre\/rodrigo-abreu\/\" target=\"_blank\" rel=\"noopener\" data-force=\"no\" data-priority=\"2\">Rodrigo Abreu<\/a>, disse que a venda dos ativos m\u00f3veis para a <a class=\"suno-keyword\" href=\"https:\/\/www.suno.com.br\/acoes\/TIMS3\/\" target=\"_blank\" rel=\"noopener\" data-force=\"yes\" data-priority=\"2\"><strong>TIM<\/strong> (TIMS3)<\/a>, <a class=\"suno-keyword\" href=\"https:\/\/www.suno.com.br\/acoes\/VIVT3\/\" target=\"_blank\" rel=\"noopener\" data-force=\"yes\" data-priority=\"2\"><strong>Vivo<\/strong> (VIVT3)<\/a> e Claro n\u00e3o vai mudar em nada para os clientes. Segundo Abreu, as operadoras se tornar\u00e3o respons\u00e1veis pelos clientes que, por sua vez, v\u00e3o permanecer com seus chips e planos.<\/p>\n<p>Os <strong>clientes da Oi<\/strong> devem continuar a serem atendidos pelos mesmos canais, com os planos, servi\u00e7o e pre\u00e7os e, permanecem recebendo a mesma conta ainda em nome da empresa. Rodrigo Abreu ainda informa que antes que a transa\u00e7\u00e3o seja conclu\u00edda ser\u00e1 feita uma segunda rodada de comunica\u00e7\u00e3o para explicar as transfer\u00eancias e assun\u00e7\u00e3o da responsabilidade a partir da data de fechamento pelas operadoras.<\/p>\n\t<div data-element=\"shortcode-read-more\" class=\"knowMore\">\n\t\t\t\t<span class=\"knowMore__title\">Saiba Mais<\/span>\n\t\t\t\t<a class=\"knowMore__link\" href=\"https:\/\/www.suno.com.br\/noticias\/venda-oi-movel-oibr3-clientes-rodrigo-abreu\/\">\n\t\t\tOi (OIBR3): O que muda com a venda da Oi M\u00f3vel? Veja resposta do CEO\t\t<\/a>\n\t<\/div>\n\n\n<p>N\u00e3o existe mudan\u00e7a ou impacto para o cliente na data de fechamento. Uma vez fechada a transa\u00e7\u00e3o, a Oi vai continuar fazendo a opera\u00e7\u00e3o m\u00f3vel por um per\u00edodo para evitar qualquer ruptura aos clientes. Existe uma expectativa de concluir essa transi\u00e7\u00e3o em doze meses&#8221;, disse o presidente ao jornal <em>O Globo<\/em>.<\/p>\n<p>Desse modo, n\u00e3o ser\u00e1 necess\u00e1rio que o cliente da <strong>Oi<\/strong> troque de chip ou plano pois a transi\u00e7\u00e3o de rede ser\u00e1 incorporada \u00e0s redes das compradoras gradualmente. &#8220;Os combos consistem de v\u00e1rios servi\u00e7os agregados. Temos planejamento de segrega\u00e7\u00e3o mantendo todos os servi\u00e7os de maneira a n\u00e3o causar preju\u00edzo ao cliente.&#8221;<\/p>\n\t<p>\n\t\t<a href=\"https:\/\/lp.suno.com.br\/planilha-de-controle-de-investimentos\/\" target=\"_blank\" data-element=\"shortcode-suno-banner\" title=\"Banner SUNO, clique e saiba mais\">\n\t\t\t<picture>\n\t\t\t\t<source media=\"(max-width: 500px)\" srcset=\"https:\/\/files.sunoresearch.com.br\/n\/uploads\/2023\/03\/400x300-Controle-de-Investimentos.png\">\n\t\t\t\t<img class=\"newsContent__article__imgCapa newsContent__article__imgCapa--banner\"\n\t\t\t\t\tsrc=\"https:\/\/files.sunoresearch.com.br\/n\/uploads\/2023\/03\/1420x240-Controle-de-Investimentos.png\"\n\t\t\t\t\tdata-promo-id=\"75934\"\t\t\t\t\t\t\t\t\t\twidth='1420' height='240'\t\t\t\t\talt=\"https:\/\/files.sunoresearch.com.br\/n\/uploads\/2023\/03\/1420x240-Controle-de-Investimentos.png\"\n\t\t\t\t>\n\t\t\t<\/picture>\n\t\t<\/a>\n\t<\/p>\n\n\n","protected":false},"excerpt":{"rendered":"<p>A Oi (OIBR3) informou ao mercado que a gera\u00e7\u00e3o de caixa operacional l\u00edquida das recuperandas foi negativa em R$ 56 milh\u00f5es em dezembro de 2021. No m\u00eas anterior, o resultado havia ficado em R$ 165 milh\u00f5es negativo. Oi. Foto: Divulga\u00e7\u00e3o Segundo a Oi, na compara\u00e7\u00e3o com o m\u00eas de novembro do ano passado, os recebimentos [&hellip;]<\/p>\n","protected":false},"author":15,"featured_media":164582,"comment_status":"closed","ping_status":"closed","sticky":false,"template":"","format":"standard","meta":[],"categories":[64],"tags":[584,3544],"suno_strategy":[],"class_list":["post-232009","post","type-post","status-publish","format-standard","has-post-thumbnail","hentry","category-negocios","tag-oi-oibr3-oibr4","tag-oi-movel"],"yoast_head":"<!-- This site is optimized with the Yoast SEO plugin v24.4 - https:\/\/yoast.com\/wordpress\/plugins\/seo\/ -->\n<title>Oi (OIBR3) teve gera\u00e7\u00e3o de caixa operacional negativa em dezembro<\/title>\n<meta name=\"description\" content=\"No m\u00eas anterior, em novembro de 2021, o resultado das recuperandas da Oi (OIBR3) havia ficado em R$ 165 milh\u00f5es negativo.\u00a0Clique aqui e veja\" \/>\n<meta name=\"robots\" content=\"index, follow, max-snippet:-1, max-image-preview:large, max-video-preview:-1\" \/>\n<link rel=\"canonical\" href=\"https:\/\/www.suno.com.br\/noticias\/oi-oibr3-geracao-caixa-negativa-dezembro\/\" \/>\n<meta property=\"og:locale\" content=\"pt_BR\" \/>\n<meta property=\"og:type\" content=\"article\" \/>\n<meta property=\"og:title\" content=\"Oi (OIBR3) teve gera\u00e7\u00e3o de caixa operacional negativa em dezembro\" \/>\n<meta property=\"og:description\" content=\"No m\u00eas anterior, em novembro de 2021, o resultado das recuperandas da Oi (OIBR3) havia ficado em R$ 165 milh\u00f5es negativo.\u00a0Clique aqui e veja\" \/>\n<meta property=\"og:url\" content=\"https:\/\/www.suno.com.br\/noticias\/oi-oibr3-geracao-caixa-negativa-dezembro\/\" \/>\n<meta property=\"og:site_name\" content=\"Suno Not\u00edcias\" \/>\n<meta property=\"article:publisher\" content=\"https:\/\/facebook.com\/sunoresearch\" \/>\n<meta property=\"og:image\" content=\"https:\/\/files.sunoresearch.com.br\/n\/uploads\/2021\/07\/a692467b-lut_6296-scaled-1.jpg\" \/>\n\t<meta property=\"og:image:width\" content=\"2560\" \/>\n\t<meta property=\"og:image:height\" content=\"1709\" \/>\n\t<meta property=\"og:image:type\" content=\"image\/jpeg\" \/>\n<meta name=\"author\" content=\"Poliana Santos\" \/>\n<meta name=\"twitter:card\" content=\"summary_large_image\" \/>\n<meta name=\"twitter:creator\" content=\"@sunoresearch\" \/>\n<meta name=\"twitter:site\" content=\"@sunoresearch\" \/>\n<meta name=\"twitter:label1\" content=\"Escrito por\" \/>\n\t<meta name=\"twitter:data1\" content=\"Poliana Santos\" \/>\n\t<meta name=\"twitter:label2\" content=\"Est. tempo de leitura\" \/>\n\t<meta name=\"twitter:data2\" content=\"3 minutos\" \/>\n<script type=\"application\/ld+json\" class=\"yoast-schema-graph\">{\"@context\":\"https:\/\/schema.org\",\"@graph\":[{\"@type\":\"NewsArticle\",\"@id\":\"https:\/\/www.suno.com.br\/noticias\/oi-oibr3-geracao-caixa-negativa-dezembro\/#article\",\"isPartOf\":{\"@id\":\"https:\/\/www.suno.com.br\/noticias\/oi-oibr3-geracao-caixa-negativa-dezembro\/\"},\"author\":{\"name\":\"Poliana Santos\",\"@id\":\"https:\/\/www.suno.com.br\/noticias\/#\/schema\/person\/02ec1f752758247878a2bf4abee1aeda\"},\"headline\":\"Oi (OIBR3) teve gera\u00e7\u00e3o de caixa operacional negativa de R$ 56 milh\u00f5es em dezembro\",\"datePublished\":\"2022-02-16T21:05:11+00:00\",\"dateModified\":\"2022-02-17T01:44:54+00:00\",\"mainEntityOfPage\":{\"@id\":\"https:\/\/www.suno.com.br\/noticias\/oi-oibr3-geracao-caixa-negativa-dezembro\/\"},\"wordCount\":434,\"publisher\":{\"@id\":\"https:\/\/www.suno.com.br\/noticias\/#organization\"},\"image\":{\"@id\":\"https:\/\/www.suno.com.br\/noticias\/oi-oibr3-geracao-caixa-negativa-dezembro\/#primaryimage\"},\"thumbnailUrl\":\"https:\/\/files.sunoresearch.com.br\/n\/uploads\/2021\/07\/a692467b-lut_6296-scaled-1.jpg\",\"keywords\":[\"Oi (OIBR3\/OIBR4)\",\"Oi M\u00f3vel\"],\"articleSection\":[\"Neg\u00f3cios\"],\"inLanguage\":\"pt-BR\"},{\"@type\":\"WebPage\",\"@id\":\"https:\/\/www.suno.com.br\/noticias\/oi-oibr3-geracao-caixa-negativa-dezembro\/\",\"url\":\"https:\/\/www.suno.com.br\/noticias\/oi-oibr3-geracao-caixa-negativa-dezembro\/\",\"name\":\"Oi (OIBR3) teve gera\u00e7\u00e3o de caixa operacional negativa em dezembro\",\"isPartOf\":{\"@id\":\"https:\/\/www.suno.com.br\/noticias\/#website\"},\"primaryImageOfPage\":{\"@id\":\"https:\/\/www.suno.com.br\/noticias\/oi-oibr3-geracao-caixa-negativa-dezembro\/#primaryimage\"},\"image\":{\"@id\":\"https:\/\/www.suno.com.br\/noticias\/oi-oibr3-geracao-caixa-negativa-dezembro\/#primaryimage\"},\"thumbnailUrl\":\"https:\/\/files.sunoresearch.com.br\/n\/uploads\/2021\/07\/a692467b-lut_6296-scaled-1.jpg\",\"datePublished\":\"2022-02-16T21:05:11+00:00\",\"dateModified\":\"2022-02-17T01:44:54+00:00\",\"description\":\"No m\u00eas anterior, em novembro de 2021, o resultado das recuperandas da Oi (OIBR3) havia ficado em R$ 165 milh\u00f5es negativo.\u00a0Clique aqui e veja\",\"breadcrumb\":{\"@id\":\"https:\/\/www.suno.com.br\/noticias\/oi-oibr3-geracao-caixa-negativa-dezembro\/#breadcrumb\"},\"inLanguage\":\"pt-BR\",\"potentialAction\":[{\"@type\":\"ReadAction\",\"target\":[\"https:\/\/www.suno.com.br\/noticias\/oi-oibr3-geracao-caixa-negativa-dezembro\/\"]}]},{\"@type\":\"ImageObject\",\"inLanguage\":\"pt-BR\",\"@id\":\"https:\/\/www.suno.com.br\/noticias\/oi-oibr3-geracao-caixa-negativa-dezembro\/#primaryimage\",\"url\":\"https:\/\/files.sunoresearch.com.br\/n\/uploads\/2021\/07\/a692467b-lut_6296-scaled-1.jpg\",\"contentUrl\":\"https:\/\/files.sunoresearch.com.br\/n\/uploads\/2021\/07\/a692467b-lut_6296-scaled-1.jpg\",\"width\":2560,\"height\":1709,\"caption\":\"Oi. Foto: Divulga\u00e7\u00e3o\"},{\"@type\":\"BreadcrumbList\",\"@id\":\"https:\/\/www.suno.com.br\/noticias\/oi-oibr3-geracao-caixa-negativa-dezembro\/#breadcrumb\",\"itemListElement\":[{\"@type\":\"ListItem\",\"position\":1,\"name\":\"Not\u00edcias\",\"item\":\"https:\/\/www.suno.com.br\/noticias\/\"},{\"@type\":\"ListItem\",\"position\":2,\"name\":\"Neg\u00f3cios\",\"item\":\"https:\/\/www.suno.com.br\/noticias\/negocios\/\"},{\"@type\":\"ListItem\",\"position\":3,\"name\":\"Oi (OIBR3) teve gera\u00e7\u00e3o de caixa operacional negativa de R$ 56 milh\u00f5es em dezembro\"}]},{\"@type\":\"WebSite\",\"@id\":\"https:\/\/www.suno.com.br\/noticias\/#website\",\"url\":\"https:\/\/www.suno.com.br\/noticias\/\",\"name\":\"Suno Not\u00edcias\",\"description\":\"Seu portal de informa\u00e7\u00e3o sobre o mundo dos investimentos\",\"publisher\":{\"@id\":\"https:\/\/www.suno.com.br\/noticias\/#organization\"},\"potentialAction\":[{\"@type\":\"SearchAction\",\"target\":{\"@type\":\"EntryPoint\",\"urlTemplate\":\"https:\/\/www.suno.com.br\/noticias\/?s={search_term_string}\"},\"query-input\":{\"@type\":\"PropertyValueSpecification\",\"valueRequired\":true,\"valueName\":\"search_term_string\"}}],\"inLanguage\":\"pt-BR\"},{\"@type\":\"Organization\",\"@id\":\"https:\/\/www.suno.com.br\/noticias\/#organization\",\"name\":\"Suno Not\u00edcias\",\"url\":\"https:\/\/www.suno.com.br\/noticias\/\",\"logo\":{\"@type\":\"ImageObject\",\"inLanguage\":\"pt-BR\",\"@id\":\"https:\/\/www.suno.com.br\/noticias\/#\/schema\/logo\/image\/\",\"url\":\"https:\/\/files.sunoresearch.com.br\/n\/uploads\/2021\/09\/suno-logo.png\",\"contentUrl\":\"https:\/\/files.sunoresearch.com.br\/n\/uploads\/2021\/09\/suno-logo.png\",\"width\":180,\"height\":180,\"caption\":\"Suno Not\u00edcias\"},\"image\":{\"@id\":\"https:\/\/www.suno.com.br\/noticias\/#\/schema\/logo\/image\/\"},\"sameAs\":[\"https:\/\/facebook.com\/sunoresearch\",\"https:\/\/x.com\/sunoresearch\",\"https:\/\/www.instagram.com\/suno\",\"https:\/\/www.linkedin.com\/company\/suno-research\/\",\"https:\/\/www.youtube.com\/c\/sunoresearch\"]},{\"@type\":\"Person\",\"@id\":\"https:\/\/www.suno.com.br\/noticias\/#\/schema\/person\/02ec1f752758247878a2bf4abee1aeda\",\"name\":\"Poliana Santos\",\"image\":{\"@type\":\"ImageObject\",\"inLanguage\":\"pt-BR\",\"@id\":\"https:\/\/www.suno.com.br\/noticias\/#\/schema\/person\/image\/\",\"url\":\"https:\/\/secure.gravatar.com\/avatar\/0645bd32f23d87b2130f2b2dff1d3f8d?s=96&r=g\",\"contentUrl\":\"https:\/\/secure.gravatar.com\/avatar\/0645bd32f23d87b2130f2b2dff1d3f8d?s=96&r=g\",\"caption\":\"Poliana Santos\"},\"description\":\"Rep\u00f3rter no Suno Not\u00edcias, com cobertura em mercado financeiro, economia, finan\u00e7as pessoais, renda fixa e varejo. Jornalista formada pela Faculdade C\u00e1sper L\u00edbero e possui passagem na R\u00e1dio Gazeta AM com a produ\u00e7\u00e3o de conte\u00fado sobre economia, pol\u00edtica, sa\u00fade, moda e m\u00fasica. Possui certificado de conclus\u00e3o do curso de An\u00e1lise de Balan\u00e7os pela Funda\u00e7\u00e3o Bradesco, Agenda Brasil pela FAAP, Educa\u00e7\u00e3o Pol\u00edtica por Alexandre Garcia e do Tesouro Direto e Mercado de A\u00e7\u00f5es pela B3.\",\"url\":\"https:\/\/www.suno.com.br\/noticias\/author\/poliana-santos\/\"}]}<\/script>\n<!-- \/ Yoast SEO plugin. -->","yoast_head_json":{"title":"Oi (OIBR3) teve gera\u00e7\u00e3o de caixa operacional negativa em dezembro","description":"No m\u00eas anterior, em novembro de 2021, o resultado das recuperandas da Oi (OIBR3) havia ficado em R$ 165 milh\u00f5es negativo.\u00a0Clique aqui e veja","robots":{"index":"index","follow":"follow","max-snippet":"max-snippet:-1","max-image-preview":"max-image-preview:large","max-video-preview":"max-video-preview:-1"},"canonical":"https:\/\/www.suno.com.br\/noticias\/oi-oibr3-geracao-caixa-negativa-dezembro\/","og_locale":"pt_BR","og_type":"article","og_title":"Oi (OIBR3) teve gera\u00e7\u00e3o de caixa operacional negativa em dezembro","og_description":"No m\u00eas anterior, em novembro de 2021, o resultado das recuperandas da Oi (OIBR3) havia ficado em R$ 165 milh\u00f5es negativo.\u00a0Clique aqui e veja","og_url":"https:\/\/www.suno.com.br\/noticias\/oi-oibr3-geracao-caixa-negativa-dezembro\/","og_site_name":"Suno Not\u00edcias","article_publisher":"https:\/\/facebook.com\/sunoresearch","og_image":[{"width":2560,"height":1709,"url":"https:\/\/files.sunoresearch.com.br\/n\/uploads\/2021\/07\/a692467b-lut_6296-scaled-1.jpg","type":"image\/jpeg"}],"author":"Poliana Santos","twitter_card":"summary_large_image","twitter_creator":"@sunoresearch","twitter_site":"@sunoresearch","twitter_misc":{"Escrito por":"Poliana Santos","Est. tempo de leitura":"3 minutos"},"schema":{"@context":"https:\/\/schema.org","@graph":[{"@type":"NewsArticle","@id":"https:\/\/www.suno.com.br\/noticias\/oi-oibr3-geracao-caixa-negativa-dezembro\/#article","isPartOf":{"@id":"https:\/\/www.suno.com.br\/noticias\/oi-oibr3-geracao-caixa-negativa-dezembro\/"},"author":{"name":"Poliana Santos","@id":"https:\/\/www.suno.com.br\/noticias\/#\/schema\/person\/02ec1f752758247878a2bf4abee1aeda"},"headline":"Oi (OIBR3) teve gera\u00e7\u00e3o de caixa operacional negativa de R$ 56 milh\u00f5es em dezembro","datePublished":"2022-02-16T21:05:11+00:00","dateModified":"2022-02-17T01:44:54+00:00","mainEntityOfPage":{"@id":"https:\/\/www.suno.com.br\/noticias\/oi-oibr3-geracao-caixa-negativa-dezembro\/"},"wordCount":434,"publisher":{"@id":"https:\/\/www.suno.com.br\/noticias\/#organization"},"image":{"@id":"https:\/\/www.suno.com.br\/noticias\/oi-oibr3-geracao-caixa-negativa-dezembro\/#primaryimage"},"thumbnailUrl":"https:\/\/files.sunoresearch.com.br\/n\/uploads\/2021\/07\/a692467b-lut_6296-scaled-1.jpg","keywords":["Oi (OIBR3\/OIBR4)","Oi M\u00f3vel"],"articleSection":["Neg\u00f3cios"],"inLanguage":"pt-BR"},{"@type":"WebPage","@id":"https:\/\/www.suno.com.br\/noticias\/oi-oibr3-geracao-caixa-negativa-dezembro\/","url":"https:\/\/www.suno.com.br\/noticias\/oi-oibr3-geracao-caixa-negativa-dezembro\/","name":"Oi (OIBR3) teve gera\u00e7\u00e3o de caixa operacional negativa em dezembro","isPartOf":{"@id":"https:\/\/www.suno.com.br\/noticias\/#website"},"primaryImageOfPage":{"@id":"https:\/\/www.suno.com.br\/noticias\/oi-oibr3-geracao-caixa-negativa-dezembro\/#primaryimage"},"image":{"@id":"https:\/\/www.suno.com.br\/noticias\/oi-oibr3-geracao-caixa-negativa-dezembro\/#primaryimage"},"thumbnailUrl":"https:\/\/files.sunoresearch.com.br\/n\/uploads\/2021\/07\/a692467b-lut_6296-scaled-1.jpg","datePublished":"2022-02-16T21:05:11+00:00","dateModified":"2022-02-17T01:44:54+00:00","description":"No m\u00eas anterior, em novembro de 2021, o resultado das recuperandas da Oi (OIBR3) havia ficado em R$ 165 milh\u00f5es negativo.\u00a0Clique aqui e veja","breadcrumb":{"@id":"https:\/\/www.suno.com.br\/noticias\/oi-oibr3-geracao-caixa-negativa-dezembro\/#breadcrumb"},"inLanguage":"pt-BR","potentialAction":[{"@type":"ReadAction","target":["https:\/\/www.suno.com.br\/noticias\/oi-oibr3-geracao-caixa-negativa-dezembro\/"]}]},{"@type":"ImageObject","inLanguage":"pt-BR","@id":"https:\/\/www.suno.com.br\/noticias\/oi-oibr3-geracao-caixa-negativa-dezembro\/#primaryimage","url":"https:\/\/files.sunoresearch.com.br\/n\/uploads\/2021\/07\/a692467b-lut_6296-scaled-1.jpg","contentUrl":"https:\/\/files.sunoresearch.com.br\/n\/uploads\/2021\/07\/a692467b-lut_6296-scaled-1.jpg","width":2560,"height":1709,"caption":"Oi. Foto: Divulga\u00e7\u00e3o"},{"@type":"BreadcrumbList","@id":"https:\/\/www.suno.com.br\/noticias\/oi-oibr3-geracao-caixa-negativa-dezembro\/#breadcrumb","itemListElement":[{"@type":"ListItem","position":1,"name":"Not\u00edcias","item":"https:\/\/www.suno.com.br\/noticias\/"},{"@type":"ListItem","position":2,"name":"Neg\u00f3cios","item":"https:\/\/www.suno.com.br\/noticias\/negocios\/"},{"@type":"ListItem","position":3,"name":"Oi (OIBR3) teve gera\u00e7\u00e3o de caixa operacional negativa de R$ 56 milh\u00f5es em dezembro"}]},{"@type":"WebSite","@id":"https:\/\/www.suno.com.br\/noticias\/#website","url":"https:\/\/www.suno.com.br\/noticias\/","name":"Suno Not\u00edcias","description":"Seu portal de informa\u00e7\u00e3o sobre o mundo dos investimentos","publisher":{"@id":"https:\/\/www.suno.com.br\/noticias\/#organization"},"potentialAction":[{"@type":"SearchAction","target":{"@type":"EntryPoint","urlTemplate":"https:\/\/www.suno.com.br\/noticias\/?s={search_term_string}"},"query-input":{"@type":"PropertyValueSpecification","valueRequired":true,"valueName":"search_term_string"}}],"inLanguage":"pt-BR"},{"@type":"Organization","@id":"https:\/\/www.suno.com.br\/noticias\/#organization","name":"Suno Not\u00edcias","url":"https:\/\/www.suno.com.br\/noticias\/","logo":{"@type":"ImageObject","inLanguage":"pt-BR","@id":"https:\/\/www.suno.com.br\/noticias\/#\/schema\/logo\/image\/","url":"https:\/\/files.sunoresearch.com.br\/n\/uploads\/2021\/09\/suno-logo.png","contentUrl":"https:\/\/files.sunoresearch.com.br\/n\/uploads\/2021\/09\/suno-logo.png","width":180,"height":180,"caption":"Suno Not\u00edcias"},"image":{"@id":"https:\/\/www.suno.com.br\/noticias\/#\/schema\/logo\/image\/"},"sameAs":["https:\/\/facebook.com\/sunoresearch","https:\/\/x.com\/sunoresearch","https:\/\/www.instagram.com\/suno","https:\/\/www.linkedin.com\/company\/suno-research\/","https:\/\/www.youtube.com\/c\/sunoresearch"]},{"@type":"Person","@id":"https:\/\/www.suno.com.br\/noticias\/#\/schema\/person\/02ec1f752758247878a2bf4abee1aeda","name":"Poliana Santos","image":{"@type":"ImageObject","inLanguage":"pt-BR","@id":"https:\/\/www.suno.com.br\/noticias\/#\/schema\/person\/image\/","url":"https:\/\/secure.gravatar.com\/avatar\/0645bd32f23d87b2130f2b2dff1d3f8d?s=96&r=g","contentUrl":"https:\/\/secure.gravatar.com\/avatar\/0645bd32f23d87b2130f2b2dff1d3f8d?s=96&r=g","caption":"Poliana Santos"},"description":"Rep\u00f3rter no Suno Not\u00edcias, com cobertura em mercado financeiro, economia, finan\u00e7as pessoais, renda fixa e varejo. Jornalista formada pela Faculdade C\u00e1sper L\u00edbero e possui passagem na R\u00e1dio Gazeta AM com a produ\u00e7\u00e3o de conte\u00fado sobre economia, pol\u00edtica, sa\u00fade, moda e m\u00fasica. Possui certificado de conclus\u00e3o do curso de An\u00e1lise de Balan\u00e7os pela Funda\u00e7\u00e3o Bradesco, Agenda Brasil pela FAAP, Educa\u00e7\u00e3o Pol\u00edtica por Alexandre Garcia e do Tesouro Direto e Mercado de A\u00e7\u00f5es pela B3.","url":"https:\/\/www.suno.com.br\/noticias\/author\/poliana-santos\/"}]}},"default_loop_html":"<div class=\"cardsPage__listCard__boxs\"><div class=\"cardsPage__listCard__boxs__img\"><a href=\"https:\/\/www.suno.com.br\/noticias\/oi-oibr3-geracao-caixa-negativa-dezembro\/\"><img class=\"mask\" src=\"https:\/\/www.suno.com.br\/noticias\/wp-content\/themes\/suno\/resources\/images\/spotlight\/spotlight1img\/bg-mask.png\" alt=\"Image Mask\"\/><img src=\"https:\/\/files.sunoresearch.com.br\/n\/uploads\/2021\/07\/a692467b-lut_6296-scaled-1-400x200.jpg\" alt=\"Oi (OIBR3) teve gera\u00e7\u00e3o de caixa operacional negativa de R$ 56 milh\u00f5es em dezembro\"\/><\/a><span class=\"spotlightCategory\"><a href=\"https:\/\/www.suno.com.br\/noticias\/negocios\/\">Neg\u00f3cios<\/a><\/span><\/div><div class=\"cardsPage__listCard__boxs__content\"><a href=\"https:\/\/www.suno.com.br\/noticias\/oi-oibr3-geracao-caixa-negativa-dezembro\/\"><h2 class=\"content__title\">Oi (OIBR3) teve gera\u00e7\u00e3o de caixa operacional negativa de R$ 56 milh\u00f5es em dezembro<\/h2><\/a><div class=\"newsContent__article__meta\"><div class=\"newsContent__article__meta__authorBox\"><a href=\"https:\/\/www.suno.com.br\/noticias\/author\/poliana-santos\/\" class=\"authorBox__avatar noMobi\"><img src=\"https:\/\/files.sunoresearch.com.br\/n\/uploads\/2020\/08\/7ef34026-whatsapp-image-2020-08-03-at-12.37.57-150x150.webp\" alt=\"Poliana Santos\"><\/a><div class=\"authorBox__name\"><span>por\n\t\t\t<a href=\"https:\/\/www.suno.com.br\/noticias\/author\/poliana-santos\/\"><span itemprop=\"author\">Poliana Santos<\/span><\/a><\/span><time datetime=\"2022-02-16T18:05:11-03:00\" itemprop=\"datePublished\">16\/02\/2022 18:05<\/time><\/div><\/div><\/div><\/div><\/div>","single_layout":"posts","amp_enabled":true,"_links":{"self":[{"href":"https:\/\/www.suno.com.br\/noticias\/wp-json\/wp\/v2\/posts\/232009"}],"collection":[{"href":"https:\/\/www.suno.com.br\/noticias\/wp-json\/wp\/v2\/posts"}],"about":[{"href":"https:\/\/www.suno.com.br\/noticias\/wp-json\/wp\/v2\/types\/post"}],"author":[{"embeddable":true,"href":"https:\/\/www.suno.com.br\/noticias\/wp-json\/wp\/v2\/users\/15"}],"replies":[{"embeddable":true,"href":"https:\/\/www.suno.com.br\/noticias\/wp-json\/wp\/v2\/comments?post=232009"}],"version-history":[{"count":3,"href":"https:\/\/www.suno.com.br\/noticias\/wp-json\/wp\/v2\/posts\/232009\/revisions"}],"predecessor-version":[{"id":232362,"href":"https:\/\/www.suno.com.br\/noticias\/wp-json\/wp\/v2\/posts\/232009\/revisions\/232362"}],"wp:featuredmedia":[{"embeddable":true,"href":"https:\/\/www.suno.com.br\/noticias\/wp-json\/wp\/v2\/media\/164582"}],"wp:attachment":[{"href":"https:\/\/www.suno.com.br\/noticias\/wp-json\/wp\/v2\/media?parent=232009"}],"wp:term":[{"taxonomy":"category","embeddable":true,"href":"https:\/\/www.suno.com.br\/noticias\/wp-json\/wp\/v2\/categories?post=232009"},{"taxonomy":"post_tag","embeddable":true,"href":"https:\/\/www.suno.com.br\/noticias\/wp-json\/wp\/v2\/tags?post=232009"},{"taxonomy":"suno_strategy","embeddable":true,"href":"https:\/\/www.suno.com.br\/noticias\/wp-json\/wp\/v2\/suno_strategy?post=232009"}],"curies":[{"name":"wp","href":"https:\/\/api.w.org\/{rel}","templated":true}]}}