{"id":23137,"date":"2019-05-03T10:38:47","date_gmt":"2019-05-03T13:38:47","guid":{"rendered":"https:\/\/www.suno.com.br\/noticias\/?p=23137"},"modified":"2021-06-01T22:06:46","modified_gmt":"2021-06-02T01:06:46","slug":"estados-unidos-desemprego-menor-50-anos","status":"publish","type":"post","link":"https:\/\/www.suno.com.br\/noticias\/estados-unidos-desemprego-menor-50-anos\/","title":{"rendered":"Estados Unidos t\u00eam menor n\u00edvel de desemprego em 50 anos; taxa cai para 3,6%"},"content":{"rendered":"<p>O <strong>desemprego<\/strong> nos Estados Unidos caiu para 3,6% em abril, a menor taxa em 50 anos. O \u00edndice, divulgado nesta sexta-feira (3), s\u00f3 foi mais baixo no pa\u00eds em 1969. Em mar\u00e7o, o Departamento de Trabalho divulgou que a taxa de <strong>desemprego<\/strong>\u00a0norte-americana foi de 3,8%.<\/p>\t<div class=\"wrapper-featured-image\">\n\t\t<figure class=\"spotlightImg\">\n\n\t\t\t<picture>\n\t\t\t\t<source media=\"(max-width: 768px)\" srcset=\"https:\/\/files.sunoresearch.com.br\/n\/uploads\/2019\/05\/d52ac13b-estado-unidos-400x200.webp\">\n\t\t\t\t<img loading=\"lazy\" decoding=\"async\" class=\"newsContent__article__imgCapa lazyloadDisabled newsContent__article__imgCapa--noCaption\" src=\"https:\/\/files.sunoresearch.com.br\/n\/uploads\/2019\/05\/d52ac13b-estado-unidos-800x450.webp\" width=\"800\" height=\"450\" alt=\"Estados Unidos t\u00eam menor n\u00edvel de desemprego em 50 anos; taxa cai para 3,6%\" fetchpriority=high \/>\n\t\t\t<\/picture>\n\n\t\t\t<figcaption class=\"wp-caption-text wp-caption-text--hide\">PIB americano \u00e9 destaque na agenda do dia<\/figcaption>\n\t\t<\/figure>\n\t<\/div>\n\n\n<p>A cria\u00e7\u00e3o de emprego nos <strong>Estados Unidos<\/strong> foi de 263 mil novos postos no quarto m\u00eas do ano.\u00a0O aumento foi em servi\u00e7os profissionais e de neg\u00f3cios, constru\u00e7\u00e3o, servi\u00e7os de sa\u00fade e assist\u00eancia social. O <strong>crescimento<\/strong> ficou bem acima do projetado por especialistas, que era um aumento de 185 mil vagas.<\/p>\n\t<p>\n\t\t<a href=\"https:\/\/lp.suno.com.br\/ebook-guia-ir\/\" target=\"_blank\" data-element=\"shortcode-suno-banner\" title=\"Banner SUNO, clique e saiba mais\">\n\t\t\t<picture>\n\t\t\t\t<source media=\"(max-width: 500px)\" srcset=\"https:\/\/files.sunoresearch.com.br\/n\/uploads\/2023\/03\/400x300-Ebook-IR.png\">\n\t\t\t\t<img class=\"newsContent__article__imgCapa newsContent__article__imgCapa--banner\"\n\t\t\t\t\tsrc=\"https:\/\/files.sunoresearch.com.br\/n\/uploads\/2023\/03\/1420x240-Ebook-IR.png\"\n\t\t\t\t\tdata-promo-id=\"383124\"\t\t\t\t\t\t\t\t\t\twidth='1420' height='240'\t\t\t\t\talt=\"https:\/\/files.sunoresearch.com.br\/n\/uploads\/2023\/03\/1420x240-Ebook-IR.png\"\n\t\t\t\t>\n\t\t\t<\/picture>\n\t\t<\/a>\n\t<\/p>\n\n\n<p>Os dados deram base para a decis\u00e3o do <a href=\"https:\/\/www.suno.com.br\/artigos\/fed\/\">Federal Reserve (Fed)<\/a> de manter a <strong>taxa de juros<\/strong> e n\u00e3o mostrar inten\u00e7\u00e3o de ajustar a pol\u00edtica monet\u00e1ria em breve. Al\u00e9m disso, os n\u00fameros tamb\u00e9m amenizam preocupa\u00e7\u00f5es sobre uma poss\u00edvel <strong>recess\u00e3o<\/strong> no pa\u00eds.<\/p>\n<p><a href=\"https:\/\/www.suno.com.br\/noticias\/taxa-desemprego-sobre-marco-ibge\/\">Saiba Mais: Taxa de desemprego sobe para 12,7% em mar\u00e7o, diz IBGE<\/a><\/p>\n<h2>Desempregados nos Estados Unidos<\/h2>\n<p>O n\u00famero de <strong>desempregados<\/strong>\u00a0 nos <strong>Estados Unidos<\/strong> foi de 5,8 milh\u00f5es em abril. Em rela\u00e7\u00e3o a mar\u00e7o, foram 387 mil pessoas <strong>desocupadas<\/strong> a menos.<\/p>\n<p>O n\u00famero de <strong>desalentados<\/strong>\u00a0no pa\u00eds\u00a0ficou praticamente est\u00e1vel em compara\u00e7\u00e3o ao mesmo per\u00edodo do ano passado, 454 mil pessoas. S\u00e3o considerados desalentados aqueles que desistiram de procurar emprego.<\/p>\n<p>Entre os <strong>desempregados,<\/strong> os dados mostram que:<\/p>\n<ul>\n<li>demitidos e pessoas que completaram trabalho tempor\u00e1rio foram 2,7 milh\u00f5es, uma queda de 186 mil;<\/li>\n<li>desempregados a longo prazo foram 1,2 milh\u00e3o, resultado praticamente est\u00e1vel e que representa 21,1% do total.<\/li>\n<\/ul>\n<p><a href=\"https:\/\/www.suno.com.br\/noticias\/pib-estados-unidos-cresce-1t19\/\">Saiba Mais: PIB dos Estados Unidos cresce 3,2% no 1\u00ba trimestre de 2019<\/a><\/p>\n<p>Os setores de <strong>transporte, manufatura<\/strong> e <strong>constru\u00e7\u00e3o<\/strong> apresentaram insufici\u00eancia de profissionais. Contudo, os <strong>sal\u00e1rios<\/strong> aumentaram. Assim, os ganhos m\u00e9dios por hora avan\u00e7aram seis centavos. O valor representa uma alta de 0,2% em rela\u00e7\u00e3o a mar\u00e7o. No acumulado do ano, a alta nos sal\u00e1rios \u00e9 de 3,2%.<\/p>\n<p>O <strong>PIB<\/strong> dos <strong>Estados Unidos<\/strong> cresceu a uma taxa de 3,2% no primeiro trimestre, impulsionada por um aumento nas <strong>exporta\u00e7\u00f5es<\/strong> e nos estoques.\u00a0 Nos meses entre outubro e dezembro o crescimento foi de 2,2%.<\/p>\n","protected":false},"excerpt":{"rendered":"<p>O desemprego nos Estados Unidos caiu para 3,6% em abril, a menor taxa em 50 anos. O \u00edndice, divulgado nesta sexta-feira (3), s\u00f3 foi mais baixo no pa\u00eds em 1969. Em mar\u00e7o, o Departamento de Trabalho divulgou que a taxa de desemprego\u00a0norte-americana foi de 3,8%. PIB americano \u00e9 destaque na agenda do dia A cria\u00e7\u00e3o [&hellip;]<\/p>\n","protected":false},"author":16,"featured_media":23146,"comment_status":"closed","ping_status":"closed","sticky":false,"template":"","format":"standard","meta":[],"categories":[63],"tags":[1296],"suno_strategy":[],"class_list":["post-23137","post","type-post","status-publish","format-standard","has-post-thumbnail","hentry","category-internacional","tag-desemprego"],"yoast_head":"<!-- This site is optimized with the Yoast SEO plugin v24.4 - https:\/\/yoast.com\/wordpress\/plugins\/seo\/ -->\n<title>Estados Unidos tem menor n\u00edvel de desemprego em 50 anos; taxa \u00e9 3,6%<\/title>\n<meta name=\"description\" content=\"A taxa de desemprego nos Estados Unidos atingiu o menor n\u00edvel desde 1969 com o salto na cria\u00e7\u00e3o de novos postos de trabalho. Saiba mais.\" \/>\n<meta name=\"robots\" content=\"index, follow, max-snippet:-1, max-image-preview:large, max-video-preview:-1\" \/>\n<link rel=\"canonical\" href=\"https:\/\/www.suno.com.br\/noticias\/estados-unidos-desemprego-menor-50-anos\/\" \/>\n<meta property=\"og:locale\" content=\"pt_BR\" \/>\n<meta property=\"og:type\" content=\"article\" \/>\n<meta property=\"og:title\" content=\"Estados Unidos tem menor n\u00edvel de desemprego em 50 anos; taxa \u00e9 3,6%\" \/>\n<meta property=\"og:description\" content=\"A taxa de desemprego nos Estados Unidos atingiu o menor n\u00edvel desde 1969 com o salto na cria\u00e7\u00e3o de novos postos de trabalho. Saiba mais.\" \/>\n<meta property=\"og:url\" content=\"https:\/\/www.suno.com.br\/noticias\/estados-unidos-desemprego-menor-50-anos\/\" \/>\n<meta property=\"og:site_name\" content=\"Suno Not\u00edcias\" \/>\n<meta property=\"article:publisher\" content=\"https:\/\/facebook.com\/sunoresearch\" \/>\n<meta property=\"og:image\" content=\"https:\/\/files.sunoresearch.com.br\/n\/uploads\/2019\/05\/d52ac13b-estado-unidos.jpg\" \/>\n\t<meta property=\"og:image:width\" content=\"1920\" \/>\n\t<meta property=\"og:image:height\" content=\"1276\" \/>\n\t<meta property=\"og:image:type\" content=\"image\/jpeg\" \/>\n<meta name=\"author\" content=\"Beatriz Oliveira\" \/>\n<meta name=\"twitter:card\" content=\"summary_large_image\" \/>\n<meta name=\"twitter:creator\" content=\"@sunoresearch\" \/>\n<meta name=\"twitter:site\" content=\"@sunoresearch\" \/>\n<meta name=\"twitter:label1\" content=\"Escrito por\" \/>\n\t<meta name=\"twitter:data1\" content=\"Beatriz Oliveira\" \/>\n\t<meta name=\"twitter:label2\" content=\"Est. tempo de leitura\" \/>\n\t<meta name=\"twitter:data2\" content=\"2 minutos\" \/>\n<script type=\"application\/ld+json\" class=\"yoast-schema-graph\">{\"@context\":\"https:\/\/schema.org\",\"@graph\":[{\"@type\":\"NewsArticle\",\"@id\":\"https:\/\/www.suno.com.br\/noticias\/estados-unidos-desemprego-menor-50-anos\/#article\",\"isPartOf\":{\"@id\":\"https:\/\/www.suno.com.br\/noticias\/estados-unidos-desemprego-menor-50-anos\/\"},\"author\":{\"name\":\"Beatriz Oliveira\",\"@id\":\"https:\/\/www.suno.com.br\/noticias\/#\/schema\/person\/e67f665add014bf99f644028de070cc3\"},\"headline\":\"Estados Unidos t\u00eam menor n\u00edvel de desemprego em 50 anos; taxa cai para 3,6%\",\"datePublished\":\"2019-05-03T13:38:47+00:00\",\"dateModified\":\"2021-06-02T01:06:46+00:00\",\"mainEntityOfPage\":{\"@id\":\"https:\/\/www.suno.com.br\/noticias\/estados-unidos-desemprego-menor-50-anos\/\"},\"wordCount\":378,\"publisher\":{\"@id\":\"https:\/\/www.suno.com.br\/noticias\/#organization\"},\"image\":{\"@id\":\"https:\/\/www.suno.com.br\/noticias\/estados-unidos-desemprego-menor-50-anos\/#primaryimage\"},\"thumbnailUrl\":\"https:\/\/files.sunoresearch.com.br\/n\/uploads\/2019\/05\/d52ac13b-estado-unidos-jpg.webp\",\"keywords\":[\"Desemprego\"],\"articleSection\":[\"Internacional\"],\"inLanguage\":\"pt-BR\"},{\"@type\":\"WebPage\",\"@id\":\"https:\/\/www.suno.com.br\/noticias\/estados-unidos-desemprego-menor-50-anos\/\",\"url\":\"https:\/\/www.suno.com.br\/noticias\/estados-unidos-desemprego-menor-50-anos\/\",\"name\":\"Estados Unidos tem menor n\u00edvel de desemprego em 50 anos; taxa \u00e9 3,6%\",\"isPartOf\":{\"@id\":\"https:\/\/www.suno.com.br\/noticias\/#website\"},\"primaryImageOfPage\":{\"@id\":\"https:\/\/www.suno.com.br\/noticias\/estados-unidos-desemprego-menor-50-anos\/#primaryimage\"},\"image\":{\"@id\":\"https:\/\/www.suno.com.br\/noticias\/estados-unidos-desemprego-menor-50-anos\/#primaryimage\"},\"thumbnailUrl\":\"https:\/\/files.sunoresearch.com.br\/n\/uploads\/2019\/05\/d52ac13b-estado-unidos-jpg.webp\",\"datePublished\":\"2019-05-03T13:38:47+00:00\",\"dateModified\":\"2021-06-02T01:06:46+00:00\",\"description\":\"A taxa de desemprego nos Estados Unidos atingiu o menor n\u00edvel desde 1969 com o salto na cria\u00e7\u00e3o de novos postos de trabalho. Saiba mais.\",\"breadcrumb\":{\"@id\":\"https:\/\/www.suno.com.br\/noticias\/estados-unidos-desemprego-menor-50-anos\/#breadcrumb\"},\"inLanguage\":\"pt-BR\",\"potentialAction\":[{\"@type\":\"ReadAction\",\"target\":[\"https:\/\/www.suno.com.br\/noticias\/estados-unidos-desemprego-menor-50-anos\/\"]}]},{\"@type\":\"ImageObject\",\"inLanguage\":\"pt-BR\",\"@id\":\"https:\/\/www.suno.com.br\/noticias\/estados-unidos-desemprego-menor-50-anos\/#primaryimage\",\"url\":\"https:\/\/files.sunoresearch.com.br\/n\/uploads\/2019\/05\/d52ac13b-estado-unidos-jpg.webp\",\"contentUrl\":\"https:\/\/files.sunoresearch.com.br\/n\/uploads\/2019\/05\/d52ac13b-estado-unidos-jpg.webp\",\"width\":1920,\"height\":1276,\"caption\":\"PIB americano \u00e9 destaque na agenda do dia\"},{\"@type\":\"BreadcrumbList\",\"@id\":\"https:\/\/www.suno.com.br\/noticias\/estados-unidos-desemprego-menor-50-anos\/#breadcrumb\",\"itemListElement\":[{\"@type\":\"ListItem\",\"position\":1,\"name\":\"Not\u00edcias\",\"item\":\"https:\/\/www.suno.com.br\/noticias\/\"},{\"@type\":\"ListItem\",\"position\":2,\"name\":\"Internacional\",\"item\":\"https:\/\/www.suno.com.br\/noticias\/internacional\/\"},{\"@type\":\"ListItem\",\"position\":3,\"name\":\"Estados Unidos t\u00eam menor n\u00edvel de desemprego em 50 anos; taxa cai para 3,6%\"}]},{\"@type\":\"WebSite\",\"@id\":\"https:\/\/www.suno.com.br\/noticias\/#website\",\"url\":\"https:\/\/www.suno.com.br\/noticias\/\",\"name\":\"Suno Not\u00edcias\",\"description\":\"Seu portal de informa\u00e7\u00e3o sobre o mundo dos investimentos\",\"publisher\":{\"@id\":\"https:\/\/www.suno.com.br\/noticias\/#organization\"},\"potentialAction\":[{\"@type\":\"SearchAction\",\"target\":{\"@type\":\"EntryPoint\",\"urlTemplate\":\"https:\/\/www.suno.com.br\/noticias\/?s={search_term_string}\"},\"query-input\":{\"@type\":\"PropertyValueSpecification\",\"valueRequired\":true,\"valueName\":\"search_term_string\"}}],\"inLanguage\":\"pt-BR\"},{\"@type\":\"Organization\",\"@id\":\"https:\/\/www.suno.com.br\/noticias\/#organization\",\"name\":\"Suno Not\u00edcias\",\"url\":\"https:\/\/www.suno.com.br\/noticias\/\",\"logo\":{\"@type\":\"ImageObject\",\"inLanguage\":\"pt-BR\",\"@id\":\"https:\/\/www.suno.com.br\/noticias\/#\/schema\/logo\/image\/\",\"url\":\"https:\/\/files.sunoresearch.com.br\/n\/uploads\/2021\/09\/suno-logo.png\",\"contentUrl\":\"https:\/\/files.sunoresearch.com.br\/n\/uploads\/2021\/09\/suno-logo.png\",\"width\":180,\"height\":180,\"caption\":\"Suno Not\u00edcias\"},\"image\":{\"@id\":\"https:\/\/www.suno.com.br\/noticias\/#\/schema\/logo\/image\/\"},\"sameAs\":[\"https:\/\/facebook.com\/sunoresearch\",\"https:\/\/x.com\/sunoresearch\",\"https:\/\/www.instagram.com\/suno\",\"https:\/\/www.linkedin.com\/company\/suno-research\/\",\"https:\/\/www.youtube.com\/c\/sunoresearch\"]},{\"@type\":\"Person\",\"@id\":\"https:\/\/www.suno.com.br\/noticias\/#\/schema\/person\/e67f665add014bf99f644028de070cc3\",\"name\":\"Beatriz Oliveira\",\"image\":{\"@type\":\"ImageObject\",\"inLanguage\":\"pt-BR\",\"@id\":\"https:\/\/www.suno.com.br\/noticias\/#\/schema\/person\/image\/\",\"url\":\"https:\/\/secure.gravatar.com\/avatar\/c9aa6a0aaecc598d257d5d5bd349157d?s=96&r=g\",\"contentUrl\":\"https:\/\/secure.gravatar.com\/avatar\/c9aa6a0aaecc598d257d5d5bd349157d?s=96&r=g\",\"caption\":\"Beatriz Oliveira\"},\"description\":\"Formada em Jornalismo pela Faculdade Paulus de Tecnologia e Comunica\u00e7\u00e3o, Beatriz Oliveira escreve para o portal de not\u00edcias Suno Research. Antes, passou pelas reda\u00e7\u00f5es da Revista EXAME e da Rede Bandeirantes.\",\"url\":\"https:\/\/www.suno.com.br\/noticias\/author\/beatriz\/\"}]}<\/script>\n<!-- \/ Yoast SEO plugin. -->","yoast_head_json":{"title":"Estados Unidos tem menor n\u00edvel de desemprego em 50 anos; taxa \u00e9 3,6%","description":"A taxa de desemprego nos Estados Unidos atingiu o menor n\u00edvel desde 1969 com o salto na cria\u00e7\u00e3o de novos postos de trabalho. Saiba mais.","robots":{"index":"index","follow":"follow","max-snippet":"max-snippet:-1","max-image-preview":"max-image-preview:large","max-video-preview":"max-video-preview:-1"},"canonical":"https:\/\/www.suno.com.br\/noticias\/estados-unidos-desemprego-menor-50-anos\/","og_locale":"pt_BR","og_type":"article","og_title":"Estados Unidos tem menor n\u00edvel de desemprego em 50 anos; taxa \u00e9 3,6%","og_description":"A taxa de desemprego nos Estados Unidos atingiu o menor n\u00edvel desde 1969 com o salto na cria\u00e7\u00e3o de novos postos de trabalho. Saiba mais.","og_url":"https:\/\/www.suno.com.br\/noticias\/estados-unidos-desemprego-menor-50-anos\/","og_site_name":"Suno Not\u00edcias","article_publisher":"https:\/\/facebook.com\/sunoresearch","og_image":[{"width":1920,"height":1276,"url":"https:\/\/files.sunoresearch.com.br\/n\/uploads\/2019\/05\/d52ac13b-estado-unidos.jpg","type":"image\/jpeg"}],"author":"Beatriz Oliveira","twitter_card":"summary_large_image","twitter_creator":"@sunoresearch","twitter_site":"@sunoresearch","twitter_misc":{"Escrito por":"Beatriz Oliveira","Est. tempo de leitura":"2 minutos"},"schema":{"@context":"https:\/\/schema.org","@graph":[{"@type":"NewsArticle","@id":"https:\/\/www.suno.com.br\/noticias\/estados-unidos-desemprego-menor-50-anos\/#article","isPartOf":{"@id":"https:\/\/www.suno.com.br\/noticias\/estados-unidos-desemprego-menor-50-anos\/"},"author":{"name":"Beatriz Oliveira","@id":"https:\/\/www.suno.com.br\/noticias\/#\/schema\/person\/e67f665add014bf99f644028de070cc3"},"headline":"Estados Unidos t\u00eam menor n\u00edvel de desemprego em 50 anos; taxa cai para 3,6%","datePublished":"2019-05-03T13:38:47+00:00","dateModified":"2021-06-02T01:06:46+00:00","mainEntityOfPage":{"@id":"https:\/\/www.suno.com.br\/noticias\/estados-unidos-desemprego-menor-50-anos\/"},"wordCount":378,"publisher":{"@id":"https:\/\/www.suno.com.br\/noticias\/#organization"},"image":{"@id":"https:\/\/www.suno.com.br\/noticias\/estados-unidos-desemprego-menor-50-anos\/#primaryimage"},"thumbnailUrl":"https:\/\/files.sunoresearch.com.br\/n\/uploads\/2019\/05\/d52ac13b-estado-unidos-jpg.webp","keywords":["Desemprego"],"articleSection":["Internacional"],"inLanguage":"pt-BR"},{"@type":"WebPage","@id":"https:\/\/www.suno.com.br\/noticias\/estados-unidos-desemprego-menor-50-anos\/","url":"https:\/\/www.suno.com.br\/noticias\/estados-unidos-desemprego-menor-50-anos\/","name":"Estados Unidos tem menor n\u00edvel de desemprego em 50 anos; taxa \u00e9 3,6%","isPartOf":{"@id":"https:\/\/www.suno.com.br\/noticias\/#website"},"primaryImageOfPage":{"@id":"https:\/\/www.suno.com.br\/noticias\/estados-unidos-desemprego-menor-50-anos\/#primaryimage"},"image":{"@id":"https:\/\/www.suno.com.br\/noticias\/estados-unidos-desemprego-menor-50-anos\/#primaryimage"},"thumbnailUrl":"https:\/\/files.sunoresearch.com.br\/n\/uploads\/2019\/05\/d52ac13b-estado-unidos-jpg.webp","datePublished":"2019-05-03T13:38:47+00:00","dateModified":"2021-06-02T01:06:46+00:00","description":"A taxa de desemprego nos Estados Unidos atingiu o menor n\u00edvel desde 1969 com o salto na cria\u00e7\u00e3o de novos postos de trabalho. Saiba mais.","breadcrumb":{"@id":"https:\/\/www.suno.com.br\/noticias\/estados-unidos-desemprego-menor-50-anos\/#breadcrumb"},"inLanguage":"pt-BR","potentialAction":[{"@type":"ReadAction","target":["https:\/\/www.suno.com.br\/noticias\/estados-unidos-desemprego-menor-50-anos\/"]}]},{"@type":"ImageObject","inLanguage":"pt-BR","@id":"https:\/\/www.suno.com.br\/noticias\/estados-unidos-desemprego-menor-50-anos\/#primaryimage","url":"https:\/\/files.sunoresearch.com.br\/n\/uploads\/2019\/05\/d52ac13b-estado-unidos-jpg.webp","contentUrl":"https:\/\/files.sunoresearch.com.br\/n\/uploads\/2019\/05\/d52ac13b-estado-unidos-jpg.webp","width":1920,"height":1276,"caption":"PIB americano \u00e9 destaque na agenda do dia"},{"@type":"BreadcrumbList","@id":"https:\/\/www.suno.com.br\/noticias\/estados-unidos-desemprego-menor-50-anos\/#breadcrumb","itemListElement":[{"@type":"ListItem","position":1,"name":"Not\u00edcias","item":"https:\/\/www.suno.com.br\/noticias\/"},{"@type":"ListItem","position":2,"name":"Internacional","item":"https:\/\/www.suno.com.br\/noticias\/internacional\/"},{"@type":"ListItem","position":3,"name":"Estados Unidos t\u00eam menor n\u00edvel de desemprego em 50 anos; taxa cai para 3,6%"}]},{"@type":"WebSite","@id":"https:\/\/www.suno.com.br\/noticias\/#website","url":"https:\/\/www.suno.com.br\/noticias\/","name":"Suno Not\u00edcias","description":"Seu portal de informa\u00e7\u00e3o sobre o mundo dos investimentos","publisher":{"@id":"https:\/\/www.suno.com.br\/noticias\/#organization"},"potentialAction":[{"@type":"SearchAction","target":{"@type":"EntryPoint","urlTemplate":"https:\/\/www.suno.com.br\/noticias\/?s={search_term_string}"},"query-input":{"@type":"PropertyValueSpecification","valueRequired":true,"valueName":"search_term_string"}}],"inLanguage":"pt-BR"},{"@type":"Organization","@id":"https:\/\/www.suno.com.br\/noticias\/#organization","name":"Suno Not\u00edcias","url":"https:\/\/www.suno.com.br\/noticias\/","logo":{"@type":"ImageObject","inLanguage":"pt-BR","@id":"https:\/\/www.suno.com.br\/noticias\/#\/schema\/logo\/image\/","url":"https:\/\/files.sunoresearch.com.br\/n\/uploads\/2021\/09\/suno-logo.png","contentUrl":"https:\/\/files.sunoresearch.com.br\/n\/uploads\/2021\/09\/suno-logo.png","width":180,"height":180,"caption":"Suno Not\u00edcias"},"image":{"@id":"https:\/\/www.suno.com.br\/noticias\/#\/schema\/logo\/image\/"},"sameAs":["https:\/\/facebook.com\/sunoresearch","https:\/\/x.com\/sunoresearch","https:\/\/www.instagram.com\/suno","https:\/\/www.linkedin.com\/company\/suno-research\/","https:\/\/www.youtube.com\/c\/sunoresearch"]},{"@type":"Person","@id":"https:\/\/www.suno.com.br\/noticias\/#\/schema\/person\/e67f665add014bf99f644028de070cc3","name":"Beatriz Oliveira","image":{"@type":"ImageObject","inLanguage":"pt-BR","@id":"https:\/\/www.suno.com.br\/noticias\/#\/schema\/person\/image\/","url":"https:\/\/secure.gravatar.com\/avatar\/c9aa6a0aaecc598d257d5d5bd349157d?s=96&r=g","contentUrl":"https:\/\/secure.gravatar.com\/avatar\/c9aa6a0aaecc598d257d5d5bd349157d?s=96&r=g","caption":"Beatriz Oliveira"},"description":"Formada em Jornalismo pela Faculdade Paulus de Tecnologia e Comunica\u00e7\u00e3o, Beatriz Oliveira escreve para o portal de not\u00edcias Suno Research. Antes, passou pelas reda\u00e7\u00f5es da Revista EXAME e da Rede Bandeirantes.","url":"https:\/\/www.suno.com.br\/noticias\/author\/beatriz\/"}]}},"default_loop_html":"<div class=\"cardsPage__listCard__boxs\"><div class=\"cardsPage__listCard__boxs__img\"><a href=\"https:\/\/www.suno.com.br\/noticias\/estados-unidos-desemprego-menor-50-anos\/\"><img class=\"mask\" src=\"https:\/\/www.suno.com.br\/noticias\/wp-content\/themes\/suno\/resources\/images\/spotlight\/spotlight1img\/bg-mask.png\" alt=\"Image Mask\"\/><img src=\"https:\/\/files.sunoresearch.com.br\/n\/uploads\/2019\/05\/d52ac13b-estado-unidos-400x200.webp\" alt=\"Estados Unidos t\u00eam menor n\u00edvel de desemprego em 50 anos; taxa cai para 3,6%\"\/><\/a><span class=\"spotlightCategory\"><a href=\"https:\/\/www.suno.com.br\/noticias\/internacional\/\">Internacional<\/a><\/span><\/div><div class=\"cardsPage__listCard__boxs__content\"><a href=\"https:\/\/www.suno.com.br\/noticias\/estados-unidos-desemprego-menor-50-anos\/\"><h2 class=\"content__title\">Estados Unidos t\u00eam menor n\u00edvel de desemprego em 50 anos; taxa cai para 3,6%<\/h2><\/a><div class=\"newsContent__article__meta\"><div class=\"newsContent__article__meta__authorBox\"><a href=\"https:\/\/www.suno.com.br\/noticias\/author\/beatriz\/\" class=\"authorBox__avatar noMobi\"><img src=\"https:\/\/secure.gravatar.com\/avatar\/c9aa6a0aaecc598d257d5d5bd349157d?s=96&#038;r=g\" alt=\"Beatriz Oliveira\"><\/a><div class=\"authorBox__name\"><span>por\n\t\t\t<a href=\"https:\/\/www.suno.com.br\/noticias\/author\/beatriz\/\"><span itemprop=\"author\">Beatriz Oliveira<\/span><\/a><\/span><time datetime=\"2019-05-03T10:38:47-03:00\" itemprop=\"datePublished\">03\/05\/2019 10:38<\/time><\/div><\/div><\/div><\/div><\/div>","single_layout":"posts","amp_enabled":true,"_links":{"self":[{"href":"https:\/\/www.suno.com.br\/noticias\/wp-json\/wp\/v2\/posts\/23137"}],"collection":[{"href":"https:\/\/www.suno.com.br\/noticias\/wp-json\/wp\/v2\/posts"}],"about":[{"href":"https:\/\/www.suno.com.br\/noticias\/wp-json\/wp\/v2\/types\/post"}],"author":[{"embeddable":true,"href":"https:\/\/www.suno.com.br\/noticias\/wp-json\/wp\/v2\/users\/16"}],"replies":[{"embeddable":true,"href":"https:\/\/www.suno.com.br\/noticias\/wp-json\/wp\/v2\/comments?post=23137"}],"version-history":[{"count":1,"href":"https:\/\/www.suno.com.br\/noticias\/wp-json\/wp\/v2\/posts\/23137\/revisions"}],"predecessor-version":[{"id":153932,"href":"https:\/\/www.suno.com.br\/noticias\/wp-json\/wp\/v2\/posts\/23137\/revisions\/153932"}],"wp:featuredmedia":[{"embeddable":true,"href":"https:\/\/www.suno.com.br\/noticias\/wp-json\/wp\/v2\/media\/23146"}],"wp:attachment":[{"href":"https:\/\/www.suno.com.br\/noticias\/wp-json\/wp\/v2\/media?parent=23137"}],"wp:term":[{"taxonomy":"category","embeddable":true,"href":"https:\/\/www.suno.com.br\/noticias\/wp-json\/wp\/v2\/categories?post=23137"},{"taxonomy":"post_tag","embeddable":true,"href":"https:\/\/www.suno.com.br\/noticias\/wp-json\/wp\/v2\/tags?post=23137"},{"taxonomy":"suno_strategy","embeddable":true,"href":"https:\/\/www.suno.com.br\/noticias\/wp-json\/wp\/v2\/suno_strategy?post=23137"}],"curies":[{"name":"wp","href":"https:\/\/api.w.org\/{rel}","templated":true}]}}