{"id":231336,"date":"2022-02-14T21:37:40","date_gmt":"2022-02-15T00:37:40","guid":{"rendered":"https:\/\/www.suno.com.br\/noticias\/?p=231336"},"modified":"2022-02-14T21:37:40","modified_gmt":"2022-02-15T00:37:40","slug":"cyrela-cyre3-dividendos-extraordinarios-bofa","status":"publish","type":"post","link":"https:\/\/www.suno.com.br\/noticias\/cyrela-cyre3-dividendos-extraordinarios-bofa\/","title":{"rendered":"Cyrela (CYRE3) n\u00e3o deve ter dividendos extraordin\u00e1rios em 2022; mas BofA reitera compra"},"content":{"rendered":"<p>Em reuni\u00e3o virtual com o Bank of America, o diretor financeiro da <a class=\"suno-keyword\" href=\"https:\/\/www.suno.com.br\/acoes\/CYRE3\/\" target=\"_blank\" rel=\"noopener\" data-force=\"yes\" data-priority=\"2\"><strong>Cyrela<\/strong> (CYRE3)<\/a>, Miguel Mickelberg, discutiu as perspectivas da empresa para o ano de 2022. De acordo com relat\u00f3rio de Carlos Peyrelongue, Aline Caldeira e Gabriel Carvalhal, o foco da Cyrela est\u00e1 em projetos de m\u00e9dia renda no estado de S\u00e3o Paulo e em fortalecer o primeiro semestre do ano. Com medo da queima do fluxo de caixa, a empresa n\u00e3o deve ter dividendos extraordin\u00e1rios durante 2022.<\/p>\t<div class=\"wrapper-featured-image\">\n\t\t<figure class=\"spotlightImg\">\n\n\t\t\t<picture>\n\t\t\t\t<source media=\"(max-width: 768px)\" srcset=\"https:\/\/files.sunoresearch.com.br\/n\/uploads\/2020\/09\/e560dd38-canuto_casas_abr181219img_04464901-400x200.webp\">\n\t\t\t\t<img loading=\"lazy\" decoding=\"async\" class=\"newsContent__article__imgCapa lazyloadDisabled \" src=\"https:\/\/files.sunoresearch.com.br\/n\/uploads\/2020\/09\/e560dd38-canuto_casas_abr181219img_04464901-800x450.webp\" width=\"800\" height=\"450\" alt=\"Cyrela (CYRE3) n\u00e3o deve ter dividendos extraordin\u00e1rios em 2022; mas BofA reitera compra\" fetchpriority=high \/>\n\t\t\t<\/picture>\n\n\t\t\t<figcaption class=\"wp-caption-text wp-caption-text--show\">Cyrela (CYRE3). Foto: Divulga\u00e7\u00e3o<\/figcaption>\n\t\t<\/figure>\n\t<\/div>\n\n\n<p>\u201cA Cyrela planeja manter os lan\u00e7amentos pr\u00f3ximos aos n\u00edveis de 2021, ajustando o <a class=\"suno-keyword\" href=\"https:\/\/www.suno.com.br\/artigos\/mix-de-produtos\/\" target=\"_blank\" rel=\"noopener\" data-force=\"no\" data-priority=\"1\">mix de produtos<\/a>. No entanto, esse objetivo est\u00e1 sujeito \u00e0s condi\u00e7\u00f5es de mercado, com o aumento da oferta de moradias j\u00e1 enfrentando uma demanda em desacelera\u00e7\u00e3o\u201d, afirmam os analistas.<\/p>\n<p>O BofA reitera a classifica\u00e7\u00e3o de <strong>compra<\/strong> das <strong>a\u00e7\u00f5es da Cyrela<\/strong>, ao <a class=\"suno-keyword\" href=\"https:\/\/www.suno.com.br\/artigos\/preco-alvo\/\" target=\"_blank\" rel=\"noopener\" data-force=\"no\" data-priority=\"1\">pre\u00e7o alvo<\/a> de R$ 26, em fun\u00e7\u00e3o da estrat\u00e9gia de produtos resiliente e bem diversificada, o que traz bons resultados mesmo com cen\u00e1rio de demanda mais desafiador.<\/p>\n<h2>Principais estrat\u00e9gias<\/h2>\n<p>O BofA destaca que os projetos de m\u00e9dia renda (<em>Living<\/em>) devem ser priorizados sobre os de baixa renda (<em>Vivaz<\/em>). J\u00e1 os de alta renda (<em>Cyrela<\/em>) est\u00e3o previstos para se manterem em estabilidade. Al\u00e9m disso, a Cyrela afirma que os projetos devem se concentrar no primeiro semestre, com estimativas de crescer na compara\u00e7\u00e3o anual (dependendo das aprova\u00e7\u00f5es) e desacelerar no segundo semestre.<\/p>\n<p>S\u00e3o Paulo continua como prioridade, seguido por Rio de Janeiro, com a regi\u00e3o sul com menor participa\u00e7\u00e3o no ano.<\/p>\n<p>A situa\u00e7\u00e3o do banco de terrenos continuar\u00e1 confort\u00e1vel para os pr\u00f3ximos dois anos, permitindo uma abordagem oportunista na aquisi\u00e7\u00e3o de terrenos. De acordo com o relat\u00f3rio, os pre\u00e7os destes levam tempo para se ajustar \u00e0s novas condi\u00e7\u00f5es de demanda.<\/p>\n<p>Segundo o que foi reportado pelo BofA, as margens brutas podem cair em 2022, j\u00e1 que o repasse de pre\u00e7os se torna um desafio. <span style=\"font-weight: 400;\">Ou seja, a acessibilidade sofre tanto com os pre\u00e7os mais altos quanto com as taxas de hipoteca. &#8220;As taxas subiram mais de 2 pontos percentuais, para 9,1% (mais a <a class=\"suno-keyword\" href=\"https:\/\/www.suno.com.br\/artigos\/taxa-referencial\/\" target=\"_blank\" rel=\"noopener\" data-force=\"no\" data-priority=\"3\">Taxa Referencial<\/a>) de m\u00ednimos com press\u00e3o adicional de um TR agora positivo (~1%) e riscos de alta se os fluxos de poupan\u00e7a passarem a se deteriorar e os bancos recorrerem a financiamentos mais caros (ou seja, LCI)&#8221;, diz o relat\u00f3rio.<\/span><\/p>\n<p>A Cyrela se mostra disposta a aumentar os empr\u00e9stimos se as condi\u00e7\u00f5es de cr\u00e9dito apertarem, mas a taxas menos atrativas. O CFO da empresa tamb\u00e9m ressaltou que os custos de materiais ca\u00edram, mas os de m\u00e3o de obra podem\u00a0 aumentar com a demanda.<\/p>\n<p><span style=\"font-weight: 400;\">Por fim, a empresa afirmou que conseguiu prosseguir com o financiamento da fintech CashMe, que tem foco em <a class=\"suno-keyword\" href=\"https:\/\/www.suno.com.br\/artigos\/home-equity\/\" target=\"_blank\" rel=\"noopener\" data-force=\"no\" data-priority=\"1\">home equity<\/a>. Agora o maior desafio de crescimento do neg\u00f3cio \u00e9 o financiamento competitivo.<\/span><\/p>\n<h2>Menos dividendos &#8220;extraordin\u00e1rios&#8221; est\u00e3o previstos<\/h2>\n<p>De acordo com os analistas, a administra\u00e7\u00e3o da Cyrela deve ter mais cuidado com <a href=\"https:\/\/www.suno.com.br\/guias\/dividendos\/\">dividendos<\/a> &#8220;extraordin\u00e1rios&#8221;, j\u00e1 que a atividade de constru\u00e7\u00e3o continua com for\u00e7a e pagamentos antecipados desaceleraram. Ou seja, pode haver uma queima de caixa moderada durante 2022, mesmo com um volume de entregas maior.<\/p>\n<p>&#8220;A atividade de constru\u00e7\u00e3o deve refletir lan\u00e7amentos robustos de 2020-2021, enquanto os clientes t\u00eam menos incentivos para pagar antecipadamente em meio a uma infla\u00e7\u00e3o menos aguda. Para 2023, espera-se que o fluxo de caixa melhore com mais entregas&#8221;, relataram.<\/p>\n<h2>Cota\u00e7\u00e3o da Cyrela<\/h2>\n<p>No fechamento da segunda-feira (14), as a\u00e7\u00f5es da <strong>Cyrela<\/strong> subiram 0,38%, a R$ 15,92. Nos \u00faltimos 12 meses, os <a class=\"suno-keyword\" href=\"https:\/\/www.suno.com.br\/artigos\/ativo\/\" target=\"_blank\" rel=\"noopener\" data-force=\"no\" data-priority=\"2\">ativos da empresa<\/a> acumularam queda de 43,57%.<\/p>\n","protected":false},"excerpt":{"rendered":"<p>Em reuni\u00e3o virtual com o Bank of America, o diretor financeiro da Cyrela (CYRE3), Miguel Mickelberg, discutiu as perspectivas da empresa para o ano de 2022. De acordo com relat\u00f3rio de Carlos Peyrelongue, Aline Caldeira e Gabriel Carvalhal, o foco da Cyrela est\u00e1 em projetos de m\u00e9dia renda no estado de S\u00e3o Paulo e em [&hellip;]<\/p>\n","protected":false},"author":146,"featured_media":84975,"comment_status":"closed","ping_status":"closed","sticky":false,"template":"","format":"standard","meta":[],"categories":[64],"tags":[1941,443,105816],"suno_strategy":[],"class_list":["post-231336","post","type-post","status-publish","format-standard","has-post-thumbnail","hentry","category-negocios","tag-bank-of-america-boac34","tag-cyrela-cyre3","tag-especialistas"],"yoast_head":"<!-- This site is optimized with the Yoast SEO plugin v24.4 - https:\/\/yoast.com\/wordpress\/plugins\/seo\/ -->\n<title>Cyrela (CYRE3 n\u00e3o ter\u00e1 dividendos extraordin\u00e1rios: mas BofA indica a\u00e7\u00e3o<\/title>\n<meta name=\"description\" content=\"Em reuni\u00e3o virtual com o BofA o diretor financeiro da Cyrela (CYRE3), discutiu as perspectivas da empresa para o ano de 2022. Veja mais!\" \/>\n<meta name=\"robots\" content=\"index, follow, max-snippet:-1, max-image-preview:large, max-video-preview:-1\" \/>\n<link rel=\"canonical\" href=\"https:\/\/www.suno.com.br\/noticias\/cyrela-cyre3-dividendos-extraordinarios-bofa\/\" \/>\n<meta property=\"og:locale\" content=\"pt_BR\" \/>\n<meta property=\"og:type\" content=\"article\" \/>\n<meta property=\"og:title\" content=\"Cyrela (CYRE3 n\u00e3o ter\u00e1 dividendos extraordin\u00e1rios: mas BofA indica a\u00e7\u00e3o\" \/>\n<meta property=\"og:description\" content=\"Em reuni\u00e3o virtual com o BofA o diretor financeiro da Cyrela (CYRE3), discutiu as perspectivas da empresa para o ano de 2022. Veja mais!\" \/>\n<meta property=\"og:url\" content=\"https:\/\/www.suno.com.br\/noticias\/cyrela-cyre3-dividendos-extraordinarios-bofa\/\" \/>\n<meta property=\"og:site_name\" content=\"Suno Not\u00edcias\" \/>\n<meta property=\"article:publisher\" content=\"https:\/\/facebook.com\/sunoresearch\" \/>\n<meta property=\"og:image\" content=\"https:\/\/files.sunoresearch.com.br\/n\/uploads\/2020\/09\/e560dd38-canuto_casas_abr181219img_04464901.jpg\" \/>\n\t<meta property=\"og:image:width\" content=\"1200\" \/>\n\t<meta property=\"og:image:height\" content=\"800\" \/>\n\t<meta property=\"og:image:type\" content=\"image\/jpeg\" \/>\n<meta name=\"author\" content=\"Vict\u00f3ria Anhesini\" \/>\n<meta name=\"twitter:card\" content=\"summary_large_image\" \/>\n<meta name=\"twitter:creator\" content=\"@sunoresearch\" \/>\n<meta name=\"twitter:site\" content=\"@sunoresearch\" \/>\n<meta name=\"twitter:label1\" content=\"Escrito por\" \/>\n\t<meta name=\"twitter:data1\" content=\"Vict\u00f3ria Anhesini\" \/>\n\t<meta name=\"twitter:label2\" content=\"Est. tempo de leitura\" \/>\n\t<meta name=\"twitter:data2\" content=\"3 minutos\" \/>\n<script type=\"application\/ld+json\" class=\"yoast-schema-graph\">{\"@context\":\"https:\/\/schema.org\",\"@graph\":[{\"@type\":\"NewsArticle\",\"@id\":\"https:\/\/www.suno.com.br\/noticias\/cyrela-cyre3-dividendos-extraordinarios-bofa\/#article\",\"isPartOf\":{\"@id\":\"https:\/\/www.suno.com.br\/noticias\/cyrela-cyre3-dividendos-extraordinarios-bofa\/\"},\"author\":{\"name\":\"Vict\u00f3ria Anhesini\",\"@id\":\"https:\/\/www.suno.com.br\/noticias\/#\/schema\/person\/46d847cb19ad53fde0857adca989c23f\"},\"headline\":\"Cyrela (CYRE3) n\u00e3o deve ter dividendos extraordin\u00e1rios em 2022; mas BofA reitera compra\",\"datePublished\":\"2022-02-15T00:37:40+00:00\",\"mainEntityOfPage\":{\"@id\":\"https:\/\/www.suno.com.br\/noticias\/cyrela-cyre3-dividendos-extraordinarios-bofa\/\"},\"wordCount\":624,\"publisher\":{\"@id\":\"https:\/\/www.suno.com.br\/noticias\/#organization\"},\"image\":{\"@id\":\"https:\/\/www.suno.com.br\/noticias\/cyrela-cyre3-dividendos-extraordinarios-bofa\/#primaryimage\"},\"thumbnailUrl\":\"https:\/\/files.sunoresearch.com.br\/n\/uploads\/2020\/09\/e560dd38-canuto_casas_abr181219img_04464901-jpg.webp\",\"keywords\":[\"Bank Of America (BOAC34)\",\"Cyrela (CYRE3)\",\"Especialistas\"],\"articleSection\":[\"Neg\u00f3cios\"],\"inLanguage\":\"pt-BR\"},{\"@type\":\"WebPage\",\"@id\":\"https:\/\/www.suno.com.br\/noticias\/cyrela-cyre3-dividendos-extraordinarios-bofa\/\",\"url\":\"https:\/\/www.suno.com.br\/noticias\/cyrela-cyre3-dividendos-extraordinarios-bofa\/\",\"name\":\"Cyrela (CYRE3 n\u00e3o ter\u00e1 dividendos extraordin\u00e1rios: mas BofA indica a\u00e7\u00e3o\",\"isPartOf\":{\"@id\":\"https:\/\/www.suno.com.br\/noticias\/#website\"},\"primaryImageOfPage\":{\"@id\":\"https:\/\/www.suno.com.br\/noticias\/cyrela-cyre3-dividendos-extraordinarios-bofa\/#primaryimage\"},\"image\":{\"@id\":\"https:\/\/www.suno.com.br\/noticias\/cyrela-cyre3-dividendos-extraordinarios-bofa\/#primaryimage\"},\"thumbnailUrl\":\"https:\/\/files.sunoresearch.com.br\/n\/uploads\/2020\/09\/e560dd38-canuto_casas_abr181219img_04464901-jpg.webp\",\"datePublished\":\"2022-02-15T00:37:40+00:00\",\"description\":\"Em reuni\u00e3o virtual com o BofA o diretor financeiro da Cyrela (CYRE3), discutiu as perspectivas da empresa para o ano de 2022. Veja mais!\",\"breadcrumb\":{\"@id\":\"https:\/\/www.suno.com.br\/noticias\/cyrela-cyre3-dividendos-extraordinarios-bofa\/#breadcrumb\"},\"inLanguage\":\"pt-BR\",\"potentialAction\":[{\"@type\":\"ReadAction\",\"target\":[\"https:\/\/www.suno.com.br\/noticias\/cyrela-cyre3-dividendos-extraordinarios-bofa\/\"]}]},{\"@type\":\"ImageObject\",\"inLanguage\":\"pt-BR\",\"@id\":\"https:\/\/www.suno.com.br\/noticias\/cyrela-cyre3-dividendos-extraordinarios-bofa\/#primaryimage\",\"url\":\"https:\/\/files.sunoresearch.com.br\/n\/uploads\/2020\/09\/e560dd38-canuto_casas_abr181219img_04464901-jpg.webp\",\"contentUrl\":\"https:\/\/files.sunoresearch.com.br\/n\/uploads\/2020\/09\/e560dd38-canuto_casas_abr181219img_04464901-jpg.webp\",\"width\":1200,\"height\":800,\"caption\":\"Cyrela (CYRE3). Foto: Divulga\u00e7\u00e3o\"},{\"@type\":\"BreadcrumbList\",\"@id\":\"https:\/\/www.suno.com.br\/noticias\/cyrela-cyre3-dividendos-extraordinarios-bofa\/#breadcrumb\",\"itemListElement\":[{\"@type\":\"ListItem\",\"position\":1,\"name\":\"Not\u00edcias\",\"item\":\"https:\/\/www.suno.com.br\/noticias\/\"},{\"@type\":\"ListItem\",\"position\":2,\"name\":\"Neg\u00f3cios\",\"item\":\"https:\/\/www.suno.com.br\/noticias\/negocios\/\"},{\"@type\":\"ListItem\",\"position\":3,\"name\":\"Cyrela (CYRE3) n\u00e3o deve ter dividendos extraordin\u00e1rios em 2022; mas BofA reitera compra\"}]},{\"@type\":\"WebSite\",\"@id\":\"https:\/\/www.suno.com.br\/noticias\/#website\",\"url\":\"https:\/\/www.suno.com.br\/noticias\/\",\"name\":\"Suno Not\u00edcias\",\"description\":\"Seu portal de informa\u00e7\u00e3o sobre o mundo dos investimentos\",\"publisher\":{\"@id\":\"https:\/\/www.suno.com.br\/noticias\/#organization\"},\"potentialAction\":[{\"@type\":\"SearchAction\",\"target\":{\"@type\":\"EntryPoint\",\"urlTemplate\":\"https:\/\/www.suno.com.br\/noticias\/?s={search_term_string}\"},\"query-input\":{\"@type\":\"PropertyValueSpecification\",\"valueRequired\":true,\"valueName\":\"search_term_string\"}}],\"inLanguage\":\"pt-BR\"},{\"@type\":\"Organization\",\"@id\":\"https:\/\/www.suno.com.br\/noticias\/#organization\",\"name\":\"Suno Not\u00edcias\",\"url\":\"https:\/\/www.suno.com.br\/noticias\/\",\"logo\":{\"@type\":\"ImageObject\",\"inLanguage\":\"pt-BR\",\"@id\":\"https:\/\/www.suno.com.br\/noticias\/#\/schema\/logo\/image\/\",\"url\":\"https:\/\/files.sunoresearch.com.br\/n\/uploads\/2021\/09\/suno-logo.png\",\"contentUrl\":\"https:\/\/files.sunoresearch.com.br\/n\/uploads\/2021\/09\/suno-logo.png\",\"width\":180,\"height\":180,\"caption\":\"Suno Not\u00edcias\"},\"image\":{\"@id\":\"https:\/\/www.suno.com.br\/noticias\/#\/schema\/logo\/image\/\"},\"sameAs\":[\"https:\/\/facebook.com\/sunoresearch\",\"https:\/\/x.com\/sunoresearch\",\"https:\/\/www.instagram.com\/suno\",\"https:\/\/www.linkedin.com\/company\/suno-research\/\",\"https:\/\/www.youtube.com\/c\/sunoresearch\"]},{\"@type\":\"Person\",\"@id\":\"https:\/\/www.suno.com.br\/noticias\/#\/schema\/person\/46d847cb19ad53fde0857adca989c23f\",\"name\":\"Vict\u00f3ria Anhesini\",\"image\":{\"@type\":\"ImageObject\",\"inLanguage\":\"pt-BR\",\"@id\":\"https:\/\/www.suno.com.br\/noticias\/#\/schema\/person\/image\/\",\"url\":\"https:\/\/secure.gravatar.com\/avatar\/0172bdfcd9129dd9dd68794804304e6e?s=96&r=g\",\"contentUrl\":\"https:\/\/secure.gravatar.com\/avatar\/0172bdfcd9129dd9dd68794804304e6e?s=96&r=g\",\"caption\":\"Vict\u00f3ria Anhesini\"},\"description\":\"Rep\u00f3rter no Suno Not\u00edcias, cobre mercados, neg\u00f3cios e economia, escrevendo majoritariamente sobre movimentos das empresas, cobertura de balan\u00e7os trimestrais e Bolsa de Valores. Formada em jornalismo pela Universidade Presbiteriana Mackenzie em 2019, passou pelo portal de economia e finan\u00e7as EuQueroInvestir como rep\u00f3rter e anteriormente, trabalhou na assessoria de imprensa PinePR, onde liderou com startups de inova\u00e7\u00e3o, tecnologia e finan\u00e7as. Em seu tempo livre, fala sobre m\u00fasica para ambos os sites do selo ForMusic, Wikimetal e Mad Sound, e faz trabalho volunt\u00e1rio no programa Escreve Cartas do Poupatempo.\",\"sameAs\":[\"https:\/\/www.linkedin.com\/in\/victoria-anhesini\/\"],\"url\":\"https:\/\/www.suno.com.br\/noticias\/author\/victoria\/\"}]}<\/script>\n<!-- \/ Yoast SEO plugin. -->","yoast_head_json":{"title":"Cyrela (CYRE3 n\u00e3o ter\u00e1 dividendos extraordin\u00e1rios: mas BofA indica a\u00e7\u00e3o","description":"Em reuni\u00e3o virtual com o BofA o diretor financeiro da Cyrela (CYRE3), discutiu as perspectivas da empresa para o ano de 2022. Veja mais!","robots":{"index":"index","follow":"follow","max-snippet":"max-snippet:-1","max-image-preview":"max-image-preview:large","max-video-preview":"max-video-preview:-1"},"canonical":"https:\/\/www.suno.com.br\/noticias\/cyrela-cyre3-dividendos-extraordinarios-bofa\/","og_locale":"pt_BR","og_type":"article","og_title":"Cyrela (CYRE3 n\u00e3o ter\u00e1 dividendos extraordin\u00e1rios: mas BofA indica a\u00e7\u00e3o","og_description":"Em reuni\u00e3o virtual com o BofA o diretor financeiro da Cyrela (CYRE3), discutiu as perspectivas da empresa para o ano de 2022. Veja mais!","og_url":"https:\/\/www.suno.com.br\/noticias\/cyrela-cyre3-dividendos-extraordinarios-bofa\/","og_site_name":"Suno Not\u00edcias","article_publisher":"https:\/\/facebook.com\/sunoresearch","og_image":[{"width":1200,"height":800,"url":"https:\/\/files.sunoresearch.com.br\/n\/uploads\/2020\/09\/e560dd38-canuto_casas_abr181219img_04464901.jpg","type":"image\/jpeg"}],"author":"Vict\u00f3ria Anhesini","twitter_card":"summary_large_image","twitter_creator":"@sunoresearch","twitter_site":"@sunoresearch","twitter_misc":{"Escrito por":"Vict\u00f3ria Anhesini","Est. tempo de leitura":"3 minutos"},"schema":{"@context":"https:\/\/schema.org","@graph":[{"@type":"NewsArticle","@id":"https:\/\/www.suno.com.br\/noticias\/cyrela-cyre3-dividendos-extraordinarios-bofa\/#article","isPartOf":{"@id":"https:\/\/www.suno.com.br\/noticias\/cyrela-cyre3-dividendos-extraordinarios-bofa\/"},"author":{"name":"Vict\u00f3ria Anhesini","@id":"https:\/\/www.suno.com.br\/noticias\/#\/schema\/person\/46d847cb19ad53fde0857adca989c23f"},"headline":"Cyrela (CYRE3) n\u00e3o deve ter dividendos extraordin\u00e1rios em 2022; mas BofA reitera compra","datePublished":"2022-02-15T00:37:40+00:00","mainEntityOfPage":{"@id":"https:\/\/www.suno.com.br\/noticias\/cyrela-cyre3-dividendos-extraordinarios-bofa\/"},"wordCount":624,"publisher":{"@id":"https:\/\/www.suno.com.br\/noticias\/#organization"},"image":{"@id":"https:\/\/www.suno.com.br\/noticias\/cyrela-cyre3-dividendos-extraordinarios-bofa\/#primaryimage"},"thumbnailUrl":"https:\/\/files.sunoresearch.com.br\/n\/uploads\/2020\/09\/e560dd38-canuto_casas_abr181219img_04464901-jpg.webp","keywords":["Bank Of America (BOAC34)","Cyrela (CYRE3)","Especialistas"],"articleSection":["Neg\u00f3cios"],"inLanguage":"pt-BR"},{"@type":"WebPage","@id":"https:\/\/www.suno.com.br\/noticias\/cyrela-cyre3-dividendos-extraordinarios-bofa\/","url":"https:\/\/www.suno.com.br\/noticias\/cyrela-cyre3-dividendos-extraordinarios-bofa\/","name":"Cyrela (CYRE3 n\u00e3o ter\u00e1 dividendos extraordin\u00e1rios: mas BofA indica a\u00e7\u00e3o","isPartOf":{"@id":"https:\/\/www.suno.com.br\/noticias\/#website"},"primaryImageOfPage":{"@id":"https:\/\/www.suno.com.br\/noticias\/cyrela-cyre3-dividendos-extraordinarios-bofa\/#primaryimage"},"image":{"@id":"https:\/\/www.suno.com.br\/noticias\/cyrela-cyre3-dividendos-extraordinarios-bofa\/#primaryimage"},"thumbnailUrl":"https:\/\/files.sunoresearch.com.br\/n\/uploads\/2020\/09\/e560dd38-canuto_casas_abr181219img_04464901-jpg.webp","datePublished":"2022-02-15T00:37:40+00:00","description":"Em reuni\u00e3o virtual com o BofA o diretor financeiro da Cyrela (CYRE3), discutiu as perspectivas da empresa para o ano de 2022. Veja mais!","breadcrumb":{"@id":"https:\/\/www.suno.com.br\/noticias\/cyrela-cyre3-dividendos-extraordinarios-bofa\/#breadcrumb"},"inLanguage":"pt-BR","potentialAction":[{"@type":"ReadAction","target":["https:\/\/www.suno.com.br\/noticias\/cyrela-cyre3-dividendos-extraordinarios-bofa\/"]}]},{"@type":"ImageObject","inLanguage":"pt-BR","@id":"https:\/\/www.suno.com.br\/noticias\/cyrela-cyre3-dividendos-extraordinarios-bofa\/#primaryimage","url":"https:\/\/files.sunoresearch.com.br\/n\/uploads\/2020\/09\/e560dd38-canuto_casas_abr181219img_04464901-jpg.webp","contentUrl":"https:\/\/files.sunoresearch.com.br\/n\/uploads\/2020\/09\/e560dd38-canuto_casas_abr181219img_04464901-jpg.webp","width":1200,"height":800,"caption":"Cyrela (CYRE3). Foto: Divulga\u00e7\u00e3o"},{"@type":"BreadcrumbList","@id":"https:\/\/www.suno.com.br\/noticias\/cyrela-cyre3-dividendos-extraordinarios-bofa\/#breadcrumb","itemListElement":[{"@type":"ListItem","position":1,"name":"Not\u00edcias","item":"https:\/\/www.suno.com.br\/noticias\/"},{"@type":"ListItem","position":2,"name":"Neg\u00f3cios","item":"https:\/\/www.suno.com.br\/noticias\/negocios\/"},{"@type":"ListItem","position":3,"name":"Cyrela (CYRE3) n\u00e3o deve ter dividendos extraordin\u00e1rios em 2022; mas BofA reitera compra"}]},{"@type":"WebSite","@id":"https:\/\/www.suno.com.br\/noticias\/#website","url":"https:\/\/www.suno.com.br\/noticias\/","name":"Suno Not\u00edcias","description":"Seu portal de informa\u00e7\u00e3o sobre o mundo dos investimentos","publisher":{"@id":"https:\/\/www.suno.com.br\/noticias\/#organization"},"potentialAction":[{"@type":"SearchAction","target":{"@type":"EntryPoint","urlTemplate":"https:\/\/www.suno.com.br\/noticias\/?s={search_term_string}"},"query-input":{"@type":"PropertyValueSpecification","valueRequired":true,"valueName":"search_term_string"}}],"inLanguage":"pt-BR"},{"@type":"Organization","@id":"https:\/\/www.suno.com.br\/noticias\/#organization","name":"Suno Not\u00edcias","url":"https:\/\/www.suno.com.br\/noticias\/","logo":{"@type":"ImageObject","inLanguage":"pt-BR","@id":"https:\/\/www.suno.com.br\/noticias\/#\/schema\/logo\/image\/","url":"https:\/\/files.sunoresearch.com.br\/n\/uploads\/2021\/09\/suno-logo.png","contentUrl":"https:\/\/files.sunoresearch.com.br\/n\/uploads\/2021\/09\/suno-logo.png","width":180,"height":180,"caption":"Suno Not\u00edcias"},"image":{"@id":"https:\/\/www.suno.com.br\/noticias\/#\/schema\/logo\/image\/"},"sameAs":["https:\/\/facebook.com\/sunoresearch","https:\/\/x.com\/sunoresearch","https:\/\/www.instagram.com\/suno","https:\/\/www.linkedin.com\/company\/suno-research\/","https:\/\/www.youtube.com\/c\/sunoresearch"]},{"@type":"Person","@id":"https:\/\/www.suno.com.br\/noticias\/#\/schema\/person\/46d847cb19ad53fde0857adca989c23f","name":"Vict\u00f3ria Anhesini","image":{"@type":"ImageObject","inLanguage":"pt-BR","@id":"https:\/\/www.suno.com.br\/noticias\/#\/schema\/person\/image\/","url":"https:\/\/secure.gravatar.com\/avatar\/0172bdfcd9129dd9dd68794804304e6e?s=96&r=g","contentUrl":"https:\/\/secure.gravatar.com\/avatar\/0172bdfcd9129dd9dd68794804304e6e?s=96&r=g","caption":"Vict\u00f3ria Anhesini"},"description":"Rep\u00f3rter no Suno Not\u00edcias, cobre mercados, neg\u00f3cios e economia, escrevendo majoritariamente sobre movimentos das empresas, cobertura de balan\u00e7os trimestrais e Bolsa de Valores. Formada em jornalismo pela Universidade Presbiteriana Mackenzie em 2019, passou pelo portal de economia e finan\u00e7as EuQueroInvestir como rep\u00f3rter e anteriormente, trabalhou na assessoria de imprensa PinePR, onde liderou com startups de inova\u00e7\u00e3o, tecnologia e finan\u00e7as. Em seu tempo livre, fala sobre m\u00fasica para ambos os sites do selo ForMusic, Wikimetal e Mad Sound, e faz trabalho volunt\u00e1rio no programa Escreve Cartas do Poupatempo.","sameAs":["https:\/\/www.linkedin.com\/in\/victoria-anhesini\/"],"url":"https:\/\/www.suno.com.br\/noticias\/author\/victoria\/"}]}},"default_loop_html":"<div class=\"cardsPage__listCard__boxs\"><div class=\"cardsPage__listCard__boxs__img\"><a href=\"https:\/\/www.suno.com.br\/noticias\/cyrela-cyre3-dividendos-extraordinarios-bofa\/\"><img class=\"mask\" src=\"https:\/\/www.suno.com.br\/noticias\/wp-content\/themes\/suno\/resources\/images\/spotlight\/spotlight1img\/bg-mask.png\" alt=\"Image Mask\"\/><img src=\"https:\/\/files.sunoresearch.com.br\/n\/uploads\/2020\/09\/e560dd38-canuto_casas_abr181219img_04464901-400x200.webp\" alt=\"Cyrela (CYRE3) n\u00e3o deve ter dividendos extraordin\u00e1rios em 2022; mas BofA reitera compra\"\/><\/a><span class=\"spotlightCategory\"><a href=\"https:\/\/www.suno.com.br\/noticias\/negocios\/\">Neg\u00f3cios<\/a><\/span><\/div><div class=\"cardsPage__listCard__boxs__content\"><a href=\"https:\/\/www.suno.com.br\/noticias\/cyrela-cyre3-dividendos-extraordinarios-bofa\/\"><h2 class=\"content__title\">Cyrela (CYRE3) n\u00e3o deve ter dividendos extraordin\u00e1rios em 2022; mas BofA reitera compra<\/h2><\/a><div class=\"newsContent__article__meta\"><div class=\"newsContent__article__meta__authorBox\"><a href=\"https:\/\/www.suno.com.br\/noticias\/author\/victoria\/\" class=\"authorBox__avatar noMobi\"><img src=\"https:\/\/files.sunoresearch.com.br\/n\/uploads\/2021\/12\/20190129VickyPINEAPPLE01-1-150x150.jpg\" alt=\"Vict\u00f3ria Anhesini\"><\/a><div class=\"authorBox__name\"><span>por\n\t\t\t<a href=\"https:\/\/www.suno.com.br\/noticias\/author\/victoria\/\"><span itemprop=\"author\">Vict\u00f3ria Anhesini<\/span><\/a><\/span><time datetime=\"2022-02-14T21:37:40-03:00\" itemprop=\"datePublished\">14\/02\/2022 21:37<\/time><\/div><\/div><\/div><\/div><\/div>","single_layout":"posts","amp_enabled":true,"_links":{"self":[{"href":"https:\/\/www.suno.com.br\/noticias\/wp-json\/wp\/v2\/posts\/231336"}],"collection":[{"href":"https:\/\/www.suno.com.br\/noticias\/wp-json\/wp\/v2\/posts"}],"about":[{"href":"https:\/\/www.suno.com.br\/noticias\/wp-json\/wp\/v2\/types\/post"}],"author":[{"embeddable":true,"href":"https:\/\/www.suno.com.br\/noticias\/wp-json\/wp\/v2\/users\/146"}],"replies":[{"embeddable":true,"href":"https:\/\/www.suno.com.br\/noticias\/wp-json\/wp\/v2\/comments?post=231336"}],"version-history":[{"count":3,"href":"https:\/\/www.suno.com.br\/noticias\/wp-json\/wp\/v2\/posts\/231336\/revisions"}],"predecessor-version":[{"id":231437,"href":"https:\/\/www.suno.com.br\/noticias\/wp-json\/wp\/v2\/posts\/231336\/revisions\/231437"}],"wp:featuredmedia":[{"embeddable":true,"href":"https:\/\/www.suno.com.br\/noticias\/wp-json\/wp\/v2\/media\/84975"}],"wp:attachment":[{"href":"https:\/\/www.suno.com.br\/noticias\/wp-json\/wp\/v2\/media?parent=231336"}],"wp:term":[{"taxonomy":"category","embeddable":true,"href":"https:\/\/www.suno.com.br\/noticias\/wp-json\/wp\/v2\/categories?post=231336"},{"taxonomy":"post_tag","embeddable":true,"href":"https:\/\/www.suno.com.br\/noticias\/wp-json\/wp\/v2\/tags?post=231336"},{"taxonomy":"suno_strategy","embeddable":true,"href":"https:\/\/www.suno.com.br\/noticias\/wp-json\/wp\/v2\/suno_strategy?post=231336"}],"curies":[{"name":"wp","href":"https:\/\/api.w.org\/{rel}","templated":true}]}}