{"id":230993,"date":"2022-02-12T15:38:24","date_gmt":"2022-02-12T18:38:24","guid":{"rendered":"https:\/\/www.suno.com.br\/noticias\/?p=230993"},"modified":"2022-02-12T15:38:24","modified_gmt":"2022-02-12T18:38:24","slug":"ibovespa-frigorificos-mrfg3-jbss3-beef3-destaque-5-acoes-valorizadas-semana","status":"publish","type":"post","link":"https:\/\/www.suno.com.br\/noticias\/ibovespa-frigorificos-mrfg3-jbss3-beef3-destaque-5-acoes-valorizadas-semana\/","title":{"rendered":"Ibovespa: Frigor\u00edficos &#8211; Marfrig (MRFG3), JBS (JBSS3) e Minerva (BEEF3) &#8211; s\u00e3o destaques entre 5 a\u00e7\u00f5es mais valorizadas da semana"},"content":{"rendered":"<p>No \u00faltimo preg\u00e3o, o <strong>Ibovespa<\/strong>, principal \u00edndice acion\u00e1rio brasileiro, fechou em alta de 0,18%, aos 113.672,35 pontos contrariando os temores externos de um conflito entre R\u00fassia e Ucr\u00e2nia no leste europeu e na dire\u00e7\u00e3o contr\u00e1ria ao ritmo imposto pelos operadores em Nova York.<\/p>\t<div class=\"wrapper-featured-image\">\n\t\t<figure class=\"spotlightImg\">\n\n\t\t\t<picture>\n\t\t\t\t<source media=\"(max-width: 768px)\" srcset=\"https:\/\/files.sunoresearch.com.br\/n\/uploads\/2022\/02\/pexels-pixabay-36347-400x200.jpg\">\n\t\t\t\t<img loading=\"lazy\" decoding=\"async\" class=\"newsContent__article__imgCapa lazyloadDisabled \" src=\"https:\/\/files.sunoresearch.com.br\/n\/uploads\/2022\/02\/pexels-pixabay-36347-800x450.jpg\" width=\"800\" height=\"450\" alt=\"Ibovespa: Frigor\u00edficos &#8211; Marfrig (MRFG3), JBS (JBSS3) e Minerva (BEEF3) &#8211; s\u00e3o destaques entre 5 a\u00e7\u00f5es mais valorizadas da semana\" fetchpriority=high \/>\n\t\t\t<\/picture>\n\n\t\t\t<figcaption class=\"wp-caption-text wp-caption-text--show\">Exporta\u00e7\u00f5es de carne bovina e su\u00edna impulsionam desempenho dos frigor\u00edficos.\n\n Foto: Pexels.<\/figcaption>\n\t\t<\/figure>\n\t<\/div>\n\n\n\t<p>\n\t\t<a href=\"https:\/\/lp.suno.com.br\/planilha-controle-gastos\/\" target=\"_blank\" data-element=\"shortcode-suno-banner\" title=\"Banner SUNO, clique e saiba mais\">\n\t\t\t<picture>\n\t\t\t\t<source media=\"(max-width: 500px)\" srcset=\"https:\/\/files.sunoresearch.com.br\/n\/uploads\/2023\/03\/400x300-Planilha-controle-de-gastos.png\">\n\t\t\t\t<img class=\"newsContent__article__imgCapa newsContent__article__imgCapa--banner\"\n\t\t\t\t\tsrc=\"https:\/\/files.sunoresearch.com.br\/n\/uploads\/2023\/03\/1420x240-Planilha-controle-de-gastos.png\"\n\t\t\t\t\tdata-promo-id=\"101751\"\t\t\t\t\t\t\t\t\t\twidth='1420' height='240'\t\t\t\t\talt=\"https:\/\/files.sunoresearch.com.br\/n\/uploads\/2023\/03\/1420x240-Planilha-controle-de-gastos.png\"\n\t\t\t\t>\n\t\t\t<\/picture>\n\t\t<\/a>\n\t<\/p>\n\n\n<p>Na semana, a <strong>infla\u00e7\u00e3o americana<\/strong> acima do esperado provocou ondas por todo o mundo e derrubou bolsas de valores por conta de um temor de aperto monet\u00e1rio que pudesse provocar uma fuga de capital em dire\u00e7\u00e3o \u00e0 <a class=\"suno-keyword\" href=\"https:\/\/www.suno.com.br\/artigos\/titulos-publicos\/\" target=\"_blank\" rel=\"noopener\" data-force=\"no\" data-priority=\"1\">t\u00edtulos p\u00fablicos<\/a> dos Estados Unidos. Mas este n\u00e3o foi o caso do Brasil.<\/p>\n<p>No acumulado dos \u00faltimos cinco dias, o Ibovespa teve alta de 1,18%, com valoriza\u00e7\u00e3o de 1,27% no m\u00eas de fevereiro e de 8,35% no ano. Principal destaque da semana foi o <strong>setor de frigor\u00edficos<\/strong>, por conta dos bons resultados esperados para os <strong>balan\u00e7os<\/strong> referentes ao quarto trimestre de 2021.<\/p>\n\t<p>\n\t\t<a href=\"https:\/\/lp.suno.com.br\/planilha-da-vida-financeira\/\" target=\"_blank\" data-element=\"shortcode-suno-banner\" title=\"Banner SUNO, clique e saiba mais\">\n\t\t\t<picture>\n\t\t\t\t<source media=\"(max-width: 500px)\" srcset=\"https:\/\/files.sunoresearch.com.br\/n\/uploads\/2023\/04\/400x300-Planilha-vida-financeira-true.png\">\n\t\t\t\t<img class=\"newsContent__article__imgCapa newsContent__article__imgCapa--banner\"\n\t\t\t\t\tsrc=\"https:\/\/files.sunoresearch.com.br\/n\/uploads\/2023\/04\/1420x240-Planilha-vida-financeira-true.png\"\n\t\t\t\t\tdata-promo-id=\"106682\"\t\t\t\t\t\t\t\t\t\twidth='1420' height='240'\t\t\t\t\talt=\"https:\/\/files.sunoresearch.com.br\/n\/uploads\/2023\/04\/1420x240-Planilha-vida-financeira-true.png\"\n\t\t\t\t>\n\t\t\t<\/picture>\n\t\t<\/a>\n\t<\/p>\n\n\n<h2>Confira a seguir, as cinco maiores altas do Ibovespa esta semana:<\/h2>\n<ol>\n<li><a class=\"suno-keyword\" href=\"https:\/\/www.suno.com.br\/acoes\/MRFG3\/\" target=\"_blank\" rel=\"noopener\" data-force=\"yes\" data-priority=\"2\">Marfrig (MRFG3)<\/a>: +12,94%;<\/li>\n<li><a class=\"suno-keyword\" href=\"https:\/\/www.suno.com.br\/acoes\/JBSS3\/\" target=\"_blank\" rel=\"noopener\" data-force=\"yes\" data-priority=\"2\">JBS (JBSS3)<\/a>: +12,50%;<\/li>\n<li><a class=\"suno-keyword\" href=\"https:\/\/www.suno.com.br\/acoes\/NTCO3\/\" target=\"_blank\" rel=\"noopener\" data-force=\"yes\" data-priority=\"2\">Natura (NTCO3)<\/a>: +11,04%;<\/li>\n<li><a class=\"suno-keyword\" href=\"https:\/\/www.suno.com.br\/acoes\/BEEF3\/\" target=\"_blank\" rel=\"noopener\" data-force=\"yes\" data-priority=\"2\">Minerva (BEEF3)<\/a>: +10,62%;<\/li>\n<li><a href=\"https:\/\/www.suno.com.br\/acoes\/brap4\/\">Bradesco Participa\u00e7\u00f5es (BRAP4)<\/a>: +8,77%.<\/li>\n<\/ol>\n<h2>1\u00ba Marfrig<\/h2>\n<p>O frigor\u00edfico ficou em primeiro lugar entre as <strong>a\u00e7\u00f5es mais valorizadas do Ibovespa na semana<\/strong>. Ontem (11), os pap\u00e9is da companhia encerraram o dia cotados a R$ 22,95, ap\u00f3s valoriza\u00e7\u00e3o de 0,26% intradia.<\/p>\n<p>Segundo relat\u00f3rio do Ita\u00fa BBA, &#8220;a grande exposi\u00e7\u00e3o [da <strong>Marfrig<\/strong> e da JBS] ao mercado norte-americano permita que elas se beneficiem do<br \/>\ncen\u00e1rio consumidor benigno que a regi\u00e3o vem apresentando&#8221;.<\/p>\n<p>&#8220;Somado a isso, vimos ao longo do trimestre uma melhora na rela\u00e7\u00e3o dos spreads (pre\u00e7o de compra do gado vs. pre\u00e7o de venda das carca\u00e7as) da regi\u00e3o, o que dever\u00e1 favorecer as duas empresas diante da possibilidade de uma expans\u00e3o de Ebitda (resultado operacional). Por outro lado, as opera\u00e7\u00f5es no Brasil, que sofrem com a escalada no custo do gado no Pa\u00eds, dever\u00e3o ser pressionadas&#8221;, concluiu.<\/p>\n\t<p>\n\t\t<a href=\"https:\/\/lp.suno.com.br\/ebook-como-analisar-uma-acao\/\" target=\"_blank\" data-element=\"shortcode-suno-banner\" title=\"Banner SUNO, clique e saiba mais\">\n\t\t\t<picture>\n\t\t\t\t<source media=\"(max-width: 500px)\" srcset=\"https:\/\/files.sunoresearch.com.br\/n\/uploads\/2023\/03\/Ebook-Acoes-Mobile-1.jpg\">\n\t\t\t\t<img class=\"newsContent__article__imgCapa newsContent__article__imgCapa--banner\"\n\t\t\t\t\tsrc=\"https:\/\/files.sunoresearch.com.br\/n\/uploads\/2023\/03\/Ebook-Acoes-Desktop-1.jpg\"\n\t\t\t\t\tdata-promo-id=\"171998\"\t\t\t\t\t\t\t\t\t\twidth='1420' height='286'\t\t\t\t\talt=\"https:\/\/files.sunoresearch.com.br\/n\/uploads\/2023\/03\/Ebook-Acoes-Desktop-1.jpg\"\n\t\t\t\t>\n\t\t\t<\/picture>\n\t\t<\/a>\n\t<\/p>\n\n\n<h2>2\u00ba JBS<\/h2>\n<p>Surfando a semana <strong>boa para o setor de frigor\u00edficos no Ibovespa<\/strong>, na sequ\u00eancia vem a <strong>JBS<\/strong>. Na sexta-feira (11), as a\u00e7\u00f5es da empresa tiveram valoriza\u00e7\u00e3o de 0,73% e fecharam cotadas a R$ 38,52 cada.<\/p>\n<p>Para o BTG Pactual, apesar de as margens do setor de prote\u00edna animal estarem pr\u00f3ximas da m\u00ednima hist\u00f3rica, os ganhos da JBS permanecem resilientes ao cen\u00e1rio macroecon\u00f4mico e as iniciativas ESG est\u00e3o avan\u00e7ando em todas as frentes.<\/p>\n<p>&#8220;Temos dificuldade em ver raz\u00f5es para justificar o\u00a0<em>valuation<\/em> abaixo do n\u00edvel hist\u00f3rico&#8221;, afirma. &#8220;A JBS \u00e9 a nossa \u00fanica recomenda\u00e7\u00e3o de compra do setor de comida e a principal escolha do ranking de Alimenta\u00e7\u00e3o &amp; Bebidas&#8221;, completa indicando <a class=\"suno-keyword\" href=\"https:\/\/www.suno.com.br\/artigos\/preco-alvo\/\" target=\"_blank\" rel=\"noopener\" data-force=\"no\" data-priority=\"1\">pre\u00e7o alvo<\/a> de R$ 55,00.<\/p>\n\t<div data-element=\"shortcode-read-more\" class=\"knowMore\">\n\t\t\t\t<a class=\"knowMore__link\" href=\"https:\/\/www.suno.com.br\/noticias\/jbs-jbss3-marfrig-mrfg3-4t21-balanco-bofa\/\">\n\t\t\tJBS (JBSS3) e Marfrig (MRFG3) ter\u00e3o 4T21 forte, com lucro e Ebitda em alta, diz BofA\t\t<\/a>\n\t<\/div>\n\n\n<h2>3\u00ba Natura<\/h2>\n<p>Quebrando o p\u00f3dio do setor de frigor\u00edficos no desempenho do Ibovespa esta semana, a <strong>Natura<\/strong> divulgou esta semana novas iniciativas de transforma\u00e7\u00e3o da marca e programas de trabalho.<\/p>\n<p>Respons\u00e1vel pela maior contribui\u00e7\u00e3o negativa individual ao desempenho do lend\u00e1rio Fundo Verde em 2021, os gestores da carteira sa\u00edram em defesa da escolha dos pap\u00e9is da Natura esta semana e disseram acreditar que a empresa est\u00e1 &#8220;no est\u00e1gio inicial de profundo processo de transforma\u00e7\u00e3o&#8221;.<\/p>\n\t<p>\n\t\t<a href=\"https:\/\/lp.suno.com.br\/planilha-de-controle-de-investimentos\/\" target=\"_blank\" data-element=\"shortcode-suno-banner\" title=\"Banner SUNO, clique e saiba mais\">\n\t\t\t<picture>\n\t\t\t\t<source media=\"(max-width: 500px)\" srcset=\"https:\/\/files.sunoresearch.com.br\/n\/uploads\/2023\/03\/400x300-Controle-de-Investimentos.png\">\n\t\t\t\t<img class=\"newsContent__article__imgCapa newsContent__article__imgCapa--banner\"\n\t\t\t\t\tsrc=\"https:\/\/files.sunoresearch.com.br\/n\/uploads\/2023\/03\/1420x240-Controle-de-Investimentos.png\"\n\t\t\t\t\tdata-promo-id=\"75934\"\t\t\t\t\t\t\t\t\t\twidth='1420' height='240'\t\t\t\t\talt=\"https:\/\/files.sunoresearch.com.br\/n\/uploads\/2023\/03\/1420x240-Controle-de-Investimentos.png\"\n\t\t\t\t>\n\t\t\t<\/picture>\n\t\t<\/a>\n\t<\/p>\n\n\n<h2>4\u00ba Minerva<\/h2>\n<p>Completando a fila de produtos animais, a <strong>Minerva<\/strong> registrou desvaloriza\u00e7\u00e3o de 1,19% na sexta-feira e fechou o dia cotada a R$ 10,01.<\/p>\n<p>Para o Ita\u00fa BBA, &#8220;com maior exposi\u00e7\u00e3o ao Brasil, a escalada no custo do gado no Pa\u00eds dever\u00e1 pesar em seus resultados. O mercado consumidor<br \/>\ninterno n\u00e3o est\u00e1 mais conseguindo absorver os aumentos de pre\u00e7os e os frigor\u00edficos t\u00eam sido puxados pelo mercado internacional favorecido pelo d\u00f3lar, ainda apreciado frente ao Real.&#8221;<\/p>\n<p>&#8220;Acreditamos que outro fator negativo no quarto trimestre tenha sido a interrup\u00e7\u00e3o das exporta\u00e7\u00f5es de carne bovina para a China, ap\u00f3s os casos de vaca louca confirmados ao longo do segundo semestre. Mesmo ap\u00f3s a retomada desse importante parceiro comercial no final de dezembro, acreditamos que o impacto positivo ser\u00e1 observado apenas no resultado do primeiro trimestre de 2022&#8221;, completou a institui\u00e7\u00e3o.<\/p>\n<p>J\u00e1 o BB Investimentos manteve a recomenda\u00e7\u00e3o de compra para os pap\u00e9is da Minerva, mirando o pre\u00e7o-alvo a R$ 15,00. &#8220;A retomada das compras por parte da China mant\u00e9m o cen\u00e1rio favor\u00e1vel \u00e0s exporta\u00e7\u00f5es brasileiras de carne bovina. Do lado da oferta, o volume de animais terminados ainda \u00e9 limitado, o que tem contribu\u00eddo para sustentar os altos pre\u00e7os da arroba.&#8221;<\/p>\n<h2>5\u00ba Bradesco Participa\u00e7\u00f5es<\/h2>\n<p>As a\u00e7\u00f5es do bra\u00e7o de investimento do banco tiveram valoriza\u00e7\u00e3o na sexta-feira, de 1,10%, e, com isso, fecharam a semana cotadas a R$ 31,27. Os pap\u00e9is acompanham boa fase que vive o setor financeiro, ap\u00f3s os bons resultados do Ita\u00fa Unibanco esta semana contaminarem demais a\u00e7\u00f5es do setor no <strong>Ibovespa<\/strong>.<\/p>\n\t<p>\n\t\t<a href=\"\" target=\"_blank\" data-element=\"shortcode-suno-banner\" title=\"Banner SUNO, clique e saiba mais\">\n\t\t\t<picture>\n\t\t\t\t<source media=\"(max-width: 500px)\" srcset=\"\">\n\t\t\t\t<img class=\"newsContent__article__imgCapa newsContent__article__imgCapa--banner\"\n\t\t\t\t\tsrc=\"\"\n\t\t\t\t\tdata-promo-id=\"184190\"\t\t\t\t\t\t\t\t\t\t\t\t\t\t\talt=\"\"\n\t\t\t\t>\n\t\t\t<\/picture>\n\t\t<\/a>\n\t<\/p>\n\n\n","protected":false},"excerpt":{"rendered":"<p>No \u00faltimo preg\u00e3o, o Ibovespa, principal \u00edndice acion\u00e1rio brasileiro, fechou em alta de 0,18%, aos 113.672,35 pontos contrariando os temores externos de um conflito entre R\u00fassia e Ucr\u00e2nia no leste europeu e na dire\u00e7\u00e3o contr\u00e1ria ao ritmo imposto pelos operadores em Nova York. Exporta\u00e7\u00f5es de carne bovina e su\u00edna impulsionam desempenho dos frigor\u00edficos. Foto: Pexels. [&hellip;]<\/p>\n","protected":false},"author":145,"featured_media":230995,"comment_status":"closed","ping_status":"closed","sticky":false,"template":"","format":"standard","meta":[],"categories":[64],"tags":[393,105816,721,521,552,563,574],"suno_strategy":[],"class_list":["post-230993","post","type-post","status-publish","format-standard","has-post-thumbnail","hentry","category-negocios","tag-bradespar-brap3-brap4","tag-especialistas","tag-ibovespa","tag-jbs-jbss3","tag-marfrig-mrfg3","tag-minerva-beef11-beef3","tag-natura-ntco3"],"yoast_head":"<!-- This site is optimized with the Yoast SEO plugin v24.4 - https:\/\/yoast.com\/wordpress\/plugins\/seo\/ -->\n<title>Ibovespa: Frigor\u00edficos s\u00e3o destaque entre a\u00e7\u00f5es valorizadas na semana<\/title>\n<meta name=\"description\" content=\"Os principais acontecimentos do Suno Not\u00edcias sobre as 5 empresas do Ibovespa que mais valorizaram na semana. Clique aqui e saiba mais\" \/>\n<meta name=\"robots\" content=\"index, follow, max-snippet:-1, max-image-preview:large, max-video-preview:-1\" \/>\n<link rel=\"canonical\" href=\"https:\/\/www.suno.com.br\/noticias\/ibovespa-frigorificos-mrfg3-jbss3-beef3-destaque-5-acoes-valorizadas-semana\/\" \/>\n<meta property=\"og:locale\" content=\"pt_BR\" \/>\n<meta property=\"og:type\" content=\"article\" \/>\n<meta property=\"og:title\" content=\"Ibovespa: Frigor\u00edficos s\u00e3o destaque entre a\u00e7\u00f5es valorizadas na semana\" \/>\n<meta property=\"og:description\" content=\"Os principais acontecimentos do Suno Not\u00edcias sobre as 5 empresas do Ibovespa que mais valorizaram na semana. Clique aqui e saiba mais\" \/>\n<meta property=\"og:url\" content=\"https:\/\/www.suno.com.br\/noticias\/ibovespa-frigorificos-mrfg3-jbss3-beef3-destaque-5-acoes-valorizadas-semana\/\" \/>\n<meta property=\"og:site_name\" content=\"Suno Not\u00edcias\" \/>\n<meta property=\"article:publisher\" content=\"https:\/\/facebook.com\/sunoresearch\" \/>\n<meta property=\"og:image\" content=\"https:\/\/files.sunoresearch.com.br\/n\/uploads\/2022\/02\/pexels-pixabay-36347-scaled.jpg\" \/>\n\t<meta property=\"og:image:width\" content=\"2560\" \/>\n\t<meta property=\"og:image:height\" content=\"1707\" \/>\n\t<meta property=\"og:image:type\" content=\"image\/jpeg\" \/>\n<meta name=\"author\" content=\"Pedro Caramuru\" \/>\n<meta name=\"twitter:card\" content=\"summary_large_image\" \/>\n<meta name=\"twitter:creator\" content=\"@sunoresearch\" \/>\n<meta name=\"twitter:site\" content=\"@sunoresearch\" \/>\n<meta name=\"twitter:label1\" content=\"Escrito por\" \/>\n\t<meta name=\"twitter:data1\" content=\"Pedro Caramuru\" \/>\n\t<meta name=\"twitter:label2\" content=\"Est. tempo de leitura\" \/>\n\t<meta name=\"twitter:data2\" content=\"4 minutos\" \/>\n<script type=\"application\/ld+json\" class=\"yoast-schema-graph\">{\"@context\":\"https:\/\/schema.org\",\"@graph\":[{\"@type\":\"NewsArticle\",\"@id\":\"https:\/\/www.suno.com.br\/noticias\/ibovespa-frigorificos-mrfg3-jbss3-beef3-destaque-5-acoes-valorizadas-semana\/#article\",\"isPartOf\":{\"@id\":\"https:\/\/www.suno.com.br\/noticias\/ibovespa-frigorificos-mrfg3-jbss3-beef3-destaque-5-acoes-valorizadas-semana\/\"},\"author\":{\"name\":\"Pedro Caramuru\",\"@id\":\"https:\/\/www.suno.com.br\/noticias\/#\/schema\/person\/8d020643938f12a823508eb0e5fda407\"},\"headline\":\"Ibovespa: Frigor\u00edficos &#8211; Marfrig (MRFG3), JBS (JBSS3) e Minerva (BEEF3) &#8211; s\u00e3o destaques entre 5 a\u00e7\u00f5es mais valorizadas da semana\",\"datePublished\":\"2022-02-12T18:38:24+00:00\",\"mainEntityOfPage\":{\"@id\":\"https:\/\/www.suno.com.br\/noticias\/ibovespa-frigorificos-mrfg3-jbss3-beef3-destaque-5-acoes-valorizadas-semana\/\"},\"wordCount\":844,\"publisher\":{\"@id\":\"https:\/\/www.suno.com.br\/noticias\/#organization\"},\"image\":{\"@id\":\"https:\/\/www.suno.com.br\/noticias\/ibovespa-frigorificos-mrfg3-jbss3-beef3-destaque-5-acoes-valorizadas-semana\/#primaryimage\"},\"thumbnailUrl\":\"https:\/\/files.sunoresearch.com.br\/n\/uploads\/2022\/02\/pexels-pixabay-36347-scaled.jpg\",\"keywords\":[\"Bradespar (BRAP3\/BRAP4)\",\"Especialistas\",\"Ibovespa\",\"JBS (JBSS3)\",\"Marfrig (MRFG3)\",\"Minerva (BEEF11\/BEEF3)\",\"Natura (NTCO3)\"],\"articleSection\":[\"Neg\u00f3cios\"],\"inLanguage\":\"pt-BR\"},{\"@type\":\"WebPage\",\"@id\":\"https:\/\/www.suno.com.br\/noticias\/ibovespa-frigorificos-mrfg3-jbss3-beef3-destaque-5-acoes-valorizadas-semana\/\",\"url\":\"https:\/\/www.suno.com.br\/noticias\/ibovespa-frigorificos-mrfg3-jbss3-beef3-destaque-5-acoes-valorizadas-semana\/\",\"name\":\"Ibovespa: Frigor\u00edficos s\u00e3o destaque entre a\u00e7\u00f5es valorizadas na semana\",\"isPartOf\":{\"@id\":\"https:\/\/www.suno.com.br\/noticias\/#website\"},\"primaryImageOfPage\":{\"@id\":\"https:\/\/www.suno.com.br\/noticias\/ibovespa-frigorificos-mrfg3-jbss3-beef3-destaque-5-acoes-valorizadas-semana\/#primaryimage\"},\"image\":{\"@id\":\"https:\/\/www.suno.com.br\/noticias\/ibovespa-frigorificos-mrfg3-jbss3-beef3-destaque-5-acoes-valorizadas-semana\/#primaryimage\"},\"thumbnailUrl\":\"https:\/\/files.sunoresearch.com.br\/n\/uploads\/2022\/02\/pexels-pixabay-36347-scaled.jpg\",\"datePublished\":\"2022-02-12T18:38:24+00:00\",\"description\":\"Os principais acontecimentos do Suno Not\u00edcias sobre as 5 empresas do Ibovespa que mais valorizaram na semana. Clique aqui e saiba mais\",\"breadcrumb\":{\"@id\":\"https:\/\/www.suno.com.br\/noticias\/ibovespa-frigorificos-mrfg3-jbss3-beef3-destaque-5-acoes-valorizadas-semana\/#breadcrumb\"},\"inLanguage\":\"pt-BR\",\"potentialAction\":[{\"@type\":\"ReadAction\",\"target\":[\"https:\/\/www.suno.com.br\/noticias\/ibovespa-frigorificos-mrfg3-jbss3-beef3-destaque-5-acoes-valorizadas-semana\/\"]}]},{\"@type\":\"ImageObject\",\"inLanguage\":\"pt-BR\",\"@id\":\"https:\/\/www.suno.com.br\/noticias\/ibovespa-frigorificos-mrfg3-jbss3-beef3-destaque-5-acoes-valorizadas-semana\/#primaryimage\",\"url\":\"https:\/\/files.sunoresearch.com.br\/n\/uploads\/2022\/02\/pexels-pixabay-36347-scaled.jpg\",\"contentUrl\":\"https:\/\/files.sunoresearch.com.br\/n\/uploads\/2022\/02\/pexels-pixabay-36347-scaled.jpg\",\"width\":2560,\"height\":1707,\"caption\":\"Exporta\u00e7\u00f5es de carne bovina e su\u00edna impulsionam desempenho dos frigor\u00edficos. Foto: Pexels.\"},{\"@type\":\"BreadcrumbList\",\"@id\":\"https:\/\/www.suno.com.br\/noticias\/ibovespa-frigorificos-mrfg3-jbss3-beef3-destaque-5-acoes-valorizadas-semana\/#breadcrumb\",\"itemListElement\":[{\"@type\":\"ListItem\",\"position\":1,\"name\":\"Not\u00edcias\",\"item\":\"https:\/\/www.suno.com.br\/noticias\/\"},{\"@type\":\"ListItem\",\"position\":2,\"name\":\"Neg\u00f3cios\",\"item\":\"https:\/\/www.suno.com.br\/noticias\/negocios\/\"},{\"@type\":\"ListItem\",\"position\":3,\"name\":\"Ibovespa: Frigor\u00edficos &#8211; Marfrig (MRFG3), JBS (JBSS3) e Minerva (BEEF3) &#8211; s\u00e3o destaques entre 5 a\u00e7\u00f5es mais valorizadas da semana\"}]},{\"@type\":\"WebSite\",\"@id\":\"https:\/\/www.suno.com.br\/noticias\/#website\",\"url\":\"https:\/\/www.suno.com.br\/noticias\/\",\"name\":\"Suno Not\u00edcias\",\"description\":\"Seu portal de informa\u00e7\u00e3o sobre o mundo dos investimentos\",\"publisher\":{\"@id\":\"https:\/\/www.suno.com.br\/noticias\/#organization\"},\"potentialAction\":[{\"@type\":\"SearchAction\",\"target\":{\"@type\":\"EntryPoint\",\"urlTemplate\":\"https:\/\/www.suno.com.br\/noticias\/?s={search_term_string}\"},\"query-input\":{\"@type\":\"PropertyValueSpecification\",\"valueRequired\":true,\"valueName\":\"search_term_string\"}}],\"inLanguage\":\"pt-BR\"},{\"@type\":\"Organization\",\"@id\":\"https:\/\/www.suno.com.br\/noticias\/#organization\",\"name\":\"Suno Not\u00edcias\",\"url\":\"https:\/\/www.suno.com.br\/noticias\/\",\"logo\":{\"@type\":\"ImageObject\",\"inLanguage\":\"pt-BR\",\"@id\":\"https:\/\/www.suno.com.br\/noticias\/#\/schema\/logo\/image\/\",\"url\":\"https:\/\/files.sunoresearch.com.br\/n\/uploads\/2021\/09\/suno-logo.png\",\"contentUrl\":\"https:\/\/files.sunoresearch.com.br\/n\/uploads\/2021\/09\/suno-logo.png\",\"width\":180,\"height\":180,\"caption\":\"Suno Not\u00edcias\"},\"image\":{\"@id\":\"https:\/\/www.suno.com.br\/noticias\/#\/schema\/logo\/image\/\"},\"sameAs\":[\"https:\/\/facebook.com\/sunoresearch\",\"https:\/\/x.com\/sunoresearch\",\"https:\/\/www.instagram.com\/suno\",\"https:\/\/www.linkedin.com\/company\/suno-research\/\",\"https:\/\/www.youtube.com\/c\/sunoresearch\"]},{\"@type\":\"Person\",\"@id\":\"https:\/\/www.suno.com.br\/noticias\/#\/schema\/person\/8d020643938f12a823508eb0e5fda407\",\"name\":\"Pedro Caramuru\",\"image\":{\"@type\":\"ImageObject\",\"inLanguage\":\"pt-BR\",\"@id\":\"https:\/\/www.suno.com.br\/noticias\/#\/schema\/person\/image\/\",\"url\":\"https:\/\/secure.gravatar.com\/avatar\/1a3f15d3553507ae7a2debc6ea0ad87b?s=96&r=g\",\"contentUrl\":\"https:\/\/secure.gravatar.com\/avatar\/1a3f15d3553507ae7a2debc6ea0ad87b?s=96&r=g\",\"caption\":\"Pedro Caramuru\"},\"description\":\"Rep\u00f3rter de economia, mercado e pol\u00edtica brasileira para o Suno Not\u00edcias. Formado em jornalismo. J\u00e1 escreveu sobre pol\u00edtica e mercados internacionais para o Broadcast e Estad\u00e3o.\",\"url\":\"https:\/\/www.suno.com.br\/noticias\/author\/pedro-caramurusuno-com-br\/\"}]}<\/script>\n<!-- \/ Yoast SEO plugin. -->","yoast_head_json":{"title":"Ibovespa: Frigor\u00edficos s\u00e3o destaque entre a\u00e7\u00f5es valorizadas na semana","description":"Os principais acontecimentos do Suno Not\u00edcias sobre as 5 empresas do Ibovespa que mais valorizaram na semana. Clique aqui e saiba mais","robots":{"index":"index","follow":"follow","max-snippet":"max-snippet:-1","max-image-preview":"max-image-preview:large","max-video-preview":"max-video-preview:-1"},"canonical":"https:\/\/www.suno.com.br\/noticias\/ibovespa-frigorificos-mrfg3-jbss3-beef3-destaque-5-acoes-valorizadas-semana\/","og_locale":"pt_BR","og_type":"article","og_title":"Ibovespa: Frigor\u00edficos s\u00e3o destaque entre a\u00e7\u00f5es valorizadas na semana","og_description":"Os principais acontecimentos do Suno Not\u00edcias sobre as 5 empresas do Ibovespa que mais valorizaram na semana. Clique aqui e saiba mais","og_url":"https:\/\/www.suno.com.br\/noticias\/ibovespa-frigorificos-mrfg3-jbss3-beef3-destaque-5-acoes-valorizadas-semana\/","og_site_name":"Suno Not\u00edcias","article_publisher":"https:\/\/facebook.com\/sunoresearch","og_image":[{"width":2560,"height":1707,"url":"https:\/\/files.sunoresearch.com.br\/n\/uploads\/2022\/02\/pexels-pixabay-36347-scaled.jpg","type":"image\/jpeg"}],"author":"Pedro Caramuru","twitter_card":"summary_large_image","twitter_creator":"@sunoresearch","twitter_site":"@sunoresearch","twitter_misc":{"Escrito por":"Pedro Caramuru","Est. tempo de leitura":"4 minutos"},"schema":{"@context":"https:\/\/schema.org","@graph":[{"@type":"NewsArticle","@id":"https:\/\/www.suno.com.br\/noticias\/ibovespa-frigorificos-mrfg3-jbss3-beef3-destaque-5-acoes-valorizadas-semana\/#article","isPartOf":{"@id":"https:\/\/www.suno.com.br\/noticias\/ibovespa-frigorificos-mrfg3-jbss3-beef3-destaque-5-acoes-valorizadas-semana\/"},"author":{"name":"Pedro Caramuru","@id":"https:\/\/www.suno.com.br\/noticias\/#\/schema\/person\/8d020643938f12a823508eb0e5fda407"},"headline":"Ibovespa: Frigor\u00edficos &#8211; Marfrig (MRFG3), JBS (JBSS3) e Minerva (BEEF3) &#8211; s\u00e3o destaques entre 5 a\u00e7\u00f5es mais valorizadas da semana","datePublished":"2022-02-12T18:38:24+00:00","mainEntityOfPage":{"@id":"https:\/\/www.suno.com.br\/noticias\/ibovespa-frigorificos-mrfg3-jbss3-beef3-destaque-5-acoes-valorizadas-semana\/"},"wordCount":844,"publisher":{"@id":"https:\/\/www.suno.com.br\/noticias\/#organization"},"image":{"@id":"https:\/\/www.suno.com.br\/noticias\/ibovespa-frigorificos-mrfg3-jbss3-beef3-destaque-5-acoes-valorizadas-semana\/#primaryimage"},"thumbnailUrl":"https:\/\/files.sunoresearch.com.br\/n\/uploads\/2022\/02\/pexels-pixabay-36347-scaled.jpg","keywords":["Bradespar (BRAP3\/BRAP4)","Especialistas","Ibovespa","JBS (JBSS3)","Marfrig (MRFG3)","Minerva (BEEF11\/BEEF3)","Natura (NTCO3)"],"articleSection":["Neg\u00f3cios"],"inLanguage":"pt-BR"},{"@type":"WebPage","@id":"https:\/\/www.suno.com.br\/noticias\/ibovespa-frigorificos-mrfg3-jbss3-beef3-destaque-5-acoes-valorizadas-semana\/","url":"https:\/\/www.suno.com.br\/noticias\/ibovespa-frigorificos-mrfg3-jbss3-beef3-destaque-5-acoes-valorizadas-semana\/","name":"Ibovespa: Frigor\u00edficos s\u00e3o destaque entre a\u00e7\u00f5es valorizadas na semana","isPartOf":{"@id":"https:\/\/www.suno.com.br\/noticias\/#website"},"primaryImageOfPage":{"@id":"https:\/\/www.suno.com.br\/noticias\/ibovespa-frigorificos-mrfg3-jbss3-beef3-destaque-5-acoes-valorizadas-semana\/#primaryimage"},"image":{"@id":"https:\/\/www.suno.com.br\/noticias\/ibovespa-frigorificos-mrfg3-jbss3-beef3-destaque-5-acoes-valorizadas-semana\/#primaryimage"},"thumbnailUrl":"https:\/\/files.sunoresearch.com.br\/n\/uploads\/2022\/02\/pexels-pixabay-36347-scaled.jpg","datePublished":"2022-02-12T18:38:24+00:00","description":"Os principais acontecimentos do Suno Not\u00edcias sobre as 5 empresas do Ibovespa que mais valorizaram na semana. Clique aqui e saiba mais","breadcrumb":{"@id":"https:\/\/www.suno.com.br\/noticias\/ibovespa-frigorificos-mrfg3-jbss3-beef3-destaque-5-acoes-valorizadas-semana\/#breadcrumb"},"inLanguage":"pt-BR","potentialAction":[{"@type":"ReadAction","target":["https:\/\/www.suno.com.br\/noticias\/ibovespa-frigorificos-mrfg3-jbss3-beef3-destaque-5-acoes-valorizadas-semana\/"]}]},{"@type":"ImageObject","inLanguage":"pt-BR","@id":"https:\/\/www.suno.com.br\/noticias\/ibovespa-frigorificos-mrfg3-jbss3-beef3-destaque-5-acoes-valorizadas-semana\/#primaryimage","url":"https:\/\/files.sunoresearch.com.br\/n\/uploads\/2022\/02\/pexels-pixabay-36347-scaled.jpg","contentUrl":"https:\/\/files.sunoresearch.com.br\/n\/uploads\/2022\/02\/pexels-pixabay-36347-scaled.jpg","width":2560,"height":1707,"caption":"Exporta\u00e7\u00f5es de carne bovina e su\u00edna impulsionam desempenho dos frigor\u00edficos. Foto: Pexels."},{"@type":"BreadcrumbList","@id":"https:\/\/www.suno.com.br\/noticias\/ibovespa-frigorificos-mrfg3-jbss3-beef3-destaque-5-acoes-valorizadas-semana\/#breadcrumb","itemListElement":[{"@type":"ListItem","position":1,"name":"Not\u00edcias","item":"https:\/\/www.suno.com.br\/noticias\/"},{"@type":"ListItem","position":2,"name":"Neg\u00f3cios","item":"https:\/\/www.suno.com.br\/noticias\/negocios\/"},{"@type":"ListItem","position":3,"name":"Ibovespa: Frigor\u00edficos &#8211; Marfrig (MRFG3), JBS (JBSS3) e Minerva (BEEF3) &#8211; s\u00e3o destaques entre 5 a\u00e7\u00f5es mais valorizadas da semana"}]},{"@type":"WebSite","@id":"https:\/\/www.suno.com.br\/noticias\/#website","url":"https:\/\/www.suno.com.br\/noticias\/","name":"Suno Not\u00edcias","description":"Seu portal de informa\u00e7\u00e3o sobre o mundo dos investimentos","publisher":{"@id":"https:\/\/www.suno.com.br\/noticias\/#organization"},"potentialAction":[{"@type":"SearchAction","target":{"@type":"EntryPoint","urlTemplate":"https:\/\/www.suno.com.br\/noticias\/?s={search_term_string}"},"query-input":{"@type":"PropertyValueSpecification","valueRequired":true,"valueName":"search_term_string"}}],"inLanguage":"pt-BR"},{"@type":"Organization","@id":"https:\/\/www.suno.com.br\/noticias\/#organization","name":"Suno Not\u00edcias","url":"https:\/\/www.suno.com.br\/noticias\/","logo":{"@type":"ImageObject","inLanguage":"pt-BR","@id":"https:\/\/www.suno.com.br\/noticias\/#\/schema\/logo\/image\/","url":"https:\/\/files.sunoresearch.com.br\/n\/uploads\/2021\/09\/suno-logo.png","contentUrl":"https:\/\/files.sunoresearch.com.br\/n\/uploads\/2021\/09\/suno-logo.png","width":180,"height":180,"caption":"Suno Not\u00edcias"},"image":{"@id":"https:\/\/www.suno.com.br\/noticias\/#\/schema\/logo\/image\/"},"sameAs":["https:\/\/facebook.com\/sunoresearch","https:\/\/x.com\/sunoresearch","https:\/\/www.instagram.com\/suno","https:\/\/www.linkedin.com\/company\/suno-research\/","https:\/\/www.youtube.com\/c\/sunoresearch"]},{"@type":"Person","@id":"https:\/\/www.suno.com.br\/noticias\/#\/schema\/person\/8d020643938f12a823508eb0e5fda407","name":"Pedro Caramuru","image":{"@type":"ImageObject","inLanguage":"pt-BR","@id":"https:\/\/www.suno.com.br\/noticias\/#\/schema\/person\/image\/","url":"https:\/\/secure.gravatar.com\/avatar\/1a3f15d3553507ae7a2debc6ea0ad87b?s=96&r=g","contentUrl":"https:\/\/secure.gravatar.com\/avatar\/1a3f15d3553507ae7a2debc6ea0ad87b?s=96&r=g","caption":"Pedro Caramuru"},"description":"Rep\u00f3rter de economia, mercado e pol\u00edtica brasileira para o Suno Not\u00edcias. Formado em jornalismo. J\u00e1 escreveu sobre pol\u00edtica e mercados internacionais para o Broadcast e Estad\u00e3o.","url":"https:\/\/www.suno.com.br\/noticias\/author\/pedro-caramurusuno-com-br\/"}]}},"default_loop_html":"<div class=\"cardsPage__listCard__boxs\"><div class=\"cardsPage__listCard__boxs__img\"><a href=\"https:\/\/www.suno.com.br\/noticias\/ibovespa-frigorificos-mrfg3-jbss3-beef3-destaque-5-acoes-valorizadas-semana\/\"><img class=\"mask\" src=\"https:\/\/www.suno.com.br\/noticias\/wp-content\/themes\/suno\/resources\/images\/spotlight\/spotlight1img\/bg-mask.png\" alt=\"Image Mask\"\/><img src=\"https:\/\/files.sunoresearch.com.br\/n\/uploads\/2022\/02\/pexels-pixabay-36347-400x200.jpg\" alt=\"Ibovespa: Frigor\u00edficos &#8211; Marfrig (MRFG3), JBS (JBSS3) e Minerva (BEEF3) &#8211; s\u00e3o destaques entre 5 a\u00e7\u00f5es mais valorizadas da semana\"\/><\/a><span class=\"spotlightCategory\"><a href=\"https:\/\/www.suno.com.br\/noticias\/negocios\/\">Neg\u00f3cios<\/a><\/span><\/div><div class=\"cardsPage__listCard__boxs__content\"><a href=\"https:\/\/www.suno.com.br\/noticias\/ibovespa-frigorificos-mrfg3-jbss3-beef3-destaque-5-acoes-valorizadas-semana\/\"><h2 class=\"content__title\">Ibovespa: Frigor\u00edficos &#8211; Marfrig (MRFG3), JBS (JBSS3) e Minerva (BEEF3) &#8211; s\u00e3o destaques entre 5 a\u00e7\u00f5es mais valorizadas da semana<\/h2><\/a><div class=\"newsContent__article__meta\"><div class=\"newsContent__article__meta__authorBox\"><a href=\"https:\/\/www.suno.com.br\/noticias\/author\/pedro-caramurusuno-com-br\/\" class=\"authorBox__avatar noMobi\"><img src=\"https:\/\/secure.gravatar.com\/avatar\/1a3f15d3553507ae7a2debc6ea0ad87b?s=96&#038;r=g\" alt=\"Pedro Caramuru\"><\/a><div class=\"authorBox__name\"><span>por\n\t\t\t<a href=\"https:\/\/www.suno.com.br\/noticias\/author\/pedro-caramurusuno-com-br\/\"><span itemprop=\"author\">Pedro Caramuru<\/span><\/a><\/span><time datetime=\"2022-02-12T15:38:24-03:00\" itemprop=\"datePublished\">12\/02\/2022 15:38<\/time><\/div><\/div><\/div><\/div><\/div>","single_layout":"posts","amp_enabled":true,"_links":{"self":[{"href":"https:\/\/www.suno.com.br\/noticias\/wp-json\/wp\/v2\/posts\/230993"}],"collection":[{"href":"https:\/\/www.suno.com.br\/noticias\/wp-json\/wp\/v2\/posts"}],"about":[{"href":"https:\/\/www.suno.com.br\/noticias\/wp-json\/wp\/v2\/types\/post"}],"author":[{"embeddable":true,"href":"https:\/\/www.suno.com.br\/noticias\/wp-json\/wp\/v2\/users\/145"}],"replies":[{"embeddable":true,"href":"https:\/\/www.suno.com.br\/noticias\/wp-json\/wp\/v2\/comments?post=230993"}],"version-history":[{"count":2,"href":"https:\/\/www.suno.com.br\/noticias\/wp-json\/wp\/v2\/posts\/230993\/revisions"}],"predecessor-version":[{"id":231974,"href":"https:\/\/www.suno.com.br\/noticias\/wp-json\/wp\/v2\/posts\/230993\/revisions\/231974"}],"wp:featuredmedia":[{"embeddable":true,"href":"https:\/\/www.suno.com.br\/noticias\/wp-json\/wp\/v2\/media\/230995"}],"wp:attachment":[{"href":"https:\/\/www.suno.com.br\/noticias\/wp-json\/wp\/v2\/media?parent=230993"}],"wp:term":[{"taxonomy":"category","embeddable":true,"href":"https:\/\/www.suno.com.br\/noticias\/wp-json\/wp\/v2\/categories?post=230993"},{"taxonomy":"post_tag","embeddable":true,"href":"https:\/\/www.suno.com.br\/noticias\/wp-json\/wp\/v2\/tags?post=230993"},{"taxonomy":"suno_strategy","embeddable":true,"href":"https:\/\/www.suno.com.br\/noticias\/wp-json\/wp\/v2\/suno_strategy?post=230993"}],"curies":[{"name":"wp","href":"https:\/\/api.w.org\/{rel}","templated":true}]}}