{"id":230939,"date":"2022-02-13T18:20:04","date_gmt":"2022-02-13T21:20:04","guid":{"rendered":"https:\/\/www.suno.com.br\/noticias\/?p=230939"},"modified":"2022-02-13T18:20:04","modified_gmt":"2022-02-13T21:20:04","slug":"combustiveis-ministerio-economia-ipi-corte-tributo","status":"publish","type":"post","link":"https:\/\/www.suno.com.br\/noticias\/combustiveis-ministerio-economia-ipi-corte-tributo\/","title":{"rendered":"Governo pretende atrelar redu\u00e7\u00e3o do IPI a corte no imposto sobre combust\u00edveis"},"content":{"rendered":"<p>O Minist\u00e9rio da Economia quer atrelar a redu\u00e7\u00e3o das al\u00edquotas do Imposto sobre Produtos Industrializados (IPI), demanda da ind\u00fastria, ao tamanho da ren\u00fancia fiscal com a proposta que for aprovada para desonerar os <strong>combust\u00edveis<\/strong>. Entre os integrantes da equipe econ\u00f4mica, segundo apurou o <b>Estad\u00e3o\/Broadcast<\/b>, o sentimento \u00e9 de que, apesar de se tratar de medidas diferentes, o <strong>espa\u00e7o fiscal<\/strong>, hoje limitado, \u00e9 o mesmo. Assim, n\u00e3o h\u00e1 brecha para perder receita nas duas pontas.<\/p>\t<div class=\"wrapper-featured-image\">\n\t\t<figure class=\"spotlightImg\">\n\n\t\t\t<picture>\n\t\t\t\t<source media=\"(max-width: 768px)\" srcset=\"https:\/\/files.sunoresearch.com.br\/n\/uploads\/2021\/03\/621b2f92-petrol-996617_1280-400x200.webp\">\n\t\t\t\t<img loading=\"lazy\" decoding=\"async\" class=\"newsContent__article__imgCapa lazyloadDisabled \" src=\"https:\/\/files.sunoresearch.com.br\/n\/uploads\/2021\/03\/621b2f92-petrol-996617_1280-800x450.webp\" width=\"800\" height=\"450\" alt=\"Governo pretende atrelar redu\u00e7\u00e3o do IPI a corte no imposto sobre combust\u00edveis\" fetchpriority=high \/>\n\t\t\t<\/picture>\n\n\t\t\t<figcaption class=\"wp-caption-text wp-caption-text--show\">Combust\u00edveis Foto:  Rudy and Peter Skitterians por Pixabay<\/figcaption>\n\t\t<\/figure>\n\t<\/div>\n\n\n\t<p>\n\t\t<a href=\"https:\/\/lp.suno.com.br\/planilha-controle-gastos\/\" target=\"_blank\" data-element=\"shortcode-suno-banner\" title=\"Banner SUNO, clique e saiba mais\">\n\t\t\t<picture>\n\t\t\t\t<source media=\"(max-width: 500px)\" srcset=\"https:\/\/files.sunoresearch.com.br\/n\/uploads\/2023\/03\/400x300-Planilha-controle-de-gastos.png\">\n\t\t\t\t<img class=\"newsContent__article__imgCapa newsContent__article__imgCapa--banner\"\n\t\t\t\t\tsrc=\"https:\/\/files.sunoresearch.com.br\/n\/uploads\/2023\/03\/1420x240-Planilha-controle-de-gastos.png\"\n\t\t\t\t\tdata-promo-id=\"101751\"\t\t\t\t\t\t\t\t\t\twidth='1420' height='240'\t\t\t\t\talt=\"https:\/\/files.sunoresearch.com.br\/n\/uploads\/2023\/03\/1420x240-Planilha-controle-de-gastos.png\"\n\t\t\t\t>\n\t\t\t<\/picture>\n\t\t<\/a>\n\t<\/p>\n\n\n<p>O <strong>corte do IPI<\/strong>, na vis\u00e3o dos membros da pasta, abrange a economia como um todo, ao contr\u00e1rio da desonera\u00e7\u00e3o dos combust\u00edveis que, no limite, pode n\u00e3o ter o efeito esperado, pois o pre\u00e7o de gasolina, diesel e etanol depende tamb\u00e9m de outros fatores, principalmente os externos.<\/p>\n<p>Quanto maior for o rombo fiscal com eventual aprova\u00e7\u00e3o de uma das duas PECs, menor ser\u00e1 o corte no imposto para a ind\u00fastria. Hoje, h\u00e1 duas propostas: a &#8220;<strong>PEC Kamikaze<\/strong>&#8221; no Senado, com impacto fiscal estimado em R$ 100 bilh\u00f5es, e a <strong>PEC dos Combust\u00edveis<\/strong>, da C\u00e2mara, que pode chegar a uma ren\u00fancia de R$ 75 bilh\u00f5es.<\/p>\n<p>O governo estuda uma redu\u00e7\u00e3o linear no IPI entre 15% e 30% em aceno \u00e0 ind\u00fastria em ano eleitoral. O ministro da Economia, Paulo Guedes, disse que o corte poderia chegar a 50%, mas depois chegou a falar em 25%. Agora, a <strong>equipe econ\u00f4mica<\/strong> j\u00e1 cogita ceder em apenas 10% no tributo, caso o Congresso aprove uma proposta com ren\u00fancia maior do que os R$ 17 bilh\u00f5es estimados com a desonera\u00e7\u00e3o apenas do diesel.<\/p>\n<p>A <strong>redu\u00e7\u00e3o de 30% do IPI<\/strong> causaria um impacto de R$ 24 bilh\u00f5es na arrecada\u00e7\u00e3o de tributos, o que tamb\u00e9m diminuiria o repasse do imposto aos Estados, j\u00e1 que metade da arrecada\u00e7\u00e3o do IPI vai para o caixa dos governadores.<\/p>\n\t<p>\n\t\t<a href=\"https:\/\/lp.suno.com.br\/planilha-de-controle-de-investimentos\/\" target=\"_blank\" data-element=\"shortcode-suno-banner\" title=\"Banner SUNO, clique e saiba mais\">\n\t\t\t<picture>\n\t\t\t\t<source media=\"(max-width: 500px)\" srcset=\"https:\/\/files.sunoresearch.com.br\/n\/uploads\/2023\/03\/400x300-Controle-de-Investimentos.png\">\n\t\t\t\t<img class=\"newsContent__article__imgCapa newsContent__article__imgCapa--banner\"\n\t\t\t\t\tsrc=\"https:\/\/files.sunoresearch.com.br\/n\/uploads\/2023\/03\/1420x240-Controle-de-Investimentos.png\"\n\t\t\t\t\tdata-promo-id=\"75934\"\t\t\t\t\t\t\t\t\t\twidth='1420' height='240'\t\t\t\t\talt=\"https:\/\/files.sunoresearch.com.br\/n\/uploads\/2023\/03\/1420x240-Controle-de-Investimentos.png\"\n\t\t\t\t>\n\t\t\t<\/picture>\n\t\t<\/a>\n\t<\/p>\n\n\n<h2><b>Combust\u00edveis: impacto de propostas no Congresso para reduzir pre\u00e7o<\/b><\/h2>\n<p>Para membros da equipe de Guedes, as duas propostas hoje em tramita\u00e7\u00e3o no Congresso Nacional fragilizam a situa\u00e7\u00e3o fiscal. Mas, apesar da resist\u00eancia de Guedes e dos t\u00e9cnicos, o presidente Jair Bolsonaro defendeu na \u00faltima quinta-feira, 10, durante a live semanal, a aprova\u00e7\u00e3o da PEC dos Combust\u00edveis com um impacto de R$ 50 bilh\u00f5es nas receitas federais.<\/p>\n\t<p>\n\t\t<a href=\"https:\/\/lp.suno.com.br\/planilha-da-vida-financeira\/\" target=\"_blank\" data-element=\"shortcode-suno-banner\" title=\"Banner SUNO, clique e saiba mais\">\n\t\t\t<picture>\n\t\t\t\t<source media=\"(max-width: 500px)\" srcset=\"https:\/\/files.sunoresearch.com.br\/n\/uploads\/2023\/04\/400x300-Planilha-vida-financeira-true.png\">\n\t\t\t\t<img class=\"newsContent__article__imgCapa newsContent__article__imgCapa--banner\"\n\t\t\t\t\tsrc=\"https:\/\/files.sunoresearch.com.br\/n\/uploads\/2023\/04\/1420x240-Planilha-vida-financeira-true.png\"\n\t\t\t\t\tdata-promo-id=\"106682\"\t\t\t\t\t\t\t\t\t\twidth='1420' height='240'\t\t\t\t\talt=\"https:\/\/files.sunoresearch.com.br\/n\/uploads\/2023\/04\/1420x240-Planilha-vida-financeira-true.png\"\n\t\t\t\t>\n\t\t\t<\/picture>\n\t\t<\/a>\n\t<\/p>\n\n\n<p>Na avalia\u00e7\u00e3o do economista Fabio Terra, professor da UFABC, as duas medidas t\u00eam car\u00e1ter eleitoral e impactam as <strong>contas p\u00fablicas<\/strong>, j\u00e1 que ter\u00e3o reflexos na perda de receita. Ele concorda com a equipe econ\u00f4mica, entretanto, em rela\u00e7\u00e3o ao efeito restrito de cada uma delas. &#8220;Se os pre\u00e7os do petr\u00f3leo continuarem subindo, o m\u00e1ximo que a PEC implicar\u00e1 \u00e9 fazer com que os combust\u00edveis subam menos.&#8221;<\/p>\n<p>J\u00e1 no caso da redu\u00e7\u00e3o do IPI, ele avalia que, se a desonera\u00e7\u00e3o incidir de forma vertical sobre todos os bens, pode se ter um impacto mais concreto. &#8220;Embora isso dependa muito mais da renda real dos brasileiros, que est\u00e1 em queda.&#8221;<\/p>\n\t<p>\n\t\t<a href=\"https:\/\/lp.suno.com.br\/ebook-como-analisar-uma-acao\/\" target=\"_blank\" data-element=\"shortcode-suno-banner\" title=\"Banner SUNO, clique e saiba mais\">\n\t\t\t<picture>\n\t\t\t\t<source media=\"(max-width: 500px)\" srcset=\"https:\/\/files.sunoresearch.com.br\/n\/uploads\/2023\/03\/Ebook-Acoes-Mobile-1.jpg\">\n\t\t\t\t<img class=\"newsContent__article__imgCapa newsContent__article__imgCapa--banner\"\n\t\t\t\t\tsrc=\"https:\/\/files.sunoresearch.com.br\/n\/uploads\/2023\/03\/Ebook-Acoes-Desktop-1.jpg\"\n\t\t\t\t\tdata-promo-id=\"171998\"\t\t\t\t\t\t\t\t\t\twidth='1420' height='286'\t\t\t\t\talt=\"https:\/\/files.sunoresearch.com.br\/n\/uploads\/2023\/03\/Ebook-Acoes-Desktop-1.jpg\"\n\t\t\t\t>\n\t\t\t<\/picture>\n\t\t<\/a>\n\t<\/p>\n\n\n<h2>Bolsonaro diz que trabalha com Petrobras para reduzir pre\u00e7o dos combust\u00edveis<\/h2>\n<p>O presidente <strong>Jair Bolsonaro<\/strong> (PL) afirmou neste s\u00e1bado que trabalha junto \u00e0 Petrobras (PETR4) para reduzir o <strong>valor dos combust\u00edveis<\/strong> &#8220;de forma legal&#8221;. Ainda assim, o chefe do Executivo voltou a negar que v\u00e1 interferir na pol\u00edtica de pre\u00e7os da estatal.<\/p>\n<p>&#8220;Estamos tentando sim, de forma legal, junto ao presidente da Petrobras, os diretores, presidentes dos conselhos, ver o que se pode fazer para produzir petr\u00f3leo, diesel e gasolina em especial, o mais barato poss\u00edvel na ponta da linha&#8221;, declarou o presidente em entrevista ao ex-governador do Rio de Janeiro Anthony Garotinho (PROS) na R\u00e1dio Tupi.<\/p>\n<p>O salto no <strong>pre\u00e7o dos combust\u00edveis<\/strong> tem impactado a infla\u00e7\u00e3o e, consequentemente, a popularidade do governo em ano eleitoral. Bolsonaro costuma criticar a pol\u00edtica de pre\u00e7os da Petrobras, que atrela o reajuste dos combust\u00edveis \u00e0 cota\u00e7\u00e3o do petr\u00f3leo no mercado internacional.<\/p>\n<p>Apesar de relatar tratativas com o presidente da Petrobras, Joaquim Silva e Luna, Bolsonaro mais uma vez negou interfer\u00eancia na empresa. &#8220;N\u00e3o podemos ser irrespons\u00e1veis. A gente n\u00e3o pode interferir no pre\u00e7o dos <strong>combust\u00edveis<\/strong>. Essa foi a pol\u00edtica adotada pelo PT l\u00e1 atr\u00e1s. A Petrobras est\u00e1 trabalhando muito bem&#8221;, seguiu o presidente na entrevista.<\/p>\n<p><em>As informa\u00e7\u00f5es s\u00e3o do jornal O Estado de S. Paulo e Estad\u00e3o Conte\u00fado.<\/em><\/p>\n\t<p>\n\t\t<a href=\"\" target=\"_blank\" data-element=\"shortcode-suno-banner\" title=\"Banner SUNO, clique e saiba mais\">\n\t\t\t<picture>\n\t\t\t\t<source media=\"(max-width: 500px)\" srcset=\"\">\n\t\t\t\t<img class=\"newsContent__article__imgCapa newsContent__article__imgCapa--banner\"\n\t\t\t\t\tsrc=\"\"\n\t\t\t\t\tdata-promo-id=\"184190\"\t\t\t\t\t\t\t\t\t\t\t\t\t\t\talt=\"\"\n\t\t\t\t>\n\t\t\t<\/picture>\n\t\t<\/a>\n\t<\/p>\n\n\n","protected":false},"excerpt":{"rendered":"<p>O Minist\u00e9rio da Economia quer atrelar a redu\u00e7\u00e3o das al\u00edquotas do Imposto sobre Produtos Industrializados (IPI), demanda da ind\u00fastria, ao tamanho da ren\u00fancia fiscal com a proposta que for aprovada para desonerar os combust\u00edveis. Entre os integrantes da equipe econ\u00f4mica, segundo apurou o Estad\u00e3o\/Broadcast, o sentimento \u00e9 de que, apesar de se tratar de medidas [&hellip;]<\/p>\n","protected":false},"author":43,"featured_media":136299,"comment_status":"closed","ping_status":"closed","sticky":false,"template":"","format":"standard","meta":[],"categories":[62],"tags":[1437,909],"suno_strategy":[],"class_list":["post-230939","post","type-post","status-publish","format-standard","has-post-thumbnail","hentry","category-economia","tag-combustiveis","tag-ministerio-da-economia"],"yoast_head":"<!-- This site is optimized with the Yoast SEO plugin v24.4 - https:\/\/yoast.com\/wordpress\/plugins\/seo\/ -->\n<title>combust\u00edveis: governo quer atrelar redu\u00e7\u00e3o do IPI a corte no imposto<\/title>\n<meta name=\"description\" content=\"Combust\u00edveis: Economia quer atrelar a redu\u00e7\u00e3o das al\u00edquotas do IPI, uma das principais demandas da ind\u00fastria, ao tamanho da ren\u00fancia fiscal.\" \/>\n<meta name=\"robots\" content=\"index, follow, max-snippet:-1, max-image-preview:large, max-video-preview:-1\" \/>\n<link rel=\"canonical\" href=\"https:\/\/www.suno.com.br\/noticias\/combustiveis-ministerio-economia-ipi-corte-tributo\/\" \/>\n<meta property=\"og:locale\" content=\"pt_BR\" \/>\n<meta property=\"og:type\" content=\"article\" \/>\n<meta property=\"og:title\" content=\"combust\u00edveis: governo quer atrelar redu\u00e7\u00e3o do IPI a corte no imposto\" \/>\n<meta property=\"og:description\" content=\"Combust\u00edveis: Economia quer atrelar a redu\u00e7\u00e3o das al\u00edquotas do IPI, uma das principais demandas da ind\u00fastria, ao tamanho da ren\u00fancia fiscal.\" \/>\n<meta property=\"og:url\" content=\"https:\/\/www.suno.com.br\/noticias\/combustiveis-ministerio-economia-ipi-corte-tributo\/\" \/>\n<meta property=\"og:site_name\" content=\"Suno Not\u00edcias\" \/>\n<meta property=\"article:publisher\" content=\"https:\/\/facebook.com\/sunoresearch\" \/>\n<meta property=\"article:author\" content=\"https:\/\/www.facebook.com\/sunonoticias\/\" \/>\n<meta property=\"og:image\" content=\"https:\/\/files.sunoresearch.com.br\/n\/uploads\/2021\/03\/621b2f92-petrol-996617_1280.jpg\" \/>\n\t<meta property=\"og:image:width\" content=\"1280\" \/>\n\t<meta property=\"og:image:height\" content=\"852\" \/>\n\t<meta property=\"og:image:type\" content=\"image\/jpeg\" \/>\n<meta name=\"author\" content=\"Reda\u00e7\u00e3o Suno Not\u00edcias\" \/>\n<meta name=\"twitter:card\" content=\"summary_large_image\" \/>\n<meta name=\"twitter:creator\" content=\"@https:\/\/twitter.com\/sunoresearch\" \/>\n<meta name=\"twitter:site\" content=\"@sunoresearch\" \/>\n<meta name=\"twitter:label1\" content=\"Escrito por\" \/>\n\t<meta name=\"twitter:data1\" content=\"Reda\u00e7\u00e3o Suno Not\u00edcias\" \/>\n\t<meta name=\"twitter:label2\" content=\"Est. tempo de leitura\" \/>\n\t<meta name=\"twitter:data2\" content=\"4 minutos\" \/>\n<script type=\"application\/ld+json\" class=\"yoast-schema-graph\">{\"@context\":\"https:\/\/schema.org\",\"@graph\":[{\"@type\":\"NewsArticle\",\"@id\":\"https:\/\/www.suno.com.br\/noticias\/combustiveis-ministerio-economia-ipi-corte-tributo\/#article\",\"isPartOf\":{\"@id\":\"https:\/\/www.suno.com.br\/noticias\/combustiveis-ministerio-economia-ipi-corte-tributo\/\"},\"author\":{\"name\":\"Reda\u00e7\u00e3o Suno Not\u00edcias\",\"@id\":\"https:\/\/www.suno.com.br\/noticias\/#\/schema\/person\/c1b1bd3727fa852bd045e9dbff3673ea\"},\"headline\":\"Governo pretende atrelar redu\u00e7\u00e3o do IPI a corte no imposto sobre combust\u00edveis\",\"datePublished\":\"2022-02-13T21:20:04+00:00\",\"mainEntityOfPage\":{\"@id\":\"https:\/\/www.suno.com.br\/noticias\/combustiveis-ministerio-economia-ipi-corte-tributo\/\"},\"wordCount\":778,\"publisher\":{\"@id\":\"https:\/\/www.suno.com.br\/noticias\/#organization\"},\"image\":{\"@id\":\"https:\/\/www.suno.com.br\/noticias\/combustiveis-ministerio-economia-ipi-corte-tributo\/#primaryimage\"},\"thumbnailUrl\":\"https:\/\/files.sunoresearch.com.br\/n\/uploads\/2021\/03\/621b2f92-petrol-996617_1280-jpg.webp\",\"keywords\":[\"combust\u00edveis\",\"Minist\u00e9rio da Economia\"],\"articleSection\":[\"Economia\"],\"inLanguage\":\"pt-BR\"},{\"@type\":\"WebPage\",\"@id\":\"https:\/\/www.suno.com.br\/noticias\/combustiveis-ministerio-economia-ipi-corte-tributo\/\",\"url\":\"https:\/\/www.suno.com.br\/noticias\/combustiveis-ministerio-economia-ipi-corte-tributo\/\",\"name\":\"combust\u00edveis: governo quer atrelar redu\u00e7\u00e3o do IPI a corte no imposto\",\"isPartOf\":{\"@id\":\"https:\/\/www.suno.com.br\/noticias\/#website\"},\"primaryImageOfPage\":{\"@id\":\"https:\/\/www.suno.com.br\/noticias\/combustiveis-ministerio-economia-ipi-corte-tributo\/#primaryimage\"},\"image\":{\"@id\":\"https:\/\/www.suno.com.br\/noticias\/combustiveis-ministerio-economia-ipi-corte-tributo\/#primaryimage\"},\"thumbnailUrl\":\"https:\/\/files.sunoresearch.com.br\/n\/uploads\/2021\/03\/621b2f92-petrol-996617_1280-jpg.webp\",\"datePublished\":\"2022-02-13T21:20:04+00:00\",\"description\":\"Combust\u00edveis: Economia quer atrelar a redu\u00e7\u00e3o das al\u00edquotas do IPI, uma das principais demandas da ind\u00fastria, ao tamanho da ren\u00fancia fiscal.\",\"breadcrumb\":{\"@id\":\"https:\/\/www.suno.com.br\/noticias\/combustiveis-ministerio-economia-ipi-corte-tributo\/#breadcrumb\"},\"inLanguage\":\"pt-BR\",\"potentialAction\":[{\"@type\":\"ReadAction\",\"target\":[\"https:\/\/www.suno.com.br\/noticias\/combustiveis-ministerio-economia-ipi-corte-tributo\/\"]}]},{\"@type\":\"ImageObject\",\"inLanguage\":\"pt-BR\",\"@id\":\"https:\/\/www.suno.com.br\/noticias\/combustiveis-ministerio-economia-ipi-corte-tributo\/#primaryimage\",\"url\":\"https:\/\/files.sunoresearch.com.br\/n\/uploads\/2021\/03\/621b2f92-petrol-996617_1280-jpg.webp\",\"contentUrl\":\"https:\/\/files.sunoresearch.com.br\/n\/uploads\/2021\/03\/621b2f92-petrol-996617_1280-jpg.webp\",\"width\":1280,\"height\":852,\"caption\":\"Combust\u00edveis Foto: Rudy and Peter Skitterians por Pixabay\"},{\"@type\":\"BreadcrumbList\",\"@id\":\"https:\/\/www.suno.com.br\/noticias\/combustiveis-ministerio-economia-ipi-corte-tributo\/#breadcrumb\",\"itemListElement\":[{\"@type\":\"ListItem\",\"position\":1,\"name\":\"Not\u00edcias\",\"item\":\"https:\/\/www.suno.com.br\/noticias\/\"},{\"@type\":\"ListItem\",\"position\":2,\"name\":\"Economia\",\"item\":\"https:\/\/www.suno.com.br\/noticias\/economia\/\"},{\"@type\":\"ListItem\",\"position\":3,\"name\":\"Governo pretende atrelar redu\u00e7\u00e3o do IPI a corte no imposto sobre combust\u00edveis\"}]},{\"@type\":\"WebSite\",\"@id\":\"https:\/\/www.suno.com.br\/noticias\/#website\",\"url\":\"https:\/\/www.suno.com.br\/noticias\/\",\"name\":\"Suno Not\u00edcias\",\"description\":\"Seu portal de informa\u00e7\u00e3o sobre o mundo dos investimentos\",\"publisher\":{\"@id\":\"https:\/\/www.suno.com.br\/noticias\/#organization\"},\"potentialAction\":[{\"@type\":\"SearchAction\",\"target\":{\"@type\":\"EntryPoint\",\"urlTemplate\":\"https:\/\/www.suno.com.br\/noticias\/?s={search_term_string}\"},\"query-input\":{\"@type\":\"PropertyValueSpecification\",\"valueRequired\":true,\"valueName\":\"search_term_string\"}}],\"inLanguage\":\"pt-BR\"},{\"@type\":\"Organization\",\"@id\":\"https:\/\/www.suno.com.br\/noticias\/#organization\",\"name\":\"Suno Not\u00edcias\",\"url\":\"https:\/\/www.suno.com.br\/noticias\/\",\"logo\":{\"@type\":\"ImageObject\",\"inLanguage\":\"pt-BR\",\"@id\":\"https:\/\/www.suno.com.br\/noticias\/#\/schema\/logo\/image\/\",\"url\":\"https:\/\/files.sunoresearch.com.br\/n\/uploads\/2021\/09\/suno-logo.png\",\"contentUrl\":\"https:\/\/files.sunoresearch.com.br\/n\/uploads\/2021\/09\/suno-logo.png\",\"width\":180,\"height\":180,\"caption\":\"Suno Not\u00edcias\"},\"image\":{\"@id\":\"https:\/\/www.suno.com.br\/noticias\/#\/schema\/logo\/image\/\"},\"sameAs\":[\"https:\/\/facebook.com\/sunoresearch\",\"https:\/\/x.com\/sunoresearch\",\"https:\/\/www.instagram.com\/suno\",\"https:\/\/www.linkedin.com\/company\/suno-research\/\",\"https:\/\/www.youtube.com\/c\/sunoresearch\"]},{\"@type\":\"Person\",\"@id\":\"https:\/\/www.suno.com.br\/noticias\/#\/schema\/person\/c1b1bd3727fa852bd045e9dbff3673ea\",\"name\":\"Reda\u00e7\u00e3o Suno Not\u00edcias\",\"image\":{\"@type\":\"ImageObject\",\"inLanguage\":\"pt-BR\",\"@id\":\"https:\/\/www.suno.com.br\/noticias\/#\/schema\/person\/image\/\",\"url\":\"https:\/\/secure.gravatar.com\/avatar\/b8104b9b5a71985d5238ee59fbe418af?s=96&r=g\",\"contentUrl\":\"https:\/\/secure.gravatar.com\/avatar\/b8104b9b5a71985d5238ee59fbe418af?s=96&r=g\",\"caption\":\"Reda\u00e7\u00e3o Suno Not\u00edcias\"},\"description\":\"O Suno Not\u00edcias \u00e9 um portal de informa\u00e7\u00f5es sobre Mercado Financeiro, Pol\u00edtica, Neg\u00f3cios, Economia e Finan\u00e7as Pessoais.\",\"sameAs\":[\"https:\/\/www.suno.com.br\/noticias\",\"https:\/\/www.facebook.com\/sunonoticias\/\",\"https:\/\/www.instagram.com\/sunonoticias\/\",\"https:\/\/x.com\/https:\/\/twitter.com\/sunoresearch\",\"https:\/\/www.youtube.com\/sunonoticias\"],\"url\":\"https:\/\/www.suno.com.br\/noticias\/author\/redacao-suno\/\"}]}<\/script>\n<!-- \/ Yoast SEO plugin. -->","yoast_head_json":{"title":"combust\u00edveis: governo quer atrelar redu\u00e7\u00e3o do IPI a corte no imposto","description":"Combust\u00edveis: Economia quer atrelar a redu\u00e7\u00e3o das al\u00edquotas do IPI, uma das principais demandas da ind\u00fastria, ao tamanho da ren\u00fancia fiscal.","robots":{"index":"index","follow":"follow","max-snippet":"max-snippet:-1","max-image-preview":"max-image-preview:large","max-video-preview":"max-video-preview:-1"},"canonical":"https:\/\/www.suno.com.br\/noticias\/combustiveis-ministerio-economia-ipi-corte-tributo\/","og_locale":"pt_BR","og_type":"article","og_title":"combust\u00edveis: governo quer atrelar redu\u00e7\u00e3o do IPI a corte no imposto","og_description":"Combust\u00edveis: Economia quer atrelar a redu\u00e7\u00e3o das al\u00edquotas do IPI, uma das principais demandas da ind\u00fastria, ao tamanho da ren\u00fancia fiscal.","og_url":"https:\/\/www.suno.com.br\/noticias\/combustiveis-ministerio-economia-ipi-corte-tributo\/","og_site_name":"Suno Not\u00edcias","article_publisher":"https:\/\/facebook.com\/sunoresearch","article_author":"https:\/\/www.facebook.com\/sunonoticias\/","og_image":[{"width":1280,"height":852,"url":"https:\/\/files.sunoresearch.com.br\/n\/uploads\/2021\/03\/621b2f92-petrol-996617_1280.jpg","type":"image\/jpeg"}],"author":"Reda\u00e7\u00e3o Suno Not\u00edcias","twitter_card":"summary_large_image","twitter_creator":"@https:\/\/twitter.com\/sunoresearch","twitter_site":"@sunoresearch","twitter_misc":{"Escrito por":"Reda\u00e7\u00e3o Suno Not\u00edcias","Est. tempo de leitura":"4 minutos"},"schema":{"@context":"https:\/\/schema.org","@graph":[{"@type":"NewsArticle","@id":"https:\/\/www.suno.com.br\/noticias\/combustiveis-ministerio-economia-ipi-corte-tributo\/#article","isPartOf":{"@id":"https:\/\/www.suno.com.br\/noticias\/combustiveis-ministerio-economia-ipi-corte-tributo\/"},"author":{"name":"Reda\u00e7\u00e3o Suno Not\u00edcias","@id":"https:\/\/www.suno.com.br\/noticias\/#\/schema\/person\/c1b1bd3727fa852bd045e9dbff3673ea"},"headline":"Governo pretende atrelar redu\u00e7\u00e3o do IPI a corte no imposto sobre combust\u00edveis","datePublished":"2022-02-13T21:20:04+00:00","mainEntityOfPage":{"@id":"https:\/\/www.suno.com.br\/noticias\/combustiveis-ministerio-economia-ipi-corte-tributo\/"},"wordCount":778,"publisher":{"@id":"https:\/\/www.suno.com.br\/noticias\/#organization"},"image":{"@id":"https:\/\/www.suno.com.br\/noticias\/combustiveis-ministerio-economia-ipi-corte-tributo\/#primaryimage"},"thumbnailUrl":"https:\/\/files.sunoresearch.com.br\/n\/uploads\/2021\/03\/621b2f92-petrol-996617_1280-jpg.webp","keywords":["combust\u00edveis","Minist\u00e9rio da Economia"],"articleSection":["Economia"],"inLanguage":"pt-BR"},{"@type":"WebPage","@id":"https:\/\/www.suno.com.br\/noticias\/combustiveis-ministerio-economia-ipi-corte-tributo\/","url":"https:\/\/www.suno.com.br\/noticias\/combustiveis-ministerio-economia-ipi-corte-tributo\/","name":"combust\u00edveis: governo quer atrelar redu\u00e7\u00e3o do IPI a corte no imposto","isPartOf":{"@id":"https:\/\/www.suno.com.br\/noticias\/#website"},"primaryImageOfPage":{"@id":"https:\/\/www.suno.com.br\/noticias\/combustiveis-ministerio-economia-ipi-corte-tributo\/#primaryimage"},"image":{"@id":"https:\/\/www.suno.com.br\/noticias\/combustiveis-ministerio-economia-ipi-corte-tributo\/#primaryimage"},"thumbnailUrl":"https:\/\/files.sunoresearch.com.br\/n\/uploads\/2021\/03\/621b2f92-petrol-996617_1280-jpg.webp","datePublished":"2022-02-13T21:20:04+00:00","description":"Combust\u00edveis: Economia quer atrelar a redu\u00e7\u00e3o das al\u00edquotas do IPI, uma das principais demandas da ind\u00fastria, ao tamanho da ren\u00fancia fiscal.","breadcrumb":{"@id":"https:\/\/www.suno.com.br\/noticias\/combustiveis-ministerio-economia-ipi-corte-tributo\/#breadcrumb"},"inLanguage":"pt-BR","potentialAction":[{"@type":"ReadAction","target":["https:\/\/www.suno.com.br\/noticias\/combustiveis-ministerio-economia-ipi-corte-tributo\/"]}]},{"@type":"ImageObject","inLanguage":"pt-BR","@id":"https:\/\/www.suno.com.br\/noticias\/combustiveis-ministerio-economia-ipi-corte-tributo\/#primaryimage","url":"https:\/\/files.sunoresearch.com.br\/n\/uploads\/2021\/03\/621b2f92-petrol-996617_1280-jpg.webp","contentUrl":"https:\/\/files.sunoresearch.com.br\/n\/uploads\/2021\/03\/621b2f92-petrol-996617_1280-jpg.webp","width":1280,"height":852,"caption":"Combust\u00edveis Foto: Rudy and Peter Skitterians por Pixabay"},{"@type":"BreadcrumbList","@id":"https:\/\/www.suno.com.br\/noticias\/combustiveis-ministerio-economia-ipi-corte-tributo\/#breadcrumb","itemListElement":[{"@type":"ListItem","position":1,"name":"Not\u00edcias","item":"https:\/\/www.suno.com.br\/noticias\/"},{"@type":"ListItem","position":2,"name":"Economia","item":"https:\/\/www.suno.com.br\/noticias\/economia\/"},{"@type":"ListItem","position":3,"name":"Governo pretende atrelar redu\u00e7\u00e3o do IPI a corte no imposto sobre combust\u00edveis"}]},{"@type":"WebSite","@id":"https:\/\/www.suno.com.br\/noticias\/#website","url":"https:\/\/www.suno.com.br\/noticias\/","name":"Suno Not\u00edcias","description":"Seu portal de informa\u00e7\u00e3o sobre o mundo dos investimentos","publisher":{"@id":"https:\/\/www.suno.com.br\/noticias\/#organization"},"potentialAction":[{"@type":"SearchAction","target":{"@type":"EntryPoint","urlTemplate":"https:\/\/www.suno.com.br\/noticias\/?s={search_term_string}"},"query-input":{"@type":"PropertyValueSpecification","valueRequired":true,"valueName":"search_term_string"}}],"inLanguage":"pt-BR"},{"@type":"Organization","@id":"https:\/\/www.suno.com.br\/noticias\/#organization","name":"Suno Not\u00edcias","url":"https:\/\/www.suno.com.br\/noticias\/","logo":{"@type":"ImageObject","inLanguage":"pt-BR","@id":"https:\/\/www.suno.com.br\/noticias\/#\/schema\/logo\/image\/","url":"https:\/\/files.sunoresearch.com.br\/n\/uploads\/2021\/09\/suno-logo.png","contentUrl":"https:\/\/files.sunoresearch.com.br\/n\/uploads\/2021\/09\/suno-logo.png","width":180,"height":180,"caption":"Suno Not\u00edcias"},"image":{"@id":"https:\/\/www.suno.com.br\/noticias\/#\/schema\/logo\/image\/"},"sameAs":["https:\/\/facebook.com\/sunoresearch","https:\/\/x.com\/sunoresearch","https:\/\/www.instagram.com\/suno","https:\/\/www.linkedin.com\/company\/suno-research\/","https:\/\/www.youtube.com\/c\/sunoresearch"]},{"@type":"Person","@id":"https:\/\/www.suno.com.br\/noticias\/#\/schema\/person\/c1b1bd3727fa852bd045e9dbff3673ea","name":"Reda\u00e7\u00e3o Suno Not\u00edcias","image":{"@type":"ImageObject","inLanguage":"pt-BR","@id":"https:\/\/www.suno.com.br\/noticias\/#\/schema\/person\/image\/","url":"https:\/\/secure.gravatar.com\/avatar\/b8104b9b5a71985d5238ee59fbe418af?s=96&r=g","contentUrl":"https:\/\/secure.gravatar.com\/avatar\/b8104b9b5a71985d5238ee59fbe418af?s=96&r=g","caption":"Reda\u00e7\u00e3o Suno Not\u00edcias"},"description":"O Suno Not\u00edcias \u00e9 um portal de informa\u00e7\u00f5es sobre Mercado Financeiro, Pol\u00edtica, Neg\u00f3cios, Economia e Finan\u00e7as Pessoais.","sameAs":["https:\/\/www.suno.com.br\/noticias","https:\/\/www.facebook.com\/sunonoticias\/","https:\/\/www.instagram.com\/sunonoticias\/","https:\/\/x.com\/https:\/\/twitter.com\/sunoresearch","https:\/\/www.youtube.com\/sunonoticias"],"url":"https:\/\/www.suno.com.br\/noticias\/author\/redacao-suno\/"}]}},"default_loop_html":"<div class=\"cardsPage__listCard__boxs\"><div class=\"cardsPage__listCard__boxs__img\"><a href=\"https:\/\/www.suno.com.br\/noticias\/combustiveis-ministerio-economia-ipi-corte-tributo\/\"><img class=\"mask\" src=\"https:\/\/www.suno.com.br\/noticias\/wp-content\/themes\/suno\/resources\/images\/spotlight\/spotlight1img\/bg-mask.png\" alt=\"Image Mask\"\/><img src=\"https:\/\/files.sunoresearch.com.br\/n\/uploads\/2021\/03\/621b2f92-petrol-996617_1280-400x200.webp\" alt=\"Governo pretende atrelar redu\u00e7\u00e3o do IPI a corte no imposto sobre combust\u00edveis\"\/><\/a><span class=\"spotlightCategory\"><a href=\"https:\/\/www.suno.com.br\/noticias\/economia\/\">Economia<\/a><\/span><\/div><div class=\"cardsPage__listCard__boxs__content\"><a href=\"https:\/\/www.suno.com.br\/noticias\/combustiveis-ministerio-economia-ipi-corte-tributo\/\"><h2 class=\"content__title\">Governo pretende atrelar redu\u00e7\u00e3o do IPI a corte no imposto sobre combust\u00edveis<\/h2><\/a><div class=\"newsContent__article__meta\"><div class=\"newsContent__article__meta__authorBox\"><a href=\"https:\/\/www.suno.com.br\/noticias\/author\/redacao-suno\/\" class=\"authorBox__avatar noMobi\"><img src=\"https:\/\/files.sunoresearch.com.br\/n\/uploads\/2020\/08\/0ace682d-redacao-1-150x150.webp\" alt=\"Reda\u00e7\u00e3o Suno Not\u00edcias\"><\/a><div class=\"authorBox__name\"><span>por\n\t\t\t<a href=\"https:\/\/www.suno.com.br\/noticias\/author\/redacao-suno\/\"><span itemprop=\"author\">Reda\u00e7\u00e3o Suno Not\u00edcias<\/span><\/a><\/span><time datetime=\"2022-02-13T18:20:04-03:00\" itemprop=\"datePublished\">13\/02\/2022 18:20<\/time><\/div><\/div><\/div><\/div><\/div>","single_layout":"posts","amp_enabled":true,"_links":{"self":[{"href":"https:\/\/www.suno.com.br\/noticias\/wp-json\/wp\/v2\/posts\/230939"}],"collection":[{"href":"https:\/\/www.suno.com.br\/noticias\/wp-json\/wp\/v2\/posts"}],"about":[{"href":"https:\/\/www.suno.com.br\/noticias\/wp-json\/wp\/v2\/types\/post"}],"author":[{"embeddable":true,"href":"https:\/\/www.suno.com.br\/noticias\/wp-json\/wp\/v2\/users\/43"}],"replies":[{"embeddable":true,"href":"https:\/\/www.suno.com.br\/noticias\/wp-json\/wp\/v2\/comments?post=230939"}],"version-history":[{"count":2,"href":"https:\/\/www.suno.com.br\/noticias\/wp-json\/wp\/v2\/posts\/230939\/revisions"}],"predecessor-version":[{"id":231093,"href":"https:\/\/www.suno.com.br\/noticias\/wp-json\/wp\/v2\/posts\/230939\/revisions\/231093"}],"wp:featuredmedia":[{"embeddable":true,"href":"https:\/\/www.suno.com.br\/noticias\/wp-json\/wp\/v2\/media\/136299"}],"wp:attachment":[{"href":"https:\/\/www.suno.com.br\/noticias\/wp-json\/wp\/v2\/media?parent=230939"}],"wp:term":[{"taxonomy":"category","embeddable":true,"href":"https:\/\/www.suno.com.br\/noticias\/wp-json\/wp\/v2\/categories?post=230939"},{"taxonomy":"post_tag","embeddable":true,"href":"https:\/\/www.suno.com.br\/noticias\/wp-json\/wp\/v2\/tags?post=230939"},{"taxonomy":"suno_strategy","embeddable":true,"href":"https:\/\/www.suno.com.br\/noticias\/wp-json\/wp\/v2\/suno_strategy?post=230939"}],"curies":[{"name":"wp","href":"https:\/\/api.w.org\/{rel}","templated":true}]}}